{"id":28231,"date":"2023-01-20T18:23:08","date_gmt":"2023-01-20T16:23:08","guid":{"rendered":"https:\/\/just-now.news\/de\/deutschland\/droht-eu-weite-sperre-eu-kommission-fordert-von-tiktok-ergebnisse-nicht-nur-bemuehungen\/"},"modified":"2023-01-20T18:23:08","modified_gmt":"2023-01-20T16:23:08","slug":"droht-eu-weite-sperre-eu-kommission-fordert-von-tiktok-ergebnisse-nicht-nur-bemuehungen","status":"publish","type":"post","link":"https:\/\/now-news.de\/de\/deutschland\/droht-eu-weite-sperre-eu-kommission-fordert-von-tiktok-ergebnisse-nicht-nur-bemuehungen\/","title":{"rendered":"Droht EU-weite Sperre? EU-Kommission fordert von Tiktok &quot;Ergebnisse, nicht nur Bem\u00fchungen&quot;"},"content":{"rendered":"<p><img decoding=\"async\" src=\"http:\/\/just-now.news\/de\/wp-content\/uploads\/sites\/3\/2023\/01\/63ca8507b480cc1ea31d7c3b.jpg\" \/><\/p>\n<div class=\"Text-root Text-type_1 \">\n                Sollte sich das chinesische Social-Media-Unternehmen Tiktok nicht an europ\u00e4ische Rechtsvorschriften halten, drohen weitreichende Folgen. Auch eine Sperre schlie\u00dft die EU-Kommission nicht aus.\n            <\/div>\n<p><\/p>\n<div class=\"Text-root Text-type_5 ArticleView-text ViewText-root \">\n<p>Die EU-Kommission hat dem Chef der Video-App\u00a0Tiktok, Shou Zi Chew, weitreichende Sanktionen angedroht, sollte sich sein Unternehmen in Zukunft nicht an die europ\u00e4ischen Regeln halten. &#8220;Mit einem\u00a0j\u00fcngeren Publikum\u00a0kommt eine gr\u00f6\u00dfere Verantwortung&#8221;, twitterte EU-Kommissar Thierry Breton. &#8220;Ich habe den Gesch\u00e4ftsf\u00fchrer von TikTok, Shou Zi Chew, gebeten, so bald wie m\u00f6glich nicht nur Bem\u00fchungen, sondern auch Ergebnisse vorzuweisen.&#8221;<\/p>\n<div class=\"EmbedBlock-root EmbedBlock-twitter\">\n<div class=\"TwitterEmbed\">\n<blockquote class=\"twitter-tweet lazyload\" data-twitter=\"twitter-tweet\">\n<p lang=\"en\" dir=\"ltr\">With younger audiences comes greater responsibility.As a platform reaching millions of young Europeans, <a rel=\"nofollow noopener\" target=\"_blank\" href=\"https:\/\/twitter.com\/hashtag\/TikTok?src=hash&amp;ref_src=twsrc%5Etfw\">#TikTok<\/a> has to fully comply with EU law, notably the <a rel=\"nofollow noopener\" target=\"_blank\" href=\"https:\/\/twitter.com\/hashtag\/DSA?src=hash&amp;ref_src=twsrc%5Etfw\">#DSA<\/a>.I asked TikTok CEO Shou Zi Chew to demonstrate, as soon as possible, not only efforts but results. <a rel=\"nofollow noopener\" target=\"_blank\" href=\"https:\/\/t.co\/3B8yGaIQp2\">pic.twitter.com\/3B8yGaIQp2<\/a><\/p>\n<p>\u2014 Thierry Breton (@ThierryBreton) <a rel=\"nofollow noopener\" target=\"_blank\" href=\"https:\/\/twitter.com\/ThierryBreton\/status\/1616108879166816258?ref_src=twsrc%5Etfw\">January 19, 2023<\/a><\/p><\/blockquote>\n<\/div>\n<\/div>\n<p>Es sei nicht hinnehmbar, dass Nutzer \u00fcber scheinbar lustige und harmlose Features innerhalb von wenigen Sekunden zu gef\u00e4hrlichen und manchmal sogar lebensbedrohlichen Inhalten gelangten, lie\u00df Breton nach einem Gespr\u00e4ch mit Chew mitteilen. Er sei auch besorgt \u00fcber Vorw\u00fcrfe, dass Journalisten ausspioniert und personenbezogene Daten an Orte au\u00dferhalb Europas \u00fcbermittelt w\u00fcrden.<\/p>\n<p>In dem Gespr\u00e4ch habe er &#8220;sehr deutlich signalisiert, dass es notwendig ist, sich verst\u00e4rkt um die Einhaltung der EU-Rechtsvorschriften zu Datenschutz, Urheberrechten und Online-Plattformen zu k\u00fcmmern&#8221;, teilte Breton mit. Das gelte insbesondere f\u00fcr das neue EU-Gesetz \u00fcber digitale Dienste (Digital Services Act, DSA), das f\u00fcr gro\u00dfe Plattformen ab dem 1. September dieses Jahres anwendbar ist. &#8220;Wir werden nicht z\u00f6gern, alle m\u00f6glichen Sanktionen zu beschlie\u00dfen, wenn Pr\u00fcfungen nicht die volle Einhaltung erkennen lassen&#8221;, erg\u00e4nzte er. Das neue EU-Gesetz erm\u00f6gliche bei wiederholten schweren Verst\u00f6\u00dfen, die das Leben oder die Sicherheit von Menschen gef\u00e4hrdeten, auch ein Verbot von Diensten in der EU.<\/p>\n<p>Die zum chinesischen Bytedance-Konzern geh\u00f6rende Internetplattform\u00a0Tiktok\u00a0ist schon lange unter anderem wegen unzureichender Datensicherheit und einem Mangel an Schutz f\u00fcr junge Nutzer in der Kritik. Der Druck auf das Unternehmen hat zugenommen, nachdem der Mutterkonzern\u00a0im vergangenen Monat zugegeben hat, dass einige seiner Mitarbeiter unrechtm\u00e4\u00dfig auf die TikTok-Nutzerdaten zweier Journalisten zugegriffen haben, mit dem Ziel, die Quellen von Informationslecks zu ermitteln.<\/p>\n<p>TikTok erkl\u00e4rte in einer Antwort, dass sich das Unternehmen dem DSA verpflichtet f\u00fchle und auch seine Bem\u00fchungen um die Einhaltung anderer EU-Rechtsvorschriften dargelegt habe. &#8220;Die Sicherheit unserer Nutzer steht an erster Stelle&#8221;, twitterte Caroline Greer, die Direktorin f\u00fcr \u00d6ffentlichkeitsarbeit und Regierungsbeziehungen.<\/p>\n<p><strong>Mehr zum Thema<\/strong> &#8211; <a rel=\"nofollow noopener\" target=\"_blank\" href=\"https:\/\/de.rt.com\/europa\/view\/63ac54f6b480cc2cb1330b82\">US-Kongress verbietet Abgeordneten TikTok auf Dienst-Smartphones<\/a><\/p>\n<\/div>\n<p><script async src=\"https:\/\/platform.twitter.com\/widgets.js\" charset=\"utf-8\"><\/script><br \/>\n<br \/><br \/>\n<br \/><a href=\"https:\/\/de.rt.com\/europa\/160478-droht-eu-weite-sperre-eu\/\">Source link <\/a><\/p>\n","protected":false},"excerpt":{"rendered":"<p>Sollte sich das chinesische Social-Media-Unternehmen Tiktok nicht an europ\u00e4ische Rechtsvorschriften halten, drohen weitreichende Folgen. Auch eine Sperre schlie\u00dft die EU-Kommission nicht aus. Die EU-Kommission hat dem Chef der Video-App\u00a0Tiktok, Shou Zi Chew, weitreichende Sanktionen angedroht, sollte sich sein Unternehmen in Zukunft nicht an die europ\u00e4ischen Regeln halten. &#8220;Mit einem\u00a0j\u00fcngeren Publikum\u00a0kommt eine gr\u00f6\u00dfere Verantwortung&#8221;, twitterte EU-Kommissar [&hellip;]<\/p>\n","protected":false},"author":3,"featured_media":28232,"comment_status":"open","ping_status":"open","sticky":false,"template":"","format":"standard","meta":{"_yoast_indexnow_last_ping":["1674232675"],"wp_automatic_camp":["217"],"d915fb62f89028e3a3cef09b4026851e":["Droht EU-weite Sperre? EU-Kommission fordert von Tiktok &quot;Ergebnisse, nicht nur Bem\u00fchungen&quot;"],"original_link":["https:\/\/de.rt.com\/europa\/160478-droht-eu-weite-sperre-eu\/"],"_thumbnail_id":["28232"],"_wptgpro_p2tg_sent2tg":["a:1:{i:23737;s:19:\"2023-01-20 18:39:38\";}"],"jnews_social_counter_last_update":["1777601322"]},"categories":[19,23],"tags":[39394,44,1500,39392,355,800,4230,39393,32544,14908,50],"yoast_head":"<!-- This site is optimized with the Yoast SEO Premium plugin v22.7 (Yoast SEO v22.7) - https:\/\/yoast.com\/wordpress\/plugins\/seo\/ -->\n<title>Droht EU-weite Sperre? EU-Kommission fordert von Tiktok &quot;Ergebnisse, nicht nur Bem\u00fchungen&quot; - just-now.NEWS Deutschland<\/title>\n<meta name=\"robots\" content=\"index, follow, max-snippet:-1, max-image-preview:large, max-video-preview:-1\" \/>\n<link rel=\"canonical\" href=\"https:\/\/now-news.de\/de\/deutschland\/droht-eu-weite-sperre-eu-kommission-fordert-von-tiktok-ergebnisse-nicht-nur-bemuehungen\/\" \/>\n<meta property=\"og:locale\" content=\"de_DE\" \/>\n<meta property=\"og:type\" content=\"article\" \/>\n<meta property=\"og:title\" content=\"Droht EU-weite Sperre? EU-Kommission fordert von Tiktok &quot;Ergebnisse, nicht nur Bem\u00fchungen&quot;\" \/>\n<meta property=\"og:description\" content=\"Sollte sich das chinesische Social-Media-Unternehmen Tiktok nicht an europ\u00e4ische Rechtsvorschriften halten, drohen weitreichende Folgen. Auch eine Sperre schlie\u00dft die EU-Kommission nicht aus. Die EU-Kommission hat dem Chef der Video-App\u00a0Tiktok, Shou Zi Chew, weitreichende Sanktionen angedroht, sollte sich sein Unternehmen in Zukunft nicht an die europ\u00e4ischen Regeln halten. &#8220;Mit einem\u00a0j\u00fcngeren Publikum\u00a0kommt eine gr\u00f6\u00dfere Verantwortung&#8221;, twitterte EU-Kommissar [&hellip;]\" \/>\n<meta property=\"og:url\" content=\"https:\/\/now-news.de\/de\/deutschland\/droht-eu-weite-sperre-eu-kommission-fordert-von-tiktok-ergebnisse-nicht-nur-bemuehungen\/\" \/>\n<meta property=\"og:site_name\" content=\"just-now.NEWS Deutschland\" \/>\n<meta property=\"article:publisher\" content=\"https:\/\/www.facebook.com\/wirmachenauf\" \/>\n<meta property=\"article:published_time\" content=\"2023-01-20T16:23:08+00:00\" \/>\n<meta property=\"og:image\" content=\"https:\/\/now-news.de\/de\/wp-content\/uploads\/sites\/3\/2023\/01\/Droht-EU-weite-Sperre-EU-Kommission-fordert-von-Tiktok-quotErgebnisse-nicht-nur.jpg\" \/>\n\t<meta property=\"og:image:width\" content=\"460\" \/>\n\t<meta property=\"og:image:height\" content=\"259\" \/>\n\t<meta property=\"og:image:type\" content=\"image\/jpeg\" \/>\n<meta name=\"author\" content=\"rtnews\" \/>\n<meta name=\"twitter:card\" content=\"summary_large_image\" \/>\n<meta name=\"twitter:creator\" content=\"@WirMachenAuf_de\" \/>\n<meta name=\"twitter:site\" content=\"@WirMachenAuf_de\" \/>\n<meta name=\"twitter:label1\" content=\"Verfasst von\" \/>\n\t<meta name=\"twitter:data1\" content=\"rtnews\" \/>\n\t<meta name=\"twitter:label2\" content=\"Gesch\u00e4tzte Lesezeit\" \/>\n\t<meta name=\"twitter:data2\" content=\"2\u00a0Minuten\" \/>\n<script type=\"application\/ld+json\" class=\"yoast-schema-graph\">{\"@context\":\"https:\/\/schema.org\",\"@graph\":[{\"@type\":\"Article\",\"@id\":\"https:\/\/now-news.de\/de\/deutschland\/droht-eu-weite-sperre-eu-kommission-fordert-von-tiktok-ergebnisse-nicht-nur-bemuehungen\/#article\",\"isPartOf\":{\"@id\":\"https:\/\/now-news.de\/de\/deutschland\/droht-eu-weite-sperre-eu-kommission-fordert-von-tiktok-ergebnisse-nicht-nur-bemuehungen\/\"},\"author\":{\"name\":\"rtnews\",\"@id\":\"https:\/\/now-news.de\/de\/#\/schema\/person\/fb534a4e865501d8b3285208df34a9b5\"},\"headline\":\"Droht EU-weite Sperre? EU-Kommission fordert von Tiktok &quot;Ergebnisse, nicht nur Bem\u00fchungen&quot;\",\"datePublished\":\"2023-01-20T16:23:08+00:00\",\"dateModified\":\"2023-01-20T16:23:08+00:00\",\"mainEntityOfPage\":{\"@id\":\"https:\/\/now-news.de\/de\/deutschland\/droht-eu-weite-sperre-eu-kommission-fordert-von-tiktok-ergebnisse-nicht-nur-bemuehungen\/\"},\"wordCount\":446,\"commentCount\":0,\"publisher\":{\"@id\":\"https:\/\/now-news.de\/de\/#organization\"},\"image\":{\"@id\":\"https:\/\/now-news.de\/de\/deutschland\/droht-eu-weite-sperre-eu-kommission-fordert-von-tiktok-ergebnisse-nicht-nur-bemuehungen\/#primaryimage\"},\"thumbnailUrl\":\"https:\/\/now-news.de\/de\/wp-content\/uploads\/sites\/3\/2023\/01\/Droht-EU-weite-Sperre-EU-Kommission-fordert-von-Tiktok-quotErgebnisse-nicht-nur.jpg\",\"keywords\":[\"Bem\u00fchungenquot\",\"droht\",\"EUKommission\",\"EUweite\",\"fordert\",\"nicht\",\"NUR\",\"quotErgebnisse\",\"Sperre\",\"Tiktok\",\"von\"],\"articleSection\":[\"Deutschland\",\"Russland\"],\"inLanguage\":\"de\",\"potentialAction\":[{\"@type\":\"CommentAction\",\"name\":\"Comment\",\"target\":[\"https:\/\/now-news.de\/de\/deutschland\/droht-eu-weite-sperre-eu-kommission-fordert-von-tiktok-ergebnisse-nicht-nur-bemuehungen\/#respond\"]}]},{\"@type\":\"WebPage\",\"@id\":\"https:\/\/now-news.de\/de\/deutschland\/droht-eu-weite-sperre-eu-kommission-fordert-von-tiktok-ergebnisse-nicht-nur-bemuehungen\/\",\"url\":\"https:\/\/now-news.de\/de\/deutschland\/droht-eu-weite-sperre-eu-kommission-fordert-von-tiktok-ergebnisse-nicht-nur-bemuehungen\/\",\"name\":\"Droht EU-weite Sperre? EU-Kommission fordert von Tiktok &quot;Ergebnisse, nicht nur Bem\u00fchungen&quot; - just-now.NEWS Deutschland\",\"isPartOf\":{\"@id\":\"https:\/\/now-news.de\/de\/#website\"},\"primaryImageOfPage\":{\"@id\":\"https:\/\/now-news.de\/de\/deutschland\/droht-eu-weite-sperre-eu-kommission-fordert-von-tiktok-ergebnisse-nicht-nur-bemuehungen\/#primaryimage\"},\"image\":{\"@id\":\"https:\/\/now-news.de\/de\/deutschland\/droht-eu-weite-sperre-eu-kommission-fordert-von-tiktok-ergebnisse-nicht-nur-bemuehungen\/#primaryimage\"},\"thumbnailUrl\":\"https:\/\/now-news.de\/de\/wp-content\/uploads\/sites\/3\/2023\/01\/Droht-EU-weite-Sperre-EU-Kommission-fordert-von-Tiktok-quotErgebnisse-nicht-nur.jpg\",\"datePublished\":\"2023-01-20T16:23:08+00:00\",\"dateModified\":\"2023-01-20T16:23:08+00:00\",\"breadcrumb\":{\"@id\":\"https:\/\/now-news.de\/de\/deutschland\/droht-eu-weite-sperre-eu-kommission-fordert-von-tiktok-ergebnisse-nicht-nur-bemuehungen\/#breadcrumb\"},\"inLanguage\":\"de\",\"potentialAction\":[{\"@type\":\"ReadAction\",\"target\":[\"https:\/\/now-news.de\/de\/deutschland\/droht-eu-weite-sperre-eu-kommission-fordert-von-tiktok-ergebnisse-nicht-nur-bemuehungen\/\"]}]},{\"@type\":\"ImageObject\",\"inLanguage\":\"de\",\"@id\":\"https:\/\/now-news.de\/de\/deutschland\/droht-eu-weite-sperre-eu-kommission-fordert-von-tiktok-ergebnisse-nicht-nur-bemuehungen\/#primaryimage\",\"url\":\"https:\/\/now-news.de\/de\/wp-content\/uploads\/sites\/3\/2023\/01\/Droht-EU-weite-Sperre-EU-Kommission-fordert-von-Tiktok-quotErgebnisse-nicht-nur.jpg\",\"contentUrl\":\"https:\/\/now-news.de\/de\/wp-content\/uploads\/sites\/3\/2023\/01\/Droht-EU-weite-Sperre-EU-Kommission-fordert-von-Tiktok-quotErgebnisse-nicht-nur.jpg\",\"width\":460,\"height\":259,\"caption\":\"Droht EU-weite Sperre? EU-Kommission fordert von Tiktok &quot;Ergebnisse, nicht nur Bem\u00fchungen&quot;\"},{\"@type\":\"BreadcrumbList\",\"@id\":\"https:\/\/now-news.de\/de\/deutschland\/droht-eu-weite-sperre-eu-kommission-fordert-von-tiktok-ergebnisse-nicht-nur-bemuehungen\/#breadcrumb\",\"itemListElement\":[{\"@type\":\"ListItem\",\"position\":1,\"name\":\"Home\",\"item\":\"https:\/\/now-news.de\/de\/\"},{\"@type\":\"ListItem\",\"position\":2,\"name\":\"Droht EU-weite Sperre? EU-Kommission fordert von Tiktok &quot;Ergebnisse, nicht nur Bem\u00fchungen&quot;\"}]},{\"@type\":\"WebSite\",\"@id\":\"https:\/\/now-news.de\/de\/#website\",\"url\":\"https:\/\/now-news.de\/de\/\",\"name\":\"just-now.NEWS Deutschland\",\"description\":\"Das Portal f\u00fcr unzensierte Nachrichten aus der Welt\",\"publisher\":{\"@id\":\"https:\/\/now-news.de\/de\/#organization\"},\"potentialAction\":[{\"@type\":\"SearchAction\",\"target\":{\"@type\":\"EntryPoint\",\"urlTemplate\":\"https:\/\/now-news.de\/de\/?s={search_term_string}\"},\"query-input\":\"required name=search_term_string\"}],\"inLanguage\":\"de\"},{\"@type\":\"Organization\",\"@id\":\"https:\/\/now-news.de\/de\/#organization\",\"name\":\"Just Now News\",\"url\":\"https:\/\/now-news.de\/de\/\",\"logo\":{\"@type\":\"ImageObject\",\"inLanguage\":\"de\",\"@id\":\"https:\/\/now-news.de\/de\/#\/schema\/logo\/image\/\",\"url\":\"http:\/\/just-now.news\/de\/wp-content\/uploads\/sites\/3\/2022\/04\/logo500x500.jpg\",\"contentUrl\":\"http:\/\/just-now.news\/de\/wp-content\/uploads\/sites\/3\/2022\/04\/logo500x500.jpg\",\"width\":500,\"height\":500,\"caption\":\"Just Now News\"},\"image\":{\"@id\":\"https:\/\/now-news.de\/de\/#\/schema\/logo\/image\/\"},\"sameAs\":[\"https:\/\/www.facebook.com\/wirmachenauf\",\"https:\/\/x.com\/WirMachenAuf_de\"]},{\"@type\":\"Person\",\"@id\":\"https:\/\/now-news.de\/de\/#\/schema\/person\/fb534a4e865501d8b3285208df34a9b5\",\"name\":\"rtnews\",\"image\":{\"@type\":\"ImageObject\",\"inLanguage\":\"de\",\"@id\":\"https:\/\/now-news.de\/de\/#\/schema\/person\/image\/\",\"url\":\"https:\/\/secure.gravatar.com\/avatar\/82aafea7d8127119dd649515f56e2117?s=96&d=mm&r=g\",\"contentUrl\":\"https:\/\/secure.gravatar.com\/avatar\/82aafea7d8127119dd649515f56e2117?s=96&d=mm&r=g\",\"caption\":\"rtnews\"},\"url\":\"https:\/\/now-news.de\/de\/author\/rnews\/\"}]}<\/script>\n<!-- \/ Yoast SEO Premium plugin. -->","yoast_head_json":{"title":"Droht EU-weite Sperre? EU-Kommission fordert von Tiktok &quot;Ergebnisse, nicht nur Bem\u00fchungen&quot; - just-now.NEWS Deutschland","robots":{"index":"index","follow":"follow","max-snippet":"max-snippet:-1","max-image-preview":"max-image-preview:large","max-video-preview":"max-video-preview:-1"},"canonical":"https:\/\/now-news.de\/de\/deutschland\/droht-eu-weite-sperre-eu-kommission-fordert-von-tiktok-ergebnisse-nicht-nur-bemuehungen\/","og_locale":"de_DE","og_type":"article","og_title":"Droht EU-weite Sperre? EU-Kommission fordert von Tiktok &quot;Ergebnisse, nicht nur Bem\u00fchungen&quot;","og_description":"Sollte sich das chinesische Social-Media-Unternehmen Tiktok nicht an europ\u00e4ische Rechtsvorschriften halten, drohen weitreichende Folgen. Auch eine Sperre schlie\u00dft die EU-Kommission nicht aus. Die EU-Kommission hat dem Chef der Video-App\u00a0Tiktok, Shou Zi Chew, weitreichende Sanktionen angedroht, sollte sich sein Unternehmen in Zukunft nicht an die europ\u00e4ischen Regeln halten. &#8220;Mit einem\u00a0j\u00fcngeren Publikum\u00a0kommt eine gr\u00f6\u00dfere Verantwortung&#8221;, twitterte EU-Kommissar [&hellip;]","og_url":"https:\/\/now-news.de\/de\/deutschland\/droht-eu-weite-sperre-eu-kommission-fordert-von-tiktok-ergebnisse-nicht-nur-bemuehungen\/","og_site_name":"just-now.NEWS Deutschland","article_publisher":"https:\/\/www.facebook.com\/wirmachenauf","article_published_time":"2023-01-20T16:23:08+00:00","og_image":[{"width":460,"height":259,"url":"https:\/\/now-news.de\/de\/wp-content\/uploads\/sites\/3\/2023\/01\/Droht-EU-weite-Sperre-EU-Kommission-fordert-von-Tiktok-quotErgebnisse-nicht-nur.jpg","type":"image\/jpeg"}],"author":"rtnews","twitter_card":"summary_large_image","twitter_creator":"@WirMachenAuf_de","twitter_site":"@WirMachenAuf_de","twitter_misc":{"Verfasst von":"rtnews","Gesch\u00e4tzte Lesezeit":"2\u00a0Minuten"},"schema":{"@context":"https:\/\/schema.org","@graph":[{"@type":"Article","@id":"https:\/\/now-news.de\/de\/deutschland\/droht-eu-weite-sperre-eu-kommission-fordert-von-tiktok-ergebnisse-nicht-nur-bemuehungen\/#article","isPartOf":{"@id":"https:\/\/now-news.de\/de\/deutschland\/droht-eu-weite-sperre-eu-kommission-fordert-von-tiktok-ergebnisse-nicht-nur-bemuehungen\/"},"author":{"name":"rtnews","@id":"https:\/\/now-news.de\/de\/#\/schema\/person\/fb534a4e865501d8b3285208df34a9b5"},"headline":"Droht EU-weite Sperre? EU-Kommission fordert von Tiktok &quot;Ergebnisse, nicht nur Bem\u00fchungen&quot;","datePublished":"2023-01-20T16:23:08+00:00","dateModified":"2023-01-20T16:23:08+00:00","mainEntityOfPage":{"@id":"https:\/\/now-news.de\/de\/deutschland\/droht-eu-weite-sperre-eu-kommission-fordert-von-tiktok-ergebnisse-nicht-nur-bemuehungen\/"},"wordCount":446,"commentCount":0,"publisher":{"@id":"https:\/\/now-news.de\/de\/#organization"},"image":{"@id":"https:\/\/now-news.de\/de\/deutschland\/droht-eu-weite-sperre-eu-kommission-fordert-von-tiktok-ergebnisse-nicht-nur-bemuehungen\/#primaryimage"},"thumbnailUrl":"https:\/\/now-news.de\/de\/wp-content\/uploads\/sites\/3\/2023\/01\/Droht-EU-weite-Sperre-EU-Kommission-fordert-von-Tiktok-quotErgebnisse-nicht-nur.jpg","keywords":["Bem\u00fchungenquot","droht","EUKommission","EUweite","fordert","nicht","NUR","quotErgebnisse","Sperre","Tiktok","von"],"articleSection":["Deutschland","Russland"],"inLanguage":"de","potentialAction":[{"@type":"CommentAction","name":"Comment","target":["https:\/\/now-news.de\/de\/deutschland\/droht-eu-weite-sperre-eu-kommission-fordert-von-tiktok-ergebnisse-nicht-nur-bemuehungen\/#respond"]}]},{"@type":"WebPage","@id":"https:\/\/now-news.de\/de\/deutschland\/droht-eu-weite-sperre-eu-kommission-fordert-von-tiktok-ergebnisse-nicht-nur-bemuehungen\/","url":"https:\/\/now-news.de\/de\/deutschland\/droht-eu-weite-sperre-eu-kommission-fordert-von-tiktok-ergebnisse-nicht-nur-bemuehungen\/","name":"Droht EU-weite Sperre? EU-Kommission fordert von Tiktok &quot;Ergebnisse, nicht nur Bem\u00fchungen&quot; - just-now.NEWS Deutschland","isPartOf":{"@id":"https:\/\/now-news.de\/de\/#website"},"primaryImageOfPage":{"@id":"https:\/\/now-news.de\/de\/deutschland\/droht-eu-weite-sperre-eu-kommission-fordert-von-tiktok-ergebnisse-nicht-nur-bemuehungen\/#primaryimage"},"image":{"@id":"https:\/\/now-news.de\/de\/deutschland\/droht-eu-weite-sperre-eu-kommission-fordert-von-tiktok-ergebnisse-nicht-nur-bemuehungen\/#primaryimage"},"thumbnailUrl":"https:\/\/now-news.de\/de\/wp-content\/uploads\/sites\/3\/2023\/01\/Droht-EU-weite-Sperre-EU-Kommission-fordert-von-Tiktok-quotErgebnisse-nicht-nur.jpg","datePublished":"2023-01-20T16:23:08+00:00","dateModified":"2023-01-20T16:23:08+00:00","breadcrumb":{"@id":"https:\/\/now-news.de\/de\/deutschland\/droht-eu-weite-sperre-eu-kommission-fordert-von-tiktok-ergebnisse-nicht-nur-bemuehungen\/#breadcrumb"},"inLanguage":"de","potentialAction":[{"@type":"ReadAction","target":["https:\/\/now-news.de\/de\/deutschland\/droht-eu-weite-sperre-eu-kommission-fordert-von-tiktok-ergebnisse-nicht-nur-bemuehungen\/"]}]},{"@type":"ImageObject","inLanguage":"de","@id":"https:\/\/now-news.de\/de\/deutschland\/droht-eu-weite-sperre-eu-kommission-fordert-von-tiktok-ergebnisse-nicht-nur-bemuehungen\/#primaryimage","url":"https:\/\/now-news.de\/de\/wp-content\/uploads\/sites\/3\/2023\/01\/Droht-EU-weite-Sperre-EU-Kommission-fordert-von-Tiktok-quotErgebnisse-nicht-nur.jpg","contentUrl":"https:\/\/now-news.de\/de\/wp-content\/uploads\/sites\/3\/2023\/01\/Droht-EU-weite-Sperre-EU-Kommission-fordert-von-Tiktok-quotErgebnisse-nicht-nur.jpg","width":460,"height":259,"caption":"Droht EU-weite Sperre? EU-Kommission fordert von Tiktok &quot;Ergebnisse, nicht nur Bem\u00fchungen&quot;"},{"@type":"BreadcrumbList","@id":"https:\/\/now-news.de\/de\/deutschland\/droht-eu-weite-sperre-eu-kommission-fordert-von-tiktok-ergebnisse-nicht-nur-bemuehungen\/#breadcrumb","itemListElement":[{"@type":"ListItem","position":1,"name":"Home","item":"https:\/\/now-news.de\/de\/"},{"@type":"ListItem","position":2,"name":"Droht EU-weite Sperre? EU-Kommission fordert von Tiktok &quot;Ergebnisse, nicht nur Bem\u00fchungen&quot;"}]},{"@type":"WebSite","@id":"https:\/\/now-news.de\/de\/#website","url":"https:\/\/now-news.de\/de\/","name":"just-now.NEWS Deutschland","description":"Das Portal f\u00fcr unzensierte Nachrichten aus der Welt","publisher":{"@id":"https:\/\/now-news.de\/de\/#organization"},"potentialAction":[{"@type":"SearchAction","target":{"@type":"EntryPoint","urlTemplate":"https:\/\/now-news.de\/de\/?s={search_term_string}"},"query-input":"required name=search_term_string"}],"inLanguage":"de"},{"@type":"Organization","@id":"https:\/\/now-news.de\/de\/#organization","name":"Just Now News","url":"https:\/\/now-news.de\/de\/","logo":{"@type":"ImageObject","inLanguage":"de","@id":"https:\/\/now-news.de\/de\/#\/schema\/logo\/image\/","url":"http:\/\/just-now.news\/de\/wp-content\/uploads\/sites\/3\/2022\/04\/logo500x500.jpg","contentUrl":"http:\/\/just-now.news\/de\/wp-content\/uploads\/sites\/3\/2022\/04\/logo500x500.jpg","width":500,"height":500,"caption":"Just Now News"},"image":{"@id":"https:\/\/now-news.de\/de\/#\/schema\/logo\/image\/"},"sameAs":["https:\/\/www.facebook.com\/wirmachenauf","https:\/\/x.com\/WirMachenAuf_de"]},{"@type":"Person","@id":"https:\/\/now-news.de\/de\/#\/schema\/person\/fb534a4e865501d8b3285208df34a9b5","name":"rtnews","image":{"@type":"ImageObject","inLanguage":"de","@id":"https:\/\/now-news.de\/de\/#\/schema\/person\/image\/","url":"https:\/\/secure.gravatar.com\/avatar\/82aafea7d8127119dd649515f56e2117?s=96&d=mm&r=g","contentUrl":"https:\/\/secure.gravatar.com\/avatar\/82aafea7d8127119dd649515f56e2117?s=96&d=mm&r=g","caption":"rtnews"},"url":"https:\/\/now-news.de\/de\/author\/rnews\/"}]}},"_links":{"self":[{"href":"https:\/\/now-news.de\/de\/wp-json\/wp\/v2\/posts\/28231"}],"collection":[{"href":"https:\/\/now-news.de\/de\/wp-json\/wp\/v2\/posts"}],"about":[{"href":"https:\/\/now-news.de\/de\/wp-json\/wp\/v2\/types\/post"}],"author":[{"embeddable":true,"href":"https:\/\/now-news.de\/de\/wp-json\/wp\/v2\/users\/3"}],"replies":[{"embeddable":true,"href":"https:\/\/now-news.de\/de\/wp-json\/wp\/v2\/comments?post=28231"}],"version-history":[{"count":0,"href":"https:\/\/now-news.de\/de\/wp-json\/wp\/v2\/posts\/28231\/revisions"}],"wp:featuredmedia":[{"embeddable":true,"href":"https:\/\/now-news.de\/de\/wp-json\/wp\/v2\/media\/28232"}],"wp:attachment":[{"href":"https:\/\/now-news.de\/de\/wp-json\/wp\/v2\/media?parent=28231"}],"wp:term":[{"taxonomy":"category","embeddable":true,"href":"https:\/\/now-news.de\/de\/wp-json\/wp\/v2\/categories?post=28231"},{"taxonomy":"post_tag","embeddable":true,"href":"https:\/\/now-news.de\/de\/wp-json\/wp\/v2\/tags?post=28231"}],"curies":[{"name":"wp","href":"https:\/\/api.w.org\/{rel}","templated":true}]}}