{"id":28226,"date":"2023-01-20T17:42:43","date_gmt":"2023-01-20T15:42:43","guid":{"rendered":"https:\/\/just-now.news\/de\/deutschland\/schweden-professor-verweigert-tuerkischer-studentin-praktikum-wegen-nato-nein-aus-ankara\/"},"modified":"2023-01-20T17:42:43","modified_gmt":"2023-01-20T15:42:43","slug":"schweden-professor-verweigert-tuerkischer-studentin-praktikum-wegen-nato-nein-aus-ankara","status":"publish","type":"post","link":"https:\/\/now-news.de\/de\/deutschland\/schweden-professor-verweigert-tuerkischer-studentin-praktikum-wegen-nato-nein-aus-ankara\/","title":{"rendered":"Schweden: Professor verweigert t\u00fcrkischer Studentin Praktikum wegen NATO-Nein aus Ankara"},"content":{"rendered":"<p><img decoding=\"async\" src=\"http:\/\/just-now.news\/de\/wp-content\/uploads\/sites\/3\/2023\/01\/63ca530348fbef1d62692aa8.jpg\" \/><\/p>\n<div class=\"Text-root Text-type_1 \">\n                Ein Professor der Universit\u00e4t Stockholm hat einer t\u00fcrkischen Studentin ein Praktikum an seiner Hochschule verweigert. Der Grund: Die ablehnende Haltung der T\u00fcrkei zum schwedischen NATO-Beitritt.\n            <\/div>\n<p><\/p>\n<div class=\"Text-root Text-type_5 ArticleView-text ViewText-root \">\n<p>Fatma Zehra S., eine Psychologiestudentin an der Istanbuler Ibn-Haldun-Universit\u00e4t, durfte sich im Rahmen des EU-Programms Erasmus+<strong>\u00a0\u00a0<\/strong>um<strong>\u00a0<\/strong>ein Praktikum an einer Universit\u00e4t ihrer Wahl bewerben. Im November vergangenen Jahres schickte sie eine E-Mail an Per Carlbring, den Leiter einer Forschungsgruppe f\u00fcr klinische Psychologie an der Universit\u00e4t Stockholm, mit der Bitte, an einem von ihm geleiteten Projekt teilzunehmen. Innerhalb weniger Stunden reagierte er: &#8220;Ich w\u00fcrde Sie gerne aufnehmen. Da die T\u00fcrkei Schweden jedoch nicht erlaubt, der NATO beizutreten, muss ich ablehnen. Tut mir Leid!&#8221;<\/p>\n<div class=\"EmbedBlock-root EmbedBlock-twitter\">\n<div class=\"TwitterEmbed\">\n<blockquote class=\"twitter-tweet lazyload\" data-twitter=\"twitter-tweet\">\n<p lang=\"tr\" dir=\"ltr\">T\u00fcrkiye&#8217;nin \u0130sve\u00e7&#8217;in NATO&#8217;ya giri\u015fini engelledi\u011fi gerek\u00e7esiyle staj ba\u015fvurusu reddedilen k\u0131z\u0131m\u0131z Fatma Zehra\u2019y\u0131 s\u00f6zde demokrasi havarilerine ger\u00e7ek bir demokratik ve bilimsel tav\u0131rla had bildirmesinden dolay\u0131 tebrik eder, bilimsel \u00e7al\u0131\u015fmalar\u0131nda \u00fcst\u00fcn ba\u015far\u0131lar dilerim. <a rel=\"nofollow noopener\" target=\"_blank\" href=\"https:\/\/t.co\/qySqLIft2c\">pic.twitter.com\/qySqLIft2c<\/a><\/p>\n<p>\u2014 Prof.Dr.Kamil Ayd\u0131n (@kamilaydinmhp) <a rel=\"nofollow noopener\" target=\"_blank\" href=\"https:\/\/twitter.com\/kamilaydinmhp\/status\/1615392536327229440?ref_src=twsrc%5Etfw\">January 17, 2023<\/a><\/p><\/blockquote>\n<\/div>\n<\/div>\n<p>In einem Gespr\u00e4ch entschuldigte sich ein Abteilungsleiter bei ihr, sagte die Studentin zu t\u00fcrkischen Medien. &#8220;Ich fragte jedoch, welche konkreten Schritte unternommen w\u00fcrden. Sie haben nicht geantwortet.&#8221;\u00a0Im\u00a0Dezember reichte sie eine Beschwerde wegen Diskriminierung ein. Sp\u00e4ter sei ihre Bewerbung von einem anderen Professor an derselben Universit\u00e4t angenommen wurde, sagte die Studentin.<\/p>\n<p>Ihre Universit\u00e4t in Istanbul bezeichnete den Vorfall als inakzeptabel: &#8220;Diese Haltung ist inakzeptabel. Von Universit\u00e4ten, die Zentren des Wissens sind, wird erwartet, dass sie eine integrative Haltung einnehmen, indem sie sich auf Bildung und Forschung au\u00dferhalb des politischen Geschehens konzentrieren.&#8221; Dar\u00fcber hinaus m\u00fcssten Ma\u00dfnahmen ergriffen werden, um zu verhindern, dass andere t\u00fcrkische Studenten dasselbe Schicksal erwarte.<\/p>\n<p>Schweden\u00a0und Finnland hatten im Mai 2022 die NATO-Mitgliedschaft beantragt. Alle 30\u00a0NATO-Mitglieder m\u00fcssen die Antr\u00e4ge ratifizieren. Ankara fordert f\u00fcr die Zustimmung unter anderem die Auslieferung von Personen, die sie als Terroristen betrachtet. Pr\u00e4sident\u00a0Recep Tayyip Erdo\u011fan\u00a0sprach zuletzt von einer Liste mit etwa 130 Menschen. Der schwedische Verteidigungsminister soll kommende Woche in die t\u00fcrkische Hauptstadt reisen.<\/p>\n<p><strong>Mehr zum Thema<\/strong> &#8211; <a rel=\"nofollow noopener\" target=\"_blank\" href=\"https:\/\/de.rt.com\/international\/160134-erdogans-bedingung-schweden-und-finnland\/\">Erdo\u011fans Bedingung: Schweden und Finnland m\u00fcssen bis zu 130 &#8220;Terroristen&#8221; an T\u00fcrkei ausliefern<\/a><\/p>\n<\/div>\n<p><script async src=\"https:\/\/platform.twitter.com\/widgets.js\" charset=\"utf-8\"><\/script><br \/>\n<br \/><br \/>\n<br \/><a href=\"https:\/\/de.rt.com\/international\/160457-schweden-professor-verweigert-tuerkischer-studentin\/\">Source link <\/a><\/p>\n","protected":false},"excerpt":{"rendered":"<p>Ein Professor der Universit\u00e4t Stockholm hat einer t\u00fcrkischen Studentin ein Praktikum an seiner Hochschule verweigert. Der Grund: Die ablehnende Haltung der T\u00fcrkei zum schwedischen NATO-Beitritt. Fatma Zehra S., eine Psychologiestudentin an der Istanbuler Ibn-Haldun-Universit\u00e4t, durfte sich im Rahmen des EU-Programms Erasmus+\u00a0\u00a0um\u00a0ein Praktikum an einer Universit\u00e4t ihrer Wahl bewerben. Im November vergangenen Jahres schickte sie eine [&hellip;]<\/p>\n","protected":false},"author":3,"featured_media":28227,"comment_status":"open","ping_status":"open","sticky":false,"template":"","format":"standard","meta":{"_yoast_indexnow_last_ping":["1674229799"],"wp_automatic_camp":["217"],"6cde0088af11832453a85400af70a4cd":["Schweden: Professor verweigert t\u00fcrkischer Studentin Praktikum wegen NATO-Nein aus Ankara"],"original_link":["https:\/\/de.rt.com\/international\/160457-schweden-professor-verweigert-tuerkischer-studentin\/"],"_thumbnail_id":["28227"],"_wptgpro_p2tg_sent2tg":["a:1:{i:23737;s:19:\"2023-01-20 17:51:08\";}"],"jnews_social_counter_last_update":["1777361509"]},"categories":[19,23],"tags":[1800,679,39389,39388,3516,599,9521,365,5851,145],"yoast_head":"<!-- This site is optimized with the Yoast SEO Premium plugin v22.7 (Yoast SEO v22.7) - https:\/\/yoast.com\/wordpress\/plugins\/seo\/ -->\n<title>Schweden: Professor verweigert t\u00fcrkischer Studentin Praktikum wegen NATO-Nein aus Ankara - just-now.NEWS Deutschland<\/title>\n<meta name=\"robots\" content=\"index, follow, max-snippet:-1, max-image-preview:large, max-video-preview:-1\" \/>\n<link rel=\"canonical\" href=\"https:\/\/now-news.de\/de\/deutschland\/schweden-professor-verweigert-tuerkischer-studentin-praktikum-wegen-nato-nein-aus-ankara\/\" \/>\n<meta property=\"og:locale\" content=\"de_DE\" \/>\n<meta property=\"og:type\" content=\"article\" \/>\n<meta property=\"og:title\" content=\"Schweden: Professor verweigert t\u00fcrkischer Studentin Praktikum wegen NATO-Nein aus Ankara\" \/>\n<meta property=\"og:description\" content=\"Ein Professor der Universit\u00e4t Stockholm hat einer t\u00fcrkischen Studentin ein Praktikum an seiner Hochschule verweigert. Der Grund: Die ablehnende Haltung der T\u00fcrkei zum schwedischen NATO-Beitritt. Fatma Zehra S., eine Psychologiestudentin an der Istanbuler Ibn-Haldun-Universit\u00e4t, durfte sich im Rahmen des EU-Programms Erasmus+\u00a0\u00a0um\u00a0ein Praktikum an einer Universit\u00e4t ihrer Wahl bewerben. Im November vergangenen Jahres schickte sie eine [&hellip;]\" \/>\n<meta property=\"og:url\" content=\"https:\/\/now-news.de\/de\/deutschland\/schweden-professor-verweigert-tuerkischer-studentin-praktikum-wegen-nato-nein-aus-ankara\/\" \/>\n<meta property=\"og:site_name\" content=\"just-now.NEWS Deutschland\" \/>\n<meta property=\"article:publisher\" content=\"https:\/\/www.facebook.com\/wirmachenauf\" \/>\n<meta property=\"article:published_time\" content=\"2023-01-20T15:42:43+00:00\" \/>\n<meta property=\"og:image\" content=\"https:\/\/now-news.de\/de\/wp-content\/uploads\/sites\/3\/2023\/01\/Schweden-Professor-verweigert-tuerkischer-Studentin-Praktikum-wegen-NATO-Nein-aus-Ankara.jpg\" \/>\n\t<meta property=\"og:image:width\" content=\"460\" \/>\n\t<meta property=\"og:image:height\" content=\"259\" \/>\n\t<meta property=\"og:image:type\" content=\"image\/jpeg\" \/>\n<meta name=\"author\" content=\"rtnews\" \/>\n<meta name=\"twitter:card\" content=\"summary_large_image\" \/>\n<meta name=\"twitter:creator\" content=\"@WirMachenAuf_de\" \/>\n<meta name=\"twitter:site\" content=\"@WirMachenAuf_de\" \/>\n<meta name=\"twitter:label1\" content=\"Verfasst von\" \/>\n\t<meta name=\"twitter:data1\" content=\"rtnews\" \/>\n\t<meta name=\"twitter:label2\" content=\"Gesch\u00e4tzte Lesezeit\" \/>\n\t<meta name=\"twitter:data2\" content=\"2\u00a0Minuten\" \/>\n<script type=\"application\/ld+json\" class=\"yoast-schema-graph\">{\"@context\":\"https:\/\/schema.org\",\"@graph\":[{\"@type\":\"Article\",\"@id\":\"https:\/\/now-news.de\/de\/deutschland\/schweden-professor-verweigert-tuerkischer-studentin-praktikum-wegen-nato-nein-aus-ankara\/#article\",\"isPartOf\":{\"@id\":\"https:\/\/now-news.de\/de\/deutschland\/schweden-professor-verweigert-tuerkischer-studentin-praktikum-wegen-nato-nein-aus-ankara\/\"},\"author\":{\"name\":\"rtnews\",\"@id\":\"https:\/\/now-news.de\/de\/#\/schema\/person\/fb534a4e865501d8b3285208df34a9b5\"},\"headline\":\"Schweden: Professor verweigert t\u00fcrkischer Studentin Praktikum wegen NATO-Nein aus Ankara\",\"datePublished\":\"2023-01-20T15:42:43+00:00\",\"dateModified\":\"2023-01-20T15:42:43+00:00\",\"mainEntityOfPage\":{\"@id\":\"https:\/\/now-news.de\/de\/deutschland\/schweden-professor-verweigert-tuerkischer-studentin-praktikum-wegen-nato-nein-aus-ankara\/\"},\"wordCount\":393,\"commentCount\":0,\"publisher\":{\"@id\":\"https:\/\/now-news.de\/de\/#organization\"},\"image\":{\"@id\":\"https:\/\/now-news.de\/de\/deutschland\/schweden-professor-verweigert-tuerkischer-studentin-praktikum-wegen-nato-nein-aus-ankara\/#primaryimage\"},\"thumbnailUrl\":\"https:\/\/now-news.de\/de\/wp-content\/uploads\/sites\/3\/2023\/01\/Schweden-Professor-verweigert-tuerkischer-Studentin-Praktikum-wegen-NATO-Nein-aus-Ankara.jpg\",\"keywords\":[\"Ankara\",\"aus\",\"NATONein\",\"Praktikum\",\"Professor\",\"Schweden\",\"Studentin\",\"t\u00fcrkischer\",\"verweigert\",\"wegen\"],\"articleSection\":[\"Deutschland\",\"Russland\"],\"inLanguage\":\"de\",\"potentialAction\":[{\"@type\":\"CommentAction\",\"name\":\"Comment\",\"target\":[\"https:\/\/now-news.de\/de\/deutschland\/schweden-professor-verweigert-tuerkischer-studentin-praktikum-wegen-nato-nein-aus-ankara\/#respond\"]}]},{\"@type\":\"WebPage\",\"@id\":\"https:\/\/now-news.de\/de\/deutschland\/schweden-professor-verweigert-tuerkischer-studentin-praktikum-wegen-nato-nein-aus-ankara\/\",\"url\":\"https:\/\/now-news.de\/de\/deutschland\/schweden-professor-verweigert-tuerkischer-studentin-praktikum-wegen-nato-nein-aus-ankara\/\",\"name\":\"Schweden: Professor verweigert t\u00fcrkischer Studentin Praktikum wegen NATO-Nein aus Ankara - just-now.NEWS Deutschland\",\"isPartOf\":{\"@id\":\"https:\/\/now-news.de\/de\/#website\"},\"primaryImageOfPage\":{\"@id\":\"https:\/\/now-news.de\/de\/deutschland\/schweden-professor-verweigert-tuerkischer-studentin-praktikum-wegen-nato-nein-aus-ankara\/#primaryimage\"},\"image\":{\"@id\":\"https:\/\/now-news.de\/de\/deutschland\/schweden-professor-verweigert-tuerkischer-studentin-praktikum-wegen-nato-nein-aus-ankara\/#primaryimage\"},\"thumbnailUrl\":\"https:\/\/now-news.de\/de\/wp-content\/uploads\/sites\/3\/2023\/01\/Schweden-Professor-verweigert-tuerkischer-Studentin-Praktikum-wegen-NATO-Nein-aus-Ankara.jpg\",\"datePublished\":\"2023-01-20T15:42:43+00:00\",\"dateModified\":\"2023-01-20T15:42:43+00:00\",\"breadcrumb\":{\"@id\":\"https:\/\/now-news.de\/de\/deutschland\/schweden-professor-verweigert-tuerkischer-studentin-praktikum-wegen-nato-nein-aus-ankara\/#breadcrumb\"},\"inLanguage\":\"de\",\"potentialAction\":[{\"@type\":\"ReadAction\",\"target\":[\"https:\/\/now-news.de\/de\/deutschland\/schweden-professor-verweigert-tuerkischer-studentin-praktikum-wegen-nato-nein-aus-ankara\/\"]}]},{\"@type\":\"ImageObject\",\"inLanguage\":\"de\",\"@id\":\"https:\/\/now-news.de\/de\/deutschland\/schweden-professor-verweigert-tuerkischer-studentin-praktikum-wegen-nato-nein-aus-ankara\/#primaryimage\",\"url\":\"https:\/\/now-news.de\/de\/wp-content\/uploads\/sites\/3\/2023\/01\/Schweden-Professor-verweigert-tuerkischer-Studentin-Praktikum-wegen-NATO-Nein-aus-Ankara.jpg\",\"contentUrl\":\"https:\/\/now-news.de\/de\/wp-content\/uploads\/sites\/3\/2023\/01\/Schweden-Professor-verweigert-tuerkischer-Studentin-Praktikum-wegen-NATO-Nein-aus-Ankara.jpg\",\"width\":460,\"height\":259,\"caption\":\"Schweden: Professor verweigert t\u00fcrkischer Studentin Praktikum wegen NATO-Nein aus Ankara\"},{\"@type\":\"BreadcrumbList\",\"@id\":\"https:\/\/now-news.de\/de\/deutschland\/schweden-professor-verweigert-tuerkischer-studentin-praktikum-wegen-nato-nein-aus-ankara\/#breadcrumb\",\"itemListElement\":[{\"@type\":\"ListItem\",\"position\":1,\"name\":\"Home\",\"item\":\"https:\/\/now-news.de\/de\/\"},{\"@type\":\"ListItem\",\"position\":2,\"name\":\"Schweden: Professor verweigert t\u00fcrkischer Studentin Praktikum wegen NATO-Nein aus Ankara\"}]},{\"@type\":\"WebSite\",\"@id\":\"https:\/\/now-news.de\/de\/#website\",\"url\":\"https:\/\/now-news.de\/de\/\",\"name\":\"just-now.NEWS Deutschland\",\"description\":\"Das Portal f\u00fcr unzensierte Nachrichten aus der Welt\",\"publisher\":{\"@id\":\"https:\/\/now-news.de\/de\/#organization\"},\"potentialAction\":[{\"@type\":\"SearchAction\",\"target\":{\"@type\":\"EntryPoint\",\"urlTemplate\":\"https:\/\/now-news.de\/de\/?s={search_term_string}\"},\"query-input\":\"required name=search_term_string\"}],\"inLanguage\":\"de\"},{\"@type\":\"Organization\",\"@id\":\"https:\/\/now-news.de\/de\/#organization\",\"name\":\"Just Now News\",\"url\":\"https:\/\/now-news.de\/de\/\",\"logo\":{\"@type\":\"ImageObject\",\"inLanguage\":\"de\",\"@id\":\"https:\/\/now-news.de\/de\/#\/schema\/logo\/image\/\",\"url\":\"http:\/\/just-now.news\/de\/wp-content\/uploads\/sites\/3\/2022\/04\/logo500x500.jpg\",\"contentUrl\":\"http:\/\/just-now.news\/de\/wp-content\/uploads\/sites\/3\/2022\/04\/logo500x500.jpg\",\"width\":500,\"height\":500,\"caption\":\"Just Now News\"},\"image\":{\"@id\":\"https:\/\/now-news.de\/de\/#\/schema\/logo\/image\/\"},\"sameAs\":[\"https:\/\/www.facebook.com\/wirmachenauf\",\"https:\/\/x.com\/WirMachenAuf_de\"]},{\"@type\":\"Person\",\"@id\":\"https:\/\/now-news.de\/de\/#\/schema\/person\/fb534a4e865501d8b3285208df34a9b5\",\"name\":\"rtnews\",\"image\":{\"@type\":\"ImageObject\",\"inLanguage\":\"de\",\"@id\":\"https:\/\/now-news.de\/de\/#\/schema\/person\/image\/\",\"url\":\"https:\/\/secure.gravatar.com\/avatar\/82aafea7d8127119dd649515f56e2117?s=96&d=mm&r=g\",\"contentUrl\":\"https:\/\/secure.gravatar.com\/avatar\/82aafea7d8127119dd649515f56e2117?s=96&d=mm&r=g\",\"caption\":\"rtnews\"},\"url\":\"https:\/\/now-news.de\/de\/author\/rnews\/\"}]}<\/script>\n<!-- \/ Yoast SEO Premium plugin. -->","yoast_head_json":{"title":"Schweden: Professor verweigert t\u00fcrkischer Studentin Praktikum wegen NATO-Nein aus Ankara - just-now.NEWS Deutschland","robots":{"index":"index","follow":"follow","max-snippet":"max-snippet:-1","max-image-preview":"max-image-preview:large","max-video-preview":"max-video-preview:-1"},"canonical":"https:\/\/now-news.de\/de\/deutschland\/schweden-professor-verweigert-tuerkischer-studentin-praktikum-wegen-nato-nein-aus-ankara\/","og_locale":"de_DE","og_type":"article","og_title":"Schweden: Professor verweigert t\u00fcrkischer Studentin Praktikum wegen NATO-Nein aus Ankara","og_description":"Ein Professor der Universit\u00e4t Stockholm hat einer t\u00fcrkischen Studentin ein Praktikum an seiner Hochschule verweigert. Der Grund: Die ablehnende Haltung der T\u00fcrkei zum schwedischen NATO-Beitritt. Fatma Zehra S., eine Psychologiestudentin an der Istanbuler Ibn-Haldun-Universit\u00e4t, durfte sich im Rahmen des EU-Programms Erasmus+\u00a0\u00a0um\u00a0ein Praktikum an einer Universit\u00e4t ihrer Wahl bewerben. Im November vergangenen Jahres schickte sie eine [&hellip;]","og_url":"https:\/\/now-news.de\/de\/deutschland\/schweden-professor-verweigert-tuerkischer-studentin-praktikum-wegen-nato-nein-aus-ankara\/","og_site_name":"just-now.NEWS Deutschland","article_publisher":"https:\/\/www.facebook.com\/wirmachenauf","article_published_time":"2023-01-20T15:42:43+00:00","og_image":[{"width":460,"height":259,"url":"https:\/\/now-news.de\/de\/wp-content\/uploads\/sites\/3\/2023\/01\/Schweden-Professor-verweigert-tuerkischer-Studentin-Praktikum-wegen-NATO-Nein-aus-Ankara.jpg","type":"image\/jpeg"}],"author":"rtnews","twitter_card":"summary_large_image","twitter_creator":"@WirMachenAuf_de","twitter_site":"@WirMachenAuf_de","twitter_misc":{"Verfasst von":"rtnews","Gesch\u00e4tzte Lesezeit":"2\u00a0Minuten"},"schema":{"@context":"https:\/\/schema.org","@graph":[{"@type":"Article","@id":"https:\/\/now-news.de\/de\/deutschland\/schweden-professor-verweigert-tuerkischer-studentin-praktikum-wegen-nato-nein-aus-ankara\/#article","isPartOf":{"@id":"https:\/\/now-news.de\/de\/deutschland\/schweden-professor-verweigert-tuerkischer-studentin-praktikum-wegen-nato-nein-aus-ankara\/"},"author":{"name":"rtnews","@id":"https:\/\/now-news.de\/de\/#\/schema\/person\/fb534a4e865501d8b3285208df34a9b5"},"headline":"Schweden: Professor verweigert t\u00fcrkischer Studentin Praktikum wegen NATO-Nein aus Ankara","datePublished":"2023-01-20T15:42:43+00:00","dateModified":"2023-01-20T15:42:43+00:00","mainEntityOfPage":{"@id":"https:\/\/now-news.de\/de\/deutschland\/schweden-professor-verweigert-tuerkischer-studentin-praktikum-wegen-nato-nein-aus-ankara\/"},"wordCount":393,"commentCount":0,"publisher":{"@id":"https:\/\/now-news.de\/de\/#organization"},"image":{"@id":"https:\/\/now-news.de\/de\/deutschland\/schweden-professor-verweigert-tuerkischer-studentin-praktikum-wegen-nato-nein-aus-ankara\/#primaryimage"},"thumbnailUrl":"https:\/\/now-news.de\/de\/wp-content\/uploads\/sites\/3\/2023\/01\/Schweden-Professor-verweigert-tuerkischer-Studentin-Praktikum-wegen-NATO-Nein-aus-Ankara.jpg","keywords":["Ankara","aus","NATONein","Praktikum","Professor","Schweden","Studentin","t\u00fcrkischer","verweigert","wegen"],"articleSection":["Deutschland","Russland"],"inLanguage":"de","potentialAction":[{"@type":"CommentAction","name":"Comment","target":["https:\/\/now-news.de\/de\/deutschland\/schweden-professor-verweigert-tuerkischer-studentin-praktikum-wegen-nato-nein-aus-ankara\/#respond"]}]},{"@type":"WebPage","@id":"https:\/\/now-news.de\/de\/deutschland\/schweden-professor-verweigert-tuerkischer-studentin-praktikum-wegen-nato-nein-aus-ankara\/","url":"https:\/\/now-news.de\/de\/deutschland\/schweden-professor-verweigert-tuerkischer-studentin-praktikum-wegen-nato-nein-aus-ankara\/","name":"Schweden: Professor verweigert t\u00fcrkischer Studentin Praktikum wegen NATO-Nein aus Ankara - just-now.NEWS Deutschland","isPartOf":{"@id":"https:\/\/now-news.de\/de\/#website"},"primaryImageOfPage":{"@id":"https:\/\/now-news.de\/de\/deutschland\/schweden-professor-verweigert-tuerkischer-studentin-praktikum-wegen-nato-nein-aus-ankara\/#primaryimage"},"image":{"@id":"https:\/\/now-news.de\/de\/deutschland\/schweden-professor-verweigert-tuerkischer-studentin-praktikum-wegen-nato-nein-aus-ankara\/#primaryimage"},"thumbnailUrl":"https:\/\/now-news.de\/de\/wp-content\/uploads\/sites\/3\/2023\/01\/Schweden-Professor-verweigert-tuerkischer-Studentin-Praktikum-wegen-NATO-Nein-aus-Ankara.jpg","datePublished":"2023-01-20T15:42:43+00:00","dateModified":"2023-01-20T15:42:43+00:00","breadcrumb":{"@id":"https:\/\/now-news.de\/de\/deutschland\/schweden-professor-verweigert-tuerkischer-studentin-praktikum-wegen-nato-nein-aus-ankara\/#breadcrumb"},"inLanguage":"de","potentialAction":[{"@type":"ReadAction","target":["https:\/\/now-news.de\/de\/deutschland\/schweden-professor-verweigert-tuerkischer-studentin-praktikum-wegen-nato-nein-aus-ankara\/"]}]},{"@type":"ImageObject","inLanguage":"de","@id":"https:\/\/now-news.de\/de\/deutschland\/schweden-professor-verweigert-tuerkischer-studentin-praktikum-wegen-nato-nein-aus-ankara\/#primaryimage","url":"https:\/\/now-news.de\/de\/wp-content\/uploads\/sites\/3\/2023\/01\/Schweden-Professor-verweigert-tuerkischer-Studentin-Praktikum-wegen-NATO-Nein-aus-Ankara.jpg","contentUrl":"https:\/\/now-news.de\/de\/wp-content\/uploads\/sites\/3\/2023\/01\/Schweden-Professor-verweigert-tuerkischer-Studentin-Praktikum-wegen-NATO-Nein-aus-Ankara.jpg","width":460,"height":259,"caption":"Schweden: Professor verweigert t\u00fcrkischer Studentin Praktikum wegen NATO-Nein aus Ankara"},{"@type":"BreadcrumbList","@id":"https:\/\/now-news.de\/de\/deutschland\/schweden-professor-verweigert-tuerkischer-studentin-praktikum-wegen-nato-nein-aus-ankara\/#breadcrumb","itemListElement":[{"@type":"ListItem","position":1,"name":"Home","item":"https:\/\/now-news.de\/de\/"},{"@type":"ListItem","position":2,"name":"Schweden: Professor verweigert t\u00fcrkischer Studentin Praktikum wegen NATO-Nein aus Ankara"}]},{"@type":"WebSite","@id":"https:\/\/now-news.de\/de\/#website","url":"https:\/\/now-news.de\/de\/","name":"just-now.NEWS Deutschland","description":"Das Portal f\u00fcr unzensierte Nachrichten aus der Welt","publisher":{"@id":"https:\/\/now-news.de\/de\/#organization"},"potentialAction":[{"@type":"SearchAction","target":{"@type":"EntryPoint","urlTemplate":"https:\/\/now-news.de\/de\/?s={search_term_string}"},"query-input":"required name=search_term_string"}],"inLanguage":"de"},{"@type":"Organization","@id":"https:\/\/now-news.de\/de\/#organization","name":"Just Now News","url":"https:\/\/now-news.de\/de\/","logo":{"@type":"ImageObject","inLanguage":"de","@id":"https:\/\/now-news.de\/de\/#\/schema\/logo\/image\/","url":"http:\/\/just-now.news\/de\/wp-content\/uploads\/sites\/3\/2022\/04\/logo500x500.jpg","contentUrl":"http:\/\/just-now.news\/de\/wp-content\/uploads\/sites\/3\/2022\/04\/logo500x500.jpg","width":500,"height":500,"caption":"Just Now News"},"image":{"@id":"https:\/\/now-news.de\/de\/#\/schema\/logo\/image\/"},"sameAs":["https:\/\/www.facebook.com\/wirmachenauf","https:\/\/x.com\/WirMachenAuf_de"]},{"@type":"Person","@id":"https:\/\/now-news.de\/de\/#\/schema\/person\/fb534a4e865501d8b3285208df34a9b5","name":"rtnews","image":{"@type":"ImageObject","inLanguage":"de","@id":"https:\/\/now-news.de\/de\/#\/schema\/person\/image\/","url":"https:\/\/secure.gravatar.com\/avatar\/82aafea7d8127119dd649515f56e2117?s=96&d=mm&r=g","contentUrl":"https:\/\/secure.gravatar.com\/avatar\/82aafea7d8127119dd649515f56e2117?s=96&d=mm&r=g","caption":"rtnews"},"url":"https:\/\/now-news.de\/de\/author\/rnews\/"}]}},"_links":{"self":[{"href":"https:\/\/now-news.de\/de\/wp-json\/wp\/v2\/posts\/28226"}],"collection":[{"href":"https:\/\/now-news.de\/de\/wp-json\/wp\/v2\/posts"}],"about":[{"href":"https:\/\/now-news.de\/de\/wp-json\/wp\/v2\/types\/post"}],"author":[{"embeddable":true,"href":"https:\/\/now-news.de\/de\/wp-json\/wp\/v2\/users\/3"}],"replies":[{"embeddable":true,"href":"https:\/\/now-news.de\/de\/wp-json\/wp\/v2\/comments?post=28226"}],"version-history":[{"count":0,"href":"https:\/\/now-news.de\/de\/wp-json\/wp\/v2\/posts\/28226\/revisions"}],"wp:featuredmedia":[{"embeddable":true,"href":"https:\/\/now-news.de\/de\/wp-json\/wp\/v2\/media\/28227"}],"wp:attachment":[{"href":"https:\/\/now-news.de\/de\/wp-json\/wp\/v2\/media?parent=28226"}],"wp:term":[{"taxonomy":"category","embeddable":true,"href":"https:\/\/now-news.de\/de\/wp-json\/wp\/v2\/categories?post=28226"},{"taxonomy":"post_tag","embeddable":true,"href":"https:\/\/now-news.de\/de\/wp-json\/wp\/v2\/tags?post=28226"}],"curies":[{"name":"wp","href":"https:\/\/api.w.org\/{rel}","templated":true}]}}