{"id":28211,"date":"2023-01-20T15:05:24","date_gmt":"2023-01-20T13:05:24","guid":{"rendered":"http:\/\/just-now.news\/de\/deutschland\/von-der-leyen-und-die-berater-aussergerichtliche-einigung\/"},"modified":"2023-01-20T15:05:24","modified_gmt":"2023-01-20T13:05:24","slug":"von-der-leyen-und-die-berater-aussergerichtliche-einigung","status":"publish","type":"post","link":"https:\/\/now-news.de\/de\/deutschland\/von-der-leyen-und-die-berater-aussergerichtliche-einigung\/","title":{"rendered":"Von der Leyen und die Berater: Au\u00dfergerichtliche Einigung"},"content":{"rendered":"<p><img decoding=\"async\" src=\"http:\/\/just-now.news\/de\/wp-content\/uploads\/sites\/3\/2023\/01\/63c974e248fbef1d090d50af.jpg\" \/><\/p>\n<div class=\"Text-root Text-type_1 \">\n                Es war eine gro\u00dfe Aff\u00e4re, und doch nur ein Vorspiel: die Berateraff\u00e4re aus der Zeit Ursula von der Leyens als deutsche Verteidigungsministerin. Zwei Zivilprozesse, in denen es um die Berechnung der Leistungen ging, kamen an ein Ende. Und von der Leyen l\u00f6scht jetzt andere Handys.\n            <\/div>\n<p><\/p>\n<div class=\"Text-root Text-type_5 ArticleView-text ViewText-root \">\n<p>Dieser Teil der Berateraff\u00e4re, die Ursula von der Leyen aus ihrer Amtszeit als Verteidigungsministerin hinterlie\u00df, geh\u00f6rt zu den Aufr\u00e4umarbeiten: eine Beratungsfirma, gegen deren Forderungen das Verteidigungsministerium nach von der Leyens Amtszeit <a rel=\"nofollow noopener\" target=\"_blank\" href=\"https:\/\/www.berliner-zeitung.de\/news\/verteidigungsministerium-aussergerichtliche-einigung-zur-berateraffaere-mit-ursula-von-der-leyen-li.308671\">geklagt<\/a> hatte, erzielte in dem Verfahren um eine Forderung von 630.000 Euro eine au\u00dfergerichtliche Einigung.<\/p>\n<p>Ein weiteres Verfahren, dessen Abschluss f\u00fcr Freitag erwartet wurde, ruht derzeit. In diesem geht es um 1,7 Millionen Euro. Die Forderungen wurden angefochten, weil die Leistungen aus Sicht des Ministeriums \u00fcberh\u00f6ht abgerechnet oder gar nicht erbracht wurden.<\/p>\n<p>Die beiden Verfahren betreffen allerdings nur einen Bruchteil der Summe, die unter Ursula von der Leyen in Vertr\u00e4ge mit externen Beratern floss. Insgesamt ging es um einen dreistelligen Millionenbetrag\u00a0\u2013 f\u00fcr Auftr\u00e4ge, die oft noch ohne die erforderlichen Ausschreibungen vergeben worden waren.<\/p>\n<p>Nachdem der Bundesrechnungshof, also das oberste Pr\u00fcforgan f\u00fcr das Finanzgebaren, die Menge dieser Beratervertr\u00e4ge moniert hatte, nutzte die damalige parlamentarische Minderheit aus FDP, Gr\u00fcnen und Linken den Verteidigungsausschuss als parlamentarischen Untersuchungsausschuss. Der durch diese irregul\u00e4ren Vergaben entstandene Schaden wurde von der Opposition am Ende des Untersuchungsausschusses im Sommer 2020 mit einem h\u00f6heren zweistelligen Millionenbetrag beziffert.<\/p>\n<p>Auch wenn die Mehrheit der Gro\u00dfen Koalition am Ende Ursula von der Leyen von der Verantwortung f\u00fcr diese Zust\u00e4nde freisprach, meinten die Abgeordneten der Opposition doch, k\u00fcnftig m\u00fcssten Vertr\u00e4ge rechtskonform vergeben werden. Und private Beziehungen zwischen Beratern und Ministeriumsmitarbeitern d\u00fcrften keine Rolle spielen. Dass von der Leyen keine Verantwortung \u00fcbernommen und es keine Konsequenzen f\u00fcr sie gegeben habe, schlage auf die Politik insgesamt zur\u00fcck, meinte damals der Vertreter der Linken, Matthias H\u00f6hn.<\/p>\n<p>W\u00e4hrend der Untersuchungsausschuss noch arbeitete, wurde Ursula von der Leyen zur Pr\u00e4sidentin der EU-Kommission ernannt. Inzwischen hat auch der Europ\u00e4ische Rechnungshof vor der Abh\u00e4ngigkeit der EU-Kommission von externen Beratern <a rel=\"nofollow noopener\" target=\"_blank\" href=\"https:\/\/web.de\/magazine\/politik\/moegliche-abhaengigkeit-beratern-rechnungshof-kritisiert-eu-kommission-37067626\">gewarnt<\/a>. Die kritisierten F\u00e4lle stammten allerdings noch aus der Pr\u00e4sidentschaft von Jean-Claude Juncker.<\/p>\n<p>Aber nicht nur das Thema Beratungsleistungen hat Ursula von der Leyen aus ihrer Zeit im Verteidigungsministerium nach Br\u00fcssel mitgenommen. Im Untersuchungsausschuss dazu stellte sich damals heraus, dass sie m\u00f6glicherweise relevante Daten auf ihrem Handy gel\u00f6scht hatte. Auch diese Praxis hat sie als Kommissionspr\u00e4sidentin beibehalten.<\/p>\n<p><strong>Mehr zum Thema<\/strong> &#8211; <a rel=\"nofollow noopener\" target=\"_blank\" href=\"https:\/\/pressefreiheit.rtde.tech\/kurzclips\/video\/149364-corona-korruption-eu-kommission-schweigt\/\">Corona-Korruption: EU-Kommission schweigt zu Impfstoff-Vertr\u00e4gen mit Pfizer<\/a><\/p>\n<\/p>\n<\/div>\n<p><br \/>\n<br \/><a href=\"https:\/\/de.rt.com\/inland\/160420-von-leyen-und-berater-aussergerichtliche\/\">Source link <\/a><\/p>\n","protected":false},"excerpt":{"rendered":"<p>Es war eine gro\u00dfe Aff\u00e4re, und doch nur ein Vorspiel: die Berateraff\u00e4re aus der Zeit Ursula von der Leyens als deutsche Verteidigungsministerin. Zwei Zivilprozesse, in denen es um die Berechnung der Leistungen ging, kamen an ein Ende. Und von der Leyen l\u00f6scht jetzt andere Handys. Dieser Teil der Berateraff\u00e4re, die Ursula von der Leyen aus [&hellip;]<\/p>\n","protected":false},"author":3,"featured_media":28212,"comment_status":"open","ping_status":"open","sticky":false,"template":"","format":"standard","meta":{"_yoast_indexnow_last_ping":["1674220015"],"wp_automatic_camp":["217"],"d9914f4aa6412e82ad4349763764e293":["Von der Leyen und die Berater: Au\u00dfergerichtliche Einigung"],"original_link":["https:\/\/de.rt.com\/inland\/160420-von-leyen-und-berater-aussergerichtliche\/"],"_thumbnail_id":["28212"],"jnews_social_counter_last_update":["1777340494"],"_wptgpro_p2tg_sent2tg":["a:1:{i:23737;s:19:\"2023-01-20 15:08:11\";}"]},"categories":[19,23],"tags":[39378,7704,82,45,9678,368,140,50],"yoast_head":"<!-- This site is optimized with the Yoast SEO Premium plugin v22.7 (Yoast SEO v22.7) - https:\/\/yoast.com\/wordpress\/plugins\/seo\/ -->\n<title>Von der Leyen und die Berater: Au\u00dfergerichtliche Einigung - just-now.NEWS Deutschland<\/title>\n<meta name=\"robots\" content=\"index, follow, max-snippet:-1, max-image-preview:large, max-video-preview:-1\" \/>\n<link rel=\"canonical\" href=\"https:\/\/now-news.de\/de\/deutschland\/von-der-leyen-und-die-berater-aussergerichtliche-einigung\/\" \/>\n<meta property=\"og:locale\" content=\"de_DE\" \/>\n<meta property=\"og:type\" content=\"article\" \/>\n<meta property=\"og:title\" content=\"Von der Leyen und die Berater: Au\u00dfergerichtliche Einigung\" \/>\n<meta property=\"og:description\" content=\"Es war eine gro\u00dfe Aff\u00e4re, und doch nur ein Vorspiel: die Berateraff\u00e4re aus der Zeit Ursula von der Leyens als deutsche Verteidigungsministerin. Zwei Zivilprozesse, in denen es um die Berechnung der Leistungen ging, kamen an ein Ende. Und von der Leyen l\u00f6scht jetzt andere Handys. Dieser Teil der Berateraff\u00e4re, die Ursula von der Leyen aus [&hellip;]\" \/>\n<meta property=\"og:url\" content=\"https:\/\/now-news.de\/de\/deutschland\/von-der-leyen-und-die-berater-aussergerichtliche-einigung\/\" \/>\n<meta property=\"og:site_name\" content=\"just-now.NEWS Deutschland\" \/>\n<meta property=\"article:publisher\" content=\"https:\/\/www.facebook.com\/wirmachenauf\" \/>\n<meta property=\"article:published_time\" content=\"2023-01-20T13:05:24+00:00\" \/>\n<meta property=\"og:image\" content=\"https:\/\/now-news.de\/de\/wp-content\/uploads\/sites\/3\/2023\/01\/Von-der-Leyen-und-die-Berater-Aussergerichtliche-Einigung.jpg\" \/>\n\t<meta property=\"og:image:width\" content=\"460\" \/>\n\t<meta property=\"og:image:height\" content=\"259\" \/>\n\t<meta property=\"og:image:type\" content=\"image\/jpeg\" \/>\n<meta name=\"author\" content=\"rtnews\" \/>\n<meta name=\"twitter:card\" content=\"summary_large_image\" \/>\n<meta name=\"twitter:creator\" content=\"@WirMachenAuf_de\" \/>\n<meta name=\"twitter:site\" content=\"@WirMachenAuf_de\" \/>\n<meta name=\"twitter:label1\" content=\"Verfasst von\" \/>\n\t<meta name=\"twitter:data1\" content=\"rtnews\" \/>\n\t<meta name=\"twitter:label2\" content=\"Gesch\u00e4tzte Lesezeit\" \/>\n\t<meta name=\"twitter:data2\" content=\"2\u00a0Minuten\" \/>\n<script type=\"application\/ld+json\" class=\"yoast-schema-graph\">{\"@context\":\"https:\/\/schema.org\",\"@graph\":[{\"@type\":\"Article\",\"@id\":\"https:\/\/now-news.de\/de\/deutschland\/von-der-leyen-und-die-berater-aussergerichtliche-einigung\/#article\",\"isPartOf\":{\"@id\":\"https:\/\/now-news.de\/de\/deutschland\/von-der-leyen-und-die-berater-aussergerichtliche-einigung\/\"},\"author\":{\"name\":\"rtnews\",\"@id\":\"https:\/\/now-news.de\/de\/#\/schema\/person\/fb534a4e865501d8b3285208df34a9b5\"},\"headline\":\"Von der Leyen und die Berater: Au\u00dfergerichtliche Einigung\",\"datePublished\":\"2023-01-20T13:05:24+00:00\",\"dateModified\":\"2023-01-20T13:05:24+00:00\",\"mainEntityOfPage\":{\"@id\":\"https:\/\/now-news.de\/de\/deutschland\/von-der-leyen-und-die-berater-aussergerichtliche-einigung\/\"},\"wordCount\":442,\"commentCount\":0,\"publisher\":{\"@id\":\"https:\/\/now-news.de\/de\/#organization\"},\"image\":{\"@id\":\"https:\/\/now-news.de\/de\/deutschland\/von-der-leyen-und-die-berater-aussergerichtliche-einigung\/#primaryimage\"},\"thumbnailUrl\":\"https:\/\/now-news.de\/de\/wp-content\/uploads\/sites\/3\/2023\/01\/Von-der-Leyen-und-die-Berater-Aussergerichtliche-Einigung.jpg\",\"keywords\":[\"Au\u00dfergerichtliche\",\"Berater\",\"der\",\"die\",\"Einigung\",\"Leyen\",\"und\",\"von\"],\"articleSection\":[\"Deutschland\",\"Russland\"],\"inLanguage\":\"de\",\"potentialAction\":[{\"@type\":\"CommentAction\",\"name\":\"Comment\",\"target\":[\"https:\/\/now-news.de\/de\/deutschland\/von-der-leyen-und-die-berater-aussergerichtliche-einigung\/#respond\"]}]},{\"@type\":\"WebPage\",\"@id\":\"https:\/\/now-news.de\/de\/deutschland\/von-der-leyen-und-die-berater-aussergerichtliche-einigung\/\",\"url\":\"https:\/\/now-news.de\/de\/deutschland\/von-der-leyen-und-die-berater-aussergerichtliche-einigung\/\",\"name\":\"Von der Leyen und die Berater: Au\u00dfergerichtliche Einigung - just-now.NEWS Deutschland\",\"isPartOf\":{\"@id\":\"https:\/\/now-news.de\/de\/#website\"},\"primaryImageOfPage\":{\"@id\":\"https:\/\/now-news.de\/de\/deutschland\/von-der-leyen-und-die-berater-aussergerichtliche-einigung\/#primaryimage\"},\"image\":{\"@id\":\"https:\/\/now-news.de\/de\/deutschland\/von-der-leyen-und-die-berater-aussergerichtliche-einigung\/#primaryimage\"},\"thumbnailUrl\":\"https:\/\/now-news.de\/de\/wp-content\/uploads\/sites\/3\/2023\/01\/Von-der-Leyen-und-die-Berater-Aussergerichtliche-Einigung.jpg\",\"datePublished\":\"2023-01-20T13:05:24+00:00\",\"dateModified\":\"2023-01-20T13:05:24+00:00\",\"breadcrumb\":{\"@id\":\"https:\/\/now-news.de\/de\/deutschland\/von-der-leyen-und-die-berater-aussergerichtliche-einigung\/#breadcrumb\"},\"inLanguage\":\"de\",\"potentialAction\":[{\"@type\":\"ReadAction\",\"target\":[\"https:\/\/now-news.de\/de\/deutschland\/von-der-leyen-und-die-berater-aussergerichtliche-einigung\/\"]}]},{\"@type\":\"ImageObject\",\"inLanguage\":\"de\",\"@id\":\"https:\/\/now-news.de\/de\/deutschland\/von-der-leyen-und-die-berater-aussergerichtliche-einigung\/#primaryimage\",\"url\":\"https:\/\/now-news.de\/de\/wp-content\/uploads\/sites\/3\/2023\/01\/Von-der-Leyen-und-die-Berater-Aussergerichtliche-Einigung.jpg\",\"contentUrl\":\"https:\/\/now-news.de\/de\/wp-content\/uploads\/sites\/3\/2023\/01\/Von-der-Leyen-und-die-Berater-Aussergerichtliche-Einigung.jpg\",\"width\":460,\"height\":259,\"caption\":\"Von der Leyen und die Berater: Au\u00dfergerichtliche Einigung\"},{\"@type\":\"BreadcrumbList\",\"@id\":\"https:\/\/now-news.de\/de\/deutschland\/von-der-leyen-und-die-berater-aussergerichtliche-einigung\/#breadcrumb\",\"itemListElement\":[{\"@type\":\"ListItem\",\"position\":1,\"name\":\"Home\",\"item\":\"https:\/\/now-news.de\/de\/\"},{\"@type\":\"ListItem\",\"position\":2,\"name\":\"Von der Leyen und die Berater: Au\u00dfergerichtliche Einigung\"}]},{\"@type\":\"WebSite\",\"@id\":\"https:\/\/now-news.de\/de\/#website\",\"url\":\"https:\/\/now-news.de\/de\/\",\"name\":\"just-now.NEWS Deutschland\",\"description\":\"Das Portal f\u00fcr unzensierte Nachrichten aus der Welt\",\"publisher\":{\"@id\":\"https:\/\/now-news.de\/de\/#organization\"},\"potentialAction\":[{\"@type\":\"SearchAction\",\"target\":{\"@type\":\"EntryPoint\",\"urlTemplate\":\"https:\/\/now-news.de\/de\/?s={search_term_string}\"},\"query-input\":\"required name=search_term_string\"}],\"inLanguage\":\"de\"},{\"@type\":\"Organization\",\"@id\":\"https:\/\/now-news.de\/de\/#organization\",\"name\":\"Just Now News\",\"url\":\"https:\/\/now-news.de\/de\/\",\"logo\":{\"@type\":\"ImageObject\",\"inLanguage\":\"de\",\"@id\":\"https:\/\/now-news.de\/de\/#\/schema\/logo\/image\/\",\"url\":\"http:\/\/just-now.news\/de\/wp-content\/uploads\/sites\/3\/2022\/04\/logo500x500.jpg\",\"contentUrl\":\"http:\/\/just-now.news\/de\/wp-content\/uploads\/sites\/3\/2022\/04\/logo500x500.jpg\",\"width\":500,\"height\":500,\"caption\":\"Just Now News\"},\"image\":{\"@id\":\"https:\/\/now-news.de\/de\/#\/schema\/logo\/image\/\"},\"sameAs\":[\"https:\/\/www.facebook.com\/wirmachenauf\",\"https:\/\/x.com\/WirMachenAuf_de\"]},{\"@type\":\"Person\",\"@id\":\"https:\/\/now-news.de\/de\/#\/schema\/person\/fb534a4e865501d8b3285208df34a9b5\",\"name\":\"rtnews\",\"image\":{\"@type\":\"ImageObject\",\"inLanguage\":\"de\",\"@id\":\"https:\/\/now-news.de\/de\/#\/schema\/person\/image\/\",\"url\":\"https:\/\/secure.gravatar.com\/avatar\/82aafea7d8127119dd649515f56e2117?s=96&d=mm&r=g\",\"contentUrl\":\"https:\/\/secure.gravatar.com\/avatar\/82aafea7d8127119dd649515f56e2117?s=96&d=mm&r=g\",\"caption\":\"rtnews\"},\"url\":\"https:\/\/now-news.de\/de\/author\/rnews\/\"}]}<\/script>\n<!-- \/ Yoast SEO Premium plugin. -->","yoast_head_json":{"title":"Von der Leyen und die Berater: Au\u00dfergerichtliche Einigung - just-now.NEWS Deutschland","robots":{"index":"index","follow":"follow","max-snippet":"max-snippet:-1","max-image-preview":"max-image-preview:large","max-video-preview":"max-video-preview:-1"},"canonical":"https:\/\/now-news.de\/de\/deutschland\/von-der-leyen-und-die-berater-aussergerichtliche-einigung\/","og_locale":"de_DE","og_type":"article","og_title":"Von der Leyen und die Berater: Au\u00dfergerichtliche Einigung","og_description":"Es war eine gro\u00dfe Aff\u00e4re, und doch nur ein Vorspiel: die Berateraff\u00e4re aus der Zeit Ursula von der Leyens als deutsche Verteidigungsministerin. Zwei Zivilprozesse, in denen es um die Berechnung der Leistungen ging, kamen an ein Ende. Und von der Leyen l\u00f6scht jetzt andere Handys. Dieser Teil der Berateraff\u00e4re, die Ursula von der Leyen aus [&hellip;]","og_url":"https:\/\/now-news.de\/de\/deutschland\/von-der-leyen-und-die-berater-aussergerichtliche-einigung\/","og_site_name":"just-now.NEWS Deutschland","article_publisher":"https:\/\/www.facebook.com\/wirmachenauf","article_published_time":"2023-01-20T13:05:24+00:00","og_image":[{"width":460,"height":259,"url":"https:\/\/now-news.de\/de\/wp-content\/uploads\/sites\/3\/2023\/01\/Von-der-Leyen-und-die-Berater-Aussergerichtliche-Einigung.jpg","type":"image\/jpeg"}],"author":"rtnews","twitter_card":"summary_large_image","twitter_creator":"@WirMachenAuf_de","twitter_site":"@WirMachenAuf_de","twitter_misc":{"Verfasst von":"rtnews","Gesch\u00e4tzte Lesezeit":"2\u00a0Minuten"},"schema":{"@context":"https:\/\/schema.org","@graph":[{"@type":"Article","@id":"https:\/\/now-news.de\/de\/deutschland\/von-der-leyen-und-die-berater-aussergerichtliche-einigung\/#article","isPartOf":{"@id":"https:\/\/now-news.de\/de\/deutschland\/von-der-leyen-und-die-berater-aussergerichtliche-einigung\/"},"author":{"name":"rtnews","@id":"https:\/\/now-news.de\/de\/#\/schema\/person\/fb534a4e865501d8b3285208df34a9b5"},"headline":"Von der Leyen und die Berater: Au\u00dfergerichtliche Einigung","datePublished":"2023-01-20T13:05:24+00:00","dateModified":"2023-01-20T13:05:24+00:00","mainEntityOfPage":{"@id":"https:\/\/now-news.de\/de\/deutschland\/von-der-leyen-und-die-berater-aussergerichtliche-einigung\/"},"wordCount":442,"commentCount":0,"publisher":{"@id":"https:\/\/now-news.de\/de\/#organization"},"image":{"@id":"https:\/\/now-news.de\/de\/deutschland\/von-der-leyen-und-die-berater-aussergerichtliche-einigung\/#primaryimage"},"thumbnailUrl":"https:\/\/now-news.de\/de\/wp-content\/uploads\/sites\/3\/2023\/01\/Von-der-Leyen-und-die-Berater-Aussergerichtliche-Einigung.jpg","keywords":["Au\u00dfergerichtliche","Berater","der","die","Einigung","Leyen","und","von"],"articleSection":["Deutschland","Russland"],"inLanguage":"de","potentialAction":[{"@type":"CommentAction","name":"Comment","target":["https:\/\/now-news.de\/de\/deutschland\/von-der-leyen-und-die-berater-aussergerichtliche-einigung\/#respond"]}]},{"@type":"WebPage","@id":"https:\/\/now-news.de\/de\/deutschland\/von-der-leyen-und-die-berater-aussergerichtliche-einigung\/","url":"https:\/\/now-news.de\/de\/deutschland\/von-der-leyen-und-die-berater-aussergerichtliche-einigung\/","name":"Von der Leyen und die Berater: Au\u00dfergerichtliche Einigung - just-now.NEWS Deutschland","isPartOf":{"@id":"https:\/\/now-news.de\/de\/#website"},"primaryImageOfPage":{"@id":"https:\/\/now-news.de\/de\/deutschland\/von-der-leyen-und-die-berater-aussergerichtliche-einigung\/#primaryimage"},"image":{"@id":"https:\/\/now-news.de\/de\/deutschland\/von-der-leyen-und-die-berater-aussergerichtliche-einigung\/#primaryimage"},"thumbnailUrl":"https:\/\/now-news.de\/de\/wp-content\/uploads\/sites\/3\/2023\/01\/Von-der-Leyen-und-die-Berater-Aussergerichtliche-Einigung.jpg","datePublished":"2023-01-20T13:05:24+00:00","dateModified":"2023-01-20T13:05:24+00:00","breadcrumb":{"@id":"https:\/\/now-news.de\/de\/deutschland\/von-der-leyen-und-die-berater-aussergerichtliche-einigung\/#breadcrumb"},"inLanguage":"de","potentialAction":[{"@type":"ReadAction","target":["https:\/\/now-news.de\/de\/deutschland\/von-der-leyen-und-die-berater-aussergerichtliche-einigung\/"]}]},{"@type":"ImageObject","inLanguage":"de","@id":"https:\/\/now-news.de\/de\/deutschland\/von-der-leyen-und-die-berater-aussergerichtliche-einigung\/#primaryimage","url":"https:\/\/now-news.de\/de\/wp-content\/uploads\/sites\/3\/2023\/01\/Von-der-Leyen-und-die-Berater-Aussergerichtliche-Einigung.jpg","contentUrl":"https:\/\/now-news.de\/de\/wp-content\/uploads\/sites\/3\/2023\/01\/Von-der-Leyen-und-die-Berater-Aussergerichtliche-Einigung.jpg","width":460,"height":259,"caption":"Von der Leyen und die Berater: Au\u00dfergerichtliche Einigung"},{"@type":"BreadcrumbList","@id":"https:\/\/now-news.de\/de\/deutschland\/von-der-leyen-und-die-berater-aussergerichtliche-einigung\/#breadcrumb","itemListElement":[{"@type":"ListItem","position":1,"name":"Home","item":"https:\/\/now-news.de\/de\/"},{"@type":"ListItem","position":2,"name":"Von der Leyen und die Berater: Au\u00dfergerichtliche Einigung"}]},{"@type":"WebSite","@id":"https:\/\/now-news.de\/de\/#website","url":"https:\/\/now-news.de\/de\/","name":"just-now.NEWS Deutschland","description":"Das Portal f\u00fcr unzensierte Nachrichten aus der Welt","publisher":{"@id":"https:\/\/now-news.de\/de\/#organization"},"potentialAction":[{"@type":"SearchAction","target":{"@type":"EntryPoint","urlTemplate":"https:\/\/now-news.de\/de\/?s={search_term_string}"},"query-input":"required name=search_term_string"}],"inLanguage":"de"},{"@type":"Organization","@id":"https:\/\/now-news.de\/de\/#organization","name":"Just Now News","url":"https:\/\/now-news.de\/de\/","logo":{"@type":"ImageObject","inLanguage":"de","@id":"https:\/\/now-news.de\/de\/#\/schema\/logo\/image\/","url":"http:\/\/just-now.news\/de\/wp-content\/uploads\/sites\/3\/2022\/04\/logo500x500.jpg","contentUrl":"http:\/\/just-now.news\/de\/wp-content\/uploads\/sites\/3\/2022\/04\/logo500x500.jpg","width":500,"height":500,"caption":"Just Now News"},"image":{"@id":"https:\/\/now-news.de\/de\/#\/schema\/logo\/image\/"},"sameAs":["https:\/\/www.facebook.com\/wirmachenauf","https:\/\/x.com\/WirMachenAuf_de"]},{"@type":"Person","@id":"https:\/\/now-news.de\/de\/#\/schema\/person\/fb534a4e865501d8b3285208df34a9b5","name":"rtnews","image":{"@type":"ImageObject","inLanguage":"de","@id":"https:\/\/now-news.de\/de\/#\/schema\/person\/image\/","url":"https:\/\/secure.gravatar.com\/avatar\/82aafea7d8127119dd649515f56e2117?s=96&d=mm&r=g","contentUrl":"https:\/\/secure.gravatar.com\/avatar\/82aafea7d8127119dd649515f56e2117?s=96&d=mm&r=g","caption":"rtnews"},"url":"https:\/\/now-news.de\/de\/author\/rnews\/"}]}},"_links":{"self":[{"href":"https:\/\/now-news.de\/de\/wp-json\/wp\/v2\/posts\/28211"}],"collection":[{"href":"https:\/\/now-news.de\/de\/wp-json\/wp\/v2\/posts"}],"about":[{"href":"https:\/\/now-news.de\/de\/wp-json\/wp\/v2\/types\/post"}],"author":[{"embeddable":true,"href":"https:\/\/now-news.de\/de\/wp-json\/wp\/v2\/users\/3"}],"replies":[{"embeddable":true,"href":"https:\/\/now-news.de\/de\/wp-json\/wp\/v2\/comments?post=28211"}],"version-history":[{"count":0,"href":"https:\/\/now-news.de\/de\/wp-json\/wp\/v2\/posts\/28211\/revisions"}],"wp:featuredmedia":[{"embeddable":true,"href":"https:\/\/now-news.de\/de\/wp-json\/wp\/v2\/media\/28212"}],"wp:attachment":[{"href":"https:\/\/now-news.de\/de\/wp-json\/wp\/v2\/media?parent=28211"}],"wp:term":[{"taxonomy":"category","embeddable":true,"href":"https:\/\/now-news.de\/de\/wp-json\/wp\/v2\/categories?post=28211"},{"taxonomy":"post_tag","embeddable":true,"href":"https:\/\/now-news.de\/de\/wp-json\/wp\/v2\/tags?post=28211"}],"curies":[{"name":"wp","href":"https:\/\/api.w.org\/{rel}","templated":true}]}}