{"id":28199,"date":"2023-01-20T10:51:59","date_gmt":"2023-01-20T08:51:59","guid":{"rendered":"http:\/\/just-now.news\/de\/deutschland\/zeit-nach-kaltem-krieg-nicht-verdaut-macron-warnt-vor-der-zukunft-europas\/"},"modified":"2023-01-20T10:51:59","modified_gmt":"2023-01-20T08:51:59","slug":"zeit-nach-kaltem-krieg-nicht-verdaut-macron-warnt-vor-der-zukunft-europas","status":"publish","type":"post","link":"https:\/\/now-news.de\/de\/deutschland\/zeit-nach-kaltem-krieg-nicht-verdaut-macron-warnt-vor-der-zukunft-europas\/","title":{"rendered":"&quot;Zeit nach Kaltem Krieg nicht verdaut&quot; \u2013 Macron warnt vor der Zukunft Europas"},"content":{"rendered":"<p><img decoding=\"async\" src=\"http:\/\/just-now.news\/de\/wp-content\/uploads\/sites\/3\/2023\/01\/63ca5139b480cc1efb11c294.jpg\" \/><\/p>\n<div class=\"Text-root Text-type_1 \">\n                Nach Ansicht des franz\u00f6sischen Pr\u00e4sidenten Emmanuel Macron muss sich Europa entscheiden, ob es frei oder ein &#8220;Vasall&#8221; Chinas oder der USA sein will. Das europ\u00e4ische Wirtschaftsmodell werde durch die direkten und indirekten Folgen des Ukraine-Konflikts &#8220;zutiefst beeintr\u00e4chtigt&#8221;.\n            <\/div>\n<p><\/p>\n<div class=\"Text-root Text-type_5 ArticleView-text ViewText-root \">\n<p>Europa befinde sich wegen des Ukraine-Konflikts in einer &#8220;noch nie dagewesenen Krise&#8221;, sagte der franz\u00f6sische Pr\u00e4sident Emmanuel Macron am Donnerstag w\u00e4hrend eines Staatsbesuchs in Spanien.<\/p>\n<p>Er f\u00fcgte hinzu, dass sich der Kontinent entscheiden m\u00fcsse, ob er frei sein oder v\u00f6llig abh\u00e4ngig von den USA oder China werden wolle.<\/p>\n<p>In einem Interview mit der spanischen Zeitung\u00a0<em>El Pa\u00eds<\/em>\u00a0f\u00fchrte der franz\u00f6sische Staatschef weiter aus, das europ\u00e4ische Wirtschaftsmodell werde &#8220;durch die direkten und indirekten Folgen dieses Krieges zutiefst beeintr\u00e4chtigt&#8221;.<\/p>\n<p>In wirtschaftlicher Hinsicht werde die Welt durch die &#8220;Polarit\u00e4t&#8221; zwischen den USA und China bestimmt, und Europa m\u00fcsse sich erst noch entscheiden, ob es &#8220;zum Vasallen eines der beiden werden&#8221; oder den Weg der Freiheit und Solidarit\u00e4t einschlagen wolle, so Macron.<\/p>\n<p>Auch wenn Europa bisher nicht in der Lage gewesen sei, diese Frage vollst\u00e4ndig zu beantworten, laute die Antwort &#8220;ein wirtschaftlich, technologisch und milit\u00e4risch souver\u00e4nes Europa&#8221;. Mit anderen Worten, ein wirklich m\u00e4chtiges Europa&#8221;, so der franz\u00f6sische Pr\u00e4sident.<\/p>\n<p><strong>&#8220;Kapitalismus in der Krise&#8221;<\/strong><\/p>\n<p>Macron ist der Ansicht, dass die Krise, die Europa derzeit erlebt, auch darauf zur\u00fcckzuf\u00fchren sei, dass der Kontinent die Zeit nach dem Ende des Kalten Krieges nicht vollst\u00e4ndig &#8220;verdaut&#8221; habe.<\/p>\n<p>Die EU habe sich mit der Osterweiterung beeilt, weil sie geglaubt habe, dass mit dem Ende des Kalten Krieges &#8220;die Probleme gel\u00f6st&#8221; seien, so der franz\u00f6sische Pr\u00e4sident.<\/p>\n<p>Jetzt habe die EU zwei Gruppen von Nationen, die unterschiedliche Ansichten \u00fcber die Zukunft des Blocks h\u00e4tten, sagte er und f\u00fcgte hinzu, dass Osteuropa mehr nationale Autonomie innerhalb der EU anstrebe, und &#8220;wir m\u00fcssen wissen, wie wir ihnen zuh\u00f6ren k\u00f6nnen&#8221;.<\/p>\n<p>Diese Krise betreffe jedoch nicht nur Europa, sondern alle westlichen Demokratien, die &#8220;eine Art Erm\u00fcdung, einen Verlust der kollektiven Referenzen&#8221; erleben, so Macron.<\/p>\n<p>Das globale kapitalistische System selbst befinde sich in einer Krise, da es die Menschen nicht mehr aus der Armut befreie, sondern nur noch &#8220;die Ungleichheiten in die H\u00f6he treibt&#8221;, was zu einer &#8220;Gewissenskrise der Demokratien&#8221; f\u00fchre, f\u00fcgte er hinzu.<\/p>\n<p>Der franz\u00f6sische Pr\u00e4sident setzt sich seit Langem f\u00fcr die Schaffung einer engeren europ\u00e4ischen politischen Gemeinschaft ein, die demokratische Werte teilt und in den Bereichen Energie, Verkehr und Sicherheit eng zusammenarbeitet.<\/p>\n<p>Macron hat auch darauf bestanden, dass Europa unabh\u00e4ngiger von der NATO sein m\u00fcsse und eine &#8220;strategische Autonomie&#8221; von dem von den USA gef\u00fchrten Milit\u00e4rblock anstreben sollte.<\/p>\n<p><strong>Mehr zum Thema<\/strong> \u2013 <a rel=\"nofollow noopener\" target=\"_blank\" href=\"https:\/\/de.rt.com\/international\/160119-pepe-escobar-ueber-weltwirtschaftsforum-in-davos\/\">Alles ruhig an der (panischen) Westfront \u2013 Pepe Escobar \u00fcber Weltwirtschaftsforum in Davos<\/a><\/p>\n<\/div>\n<p><br \/>\n<br \/><a href=\"https:\/\/de.rt.com\/europa\/160455-zeit-nach-kaltem-krieg-nicht-verdaut-macron-warnt-vor-der-zukunft-europas\/\">Source link <\/a><\/p>\n","protected":false},"excerpt":{"rendered":"<p>Nach Ansicht des franz\u00f6sischen Pr\u00e4sidenten Emmanuel Macron muss sich Europa entscheiden, ob es frei oder ein &#8220;Vasall&#8221; Chinas oder der USA sein will. Das europ\u00e4ische Wirtschaftsmodell werde durch die direkten und indirekten Folgen des Ukraine-Konflikts &#8220;zutiefst beeintr\u00e4chtigt&#8221;. Europa befinde sich wegen des Ukraine-Konflikts in einer &#8220;noch nie dagewesenen Krise&#8221;, sagte der franz\u00f6sische Pr\u00e4sident Emmanuel Macron [&hellip;]<\/p>\n","protected":false},"author":3,"featured_media":28200,"comment_status":"open","ping_status":"open","sticky":false,"template":"","format":"standard","meta":{"_yoast_indexnow_last_ping":["1674205482"],"wp_automatic_camp":["217"],"c8dd126e1f535040f09c786fb6e679fa":["&quot;Zeit nach Kaltem Krieg nicht verdaut&quot; \u2013 Macron warnt vor der Zukunft Europas"],"original_link":["https:\/\/de.rt.com\/europa\/160455-zeit-nach-kaltem-krieg-nicht-verdaut-macron-warnt-vor-der-zukunft-europas\/"],"_thumbnail_id":["28200"],"_wptgpro_p2tg_sent2tg":["a:1:{i:23737;s:19:\"2023-01-20 11:05:57\";}"],"jnews_social_counter_last_update":["1777276628"]},"categories":[19,23],"tags":[82,1293,39370,130,1711,979,800,39369,39371,320,912,3250],"yoast_head":"<!-- This site is optimized with the Yoast SEO Premium plugin v22.7 (Yoast SEO v22.7) - https:\/\/yoast.com\/wordpress\/plugins\/seo\/ -->\n<title>&quot;Zeit nach Kaltem Krieg nicht verdaut&quot; \u2013 Macron warnt vor der Zukunft Europas - just-now.NEWS Deutschland<\/title>\n<meta name=\"robots\" content=\"index, follow, max-snippet:-1, max-image-preview:large, max-video-preview:-1\" \/>\n<link rel=\"canonical\" href=\"https:\/\/now-news.de\/de\/deutschland\/zeit-nach-kaltem-krieg-nicht-verdaut-macron-warnt-vor-der-zukunft-europas\/\" \/>\n<meta property=\"og:locale\" content=\"de_DE\" \/>\n<meta property=\"og:type\" content=\"article\" \/>\n<meta property=\"og:title\" content=\"&quot;Zeit nach Kaltem Krieg nicht verdaut&quot; \u2013 Macron warnt vor der Zukunft Europas\" \/>\n<meta property=\"og:description\" content=\"Nach Ansicht des franz\u00f6sischen Pr\u00e4sidenten Emmanuel Macron muss sich Europa entscheiden, ob es frei oder ein &#8220;Vasall&#8221; Chinas oder der USA sein will. Das europ\u00e4ische Wirtschaftsmodell werde durch die direkten und indirekten Folgen des Ukraine-Konflikts &#8220;zutiefst beeintr\u00e4chtigt&#8221;. Europa befinde sich wegen des Ukraine-Konflikts in einer &#8220;noch nie dagewesenen Krise&#8221;, sagte der franz\u00f6sische Pr\u00e4sident Emmanuel Macron [&hellip;]\" \/>\n<meta property=\"og:url\" content=\"https:\/\/now-news.de\/de\/deutschland\/zeit-nach-kaltem-krieg-nicht-verdaut-macron-warnt-vor-der-zukunft-europas\/\" \/>\n<meta property=\"og:site_name\" content=\"just-now.NEWS Deutschland\" \/>\n<meta property=\"article:publisher\" content=\"https:\/\/www.facebook.com\/wirmachenauf\" \/>\n<meta property=\"article:published_time\" content=\"2023-01-20T08:51:59+00:00\" \/>\n<meta property=\"og:image\" content=\"https:\/\/now-news.de\/de\/wp-content\/uploads\/sites\/3\/2023\/01\/quotZeit-nach-Kaltem-Krieg-nicht-verdautquot-\u2013-Macron-warnt-vor.jpg\" \/>\n\t<meta property=\"og:image:width\" content=\"460\" \/>\n\t<meta property=\"og:image:height\" content=\"259\" \/>\n\t<meta property=\"og:image:type\" content=\"image\/jpeg\" \/>\n<meta name=\"author\" content=\"rtnews\" \/>\n<meta name=\"twitter:card\" content=\"summary_large_image\" \/>\n<meta name=\"twitter:creator\" content=\"@WirMachenAuf_de\" \/>\n<meta name=\"twitter:site\" content=\"@WirMachenAuf_de\" \/>\n<meta name=\"twitter:label1\" content=\"Verfasst von\" \/>\n\t<meta name=\"twitter:data1\" content=\"rtnews\" \/>\n\t<meta name=\"twitter:label2\" content=\"Gesch\u00e4tzte Lesezeit\" \/>\n\t<meta name=\"twitter:data2\" content=\"2\u00a0Minuten\" \/>\n<script type=\"application\/ld+json\" class=\"yoast-schema-graph\">{\"@context\":\"https:\/\/schema.org\",\"@graph\":[{\"@type\":\"Article\",\"@id\":\"https:\/\/now-news.de\/de\/deutschland\/zeit-nach-kaltem-krieg-nicht-verdaut-macron-warnt-vor-der-zukunft-europas\/#article\",\"isPartOf\":{\"@id\":\"https:\/\/now-news.de\/de\/deutschland\/zeit-nach-kaltem-krieg-nicht-verdaut-macron-warnt-vor-der-zukunft-europas\/\"},\"author\":{\"name\":\"rtnews\",\"@id\":\"https:\/\/now-news.de\/de\/#\/schema\/person\/fb534a4e865501d8b3285208df34a9b5\"},\"headline\":\"&quot;Zeit nach Kaltem Krieg nicht verdaut&quot; \u2013 Macron warnt vor der Zukunft Europas\",\"datePublished\":\"2023-01-20T08:51:59+00:00\",\"dateModified\":\"2023-01-20T08:51:59+00:00\",\"mainEntityOfPage\":{\"@id\":\"https:\/\/now-news.de\/de\/deutschland\/zeit-nach-kaltem-krieg-nicht-verdaut-macron-warnt-vor-der-zukunft-europas\/\"},\"wordCount\":490,\"commentCount\":0,\"publisher\":{\"@id\":\"https:\/\/now-news.de\/de\/#organization\"},\"image\":{\"@id\":\"https:\/\/now-news.de\/de\/deutschland\/zeit-nach-kaltem-krieg-nicht-verdaut-macron-warnt-vor-der-zukunft-europas\/#primaryimage\"},\"thumbnailUrl\":\"https:\/\/now-news.de\/de\/wp-content\/uploads\/sites\/3\/2023\/01\/quotZeit-nach-Kaltem-Krieg-nicht-verdautquot-\u2013-Macron-warnt-vor.jpg\",\"keywords\":[\"der\",\"Europas\",\"Kaltem\",\"krieg\",\"macron\",\"nach\",\"nicht\",\"quotZeit\",\"verdautquot\",\"vor\",\"warnt\",\"Zukunft\"],\"articleSection\":[\"Deutschland\",\"Russland\"],\"inLanguage\":\"de\",\"potentialAction\":[{\"@type\":\"CommentAction\",\"name\":\"Comment\",\"target\":[\"https:\/\/now-news.de\/de\/deutschland\/zeit-nach-kaltem-krieg-nicht-verdaut-macron-warnt-vor-der-zukunft-europas\/#respond\"]}]},{\"@type\":\"WebPage\",\"@id\":\"https:\/\/now-news.de\/de\/deutschland\/zeit-nach-kaltem-krieg-nicht-verdaut-macron-warnt-vor-der-zukunft-europas\/\",\"url\":\"https:\/\/now-news.de\/de\/deutschland\/zeit-nach-kaltem-krieg-nicht-verdaut-macron-warnt-vor-der-zukunft-europas\/\",\"name\":\"&quot;Zeit nach Kaltem Krieg nicht verdaut&quot; \u2013 Macron warnt vor der Zukunft Europas - just-now.NEWS Deutschland\",\"isPartOf\":{\"@id\":\"https:\/\/now-news.de\/de\/#website\"},\"primaryImageOfPage\":{\"@id\":\"https:\/\/now-news.de\/de\/deutschland\/zeit-nach-kaltem-krieg-nicht-verdaut-macron-warnt-vor-der-zukunft-europas\/#primaryimage\"},\"image\":{\"@id\":\"https:\/\/now-news.de\/de\/deutschland\/zeit-nach-kaltem-krieg-nicht-verdaut-macron-warnt-vor-der-zukunft-europas\/#primaryimage\"},\"thumbnailUrl\":\"https:\/\/now-news.de\/de\/wp-content\/uploads\/sites\/3\/2023\/01\/quotZeit-nach-Kaltem-Krieg-nicht-verdautquot-\u2013-Macron-warnt-vor.jpg\",\"datePublished\":\"2023-01-20T08:51:59+00:00\",\"dateModified\":\"2023-01-20T08:51:59+00:00\",\"breadcrumb\":{\"@id\":\"https:\/\/now-news.de\/de\/deutschland\/zeit-nach-kaltem-krieg-nicht-verdaut-macron-warnt-vor-der-zukunft-europas\/#breadcrumb\"},\"inLanguage\":\"de\",\"potentialAction\":[{\"@type\":\"ReadAction\",\"target\":[\"https:\/\/now-news.de\/de\/deutschland\/zeit-nach-kaltem-krieg-nicht-verdaut-macron-warnt-vor-der-zukunft-europas\/\"]}]},{\"@type\":\"ImageObject\",\"inLanguage\":\"de\",\"@id\":\"https:\/\/now-news.de\/de\/deutschland\/zeit-nach-kaltem-krieg-nicht-verdaut-macron-warnt-vor-der-zukunft-europas\/#primaryimage\",\"url\":\"https:\/\/now-news.de\/de\/wp-content\/uploads\/sites\/3\/2023\/01\/quotZeit-nach-Kaltem-Krieg-nicht-verdautquot-\u2013-Macron-warnt-vor.jpg\",\"contentUrl\":\"https:\/\/now-news.de\/de\/wp-content\/uploads\/sites\/3\/2023\/01\/quotZeit-nach-Kaltem-Krieg-nicht-verdautquot-\u2013-Macron-warnt-vor.jpg\",\"width\":460,\"height\":259,\"caption\":\"&quot;Zeit nach Kaltem Krieg nicht verdaut&quot; \u2013 Macron warnt vor der Zukunft Europas\"},{\"@type\":\"BreadcrumbList\",\"@id\":\"https:\/\/now-news.de\/de\/deutschland\/zeit-nach-kaltem-krieg-nicht-verdaut-macron-warnt-vor-der-zukunft-europas\/#breadcrumb\",\"itemListElement\":[{\"@type\":\"ListItem\",\"position\":1,\"name\":\"Home\",\"item\":\"https:\/\/now-news.de\/de\/\"},{\"@type\":\"ListItem\",\"position\":2,\"name\":\"&quot;Zeit nach Kaltem Krieg nicht verdaut&quot; \u2013 Macron warnt vor der Zukunft Europas\"}]},{\"@type\":\"WebSite\",\"@id\":\"https:\/\/now-news.de\/de\/#website\",\"url\":\"https:\/\/now-news.de\/de\/\",\"name\":\"just-now.NEWS Deutschland\",\"description\":\"Das Portal f\u00fcr unzensierte Nachrichten aus der Welt\",\"publisher\":{\"@id\":\"https:\/\/now-news.de\/de\/#organization\"},\"potentialAction\":[{\"@type\":\"SearchAction\",\"target\":{\"@type\":\"EntryPoint\",\"urlTemplate\":\"https:\/\/now-news.de\/de\/?s={search_term_string}\"},\"query-input\":\"required name=search_term_string\"}],\"inLanguage\":\"de\"},{\"@type\":\"Organization\",\"@id\":\"https:\/\/now-news.de\/de\/#organization\",\"name\":\"Just Now News\",\"url\":\"https:\/\/now-news.de\/de\/\",\"logo\":{\"@type\":\"ImageObject\",\"inLanguage\":\"de\",\"@id\":\"https:\/\/now-news.de\/de\/#\/schema\/logo\/image\/\",\"url\":\"http:\/\/just-now.news\/de\/wp-content\/uploads\/sites\/3\/2022\/04\/logo500x500.jpg\",\"contentUrl\":\"http:\/\/just-now.news\/de\/wp-content\/uploads\/sites\/3\/2022\/04\/logo500x500.jpg\",\"width\":500,\"height\":500,\"caption\":\"Just Now News\"},\"image\":{\"@id\":\"https:\/\/now-news.de\/de\/#\/schema\/logo\/image\/\"},\"sameAs\":[\"https:\/\/www.facebook.com\/wirmachenauf\",\"https:\/\/x.com\/WirMachenAuf_de\"]},{\"@type\":\"Person\",\"@id\":\"https:\/\/now-news.de\/de\/#\/schema\/person\/fb534a4e865501d8b3285208df34a9b5\",\"name\":\"rtnews\",\"image\":{\"@type\":\"ImageObject\",\"inLanguage\":\"de\",\"@id\":\"https:\/\/now-news.de\/de\/#\/schema\/person\/image\/\",\"url\":\"https:\/\/secure.gravatar.com\/avatar\/82aafea7d8127119dd649515f56e2117?s=96&d=mm&r=g\",\"contentUrl\":\"https:\/\/secure.gravatar.com\/avatar\/82aafea7d8127119dd649515f56e2117?s=96&d=mm&r=g\",\"caption\":\"rtnews\"},\"url\":\"https:\/\/now-news.de\/de\/author\/rnews\/\"}]}<\/script>\n<!-- \/ Yoast SEO Premium plugin. -->","yoast_head_json":{"title":"&quot;Zeit nach Kaltem Krieg nicht verdaut&quot; \u2013 Macron warnt vor der Zukunft Europas - just-now.NEWS Deutschland","robots":{"index":"index","follow":"follow","max-snippet":"max-snippet:-1","max-image-preview":"max-image-preview:large","max-video-preview":"max-video-preview:-1"},"canonical":"https:\/\/now-news.de\/de\/deutschland\/zeit-nach-kaltem-krieg-nicht-verdaut-macron-warnt-vor-der-zukunft-europas\/","og_locale":"de_DE","og_type":"article","og_title":"&quot;Zeit nach Kaltem Krieg nicht verdaut&quot; \u2013 Macron warnt vor der Zukunft Europas","og_description":"Nach Ansicht des franz\u00f6sischen Pr\u00e4sidenten Emmanuel Macron muss sich Europa entscheiden, ob es frei oder ein &#8220;Vasall&#8221; Chinas oder der USA sein will. Das europ\u00e4ische Wirtschaftsmodell werde durch die direkten und indirekten Folgen des Ukraine-Konflikts &#8220;zutiefst beeintr\u00e4chtigt&#8221;. Europa befinde sich wegen des Ukraine-Konflikts in einer &#8220;noch nie dagewesenen Krise&#8221;, sagte der franz\u00f6sische Pr\u00e4sident Emmanuel Macron [&hellip;]","og_url":"https:\/\/now-news.de\/de\/deutschland\/zeit-nach-kaltem-krieg-nicht-verdaut-macron-warnt-vor-der-zukunft-europas\/","og_site_name":"just-now.NEWS Deutschland","article_publisher":"https:\/\/www.facebook.com\/wirmachenauf","article_published_time":"2023-01-20T08:51:59+00:00","og_image":[{"width":460,"height":259,"url":"https:\/\/now-news.de\/de\/wp-content\/uploads\/sites\/3\/2023\/01\/quotZeit-nach-Kaltem-Krieg-nicht-verdautquot-\u2013-Macron-warnt-vor.jpg","type":"image\/jpeg"}],"author":"rtnews","twitter_card":"summary_large_image","twitter_creator":"@WirMachenAuf_de","twitter_site":"@WirMachenAuf_de","twitter_misc":{"Verfasst von":"rtnews","Gesch\u00e4tzte Lesezeit":"2\u00a0Minuten"},"schema":{"@context":"https:\/\/schema.org","@graph":[{"@type":"Article","@id":"https:\/\/now-news.de\/de\/deutschland\/zeit-nach-kaltem-krieg-nicht-verdaut-macron-warnt-vor-der-zukunft-europas\/#article","isPartOf":{"@id":"https:\/\/now-news.de\/de\/deutschland\/zeit-nach-kaltem-krieg-nicht-verdaut-macron-warnt-vor-der-zukunft-europas\/"},"author":{"name":"rtnews","@id":"https:\/\/now-news.de\/de\/#\/schema\/person\/fb534a4e865501d8b3285208df34a9b5"},"headline":"&quot;Zeit nach Kaltem Krieg nicht verdaut&quot; \u2013 Macron warnt vor der Zukunft Europas","datePublished":"2023-01-20T08:51:59+00:00","dateModified":"2023-01-20T08:51:59+00:00","mainEntityOfPage":{"@id":"https:\/\/now-news.de\/de\/deutschland\/zeit-nach-kaltem-krieg-nicht-verdaut-macron-warnt-vor-der-zukunft-europas\/"},"wordCount":490,"commentCount":0,"publisher":{"@id":"https:\/\/now-news.de\/de\/#organization"},"image":{"@id":"https:\/\/now-news.de\/de\/deutschland\/zeit-nach-kaltem-krieg-nicht-verdaut-macron-warnt-vor-der-zukunft-europas\/#primaryimage"},"thumbnailUrl":"https:\/\/now-news.de\/de\/wp-content\/uploads\/sites\/3\/2023\/01\/quotZeit-nach-Kaltem-Krieg-nicht-verdautquot-\u2013-Macron-warnt-vor.jpg","keywords":["der","Europas","Kaltem","krieg","macron","nach","nicht","quotZeit","verdautquot","vor","warnt","Zukunft"],"articleSection":["Deutschland","Russland"],"inLanguage":"de","potentialAction":[{"@type":"CommentAction","name":"Comment","target":["https:\/\/now-news.de\/de\/deutschland\/zeit-nach-kaltem-krieg-nicht-verdaut-macron-warnt-vor-der-zukunft-europas\/#respond"]}]},{"@type":"WebPage","@id":"https:\/\/now-news.de\/de\/deutschland\/zeit-nach-kaltem-krieg-nicht-verdaut-macron-warnt-vor-der-zukunft-europas\/","url":"https:\/\/now-news.de\/de\/deutschland\/zeit-nach-kaltem-krieg-nicht-verdaut-macron-warnt-vor-der-zukunft-europas\/","name":"&quot;Zeit nach Kaltem Krieg nicht verdaut&quot; \u2013 Macron warnt vor der Zukunft Europas - just-now.NEWS Deutschland","isPartOf":{"@id":"https:\/\/now-news.de\/de\/#website"},"primaryImageOfPage":{"@id":"https:\/\/now-news.de\/de\/deutschland\/zeit-nach-kaltem-krieg-nicht-verdaut-macron-warnt-vor-der-zukunft-europas\/#primaryimage"},"image":{"@id":"https:\/\/now-news.de\/de\/deutschland\/zeit-nach-kaltem-krieg-nicht-verdaut-macron-warnt-vor-der-zukunft-europas\/#primaryimage"},"thumbnailUrl":"https:\/\/now-news.de\/de\/wp-content\/uploads\/sites\/3\/2023\/01\/quotZeit-nach-Kaltem-Krieg-nicht-verdautquot-\u2013-Macron-warnt-vor.jpg","datePublished":"2023-01-20T08:51:59+00:00","dateModified":"2023-01-20T08:51:59+00:00","breadcrumb":{"@id":"https:\/\/now-news.de\/de\/deutschland\/zeit-nach-kaltem-krieg-nicht-verdaut-macron-warnt-vor-der-zukunft-europas\/#breadcrumb"},"inLanguage":"de","potentialAction":[{"@type":"ReadAction","target":["https:\/\/now-news.de\/de\/deutschland\/zeit-nach-kaltem-krieg-nicht-verdaut-macron-warnt-vor-der-zukunft-europas\/"]}]},{"@type":"ImageObject","inLanguage":"de","@id":"https:\/\/now-news.de\/de\/deutschland\/zeit-nach-kaltem-krieg-nicht-verdaut-macron-warnt-vor-der-zukunft-europas\/#primaryimage","url":"https:\/\/now-news.de\/de\/wp-content\/uploads\/sites\/3\/2023\/01\/quotZeit-nach-Kaltem-Krieg-nicht-verdautquot-\u2013-Macron-warnt-vor.jpg","contentUrl":"https:\/\/now-news.de\/de\/wp-content\/uploads\/sites\/3\/2023\/01\/quotZeit-nach-Kaltem-Krieg-nicht-verdautquot-\u2013-Macron-warnt-vor.jpg","width":460,"height":259,"caption":"&quot;Zeit nach Kaltem Krieg nicht verdaut&quot; \u2013 Macron warnt vor der Zukunft Europas"},{"@type":"BreadcrumbList","@id":"https:\/\/now-news.de\/de\/deutschland\/zeit-nach-kaltem-krieg-nicht-verdaut-macron-warnt-vor-der-zukunft-europas\/#breadcrumb","itemListElement":[{"@type":"ListItem","position":1,"name":"Home","item":"https:\/\/now-news.de\/de\/"},{"@type":"ListItem","position":2,"name":"&quot;Zeit nach Kaltem Krieg nicht verdaut&quot; \u2013 Macron warnt vor der Zukunft Europas"}]},{"@type":"WebSite","@id":"https:\/\/now-news.de\/de\/#website","url":"https:\/\/now-news.de\/de\/","name":"just-now.NEWS Deutschland","description":"Das Portal f\u00fcr unzensierte Nachrichten aus der Welt","publisher":{"@id":"https:\/\/now-news.de\/de\/#organization"},"potentialAction":[{"@type":"SearchAction","target":{"@type":"EntryPoint","urlTemplate":"https:\/\/now-news.de\/de\/?s={search_term_string}"},"query-input":"required name=search_term_string"}],"inLanguage":"de"},{"@type":"Organization","@id":"https:\/\/now-news.de\/de\/#organization","name":"Just Now News","url":"https:\/\/now-news.de\/de\/","logo":{"@type":"ImageObject","inLanguage":"de","@id":"https:\/\/now-news.de\/de\/#\/schema\/logo\/image\/","url":"http:\/\/just-now.news\/de\/wp-content\/uploads\/sites\/3\/2022\/04\/logo500x500.jpg","contentUrl":"http:\/\/just-now.news\/de\/wp-content\/uploads\/sites\/3\/2022\/04\/logo500x500.jpg","width":500,"height":500,"caption":"Just Now News"},"image":{"@id":"https:\/\/now-news.de\/de\/#\/schema\/logo\/image\/"},"sameAs":["https:\/\/www.facebook.com\/wirmachenauf","https:\/\/x.com\/WirMachenAuf_de"]},{"@type":"Person","@id":"https:\/\/now-news.de\/de\/#\/schema\/person\/fb534a4e865501d8b3285208df34a9b5","name":"rtnews","image":{"@type":"ImageObject","inLanguage":"de","@id":"https:\/\/now-news.de\/de\/#\/schema\/person\/image\/","url":"https:\/\/secure.gravatar.com\/avatar\/82aafea7d8127119dd649515f56e2117?s=96&d=mm&r=g","contentUrl":"https:\/\/secure.gravatar.com\/avatar\/82aafea7d8127119dd649515f56e2117?s=96&d=mm&r=g","caption":"rtnews"},"url":"https:\/\/now-news.de\/de\/author\/rnews\/"}]}},"_links":{"self":[{"href":"https:\/\/now-news.de\/de\/wp-json\/wp\/v2\/posts\/28199"}],"collection":[{"href":"https:\/\/now-news.de\/de\/wp-json\/wp\/v2\/posts"}],"about":[{"href":"https:\/\/now-news.de\/de\/wp-json\/wp\/v2\/types\/post"}],"author":[{"embeddable":true,"href":"https:\/\/now-news.de\/de\/wp-json\/wp\/v2\/users\/3"}],"replies":[{"embeddable":true,"href":"https:\/\/now-news.de\/de\/wp-json\/wp\/v2\/comments?post=28199"}],"version-history":[{"count":0,"href":"https:\/\/now-news.de\/de\/wp-json\/wp\/v2\/posts\/28199\/revisions"}],"wp:featuredmedia":[{"embeddable":true,"href":"https:\/\/now-news.de\/de\/wp-json\/wp\/v2\/media\/28200"}],"wp:attachment":[{"href":"https:\/\/now-news.de\/de\/wp-json\/wp\/v2\/media?parent=28199"}],"wp:term":[{"taxonomy":"category","embeddable":true,"href":"https:\/\/now-news.de\/de\/wp-json\/wp\/v2\/categories?post=28199"},{"taxonomy":"post_tag","embeddable":true,"href":"https:\/\/now-news.de\/de\/wp-json\/wp\/v2\/tags?post=28199"}],"curies":[{"name":"wp","href":"https:\/\/api.w.org\/{rel}","templated":true}]}}