{"id":28189,"date":"2023-01-20T08:35:13","date_gmt":"2023-01-20T06:35:13","guid":{"rendered":"https:\/\/just-now.news\/de\/deutschland\/eu-parlament-fordert-sondergerichtshof-gegen-russland-und-weissrussland\/"},"modified":"2023-01-20T08:35:13","modified_gmt":"2023-01-20T06:35:13","slug":"eu-parlament-fordert-sondergerichtshof-gegen-russland-und-weissrussland","status":"publish","type":"post","link":"https:\/\/now-news.de\/de\/deutschland\/eu-parlament-fordert-sondergerichtshof-gegen-russland-und-weissrussland\/","title":{"rendered":"EU-Parlament fordert Sondergerichtshof gegen Russland und Wei\u00dfrussland"},"content":{"rendered":"<p><img decoding=\"async\" src=\"http:\/\/just-now.news\/de\/wp-content\/uploads\/sites\/3\/2023\/01\/63c96f0db480cc708d3eefca.jpg\" \/><\/p>\n<div class=\"Text-root Text-type_1 \">\n                Mit gro\u00dfer Mehrheit hat das EU-Parlament eine Entschlie\u00dfung angenommen, in der die Bildung eines Sondergerichtshofs zur Aburteilung Russlands und Wei\u00dfrusslands gefordert wird. Aussicht auf internationale Anerkennung des Tribunals besteht jedoch nicht.\n            <\/div>\n<p><\/p>\n<div class=\"Text-root Text-type_5 ArticleView-text ViewText-root \">\n<p>Mit 472 Stimmen bei 19 Gegenstimmen und 33 Enthaltungen hat das Europaparlament in Stra\u00dfburg eine Entschlie\u00dfung angenommen, in der ein internationaler Sondergerichtshof zur strafrechtlichen Verfolgung von angeblich von Russland begangenen Verbrechen gefordert wird. Anlass sind bisher unbewiesene Anschuldigungen gegen Russland, in den ukrainischen St\u00e4dten Butscha, Irpen und anderen gegen das humanit\u00e4re V\u00f6lkerrecht versto\u00dfen zu haben.\u00a0<\/p>\n<p>Nach dem Willen der Abgeordneten soll der Strafgerichtshof nicht nur gegen Russlands Pr\u00e4sidenten Wladimir Putin und die politische und milit\u00e4rische F\u00fchrung Russlands ermitteln. Im Fokus stehen auch der wei\u00dfrussische Pr\u00e4sident Alexander Lukaschenko\u00a0sowie die wei\u00dfrussische F\u00fchrung.\u00a0Wof\u00fcr der wei\u00dfrussische Pr\u00e4sident abgeurteilt werden soll, l\u00e4sst die Entschlie\u00dfung jedoch offen.\u00a0<\/p>\n<p>Die Vorarbeiten zur Einrichtung des Sondergerichtshofs sollen unmittelbar beginnen. Dazu soll eng mit ukrainischen Beh\u00f6rden zusammengearbeitet werden, die zudem von internationalen\u00a0\u2012 gemeint sind westliche\u00a0\u2012 Beh\u00f6rden unterst\u00fctzt werden sollen.\u00a0<\/p>\n<p>Bereits zuvor hat die deutsche Au\u00dfenministerin Annalena Baerbock (Die Gr\u00fcnen) ein Sondertribunal zur Aburteilung Russlands gefordert.\u00a0<\/p>\n<p>Eine internationale Anerkennung des Sondergerichtshofs ist allerdings kaum vorstellbar. Dass er von Russland und Wei\u00dfrussland anerkannt wird und somit dort gesprochene Urteile f\u00fcr die L\u00e4nder bindend werden, ist schlicht nicht denkbar. Die Idee krankt grundlegend an einer Asymmetrie, da westliche Verst\u00f6\u00dfe gegen das V\u00f6lkerrecht nicht in die Zust\u00e4ndigkeit des Sondergerichtshofs fallen sollen. Auch die Verbrechen, die mutma\u00dflich von der Ukraine im Donbass ver\u00fcbt wurden, sollen nach den Vorstellungen der Parlamentarier nicht geahndet werden.\u00a0<\/p>\n<p>Problematisch ist zudem die Ausrichtung an ukrainischem Recht. Die in der ukrainischen Gesetzgebung festgeschriebenen Ungleichheiten und Diskriminierungen von Teilen der Bev\u00f6lkerung sind mit\u00a0zentraler Ausl\u00f6ser des Konflikts.\u00a0<\/p>\n<p><strong>Mehr zum Thema\u00a0\u2013 <\/strong><a rel=\"nofollow noopener\" target=\"_blank\" href=\"https:\/\/pressefreiheit.rtde.me\/meinung\/160204-schweigen-laemmer-un-und-betrug\/\">Das Schweigen der L\u00e4mmer \u2013 Die UNO und der Betrug von Minsk<\/a><\/p>\n<\/div>\n<p><br \/>\n<br \/><a href=\"https:\/\/de.rt.com\/europa\/160416-eu-parlament-fordert-sondergerichtshof-gegen\/\">Source link <\/a><\/p>\n","protected":false},"excerpt":{"rendered":"<p>Mit gro\u00dfer Mehrheit hat das EU-Parlament eine Entschlie\u00dfung angenommen, in der die Bildung eines Sondergerichtshofs zur Aburteilung Russlands und Wei\u00dfrusslands gefordert wird. Aussicht auf internationale Anerkennung des Tribunals besteht jedoch nicht. Mit 472 Stimmen bei 19 Gegenstimmen und 33 Enthaltungen hat das Europaparlament in Stra\u00dfburg eine Entschlie\u00dfung angenommen, in der ein internationaler Sondergerichtshof zur strafrechtlichen [&hellip;]<\/p>\n","protected":false},"author":3,"featured_media":28190,"comment_status":"open","ping_status":"open","sticky":false,"template":"","format":"standard","meta":{"_yoast_indexnow_last_ping":["1674197664"],"wp_automatic_camp":["217"],"bb9fe1c29ae3dc8ecf13dd1e65fce924":["EU-Parlament fordert Sondergerichtshof gegen Russland und Wei\u00dfrussland"],"original_link":["https:\/\/de.rt.com\/europa\/160416-eu-parlament-fordert-sondergerichtshof-gegen\/"],"_thumbnail_id":["28190"],"jnews_social_counter_last_update":["1777224672"],"_wptgpro_p2tg_sent2tg":["a:1:{i:23737;s:19:\"2023-01-20 08:55:44\";}"]},"categories":[19,23],"tags":[20898,355,278,126,39366,140,18575],"yoast_head":"<!-- This site is optimized with the Yoast SEO Premium plugin v22.7 (Yoast SEO v22.7) - https:\/\/yoast.com\/wordpress\/plugins\/seo\/ -->\n<title>EU-Parlament fordert Sondergerichtshof gegen Russland und Wei\u00dfrussland - just-now.NEWS Deutschland<\/title>\n<meta name=\"robots\" content=\"index, follow, max-snippet:-1, max-image-preview:large, max-video-preview:-1\" \/>\n<link rel=\"canonical\" href=\"https:\/\/now-news.de\/de\/deutschland\/eu-parlament-fordert-sondergerichtshof-gegen-russland-und-weissrussland\/\" \/>\n<meta property=\"og:locale\" content=\"de_DE\" \/>\n<meta property=\"og:type\" content=\"article\" \/>\n<meta property=\"og:title\" content=\"EU-Parlament fordert Sondergerichtshof gegen Russland und Wei\u00dfrussland\" \/>\n<meta property=\"og:description\" content=\"Mit gro\u00dfer Mehrheit hat das EU-Parlament eine Entschlie\u00dfung angenommen, in der die Bildung eines Sondergerichtshofs zur Aburteilung Russlands und Wei\u00dfrusslands gefordert wird. Aussicht auf internationale Anerkennung des Tribunals besteht jedoch nicht. Mit 472 Stimmen bei 19 Gegenstimmen und 33 Enthaltungen hat das Europaparlament in Stra\u00dfburg eine Entschlie\u00dfung angenommen, in der ein internationaler Sondergerichtshof zur strafrechtlichen [&hellip;]\" \/>\n<meta property=\"og:url\" content=\"https:\/\/now-news.de\/de\/deutschland\/eu-parlament-fordert-sondergerichtshof-gegen-russland-und-weissrussland\/\" \/>\n<meta property=\"og:site_name\" content=\"just-now.NEWS Deutschland\" \/>\n<meta property=\"article:publisher\" content=\"https:\/\/www.facebook.com\/wirmachenauf\" \/>\n<meta property=\"article:published_time\" content=\"2023-01-20T06:35:13+00:00\" \/>\n<meta property=\"og:image\" content=\"https:\/\/now-news.de\/de\/wp-content\/uploads\/sites\/3\/2023\/01\/EU-Parlament-fordert-Sondergerichtshof-gegen-Russland-und-Weissrussland.jpg\" \/>\n\t<meta property=\"og:image:width\" content=\"460\" \/>\n\t<meta property=\"og:image:height\" content=\"259\" \/>\n\t<meta property=\"og:image:type\" content=\"image\/jpeg\" \/>\n<meta name=\"author\" content=\"rtnews\" \/>\n<meta name=\"twitter:card\" content=\"summary_large_image\" \/>\n<meta name=\"twitter:creator\" content=\"@WirMachenAuf_de\" \/>\n<meta name=\"twitter:site\" content=\"@WirMachenAuf_de\" \/>\n<meta name=\"twitter:label1\" content=\"Verfasst von\" \/>\n\t<meta name=\"twitter:data1\" content=\"rtnews\" \/>\n\t<meta name=\"twitter:label2\" content=\"Gesch\u00e4tzte Lesezeit\" \/>\n\t<meta name=\"twitter:data2\" content=\"2\u00a0Minuten\" \/>\n<script type=\"application\/ld+json\" class=\"yoast-schema-graph\">{\"@context\":\"https:\/\/schema.org\",\"@graph\":[{\"@type\":\"Article\",\"@id\":\"https:\/\/now-news.de\/de\/deutschland\/eu-parlament-fordert-sondergerichtshof-gegen-russland-und-weissrussland\/#article\",\"isPartOf\":{\"@id\":\"https:\/\/now-news.de\/de\/deutschland\/eu-parlament-fordert-sondergerichtshof-gegen-russland-und-weissrussland\/\"},\"author\":{\"name\":\"rtnews\",\"@id\":\"https:\/\/now-news.de\/de\/#\/schema\/person\/fb534a4e865501d8b3285208df34a9b5\"},\"headline\":\"EU-Parlament fordert Sondergerichtshof gegen Russland und Wei\u00dfrussland\",\"datePublished\":\"2023-01-20T06:35:13+00:00\",\"dateModified\":\"2023-01-20T06:35:13+00:00\",\"mainEntityOfPage\":{\"@id\":\"https:\/\/now-news.de\/de\/deutschland\/eu-parlament-fordert-sondergerichtshof-gegen-russland-und-weissrussland\/\"},\"wordCount\":337,\"commentCount\":0,\"publisher\":{\"@id\":\"https:\/\/now-news.de\/de\/#organization\"},\"image\":{\"@id\":\"https:\/\/now-news.de\/de\/deutschland\/eu-parlament-fordert-sondergerichtshof-gegen-russland-und-weissrussland\/#primaryimage\"},\"thumbnailUrl\":\"https:\/\/now-news.de\/de\/wp-content\/uploads\/sites\/3\/2023\/01\/EU-Parlament-fordert-Sondergerichtshof-gegen-Russland-und-Weissrussland.jpg\",\"keywords\":[\"EUParlament\",\"fordert\",\"gegen\",\"russland\",\"Sondergerichtshof\",\"und\",\"Wei\u00dfrussland\"],\"articleSection\":[\"Deutschland\",\"Russland\"],\"inLanguage\":\"de\",\"potentialAction\":[{\"@type\":\"CommentAction\",\"name\":\"Comment\",\"target\":[\"https:\/\/now-news.de\/de\/deutschland\/eu-parlament-fordert-sondergerichtshof-gegen-russland-und-weissrussland\/#respond\"]}]},{\"@type\":\"WebPage\",\"@id\":\"https:\/\/now-news.de\/de\/deutschland\/eu-parlament-fordert-sondergerichtshof-gegen-russland-und-weissrussland\/\",\"url\":\"https:\/\/now-news.de\/de\/deutschland\/eu-parlament-fordert-sondergerichtshof-gegen-russland-und-weissrussland\/\",\"name\":\"EU-Parlament fordert Sondergerichtshof gegen Russland und Wei\u00dfrussland - just-now.NEWS Deutschland\",\"isPartOf\":{\"@id\":\"https:\/\/now-news.de\/de\/#website\"},\"primaryImageOfPage\":{\"@id\":\"https:\/\/now-news.de\/de\/deutschland\/eu-parlament-fordert-sondergerichtshof-gegen-russland-und-weissrussland\/#primaryimage\"},\"image\":{\"@id\":\"https:\/\/now-news.de\/de\/deutschland\/eu-parlament-fordert-sondergerichtshof-gegen-russland-und-weissrussland\/#primaryimage\"},\"thumbnailUrl\":\"https:\/\/now-news.de\/de\/wp-content\/uploads\/sites\/3\/2023\/01\/EU-Parlament-fordert-Sondergerichtshof-gegen-Russland-und-Weissrussland.jpg\",\"datePublished\":\"2023-01-20T06:35:13+00:00\",\"dateModified\":\"2023-01-20T06:35:13+00:00\",\"breadcrumb\":{\"@id\":\"https:\/\/now-news.de\/de\/deutschland\/eu-parlament-fordert-sondergerichtshof-gegen-russland-und-weissrussland\/#breadcrumb\"},\"inLanguage\":\"de\",\"potentialAction\":[{\"@type\":\"ReadAction\",\"target\":[\"https:\/\/now-news.de\/de\/deutschland\/eu-parlament-fordert-sondergerichtshof-gegen-russland-und-weissrussland\/\"]}]},{\"@type\":\"ImageObject\",\"inLanguage\":\"de\",\"@id\":\"https:\/\/now-news.de\/de\/deutschland\/eu-parlament-fordert-sondergerichtshof-gegen-russland-und-weissrussland\/#primaryimage\",\"url\":\"https:\/\/now-news.de\/de\/wp-content\/uploads\/sites\/3\/2023\/01\/EU-Parlament-fordert-Sondergerichtshof-gegen-Russland-und-Weissrussland.jpg\",\"contentUrl\":\"https:\/\/now-news.de\/de\/wp-content\/uploads\/sites\/3\/2023\/01\/EU-Parlament-fordert-Sondergerichtshof-gegen-Russland-und-Weissrussland.jpg\",\"width\":460,\"height\":259,\"caption\":\"EU-Parlament fordert Sondergerichtshof gegen Russland und Wei\u00dfrussland\"},{\"@type\":\"BreadcrumbList\",\"@id\":\"https:\/\/now-news.de\/de\/deutschland\/eu-parlament-fordert-sondergerichtshof-gegen-russland-und-weissrussland\/#breadcrumb\",\"itemListElement\":[{\"@type\":\"ListItem\",\"position\":1,\"name\":\"Home\",\"item\":\"https:\/\/now-news.de\/de\/\"},{\"@type\":\"ListItem\",\"position\":2,\"name\":\"EU-Parlament fordert Sondergerichtshof gegen Russland und Wei\u00dfrussland\"}]},{\"@type\":\"WebSite\",\"@id\":\"https:\/\/now-news.de\/de\/#website\",\"url\":\"https:\/\/now-news.de\/de\/\",\"name\":\"just-now.NEWS Deutschland\",\"description\":\"Das Portal f\u00fcr unzensierte Nachrichten aus der Welt\",\"publisher\":{\"@id\":\"https:\/\/now-news.de\/de\/#organization\"},\"potentialAction\":[{\"@type\":\"SearchAction\",\"target\":{\"@type\":\"EntryPoint\",\"urlTemplate\":\"https:\/\/now-news.de\/de\/?s={search_term_string}\"},\"query-input\":\"required name=search_term_string\"}],\"inLanguage\":\"de\"},{\"@type\":\"Organization\",\"@id\":\"https:\/\/now-news.de\/de\/#organization\",\"name\":\"Just Now News\",\"url\":\"https:\/\/now-news.de\/de\/\",\"logo\":{\"@type\":\"ImageObject\",\"inLanguage\":\"de\",\"@id\":\"https:\/\/now-news.de\/de\/#\/schema\/logo\/image\/\",\"url\":\"http:\/\/just-now.news\/de\/wp-content\/uploads\/sites\/3\/2022\/04\/logo500x500.jpg\",\"contentUrl\":\"http:\/\/just-now.news\/de\/wp-content\/uploads\/sites\/3\/2022\/04\/logo500x500.jpg\",\"width\":500,\"height\":500,\"caption\":\"Just Now News\"},\"image\":{\"@id\":\"https:\/\/now-news.de\/de\/#\/schema\/logo\/image\/\"},\"sameAs\":[\"https:\/\/www.facebook.com\/wirmachenauf\",\"https:\/\/x.com\/WirMachenAuf_de\"]},{\"@type\":\"Person\",\"@id\":\"https:\/\/now-news.de\/de\/#\/schema\/person\/fb534a4e865501d8b3285208df34a9b5\",\"name\":\"rtnews\",\"image\":{\"@type\":\"ImageObject\",\"inLanguage\":\"de\",\"@id\":\"https:\/\/now-news.de\/de\/#\/schema\/person\/image\/\",\"url\":\"https:\/\/secure.gravatar.com\/avatar\/82aafea7d8127119dd649515f56e2117?s=96&d=mm&r=g\",\"contentUrl\":\"https:\/\/secure.gravatar.com\/avatar\/82aafea7d8127119dd649515f56e2117?s=96&d=mm&r=g\",\"caption\":\"rtnews\"},\"url\":\"https:\/\/now-news.de\/de\/author\/rnews\/\"}]}<\/script>\n<!-- \/ Yoast SEO Premium plugin. -->","yoast_head_json":{"title":"EU-Parlament fordert Sondergerichtshof gegen Russland und Wei\u00dfrussland - just-now.NEWS Deutschland","robots":{"index":"index","follow":"follow","max-snippet":"max-snippet:-1","max-image-preview":"max-image-preview:large","max-video-preview":"max-video-preview:-1"},"canonical":"https:\/\/now-news.de\/de\/deutschland\/eu-parlament-fordert-sondergerichtshof-gegen-russland-und-weissrussland\/","og_locale":"de_DE","og_type":"article","og_title":"EU-Parlament fordert Sondergerichtshof gegen Russland und Wei\u00dfrussland","og_description":"Mit gro\u00dfer Mehrheit hat das EU-Parlament eine Entschlie\u00dfung angenommen, in der die Bildung eines Sondergerichtshofs zur Aburteilung Russlands und Wei\u00dfrusslands gefordert wird. Aussicht auf internationale Anerkennung des Tribunals besteht jedoch nicht. Mit 472 Stimmen bei 19 Gegenstimmen und 33 Enthaltungen hat das Europaparlament in Stra\u00dfburg eine Entschlie\u00dfung angenommen, in der ein internationaler Sondergerichtshof zur strafrechtlichen [&hellip;]","og_url":"https:\/\/now-news.de\/de\/deutschland\/eu-parlament-fordert-sondergerichtshof-gegen-russland-und-weissrussland\/","og_site_name":"just-now.NEWS Deutschland","article_publisher":"https:\/\/www.facebook.com\/wirmachenauf","article_published_time":"2023-01-20T06:35:13+00:00","og_image":[{"width":460,"height":259,"url":"https:\/\/now-news.de\/de\/wp-content\/uploads\/sites\/3\/2023\/01\/EU-Parlament-fordert-Sondergerichtshof-gegen-Russland-und-Weissrussland.jpg","type":"image\/jpeg"}],"author":"rtnews","twitter_card":"summary_large_image","twitter_creator":"@WirMachenAuf_de","twitter_site":"@WirMachenAuf_de","twitter_misc":{"Verfasst von":"rtnews","Gesch\u00e4tzte Lesezeit":"2\u00a0Minuten"},"schema":{"@context":"https:\/\/schema.org","@graph":[{"@type":"Article","@id":"https:\/\/now-news.de\/de\/deutschland\/eu-parlament-fordert-sondergerichtshof-gegen-russland-und-weissrussland\/#article","isPartOf":{"@id":"https:\/\/now-news.de\/de\/deutschland\/eu-parlament-fordert-sondergerichtshof-gegen-russland-und-weissrussland\/"},"author":{"name":"rtnews","@id":"https:\/\/now-news.de\/de\/#\/schema\/person\/fb534a4e865501d8b3285208df34a9b5"},"headline":"EU-Parlament fordert Sondergerichtshof gegen Russland und Wei\u00dfrussland","datePublished":"2023-01-20T06:35:13+00:00","dateModified":"2023-01-20T06:35:13+00:00","mainEntityOfPage":{"@id":"https:\/\/now-news.de\/de\/deutschland\/eu-parlament-fordert-sondergerichtshof-gegen-russland-und-weissrussland\/"},"wordCount":337,"commentCount":0,"publisher":{"@id":"https:\/\/now-news.de\/de\/#organization"},"image":{"@id":"https:\/\/now-news.de\/de\/deutschland\/eu-parlament-fordert-sondergerichtshof-gegen-russland-und-weissrussland\/#primaryimage"},"thumbnailUrl":"https:\/\/now-news.de\/de\/wp-content\/uploads\/sites\/3\/2023\/01\/EU-Parlament-fordert-Sondergerichtshof-gegen-Russland-und-Weissrussland.jpg","keywords":["EUParlament","fordert","gegen","russland","Sondergerichtshof","und","Wei\u00dfrussland"],"articleSection":["Deutschland","Russland"],"inLanguage":"de","potentialAction":[{"@type":"CommentAction","name":"Comment","target":["https:\/\/now-news.de\/de\/deutschland\/eu-parlament-fordert-sondergerichtshof-gegen-russland-und-weissrussland\/#respond"]}]},{"@type":"WebPage","@id":"https:\/\/now-news.de\/de\/deutschland\/eu-parlament-fordert-sondergerichtshof-gegen-russland-und-weissrussland\/","url":"https:\/\/now-news.de\/de\/deutschland\/eu-parlament-fordert-sondergerichtshof-gegen-russland-und-weissrussland\/","name":"EU-Parlament fordert Sondergerichtshof gegen Russland und Wei\u00dfrussland - just-now.NEWS Deutschland","isPartOf":{"@id":"https:\/\/now-news.de\/de\/#website"},"primaryImageOfPage":{"@id":"https:\/\/now-news.de\/de\/deutschland\/eu-parlament-fordert-sondergerichtshof-gegen-russland-und-weissrussland\/#primaryimage"},"image":{"@id":"https:\/\/now-news.de\/de\/deutschland\/eu-parlament-fordert-sondergerichtshof-gegen-russland-und-weissrussland\/#primaryimage"},"thumbnailUrl":"https:\/\/now-news.de\/de\/wp-content\/uploads\/sites\/3\/2023\/01\/EU-Parlament-fordert-Sondergerichtshof-gegen-Russland-und-Weissrussland.jpg","datePublished":"2023-01-20T06:35:13+00:00","dateModified":"2023-01-20T06:35:13+00:00","breadcrumb":{"@id":"https:\/\/now-news.de\/de\/deutschland\/eu-parlament-fordert-sondergerichtshof-gegen-russland-und-weissrussland\/#breadcrumb"},"inLanguage":"de","potentialAction":[{"@type":"ReadAction","target":["https:\/\/now-news.de\/de\/deutschland\/eu-parlament-fordert-sondergerichtshof-gegen-russland-und-weissrussland\/"]}]},{"@type":"ImageObject","inLanguage":"de","@id":"https:\/\/now-news.de\/de\/deutschland\/eu-parlament-fordert-sondergerichtshof-gegen-russland-und-weissrussland\/#primaryimage","url":"https:\/\/now-news.de\/de\/wp-content\/uploads\/sites\/3\/2023\/01\/EU-Parlament-fordert-Sondergerichtshof-gegen-Russland-und-Weissrussland.jpg","contentUrl":"https:\/\/now-news.de\/de\/wp-content\/uploads\/sites\/3\/2023\/01\/EU-Parlament-fordert-Sondergerichtshof-gegen-Russland-und-Weissrussland.jpg","width":460,"height":259,"caption":"EU-Parlament fordert Sondergerichtshof gegen Russland und Wei\u00dfrussland"},{"@type":"BreadcrumbList","@id":"https:\/\/now-news.de\/de\/deutschland\/eu-parlament-fordert-sondergerichtshof-gegen-russland-und-weissrussland\/#breadcrumb","itemListElement":[{"@type":"ListItem","position":1,"name":"Home","item":"https:\/\/now-news.de\/de\/"},{"@type":"ListItem","position":2,"name":"EU-Parlament fordert Sondergerichtshof gegen Russland und Wei\u00dfrussland"}]},{"@type":"WebSite","@id":"https:\/\/now-news.de\/de\/#website","url":"https:\/\/now-news.de\/de\/","name":"just-now.NEWS Deutschland","description":"Das Portal f\u00fcr unzensierte Nachrichten aus der Welt","publisher":{"@id":"https:\/\/now-news.de\/de\/#organization"},"potentialAction":[{"@type":"SearchAction","target":{"@type":"EntryPoint","urlTemplate":"https:\/\/now-news.de\/de\/?s={search_term_string}"},"query-input":"required name=search_term_string"}],"inLanguage":"de"},{"@type":"Organization","@id":"https:\/\/now-news.de\/de\/#organization","name":"Just Now News","url":"https:\/\/now-news.de\/de\/","logo":{"@type":"ImageObject","inLanguage":"de","@id":"https:\/\/now-news.de\/de\/#\/schema\/logo\/image\/","url":"http:\/\/just-now.news\/de\/wp-content\/uploads\/sites\/3\/2022\/04\/logo500x500.jpg","contentUrl":"http:\/\/just-now.news\/de\/wp-content\/uploads\/sites\/3\/2022\/04\/logo500x500.jpg","width":500,"height":500,"caption":"Just Now News"},"image":{"@id":"https:\/\/now-news.de\/de\/#\/schema\/logo\/image\/"},"sameAs":["https:\/\/www.facebook.com\/wirmachenauf","https:\/\/x.com\/WirMachenAuf_de"]},{"@type":"Person","@id":"https:\/\/now-news.de\/de\/#\/schema\/person\/fb534a4e865501d8b3285208df34a9b5","name":"rtnews","image":{"@type":"ImageObject","inLanguage":"de","@id":"https:\/\/now-news.de\/de\/#\/schema\/person\/image\/","url":"https:\/\/secure.gravatar.com\/avatar\/82aafea7d8127119dd649515f56e2117?s=96&d=mm&r=g","contentUrl":"https:\/\/secure.gravatar.com\/avatar\/82aafea7d8127119dd649515f56e2117?s=96&d=mm&r=g","caption":"rtnews"},"url":"https:\/\/now-news.de\/de\/author\/rnews\/"}]}},"_links":{"self":[{"href":"https:\/\/now-news.de\/de\/wp-json\/wp\/v2\/posts\/28189"}],"collection":[{"href":"https:\/\/now-news.de\/de\/wp-json\/wp\/v2\/posts"}],"about":[{"href":"https:\/\/now-news.de\/de\/wp-json\/wp\/v2\/types\/post"}],"author":[{"embeddable":true,"href":"https:\/\/now-news.de\/de\/wp-json\/wp\/v2\/users\/3"}],"replies":[{"embeddable":true,"href":"https:\/\/now-news.de\/de\/wp-json\/wp\/v2\/comments?post=28189"}],"version-history":[{"count":0,"href":"https:\/\/now-news.de\/de\/wp-json\/wp\/v2\/posts\/28189\/revisions"}],"wp:featuredmedia":[{"embeddable":true,"href":"https:\/\/now-news.de\/de\/wp-json\/wp\/v2\/media\/28190"}],"wp:attachment":[{"href":"https:\/\/now-news.de\/de\/wp-json\/wp\/v2\/media?parent=28189"}],"wp:term":[{"taxonomy":"category","embeddable":true,"href":"https:\/\/now-news.de\/de\/wp-json\/wp\/v2\/categories?post=28189"},{"taxonomy":"post_tag","embeddable":true,"href":"https:\/\/now-news.de\/de\/wp-json\/wp\/v2\/tags?post=28189"}],"curies":[{"name":"wp","href":"https:\/\/api.w.org\/{rel}","templated":true}]}}