{"id":28169,"date":"2023-01-19T22:18:00","date_gmt":"2023-01-19T20:18:00","guid":{"rendered":"https:\/\/just-now.news\/de\/deutschland\/liveticker-ukraine-krieg-russische-truppen-beginnen-offensive-im-gebiet-saporoschje\/"},"modified":"2023-01-19T22:18:00","modified_gmt":"2023-01-19T20:18:00","slug":"liveticker-ukraine-krieg-russische-truppen-beginnen-offensive-im-gebiet-saporoschje","status":"publish","type":"post","link":"https:\/\/now-news.de\/de\/deutschland\/liveticker-ukraine-krieg-russische-truppen-beginnen-offensive-im-gebiet-saporoschje\/","title":{"rendered":"Liveticker Ukraine-Krieg: Russische Truppen beginnen Offensive im Gebiet Saporoschje"},"content":{"rendered":"<div class=\"Text-root Text-type_1 \">\n                Russland f\u00fchrt gemeinsam mit den Streitkr\u00e4ften der Donbass-Republiken eine Milit\u00e4roperation in der Ukraine durch. Der Westen reagiert mit immer neuen Waffenlieferungen an die Ukraine und beispiellosen Sanktionen gegen Russland. Lesen Sie hier die neuesten Entwicklungen.\n            <\/div>\n<p><\/p>\n<div class=\"ArticleView-liveUpdates\">\n<div class=\"LiveUpdates-root\">\n<div class=\"LiveUpdates-content\">\n<ul class=\"LiveUpdates-list Listing-root\" data-listing=\"LiveUpdates\" data-count=\"10\">\n<li class=\"LiveUpdates-item Listing-item\">\n<div class=\"LiveUpdates-date\">\n<p class=\"HeaderNews-root HeaderNews-type_2 \">\n                19.01.2023 21:25 Uhr\n            <\/p>\n<\/div>\n<div class=\"LiveUpdate-root\">\n<div class=\"LiveUpdate-date\">\n<p class=\"HeaderNews-root HeaderNews-type_6 \">\n                21:25 Uhr\n            <\/p>\n<\/div>\n<div class=\"LiveUpdate-content\">\n<div class=\"LiveUpdate-text\">\n<div class=\"Text-root Text-type_5 ViewText-root\">\n<p><strong>Ukrainische Beh\u00f6rden initiieren Gesetzentwurf \u00fcber Verbot der\u00a0Ukrainisch-Orthodoxen Kirche<\/strong><\/p>\n<figure class=\"RTImage-root\">\n<div class=\"RTImage-image RTImage-original\"><picture class=\"Picture-root Picture-original\"><!--[if IE 9]><video style=\"display: none;\"><![endif]--><source media=\"(-webkit-min-device-pixel-ratio: 2) and (min-resolution: 120dpi)\" data-srcset=\" \nhttp:\/\/just-now.news\/de\/wp-content\/uploads\/sites\/3\/2023\/01\/63c995a2b480cc6b0f72824d.jpg 850w,\n                http:\/\/just-now.news\/de\/wp-content\/uploads\/sites\/3\/2023\/01\/63c995a2b480cc6b0f72824d.jpg 1960w,\n            \" ><source data-srcset=\" \nhttp:\/\/just-now.news\/de\/wp-content\/uploads\/sites\/3\/2023\/01\/63c995a2b480cc6b0f72824d.jpg 460w,\n              http:\/\/just-now.news\/de\/wp-content\/uploads\/sites\/3\/2023\/01\/63c995a2b480cc6b0f72824d.jpg 980w,\n            \" ><!--[if IE 9]><\/video><![endif]--><img decoding=\"async\" data- src=\"data:image\/png;base64,iVBORw0KGgoAAAANSUhEUgAAABAAAAAJCAQAAACRI2S5AAAAEElEQVR42mNkIAAYRxWAAQAG9gAKqv6+AwAAAABJRU5ErkJggg==\" class=\"Picture-root Picture-original lazyload\" data-src=\"http:\/\/just-now.news\/de\/wp-content\/uploads\/sites\/3\/2023\/01\/63c995a2b480cc6b0f72824d.jpg\" alt=\"\"><\/source><\/source><\/picture><!-- noscript pattern --><noscript><img decoding=\"async\" src=\"http:\/\/just-now.news\/de\/wp-content\/uploads\/sites\/3\/2023\/01\/63c995a2b480cc6b0f72824d.jpg\" alt=\"\"><\/noscript><\/div><figcaption class=\"RTImage-footer\"><span class=\"RTImage-caption\"><span class=\"RTImage-captionItem\">(Symbolbild)<\/span><\/span><span class=\"RTImage-source\"><span class=\"RTImage-captionItem\">Stinger<\/span><span class=\"RTImage-captionItem\"> \/ Sputnik<\/span><\/span><\/figcaption><\/figure>\n<p>Der ukrainische Premierminister Denis Schmygal hat der Werchowna Rada einen Gesetzentwurf vorgelegt, der darauf abzielt, die T\u00e4tigkeit der\u00a0Ukrainisch-Orthodoxen Kirche zu verbieten,\u00a0<a rel=\"nofollow noopener\" target=\"_blank\" href=\"https:\/\/tass.ru\/mezhdunarodnaya-panorama\/16841565\">berichtet<\/a>\u00a0<em>TASS<\/em>. Das Dokument wurde auf der Website des Parlaments ver\u00f6ffentlicht.<\/p>\n<p>Der Gesetzentwurf Nummer 8371 \u00fcber die &#8220;T\u00e4tigkeit bestimmter religi\u00f6ser Organisationen&#8221; kann es erm\u00f6glichen, die\u00a0Ukrainisch-Orthodoxe Kirche zu verbieten, falls die ukrainischen Beh\u00f6rden zu dem Schluss kommen, dass sie mit Russland in Verbindung stehe.<\/p>\n<p>Derzeit gibt es in der Ukraine die\u00a0Ukrainisch-Orthodoxe Kirche und die\u00a0Orthodoxe Kirche der Ukraine. Die Letztere war im Jahr 2018 gegr\u00fcndet worden. Nach dem Beginn der Spezialoperation hatte die\u00a0Ukrainisch-orthodoxe Kirche ihre Unabh\u00e4ngigkeit von der Russisch-Orthodoxen Kirche erkl\u00e4rt.<\/p>\n<\/div>\n<\/div>\n<\/div>\n<\/div>\n<\/li>\n<li class=\"LiveUpdates-item Listing-item\">\n<div class=\"LiveUpdate-root\">\n<div class=\"LiveUpdate-date\">\n<p class=\"HeaderNews-root HeaderNews-type_6 \">\n                20:55 Uhr\n            <\/p>\n<\/div>\n<div class=\"LiveUpdate-content\">\n<div class=\"LiveUpdate-text\">\n<div class=\"Text-root Text-type_5 ViewText-root\">\n<p><strong>Beamter von Saporoschje: Russische Truppen bringen vier Ortschaften bei Orechow unter Kontrolle<\/strong><\/p>\n<figure class=\"RTImage-root\">\n<div class=\"RTImage-image RTImage-original\"><picture class=\"Picture-root Picture-original\"><!--[if IE 9]><video style=\"display: none;\"><![endif]--><source media=\"(-webkit-min-device-pixel-ratio: 2) and (min-resolution: 120dpi)\" data-srcset=\" \nhttp:\/\/just-now.news\/de\/wp-content\/uploads\/sites\/3\/2023\/01\/63c98c7b48fbef1dbc5307cf.jpg 850w,\n                http:\/\/just-now.news\/de\/wp-content\/uploads\/sites\/3\/2023\/01\/63c98c7b48fbef1dbc5307cf.jpg 1960w,\n            \" ><source data-srcset=\" \nhttp:\/\/just-now.news\/de\/wp-content\/uploads\/sites\/3\/2023\/01\/63c98c7b48fbef1dbc5307cf.jpg 460w,\n              http:\/\/just-now.news\/de\/wp-content\/uploads\/sites\/3\/2023\/01\/63c98c7b48fbef1dbc5307cf.jpg 980w,\n            \" ><!--[if IE 9]><\/video><![endif]--><img decoding=\"async\" data- src=\"data:image\/png;base64,iVBORw0KGgoAAAANSUhEUgAAABAAAAAJCAQAAACRI2S5AAAAEElEQVR42mNkIAAYRxWAAQAG9gAKqv6+AwAAAABJRU5ErkJggg==\" class=\"Picture-root Picture-original lazyload\" data-src=\"http:\/\/just-now.news\/de\/wp-content\/uploads\/sites\/3\/2023\/01\/63c98c7b48fbef1dbc5307cf.jpg\" alt=\"\"><\/source><\/source><\/picture><!-- noscript pattern --><noscript><img decoding=\"async\" src=\"http:\/\/just-now.news\/de\/wp-content\/uploads\/sites\/3\/2023\/01\/63c98c7b48fbef1dbc5307cf.jpg\" alt=\"\"><\/noscript><\/div><figcaption class=\"RTImage-footer\"><span class=\"RTImage-caption\"><span class=\"RTImage-captionItem\">Archivbild: Eine russische Panzerhaubitze vom Typ Msta-SM2, 13. Januar<\/span><\/span><span class=\"RTImage-source\"><span class=\"RTImage-captionItem\">Das Verteidigungsministerium Russlands<\/span><span class=\"RTImage-captionItem\"> \/ Sputnik<\/span><\/span><\/figcaption><\/figure>\n<p>Die russischen Streitkr\u00e4fte sollen vier Ortschaften bei der Stadt Orechow im Gebiet Saporoschje unter ihre Kontrolle gebracht haben. Dies <a rel=\"nofollow noopener\" target=\"_blank\" href=\"https:\/\/tass.ru\/politika\/16841211\">teilte<\/a> der Beamte des Hauptrates der Gebietsverwaltung von Saporoschje Wladimir Rogow am Donnerstag <em>TASS<\/em>. Er f\u00fcgte lediglich hinzu:<\/p>\n<p><em>&#8220;Das ist ein lokaler Erfolg.&#8221;<\/em><\/p>\n<p>Rogow unterstrich au\u00dferdem, dass die ukrainische Armee nach Informationen der Funkspruchabh\u00f6rung in\u00a0diesem Gebiet einen Mangel an Artillerie und Drohnen habe, was sie zum R\u00fcckzug zwingen k\u00f6nnte.<\/p>\n<\/div>\n<\/div>\n<\/div>\n<\/div>\n<\/li>\n<li class=\"LiveUpdates-item Listing-item\">\n<div class=\"LiveUpdate-root\">\n<div class=\"LiveUpdate-date\">\n<p class=\"HeaderNews-root HeaderNews-type_6 \">\n                20:33 Uhr\n            <\/p>\n<\/div>\n<div class=\"LiveUpdate-content\">\n<div class=\"LiveUpdate-text\">\n<div class=\"Text-root Text-type_5 ViewText-root\">\n<p><strong>Bundestag: &#8220;Lieferung von Kampfpanzern an die Ukraine bleibt strittig&#8221;<\/strong><\/p>\n<p>Die Abgeordneten des Bundestages haben am 19. Januar nicht f\u00fcr die \u00dcbergabe von Kampfpanzern der Typen Leopard 1 und Leopard 2 an die Ukraine gestimmt, da mehrere Parteien den Vorschlag ablehnten. Der Bundestag hat einen Antrag der CDU\/CSU-Fraktion zur Lieferung deutscher Kampfpanzer vom Typ Leopard 1 beziehungsweise Leopard 2 nach einer &#8220;hitzigen Debatte&#8221; zur weiteren Beratung in den federf\u00fchrenden Ausw\u00e4rtigen Ausschuss \u00fcberwiesen. Die Union hatte eine sofortige Abstimmung gefordert, dies scheiterte jedoch am Votum der Koalitionsfraktionen, der AfD- und der Linksfraktion, <a rel=\"nofollow noopener\" target=\"_blank\" href=\"https:\/\/www.bundestag.de\/dokumente\/textarchiv\/2023\/kw03-de-ukraine-kampfpanzer-929556\">hei\u00dft<\/a> es auf der Website des Bundestags. Au\u00dferdem gibt es keine Einigung \u00fcber die Lieferung von Kampfpanzern innerhalb der Regierungskoalition, vor allem in der SPD.<\/p>\n<\/div>\n<\/div>\n<\/div>\n<\/div>\n<\/li>\n<li class=\"LiveUpdates-item Listing-item\">\n<div class=\"LiveUpdate-root\">\n<div class=\"LiveUpdate-date\">\n<p class=\"HeaderNews-root HeaderNews-type_6 \">\n                20:06 Uhr\n            <\/p>\n<\/div>\n<div class=\"LiveUpdate-content\">\n<div class=\"LiveUpdate-text\">\n<div class=\"Text-root Text-type_5 ViewText-root\">\n<p><strong>Gro\u00dfbritannien will 600 weitere Raketen an die Ukraine liefern<\/strong><\/p>\n<p>Gro\u00dfbritannien will 600 weitere Raketen vom Typ Brimstone in die Ukraine schicken. Das k\u00fcndigte Verteidigungsminister Ben Wallace am Donnerstag auf dem estnischen Milit\u00e4rst\u00fctzpunkt Tapa an. N\u00e4here Angaben zum Zeitpunkt der Lieferung machte er zun\u00e4chst nicht. Wallace nahm in Tapa an einem Treffen von Verteidigungsministern mehrerer europ\u00e4ischer L\u00e4nder teil, das von seinem estnischen Kollegen Hanno Pevkur und ihm initiiert worden war. Bei dem Treffen erkl\u00e4rte Pevkur:<\/p>\n<p><em>&#8220;Was die Ukraine am meisten braucht, sind schwere Waffen \u2026&#8221;<\/em><\/p>\n<p>Litauens Verteidigungsminister Arvydas Anu\u0161auskas betonte au\u00dferdem, dass die Unterst\u00fctzung f\u00fcr die ukrainischen Streitkr\u00e4fte unbeschr\u00e4nkt sein m\u00fcsse, und rief zur Lieferung von Kampfpanzern auf.<\/p>\n<\/div>\n<\/div>\n<\/div>\n<\/div>\n<\/li>\n<li class=\"LiveUpdates-item Listing-item\">\n<div class=\"LiveUpdate-root\">\n<div class=\"LiveUpdate-date\">\n<p class=\"HeaderNews-root HeaderNews-type_6 \">\n                19:41 Uhr\n            <\/p>\n<\/div>\n<div class=\"LiveUpdate-content\">\n<div class=\"LiveUpdate-text\">\n<div class=\"Text-root Text-type_5 ViewText-root\">\n<p><strong>Medienbericht: Deutsche R\u00fcstungsindustrie ist bereit, <\/strong><strong>der Ukraine <\/strong><strong>bis zu 100 Kampfpanzer zu \u00fcbergeben<\/strong><\/p>\n<figure class=\"RTImage-root\">\n<div class=\"RTImage-image RTImage-original\"><picture class=\"Picture-root Picture-original\"><!--[if IE 9]><video style=\"display: none;\"><![endif]--><source media=\"(-webkit-min-device-pixel-ratio: 2) and (min-resolution: 120dpi)\" data-srcset=\" \nhttp:\/\/just-now.news\/de\/wp-content\/uploads\/sites\/3\/2023\/01\/63c97421b480cc6b26322dbc.jpg 850w,\n                http:\/\/just-now.news\/de\/wp-content\/uploads\/sites\/3\/2023\/01\/63c97421b480cc6b26322dbc.jpg 1960w,\n            \" ><source data-srcset=\" \nhttp:\/\/just-now.news\/de\/wp-content\/uploads\/sites\/3\/2023\/01\/63c97421b480cc6b26322dbc.jpg 460w,\n              http:\/\/just-now.news\/de\/wp-content\/uploads\/sites\/3\/2023\/01\/63c97421b480cc6b26322dbc.jpg 980w,\n            \" ><!--[if IE 9]><\/video><![endif]--><img decoding=\"async\" data- src=\"data:image\/png;base64,iVBORw0KGgoAAAANSUhEUgAAABAAAAAJCAQAAACRI2S5AAAAEElEQVR42mNkIAAYRxWAAQAG9gAKqv6+AwAAAABJRU5ErkJggg==\" class=\"Picture-root Picture-original lazyload\" data-src=\"http:\/\/just-now.news\/de\/wp-content\/uploads\/sites\/3\/2023\/01\/63c97421b480cc6b26322dbc.jpg\" alt=\"\"><\/source><\/source><\/picture><!-- noscript pattern --><noscript><img decoding=\"async\" src=\"http:\/\/just-now.news\/de\/wp-content\/uploads\/sites\/3\/2023\/01\/63c97421b480cc6b26322dbc.jpg\" alt=\"\"><\/noscript><\/div><figcaption class=\"RTImage-footer\"><span class=\"RTImage-caption\"><span class=\"RTImage-captionItem\">Archivbild: Ein Kampfpanzer vom Typ Leopard 2<\/span><\/span><span class=\"RTImage-source\"><span class=\"RTImage-captionItem\">Ari<\/span><span class=\"RTImage-captionItem\"> \/ Legion-media.ru<\/span><\/span><\/figcaption><\/figure>\n<p>Die deutsche R\u00fcstungsindustrie k\u00f6nne in diesem Jahr \u00fcber 100 deutsche Leopard-1- und Leopard-2-Kampfpanzer sowie britische Challenger-1-Kampfpanzer aufarbeiten und der Ukraine \u00fcbergeben.\u00a0Dies <a rel=\"nofollow noopener\" target=\"_blank\" href=\"https:\/\/www.handelsblatt.com\/politik\/deutschland\/ukraine-krieg-verbuendete-und-industrie-erhoehen-in-panzerdebatte-druck-auf-berlin-\/28933606.html\">berichtet<\/a>\u00a0die Zeitung\u00a0<em>Handelsblatt<\/em> am Donnerstag unter Berufung auf Branchenkreisen. Damit m\u00fcsste die Bundeswehr keine Panzer aus dem eigenen &#8220;knappen Bestand&#8221; abgeben. Doch muss dem noch von der Bundesregierung zugestimmt werden. Der\u00a0Rheinmetall-Konzern k\u00f6nne britische Panzer vom Typ Challenger 1 von\u00a0Oman kaufen und aufr\u00fcsten. Neben dem Challenger bietet\u00a0<a rel=\"nofollow noopener\" target=\"_blank\" href=\"https:\/\/www.handelsblatt.com\/themen\/rheinmetall\">Rheinmetall<\/a>\u00a0die Lieferung von Leopard 1 und Leopard 2 an.\u00a0Vom \u00e4lteren Leopard 1 k\u00f6nne der Konzern in diesem Jahr 20 Kampfpanzer neu ausr\u00fcsten und abgeben, weitere 80 Kampfpanzer sollen innerhalb von 20 Monaten folgen.<\/p>\n<\/div>\n<\/div>\n<\/div>\n<\/div>\n<\/li>\n<li class=\"LiveUpdates-item Listing-item\">\n<div class=\"LiveUpdate-root\">\n<div class=\"LiveUpdate-date\">\n<p class=\"HeaderNews-root HeaderNews-type_6 \">\n                19:06 Uhr\n            <\/p>\n<\/div>\n<div class=\"LiveUpdate-content\">\n<div class=\"LiveUpdate-text\">\n<div class=\"Text-root Text-type_5 ViewText-root\">\n<p><strong>D\u00e4nemark will an die Ukraine Artillerie liefern und verz\u00f6gert damit seine eigene Aufr\u00fcstung<\/strong><\/p>\n<figure class=\"RTImage-root\">\n<div class=\"RTImage-image RTImage-original\"><picture class=\"Picture-root Picture-original\"><!--[if IE 9]><video style=\"display: none;\"><![endif]--><source media=\"(-webkit-min-device-pixel-ratio: 2) and (min-resolution: 120dpi)\" data-srcset=\" \nhttp:\/\/just-now.news\/de\/wp-content\/uploads\/sites\/3\/2023\/01\/63c96b93b480cc6b26322daa.jpg 850w,\n                http:\/\/just-now.news\/de\/wp-content\/uploads\/sites\/3\/2023\/01\/63c96b93b480cc6b26322daa.jpg 1960w,\n            \" ><source data-srcset=\" \nhttp:\/\/just-now.news\/de\/wp-content\/uploads\/sites\/3\/2023\/01\/63c96b93b480cc6b26322daa.jpg 460w,\n              http:\/\/just-now.news\/de\/wp-content\/uploads\/sites\/3\/2023\/01\/63c96b93b480cc6b26322daa.jpg 980w,\n            \" ><!--[if IE 9]><\/video><![endif]--><img decoding=\"async\" data- src=\"data:image\/png;base64,iVBORw0KGgoAAAANSUhEUgAAABAAAAAJCAQAAACRI2S5AAAAEElEQVR42mNkIAAYRxWAAQAG9gAKqv6+AwAAAABJRU5ErkJggg==\" class=\"Picture-root Picture-original lazyload\" data-src=\"http:\/\/just-now.news\/de\/wp-content\/uploads\/sites\/3\/2023\/01\/63c96b93b480cc6b26322daa.jpg\" alt=\"\"><\/source><\/source><\/picture><!-- noscript pattern --><noscript><img decoding=\"async\" src=\"http:\/\/just-now.news\/de\/wp-content\/uploads\/sites\/3\/2023\/01\/63c96b93b480cc6b26322daa.jpg\" alt=\"\"><\/noscript><\/div><figcaption class=\"RTImage-footer\"><span class=\"RTImage-caption\"><span class=\"RTImage-captionItem\">Archivbild: Jakob Ellemann-Jensen, Verteidigungsminister D\u00e4nemarks, am 19. Dezember 2022<\/span><\/span><span class=\"RTImage-source\"><span class=\"RTImage-captionItem\">Gints Ivuskans<\/span><span class=\"RTImage-captionItem\"> \/ AFP<\/span><\/span><\/figcaption><\/figure>\n<p>D\u00e4nemark wird der Ukraine 19 Selbstfahrlafette vom Typ CAESAR \u00fcbergeben. Dies <a rel=\"nofollow noopener\" target=\"_blank\" href=\"https:\/\/www.reuters.com\/world\/europe\/denmark-send-artillery-ukraine-delaying-own-build-up-2023-01-19\/\">berichtet<\/a> die Nachrichtenagentur <em>Reuters<\/em> am Donnerstag unter Berufung auf das Verteidigungsministerium D\u00e4nemarks. Die Agentur zitiert den d\u00e4nischen Verteidigungsminister w\u00f6rtlich:<\/p>\n<p><em>&#8220;Wir waren in st\u00e4ndigem Kontakt mit den Ukrainern, insbesondere was die CAESAR-Artillerie betrifft, und ich bin sehr erfreut, dass wir jetzt vom d\u00e4nischen Parlament breite Unterst\u00fctzung erhalten haben, diese f\u00fcr den Freiheitskampf der Ukraine zu spenden.&#8221;<\/em><\/p>\n<p><em>Reuters<\/em> zufolge hatte D\u00e4nemark im Rahmen seiner Verpflichtungen gegen\u00fcber der NATO die Aufgabe, bis 2032 eine schwere Infanteriebrigade aufzubauen, die sogenannte 1. Brigade. Doch war das Projekt durch Verz\u00f6gerungen beeintr\u00e4chtigt worden. Die Spende der CAESAR-Haubitzen w\u00fcrde den Aufbau der 1. Brigade weiter verz\u00f6gern, so das Ministerium. Au\u00dferdem hat D\u00e4nemark noch nicht alle CAESAR-Artilleriesysteme erhalten, die vom franz\u00f6sischen Waffenhersteller Nexter entwickelt werden.<\/p>\n<\/div>\n<\/div>\n<\/div>\n<\/div>\n<\/li>\n<li class=\"LiveUpdates-item Listing-item\">\n<div class=\"LiveUpdate-root\">\n<div class=\"LiveUpdate-date\">\n<p class=\"HeaderNews-root HeaderNews-type_6 \">\n                18:38 Uhr\n            <\/p>\n<\/div>\n<div class=\"LiveUpdate-content\">\n<div class=\"LiveUpdate-text\">\n<div class=\"Text-root Text-type_5 ViewText-root\">\n<p><strong>Ein Zivilist beim Beschuss durch ukrainische Streitkr\u00e4fte in Kachowka get\u00f6tet<\/strong><\/p>\n<figure class=\"RTImage-root\">\n<div class=\"RTImage-image RTImage-original\"><picture class=\"Picture-root Picture-original\"><!--[if IE 9]><video style=\"display: none;\"><![endif]--><source media=\"(-webkit-min-device-pixel-ratio: 2) and (min-resolution: 120dpi)\" data-srcset=\" \nhttp:\/\/just-now.news\/de\/wp-content\/uploads\/sites\/3\/2023\/01\/63c9616ab480cc6af47892b0.jpg 850w,\n                http:\/\/just-now.news\/de\/wp-content\/uploads\/sites\/3\/2023\/01\/63c9616ab480cc6af47892b0.jpg 1960w,\n            \" ><source data-srcset=\" \nhttp:\/\/just-now.news\/de\/wp-content\/uploads\/sites\/3\/2023\/01\/63c9616ab480cc6af47892b0.jpg 460w,\n              http:\/\/just-now.news\/de\/wp-content\/uploads\/sites\/3\/2023\/01\/63c9616ab480cc6af47892b0.jpg 980w,\n            \" ><!--[if IE 9]><\/video><![endif]--><img decoding=\"async\" data- src=\"data:image\/png;base64,iVBORw0KGgoAAAANSUhEUgAAABAAAAAJCAQAAACRI2S5AAAAEElEQVR42mNkIAAYRxWAAQAG9gAKqv6+AwAAAABJRU5ErkJggg==\" class=\"Picture-root Picture-original lazyload\" data-src=\"http:\/\/just-now.news\/de\/wp-content\/uploads\/sites\/3\/2023\/01\/63c9616ab480cc6af47892b0.jpg\" alt=\"\"><\/source><\/source><\/picture><!-- noscript pattern --><noscript><img decoding=\"async\" src=\"http:\/\/just-now.news\/de\/wp-content\/uploads\/sites\/3\/2023\/01\/63c9616ab480cc6af47892b0.jpg\" alt=\"\"><\/noscript><\/div><figcaption class=\"RTImage-footer\"><span class=\"RTImage-caption\"><span class=\"RTImage-captionItem\">Archivbild: Ein Mann zeigt am 22. Dezember 2022 Bruchst\u00fccke eines Geschosses nach einem Beschuss von Donezk durch ukrainische Truppen.<\/span><\/span><span class=\"RTImage-source\"><span class=\"RTImage-captionItem\">Sergei Awerin<\/span><span class=\"RTImage-captionItem\"> \/ Sputnik<\/span><\/span><\/figcaption><\/figure>\n<p>Beim ukrainischen Beschuss der Stadt Kachowka im Gebiet Cherson sei am Donnerstag ein Mensch ums Leben gekommen. Dies <a rel=\"nofollow noopener\" target=\"_blank\" href=\"https:\/\/t.me\/VGA_Kakhovka\/4362\">teilt<\/a> die \u00f6rtliche Verwaltung auf Telegram mit. Au\u00dferdem habe ein Kind unter psycho-emotionalem Stress gelitten. Mehrere Privath\u00e4user seien besch\u00e4digt worden.<\/p>\n<p>Die Stromversorgung vor Ort sei vollst\u00e4ndig wiederhergestellt worden. Derzeit werde daran gearbeitet, die Gasversorgung wiederherzustellen.<\/p>\n<\/div>\n<\/div>\n<\/div>\n<\/div>\n<\/li>\n<li class=\"LiveUpdates-item Listing-item\">\n<div class=\"LiveUpdate-root\">\n<div class=\"LiveUpdate-date\">\n<p class=\"HeaderNews-root HeaderNews-type_6 \">\n                18:10 Uhr\n            <\/p>\n<\/div>\n<div class=\"LiveUpdate-content\">\n<div class=\"LiveUpdate-text\">\n<div class=\"Text-root Text-type_5 ViewText-root\">\n<p><strong>Sergei Lawrow: &#8220;Wir werden alles tun, um unsere Kollegen aus der NATO und der EU zu ern\u00fcchtern&#8221;<\/strong><\/p>\n<p>Der russische Au\u00dfenminister Sergei Lawrow hat auf einer Pressekonferenz nach dem Treffen mit seinem wei\u00dfrussischen Amtskollegen Sergei Aleinik in Minsk dem Westen vorgeworfen, die Ukraine in &#8220;Anti-Russland&#8221; verwandeln zu wollen. Somit wolle der Westen den rechtm\u00e4\u00dfigen Interessen der Russischen F\u00f6deration schaden und sie schw\u00e4chen. Dem russischen Chefdiplomaten zufolge will der Westen seinem Land eine strategische Niederlage zuf\u00fcgen, &#8220;um seine territoriale Integrit\u00e4t in Frage zu stellen&#8221;.<\/p>\n<p><em>&#8220;Diese Menschen sind total anma\u00dfend. Diese Menschen stellen ihre unb\u00e4ndigen politische Ambitionen, die Verwirklichung ihres Gef\u00fchls der eigenen \u00dcberlegenheit sowie ihre kolonialistischen und neokolonialistischen Tr\u00e4ume und Illusionen \u00fcber die Interessen ihrer eigenen V\u00f6lker.&#8221;<\/em><\/p>\n<p>Lawrow brachte seine Hoffnung zum Ausdruck, dass demn\u00e4chst im Westen eine Ern\u00fcchterung eintreten werde.<\/p>\n<p><em>&#8220;Wir werden zumindest unsererseits alles tun, um unsere Kollegen aus der NATO und der Europ\u00e4ischen Union so schnell wie m\u00f6glich zu ern\u00fcchtern.&#8221;<\/em><\/p>\n<\/div>\n<\/div>\n<\/div>\n<\/div>\n<\/li>\n<li class=\"LiveUpdates-item Listing-item\">\n<div class=\"LiveUpdate-root\">\n<div class=\"LiveUpdate-date\">\n<p class=\"HeaderNews-root HeaderNews-type_6 \">\n                17:37 Uhr\n            <\/p>\n<\/div>\n<div class=\"LiveUpdate-content\">\n<div class=\"LiveUpdate-text\">\n<div class=\"Text-root Text-type_5 ViewText-root\">\n<p><strong>Russische Truppen gehen im Gebiet Saporoschje in die Offensive<\/strong><\/p>\n<figure class=\"RTImage-root\">\n<div class=\"RTImage-image RTImage-original\"><picture class=\"Picture-root Picture-original\"><!--[if IE 9]><video style=\"display: none;\"><![endif]--><source media=\"(-webkit-min-device-pixel-ratio: 2) and (min-resolution: 120dpi)\" data-srcset=\" \nhttp:\/\/just-now.news\/de\/wp-content\/uploads\/sites\/3\/2023\/01\/63c95e61b480cc6b0f728215.jpg 850w,\n                http:\/\/just-now.news\/de\/wp-content\/uploads\/sites\/3\/2023\/01\/63c95e60b480cc6b0f728214.jpg 1960w,\n            \" ><source data-srcset=\" \nhttp:\/\/just-now.news\/de\/wp-content\/uploads\/sites\/3\/2023\/01\/63c95e61b480cc6b0f728215.jpg 460w,\n              http:\/\/just-now.news\/de\/wp-content\/uploads\/sites\/3\/2023\/01\/63c95e60b480cc6b0f728214.jpg 980w,\n            \" ><!--[if IE 9]><\/video><![endif]--><img decoding=\"async\" data- src=\"data:image\/png;base64,iVBORw0KGgoAAAANSUhEUgAAABAAAAAJCAQAAACRI2S5AAAAEElEQVR42mNkIAAYRxWAAQAG9gAKqv6+AwAAAABJRU5ErkJggg==\" class=\"Picture-root Picture-original lazyload\" data-src=\"http:\/\/just-now.news\/de\/wp-content\/uploads\/sites\/3\/2023\/01\/63c95e61b480cc6b0f728215.jpg\" alt=\"\"><\/source><\/source><\/picture><!-- noscript pattern --><noscript><img decoding=\"async\" src=\"http:\/\/just-now.news\/de\/wp-content\/uploads\/sites\/3\/2023\/01\/63c95e60b480cc6b0f728214.jpg\" alt=\"\"><\/noscript><\/div><figcaption class=\"RTImage-footer\"><span class=\"RTImage-caption\"><span class=\"RTImage-captionItem\">Archivbild: Russische Soldaten auf einer Akazija-Selbstfahrlafette, Gebiet Saporoschje<\/span><\/span><span class=\"RTImage-source\"><span class=\"RTImage-captionItem\">Konstantin Michaltschewski<\/span><span class=\"RTImage-captionItem\"> \/ Sputnik<\/span><\/span><\/figcaption><\/figure>\n<p>Die russische Armee habe eine lokale Offensive in der N\u00e4he der Stadt Orechow gestartet, teilte Wladimir Rogow, Mitglied des Hauptrates der Gebietsverwaltung von Saporoschje, <em>RIA Nowosti<\/em> mit. Er erkl\u00e4rte:<strong><\/strong><\/p>\n<p><em>&#8220;Unsere Truppen halten die besetzten Stellungen. Das von den ukrainischen K\u00e4mpfern befreite Territorium des Gebiets Saporoschje w\u00e4chst allm\u00e4hlich.&#8221;<\/em><\/p>\n<p>Rogow erinnerte daran, dass Orechow selbst noch von den ukrainischen Streitkr\u00e4ften kontrolliert wird.<\/p>\n<p>Ihm zufolge hat das russische Milit\u00e4r die Frontlinie in diesem Gebiet leicht verschoben, w\u00e4hrend die ukrainischen K\u00e4mpfer gezwungen waren, sich auf Reservelinien zur\u00fcckzuziehen.<\/p>\n<p>Rogow hatte diese Woche <em>RIA Nowosti<\/em> erkl\u00e4rt, dass die ukrainischen Streitkr\u00e4fte, die sich in letzter Zeit auf eine Offensive im Gebiet Saporoschje vorbereiteten, ihre Taktik drastisch ge\u00e4ndert und damit begonnen h\u00e4tten, in dem von ihnen kontrollierten Teil des Gebiets gleich mehrere Verteidigungslinien zu errichten.<\/p>\n<p>Au\u00dferdem begann das ukrainische Milit\u00e4r, die Gebietshauptstadt Saporoschje auf Stra\u00dfenk\u00e4mpfe vorzubereiten. Die ukrainischen K\u00e4mpfer bauen in den Vorst\u00e4dten Befestigungen, bauen Infrastruktur ab und richten in Fabriken milit\u00e4rische Einrichtungen ein.<\/p>\n<\/div>\n<\/div>\n<\/div>\n<\/div>\n<\/li>\n<li class=\"LiveUpdates-item Listing-item\">\n<div class=\"LiveUpdate-root\">\n<div class=\"LiveUpdate-date\">\n<p class=\"HeaderNews-root HeaderNews-type_6 \">\n                17:04 Uhr\n            <\/p>\n<\/div>\n<div class=\"LiveUpdate-content\">\n<div class=\"LiveUpdate-text\">\n<div class=\"Text-root Text-type_5 ViewText-root\">\n<p><strong>Bericht: Bis zu vier Millionen neue Fl\u00fcchtlinge aus Ukraine in EU\u00a0erwartet<\/strong><\/p>\n<figure class=\"RTImage-root\">\n<div class=\"RTImage-image RTImage-original\"><picture class=\"Picture-root Picture-original\"><!--[if IE 9]><video style=\"display: none;\"><![endif]--><source media=\"(-webkit-min-device-pixel-ratio: 2) and (min-resolution: 120dpi)\" data-srcset=\" \nhttp:\/\/just-now.news\/de\/wp-content\/uploads\/sites\/3\/2023\/01\/63c95124b480cc295d03d7d2.jpg 850w,\n                http:\/\/just-now.news\/de\/wp-content\/uploads\/sites\/3\/2023\/01\/63c95123b480cc295d03d7d1.jpg 1960w,\n            \" ><source data-srcset=\" \nhttp:\/\/just-now.news\/de\/wp-content\/uploads\/sites\/3\/2023\/01\/63c95124b480cc295d03d7d2.jpg 460w,\n              http:\/\/just-now.news\/de\/wp-content\/uploads\/sites\/3\/2023\/01\/63c95123b480cc295d03d7d1.jpg 980w,\n            \" ><!--[if IE 9]><\/video><![endif]--><img decoding=\"async\" data- src=\"data:image\/png;base64,iVBORw0KGgoAAAANSUhEUgAAABAAAAAJCAQAAACRI2S5AAAAEElEQVR42mNkIAAYRxWAAQAG9gAKqv6+AwAAAABJRU5ErkJggg==\" class=\"Picture-root Picture-original lazyload\" data-src=\"http:\/\/just-now.news\/de\/wp-content\/uploads\/sites\/3\/2023\/01\/63c95124b480cc295d03d7d2.jpg\" alt=\"\"><\/source><\/source><\/picture><!-- noscript pattern --><noscript><img decoding=\"async\" src=\"http:\/\/just-now.news\/de\/wp-content\/uploads\/sites\/3\/2023\/01\/63c95123b480cc295d03d7d1.jpg\" alt=\"\"><\/noscript><\/div><figcaption class=\"RTImage-footer\"><span class=\"RTImage-caption\"><span class=\"RTImage-captionItem\">Archivbild: Ukrainische Fl\u00fcchtlinge an der Bahnhofstation im polnischen Przemy\u015bl<\/span><\/span><span class=\"RTImage-source\"><span class=\"RTImage-captionItem\">WOJTEK RADWANSKI<\/span><span class=\"RTImage-captionItem\"> \/ AFP<\/span><\/span><\/figcaption><\/figure>\n<p>Bis zu vier Millionen Fl\u00fcchtlinge k\u00f6nnen in diesem Jahr in die EU-L\u00e4nder aus der Ukraine kommen. Diese Prognose <a rel=\"nofollow noopener\" target=\"_blank\" href=\"https:\/\/www.icmpd.org\/news\/migration-outlook-report-possible-second-wave-of-refugees-from-ukraine-and-further-weaponisation-of-migration\">gab<\/a> am Mittwoch das Internationale Zentrum f\u00fcr die Entwicklung der Migrationspolitik (International Centre for Migration Policy Development, ICMPD) mit Sitz in Wien ab. Der neue Zustrom von Fl\u00fcchtlingen k\u00f6nne die F\u00e4higkeit Europas, Einwanderer durchzulassen und zu integrieren, ernsthaft einschr\u00e4nken, hei\u00dft es in dem Bericht der Organisation.<\/p>\n<p>Seit Februar 2022 sind 7,9 Millionen Ukrainer nach Europa geflohen, davon erhielten 4,9 Millionen einen vor\u00fcbergehenden Schutzstatus. Laut dem ICMPD-Bericht werden die Fl\u00fcchtlinge, die letztes Jahr angekommen waren, im Jahr 2023 in gr\u00f6\u00dferer Zahl in den EU-Arbeitsmarkt eintreten, nachdem das Programm des vor\u00fcbergehenden Schutzes bis M\u00e4rz 2024 verl\u00e4ngert wurde.<\/p>\n<\/div>\n<\/div>\n<\/div>\n<\/div>\n<\/li>\n<\/ul>\n<div class=\"Listing-isReact\" data-rtmodule=\"Listing\" onload=\"return {\n                page: '1',\n                limit: '10',\n                listing: '\/listing\/parent.6209f961b480cc2c7e35341b\/noprepare\/liveupdates\/10\/1',\n            };\"><\/div>\n<\/div>\n<\/div>\n<\/div>\n<p><br \/>\n<br \/><a href=\"https:\/\/de.rt.com\/international\/131481-liveticker-ukraine-krieg-russische-truppen\/\">Source link <\/a><\/p>\n","protected":false},"excerpt":{"rendered":"<p>Russland f\u00fchrt gemeinsam mit den Streitkr\u00e4ften der Donbass-Republiken eine Milit\u00e4roperation in der Ukraine durch. Der Westen reagiert mit immer neuen Waffenlieferungen an die Ukraine und beispiellosen Sanktionen gegen Russland. Lesen Sie hier die neuesten Entwicklungen. 19.01.2023 21:25 Uhr 21:25 Uhr Ukrainische Beh\u00f6rden initiieren Gesetzentwurf \u00fcber Verbot der\u00a0Ukrainisch-Orthodoxen Kirche (Symbolbild)Stinger \/ Sputnik Der ukrainische Premierminister Denis [&hellip;]<\/p>\n","protected":false},"author":3,"featured_media":28170,"comment_status":"open","ping_status":"open","sticky":false,"template":"","format":"standard","meta":{"_yoast_indexnow_last_ping":["1674160862"],"wp_automatic_camp":["217"],"90e1a32448c06d706a467f287828f2b2":["Liveticker Ukraine-Krieg: Russische Truppen beginnen Offensive im Gebiet Saporoschje"],"original_link":["https:\/\/de.rt.com\/international\/131481-liveticker-ukraine-krieg-russische-truppen\/"],"_thumbnail_id":["28170"],"_wptgpro_p2tg_sent2tg":["a:1:{i:23737;s:19:\"2023-01-19 22:42:09\";}"],"jnews_social_counter_last_update":["1777573361"]},"categories":[19,23],"tags":[13260,23009,564,18036,570,21797,3574,566],"yoast_head":"<!-- This site is optimized with the Yoast SEO Premium plugin v22.7 (Yoast SEO v22.7) - https:\/\/yoast.com\/wordpress\/plugins\/seo\/ -->\n<title>Liveticker Ukraine-Krieg: Russische Truppen beginnen Offensive im Gebiet Saporoschje - just-now.NEWS Deutschland<\/title>\n<meta name=\"robots\" content=\"index, follow, max-snippet:-1, max-image-preview:large, max-video-preview:-1\" \/>\n<link rel=\"canonical\" href=\"https:\/\/now-news.de\/de\/deutschland\/liveticker-ukraine-krieg-russische-truppen-beginnen-offensive-im-gebiet-saporoschje\/\" \/>\n<meta property=\"og:locale\" content=\"de_DE\" \/>\n<meta property=\"og:type\" content=\"article\" \/>\n<meta property=\"og:title\" content=\"Liveticker Ukraine-Krieg: Russische Truppen beginnen Offensive im Gebiet Saporoschje\" \/>\n<meta property=\"og:description\" content=\"Russland f\u00fchrt gemeinsam mit den Streitkr\u00e4ften der Donbass-Republiken eine Milit\u00e4roperation in der Ukraine durch. Der Westen reagiert mit immer neuen Waffenlieferungen an die Ukraine und beispiellosen Sanktionen gegen Russland. Lesen Sie hier die neuesten Entwicklungen. 19.01.2023 21:25 Uhr 21:25 Uhr Ukrainische Beh\u00f6rden initiieren Gesetzentwurf \u00fcber Verbot der\u00a0Ukrainisch-Orthodoxen Kirche (Symbolbild)Stinger \/ Sputnik Der ukrainische Premierminister Denis [&hellip;]\" \/>\n<meta property=\"og:url\" content=\"https:\/\/now-news.de\/de\/deutschland\/liveticker-ukraine-krieg-russische-truppen-beginnen-offensive-im-gebiet-saporoschje\/\" \/>\n<meta property=\"og:site_name\" content=\"just-now.NEWS Deutschland\" \/>\n<meta property=\"article:publisher\" content=\"https:\/\/www.facebook.com\/wirmachenauf\" \/>\n<meta property=\"article:published_time\" content=\"2023-01-19T20:18:00+00:00\" \/>\n<meta property=\"og:image\" content=\"https:\/\/now-news.de\/de\/wp-content\/uploads\/sites\/3\/2023\/01\/Liveticker-Ukraine-Krieg-Russische-Truppen-beginnen-Offensive-im-Gebiet-Saporoschje.jpg\" \/>\n\t<meta property=\"og:image:width\" content=\"1620\" \/>\n\t<meta property=\"og:image:height\" content=\"1080\" \/>\n\t<meta property=\"og:image:type\" content=\"image\/jpeg\" \/>\n<meta name=\"author\" content=\"rtnews\" \/>\n<meta name=\"twitter:card\" content=\"summary_large_image\" \/>\n<meta name=\"twitter:creator\" content=\"@WirMachenAuf_de\" \/>\n<meta name=\"twitter:site\" content=\"@WirMachenAuf_de\" \/>\n<meta name=\"twitter:label1\" content=\"Verfasst von\" \/>\n\t<meta name=\"twitter:data1\" content=\"rtnews\" \/>\n\t<meta name=\"twitter:label2\" content=\"Gesch\u00e4tzte Lesezeit\" \/>\n\t<meta name=\"twitter:data2\" content=\"7\u00a0Minuten\" \/>\n<script type=\"application\/ld+json\" class=\"yoast-schema-graph\">{\"@context\":\"https:\/\/schema.org\",\"@graph\":[{\"@type\":\"Article\",\"@id\":\"https:\/\/now-news.de\/de\/deutschland\/liveticker-ukraine-krieg-russische-truppen-beginnen-offensive-im-gebiet-saporoschje\/#article\",\"isPartOf\":{\"@id\":\"https:\/\/now-news.de\/de\/deutschland\/liveticker-ukraine-krieg-russische-truppen-beginnen-offensive-im-gebiet-saporoschje\/\"},\"author\":{\"name\":\"rtnews\",\"@id\":\"https:\/\/now-news.de\/de\/#\/schema\/person\/fb534a4e865501d8b3285208df34a9b5\"},\"headline\":\"Liveticker Ukraine-Krieg: Russische Truppen beginnen Offensive im Gebiet Saporoschje\",\"datePublished\":\"2023-01-19T20:18:00+00:00\",\"dateModified\":\"2023-01-19T20:18:00+00:00\",\"mainEntityOfPage\":{\"@id\":\"https:\/\/now-news.de\/de\/deutschland\/liveticker-ukraine-krieg-russische-truppen-beginnen-offensive-im-gebiet-saporoschje\/\"},\"wordCount\":1425,\"commentCount\":0,\"publisher\":{\"@id\":\"https:\/\/now-news.de\/de\/#organization\"},\"image\":{\"@id\":\"https:\/\/now-news.de\/de\/deutschland\/liveticker-ukraine-krieg-russische-truppen-beginnen-offensive-im-gebiet-saporoschje\/#primaryimage\"},\"thumbnailUrl\":\"https:\/\/now-news.de\/de\/wp-content\/uploads\/sites\/3\/2023\/01\/Liveticker-Ukraine-Krieg-Russische-Truppen-beginnen-Offensive-im-Gebiet-Saporoschje.jpg\",\"keywords\":[\"beginnen\",\"Gebiet\",\"Liveticker\",\"offensive\",\"Russische\",\"Saporoschje\",\"Truppen\",\"UkraineKrieg\"],\"articleSection\":[\"Deutschland\",\"Russland\"],\"inLanguage\":\"de\",\"potentialAction\":[{\"@type\":\"CommentAction\",\"name\":\"Comment\",\"target\":[\"https:\/\/now-news.de\/de\/deutschland\/liveticker-ukraine-krieg-russische-truppen-beginnen-offensive-im-gebiet-saporoschje\/#respond\"]}]},{\"@type\":\"WebPage\",\"@id\":\"https:\/\/now-news.de\/de\/deutschland\/liveticker-ukraine-krieg-russische-truppen-beginnen-offensive-im-gebiet-saporoschje\/\",\"url\":\"https:\/\/now-news.de\/de\/deutschland\/liveticker-ukraine-krieg-russische-truppen-beginnen-offensive-im-gebiet-saporoschje\/\",\"name\":\"Liveticker Ukraine-Krieg: Russische Truppen beginnen Offensive im Gebiet Saporoschje - just-now.NEWS Deutschland\",\"isPartOf\":{\"@id\":\"https:\/\/now-news.de\/de\/#website\"},\"primaryImageOfPage\":{\"@id\":\"https:\/\/now-news.de\/de\/deutschland\/liveticker-ukraine-krieg-russische-truppen-beginnen-offensive-im-gebiet-saporoschje\/#primaryimage\"},\"image\":{\"@id\":\"https:\/\/now-news.de\/de\/deutschland\/liveticker-ukraine-krieg-russische-truppen-beginnen-offensive-im-gebiet-saporoschje\/#primaryimage\"},\"thumbnailUrl\":\"https:\/\/now-news.de\/de\/wp-content\/uploads\/sites\/3\/2023\/01\/Liveticker-Ukraine-Krieg-Russische-Truppen-beginnen-Offensive-im-Gebiet-Saporoschje.jpg\",\"datePublished\":\"2023-01-19T20:18:00+00:00\",\"dateModified\":\"2023-01-19T20:18:00+00:00\",\"breadcrumb\":{\"@id\":\"https:\/\/now-news.de\/de\/deutschland\/liveticker-ukraine-krieg-russische-truppen-beginnen-offensive-im-gebiet-saporoschje\/#breadcrumb\"},\"inLanguage\":\"de\",\"potentialAction\":[{\"@type\":\"ReadAction\",\"target\":[\"https:\/\/now-news.de\/de\/deutschland\/liveticker-ukraine-krieg-russische-truppen-beginnen-offensive-im-gebiet-saporoschje\/\"]}]},{\"@type\":\"ImageObject\",\"inLanguage\":\"de\",\"@id\":\"https:\/\/now-news.de\/de\/deutschland\/liveticker-ukraine-krieg-russische-truppen-beginnen-offensive-im-gebiet-saporoschje\/#primaryimage\",\"url\":\"https:\/\/now-news.de\/de\/wp-content\/uploads\/sites\/3\/2023\/01\/Liveticker-Ukraine-Krieg-Russische-Truppen-beginnen-Offensive-im-Gebiet-Saporoschje.jpg\",\"contentUrl\":\"https:\/\/now-news.de\/de\/wp-content\/uploads\/sites\/3\/2023\/01\/Liveticker-Ukraine-Krieg-Russische-Truppen-beginnen-Offensive-im-Gebiet-Saporoschje.jpg\",\"width\":1620,\"height\":1080,\"caption\":\"Liveticker Ukraine-Krieg: Russische Truppen beginnen Offensive im Gebiet Saporoschje\"},{\"@type\":\"BreadcrumbList\",\"@id\":\"https:\/\/now-news.de\/de\/deutschland\/liveticker-ukraine-krieg-russische-truppen-beginnen-offensive-im-gebiet-saporoschje\/#breadcrumb\",\"itemListElement\":[{\"@type\":\"ListItem\",\"position\":1,\"name\":\"Home\",\"item\":\"https:\/\/now-news.de\/de\/\"},{\"@type\":\"ListItem\",\"position\":2,\"name\":\"Liveticker Ukraine-Krieg: Russische Truppen beginnen Offensive im Gebiet Saporoschje\"}]},{\"@type\":\"WebSite\",\"@id\":\"https:\/\/now-news.de\/de\/#website\",\"url\":\"https:\/\/now-news.de\/de\/\",\"name\":\"just-now.NEWS Deutschland\",\"description\":\"Das Portal f\u00fcr unzensierte Nachrichten aus der Welt\",\"publisher\":{\"@id\":\"https:\/\/now-news.de\/de\/#organization\"},\"potentialAction\":[{\"@type\":\"SearchAction\",\"target\":{\"@type\":\"EntryPoint\",\"urlTemplate\":\"https:\/\/now-news.de\/de\/?s={search_term_string}\"},\"query-input\":\"required name=search_term_string\"}],\"inLanguage\":\"de\"},{\"@type\":\"Organization\",\"@id\":\"https:\/\/now-news.de\/de\/#organization\",\"name\":\"Just Now News\",\"url\":\"https:\/\/now-news.de\/de\/\",\"logo\":{\"@type\":\"ImageObject\",\"inLanguage\":\"de\",\"@id\":\"https:\/\/now-news.de\/de\/#\/schema\/logo\/image\/\",\"url\":\"http:\/\/just-now.news\/de\/wp-content\/uploads\/sites\/3\/2022\/04\/logo500x500.jpg\",\"contentUrl\":\"http:\/\/just-now.news\/de\/wp-content\/uploads\/sites\/3\/2022\/04\/logo500x500.jpg\",\"width\":500,\"height\":500,\"caption\":\"Just Now News\"},\"image\":{\"@id\":\"https:\/\/now-news.de\/de\/#\/schema\/logo\/image\/\"},\"sameAs\":[\"https:\/\/www.facebook.com\/wirmachenauf\",\"https:\/\/x.com\/WirMachenAuf_de\"]},{\"@type\":\"Person\",\"@id\":\"https:\/\/now-news.de\/de\/#\/schema\/person\/fb534a4e865501d8b3285208df34a9b5\",\"name\":\"rtnews\",\"image\":{\"@type\":\"ImageObject\",\"inLanguage\":\"de\",\"@id\":\"https:\/\/now-news.de\/de\/#\/schema\/person\/image\/\",\"url\":\"https:\/\/secure.gravatar.com\/avatar\/82aafea7d8127119dd649515f56e2117?s=96&d=mm&r=g\",\"contentUrl\":\"https:\/\/secure.gravatar.com\/avatar\/82aafea7d8127119dd649515f56e2117?s=96&d=mm&r=g\",\"caption\":\"rtnews\"},\"url\":\"https:\/\/now-news.de\/de\/author\/rnews\/\"}]}<\/script>\n<!-- \/ Yoast SEO Premium plugin. -->","yoast_head_json":{"title":"Liveticker Ukraine-Krieg: Russische Truppen beginnen Offensive im Gebiet Saporoschje - just-now.NEWS Deutschland","robots":{"index":"index","follow":"follow","max-snippet":"max-snippet:-1","max-image-preview":"max-image-preview:large","max-video-preview":"max-video-preview:-1"},"canonical":"https:\/\/now-news.de\/de\/deutschland\/liveticker-ukraine-krieg-russische-truppen-beginnen-offensive-im-gebiet-saporoschje\/","og_locale":"de_DE","og_type":"article","og_title":"Liveticker Ukraine-Krieg: Russische Truppen beginnen Offensive im Gebiet Saporoschje","og_description":"Russland f\u00fchrt gemeinsam mit den Streitkr\u00e4ften der Donbass-Republiken eine Milit\u00e4roperation in der Ukraine durch. Der Westen reagiert mit immer neuen Waffenlieferungen an die Ukraine und beispiellosen Sanktionen gegen Russland. Lesen Sie hier die neuesten Entwicklungen. 19.01.2023 21:25 Uhr 21:25 Uhr Ukrainische Beh\u00f6rden initiieren Gesetzentwurf \u00fcber Verbot der\u00a0Ukrainisch-Orthodoxen Kirche (Symbolbild)Stinger \/ Sputnik Der ukrainische Premierminister Denis [&hellip;]","og_url":"https:\/\/now-news.de\/de\/deutschland\/liveticker-ukraine-krieg-russische-truppen-beginnen-offensive-im-gebiet-saporoschje\/","og_site_name":"just-now.NEWS Deutschland","article_publisher":"https:\/\/www.facebook.com\/wirmachenauf","article_published_time":"2023-01-19T20:18:00+00:00","og_image":[{"width":1620,"height":1080,"url":"https:\/\/now-news.de\/de\/wp-content\/uploads\/sites\/3\/2023\/01\/Liveticker-Ukraine-Krieg-Russische-Truppen-beginnen-Offensive-im-Gebiet-Saporoschje.jpg","type":"image\/jpeg"}],"author":"rtnews","twitter_card":"summary_large_image","twitter_creator":"@WirMachenAuf_de","twitter_site":"@WirMachenAuf_de","twitter_misc":{"Verfasst von":"rtnews","Gesch\u00e4tzte Lesezeit":"7\u00a0Minuten"},"schema":{"@context":"https:\/\/schema.org","@graph":[{"@type":"Article","@id":"https:\/\/now-news.de\/de\/deutschland\/liveticker-ukraine-krieg-russische-truppen-beginnen-offensive-im-gebiet-saporoschje\/#article","isPartOf":{"@id":"https:\/\/now-news.de\/de\/deutschland\/liveticker-ukraine-krieg-russische-truppen-beginnen-offensive-im-gebiet-saporoschje\/"},"author":{"name":"rtnews","@id":"https:\/\/now-news.de\/de\/#\/schema\/person\/fb534a4e865501d8b3285208df34a9b5"},"headline":"Liveticker Ukraine-Krieg: Russische Truppen beginnen Offensive im Gebiet Saporoschje","datePublished":"2023-01-19T20:18:00+00:00","dateModified":"2023-01-19T20:18:00+00:00","mainEntityOfPage":{"@id":"https:\/\/now-news.de\/de\/deutschland\/liveticker-ukraine-krieg-russische-truppen-beginnen-offensive-im-gebiet-saporoschje\/"},"wordCount":1425,"commentCount":0,"publisher":{"@id":"https:\/\/now-news.de\/de\/#organization"},"image":{"@id":"https:\/\/now-news.de\/de\/deutschland\/liveticker-ukraine-krieg-russische-truppen-beginnen-offensive-im-gebiet-saporoschje\/#primaryimage"},"thumbnailUrl":"https:\/\/now-news.de\/de\/wp-content\/uploads\/sites\/3\/2023\/01\/Liveticker-Ukraine-Krieg-Russische-Truppen-beginnen-Offensive-im-Gebiet-Saporoschje.jpg","keywords":["beginnen","Gebiet","Liveticker","offensive","Russische","Saporoschje","Truppen","UkraineKrieg"],"articleSection":["Deutschland","Russland"],"inLanguage":"de","potentialAction":[{"@type":"CommentAction","name":"Comment","target":["https:\/\/now-news.de\/de\/deutschland\/liveticker-ukraine-krieg-russische-truppen-beginnen-offensive-im-gebiet-saporoschje\/#respond"]}]},{"@type":"WebPage","@id":"https:\/\/now-news.de\/de\/deutschland\/liveticker-ukraine-krieg-russische-truppen-beginnen-offensive-im-gebiet-saporoschje\/","url":"https:\/\/now-news.de\/de\/deutschland\/liveticker-ukraine-krieg-russische-truppen-beginnen-offensive-im-gebiet-saporoschje\/","name":"Liveticker Ukraine-Krieg: Russische Truppen beginnen Offensive im Gebiet Saporoschje - just-now.NEWS Deutschland","isPartOf":{"@id":"https:\/\/now-news.de\/de\/#website"},"primaryImageOfPage":{"@id":"https:\/\/now-news.de\/de\/deutschland\/liveticker-ukraine-krieg-russische-truppen-beginnen-offensive-im-gebiet-saporoschje\/#primaryimage"},"image":{"@id":"https:\/\/now-news.de\/de\/deutschland\/liveticker-ukraine-krieg-russische-truppen-beginnen-offensive-im-gebiet-saporoschje\/#primaryimage"},"thumbnailUrl":"https:\/\/now-news.de\/de\/wp-content\/uploads\/sites\/3\/2023\/01\/Liveticker-Ukraine-Krieg-Russische-Truppen-beginnen-Offensive-im-Gebiet-Saporoschje.jpg","datePublished":"2023-01-19T20:18:00+00:00","dateModified":"2023-01-19T20:18:00+00:00","breadcrumb":{"@id":"https:\/\/now-news.de\/de\/deutschland\/liveticker-ukraine-krieg-russische-truppen-beginnen-offensive-im-gebiet-saporoschje\/#breadcrumb"},"inLanguage":"de","potentialAction":[{"@type":"ReadAction","target":["https:\/\/now-news.de\/de\/deutschland\/liveticker-ukraine-krieg-russische-truppen-beginnen-offensive-im-gebiet-saporoschje\/"]}]},{"@type":"ImageObject","inLanguage":"de","@id":"https:\/\/now-news.de\/de\/deutschland\/liveticker-ukraine-krieg-russische-truppen-beginnen-offensive-im-gebiet-saporoschje\/#primaryimage","url":"https:\/\/now-news.de\/de\/wp-content\/uploads\/sites\/3\/2023\/01\/Liveticker-Ukraine-Krieg-Russische-Truppen-beginnen-Offensive-im-Gebiet-Saporoschje.jpg","contentUrl":"https:\/\/now-news.de\/de\/wp-content\/uploads\/sites\/3\/2023\/01\/Liveticker-Ukraine-Krieg-Russische-Truppen-beginnen-Offensive-im-Gebiet-Saporoschje.jpg","width":1620,"height":1080,"caption":"Liveticker Ukraine-Krieg: Russische Truppen beginnen Offensive im Gebiet Saporoschje"},{"@type":"BreadcrumbList","@id":"https:\/\/now-news.de\/de\/deutschland\/liveticker-ukraine-krieg-russische-truppen-beginnen-offensive-im-gebiet-saporoschje\/#breadcrumb","itemListElement":[{"@type":"ListItem","position":1,"name":"Home","item":"https:\/\/now-news.de\/de\/"},{"@type":"ListItem","position":2,"name":"Liveticker Ukraine-Krieg: Russische Truppen beginnen Offensive im Gebiet Saporoschje"}]},{"@type":"WebSite","@id":"https:\/\/now-news.de\/de\/#website","url":"https:\/\/now-news.de\/de\/","name":"just-now.NEWS Deutschland","description":"Das Portal f\u00fcr unzensierte Nachrichten aus der Welt","publisher":{"@id":"https:\/\/now-news.de\/de\/#organization"},"potentialAction":[{"@type":"SearchAction","target":{"@type":"EntryPoint","urlTemplate":"https:\/\/now-news.de\/de\/?s={search_term_string}"},"query-input":"required name=search_term_string"}],"inLanguage":"de"},{"@type":"Organization","@id":"https:\/\/now-news.de\/de\/#organization","name":"Just Now News","url":"https:\/\/now-news.de\/de\/","logo":{"@type":"ImageObject","inLanguage":"de","@id":"https:\/\/now-news.de\/de\/#\/schema\/logo\/image\/","url":"http:\/\/just-now.news\/de\/wp-content\/uploads\/sites\/3\/2022\/04\/logo500x500.jpg","contentUrl":"http:\/\/just-now.news\/de\/wp-content\/uploads\/sites\/3\/2022\/04\/logo500x500.jpg","width":500,"height":500,"caption":"Just Now News"},"image":{"@id":"https:\/\/now-news.de\/de\/#\/schema\/logo\/image\/"},"sameAs":["https:\/\/www.facebook.com\/wirmachenauf","https:\/\/x.com\/WirMachenAuf_de"]},{"@type":"Person","@id":"https:\/\/now-news.de\/de\/#\/schema\/person\/fb534a4e865501d8b3285208df34a9b5","name":"rtnews","image":{"@type":"ImageObject","inLanguage":"de","@id":"https:\/\/now-news.de\/de\/#\/schema\/person\/image\/","url":"https:\/\/secure.gravatar.com\/avatar\/82aafea7d8127119dd649515f56e2117?s=96&d=mm&r=g","contentUrl":"https:\/\/secure.gravatar.com\/avatar\/82aafea7d8127119dd649515f56e2117?s=96&d=mm&r=g","caption":"rtnews"},"url":"https:\/\/now-news.de\/de\/author\/rnews\/"}]}},"_links":{"self":[{"href":"https:\/\/now-news.de\/de\/wp-json\/wp\/v2\/posts\/28169"}],"collection":[{"href":"https:\/\/now-news.de\/de\/wp-json\/wp\/v2\/posts"}],"about":[{"href":"https:\/\/now-news.de\/de\/wp-json\/wp\/v2\/types\/post"}],"author":[{"embeddable":true,"href":"https:\/\/now-news.de\/de\/wp-json\/wp\/v2\/users\/3"}],"replies":[{"embeddable":true,"href":"https:\/\/now-news.de\/de\/wp-json\/wp\/v2\/comments?post=28169"}],"version-history":[{"count":0,"href":"https:\/\/now-news.de\/de\/wp-json\/wp\/v2\/posts\/28169\/revisions"}],"wp:featuredmedia":[{"embeddable":true,"href":"https:\/\/now-news.de\/de\/wp-json\/wp\/v2\/media\/28170"}],"wp:attachment":[{"href":"https:\/\/now-news.de\/de\/wp-json\/wp\/v2\/media?parent=28169"}],"wp:term":[{"taxonomy":"category","embeddable":true,"href":"https:\/\/now-news.de\/de\/wp-json\/wp\/v2\/categories?post=28169"},{"taxonomy":"post_tag","embeddable":true,"href":"https:\/\/now-news.de\/de\/wp-json\/wp\/v2\/tags?post=28169"}],"curies":[{"name":"wp","href":"https:\/\/api.w.org\/{rel}","templated":true}]}}