{"id":28127,"date":"2023-01-19T16:09:11","date_gmt":"2023-01-19T14:09:11","guid":{"rendered":"https:\/\/just-now.news\/de\/deutschland\/europaeischer-juedischer-kongress-will-entschuldigung-von-lawrow\/"},"modified":"2023-01-19T16:09:11","modified_gmt":"2023-01-19T14:09:11","slug":"europaeischer-juedischer-kongress-will-entschuldigung-von-lawrow","status":"publish","type":"post","link":"https:\/\/now-news.de\/de\/deutschland\/europaeischer-juedischer-kongress-will-entschuldigung-von-lawrow\/","title":{"rendered":"Europ\u00e4ischer J\u00fcdischer Kongress will Entschuldigung von Lawrow"},"content":{"rendered":"<p><img decoding=\"async\" src=\"http:\/\/just-now.news\/de\/wp-content\/uploads\/sites\/3\/2023\/01\/63c9320448fbef1c402981a6.jpg\" \/><\/p>\n<div class=\"Text-root Text-type_1 \">\n                Der Europ\u00e4ische J\u00fcdische Kongress hat den russischen Au\u00dfenminister Sergei Lawrow aufgefordert, sich zu entschuldigen. Lawrow hatte zuvor erkl\u00e4rt, die USA h\u00e4tten eine Koalition gebildet, um &#8220;Endl\u00f6sung der russischen Frage&#8221; zu kl\u00e4ren. Auch Washington \u00fcbte Kritik an Lawrows Worten.\n            <\/div>\n<p><\/p>\n<div class=\"Text-root Text-type_5 ArticleView-text ViewText-root \">\n<p>Nach Ansicht des Europ\u00e4ischen J\u00fcdischen Kongresses sollte sich der russische Chefdiplomat Sergei Lawrow daf\u00fcr entschuldigen, dass er die Politik der USA und ihrer Verb\u00fcndeten gegen\u00fcber Moskau mit der\u00a0Politik Adolf Hitlers verglichen hat. Dies <a rel=\"nofollow noopener\" target=\"_blank\" href=\"https:\/\/eurojewcong.org\/ejc-in-action\/statements\/european-jewish-congress-shocked-and-appalled-by-russian-fms-holocaust-reference\/\">geht<\/a>\u00a0aus einer Erkl\u00e4rung auf der Webseite des Kongresses hervor:<\/p>\n<blockquote>\n<p><em>&#8220;Wir sind schockiert und entsetzt \u00fcber diesen besch\u00e4menden Vergleich von Minister Lawrow der Handlungen einer Koalition demokratischer L\u00e4nder und Hitlers Verfolgung und Ermordung von sechs Millionen Juden w\u00e4hrend des Holocausts.&#8221;<\/em><\/p>\n<\/blockquote>\n<p>Lawrow hatte zuvor die Bem\u00fchungen der USA um die Bildung einer Koalition gegen Russland mit den Aktionen von Napoleon und Adolf Hitler verglichen. W\u00f6rtlich hie\u00df es:<\/p>\n<blockquote>\n<p><em>&#8220;Die Vereinigten Staaten haben eine Koalition aus fast allen Europ\u00e4ern gebildet, die Mitglieder der NATO sind, und nicht nur aus NATO-Mitgliedern, sondern auch aus Mitgliedern der EU. Sie f\u00fchren\u00a0\u00fcber die Ukraine einen Stellvertreterkrieg gegen unser Land mit der gleichen Aufgabe \u2013 der Aufgabe der Endl\u00f6sung der russischen Frage.&#8221;<\/em><\/p>\n<\/blockquote>\n<p>Lawrows \u00c4u\u00dferungen wurden vom J\u00fcdischen Kongress als &#8220;eine Verzerrung des Holocausts auf grundlegendster Ebene&#8221; bezeichnet. Daher forderte die Einrichtung eine Entschuldigung und die R\u00fccknahme der \u00c4u\u00dferung.<\/p>\n<p>Auch von der US-Regierung wurde Lawrows Erkl\u00e4rung kritisiert. John Kirby, Koordinator f\u00fcr strategische Kommunikation im Nationalen Sicherheitsrat des Wei\u00dfen Hauses, behauptet, die Aussage sei \u00e4u\u00dferst absurd.<\/p>\n<p>Unterdessen <a rel=\"nofollow noopener\" target=\"_blank\" href=\"https:\/\/lenta.ru\/news\/2023\/01\/19\/mid\/\">soll<\/a>\u00a0nach Angaben der Nachrichtenagentur <em>Lenta.ru<\/em> das russische Ausw\u00e4rtige Amt auf die Aufrufe des Europ\u00e4ischen J\u00fcdischen Kongresses bereits reagiert haben. Russland werde den Vorw\u00fcrfen des Kongresses nicht Rechnung tragen:<\/p>\n<blockquote>\n<p><em>&#8220;Die Meinung einer Organisation, die das katastrophale Ausma\u00df des Antisemitismus in der Ukraine viele Jahre lang ignoriert hat, ist uninteressant. Der Europ\u00e4ische J\u00fcdische Kongress hat es geschafft, SS-Symbole, Hakenkreuze und die Verherrlichung von Nazi-Kollaborateuren durch das Kiewer Regime zu \u00fcbersehen. Die Struktur hat sich in diesem Bereich selbst diskreditiert&#8221;.<\/em><\/p>\n<\/blockquote>\n<p><strong>Mehr zum Thema<\/strong> &#8211; <a rel=\"nofollow noopener\" target=\"_blank\" href=\"https:\/\/kurz.rt.com\/39x4\">Patruschew entschuldigt sich f\u00fcr \u00c4u\u00dferungen seines Stellvertreters \u00fcber die Chassidim<\/a><\/p>\n<\/div>\n<p><br \/>\n<br \/><a href=\"https:\/\/de.rt.com\/international\/160368-juedischer-kongress-fordert-von-aussenminister\/\">Source link <\/a><\/p>\n","protected":false},"excerpt":{"rendered":"<p>Der Europ\u00e4ische J\u00fcdische Kongress hat den russischen Au\u00dfenminister Sergei Lawrow aufgefordert, sich zu entschuldigen. Lawrow hatte zuvor erkl\u00e4rt, die USA h\u00e4tten eine Koalition gebildet, um &#8220;Endl\u00f6sung der russischen Frage&#8221; zu kl\u00e4ren. Auch Washington \u00fcbte Kritik an Lawrows Worten. Nach Ansicht des Europ\u00e4ischen J\u00fcdischen Kongresses sollte sich der russische Chefdiplomat Sergei Lawrow daf\u00fcr entschuldigen, dass er [&hellip;]<\/p>\n","protected":false},"author":3,"featured_media":28128,"comment_status":"open","ping_status":"open","sticky":false,"template":"","format":"standard","meta":{"_yoast_indexnow_last_ping":["1674137588"],"wp_automatic_camp":["217"],"7051610b354cd53f40cfe9c8da58c65c":["Europ\u00e4ischer J\u00fcdischer Kongress will Entschuldigung von Lawrow"],"original_link":["https:\/\/de.rt.com\/international\/160368-juedischer-kongress-fordert-von-aussenminister\/"],"_thumbnail_id":["28128"],"_wptgpro_p2tg_sent2tg":["a:1:{i:23737;s:19:\"2023-01-19 16:14:20\";}"],"jnews_social_counter_last_update":["1777590000"]},"categories":[19,23],"tags":[38903,21246,39323,20158,1018,50],"yoast_head":"<!-- This site is optimized with the Yoast SEO Premium plugin v22.7 (Yoast SEO v22.7) - https:\/\/yoast.com\/wordpress\/plugins\/seo\/ -->\n<title>Europ\u00e4ischer J\u00fcdischer Kongress will Entschuldigung von Lawrow - just-now.NEWS Deutschland<\/title>\n<meta name=\"robots\" content=\"index, follow, max-snippet:-1, max-image-preview:large, max-video-preview:-1\" \/>\n<link rel=\"canonical\" href=\"https:\/\/now-news.de\/de\/deutschland\/europaeischer-juedischer-kongress-will-entschuldigung-von-lawrow\/\" \/>\n<meta property=\"og:locale\" content=\"de_DE\" \/>\n<meta property=\"og:type\" content=\"article\" \/>\n<meta property=\"og:title\" content=\"Europ\u00e4ischer J\u00fcdischer Kongress will Entschuldigung von Lawrow\" \/>\n<meta property=\"og:description\" content=\"Der Europ\u00e4ische J\u00fcdische Kongress hat den russischen Au\u00dfenminister Sergei Lawrow aufgefordert, sich zu entschuldigen. Lawrow hatte zuvor erkl\u00e4rt, die USA h\u00e4tten eine Koalition gebildet, um &#8220;Endl\u00f6sung der russischen Frage&#8221; zu kl\u00e4ren. Auch Washington \u00fcbte Kritik an Lawrows Worten. Nach Ansicht des Europ\u00e4ischen J\u00fcdischen Kongresses sollte sich der russische Chefdiplomat Sergei Lawrow daf\u00fcr entschuldigen, dass er [&hellip;]\" \/>\n<meta property=\"og:url\" content=\"https:\/\/now-news.de\/de\/deutschland\/europaeischer-juedischer-kongress-will-entschuldigung-von-lawrow\/\" \/>\n<meta property=\"og:site_name\" content=\"just-now.NEWS Deutschland\" \/>\n<meta property=\"article:publisher\" content=\"https:\/\/www.facebook.com\/wirmachenauf\" \/>\n<meta property=\"article:published_time\" content=\"2023-01-19T14:09:11+00:00\" \/>\n<meta property=\"og:image\" content=\"https:\/\/now-news.de\/de\/wp-content\/uploads\/sites\/3\/2023\/01\/Europaeischer-Juedischer-Kongress-will-Entschuldigung-von-Lawrow.jpg\" \/>\n\t<meta property=\"og:image:width\" content=\"460\" \/>\n\t<meta property=\"og:image:height\" content=\"259\" \/>\n\t<meta property=\"og:image:type\" content=\"image\/jpeg\" \/>\n<meta name=\"author\" content=\"rtnews\" \/>\n<meta name=\"twitter:card\" content=\"summary_large_image\" \/>\n<meta name=\"twitter:creator\" content=\"@WirMachenAuf_de\" \/>\n<meta name=\"twitter:site\" content=\"@WirMachenAuf_de\" \/>\n<meta name=\"twitter:label1\" content=\"Verfasst von\" \/>\n\t<meta name=\"twitter:data1\" content=\"rtnews\" \/>\n\t<meta name=\"twitter:label2\" content=\"Gesch\u00e4tzte Lesezeit\" \/>\n\t<meta name=\"twitter:data2\" content=\"2\u00a0Minuten\" \/>\n<script type=\"application\/ld+json\" class=\"yoast-schema-graph\">{\"@context\":\"https:\/\/schema.org\",\"@graph\":[{\"@type\":\"Article\",\"@id\":\"https:\/\/now-news.de\/de\/deutschland\/europaeischer-juedischer-kongress-will-entschuldigung-von-lawrow\/#article\",\"isPartOf\":{\"@id\":\"https:\/\/now-news.de\/de\/deutschland\/europaeischer-juedischer-kongress-will-entschuldigung-von-lawrow\/\"},\"author\":{\"name\":\"rtnews\",\"@id\":\"https:\/\/now-news.de\/de\/#\/schema\/person\/fb534a4e865501d8b3285208df34a9b5\"},\"headline\":\"Europ\u00e4ischer J\u00fcdischer Kongress will Entschuldigung von Lawrow\",\"datePublished\":\"2023-01-19T14:09:11+00:00\",\"dateModified\":\"2023-01-19T14:09:11+00:00\",\"mainEntityOfPage\":{\"@id\":\"https:\/\/now-news.de\/de\/deutschland\/europaeischer-juedischer-kongress-will-entschuldigung-von-lawrow\/\"},\"wordCount\":381,\"commentCount\":0,\"publisher\":{\"@id\":\"https:\/\/now-news.de\/de\/#organization\"},\"image\":{\"@id\":\"https:\/\/now-news.de\/de\/deutschland\/europaeischer-juedischer-kongress-will-entschuldigung-von-lawrow\/#primaryimage\"},\"thumbnailUrl\":\"https:\/\/now-news.de\/de\/wp-content\/uploads\/sites\/3\/2023\/01\/Europaeischer-Juedischer-Kongress-will-Entschuldigung-von-Lawrow.jpg\",\"keywords\":[\"Entschuldigung\",\"europ\u00e4ischer\",\"J\u00fcdischer\",\"Kongress\",\"Lawrow\",\"von\"],\"articleSection\":[\"Deutschland\",\"Russland\"],\"inLanguage\":\"de\",\"potentialAction\":[{\"@type\":\"CommentAction\",\"name\":\"Comment\",\"target\":[\"https:\/\/now-news.de\/de\/deutschland\/europaeischer-juedischer-kongress-will-entschuldigung-von-lawrow\/#respond\"]}]},{\"@type\":\"WebPage\",\"@id\":\"https:\/\/now-news.de\/de\/deutschland\/europaeischer-juedischer-kongress-will-entschuldigung-von-lawrow\/\",\"url\":\"https:\/\/now-news.de\/de\/deutschland\/europaeischer-juedischer-kongress-will-entschuldigung-von-lawrow\/\",\"name\":\"Europ\u00e4ischer J\u00fcdischer Kongress will Entschuldigung von Lawrow - just-now.NEWS Deutschland\",\"isPartOf\":{\"@id\":\"https:\/\/now-news.de\/de\/#website\"},\"primaryImageOfPage\":{\"@id\":\"https:\/\/now-news.de\/de\/deutschland\/europaeischer-juedischer-kongress-will-entschuldigung-von-lawrow\/#primaryimage\"},\"image\":{\"@id\":\"https:\/\/now-news.de\/de\/deutschland\/europaeischer-juedischer-kongress-will-entschuldigung-von-lawrow\/#primaryimage\"},\"thumbnailUrl\":\"https:\/\/now-news.de\/de\/wp-content\/uploads\/sites\/3\/2023\/01\/Europaeischer-Juedischer-Kongress-will-Entschuldigung-von-Lawrow.jpg\",\"datePublished\":\"2023-01-19T14:09:11+00:00\",\"dateModified\":\"2023-01-19T14:09:11+00:00\",\"breadcrumb\":{\"@id\":\"https:\/\/now-news.de\/de\/deutschland\/europaeischer-juedischer-kongress-will-entschuldigung-von-lawrow\/#breadcrumb\"},\"inLanguage\":\"de\",\"potentialAction\":[{\"@type\":\"ReadAction\",\"target\":[\"https:\/\/now-news.de\/de\/deutschland\/europaeischer-juedischer-kongress-will-entschuldigung-von-lawrow\/\"]}]},{\"@type\":\"ImageObject\",\"inLanguage\":\"de\",\"@id\":\"https:\/\/now-news.de\/de\/deutschland\/europaeischer-juedischer-kongress-will-entschuldigung-von-lawrow\/#primaryimage\",\"url\":\"https:\/\/now-news.de\/de\/wp-content\/uploads\/sites\/3\/2023\/01\/Europaeischer-Juedischer-Kongress-will-Entschuldigung-von-Lawrow.jpg\",\"contentUrl\":\"https:\/\/now-news.de\/de\/wp-content\/uploads\/sites\/3\/2023\/01\/Europaeischer-Juedischer-Kongress-will-Entschuldigung-von-Lawrow.jpg\",\"width\":460,\"height\":259,\"caption\":\"Europ\u00e4ischer J\u00fcdischer Kongress will Entschuldigung von Lawrow\"},{\"@type\":\"BreadcrumbList\",\"@id\":\"https:\/\/now-news.de\/de\/deutschland\/europaeischer-juedischer-kongress-will-entschuldigung-von-lawrow\/#breadcrumb\",\"itemListElement\":[{\"@type\":\"ListItem\",\"position\":1,\"name\":\"Home\",\"item\":\"https:\/\/now-news.de\/de\/\"},{\"@type\":\"ListItem\",\"position\":2,\"name\":\"Europ\u00e4ischer J\u00fcdischer Kongress will Entschuldigung von Lawrow\"}]},{\"@type\":\"WebSite\",\"@id\":\"https:\/\/now-news.de\/de\/#website\",\"url\":\"https:\/\/now-news.de\/de\/\",\"name\":\"just-now.NEWS Deutschland\",\"description\":\"Das Portal f\u00fcr unzensierte Nachrichten aus der Welt\",\"publisher\":{\"@id\":\"https:\/\/now-news.de\/de\/#organization\"},\"potentialAction\":[{\"@type\":\"SearchAction\",\"target\":{\"@type\":\"EntryPoint\",\"urlTemplate\":\"https:\/\/now-news.de\/de\/?s={search_term_string}\"},\"query-input\":\"required name=search_term_string\"}],\"inLanguage\":\"de\"},{\"@type\":\"Organization\",\"@id\":\"https:\/\/now-news.de\/de\/#organization\",\"name\":\"Just Now News\",\"url\":\"https:\/\/now-news.de\/de\/\",\"logo\":{\"@type\":\"ImageObject\",\"inLanguage\":\"de\",\"@id\":\"https:\/\/now-news.de\/de\/#\/schema\/logo\/image\/\",\"url\":\"http:\/\/just-now.news\/de\/wp-content\/uploads\/sites\/3\/2022\/04\/logo500x500.jpg\",\"contentUrl\":\"http:\/\/just-now.news\/de\/wp-content\/uploads\/sites\/3\/2022\/04\/logo500x500.jpg\",\"width\":500,\"height\":500,\"caption\":\"Just Now News\"},\"image\":{\"@id\":\"https:\/\/now-news.de\/de\/#\/schema\/logo\/image\/\"},\"sameAs\":[\"https:\/\/www.facebook.com\/wirmachenauf\",\"https:\/\/x.com\/WirMachenAuf_de\"]},{\"@type\":\"Person\",\"@id\":\"https:\/\/now-news.de\/de\/#\/schema\/person\/fb534a4e865501d8b3285208df34a9b5\",\"name\":\"rtnews\",\"image\":{\"@type\":\"ImageObject\",\"inLanguage\":\"de\",\"@id\":\"https:\/\/now-news.de\/de\/#\/schema\/person\/image\/\",\"url\":\"https:\/\/secure.gravatar.com\/avatar\/82aafea7d8127119dd649515f56e2117?s=96&d=mm&r=g\",\"contentUrl\":\"https:\/\/secure.gravatar.com\/avatar\/82aafea7d8127119dd649515f56e2117?s=96&d=mm&r=g\",\"caption\":\"rtnews\"},\"url\":\"https:\/\/now-news.de\/de\/author\/rnews\/\"}]}<\/script>\n<!-- \/ Yoast SEO Premium plugin. -->","yoast_head_json":{"title":"Europ\u00e4ischer J\u00fcdischer Kongress will Entschuldigung von Lawrow - just-now.NEWS Deutschland","robots":{"index":"index","follow":"follow","max-snippet":"max-snippet:-1","max-image-preview":"max-image-preview:large","max-video-preview":"max-video-preview:-1"},"canonical":"https:\/\/now-news.de\/de\/deutschland\/europaeischer-juedischer-kongress-will-entschuldigung-von-lawrow\/","og_locale":"de_DE","og_type":"article","og_title":"Europ\u00e4ischer J\u00fcdischer Kongress will Entschuldigung von Lawrow","og_description":"Der Europ\u00e4ische J\u00fcdische Kongress hat den russischen Au\u00dfenminister Sergei Lawrow aufgefordert, sich zu entschuldigen. Lawrow hatte zuvor erkl\u00e4rt, die USA h\u00e4tten eine Koalition gebildet, um &#8220;Endl\u00f6sung der russischen Frage&#8221; zu kl\u00e4ren. Auch Washington \u00fcbte Kritik an Lawrows Worten. Nach Ansicht des Europ\u00e4ischen J\u00fcdischen Kongresses sollte sich der russische Chefdiplomat Sergei Lawrow daf\u00fcr entschuldigen, dass er [&hellip;]","og_url":"https:\/\/now-news.de\/de\/deutschland\/europaeischer-juedischer-kongress-will-entschuldigung-von-lawrow\/","og_site_name":"just-now.NEWS Deutschland","article_publisher":"https:\/\/www.facebook.com\/wirmachenauf","article_published_time":"2023-01-19T14:09:11+00:00","og_image":[{"width":460,"height":259,"url":"https:\/\/now-news.de\/de\/wp-content\/uploads\/sites\/3\/2023\/01\/Europaeischer-Juedischer-Kongress-will-Entschuldigung-von-Lawrow.jpg","type":"image\/jpeg"}],"author":"rtnews","twitter_card":"summary_large_image","twitter_creator":"@WirMachenAuf_de","twitter_site":"@WirMachenAuf_de","twitter_misc":{"Verfasst von":"rtnews","Gesch\u00e4tzte Lesezeit":"2\u00a0Minuten"},"schema":{"@context":"https:\/\/schema.org","@graph":[{"@type":"Article","@id":"https:\/\/now-news.de\/de\/deutschland\/europaeischer-juedischer-kongress-will-entschuldigung-von-lawrow\/#article","isPartOf":{"@id":"https:\/\/now-news.de\/de\/deutschland\/europaeischer-juedischer-kongress-will-entschuldigung-von-lawrow\/"},"author":{"name":"rtnews","@id":"https:\/\/now-news.de\/de\/#\/schema\/person\/fb534a4e865501d8b3285208df34a9b5"},"headline":"Europ\u00e4ischer J\u00fcdischer Kongress will Entschuldigung von Lawrow","datePublished":"2023-01-19T14:09:11+00:00","dateModified":"2023-01-19T14:09:11+00:00","mainEntityOfPage":{"@id":"https:\/\/now-news.de\/de\/deutschland\/europaeischer-juedischer-kongress-will-entschuldigung-von-lawrow\/"},"wordCount":381,"commentCount":0,"publisher":{"@id":"https:\/\/now-news.de\/de\/#organization"},"image":{"@id":"https:\/\/now-news.de\/de\/deutschland\/europaeischer-juedischer-kongress-will-entschuldigung-von-lawrow\/#primaryimage"},"thumbnailUrl":"https:\/\/now-news.de\/de\/wp-content\/uploads\/sites\/3\/2023\/01\/Europaeischer-Juedischer-Kongress-will-Entschuldigung-von-Lawrow.jpg","keywords":["Entschuldigung","europ\u00e4ischer","J\u00fcdischer","Kongress","Lawrow","von"],"articleSection":["Deutschland","Russland"],"inLanguage":"de","potentialAction":[{"@type":"CommentAction","name":"Comment","target":["https:\/\/now-news.de\/de\/deutschland\/europaeischer-juedischer-kongress-will-entschuldigung-von-lawrow\/#respond"]}]},{"@type":"WebPage","@id":"https:\/\/now-news.de\/de\/deutschland\/europaeischer-juedischer-kongress-will-entschuldigung-von-lawrow\/","url":"https:\/\/now-news.de\/de\/deutschland\/europaeischer-juedischer-kongress-will-entschuldigung-von-lawrow\/","name":"Europ\u00e4ischer J\u00fcdischer Kongress will Entschuldigung von Lawrow - just-now.NEWS Deutschland","isPartOf":{"@id":"https:\/\/now-news.de\/de\/#website"},"primaryImageOfPage":{"@id":"https:\/\/now-news.de\/de\/deutschland\/europaeischer-juedischer-kongress-will-entschuldigung-von-lawrow\/#primaryimage"},"image":{"@id":"https:\/\/now-news.de\/de\/deutschland\/europaeischer-juedischer-kongress-will-entschuldigung-von-lawrow\/#primaryimage"},"thumbnailUrl":"https:\/\/now-news.de\/de\/wp-content\/uploads\/sites\/3\/2023\/01\/Europaeischer-Juedischer-Kongress-will-Entschuldigung-von-Lawrow.jpg","datePublished":"2023-01-19T14:09:11+00:00","dateModified":"2023-01-19T14:09:11+00:00","breadcrumb":{"@id":"https:\/\/now-news.de\/de\/deutschland\/europaeischer-juedischer-kongress-will-entschuldigung-von-lawrow\/#breadcrumb"},"inLanguage":"de","potentialAction":[{"@type":"ReadAction","target":["https:\/\/now-news.de\/de\/deutschland\/europaeischer-juedischer-kongress-will-entschuldigung-von-lawrow\/"]}]},{"@type":"ImageObject","inLanguage":"de","@id":"https:\/\/now-news.de\/de\/deutschland\/europaeischer-juedischer-kongress-will-entschuldigung-von-lawrow\/#primaryimage","url":"https:\/\/now-news.de\/de\/wp-content\/uploads\/sites\/3\/2023\/01\/Europaeischer-Juedischer-Kongress-will-Entschuldigung-von-Lawrow.jpg","contentUrl":"https:\/\/now-news.de\/de\/wp-content\/uploads\/sites\/3\/2023\/01\/Europaeischer-Juedischer-Kongress-will-Entschuldigung-von-Lawrow.jpg","width":460,"height":259,"caption":"Europ\u00e4ischer J\u00fcdischer Kongress will Entschuldigung von Lawrow"},{"@type":"BreadcrumbList","@id":"https:\/\/now-news.de\/de\/deutschland\/europaeischer-juedischer-kongress-will-entschuldigung-von-lawrow\/#breadcrumb","itemListElement":[{"@type":"ListItem","position":1,"name":"Home","item":"https:\/\/now-news.de\/de\/"},{"@type":"ListItem","position":2,"name":"Europ\u00e4ischer J\u00fcdischer Kongress will Entschuldigung von Lawrow"}]},{"@type":"WebSite","@id":"https:\/\/now-news.de\/de\/#website","url":"https:\/\/now-news.de\/de\/","name":"just-now.NEWS Deutschland","description":"Das Portal f\u00fcr unzensierte Nachrichten aus der Welt","publisher":{"@id":"https:\/\/now-news.de\/de\/#organization"},"potentialAction":[{"@type":"SearchAction","target":{"@type":"EntryPoint","urlTemplate":"https:\/\/now-news.de\/de\/?s={search_term_string}"},"query-input":"required name=search_term_string"}],"inLanguage":"de"},{"@type":"Organization","@id":"https:\/\/now-news.de\/de\/#organization","name":"Just Now News","url":"https:\/\/now-news.de\/de\/","logo":{"@type":"ImageObject","inLanguage":"de","@id":"https:\/\/now-news.de\/de\/#\/schema\/logo\/image\/","url":"http:\/\/just-now.news\/de\/wp-content\/uploads\/sites\/3\/2022\/04\/logo500x500.jpg","contentUrl":"http:\/\/just-now.news\/de\/wp-content\/uploads\/sites\/3\/2022\/04\/logo500x500.jpg","width":500,"height":500,"caption":"Just Now News"},"image":{"@id":"https:\/\/now-news.de\/de\/#\/schema\/logo\/image\/"},"sameAs":["https:\/\/www.facebook.com\/wirmachenauf","https:\/\/x.com\/WirMachenAuf_de"]},{"@type":"Person","@id":"https:\/\/now-news.de\/de\/#\/schema\/person\/fb534a4e865501d8b3285208df34a9b5","name":"rtnews","image":{"@type":"ImageObject","inLanguage":"de","@id":"https:\/\/now-news.de\/de\/#\/schema\/person\/image\/","url":"https:\/\/secure.gravatar.com\/avatar\/82aafea7d8127119dd649515f56e2117?s=96&d=mm&r=g","contentUrl":"https:\/\/secure.gravatar.com\/avatar\/82aafea7d8127119dd649515f56e2117?s=96&d=mm&r=g","caption":"rtnews"},"url":"https:\/\/now-news.de\/de\/author\/rnews\/"}]}},"_links":{"self":[{"href":"https:\/\/now-news.de\/de\/wp-json\/wp\/v2\/posts\/28127"}],"collection":[{"href":"https:\/\/now-news.de\/de\/wp-json\/wp\/v2\/posts"}],"about":[{"href":"https:\/\/now-news.de\/de\/wp-json\/wp\/v2\/types\/post"}],"author":[{"embeddable":true,"href":"https:\/\/now-news.de\/de\/wp-json\/wp\/v2\/users\/3"}],"replies":[{"embeddable":true,"href":"https:\/\/now-news.de\/de\/wp-json\/wp\/v2\/comments?post=28127"}],"version-history":[{"count":0,"href":"https:\/\/now-news.de\/de\/wp-json\/wp\/v2\/posts\/28127\/revisions"}],"wp:featuredmedia":[{"embeddable":true,"href":"https:\/\/now-news.de\/de\/wp-json\/wp\/v2\/media\/28128"}],"wp:attachment":[{"href":"https:\/\/now-news.de\/de\/wp-json\/wp\/v2\/media?parent=28127"}],"wp:term":[{"taxonomy":"category","embeddable":true,"href":"https:\/\/now-news.de\/de\/wp-json\/wp\/v2\/categories?post=28127"},{"taxonomy":"post_tag","embeddable":true,"href":"https:\/\/now-news.de\/de\/wp-json\/wp\/v2\/tags?post=28127"}],"curies":[{"name":"wp","href":"https:\/\/api.w.org\/{rel}","templated":true}]}}