{"id":28115,"date":"2023-01-19T14:01:48","date_gmt":"2023-01-19T12:01:48","guid":{"rendered":"https:\/\/just-now.news\/de\/deutschland\/russland-nicht-zur-muenchner-sicherheitskonferenz-eingeladen\/"},"modified":"2023-01-19T14:01:48","modified_gmt":"2023-01-19T12:01:48","slug":"russland-nicht-zur-muenchner-sicherheitskonferenz-eingeladen","status":"publish","type":"post","link":"https:\/\/now-news.de\/de\/deutschland\/russland-nicht-zur-muenchner-sicherheitskonferenz-eingeladen\/","title":{"rendered":"Russland nicht zur M\u00fcnchner Sicherheitskonferenz eingeladen"},"content":{"rendered":"<p><img decoding=\"async\" src=\"http:\/\/just-now.news\/de\/wp-content\/uploads\/sites\/3\/2023\/01\/63c901eeb480cc19685f1830.jpg\" \/><\/p>\n<div class=\"Text-root Text-type_1 \">\n                Russland wird nicht zur 59. M\u00fcnchner Sicherheitskonferenz eingeladen, die im kommenden Monat stattfindet. Laut Konferenzleiter Christoph Heusgen wolle er &#8220;denen, die sich \u00fcber das V\u00f6lkerrecht hinweggesetzt haben, keine B\u00fchne bieten&#8221;. Moskau war auch schon im vergangenen Jahr nicht vertreten.\n            <\/div>\n<p><\/p>\n<div class=\"Text-root Text-type_5 ArticleView-text ViewText-root \">\n<p>Russische Regierungsvertreter seien dieses Jahr nicht zur M\u00fcnchner Sicherheitskonferenz eingeladen worden, sagte der Leiter der\u00a0M\u00fcnchner\u00a0Sicherheitskonferenz Christoph Heusgen gegen\u00fcber <em>Reuters:<\/em><\/p>\n<blockquote>\n<p><em>&#8220;Wir wollen denen, die sich \u00fcber das V\u00f6lkerrecht hinweggesetzt haben, keine B\u00fchne bieten.&#8221;<\/em><\/p>\n<\/blockquote>\n<p>Zugleich betonte er, man wolle von einer Veranstaltung wegkommen, bei der Europ\u00e4er und US-Amerikaner nur unter sich sprechen. Deshalb habe man in diesem Jahr mehr politische Entscheidungstr\u00e4ger und Experten aus Schwellenl\u00e4ndern eingeladen.<\/p>\n<p>Die 59. M\u00fcnchner Sicherheitskonferenz findet in diesem Jahr vom 17. bis 19. Februar statt. Hauptthema der Konferenz wird der &#8220;Jahrestag&#8221; des Ukraine-Krieges sein. Im November des vergangenen Jahres twitterte Heusgen bereits, dass er Vertreter der russischen Opposition einladen wolle, um mit ihnen gemeinsam &#8220;\u00fcber die Zukunft Russlands zu diskutieren&#8221;. Ob und wer von Vertretern der Opposition teilnehmen wird, ist derzeit unklar.<\/p>\n<div class=\"EmbedBlock-root EmbedBlock-twitter\">\n<div class=\"TwitterEmbed\">\n<blockquote class=\"twitter-tweet lazyload\" data-twitter=\"twitter-tweet\">\n<p lang=\"en\" dir=\"ltr\">Russian officials are not invited to <a rel=\"nofollow noopener\" target=\"_blank\" href=\"https:\/\/twitter.com\/hashtag\/MSC2023?src=hash&amp;ref_src=twsrc%5Etfw\">#MSC2023<\/a>. We will not give them a platform for their propaganda. We want to discuss Russia&#8217;s future with Russian opposition leaders and exiled people &#8211; THEIR voices need to be heard and amplified.<\/p>\n<p>\u2014 Christoph Heusgen (@MSCheusgen) <a rel=\"nofollow noopener\" target=\"_blank\" href=\"https:\/\/twitter.com\/MSCheusgen\/status\/1594738972521013249?ref_src=twsrc%5Etfw\">November 21, 2022<\/a><\/p><\/blockquote>\n<\/div>\n<\/div>\n<p>Im Dezember 2022 hie\u00df es aus dem russischen Au\u00dfenministerium, man habe das Interesse an dieser Konferenz ohnehin verloren.\u00a0Sie habe sich in den letzten Jahren &#8220;zu einem rein transatlantischen Forum entwickelt und ihre Inklusivit\u00e4t, Objektivit\u00e4t und \u00c4quidistanz verloren&#8221;, erkl\u00e4rte die Beh\u00f6rde. Die russische Delegation w\u00fcrde daher auch nicht teilnehmen, selbst wenn sie eine Einladung erhalten h\u00e4tte. Moskau hatte bereits im vergangenen Jahr keinen Vertreter mehr entsandt.<\/p>\n<p><strong>Mehr zum Thema<\/strong> &#8211; <a rel=\"nofollow noopener\" target=\"_blank\" href=\"https:\/\/de.rt.com\/international\/160040-ex-chef-der-muenchner-sicherheitskonferenz-ischinger-fordert-eu-krigeswirtschaft\/\">Ex-Chef der M\u00fcnchner Sicherheitskonferenz Ischinger fordert &#8220;EU-Kriegswirtschaft&#8221;<\/a><\/p>\n<\/div>\n<p><script async src=\"https:\/\/platform.twitter.com\/widgets.js\" charset=\"utf-8\"><\/script><br \/>\n<br \/><br \/>\n<br \/><a href=\"https:\/\/de.rt.com\/international\/160341-russland-nicht-zur-muenchner-konferenz\/\">Source link <\/a><\/p>\n","protected":false},"excerpt":{"rendered":"<p>Russland wird nicht zur 59. M\u00fcnchner Sicherheitskonferenz eingeladen, die im kommenden Monat stattfindet. Laut Konferenzleiter Christoph Heusgen wolle er &#8220;denen, die sich \u00fcber das V\u00f6lkerrecht hinweggesetzt haben, keine B\u00fchne bieten&#8221;. Moskau war auch schon im vergangenen Jahr nicht vertreten. Russische Regierungsvertreter seien dieses Jahr nicht zur M\u00fcnchner Sicherheitskonferenz eingeladen worden, sagte der Leiter der\u00a0M\u00fcnchner\u00a0Sicherheitskonferenz Christoph [&hellip;]<\/p>\n","protected":false},"author":3,"featured_media":28116,"comment_status":"open","ping_status":"open","sticky":false,"template":"","format":"standard","meta":{"_yoast_indexnow_last_ping":["1674129863"],"wp_automatic_camp":["217"],"5d418e788ccdee8ef7b0b5b7d18e52ff":["Russland nicht zur M\u00fcnchner Sicherheitskonferenz eingeladen"],"original_link":["https:\/\/de.rt.com\/international\/160341-russland-nicht-zur-muenchner-konferenz\/"],"_thumbnail_id":["28116"],"_wptgpro_p2tg_sent2tg":["a:1:{i:23737;s:19:\"2023-01-19 14:05:31\";}"],"jnews_social_counter_last_update":["1776875660"]},"categories":[19,23],"tags":[23156,21613,800,126,21614,581],"yoast_head":"<!-- This site is optimized with the Yoast SEO Premium plugin v22.7 (Yoast SEO v22.7) - https:\/\/yoast.com\/wordpress\/plugins\/seo\/ -->\n<title>Russland nicht zur M\u00fcnchner Sicherheitskonferenz eingeladen - just-now.NEWS Deutschland<\/title>\n<meta name=\"robots\" content=\"index, follow, max-snippet:-1, max-image-preview:large, max-video-preview:-1\" \/>\n<link rel=\"canonical\" href=\"https:\/\/now-news.de\/de\/deutschland\/russland-nicht-zur-muenchner-sicherheitskonferenz-eingeladen\/\" \/>\n<meta property=\"og:locale\" content=\"de_DE\" \/>\n<meta property=\"og:type\" content=\"article\" \/>\n<meta property=\"og:title\" content=\"Russland nicht zur M\u00fcnchner Sicherheitskonferenz eingeladen\" \/>\n<meta property=\"og:description\" content=\"Russland wird nicht zur 59. M\u00fcnchner Sicherheitskonferenz eingeladen, die im kommenden Monat stattfindet. Laut Konferenzleiter Christoph Heusgen wolle er &#8220;denen, die sich \u00fcber das V\u00f6lkerrecht hinweggesetzt haben, keine B\u00fchne bieten&#8221;. Moskau war auch schon im vergangenen Jahr nicht vertreten. Russische Regierungsvertreter seien dieses Jahr nicht zur M\u00fcnchner Sicherheitskonferenz eingeladen worden, sagte der Leiter der\u00a0M\u00fcnchner\u00a0Sicherheitskonferenz Christoph [&hellip;]\" \/>\n<meta property=\"og:url\" content=\"https:\/\/now-news.de\/de\/deutschland\/russland-nicht-zur-muenchner-sicherheitskonferenz-eingeladen\/\" \/>\n<meta property=\"og:site_name\" content=\"just-now.NEWS Deutschland\" \/>\n<meta property=\"article:publisher\" content=\"https:\/\/www.facebook.com\/wirmachenauf\" \/>\n<meta property=\"article:published_time\" content=\"2023-01-19T12:01:48+00:00\" \/>\n<meta property=\"og:image\" content=\"https:\/\/now-news.de\/de\/wp-content\/uploads\/sites\/3\/2023\/01\/Russland-nicht-zur-Muenchner-Sicherheitskonferenz-eingeladen.jpg\" \/>\n\t<meta property=\"og:image:width\" content=\"460\" \/>\n\t<meta property=\"og:image:height\" content=\"259\" \/>\n\t<meta property=\"og:image:type\" content=\"image\/jpeg\" \/>\n<meta name=\"author\" content=\"rtnews\" \/>\n<meta name=\"twitter:card\" content=\"summary_large_image\" \/>\n<meta name=\"twitter:creator\" content=\"@WirMachenAuf_de\" \/>\n<meta name=\"twitter:site\" content=\"@WirMachenAuf_de\" \/>\n<meta name=\"twitter:label1\" content=\"Verfasst von\" \/>\n\t<meta name=\"twitter:data1\" content=\"rtnews\" \/>\n\t<meta name=\"twitter:label2\" content=\"Gesch\u00e4tzte Lesezeit\" \/>\n\t<meta name=\"twitter:data2\" content=\"2\u00a0Minuten\" \/>\n<script type=\"application\/ld+json\" class=\"yoast-schema-graph\">{\"@context\":\"https:\/\/schema.org\",\"@graph\":[{\"@type\":\"Article\",\"@id\":\"https:\/\/now-news.de\/de\/deutschland\/russland-nicht-zur-muenchner-sicherheitskonferenz-eingeladen\/#article\",\"isPartOf\":{\"@id\":\"https:\/\/now-news.de\/de\/deutschland\/russland-nicht-zur-muenchner-sicherheitskonferenz-eingeladen\/\"},\"author\":{\"name\":\"rtnews\",\"@id\":\"https:\/\/now-news.de\/de\/#\/schema\/person\/fb534a4e865501d8b3285208df34a9b5\"},\"headline\":\"Russland nicht zur M\u00fcnchner Sicherheitskonferenz eingeladen\",\"datePublished\":\"2023-01-19T12:01:48+00:00\",\"dateModified\":\"2023-01-19T12:01:48+00:00\",\"mainEntityOfPage\":{\"@id\":\"https:\/\/now-news.de\/de\/deutschland\/russland-nicht-zur-muenchner-sicherheitskonferenz-eingeladen\/\"},\"wordCount\":312,\"commentCount\":0,\"publisher\":{\"@id\":\"https:\/\/now-news.de\/de\/#organization\"},\"image\":{\"@id\":\"https:\/\/now-news.de\/de\/deutschland\/russland-nicht-zur-muenchner-sicherheitskonferenz-eingeladen\/#primaryimage\"},\"thumbnailUrl\":\"https:\/\/now-news.de\/de\/wp-content\/uploads\/sites\/3\/2023\/01\/Russland-nicht-zur-Muenchner-Sicherheitskonferenz-eingeladen.jpg\",\"keywords\":[\"eingeladen\",\"M\u00fcnchner\",\"nicht\",\"russland\",\"Sicherheitskonferenz\",\"zur\"],\"articleSection\":[\"Deutschland\",\"Russland\"],\"inLanguage\":\"de\",\"potentialAction\":[{\"@type\":\"CommentAction\",\"name\":\"Comment\",\"target\":[\"https:\/\/now-news.de\/de\/deutschland\/russland-nicht-zur-muenchner-sicherheitskonferenz-eingeladen\/#respond\"]}]},{\"@type\":\"WebPage\",\"@id\":\"https:\/\/now-news.de\/de\/deutschland\/russland-nicht-zur-muenchner-sicherheitskonferenz-eingeladen\/\",\"url\":\"https:\/\/now-news.de\/de\/deutschland\/russland-nicht-zur-muenchner-sicherheitskonferenz-eingeladen\/\",\"name\":\"Russland nicht zur M\u00fcnchner Sicherheitskonferenz eingeladen - just-now.NEWS Deutschland\",\"isPartOf\":{\"@id\":\"https:\/\/now-news.de\/de\/#website\"},\"primaryImageOfPage\":{\"@id\":\"https:\/\/now-news.de\/de\/deutschland\/russland-nicht-zur-muenchner-sicherheitskonferenz-eingeladen\/#primaryimage\"},\"image\":{\"@id\":\"https:\/\/now-news.de\/de\/deutschland\/russland-nicht-zur-muenchner-sicherheitskonferenz-eingeladen\/#primaryimage\"},\"thumbnailUrl\":\"https:\/\/now-news.de\/de\/wp-content\/uploads\/sites\/3\/2023\/01\/Russland-nicht-zur-Muenchner-Sicherheitskonferenz-eingeladen.jpg\",\"datePublished\":\"2023-01-19T12:01:48+00:00\",\"dateModified\":\"2023-01-19T12:01:48+00:00\",\"breadcrumb\":{\"@id\":\"https:\/\/now-news.de\/de\/deutschland\/russland-nicht-zur-muenchner-sicherheitskonferenz-eingeladen\/#breadcrumb\"},\"inLanguage\":\"de\",\"potentialAction\":[{\"@type\":\"ReadAction\",\"target\":[\"https:\/\/now-news.de\/de\/deutschland\/russland-nicht-zur-muenchner-sicherheitskonferenz-eingeladen\/\"]}]},{\"@type\":\"ImageObject\",\"inLanguage\":\"de\",\"@id\":\"https:\/\/now-news.de\/de\/deutschland\/russland-nicht-zur-muenchner-sicherheitskonferenz-eingeladen\/#primaryimage\",\"url\":\"https:\/\/now-news.de\/de\/wp-content\/uploads\/sites\/3\/2023\/01\/Russland-nicht-zur-Muenchner-Sicherheitskonferenz-eingeladen.jpg\",\"contentUrl\":\"https:\/\/now-news.de\/de\/wp-content\/uploads\/sites\/3\/2023\/01\/Russland-nicht-zur-Muenchner-Sicherheitskonferenz-eingeladen.jpg\",\"width\":460,\"height\":259,\"caption\":\"Russland nicht zur M\u00fcnchner Sicherheitskonferenz eingeladen\"},{\"@type\":\"BreadcrumbList\",\"@id\":\"https:\/\/now-news.de\/de\/deutschland\/russland-nicht-zur-muenchner-sicherheitskonferenz-eingeladen\/#breadcrumb\",\"itemListElement\":[{\"@type\":\"ListItem\",\"position\":1,\"name\":\"Home\",\"item\":\"https:\/\/now-news.de\/de\/\"},{\"@type\":\"ListItem\",\"position\":2,\"name\":\"Russland nicht zur M\u00fcnchner Sicherheitskonferenz eingeladen\"}]},{\"@type\":\"WebSite\",\"@id\":\"https:\/\/now-news.de\/de\/#website\",\"url\":\"https:\/\/now-news.de\/de\/\",\"name\":\"just-now.NEWS Deutschland\",\"description\":\"Das Portal f\u00fcr unzensierte Nachrichten aus der Welt\",\"publisher\":{\"@id\":\"https:\/\/now-news.de\/de\/#organization\"},\"potentialAction\":[{\"@type\":\"SearchAction\",\"target\":{\"@type\":\"EntryPoint\",\"urlTemplate\":\"https:\/\/now-news.de\/de\/?s={search_term_string}\"},\"query-input\":\"required name=search_term_string\"}],\"inLanguage\":\"de\"},{\"@type\":\"Organization\",\"@id\":\"https:\/\/now-news.de\/de\/#organization\",\"name\":\"Just Now News\",\"url\":\"https:\/\/now-news.de\/de\/\",\"logo\":{\"@type\":\"ImageObject\",\"inLanguage\":\"de\",\"@id\":\"https:\/\/now-news.de\/de\/#\/schema\/logo\/image\/\",\"url\":\"http:\/\/just-now.news\/de\/wp-content\/uploads\/sites\/3\/2022\/04\/logo500x500.jpg\",\"contentUrl\":\"http:\/\/just-now.news\/de\/wp-content\/uploads\/sites\/3\/2022\/04\/logo500x500.jpg\",\"width\":500,\"height\":500,\"caption\":\"Just Now News\"},\"image\":{\"@id\":\"https:\/\/now-news.de\/de\/#\/schema\/logo\/image\/\"},\"sameAs\":[\"https:\/\/www.facebook.com\/wirmachenauf\",\"https:\/\/x.com\/WirMachenAuf_de\"]},{\"@type\":\"Person\",\"@id\":\"https:\/\/now-news.de\/de\/#\/schema\/person\/fb534a4e865501d8b3285208df34a9b5\",\"name\":\"rtnews\",\"image\":{\"@type\":\"ImageObject\",\"inLanguage\":\"de\",\"@id\":\"https:\/\/now-news.de\/de\/#\/schema\/person\/image\/\",\"url\":\"https:\/\/secure.gravatar.com\/avatar\/82aafea7d8127119dd649515f56e2117?s=96&d=mm&r=g\",\"contentUrl\":\"https:\/\/secure.gravatar.com\/avatar\/82aafea7d8127119dd649515f56e2117?s=96&d=mm&r=g\",\"caption\":\"rtnews\"},\"url\":\"https:\/\/now-news.de\/de\/author\/rnews\/\"}]}<\/script>\n<!-- \/ Yoast SEO Premium plugin. -->","yoast_head_json":{"title":"Russland nicht zur M\u00fcnchner Sicherheitskonferenz eingeladen - just-now.NEWS Deutschland","robots":{"index":"index","follow":"follow","max-snippet":"max-snippet:-1","max-image-preview":"max-image-preview:large","max-video-preview":"max-video-preview:-1"},"canonical":"https:\/\/now-news.de\/de\/deutschland\/russland-nicht-zur-muenchner-sicherheitskonferenz-eingeladen\/","og_locale":"de_DE","og_type":"article","og_title":"Russland nicht zur M\u00fcnchner Sicherheitskonferenz eingeladen","og_description":"Russland wird nicht zur 59. M\u00fcnchner Sicherheitskonferenz eingeladen, die im kommenden Monat stattfindet. Laut Konferenzleiter Christoph Heusgen wolle er &#8220;denen, die sich \u00fcber das V\u00f6lkerrecht hinweggesetzt haben, keine B\u00fchne bieten&#8221;. Moskau war auch schon im vergangenen Jahr nicht vertreten. Russische Regierungsvertreter seien dieses Jahr nicht zur M\u00fcnchner Sicherheitskonferenz eingeladen worden, sagte der Leiter der\u00a0M\u00fcnchner\u00a0Sicherheitskonferenz Christoph [&hellip;]","og_url":"https:\/\/now-news.de\/de\/deutschland\/russland-nicht-zur-muenchner-sicherheitskonferenz-eingeladen\/","og_site_name":"just-now.NEWS Deutschland","article_publisher":"https:\/\/www.facebook.com\/wirmachenauf","article_published_time":"2023-01-19T12:01:48+00:00","og_image":[{"width":460,"height":259,"url":"https:\/\/now-news.de\/de\/wp-content\/uploads\/sites\/3\/2023\/01\/Russland-nicht-zur-Muenchner-Sicherheitskonferenz-eingeladen.jpg","type":"image\/jpeg"}],"author":"rtnews","twitter_card":"summary_large_image","twitter_creator":"@WirMachenAuf_de","twitter_site":"@WirMachenAuf_de","twitter_misc":{"Verfasst von":"rtnews","Gesch\u00e4tzte Lesezeit":"2\u00a0Minuten"},"schema":{"@context":"https:\/\/schema.org","@graph":[{"@type":"Article","@id":"https:\/\/now-news.de\/de\/deutschland\/russland-nicht-zur-muenchner-sicherheitskonferenz-eingeladen\/#article","isPartOf":{"@id":"https:\/\/now-news.de\/de\/deutschland\/russland-nicht-zur-muenchner-sicherheitskonferenz-eingeladen\/"},"author":{"name":"rtnews","@id":"https:\/\/now-news.de\/de\/#\/schema\/person\/fb534a4e865501d8b3285208df34a9b5"},"headline":"Russland nicht zur M\u00fcnchner Sicherheitskonferenz eingeladen","datePublished":"2023-01-19T12:01:48+00:00","dateModified":"2023-01-19T12:01:48+00:00","mainEntityOfPage":{"@id":"https:\/\/now-news.de\/de\/deutschland\/russland-nicht-zur-muenchner-sicherheitskonferenz-eingeladen\/"},"wordCount":312,"commentCount":0,"publisher":{"@id":"https:\/\/now-news.de\/de\/#organization"},"image":{"@id":"https:\/\/now-news.de\/de\/deutschland\/russland-nicht-zur-muenchner-sicherheitskonferenz-eingeladen\/#primaryimage"},"thumbnailUrl":"https:\/\/now-news.de\/de\/wp-content\/uploads\/sites\/3\/2023\/01\/Russland-nicht-zur-Muenchner-Sicherheitskonferenz-eingeladen.jpg","keywords":["eingeladen","M\u00fcnchner","nicht","russland","Sicherheitskonferenz","zur"],"articleSection":["Deutschland","Russland"],"inLanguage":"de","potentialAction":[{"@type":"CommentAction","name":"Comment","target":["https:\/\/now-news.de\/de\/deutschland\/russland-nicht-zur-muenchner-sicherheitskonferenz-eingeladen\/#respond"]}]},{"@type":"WebPage","@id":"https:\/\/now-news.de\/de\/deutschland\/russland-nicht-zur-muenchner-sicherheitskonferenz-eingeladen\/","url":"https:\/\/now-news.de\/de\/deutschland\/russland-nicht-zur-muenchner-sicherheitskonferenz-eingeladen\/","name":"Russland nicht zur M\u00fcnchner Sicherheitskonferenz eingeladen - just-now.NEWS Deutschland","isPartOf":{"@id":"https:\/\/now-news.de\/de\/#website"},"primaryImageOfPage":{"@id":"https:\/\/now-news.de\/de\/deutschland\/russland-nicht-zur-muenchner-sicherheitskonferenz-eingeladen\/#primaryimage"},"image":{"@id":"https:\/\/now-news.de\/de\/deutschland\/russland-nicht-zur-muenchner-sicherheitskonferenz-eingeladen\/#primaryimage"},"thumbnailUrl":"https:\/\/now-news.de\/de\/wp-content\/uploads\/sites\/3\/2023\/01\/Russland-nicht-zur-Muenchner-Sicherheitskonferenz-eingeladen.jpg","datePublished":"2023-01-19T12:01:48+00:00","dateModified":"2023-01-19T12:01:48+00:00","breadcrumb":{"@id":"https:\/\/now-news.de\/de\/deutschland\/russland-nicht-zur-muenchner-sicherheitskonferenz-eingeladen\/#breadcrumb"},"inLanguage":"de","potentialAction":[{"@type":"ReadAction","target":["https:\/\/now-news.de\/de\/deutschland\/russland-nicht-zur-muenchner-sicherheitskonferenz-eingeladen\/"]}]},{"@type":"ImageObject","inLanguage":"de","@id":"https:\/\/now-news.de\/de\/deutschland\/russland-nicht-zur-muenchner-sicherheitskonferenz-eingeladen\/#primaryimage","url":"https:\/\/now-news.de\/de\/wp-content\/uploads\/sites\/3\/2023\/01\/Russland-nicht-zur-Muenchner-Sicherheitskonferenz-eingeladen.jpg","contentUrl":"https:\/\/now-news.de\/de\/wp-content\/uploads\/sites\/3\/2023\/01\/Russland-nicht-zur-Muenchner-Sicherheitskonferenz-eingeladen.jpg","width":460,"height":259,"caption":"Russland nicht zur M\u00fcnchner Sicherheitskonferenz eingeladen"},{"@type":"BreadcrumbList","@id":"https:\/\/now-news.de\/de\/deutschland\/russland-nicht-zur-muenchner-sicherheitskonferenz-eingeladen\/#breadcrumb","itemListElement":[{"@type":"ListItem","position":1,"name":"Home","item":"https:\/\/now-news.de\/de\/"},{"@type":"ListItem","position":2,"name":"Russland nicht zur M\u00fcnchner Sicherheitskonferenz eingeladen"}]},{"@type":"WebSite","@id":"https:\/\/now-news.de\/de\/#website","url":"https:\/\/now-news.de\/de\/","name":"just-now.NEWS Deutschland","description":"Das Portal f\u00fcr unzensierte Nachrichten aus der Welt","publisher":{"@id":"https:\/\/now-news.de\/de\/#organization"},"potentialAction":[{"@type":"SearchAction","target":{"@type":"EntryPoint","urlTemplate":"https:\/\/now-news.de\/de\/?s={search_term_string}"},"query-input":"required name=search_term_string"}],"inLanguage":"de"},{"@type":"Organization","@id":"https:\/\/now-news.de\/de\/#organization","name":"Just Now News","url":"https:\/\/now-news.de\/de\/","logo":{"@type":"ImageObject","inLanguage":"de","@id":"https:\/\/now-news.de\/de\/#\/schema\/logo\/image\/","url":"http:\/\/just-now.news\/de\/wp-content\/uploads\/sites\/3\/2022\/04\/logo500x500.jpg","contentUrl":"http:\/\/just-now.news\/de\/wp-content\/uploads\/sites\/3\/2022\/04\/logo500x500.jpg","width":500,"height":500,"caption":"Just Now News"},"image":{"@id":"https:\/\/now-news.de\/de\/#\/schema\/logo\/image\/"},"sameAs":["https:\/\/www.facebook.com\/wirmachenauf","https:\/\/x.com\/WirMachenAuf_de"]},{"@type":"Person","@id":"https:\/\/now-news.de\/de\/#\/schema\/person\/fb534a4e865501d8b3285208df34a9b5","name":"rtnews","image":{"@type":"ImageObject","inLanguage":"de","@id":"https:\/\/now-news.de\/de\/#\/schema\/person\/image\/","url":"https:\/\/secure.gravatar.com\/avatar\/82aafea7d8127119dd649515f56e2117?s=96&d=mm&r=g","contentUrl":"https:\/\/secure.gravatar.com\/avatar\/82aafea7d8127119dd649515f56e2117?s=96&d=mm&r=g","caption":"rtnews"},"url":"https:\/\/now-news.de\/de\/author\/rnews\/"}]}},"_links":{"self":[{"href":"https:\/\/now-news.de\/de\/wp-json\/wp\/v2\/posts\/28115"}],"collection":[{"href":"https:\/\/now-news.de\/de\/wp-json\/wp\/v2\/posts"}],"about":[{"href":"https:\/\/now-news.de\/de\/wp-json\/wp\/v2\/types\/post"}],"author":[{"embeddable":true,"href":"https:\/\/now-news.de\/de\/wp-json\/wp\/v2\/users\/3"}],"replies":[{"embeddable":true,"href":"https:\/\/now-news.de\/de\/wp-json\/wp\/v2\/comments?post=28115"}],"version-history":[{"count":0,"href":"https:\/\/now-news.de\/de\/wp-json\/wp\/v2\/posts\/28115\/revisions"}],"wp:featuredmedia":[{"embeddable":true,"href":"https:\/\/now-news.de\/de\/wp-json\/wp\/v2\/media\/28116"}],"wp:attachment":[{"href":"https:\/\/now-news.de\/de\/wp-json\/wp\/v2\/media?parent=28115"}],"wp:term":[{"taxonomy":"category","embeddable":true,"href":"https:\/\/now-news.de\/de\/wp-json\/wp\/v2\/categories?post=28115"},{"taxonomy":"post_tag","embeddable":true,"href":"https:\/\/now-news.de\/de\/wp-json\/wp\/v2\/tags?post=28115"}],"curies":[{"name":"wp","href":"https:\/\/api.w.org\/{rel}","templated":true}]}}