{"id":28107,"date":"2023-01-19T12:38:04","date_gmt":"2023-01-19T10:38:04","guid":{"rendered":"https:\/\/just-now.news\/de\/deutschland\/pfizer-chef-bourla-fluechtet-in-davos-vor-journalisten-und-schweigt-zu-unangenehmen-fragen\/"},"modified":"2023-01-19T12:38:04","modified_gmt":"2023-01-19T10:38:04","slug":"pfizer-chef-bourla-fluechtet-in-davos-vor-journalisten-und-schweigt-zu-unangenehmen-fragen","status":"publish","type":"post","link":"https:\/\/now-news.de\/de\/deutschland\/pfizer-chef-bourla-fluechtet-in-davos-vor-journalisten-und-schweigt-zu-unangenehmen-fragen\/","title":{"rendered":"Pfizer-Chef Bourla fl\u00fcchtet in Davos vor Journalisten \u2013 und schweigt zu unangenehmen Fragen"},"content":{"rendered":"<p><img decoding=\"async\" src=\"http:\/\/just-now.news\/de\/wp-content\/uploads\/sites\/3\/2023\/01\/63c8efb148fbef19c13f4378.jpg\" \/><\/p>\n<div class=\"Text-root Text-type_1 \">\n                Ein Zeitdokument: Kanadische Journalisten konfrontierten Bourla auf dem Weg zu einem WEF-Veranstaltungsort mit dem Thema Effektivit\u00e4t und Nebenwirkungen von mRNA-Wirkstoffen. Die kompromittierenden Fragen blieben dabei beharrlich ohne Beantwortung. Bourlas Reaktion lautete: &#8220;Ich w\u00fcnsche Ihnen einen sch\u00f6nen Tag.&#8221;\n            <\/div>\n<p><\/p>\n<div class=\"Text-root Text-type_5 ArticleView-text ViewText-root \">\n<p><em>Von Bernhard Loyen<\/em><\/p>\n<p>Die investigative kanadische Webseite <em>Rebel News<\/em> ist auch dieses Jahr bei der Veranstaltung des World Economic Forums (WEF) im schweizerischen Davos\u00a0mit Journalisten\u00a0vor Ort anwesend. Entgegen der Chance zur\u00fcckliegender Jahre bekamen die Mitarbeiter diesmalig aber keine offizielle Akkreditierung f\u00fcr Veranstaltungen und Panels.<\/p>\n<p>Seit Beginn des WEF-Meetings am 16. Januar werden daher in spontanen Interviewsituationen m\u00f6gliche Gespr\u00e4chspartner, also Teilnehmer der Veranstaltung, auf der Stra\u00dfe und vor den Veranstaltungsorten unmittelbar angesprochen. Ein Coup gelang nun am\u00a0dritten Tag des WEF-Meetings zwei Mitarbeitern des Teams. Dazu\u00a0<a rel=\"nofollow noopener\" target=\"_blank\" href=\"https:\/\/www.rebelnews.com\/caught_him_rebel_news_pummels_pfizer_ceo_with_questions_at_world_economic_forum\">titelt<\/a>\u00a0<em>Rebel News:<\/em><\/p>\n<blockquote>\n<p><em>&#8220;Erwischt!\u00a0Rebel News l\u00f6chert Pfizer-CEO beim Weltwirtschaftsforum mit Fragen.&#8221;<\/em><\/p>\n<\/blockquote>\n<p>Das dazugeh\u00f6rige Video ist\u00a0als wichtiges Zeitdokument zu betrachten. Zum ersten Mal muss sich ein wegweisender Protagonist der Corona-Krise spontan direkten Fragen zu ma\u00dfgeblichen Verantwortlichkeiten stellen. Dazu noch mit Albert Bourla, dem Gesch\u00e4ftsf\u00fchrer des Pharmariesen und Krisenprofiteurs Pfizer,\u00a0als wesentlichem Hauptdarsteller. Bourla weigert sich auch weiterhin beharrlich, \u00f6ffentlich Rede und Antwort zu stehen.\u00a0Und zwar insbesondere zum\u00a0Thema neuartige mRNA-Wirkstoffe und\u00a0nachweisliche Gesundheitssch\u00e4den\u00a0\u2013\u00a0aufgrund massiver Nebenwirkungen sowie &#8220;pl\u00f6tzlicher und unerwarteter&#8221; Todesereignisse bei Abermillionen Empf\u00e4ngern des Pfizer-Produktes weltweit. Entsprechende\u00a0Einladungen von EU-Abgeordneten werden ohne Angabe von Gr\u00fcnden schlicht abgesagt.<\/p>\n<p>Es folgen die staccatoartig vorgetragenen Fragen, die seitens eines sichtlich irritierten Albert Bourla professionell st\u00f6rrisch unbeantwortet blieben. Die beiden Er\u00f6ffnungsfragen lauteten klar und unmissverst\u00e4ndlich auf den Punkt gebracht:<\/p>\n<blockquote>\n<p><em>&#8220;Herr Bourla, wann haben Sie erfahren, dass die Impfstoffe\u00a0eine\u00a0(Virus-)\u00dcbertragung nicht verhindern? Wie lange haben Sie das gewusst, ohne es \u00f6ffentlich zu sagen?&#8221;<\/em><\/p>\n<\/blockquote>\n<p>Bourla versucht sich daraufhin der \u00fcberraschenden Situation zu entziehen und kommentiert lediglich:<\/p>\n<blockquote>\n<p><em> &#8220;Vielen Dank.&#8221;<\/em><\/p>\n<\/blockquote>\n<p>Der Pfizer-Chef wird dabei mutma\u00dflich von drei offiziellen WEF-Angestellten begleitet, und\u00a0besch\u00fctzend abgeschirmt. Der Journalist\u00a0Ezra Levant bleibt jedoch hartn\u00e4ckig und hakt neben Bourla herlaufend nach:<\/p>\n<blockquote>\n<p><em>&#8220;Warum beantworten Sie die Frage nicht? Wir alle wissen, dass der Impfstoff die \u00dcbertragung nicht verhindert hat, aber warum haben Sie das geheim gehalten?&#8221;<\/em><\/p>\n<\/blockquote>\n<p>Levant erinnert Bourla an die von ihm zu Beginn der weltweiten Impfkampagnen get\u00e4tigten <a rel=\"nofollow noopener\" target=\"_blank\" href=\"https:\/\/www.beckershospitalreview.com\/pharmacy\/pfizer-says-its-vaccine-is-100-effective-in-preventing-covid-19-in-adolescents.html\">Aussagen<\/a>, dass der Wirkstoff\u00a0Comirnaty\u00ae zu 100 Prozent &#8220;effektiv&#8221; sei.\u00a0Anschlie\u00dfend seien\u00a0die Prozentzahlen bez\u00fcglich der Wirksamkeit kontinuierlich seitens des Unternehmens <a rel=\"nofollow noopener\" target=\"_blank\" href=\"https:\/\/www.cbsnews.com\/news\/covid-vaccine-pfizer-biontech-91-percent-effective\/\">revidierend<\/a> reduziert worden. Und Levant fragt erneut:<\/p>\n<blockquote>\n<p><em>&#8220;Warum haben Sie das geheim gehalten?&#8221;<\/em><\/p>\n<\/blockquote>\n<p>Bourla reagiert darauf lediglich mit dem Satz:<\/p>\n<blockquote>\n<p><em>&#8220;Ich w\u00fcnsche Ihnen einen sch\u00f6nen Tag.&#8221;<\/em><\/p>\n<\/blockquote>\n<p>Erfreulich unbeeindruckt von der anma\u00dfenden Antwort Bourlas setzt Levant\u00a0abermals nach:<\/p>\n<blockquote>\n<p><em>&#8220;Ich werde keinen sch\u00f6nen Tag haben, bis ich die Antwort wei\u00df, warum Sie es geheim gehalten haben, dass Ihr Impfstoff die \u00dcbertragung nicht verhindert hat.&#8221;<\/em><\/p>\n<\/blockquote>\n<p>Es \u00fcberrascht, dass keinerlei Sicherheitskr\u00e4fte dem Schauspiel beiwohnten, oder zumindest herbeigerufen wurden. Dadurch konnte sich Bourla der Situation schlicht nicht entziehen. In diesem Moment schaltet sich der zweite <em>Rebel News<\/em>-Mitarbeiter, Avi Yemini, in das Gespr\u00e4ch ein und konfrontiert Bourla mit einer durchaus angebrachten und sachlichen Frage:<\/p>\n<blockquote>\n<p><em>&#8220;Ist es an der Zeit, sich bei der Welt zu entschuldigen, Sir, und den L\u00e4ndern, die ihr ganzes Geld in einen Impfstoff stecken, der nicht funktioniert\u00a0\u2013 einen unwirksamen Impfstoff \u2013, eine R\u00fcckerstattung zu gew\u00e4hren?&#8221;<\/em><\/p>\n<\/blockquote>\n<p>Yemini hakt nun provokativer nach und konfrontiert Bourla mit den Fragen:<\/p>\n<blockquote>\n<p><em>&#8220;Sch\u00e4men Sie sich jetzt f\u00fcr das, was Sie in den letzten Jahren getan haben? Sind Sie stolz darauf?&#8221;<\/em><\/p>\n<\/blockquote>\n<p>Bourlas Schweigen l\u00e4sst Yemini noch dezidierter nachfragen, dies alles w\u00e4hrend die gesamte Bourla-Gruppe\u00a0offenbar versucht, den Eingang eines gesuchten Geb\u00e4udes zu finden:<\/p>\n<blockquote>\n<p><em>&#8220;Sie haben Millionen auf dem R\u00fccken (auf Kosten) von m\u00fcden und einsamen Menschen verdient. Wie f\u00fchlt es sich an, als Million\u00e4r\u00a0die Stra\u00dfe entlang zu gehen, auf dem R\u00fccken eines gew\u00f6hnlichen Menschen, auf Kosten gesch\u00e4digter Menschen in Australien, in England, in Kanada?&#8221;<\/em><\/p>\n<\/blockquote>\n<p>Yemini h\u00e4tte sehr wohl auch &#8220;auf Kosten gesch\u00e4digter&#8221; Abermillionen weltweit sagen k\u00f6nnen. Ezra Levant erweitert das Betrachtungsfeld bez\u00fcglich der kontroversen Pers\u00f6nlichkeit Bourla und wendet sich erneut an den Pfizer-Chef, um ein ganz sensibles Gesellschafts- und Medienthema anzuschneiden:<\/p>\n<blockquote>\n<p><em>&#8220;Was denken sie \u00fcber ihre Yacht? Wie denken sie \u00fcber ihren Privatjet? Sind sie besorgt, was die Produkthaftung betrifft? Machen sie sich Sorgen \u00fcber Herzmuskelentz\u00fcndungen?&#8221;<\/em><\/p>\n<\/blockquote>\n<p>Bourla h\u00fcllt sich weiter in Schweigen, um seitens Yemini und Levant im Doppelpack, die n\u00e4chste Realit\u00e4t in Frageform zu erhalten:<\/p>\n<blockquote>\n<p><em>&#8220;Was ist mit den &#8216;pl\u00f6tzlich und unerwartet&#8217; Verstorbenen? Was haben Sie zu sagen \u00fcber die jungen M\u00e4nner, die jeden Tag an Herzanf\u00e4llen sterben? Warum wollen sie diese grundlegenden Fragen nicht beantworten?&#8221;<\/em><\/p>\n<\/blockquote>\n<p>Die Journalisten erw\u00e4hnen in diesem Zusammenhang die diversen Klagen gegen das Unternehmen Pfizer und daraus resultierende Milliarden von Entsch\u00e4digungs- und Bu\u00dfgeldzahlungen. Und sie wollen von Bourla\u00a0\u00fcber\u00a0sieben klar formulierte Fragen erfahren:<\/p>\n<blockquote>\n<p><em>&#8220;Wie viel Geld haben sie pers\u00f6nlich an dem Impfstoff verdient?\u00a0Wie viele Auffrischungsimpfungen sind Ihrer Meinung nach n\u00f6tig, damit Sie mit Ihren Einnahmen zufrieden sind?\u00a0<br \/>Mit wem treffen Sie sich hier im Geheimen? Werden Sie offenlegen, mit wem Sie sich getroffen haben? Wem zahlen Sie Provisionen? <br \/>In der Vergangenheit musste Pfizer 2,3 Milliarden Dollar an Strafen zahlen, wegen unerlaubten Marketings. Haben Sie sich im selben Zusammenhang erneut engagiert? Wird gegen Sie ermittelt, wie schon zuvor, wegen Ihres betr\u00fcgerischen Marketings?&#8221;<\/em><\/p>\n<\/blockquote>\n<p>Bourla wird dann erneut zum Thema R\u00fcckzahlungen an Impfstoffkunden attackiert. Und es folgt die sehr gute Abschlussfrage:<\/p>\n<blockquote>\n<p><em>&#8220;Sind Sie nur an sympathische Medien gew\u00f6hnt, so dass Sie nicht wissen, wie Sie auf solche Fragen antworten sollen?&#8221;<\/em><\/p>\n<\/blockquote>\n<p>Bourla\u00a0hat konsequent bis zum Ende der Konfrontation geschwiegen. Nach knapp drei Minuten ist es seinem Tross dann schlussendlich gelungen, den richtigen Eingang zu finden. Ob er unmittelbar der nachweislich ebenfalls in Davos <a rel=\"nofollow noopener\" target=\"_blank\" href=\"https:\/\/www.reuters.com\/world\/middle-east\/davos-2023-eus-von-der-leyen-backs-listing-irans-guards-terrorist-group-2023-01-17\/\">anwesenden<\/a> Ursula von der Leyen von dieser Erfahrung berichtet hat, kann nur gemutma\u00dft werden. An Karl Lauterbach, auch in Davos verweilend, wird er mutma\u00dflich aus Unkenntnis schlicht kopfsch\u00fcttelnd vorbeigegangen sein.<\/p>\n<div class=\"EmbedBlock-root EmbedBlock-twitter\">\n<div class=\"TwitterEmbed\">\n<blockquote class=\"twitter-tweet lazyload\" data-twitter=\"twitter-tweet\">\n<p lang=\"zxx\" dir=\"ltr\"><a rel=\"nofollow noopener\" target=\"_blank\" href=\"https:\/\/t.co\/vUlNqCWbN7\">pic.twitter.com\/vUlNqCWbN7<\/a><\/p>\n<p>\u2014 Argo Nerd (@argonerd) <a rel=\"nofollow noopener\" target=\"_blank\" href=\"https:\/\/twitter.com\/argonerd\/status\/1615703929563779073?ref_src=twsrc%5Etfw\">January 18, 2023<\/a><\/p><\/blockquote>\n<\/div>\n<\/div>\n<p>Res\u00fcmierend ist dies ein beeindruckendes Zeitdokument, ausgehend von der Chuzpe und dem professionellen Agieren zweier kanadischer Journalisten. Bereits am 17. Januar gelang es Avi Yemini den gesch\u00e4ftsf\u00fchrenden Direktor und Finanzvorstand von AstraZeneca in eine \u00e4hnliche Situation zu bringen, die jedoch weniger effektiv war:<\/p>\n<div class=\"EmbedBlock-root EmbedBlock-twitter\">\n<div class=\"TwitterEmbed\">\n<blockquote class=\"twitter-tweet lazyload\" data-twitter=\"twitter-tweet\">\n<p lang=\"en\" dir=\"ltr\">I bumped into the AstraZeneca boss as he entered the WEF today. Marc now admits his vaccine never stopped the spread but justified the mandates anyways.He scrambled behind the restricted area before I could ask about the recent rise in &#8220;sudden deaths&#8221;.<a rel=\"nofollow noopener\" target=\"_blank\" href=\"https:\/\/t.co\/mLDJZ4ZUSp\">pic.twitter.com\/mLDJZ4ZUSp<\/a><\/p>\n<p>\u2014 Rebel News (@RebelNewsOnline) <a rel=\"nofollow noopener\" target=\"_blank\" href=\"https:\/\/twitter.com\/RebelNewsOnline\/status\/1615409954600669185?ref_src=twsrc%5Etfw\">January 17, 2023<\/a><\/p><\/blockquote>\n<\/div>\n<\/div>\n<p>Alle an Albert Bourla gestellten Fragen sind mehr oder weniger von unbedingtem hohem Interesse\u00a0f\u00fcr Millionen Menschen weltweit. Die aufgrund eines wissentlich k\u00fcnstlich beschleunigten Pr\u00fcfungsverfahren, f\u00fcr ein bis dato unbekanntes mRNA-Wirkstoffprodukt, ihre nun eingeschr\u00e4nkte bis lebensgef\u00e4hrdete Gesundheit, und im Extremfall den Tod von Angeh\u00f6rigen, als bittere Realit\u00e4t ertragen m\u00fcssen. Resultierend aus dem blinden Glauben und Vertrauen in ein medial-wissenschaftlich propagiertes Spitzenprodukt aus dem Hause Pfizer.<\/p>\n<p>Herr Bourla wusste daher sehr genau: Reden kann Silber sein, aber das bewusste Schweigen zu missliebigen Fragen bleibt immer noch der Goldstatus in\u00a0teilkriminellen Branchen. Dass ihm seitens der akkreditierten Flut von Medien-Anwesenden\u00a0beim WEF-Meeting 2023 in Davos keinerlei Gefahr drohen w\u00fcrde, war wohl mit ein Grund f\u00fcr den vermeintlich in sich ruhenden Bourla.\u00a0<\/p>\n<p>M\u00f6ge er auch zuk\u00fcnftig, in\u00a0der dringend ben\u00f6tigten Aufarbeitung politisch-wissenschaftlicher Skandale en masse in der Corona-Krise, mit den &#8220;richtigen&#8221; Fragen konfrontiert werden. Bis die Gesellschaft die ihr zustehenden wichtigen und kl\u00e4renden Antworten erh\u00e4lt.<\/p>\n<div class=\"EmbedBlock-root EmbedBlock-twitter\">\n<div class=\"TwitterEmbed\">\n<blockquote class=\"twitter-tweet lazyload\" data-twitter=\"twitter-tweet\">\n<p lang=\"en\" dir=\"ltr\">WE CAUGHT HIM! Watch what happened when <a rel=\"nofollow noopener\" target=\"_blank\" href=\"https:\/\/twitter.com\/ezralevant?ref_src=twsrc%5Etfw\">@ezralevant<\/a> &amp; <a rel=\"nofollow noopener\" target=\"_blank\" href=\"https:\/\/twitter.com\/OzraeliAvi?ref_src=twsrc%5Etfw\">@OzraeliAvi<\/a> spotted Albert Bourla, the CEO of Pfizer, on the street in Davos today.We finally asked him all the questions the mainstream media refuses to ask.Story: <a rel=\"nofollow noopener\" target=\"_blank\" href=\"https:\/\/t.co\/eIp37FWNtz\">https:\/\/t.co\/eIp37FWNtz<\/a>SUPPORT: <a rel=\"nofollow noopener\" target=\"_blank\" href=\"https:\/\/t.co\/aJiaQfYNuD\">https:\/\/t.co\/aJiaQfYNuD<\/a><a rel=\"nofollow noopener\" target=\"_blank\" href=\"https:\/\/t.co\/6jSVAzCB0d\">pic.twitter.com\/6jSVAzCB0d<\/a><\/p>\n<p>\u2014 Rebel News (@RebelNewsOnline) <a rel=\"nofollow noopener\" target=\"_blank\" href=\"https:\/\/twitter.com\/RebelNewsOnline\/status\/1615770518606561282?ref_src=twsrc%5Etfw\">January 18, 2023<\/a><\/p><\/blockquote>\n<\/div>\n<\/div>\n<p><strong>Mehr zum Thema &#8211;<\/strong>\u00a0<a rel=\"nofollow noopener\" target=\"_blank\" href=\"https:\/\/pressefreiheit.rtde.tech\/international\/160217-twitter-files-wie-pharma-agenturen\/\">Twitter-Files: Wie Pharma-Agenturen die Zensur in den sozialen Medien vorantrieben<\/a><\/p>\n<\/div>\n<p><script async src=\"https:\/\/platform.twitter.com\/widgets.js\" charset=\"utf-8\"><\/script><br \/>\n<br \/><br \/>\n<br \/><a href=\"https:\/\/de.rt.com\/europa\/160327-pfizer-chef-bourla-fluechtet-in\/\">Source link <\/a><\/p>\n","protected":false},"excerpt":{"rendered":"<p>Ein Zeitdokument: Kanadische Journalisten konfrontierten Bourla auf dem Weg zu einem WEF-Veranstaltungsort mit dem Thema Effektivit\u00e4t und Nebenwirkungen von mRNA-Wirkstoffen. Die kompromittierenden Fragen blieben dabei beharrlich ohne Beantwortung. Bourlas Reaktion lautete: &#8220;Ich w\u00fcnsche Ihnen einen sch\u00f6nen Tag.&#8221; Von Bernhard Loyen Die investigative kanadische Webseite Rebel News ist auch dieses Jahr bei der Veranstaltung des World [&hellip;]<\/p>\n","protected":false},"author":3,"featured_media":28108,"comment_status":"open","ping_status":"open","sticky":false,"template":"","format":"standard","meta":{"_yoast_indexnow_last_ping":["1674125040"],"wp_automatic_camp":["217"],"1d4cfe685c960bcbb442659d785b5fff":["Pfizer-Chef Bourla fl\u00fcchtet in Davos vor Journalisten \u2013 und schweigt zu unangenehmen Fragen"],"original_link":["https:\/\/de.rt.com\/europa\/160327-pfizer-chef-bourla-fluechtet-in\/"],"_thumbnail_id":["28108"],"_wptgpro_p2tg_sent2tg":["a:1:{i:23737;s:19:\"2023-01-19 12:45:34\";}"],"jnews_social_counter_last_update":["1777231145"]},"categories":[19,23],"tags":[22191,92,37042,13035,2726,31064,30962,39310,140,320],"yoast_head":"<!-- This site is optimized with the Yoast SEO Premium plugin v22.7 (Yoast SEO v22.7) - https:\/\/yoast.com\/wordpress\/plugins\/seo\/ -->\n<title>Pfizer-Chef Bourla fl\u00fcchtet in Davos vor Journalisten \u2013 und schweigt zu unangenehmen Fragen - just-now.NEWS Deutschland<\/title>\n<meta name=\"robots\" content=\"index, follow, max-snippet:-1, max-image-preview:large, max-video-preview:-1\" \/>\n<link rel=\"canonical\" href=\"https:\/\/now-news.de\/de\/deutschland\/pfizer-chef-bourla-fluechtet-in-davos-vor-journalisten-und-schweigt-zu-unangenehmen-fragen\/\" \/>\n<meta property=\"og:locale\" content=\"de_DE\" \/>\n<meta property=\"og:type\" content=\"article\" \/>\n<meta property=\"og:title\" content=\"Pfizer-Chef Bourla fl\u00fcchtet in Davos vor Journalisten \u2013 und schweigt zu unangenehmen Fragen\" \/>\n<meta property=\"og:description\" content=\"Ein Zeitdokument: Kanadische Journalisten konfrontierten Bourla auf dem Weg zu einem WEF-Veranstaltungsort mit dem Thema Effektivit\u00e4t und Nebenwirkungen von mRNA-Wirkstoffen. Die kompromittierenden Fragen blieben dabei beharrlich ohne Beantwortung. Bourlas Reaktion lautete: &#8220;Ich w\u00fcnsche Ihnen einen sch\u00f6nen Tag.&#8221; Von Bernhard Loyen Die investigative kanadische Webseite Rebel News ist auch dieses Jahr bei der Veranstaltung des World [&hellip;]\" \/>\n<meta property=\"og:url\" content=\"https:\/\/now-news.de\/de\/deutschland\/pfizer-chef-bourla-fluechtet-in-davos-vor-journalisten-und-schweigt-zu-unangenehmen-fragen\/\" \/>\n<meta property=\"og:site_name\" content=\"just-now.NEWS Deutschland\" \/>\n<meta property=\"article:publisher\" content=\"https:\/\/www.facebook.com\/wirmachenauf\" \/>\n<meta property=\"article:published_time\" content=\"2023-01-19T10:38:04+00:00\" \/>\n<meta property=\"og:image\" content=\"https:\/\/now-news.de\/de\/wp-content\/uploads\/sites\/3\/2023\/01\/Pfizer-Chef-Bourla-fluechtet-in-Davos-vor-Journalisten-\u2013-und-schweigt.jpg\" \/>\n\t<meta property=\"og:image:width\" content=\"460\" \/>\n\t<meta property=\"og:image:height\" content=\"259\" \/>\n\t<meta property=\"og:image:type\" content=\"image\/jpeg\" \/>\n<meta name=\"author\" content=\"rtnews\" \/>\n<meta name=\"twitter:card\" content=\"summary_large_image\" \/>\n<meta name=\"twitter:creator\" content=\"@WirMachenAuf_de\" \/>\n<meta name=\"twitter:site\" content=\"@WirMachenAuf_de\" \/>\n<meta name=\"twitter:label1\" content=\"Verfasst von\" \/>\n\t<meta name=\"twitter:data1\" content=\"rtnews\" \/>\n\t<meta name=\"twitter:label2\" content=\"Gesch\u00e4tzte Lesezeit\" \/>\n\t<meta name=\"twitter:data2\" content=\"7\u00a0Minuten\" \/>\n<script type=\"application\/ld+json\" class=\"yoast-schema-graph\">{\"@context\":\"https:\/\/schema.org\",\"@graph\":[{\"@type\":\"Article\",\"@id\":\"https:\/\/now-news.de\/de\/deutschland\/pfizer-chef-bourla-fluechtet-in-davos-vor-journalisten-und-schweigt-zu-unangenehmen-fragen\/#article\",\"isPartOf\":{\"@id\":\"https:\/\/now-news.de\/de\/deutschland\/pfizer-chef-bourla-fluechtet-in-davos-vor-journalisten-und-schweigt-zu-unangenehmen-fragen\/\"},\"author\":{\"name\":\"rtnews\",\"@id\":\"https:\/\/now-news.de\/de\/#\/schema\/person\/fb534a4e865501d8b3285208df34a9b5\"},\"headline\":\"Pfizer-Chef Bourla fl\u00fcchtet in Davos vor Journalisten \u2013 und schweigt zu unangenehmen Fragen\",\"datePublished\":\"2023-01-19T10:38:04+00:00\",\"dateModified\":\"2023-01-19T10:38:04+00:00\",\"mainEntityOfPage\":{\"@id\":\"https:\/\/now-news.de\/de\/deutschland\/pfizer-chef-bourla-fluechtet-in-davos-vor-journalisten-und-schweigt-zu-unangenehmen-fragen\/\"},\"wordCount\":1357,\"commentCount\":0,\"publisher\":{\"@id\":\"https:\/\/now-news.de\/de\/#organization\"},\"image\":{\"@id\":\"https:\/\/now-news.de\/de\/deutschland\/pfizer-chef-bourla-fluechtet-in-davos-vor-journalisten-und-schweigt-zu-unangenehmen-fragen\/#primaryimage\"},\"thumbnailUrl\":\"https:\/\/now-news.de\/de\/wp-content\/uploads\/sites\/3\/2023\/01\/Pfizer-Chef-Bourla-fluechtet-in-Davos-vor-Journalisten-\u2013-und-schweigt.jpg\",\"keywords\":[\"Bourla\",\"Davos\",\"fl\u00fcchtet\",\"Fragen\",\"Journalisten\",\"PfizerChef\",\"schweigt\",\"unangenehmen\",\"und\",\"vor\"],\"articleSection\":[\"Deutschland\",\"Russland\"],\"inLanguage\":\"de\",\"potentialAction\":[{\"@type\":\"CommentAction\",\"name\":\"Comment\",\"target\":[\"https:\/\/now-news.de\/de\/deutschland\/pfizer-chef-bourla-fluechtet-in-davos-vor-journalisten-und-schweigt-zu-unangenehmen-fragen\/#respond\"]}]},{\"@type\":\"WebPage\",\"@id\":\"https:\/\/now-news.de\/de\/deutschland\/pfizer-chef-bourla-fluechtet-in-davos-vor-journalisten-und-schweigt-zu-unangenehmen-fragen\/\",\"url\":\"https:\/\/now-news.de\/de\/deutschland\/pfizer-chef-bourla-fluechtet-in-davos-vor-journalisten-und-schweigt-zu-unangenehmen-fragen\/\",\"name\":\"Pfizer-Chef Bourla fl\u00fcchtet in Davos vor Journalisten \u2013 und schweigt zu unangenehmen Fragen - just-now.NEWS Deutschland\",\"isPartOf\":{\"@id\":\"https:\/\/now-news.de\/de\/#website\"},\"primaryImageOfPage\":{\"@id\":\"https:\/\/now-news.de\/de\/deutschland\/pfizer-chef-bourla-fluechtet-in-davos-vor-journalisten-und-schweigt-zu-unangenehmen-fragen\/#primaryimage\"},\"image\":{\"@id\":\"https:\/\/now-news.de\/de\/deutschland\/pfizer-chef-bourla-fluechtet-in-davos-vor-journalisten-und-schweigt-zu-unangenehmen-fragen\/#primaryimage\"},\"thumbnailUrl\":\"https:\/\/now-news.de\/de\/wp-content\/uploads\/sites\/3\/2023\/01\/Pfizer-Chef-Bourla-fluechtet-in-Davos-vor-Journalisten-\u2013-und-schweigt.jpg\",\"datePublished\":\"2023-01-19T10:38:04+00:00\",\"dateModified\":\"2023-01-19T10:38:04+00:00\",\"breadcrumb\":{\"@id\":\"https:\/\/now-news.de\/de\/deutschland\/pfizer-chef-bourla-fluechtet-in-davos-vor-journalisten-und-schweigt-zu-unangenehmen-fragen\/#breadcrumb\"},\"inLanguage\":\"de\",\"potentialAction\":[{\"@type\":\"ReadAction\",\"target\":[\"https:\/\/now-news.de\/de\/deutschland\/pfizer-chef-bourla-fluechtet-in-davos-vor-journalisten-und-schweigt-zu-unangenehmen-fragen\/\"]}]},{\"@type\":\"ImageObject\",\"inLanguage\":\"de\",\"@id\":\"https:\/\/now-news.de\/de\/deutschland\/pfizer-chef-bourla-fluechtet-in-davos-vor-journalisten-und-schweigt-zu-unangenehmen-fragen\/#primaryimage\",\"url\":\"https:\/\/now-news.de\/de\/wp-content\/uploads\/sites\/3\/2023\/01\/Pfizer-Chef-Bourla-fluechtet-in-Davos-vor-Journalisten-\u2013-und-schweigt.jpg\",\"contentUrl\":\"https:\/\/now-news.de\/de\/wp-content\/uploads\/sites\/3\/2023\/01\/Pfizer-Chef-Bourla-fluechtet-in-Davos-vor-Journalisten-\u2013-und-schweigt.jpg\",\"width\":460,\"height\":259,\"caption\":\"Pfizer-Chef Bourla fl\u00fcchtet in Davos vor Journalisten \u2013 und schweigt zu unangenehmen Fragen\"},{\"@type\":\"BreadcrumbList\",\"@id\":\"https:\/\/now-news.de\/de\/deutschland\/pfizer-chef-bourla-fluechtet-in-davos-vor-journalisten-und-schweigt-zu-unangenehmen-fragen\/#breadcrumb\",\"itemListElement\":[{\"@type\":\"ListItem\",\"position\":1,\"name\":\"Home\",\"item\":\"https:\/\/now-news.de\/de\/\"},{\"@type\":\"ListItem\",\"position\":2,\"name\":\"Pfizer-Chef Bourla fl\u00fcchtet in Davos vor Journalisten \u2013 und schweigt zu unangenehmen Fragen\"}]},{\"@type\":\"WebSite\",\"@id\":\"https:\/\/now-news.de\/de\/#website\",\"url\":\"https:\/\/now-news.de\/de\/\",\"name\":\"just-now.NEWS Deutschland\",\"description\":\"Das Portal f\u00fcr unzensierte Nachrichten aus der Welt\",\"publisher\":{\"@id\":\"https:\/\/now-news.de\/de\/#organization\"},\"potentialAction\":[{\"@type\":\"SearchAction\",\"target\":{\"@type\":\"EntryPoint\",\"urlTemplate\":\"https:\/\/now-news.de\/de\/?s={search_term_string}\"},\"query-input\":\"required name=search_term_string\"}],\"inLanguage\":\"de\"},{\"@type\":\"Organization\",\"@id\":\"https:\/\/now-news.de\/de\/#organization\",\"name\":\"Just Now News\",\"url\":\"https:\/\/now-news.de\/de\/\",\"logo\":{\"@type\":\"ImageObject\",\"inLanguage\":\"de\",\"@id\":\"https:\/\/now-news.de\/de\/#\/schema\/logo\/image\/\",\"url\":\"http:\/\/just-now.news\/de\/wp-content\/uploads\/sites\/3\/2022\/04\/logo500x500.jpg\",\"contentUrl\":\"http:\/\/just-now.news\/de\/wp-content\/uploads\/sites\/3\/2022\/04\/logo500x500.jpg\",\"width\":500,\"height\":500,\"caption\":\"Just Now News\"},\"image\":{\"@id\":\"https:\/\/now-news.de\/de\/#\/schema\/logo\/image\/\"},\"sameAs\":[\"https:\/\/www.facebook.com\/wirmachenauf\",\"https:\/\/x.com\/WirMachenAuf_de\"]},{\"@type\":\"Person\",\"@id\":\"https:\/\/now-news.de\/de\/#\/schema\/person\/fb534a4e865501d8b3285208df34a9b5\",\"name\":\"rtnews\",\"image\":{\"@type\":\"ImageObject\",\"inLanguage\":\"de\",\"@id\":\"https:\/\/now-news.de\/de\/#\/schema\/person\/image\/\",\"url\":\"https:\/\/secure.gravatar.com\/avatar\/82aafea7d8127119dd649515f56e2117?s=96&d=mm&r=g\",\"contentUrl\":\"https:\/\/secure.gravatar.com\/avatar\/82aafea7d8127119dd649515f56e2117?s=96&d=mm&r=g\",\"caption\":\"rtnews\"},\"url\":\"https:\/\/now-news.de\/de\/author\/rnews\/\"}]}<\/script>\n<!-- \/ Yoast SEO Premium plugin. -->","yoast_head_json":{"title":"Pfizer-Chef Bourla fl\u00fcchtet in Davos vor Journalisten \u2013 und schweigt zu unangenehmen Fragen - just-now.NEWS Deutschland","robots":{"index":"index","follow":"follow","max-snippet":"max-snippet:-1","max-image-preview":"max-image-preview:large","max-video-preview":"max-video-preview:-1"},"canonical":"https:\/\/now-news.de\/de\/deutschland\/pfizer-chef-bourla-fluechtet-in-davos-vor-journalisten-und-schweigt-zu-unangenehmen-fragen\/","og_locale":"de_DE","og_type":"article","og_title":"Pfizer-Chef Bourla fl\u00fcchtet in Davos vor Journalisten \u2013 und schweigt zu unangenehmen Fragen","og_description":"Ein Zeitdokument: Kanadische Journalisten konfrontierten Bourla auf dem Weg zu einem WEF-Veranstaltungsort mit dem Thema Effektivit\u00e4t und Nebenwirkungen von mRNA-Wirkstoffen. Die kompromittierenden Fragen blieben dabei beharrlich ohne Beantwortung. Bourlas Reaktion lautete: &#8220;Ich w\u00fcnsche Ihnen einen sch\u00f6nen Tag.&#8221; Von Bernhard Loyen Die investigative kanadische Webseite Rebel News ist auch dieses Jahr bei der Veranstaltung des World [&hellip;]","og_url":"https:\/\/now-news.de\/de\/deutschland\/pfizer-chef-bourla-fluechtet-in-davos-vor-journalisten-und-schweigt-zu-unangenehmen-fragen\/","og_site_name":"just-now.NEWS Deutschland","article_publisher":"https:\/\/www.facebook.com\/wirmachenauf","article_published_time":"2023-01-19T10:38:04+00:00","og_image":[{"width":460,"height":259,"url":"https:\/\/now-news.de\/de\/wp-content\/uploads\/sites\/3\/2023\/01\/Pfizer-Chef-Bourla-fluechtet-in-Davos-vor-Journalisten-\u2013-und-schweigt.jpg","type":"image\/jpeg"}],"author":"rtnews","twitter_card":"summary_large_image","twitter_creator":"@WirMachenAuf_de","twitter_site":"@WirMachenAuf_de","twitter_misc":{"Verfasst von":"rtnews","Gesch\u00e4tzte Lesezeit":"7\u00a0Minuten"},"schema":{"@context":"https:\/\/schema.org","@graph":[{"@type":"Article","@id":"https:\/\/now-news.de\/de\/deutschland\/pfizer-chef-bourla-fluechtet-in-davos-vor-journalisten-und-schweigt-zu-unangenehmen-fragen\/#article","isPartOf":{"@id":"https:\/\/now-news.de\/de\/deutschland\/pfizer-chef-bourla-fluechtet-in-davos-vor-journalisten-und-schweigt-zu-unangenehmen-fragen\/"},"author":{"name":"rtnews","@id":"https:\/\/now-news.de\/de\/#\/schema\/person\/fb534a4e865501d8b3285208df34a9b5"},"headline":"Pfizer-Chef Bourla fl\u00fcchtet in Davos vor Journalisten \u2013 und schweigt zu unangenehmen Fragen","datePublished":"2023-01-19T10:38:04+00:00","dateModified":"2023-01-19T10:38:04+00:00","mainEntityOfPage":{"@id":"https:\/\/now-news.de\/de\/deutschland\/pfizer-chef-bourla-fluechtet-in-davos-vor-journalisten-und-schweigt-zu-unangenehmen-fragen\/"},"wordCount":1357,"commentCount":0,"publisher":{"@id":"https:\/\/now-news.de\/de\/#organization"},"image":{"@id":"https:\/\/now-news.de\/de\/deutschland\/pfizer-chef-bourla-fluechtet-in-davos-vor-journalisten-und-schweigt-zu-unangenehmen-fragen\/#primaryimage"},"thumbnailUrl":"https:\/\/now-news.de\/de\/wp-content\/uploads\/sites\/3\/2023\/01\/Pfizer-Chef-Bourla-fluechtet-in-Davos-vor-Journalisten-\u2013-und-schweigt.jpg","keywords":["Bourla","Davos","fl\u00fcchtet","Fragen","Journalisten","PfizerChef","schweigt","unangenehmen","und","vor"],"articleSection":["Deutschland","Russland"],"inLanguage":"de","potentialAction":[{"@type":"CommentAction","name":"Comment","target":["https:\/\/now-news.de\/de\/deutschland\/pfizer-chef-bourla-fluechtet-in-davos-vor-journalisten-und-schweigt-zu-unangenehmen-fragen\/#respond"]}]},{"@type":"WebPage","@id":"https:\/\/now-news.de\/de\/deutschland\/pfizer-chef-bourla-fluechtet-in-davos-vor-journalisten-und-schweigt-zu-unangenehmen-fragen\/","url":"https:\/\/now-news.de\/de\/deutschland\/pfizer-chef-bourla-fluechtet-in-davos-vor-journalisten-und-schweigt-zu-unangenehmen-fragen\/","name":"Pfizer-Chef Bourla fl\u00fcchtet in Davos vor Journalisten \u2013 und schweigt zu unangenehmen Fragen - just-now.NEWS Deutschland","isPartOf":{"@id":"https:\/\/now-news.de\/de\/#website"},"primaryImageOfPage":{"@id":"https:\/\/now-news.de\/de\/deutschland\/pfizer-chef-bourla-fluechtet-in-davos-vor-journalisten-und-schweigt-zu-unangenehmen-fragen\/#primaryimage"},"image":{"@id":"https:\/\/now-news.de\/de\/deutschland\/pfizer-chef-bourla-fluechtet-in-davos-vor-journalisten-und-schweigt-zu-unangenehmen-fragen\/#primaryimage"},"thumbnailUrl":"https:\/\/now-news.de\/de\/wp-content\/uploads\/sites\/3\/2023\/01\/Pfizer-Chef-Bourla-fluechtet-in-Davos-vor-Journalisten-\u2013-und-schweigt.jpg","datePublished":"2023-01-19T10:38:04+00:00","dateModified":"2023-01-19T10:38:04+00:00","breadcrumb":{"@id":"https:\/\/now-news.de\/de\/deutschland\/pfizer-chef-bourla-fluechtet-in-davos-vor-journalisten-und-schweigt-zu-unangenehmen-fragen\/#breadcrumb"},"inLanguage":"de","potentialAction":[{"@type":"ReadAction","target":["https:\/\/now-news.de\/de\/deutschland\/pfizer-chef-bourla-fluechtet-in-davos-vor-journalisten-und-schweigt-zu-unangenehmen-fragen\/"]}]},{"@type":"ImageObject","inLanguage":"de","@id":"https:\/\/now-news.de\/de\/deutschland\/pfizer-chef-bourla-fluechtet-in-davos-vor-journalisten-und-schweigt-zu-unangenehmen-fragen\/#primaryimage","url":"https:\/\/now-news.de\/de\/wp-content\/uploads\/sites\/3\/2023\/01\/Pfizer-Chef-Bourla-fluechtet-in-Davos-vor-Journalisten-\u2013-und-schweigt.jpg","contentUrl":"https:\/\/now-news.de\/de\/wp-content\/uploads\/sites\/3\/2023\/01\/Pfizer-Chef-Bourla-fluechtet-in-Davos-vor-Journalisten-\u2013-und-schweigt.jpg","width":460,"height":259,"caption":"Pfizer-Chef Bourla fl\u00fcchtet in Davos vor Journalisten \u2013 und schweigt zu unangenehmen Fragen"},{"@type":"BreadcrumbList","@id":"https:\/\/now-news.de\/de\/deutschland\/pfizer-chef-bourla-fluechtet-in-davos-vor-journalisten-und-schweigt-zu-unangenehmen-fragen\/#breadcrumb","itemListElement":[{"@type":"ListItem","position":1,"name":"Home","item":"https:\/\/now-news.de\/de\/"},{"@type":"ListItem","position":2,"name":"Pfizer-Chef Bourla fl\u00fcchtet in Davos vor Journalisten \u2013 und schweigt zu unangenehmen Fragen"}]},{"@type":"WebSite","@id":"https:\/\/now-news.de\/de\/#website","url":"https:\/\/now-news.de\/de\/","name":"just-now.NEWS Deutschland","description":"Das Portal f\u00fcr unzensierte Nachrichten aus der Welt","publisher":{"@id":"https:\/\/now-news.de\/de\/#organization"},"potentialAction":[{"@type":"SearchAction","target":{"@type":"EntryPoint","urlTemplate":"https:\/\/now-news.de\/de\/?s={search_term_string}"},"query-input":"required name=search_term_string"}],"inLanguage":"de"},{"@type":"Organization","@id":"https:\/\/now-news.de\/de\/#organization","name":"Just Now News","url":"https:\/\/now-news.de\/de\/","logo":{"@type":"ImageObject","inLanguage":"de","@id":"https:\/\/now-news.de\/de\/#\/schema\/logo\/image\/","url":"http:\/\/just-now.news\/de\/wp-content\/uploads\/sites\/3\/2022\/04\/logo500x500.jpg","contentUrl":"http:\/\/just-now.news\/de\/wp-content\/uploads\/sites\/3\/2022\/04\/logo500x500.jpg","width":500,"height":500,"caption":"Just Now News"},"image":{"@id":"https:\/\/now-news.de\/de\/#\/schema\/logo\/image\/"},"sameAs":["https:\/\/www.facebook.com\/wirmachenauf","https:\/\/x.com\/WirMachenAuf_de"]},{"@type":"Person","@id":"https:\/\/now-news.de\/de\/#\/schema\/person\/fb534a4e865501d8b3285208df34a9b5","name":"rtnews","image":{"@type":"ImageObject","inLanguage":"de","@id":"https:\/\/now-news.de\/de\/#\/schema\/person\/image\/","url":"https:\/\/secure.gravatar.com\/avatar\/82aafea7d8127119dd649515f56e2117?s=96&d=mm&r=g","contentUrl":"https:\/\/secure.gravatar.com\/avatar\/82aafea7d8127119dd649515f56e2117?s=96&d=mm&r=g","caption":"rtnews"},"url":"https:\/\/now-news.de\/de\/author\/rnews\/"}]}},"_links":{"self":[{"href":"https:\/\/now-news.de\/de\/wp-json\/wp\/v2\/posts\/28107"}],"collection":[{"href":"https:\/\/now-news.de\/de\/wp-json\/wp\/v2\/posts"}],"about":[{"href":"https:\/\/now-news.de\/de\/wp-json\/wp\/v2\/types\/post"}],"author":[{"embeddable":true,"href":"https:\/\/now-news.de\/de\/wp-json\/wp\/v2\/users\/3"}],"replies":[{"embeddable":true,"href":"https:\/\/now-news.de\/de\/wp-json\/wp\/v2\/comments?post=28107"}],"version-history":[{"count":0,"href":"https:\/\/now-news.de\/de\/wp-json\/wp\/v2\/posts\/28107\/revisions"}],"wp:featuredmedia":[{"embeddable":true,"href":"https:\/\/now-news.de\/de\/wp-json\/wp\/v2\/media\/28108"}],"wp:attachment":[{"href":"https:\/\/now-news.de\/de\/wp-json\/wp\/v2\/media?parent=28107"}],"wp:term":[{"taxonomy":"category","embeddable":true,"href":"https:\/\/now-news.de\/de\/wp-json\/wp\/v2\/categories?post=28107"},{"taxonomy":"post_tag","embeddable":true,"href":"https:\/\/now-news.de\/de\/wp-json\/wp\/v2\/tags?post=28107"}],"curies":[{"name":"wp","href":"https:\/\/api.w.org\/{rel}","templated":true}]}}