{"id":28099,"date":"2023-01-19T11:36:29","date_gmt":"2023-01-19T09:36:29","guid":{"rendered":"https:\/\/just-now.news\/de\/deutschland\/unesco-lateinamerika-und-karibik-fuehren-bei-journalistenmorden-44-getoetete-reporter-im-jahr-2022\/"},"modified":"2023-01-19T11:36:29","modified_gmt":"2023-01-19T09:36:29","slug":"unesco-lateinamerika-und-karibik-fuehren-bei-journalistenmorden-44-getoetete-reporter-im-jahr-2022","status":"publish","type":"post","link":"https:\/\/now-news.de\/de\/deutschland\/unesco-lateinamerika-und-karibik-fuehren-bei-journalistenmorden-44-getoetete-reporter-im-jahr-2022\/","title":{"rendered":"UNESCO: Lateinamerika und Karibik f\u00fchren bei Journalistenmorden \u2013 44 get\u00f6tete Reporter im Jahr 2022"},"content":{"rendered":"<p><img decoding=\"async\" src=\"http:\/\/just-now.news\/de\/wp-content\/uploads\/sites\/3\/2023\/01\/63c7ebdcb480cc2a5d4e7d18.jpg\" \/><\/p>\n<div class=\"Text-root Text-type_1 \">\n                Nach Angaben der UN-Kulturorganisation UNESCO sind im vergangenen Jahr 86 Journalisten weltweit get\u00f6tet worden \u2013 31 mehr als im Jahr 2021. Ganz oben im Ranking der gef\u00e4hrlichsten Regionen stehen mit 44 get\u00f6teten Medienschaffenden Lateinamerika und die Karibik.\n            <\/div>\n<p><\/p>\n<div class=\"Text-root Text-type_5 ArticleView-text ViewText-root \">\n<p>Die Organisation der Vereinten Nationen f\u00fcr Bildung, Wissenschaft und Kultur (UNESCO) hat am Montag ihren Jahresbericht mit globalen Statistiken zu Morden an Journalisten ver\u00f6ffentlicht. Demnach wurden im Jahr 2022 in der ganzen Welt 86 Medienschaffende get\u00f6tet. Mit anderen Worten: Alle vier Tage gab es einen t\u00f6dlichen Angriff auf einen Journalisten.<\/p>\n<p>Lateinamerika und die Karibik erwiesen sich mit 44 Morden an Journalisten als die gef\u00e4hrlichste Region der Welt. Dort wurde also mehr als die H\u00e4lfte der Verbrechen begangen. Zum gef\u00e4hrlichsten Land wurde Mexiko. Dort wurden im vorigen Jahr 19 get\u00f6tete Reporter gemeldet. In Haiti gab es neun Morde.<\/p>\n<div class=\"EmbedBlock-root EmbedBlock-twitter\">\n<div class=\"TwitterEmbed\">\n<blockquote class=\"twitter-tweet lazyload\" data-twitter=\"twitter-tweet\">\n<p lang=\"es\" dir=\"ltr\">86 <a rel=\"nofollow noopener\" target=\"_blank\" href=\"https:\/\/twitter.com\/hashtag\/periodistas?src=hash&amp;ref_src=twsrc%5Etfw\">#periodistas<\/a> y trabajadores de los medios de comunicaci\u00f3n fueron asesinados en todo el mundo en 2022.Am\u00e9rica Latina y el Caribe fue la regi\u00f3n m\u00e1s mort\u00edfera con 44 homicidios.El \u00edndice de impunidad global sigue siendo extremadamente alto, un 86%.<a rel=\"nofollow noopener\" target=\"_blank\" href=\"https:\/\/t.co\/INZOktYOT5\">https:\/\/t.co\/INZOktYOT5<\/a><\/p>\n<p>\u2014 Noticias ONU (@NoticiasONU) <a rel=\"nofollow noopener\" target=\"_blank\" href=\"https:\/\/twitter.com\/NoticiasONU\/status\/1615089576967536642?ref_src=twsrc%5Etfw\">January 16, 2023<\/a><\/p><\/blockquote>\n<\/div>\n<\/div>\n<p>T\u00f6dliche Angriffe auf Journalisten wurden auch aus Asien und Osteuropa gemeldet. Im asiatisch-pazifischen Raum wurden 16 Morde registriert. In Osteuropa waren es elf. Allein zehn davon entfielen auf die Ukraine. Somit wurde die ehemalige Sowjetrepublik zum zweitgef\u00e4hrlichsten Land f\u00fcr Reporter nach Mexiko.<\/p>\n<p>Die UNESCO bezeichnete die j\u00fcngsten Statistiken als alarmierend, da die Zahl der get\u00f6teten Medienschaffenden von 2018 bis 2021 eigentlich gesunken war: von 99 Morden im Jahr 2018 auf durchschnittlich 58 in den folgenden Jahren. Im Bericht hie\u00df es, dass der j\u00fcngste Anstieg einen dramatischen Umbruch in der positiven Tendenz der letzten Jahre darstelle.<\/p>\n<blockquote>\n<p><em>&#8220;Diese Zahlen sind ein Merkmal der sich weitenden Risse in den rechtsstaatlichen Systemen auf der ganzen Welt und legen die Tatsache an den Tag, dass einige Staaten ihre Verpflichtungen, Journalisten zu sch\u00fctzen sowie Verbrechen gegen sie zu verhindern und rechtlich zu verfolgen, nicht erf\u00fcllen.&#8221;<\/em><\/p>\n<\/blockquote>\n<p>Nach Angaben der UN-Kulturorganisation waren fast die H\u00e4lfte der get\u00f6teten Journalisten zum Zeitpunkt des Angriffs au\u00dferhalb ihres unmittelbaren Dienstes. Das hei\u00dft, die Opfer waren auf Reise, in ihrem Haus, auf einem Parkplatz oder an anderen \u00f6ffentlichen Orten. Somit bleibe die Tendenz der letzten Jahre bestehen, die nahelege, dass es keine sicheren Orte f\u00fcr Journalisten gebe \u2013 auch nicht in ihrer Freizeit, wurde im Bericht betont.<\/p>\n<p>Zu den Tatmotiven\u00a0z\u00e4hlte\u00a0die Berichterstattung \u00fcber das organisierte Verbrechen, bewaffnete Konflikte und den Aufstieg des Extremismus. Dar\u00fcber hinaus wurden Journalisten wegen ihrer Berichte \u00fcber heikle Themen wie Korruption, Verbrechen gegen die Umwelt, Amtsmissbrauch und Proteste get\u00f6tet. Die Generaldirektorin der UNESCO, Audrey Azoulay, sagte am Montag in Paris in Bezug auf den starken Anstieg der Journalistenmorde:<\/p>\n<blockquote>\n<p><em>&#8220;Die Beh\u00f6rden m\u00fcssen ihre Anstrengungen verdoppeln, um diesen Verbrechen ein Ende zu setzen und sicherzustellen, dass die T\u00e4ter verurteilt werden, denn Gleichg\u00fcltigkeit ist ein wichtiger Faktor in diesem Klima der Gewalt.&#8221;<\/em><\/p>\n<\/blockquote>\n<p>Laut dem Bericht blieben 86 Prozent der Verbrechen unbestraft. Dies schaffe einen Einsch\u00fcchterungseffekt und gef\u00e4hrde die Pressefreiheit, hie\u00df es. Berichtet wurde auch \u00fcber andere Verbrechen gegen Journalisten, wie Entf\u00fchrungen, willk\u00fcrliche Festnahmen, gerichtliche Bel\u00e4stigung und digitale Gewalt. Davon waren vor allem Journalistinnen betroffen.<\/p>\n<p><strong>Mehr zum Thema<\/strong> &#8211;\u00a0<a rel=\"nofollow noopener\" target=\"_blank\" href=\"https:\/\/rtde.site\/russland\/148130-russisches-gericht-entzieht-liberaler-zeitung\/\">Russisches Gericht entzieht &#8220;Nowaja Gaseta&#8221; die Lizenz<\/a><\/p>\n<\/div>\n<p><script async src=\"https:\/\/platform.twitter.com\/widgets.js\" charset=\"utf-8\"><\/script><br \/>\n<br \/><br \/>\n<br \/><a href=\"https:\/\/de.rt.com\/gesellschaft\/160252-lateinamerika-und-karibik-fuehren-bei-journalistenmorden\/\">Source link <\/a><\/p>\n","protected":false},"excerpt":{"rendered":"<p>Nach Angaben der UN-Kulturorganisation UNESCO sind im vergangenen Jahr 86 Journalisten weltweit get\u00f6tet worden \u2013 31 mehr als im Jahr 2021. Ganz oben im Ranking der gef\u00e4hrlichsten Regionen stehen mit 44 get\u00f6teten Medienschaffenden Lateinamerika und die Karibik. Die Organisation der Vereinten Nationen f\u00fcr Bildung, Wissenschaft und Kultur (UNESCO) hat am Montag ihren Jahresbericht mit globalen [&hellip;]<\/p>\n","protected":false},"author":3,"featured_media":28100,"comment_status":"open","ping_status":"open","sticky":false,"template":"","format":"standard","meta":{"_yoast_indexnow_last_ping":["1674121214"],"wp_automatic_camp":["217"],"660919a4bb2f041e09e92c390c528d03":["UNESCO: Lateinamerika und Karibik f\u00fchren bei Journalistenmorden \u2013 44 get\u00f6tete Reporter im Jahr 2022"],"original_link":["https:\/\/de.rt.com\/gesellschaft\/160252-lateinamerika-und-karibik-fuehren-bei-journalistenmorden\/"],"_thumbnail_id":["28100"],"_wptgpro_p2tg_sent2tg":["a:1:{i:23737;s:19:\"2023-01-19 11:41:18\";}"],"jnews_social_counter_last_update":["1777587050"]},"categories":[19,23],"tags":[363,1402,31402,1615,39306,18710,4853,5074,140,37051],"yoast_head":"<!-- This site is optimized with the Yoast SEO Premium plugin v22.7 (Yoast SEO v22.7) - https:\/\/yoast.com\/wordpress\/plugins\/seo\/ -->\n<title>UNESCO: Lateinamerika und Karibik f\u00fchren bei Journalistenmorden \u2013 44 get\u00f6tete Reporter im Jahr 2022 - just-now.NEWS Deutschland<\/title>\n<meta name=\"robots\" content=\"index, follow, max-snippet:-1, max-image-preview:large, max-video-preview:-1\" \/>\n<link rel=\"canonical\" href=\"https:\/\/now-news.de\/de\/deutschland\/unesco-lateinamerika-und-karibik-fuehren-bei-journalistenmorden-44-getoetete-reporter-im-jahr-2022\/\" \/>\n<meta property=\"og:locale\" content=\"de_DE\" \/>\n<meta property=\"og:type\" content=\"article\" \/>\n<meta property=\"og:title\" content=\"UNESCO: Lateinamerika und Karibik f\u00fchren bei Journalistenmorden \u2013 44 get\u00f6tete Reporter im Jahr 2022\" \/>\n<meta property=\"og:description\" content=\"Nach Angaben der UN-Kulturorganisation UNESCO sind im vergangenen Jahr 86 Journalisten weltweit get\u00f6tet worden \u2013 31 mehr als im Jahr 2021. Ganz oben im Ranking der gef\u00e4hrlichsten Regionen stehen mit 44 get\u00f6teten Medienschaffenden Lateinamerika und die Karibik. Die Organisation der Vereinten Nationen f\u00fcr Bildung, Wissenschaft und Kultur (UNESCO) hat am Montag ihren Jahresbericht mit globalen [&hellip;]\" \/>\n<meta property=\"og:url\" content=\"https:\/\/now-news.de\/de\/deutschland\/unesco-lateinamerika-und-karibik-fuehren-bei-journalistenmorden-44-getoetete-reporter-im-jahr-2022\/\" \/>\n<meta property=\"og:site_name\" content=\"just-now.NEWS Deutschland\" \/>\n<meta property=\"article:publisher\" content=\"https:\/\/www.facebook.com\/wirmachenauf\" \/>\n<meta property=\"article:published_time\" content=\"2023-01-19T09:36:29+00:00\" \/>\n<meta property=\"og:image\" content=\"https:\/\/now-news.de\/de\/wp-content\/uploads\/sites\/3\/2023\/01\/UNESCO-Lateinamerika-und-Karibik-fuehren-bei-Journalistenmorden-\u2013-44-getoetete.jpg\" \/>\n\t<meta property=\"og:image:width\" content=\"460\" \/>\n\t<meta property=\"og:image:height\" content=\"259\" \/>\n\t<meta property=\"og:image:type\" content=\"image\/jpeg\" \/>\n<meta name=\"author\" content=\"rtnews\" \/>\n<meta name=\"twitter:card\" content=\"summary_large_image\" \/>\n<meta name=\"twitter:creator\" content=\"@WirMachenAuf_de\" \/>\n<meta name=\"twitter:site\" content=\"@WirMachenAuf_de\" \/>\n<meta name=\"twitter:label1\" content=\"Verfasst von\" \/>\n\t<meta name=\"twitter:data1\" content=\"rtnews\" \/>\n\t<meta name=\"twitter:label2\" content=\"Gesch\u00e4tzte Lesezeit\" \/>\n\t<meta name=\"twitter:data2\" content=\"3\u00a0Minuten\" \/>\n<script type=\"application\/ld+json\" class=\"yoast-schema-graph\">{\"@context\":\"https:\/\/schema.org\",\"@graph\":[{\"@type\":\"Article\",\"@id\":\"https:\/\/now-news.de\/de\/deutschland\/unesco-lateinamerika-und-karibik-fuehren-bei-journalistenmorden-44-getoetete-reporter-im-jahr-2022\/#article\",\"isPartOf\":{\"@id\":\"https:\/\/now-news.de\/de\/deutschland\/unesco-lateinamerika-und-karibik-fuehren-bei-journalistenmorden-44-getoetete-reporter-im-jahr-2022\/\"},\"author\":{\"name\":\"rtnews\",\"@id\":\"https:\/\/now-news.de\/de\/#\/schema\/person\/fb534a4e865501d8b3285208df34a9b5\"},\"headline\":\"UNESCO: Lateinamerika und Karibik f\u00fchren bei Journalistenmorden \u2013 44 get\u00f6tete Reporter im Jahr 2022\",\"datePublished\":\"2023-01-19T09:36:29+00:00\",\"dateModified\":\"2023-01-19T09:36:29+00:00\",\"mainEntityOfPage\":{\"@id\":\"https:\/\/now-news.de\/de\/deutschland\/unesco-lateinamerika-und-karibik-fuehren-bei-journalistenmorden-44-getoetete-reporter-im-jahr-2022\/\"},\"wordCount\":563,\"commentCount\":0,\"publisher\":{\"@id\":\"https:\/\/now-news.de\/de\/#organization\"},\"image\":{\"@id\":\"https:\/\/now-news.de\/de\/deutschland\/unesco-lateinamerika-und-karibik-fuehren-bei-journalistenmorden-44-getoetete-reporter-im-jahr-2022\/#primaryimage\"},\"thumbnailUrl\":\"https:\/\/now-news.de\/de\/wp-content\/uploads\/sites\/3\/2023\/01\/UNESCO-Lateinamerika-und-Karibik-fuehren-bei-Journalistenmorden-\u2013-44-getoetete.jpg\",\"keywords\":[\"bei\",\"f\u00fchren\",\"Get\u00f6tete\",\"Jahr\",\"Journalistenmorden\",\"Karibik\",\"Lateinamerika\",\"Reporter\",\"und\",\"UNESCO\"],\"articleSection\":[\"Deutschland\",\"Russland\"],\"inLanguage\":\"de\",\"potentialAction\":[{\"@type\":\"CommentAction\",\"name\":\"Comment\",\"target\":[\"https:\/\/now-news.de\/de\/deutschland\/unesco-lateinamerika-und-karibik-fuehren-bei-journalistenmorden-44-getoetete-reporter-im-jahr-2022\/#respond\"]}]},{\"@type\":\"WebPage\",\"@id\":\"https:\/\/now-news.de\/de\/deutschland\/unesco-lateinamerika-und-karibik-fuehren-bei-journalistenmorden-44-getoetete-reporter-im-jahr-2022\/\",\"url\":\"https:\/\/now-news.de\/de\/deutschland\/unesco-lateinamerika-und-karibik-fuehren-bei-journalistenmorden-44-getoetete-reporter-im-jahr-2022\/\",\"name\":\"UNESCO: Lateinamerika und Karibik f\u00fchren bei Journalistenmorden \u2013 44 get\u00f6tete Reporter im Jahr 2022 - just-now.NEWS Deutschland\",\"isPartOf\":{\"@id\":\"https:\/\/now-news.de\/de\/#website\"},\"primaryImageOfPage\":{\"@id\":\"https:\/\/now-news.de\/de\/deutschland\/unesco-lateinamerika-und-karibik-fuehren-bei-journalistenmorden-44-getoetete-reporter-im-jahr-2022\/#primaryimage\"},\"image\":{\"@id\":\"https:\/\/now-news.de\/de\/deutschland\/unesco-lateinamerika-und-karibik-fuehren-bei-journalistenmorden-44-getoetete-reporter-im-jahr-2022\/#primaryimage\"},\"thumbnailUrl\":\"https:\/\/now-news.de\/de\/wp-content\/uploads\/sites\/3\/2023\/01\/UNESCO-Lateinamerika-und-Karibik-fuehren-bei-Journalistenmorden-\u2013-44-getoetete.jpg\",\"datePublished\":\"2023-01-19T09:36:29+00:00\",\"dateModified\":\"2023-01-19T09:36:29+00:00\",\"breadcrumb\":{\"@id\":\"https:\/\/now-news.de\/de\/deutschland\/unesco-lateinamerika-und-karibik-fuehren-bei-journalistenmorden-44-getoetete-reporter-im-jahr-2022\/#breadcrumb\"},\"inLanguage\":\"de\",\"potentialAction\":[{\"@type\":\"ReadAction\",\"target\":[\"https:\/\/now-news.de\/de\/deutschland\/unesco-lateinamerika-und-karibik-fuehren-bei-journalistenmorden-44-getoetete-reporter-im-jahr-2022\/\"]}]},{\"@type\":\"ImageObject\",\"inLanguage\":\"de\",\"@id\":\"https:\/\/now-news.de\/de\/deutschland\/unesco-lateinamerika-und-karibik-fuehren-bei-journalistenmorden-44-getoetete-reporter-im-jahr-2022\/#primaryimage\",\"url\":\"https:\/\/now-news.de\/de\/wp-content\/uploads\/sites\/3\/2023\/01\/UNESCO-Lateinamerika-und-Karibik-fuehren-bei-Journalistenmorden-\u2013-44-getoetete.jpg\",\"contentUrl\":\"https:\/\/now-news.de\/de\/wp-content\/uploads\/sites\/3\/2023\/01\/UNESCO-Lateinamerika-und-Karibik-fuehren-bei-Journalistenmorden-\u2013-44-getoetete.jpg\",\"width\":460,\"height\":259,\"caption\":\"UNESCO: Lateinamerika und Karibik f\u00fchren bei Journalistenmorden \u2013 44 get\u00f6tete Reporter im Jahr 2022\"},{\"@type\":\"BreadcrumbList\",\"@id\":\"https:\/\/now-news.de\/de\/deutschland\/unesco-lateinamerika-und-karibik-fuehren-bei-journalistenmorden-44-getoetete-reporter-im-jahr-2022\/#breadcrumb\",\"itemListElement\":[{\"@type\":\"ListItem\",\"position\":1,\"name\":\"Home\",\"item\":\"https:\/\/now-news.de\/de\/\"},{\"@type\":\"ListItem\",\"position\":2,\"name\":\"UNESCO: Lateinamerika und Karibik f\u00fchren bei Journalistenmorden \u2013 44 get\u00f6tete Reporter im Jahr 2022\"}]},{\"@type\":\"WebSite\",\"@id\":\"https:\/\/now-news.de\/de\/#website\",\"url\":\"https:\/\/now-news.de\/de\/\",\"name\":\"just-now.NEWS Deutschland\",\"description\":\"Das Portal f\u00fcr unzensierte Nachrichten aus der Welt\",\"publisher\":{\"@id\":\"https:\/\/now-news.de\/de\/#organization\"},\"potentialAction\":[{\"@type\":\"SearchAction\",\"target\":{\"@type\":\"EntryPoint\",\"urlTemplate\":\"https:\/\/now-news.de\/de\/?s={search_term_string}\"},\"query-input\":\"required name=search_term_string\"}],\"inLanguage\":\"de\"},{\"@type\":\"Organization\",\"@id\":\"https:\/\/now-news.de\/de\/#organization\",\"name\":\"Just Now News\",\"url\":\"https:\/\/now-news.de\/de\/\",\"logo\":{\"@type\":\"ImageObject\",\"inLanguage\":\"de\",\"@id\":\"https:\/\/now-news.de\/de\/#\/schema\/logo\/image\/\",\"url\":\"http:\/\/just-now.news\/de\/wp-content\/uploads\/sites\/3\/2022\/04\/logo500x500.jpg\",\"contentUrl\":\"http:\/\/just-now.news\/de\/wp-content\/uploads\/sites\/3\/2022\/04\/logo500x500.jpg\",\"width\":500,\"height\":500,\"caption\":\"Just Now News\"},\"image\":{\"@id\":\"https:\/\/now-news.de\/de\/#\/schema\/logo\/image\/\"},\"sameAs\":[\"https:\/\/www.facebook.com\/wirmachenauf\",\"https:\/\/x.com\/WirMachenAuf_de\"]},{\"@type\":\"Person\",\"@id\":\"https:\/\/now-news.de\/de\/#\/schema\/person\/fb534a4e865501d8b3285208df34a9b5\",\"name\":\"rtnews\",\"image\":{\"@type\":\"ImageObject\",\"inLanguage\":\"de\",\"@id\":\"https:\/\/now-news.de\/de\/#\/schema\/person\/image\/\",\"url\":\"https:\/\/secure.gravatar.com\/avatar\/82aafea7d8127119dd649515f56e2117?s=96&d=mm&r=g\",\"contentUrl\":\"https:\/\/secure.gravatar.com\/avatar\/82aafea7d8127119dd649515f56e2117?s=96&d=mm&r=g\",\"caption\":\"rtnews\"},\"url\":\"https:\/\/now-news.de\/de\/author\/rnews\/\"}]}<\/script>\n<!-- \/ Yoast SEO Premium plugin. -->","yoast_head_json":{"title":"UNESCO: Lateinamerika und Karibik f\u00fchren bei Journalistenmorden \u2013 44 get\u00f6tete Reporter im Jahr 2022 - just-now.NEWS Deutschland","robots":{"index":"index","follow":"follow","max-snippet":"max-snippet:-1","max-image-preview":"max-image-preview:large","max-video-preview":"max-video-preview:-1"},"canonical":"https:\/\/now-news.de\/de\/deutschland\/unesco-lateinamerika-und-karibik-fuehren-bei-journalistenmorden-44-getoetete-reporter-im-jahr-2022\/","og_locale":"de_DE","og_type":"article","og_title":"UNESCO: Lateinamerika und Karibik f\u00fchren bei Journalistenmorden \u2013 44 get\u00f6tete Reporter im Jahr 2022","og_description":"Nach Angaben der UN-Kulturorganisation UNESCO sind im vergangenen Jahr 86 Journalisten weltweit get\u00f6tet worden \u2013 31 mehr als im Jahr 2021. Ganz oben im Ranking der gef\u00e4hrlichsten Regionen stehen mit 44 get\u00f6teten Medienschaffenden Lateinamerika und die Karibik. Die Organisation der Vereinten Nationen f\u00fcr Bildung, Wissenschaft und Kultur (UNESCO) hat am Montag ihren Jahresbericht mit globalen [&hellip;]","og_url":"https:\/\/now-news.de\/de\/deutschland\/unesco-lateinamerika-und-karibik-fuehren-bei-journalistenmorden-44-getoetete-reporter-im-jahr-2022\/","og_site_name":"just-now.NEWS Deutschland","article_publisher":"https:\/\/www.facebook.com\/wirmachenauf","article_published_time":"2023-01-19T09:36:29+00:00","og_image":[{"width":460,"height":259,"url":"https:\/\/now-news.de\/de\/wp-content\/uploads\/sites\/3\/2023\/01\/UNESCO-Lateinamerika-und-Karibik-fuehren-bei-Journalistenmorden-\u2013-44-getoetete.jpg","type":"image\/jpeg"}],"author":"rtnews","twitter_card":"summary_large_image","twitter_creator":"@WirMachenAuf_de","twitter_site":"@WirMachenAuf_de","twitter_misc":{"Verfasst von":"rtnews","Gesch\u00e4tzte Lesezeit":"3\u00a0Minuten"},"schema":{"@context":"https:\/\/schema.org","@graph":[{"@type":"Article","@id":"https:\/\/now-news.de\/de\/deutschland\/unesco-lateinamerika-und-karibik-fuehren-bei-journalistenmorden-44-getoetete-reporter-im-jahr-2022\/#article","isPartOf":{"@id":"https:\/\/now-news.de\/de\/deutschland\/unesco-lateinamerika-und-karibik-fuehren-bei-journalistenmorden-44-getoetete-reporter-im-jahr-2022\/"},"author":{"name":"rtnews","@id":"https:\/\/now-news.de\/de\/#\/schema\/person\/fb534a4e865501d8b3285208df34a9b5"},"headline":"UNESCO: Lateinamerika und Karibik f\u00fchren bei Journalistenmorden \u2013 44 get\u00f6tete Reporter im Jahr 2022","datePublished":"2023-01-19T09:36:29+00:00","dateModified":"2023-01-19T09:36:29+00:00","mainEntityOfPage":{"@id":"https:\/\/now-news.de\/de\/deutschland\/unesco-lateinamerika-und-karibik-fuehren-bei-journalistenmorden-44-getoetete-reporter-im-jahr-2022\/"},"wordCount":563,"commentCount":0,"publisher":{"@id":"https:\/\/now-news.de\/de\/#organization"},"image":{"@id":"https:\/\/now-news.de\/de\/deutschland\/unesco-lateinamerika-und-karibik-fuehren-bei-journalistenmorden-44-getoetete-reporter-im-jahr-2022\/#primaryimage"},"thumbnailUrl":"https:\/\/now-news.de\/de\/wp-content\/uploads\/sites\/3\/2023\/01\/UNESCO-Lateinamerika-und-Karibik-fuehren-bei-Journalistenmorden-\u2013-44-getoetete.jpg","keywords":["bei","f\u00fchren","Get\u00f6tete","Jahr","Journalistenmorden","Karibik","Lateinamerika","Reporter","und","UNESCO"],"articleSection":["Deutschland","Russland"],"inLanguage":"de","potentialAction":[{"@type":"CommentAction","name":"Comment","target":["https:\/\/now-news.de\/de\/deutschland\/unesco-lateinamerika-und-karibik-fuehren-bei-journalistenmorden-44-getoetete-reporter-im-jahr-2022\/#respond"]}]},{"@type":"WebPage","@id":"https:\/\/now-news.de\/de\/deutschland\/unesco-lateinamerika-und-karibik-fuehren-bei-journalistenmorden-44-getoetete-reporter-im-jahr-2022\/","url":"https:\/\/now-news.de\/de\/deutschland\/unesco-lateinamerika-und-karibik-fuehren-bei-journalistenmorden-44-getoetete-reporter-im-jahr-2022\/","name":"UNESCO: Lateinamerika und Karibik f\u00fchren bei Journalistenmorden \u2013 44 get\u00f6tete Reporter im Jahr 2022 - just-now.NEWS Deutschland","isPartOf":{"@id":"https:\/\/now-news.de\/de\/#website"},"primaryImageOfPage":{"@id":"https:\/\/now-news.de\/de\/deutschland\/unesco-lateinamerika-und-karibik-fuehren-bei-journalistenmorden-44-getoetete-reporter-im-jahr-2022\/#primaryimage"},"image":{"@id":"https:\/\/now-news.de\/de\/deutschland\/unesco-lateinamerika-und-karibik-fuehren-bei-journalistenmorden-44-getoetete-reporter-im-jahr-2022\/#primaryimage"},"thumbnailUrl":"https:\/\/now-news.de\/de\/wp-content\/uploads\/sites\/3\/2023\/01\/UNESCO-Lateinamerika-und-Karibik-fuehren-bei-Journalistenmorden-\u2013-44-getoetete.jpg","datePublished":"2023-01-19T09:36:29+00:00","dateModified":"2023-01-19T09:36:29+00:00","breadcrumb":{"@id":"https:\/\/now-news.de\/de\/deutschland\/unesco-lateinamerika-und-karibik-fuehren-bei-journalistenmorden-44-getoetete-reporter-im-jahr-2022\/#breadcrumb"},"inLanguage":"de","potentialAction":[{"@type":"ReadAction","target":["https:\/\/now-news.de\/de\/deutschland\/unesco-lateinamerika-und-karibik-fuehren-bei-journalistenmorden-44-getoetete-reporter-im-jahr-2022\/"]}]},{"@type":"ImageObject","inLanguage":"de","@id":"https:\/\/now-news.de\/de\/deutschland\/unesco-lateinamerika-und-karibik-fuehren-bei-journalistenmorden-44-getoetete-reporter-im-jahr-2022\/#primaryimage","url":"https:\/\/now-news.de\/de\/wp-content\/uploads\/sites\/3\/2023\/01\/UNESCO-Lateinamerika-und-Karibik-fuehren-bei-Journalistenmorden-\u2013-44-getoetete.jpg","contentUrl":"https:\/\/now-news.de\/de\/wp-content\/uploads\/sites\/3\/2023\/01\/UNESCO-Lateinamerika-und-Karibik-fuehren-bei-Journalistenmorden-\u2013-44-getoetete.jpg","width":460,"height":259,"caption":"UNESCO: Lateinamerika und Karibik f\u00fchren bei Journalistenmorden \u2013 44 get\u00f6tete Reporter im Jahr 2022"},{"@type":"BreadcrumbList","@id":"https:\/\/now-news.de\/de\/deutschland\/unesco-lateinamerika-und-karibik-fuehren-bei-journalistenmorden-44-getoetete-reporter-im-jahr-2022\/#breadcrumb","itemListElement":[{"@type":"ListItem","position":1,"name":"Home","item":"https:\/\/now-news.de\/de\/"},{"@type":"ListItem","position":2,"name":"UNESCO: Lateinamerika und Karibik f\u00fchren bei Journalistenmorden \u2013 44 get\u00f6tete Reporter im Jahr 2022"}]},{"@type":"WebSite","@id":"https:\/\/now-news.de\/de\/#website","url":"https:\/\/now-news.de\/de\/","name":"just-now.NEWS Deutschland","description":"Das Portal f\u00fcr unzensierte Nachrichten aus der Welt","publisher":{"@id":"https:\/\/now-news.de\/de\/#organization"},"potentialAction":[{"@type":"SearchAction","target":{"@type":"EntryPoint","urlTemplate":"https:\/\/now-news.de\/de\/?s={search_term_string}"},"query-input":"required name=search_term_string"}],"inLanguage":"de"},{"@type":"Organization","@id":"https:\/\/now-news.de\/de\/#organization","name":"Just Now News","url":"https:\/\/now-news.de\/de\/","logo":{"@type":"ImageObject","inLanguage":"de","@id":"https:\/\/now-news.de\/de\/#\/schema\/logo\/image\/","url":"http:\/\/just-now.news\/de\/wp-content\/uploads\/sites\/3\/2022\/04\/logo500x500.jpg","contentUrl":"http:\/\/just-now.news\/de\/wp-content\/uploads\/sites\/3\/2022\/04\/logo500x500.jpg","width":500,"height":500,"caption":"Just Now News"},"image":{"@id":"https:\/\/now-news.de\/de\/#\/schema\/logo\/image\/"},"sameAs":["https:\/\/www.facebook.com\/wirmachenauf","https:\/\/x.com\/WirMachenAuf_de"]},{"@type":"Person","@id":"https:\/\/now-news.de\/de\/#\/schema\/person\/fb534a4e865501d8b3285208df34a9b5","name":"rtnews","image":{"@type":"ImageObject","inLanguage":"de","@id":"https:\/\/now-news.de\/de\/#\/schema\/person\/image\/","url":"https:\/\/secure.gravatar.com\/avatar\/82aafea7d8127119dd649515f56e2117?s=96&d=mm&r=g","contentUrl":"https:\/\/secure.gravatar.com\/avatar\/82aafea7d8127119dd649515f56e2117?s=96&d=mm&r=g","caption":"rtnews"},"url":"https:\/\/now-news.de\/de\/author\/rnews\/"}]}},"_links":{"self":[{"href":"https:\/\/now-news.de\/de\/wp-json\/wp\/v2\/posts\/28099"}],"collection":[{"href":"https:\/\/now-news.de\/de\/wp-json\/wp\/v2\/posts"}],"about":[{"href":"https:\/\/now-news.de\/de\/wp-json\/wp\/v2\/types\/post"}],"author":[{"embeddable":true,"href":"https:\/\/now-news.de\/de\/wp-json\/wp\/v2\/users\/3"}],"replies":[{"embeddable":true,"href":"https:\/\/now-news.de\/de\/wp-json\/wp\/v2\/comments?post=28099"}],"version-history":[{"count":0,"href":"https:\/\/now-news.de\/de\/wp-json\/wp\/v2\/posts\/28099\/revisions"}],"wp:featuredmedia":[{"embeddable":true,"href":"https:\/\/now-news.de\/de\/wp-json\/wp\/v2\/media\/28100"}],"wp:attachment":[{"href":"https:\/\/now-news.de\/de\/wp-json\/wp\/v2\/media?parent=28099"}],"wp:term":[{"taxonomy":"category","embeddable":true,"href":"https:\/\/now-news.de\/de\/wp-json\/wp\/v2\/categories?post=28099"},{"taxonomy":"post_tag","embeddable":true,"href":"https:\/\/now-news.de\/de\/wp-json\/wp\/v2\/tags?post=28099"}],"curies":[{"name":"wp","href":"https:\/\/api.w.org\/{rel}","templated":true}]}}