{"id":28068,"date":"2023-01-18T23:07:31","date_gmt":"2023-01-18T21:07:31","guid":{"rendered":"https:\/\/just-now.news\/de\/deutschland\/putin-erinnert-an-europaeische-mittaeter-am-80-jahrestag-des-durchbruchs-der-leningrader-blockade\/"},"modified":"2023-01-18T23:07:31","modified_gmt":"2023-01-18T21:07:31","slug":"putin-erinnert-an-europaeische-mittaeter-am-80-jahrestag-des-durchbruchs-der-leningrader-blockade","status":"publish","type":"post","link":"https:\/\/now-news.de\/de\/deutschland\/putin-erinnert-an-europaeische-mittaeter-am-80-jahrestag-des-durchbruchs-der-leningrader-blockade\/","title":{"rendered":"Putin erinnert an europ\u00e4ische Mitt\u00e4ter am 80. Jahrestag des Durchbruchs der Leningrader Blockade"},"content":{"rendered":"<p><img decoding=\"async\" src=\"http:\/\/just-now.news\/de\/wp-content\/uploads\/sites\/3\/2023\/01\/63c8023348fbef19bb4fd054.jpg\" \/><\/p>\n<div class=\"Text-root Text-type_1 \">\n                Am 18. Januar j\u00e4hrt sich zum 80. Mal der Durchbruch der Leningrader Blockade. Wladimir Putin gedachte am Piskarjowskoje-Friedhof der Opfer des V\u00f6lkermords und erkl\u00e4rte, warum die Erinnerung an diese grausame Geschichte f\u00fcr Russland politisch relevant ist.\n            <\/div>\n<p><\/p>\n<div class=\"Text-root Text-type_5 ArticleView-text ViewText-root \">\n<p>Vor genau 80 Jahren, am 18. Januar 1943, traf das Bataillon von Hauptmann Sobakin s\u00fcdlich des Ladogasees in der N\u00e4he des Arbeiterlagers Nr. 5 auf das vorr\u00fcckende Bataillon von Hauptmann Demidow von der gegen\u00fcberliegenden Seite. Es war das erste Zusammentreffen der Kr\u00e4fte der Leningrader und der Wolchow-Front w\u00e4hrend der Offensivoperation Iskra (Funke), die darauf abzielte, die Blockade von Leningrad zu durchbrechen.<\/p>\n<p>Die Blockade von Leningrad, die am 8. September 1941 begann, dauerte fast 900 Tage. Die einzige Stra\u00dfe, die sogenannte Stra\u00dfe des Lebens, \u00fcber die Lebensmittel in die Stadt geliefert wurden, wurde \u00fcber das Eis des Ladogasees gebaut. Nach dem Durchbruch der Blockade am 18. Januar 1943 mussten die Einwohner Leningrads noch ein ganzes Jahr lang bis zur vollst\u00e4ndigen Befreiung der Stadt am 27. Januar 1944 warten.<\/p>\n<p>In den Jahren der Blockade starben nach unterschiedlichen Angaben zwischen 400.000 und 1,5 Millionen Menschen. Russische Historiker einigten sich auf 1,09 Millionen Tote.\u00a0Bei den N\u00fcrnberger Prozessen war die Rede von\u00a0632.000\u00a0Toten. Nur 3\u00a0Prozent von ihnen wurden durch Bombenangriffe und Artilleriebeschuss get\u00f6tet, der Rest verhungerte.\u00a0<\/p>\n<p>Im Unterschied zum Befreiungstag am 27. Januar, der in der Regel mit Paraden gefeiert wird, ist der 18. Januar in Sankt Petersburg eher\u00a0ein Tag des stillen Gedenkens. Als geb\u00fcrtiger Leningrader nahm der russische Pr\u00e4sident Wladimir Putin\u00a0am Vormittag an einer Reihe von Gedenkveranstaltungen teil.\u00a0Er legte rote Rosen am Denkmal\u00a0&#8220;Grenzstein&#8221;, dem Ort der besonders schweren K\u00e4mpfe an der sogenannten Newski-Platsdarm s\u00fcd\u00f6stlich der Stadt, nieder.<\/p>\n<p>F\u00fcr ihn ist dies auch eine pers\u00f6nliche Geschichte. Sein Vater k\u00e4mpfte hier w\u00e4hrend des Gro\u00dfen Vaterl\u00e4ndischen Krieges und wurde schwer verwundet. Der Pr\u00e4sident nahm auch an der Gedenkzeremonie auf dem Piskarjowskoje-Friedhof teil und legte Blumen am Grab seines Bruders Wiktor nieder, der\u00a0als kleiner Junge w\u00e4hrend der Blockade ums Leben kam.\u00a0Au\u00dferdem wurde in seinem Namen ein Kranz am Fu\u00dfe des Denkmals &#8220;Mutter Heimat&#8221; niedergelegt. Der Pr\u00e4sident legte eine Schweigeminute zum Gedenken an die Kriegstoten von Leningrad ein.\u00a0<\/p>\n<p>Anschlie\u00dfend besuchte er das Museum\u00a0zur Verteidigung und Belagerung von Leningrad und traf sich dort mit den Kriegsveteranen und den \u00dcberlebenden der Blockade, den sogenannten &#8220;Blockandniki&#8221;. W\u00e4hrend der Besprechung\u00a0erinnerte Putin daran, dass nicht nur Hitler-Deutsche die Stadt belagerten, sondern auch andere Europ\u00e4er:\u00a0<\/p>\n<blockquote>\n<p><em>&#8220;Vertreter vieler europ\u00e4ischer L\u00e4nder haben an der Blockade von Leningrad teilgenommen und Verbrechen begangen. Wir haben vorher nie dar\u00fcber gesprochen, aus einer gewissen Toleranz heraus und um die Beziehungen nicht zu verderben,\u00a0um\u00a0den Hintergrund unserer Beziehungen zu vielen L\u00e4ndern nicht zu ruinieren.&#8221;<\/em><\/p>\n<\/blockquote>\n<p>Die genauere Zusammensetzung dieser Truppen teilte der Staatsanwalt von Sankt Petersburg Wiktor Melnik im Oktober w\u00e4hrend der Gerichtsverhandlungen zur Anerkennung der Leningrader Blockade als V\u00f6lkermord am Sowjetvolk mit. &#8220;Neben den deutschen Besatzungstruppen beteiligten sich auch bewaffnete Einheiten aus Belgien, Finnland, Italien, den Niederlanden, Norwegen und Spanien sowie einzelne Freiwillige aus \u00d6sterreich, Lettland, Polen, Frankreich und Tschechien an der Blockade Leningrads&#8221;, sagte er.\u00a0<\/p>\n<p>Beim Gespr\u00e4ch im Museum erkl\u00e4rte Putin, warum das Bewahren des historischen\u00a0Ged\u00e4chtnisses wichtig f\u00fcr die heutige politische Gegenwart sei:<\/p>\n<blockquote>\n<p><em>&#8220;Das historische Ged\u00e4chtnis muss bewahrt werden. Damit sich Trag\u00f6dien wie die, die unser Volk im Gro\u00dfen Vaterl\u00e4ndischen Krieg erlitten hat, nie wiederholen. Damit wir, und das ist praktisch sinnvoll, rechtzeitig auf die Bedrohungen reagieren k\u00f6nnen, denen unser Land ausgesetzt ist.&#8221;<\/em><\/p>\n<\/blockquote>\n<p>Zuvor\u00a0sagte Putin, dass Russland aus den Fehlern der Vergangenheit gelernt habe.\u00a0Die russische\u00a0Verteidigungstrategie lasse nicht mehr zu, dass die K\u00e4mpfe auf eigenem Territorium stattfinden.<\/p>\n<p>Das Ausw\u00e4rtige Amt nannte in seiner offiziellen <a rel=\"nofollow noopener\" target=\"_blank\" href=\"https:\/\/germania.diplo.de\/ru-de\/vertretungen\/gk-stpe\/-\/2573922\">Erkl\u00e4rung<\/a> den Durchbruch der Blockade Leningrads einen &#8220;wichtigen Meilenstein in Richtung auf die endg\u00fcltige Befreiung der Stadt&#8221;. Im Wortlaut hie\u00df es:<\/p>\n<p>&#8220;Die Blockade war eines der schrecklichsten Verbrechen Nazideutschlands im Zweiten Weltkrieg. Mehr als eine Millionen Menschen starben durch die Belagerung \u2013 viele durch Hunger. Als brutaler Akt gegen eine ganze Stadt und ihre Bev\u00f6lkerung ging sie in die Geschichte ein.<\/p>\n<p>Deutschland setzt sich daf\u00fcr ein, dass die Erinnerung an dieses Verbrechen weiterhin aufrecht erhalten wird. Deutschland bekennt sich ausdr\u00fccklich zu seiner historischen Verantwortung f\u00fcr die in Leningrad durch die deutsche Wehrmacht begangenen Verbrechen. Deswegen unterst\u00fctzt die Bundesregierung als Geste der Vers\u00f6hnung Projekte f\u00fcr die noch lebenden Opfer der Blockade. Insbesondere wird ein Krankenhaus f\u00fcr Kriegsveteranen und Blockadeopfer gef\u00f6rdert. Diese F\u00f6rderung wird aktuell fortgesetzt.&#8221;<\/p>\n<p><strong>Mehr zum Thema<\/strong> &#8211; <a rel=\"nofollow noopener\" target=\"_blank\" href=\"https:\/\/meinungsfreiheit.rtde.life\/kurzclips\/video\/141929-bundesregierung-wirft-russland-vor-hunger\/\">Baerbock: Russland setzt Hunger &#8220;ganz bewusst als Kriegswaffe&#8221; ein<\/a><\/p>\n<\/div>\n<p><br \/>\n<br \/><a href=\"https:\/\/de.rt.com\/russland\/160273-putin-erinnert-an-europaeische-mittaeter\/\">Source link <\/a><\/p>\n","protected":false},"excerpt":{"rendered":"<p>Am 18. Januar j\u00e4hrt sich zum 80. Mal der Durchbruch der Leningrader Blockade. Wladimir Putin gedachte am Piskarjowskoje-Friedhof der Opfer des V\u00f6lkermords und erkl\u00e4rte, warum die Erinnerung an diese grausame Geschichte f\u00fcr Russland politisch relevant ist. Vor genau 80 Jahren, am 18. Januar 1943, traf das Bataillon von Hauptmann Sobakin s\u00fcdlich des Ladogasees in der [&hellip;]<\/p>\n","protected":false},"author":3,"featured_media":28069,"comment_status":"open","ping_status":"open","sticky":false,"template":"","format":"standard","meta":{"_yoast_indexnow_last_ping":["1674076565"],"wp_automatic_camp":["217"],"bd0ac1a0573f70f83fef5d97c3d35711":["Putin erinnert an europ\u00e4ische Mitt\u00e4ter am 80. Jahrestag des Durchbruchs der Leningrader Blockade"],"original_link":["https:\/\/de.rt.com\/russland\/160273-putin-erinnert-an-europaeische-mittaeter\/"],"_thumbnail_id":["28069"],"_wptgpro_p2tg_sent2tg":["a:1:{i:23737;s:19:\"2023-01-18 23:17:08\";}"],"jnews_social_counter_last_update":["1777584095"]},"categories":[19,23],"tags":[25170,82,583,39284,23552,21307,16868,25632,39283,125],"yoast_head":"<!-- This site is optimized with the Yoast SEO Premium plugin v22.7 (Yoast SEO v22.7) - https:\/\/yoast.com\/wordpress\/plugins\/seo\/ -->\n<title>Putin erinnert an europ\u00e4ische Mitt\u00e4ter am 80. Jahrestag des Durchbruchs der Leningrader Blockade - just-now.NEWS Deutschland<\/title>\n<meta name=\"robots\" content=\"index, follow, max-snippet:-1, max-image-preview:large, max-video-preview:-1\" \/>\n<link rel=\"canonical\" href=\"https:\/\/now-news.de\/de\/deutschland\/putin-erinnert-an-europaeische-mittaeter-am-80-jahrestag-des-durchbruchs-der-leningrader-blockade\/\" \/>\n<meta property=\"og:locale\" content=\"de_DE\" \/>\n<meta property=\"og:type\" content=\"article\" \/>\n<meta property=\"og:title\" content=\"Putin erinnert an europ\u00e4ische Mitt\u00e4ter am 80. Jahrestag des Durchbruchs der Leningrader Blockade\" \/>\n<meta property=\"og:description\" content=\"Am 18. Januar j\u00e4hrt sich zum 80. Mal der Durchbruch der Leningrader Blockade. Wladimir Putin gedachte am Piskarjowskoje-Friedhof der Opfer des V\u00f6lkermords und erkl\u00e4rte, warum die Erinnerung an diese grausame Geschichte f\u00fcr Russland politisch relevant ist. Vor genau 80 Jahren, am 18. Januar 1943, traf das Bataillon von Hauptmann Sobakin s\u00fcdlich des Ladogasees in der [&hellip;]\" \/>\n<meta property=\"og:url\" content=\"https:\/\/now-news.de\/de\/deutschland\/putin-erinnert-an-europaeische-mittaeter-am-80-jahrestag-des-durchbruchs-der-leningrader-blockade\/\" \/>\n<meta property=\"og:site_name\" content=\"just-now.NEWS Deutschland\" \/>\n<meta property=\"article:publisher\" content=\"https:\/\/www.facebook.com\/wirmachenauf\" \/>\n<meta property=\"article:published_time\" content=\"2023-01-18T21:07:31+00:00\" \/>\n<meta property=\"og:image\" content=\"https:\/\/now-news.de\/de\/wp-content\/uploads\/sites\/3\/2023\/01\/Putin-erinnert-an-europaeische-Mittaeter-am-80-Jahrestag-des-Durchbruchs.jpg\" \/>\n\t<meta property=\"og:image:width\" content=\"460\" \/>\n\t<meta property=\"og:image:height\" content=\"259\" \/>\n\t<meta property=\"og:image:type\" content=\"image\/jpeg\" \/>\n<meta name=\"author\" content=\"rtnews\" \/>\n<meta name=\"twitter:card\" content=\"summary_large_image\" \/>\n<meta name=\"twitter:creator\" content=\"@WirMachenAuf_de\" \/>\n<meta name=\"twitter:site\" content=\"@WirMachenAuf_de\" \/>\n<meta name=\"twitter:label1\" content=\"Verfasst von\" \/>\n\t<meta name=\"twitter:data1\" content=\"rtnews\" \/>\n\t<meta name=\"twitter:label2\" content=\"Gesch\u00e4tzte Lesezeit\" \/>\n\t<meta name=\"twitter:data2\" content=\"4\u00a0Minuten\" \/>\n<script type=\"application\/ld+json\" class=\"yoast-schema-graph\">{\"@context\":\"https:\/\/schema.org\",\"@graph\":[{\"@type\":\"Article\",\"@id\":\"https:\/\/now-news.de\/de\/deutschland\/putin-erinnert-an-europaeische-mittaeter-am-80-jahrestag-des-durchbruchs-der-leningrader-blockade\/#article\",\"isPartOf\":{\"@id\":\"https:\/\/now-news.de\/de\/deutschland\/putin-erinnert-an-europaeische-mittaeter-am-80-jahrestag-des-durchbruchs-der-leningrader-blockade\/\"},\"author\":{\"name\":\"rtnews\",\"@id\":\"https:\/\/now-news.de\/de\/#\/schema\/person\/fb534a4e865501d8b3285208df34a9b5\"},\"headline\":\"Putin erinnert an europ\u00e4ische Mitt\u00e4ter am 80. Jahrestag des Durchbruchs der Leningrader Blockade\",\"datePublished\":\"2023-01-18T21:07:31+00:00\",\"dateModified\":\"2023-01-18T21:07:31+00:00\",\"mainEntityOfPage\":{\"@id\":\"https:\/\/now-news.de\/de\/deutschland\/putin-erinnert-an-europaeische-mittaeter-am-80-jahrestag-des-durchbruchs-der-leningrader-blockade\/\"},\"wordCount\":790,\"commentCount\":0,\"publisher\":{\"@id\":\"https:\/\/now-news.de\/de\/#organization\"},\"image\":{\"@id\":\"https:\/\/now-news.de\/de\/deutschland\/putin-erinnert-an-europaeische-mittaeter-am-80-jahrestag-des-durchbruchs-der-leningrader-blockade\/#primaryimage\"},\"thumbnailUrl\":\"https:\/\/now-news.de\/de\/wp-content\/uploads\/sites\/3\/2023\/01\/Putin-erinnert-an-europaeische-Mittaeter-am-80-Jahrestag-des-Durchbruchs.jpg\",\"keywords\":[\"Blockade\",\"der\",\"des\",\"Durchbruchs\",\"ERINNERT\",\"europ\u00e4ische\",\"Jahrestag\",\"Leningrader\",\"Mitt\u00e4ter\",\"putin\"],\"articleSection\":[\"Deutschland\",\"Russland\"],\"inLanguage\":\"de\",\"potentialAction\":[{\"@type\":\"CommentAction\",\"name\":\"Comment\",\"target\":[\"https:\/\/now-news.de\/de\/deutschland\/putin-erinnert-an-europaeische-mittaeter-am-80-jahrestag-des-durchbruchs-der-leningrader-blockade\/#respond\"]}]},{\"@type\":\"WebPage\",\"@id\":\"https:\/\/now-news.de\/de\/deutschland\/putin-erinnert-an-europaeische-mittaeter-am-80-jahrestag-des-durchbruchs-der-leningrader-blockade\/\",\"url\":\"https:\/\/now-news.de\/de\/deutschland\/putin-erinnert-an-europaeische-mittaeter-am-80-jahrestag-des-durchbruchs-der-leningrader-blockade\/\",\"name\":\"Putin erinnert an europ\u00e4ische Mitt\u00e4ter am 80. Jahrestag des Durchbruchs der Leningrader Blockade - just-now.NEWS Deutschland\",\"isPartOf\":{\"@id\":\"https:\/\/now-news.de\/de\/#website\"},\"primaryImageOfPage\":{\"@id\":\"https:\/\/now-news.de\/de\/deutschland\/putin-erinnert-an-europaeische-mittaeter-am-80-jahrestag-des-durchbruchs-der-leningrader-blockade\/#primaryimage\"},\"image\":{\"@id\":\"https:\/\/now-news.de\/de\/deutschland\/putin-erinnert-an-europaeische-mittaeter-am-80-jahrestag-des-durchbruchs-der-leningrader-blockade\/#primaryimage\"},\"thumbnailUrl\":\"https:\/\/now-news.de\/de\/wp-content\/uploads\/sites\/3\/2023\/01\/Putin-erinnert-an-europaeische-Mittaeter-am-80-Jahrestag-des-Durchbruchs.jpg\",\"datePublished\":\"2023-01-18T21:07:31+00:00\",\"dateModified\":\"2023-01-18T21:07:31+00:00\",\"breadcrumb\":{\"@id\":\"https:\/\/now-news.de\/de\/deutschland\/putin-erinnert-an-europaeische-mittaeter-am-80-jahrestag-des-durchbruchs-der-leningrader-blockade\/#breadcrumb\"},\"inLanguage\":\"de\",\"potentialAction\":[{\"@type\":\"ReadAction\",\"target\":[\"https:\/\/now-news.de\/de\/deutschland\/putin-erinnert-an-europaeische-mittaeter-am-80-jahrestag-des-durchbruchs-der-leningrader-blockade\/\"]}]},{\"@type\":\"ImageObject\",\"inLanguage\":\"de\",\"@id\":\"https:\/\/now-news.de\/de\/deutschland\/putin-erinnert-an-europaeische-mittaeter-am-80-jahrestag-des-durchbruchs-der-leningrader-blockade\/#primaryimage\",\"url\":\"https:\/\/now-news.de\/de\/wp-content\/uploads\/sites\/3\/2023\/01\/Putin-erinnert-an-europaeische-Mittaeter-am-80-Jahrestag-des-Durchbruchs.jpg\",\"contentUrl\":\"https:\/\/now-news.de\/de\/wp-content\/uploads\/sites\/3\/2023\/01\/Putin-erinnert-an-europaeische-Mittaeter-am-80-Jahrestag-des-Durchbruchs.jpg\",\"width\":460,\"height\":259,\"caption\":\"Putin erinnert an europ\u00e4ische Mitt\u00e4ter am 80. Jahrestag des Durchbruchs der Leningrader Blockade\"},{\"@type\":\"BreadcrumbList\",\"@id\":\"https:\/\/now-news.de\/de\/deutschland\/putin-erinnert-an-europaeische-mittaeter-am-80-jahrestag-des-durchbruchs-der-leningrader-blockade\/#breadcrumb\",\"itemListElement\":[{\"@type\":\"ListItem\",\"position\":1,\"name\":\"Home\",\"item\":\"https:\/\/now-news.de\/de\/\"},{\"@type\":\"ListItem\",\"position\":2,\"name\":\"Putin erinnert an europ\u00e4ische Mitt\u00e4ter am 80. Jahrestag des Durchbruchs der Leningrader Blockade\"}]},{\"@type\":\"WebSite\",\"@id\":\"https:\/\/now-news.de\/de\/#website\",\"url\":\"https:\/\/now-news.de\/de\/\",\"name\":\"just-now.NEWS Deutschland\",\"description\":\"Das Portal f\u00fcr unzensierte Nachrichten aus der Welt\",\"publisher\":{\"@id\":\"https:\/\/now-news.de\/de\/#organization\"},\"potentialAction\":[{\"@type\":\"SearchAction\",\"target\":{\"@type\":\"EntryPoint\",\"urlTemplate\":\"https:\/\/now-news.de\/de\/?s={search_term_string}\"},\"query-input\":\"required name=search_term_string\"}],\"inLanguage\":\"de\"},{\"@type\":\"Organization\",\"@id\":\"https:\/\/now-news.de\/de\/#organization\",\"name\":\"Just Now News\",\"url\":\"https:\/\/now-news.de\/de\/\",\"logo\":{\"@type\":\"ImageObject\",\"inLanguage\":\"de\",\"@id\":\"https:\/\/now-news.de\/de\/#\/schema\/logo\/image\/\",\"url\":\"http:\/\/just-now.news\/de\/wp-content\/uploads\/sites\/3\/2022\/04\/logo500x500.jpg\",\"contentUrl\":\"http:\/\/just-now.news\/de\/wp-content\/uploads\/sites\/3\/2022\/04\/logo500x500.jpg\",\"width\":500,\"height\":500,\"caption\":\"Just Now News\"},\"image\":{\"@id\":\"https:\/\/now-news.de\/de\/#\/schema\/logo\/image\/\"},\"sameAs\":[\"https:\/\/www.facebook.com\/wirmachenauf\",\"https:\/\/x.com\/WirMachenAuf_de\"]},{\"@type\":\"Person\",\"@id\":\"https:\/\/now-news.de\/de\/#\/schema\/person\/fb534a4e865501d8b3285208df34a9b5\",\"name\":\"rtnews\",\"image\":{\"@type\":\"ImageObject\",\"inLanguage\":\"de\",\"@id\":\"https:\/\/now-news.de\/de\/#\/schema\/person\/image\/\",\"url\":\"https:\/\/secure.gravatar.com\/avatar\/82aafea7d8127119dd649515f56e2117?s=96&d=mm&r=g\",\"contentUrl\":\"https:\/\/secure.gravatar.com\/avatar\/82aafea7d8127119dd649515f56e2117?s=96&d=mm&r=g\",\"caption\":\"rtnews\"},\"url\":\"https:\/\/now-news.de\/de\/author\/rnews\/\"}]}<\/script>\n<!-- \/ Yoast SEO Premium plugin. -->","yoast_head_json":{"title":"Putin erinnert an europ\u00e4ische Mitt\u00e4ter am 80. Jahrestag des Durchbruchs der Leningrader Blockade - just-now.NEWS Deutschland","robots":{"index":"index","follow":"follow","max-snippet":"max-snippet:-1","max-image-preview":"max-image-preview:large","max-video-preview":"max-video-preview:-1"},"canonical":"https:\/\/now-news.de\/de\/deutschland\/putin-erinnert-an-europaeische-mittaeter-am-80-jahrestag-des-durchbruchs-der-leningrader-blockade\/","og_locale":"de_DE","og_type":"article","og_title":"Putin erinnert an europ\u00e4ische Mitt\u00e4ter am 80. Jahrestag des Durchbruchs der Leningrader Blockade","og_description":"Am 18. Januar j\u00e4hrt sich zum 80. Mal der Durchbruch der Leningrader Blockade. Wladimir Putin gedachte am Piskarjowskoje-Friedhof der Opfer des V\u00f6lkermords und erkl\u00e4rte, warum die Erinnerung an diese grausame Geschichte f\u00fcr Russland politisch relevant ist. Vor genau 80 Jahren, am 18. Januar 1943, traf das Bataillon von Hauptmann Sobakin s\u00fcdlich des Ladogasees in der [&hellip;]","og_url":"https:\/\/now-news.de\/de\/deutschland\/putin-erinnert-an-europaeische-mittaeter-am-80-jahrestag-des-durchbruchs-der-leningrader-blockade\/","og_site_name":"just-now.NEWS Deutschland","article_publisher":"https:\/\/www.facebook.com\/wirmachenauf","article_published_time":"2023-01-18T21:07:31+00:00","og_image":[{"width":460,"height":259,"url":"https:\/\/now-news.de\/de\/wp-content\/uploads\/sites\/3\/2023\/01\/Putin-erinnert-an-europaeische-Mittaeter-am-80-Jahrestag-des-Durchbruchs.jpg","type":"image\/jpeg"}],"author":"rtnews","twitter_card":"summary_large_image","twitter_creator":"@WirMachenAuf_de","twitter_site":"@WirMachenAuf_de","twitter_misc":{"Verfasst von":"rtnews","Gesch\u00e4tzte Lesezeit":"4\u00a0Minuten"},"schema":{"@context":"https:\/\/schema.org","@graph":[{"@type":"Article","@id":"https:\/\/now-news.de\/de\/deutschland\/putin-erinnert-an-europaeische-mittaeter-am-80-jahrestag-des-durchbruchs-der-leningrader-blockade\/#article","isPartOf":{"@id":"https:\/\/now-news.de\/de\/deutschland\/putin-erinnert-an-europaeische-mittaeter-am-80-jahrestag-des-durchbruchs-der-leningrader-blockade\/"},"author":{"name":"rtnews","@id":"https:\/\/now-news.de\/de\/#\/schema\/person\/fb534a4e865501d8b3285208df34a9b5"},"headline":"Putin erinnert an europ\u00e4ische Mitt\u00e4ter am 80. Jahrestag des Durchbruchs der Leningrader Blockade","datePublished":"2023-01-18T21:07:31+00:00","dateModified":"2023-01-18T21:07:31+00:00","mainEntityOfPage":{"@id":"https:\/\/now-news.de\/de\/deutschland\/putin-erinnert-an-europaeische-mittaeter-am-80-jahrestag-des-durchbruchs-der-leningrader-blockade\/"},"wordCount":790,"commentCount":0,"publisher":{"@id":"https:\/\/now-news.de\/de\/#organization"},"image":{"@id":"https:\/\/now-news.de\/de\/deutschland\/putin-erinnert-an-europaeische-mittaeter-am-80-jahrestag-des-durchbruchs-der-leningrader-blockade\/#primaryimage"},"thumbnailUrl":"https:\/\/now-news.de\/de\/wp-content\/uploads\/sites\/3\/2023\/01\/Putin-erinnert-an-europaeische-Mittaeter-am-80-Jahrestag-des-Durchbruchs.jpg","keywords":["Blockade","der","des","Durchbruchs","ERINNERT","europ\u00e4ische","Jahrestag","Leningrader","Mitt\u00e4ter","putin"],"articleSection":["Deutschland","Russland"],"inLanguage":"de","potentialAction":[{"@type":"CommentAction","name":"Comment","target":["https:\/\/now-news.de\/de\/deutschland\/putin-erinnert-an-europaeische-mittaeter-am-80-jahrestag-des-durchbruchs-der-leningrader-blockade\/#respond"]}]},{"@type":"WebPage","@id":"https:\/\/now-news.de\/de\/deutschland\/putin-erinnert-an-europaeische-mittaeter-am-80-jahrestag-des-durchbruchs-der-leningrader-blockade\/","url":"https:\/\/now-news.de\/de\/deutschland\/putin-erinnert-an-europaeische-mittaeter-am-80-jahrestag-des-durchbruchs-der-leningrader-blockade\/","name":"Putin erinnert an europ\u00e4ische Mitt\u00e4ter am 80. Jahrestag des Durchbruchs der Leningrader Blockade - just-now.NEWS Deutschland","isPartOf":{"@id":"https:\/\/now-news.de\/de\/#website"},"primaryImageOfPage":{"@id":"https:\/\/now-news.de\/de\/deutschland\/putin-erinnert-an-europaeische-mittaeter-am-80-jahrestag-des-durchbruchs-der-leningrader-blockade\/#primaryimage"},"image":{"@id":"https:\/\/now-news.de\/de\/deutschland\/putin-erinnert-an-europaeische-mittaeter-am-80-jahrestag-des-durchbruchs-der-leningrader-blockade\/#primaryimage"},"thumbnailUrl":"https:\/\/now-news.de\/de\/wp-content\/uploads\/sites\/3\/2023\/01\/Putin-erinnert-an-europaeische-Mittaeter-am-80-Jahrestag-des-Durchbruchs.jpg","datePublished":"2023-01-18T21:07:31+00:00","dateModified":"2023-01-18T21:07:31+00:00","breadcrumb":{"@id":"https:\/\/now-news.de\/de\/deutschland\/putin-erinnert-an-europaeische-mittaeter-am-80-jahrestag-des-durchbruchs-der-leningrader-blockade\/#breadcrumb"},"inLanguage":"de","potentialAction":[{"@type":"ReadAction","target":["https:\/\/now-news.de\/de\/deutschland\/putin-erinnert-an-europaeische-mittaeter-am-80-jahrestag-des-durchbruchs-der-leningrader-blockade\/"]}]},{"@type":"ImageObject","inLanguage":"de","@id":"https:\/\/now-news.de\/de\/deutschland\/putin-erinnert-an-europaeische-mittaeter-am-80-jahrestag-des-durchbruchs-der-leningrader-blockade\/#primaryimage","url":"https:\/\/now-news.de\/de\/wp-content\/uploads\/sites\/3\/2023\/01\/Putin-erinnert-an-europaeische-Mittaeter-am-80-Jahrestag-des-Durchbruchs.jpg","contentUrl":"https:\/\/now-news.de\/de\/wp-content\/uploads\/sites\/3\/2023\/01\/Putin-erinnert-an-europaeische-Mittaeter-am-80-Jahrestag-des-Durchbruchs.jpg","width":460,"height":259,"caption":"Putin erinnert an europ\u00e4ische Mitt\u00e4ter am 80. Jahrestag des Durchbruchs der Leningrader Blockade"},{"@type":"BreadcrumbList","@id":"https:\/\/now-news.de\/de\/deutschland\/putin-erinnert-an-europaeische-mittaeter-am-80-jahrestag-des-durchbruchs-der-leningrader-blockade\/#breadcrumb","itemListElement":[{"@type":"ListItem","position":1,"name":"Home","item":"https:\/\/now-news.de\/de\/"},{"@type":"ListItem","position":2,"name":"Putin erinnert an europ\u00e4ische Mitt\u00e4ter am 80. Jahrestag des Durchbruchs der Leningrader Blockade"}]},{"@type":"WebSite","@id":"https:\/\/now-news.de\/de\/#website","url":"https:\/\/now-news.de\/de\/","name":"just-now.NEWS Deutschland","description":"Das Portal f\u00fcr unzensierte Nachrichten aus der Welt","publisher":{"@id":"https:\/\/now-news.de\/de\/#organization"},"potentialAction":[{"@type":"SearchAction","target":{"@type":"EntryPoint","urlTemplate":"https:\/\/now-news.de\/de\/?s={search_term_string}"},"query-input":"required name=search_term_string"}],"inLanguage":"de"},{"@type":"Organization","@id":"https:\/\/now-news.de\/de\/#organization","name":"Just Now News","url":"https:\/\/now-news.de\/de\/","logo":{"@type":"ImageObject","inLanguage":"de","@id":"https:\/\/now-news.de\/de\/#\/schema\/logo\/image\/","url":"http:\/\/just-now.news\/de\/wp-content\/uploads\/sites\/3\/2022\/04\/logo500x500.jpg","contentUrl":"http:\/\/just-now.news\/de\/wp-content\/uploads\/sites\/3\/2022\/04\/logo500x500.jpg","width":500,"height":500,"caption":"Just Now News"},"image":{"@id":"https:\/\/now-news.de\/de\/#\/schema\/logo\/image\/"},"sameAs":["https:\/\/www.facebook.com\/wirmachenauf","https:\/\/x.com\/WirMachenAuf_de"]},{"@type":"Person","@id":"https:\/\/now-news.de\/de\/#\/schema\/person\/fb534a4e865501d8b3285208df34a9b5","name":"rtnews","image":{"@type":"ImageObject","inLanguage":"de","@id":"https:\/\/now-news.de\/de\/#\/schema\/person\/image\/","url":"https:\/\/secure.gravatar.com\/avatar\/82aafea7d8127119dd649515f56e2117?s=96&d=mm&r=g","contentUrl":"https:\/\/secure.gravatar.com\/avatar\/82aafea7d8127119dd649515f56e2117?s=96&d=mm&r=g","caption":"rtnews"},"url":"https:\/\/now-news.de\/de\/author\/rnews\/"}]}},"_links":{"self":[{"href":"https:\/\/now-news.de\/de\/wp-json\/wp\/v2\/posts\/28068"}],"collection":[{"href":"https:\/\/now-news.de\/de\/wp-json\/wp\/v2\/posts"}],"about":[{"href":"https:\/\/now-news.de\/de\/wp-json\/wp\/v2\/types\/post"}],"author":[{"embeddable":true,"href":"https:\/\/now-news.de\/de\/wp-json\/wp\/v2\/users\/3"}],"replies":[{"embeddable":true,"href":"https:\/\/now-news.de\/de\/wp-json\/wp\/v2\/comments?post=28068"}],"version-history":[{"count":0,"href":"https:\/\/now-news.de\/de\/wp-json\/wp\/v2\/posts\/28068\/revisions"}],"wp:featuredmedia":[{"embeddable":true,"href":"https:\/\/now-news.de\/de\/wp-json\/wp\/v2\/media\/28069"}],"wp:attachment":[{"href":"https:\/\/now-news.de\/de\/wp-json\/wp\/v2\/media?parent=28068"}],"wp:term":[{"taxonomy":"category","embeddable":true,"href":"https:\/\/now-news.de\/de\/wp-json\/wp\/v2\/categories?post=28068"},{"taxonomy":"post_tag","embeddable":true,"href":"https:\/\/now-news.de\/de\/wp-json\/wp\/v2\/tags?post=28068"}],"curies":[{"name":"wp","href":"https:\/\/api.w.org\/{rel}","templated":true}]}}