{"id":28032,"date":"2023-01-18T18:37:36","date_gmt":"2023-01-18T16:37:36","guid":{"rendered":"https:\/\/just-now.news\/de\/deutschland\/brasiliens-praesident-lula-da-silva-entlaesst-nach-krawallen-40-armeeangehoerige-aus-seiner-residenz\/"},"modified":"2023-01-18T18:37:36","modified_gmt":"2023-01-18T16:37:36","slug":"brasiliens-praesident-lula-da-silva-entlaesst-nach-krawallen-40-armeeangehoerige-aus-seiner-residenz","status":"publish","type":"post","link":"https:\/\/now-news.de\/de\/deutschland\/brasiliens-praesident-lula-da-silva-entlaesst-nach-krawallen-40-armeeangehoerige-aus-seiner-residenz\/","title":{"rendered":"Brasiliens Pr\u00e4sident Lula da Silva entl\u00e4sst nach Krawallen 40 Armeeangeh\u00f6rige aus seiner Residenz"},"content":{"rendered":"<p><img decoding=\"async\" src=\"http:\/\/just-now.news\/de\/wp-content\/uploads\/sites\/3\/2023\/01\/63c8037ab480cc2a9252cfd0.jpg\" \/><\/p>\n<div class=\"Text-root Text-type_1 \">\n                Zehn Tage nach dem Sturm des Regierungsviertels in Bras\u00edlia durch Anh\u00e4nger des brasilianischen Ex-Pr\u00e4sidenten Jair Bolsonaro entl\u00e4sst der amtierende Staatschef Luiz In\u00e1cio Lula da Silva 40 Armeeangeh\u00f6rige, die seine offizielle Residenz Pal\u00e1cio da Alvorada \u00fcberwacht haben.\n            <\/div>\n<p><\/p>\n<div class=\"Text-root Text-type_5 ArticleView-text ViewText-root \">\n<p>Tausende Anh\u00e4nger des ehemaligen brasilianischen Pr\u00e4sidenten Jair Bolsonaro st\u00fcrmten am 8. Januar das Regierungsviertel in Bras\u00edlia und verursachten erhebliche Sch\u00e4den. Nun hat\u00a0der neue Staatschef, Luiz In\u00e1cio Lula da Silva, am Mittwoch 40 Angeh\u00f6rige von ihren T\u00e4tigkeiten im offiziellen Amtssitz Pal\u00e1cio da Alvorada <a rel=\"nofollow noopener\" target=\"_blank\" href=\"https:\/\/agenciabrasil.ebc.com.br\/radioagencia-nacional\/geral\/audio\/2023-01\/40-militares-com-cargos-de-confianca-no-alvorada-sao-dispensados\">entbunden<\/a>. Entsprechende Erlasse <a rel=\"nofollow noopener\" target=\"_blank\" href=\"https:\/\/www.in.gov.br\/web\/dou\/-\/portaria-n-15-de-16-de-janeiro-de-2023-458237913\">wurden<\/a> im Amtsblatt der Regierung bereits am Dienstag ver\u00f6ffentlicht. Von den Entlassungen betroffen waren vor allem niederrangige Milit\u00e4rs wie einfache Soldaten, Gefreite und Unteroffiziere, die in der Verwaltung und im Sicherheitsdienst t\u00e4tig waren.<\/p>\n<p>Zuvor hatte Lula da Silva Teilen der Polizei und des Milit\u00e4rs eine Zusammenarbeit mit den gewaltt\u00e4tigen Demonstranten vorgeworfen. Viele Leute innerhalb der Milit\u00e4rpolizei des Bundesdistrikts und der Streitkr\u00e4fte h\u00e4tten mit den Angreifern konspiriert, sagte der linke Politiker in der vergangenen Woche. Beispielsweise sei den gewaltt\u00e4tigen Demonstranten die T\u00fcr zum Regierungssitz Pal\u00e1cio do Planalto ge\u00f6ffnet worden.\u00a0In diesem Zusammenhang k\u00fcndigte er auch eine \u00dcberpr\u00fcfung der Mitarbeiter im Pr\u00e4sidentenpalast an. Als Ex-Milit\u00e4r hatte Bolsonaro w\u00e4hrend seiner Amtszeit zahlreiche Offiziere in die Regierungszentrale geholt. Lula erkl\u00e4rte diesbez\u00fcglich:<\/p>\n<blockquote>\n<p><em>&#8220;Wir wollen sehen, ob wir das korrigieren und sie durch Laufbahn-Beamte ersetzen k\u00f6nnen, damit das hier wieder eine zivile Regierung wird.&#8221;<\/em><\/p>\n<\/blockquote>\n<p>Am 8. Januar hatten tausende Bolsonaro-Anh\u00e4nger in den Schaltzentralen der wichtigsten Staatsgewalten des Landes randaliert. Sie hinterlie\u00dfen eine Spur der Zerst\u00f6rung in B\u00fcros und Sitzungss\u00e4len. Erst nach mehreren Stunden brachten die Sicherheitskr\u00e4fte die Lage wieder unter Kontrolle. Rund 1.500 Sympathisanten des fr\u00fcheren Staatschefs wurden festgenommen.<\/p>\n<p>Am Montag waren die ersten 39 Anklagen gegen mutma\u00dflich an den Krawallen beteiligte Bolsonaro-Anh\u00e4nger erhoben worden. Ihnen wird unter anderem die Bildung einer bewaffneten kriminellen Vereinigung, Besch\u00e4digung von \u00f6ffentlichem Eigentum und ein versuchter Staatsstreich vorgeworfen. Zudem forderte die Staatsanwaltschaft Untersuchungshaft f\u00fcr die Angeklagten. Am Dienstag leitete die Generalstaatsanwaltschaft eine Untersuchung ein, um die m\u00f6gliche Verantwortung von Politikern und Milit\u00e4rs zu untersuchen.<\/p>\n<p><em>(rt\/dpa)<\/em><\/p>\n<p><strong>Mehr zum Thema<\/strong> &#8211; <a rel=\"nofollow noopener\" target=\"_blank\" href=\"https:\/\/rtde.site\/amerika\/160114-uruguays-ex-praesident-mujica-erarbeitet-vorschlaege-fuer-integration-in-lateinamerika\/\">Uruguays Ex-Pr\u00e4sident: Lateinamerika muss sich vereinen, &#8220;um gemeinsame Rechte zu verteidigen&#8221;<\/a><\/p>\n<\/div>\n<p><br \/>\n<br \/><a href=\"https:\/\/de.rt.com\/amerika\/160268-brasiliens-praesident-lula-da-silva\/\">Source link <\/a><\/p>\n","protected":false},"excerpt":{"rendered":"<p>Zehn Tage nach dem Sturm des Regierungsviertels in Bras\u00edlia durch Anh\u00e4nger des brasilianischen Ex-Pr\u00e4sidenten Jair Bolsonaro entl\u00e4sst der amtierende Staatschef Luiz In\u00e1cio Lula da Silva 40 Armeeangeh\u00f6rige, die seine offizielle Residenz Pal\u00e1cio da Alvorada \u00fcberwacht haben. Tausende Anh\u00e4nger des ehemaligen brasilianischen Pr\u00e4sidenten Jair Bolsonaro st\u00fcrmten am 8. Januar das Regierungsviertel in Bras\u00edlia und verursachten erhebliche [&hellip;]<\/p>\n","protected":false},"author":3,"featured_media":28033,"comment_status":"open","ping_status":"open","sticky":false,"template":"","format":"standard","meta":{"_yoast_indexnow_last_ping":["1674060053"],"wp_automatic_camp":["217"],"3645b6316eda4177bf03cdf355735285":["Brasiliens Pr\u00e4sident Lula da Silva entl\u00e4sst nach Krawallen 40 Armeeangeh\u00f6rige aus seiner Residenz"],"original_link":["https:\/\/de.rt.com\/amerika\/160268-brasiliens-praesident-lula-da-silva\/"],"_thumbnail_id":["28033"],"_wptgpro_p2tg_sent2tg":["a:1:{i:23737;s:19:\"2023-01-18 18:41:58\";}"],"jnews_social_counter_last_update":["1777183511"]},"categories":[19,23],"tags":[31368,679,4646,22666,39263,4648,979,3464,39264,1607,4649],"yoast_head":"<!-- This site is optimized with the Yoast SEO Premium plugin v22.7 (Yoast SEO v22.7) - https:\/\/yoast.com\/wordpress\/plugins\/seo\/ -->\n<title>Brasiliens Pr\u00e4sident Lula da Silva entl\u00e4sst nach Krawallen 40 Armeeangeh\u00f6rige aus seiner Residenz - just-now.NEWS Deutschland<\/title>\n<meta name=\"robots\" content=\"index, follow, max-snippet:-1, max-image-preview:large, max-video-preview:-1\" \/>\n<link rel=\"canonical\" href=\"https:\/\/now-news.de\/de\/deutschland\/brasiliens-praesident-lula-da-silva-entlaesst-nach-krawallen-40-armeeangehoerige-aus-seiner-residenz\/\" \/>\n<meta property=\"og:locale\" content=\"de_DE\" \/>\n<meta property=\"og:type\" content=\"article\" \/>\n<meta property=\"og:title\" content=\"Brasiliens Pr\u00e4sident Lula da Silva entl\u00e4sst nach Krawallen 40 Armeeangeh\u00f6rige aus seiner Residenz\" \/>\n<meta property=\"og:description\" content=\"Zehn Tage nach dem Sturm des Regierungsviertels in Bras\u00edlia durch Anh\u00e4nger des brasilianischen Ex-Pr\u00e4sidenten Jair Bolsonaro entl\u00e4sst der amtierende Staatschef Luiz In\u00e1cio Lula da Silva 40 Armeeangeh\u00f6rige, die seine offizielle Residenz Pal\u00e1cio da Alvorada \u00fcberwacht haben. Tausende Anh\u00e4nger des ehemaligen brasilianischen Pr\u00e4sidenten Jair Bolsonaro st\u00fcrmten am 8. Januar das Regierungsviertel in Bras\u00edlia und verursachten erhebliche [&hellip;]\" \/>\n<meta property=\"og:url\" content=\"https:\/\/now-news.de\/de\/deutschland\/brasiliens-praesident-lula-da-silva-entlaesst-nach-krawallen-40-armeeangehoerige-aus-seiner-residenz\/\" \/>\n<meta property=\"og:site_name\" content=\"just-now.NEWS Deutschland\" \/>\n<meta property=\"article:publisher\" content=\"https:\/\/www.facebook.com\/wirmachenauf\" \/>\n<meta property=\"article:published_time\" content=\"2023-01-18T16:37:36+00:00\" \/>\n<meta property=\"og:image\" content=\"https:\/\/now-news.de\/de\/wp-content\/uploads\/sites\/3\/2023\/01\/Brasiliens-Praesident-Lula-da-Silva-entlaesst-nach-Krawallen-40-Armeeangehoerige.jpg\" \/>\n\t<meta property=\"og:image:width\" content=\"460\" \/>\n\t<meta property=\"og:image:height\" content=\"259\" \/>\n\t<meta property=\"og:image:type\" content=\"image\/jpeg\" \/>\n<meta name=\"author\" content=\"rtnews\" \/>\n<meta name=\"twitter:card\" content=\"summary_large_image\" \/>\n<meta name=\"twitter:creator\" content=\"@WirMachenAuf_de\" \/>\n<meta name=\"twitter:site\" content=\"@WirMachenAuf_de\" \/>\n<meta name=\"twitter:label1\" content=\"Verfasst von\" \/>\n\t<meta name=\"twitter:data1\" content=\"rtnews\" \/>\n\t<meta name=\"twitter:label2\" content=\"Gesch\u00e4tzte Lesezeit\" \/>\n\t<meta name=\"twitter:data2\" content=\"2\u00a0Minuten\" \/>\n<script type=\"application\/ld+json\" class=\"yoast-schema-graph\">{\"@context\":\"https:\/\/schema.org\",\"@graph\":[{\"@type\":\"Article\",\"@id\":\"https:\/\/now-news.de\/de\/deutschland\/brasiliens-praesident-lula-da-silva-entlaesst-nach-krawallen-40-armeeangehoerige-aus-seiner-residenz\/#article\",\"isPartOf\":{\"@id\":\"https:\/\/now-news.de\/de\/deutschland\/brasiliens-praesident-lula-da-silva-entlaesst-nach-krawallen-40-armeeangehoerige-aus-seiner-residenz\/\"},\"author\":{\"name\":\"rtnews\",\"@id\":\"https:\/\/now-news.de\/de\/#\/schema\/person\/fb534a4e865501d8b3285208df34a9b5\"},\"headline\":\"Brasiliens Pr\u00e4sident Lula da Silva entl\u00e4sst nach Krawallen 40 Armeeangeh\u00f6rige aus seiner Residenz\",\"datePublished\":\"2023-01-18T16:37:36+00:00\",\"dateModified\":\"2023-01-18T16:37:36+00:00\",\"mainEntityOfPage\":{\"@id\":\"https:\/\/now-news.de\/de\/deutschland\/brasiliens-praesident-lula-da-silva-entlaesst-nach-krawallen-40-armeeangehoerige-aus-seiner-residenz\/\"},\"wordCount\":405,\"commentCount\":0,\"publisher\":{\"@id\":\"https:\/\/now-news.de\/de\/#organization\"},\"image\":{\"@id\":\"https:\/\/now-news.de\/de\/deutschland\/brasiliens-praesident-lula-da-silva-entlaesst-nach-krawallen-40-armeeangehoerige-aus-seiner-residenz\/#primaryimage\"},\"thumbnailUrl\":\"https:\/\/now-news.de\/de\/wp-content\/uploads\/sites\/3\/2023\/01\/Brasiliens-Praesident-Lula-da-Silva-entlaesst-nach-Krawallen-40-Armeeangehoerige.jpg\",\"keywords\":[\"Armeeangeh\u00f6rige\",\"aus\",\"Brasiliens\",\"entl\u00e4sst\",\"Krawallen\",\"Lula\",\"nach\",\"Pr\u00e4sident\",\"Residenz\",\"seiner\",\"Silva\"],\"articleSection\":[\"Deutschland\",\"Russland\"],\"inLanguage\":\"de\",\"potentialAction\":[{\"@type\":\"CommentAction\",\"name\":\"Comment\",\"target\":[\"https:\/\/now-news.de\/de\/deutschland\/brasiliens-praesident-lula-da-silva-entlaesst-nach-krawallen-40-armeeangehoerige-aus-seiner-residenz\/#respond\"]}]},{\"@type\":\"WebPage\",\"@id\":\"https:\/\/now-news.de\/de\/deutschland\/brasiliens-praesident-lula-da-silva-entlaesst-nach-krawallen-40-armeeangehoerige-aus-seiner-residenz\/\",\"url\":\"https:\/\/now-news.de\/de\/deutschland\/brasiliens-praesident-lula-da-silva-entlaesst-nach-krawallen-40-armeeangehoerige-aus-seiner-residenz\/\",\"name\":\"Brasiliens Pr\u00e4sident Lula da Silva entl\u00e4sst nach Krawallen 40 Armeeangeh\u00f6rige aus seiner Residenz - just-now.NEWS Deutschland\",\"isPartOf\":{\"@id\":\"https:\/\/now-news.de\/de\/#website\"},\"primaryImageOfPage\":{\"@id\":\"https:\/\/now-news.de\/de\/deutschland\/brasiliens-praesident-lula-da-silva-entlaesst-nach-krawallen-40-armeeangehoerige-aus-seiner-residenz\/#primaryimage\"},\"image\":{\"@id\":\"https:\/\/now-news.de\/de\/deutschland\/brasiliens-praesident-lula-da-silva-entlaesst-nach-krawallen-40-armeeangehoerige-aus-seiner-residenz\/#primaryimage\"},\"thumbnailUrl\":\"https:\/\/now-news.de\/de\/wp-content\/uploads\/sites\/3\/2023\/01\/Brasiliens-Praesident-Lula-da-Silva-entlaesst-nach-Krawallen-40-Armeeangehoerige.jpg\",\"datePublished\":\"2023-01-18T16:37:36+00:00\",\"dateModified\":\"2023-01-18T16:37:36+00:00\",\"breadcrumb\":{\"@id\":\"https:\/\/now-news.de\/de\/deutschland\/brasiliens-praesident-lula-da-silva-entlaesst-nach-krawallen-40-armeeangehoerige-aus-seiner-residenz\/#breadcrumb\"},\"inLanguage\":\"de\",\"potentialAction\":[{\"@type\":\"ReadAction\",\"target\":[\"https:\/\/now-news.de\/de\/deutschland\/brasiliens-praesident-lula-da-silva-entlaesst-nach-krawallen-40-armeeangehoerige-aus-seiner-residenz\/\"]}]},{\"@type\":\"ImageObject\",\"inLanguage\":\"de\",\"@id\":\"https:\/\/now-news.de\/de\/deutschland\/brasiliens-praesident-lula-da-silva-entlaesst-nach-krawallen-40-armeeangehoerige-aus-seiner-residenz\/#primaryimage\",\"url\":\"https:\/\/now-news.de\/de\/wp-content\/uploads\/sites\/3\/2023\/01\/Brasiliens-Praesident-Lula-da-Silva-entlaesst-nach-Krawallen-40-Armeeangehoerige.jpg\",\"contentUrl\":\"https:\/\/now-news.de\/de\/wp-content\/uploads\/sites\/3\/2023\/01\/Brasiliens-Praesident-Lula-da-Silva-entlaesst-nach-Krawallen-40-Armeeangehoerige.jpg\",\"width\":460,\"height\":259,\"caption\":\"Brasiliens Pr\u00e4sident Lula da Silva entl\u00e4sst nach Krawallen 40 Armeeangeh\u00f6rige aus seiner Residenz\"},{\"@type\":\"BreadcrumbList\",\"@id\":\"https:\/\/now-news.de\/de\/deutschland\/brasiliens-praesident-lula-da-silva-entlaesst-nach-krawallen-40-armeeangehoerige-aus-seiner-residenz\/#breadcrumb\",\"itemListElement\":[{\"@type\":\"ListItem\",\"position\":1,\"name\":\"Home\",\"item\":\"https:\/\/now-news.de\/de\/\"},{\"@type\":\"ListItem\",\"position\":2,\"name\":\"Brasiliens Pr\u00e4sident Lula da Silva entl\u00e4sst nach Krawallen 40 Armeeangeh\u00f6rige aus seiner Residenz\"}]},{\"@type\":\"WebSite\",\"@id\":\"https:\/\/now-news.de\/de\/#website\",\"url\":\"https:\/\/now-news.de\/de\/\",\"name\":\"just-now.NEWS Deutschland\",\"description\":\"Das Portal f\u00fcr unzensierte Nachrichten aus der Welt\",\"publisher\":{\"@id\":\"https:\/\/now-news.de\/de\/#organization\"},\"potentialAction\":[{\"@type\":\"SearchAction\",\"target\":{\"@type\":\"EntryPoint\",\"urlTemplate\":\"https:\/\/now-news.de\/de\/?s={search_term_string}\"},\"query-input\":\"required name=search_term_string\"}],\"inLanguage\":\"de\"},{\"@type\":\"Organization\",\"@id\":\"https:\/\/now-news.de\/de\/#organization\",\"name\":\"Just Now News\",\"url\":\"https:\/\/now-news.de\/de\/\",\"logo\":{\"@type\":\"ImageObject\",\"inLanguage\":\"de\",\"@id\":\"https:\/\/now-news.de\/de\/#\/schema\/logo\/image\/\",\"url\":\"http:\/\/just-now.news\/de\/wp-content\/uploads\/sites\/3\/2022\/04\/logo500x500.jpg\",\"contentUrl\":\"http:\/\/just-now.news\/de\/wp-content\/uploads\/sites\/3\/2022\/04\/logo500x500.jpg\",\"width\":500,\"height\":500,\"caption\":\"Just Now News\"},\"image\":{\"@id\":\"https:\/\/now-news.de\/de\/#\/schema\/logo\/image\/\"},\"sameAs\":[\"https:\/\/www.facebook.com\/wirmachenauf\",\"https:\/\/x.com\/WirMachenAuf_de\"]},{\"@type\":\"Person\",\"@id\":\"https:\/\/now-news.de\/de\/#\/schema\/person\/fb534a4e865501d8b3285208df34a9b5\",\"name\":\"rtnews\",\"image\":{\"@type\":\"ImageObject\",\"inLanguage\":\"de\",\"@id\":\"https:\/\/now-news.de\/de\/#\/schema\/person\/image\/\",\"url\":\"https:\/\/secure.gravatar.com\/avatar\/82aafea7d8127119dd649515f56e2117?s=96&d=mm&r=g\",\"contentUrl\":\"https:\/\/secure.gravatar.com\/avatar\/82aafea7d8127119dd649515f56e2117?s=96&d=mm&r=g\",\"caption\":\"rtnews\"},\"url\":\"https:\/\/now-news.de\/de\/author\/rnews\/\"}]}<\/script>\n<!-- \/ Yoast SEO Premium plugin. -->","yoast_head_json":{"title":"Brasiliens Pr\u00e4sident Lula da Silva entl\u00e4sst nach Krawallen 40 Armeeangeh\u00f6rige aus seiner Residenz - just-now.NEWS Deutschland","robots":{"index":"index","follow":"follow","max-snippet":"max-snippet:-1","max-image-preview":"max-image-preview:large","max-video-preview":"max-video-preview:-1"},"canonical":"https:\/\/now-news.de\/de\/deutschland\/brasiliens-praesident-lula-da-silva-entlaesst-nach-krawallen-40-armeeangehoerige-aus-seiner-residenz\/","og_locale":"de_DE","og_type":"article","og_title":"Brasiliens Pr\u00e4sident Lula da Silva entl\u00e4sst nach Krawallen 40 Armeeangeh\u00f6rige aus seiner Residenz","og_description":"Zehn Tage nach dem Sturm des Regierungsviertels in Bras\u00edlia durch Anh\u00e4nger des brasilianischen Ex-Pr\u00e4sidenten Jair Bolsonaro entl\u00e4sst der amtierende Staatschef Luiz In\u00e1cio Lula da Silva 40 Armeeangeh\u00f6rige, die seine offizielle Residenz Pal\u00e1cio da Alvorada \u00fcberwacht haben. Tausende Anh\u00e4nger des ehemaligen brasilianischen Pr\u00e4sidenten Jair Bolsonaro st\u00fcrmten am 8. Januar das Regierungsviertel in Bras\u00edlia und verursachten erhebliche [&hellip;]","og_url":"https:\/\/now-news.de\/de\/deutschland\/brasiliens-praesident-lula-da-silva-entlaesst-nach-krawallen-40-armeeangehoerige-aus-seiner-residenz\/","og_site_name":"just-now.NEWS Deutschland","article_publisher":"https:\/\/www.facebook.com\/wirmachenauf","article_published_time":"2023-01-18T16:37:36+00:00","og_image":[{"width":460,"height":259,"url":"https:\/\/now-news.de\/de\/wp-content\/uploads\/sites\/3\/2023\/01\/Brasiliens-Praesident-Lula-da-Silva-entlaesst-nach-Krawallen-40-Armeeangehoerige.jpg","type":"image\/jpeg"}],"author":"rtnews","twitter_card":"summary_large_image","twitter_creator":"@WirMachenAuf_de","twitter_site":"@WirMachenAuf_de","twitter_misc":{"Verfasst von":"rtnews","Gesch\u00e4tzte Lesezeit":"2\u00a0Minuten"},"schema":{"@context":"https:\/\/schema.org","@graph":[{"@type":"Article","@id":"https:\/\/now-news.de\/de\/deutschland\/brasiliens-praesident-lula-da-silva-entlaesst-nach-krawallen-40-armeeangehoerige-aus-seiner-residenz\/#article","isPartOf":{"@id":"https:\/\/now-news.de\/de\/deutschland\/brasiliens-praesident-lula-da-silva-entlaesst-nach-krawallen-40-armeeangehoerige-aus-seiner-residenz\/"},"author":{"name":"rtnews","@id":"https:\/\/now-news.de\/de\/#\/schema\/person\/fb534a4e865501d8b3285208df34a9b5"},"headline":"Brasiliens Pr\u00e4sident Lula da Silva entl\u00e4sst nach Krawallen 40 Armeeangeh\u00f6rige aus seiner Residenz","datePublished":"2023-01-18T16:37:36+00:00","dateModified":"2023-01-18T16:37:36+00:00","mainEntityOfPage":{"@id":"https:\/\/now-news.de\/de\/deutschland\/brasiliens-praesident-lula-da-silva-entlaesst-nach-krawallen-40-armeeangehoerige-aus-seiner-residenz\/"},"wordCount":405,"commentCount":0,"publisher":{"@id":"https:\/\/now-news.de\/de\/#organization"},"image":{"@id":"https:\/\/now-news.de\/de\/deutschland\/brasiliens-praesident-lula-da-silva-entlaesst-nach-krawallen-40-armeeangehoerige-aus-seiner-residenz\/#primaryimage"},"thumbnailUrl":"https:\/\/now-news.de\/de\/wp-content\/uploads\/sites\/3\/2023\/01\/Brasiliens-Praesident-Lula-da-Silva-entlaesst-nach-Krawallen-40-Armeeangehoerige.jpg","keywords":["Armeeangeh\u00f6rige","aus","Brasiliens","entl\u00e4sst","Krawallen","Lula","nach","Pr\u00e4sident","Residenz","seiner","Silva"],"articleSection":["Deutschland","Russland"],"inLanguage":"de","potentialAction":[{"@type":"CommentAction","name":"Comment","target":["https:\/\/now-news.de\/de\/deutschland\/brasiliens-praesident-lula-da-silva-entlaesst-nach-krawallen-40-armeeangehoerige-aus-seiner-residenz\/#respond"]}]},{"@type":"WebPage","@id":"https:\/\/now-news.de\/de\/deutschland\/brasiliens-praesident-lula-da-silva-entlaesst-nach-krawallen-40-armeeangehoerige-aus-seiner-residenz\/","url":"https:\/\/now-news.de\/de\/deutschland\/brasiliens-praesident-lula-da-silva-entlaesst-nach-krawallen-40-armeeangehoerige-aus-seiner-residenz\/","name":"Brasiliens Pr\u00e4sident Lula da Silva entl\u00e4sst nach Krawallen 40 Armeeangeh\u00f6rige aus seiner Residenz - just-now.NEWS Deutschland","isPartOf":{"@id":"https:\/\/now-news.de\/de\/#website"},"primaryImageOfPage":{"@id":"https:\/\/now-news.de\/de\/deutschland\/brasiliens-praesident-lula-da-silva-entlaesst-nach-krawallen-40-armeeangehoerige-aus-seiner-residenz\/#primaryimage"},"image":{"@id":"https:\/\/now-news.de\/de\/deutschland\/brasiliens-praesident-lula-da-silva-entlaesst-nach-krawallen-40-armeeangehoerige-aus-seiner-residenz\/#primaryimage"},"thumbnailUrl":"https:\/\/now-news.de\/de\/wp-content\/uploads\/sites\/3\/2023\/01\/Brasiliens-Praesident-Lula-da-Silva-entlaesst-nach-Krawallen-40-Armeeangehoerige.jpg","datePublished":"2023-01-18T16:37:36+00:00","dateModified":"2023-01-18T16:37:36+00:00","breadcrumb":{"@id":"https:\/\/now-news.de\/de\/deutschland\/brasiliens-praesident-lula-da-silva-entlaesst-nach-krawallen-40-armeeangehoerige-aus-seiner-residenz\/#breadcrumb"},"inLanguage":"de","potentialAction":[{"@type":"ReadAction","target":["https:\/\/now-news.de\/de\/deutschland\/brasiliens-praesident-lula-da-silva-entlaesst-nach-krawallen-40-armeeangehoerige-aus-seiner-residenz\/"]}]},{"@type":"ImageObject","inLanguage":"de","@id":"https:\/\/now-news.de\/de\/deutschland\/brasiliens-praesident-lula-da-silva-entlaesst-nach-krawallen-40-armeeangehoerige-aus-seiner-residenz\/#primaryimage","url":"https:\/\/now-news.de\/de\/wp-content\/uploads\/sites\/3\/2023\/01\/Brasiliens-Praesident-Lula-da-Silva-entlaesst-nach-Krawallen-40-Armeeangehoerige.jpg","contentUrl":"https:\/\/now-news.de\/de\/wp-content\/uploads\/sites\/3\/2023\/01\/Brasiliens-Praesident-Lula-da-Silva-entlaesst-nach-Krawallen-40-Armeeangehoerige.jpg","width":460,"height":259,"caption":"Brasiliens Pr\u00e4sident Lula da Silva entl\u00e4sst nach Krawallen 40 Armeeangeh\u00f6rige aus seiner Residenz"},{"@type":"BreadcrumbList","@id":"https:\/\/now-news.de\/de\/deutschland\/brasiliens-praesident-lula-da-silva-entlaesst-nach-krawallen-40-armeeangehoerige-aus-seiner-residenz\/#breadcrumb","itemListElement":[{"@type":"ListItem","position":1,"name":"Home","item":"https:\/\/now-news.de\/de\/"},{"@type":"ListItem","position":2,"name":"Brasiliens Pr\u00e4sident Lula da Silva entl\u00e4sst nach Krawallen 40 Armeeangeh\u00f6rige aus seiner Residenz"}]},{"@type":"WebSite","@id":"https:\/\/now-news.de\/de\/#website","url":"https:\/\/now-news.de\/de\/","name":"just-now.NEWS Deutschland","description":"Das Portal f\u00fcr unzensierte Nachrichten aus der Welt","publisher":{"@id":"https:\/\/now-news.de\/de\/#organization"},"potentialAction":[{"@type":"SearchAction","target":{"@type":"EntryPoint","urlTemplate":"https:\/\/now-news.de\/de\/?s={search_term_string}"},"query-input":"required name=search_term_string"}],"inLanguage":"de"},{"@type":"Organization","@id":"https:\/\/now-news.de\/de\/#organization","name":"Just Now News","url":"https:\/\/now-news.de\/de\/","logo":{"@type":"ImageObject","inLanguage":"de","@id":"https:\/\/now-news.de\/de\/#\/schema\/logo\/image\/","url":"http:\/\/just-now.news\/de\/wp-content\/uploads\/sites\/3\/2022\/04\/logo500x500.jpg","contentUrl":"http:\/\/just-now.news\/de\/wp-content\/uploads\/sites\/3\/2022\/04\/logo500x500.jpg","width":500,"height":500,"caption":"Just Now News"},"image":{"@id":"https:\/\/now-news.de\/de\/#\/schema\/logo\/image\/"},"sameAs":["https:\/\/www.facebook.com\/wirmachenauf","https:\/\/x.com\/WirMachenAuf_de"]},{"@type":"Person","@id":"https:\/\/now-news.de\/de\/#\/schema\/person\/fb534a4e865501d8b3285208df34a9b5","name":"rtnews","image":{"@type":"ImageObject","inLanguage":"de","@id":"https:\/\/now-news.de\/de\/#\/schema\/person\/image\/","url":"https:\/\/secure.gravatar.com\/avatar\/82aafea7d8127119dd649515f56e2117?s=96&d=mm&r=g","contentUrl":"https:\/\/secure.gravatar.com\/avatar\/82aafea7d8127119dd649515f56e2117?s=96&d=mm&r=g","caption":"rtnews"},"url":"https:\/\/now-news.de\/de\/author\/rnews\/"}]}},"_links":{"self":[{"href":"https:\/\/now-news.de\/de\/wp-json\/wp\/v2\/posts\/28032"}],"collection":[{"href":"https:\/\/now-news.de\/de\/wp-json\/wp\/v2\/posts"}],"about":[{"href":"https:\/\/now-news.de\/de\/wp-json\/wp\/v2\/types\/post"}],"author":[{"embeddable":true,"href":"https:\/\/now-news.de\/de\/wp-json\/wp\/v2\/users\/3"}],"replies":[{"embeddable":true,"href":"https:\/\/now-news.de\/de\/wp-json\/wp\/v2\/comments?post=28032"}],"version-history":[{"count":0,"href":"https:\/\/now-news.de\/de\/wp-json\/wp\/v2\/posts\/28032\/revisions"}],"wp:featuredmedia":[{"embeddable":true,"href":"https:\/\/now-news.de\/de\/wp-json\/wp\/v2\/media\/28033"}],"wp:attachment":[{"href":"https:\/\/now-news.de\/de\/wp-json\/wp\/v2\/media?parent=28032"}],"wp:term":[{"taxonomy":"category","embeddable":true,"href":"https:\/\/now-news.de\/de\/wp-json\/wp\/v2\/categories?post=28032"},{"taxonomy":"post_tag","embeddable":true,"href":"https:\/\/now-news.de\/de\/wp-json\/wp\/v2\/tags?post=28032"}],"curies":[{"name":"wp","href":"https:\/\/api.w.org\/{rel}","templated":true}]}}