{"id":27991,"date":"2023-01-18T08:25:22","date_gmt":"2023-01-18T06:25:22","guid":{"rendered":"http:\/\/just-now.news\/de\/deutschland\/liveticker-ukraine-krieg-eidgenossen-halten-an-verbot-des-ruestungsreexports-in-die-ukraine-fest\/"},"modified":"2023-01-18T08:25:22","modified_gmt":"2023-01-18T06:25:22","slug":"liveticker-ukraine-krieg-eidgenossen-halten-an-verbot-des-ruestungsreexports-in-die-ukraine-fest","status":"publish","type":"post","link":"https:\/\/now-news.de\/de\/deutschland\/liveticker-ukraine-krieg-eidgenossen-halten-an-verbot-des-ruestungsreexports-in-die-ukraine-fest\/","title":{"rendered":"Liveticker Ukraine-Krieg: Eidgenossen halten an Verbot des R\u00fcstungsreexports in die Ukraine fest"},"content":{"rendered":"<div class=\"Text-root Text-type_1 \">\n                Russland f\u00fchrt gemeinsam mit den Streitkr\u00e4ften der Donbass-Republiken eine Milit\u00e4roperation in der Ukraine durch. Der Westen reagiert mit immer neuen Waffenlieferungen an die Ukraine und beispiellosen Sanktionen gegen Russland. Lesen Sie hier die neuesten Entwicklungen.\n            <\/div>\n<p><\/p>\n<div class=\"ArticleView-liveUpdates\">\n<div class=\"LiveUpdates-root\">\n<div class=\"LiveUpdates-content\">\n<ul class=\"LiveUpdates-list Listing-root\" data-listing=\"LiveUpdates\" data-count=\"10\">\n<li class=\"LiveUpdates-item Listing-item\">\n<div class=\"LiveUpdates-date\">\n<p class=\"HeaderNews-root HeaderNews-type_2 \">\n                18.01.2023 07:11 Uhr\n            <\/p>\n<\/div>\n<div class=\"LiveUpdate-root\">\n<div class=\"LiveUpdate-date\">\n<p class=\"HeaderNews-root HeaderNews-type_6 \">\n                07:11 Uhr\n            <\/p>\n<\/div>\n<div class=\"LiveUpdate-content\">\n<div class=\"LiveUpdate-text\">\n<div class=\"Text-root Text-type_5 ViewText-root\">\n<p><strong>Eidgenossen halten an Verbot des R\u00fcstungsreexports in die Ukraine fest<\/strong><\/p>\n<p>Aufgrund ihrer Neutralit\u00e4t hat die Schweiz weiterhin nicht die Absicht, Waffen aus ihrer Herstellung zur Wiederausfuhr aus Deutschland und Spanien in die Ukraine zuzulassen. Alain Berset, der Pr\u00e4sident der Eidgenossen, <a rel=\"nofollow noopener\" target=\"_blank\" href=\"https:\/\/www.rts.ch\/play\/tv\/lactu-en-video\/video\/liens-etroits-avec-le-blick-alain-berset-sous-pression-interview?urn=urn:rts:video:13710223\">best\u00e4tigte<\/a> diese Position am Dienstag in einem Interview an den Fernsehsender <em>Radio T\u00e9l\u00e9vision Suisse<\/em> auf eine entsprechende Frage hin:<\/p>\n<p><em>&#8220;Wir haben seit langem eine stabile Position. Die Schweiz ist ein neutrales Land. Es ist ein Land der Genfer Konventionen, das am Verhandlungsprozess beteiligt ist, ein Land des Friedens, das keine Waffen in Konfliktgebiete exportiert.&#8221;<\/em><\/p>\n<p>Berset erinnerte, Bern habe Waffenlieferungen <em>&#8220;an L\u00e4nder wie Spanien und Deutschland mit klaren Nicht-Exportregeln&#8221;<\/em> get\u00e4tigt.<\/p>\n<p>Im November letzten Jahres lehnte die Schweizer Regierung ein deutsches Ersuchen ab, die Wiederausfuhr von 35-Millimeter-Munition f\u00fcr Gepard-Flakpanzer in die Ukraine zu genehmigen.<\/p>\n<p>Auch Spanien erhielt keine Genehmigung zur Wiederausfuhr.<\/p>\n<p>Allerdings hatte die Schweiz zuvor, trotz ihrem neutralen Status, EU-Sanktionen gegen Russland unterst\u00fctzt, die im Zusammenhang mit Russlands milit\u00e4rischer Sonderoperation in der Ukraine angek\u00fcndigt worden waren. Die russische Regierung verabschiedete im M\u00e4rz 2022 eine Liste ausl\u00e4ndischer Staaten und Gebiete, die feindliche Handlungen gegen Russland, seine Unternehmen und B\u00fcrger begehen. Die Schweizerische Eidgenossenschaft ist in dieser Liste enthalten.<\/p>\n<\/div>\n<\/div>\n<\/div>\n<\/div>\n<\/li>\n<li class=\"LiveUpdates-item Listing-item\">\n<div class=\"LiveUpdates-date\">\n<p class=\"HeaderNews-root HeaderNews-type_2 \">\n                17.01.2023 23:00 Uhr\n            <\/p>\n<\/div>\n<div class=\"LiveUpdate-root\">\n<div class=\"LiveUpdate-date\">\n<p class=\"HeaderNews-root HeaderNews-type_6 \">\n                23:00 Uhr\n            <\/p>\n<\/div>\n<div class=\"LiveUpdate-content\">\n<div class=\"LiveUpdate-text\">\n<div class=\"Text-root Text-type_5 ViewText-root\">\n<p>Damit beenden wir f\u00fcr heute den Live-Ticker zur Lage im Ukraine-Konflikt. Morgen fr\u00fch ab 7 Uhr geht es mit der Berichterstattung weiter. Wir w\u00fcnschen unseren Lesern trotz aller Spannungen in der Welt eine gute Nacht!<\/p>\n<\/div>\n<\/div>\n<\/div>\n<\/div>\n<\/li>\n<li class=\"LiveUpdates-item Listing-item\">\n<div class=\"LiveUpdate-root\">\n<div class=\"LiveUpdate-date\">\n<p class=\"HeaderNews-root HeaderNews-type_6 \">\n                22:49 Uhr\n            <\/p>\n<\/div>\n<div class=\"LiveUpdate-content\">\n<div class=\"LiveUpdate-text\">\n<div class=\"Text-root Text-type_5 ViewText-root\">\n<p><strong>Metropolit der russisch-orthodoxen Kirche spricht vor dem UN-Sicherheitsrat<\/strong>\u00a0<\/p>\n<figure class=\"RTImage-root\">\n<div class=\"RTImage-image RTImage-original\"><picture class=\"Picture-root Picture-original\"><!--[if IE 9]><video style=\"display: none;\"><![endif]--><source media=\"(-webkit-min-device-pixel-ratio: 2) and (min-resolution: 120dpi)\" data-srcset=\" \nhttp:\/\/just-now.news\/de\/wp-content\/uploads\/sites\/3\/2023\/01\/63c7153648fbef14783400d4.jpg 850w,\n                http:\/\/just-now.news\/de\/wp-content\/uploads\/sites\/3\/2023\/01\/1674023457_428_63c7153648fbef14783400d4.jpg 1960w,\n            \" ><source data-srcset=\" \nhttp:\/\/just-now.news\/de\/wp-content\/uploads\/sites\/3\/2023\/01\/63c7153648fbef14783400d4.jpg 460w,\n              http:\/\/just-now.news\/de\/wp-content\/uploads\/sites\/3\/2023\/01\/1674023457_428_63c7153648fbef14783400d4.jpg 980w,\n            \" ><!--[if IE 9]><\/video><![endif]--><img decoding=\"async\" data- src=\"data:image\/png;base64,iVBORw0KGgoAAAANSUhEUgAAABAAAAAJCAQAAACRI2S5AAAAEElEQVR42mNkIAAYRxWAAQAG9gAKqv6+AwAAAABJRU5ErkJggg==\" class=\"Picture-root Picture-original lazyload\" data-src=\"http:\/\/just-now.news\/de\/wp-content\/uploads\/sites\/3\/2023\/01\/63c7153648fbef14783400d4.jpg\" alt=\"\"><\/source><\/source><\/picture><!-- noscript pattern --><noscript><img decoding=\"async\" src=\"http:\/\/just-now.news\/de\/wp-content\/uploads\/sites\/3\/2023\/01\/1674023457_428_63c7153648fbef14783400d4.jpg\" alt=\"\"><\/noscript><\/div><figcaption class=\"RTImage-footer\"><span class=\"RTImage-caption\"><span class=\"RTImage-captionItem\">Auftritt des russischen Metropoliten vor dem UN-Sicherheitsrat (Screenshot)<\/span><\/span><span class=\"RTImage-source\"><span class=\"RTImage-captionItem\">Readovka \/ https:\/\/t.me\/readovkanews\/50893<\/span><span class=\"RTImage-captionItem\"> \/ RT<\/span><\/span><\/figcaption><\/figure>\n<p>Der Telegram-Kanal <em>Readovka<\/em>\u00a0<a rel=\"nofollow noopener\" target=\"_blank\" href=\"https:\/\/t.me\/readovkanews\/50893\">berichtet<\/a> \u00fcber den Auftritt eines russisch-orthodoxen Metropoliten vor dem UN-Sicherheitsrat. Ein solcher fand zum ersten Mal \u00fcberhaupt und per Videoschaltung statt. Die Sitzung sei von Russland im Zusammenhang mit der Situation in der Ukraine und der brutalen Verfolgung der orthodoxen Kirche, die vom Kiewer Regime legalisiert wurde, einberufen worden. Der Priester bezeichnete das, was dem Klerus in der Ukraine widerf\u00e4hrt, als politische Unterdr\u00fcckung und forderte die UNO auf, die Kiewer Beh\u00f6rden zu stoppen. Der Metropolit f\u00fchrte aus:<\/p>\n<p><em>&#8220;Die Verbotslisten des ukrainischen Episkopats und des Klerus werden vom Geheimdienst der Ukraine <\/em>[SBU; Anm. d. Red.]<em> ohne ein legales Gerichts- und Ermittlungsverfahren und ohne die M\u00f6glichkeit, diese Entscheidung anzufechten, verabschiedet. Der Entzug der Staatsb\u00fcrgerschaft ukrainischer religi\u00f6ser Pers\u00f6nlichkeiten ist zweifellos eine Form der politischen Massenunterdr\u00fcckung, die der ukrainischen Verfassung und den von diesem Staat angenommenen internationalen Abkommen widerspricht.&#8221;<\/em><\/p>\n<p>Er habe ferner darauf hingewiesen, dass die Repressionsorgane\u00a0 allein im Jahr 2022 129 Kirchen der ukrainisch-orthodoxen Kirche beschlagnahmten. Nach seiner Rede forderten die Vereinten Nationen die Kiewer Beh\u00f6rden auf, bei der Durchf\u00fchrung von Durchsuchungen in Gottesh\u00e4usern das V\u00f6lkerrecht in vollem Umfang einzuhalten, wobei sie \u2013 wie <em>Readova<\/em> anmerkt \u2013 &#8220;aus irgendeinem Grund verga\u00dfen&#8221;, die grunds\u00e4tzliche Unzul\u00e4ssigkeit solcher Ma\u00dfnahmen in Kirchen zu erw\u00e4hnen.<\/p>\n<\/div>\n<\/div>\n<\/div>\n<\/div>\n<\/li>\n<li class=\"LiveUpdates-item Listing-item\">\n<div class=\"LiveUpdate-root\">\n<div class=\"LiveUpdate-date\">\n<p class=\"HeaderNews-root HeaderNews-type_6 \">\n                22:28 Uhr\n            <\/p>\n<\/div>\n<div class=\"LiveUpdate-content\">\n<div class=\"LiveUpdate-text\">\n<div class=\"Text-root Text-type_5 ViewText-root\">\n<p><strong>Russische Soldaten setzen Offensive in Richtung Awdejewka fort<\/strong><\/p>\n<p>Der Telegram-Kanal der russischen Zeitung <em>Iswestija<\/em>\u00a0<a rel=\"nofollow noopener\" target=\"_blank\" href=\"https:\/\/t.me\/izvestia\/118636\">berichtet<\/a>, dass die russischen Truppen weiter in Richtung von Awdejewka in der Donezker Volksrepublik (DVR) vorr\u00fccken w\u00fcrden.<\/p>\n<p>Diese Meldung illustrierte der Kanal mit einem Videoclip, der den Abwurf einer sogenannten F-1-Granate in eine Stellung des ukrainischen Milit\u00e4rs von einer Quadrokopter-Drohne aus zeigt. Die Munition habe genau in den Sch\u00fctzengraben der ukrainischen Einheiten eingeschlagen.<\/p>\n<\/div>\n<\/div>\n<\/div>\n<\/div>\n<\/li>\n<li class=\"LiveUpdates-item Listing-item\">\n<div class=\"LiveUpdate-root\">\n<div class=\"LiveUpdate-date\">\n<p class=\"HeaderNews-root HeaderNews-type_6 \">\n                22:01 Uhr\n            <\/p>\n<\/div>\n<div class=\"LiveUpdate-content\">\n<div class=\"LiveUpdate-text\">\n<div class=\"Text-root Text-type_5 ViewText-root\">\n<p><strong>Ursula von der Leyen dr\u00e4ngt EU-L\u00e4nder zu schnellen Waffenlieferungen an die Ukraine<\/strong><strong><\/strong><\/p>\n<figure class=\"RTImage-root\">\n<div class=\"RTImage-image RTImage-original\"><picture class=\"Picture-root Picture-original\"><!--[if IE 9]><video style=\"display: none;\"><![endif]--><source media=\"(-webkit-min-device-pixel-ratio: 2) and (min-resolution: 120dpi)\" data-srcset=\" \nhttp:\/\/just-now.news\/de\/wp-content\/uploads\/sites\/3\/2023\/01\/63c70b85b480cc589227aa8d.jpg 850w,\n                http:\/\/just-now.news\/de\/wp-content\/uploads\/sites\/3\/2023\/01\/63c70b84b480cc589227aa8c.jpg 1960w,\n            \" ><source data-srcset=\" \nhttp:\/\/just-now.news\/de\/wp-content\/uploads\/sites\/3\/2023\/01\/63c70b85b480cc589227aa8d.jpg 460w,\n              http:\/\/just-now.news\/de\/wp-content\/uploads\/sites\/3\/2023\/01\/63c70b84b480cc589227aa8c.jpg 980w,\n            \" ><!--[if IE 9]><\/video><![endif]--><img decoding=\"async\" data- src=\"data:image\/png;base64,iVBORw0KGgoAAAANSUhEUgAAABAAAAAJCAQAAACRI2S5AAAAEElEQVR42mNkIAAYRxWAAQAG9gAKqv6+AwAAAABJRU5ErkJggg==\" class=\"Picture-root Picture-original lazyload\" data-src=\"http:\/\/just-now.news\/de\/wp-content\/uploads\/sites\/3\/2023\/01\/63c70b85b480cc589227aa8d.jpg\" alt=\"\"><\/source><\/source><\/picture><!-- noscript pattern --><noscript><img decoding=\"async\" src=\"http:\/\/just-now.news\/de\/wp-content\/uploads\/sites\/3\/2023\/01\/63c70b84b480cc589227aa8c.jpg\" alt=\"\"><\/noscript><\/div><figcaption class=\"RTImage-footer\"><span class=\"RTImage-caption\"><span class=\"RTImage-captionItem\">Archivbild: Ursula von der Leyen<\/span><\/span><span class=\"RTImage-source\"><span class=\"RTImage-captionItem\">Alexei Witwizki<\/span><span class=\"RTImage-captionItem\"> \/ Sputnik<\/span><\/span><\/figcaption><\/figure>\n<p>EU-Kommissionspr\u00e4sidentin Ursula von der Leyen erwartet, dass die Ukraine-Kontaktgruppe, die am 20. Januar auf dem Luftwaffenst\u00fctzpunkt Ramstein in Deutschland zusammentrifft, einen wichtigen Schritt zur Unterst\u00fctzung der Ukraine machen wird. Sie fordert auch, dass Kiew alle Waffen erh\u00e4lt, die es gebrauchen kann.\u00a0Sie sagte:<strong><\/strong><\/p>\n<p><em>&#8220;Die Europ\u00e4ische Union hat keine eigenen Truppen, aber ich habe von Anfang an gesagt, dass die Ukraine alle milit\u00e4rischen F\u00e4higkeiten erhalten sollte, die sie braucht und nutzen kann, einschlie\u00dflich moderner Systeme. Ich erwarte daher, dass bei dem Treffen in Ramstein am 20. Januar ein wichtiger Schritt zur Unterst\u00fctzung der Ukraine gemacht wird.&#8221;<\/em><\/p>\n<p>Von der Leyen betonte auch, dass die Europ\u00e4ische Union ihrerseits bereits ein 18-Milliarden-Euro-Makrofinanzhilfeprogramm f\u00fcr die Ukraine genehmigt habe.<\/p>\n<\/div>\n<\/div>\n<\/div>\n<\/div>\n<\/li>\n<li class=\"LiveUpdates-item Listing-item\">\n<div class=\"LiveUpdate-root\">\n<div class=\"LiveUpdate-date\">\n<p class=\"HeaderNews-root HeaderNews-type_6 \">\n                21:28 Uhr\n            <\/p>\n<\/div>\n<div class=\"LiveUpdate-content\">\n<div class=\"LiveUpdate-text\">\n<div class=\"Text-root Text-type_5 ViewText-root\">\n<p><strong>Ukrainischer Generalstabschef trifft US-Kollegen in Polen<\/strong><\/p>\n<p>Der ukrainische Generalstabschef Waleri Saluschny\u00a0hat sich im Nachbarland Polen erstmals mit seinem US-Kollegen Mark Milley getroffen. Saluschny schrieb am Dienstag in einer Mitteilung:<\/p>\n<p><em>&#8220;Ich habe den dringenden Bedarf der ukrainischen Streitkr\u00e4fte dargelegt, dessen Deckung unseren Sieg beschleunigen wird.&#8221;<\/em><\/p>\n<p>Das US-Verteidigungsministerium best\u00e4tigte das Treffen. Milley bekr\u00e4ftigte nach Angaben des Pentagons die Unterst\u00fctzung der USA f\u00fcr die Souver\u00e4nit\u00e4t und die territoriale Integrit\u00e4t der Ukraine. Details wurden zun\u00e4chst nicht bekannt.<\/p>\n<\/div>\n<\/div>\n<\/div>\n<\/div>\n<\/li>\n<li class=\"LiveUpdates-item Listing-item\">\n<div class=\"LiveUpdate-root\">\n<div class=\"LiveUpdate-date\">\n<p class=\"HeaderNews-root HeaderNews-type_6 \">\n                21:17 Uhr\n            <\/p>\n<\/div>\n<div class=\"LiveUpdate-content\">\n<div class=\"LiveUpdate-text\">\n<div class=\"Text-root Text-type_5 ViewText-root\">\n<p><strong>Kissinger nennt Idee des neutralen Status der Ukraine unpraktisch<\/strong><\/p>\n<figure class=\"RTImage-root\">\n<div class=\"RTImage-image RTImage-original\"><picture class=\"Picture-root Picture-original\"><!--[if IE 9]><video style=\"display: none;\"><![endif]--><source media=\"(-webkit-min-device-pixel-ratio: 2) and (min-resolution: 120dpi)\" data-srcset=\" \nhttp:\/\/just-now.news\/de\/wp-content\/uploads\/sites\/3\/2023\/01\/63c7008fb480cc67066b2a86.jpg 850w,\n                http:\/\/just-now.news\/de\/wp-content\/uploads\/sites\/3\/2023\/01\/63c7008fb480cc67066b2a85.jpg 1960w,\n            \" ><source data-srcset=\" \nhttp:\/\/just-now.news\/de\/wp-content\/uploads\/sites\/3\/2023\/01\/63c7008fb480cc67066b2a86.jpg 460w,\n              http:\/\/just-now.news\/de\/wp-content\/uploads\/sites\/3\/2023\/01\/63c7008fb480cc67066b2a85.jpg 980w,\n            \" ><!--[if IE 9]><\/video><![endif]--><img decoding=\"async\" data- src=\"data:image\/png;base64,iVBORw0KGgoAAAANSUhEUgAAABAAAAAJCAQAAACRI2S5AAAAEElEQVR42mNkIAAYRxWAAQAG9gAKqv6+AwAAAABJRU5ErkJggg==\" class=\"Picture-root Picture-original lazyload\" data-src=\"http:\/\/just-now.news\/de\/wp-content\/uploads\/sites\/3\/2023\/01\/63c7008fb480cc67066b2a86.jpg\" alt=\"\"><\/source><\/source><\/picture><!-- noscript pattern --><noscript><img decoding=\"async\" src=\"http:\/\/just-now.news\/de\/wp-content\/uploads\/sites\/3\/2023\/01\/63c7008fb480cc67066b2a85.jpg\" alt=\"\"><\/noscript><\/div><figcaption class=\"RTImage-footer\"><span class=\"RTImage-caption\"><span class=\"RTImage-captionItem\">Archivbild: Henry Kissinger<\/span><\/span><span class=\"RTImage-source\"><span class=\"RTImage-captionItem\">Christoph Soeder<\/span><span class=\"RTImage-captionItem\"> \/ Gettyimages.ru<\/span><\/span><\/figcaption><\/figure>\n<p>Der fr\u00fchere US-Au\u00dfenminister Henry Kissinger sagt, dass der neutrale Status der Ukraine keine Rolle mehr spiele und das Land Teil der NATO werden sollte. In einer Online-Rede auf dem Weltwirtschaftsforum in Davos behauptete er:<strong><\/strong><\/p>\n<p><em>&#8220;Die Idee einer neutralen Ukraine ist unter diesen Umst\u00e4nden nicht mehr relevant. Ich glaube, dass die Mitgliedschaft der Ukraine in der NATO eine sinnvolle Ma\u00dfnahme w\u00e4re.&#8221;<\/em><\/p>\n<p>Kissinger sagte, er habe sich zuvor gegen eine Mitgliedschaft der Ukraine im Nordatlantischen B\u00fcndnis ausgesprochen, weil er bef\u00fcrchtete, dass dies &#8220;genau den Prozess ausl\u00f6sen k\u00f6nnte, den wir jetzt erleben.&#8221; Er meinte dazu:<\/p>\n<p><em>&#8220;Die Vereinigten Staaten haben den ukrainischen Widerstand unterst\u00fctzt und sollten ihre milit\u00e4rische Hilfe bis zum Waffenstillstand fortsetzen und, falls erforderlich, erh\u00f6hen.&#8221;<\/em><\/p>\n<\/div>\n<\/div>\n<\/div>\n<\/div>\n<\/li>\n<li class=\"LiveUpdates-item Listing-item\">\n<div class=\"LiveUpdate-root\">\n<div class=\"LiveUpdate-date\">\n<p class=\"HeaderNews-root HeaderNews-type_6 \">\n                20:41 Uhr\n            <\/p>\n<\/div>\n<div class=\"LiveUpdate-content\">\n<div class=\"LiveUpdate-text\">\n<div class=\"Text-root Text-type_5 ViewText-root\">\n<p><strong>Russische Ombudsfrau\u00a0hat keinen Gefangenenaustausch mit dem ukrainischen Ombudsmann besprochen<\/strong><\/p>\n<figure class=\"RTImage-root\">\n<div class=\"RTImage-image RTImage-original\"><picture class=\"Picture-root Picture-original\"><!--[if IE 9]><video style=\"display: none;\"><![endif]--><source media=\"(-webkit-min-device-pixel-ratio: 2) and (min-resolution: 120dpi)\" data-srcset=\" \nhttp:\/\/just-now.news\/de\/wp-content\/uploads\/sites\/3\/2023\/01\/63c6f67db480cc589227aa76.jpg 850w,\n                http:\/\/just-now.news\/de\/wp-content\/uploads\/sites\/3\/2023\/01\/63c6f67cb480cc589227aa75.jpg 1960w,\n            \" ><source data-srcset=\" \nhttp:\/\/just-now.news\/de\/wp-content\/uploads\/sites\/3\/2023\/01\/63c6f67db480cc589227aa76.jpg 460w,\n              http:\/\/just-now.news\/de\/wp-content\/uploads\/sites\/3\/2023\/01\/63c6f67cb480cc589227aa75.jpg 980w,\n            \" ><!--[if IE 9]><\/video><![endif]--><img decoding=\"async\" data- src=\"data:image\/png;base64,iVBORw0KGgoAAAANSUhEUgAAABAAAAAJCAQAAACRI2S5AAAAEElEQVR42mNkIAAYRxWAAQAG9gAKqv6+AwAAAABJRU5ErkJggg==\" class=\"Picture-root Picture-original lazyload\" data-src=\"http:\/\/just-now.news\/de\/wp-content\/uploads\/sites\/3\/2023\/01\/63c6f67db480cc589227aa76.jpg\" alt=\"\"><\/source><\/source><\/picture><!-- noscript pattern --><noscript><img decoding=\"async\" src=\"http:\/\/just-now.news\/de\/wp-content\/uploads\/sites\/3\/2023\/01\/63c6f67cb480cc589227aa75.jpg\" alt=\"\"><\/noscript><\/div><figcaption class=\"RTImage-footer\"><span class=\"RTImage-caption\"><span class=\"RTImage-captionItem\">Archivbild: Die russische Ombudsfrau, Tatjana Moskalkowa.<\/span><\/span><span class=\"RTImage-source\"><span class=\"RTImage-captionItem\">Pressedienst des russischen F\u00f6derationsrates<\/span><span class=\"RTImage-captionItem\"> \/ Sputnik<\/span><\/span><\/figcaption><\/figure>\n<p>Die russische Ombudsfrau f\u00fcr Menschenrechte, Tatjana Moskalkowa, hat\u00a0Meldungen \u00fcber einen m\u00f6glichen Gefangenenaustausch zwischen Russland und der Ukraine dementiert. Sie sagte, dass w\u00e4hrend der Gespr\u00e4che mit dem ukrainischen Ombudsmann, Dmitri Lubinez, die Frage eines Austausches nie zur Sprache gekommen sei. Auf ihrem Telegram-Kanal <a rel=\"nofollow noopener\" target=\"_blank\" href=\"https:\/\/t.me\/ombudsmanrf\/1953\">schrieb<\/a> Moskalkowa:<strong><\/strong><\/p>\n<p><em>&#8220;Ich bin erstaunt \u00fcber die in den Medien und sozialen Netzwerken verbreiteten Meldungen \u00fcber einen m\u00f6glichen Gefangenenaustausch zwischen Russland und der Ukraine, bei dem 800 Personen auf der Seite Kiews und 200 auf der Seite Russlands aufgef\u00fchrt sind. In meinen Gespr\u00e4chen mit dem ukrainischen Ombudsmann Dmitri Lubinez in Ankara war nie von einem Austausch die Rede.&#8221;<\/em><\/p>\n<p>Sie erinnerte daran, dass sie stets betont habe, diese Fragen w\u00fcrden in den Zust\u00e4ndigkeitsbereich des russischen Verteidigungsministeriums fallen. Moskalkowa schrieb:<em><\/em><\/p>\n<p><em>&#8220;Au\u00dferdem glaube ich, dass ein solch ungleicher Austausch nicht als fair angesehen werden kann.&#8221;<\/em><\/p>\n<p>Gleichzeitig wies die Ombudsfrau auf die R\u00fcckf\u00fchrung verwundeter Milit\u00e4rangeh\u00f6riger hin. Sie erkl\u00e4rte:<\/p>\n<p><em>&#8220;Die Frage der R\u00fcckf\u00fchrung von verwundeten Soldaten hat einen v\u00f6llig anderen rechtlichen Charakter und andere Ans\u00e4tze, die in der Genfer Konvention von 1949 \u00fcber die Behandlung von Kriegsgefangenen festgelegt sind.&#8221;<\/em><\/p>\n<p>Zuvor war Moskalkowa mit dem ukrainischen Ombudsmann Dmitri Lubinez in Ankara zusammengetroffen, wo beide die Bereitstellung humanit\u00e4rer Hilfe f\u00fcr russische und ukrainische B\u00fcrger er\u00f6rterten.<\/p>\n<\/div>\n<\/div>\n<\/div>\n<\/div>\n<\/li>\n<li class=\"LiveUpdates-item Listing-item\">\n<div class=\"LiveUpdate-root\">\n<div class=\"LiveUpdate-date\">\n<p class=\"HeaderNews-root HeaderNews-type_6 \">\n                20:07 Uhr\n            <\/p>\n<\/div>\n<div class=\"LiveUpdate-content\">\n<div class=\"LiveUpdate-text\">\n<div class=\"Text-root Text-type_5 ViewText-root\">\n<p><strong>Medien: Niederlande erw\u00e4gen Lieferung von Patriot-Luftabwehrsystemen an Ukraine<\/strong><\/p>\n<figure class=\"RTImage-root\">\n<div class=\"RTImage-image RTImage-original\"><picture class=\"Picture-root Picture-original\"><!--[if IE 9]><video style=\"display: none;\"><![endif]--><source media=\"(-webkit-min-device-pixel-ratio: 2) and (min-resolution: 120dpi)\" data-srcset=\" \nhttp:\/\/just-now.news\/de\/wp-content\/uploads\/sites\/3\/2023\/01\/63c6dde1b480cc6856352fc6.jpg 850w,\n                http:\/\/just-now.news\/de\/wp-content\/uploads\/sites\/3\/2023\/01\/63c6dddfb480cc6856352fc5.jpg 1960w,\n            \" ><source data-srcset=\" \nhttp:\/\/just-now.news\/de\/wp-content\/uploads\/sites\/3\/2023\/01\/63c6dde1b480cc6856352fc6.jpg 460w,\n              http:\/\/just-now.news\/de\/wp-content\/uploads\/sites\/3\/2023\/01\/63c6dddfb480cc6856352fc5.jpg 980w,\n            \" ><!--[if IE 9]><\/video><![endif]--><img decoding=\"async\" data- src=\"data:image\/png;base64,iVBORw0KGgoAAAANSUhEUgAAABAAAAAJCAQAAACRI2S5AAAAEElEQVR42mNkIAAYRxWAAQAG9gAKqv6+AwAAAABJRU5ErkJggg==\" class=\"Picture-root Picture-original lazyload\" data-src=\"http:\/\/just-now.news\/de\/wp-content\/uploads\/sites\/3\/2023\/01\/63c6dde1b480cc6856352fc6.jpg\" alt=\"\"><\/source><\/source><\/picture><!-- noscript pattern --><noscript><img decoding=\"async\" src=\"http:\/\/just-now.news\/de\/wp-content\/uploads\/sites\/3\/2023\/01\/63c6dddfb480cc6856352fc5.jpg\" alt=\"\"><\/noscript><\/div><figcaption class=\"RTImage-footer\"><span class=\"RTImage-caption\"><span class=\"RTImage-captionItem\">Archivbild: Patriot-Luftabwehrsystem<\/span><\/span><span class=\"RTImage-source\"><span class=\"RTImage-captionItem\">Thomas Frey<\/span><span class=\"RTImage-captionItem\"> \/ Gettyimages.ru<\/span><\/span><\/figcaption><\/figure>\n<p>Die Niederlande erw\u00e4gen die Lieferung von Patriot-Raketenabwehrsystemen an die Ukraine, die Beh\u00f6rden des Landes werden in K\u00fcrze eine endg\u00fcltige Entscheidung in dieser Angelegenheit treffen. Dies berichtet die Nachrichtenagentur <em>Bloomberg<\/em> unter Berufung auf informierte Quellen. Die Agentur <a rel=\"nofollow noopener\" target=\"_blank\" href=\"https:\/\/www.bloomberg.com\/news\/articles\/2023-01-17\/netherlands-weighs-sending-patriot-air-defense-system-to-ukraine?srnd=premium-europe\">meldete<\/a>:<strong><\/strong><\/p>\n<p><em>&#8220;Die Niederlande erw\u00e4gen die Entsendung von Patriot-Systemen in die Ukraine&#8230; Die niederl\u00e4ndische Regierung wird bald eine endg\u00fcltige Entscheidung \u00fcber den Einsatz treffen.&#8221;<\/em><\/p>\n<p>Zuvor hatte Russland den NATO-L\u00e4ndern eine Mitteilung in Bezug auf\u00a0Waffenlieferungen an die Ukraine \u00fcbermittelt. Der russische Au\u00dfenminister Sergei Lawrow stellte darin\u00a0fest, dass jede Ladung mit Waffen f\u00fcr die Ukraine ein legitimes Ziel f\u00fcr Russland darstelle. Das russische Au\u00dfenministerium erkl\u00e4rte, die NATO-L\u00e4nder w\u00fcrden mit ihren Waffenlieferungen an die Ukraine &#8220;mit dem Feuer spielen.&#8221; Der Pressesprecher des russischen Pr\u00e4sidenten, Dmitri Peskow, wies zudem darauf hin, dass das Pumpen von Waffen aus dem Westen in die Ukraine nicht zum Erfolg der russisch-ukrainischen Verhandlungen beitrage und sich negativ auswirken werde.<\/p>\n<\/div>\n<\/div>\n<\/div>\n<\/div>\n<\/li>\n<li class=\"LiveUpdates-item Listing-item\">\n<div class=\"LiveUpdate-root\">\n<div class=\"LiveUpdate-date\">\n<p class=\"HeaderNews-root HeaderNews-type_6 \">\n                19:38 Uhr\n            <\/p>\n<\/div>\n<div class=\"LiveUpdate-content\">\n<div class=\"LiveUpdate-text\">\n<div class=\"Text-root Text-type_5 ViewText-root\">\n<p><strong>RT-Korrespondent: Russische Truppen befreien Bergwerk Nr. 7 in Soledar<\/strong><\/p>\n<p>Das Bergwerk<strong><\/strong>Nr. 7 in der N\u00e4he des Zentrums von Soledar wurde von der russischen Angriffstruppe vollst\u00e4ndig <a rel=\"nofollow noopener\" target=\"_blank\" href=\"https:\/\/t.me\/RVvoenkor\/36230\">befreit<\/a>, berichtet RT-Milit\u00e4rkorrespondent Murad Gasdijew. Auf seinem Telegram-Kanal <a rel=\"nofollow noopener\" target=\"_blank\" href=\"https:\/\/t.me\/msgazdiev\/1133\">schrieb<\/a> er:<strong><\/strong><\/p>\n<p><em>&#8220;Die Mine Nr. 7 wurde von der Wagner-Angriffseinheit vollst\u00e4ndig befreit. Soledar und die Umgebung geh\u00f6ren uns vollst\u00e4ndig.&#8221;<\/em><\/p>\n<p>Die Mine Nr. 7 ist der westlichste Punkt von Soledar. Es war der letzte Widerstandspunkt des ukrainischen Milit\u00e4rs in der Stadt. <em><\/em><\/p>\n<p>Zuvor war berichtet worden, dass der Bahnhof Sol bei Soledar unter russische Kontrolle gebracht worden sei.<\/p>\n<\/div>\n<\/div>\n<\/div>\n<\/div>\n<\/li>\n<\/ul>\n<div class=\"Listing-isReact\" data-rtmodule=\"Listing\" onload=\"return {\n                page: '1',\n                limit: '10',\n                listing: '\/listing\/parent.6209f961b480cc2c7e35341b\/noprepare\/liveupdates\/10\/1',\n            };\"><\/div>\n<\/div>\n<\/div>\n<\/div>\n<p><br \/>\n<br \/><a href=\"https:\/\/de.rt.com\/international\/131481-liveticker-ukraine-krieg-eidgenossen-halten-reexportverbot-ukraine-fest\/\">Source link <\/a><\/p>\n","protected":false},"excerpt":{"rendered":"<p>Russland f\u00fchrt gemeinsam mit den Streitkr\u00e4ften der Donbass-Republiken eine Milit\u00e4roperation in der Ukraine durch. Der Westen reagiert mit immer neuen Waffenlieferungen an die Ukraine und beispiellosen Sanktionen gegen Russland. Lesen Sie hier die neuesten Entwicklungen. 18.01.2023 07:11 Uhr 07:11 Uhr Eidgenossen halten an Verbot des R\u00fcstungsreexports in die Ukraine fest Aufgrund ihrer Neutralit\u00e4t hat die [&hellip;]<\/p>\n","protected":false},"author":3,"featured_media":27992,"comment_status":"open","ping_status":"open","sticky":false,"template":"","format":"standard","meta":{"_yoast_indexnow_last_ping":["1674023458"],"wp_automatic_camp":["217"],"9cfaf4cb8a54bd5a837697c9bd062b06":["Liveticker Ukraine-Krieg: Eidgenossen halten an Verbot des R\u00fcstungsreexports in die Ukraine fest"],"original_link":["https:\/\/de.rt.com\/international\/131481-liveticker-ukraine-krieg-eidgenossen-halten-reexportverbot-ukraine-fest\/"],"_thumbnail_id":["27992"],"_wptgpro_p2tg_sent2tg":["a:1:{i:23737;s:19:\"2023-01-18 08:32:02\";}"],"jnews_social_counter_last_update":["1777254812"]},"categories":[19,23],"tags":[583,45,39232,19054,6247,564,39233,127,566,3817],"yoast_head":"<!-- This site is optimized with the Yoast SEO Premium plugin v22.7 (Yoast SEO v22.7) - https:\/\/yoast.com\/wordpress\/plugins\/seo\/ -->\n<title>Liveticker Ukraine-Krieg: Eidgenossen halten an Verbot des R\u00fcstungsreexports in die Ukraine fest - just-now.NEWS Deutschland<\/title>\n<meta name=\"robots\" content=\"index, follow, max-snippet:-1, max-image-preview:large, max-video-preview:-1\" \/>\n<link rel=\"canonical\" href=\"https:\/\/now-news.de\/de\/deutschland\/liveticker-ukraine-krieg-eidgenossen-halten-an-verbot-des-ruestungsreexports-in-die-ukraine-fest\/\" \/>\n<meta property=\"og:locale\" content=\"de_DE\" \/>\n<meta property=\"og:type\" content=\"article\" \/>\n<meta property=\"og:title\" content=\"Liveticker Ukraine-Krieg: Eidgenossen halten an Verbot des R\u00fcstungsreexports in die Ukraine fest\" \/>\n<meta property=\"og:description\" content=\"Russland f\u00fchrt gemeinsam mit den Streitkr\u00e4ften der Donbass-Republiken eine Milit\u00e4roperation in der Ukraine durch. Der Westen reagiert mit immer neuen Waffenlieferungen an die Ukraine und beispiellosen Sanktionen gegen Russland. Lesen Sie hier die neuesten Entwicklungen. 18.01.2023 07:11 Uhr 07:11 Uhr Eidgenossen halten an Verbot des R\u00fcstungsreexports in die Ukraine fest Aufgrund ihrer Neutralit\u00e4t hat die [&hellip;]\" \/>\n<meta property=\"og:url\" content=\"https:\/\/now-news.de\/de\/deutschland\/liveticker-ukraine-krieg-eidgenossen-halten-an-verbot-des-ruestungsreexports-in-die-ukraine-fest\/\" \/>\n<meta property=\"og:site_name\" content=\"just-now.NEWS Deutschland\" \/>\n<meta property=\"article:publisher\" content=\"https:\/\/www.facebook.com\/wirmachenauf\" \/>\n<meta property=\"article:published_time\" content=\"2023-01-18T06:25:22+00:00\" \/>\n<meta property=\"og:image\" content=\"https:\/\/now-news.de\/de\/wp-content\/uploads\/sites\/3\/2023\/01\/Liveticker-Ukraine-Krieg-Eidgenossen-halten-an-Verbot-des-Ruestungsreexports-in-die.jpg\" \/>\n\t<meta property=\"og:image:width\" content=\"460\" \/>\n\t<meta property=\"og:image:height\" content=\"259\" \/>\n\t<meta property=\"og:image:type\" content=\"image\/jpeg\" \/>\n<meta name=\"author\" content=\"rtnews\" \/>\n<meta name=\"twitter:card\" content=\"summary_large_image\" \/>\n<meta name=\"twitter:creator\" content=\"@WirMachenAuf_de\" \/>\n<meta name=\"twitter:site\" content=\"@WirMachenAuf_de\" \/>\n<meta name=\"twitter:label1\" content=\"Verfasst von\" \/>\n\t<meta name=\"twitter:data1\" content=\"rtnews\" \/>\n\t<meta name=\"twitter:label2\" content=\"Gesch\u00e4tzte Lesezeit\" \/>\n\t<meta name=\"twitter:data2\" content=\"7\u00a0Minuten\" \/>\n<script type=\"application\/ld+json\" class=\"yoast-schema-graph\">{\"@context\":\"https:\/\/schema.org\",\"@graph\":[{\"@type\":\"Article\",\"@id\":\"https:\/\/now-news.de\/de\/deutschland\/liveticker-ukraine-krieg-eidgenossen-halten-an-verbot-des-ruestungsreexports-in-die-ukraine-fest\/#article\",\"isPartOf\":{\"@id\":\"https:\/\/now-news.de\/de\/deutschland\/liveticker-ukraine-krieg-eidgenossen-halten-an-verbot-des-ruestungsreexports-in-die-ukraine-fest\/\"},\"author\":{\"name\":\"rtnews\",\"@id\":\"https:\/\/now-news.de\/de\/#\/schema\/person\/fb534a4e865501d8b3285208df34a9b5\"},\"headline\":\"Liveticker Ukraine-Krieg: Eidgenossen halten an Verbot des R\u00fcstungsreexports in die Ukraine fest\",\"datePublished\":\"2023-01-18T06:25:22+00:00\",\"dateModified\":\"2023-01-18T06:25:22+00:00\",\"mainEntityOfPage\":{\"@id\":\"https:\/\/now-news.de\/de\/deutschland\/liveticker-ukraine-krieg-eidgenossen-halten-an-verbot-des-ruestungsreexports-in-die-ukraine-fest\/\"},\"wordCount\":1503,\"commentCount\":0,\"publisher\":{\"@id\":\"https:\/\/now-news.de\/de\/#organization\"},\"image\":{\"@id\":\"https:\/\/now-news.de\/de\/deutschland\/liveticker-ukraine-krieg-eidgenossen-halten-an-verbot-des-ruestungsreexports-in-die-ukraine-fest\/#primaryimage\"},\"thumbnailUrl\":\"https:\/\/now-news.de\/de\/wp-content\/uploads\/sites\/3\/2023\/01\/Liveticker-Ukraine-Krieg-Eidgenossen-halten-an-Verbot-des-Ruestungsreexports-in-die.jpg\",\"keywords\":[\"des\",\"die\",\"Eidgenossen\",\"fest\",\"halten\",\"Liveticker\",\"R\u00fcstungsreexports\",\"ukraine\",\"UkraineKrieg\",\"Verbot\"],\"articleSection\":[\"Deutschland\",\"Russland\"],\"inLanguage\":\"de\",\"potentialAction\":[{\"@type\":\"CommentAction\",\"name\":\"Comment\",\"target\":[\"https:\/\/now-news.de\/de\/deutschland\/liveticker-ukraine-krieg-eidgenossen-halten-an-verbot-des-ruestungsreexports-in-die-ukraine-fest\/#respond\"]}]},{\"@type\":\"WebPage\",\"@id\":\"https:\/\/now-news.de\/de\/deutschland\/liveticker-ukraine-krieg-eidgenossen-halten-an-verbot-des-ruestungsreexports-in-die-ukraine-fest\/\",\"url\":\"https:\/\/now-news.de\/de\/deutschland\/liveticker-ukraine-krieg-eidgenossen-halten-an-verbot-des-ruestungsreexports-in-die-ukraine-fest\/\",\"name\":\"Liveticker Ukraine-Krieg: Eidgenossen halten an Verbot des R\u00fcstungsreexports in die Ukraine fest - just-now.NEWS Deutschland\",\"isPartOf\":{\"@id\":\"https:\/\/now-news.de\/de\/#website\"},\"primaryImageOfPage\":{\"@id\":\"https:\/\/now-news.de\/de\/deutschland\/liveticker-ukraine-krieg-eidgenossen-halten-an-verbot-des-ruestungsreexports-in-die-ukraine-fest\/#primaryimage\"},\"image\":{\"@id\":\"https:\/\/now-news.de\/de\/deutschland\/liveticker-ukraine-krieg-eidgenossen-halten-an-verbot-des-ruestungsreexports-in-die-ukraine-fest\/#primaryimage\"},\"thumbnailUrl\":\"https:\/\/now-news.de\/de\/wp-content\/uploads\/sites\/3\/2023\/01\/Liveticker-Ukraine-Krieg-Eidgenossen-halten-an-Verbot-des-Ruestungsreexports-in-die.jpg\",\"datePublished\":\"2023-01-18T06:25:22+00:00\",\"dateModified\":\"2023-01-18T06:25:22+00:00\",\"breadcrumb\":{\"@id\":\"https:\/\/now-news.de\/de\/deutschland\/liveticker-ukraine-krieg-eidgenossen-halten-an-verbot-des-ruestungsreexports-in-die-ukraine-fest\/#breadcrumb\"},\"inLanguage\":\"de\",\"potentialAction\":[{\"@type\":\"ReadAction\",\"target\":[\"https:\/\/now-news.de\/de\/deutschland\/liveticker-ukraine-krieg-eidgenossen-halten-an-verbot-des-ruestungsreexports-in-die-ukraine-fest\/\"]}]},{\"@type\":\"ImageObject\",\"inLanguage\":\"de\",\"@id\":\"https:\/\/now-news.de\/de\/deutschland\/liveticker-ukraine-krieg-eidgenossen-halten-an-verbot-des-ruestungsreexports-in-die-ukraine-fest\/#primaryimage\",\"url\":\"https:\/\/now-news.de\/de\/wp-content\/uploads\/sites\/3\/2023\/01\/Liveticker-Ukraine-Krieg-Eidgenossen-halten-an-Verbot-des-Ruestungsreexports-in-die.jpg\",\"contentUrl\":\"https:\/\/now-news.de\/de\/wp-content\/uploads\/sites\/3\/2023\/01\/Liveticker-Ukraine-Krieg-Eidgenossen-halten-an-Verbot-des-Ruestungsreexports-in-die.jpg\",\"width\":460,\"height\":259,\"caption\":\"Liveticker Ukraine-Krieg: Eidgenossen halten an Verbot des R\u00fcstungsreexports in die Ukraine fest\"},{\"@type\":\"BreadcrumbList\",\"@id\":\"https:\/\/now-news.de\/de\/deutschland\/liveticker-ukraine-krieg-eidgenossen-halten-an-verbot-des-ruestungsreexports-in-die-ukraine-fest\/#breadcrumb\",\"itemListElement\":[{\"@type\":\"ListItem\",\"position\":1,\"name\":\"Home\",\"item\":\"https:\/\/now-news.de\/de\/\"},{\"@type\":\"ListItem\",\"position\":2,\"name\":\"Liveticker Ukraine-Krieg: Eidgenossen halten an Verbot des R\u00fcstungsreexports in die Ukraine fest\"}]},{\"@type\":\"WebSite\",\"@id\":\"https:\/\/now-news.de\/de\/#website\",\"url\":\"https:\/\/now-news.de\/de\/\",\"name\":\"just-now.NEWS Deutschland\",\"description\":\"Das Portal f\u00fcr unzensierte Nachrichten aus der Welt\",\"publisher\":{\"@id\":\"https:\/\/now-news.de\/de\/#organization\"},\"potentialAction\":[{\"@type\":\"SearchAction\",\"target\":{\"@type\":\"EntryPoint\",\"urlTemplate\":\"https:\/\/now-news.de\/de\/?s={search_term_string}\"},\"query-input\":\"required name=search_term_string\"}],\"inLanguage\":\"de\"},{\"@type\":\"Organization\",\"@id\":\"https:\/\/now-news.de\/de\/#organization\",\"name\":\"Just Now News\",\"url\":\"https:\/\/now-news.de\/de\/\",\"logo\":{\"@type\":\"ImageObject\",\"inLanguage\":\"de\",\"@id\":\"https:\/\/now-news.de\/de\/#\/schema\/logo\/image\/\",\"url\":\"http:\/\/just-now.news\/de\/wp-content\/uploads\/sites\/3\/2022\/04\/logo500x500.jpg\",\"contentUrl\":\"http:\/\/just-now.news\/de\/wp-content\/uploads\/sites\/3\/2022\/04\/logo500x500.jpg\",\"width\":500,\"height\":500,\"caption\":\"Just Now News\"},\"image\":{\"@id\":\"https:\/\/now-news.de\/de\/#\/schema\/logo\/image\/\"},\"sameAs\":[\"https:\/\/www.facebook.com\/wirmachenauf\",\"https:\/\/x.com\/WirMachenAuf_de\"]},{\"@type\":\"Person\",\"@id\":\"https:\/\/now-news.de\/de\/#\/schema\/person\/fb534a4e865501d8b3285208df34a9b5\",\"name\":\"rtnews\",\"image\":{\"@type\":\"ImageObject\",\"inLanguage\":\"de\",\"@id\":\"https:\/\/now-news.de\/de\/#\/schema\/person\/image\/\",\"url\":\"https:\/\/secure.gravatar.com\/avatar\/82aafea7d8127119dd649515f56e2117?s=96&d=mm&r=g\",\"contentUrl\":\"https:\/\/secure.gravatar.com\/avatar\/82aafea7d8127119dd649515f56e2117?s=96&d=mm&r=g\",\"caption\":\"rtnews\"},\"url\":\"https:\/\/now-news.de\/de\/author\/rnews\/\"}]}<\/script>\n<!-- \/ Yoast SEO Premium plugin. -->","yoast_head_json":{"title":"Liveticker Ukraine-Krieg: Eidgenossen halten an Verbot des R\u00fcstungsreexports in die Ukraine fest - just-now.NEWS Deutschland","robots":{"index":"index","follow":"follow","max-snippet":"max-snippet:-1","max-image-preview":"max-image-preview:large","max-video-preview":"max-video-preview:-1"},"canonical":"https:\/\/now-news.de\/de\/deutschland\/liveticker-ukraine-krieg-eidgenossen-halten-an-verbot-des-ruestungsreexports-in-die-ukraine-fest\/","og_locale":"de_DE","og_type":"article","og_title":"Liveticker Ukraine-Krieg: Eidgenossen halten an Verbot des R\u00fcstungsreexports in die Ukraine fest","og_description":"Russland f\u00fchrt gemeinsam mit den Streitkr\u00e4ften der Donbass-Republiken eine Milit\u00e4roperation in der Ukraine durch. Der Westen reagiert mit immer neuen Waffenlieferungen an die Ukraine und beispiellosen Sanktionen gegen Russland. Lesen Sie hier die neuesten Entwicklungen. 18.01.2023 07:11 Uhr 07:11 Uhr Eidgenossen halten an Verbot des R\u00fcstungsreexports in die Ukraine fest Aufgrund ihrer Neutralit\u00e4t hat die [&hellip;]","og_url":"https:\/\/now-news.de\/de\/deutschland\/liveticker-ukraine-krieg-eidgenossen-halten-an-verbot-des-ruestungsreexports-in-die-ukraine-fest\/","og_site_name":"just-now.NEWS Deutschland","article_publisher":"https:\/\/www.facebook.com\/wirmachenauf","article_published_time":"2023-01-18T06:25:22+00:00","og_image":[{"width":460,"height":259,"url":"https:\/\/now-news.de\/de\/wp-content\/uploads\/sites\/3\/2023\/01\/Liveticker-Ukraine-Krieg-Eidgenossen-halten-an-Verbot-des-Ruestungsreexports-in-die.jpg","type":"image\/jpeg"}],"author":"rtnews","twitter_card":"summary_large_image","twitter_creator":"@WirMachenAuf_de","twitter_site":"@WirMachenAuf_de","twitter_misc":{"Verfasst von":"rtnews","Gesch\u00e4tzte Lesezeit":"7\u00a0Minuten"},"schema":{"@context":"https:\/\/schema.org","@graph":[{"@type":"Article","@id":"https:\/\/now-news.de\/de\/deutschland\/liveticker-ukraine-krieg-eidgenossen-halten-an-verbot-des-ruestungsreexports-in-die-ukraine-fest\/#article","isPartOf":{"@id":"https:\/\/now-news.de\/de\/deutschland\/liveticker-ukraine-krieg-eidgenossen-halten-an-verbot-des-ruestungsreexports-in-die-ukraine-fest\/"},"author":{"name":"rtnews","@id":"https:\/\/now-news.de\/de\/#\/schema\/person\/fb534a4e865501d8b3285208df34a9b5"},"headline":"Liveticker Ukraine-Krieg: Eidgenossen halten an Verbot des R\u00fcstungsreexports in die Ukraine fest","datePublished":"2023-01-18T06:25:22+00:00","dateModified":"2023-01-18T06:25:22+00:00","mainEntityOfPage":{"@id":"https:\/\/now-news.de\/de\/deutschland\/liveticker-ukraine-krieg-eidgenossen-halten-an-verbot-des-ruestungsreexports-in-die-ukraine-fest\/"},"wordCount":1503,"commentCount":0,"publisher":{"@id":"https:\/\/now-news.de\/de\/#organization"},"image":{"@id":"https:\/\/now-news.de\/de\/deutschland\/liveticker-ukraine-krieg-eidgenossen-halten-an-verbot-des-ruestungsreexports-in-die-ukraine-fest\/#primaryimage"},"thumbnailUrl":"https:\/\/now-news.de\/de\/wp-content\/uploads\/sites\/3\/2023\/01\/Liveticker-Ukraine-Krieg-Eidgenossen-halten-an-Verbot-des-Ruestungsreexports-in-die.jpg","keywords":["des","die","Eidgenossen","fest","halten","Liveticker","R\u00fcstungsreexports","ukraine","UkraineKrieg","Verbot"],"articleSection":["Deutschland","Russland"],"inLanguage":"de","potentialAction":[{"@type":"CommentAction","name":"Comment","target":["https:\/\/now-news.de\/de\/deutschland\/liveticker-ukraine-krieg-eidgenossen-halten-an-verbot-des-ruestungsreexports-in-die-ukraine-fest\/#respond"]}]},{"@type":"WebPage","@id":"https:\/\/now-news.de\/de\/deutschland\/liveticker-ukraine-krieg-eidgenossen-halten-an-verbot-des-ruestungsreexports-in-die-ukraine-fest\/","url":"https:\/\/now-news.de\/de\/deutschland\/liveticker-ukraine-krieg-eidgenossen-halten-an-verbot-des-ruestungsreexports-in-die-ukraine-fest\/","name":"Liveticker Ukraine-Krieg: Eidgenossen halten an Verbot des R\u00fcstungsreexports in die Ukraine fest - just-now.NEWS Deutschland","isPartOf":{"@id":"https:\/\/now-news.de\/de\/#website"},"primaryImageOfPage":{"@id":"https:\/\/now-news.de\/de\/deutschland\/liveticker-ukraine-krieg-eidgenossen-halten-an-verbot-des-ruestungsreexports-in-die-ukraine-fest\/#primaryimage"},"image":{"@id":"https:\/\/now-news.de\/de\/deutschland\/liveticker-ukraine-krieg-eidgenossen-halten-an-verbot-des-ruestungsreexports-in-die-ukraine-fest\/#primaryimage"},"thumbnailUrl":"https:\/\/now-news.de\/de\/wp-content\/uploads\/sites\/3\/2023\/01\/Liveticker-Ukraine-Krieg-Eidgenossen-halten-an-Verbot-des-Ruestungsreexports-in-die.jpg","datePublished":"2023-01-18T06:25:22+00:00","dateModified":"2023-01-18T06:25:22+00:00","breadcrumb":{"@id":"https:\/\/now-news.de\/de\/deutschland\/liveticker-ukraine-krieg-eidgenossen-halten-an-verbot-des-ruestungsreexports-in-die-ukraine-fest\/#breadcrumb"},"inLanguage":"de","potentialAction":[{"@type":"ReadAction","target":["https:\/\/now-news.de\/de\/deutschland\/liveticker-ukraine-krieg-eidgenossen-halten-an-verbot-des-ruestungsreexports-in-die-ukraine-fest\/"]}]},{"@type":"ImageObject","inLanguage":"de","@id":"https:\/\/now-news.de\/de\/deutschland\/liveticker-ukraine-krieg-eidgenossen-halten-an-verbot-des-ruestungsreexports-in-die-ukraine-fest\/#primaryimage","url":"https:\/\/now-news.de\/de\/wp-content\/uploads\/sites\/3\/2023\/01\/Liveticker-Ukraine-Krieg-Eidgenossen-halten-an-Verbot-des-Ruestungsreexports-in-die.jpg","contentUrl":"https:\/\/now-news.de\/de\/wp-content\/uploads\/sites\/3\/2023\/01\/Liveticker-Ukraine-Krieg-Eidgenossen-halten-an-Verbot-des-Ruestungsreexports-in-die.jpg","width":460,"height":259,"caption":"Liveticker Ukraine-Krieg: Eidgenossen halten an Verbot des R\u00fcstungsreexports in die Ukraine fest"},{"@type":"BreadcrumbList","@id":"https:\/\/now-news.de\/de\/deutschland\/liveticker-ukraine-krieg-eidgenossen-halten-an-verbot-des-ruestungsreexports-in-die-ukraine-fest\/#breadcrumb","itemListElement":[{"@type":"ListItem","position":1,"name":"Home","item":"https:\/\/now-news.de\/de\/"},{"@type":"ListItem","position":2,"name":"Liveticker Ukraine-Krieg: Eidgenossen halten an Verbot des R\u00fcstungsreexports in die Ukraine fest"}]},{"@type":"WebSite","@id":"https:\/\/now-news.de\/de\/#website","url":"https:\/\/now-news.de\/de\/","name":"just-now.NEWS Deutschland","description":"Das Portal f\u00fcr unzensierte Nachrichten aus der Welt","publisher":{"@id":"https:\/\/now-news.de\/de\/#organization"},"potentialAction":[{"@type":"SearchAction","target":{"@type":"EntryPoint","urlTemplate":"https:\/\/now-news.de\/de\/?s={search_term_string}"},"query-input":"required name=search_term_string"}],"inLanguage":"de"},{"@type":"Organization","@id":"https:\/\/now-news.de\/de\/#organization","name":"Just Now News","url":"https:\/\/now-news.de\/de\/","logo":{"@type":"ImageObject","inLanguage":"de","@id":"https:\/\/now-news.de\/de\/#\/schema\/logo\/image\/","url":"http:\/\/just-now.news\/de\/wp-content\/uploads\/sites\/3\/2022\/04\/logo500x500.jpg","contentUrl":"http:\/\/just-now.news\/de\/wp-content\/uploads\/sites\/3\/2022\/04\/logo500x500.jpg","width":500,"height":500,"caption":"Just Now News"},"image":{"@id":"https:\/\/now-news.de\/de\/#\/schema\/logo\/image\/"},"sameAs":["https:\/\/www.facebook.com\/wirmachenauf","https:\/\/x.com\/WirMachenAuf_de"]},{"@type":"Person","@id":"https:\/\/now-news.de\/de\/#\/schema\/person\/fb534a4e865501d8b3285208df34a9b5","name":"rtnews","image":{"@type":"ImageObject","inLanguage":"de","@id":"https:\/\/now-news.de\/de\/#\/schema\/person\/image\/","url":"https:\/\/secure.gravatar.com\/avatar\/82aafea7d8127119dd649515f56e2117?s=96&d=mm&r=g","contentUrl":"https:\/\/secure.gravatar.com\/avatar\/82aafea7d8127119dd649515f56e2117?s=96&d=mm&r=g","caption":"rtnews"},"url":"https:\/\/now-news.de\/de\/author\/rnews\/"}]}},"_links":{"self":[{"href":"https:\/\/now-news.de\/de\/wp-json\/wp\/v2\/posts\/27991"}],"collection":[{"href":"https:\/\/now-news.de\/de\/wp-json\/wp\/v2\/posts"}],"about":[{"href":"https:\/\/now-news.de\/de\/wp-json\/wp\/v2\/types\/post"}],"author":[{"embeddable":true,"href":"https:\/\/now-news.de\/de\/wp-json\/wp\/v2\/users\/3"}],"replies":[{"embeddable":true,"href":"https:\/\/now-news.de\/de\/wp-json\/wp\/v2\/comments?post=27991"}],"version-history":[{"count":0,"href":"https:\/\/now-news.de\/de\/wp-json\/wp\/v2\/posts\/27991\/revisions"}],"wp:featuredmedia":[{"embeddable":true,"href":"https:\/\/now-news.de\/de\/wp-json\/wp\/v2\/media\/27992"}],"wp:attachment":[{"href":"https:\/\/now-news.de\/de\/wp-json\/wp\/v2\/media?parent=27991"}],"wp:term":[{"taxonomy":"category","embeddable":true,"href":"https:\/\/now-news.de\/de\/wp-json\/wp\/v2\/categories?post=27991"},{"taxonomy":"post_tag","embeddable":true,"href":"https:\/\/now-news.de\/de\/wp-json\/wp\/v2\/tags?post=27991"}],"curies":[{"name":"wp","href":"https:\/\/api.w.org\/{rel}","templated":true}]}}