{"id":27971,"date":"2023-01-17T22:08:36","date_gmt":"2023-01-17T20:08:36","guid":{"rendered":"http:\/\/just-now.news\/de\/deutschland\/wahlkampfauftritt-zeigt-desinteresse-deutscher-politiker-an-corona-impfschaeden\/"},"modified":"2023-01-17T22:08:36","modified_gmt":"2023-01-17T20:08:36","slug":"wahlkampfauftritt-zeigt-desinteresse-deutscher-politiker-an-corona-impfschaeden","status":"publish","type":"post","link":"https:\/\/now-news.de\/de\/deutschland\/wahlkampfauftritt-zeigt-desinteresse-deutscher-politiker-an-corona-impfschaeden\/","title":{"rendered":"Wahlkampfauftritt zeigt Desinteresse deutscher Politiker an Corona-Impfsch\u00e4den"},"content":{"rendered":"<p><img decoding=\"async\" src=\"http:\/\/just-now.news\/de\/wp-content\/uploads\/sites\/3\/2023\/01\/63c6e8c3b480cc67705d0f03.jpg\" \/><\/p>\n<div class=\"Text-root Text-type_1 \">\n                Im Rahmen des Berliner Wahlkampfs kam es beim Besuch der SPD-Politiker Franziska Giffey und Hubertus Heil in einem Altenheim zu einer bemerkenswerten Szene: Als eine Bewohnerin von ihrem Impfschaden erz\u00e4hlt, versuchte Heil, dem Thema auszuweichen.\n            <\/div>\n<p><\/p>\n<div class=\"Text-root Text-type_5 ArticleView-text ViewText-root \">\n<p>W\u00e4hrend des Wahlkampfes\u00a0im Rahmen der Neuwahlen in Berlin kam es zu einer bemerkenswerten Szene, die das Desinteresse deutscher Politiker am Thema Impfsch\u00e4den verdeutlicht. Konkret ging es um einen Wahlkampfauftritt des Arbeitsministers Hubertus Heil (SPD) zur Unterst\u00fctzung von Berlins derzeit Regierender B\u00fcrgermeisterin Franziska Giffey.<\/p>\n<p>Diese hat Hilfe n\u00f6tig: In den j\u00fcngsten Umfragen liegt die CDU mit 22 Prozent vor der SPD, die nur auf 18,7 Prozent kommen w\u00fcrde. Bei einem Besuch des Altenheimes &#8220;Abendsonne&#8221; in Berlin-Lichtenberg unterhielten sich die Politiker laut einem Bericht der <em>Berliner Zeitung<\/em> auch mit den Bewohnern. Als Heil eine Frau fragte, ob sie hier wohne, erkl\u00e4rte sie, dass sie einen Impfschaden erlitten habe. Nach der zweiten Corona-Impfung sei sie halb blind geworden. Deshalb sei sie hier. Im <a rel=\"nofollow noopener\" target=\"_blank\" href=\"https:\/\/www.berliner-zeitung.de\/politik-gesellschaft\/nachfolge-christine-lambrecht-spd-altersheim-lichtenberg-besuch-franziska-giffey-wahlkampf-wie-eine-berliner-rentnerin-als-erste-erfuhr-dass-hubertus-heil-nicht-verteidigungsminister-wird-li.307705\">Artikel<\/a> hei\u00dft es:<\/p>\n<blockquote>\n<p><em>&#8220;Der Minister nickt verst\u00e4ndnisvoll, stellt eine andere Frage, aber die Frau f\u00e4ngt wieder mit ihrem Impfschaden an. Er werde nicht anerkannt, sagt sie, weil sie sich freiwillig habe impfen lassen. Sie sieht den Minister an. Er soll ihr antworten. Das Gesundheitsressort liegt schlie\u00dflich auch in SPD-Hand.&#8221;<\/em><\/p>\n<\/blockquote>\n<p>Heil erz\u00e4hlt daraufhin von seinem Schwiegervater, einem &#8220;alten Ostpreu\u00dfen&#8221;. Dieser habe an einer Autoimmunerkrankung gelitten und musste seine letzten Lebensjahre ebenfalls im Heim verbringen. Er habe sich dort jedoch &#8220;sehr wohlgef\u00fchlt&#8221;. Leider sei sein Schwiegervater am vergangenen Freitag verstorben. Weiter hei\u00dft es im Artikel:<\/p>\n<blockquote>\n<p><em>&#8220;Die Geschichte \u00fcber den Schwiegervater soll wohl ein Beweis sein, dass so etwas passiert, in allen Familien, sogar in der des Ministers: Krankheit, Heim, Tod. Aber sie wirkt auch ein wenig unvermittelt und ist sicher nicht die Antwort, die die Frau mit dem Impfschaden erwartet hat. Einmal f\u00e4ngt sie noch damit an, Heil sagt nur noch: Das m\u00fcsse sein Parteikollege Lauterbach kl\u00e4ren. Dann geht es weiter, hoch in die erste Etage, die Kamerateams kommen mit.&#8221;<\/em><\/p>\n<\/blockquote>\n<p>Im weiteren Verlauf des Wahlkampftermins redete Heil noch \u00fcber die Situation der Pflege und der sozialen Infrastruktur, \u00fcber bessere Arbeits- und Lohnbedingungen in Heimen und \u00fcber ein geplantes neues Einwanderungsgesetz, um den Mangel an Pflegekr\u00e4ften zu beheben. Auf die Frage einer Bewohnerin erkl\u00e4rte Heil zudem, dass er als Arbeitsminister erhalten bleibe und nichts in das Verteidigungsministerium wechseln wolle. Heil galt als Kandidat f\u00fcr die Nachfolge von Christine Lambrecht (SPD), die am Montag zur\u00fcckgetreten war.<\/p>\n<p><strong>Mehr zum Thema &#8211;<\/strong>\u00a0<a rel=\"nofollow noopener\" target=\"_blank\" href=\"https:\/\/test.rtde.tech\/inland\/158664-berliner-senat-moechte-impfgeschaedigten-nicht\/\">Berliner Senat m\u00f6chte Impfgesch\u00e4digten nicht helfen \u2013 rbb-Beitrag zum Thema wurde entfernt<\/a><\/p>\n<\/p>\n<\/div>\n<p><br \/>\n<br \/><a href=\"https:\/\/de.rt.com\/inland\/160196-wahlkampfauftritt-zeigt-desinteresse-deutscher-politiker-an-corona-impfschaeden\/\">Source link <\/a><\/p>\n","protected":false},"excerpt":{"rendered":"<p>Im Rahmen des Berliner Wahlkampfs kam es beim Besuch der SPD-Politiker Franziska Giffey und Hubertus Heil in einem Altenheim zu einer bemerkenswerten Szene: Als eine Bewohnerin von ihrem Impfschaden erz\u00e4hlt, versuchte Heil, dem Thema auszuweichen. W\u00e4hrend des Wahlkampfes\u00a0im Rahmen der Neuwahlen in Berlin kam es zu einer bemerkenswerten Szene, die das Desinteresse deutscher Politiker am [&hellip;]<\/p>\n","protected":false},"author":3,"featured_media":27972,"comment_status":"open","ping_status":"open","sticky":false,"template":"","format":"standard","meta":{"_yoast_indexnow_last_ping":["1673986493"],"wp_automatic_camp":["217"],"d3e8ed838fa19e436eb59351d02c7b6a":["Wahlkampfauftritt zeigt Desinteresse deutscher Politiker an Corona-Impfsch\u00e4den"],"original_link":["https:\/\/de.rt.com\/inland\/160196-wahlkampfauftritt-zeigt-desinteresse-deutscher-politiker-an-corona-impfschaeden\/"],"_thumbnail_id":["27972"],"_wptgpro_p2tg_sent2tg":["a:1:{i:23737;s:19:\"2023-01-17 22:15:54\";}"],"jnews_social_counter_last_update":["1777464290"]},"categories":[19,23],"tags":[18943,39220,8305,5679,39219,5315],"yoast_head":"<!-- This site is optimized with the Yoast SEO Premium plugin v22.7 (Yoast SEO v22.7) - https:\/\/yoast.com\/wordpress\/plugins\/seo\/ -->\n<title>Wahlkampfauftritt zeigt Desinteresse deutscher Politiker an Corona-Impfsch\u00e4den - just-now.NEWS Deutschland<\/title>\n<meta name=\"robots\" content=\"index, follow, max-snippet:-1, max-image-preview:large, max-video-preview:-1\" \/>\n<link rel=\"canonical\" href=\"https:\/\/now-news.de\/de\/deutschland\/wahlkampfauftritt-zeigt-desinteresse-deutscher-politiker-an-corona-impfschaeden\/\" \/>\n<meta property=\"og:locale\" content=\"de_DE\" \/>\n<meta property=\"og:type\" content=\"article\" \/>\n<meta property=\"og:title\" content=\"Wahlkampfauftritt zeigt Desinteresse deutscher Politiker an Corona-Impfsch\u00e4den\" \/>\n<meta property=\"og:description\" content=\"Im Rahmen des Berliner Wahlkampfs kam es beim Besuch der SPD-Politiker Franziska Giffey und Hubertus Heil in einem Altenheim zu einer bemerkenswerten Szene: Als eine Bewohnerin von ihrem Impfschaden erz\u00e4hlt, versuchte Heil, dem Thema auszuweichen. W\u00e4hrend des Wahlkampfes\u00a0im Rahmen der Neuwahlen in Berlin kam es zu einer bemerkenswerten Szene, die das Desinteresse deutscher Politiker am [&hellip;]\" \/>\n<meta property=\"og:url\" content=\"https:\/\/now-news.de\/de\/deutschland\/wahlkampfauftritt-zeigt-desinteresse-deutscher-politiker-an-corona-impfschaeden\/\" \/>\n<meta property=\"og:site_name\" content=\"just-now.NEWS Deutschland\" \/>\n<meta property=\"article:publisher\" content=\"https:\/\/www.facebook.com\/wirmachenauf\" \/>\n<meta property=\"article:published_time\" content=\"2023-01-17T20:08:36+00:00\" \/>\n<meta property=\"og:image\" content=\"https:\/\/now-news.de\/de\/wp-content\/uploads\/sites\/3\/2023\/01\/Wahlkampfauftritt-zeigt-Desinteresse-deutscher-Politiker-an-Corona-Impfschaeden.jpg\" \/>\n\t<meta property=\"og:image:width\" content=\"460\" \/>\n\t<meta property=\"og:image:height\" content=\"259\" \/>\n\t<meta property=\"og:image:type\" content=\"image\/jpeg\" \/>\n<meta name=\"author\" content=\"rtnews\" \/>\n<meta name=\"twitter:card\" content=\"summary_large_image\" \/>\n<meta name=\"twitter:creator\" content=\"@WirMachenAuf_de\" \/>\n<meta name=\"twitter:site\" content=\"@WirMachenAuf_de\" \/>\n<meta name=\"twitter:label1\" content=\"Verfasst von\" \/>\n\t<meta name=\"twitter:data1\" content=\"rtnews\" \/>\n\t<meta name=\"twitter:label2\" content=\"Gesch\u00e4tzte Lesezeit\" \/>\n\t<meta name=\"twitter:data2\" content=\"2\u00a0Minuten\" \/>\n<script type=\"application\/ld+json\" class=\"yoast-schema-graph\">{\"@context\":\"https:\/\/schema.org\",\"@graph\":[{\"@type\":\"Article\",\"@id\":\"https:\/\/now-news.de\/de\/deutschland\/wahlkampfauftritt-zeigt-desinteresse-deutscher-politiker-an-corona-impfschaeden\/#article\",\"isPartOf\":{\"@id\":\"https:\/\/now-news.de\/de\/deutschland\/wahlkampfauftritt-zeigt-desinteresse-deutscher-politiker-an-corona-impfschaeden\/\"},\"author\":{\"name\":\"rtnews\",\"@id\":\"https:\/\/now-news.de\/de\/#\/schema\/person\/fb534a4e865501d8b3285208df34a9b5\"},\"headline\":\"Wahlkampfauftritt zeigt Desinteresse deutscher Politiker an Corona-Impfsch\u00e4den\",\"datePublished\":\"2023-01-17T20:08:36+00:00\",\"dateModified\":\"2023-01-17T20:08:36+00:00\",\"mainEntityOfPage\":{\"@id\":\"https:\/\/now-news.de\/de\/deutschland\/wahlkampfauftritt-zeigt-desinteresse-deutscher-politiker-an-corona-impfschaeden\/\"},\"wordCount\":448,\"commentCount\":0,\"publisher\":{\"@id\":\"https:\/\/now-news.de\/de\/#organization\"},\"image\":{\"@id\":\"https:\/\/now-news.de\/de\/deutschland\/wahlkampfauftritt-zeigt-desinteresse-deutscher-politiker-an-corona-impfschaeden\/#primaryimage\"},\"thumbnailUrl\":\"https:\/\/now-news.de\/de\/wp-content\/uploads\/sites\/3\/2023\/01\/Wahlkampfauftritt-zeigt-Desinteresse-deutscher-Politiker-an-Corona-Impfschaeden.jpg\",\"keywords\":[\"CoronaImpfsch\u00e4den\",\"Desinteresse\",\"deutscher\",\"Politiker\",\"Wahlkampfauftritt\",\"zeigt\"],\"articleSection\":[\"Deutschland\",\"Russland\"],\"inLanguage\":\"de\",\"potentialAction\":[{\"@type\":\"CommentAction\",\"name\":\"Comment\",\"target\":[\"https:\/\/now-news.de\/de\/deutschland\/wahlkampfauftritt-zeigt-desinteresse-deutscher-politiker-an-corona-impfschaeden\/#respond\"]}]},{\"@type\":\"WebPage\",\"@id\":\"https:\/\/now-news.de\/de\/deutschland\/wahlkampfauftritt-zeigt-desinteresse-deutscher-politiker-an-corona-impfschaeden\/\",\"url\":\"https:\/\/now-news.de\/de\/deutschland\/wahlkampfauftritt-zeigt-desinteresse-deutscher-politiker-an-corona-impfschaeden\/\",\"name\":\"Wahlkampfauftritt zeigt Desinteresse deutscher Politiker an Corona-Impfsch\u00e4den - just-now.NEWS Deutschland\",\"isPartOf\":{\"@id\":\"https:\/\/now-news.de\/de\/#website\"},\"primaryImageOfPage\":{\"@id\":\"https:\/\/now-news.de\/de\/deutschland\/wahlkampfauftritt-zeigt-desinteresse-deutscher-politiker-an-corona-impfschaeden\/#primaryimage\"},\"image\":{\"@id\":\"https:\/\/now-news.de\/de\/deutschland\/wahlkampfauftritt-zeigt-desinteresse-deutscher-politiker-an-corona-impfschaeden\/#primaryimage\"},\"thumbnailUrl\":\"https:\/\/now-news.de\/de\/wp-content\/uploads\/sites\/3\/2023\/01\/Wahlkampfauftritt-zeigt-Desinteresse-deutscher-Politiker-an-Corona-Impfschaeden.jpg\",\"datePublished\":\"2023-01-17T20:08:36+00:00\",\"dateModified\":\"2023-01-17T20:08:36+00:00\",\"breadcrumb\":{\"@id\":\"https:\/\/now-news.de\/de\/deutschland\/wahlkampfauftritt-zeigt-desinteresse-deutscher-politiker-an-corona-impfschaeden\/#breadcrumb\"},\"inLanguage\":\"de\",\"potentialAction\":[{\"@type\":\"ReadAction\",\"target\":[\"https:\/\/now-news.de\/de\/deutschland\/wahlkampfauftritt-zeigt-desinteresse-deutscher-politiker-an-corona-impfschaeden\/\"]}]},{\"@type\":\"ImageObject\",\"inLanguage\":\"de\",\"@id\":\"https:\/\/now-news.de\/de\/deutschland\/wahlkampfauftritt-zeigt-desinteresse-deutscher-politiker-an-corona-impfschaeden\/#primaryimage\",\"url\":\"https:\/\/now-news.de\/de\/wp-content\/uploads\/sites\/3\/2023\/01\/Wahlkampfauftritt-zeigt-Desinteresse-deutscher-Politiker-an-Corona-Impfschaeden.jpg\",\"contentUrl\":\"https:\/\/now-news.de\/de\/wp-content\/uploads\/sites\/3\/2023\/01\/Wahlkampfauftritt-zeigt-Desinteresse-deutscher-Politiker-an-Corona-Impfschaeden.jpg\",\"width\":460,\"height\":259,\"caption\":\"Wahlkampfauftritt zeigt Desinteresse deutscher Politiker an Corona-Impfsch\u00e4den\"},{\"@type\":\"BreadcrumbList\",\"@id\":\"https:\/\/now-news.de\/de\/deutschland\/wahlkampfauftritt-zeigt-desinteresse-deutscher-politiker-an-corona-impfschaeden\/#breadcrumb\",\"itemListElement\":[{\"@type\":\"ListItem\",\"position\":1,\"name\":\"Home\",\"item\":\"https:\/\/now-news.de\/de\/\"},{\"@type\":\"ListItem\",\"position\":2,\"name\":\"Wahlkampfauftritt zeigt Desinteresse deutscher Politiker an Corona-Impfsch\u00e4den\"}]},{\"@type\":\"WebSite\",\"@id\":\"https:\/\/now-news.de\/de\/#website\",\"url\":\"https:\/\/now-news.de\/de\/\",\"name\":\"just-now.NEWS Deutschland\",\"description\":\"Das Portal f\u00fcr unzensierte Nachrichten aus der Welt\",\"publisher\":{\"@id\":\"https:\/\/now-news.de\/de\/#organization\"},\"potentialAction\":[{\"@type\":\"SearchAction\",\"target\":{\"@type\":\"EntryPoint\",\"urlTemplate\":\"https:\/\/now-news.de\/de\/?s={search_term_string}\"},\"query-input\":\"required name=search_term_string\"}],\"inLanguage\":\"de\"},{\"@type\":\"Organization\",\"@id\":\"https:\/\/now-news.de\/de\/#organization\",\"name\":\"Just Now News\",\"url\":\"https:\/\/now-news.de\/de\/\",\"logo\":{\"@type\":\"ImageObject\",\"inLanguage\":\"de\",\"@id\":\"https:\/\/now-news.de\/de\/#\/schema\/logo\/image\/\",\"url\":\"http:\/\/just-now.news\/de\/wp-content\/uploads\/sites\/3\/2022\/04\/logo500x500.jpg\",\"contentUrl\":\"http:\/\/just-now.news\/de\/wp-content\/uploads\/sites\/3\/2022\/04\/logo500x500.jpg\",\"width\":500,\"height\":500,\"caption\":\"Just Now News\"},\"image\":{\"@id\":\"https:\/\/now-news.de\/de\/#\/schema\/logo\/image\/\"},\"sameAs\":[\"https:\/\/www.facebook.com\/wirmachenauf\",\"https:\/\/x.com\/WirMachenAuf_de\"]},{\"@type\":\"Person\",\"@id\":\"https:\/\/now-news.de\/de\/#\/schema\/person\/fb534a4e865501d8b3285208df34a9b5\",\"name\":\"rtnews\",\"image\":{\"@type\":\"ImageObject\",\"inLanguage\":\"de\",\"@id\":\"https:\/\/now-news.de\/de\/#\/schema\/person\/image\/\",\"url\":\"https:\/\/secure.gravatar.com\/avatar\/82aafea7d8127119dd649515f56e2117?s=96&d=mm&r=g\",\"contentUrl\":\"https:\/\/secure.gravatar.com\/avatar\/82aafea7d8127119dd649515f56e2117?s=96&d=mm&r=g\",\"caption\":\"rtnews\"},\"url\":\"https:\/\/now-news.de\/de\/author\/rnews\/\"}]}<\/script>\n<!-- \/ Yoast SEO Premium plugin. -->","yoast_head_json":{"title":"Wahlkampfauftritt zeigt Desinteresse deutscher Politiker an Corona-Impfsch\u00e4den - just-now.NEWS Deutschland","robots":{"index":"index","follow":"follow","max-snippet":"max-snippet:-1","max-image-preview":"max-image-preview:large","max-video-preview":"max-video-preview:-1"},"canonical":"https:\/\/now-news.de\/de\/deutschland\/wahlkampfauftritt-zeigt-desinteresse-deutscher-politiker-an-corona-impfschaeden\/","og_locale":"de_DE","og_type":"article","og_title":"Wahlkampfauftritt zeigt Desinteresse deutscher Politiker an Corona-Impfsch\u00e4den","og_description":"Im Rahmen des Berliner Wahlkampfs kam es beim Besuch der SPD-Politiker Franziska Giffey und Hubertus Heil in einem Altenheim zu einer bemerkenswerten Szene: Als eine Bewohnerin von ihrem Impfschaden erz\u00e4hlt, versuchte Heil, dem Thema auszuweichen. W\u00e4hrend des Wahlkampfes\u00a0im Rahmen der Neuwahlen in Berlin kam es zu einer bemerkenswerten Szene, die das Desinteresse deutscher Politiker am [&hellip;]","og_url":"https:\/\/now-news.de\/de\/deutschland\/wahlkampfauftritt-zeigt-desinteresse-deutscher-politiker-an-corona-impfschaeden\/","og_site_name":"just-now.NEWS Deutschland","article_publisher":"https:\/\/www.facebook.com\/wirmachenauf","article_published_time":"2023-01-17T20:08:36+00:00","og_image":[{"width":460,"height":259,"url":"https:\/\/now-news.de\/de\/wp-content\/uploads\/sites\/3\/2023\/01\/Wahlkampfauftritt-zeigt-Desinteresse-deutscher-Politiker-an-Corona-Impfschaeden.jpg","type":"image\/jpeg"}],"author":"rtnews","twitter_card":"summary_large_image","twitter_creator":"@WirMachenAuf_de","twitter_site":"@WirMachenAuf_de","twitter_misc":{"Verfasst von":"rtnews","Gesch\u00e4tzte Lesezeit":"2\u00a0Minuten"},"schema":{"@context":"https:\/\/schema.org","@graph":[{"@type":"Article","@id":"https:\/\/now-news.de\/de\/deutschland\/wahlkampfauftritt-zeigt-desinteresse-deutscher-politiker-an-corona-impfschaeden\/#article","isPartOf":{"@id":"https:\/\/now-news.de\/de\/deutschland\/wahlkampfauftritt-zeigt-desinteresse-deutscher-politiker-an-corona-impfschaeden\/"},"author":{"name":"rtnews","@id":"https:\/\/now-news.de\/de\/#\/schema\/person\/fb534a4e865501d8b3285208df34a9b5"},"headline":"Wahlkampfauftritt zeigt Desinteresse deutscher Politiker an Corona-Impfsch\u00e4den","datePublished":"2023-01-17T20:08:36+00:00","dateModified":"2023-01-17T20:08:36+00:00","mainEntityOfPage":{"@id":"https:\/\/now-news.de\/de\/deutschland\/wahlkampfauftritt-zeigt-desinteresse-deutscher-politiker-an-corona-impfschaeden\/"},"wordCount":448,"commentCount":0,"publisher":{"@id":"https:\/\/now-news.de\/de\/#organization"},"image":{"@id":"https:\/\/now-news.de\/de\/deutschland\/wahlkampfauftritt-zeigt-desinteresse-deutscher-politiker-an-corona-impfschaeden\/#primaryimage"},"thumbnailUrl":"https:\/\/now-news.de\/de\/wp-content\/uploads\/sites\/3\/2023\/01\/Wahlkampfauftritt-zeigt-Desinteresse-deutscher-Politiker-an-Corona-Impfschaeden.jpg","keywords":["CoronaImpfsch\u00e4den","Desinteresse","deutscher","Politiker","Wahlkampfauftritt","zeigt"],"articleSection":["Deutschland","Russland"],"inLanguage":"de","potentialAction":[{"@type":"CommentAction","name":"Comment","target":["https:\/\/now-news.de\/de\/deutschland\/wahlkampfauftritt-zeigt-desinteresse-deutscher-politiker-an-corona-impfschaeden\/#respond"]}]},{"@type":"WebPage","@id":"https:\/\/now-news.de\/de\/deutschland\/wahlkampfauftritt-zeigt-desinteresse-deutscher-politiker-an-corona-impfschaeden\/","url":"https:\/\/now-news.de\/de\/deutschland\/wahlkampfauftritt-zeigt-desinteresse-deutscher-politiker-an-corona-impfschaeden\/","name":"Wahlkampfauftritt zeigt Desinteresse deutscher Politiker an Corona-Impfsch\u00e4den - just-now.NEWS Deutschland","isPartOf":{"@id":"https:\/\/now-news.de\/de\/#website"},"primaryImageOfPage":{"@id":"https:\/\/now-news.de\/de\/deutschland\/wahlkampfauftritt-zeigt-desinteresse-deutscher-politiker-an-corona-impfschaeden\/#primaryimage"},"image":{"@id":"https:\/\/now-news.de\/de\/deutschland\/wahlkampfauftritt-zeigt-desinteresse-deutscher-politiker-an-corona-impfschaeden\/#primaryimage"},"thumbnailUrl":"https:\/\/now-news.de\/de\/wp-content\/uploads\/sites\/3\/2023\/01\/Wahlkampfauftritt-zeigt-Desinteresse-deutscher-Politiker-an-Corona-Impfschaeden.jpg","datePublished":"2023-01-17T20:08:36+00:00","dateModified":"2023-01-17T20:08:36+00:00","breadcrumb":{"@id":"https:\/\/now-news.de\/de\/deutschland\/wahlkampfauftritt-zeigt-desinteresse-deutscher-politiker-an-corona-impfschaeden\/#breadcrumb"},"inLanguage":"de","potentialAction":[{"@type":"ReadAction","target":["https:\/\/now-news.de\/de\/deutschland\/wahlkampfauftritt-zeigt-desinteresse-deutscher-politiker-an-corona-impfschaeden\/"]}]},{"@type":"ImageObject","inLanguage":"de","@id":"https:\/\/now-news.de\/de\/deutschland\/wahlkampfauftritt-zeigt-desinteresse-deutscher-politiker-an-corona-impfschaeden\/#primaryimage","url":"https:\/\/now-news.de\/de\/wp-content\/uploads\/sites\/3\/2023\/01\/Wahlkampfauftritt-zeigt-Desinteresse-deutscher-Politiker-an-Corona-Impfschaeden.jpg","contentUrl":"https:\/\/now-news.de\/de\/wp-content\/uploads\/sites\/3\/2023\/01\/Wahlkampfauftritt-zeigt-Desinteresse-deutscher-Politiker-an-Corona-Impfschaeden.jpg","width":460,"height":259,"caption":"Wahlkampfauftritt zeigt Desinteresse deutscher Politiker an Corona-Impfsch\u00e4den"},{"@type":"BreadcrumbList","@id":"https:\/\/now-news.de\/de\/deutschland\/wahlkampfauftritt-zeigt-desinteresse-deutscher-politiker-an-corona-impfschaeden\/#breadcrumb","itemListElement":[{"@type":"ListItem","position":1,"name":"Home","item":"https:\/\/now-news.de\/de\/"},{"@type":"ListItem","position":2,"name":"Wahlkampfauftritt zeigt Desinteresse deutscher Politiker an Corona-Impfsch\u00e4den"}]},{"@type":"WebSite","@id":"https:\/\/now-news.de\/de\/#website","url":"https:\/\/now-news.de\/de\/","name":"just-now.NEWS Deutschland","description":"Das Portal f\u00fcr unzensierte Nachrichten aus der Welt","publisher":{"@id":"https:\/\/now-news.de\/de\/#organization"},"potentialAction":[{"@type":"SearchAction","target":{"@type":"EntryPoint","urlTemplate":"https:\/\/now-news.de\/de\/?s={search_term_string}"},"query-input":"required name=search_term_string"}],"inLanguage":"de"},{"@type":"Organization","@id":"https:\/\/now-news.de\/de\/#organization","name":"Just Now News","url":"https:\/\/now-news.de\/de\/","logo":{"@type":"ImageObject","inLanguage":"de","@id":"https:\/\/now-news.de\/de\/#\/schema\/logo\/image\/","url":"http:\/\/just-now.news\/de\/wp-content\/uploads\/sites\/3\/2022\/04\/logo500x500.jpg","contentUrl":"http:\/\/just-now.news\/de\/wp-content\/uploads\/sites\/3\/2022\/04\/logo500x500.jpg","width":500,"height":500,"caption":"Just Now News"},"image":{"@id":"https:\/\/now-news.de\/de\/#\/schema\/logo\/image\/"},"sameAs":["https:\/\/www.facebook.com\/wirmachenauf","https:\/\/x.com\/WirMachenAuf_de"]},{"@type":"Person","@id":"https:\/\/now-news.de\/de\/#\/schema\/person\/fb534a4e865501d8b3285208df34a9b5","name":"rtnews","image":{"@type":"ImageObject","inLanguage":"de","@id":"https:\/\/now-news.de\/de\/#\/schema\/person\/image\/","url":"https:\/\/secure.gravatar.com\/avatar\/82aafea7d8127119dd649515f56e2117?s=96&d=mm&r=g","contentUrl":"https:\/\/secure.gravatar.com\/avatar\/82aafea7d8127119dd649515f56e2117?s=96&d=mm&r=g","caption":"rtnews"},"url":"https:\/\/now-news.de\/de\/author\/rnews\/"}]}},"_links":{"self":[{"href":"https:\/\/now-news.de\/de\/wp-json\/wp\/v2\/posts\/27971"}],"collection":[{"href":"https:\/\/now-news.de\/de\/wp-json\/wp\/v2\/posts"}],"about":[{"href":"https:\/\/now-news.de\/de\/wp-json\/wp\/v2\/types\/post"}],"author":[{"embeddable":true,"href":"https:\/\/now-news.de\/de\/wp-json\/wp\/v2\/users\/3"}],"replies":[{"embeddable":true,"href":"https:\/\/now-news.de\/de\/wp-json\/wp\/v2\/comments?post=27971"}],"version-history":[{"count":0,"href":"https:\/\/now-news.de\/de\/wp-json\/wp\/v2\/posts\/27971\/revisions"}],"wp:featuredmedia":[{"embeddable":true,"href":"https:\/\/now-news.de\/de\/wp-json\/wp\/v2\/media\/27972"}],"wp:attachment":[{"href":"https:\/\/now-news.de\/de\/wp-json\/wp\/v2\/media?parent=27971"}],"wp:term":[{"taxonomy":"category","embeddable":true,"href":"https:\/\/now-news.de\/de\/wp-json\/wp\/v2\/categories?post=27971"},{"taxonomy":"post_tag","embeddable":true,"href":"https:\/\/now-news.de\/de\/wp-json\/wp\/v2\/tags?post=27971"}],"curies":[{"name":"wp","href":"https:\/\/api.w.org\/{rel}","templated":true}]}}