{"id":27969,"date":"2023-01-17T21:49:51","date_gmt":"2023-01-17T19:49:51","guid":{"rendered":"http:\/\/just-now.news\/de\/deutschland\/nicht-ueber-ziel-hinausschiessen-oesterreichs-aussenminister-mahnt-zu-augenmass-bei-moskau-sanktionen\/"},"modified":"2023-01-17T21:49:51","modified_gmt":"2023-01-17T19:49:51","slug":"nicht-ueber-ziel-hinausschiessen-oesterreichs-aussenminister-mahnt-zu-augenmass-bei-moskau-sanktionen","status":"publish","type":"post","link":"https:\/\/now-news.de\/de\/deutschland\/nicht-ueber-ziel-hinausschiessen-oesterreichs-aussenminister-mahnt-zu-augenmass-bei-moskau-sanktionen\/","title":{"rendered":"&quot;Nicht \u00fcber Ziel hinausschie\u00dfen&quot;: \u00d6sterreichs Au\u00dfenminister mahnt zu Augenma\u00df bei Moskau-Sanktionen"},"content":{"rendered":"<p><img decoding=\"async\" src=\"http:\/\/just-now.news\/de\/wp-content\/uploads\/sites\/3\/2023\/01\/63c692d848fbef469a74eb1a.jpg\" \/><\/p>\n<div class=\"Text-root Text-type_1 \">\n                Der \u00f6sterreichische Au\u00dfenminister Schallenberg sagte, Russland werde trotz seines Vorgehens in der Ukraine Teil der europ\u00e4ischen Geschichte bleiben. Man m\u00fcsse &#8220;auch an den Tag danach&#8221; denken. Deshalb warnte er in Bezug auf Sanktionen gegen Moskau vor einem extrem \u00fcbertriebenen Vorgehen.\n            <\/div>\n<p><\/p>\n<div class=\"Text-root Text-type_5 ArticleView-text ViewText-root \">\n<p>Die L\u00e4nder Europas sollten bei der Sanktionierung Russlands f\u00fcr\u00a0dessen Vorgehen in der Ukraine Augenma\u00df bewahren, mahnte der \u00f6sterreichische Au\u00dfenminister Alexander Schallenberg bei einer Veranstaltung in Paris.\u00a0Der Chefdiplomat der Alpenrepublik warnte vor Strafma\u00dfnahmen wie einem pauschalen Visumverbot f\u00fcr alle russischen B\u00fcrger.\u00a0In einer Rede am &#8220;Youth &amp; Leaders Summit&#8221; der Universit\u00e4t Sciences Po in Paris sagte Schallenberg am Montag:<\/p>\n<blockquote>\n<p><em>\u00a0&#8220;Wir d\u00fcrfen nicht \u00fcber das Ziel hinausschie\u00dfen, indem wir zum Beispiel ein Visaverbot f\u00fcr 144 Millionen Russen einf\u00fchren.&#8221;<\/em><\/p>\n<\/blockquote>\n<p>Russland werde trotz der aktuellen Spannungen zwischen der Europ\u00e4ischen Union und ihrem \u00f6stlichen Nachbarn Teil der europ\u00e4ischen Geschichte und Kultur bleiben, erg\u00e4nzte der \u00f6sterreichische Chefdiplomat. Schallenberg\u00a0stellte jedoch klar, dass Wien die Ukraine in ihrem Konflikt mit Moskau, in dem &#8220;von Russland angezettelten brutalen Angriffskrieg&#8221;, uneingeschr\u00e4nkt unterst\u00fctze.<\/p>\n<p>Zugleich aber unterstrich der \u00f6sterreichische Au\u00dfenminister bei seiner Rede an der franz\u00f6sischen Elitehochschule, dass der Westen &#8220;auch an den Tag danach, an die Woche danach und an die Monate danach denken muss&#8221;.\u00a0Denn die europ\u00e4ische Sicherheitsarchitektur werde auch in Zukunft auf die eine oder andere Weise Russland angesichts seiner Rolle als st\u00e4ndiges Mitglied des UN-Sicherheitsrats und seines Status als Atommacht einbeziehen m\u00fcssen.<\/p>\n<p>Er betonte bei der Veranstaltung etwa die Bedeutung der Organisation f\u00fcr Sicherheit und Zusammenarbeit in Europa (OSZE) und kritisierte Polen, das bei der letzten Sitzung der Organisation Anfang Dezember 2022 den Vorsitz f\u00fchrte, daf\u00fcr, dass es den russischen Au\u00dfenminister Sergei Lawrow von der Veranstaltung ausgeladen hatte. Schallenberg betonte:\u00a0<\/p>\n<blockquote>\n<p><em>&#8220;Die OSZE ist eine der wenigen verbliebenen Plattformen, wo russische Diplomaten noch sitzen und sich unsere Argumente, unsere scharfe Kritik am russischen Angriffskrieg anh\u00f6ren m\u00fcssen.&#8221;<\/em><\/p>\n<\/blockquote>\n<p>Neben der Aufgabe, &#8220;Augenma\u00df zu bewahren&#8221;, sollte sich der Westen auch bem\u00fchen, im Jahr 2023 geeint zu bleiben, so der \u00f6sterreichische Spitzendiplomat.\u00a0&#8220;Unser heutiges Handeln wird \u00fcber den Status der freien Welt in den kommenden Jahren entscheiden&#8221;, <a rel=\"nofollow noopener\" target=\"_blank\" href=\"https:\/\/www.bmeia.gv.at\/ministerium\/presse\/aktuelles\/2023\/01\/aussenminister-alexander-schallenberg-in-paris-treffen-mit-aussenministerin-catherine-colonna-und-teilnahme-am-youth-leaders-summit\/\">betonte<\/a> der 53-J\u00e4hrige vor den Studenten der prestigetr\u00e4chtigen Politikhochschule.<\/p>\n<p>Russland entsandte am 24. Februar 2022 Truppen in die Ukraine und begr\u00fcndete dies mit der Nichtumsetzung des Minsker Abkommens durch Kiew, das den Regionen Donezk und Lugansk einen Sonderstatus innerhalb des ukrainischen Staates einr\u00e4umen sollte.\u00a0Die unter deutscher und franz\u00f6sischer Vermittlung zustande gekommenen Vereinbarungen waren erstmals 2014 unterzeichnet worden. Der ehemalige ukrainische Pr\u00e4sident <a rel=\"nofollow noopener\" target=\"_blank\" href=\"https:\/\/test.rtde.tech\/kurzclips\/video\/154724-petro-poroschenko-ich-habe-minsker\/\">Petro Poroschenko<\/a> hat inzwischen einger\u00e4umt, dass das Hauptziel Kiews darin bestand, mit dem Waffenstillstand Zeit zu gewinnen und &#8220;m\u00e4chtige Streitkr\u00e4fte zu schaffen&#8221;.<\/p>\n<p>Kurz vor Ausbruch der Kampfhandlungen erkannte der Kreml die Donbass-Republiken 2022 als unabh\u00e4ngige Staaten an und verlangte, dass die Ukraine sich offiziell zu einem neutralen Land erkl\u00e4rt, das keinem westlichen Milit\u00e4rb\u00fcndnis beitreten wird.\u00a0Im vergangenen September wurden Donezk und Lugansk sowie die Regionen Cherson und Saporoschje nach Volksabstimmungen an Russland angegliedert.<\/p>\n<p><strong>Mehr zum Thema<\/strong>\u00a0\u2013 <a rel=\"nofollow noopener\" target=\"_blank\" href=\"https:\/\/test.rtde.tech\/inland\/156571-angela-merkel-donbass-konflikt-sollte\/\">Angela Merkel: Donbass-Konflikt sollte nie friedlich gel\u00f6st werden<\/a><\/p>\n<\/div>\n<p><br \/>\n<br \/><a href=\"https:\/\/de.rt.com\/europa\/160144-nicht-ueber-ziel-hinausschiessen-oesterreichs\/\">Source link <\/a><\/p>\n","protected":false},"excerpt":{"rendered":"<p>Der \u00f6sterreichische Au\u00dfenminister Schallenberg sagte, Russland werde trotz seines Vorgehens in der Ukraine Teil der europ\u00e4ischen Geschichte bleiben. Man m\u00fcsse &#8220;auch an den Tag danach&#8221; denken. Deshalb warnte er in Bezug auf Sanktionen gegen Moskau vor einem extrem \u00fcbertriebenen Vorgehen. Die L\u00e4nder Europas sollten bei der Sanktionierung Russlands f\u00fcr\u00a0dessen Vorgehen in der Ukraine Augenma\u00df bewahren, [&hellip;]<\/p>\n","protected":false},"author":3,"featured_media":27970,"comment_status":"open","ping_status":"open","sticky":false,"template":"","format":"standard","meta":{"_yoast_indexnow_last_ping":["1673985534"],"wp_automatic_camp":["217"],"5fe22047bea92ae74e82551f4f7c21da":["&quot;Nicht \u00fcber Ziel hinausschie\u00dfen&quot;: \u00d6sterreichs Au\u00dfenminister mahnt zu Augenma\u00df bei Moskau-Sanktionen"],"original_link":["https:\/\/de.rt.com\/europa\/160144-nicht-ueber-ziel-hinausschiessen-oesterreichs\/"],"_thumbnail_id":["27970"],"_wptgpro_p2tg_sent2tg":["a:1:{i:23737;s:19:\"2023-01-17 21:59:55\";}"],"jnews_social_counter_last_update":["1788212695"]},"categories":[19,23],"tags":[39217,13830,363,39216,20708,39218,8354,1546,139,10558],"class_list":["post-27969","post","type-post","status-publish","format-standard","has-post-thumbnail","hentry","category-deutschland","category-russland","tag-augenmass","tag-aussenminister","tag-bei","tag-hinausschiessenquot","tag-mahnt","tag-moskausanktionen","tag-oesterreichs","tag-quotnicht","tag-ueber","tag-ziel"],"yoast_head":"<!-- This site is optimized with the Yoast SEO Premium plugin v22.7 (Yoast SEO v28.2) - https:\/\/yoast.com\/product\/yoast-seo-premium-wordpress\/ -->\n<title>&quot;Nicht \u00fcber Ziel hinausschie\u00dfen&quot;: \u00d6sterreichs Au\u00dfenminister mahnt zu Augenma\u00df bei Moskau-Sanktionen - just-now.NEWS Deutschland<\/title>\n<meta name=\"robots\" content=\"index, follow, max-snippet:-1, max-image-preview:large, max-video-preview:-1\" \/>\n<link rel=\"canonical\" href=\"https:\/\/now-news.de\/de\/deutschland\/nicht-ueber-ziel-hinausschiessen-oesterreichs-aussenminister-mahnt-zu-augenmass-bei-moskau-sanktionen\/\" \/>\n<meta property=\"og:locale\" content=\"de_DE\" \/>\n<meta property=\"og:type\" content=\"article\" \/>\n<meta property=\"og:title\" content=\"&quot;Nicht \u00fcber Ziel hinausschie\u00dfen&quot;: \u00d6sterreichs Au\u00dfenminister mahnt zu Augenma\u00df bei Moskau-Sanktionen\" \/>\n<meta property=\"og:description\" content=\"Der \u00f6sterreichische Au\u00dfenminister Schallenberg sagte, Russland werde trotz seines Vorgehens in der Ukraine Teil der europ\u00e4ischen Geschichte bleiben. Man m\u00fcsse &#8220;auch an den Tag danach&#8221; denken. Deshalb warnte er in Bezug auf Sanktionen gegen Moskau vor einem extrem \u00fcbertriebenen Vorgehen. Die L\u00e4nder Europas sollten bei der Sanktionierung Russlands f\u00fcr\u00a0dessen Vorgehen in der Ukraine Augenma\u00df bewahren, [&hellip;]\" \/>\n<meta property=\"og:url\" content=\"https:\/\/now-news.de\/de\/deutschland\/nicht-ueber-ziel-hinausschiessen-oesterreichs-aussenminister-mahnt-zu-augenmass-bei-moskau-sanktionen\/\" \/>\n<meta property=\"og:site_name\" content=\"just-now.NEWS Deutschland\" \/>\n<meta property=\"article:publisher\" content=\"https:\/\/www.facebook.com\/wirmachenauf\" \/>\n<meta property=\"article:published_time\" content=\"2023-01-17T19:49:51+00:00\" \/>\n<meta property=\"og:image\" content=\"https:\/\/now-news.de\/de\/wp-content\/uploads\/sites\/3\/2023\/01\/quotNicht-ueber-Ziel-hinausschiessenquot-Oesterreichs-Aussenminister-mahnt-zu-Augenmass-bei.jpg\" \/>\n\t<meta property=\"og:image:width\" content=\"460\" \/>\n\t<meta property=\"og:image:height\" content=\"259\" \/>\n\t<meta property=\"og:image:type\" content=\"image\/jpeg\" \/>\n<meta name=\"author\" content=\"rtnews\" \/>\n<meta name=\"twitter:card\" content=\"summary_large_image\" \/>\n<meta name=\"twitter:creator\" content=\"@WirMachenAuf_de\" \/>\n<meta name=\"twitter:site\" content=\"@WirMachenAuf_de\" \/>\n<meta name=\"twitter:label1\" content=\"Verfasst von\" \/>\n\t<meta name=\"twitter:data1\" content=\"rtnews\" \/>\n\t<meta name=\"twitter:label2\" content=\"Gesch\u00e4tzte Lesezeit\" \/>\n\t<meta name=\"twitter:data2\" content=\"3\u00a0Minuten\" \/>\n<script type=\"application\/ld+json\" class=\"yoast-schema-graph\">{\"@context\":\"https:\\\/\\\/schema.org\",\"@graph\":[{\"@type\":\"Article\",\"@id\":\"https:\\\/\\\/now-news.de\\\/de\\\/deutschland\\\/nicht-ueber-ziel-hinausschiessen-oesterreichs-aussenminister-mahnt-zu-augenmass-bei-moskau-sanktionen\\\/#article\",\"isPartOf\":{\"@id\":\"https:\\\/\\\/now-news.de\\\/de\\\/deutschland\\\/nicht-ueber-ziel-hinausschiessen-oesterreichs-aussenminister-mahnt-zu-augenmass-bei-moskau-sanktionen\\\/\"},\"author\":{\"name\":\"rtnews\",\"@id\":\"https:\\\/\\\/now-news.de\\\/de\\\/#\\\/schema\\\/person\\\/fb534a4e865501d8b3285208df34a9b5\"},\"headline\":\"&quot;Nicht \u00fcber Ziel hinausschie\u00dfen&quot;: \u00d6sterreichs Au\u00dfenminister mahnt zu Augenma\u00df bei Moskau-Sanktionen\",\"datePublished\":\"2023-01-17T19:49:51+00:00\",\"mainEntityOfPage\":{\"@id\":\"https:\\\/\\\/now-news.de\\\/de\\\/deutschland\\\/nicht-ueber-ziel-hinausschiessen-oesterreichs-aussenminister-mahnt-zu-augenmass-bei-moskau-sanktionen\\\/\"},\"wordCount\":539,\"commentCount\":0,\"publisher\":{\"@id\":\"https:\\\/\\\/now-news.de\\\/de\\\/#organization\"},\"image\":{\"@id\":\"https:\\\/\\\/now-news.de\\\/de\\\/deutschland\\\/nicht-ueber-ziel-hinausschiessen-oesterreichs-aussenminister-mahnt-zu-augenmass-bei-moskau-sanktionen\\\/#primaryimage\"},\"thumbnailUrl\":\"https:\\\/\\\/now-news.de\\\/de\\\/wp-content\\\/uploads\\\/sites\\\/3\\\/2023\\\/01\\\/quotNicht-ueber-Ziel-hinausschiessenquot-Oesterreichs-Aussenminister-mahnt-zu-Augenmass-bei.jpg\",\"keywords\":[\"Augenma\u00df\",\"Au\u00dfenminister\",\"bei\",\"hinausschie\u00dfenquot\",\"mahnt\",\"MoskauSanktionen\",\"\u00d6sterreichs\",\"quotnicht\",\"\u00fcber\",\"Ziel\"],\"articleSection\":[\"Deutschland\",\"Russland\"],\"inLanguage\":\"de\",\"potentialAction\":[{\"@type\":\"CommentAction\",\"name\":\"Comment\",\"target\":[\"https:\\\/\\\/now-news.de\\\/de\\\/deutschland\\\/nicht-ueber-ziel-hinausschiessen-oesterreichs-aussenminister-mahnt-zu-augenmass-bei-moskau-sanktionen\\\/#respond\"]}]},{\"@type\":\"WebPage\",\"@id\":\"https:\\\/\\\/now-news.de\\\/de\\\/deutschland\\\/nicht-ueber-ziel-hinausschiessen-oesterreichs-aussenminister-mahnt-zu-augenmass-bei-moskau-sanktionen\\\/\",\"url\":\"https:\\\/\\\/now-news.de\\\/de\\\/deutschland\\\/nicht-ueber-ziel-hinausschiessen-oesterreichs-aussenminister-mahnt-zu-augenmass-bei-moskau-sanktionen\\\/\",\"name\":\"&quot;Nicht \u00fcber Ziel hinausschie\u00dfen&quot;: \u00d6sterreichs Au\u00dfenminister mahnt zu Augenma\u00df bei Moskau-Sanktionen - just-now.NEWS Deutschland\",\"isPartOf\":{\"@id\":\"https:\\\/\\\/now-news.de\\\/de\\\/#website\"},\"primaryImageOfPage\":{\"@id\":\"https:\\\/\\\/now-news.de\\\/de\\\/deutschland\\\/nicht-ueber-ziel-hinausschiessen-oesterreichs-aussenminister-mahnt-zu-augenmass-bei-moskau-sanktionen\\\/#primaryimage\"},\"image\":{\"@id\":\"https:\\\/\\\/now-news.de\\\/de\\\/deutschland\\\/nicht-ueber-ziel-hinausschiessen-oesterreichs-aussenminister-mahnt-zu-augenmass-bei-moskau-sanktionen\\\/#primaryimage\"},\"thumbnailUrl\":\"https:\\\/\\\/now-news.de\\\/de\\\/wp-content\\\/uploads\\\/sites\\\/3\\\/2023\\\/01\\\/quotNicht-ueber-Ziel-hinausschiessenquot-Oesterreichs-Aussenminister-mahnt-zu-Augenmass-bei.jpg\",\"datePublished\":\"2023-01-17T19:49:51+00:00\",\"breadcrumb\":{\"@id\":\"https:\\\/\\\/now-news.de\\\/de\\\/deutschland\\\/nicht-ueber-ziel-hinausschiessen-oesterreichs-aussenminister-mahnt-zu-augenmass-bei-moskau-sanktionen\\\/#breadcrumb\"},\"inLanguage\":\"de\",\"potentialAction\":[{\"@type\":\"ReadAction\",\"target\":[\"https:\\\/\\\/now-news.de\\\/de\\\/deutschland\\\/nicht-ueber-ziel-hinausschiessen-oesterreichs-aussenminister-mahnt-zu-augenmass-bei-moskau-sanktionen\\\/\"]}]},{\"@type\":\"ImageObject\",\"inLanguage\":\"de\",\"@id\":\"https:\\\/\\\/now-news.de\\\/de\\\/deutschland\\\/nicht-ueber-ziel-hinausschiessen-oesterreichs-aussenminister-mahnt-zu-augenmass-bei-moskau-sanktionen\\\/#primaryimage\",\"url\":\"https:\\\/\\\/now-news.de\\\/de\\\/wp-content\\\/uploads\\\/sites\\\/3\\\/2023\\\/01\\\/quotNicht-ueber-Ziel-hinausschiessenquot-Oesterreichs-Aussenminister-mahnt-zu-Augenmass-bei.jpg\",\"contentUrl\":\"https:\\\/\\\/now-news.de\\\/de\\\/wp-content\\\/uploads\\\/sites\\\/3\\\/2023\\\/01\\\/quotNicht-ueber-Ziel-hinausschiessenquot-Oesterreichs-Aussenminister-mahnt-zu-Augenmass-bei.jpg\",\"width\":460,\"height\":259,\"caption\":\"&quot;Nicht \u00fcber Ziel hinausschie\u00dfen&quot;: \u00d6sterreichs Au\u00dfenminister mahnt zu Augenma\u00df bei Moskau-Sanktionen\"},{\"@type\":\"BreadcrumbList\",\"@id\":\"https:\\\/\\\/now-news.de\\\/de\\\/deutschland\\\/nicht-ueber-ziel-hinausschiessen-oesterreichs-aussenminister-mahnt-zu-augenmass-bei-moskau-sanktionen\\\/#breadcrumb\",\"itemListElement\":[{\"@type\":\"ListItem\",\"position\":1,\"name\":\"Home\",\"item\":\"https:\\\/\\\/now-news.de\\\/de\\\/\"},{\"@type\":\"ListItem\",\"position\":2,\"name\":\"&quot;Nicht \u00fcber Ziel hinausschie\u00dfen&quot;: \u00d6sterreichs Au\u00dfenminister mahnt zu Augenma\u00df bei Moskau-Sanktionen\"}]},{\"@type\":\"WebSite\",\"@id\":\"https:\\\/\\\/now-news.de\\\/de\\\/#website\",\"url\":\"https:\\\/\\\/now-news.de\\\/de\\\/\",\"name\":\"just-now.NEWS Deutschland\",\"description\":\"Das Portal f\u00fcr unzensierte Nachrichten aus der Welt\",\"publisher\":{\"@id\":\"https:\\\/\\\/now-news.de\\\/de\\\/#organization\"},\"potentialAction\":[{\"@type\":\"SearchAction\",\"target\":{\"@type\":\"EntryPoint\",\"urlTemplate\":\"https:\\\/\\\/now-news.de\\\/de\\\/?s={search_term_string}\"},\"query-input\":{\"@type\":\"PropertyValueSpecification\",\"valueRequired\":true,\"valueName\":\"search_term_string\"}}],\"inLanguage\":\"de\"},{\"@type\":\"Organization\",\"@id\":\"https:\\\/\\\/now-news.de\\\/de\\\/#organization\",\"name\":\"Just Now News\",\"url\":\"https:\\\/\\\/now-news.de\\\/de\\\/\",\"logo\":{\"@type\":\"ImageObject\",\"inLanguage\":\"de\",\"@id\":\"https:\\\/\\\/now-news.de\\\/de\\\/#\\\/schema\\\/logo\\\/image\\\/\",\"url\":\"http:\\\/\\\/just-now.news\\\/de\\\/wp-content\\\/uploads\\\/sites\\\/3\\\/2022\\\/04\\\/logo500x500.jpg\",\"contentUrl\":\"http:\\\/\\\/just-now.news\\\/de\\\/wp-content\\\/uploads\\\/sites\\\/3\\\/2022\\\/04\\\/logo500x500.jpg\",\"width\":500,\"height\":500,\"caption\":\"Just Now News\"},\"image\":{\"@id\":\"https:\\\/\\\/now-news.de\\\/de\\\/#\\\/schema\\\/logo\\\/image\\\/\"},\"sameAs\":[\"https:\\\/\\\/www.facebook.com\\\/wirmachenauf\",\"https:\\\/\\\/x.com\\\/WirMachenAuf_de\"]},{\"@type\":\"Person\",\"@id\":\"https:\\\/\\\/now-news.de\\\/de\\\/#\\\/schema\\\/person\\\/fb534a4e865501d8b3285208df34a9b5\",\"name\":\"rtnews\",\"image\":{\"@type\":\"ImageObject\",\"inLanguage\":\"de\",\"@id\":\"https:\\\/\\\/secure.gravatar.com\\\/avatar\\\/358fe31b3ab5769fea05376e1953329834cd9912cf9daf607e2af3076a1b982b?s=96&d=mm&r=g\",\"url\":\"https:\\\/\\\/secure.gravatar.com\\\/avatar\\\/358fe31b3ab5769fea05376e1953329834cd9912cf9daf607e2af3076a1b982b?s=96&d=mm&r=g\",\"contentUrl\":\"https:\\\/\\\/secure.gravatar.com\\\/avatar\\\/358fe31b3ab5769fea05376e1953329834cd9912cf9daf607e2af3076a1b982b?s=96&d=mm&r=g\",\"caption\":\"rtnews\"},\"url\":\"https:\\\/\\\/now-news.de\\\/de\\\/author\\\/rnews\\\/\"}]}<\/script>\n<!-- \/ Yoast SEO Premium plugin. -->","yoast_head_json":{"title":"&quot;Nicht \u00fcber Ziel hinausschie\u00dfen&quot;: \u00d6sterreichs Au\u00dfenminister mahnt zu Augenma\u00df bei Moskau-Sanktionen - just-now.NEWS Deutschland","robots":{"index":"index","follow":"follow","max-snippet":"max-snippet:-1","max-image-preview":"max-image-preview:large","max-video-preview":"max-video-preview:-1"},"canonical":"https:\/\/now-news.de\/de\/deutschland\/nicht-ueber-ziel-hinausschiessen-oesterreichs-aussenminister-mahnt-zu-augenmass-bei-moskau-sanktionen\/","og_locale":"de_DE","og_type":"article","og_title":"&quot;Nicht \u00fcber Ziel hinausschie\u00dfen&quot;: \u00d6sterreichs Au\u00dfenminister mahnt zu Augenma\u00df bei Moskau-Sanktionen","og_description":"Der \u00f6sterreichische Au\u00dfenminister Schallenberg sagte, Russland werde trotz seines Vorgehens in der Ukraine Teil der europ\u00e4ischen Geschichte bleiben. Man m\u00fcsse &#8220;auch an den Tag danach&#8221; denken. Deshalb warnte er in Bezug auf Sanktionen gegen Moskau vor einem extrem \u00fcbertriebenen Vorgehen. Die L\u00e4nder Europas sollten bei der Sanktionierung Russlands f\u00fcr\u00a0dessen Vorgehen in der Ukraine Augenma\u00df bewahren, [&hellip;]","og_url":"https:\/\/now-news.de\/de\/deutschland\/nicht-ueber-ziel-hinausschiessen-oesterreichs-aussenminister-mahnt-zu-augenmass-bei-moskau-sanktionen\/","og_site_name":"just-now.NEWS Deutschland","article_publisher":"https:\/\/www.facebook.com\/wirmachenauf","article_published_time":"2023-01-17T19:49:51+00:00","og_image":[{"width":460,"height":259,"url":"https:\/\/now-news.de\/de\/wp-content\/uploads\/sites\/3\/2023\/01\/quotNicht-ueber-Ziel-hinausschiessenquot-Oesterreichs-Aussenminister-mahnt-zu-Augenmass-bei.jpg","type":"image\/jpeg"}],"author":"rtnews","twitter_card":"summary_large_image","twitter_creator":"@WirMachenAuf_de","twitter_site":"@WirMachenAuf_de","twitter_misc":{"Verfasst von":"rtnews","Gesch\u00e4tzte Lesezeit":"3\u00a0Minuten"},"schema":{"@context":"https:\/\/schema.org","@graph":[{"@type":"Article","@id":"https:\/\/now-news.de\/de\/deutschland\/nicht-ueber-ziel-hinausschiessen-oesterreichs-aussenminister-mahnt-zu-augenmass-bei-moskau-sanktionen\/#article","isPartOf":{"@id":"https:\/\/now-news.de\/de\/deutschland\/nicht-ueber-ziel-hinausschiessen-oesterreichs-aussenminister-mahnt-zu-augenmass-bei-moskau-sanktionen\/"},"author":{"name":"rtnews","@id":"https:\/\/now-news.de\/de\/#\/schema\/person\/fb534a4e865501d8b3285208df34a9b5"},"headline":"&quot;Nicht \u00fcber Ziel hinausschie\u00dfen&quot;: \u00d6sterreichs Au\u00dfenminister mahnt zu Augenma\u00df bei Moskau-Sanktionen","datePublished":"2023-01-17T19:49:51+00:00","mainEntityOfPage":{"@id":"https:\/\/now-news.de\/de\/deutschland\/nicht-ueber-ziel-hinausschiessen-oesterreichs-aussenminister-mahnt-zu-augenmass-bei-moskau-sanktionen\/"},"wordCount":539,"commentCount":0,"publisher":{"@id":"https:\/\/now-news.de\/de\/#organization"},"image":{"@id":"https:\/\/now-news.de\/de\/deutschland\/nicht-ueber-ziel-hinausschiessen-oesterreichs-aussenminister-mahnt-zu-augenmass-bei-moskau-sanktionen\/#primaryimage"},"thumbnailUrl":"https:\/\/now-news.de\/de\/wp-content\/uploads\/sites\/3\/2023\/01\/quotNicht-ueber-Ziel-hinausschiessenquot-Oesterreichs-Aussenminister-mahnt-zu-Augenmass-bei.jpg","keywords":["Augenma\u00df","Au\u00dfenminister","bei","hinausschie\u00dfenquot","mahnt","MoskauSanktionen","\u00d6sterreichs","quotnicht","\u00fcber","Ziel"],"articleSection":["Deutschland","Russland"],"inLanguage":"de","potentialAction":[{"@type":"CommentAction","name":"Comment","target":["https:\/\/now-news.de\/de\/deutschland\/nicht-ueber-ziel-hinausschiessen-oesterreichs-aussenminister-mahnt-zu-augenmass-bei-moskau-sanktionen\/#respond"]}]},{"@type":"WebPage","@id":"https:\/\/now-news.de\/de\/deutschland\/nicht-ueber-ziel-hinausschiessen-oesterreichs-aussenminister-mahnt-zu-augenmass-bei-moskau-sanktionen\/","url":"https:\/\/now-news.de\/de\/deutschland\/nicht-ueber-ziel-hinausschiessen-oesterreichs-aussenminister-mahnt-zu-augenmass-bei-moskau-sanktionen\/","name":"&quot;Nicht \u00fcber Ziel hinausschie\u00dfen&quot;: \u00d6sterreichs Au\u00dfenminister mahnt zu Augenma\u00df bei Moskau-Sanktionen - just-now.NEWS Deutschland","isPartOf":{"@id":"https:\/\/now-news.de\/de\/#website"},"primaryImageOfPage":{"@id":"https:\/\/now-news.de\/de\/deutschland\/nicht-ueber-ziel-hinausschiessen-oesterreichs-aussenminister-mahnt-zu-augenmass-bei-moskau-sanktionen\/#primaryimage"},"image":{"@id":"https:\/\/now-news.de\/de\/deutschland\/nicht-ueber-ziel-hinausschiessen-oesterreichs-aussenminister-mahnt-zu-augenmass-bei-moskau-sanktionen\/#primaryimage"},"thumbnailUrl":"https:\/\/now-news.de\/de\/wp-content\/uploads\/sites\/3\/2023\/01\/quotNicht-ueber-Ziel-hinausschiessenquot-Oesterreichs-Aussenminister-mahnt-zu-Augenmass-bei.jpg","datePublished":"2023-01-17T19:49:51+00:00","breadcrumb":{"@id":"https:\/\/now-news.de\/de\/deutschland\/nicht-ueber-ziel-hinausschiessen-oesterreichs-aussenminister-mahnt-zu-augenmass-bei-moskau-sanktionen\/#breadcrumb"},"inLanguage":"de","potentialAction":[{"@type":"ReadAction","target":["https:\/\/now-news.de\/de\/deutschland\/nicht-ueber-ziel-hinausschiessen-oesterreichs-aussenminister-mahnt-zu-augenmass-bei-moskau-sanktionen\/"]}]},{"@type":"ImageObject","inLanguage":"de","@id":"https:\/\/now-news.de\/de\/deutschland\/nicht-ueber-ziel-hinausschiessen-oesterreichs-aussenminister-mahnt-zu-augenmass-bei-moskau-sanktionen\/#primaryimage","url":"https:\/\/now-news.de\/de\/wp-content\/uploads\/sites\/3\/2023\/01\/quotNicht-ueber-Ziel-hinausschiessenquot-Oesterreichs-Aussenminister-mahnt-zu-Augenmass-bei.jpg","contentUrl":"https:\/\/now-news.de\/de\/wp-content\/uploads\/sites\/3\/2023\/01\/quotNicht-ueber-Ziel-hinausschiessenquot-Oesterreichs-Aussenminister-mahnt-zu-Augenmass-bei.jpg","width":460,"height":259,"caption":"&quot;Nicht \u00fcber Ziel hinausschie\u00dfen&quot;: \u00d6sterreichs Au\u00dfenminister mahnt zu Augenma\u00df bei Moskau-Sanktionen"},{"@type":"BreadcrumbList","@id":"https:\/\/now-news.de\/de\/deutschland\/nicht-ueber-ziel-hinausschiessen-oesterreichs-aussenminister-mahnt-zu-augenmass-bei-moskau-sanktionen\/#breadcrumb","itemListElement":[{"@type":"ListItem","position":1,"name":"Home","item":"https:\/\/now-news.de\/de\/"},{"@type":"ListItem","position":2,"name":"&quot;Nicht \u00fcber Ziel hinausschie\u00dfen&quot;: \u00d6sterreichs Au\u00dfenminister mahnt zu Augenma\u00df bei Moskau-Sanktionen"}]},{"@type":"WebSite","@id":"https:\/\/now-news.de\/de\/#website","url":"https:\/\/now-news.de\/de\/","name":"just-now.NEWS Deutschland","description":"Das Portal f\u00fcr unzensierte Nachrichten aus der Welt","publisher":{"@id":"https:\/\/now-news.de\/de\/#organization"},"potentialAction":[{"@type":"SearchAction","target":{"@type":"EntryPoint","urlTemplate":"https:\/\/now-news.de\/de\/?s={search_term_string}"},"query-input":{"@type":"PropertyValueSpecification","valueRequired":true,"valueName":"search_term_string"}}],"inLanguage":"de"},{"@type":"Organization","@id":"https:\/\/now-news.de\/de\/#organization","name":"Just Now News","url":"https:\/\/now-news.de\/de\/","logo":{"@type":"ImageObject","inLanguage":"de","@id":"https:\/\/now-news.de\/de\/#\/schema\/logo\/image\/","url":"http:\/\/just-now.news\/de\/wp-content\/uploads\/sites\/3\/2022\/04\/logo500x500.jpg","contentUrl":"http:\/\/just-now.news\/de\/wp-content\/uploads\/sites\/3\/2022\/04\/logo500x500.jpg","width":500,"height":500,"caption":"Just Now News"},"image":{"@id":"https:\/\/now-news.de\/de\/#\/schema\/logo\/image\/"},"sameAs":["https:\/\/www.facebook.com\/wirmachenauf","https:\/\/x.com\/WirMachenAuf_de"]},{"@type":"Person","@id":"https:\/\/now-news.de\/de\/#\/schema\/person\/fb534a4e865501d8b3285208df34a9b5","name":"rtnews","image":{"@type":"ImageObject","inLanguage":"de","@id":"https:\/\/secure.gravatar.com\/avatar\/358fe31b3ab5769fea05376e1953329834cd9912cf9daf607e2af3076a1b982b?s=96&d=mm&r=g","url":"https:\/\/secure.gravatar.com\/avatar\/358fe31b3ab5769fea05376e1953329834cd9912cf9daf607e2af3076a1b982b?s=96&d=mm&r=g","contentUrl":"https:\/\/secure.gravatar.com\/avatar\/358fe31b3ab5769fea05376e1953329834cd9912cf9daf607e2af3076a1b982b?s=96&d=mm&r=g","caption":"rtnews"},"url":"https:\/\/now-news.de\/de\/author\/rnews\/"}]}},"_links":{"self":[{"href":"https:\/\/now-news.de\/de\/wp-json\/wp\/v2\/posts\/27969","targetHints":{"allow":["GET"]}}],"collection":[{"href":"https:\/\/now-news.de\/de\/wp-json\/wp\/v2\/posts"}],"about":[{"href":"https:\/\/now-news.de\/de\/wp-json\/wp\/v2\/types\/post"}],"author":[{"embeddable":true,"href":"https:\/\/now-news.de\/de\/wp-json\/wp\/v2\/users\/3"}],"replies":[{"embeddable":true,"href":"https:\/\/now-news.de\/de\/wp-json\/wp\/v2\/comments?post=27969"}],"version-history":[{"count":0,"href":"https:\/\/now-news.de\/de\/wp-json\/wp\/v2\/posts\/27969\/revisions"}],"wp:featuredmedia":[{"embeddable":true,"href":"https:\/\/now-news.de\/de\/wp-json\/wp\/v2\/media\/27970"}],"wp:attachment":[{"href":"https:\/\/now-news.de\/de\/wp-json\/wp\/v2\/media?parent=27969"}],"wp:term":[{"taxonomy":"category","embeddable":true,"href":"https:\/\/now-news.de\/de\/wp-json\/wp\/v2\/categories?post=27969"},{"taxonomy":"post_tag","embeddable":true,"href":"https:\/\/now-news.de\/de\/wp-json\/wp\/v2\/tags?post=27969"}],"curies":[{"name":"wp","href":"https:\/\/api.w.org\/{rel}","templated":true}]}}