{"id":27925,"date":"2023-01-17T14:56:41","date_gmt":"2023-01-17T12:56:41","guid":{"rendered":"https:\/\/just-now.news\/de\/deutschland\/uruguays-ex-praesident-lateinamerika-muss-sich-vereinen-um-gemeinsame-rechte-zu-verteidigen\/"},"modified":"2023-01-17T14:56:41","modified_gmt":"2023-01-17T12:56:41","slug":"uruguays-ex-praesident-lateinamerika-muss-sich-vereinen-um-gemeinsame-rechte-zu-verteidigen","status":"publish","type":"post","link":"https:\/\/now-news.de\/de\/deutschland\/uruguays-ex-praesident-lateinamerika-muss-sich-vereinen-um-gemeinsame-rechte-zu-verteidigen\/","title":{"rendered":"Uruguays Ex-Pr\u00e4sident: Lateinamerika muss sich vereinen, &quot;um gemeinsame Rechte zu verteidigen&quot;"},"content":{"rendered":"<p><img decoding=\"async\" src=\"http:\/\/just-now.news\/de\/wp-content\/uploads\/sites\/3\/2023\/01\/63c6732d48fbef3480539e29.jpg\" \/><\/p>\n<div class=\"Text-root Text-type_1 \">\n                Jos\u00e9 Mujica ist einer der charismatischsten Politiker in Lateinamerika. Als Pr\u00e4sident Uruguays hat er sich wegen seines bescheidenen Lebensstils den Spitznamen &#8220;\u00e4rmster Staatschef der Welt&#8221; verdient. Nun arbeitet Mujica an einem Integrationsprojekt f\u00fcr die Region.\n            <\/div>\n<p><\/p>\n<div class=\"Text-root Text-type_5 ArticleView-text ViewText-root \">\n<p>Der fr\u00fchere uruguayische Pr\u00e4sident Jos\u00e9 &#8216;Pepe&#8217; Mujica hat am Montag bekanntgegeben, dass er an einem Projekt zur Integration der lateinamerikanischen Staaten arbeite. Es handele sich um eine langfristige Politik, deren Ziel es sei, jenen Kr\u00e4ften die Stirn zu bieten, die die &#8220;traditionellen Staaten&#8221; herausforderten. Der fr\u00fchere Guerillero, der unter der Milit\u00e4rdiktatur in seinem Land 14 Jahre lang im Gef\u00e4ngnis verbracht hatte, <a rel=\"nofollow noopener\" target=\"_blank\" href=\"https:\/\/enperspectiva.uy\/home\/jose-mujica-y-la-integracion-regional-los-latinoamericanos-no-tenemos-consciencia-de-lo-que-somos-y-lo-que-podemos-jugar-por-eso-estamos-como-una-hoja-al-viento\/\">sagte<\/a> in einem Interview f\u00fcr die Radiosendung En Perspectiva:<\/p>\n<blockquote>\n<p><em>&#8220;Es geht nicht darum, die Unabh\u00e4ngigkeit zu verlieren. Es geht darum, uns zu vereinigen, um gewisse gemeinsame Rechte zu verteidigen. Dies ist geopolitisch und nicht ideologisch zu betrachten.&#8221;<\/em><\/p>\n<\/blockquote>\n<p>Der linke Politiker, der Uruguay von 2010 bis 2015 regiert hatte, erkl\u00e4rte, dass er nun versuche, seinen Integrationsplan den amtierenden Staatschefs der Region zu pr\u00e4sentieren. Ziel sei es, zu einem Konsens zu kommen.<\/p>\n<div class=\"EmbedBlock-root EmbedBlock-twitter\">\n<div class=\"TwitterEmbed\">\n<blockquote class=\"twitter-tweet lazyload\" data-twitter=\"twitter-tweet\">\n<p lang=\"es\" dir=\"ltr\">\ud83c\udfa7\ud83d\udcfa En <a rel=\"nofollow noopener\" target=\"_blank\" href=\"https:\/\/twitter.com\/hashtag\/LaTertuliaEnPerspectiva?src=hash&amp;ref_src=twsrc%5Etfw\">#LaTertuliaEnPerspectiva<\/a> de este lunes, con <a rel=\"nofollow noopener\" target=\"_blank\" href=\"https:\/\/twitter.com\/mbrechner?ref_src=twsrc%5Etfw\">@mbrechner<\/a>, <a rel=\"nofollow noopener\" target=\"_blank\" href=\"https:\/\/twitter.com\/Martinjbueno?ref_src=twsrc%5Etfw\">@Martinjbueno<\/a>, <a rel=\"nofollow noopener\" target=\"_blank\" href=\"https:\/\/twitter.com\/IrazabalDiego?ref_src=twsrc%5Etfw\">@IrazabalDiego<\/a> y <a rel=\"nofollow noopener\" target=\"_blank\" href=\"https:\/\/twitter.com\/EleonoraNavatta?ref_src=twsrc%5Etfw\">@EleonoraNavatta<\/a>:Mujica promueve un proyecto de integraci\u00f3n regional que incluye circulaci\u00f3n sin pasaporte en Am\u00e9rica Latina, himno y bandera\ud83d\udc49 <a rel=\"nofollow noopener\" target=\"_blank\" href=\"https:\/\/t.co\/I4FwRmnjtc\">https:\/\/t.co\/I4FwRmnjtc<\/a><a rel=\"nofollow noopener\" target=\"_blank\" href=\"https:\/\/t.co\/Fhf2B6aack\">pic.twitter.com\/Fhf2B6aack<\/a><\/p>\n<p>\u2014 En Perspectiva (@enperspectivauy) <a rel=\"nofollow noopener\" target=\"_blank\" href=\"https:\/\/twitter.com\/enperspectivauy\/status\/1615066619704737792?ref_src=twsrc%5Etfw\">January 16, 2023<\/a><\/p><\/blockquote>\n<\/div>\n<\/div>\n<p>Unter seinen Initiativen nannte der fr\u00fchere Pr\u00e4sident eine gemeinsame Hymne und eine gemeinsame Flagge f\u00fcr Lateinamerika sowie freien B\u00fcrger- und Warenverkehr nach dem Beispiel der Europ\u00e4ischen Union. Au\u00dferdem sollte jeder in jedem Land des Kontinents seinem Beruf nachgehen k\u00f6nnen, ohne sein Diplom best\u00e4tigen zu m\u00fcssen. Dar\u00fcber hinaus sollte in den spanischsprachigen L\u00e4ndern der Region Portugiesisch und in Brasilien Spanisch unterrichtet werden.<\/p>\n<p>Mujica zufolge sollte man mit &#8220;kleinen, aber systemhaften Dingen&#8221; beginnen, die den lateinamerikanischen L\u00e4ndern Vorteile bringen und dazu beitragen w\u00fcrden, &#8220;eine Kultur&#8221; zu schaffen. Der linke Politiker rief gleichzeitig dazu auf, sein Projekt nicht zu politisieren. Die Integration gehe \u00fcber die Differenzen zwischen Links und Rechts hinaus. Es sei vielmehr eine Existenzfrage, eine Frage danach, ob man in der k\u00fcnftigen Welt existiere oder nicht.<\/p>\n<blockquote>\n<p><em>&#8220;Das Problem ist, dass wir selbst als Lateinamerikaner keine Ahnung davon haben, was wir sind und welche Rolle wir spielen k\u00f6nnen. Daher sind wir wie ein Blatt im Wind.&#8221;<\/em><\/p>\n<\/blockquote>\n<p>Zugleich betonte der Politiker, dass die Welt Lateinamerika sehr brauche. Man werde aber die L\u00e4nder der Region nicht anerkennen, solange sie au\u00dfer Stande seien, ihre Anerkennung durchzusetzen.<\/p>\n<p><strong>Mehr zum Thema<\/strong> &#8211; <a rel=\"nofollow noopener\" target=\"_blank\" href=\"https:\/\/de.rt.com\/meinung\/159054-brasilien-quo-vadis-mit-lula-da-silva\/\">Brasilien \u2013 Quo vadis mit Lula da Silva?<\/a><\/p>\n<\/div>\n<p><script async src=\"https:\/\/platform.twitter.com\/widgets.js\" charset=\"utf-8\"><\/script><br \/>\n<br \/><br \/>\n<br \/><a href=\"https:\/\/de.rt.com\/amerika\/160114-uruguays-ex-praesident-mujica-erarbeitet-vorschlaege-fuer-integration-in-lateinamerika\/\">Source link <\/a><\/p>\n","protected":false},"excerpt":{"rendered":"<p>Jos\u00e9 Mujica ist einer der charismatischsten Politiker in Lateinamerika. Als Pr\u00e4sident Uruguays hat er sich wegen seines bescheidenen Lebensstils den Spitznamen &#8220;\u00e4rmster Staatschef der Welt&#8221; verdient. Nun arbeitet Mujica an einem Integrationsprojekt f\u00fcr die Region. Der fr\u00fchere uruguayische Pr\u00e4sident Jos\u00e9 &#8216;Pepe&#8217; Mujica hat am Montag bekanntgegeben, dass er an einem Projekt zur Integration der lateinamerikanischen [&hellip;]<\/p>\n","protected":false},"author":3,"featured_media":27926,"comment_status":"open","ping_status":"open","sticky":false,"template":"","format":"standard","meta":{"_yoast_indexnow_last_ping":["1673960243"],"wp_automatic_camp":["217"],"bf8be5fedb3d0938c6f874de763c18bb":["Uruguays Ex-Pr\u00e4sident: Lateinamerika muss sich vereinen, &quot;um gemeinsame Rechte zu verteidigen&quot;"],"original_link":["https:\/\/de.rt.com\/amerika\/160114-uruguays-ex-praesident-mujica-erarbeitet-vorschlaege-fuer-integration-in-lateinamerika\/"],"_thumbnail_id":["27926"],"jnews_social_counter_last_update":["1777563125"],"_wptgpro_p2tg_sent2tg":["a:1:{i:23737;s:19:\"2023-01-17 15:00:08\";}"]},"categories":[19,23],"tags":[3104,21722,4853,534,2024,143,434,28802,10431,24591],"yoast_head":"<!-- This site is optimized with the Yoast SEO Premium plugin v22.7 (Yoast SEO v22.7) - https:\/\/yoast.com\/wordpress\/plugins\/seo\/ -->\n<title>Uruguays Ex-Pr\u00e4sident: Lateinamerika muss sich vereinen, &quot;um gemeinsame Rechte zu verteidigen&quot; - just-now.NEWS Deutschland<\/title>\n<meta name=\"robots\" content=\"index, follow, max-snippet:-1, max-image-preview:large, max-video-preview:-1\" \/>\n<link rel=\"canonical\" href=\"https:\/\/now-news.de\/de\/deutschland\/uruguays-ex-praesident-lateinamerika-muss-sich-vereinen-um-gemeinsame-rechte-zu-verteidigen\/\" \/>\n<meta property=\"og:locale\" content=\"de_DE\" \/>\n<meta property=\"og:type\" content=\"article\" \/>\n<meta property=\"og:title\" content=\"Uruguays Ex-Pr\u00e4sident: Lateinamerika muss sich vereinen, &quot;um gemeinsame Rechte zu verteidigen&quot;\" \/>\n<meta property=\"og:description\" content=\"Jos\u00e9 Mujica ist einer der charismatischsten Politiker in Lateinamerika. Als Pr\u00e4sident Uruguays hat er sich wegen seines bescheidenen Lebensstils den Spitznamen &#8220;\u00e4rmster Staatschef der Welt&#8221; verdient. Nun arbeitet Mujica an einem Integrationsprojekt f\u00fcr die Region. Der fr\u00fchere uruguayische Pr\u00e4sident Jos\u00e9 &#8216;Pepe&#8217; Mujica hat am Montag bekanntgegeben, dass er an einem Projekt zur Integration der lateinamerikanischen [&hellip;]\" \/>\n<meta property=\"og:url\" content=\"https:\/\/now-news.de\/de\/deutschland\/uruguays-ex-praesident-lateinamerika-muss-sich-vereinen-um-gemeinsame-rechte-zu-verteidigen\/\" \/>\n<meta property=\"og:site_name\" content=\"just-now.NEWS Deutschland\" \/>\n<meta property=\"article:publisher\" content=\"https:\/\/www.facebook.com\/wirmachenauf\" \/>\n<meta property=\"article:published_time\" content=\"2023-01-17T12:56:41+00:00\" \/>\n<meta property=\"og:image\" content=\"https:\/\/now-news.de\/de\/wp-content\/uploads\/sites\/3\/2023\/01\/Uruguays-Ex-Praesident-Lateinamerika-muss-sich-vereinen-quotum-gemeinsame-Rechte-zu.jpg\" \/>\n\t<meta property=\"og:image:width\" content=\"460\" \/>\n\t<meta property=\"og:image:height\" content=\"259\" \/>\n\t<meta property=\"og:image:type\" content=\"image\/jpeg\" \/>\n<meta name=\"author\" content=\"rtnews\" \/>\n<meta name=\"twitter:card\" content=\"summary_large_image\" \/>\n<meta name=\"twitter:creator\" content=\"@WirMachenAuf_de\" \/>\n<meta name=\"twitter:site\" content=\"@WirMachenAuf_de\" \/>\n<meta name=\"twitter:label1\" content=\"Verfasst von\" \/>\n\t<meta name=\"twitter:data1\" content=\"rtnews\" \/>\n\t<meta name=\"twitter:label2\" content=\"Gesch\u00e4tzte Lesezeit\" \/>\n\t<meta name=\"twitter:data2\" content=\"2\u00a0Minuten\" \/>\n<script type=\"application\/ld+json\" class=\"yoast-schema-graph\">{\"@context\":\"https:\/\/schema.org\",\"@graph\":[{\"@type\":\"Article\",\"@id\":\"https:\/\/now-news.de\/de\/deutschland\/uruguays-ex-praesident-lateinamerika-muss-sich-vereinen-um-gemeinsame-rechte-zu-verteidigen\/#article\",\"isPartOf\":{\"@id\":\"https:\/\/now-news.de\/de\/deutschland\/uruguays-ex-praesident-lateinamerika-muss-sich-vereinen-um-gemeinsame-rechte-zu-verteidigen\/\"},\"author\":{\"name\":\"rtnews\",\"@id\":\"https:\/\/now-news.de\/de\/#\/schema\/person\/fb534a4e865501d8b3285208df34a9b5\"},\"headline\":\"Uruguays Ex-Pr\u00e4sident: Lateinamerika muss sich vereinen, &quot;um gemeinsame Rechte zu verteidigen&quot;\",\"datePublished\":\"2023-01-17T12:56:41+00:00\",\"dateModified\":\"2023-01-17T12:56:41+00:00\",\"mainEntityOfPage\":{\"@id\":\"https:\/\/now-news.de\/de\/deutschland\/uruguays-ex-praesident-lateinamerika-muss-sich-vereinen-um-gemeinsame-rechte-zu-verteidigen\/\"},\"wordCount\":448,\"commentCount\":0,\"publisher\":{\"@id\":\"https:\/\/now-news.de\/de\/#organization\"},\"image\":{\"@id\":\"https:\/\/now-news.de\/de\/deutschland\/uruguays-ex-praesident-lateinamerika-muss-sich-vereinen-um-gemeinsame-rechte-zu-verteidigen\/#primaryimage\"},\"thumbnailUrl\":\"https:\/\/now-news.de\/de\/wp-content\/uploads\/sites\/3\/2023\/01\/Uruguays-Ex-Praesident-Lateinamerika-muss-sich-vereinen-quotum-gemeinsame-Rechte-zu.jpg\",\"keywords\":[\"ExPr\u00e4sident\",\"gemeinsame\",\"Lateinamerika\",\"muss\",\"quotUm\",\"Rechte\",\"sich\",\"Uruguays\",\"vereinen\",\"verteidigenquot\"],\"articleSection\":[\"Deutschland\",\"Russland\"],\"inLanguage\":\"de\",\"potentialAction\":[{\"@type\":\"CommentAction\",\"name\":\"Comment\",\"target\":[\"https:\/\/now-news.de\/de\/deutschland\/uruguays-ex-praesident-lateinamerika-muss-sich-vereinen-um-gemeinsame-rechte-zu-verteidigen\/#respond\"]}]},{\"@type\":\"WebPage\",\"@id\":\"https:\/\/now-news.de\/de\/deutschland\/uruguays-ex-praesident-lateinamerika-muss-sich-vereinen-um-gemeinsame-rechte-zu-verteidigen\/\",\"url\":\"https:\/\/now-news.de\/de\/deutschland\/uruguays-ex-praesident-lateinamerika-muss-sich-vereinen-um-gemeinsame-rechte-zu-verteidigen\/\",\"name\":\"Uruguays Ex-Pr\u00e4sident: Lateinamerika muss sich vereinen, &quot;um gemeinsame Rechte zu verteidigen&quot; - just-now.NEWS Deutschland\",\"isPartOf\":{\"@id\":\"https:\/\/now-news.de\/de\/#website\"},\"primaryImageOfPage\":{\"@id\":\"https:\/\/now-news.de\/de\/deutschland\/uruguays-ex-praesident-lateinamerika-muss-sich-vereinen-um-gemeinsame-rechte-zu-verteidigen\/#primaryimage\"},\"image\":{\"@id\":\"https:\/\/now-news.de\/de\/deutschland\/uruguays-ex-praesident-lateinamerika-muss-sich-vereinen-um-gemeinsame-rechte-zu-verteidigen\/#primaryimage\"},\"thumbnailUrl\":\"https:\/\/now-news.de\/de\/wp-content\/uploads\/sites\/3\/2023\/01\/Uruguays-Ex-Praesident-Lateinamerika-muss-sich-vereinen-quotum-gemeinsame-Rechte-zu.jpg\",\"datePublished\":\"2023-01-17T12:56:41+00:00\",\"dateModified\":\"2023-01-17T12:56:41+00:00\",\"breadcrumb\":{\"@id\":\"https:\/\/now-news.de\/de\/deutschland\/uruguays-ex-praesident-lateinamerika-muss-sich-vereinen-um-gemeinsame-rechte-zu-verteidigen\/#breadcrumb\"},\"inLanguage\":\"de\",\"potentialAction\":[{\"@type\":\"ReadAction\",\"target\":[\"https:\/\/now-news.de\/de\/deutschland\/uruguays-ex-praesident-lateinamerika-muss-sich-vereinen-um-gemeinsame-rechte-zu-verteidigen\/\"]}]},{\"@type\":\"ImageObject\",\"inLanguage\":\"de\",\"@id\":\"https:\/\/now-news.de\/de\/deutschland\/uruguays-ex-praesident-lateinamerika-muss-sich-vereinen-um-gemeinsame-rechte-zu-verteidigen\/#primaryimage\",\"url\":\"https:\/\/now-news.de\/de\/wp-content\/uploads\/sites\/3\/2023\/01\/Uruguays-Ex-Praesident-Lateinamerika-muss-sich-vereinen-quotum-gemeinsame-Rechte-zu.jpg\",\"contentUrl\":\"https:\/\/now-news.de\/de\/wp-content\/uploads\/sites\/3\/2023\/01\/Uruguays-Ex-Praesident-Lateinamerika-muss-sich-vereinen-quotum-gemeinsame-Rechte-zu.jpg\",\"width\":460,\"height\":259,\"caption\":\"Uruguays Ex-Pr\u00e4sident: Lateinamerika muss sich vereinen, &quot;um gemeinsame Rechte zu verteidigen&quot;\"},{\"@type\":\"BreadcrumbList\",\"@id\":\"https:\/\/now-news.de\/de\/deutschland\/uruguays-ex-praesident-lateinamerika-muss-sich-vereinen-um-gemeinsame-rechte-zu-verteidigen\/#breadcrumb\",\"itemListElement\":[{\"@type\":\"ListItem\",\"position\":1,\"name\":\"Home\",\"item\":\"https:\/\/now-news.de\/de\/\"},{\"@type\":\"ListItem\",\"position\":2,\"name\":\"Uruguays Ex-Pr\u00e4sident: Lateinamerika muss sich vereinen, &quot;um gemeinsame Rechte zu verteidigen&quot;\"}]},{\"@type\":\"WebSite\",\"@id\":\"https:\/\/now-news.de\/de\/#website\",\"url\":\"https:\/\/now-news.de\/de\/\",\"name\":\"just-now.NEWS Deutschland\",\"description\":\"Das Portal f\u00fcr unzensierte Nachrichten aus der Welt\",\"publisher\":{\"@id\":\"https:\/\/now-news.de\/de\/#organization\"},\"potentialAction\":[{\"@type\":\"SearchAction\",\"target\":{\"@type\":\"EntryPoint\",\"urlTemplate\":\"https:\/\/now-news.de\/de\/?s={search_term_string}\"},\"query-input\":\"required name=search_term_string\"}],\"inLanguage\":\"de\"},{\"@type\":\"Organization\",\"@id\":\"https:\/\/now-news.de\/de\/#organization\",\"name\":\"Just Now News\",\"url\":\"https:\/\/now-news.de\/de\/\",\"logo\":{\"@type\":\"ImageObject\",\"inLanguage\":\"de\",\"@id\":\"https:\/\/now-news.de\/de\/#\/schema\/logo\/image\/\",\"url\":\"http:\/\/just-now.news\/de\/wp-content\/uploads\/sites\/3\/2022\/04\/logo500x500.jpg\",\"contentUrl\":\"http:\/\/just-now.news\/de\/wp-content\/uploads\/sites\/3\/2022\/04\/logo500x500.jpg\",\"width\":500,\"height\":500,\"caption\":\"Just Now News\"},\"image\":{\"@id\":\"https:\/\/now-news.de\/de\/#\/schema\/logo\/image\/\"},\"sameAs\":[\"https:\/\/www.facebook.com\/wirmachenauf\",\"https:\/\/x.com\/WirMachenAuf_de\"]},{\"@type\":\"Person\",\"@id\":\"https:\/\/now-news.de\/de\/#\/schema\/person\/fb534a4e865501d8b3285208df34a9b5\",\"name\":\"rtnews\",\"image\":{\"@type\":\"ImageObject\",\"inLanguage\":\"de\",\"@id\":\"https:\/\/now-news.de\/de\/#\/schema\/person\/image\/\",\"url\":\"https:\/\/secure.gravatar.com\/avatar\/82aafea7d8127119dd649515f56e2117?s=96&d=mm&r=g\",\"contentUrl\":\"https:\/\/secure.gravatar.com\/avatar\/82aafea7d8127119dd649515f56e2117?s=96&d=mm&r=g\",\"caption\":\"rtnews\"},\"url\":\"https:\/\/now-news.de\/de\/author\/rnews\/\"}]}<\/script>\n<!-- \/ Yoast SEO Premium plugin. -->","yoast_head_json":{"title":"Uruguays Ex-Pr\u00e4sident: Lateinamerika muss sich vereinen, &quot;um gemeinsame Rechte zu verteidigen&quot; - just-now.NEWS Deutschland","robots":{"index":"index","follow":"follow","max-snippet":"max-snippet:-1","max-image-preview":"max-image-preview:large","max-video-preview":"max-video-preview:-1"},"canonical":"https:\/\/now-news.de\/de\/deutschland\/uruguays-ex-praesident-lateinamerika-muss-sich-vereinen-um-gemeinsame-rechte-zu-verteidigen\/","og_locale":"de_DE","og_type":"article","og_title":"Uruguays Ex-Pr\u00e4sident: Lateinamerika muss sich vereinen, &quot;um gemeinsame Rechte zu verteidigen&quot;","og_description":"Jos\u00e9 Mujica ist einer der charismatischsten Politiker in Lateinamerika. Als Pr\u00e4sident Uruguays hat er sich wegen seines bescheidenen Lebensstils den Spitznamen &#8220;\u00e4rmster Staatschef der Welt&#8221; verdient. Nun arbeitet Mujica an einem Integrationsprojekt f\u00fcr die Region. Der fr\u00fchere uruguayische Pr\u00e4sident Jos\u00e9 &#8216;Pepe&#8217; Mujica hat am Montag bekanntgegeben, dass er an einem Projekt zur Integration der lateinamerikanischen [&hellip;]","og_url":"https:\/\/now-news.de\/de\/deutschland\/uruguays-ex-praesident-lateinamerika-muss-sich-vereinen-um-gemeinsame-rechte-zu-verteidigen\/","og_site_name":"just-now.NEWS Deutschland","article_publisher":"https:\/\/www.facebook.com\/wirmachenauf","article_published_time":"2023-01-17T12:56:41+00:00","og_image":[{"width":460,"height":259,"url":"https:\/\/now-news.de\/de\/wp-content\/uploads\/sites\/3\/2023\/01\/Uruguays-Ex-Praesident-Lateinamerika-muss-sich-vereinen-quotum-gemeinsame-Rechte-zu.jpg","type":"image\/jpeg"}],"author":"rtnews","twitter_card":"summary_large_image","twitter_creator":"@WirMachenAuf_de","twitter_site":"@WirMachenAuf_de","twitter_misc":{"Verfasst von":"rtnews","Gesch\u00e4tzte Lesezeit":"2\u00a0Minuten"},"schema":{"@context":"https:\/\/schema.org","@graph":[{"@type":"Article","@id":"https:\/\/now-news.de\/de\/deutschland\/uruguays-ex-praesident-lateinamerika-muss-sich-vereinen-um-gemeinsame-rechte-zu-verteidigen\/#article","isPartOf":{"@id":"https:\/\/now-news.de\/de\/deutschland\/uruguays-ex-praesident-lateinamerika-muss-sich-vereinen-um-gemeinsame-rechte-zu-verteidigen\/"},"author":{"name":"rtnews","@id":"https:\/\/now-news.de\/de\/#\/schema\/person\/fb534a4e865501d8b3285208df34a9b5"},"headline":"Uruguays Ex-Pr\u00e4sident: Lateinamerika muss sich vereinen, &quot;um gemeinsame Rechte zu verteidigen&quot;","datePublished":"2023-01-17T12:56:41+00:00","dateModified":"2023-01-17T12:56:41+00:00","mainEntityOfPage":{"@id":"https:\/\/now-news.de\/de\/deutschland\/uruguays-ex-praesident-lateinamerika-muss-sich-vereinen-um-gemeinsame-rechte-zu-verteidigen\/"},"wordCount":448,"commentCount":0,"publisher":{"@id":"https:\/\/now-news.de\/de\/#organization"},"image":{"@id":"https:\/\/now-news.de\/de\/deutschland\/uruguays-ex-praesident-lateinamerika-muss-sich-vereinen-um-gemeinsame-rechte-zu-verteidigen\/#primaryimage"},"thumbnailUrl":"https:\/\/now-news.de\/de\/wp-content\/uploads\/sites\/3\/2023\/01\/Uruguays-Ex-Praesident-Lateinamerika-muss-sich-vereinen-quotum-gemeinsame-Rechte-zu.jpg","keywords":["ExPr\u00e4sident","gemeinsame","Lateinamerika","muss","quotUm","Rechte","sich","Uruguays","vereinen","verteidigenquot"],"articleSection":["Deutschland","Russland"],"inLanguage":"de","potentialAction":[{"@type":"CommentAction","name":"Comment","target":["https:\/\/now-news.de\/de\/deutschland\/uruguays-ex-praesident-lateinamerika-muss-sich-vereinen-um-gemeinsame-rechte-zu-verteidigen\/#respond"]}]},{"@type":"WebPage","@id":"https:\/\/now-news.de\/de\/deutschland\/uruguays-ex-praesident-lateinamerika-muss-sich-vereinen-um-gemeinsame-rechte-zu-verteidigen\/","url":"https:\/\/now-news.de\/de\/deutschland\/uruguays-ex-praesident-lateinamerika-muss-sich-vereinen-um-gemeinsame-rechte-zu-verteidigen\/","name":"Uruguays Ex-Pr\u00e4sident: Lateinamerika muss sich vereinen, &quot;um gemeinsame Rechte zu verteidigen&quot; - just-now.NEWS Deutschland","isPartOf":{"@id":"https:\/\/now-news.de\/de\/#website"},"primaryImageOfPage":{"@id":"https:\/\/now-news.de\/de\/deutschland\/uruguays-ex-praesident-lateinamerika-muss-sich-vereinen-um-gemeinsame-rechte-zu-verteidigen\/#primaryimage"},"image":{"@id":"https:\/\/now-news.de\/de\/deutschland\/uruguays-ex-praesident-lateinamerika-muss-sich-vereinen-um-gemeinsame-rechte-zu-verteidigen\/#primaryimage"},"thumbnailUrl":"https:\/\/now-news.de\/de\/wp-content\/uploads\/sites\/3\/2023\/01\/Uruguays-Ex-Praesident-Lateinamerika-muss-sich-vereinen-quotum-gemeinsame-Rechte-zu.jpg","datePublished":"2023-01-17T12:56:41+00:00","dateModified":"2023-01-17T12:56:41+00:00","breadcrumb":{"@id":"https:\/\/now-news.de\/de\/deutschland\/uruguays-ex-praesident-lateinamerika-muss-sich-vereinen-um-gemeinsame-rechte-zu-verteidigen\/#breadcrumb"},"inLanguage":"de","potentialAction":[{"@type":"ReadAction","target":["https:\/\/now-news.de\/de\/deutschland\/uruguays-ex-praesident-lateinamerika-muss-sich-vereinen-um-gemeinsame-rechte-zu-verteidigen\/"]}]},{"@type":"ImageObject","inLanguage":"de","@id":"https:\/\/now-news.de\/de\/deutschland\/uruguays-ex-praesident-lateinamerika-muss-sich-vereinen-um-gemeinsame-rechte-zu-verteidigen\/#primaryimage","url":"https:\/\/now-news.de\/de\/wp-content\/uploads\/sites\/3\/2023\/01\/Uruguays-Ex-Praesident-Lateinamerika-muss-sich-vereinen-quotum-gemeinsame-Rechte-zu.jpg","contentUrl":"https:\/\/now-news.de\/de\/wp-content\/uploads\/sites\/3\/2023\/01\/Uruguays-Ex-Praesident-Lateinamerika-muss-sich-vereinen-quotum-gemeinsame-Rechte-zu.jpg","width":460,"height":259,"caption":"Uruguays Ex-Pr\u00e4sident: Lateinamerika muss sich vereinen, &quot;um gemeinsame Rechte zu verteidigen&quot;"},{"@type":"BreadcrumbList","@id":"https:\/\/now-news.de\/de\/deutschland\/uruguays-ex-praesident-lateinamerika-muss-sich-vereinen-um-gemeinsame-rechte-zu-verteidigen\/#breadcrumb","itemListElement":[{"@type":"ListItem","position":1,"name":"Home","item":"https:\/\/now-news.de\/de\/"},{"@type":"ListItem","position":2,"name":"Uruguays Ex-Pr\u00e4sident: Lateinamerika muss sich vereinen, &quot;um gemeinsame Rechte zu verteidigen&quot;"}]},{"@type":"WebSite","@id":"https:\/\/now-news.de\/de\/#website","url":"https:\/\/now-news.de\/de\/","name":"just-now.NEWS Deutschland","description":"Das Portal f\u00fcr unzensierte Nachrichten aus der Welt","publisher":{"@id":"https:\/\/now-news.de\/de\/#organization"},"potentialAction":[{"@type":"SearchAction","target":{"@type":"EntryPoint","urlTemplate":"https:\/\/now-news.de\/de\/?s={search_term_string}"},"query-input":"required name=search_term_string"}],"inLanguage":"de"},{"@type":"Organization","@id":"https:\/\/now-news.de\/de\/#organization","name":"Just Now News","url":"https:\/\/now-news.de\/de\/","logo":{"@type":"ImageObject","inLanguage":"de","@id":"https:\/\/now-news.de\/de\/#\/schema\/logo\/image\/","url":"http:\/\/just-now.news\/de\/wp-content\/uploads\/sites\/3\/2022\/04\/logo500x500.jpg","contentUrl":"http:\/\/just-now.news\/de\/wp-content\/uploads\/sites\/3\/2022\/04\/logo500x500.jpg","width":500,"height":500,"caption":"Just Now News"},"image":{"@id":"https:\/\/now-news.de\/de\/#\/schema\/logo\/image\/"},"sameAs":["https:\/\/www.facebook.com\/wirmachenauf","https:\/\/x.com\/WirMachenAuf_de"]},{"@type":"Person","@id":"https:\/\/now-news.de\/de\/#\/schema\/person\/fb534a4e865501d8b3285208df34a9b5","name":"rtnews","image":{"@type":"ImageObject","inLanguage":"de","@id":"https:\/\/now-news.de\/de\/#\/schema\/person\/image\/","url":"https:\/\/secure.gravatar.com\/avatar\/82aafea7d8127119dd649515f56e2117?s=96&d=mm&r=g","contentUrl":"https:\/\/secure.gravatar.com\/avatar\/82aafea7d8127119dd649515f56e2117?s=96&d=mm&r=g","caption":"rtnews"},"url":"https:\/\/now-news.de\/de\/author\/rnews\/"}]}},"_links":{"self":[{"href":"https:\/\/now-news.de\/de\/wp-json\/wp\/v2\/posts\/27925"}],"collection":[{"href":"https:\/\/now-news.de\/de\/wp-json\/wp\/v2\/posts"}],"about":[{"href":"https:\/\/now-news.de\/de\/wp-json\/wp\/v2\/types\/post"}],"author":[{"embeddable":true,"href":"https:\/\/now-news.de\/de\/wp-json\/wp\/v2\/users\/3"}],"replies":[{"embeddable":true,"href":"https:\/\/now-news.de\/de\/wp-json\/wp\/v2\/comments?post=27925"}],"version-history":[{"count":0,"href":"https:\/\/now-news.de\/de\/wp-json\/wp\/v2\/posts\/27925\/revisions"}],"wp:featuredmedia":[{"embeddable":true,"href":"https:\/\/now-news.de\/de\/wp-json\/wp\/v2\/media\/27926"}],"wp:attachment":[{"href":"https:\/\/now-news.de\/de\/wp-json\/wp\/v2\/media?parent=27925"}],"wp:term":[{"taxonomy":"category","embeddable":true,"href":"https:\/\/now-news.de\/de\/wp-json\/wp\/v2\/categories?post=27925"},{"taxonomy":"post_tag","embeddable":true,"href":"https:\/\/now-news.de\/de\/wp-json\/wp\/v2\/tags?post=27925"}],"curies":[{"name":"wp","href":"https:\/\/api.w.org\/{rel}","templated":true}]}}