{"id":27921,"date":"2023-01-17T14:16:49","date_gmt":"2023-01-17T12:16:49","guid":{"rendered":"https:\/\/just-now.news\/de\/deutschland\/alles-ruhig-an-der-panischen-westfront-pepe-escobar-ueber-weltwirtschaftsforum-in-davos\/"},"modified":"2023-01-17T14:16:49","modified_gmt":"2023-01-17T12:16:49","slug":"alles-ruhig-an-der-panischen-westfront-pepe-escobar-ueber-weltwirtschaftsforum-in-davos","status":"publish","type":"post","link":"https:\/\/now-news.de\/de\/deutschland\/alles-ruhig-an-der-panischen-westfront-pepe-escobar-ueber-weltwirtschaftsforum-in-davos\/","title":{"rendered":"Alles ruhig an der (panischen) Westfront \u2013 Pepe Escobar \u00fcber Weltwirtschaftsforum in Davos"},"content":{"rendered":"<p><img decoding=\"async\" src=\"http:\/\/just-now.news\/de\/wp-content\/uploads\/sites\/3\/2023\/01\/63c6918eb480cc2983667598.jpg\" \/><\/p>\n<div class=\"Text-root Text-type_1 \">\n                Ton! Kamera! Action! \u2013 und dann Reset. Die Freakshow des Weltwirtschaftsforums (WEF) in Davos steht seit Montag wieder im Rampenlicht. Pepe Escobar hat das diesj\u00e4hrige Programm genauer unter die Lupe genommen: Es sagt einiges \u00fcber den Geisteszustand der &#8220;Welteliten&#8221;.\n            <\/div>\n<p><\/p>\n<div class=\"Text-root Text-type_5 ArticleView-text ViewText-root \">\n<p><em>Von Pepe Escobar<\/em><\/p>\n<p>Die Mainstream-Medien des kollektiven Westens werden unisono eine Woche lang ununterbrochen alle &#8220;News&#8221; verbreiten, die zum Drucken oder Senden geeignet sind, um in immer neuen Deklinationen den &#8220;<a rel=\"nofollow noopener\" target=\"_blank\" href=\"https:\/\/www.weforum.org\/great-reset\/\">Great Reset<\/a>&#8221; anzupreisen, neu umbenannt in &#8220;The Great Narrative&#8221;, und als wohlwollendes <a rel=\"nofollow noopener\" target=\"_blank\" href=\"https:\/\/www.weforum.org\/agenda\/2021\/01\/klaus-schwab-on-what-is-stakeholder-capitalism-history-relevance\/\">Angebot<\/a> des &#8220;nachhaltigen Kapitalismus&#8221; besch\u00f6nigen. Dies sind grob die Leitplanken einer zwielichtigen NGO, die im schweizerischen Cologny registriert ist, einem vornehmen Vorort von Genf.<\/p>\n<p>Die Liste der Teilnehmer beim diesj\u00e4hrigen WEF war ordnungsgem\u00e4\u00df im Voraus <a rel=\"nofollow noopener\" target=\"_blank\" href=\"https:\/\/dossier.substack.com\/p\/us-delegation-to-davos-revealed-includes\">durchgesickert<\/a> und k\u00fcndigte ein Festival angloamerikanischer Einzigartigkeit an, erg\u00e4nzt durch die Granden aus den Geheimdiensten, wie der US-Direktorin der nationalen Nachrichtendienste, Avril &#8220;Madam Folter&#8221; Haines, Richard Moore, dem Leiter des britischen MI6, und dem Direktor des FBI, Christopher Wray.<\/p>\n<p>Ganze Enzyklop\u00e4dien k\u00f6nnten \u00fcber die Pathologie von Davos geschrieben werden, wo eine beachtliche Liste von Multimilliard\u00e4ren, Staatsoberh\u00e4uptern und Lieblingen aus Finanz- und Wirtschaftsunternehmen, die sich weitgehend im Besitz von BlackRock, Vanguard, State Street und Konsorten befinden, zusammenkommen, um sich beim Verkauf von dystopischer Demenz an die ahnungslosen Massen &#8220;zu engagieren&#8221;.<\/p>\n<p>Aber kommen wir zur Sache, und fokussieren wir uns auf ein paar Veranstaltungen des diesj\u00e4hrigen WEF \u2013 die man leicht mit <a rel=\"nofollow noopener\" target=\"_blank\" href=\"https:\/\/www.weforum.org\/events\/world-economic-forum-annual-meeting-2023\/programme\">Gespr\u00e4chen aus dem Fegefeuer<\/a> verwechselt k\u00f6nnte.<\/p>\n<p>Die Liste vom Dienstag, 17. Januar, ist besonders ansprechend. Sie enth\u00e4lt eine Veranstaltung mit dem Titel &#8220;De-Globalisierung oder Re-Globalisierung?&#8221; mit den Referenten Ian Bremmer, Adam Tooze, Niall Ferguson, P\u00e9ter Szijj\u00e1rt\u00f3 und Ngaire Woods. Drei Transatlantiker und Vertreter der &#8220;westlichen Einzigartigkeit&#8221; stechen dabei hervor, insbesondere der ultragiftige Historiker Ferguson.<\/p>\n<p>Nach einer Veranstaltung &#8220;Zur Verteidigung Europas&#8221; mit einer Reihe von Nullen auf dem Podium, darunter Andrzej Duda aus Polen, werden die Teilnehmer mit einer Spezialdarbietung direkt aus der H\u00f6lle begr\u00fc\u00dft, in der keine andere als die Domina der Europ\u00e4ischen Union, Ursula von der Leyen, auftreten wird \u2013 in einem Duett an der Seite von WEF-Drahtzieher und Dritte-Reich-Nacheiferer Klaus &#8220;Nosferatu&#8221; Schwab. Ger\u00fcchten zufolge soll Luzifer in seiner unterirdischen Bleibe vor Neid gr\u00fcn angelaufen sein.<\/p>\n<p>Dann sind da nat\u00fcrlich auch die Veranstaltungen &#8220;Ukraine: Wie weiter?&#8221; mit einer weiteren Ansammlung von Nichtigkeiten auf dem Podium sowie &#8220;Krieg in Europa: Das Jahr zwei&#8221; mit Maia Sandu aus Moldawien und dem finnischen Partygirl Sanna Marin.<\/p>\n<p>In der Rubrik Kriegsverbrecher nimmt die Veranstaltung &#8220;Ein Gespr\u00e4ch mit Henry Kissinger: Historische Perspektiven zum Krieg&#8221; einen Ehrenplatz ein, bei der Dr. Kissinger alle seine Versionen von Teilen und Herrschen verh\u00f6kern wird. Zus\u00e4tzlicher Schwefelgeruch wird dabei von Graham Allison von der Harvard University bereitgestellt. Anschlie\u00dfend wird man Bundeskanzler Olaf Scholz lauschen k\u00f6nnen, Seite an Seite mit Nosferatu, und dabei hoffen, dass er nicht \u2013 buchst\u00e4blich \u2013 gegrillt wird.<\/p>\n<p>Dann, am Mittwoch, dem 18. Januar, kommt es zur K\u00f6nigsdisziplin: &#8220;Wiederherstellung von Sicherheit und Frieden&#8221; mit den Rednern Fareed Zakaria, dem Lieblingsbraunen des US-Establishments, Jens &#8220;Krieg ist Frieden&#8221; Stoltenberg von der NATO, Andrzej Duda \u2013 erneut der aus Polen, und der kanadischen Kriegshetzerin Chrystia Freeland, von der weithin gemunkelt wird, dass sie die n\u00e4chste NATO-Generalsekret\u00e4rin sein wird. Und es kommt noch saftiger: Der als Kriegsherr posierende Komiker darf sich per Zoom aus Kiew zuschalten. Die Anma\u00dfung, dass dieses Gremium sich berechtigt sieht, \u00fcber &#8220;Frieden&#8221; zu diskutieren, verdient nichts Geringeres als einen eigenen Friedensnobelpreis.<\/p>\n<p><strong>Wie man die ganze Welt zu Geld macht<\/strong><\/p>\n<p>Zyniker aller \u00dcberzeugungen m\u00f6gen entschuldigt sein, wenn sie es bedauern, dass Herr Zirkon \u2013 derzeit auf <a rel=\"nofollow noopener\" target=\"_blank\" href=\"https:\/\/de.rt.com\/international\/159777-tschuess-1991-bis-2022-willkommen\/\">Patrouille<\/a> im Atlantik, Indischen Ozean und nat\u00fcrlich Mittelmeer \u2013 seine Visitenkarte nicht auch in Davos pr\u00e4sentieren wird.<\/p>\n<p>Der Analyst Peter Koenig hat eine \u00fcberzeugende <a rel=\"nofollow noopener\" target=\"_blank\" href=\"https:\/\/www.globalresearch.ca\/wef-who-they-running-death-cult\/5804177\">These<\/a> entwickelt, wonach das WEF, die WHO und die NATO eine Art ausgekl\u00fcgelten &#8220;Kult des Todes&#8221; betreiben. Der Great Reset vermischt sich fr\u00f6hlich mit der Agenda der NATO, die als Agent Provocateur sowie als Geldgeber und Waffenlieferant im Stellvertreterkrieg des Imperiums gegen Russland im schwarzen Loch namens Ukraine dient. NAKO \u2013 ein Akronym f\u00fcr Nordatlantische Killer-Organisation \u2013 w\u00e4re in diesem Fall angemessener. Wie Koenig es zusammenfasste: &#8220;Die NATO dringt in jedes Gebiet ein, in dem die &#8216;konventionelle&#8217; L\u00fcgenmaschinerie der Medien und das Social Engineering versagen oder die dem Volk verordneten Ziele nicht schnell genug erreicht wurden.&#8221;<\/p>\n<p>Parallel dazu wissen nur sehr wenige Menschen, dass am 13. Juni 2019 in New York ein Geheimabkommen zwischen der UNO, dem WEF, einer Reihe von durch Oligarchen gepimpte NGOs \u2013 mit der WHO an vorderster Front \u2013 zustande gekommen ist, bei dem\u00a0auch die weltweit f\u00fchrenden Top-Unternehmen mit an Bord gingen, die alle im Besitz eines miteinander verflochtenen Netzwerkes sind, in dessen Mittelpunkt Vanguard und BlackRock stehen. Das praktische Ergebnis dieses Abkommens ist die UN-Agenda 2030.<\/p>\n<p>Praktisch jede Regierung in NATOstan und der &#8220;westlichen Hemisph\u00e4re&#8221; wurde von dieser Agenda 2030 in Geiselhaft genommen \u2013 was im Wesentlichen bedeutet, das gesamte Verm\u00f6gen der Erde zusammenzuraffen, zu privatisieren und in Finanzinstrumente zu verpacken, unter dem Vorwand, es &#8220;sch\u00fctzen&#8221; zu wollen. \u00dcbersetzung: die Vermarktung und Monetarisierung der gesamten nat\u00fcrlichen Ressourcen der Welt \u2013 Beispiele <a rel=\"nofollow noopener\" target=\"_blank\" href=\"https:\/\/gpenewsdocs.com\/the-capitalist-solution-to-save-the-planet-make-it-an-asset-class-sell-it\/\">hier<\/a> und <a rel=\"nofollow noopener\" target=\"_blank\" href=\"https:\/\/monthlyreview.org\/2022\/04\/01\/the-defense-of-nature-resisting-the-financializaton-of-the-earth\/\">hier<\/a>.<\/p>\n<p>Superstars unter den Davoser Marktschreiern, wie der unertr\u00e4gliche Langweiler Niall Ferguson, sind einfach gut bezahlte Lakaien: westliche Intellektuelle aus der Harvard-, Yale- und Princeton-Ecke, die es niemals wagen w\u00fcrden, in die Hand zu bei\u00dfen, die sie f\u00fcttert. Ferguson hat k\u00fcrzlich eine Kolumne f\u00fcr <em>Bloomberg<\/em> mit dem Titel &#8220;Nichts ist ruhig an der Ostfront&#8221; geschrieben \u2013 im Grunde, um im Namen seiner Herren, mit dem Risiko eines Dritten Weltkrieges hausieren zu gehen, wobei er nat\u00fcrlich &#8220;China als Wiege der Autokratie&#8221; beschuldigte.<\/p>\n<p>Unter den selbstherrlichen Albernheiten, die in dieser Kolumne aneinandergereiht wurden, sticht folgende heraus: &#8220;Es gibt zwei offensichtliche Probleme mit der US-Strategie. Das erste ist, dass, wenn &#8216;algorithmische Waffensysteme&#8217; das \u00c4quivalent zu taktischen Atomwaffen sind, Putin m\u00f6glicherweise dazu getrieben wird, letztere einzusetzen, da ihm erstere eindeutig fehlen.&#8221; Ahnungslosigkeit ist hier ein Euphemismus. Ferguson hat eindeutig keine Ahnung, was &#8220;algorithmische Waffensysteme&#8221; bedeuten. Wenn er damit elektronische Kriegsf\u00fchrung gemeint haben sollte, so konnten die USA in der Ukraine vielleicht eine Weile eine \u00dcberlegenheit behaupten, aber das ist vorbei.<\/p>\n<p>Aber das ist typisch f\u00fcr Ferguson \u2013 der eine ganze Hagiographie \u00fcber die Rothschilds auf dieselbe Weise geschrieben hat, wie er seine Kolumnen schreibt und dabei wohl aus den Archiven der Rothschilds sch\u00f6pfte, die allem Anschein nach ges\u00e4ubert wurden, und Ferguson so gut wie nichts Bedeutendes \u00fcber die Geschichte der Rothschilds zu wissen scheint.<\/p>\n<p>Ferguson kommt zur Schlussfolgerung, dass Russland schwach und China stark ist. Das ist Unsinn. Beide L\u00e4nder sind stark, w\u00e4hrend Russland in seiner Entwicklung bei Offensiv- und Defensivraketen technologisch viel weiter fortgeschritten ist als China, k\u00f6nnte es die USA in einem Atomkrieg zerst\u00f6ren, da der russische Luftraum durch eine mehrschichtige Luftverteidigung abgeriegelt ist, angefangen mit der S-400 bis zur bereits getesteten S-500 und der sich in der Entwicklung befindenden S-600.<\/p>\n<p>Was den Bereich der Halbleiterchips betrifft, so liegt der Vorteil, den Taiwan bei der Chipherstellung hat, bei der Massenproduktion der fortschrittlichsten Chips. China und Russland k\u00f6nnen die f\u00fcr milit\u00e4rische Zwecke ben\u00f6tigten Chips selber herstellen, betreiben aber keine kommerzielle Massenproduktion. Die USA haben zusammen mit Taiwan zwar auch hier einen wichtigen kommerziellen Vorteil, aber das ist kein milit\u00e4rischer Vorteil.<\/p>\n<p>Ferguson l\u00e4sst sich dann in seine Karten blicken, wenn er \u00fcber die Notwendigkeit sinniert, &#8220;eine m\u00f6gliche entstehende Achse Russland-Iran-China davon abzuhalten, Konflikte auf gleichzeitig drei Schaupl\u00e4tzen zu riskieren: in Osteuropa, im Nahen Osten und im Fernen Osten&#8221;.<\/p>\n<p>Hier haben wir die charakteristische transatlantische D\u00e4monisierung der drei wichtigsten Akteure der eurasischen Integration, gemischt mit einem giftigen Cocktail aus Ignoranz und Arroganz: Es ist die NATO, die den Konflikt in Osteuropa sch\u00fcrt; es ist das Imperium, das aus dem Fernen Osten und bald auch aus dem Nahen Osten vertrieben wird.<\/p>\n<p><strong>Eine typische Geschichte zum Schluss<\/strong><\/p>\n<p>Niemand mit einem IQ \u00fcber Raumtemperatur wird erwarten, dass in Davos irgendein Aspekt des existenziellen Kampfes zwischen der NATO und Eurasien ernsthaft diskutiert wird \u2013 ganz zu schweigen von Vorschl\u00e4gen zu diplomatischen L\u00f6sungen. Daher m\u00f6chte ich zum Ende meines Kommentars eine weitere typische kitschige Geschichte dar\u00fcber loswerden, wie das Imperium \u2013 das \u00fcber Davos gebietet \u2013 in der Praxis mit seinen Vasallen umgeht.<\/p>\n<p>Als ich Anfang dieses Jahres in Sizilien weilte, erfuhr ich, dass ein extrem hochrangiger Vertreter aus dem Pentagon im Rahmen eines au\u00dferplanm\u00e4\u00dfigen Besuchs in Rom gelandet war. Ein paar Tage sp\u00e4ter wurde der Grund f\u00fcr den Besuch in der Tageszeitung <em>La Repubblica<\/em> abgedruckt, einer jener Zeitungen, die dem giftigen Clan der Agnelli-Familie geh\u00f6rt.<\/p>\n<p>Der Besuch war Teil eines Winkelzugs der USA im Stile der Mafia: Ein &#8220;Vorschlag&#8221; f\u00fcr die Regierung von Georgia Meloni wurde pers\u00f6nlich \u00fcberbracht. Kiew soll unbedingt und so schnell wie m\u00f6glich mit dem kostspieligen Raketensystem Anti-Samp\/T (Aster) ausgestattet werden, das von Eurosam, einem europ\u00e4ischen Konsortium, entwickelt wurde, an dem MBDA Italien, MBDA Frankreich und Thales beteiligt sind. Italien besitzt lediglich f\u00fcnf Batterien dieses Systems, das nicht gerade brillant gegen ballistische Raketen ist, aber effizient gegen Marschflugk\u00f6rper.<\/p>\n<p>Der Nationale Sicherheitsberater Jake Sullivan hatte den Regierungspalast bereits im Vorfeld angerufen, um ein &#8220;Angebot, das man nicht ablehnen kann&#8221; zu unterbreiten. Offenbar war das aber nicht genug, daher die au\u00dferplanm\u00e4\u00dfige Entsendung eines Boten aus dem Pentagon. Rom wird sich f\u00fcgen oder sich mit irgendetwas Unangenehmen herumschlagen m\u00fcssen.<\/p>\n<p>Ich w\u00fcnsche viel Spa\u00df bei der Davoser Freakshow.<\/p>\n<p><strong>Mehr zum Thema<\/strong> &#8211; <a rel=\"nofollow noopener\" target=\"_blank\" href=\"https:\/\/test.rtde.tech\/international\/160064-reist-wef-prominenz-in-privatjets\/\">Reist die WEF-Prominenz in Privatjets mit ungeimpften Crews nach Davos?<\/a><\/p>\n<p><em>\u00dcbersetzung aus dem <a rel=\"nofollow noopener\" target=\"_blank\" href=\"https:\/\/www.unz.com\/pescobar\/all-quiet-panic-on-the-western-front\/\">Englischen<\/a>.<\/em><\/p>\n<p><em><strong>Pepe Escobar<\/strong> ist ein unabh\u00e4ngiger geopolitischer Analyst und Autor. Sein neuestes Buch hei\u00dft &#8220;Raging Twenties&#8221; (Die w\u00fctenden Zwanziger). Er wurde von Facebook und Twitter aus politischen Gr\u00fcnden verbannt, aber man kann ihm auf\u00a0<a rel=\"nofollow noopener\" target=\"_blank\" href=\"https:\/\/t.me\/rocknrollgeopolitics\">Telegram<\/a> folgen.<\/em><\/p>\n<\/div>\n<p><br \/>\n<br \/><a href=\"https:\/\/de.rt.com\/international\/160119-pepe-escobar-ueber-weltwirtschaftsforum-in-davos\/\">Source link <\/a><\/p>\n","protected":false},"excerpt":{"rendered":"<p>Ton! Kamera! Action! \u2013 und dann Reset. Die Freakshow des Weltwirtschaftsforums (WEF) in Davos steht seit Montag wieder im Rampenlicht. Pepe Escobar hat das diesj\u00e4hrige Programm genauer unter die Lupe genommen: Es sagt einiges \u00fcber den Geisteszustand der &#8220;Welteliten&#8221;. Von Pepe Escobar Die Mainstream-Medien des kollektiven Westens werden unisono eine Woche lang ununterbrochen alle &#8220;News&#8221; [&hellip;]<\/p>\n","protected":false},"author":3,"featured_media":27922,"comment_status":"open","ping_status":"open","sticky":false,"template":"","format":"standard","meta":{"_yoast_indexnow_last_ping":["1673958299"],"wp_automatic_camp":["217"],"9a29fb55c981317c929a9a82b30cd14d":["Alles ruhig an der (panischen) Westfront \u2013 Pepe Escobar \u00fcber Weltwirtschaftsforum in Davos"],"original_link":["https:\/\/de.rt.com\/international\/160119-pepe-escobar-ueber-weltwirtschaftsforum-in-davos\/"],"_thumbnail_id":["27922"],"jnews_social_counter_last_update":["1788474159"],"_wptgpro_p2tg_sent2tg":["a:1:{i:23737;s:19:\"2023-01-17 14:26:32\";}"]},"categories":[19,23],"tags":[1041,92,82,23327,39191,23326,29425,139,61,39192],"class_list":["post-27921","post","type-post","status-publish","format-standard","has-post-thumbnail","hentry","category-deutschland","category-russland","tag-alles","tag-davos","tag-der","tag-escobar","tag-panischen","tag-pepe","tag-ruhig","tag-ueber","tag-weltwirtschaftsforum","tag-westfront"],"yoast_head":"<!-- This site is optimized with the Yoast SEO Premium plugin v22.7 (Yoast SEO v28.2) - https:\/\/yoast.com\/product\/yoast-seo-premium-wordpress\/ -->\n<title>Alles ruhig an der (panischen) Westfront \u2013 Pepe Escobar \u00fcber Weltwirtschaftsforum in Davos - just-now.NEWS Deutschland<\/title>\n<meta name=\"robots\" content=\"index, follow, max-snippet:-1, max-image-preview:large, max-video-preview:-1\" \/>\n<link rel=\"canonical\" href=\"https:\/\/now-news.de\/de\/deutschland\/alles-ruhig-an-der-panischen-westfront-pepe-escobar-ueber-weltwirtschaftsforum-in-davos\/\" \/>\n<meta property=\"og:locale\" content=\"de_DE\" \/>\n<meta property=\"og:type\" content=\"article\" \/>\n<meta property=\"og:title\" content=\"Alles ruhig an der (panischen) Westfront \u2013 Pepe Escobar \u00fcber Weltwirtschaftsforum in Davos\" \/>\n<meta property=\"og:description\" content=\"Ton! Kamera! Action! \u2013 und dann Reset. Die Freakshow des Weltwirtschaftsforums (WEF) in Davos steht seit Montag wieder im Rampenlicht. Pepe Escobar hat das diesj\u00e4hrige Programm genauer unter die Lupe genommen: Es sagt einiges \u00fcber den Geisteszustand der &#8220;Welteliten&#8221;. Von Pepe Escobar Die Mainstream-Medien des kollektiven Westens werden unisono eine Woche lang ununterbrochen alle &#8220;News&#8221; [&hellip;]\" \/>\n<meta property=\"og:url\" content=\"https:\/\/now-news.de\/de\/deutschland\/alles-ruhig-an-der-panischen-westfront-pepe-escobar-ueber-weltwirtschaftsforum-in-davos\/\" \/>\n<meta property=\"og:site_name\" content=\"just-now.NEWS Deutschland\" \/>\n<meta property=\"article:publisher\" content=\"https:\/\/www.facebook.com\/wirmachenauf\" \/>\n<meta property=\"article:published_time\" content=\"2023-01-17T12:16:49+00:00\" \/>\n<meta property=\"og:image\" content=\"https:\/\/now-news.de\/de\/wp-content\/uploads\/sites\/3\/2023\/01\/Alles-ruhig-an-der-panischen-Westfront-\u2013-Pepe-Escobar-ueber.jpg\" \/>\n\t<meta property=\"og:image:width\" content=\"460\" \/>\n\t<meta property=\"og:image:height\" content=\"259\" \/>\n\t<meta property=\"og:image:type\" content=\"image\/jpeg\" \/>\n<meta name=\"author\" content=\"rtnews\" \/>\n<meta name=\"twitter:card\" content=\"summary_large_image\" \/>\n<meta name=\"twitter:creator\" content=\"@WirMachenAuf_de\" \/>\n<meta name=\"twitter:site\" content=\"@WirMachenAuf_de\" \/>\n<meta name=\"twitter:label1\" content=\"Verfasst von\" \/>\n\t<meta name=\"twitter:data1\" content=\"rtnews\" \/>\n\t<meta name=\"twitter:label2\" content=\"Gesch\u00e4tzte Lesezeit\" \/>\n\t<meta name=\"twitter:data2\" content=\"8\u00a0Minuten\" \/>\n<script type=\"application\/ld+json\" class=\"yoast-schema-graph\">{\"@context\":\"https:\\\/\\\/schema.org\",\"@graph\":[{\"@type\":\"Article\",\"@id\":\"https:\\\/\\\/now-news.de\\\/de\\\/deutschland\\\/alles-ruhig-an-der-panischen-westfront-pepe-escobar-ueber-weltwirtschaftsforum-in-davos\\\/#article\",\"isPartOf\":{\"@id\":\"https:\\\/\\\/now-news.de\\\/de\\\/deutschland\\\/alles-ruhig-an-der-panischen-westfront-pepe-escobar-ueber-weltwirtschaftsforum-in-davos\\\/\"},\"author\":{\"name\":\"rtnews\",\"@id\":\"https:\\\/\\\/now-news.de\\\/de\\\/#\\\/schema\\\/person\\\/fb534a4e865501d8b3285208df34a9b5\"},\"headline\":\"Alles ruhig an der (panischen) Westfront \u2013 Pepe Escobar \u00fcber Weltwirtschaftsforum in Davos\",\"datePublished\":\"2023-01-17T12:16:49+00:00\",\"mainEntityOfPage\":{\"@id\":\"https:\\\/\\\/now-news.de\\\/de\\\/deutschland\\\/alles-ruhig-an-der-panischen-westfront-pepe-escobar-ueber-weltwirtschaftsforum-in-davos\\\/\"},\"wordCount\":1654,\"commentCount\":0,\"publisher\":{\"@id\":\"https:\\\/\\\/now-news.de\\\/de\\\/#organization\"},\"image\":{\"@id\":\"https:\\\/\\\/now-news.de\\\/de\\\/deutschland\\\/alles-ruhig-an-der-panischen-westfront-pepe-escobar-ueber-weltwirtschaftsforum-in-davos\\\/#primaryimage\"},\"thumbnailUrl\":\"https:\\\/\\\/now-news.de\\\/de\\\/wp-content\\\/uploads\\\/sites\\\/3\\\/2023\\\/01\\\/Alles-ruhig-an-der-panischen-Westfront-\u2013-Pepe-Escobar-ueber.jpg\",\"keywords\":[\"alles\",\"Davos\",\"der\",\"Escobar\",\"panischen\",\"Pepe\",\"ruhig\",\"\u00fcber\",\"Weltwirtschaftsforum\",\"Westfront\"],\"articleSection\":[\"Deutschland\",\"Russland\"],\"inLanguage\":\"de\",\"potentialAction\":[{\"@type\":\"CommentAction\",\"name\":\"Comment\",\"target\":[\"https:\\\/\\\/now-news.de\\\/de\\\/deutschland\\\/alles-ruhig-an-der-panischen-westfront-pepe-escobar-ueber-weltwirtschaftsforum-in-davos\\\/#respond\"]}]},{\"@type\":\"WebPage\",\"@id\":\"https:\\\/\\\/now-news.de\\\/de\\\/deutschland\\\/alles-ruhig-an-der-panischen-westfront-pepe-escobar-ueber-weltwirtschaftsforum-in-davos\\\/\",\"url\":\"https:\\\/\\\/now-news.de\\\/de\\\/deutschland\\\/alles-ruhig-an-der-panischen-westfront-pepe-escobar-ueber-weltwirtschaftsforum-in-davos\\\/\",\"name\":\"Alles ruhig an der (panischen) Westfront \u2013 Pepe Escobar \u00fcber Weltwirtschaftsforum in Davos - just-now.NEWS Deutschland\",\"isPartOf\":{\"@id\":\"https:\\\/\\\/now-news.de\\\/de\\\/#website\"},\"primaryImageOfPage\":{\"@id\":\"https:\\\/\\\/now-news.de\\\/de\\\/deutschland\\\/alles-ruhig-an-der-panischen-westfront-pepe-escobar-ueber-weltwirtschaftsforum-in-davos\\\/#primaryimage\"},\"image\":{\"@id\":\"https:\\\/\\\/now-news.de\\\/de\\\/deutschland\\\/alles-ruhig-an-der-panischen-westfront-pepe-escobar-ueber-weltwirtschaftsforum-in-davos\\\/#primaryimage\"},\"thumbnailUrl\":\"https:\\\/\\\/now-news.de\\\/de\\\/wp-content\\\/uploads\\\/sites\\\/3\\\/2023\\\/01\\\/Alles-ruhig-an-der-panischen-Westfront-\u2013-Pepe-Escobar-ueber.jpg\",\"datePublished\":\"2023-01-17T12:16:49+00:00\",\"breadcrumb\":{\"@id\":\"https:\\\/\\\/now-news.de\\\/de\\\/deutschland\\\/alles-ruhig-an-der-panischen-westfront-pepe-escobar-ueber-weltwirtschaftsforum-in-davos\\\/#breadcrumb\"},\"inLanguage\":\"de\",\"potentialAction\":[{\"@type\":\"ReadAction\",\"target\":[\"https:\\\/\\\/now-news.de\\\/de\\\/deutschland\\\/alles-ruhig-an-der-panischen-westfront-pepe-escobar-ueber-weltwirtschaftsforum-in-davos\\\/\"]}]},{\"@type\":\"ImageObject\",\"inLanguage\":\"de\",\"@id\":\"https:\\\/\\\/now-news.de\\\/de\\\/deutschland\\\/alles-ruhig-an-der-panischen-westfront-pepe-escobar-ueber-weltwirtschaftsforum-in-davos\\\/#primaryimage\",\"url\":\"https:\\\/\\\/now-news.de\\\/de\\\/wp-content\\\/uploads\\\/sites\\\/3\\\/2023\\\/01\\\/Alles-ruhig-an-der-panischen-Westfront-\u2013-Pepe-Escobar-ueber.jpg\",\"contentUrl\":\"https:\\\/\\\/now-news.de\\\/de\\\/wp-content\\\/uploads\\\/sites\\\/3\\\/2023\\\/01\\\/Alles-ruhig-an-der-panischen-Westfront-\u2013-Pepe-Escobar-ueber.jpg\",\"width\":460,\"height\":259,\"caption\":\"Alles ruhig an der (panischen) Westfront \u2013 Pepe Escobar \u00fcber Weltwirtschaftsforum in Davos\"},{\"@type\":\"BreadcrumbList\",\"@id\":\"https:\\\/\\\/now-news.de\\\/de\\\/deutschland\\\/alles-ruhig-an-der-panischen-westfront-pepe-escobar-ueber-weltwirtschaftsforum-in-davos\\\/#breadcrumb\",\"itemListElement\":[{\"@type\":\"ListItem\",\"position\":1,\"name\":\"Home\",\"item\":\"https:\\\/\\\/now-news.de\\\/de\\\/\"},{\"@type\":\"ListItem\",\"position\":2,\"name\":\"Alles ruhig an der (panischen) Westfront \u2013 Pepe Escobar \u00fcber Weltwirtschaftsforum in Davos\"}]},{\"@type\":\"WebSite\",\"@id\":\"https:\\\/\\\/now-news.de\\\/de\\\/#website\",\"url\":\"https:\\\/\\\/now-news.de\\\/de\\\/\",\"name\":\"just-now.NEWS Deutschland\",\"description\":\"Das Portal f\u00fcr unzensierte Nachrichten aus der Welt\",\"publisher\":{\"@id\":\"https:\\\/\\\/now-news.de\\\/de\\\/#organization\"},\"potentialAction\":[{\"@type\":\"SearchAction\",\"target\":{\"@type\":\"EntryPoint\",\"urlTemplate\":\"https:\\\/\\\/now-news.de\\\/de\\\/?s={search_term_string}\"},\"query-input\":{\"@type\":\"PropertyValueSpecification\",\"valueRequired\":true,\"valueName\":\"search_term_string\"}}],\"inLanguage\":\"de\"},{\"@type\":\"Organization\",\"@id\":\"https:\\\/\\\/now-news.de\\\/de\\\/#organization\",\"name\":\"Just Now News\",\"url\":\"https:\\\/\\\/now-news.de\\\/de\\\/\",\"logo\":{\"@type\":\"ImageObject\",\"inLanguage\":\"de\",\"@id\":\"https:\\\/\\\/now-news.de\\\/de\\\/#\\\/schema\\\/logo\\\/image\\\/\",\"url\":\"http:\\\/\\\/just-now.news\\\/de\\\/wp-content\\\/uploads\\\/sites\\\/3\\\/2022\\\/04\\\/logo500x500.jpg\",\"contentUrl\":\"http:\\\/\\\/just-now.news\\\/de\\\/wp-content\\\/uploads\\\/sites\\\/3\\\/2022\\\/04\\\/logo500x500.jpg\",\"width\":500,\"height\":500,\"caption\":\"Just Now News\"},\"image\":{\"@id\":\"https:\\\/\\\/now-news.de\\\/de\\\/#\\\/schema\\\/logo\\\/image\\\/\"},\"sameAs\":[\"https:\\\/\\\/www.facebook.com\\\/wirmachenauf\",\"https:\\\/\\\/x.com\\\/WirMachenAuf_de\"]},{\"@type\":\"Person\",\"@id\":\"https:\\\/\\\/now-news.de\\\/de\\\/#\\\/schema\\\/person\\\/fb534a4e865501d8b3285208df34a9b5\",\"name\":\"rtnews\",\"image\":{\"@type\":\"ImageObject\",\"inLanguage\":\"de\",\"@id\":\"https:\\\/\\\/secure.gravatar.com\\\/avatar\\\/358fe31b3ab5769fea05376e1953329834cd9912cf9daf607e2af3076a1b982b?s=96&d=mm&r=g\",\"url\":\"https:\\\/\\\/secure.gravatar.com\\\/avatar\\\/358fe31b3ab5769fea05376e1953329834cd9912cf9daf607e2af3076a1b982b?s=96&d=mm&r=g\",\"contentUrl\":\"https:\\\/\\\/secure.gravatar.com\\\/avatar\\\/358fe31b3ab5769fea05376e1953329834cd9912cf9daf607e2af3076a1b982b?s=96&d=mm&r=g\",\"caption\":\"rtnews\"},\"url\":\"https:\\\/\\\/now-news.de\\\/de\\\/author\\\/rnews\\\/\"}]}<\/script>\n<!-- \/ Yoast SEO Premium plugin. -->","yoast_head_json":{"title":"Alles ruhig an der (panischen) Westfront \u2013 Pepe Escobar \u00fcber Weltwirtschaftsforum in Davos - just-now.NEWS Deutschland","robots":{"index":"index","follow":"follow","max-snippet":"max-snippet:-1","max-image-preview":"max-image-preview:large","max-video-preview":"max-video-preview:-1"},"canonical":"https:\/\/now-news.de\/de\/deutschland\/alles-ruhig-an-der-panischen-westfront-pepe-escobar-ueber-weltwirtschaftsforum-in-davos\/","og_locale":"de_DE","og_type":"article","og_title":"Alles ruhig an der (panischen) Westfront \u2013 Pepe Escobar \u00fcber Weltwirtschaftsforum in Davos","og_description":"Ton! Kamera! Action! \u2013 und dann Reset. Die Freakshow des Weltwirtschaftsforums (WEF) in Davos steht seit Montag wieder im Rampenlicht. Pepe Escobar hat das diesj\u00e4hrige Programm genauer unter die Lupe genommen: Es sagt einiges \u00fcber den Geisteszustand der &#8220;Welteliten&#8221;. Von Pepe Escobar Die Mainstream-Medien des kollektiven Westens werden unisono eine Woche lang ununterbrochen alle &#8220;News&#8221; [&hellip;]","og_url":"https:\/\/now-news.de\/de\/deutschland\/alles-ruhig-an-der-panischen-westfront-pepe-escobar-ueber-weltwirtschaftsforum-in-davos\/","og_site_name":"just-now.NEWS Deutschland","article_publisher":"https:\/\/www.facebook.com\/wirmachenauf","article_published_time":"2023-01-17T12:16:49+00:00","og_image":[{"width":460,"height":259,"url":"https:\/\/now-news.de\/de\/wp-content\/uploads\/sites\/3\/2023\/01\/Alles-ruhig-an-der-panischen-Westfront-\u2013-Pepe-Escobar-ueber.jpg","type":"image\/jpeg"}],"author":"rtnews","twitter_card":"summary_large_image","twitter_creator":"@WirMachenAuf_de","twitter_site":"@WirMachenAuf_de","twitter_misc":{"Verfasst von":"rtnews","Gesch\u00e4tzte Lesezeit":"8\u00a0Minuten"},"schema":{"@context":"https:\/\/schema.org","@graph":[{"@type":"Article","@id":"https:\/\/now-news.de\/de\/deutschland\/alles-ruhig-an-der-panischen-westfront-pepe-escobar-ueber-weltwirtschaftsforum-in-davos\/#article","isPartOf":{"@id":"https:\/\/now-news.de\/de\/deutschland\/alles-ruhig-an-der-panischen-westfront-pepe-escobar-ueber-weltwirtschaftsforum-in-davos\/"},"author":{"name":"rtnews","@id":"https:\/\/now-news.de\/de\/#\/schema\/person\/fb534a4e865501d8b3285208df34a9b5"},"headline":"Alles ruhig an der (panischen) Westfront \u2013 Pepe Escobar \u00fcber Weltwirtschaftsforum in Davos","datePublished":"2023-01-17T12:16:49+00:00","mainEntityOfPage":{"@id":"https:\/\/now-news.de\/de\/deutschland\/alles-ruhig-an-der-panischen-westfront-pepe-escobar-ueber-weltwirtschaftsforum-in-davos\/"},"wordCount":1654,"commentCount":0,"publisher":{"@id":"https:\/\/now-news.de\/de\/#organization"},"image":{"@id":"https:\/\/now-news.de\/de\/deutschland\/alles-ruhig-an-der-panischen-westfront-pepe-escobar-ueber-weltwirtschaftsforum-in-davos\/#primaryimage"},"thumbnailUrl":"https:\/\/now-news.de\/de\/wp-content\/uploads\/sites\/3\/2023\/01\/Alles-ruhig-an-der-panischen-Westfront-\u2013-Pepe-Escobar-ueber.jpg","keywords":["alles","Davos","der","Escobar","panischen","Pepe","ruhig","\u00fcber","Weltwirtschaftsforum","Westfront"],"articleSection":["Deutschland","Russland"],"inLanguage":"de","potentialAction":[{"@type":"CommentAction","name":"Comment","target":["https:\/\/now-news.de\/de\/deutschland\/alles-ruhig-an-der-panischen-westfront-pepe-escobar-ueber-weltwirtschaftsforum-in-davos\/#respond"]}]},{"@type":"WebPage","@id":"https:\/\/now-news.de\/de\/deutschland\/alles-ruhig-an-der-panischen-westfront-pepe-escobar-ueber-weltwirtschaftsforum-in-davos\/","url":"https:\/\/now-news.de\/de\/deutschland\/alles-ruhig-an-der-panischen-westfront-pepe-escobar-ueber-weltwirtschaftsforum-in-davos\/","name":"Alles ruhig an der (panischen) Westfront \u2013 Pepe Escobar \u00fcber Weltwirtschaftsforum in Davos - just-now.NEWS Deutschland","isPartOf":{"@id":"https:\/\/now-news.de\/de\/#website"},"primaryImageOfPage":{"@id":"https:\/\/now-news.de\/de\/deutschland\/alles-ruhig-an-der-panischen-westfront-pepe-escobar-ueber-weltwirtschaftsforum-in-davos\/#primaryimage"},"image":{"@id":"https:\/\/now-news.de\/de\/deutschland\/alles-ruhig-an-der-panischen-westfront-pepe-escobar-ueber-weltwirtschaftsforum-in-davos\/#primaryimage"},"thumbnailUrl":"https:\/\/now-news.de\/de\/wp-content\/uploads\/sites\/3\/2023\/01\/Alles-ruhig-an-der-panischen-Westfront-\u2013-Pepe-Escobar-ueber.jpg","datePublished":"2023-01-17T12:16:49+00:00","breadcrumb":{"@id":"https:\/\/now-news.de\/de\/deutschland\/alles-ruhig-an-der-panischen-westfront-pepe-escobar-ueber-weltwirtschaftsforum-in-davos\/#breadcrumb"},"inLanguage":"de","potentialAction":[{"@type":"ReadAction","target":["https:\/\/now-news.de\/de\/deutschland\/alles-ruhig-an-der-panischen-westfront-pepe-escobar-ueber-weltwirtschaftsforum-in-davos\/"]}]},{"@type":"ImageObject","inLanguage":"de","@id":"https:\/\/now-news.de\/de\/deutschland\/alles-ruhig-an-der-panischen-westfront-pepe-escobar-ueber-weltwirtschaftsforum-in-davos\/#primaryimage","url":"https:\/\/now-news.de\/de\/wp-content\/uploads\/sites\/3\/2023\/01\/Alles-ruhig-an-der-panischen-Westfront-\u2013-Pepe-Escobar-ueber.jpg","contentUrl":"https:\/\/now-news.de\/de\/wp-content\/uploads\/sites\/3\/2023\/01\/Alles-ruhig-an-der-panischen-Westfront-\u2013-Pepe-Escobar-ueber.jpg","width":460,"height":259,"caption":"Alles ruhig an der (panischen) Westfront \u2013 Pepe Escobar \u00fcber Weltwirtschaftsforum in Davos"},{"@type":"BreadcrumbList","@id":"https:\/\/now-news.de\/de\/deutschland\/alles-ruhig-an-der-panischen-westfront-pepe-escobar-ueber-weltwirtschaftsforum-in-davos\/#breadcrumb","itemListElement":[{"@type":"ListItem","position":1,"name":"Home","item":"https:\/\/now-news.de\/de\/"},{"@type":"ListItem","position":2,"name":"Alles ruhig an der (panischen) Westfront \u2013 Pepe Escobar \u00fcber Weltwirtschaftsforum in Davos"}]},{"@type":"WebSite","@id":"https:\/\/now-news.de\/de\/#website","url":"https:\/\/now-news.de\/de\/","name":"just-now.NEWS Deutschland","description":"Das Portal f\u00fcr unzensierte Nachrichten aus der Welt","publisher":{"@id":"https:\/\/now-news.de\/de\/#organization"},"potentialAction":[{"@type":"SearchAction","target":{"@type":"EntryPoint","urlTemplate":"https:\/\/now-news.de\/de\/?s={search_term_string}"},"query-input":{"@type":"PropertyValueSpecification","valueRequired":true,"valueName":"search_term_string"}}],"inLanguage":"de"},{"@type":"Organization","@id":"https:\/\/now-news.de\/de\/#organization","name":"Just Now News","url":"https:\/\/now-news.de\/de\/","logo":{"@type":"ImageObject","inLanguage":"de","@id":"https:\/\/now-news.de\/de\/#\/schema\/logo\/image\/","url":"http:\/\/just-now.news\/de\/wp-content\/uploads\/sites\/3\/2022\/04\/logo500x500.jpg","contentUrl":"http:\/\/just-now.news\/de\/wp-content\/uploads\/sites\/3\/2022\/04\/logo500x500.jpg","width":500,"height":500,"caption":"Just Now News"},"image":{"@id":"https:\/\/now-news.de\/de\/#\/schema\/logo\/image\/"},"sameAs":["https:\/\/www.facebook.com\/wirmachenauf","https:\/\/x.com\/WirMachenAuf_de"]},{"@type":"Person","@id":"https:\/\/now-news.de\/de\/#\/schema\/person\/fb534a4e865501d8b3285208df34a9b5","name":"rtnews","image":{"@type":"ImageObject","inLanguage":"de","@id":"https:\/\/secure.gravatar.com\/avatar\/358fe31b3ab5769fea05376e1953329834cd9912cf9daf607e2af3076a1b982b?s=96&d=mm&r=g","url":"https:\/\/secure.gravatar.com\/avatar\/358fe31b3ab5769fea05376e1953329834cd9912cf9daf607e2af3076a1b982b?s=96&d=mm&r=g","contentUrl":"https:\/\/secure.gravatar.com\/avatar\/358fe31b3ab5769fea05376e1953329834cd9912cf9daf607e2af3076a1b982b?s=96&d=mm&r=g","caption":"rtnews"},"url":"https:\/\/now-news.de\/de\/author\/rnews\/"}]}},"_links":{"self":[{"href":"https:\/\/now-news.de\/de\/wp-json\/wp\/v2\/posts\/27921","targetHints":{"allow":["GET"]}}],"collection":[{"href":"https:\/\/now-news.de\/de\/wp-json\/wp\/v2\/posts"}],"about":[{"href":"https:\/\/now-news.de\/de\/wp-json\/wp\/v2\/types\/post"}],"author":[{"embeddable":true,"href":"https:\/\/now-news.de\/de\/wp-json\/wp\/v2\/users\/3"}],"replies":[{"embeddable":true,"href":"https:\/\/now-news.de\/de\/wp-json\/wp\/v2\/comments?post=27921"}],"version-history":[{"count":0,"href":"https:\/\/now-news.de\/de\/wp-json\/wp\/v2\/posts\/27921\/revisions"}],"wp:featuredmedia":[{"embeddable":true,"href":"https:\/\/now-news.de\/de\/wp-json\/wp\/v2\/media\/27922"}],"wp:attachment":[{"href":"https:\/\/now-news.de\/de\/wp-json\/wp\/v2\/media?parent=27921"}],"wp:term":[{"taxonomy":"category","embeddable":true,"href":"https:\/\/now-news.de\/de\/wp-json\/wp\/v2\/categories?post=27921"},{"taxonomy":"post_tag","embeddable":true,"href":"https:\/\/now-news.de\/de\/wp-json\/wp\/v2\/tags?post=27921"}],"curies":[{"name":"wp","href":"https:\/\/api.w.org\/{rel}","templated":true}]}}