{"id":27896,"date":"2023-01-17T08:00:00","date_gmt":"2023-01-17T06:00:00","guid":{"rendered":"https:\/\/just-now.news\/de\/deutschland\/liveticker-ukraine-krieg-russlands-verteidigungsminister-besucht-gebiet-der-spezialoperation\/"},"modified":"2023-01-17T08:00:00","modified_gmt":"2023-01-17T06:00:00","slug":"liveticker-ukraine-krieg-russlands-verteidigungsminister-besucht-gebiet-der-spezialoperation","status":"publish","type":"post","link":"https:\/\/now-news.de\/de\/deutschland\/liveticker-ukraine-krieg-russlands-verteidigungsminister-besucht-gebiet-der-spezialoperation\/","title":{"rendered":"Liveticker Ukraine-Krieg: Russlands Verteidigungsminister besucht Gebiet der Spezialoperation"},"content":{"rendered":"<div class=\"Text-root Text-type_1 \">\n                Russland f\u00fchrt gemeinsam mit den Streitkr\u00e4ften der Donbass-Republiken eine Milit\u00e4roperation in der Ukraine durch. Der Westen reagiert mit immer neuen Waffenlieferungen an die Ukraine und beispiellosen Sanktionen gegen Russland. Lesen Sie hier die neuesten Entwicklungen.\n            <\/div>\n<p><\/p>\n<div class=\"ArticleView-liveUpdates\">\n<div class=\"LiveUpdates-root\">\n<div class=\"LiveUpdates-content\">\n<ul class=\"LiveUpdates-list Listing-root\" data-listing=\"LiveUpdates\" data-count=\"10\">\n<li class=\"LiveUpdates-item Listing-item\">\n<div class=\"LiveUpdates-date\">\n<p class=\"HeaderNews-root HeaderNews-type_2 \">\n                17.01.2023 07:01 Uhr\n            <\/p>\n<\/div>\n<div class=\"LiveUpdate-root\">\n<div class=\"LiveUpdate-date\">\n<p class=\"HeaderNews-root HeaderNews-type_6 \">\n                07:01 Uhr\n            <\/p>\n<\/div>\n<div class=\"LiveUpdate-content\">\n<div class=\"LiveUpdate-text\">\n<div class=\"Text-root Text-type_5 ViewText-root\">\n<p><strong>Russlands Verteidigungsminister besucht Stab im Gebiet der Spezialoperation<\/strong><\/p>\n<figure class=\"RTImage-root\">\n<div class=\"RTImage-image RTImage-original\"><picture class=\"Picture-root Picture-original\"><!--[if IE 9]><video style=\"display: none;\"><![endif]--><source media=\"(-webkit-min-device-pixel-ratio: 2) and (min-resolution: 120dpi)\" data-srcset=\" \nhttp:\/\/just-now.news\/de\/wp-content\/uploads\/sites\/3\/2023\/01\/63c63362b480cc44a121f542.jpg 850w,\n                http:\/\/just-now.news\/de\/wp-content\/uploads\/sites\/3\/2023\/01\/63c63362b480cc44a121f542.jpg 1960w,\n            \" ><source data-srcset=\" \nhttp:\/\/just-now.news\/de\/wp-content\/uploads\/sites\/3\/2023\/01\/63c63362b480cc44a121f542.jpg 460w,\n              http:\/\/just-now.news\/de\/wp-content\/uploads\/sites\/3\/2023\/01\/63c63362b480cc44a121f542.jpg 980w,\n            \" ><!--[if IE 9]><\/video><![endif]--><img decoding=\"async\" data- src=\"data:image\/png;base64,iVBORw0KGgoAAAANSUhEUgAAABAAAAAJCAQAAACRI2S5AAAAEElEQVR42mNkIAAYRxWAAQAG9gAKqv6+AwAAAABJRU5ErkJggg==\" class=\"Picture-root Picture-original lazyload\" data-src=\"http:\/\/just-now.news\/de\/wp-content\/uploads\/sites\/3\/2023\/01\/63c63362b480cc44a121f542.jpg\" alt=\"\"><\/source><\/source><\/picture><!-- noscript pattern --><noscript><img decoding=\"async\" src=\"http:\/\/just-now.news\/de\/wp-content\/uploads\/sites\/3\/2023\/01\/63c63362b480cc44a121f542.jpg\" alt=\"\"><\/noscript><\/div><figcaption class=\"RTImage-footer\"><span class=\"RTImage-caption\"><span class=\"RTImage-captionItem\">Archivbild: Verteidigungsminister Russlands Sergei Schoigu w\u00e4hrend des Besuchs des Gebiets der Spezialoperation, 22. Dezember 2022<\/span><\/span><span class=\"RTImage-source\"><span class=\"RTImage-captionItem\">Der Pressedienst des russischen Verteidigungsministeriums<\/span><span class=\"RTImage-captionItem\"> \/ Sputnik<\/span><\/span><\/figcaption><\/figure>\n<p>Der russische Verteidigungsminister Sergei Schoigu hat den Stab der Wostok-Gruppe <a rel=\"nofollow noopener\" target=\"_blank\" href=\"https:\/\/t.me\/mod_russia\/23487\">besucht<\/a>, so das Ministerium. Vor Ort hat er sich den Bericht des Kommandanten der Gruppe, Generalleutnant Rustam Muradow, \u00fcber die aktuelle Lage informiert. Schoigu h\u00f6rte auch die Kommandeure der Verb\u00e4nde und Formationen \u00fcber die Erledigung der Kampfaufgaben an den Fronten an.<\/p>\n<p>Schoigu achtete besonders auf eine umfassende Unterst\u00fctzung der an der speziellen Milit\u00e4roperation beteiligten Truppen, die Befestigungsarbeiten und die Schaffung von Bedingungen f\u00fcr den sicheren Einsatz von Personal im Feld sowie die Arbeit der medizinischen und r\u00fcckw\u00e4rtigen Einheiten.<\/p>\n<p>Der Verteidigungsminister dankte den Soldaten f\u00fcr ihre Selbstlosigkeit und ihren Heldenmut und \u00fcberreichte ihnen Auszeichnungen.<\/p>\n<\/div>\n<\/div>\n<\/div>\n<\/div>\n<\/li>\n<li class=\"LiveUpdates-item Listing-item\">\n<div class=\"LiveUpdates-date\">\n<p class=\"HeaderNews-root HeaderNews-type_2 \">\n                16.01.2023 23:00 Uhr\n            <\/p>\n<\/div>\n<div class=\"LiveUpdate-root\">\n<div class=\"LiveUpdate-date\">\n<p class=\"HeaderNews-root HeaderNews-type_6 \">\n                23:00 Uhr\n            <\/p>\n<\/div>\n<div class=\"LiveUpdate-content\">\n<div class=\"LiveUpdate-text\">\n<div class=\"Text-root Text-type_5 ViewText-root\">\n<p>Damit beenden wir f\u00fcr heute den Live-Ticker zur Lage im Ukraine-Konflikt. Morgen fr\u00fch ab 7 Uhr geht es mit der Berichterstattung weiter. Wir w\u00fcnschen unseren Lesern trotz aller Spannungen in der Welt eine gute Nacht!<\/p>\n<\/div>\n<\/div>\n<\/div>\n<\/div>\n<\/li>\n<li class=\"LiveUpdates-item Listing-item\">\n<div class=\"LiveUpdate-root\">\n<div class=\"LiveUpdate-date\">\n<p class=\"HeaderNews-root HeaderNews-type_6 \">\n                22:54 Uhr\n            <\/p>\n<\/div>\n<div class=\"LiveUpdate-content\">\n<div class=\"LiveUpdate-text\">\n<div class=\"Text-root Text-type_5 ViewText-root\">\n<p><strong>Gasversorgung in Lissitschansk wiederhergestellt<\/strong><\/p>\n<p>Die Gasversorgung in der Stadt Lissitschansk in der Lugansker Volksrepublik ist vollst\u00e4ndig wiederhergestellt worden. Dies\u00a0meldete die Regierung der Republik, die auf ihrem Telegramkanal <a rel=\"nofollow noopener\" target=\"_blank\" href=\"https:\/\/t.me\/government_lnr\/6064\">berichtete<\/a>:<\/p>\n<p><em>&#8220;Lissitschansk ist mit Gas versorgt. Vollst\u00e4ndig. Der Anschluss der ganzen Stadt an das Gasnetz nahm mehrere Monate in Anspruch. \u00dcber 1.000 Kilometer von Gasleitungen wurden repariert, heute werden \u00fcber 200 Unterstationen betrieben.&#8221;<\/em><\/p>\n<p>Im Sommer 2022 zerst\u00f6rten ukrainische Truppen beim Verlassen der Stadt mehrere Verwaltungsgeb\u00e4ude. Viele Infrastrukturobjekte wurden bei K\u00e4mpfen besch\u00e4digt.<\/p>\n<\/div>\n<\/div>\n<\/div>\n<\/div>\n<\/li>\n<li class=\"LiveUpdates-item Listing-item\">\n<div class=\"LiveUpdate-root\">\n<div class=\"LiveUpdate-date\">\n<p class=\"HeaderNews-root HeaderNews-type_6 \">\n                22:46 Uhr\n            <\/p>\n<\/div>\n<div class=\"LiveUpdate-content\">\n<div class=\"LiveUpdate-text\">\n<div class=\"Text-root Text-type_5 ViewText-root\">\n<p><strong>Kiew soll zahlreiche Attrappen von Selbstfahrlafetten im Norden der Ukraine aufstellen<\/strong><\/p>\n<figure class=\"RTImage-root\">\n<div class=\"RTImage-image RTImage-original\"><picture class=\"Picture-root Picture-original\"><!--[if IE 9]><video style=\"display: none;\"><![endif]--><source media=\"(-webkit-min-device-pixel-ratio: 2) and (min-resolution: 120dpi)\" data-srcset=\" \nhttp:\/\/just-now.news\/de\/wp-content\/uploads\/sites\/3\/2023\/01\/63c5b1a048fbef3bdb50a46c.jpg 850w,\n                http:\/\/just-now.news\/de\/wp-content\/uploads\/sites\/3\/2023\/01\/1673935860_542_63c5b1a048fbef3bdb50a46c.jpg 1960w,\n            \" ><source data-srcset=\" \nhttp:\/\/just-now.news\/de\/wp-content\/uploads\/sites\/3\/2023\/01\/63c5b1a048fbef3bdb50a46c.jpg 460w,\n              http:\/\/just-now.news\/de\/wp-content\/uploads\/sites\/3\/2023\/01\/1673935860_542_63c5b1a048fbef3bdb50a46c.jpg 980w,\n            \" ><!--[if IE 9]><\/video><![endif]--><img decoding=\"async\" data- src=\"data:image\/png;base64,iVBORw0KGgoAAAANSUhEUgAAABAAAAAJCAQAAACRI2S5AAAAEElEQVR42mNkIAAYRxWAAQAG9gAKqv6+AwAAAABJRU5ErkJggg==\" class=\"Picture-root Picture-original lazyload\" data-src=\"http:\/\/just-now.news\/de\/wp-content\/uploads\/sites\/3\/2023\/01\/63c5b1a048fbef3bdb50a46c.jpg\" alt=\"\"><\/source><\/source><\/picture><!-- noscript pattern --><noscript><img decoding=\"async\" src=\"http:\/\/just-now.news\/de\/wp-content\/uploads\/sites\/3\/2023\/01\/1673935860_542_63c5b1a048fbef3bdb50a46c.jpg\" alt=\"\"><\/noscript><\/div><figcaption class=\"RTImage-footer\"><span class=\"RTImage-caption\"><span class=\"RTImage-captionItem\">Eine ukrainische Attrappe einer Panzerhaubitze (Screenshot)<\/span><\/span><span class=\"RTImage-source\"><span class=\"RTImage-captionItem\">Ukraina.ru\/https:\/\/t.me\/ukraina_ru\/127505<\/span><span class=\"RTImage-captionItem\"> \/ RT<\/span><\/span><\/figcaption><\/figure>\n<p>Die ukrainischen Streitkr\u00e4fte sollen im Norden der Ukraine, unter anderem im Gebiet Charkow, Attrappen verschiedener milit\u00e4rischer Ausr\u00fcstungen aufstellen, da sie offenbar einen Angriff der russischen Streitkr\u00e4fte von wei\u00dfrussischem Territorium aus bef\u00fcrchten. Dies <a rel=\"nofollow noopener\" target=\"_blank\" href=\"https:\/\/t.me\/ukraina_ru\/127505\">berichtet<\/a> der Telegram-Kanal <em>Ukraina.ru<\/em>.<\/p>\n<p>Der Kanal schreibt dazu:<\/p>\n<p><em>&#8220;Wir hoffen, dass unsere Nachrichtendienste pr\u00e4zise arbeiten und alle echten und falschen Systeme der ukrainischen Streitkr\u00e4fte identifizieren werden.&#8221;<\/em><\/p>\n<p>Solche und \u00e4hnliche Attrappen werden verwendet, um Feuerstellungen aufzudecken, die dann von getarnten Punkten aus mit echter Artillerie angegriffen werden.<\/p>\n<\/div>\n<\/div>\n<\/div>\n<\/div>\n<\/li>\n<li class=\"LiveUpdates-item Listing-item\">\n<div class=\"LiveUpdate-root\">\n<div class=\"LiveUpdate-date\">\n<p class=\"HeaderNews-root HeaderNews-type_6 \">\n                22:35 Uhr\n            <\/p>\n<\/div>\n<div class=\"LiveUpdate-content\">\n<div class=\"LiveUpdate-text\">\n<div class=\"Text-root Text-type_5 ViewText-root\">\n<p><strong>Moldawien beh\u00e4lt Ausnahmezustand bis zum Ende der K\u00e4mpfe in der Ukraine bei<\/strong><\/p>\n<figure class=\"RTImage-root\">\n<div class=\"RTImage-image RTImage-original\"><picture class=\"Picture-root Picture-original\"><!--[if IE 9]><video style=\"display: none;\"><![endif]--><source media=\"(-webkit-min-device-pixel-ratio: 2) and (min-resolution: 120dpi)\" data-srcset=\" \nhttp:\/\/just-now.news\/de\/wp-content\/uploads\/sites\/3\/2023\/01\/63c5ac8548fbef3229034073.jpg 850w,\n                http:\/\/just-now.news\/de\/wp-content\/uploads\/sites\/3\/2023\/01\/63c5ac8548fbef3229034073.jpg 1960w,\n            \" ><source data-srcset=\" \nhttp:\/\/just-now.news\/de\/wp-content\/uploads\/sites\/3\/2023\/01\/63c5ac8548fbef3229034073.jpg 460w,\n              http:\/\/just-now.news\/de\/wp-content\/uploads\/sites\/3\/2023\/01\/63c5ac8548fbef3229034073.jpg 980w,\n            \" ><!--[if IE 9]><\/video><![endif]--><img decoding=\"async\" data- src=\"data:image\/png;base64,iVBORw0KGgoAAAANSUhEUgAAABAAAAAJCAQAAACRI2S5AAAAEElEQVR42mNkIAAYRxWAAQAG9gAKqv6+AwAAAABJRU5ErkJggg==\" class=\"Picture-root Picture-original lazyload\" data-src=\"http:\/\/just-now.news\/de\/wp-content\/uploads\/sites\/3\/2023\/01\/63c5ac8548fbef3229034073.jpg\" alt=\"\"><\/source><\/source><\/picture><!-- noscript pattern --><noscript><img decoding=\"async\" src=\"http:\/\/just-now.news\/de\/wp-content\/uploads\/sites\/3\/2023\/01\/63c5ac8548fbef3229034073.jpg\" alt=\"\"><\/noscript><\/div><figcaption class=\"RTImage-footer\"><span class=\"RTImage-caption\"><span class=\"RTImage-captionItem\">Archivbild: Moldawiens Vizeministerpr\u00e4sident sowie Minister f\u00fcr Infrastruktur und Regionalentwicklung Andrei Spinu<\/span><\/span><span class=\"RTImage-source\"><span class=\"RTImage-captionItem\">Murad Orudschew<\/span><span class=\"RTImage-captionItem\"> \/ Sputnik<\/span><\/span><\/figcaption><\/figure>\n<p>Der Ausnahmezustand in Moldawien wird verl\u00e4ngert werden, solange die Kampfhandlungen in der Ukraine andauern. Dies erkl\u00e4rte der Vizeministerpr\u00e4sident sowie Minister f\u00fcr Infrastruktur und Regionalentwicklung Andrei Spinu dem Fernsehkanal\u00a0<em>N4<\/em>. Grund f\u00fcr die Entscheidung seien fortbestehende Risiken, unter anderem im Bereich der Sicherheit und der Energieversorgung.<\/p>\n<p>Der Ausnahmezustand in Moldawien war urspr\u00fcnglich im Jahr 2021 im Zusammenhang mit der COVID-Pandemie eingef\u00fchrt worden. Verl\u00e4ngerungen folgten zun\u00e4chst wegen einer Energiekrise und sp\u00e4ter im Februar 2022 wegen des Beginns der russischen Milit\u00e4roperation in der Ukraine. Die Kommission f\u00fcr Ausnahmezust\u00e4nde hat unter anderem die Befugnis, Massenveranstaltungen zu verbieten, Menschen, die die \u00f6ffentliche Ordnung bedrohen, des Landes zu verweisen sowie die Arbeit der Medien zu koordinieren.<\/p>\n<p>Die Verl\u00e4ngerungen des Ausnahmezustands wurden von der Opposition kritisiert, die ihn als Vorwand zur Bek\u00e4mpfung politischer Widersacher\u00a0sieht.<\/p>\n<\/div>\n<\/div>\n<\/div>\n<\/div>\n<\/li>\n<li class=\"LiveUpdates-item Listing-item\">\n<div class=\"LiveUpdate-root\">\n<div class=\"LiveUpdate-date\">\n<p class=\"HeaderNews-root HeaderNews-type_6 \">\n                22:27 Uhr\n            <\/p>\n<\/div>\n<div class=\"LiveUpdate-content\">\n<div class=\"LiveUpdate-text\">\n<div class=\"Text-root Text-type_5 ViewText-root\">\n<p><strong>Puschilin: In naher Zukunft werden weitere Siedlungen im Donbass befreit<\/strong><\/p>\n<figure class=\"RTImage-root\">\n<div class=\"RTImage-image RTImage-original\"><picture class=\"Picture-root Picture-original\"><!--[if IE 9]><video style=\"display: none;\"><![endif]--><source media=\"(-webkit-min-device-pixel-ratio: 2) and (min-resolution: 120dpi)\" data-srcset=\" \nhttp:\/\/just-now.news\/de\/wp-content\/uploads\/sites\/3\/2023\/01\/63c5a7f848fbef32c45d6bc2.jpg 850w,\n                http:\/\/just-now.news\/de\/wp-content\/uploads\/sites\/3\/2023\/01\/1673935860_491_63c5a7f848fbef32c45d6bc2.jpg 1960w,\n            \" ><source data-srcset=\" \nhttp:\/\/just-now.news\/de\/wp-content\/uploads\/sites\/3\/2023\/01\/63c5a7f848fbef32c45d6bc2.jpg 460w,\n              http:\/\/just-now.news\/de\/wp-content\/uploads\/sites\/3\/2023\/01\/1673935860_491_63c5a7f848fbef32c45d6bc2.jpg 980w,\n            \" ><!--[if IE 9]><\/video><![endif]--><img decoding=\"async\" data- src=\"data:image\/png;base64,iVBORw0KGgoAAAANSUhEUgAAABAAAAAJCAQAAACRI2S5AAAAEElEQVR42mNkIAAYRxWAAQAG9gAKqv6+AwAAAABJRU5ErkJggg==\" class=\"Picture-root Picture-original lazyload\" data-src=\"http:\/\/just-now.news\/de\/wp-content\/uploads\/sites\/3\/2023\/01\/63c5a7f848fbef32c45d6bc2.jpg\" alt=\"\"><\/source><\/source><\/picture><!-- noscript pattern --><noscript><img decoding=\"async\" src=\"http:\/\/just-now.news\/de\/wp-content\/uploads\/sites\/3\/2023\/01\/1673935860_491_63c5a7f848fbef32c45d6bc2.jpg\" alt=\"\"><\/noscript><\/div><figcaption class=\"RTImage-footer\"><span class=\"RTImage-caption\"><span class=\"RTImage-captionItem\">Symbolbild (Screenshot)<\/span><\/span><span class=\"RTImage-source\"><span class=\"RTImage-captionItem\">DAN \/ https:\/\/t.me\/dan_dnr\/8896<\/span><span class=\"RTImage-captionItem\"> \/ RT<\/span><\/span><\/figcaption><\/figure>\n<p>Der Telegram-Kanal der <em>Donezkoje agentstwo nowostej<\/em> (<em>DAN<\/em>, Donezker Nachrichtenagentur) <a rel=\"nofollow noopener\" target=\"_blank\" href=\"https:\/\/t.me\/dan_dnr\/8896\">zitiert<\/a> den amtierenden Chef der Volksrepublik Donezk Denis Puschilin mit folgender Aussage \u00fcber die Fortschritte, die die russischen Einheiten machten:<\/p>\n<p><em>&#8220;Was die Gegend um Awdejewka betrifft, so gibt es sehr gute Ergebnisse. Die Jungs verbessern ihre Positionen, und schon ist Werchneje Wodjanoje (n\u00f6rdlich von Peski; Anm. der DAN) unter unserer Kontrolle. Und wir k\u00f6nnen jetzt sagen, dass wir in naher Zukunft die Befreiung neuer Siedlungen erleben werden.&#8221;<\/em><\/p>\n<p>Puschilin f\u00fcgte hinzu, dass sich die ukrainischen K\u00e4mpfer in Marinka auf vorbereitete Stellungen in privaten Wohnvierteln zur\u00fcckgezogen haben \u2013 alle Hochh\u00e4user in der Stadt w\u00fcrden von der russischen Armee kontrolliert. In Soledar soll die Wagner-Gruppe die Aufkl\u00e4rung der Stadt gegenw\u00e4rtig abschlie\u00dfen, w\u00e4hrend sie gleichzeitig ihre Positionen in den Au\u00dfenbezirken der Stadt verbessere, so die <em>DAN<\/em>.<\/p>\n<\/div>\n<\/div>\n<\/div>\n<\/div>\n<\/li>\n<li class=\"LiveUpdates-item Listing-item\">\n<div class=\"LiveUpdate-root\">\n<div class=\"LiveUpdate-date\">\n<p class=\"HeaderNews-root HeaderNews-type_6 \">\n                22:20 Uhr\n            <\/p>\n<\/div>\n<div class=\"LiveUpdate-content\">\n<div class=\"LiveUpdate-text\">\n<div class=\"Text-root Text-type_5 ViewText-root\">\n<p><strong>Schiffs-Stau am s\u00fcdlichen Eingang des Bosporus<\/strong><\/p>\n<p>Die Schifffahrt im Bosporus wurde f\u00fcr mehr als 10 Stunden unterbrochen, weil ein Schiff auf Grund gelaufen war. Inzwischen wurde der Schiffsverkehr wieder aufgenommen, so die t\u00fcrkische K\u00fcstenwache.<\/p>\n<p>Allerdings bilden die am s\u00fcdlichen Eingang des Bosporus ankernden Schiffe eine Kette, die sich \u00fcber viele Kilometer erstreckt. Der Grund daf\u00fcr ist, dass der Schiffsverkehr bisher nur von Norden nach S\u00fcden wieder aufgenommen wurde, wie die Nachrichtenagentur <em>RIA Nowosti<\/em>\u00a0<a rel=\"nofollow noopener\" target=\"_blank\" href=\"https:\/\/t.me\/rian_ru\/191392\">meldet<\/a>.<\/p>\n<\/p>\n<\/div>\n<\/div>\n<\/div>\n<\/div>\n<\/li>\n<li class=\"LiveUpdates-item Listing-item\">\n<div class=\"LiveUpdate-root\">\n<div class=\"LiveUpdate-date\">\n<p class=\"HeaderNews-root HeaderNews-type_6 \">\n                22:12 Uhr\n            <\/p>\n<\/div>\n<div class=\"LiveUpdate-content\">\n<div class=\"LiveUpdate-text\">\n<div class=\"Text-root Text-type_5 ViewText-root\">\n<p><strong>Kiew verlegt Truppen aus Gebiet Saporoschje nach Soledar und Artjomowsk<\/strong><\/p>\n<p>Die Ukraine hat einen Teil der am Frontabschnitt Saporoschje stationierten Truppen ins Gebiet von Soledar und Artjomowsk verlegt. Dies berichtete der Vorsitzende der lokalen Bewegung &#8220;Wir sind zusammen mit Russland&#8221; der Nachrichtenagentur\u00a0<em>RIA Nowosti<\/em>. Er f\u00fcgte hinzu, dass einige ukrainische Eliteverb\u00e4nde, Einheiten der Fremdenlegion, Nationalgarde sowie Territorialverteidigung im Gebiet Saporoschje geblieben sind.<\/p>\n<p>Wie\u00a0<em>RIA Nowosti<\/em>\u00a0berichtete, bleibt die Lage in dem Russland beigetretenen Gebiet unruhig. Seit Herbst wird am Frontabschnitt Saporoschje eine ukrainische Offensive erwartet, wobei die St\u00e4dte Energodar mit ihrem Kernkraftwerk sowie Melitopol und Berdjansk als m\u00f6gliche Ziele vermutet werden.<\/p>\n<\/div>\n<\/div>\n<\/div>\n<\/div>\n<\/li>\n<li class=\"LiveUpdates-item Listing-item\">\n<div class=\"LiveUpdate-root\">\n<div class=\"LiveUpdate-date\">\n<p class=\"HeaderNews-root HeaderNews-type_6 \">\n                21:29 Uhr\n            <\/p>\n<\/div>\n<div class=\"LiveUpdate-content\">\n<div class=\"LiveUpdate-text\">\n<div class=\"Text-root Text-type_5 ViewText-root\">\n<p><strong>Gro\u00dfbritannien liefert Bulldog-Mannschaftstransportwagen an die Ukraine<\/strong><\/p>\n<figure class=\"RTImage-root\">\n<div class=\"RTImage-image RTImage-original\"><picture class=\"Picture-root Picture-original\"><!--[if IE 9]><video style=\"display: none;\"><![endif]--><source media=\"(-webkit-min-device-pixel-ratio: 2) and (min-resolution: 120dpi)\" data-srcset=\" \nhttp:\/\/just-now.news\/de\/wp-content\/uploads\/sites\/3\/2023\/01\/63c584cab480cc27b95fef46.jpg 850w,\n                http:\/\/just-now.news\/de\/wp-content\/uploads\/sites\/3\/2023\/01\/1673935860_123_63c584cab480cc27b95fef46.jpg 1960w,\n            \" ><source data-srcset=\" \nhttp:\/\/just-now.news\/de\/wp-content\/uploads\/sites\/3\/2023\/01\/63c584cab480cc27b95fef46.jpg 460w,\n              http:\/\/just-now.news\/de\/wp-content\/uploads\/sites\/3\/2023\/01\/1673935860_123_63c584cab480cc27b95fef46.jpg 980w,\n            \" ><!--[if IE 9]><\/video><![endif]--><img decoding=\"async\" data- src=\"data:image\/png;base64,iVBORw0KGgoAAAANSUhEUgAAABAAAAAJCAQAAACRI2S5AAAAEElEQVR42mNkIAAYRxWAAQAG9gAKqv6+AwAAAABJRU5ErkJggg==\" class=\"Picture-root Picture-original lazyload\" data-src=\"http:\/\/just-now.news\/de\/wp-content\/uploads\/sites\/3\/2023\/01\/63c584cab480cc27b95fef46.jpg\" alt=\"\"><\/source><\/source><\/picture><!-- noscript pattern --><noscript><img decoding=\"async\" src=\"http:\/\/just-now.news\/de\/wp-content\/uploads\/sites\/3\/2023\/01\/1673935860_123_63c584cab480cc27b95fef46.jpg\" alt=\"\"><\/noscript><\/div><figcaption class=\"RTImage-footer\"><span class=\"RTImage-caption\"><span class=\"RTImage-captionItem\">Archivbild: Gro\u00dfbritanniens Verteidigungsminister Ben Wallace<\/span><\/span><span class=\"RTImage-source\"><span class=\"RTImage-captionItem\">PHILIP DAVALI \/ RITZAU SCANPIX<\/span><span class=\"RTImage-captionItem\"> \/ AFP<\/span><\/span><\/figcaption><\/figure>\n<p>Verteidigungsminister Ben Wallace hat in seiner Rede im Unterhaus des britischen Parlaments neue Waffenlieferungen angek\u00fcndigt. Gro\u00dfbritannien werde der Ukraine Hunderte zus\u00e4tzliche Einheiten gepanzerter Technik \u00fcbergeben, darunter Mannschaftstransportwagen vom Typ Bulldog. Dazu erhalte die Ukraine Dutzende Drohnen zur Unterst\u00fctzung der Artillerie sowie Lenkraketen vom Typ GMLRS und tragbare Luftabwehrsysteme Starstreak. Nach Ansicht des Verteidigungsministers k\u00f6nnten neue Lieferungen den Verlauf des Konflikts \u00e4ndern und die russischen Truppen aus der Ukraine vertreiben.<\/p>\n<\/div>\n<\/div>\n<\/div>\n<\/div>\n<\/li>\n<li class=\"LiveUpdates-item Listing-item\">\n<div class=\"LiveUpdate-root\">\n<div class=\"LiveUpdate-date\">\n<p class=\"HeaderNews-root HeaderNews-type_6 \">\n                20:56 Uhr\n            <\/p>\n<\/div>\n<div class=\"LiveUpdate-content\">\n<div class=\"LiveUpdate-text\">\n<div class=\"Text-root Text-type_5 ViewText-root\">\n<p><strong>Kanadas Verteidigungsministerium hofft auf fr\u00fchestm\u00f6gliche Lieferungen von NASAMS-Raketenkomplexen an Kiew<\/strong><\/p>\n<p>Die kanadische Verteidigungsministerin Anita Anand hat erkl\u00e4rt, dass ihr Land US-amerikanische Flugabwehrraketenkomplexe vom Typ NASAMS samt zugeh\u00f6riger Munition m\u00f6glichst bald an die Ukraine liefern wolle. In einem Interview\u00a0mit der kanadischen Rundfunkgesellschaft\u00a0<em>CBC\u00a0<\/em>sagte sie:<\/p>\n<p><em>&#8220;Dieser Kauf wird so\u00a0schnell wie m\u00f6glich in die Ukraine gehen. Wir sprechen nicht von Jahren.&#8221;<\/em><\/p>\n<p>Zuvor hatte Anand den Kauf von NASAMS-Anlagen in den USA f\u00fcr die Ukraine best\u00e4tigt. In Bezug auf m\u00f6gliche Panzerlieferungen an Kiew erkl\u00e4rte die Ministerin, dass Kiews Anfrage wahrgenommen worden sei, allerdings noch mit Verb\u00fcndeten verhandelt werde.<\/p>\n<\/div>\n<\/div>\n<\/div>\n<\/div>\n<\/li>\n<\/ul>\n<div class=\"Listing-isReact\" data-rtmodule=\"Listing\" onload=\"return {\n                page: '1',\n                limit: '10',\n                listing: '\/listing\/parent.6209f961b480cc2c7e35341b\/noprepare\/liveupdates\/10\/1',\n            };\"><\/div>\n<\/div>\n<\/div>\n<\/div>\n<p><br \/>\n<br \/><a href=\"https:\/\/de.rt.com\/international\/131481-liveticker-ukraine-krieg-russlands-verteidigungsminister\/\">Source link <\/a><\/p>\n","protected":false},"excerpt":{"rendered":"<p>Russland f\u00fchrt gemeinsam mit den Streitkr\u00e4ften der Donbass-Republiken eine Milit\u00e4roperation in der Ukraine durch. Der Westen reagiert mit immer neuen Waffenlieferungen an die Ukraine und beispiellosen Sanktionen gegen Russland. Lesen Sie hier die neuesten Entwicklungen. 17.01.2023 07:01 Uhr 07:01 Uhr Russlands Verteidigungsminister besucht Stab im Gebiet der Spezialoperation Archivbild: Verteidigungsminister Russlands Sergei Schoigu w\u00e4hrend des [&hellip;]<\/p>\n","protected":false},"author":3,"featured_media":27897,"comment_status":"open","ping_status":"open","sticky":false,"template":"","format":"standard","meta":{"_yoast_indexnow_last_ping":["1673935861"],"wp_automatic_camp":["217"],"62754d494c7d7f33dfd701b7b84f3d55":["Liveticker Ukraine-Krieg: Russlands Verteidigungsminister besucht Gebiet der Spezialoperation"],"original_link":["https:\/\/de.rt.com\/international\/131481-liveticker-ukraine-krieg-russlands-verteidigungsminister\/"],"_thumbnail_id":["27897"],"jnews_social_counter_last_update":["1777192481"],"_wptgpro_p2tg_sent2tg":["a:1:{i:23737;s:19:\"2023-01-17 08:12:04\";}"]},"categories":[19,23],"tags":[4747,82,23009,564,142,25152,566,5456],"yoast_head":"<!-- This site is optimized with the Yoast SEO Premium plugin v22.7 (Yoast SEO v22.7) - https:\/\/yoast.com\/wordpress\/plugins\/seo\/ -->\n<title>Liveticker Ukraine-Krieg: Russlands Verteidigungsminister besucht Gebiet der Spezialoperation - just-now.NEWS Deutschland<\/title>\n<meta name=\"robots\" content=\"index, follow, max-snippet:-1, max-image-preview:large, max-video-preview:-1\" \/>\n<link rel=\"canonical\" href=\"https:\/\/now-news.de\/de\/deutschland\/liveticker-ukraine-krieg-russlands-verteidigungsminister-besucht-gebiet-der-spezialoperation\/\" \/>\n<meta property=\"og:locale\" content=\"de_DE\" \/>\n<meta property=\"og:type\" content=\"article\" \/>\n<meta property=\"og:title\" content=\"Liveticker Ukraine-Krieg: Russlands Verteidigungsminister besucht Gebiet der Spezialoperation\" \/>\n<meta property=\"og:description\" content=\"Russland f\u00fchrt gemeinsam mit den Streitkr\u00e4ften der Donbass-Republiken eine Milit\u00e4roperation in der Ukraine durch. Der Westen reagiert mit immer neuen Waffenlieferungen an die Ukraine und beispiellosen Sanktionen gegen Russland. Lesen Sie hier die neuesten Entwicklungen. 17.01.2023 07:01 Uhr 07:01 Uhr Russlands Verteidigungsminister besucht Stab im Gebiet der Spezialoperation Archivbild: Verteidigungsminister Russlands Sergei Schoigu w\u00e4hrend des [&hellip;]\" \/>\n<meta property=\"og:url\" content=\"https:\/\/now-news.de\/de\/deutschland\/liveticker-ukraine-krieg-russlands-verteidigungsminister-besucht-gebiet-der-spezialoperation\/\" \/>\n<meta property=\"og:site_name\" content=\"just-now.NEWS Deutschland\" \/>\n<meta property=\"article:publisher\" content=\"https:\/\/www.facebook.com\/wirmachenauf\" \/>\n<meta property=\"article:published_time\" content=\"2023-01-17T06:00:00+00:00\" \/>\n<meta property=\"og:image\" content=\"https:\/\/now-news.de\/de\/wp-content\/uploads\/sites\/3\/2023\/01\/Liveticker-Ukraine-Krieg-Russlands-Verteidigungsminister-besucht-Gebiet-der-Spezialoperation.jpg\" \/>\n\t<meta property=\"og:image:width\" content=\"1200\" \/>\n\t<meta property=\"og:image:height\" content=\"824\" \/>\n\t<meta property=\"og:image:type\" content=\"image\/jpeg\" \/>\n<meta name=\"author\" content=\"rtnews\" \/>\n<meta name=\"twitter:card\" content=\"summary_large_image\" \/>\n<meta name=\"twitter:creator\" content=\"@WirMachenAuf_de\" \/>\n<meta name=\"twitter:site\" content=\"@WirMachenAuf_de\" \/>\n<meta name=\"twitter:label1\" content=\"Verfasst von\" \/>\n\t<meta name=\"twitter:data1\" content=\"rtnews\" \/>\n\t<meta name=\"twitter:label2\" content=\"Gesch\u00e4tzte Lesezeit\" \/>\n\t<meta name=\"twitter:data2\" content=\"6\u00a0Minuten\" \/>\n<script type=\"application\/ld+json\" class=\"yoast-schema-graph\">{\"@context\":\"https:\/\/schema.org\",\"@graph\":[{\"@type\":\"Article\",\"@id\":\"https:\/\/now-news.de\/de\/deutschland\/liveticker-ukraine-krieg-russlands-verteidigungsminister-besucht-gebiet-der-spezialoperation\/#article\",\"isPartOf\":{\"@id\":\"https:\/\/now-news.de\/de\/deutschland\/liveticker-ukraine-krieg-russlands-verteidigungsminister-besucht-gebiet-der-spezialoperation\/\"},\"author\":{\"name\":\"rtnews\",\"@id\":\"https:\/\/now-news.de\/de\/#\/schema\/person\/fb534a4e865501d8b3285208df34a9b5\"},\"headline\":\"Liveticker Ukraine-Krieg: Russlands Verteidigungsminister besucht Gebiet der Spezialoperation\",\"datePublished\":\"2023-01-17T06:00:00+00:00\",\"dateModified\":\"2023-01-17T06:00:00+00:00\",\"mainEntityOfPage\":{\"@id\":\"https:\/\/now-news.de\/de\/deutschland\/liveticker-ukraine-krieg-russlands-verteidigungsminister-besucht-gebiet-der-spezialoperation\/\"},\"wordCount\":1148,\"commentCount\":0,\"publisher\":{\"@id\":\"https:\/\/now-news.de\/de\/#organization\"},\"image\":{\"@id\":\"https:\/\/now-news.de\/de\/deutschland\/liveticker-ukraine-krieg-russlands-verteidigungsminister-besucht-gebiet-der-spezialoperation\/#primaryimage\"},\"thumbnailUrl\":\"https:\/\/now-news.de\/de\/wp-content\/uploads\/sites\/3\/2023\/01\/Liveticker-Ukraine-Krieg-Russlands-Verteidigungsminister-besucht-Gebiet-der-Spezialoperation.jpg\",\"keywords\":[\"besucht\",\"der\",\"Gebiet\",\"Liveticker\",\"Russlands\",\"Spezialoperation\",\"UkraineKrieg\",\"Verteidigungsminister\"],\"articleSection\":[\"Deutschland\",\"Russland\"],\"inLanguage\":\"de\",\"potentialAction\":[{\"@type\":\"CommentAction\",\"name\":\"Comment\",\"target\":[\"https:\/\/now-news.de\/de\/deutschland\/liveticker-ukraine-krieg-russlands-verteidigungsminister-besucht-gebiet-der-spezialoperation\/#respond\"]}]},{\"@type\":\"WebPage\",\"@id\":\"https:\/\/now-news.de\/de\/deutschland\/liveticker-ukraine-krieg-russlands-verteidigungsminister-besucht-gebiet-der-spezialoperation\/\",\"url\":\"https:\/\/now-news.de\/de\/deutschland\/liveticker-ukraine-krieg-russlands-verteidigungsminister-besucht-gebiet-der-spezialoperation\/\",\"name\":\"Liveticker Ukraine-Krieg: Russlands Verteidigungsminister besucht Gebiet der Spezialoperation - just-now.NEWS Deutschland\",\"isPartOf\":{\"@id\":\"https:\/\/now-news.de\/de\/#website\"},\"primaryImageOfPage\":{\"@id\":\"https:\/\/now-news.de\/de\/deutschland\/liveticker-ukraine-krieg-russlands-verteidigungsminister-besucht-gebiet-der-spezialoperation\/#primaryimage\"},\"image\":{\"@id\":\"https:\/\/now-news.de\/de\/deutschland\/liveticker-ukraine-krieg-russlands-verteidigungsminister-besucht-gebiet-der-spezialoperation\/#primaryimage\"},\"thumbnailUrl\":\"https:\/\/now-news.de\/de\/wp-content\/uploads\/sites\/3\/2023\/01\/Liveticker-Ukraine-Krieg-Russlands-Verteidigungsminister-besucht-Gebiet-der-Spezialoperation.jpg\",\"datePublished\":\"2023-01-17T06:00:00+00:00\",\"dateModified\":\"2023-01-17T06:00:00+00:00\",\"breadcrumb\":{\"@id\":\"https:\/\/now-news.de\/de\/deutschland\/liveticker-ukraine-krieg-russlands-verteidigungsminister-besucht-gebiet-der-spezialoperation\/#breadcrumb\"},\"inLanguage\":\"de\",\"potentialAction\":[{\"@type\":\"ReadAction\",\"target\":[\"https:\/\/now-news.de\/de\/deutschland\/liveticker-ukraine-krieg-russlands-verteidigungsminister-besucht-gebiet-der-spezialoperation\/\"]}]},{\"@type\":\"ImageObject\",\"inLanguage\":\"de\",\"@id\":\"https:\/\/now-news.de\/de\/deutschland\/liveticker-ukraine-krieg-russlands-verteidigungsminister-besucht-gebiet-der-spezialoperation\/#primaryimage\",\"url\":\"https:\/\/now-news.de\/de\/wp-content\/uploads\/sites\/3\/2023\/01\/Liveticker-Ukraine-Krieg-Russlands-Verteidigungsminister-besucht-Gebiet-der-Spezialoperation.jpg\",\"contentUrl\":\"https:\/\/now-news.de\/de\/wp-content\/uploads\/sites\/3\/2023\/01\/Liveticker-Ukraine-Krieg-Russlands-Verteidigungsminister-besucht-Gebiet-der-Spezialoperation.jpg\",\"width\":1200,\"height\":824,\"caption\":\"Liveticker Ukraine-Krieg: Russlands Verteidigungsminister besucht Gebiet der Spezialoperation\"},{\"@type\":\"BreadcrumbList\",\"@id\":\"https:\/\/now-news.de\/de\/deutschland\/liveticker-ukraine-krieg-russlands-verteidigungsminister-besucht-gebiet-der-spezialoperation\/#breadcrumb\",\"itemListElement\":[{\"@type\":\"ListItem\",\"position\":1,\"name\":\"Home\",\"item\":\"https:\/\/now-news.de\/de\/\"},{\"@type\":\"ListItem\",\"position\":2,\"name\":\"Liveticker Ukraine-Krieg: Russlands Verteidigungsminister besucht Gebiet der Spezialoperation\"}]},{\"@type\":\"WebSite\",\"@id\":\"https:\/\/now-news.de\/de\/#website\",\"url\":\"https:\/\/now-news.de\/de\/\",\"name\":\"just-now.NEWS Deutschland\",\"description\":\"Das Portal f\u00fcr unzensierte Nachrichten aus der Welt\",\"publisher\":{\"@id\":\"https:\/\/now-news.de\/de\/#organization\"},\"potentialAction\":[{\"@type\":\"SearchAction\",\"target\":{\"@type\":\"EntryPoint\",\"urlTemplate\":\"https:\/\/now-news.de\/de\/?s={search_term_string}\"},\"query-input\":\"required name=search_term_string\"}],\"inLanguage\":\"de\"},{\"@type\":\"Organization\",\"@id\":\"https:\/\/now-news.de\/de\/#organization\",\"name\":\"Just Now News\",\"url\":\"https:\/\/now-news.de\/de\/\",\"logo\":{\"@type\":\"ImageObject\",\"inLanguage\":\"de\",\"@id\":\"https:\/\/now-news.de\/de\/#\/schema\/logo\/image\/\",\"url\":\"http:\/\/just-now.news\/de\/wp-content\/uploads\/sites\/3\/2022\/04\/logo500x500.jpg\",\"contentUrl\":\"http:\/\/just-now.news\/de\/wp-content\/uploads\/sites\/3\/2022\/04\/logo500x500.jpg\",\"width\":500,\"height\":500,\"caption\":\"Just Now News\"},\"image\":{\"@id\":\"https:\/\/now-news.de\/de\/#\/schema\/logo\/image\/\"},\"sameAs\":[\"https:\/\/www.facebook.com\/wirmachenauf\",\"https:\/\/x.com\/WirMachenAuf_de\"]},{\"@type\":\"Person\",\"@id\":\"https:\/\/now-news.de\/de\/#\/schema\/person\/fb534a4e865501d8b3285208df34a9b5\",\"name\":\"rtnews\",\"image\":{\"@type\":\"ImageObject\",\"inLanguage\":\"de\",\"@id\":\"https:\/\/now-news.de\/de\/#\/schema\/person\/image\/\",\"url\":\"https:\/\/secure.gravatar.com\/avatar\/82aafea7d8127119dd649515f56e2117?s=96&d=mm&r=g\",\"contentUrl\":\"https:\/\/secure.gravatar.com\/avatar\/82aafea7d8127119dd649515f56e2117?s=96&d=mm&r=g\",\"caption\":\"rtnews\"},\"url\":\"https:\/\/now-news.de\/de\/author\/rnews\/\"}]}<\/script>\n<!-- \/ Yoast SEO Premium plugin. -->","yoast_head_json":{"title":"Liveticker Ukraine-Krieg: Russlands Verteidigungsminister besucht Gebiet der Spezialoperation - just-now.NEWS Deutschland","robots":{"index":"index","follow":"follow","max-snippet":"max-snippet:-1","max-image-preview":"max-image-preview:large","max-video-preview":"max-video-preview:-1"},"canonical":"https:\/\/now-news.de\/de\/deutschland\/liveticker-ukraine-krieg-russlands-verteidigungsminister-besucht-gebiet-der-spezialoperation\/","og_locale":"de_DE","og_type":"article","og_title":"Liveticker Ukraine-Krieg: Russlands Verteidigungsminister besucht Gebiet der Spezialoperation","og_description":"Russland f\u00fchrt gemeinsam mit den Streitkr\u00e4ften der Donbass-Republiken eine Milit\u00e4roperation in der Ukraine durch. Der Westen reagiert mit immer neuen Waffenlieferungen an die Ukraine und beispiellosen Sanktionen gegen Russland. Lesen Sie hier die neuesten Entwicklungen. 17.01.2023 07:01 Uhr 07:01 Uhr Russlands Verteidigungsminister besucht Stab im Gebiet der Spezialoperation Archivbild: Verteidigungsminister Russlands Sergei Schoigu w\u00e4hrend des [&hellip;]","og_url":"https:\/\/now-news.de\/de\/deutschland\/liveticker-ukraine-krieg-russlands-verteidigungsminister-besucht-gebiet-der-spezialoperation\/","og_site_name":"just-now.NEWS Deutschland","article_publisher":"https:\/\/www.facebook.com\/wirmachenauf","article_published_time":"2023-01-17T06:00:00+00:00","og_image":[{"width":1200,"height":824,"url":"https:\/\/now-news.de\/de\/wp-content\/uploads\/sites\/3\/2023\/01\/Liveticker-Ukraine-Krieg-Russlands-Verteidigungsminister-besucht-Gebiet-der-Spezialoperation.jpg","type":"image\/jpeg"}],"author":"rtnews","twitter_card":"summary_large_image","twitter_creator":"@WirMachenAuf_de","twitter_site":"@WirMachenAuf_de","twitter_misc":{"Verfasst von":"rtnews","Gesch\u00e4tzte Lesezeit":"6\u00a0Minuten"},"schema":{"@context":"https:\/\/schema.org","@graph":[{"@type":"Article","@id":"https:\/\/now-news.de\/de\/deutschland\/liveticker-ukraine-krieg-russlands-verteidigungsminister-besucht-gebiet-der-spezialoperation\/#article","isPartOf":{"@id":"https:\/\/now-news.de\/de\/deutschland\/liveticker-ukraine-krieg-russlands-verteidigungsminister-besucht-gebiet-der-spezialoperation\/"},"author":{"name":"rtnews","@id":"https:\/\/now-news.de\/de\/#\/schema\/person\/fb534a4e865501d8b3285208df34a9b5"},"headline":"Liveticker Ukraine-Krieg: Russlands Verteidigungsminister besucht Gebiet der Spezialoperation","datePublished":"2023-01-17T06:00:00+00:00","dateModified":"2023-01-17T06:00:00+00:00","mainEntityOfPage":{"@id":"https:\/\/now-news.de\/de\/deutschland\/liveticker-ukraine-krieg-russlands-verteidigungsminister-besucht-gebiet-der-spezialoperation\/"},"wordCount":1148,"commentCount":0,"publisher":{"@id":"https:\/\/now-news.de\/de\/#organization"},"image":{"@id":"https:\/\/now-news.de\/de\/deutschland\/liveticker-ukraine-krieg-russlands-verteidigungsminister-besucht-gebiet-der-spezialoperation\/#primaryimage"},"thumbnailUrl":"https:\/\/now-news.de\/de\/wp-content\/uploads\/sites\/3\/2023\/01\/Liveticker-Ukraine-Krieg-Russlands-Verteidigungsminister-besucht-Gebiet-der-Spezialoperation.jpg","keywords":["besucht","der","Gebiet","Liveticker","Russlands","Spezialoperation","UkraineKrieg","Verteidigungsminister"],"articleSection":["Deutschland","Russland"],"inLanguage":"de","potentialAction":[{"@type":"CommentAction","name":"Comment","target":["https:\/\/now-news.de\/de\/deutschland\/liveticker-ukraine-krieg-russlands-verteidigungsminister-besucht-gebiet-der-spezialoperation\/#respond"]}]},{"@type":"WebPage","@id":"https:\/\/now-news.de\/de\/deutschland\/liveticker-ukraine-krieg-russlands-verteidigungsminister-besucht-gebiet-der-spezialoperation\/","url":"https:\/\/now-news.de\/de\/deutschland\/liveticker-ukraine-krieg-russlands-verteidigungsminister-besucht-gebiet-der-spezialoperation\/","name":"Liveticker Ukraine-Krieg: Russlands Verteidigungsminister besucht Gebiet der Spezialoperation - just-now.NEWS Deutschland","isPartOf":{"@id":"https:\/\/now-news.de\/de\/#website"},"primaryImageOfPage":{"@id":"https:\/\/now-news.de\/de\/deutschland\/liveticker-ukraine-krieg-russlands-verteidigungsminister-besucht-gebiet-der-spezialoperation\/#primaryimage"},"image":{"@id":"https:\/\/now-news.de\/de\/deutschland\/liveticker-ukraine-krieg-russlands-verteidigungsminister-besucht-gebiet-der-spezialoperation\/#primaryimage"},"thumbnailUrl":"https:\/\/now-news.de\/de\/wp-content\/uploads\/sites\/3\/2023\/01\/Liveticker-Ukraine-Krieg-Russlands-Verteidigungsminister-besucht-Gebiet-der-Spezialoperation.jpg","datePublished":"2023-01-17T06:00:00+00:00","dateModified":"2023-01-17T06:00:00+00:00","breadcrumb":{"@id":"https:\/\/now-news.de\/de\/deutschland\/liveticker-ukraine-krieg-russlands-verteidigungsminister-besucht-gebiet-der-spezialoperation\/#breadcrumb"},"inLanguage":"de","potentialAction":[{"@type":"ReadAction","target":["https:\/\/now-news.de\/de\/deutschland\/liveticker-ukraine-krieg-russlands-verteidigungsminister-besucht-gebiet-der-spezialoperation\/"]}]},{"@type":"ImageObject","inLanguage":"de","@id":"https:\/\/now-news.de\/de\/deutschland\/liveticker-ukraine-krieg-russlands-verteidigungsminister-besucht-gebiet-der-spezialoperation\/#primaryimage","url":"https:\/\/now-news.de\/de\/wp-content\/uploads\/sites\/3\/2023\/01\/Liveticker-Ukraine-Krieg-Russlands-Verteidigungsminister-besucht-Gebiet-der-Spezialoperation.jpg","contentUrl":"https:\/\/now-news.de\/de\/wp-content\/uploads\/sites\/3\/2023\/01\/Liveticker-Ukraine-Krieg-Russlands-Verteidigungsminister-besucht-Gebiet-der-Spezialoperation.jpg","width":1200,"height":824,"caption":"Liveticker Ukraine-Krieg: Russlands Verteidigungsminister besucht Gebiet der Spezialoperation"},{"@type":"BreadcrumbList","@id":"https:\/\/now-news.de\/de\/deutschland\/liveticker-ukraine-krieg-russlands-verteidigungsminister-besucht-gebiet-der-spezialoperation\/#breadcrumb","itemListElement":[{"@type":"ListItem","position":1,"name":"Home","item":"https:\/\/now-news.de\/de\/"},{"@type":"ListItem","position":2,"name":"Liveticker Ukraine-Krieg: Russlands Verteidigungsminister besucht Gebiet der Spezialoperation"}]},{"@type":"WebSite","@id":"https:\/\/now-news.de\/de\/#website","url":"https:\/\/now-news.de\/de\/","name":"just-now.NEWS Deutschland","description":"Das Portal f\u00fcr unzensierte Nachrichten aus der Welt","publisher":{"@id":"https:\/\/now-news.de\/de\/#organization"},"potentialAction":[{"@type":"SearchAction","target":{"@type":"EntryPoint","urlTemplate":"https:\/\/now-news.de\/de\/?s={search_term_string}"},"query-input":"required name=search_term_string"}],"inLanguage":"de"},{"@type":"Organization","@id":"https:\/\/now-news.de\/de\/#organization","name":"Just Now News","url":"https:\/\/now-news.de\/de\/","logo":{"@type":"ImageObject","inLanguage":"de","@id":"https:\/\/now-news.de\/de\/#\/schema\/logo\/image\/","url":"http:\/\/just-now.news\/de\/wp-content\/uploads\/sites\/3\/2022\/04\/logo500x500.jpg","contentUrl":"http:\/\/just-now.news\/de\/wp-content\/uploads\/sites\/3\/2022\/04\/logo500x500.jpg","width":500,"height":500,"caption":"Just Now News"},"image":{"@id":"https:\/\/now-news.de\/de\/#\/schema\/logo\/image\/"},"sameAs":["https:\/\/www.facebook.com\/wirmachenauf","https:\/\/x.com\/WirMachenAuf_de"]},{"@type":"Person","@id":"https:\/\/now-news.de\/de\/#\/schema\/person\/fb534a4e865501d8b3285208df34a9b5","name":"rtnews","image":{"@type":"ImageObject","inLanguage":"de","@id":"https:\/\/now-news.de\/de\/#\/schema\/person\/image\/","url":"https:\/\/secure.gravatar.com\/avatar\/82aafea7d8127119dd649515f56e2117?s=96&d=mm&r=g","contentUrl":"https:\/\/secure.gravatar.com\/avatar\/82aafea7d8127119dd649515f56e2117?s=96&d=mm&r=g","caption":"rtnews"},"url":"https:\/\/now-news.de\/de\/author\/rnews\/"}]}},"_links":{"self":[{"href":"https:\/\/now-news.de\/de\/wp-json\/wp\/v2\/posts\/27896"}],"collection":[{"href":"https:\/\/now-news.de\/de\/wp-json\/wp\/v2\/posts"}],"about":[{"href":"https:\/\/now-news.de\/de\/wp-json\/wp\/v2\/types\/post"}],"author":[{"embeddable":true,"href":"https:\/\/now-news.de\/de\/wp-json\/wp\/v2\/users\/3"}],"replies":[{"embeddable":true,"href":"https:\/\/now-news.de\/de\/wp-json\/wp\/v2\/comments?post=27896"}],"version-history":[{"count":0,"href":"https:\/\/now-news.de\/de\/wp-json\/wp\/v2\/posts\/27896\/revisions"}],"wp:featuredmedia":[{"embeddable":true,"href":"https:\/\/now-news.de\/de\/wp-json\/wp\/v2\/media\/27897"}],"wp:attachment":[{"href":"https:\/\/now-news.de\/de\/wp-json\/wp\/v2\/media?parent=27896"}],"wp:term":[{"taxonomy":"category","embeddable":true,"href":"https:\/\/now-news.de\/de\/wp-json\/wp\/v2\/categories?post=27896"},{"taxonomy":"post_tag","embeddable":true,"href":"https:\/\/now-news.de\/de\/wp-json\/wp\/v2\/tags?post=27896"}],"curies":[{"name":"wp","href":"https:\/\/api.w.org\/{rel}","templated":true}]}}