{"id":27842,"date":"2023-01-16T14:19:11","date_gmt":"2023-01-16T12:19:11","guid":{"rendered":"http:\/\/just-now.news\/de\/deutschland\/meistgesuchter-mafiaboss-italiens-in-sizilianischer-privatklinik-festgenommen\/"},"modified":"2023-01-16T14:19:11","modified_gmt":"2023-01-16T12:19:11","slug":"meistgesuchter-mafiaboss-italiens-in-sizilianischer-privatklinik-festgenommen","status":"publish","type":"post","link":"https:\/\/now-news.de\/de\/deutschland\/meistgesuchter-mafiaboss-italiens-in-sizilianischer-privatklinik-festgenommen\/","title":{"rendered":"Meistgesuchter Mafiaboss Italiens in sizilianischer Privatklinik festgenommen"},"content":{"rendered":"<div class=\"Text-root Text-type_1 \">\n                Der Zugriff erfolgte durch Spezialkr\u00e4fte in der sizilianischen Hauptstadt Palermo. Der Festgenommene gilt als wesentlicher Mitverantwortlicher f\u00fcr die Ermordung der italienischen Mafia-J\u00e4ger Giovanni Falcone und Paolo Borsellino in den 1990er Jahren. Er galt als Vertrauter und Nachfolger der ehemaligen Mafiabosse Bernardo Provenzano und Salvatore &#8220;Tot\u00f2&#8221; Riina.\n            <\/div>\n<p><\/p>\n<div class=\"Text-root Text-type_5 ArticleView-text ViewText-root \">\n<p>Die Ermittlungen, die schlie\u00dflich zur Festnahme nach \u00fcber 30 Jahren Flucht f\u00fchrten, wurden laut <a rel=\"nofollow noopener\" target=\"_blank\" href=\"https:\/\/www.tgcom24.mediaset.it\/cronaca\/mafia-matteo-messina-denaro_59891235-202302k.shtml\">Angaben<\/a> von italienischen Medien von dem Staatsanwalt Maurizio de Lucia aus Palermo und dem stellvertretenden Staatsanwalt Paolo Guido koordiniert. So soll der Zugriff\u00a0von Spezialeinheiten der italienischen Polizei\u00a0in einer Privatklinik mit dem Namen &#8220;La Maddalena&#8221; in Palermo erfolgt sein, wo sich der Mafiaboss demnach inkognito seit L\u00e4ngerem zur Behandlung aufhielt.\u00a0<\/p>\n<p>Rund um den Ort der Verhaftung kam es gegen\u00fcber den Ermittlern und beteiligten Polizisten zu spontanen Beifallsbekundungen von B\u00fcrgern:<\/p>\n<div class=\"EmbedBlock-root EmbedBlock-twitter\">\n<div class=\"TwitterEmbed\">\n<blockquote class=\"twitter-tweet lazyload\" data-twitter=\"twitter-tweet\">\n<p lang=\"en\" dir=\"ltr\">VIDEO. People clapping and cheering Carabinieri police in the streets of Palermo after the arrest of Italy&#8217;s top mafia boss Matteo Messina Denaro after 30 years on the run &#8211; <a rel=\"nofollow noopener\" target=\"_blank\" href=\"https:\/\/twitter.com\/repubblica?ref_src=twsrc%5Etfw\">@repubblica<\/a><a rel=\"nofollow noopener\" target=\"_blank\" href=\"https:\/\/t.co\/W6ptsXu7lL\">pic.twitter.com\/W6ptsXu7lL<\/a><\/p>\n<p>\u2014 Antonello Guerrera (@antoguerrera) <a rel=\"nofollow noopener\" target=\"_blank\" href=\"https:\/\/twitter.com\/antoguerrera\/status\/1614914967932641280?ref_src=twsrc%5Etfw\">January 16, 2023<\/a><\/p><\/blockquote>\n<\/div>\n<\/div>\n<p>Der lange Zeit vergeblich gesuchte und gef\u00fcrchtete Matteo Messina Denaro ist\u00a0Sohn des\u00a0ber\u00fcchtigten Mafiaf\u00fchrers Francesco Messina Denaro, genannt auch &#8220;Don Ciccio&#8221; aus Castelvetrano (im Freien Gemeindekonsortium Trapani) und wurde als &#8220;historischer Verb\u00fcndeter&#8221; der Corleone-Familie von Tot\u00f2 Riina bezeichnet. Er gilt in Italien als der letzte Mafiaboss &#8220;ersten Ranges&#8221;. Laut dem italienischen\u00a0Nachrichtensender <em><a rel=\"nofollow noopener\" target=\"_blank\" href=\"https:\/\/www.tgcom24.mediaset.it\/cronaca\/mafia-matteo-messina-denaro_59891235-202302k.shtml\">TG24<\/a>\u00a0<\/em>befand sich Denaro<em>\u00a0<\/em>seit dem Sommer 1993 auf der Flucht. Der Mafiaboss wurde im Verlauf der Jahre bereits in Abwesenheit\u00a0f\u00fcr Dutzende von Mordvorw\u00fcrfen zu lebenslanger Haft verurteilt.\u00a0<\/p>\n<p>So soll er f\u00fcr die Massaker von 1992, bei denen die landesweit gesch\u00e4tzten und von der Mafia gef\u00fcrchteten Richter und Mafiaj\u00e4ger Giovanni Falcone und Paolo Borsellino ums Leben kamen,\u00a0sowie f\u00fcr die verheerenden <a rel=\"nofollow noopener\" target=\"_blank\" href=\"https:\/\/orf.at\/v2\/stories\/2177134\/2177154\/\">Bombenanschl\u00e4ge<\/a> von 1993 in Mailand, Florenz und Rom hauptverantwortlicher Auftraggeber gewesen sein. Die seit Oktober 2022 amtierende\u00a0Ministerpr\u00e4sidentin Giorgia Meloni (Partei\u00a0Fratelli d&#8217;Italia) kommentierte auf ihrem offiziellen Twitter-Kanal:<\/p>\n<blockquote>\n<p><em>&#8220;Ein gro\u00dfer Sieg f\u00fcr den Staat, der zeigt, dass er gegen\u00fcber der Mafia nicht aufgibt. Am Jahrestag der Verhaftung von Tot\u00f2 Riina wird ein weiterer Boss des organisierten Verbrechens, Matteo Messina Denaro, vor Gericht gestellt.&#8221;<\/em><\/p>\n<\/blockquote>\n<div class=\"EmbedBlock-root EmbedBlock-twitter\">\n<div class=\"TwitterEmbed\">\n<blockquote class=\"twitter-tweet lazyload\" data-twitter=\"twitter-tweet\">\n<p lang=\"it\" dir=\"ltr\">Una grande vittoria dello Stato che dimostra di non arrendersi di fronte alla mafia. All&#8217;indomani dell&#8217;anniversario dell&#8217;arresto di Tot\u00f2 Riina, un altro capo della criminalit\u00e0 organizzata, Matteo Messina Denaro, viene assicurato alla giustizia. <a rel=\"nofollow noopener\" target=\"_blank\" href=\"https:\/\/t.co\/8d6sHaDloK\">pic.twitter.com\/8d6sHaDloK<\/a><\/p>\n<p>\u2014 Giorgia Meloni (@GiorgiaMeloni) <a rel=\"nofollow noopener\" target=\"_blank\" href=\"https:\/\/twitter.com\/GiorgiaMeloni\/status\/1614911338953719810?ref_src=twsrc%5Etfw\">January 16, 2023<\/a><\/p><\/blockquote>\n<\/div>\n<\/div>\n<p>Salvatore &#8220;Tot\u00f2&#8221; Riina war ein Mitglied der sizilianischen Cosa Nostra und f\u00fcr 19 Jahre das Oberhaupt der Corleonesi, eines Clans aus der ber\u00fcchtigten Mafia-Hochburg Corleone. Der seit 1993 inhaftierte Riina wurde zu dreizehn Mal lebenslanger Haft verurteilt und sa\u00df bis zu seinem Tod im Jahr 2017 im Gef\u00e4ngnis von Parma ein.<\/p>\n<p>Laut <a rel=\"nofollow noopener\" target=\"_blank\" href=\"https:\/\/www.ansa.it\/sito\/notizie\/cronaca\/2023\/01\/16\/arrestato-matteo-messina-denaro-diretta_74e6d708-8d40-4406-92bc-d9ea7caa7e27.html\">Aussagen<\/a> des leitenden Kommandeurs der Spezialeinsatzkr\u00e4fte (ROS) der italienischen Carabinieri, General Pasquale Angelosanto,\u00a0hatte sich Denaro in die Privatklinik begeben, &#8220;um sich behandeln zu lassen&#8221;, so die italienische Nachrichtenagentur<em> Ansa<\/em>. Das Lokalblatt <em>Palermo-Today<\/em>\u00a0<a rel=\"nofollow noopener\" target=\"_blank\" href=\"https:\/\/www.palermotoday.it\/cronaca\/mafia\/arrestato-matteo-messina-denaro.html\">berichtet<\/a>\u00a0zu der Festnahme:<\/p>\n<blockquote>\n<p><em>&#8220;Seit der Nacht war das Krankenhaus von den Carabinieri der ROS umstellt, die sowohl den Zugang als auch das Verlassen der Einrichtung verhinderten. Dann kam der Blitzangriff der Carabinieri, etwa hundert von ihnen, die mit Kapuzen in Aktion traten. Messina Denaro wurde abtransportiert und befindet sich jetzt in der Kaserne in San Lorenzo.&#8221;<\/em><\/p>\n<\/blockquote>\n<figure class=\"RTImage-root\">\n<div class=\"RTImage-image RTImage-original\"><picture class=\"Picture-root Picture-original\"><!--[if IE 9]><video style=\"display: none;\"><![endif]--><source media=\"(-webkit-min-device-pixel-ratio: 2) and (min-resolution: 120dpi)\" data-srcset=\" \nhttp:\/\/just-now.news\/de\/wp-content\/uploads\/sites\/3\/2023\/01\/63c51fc4b480cc5eb10af8e3.jpg 850w,\n                http:\/\/just-now.news\/de\/wp-content\/uploads\/sites\/3\/2023\/01\/63c51fc4b480cc5eb10af8e3.jpg 1960w,\n            \" ><source data-srcset=\" \nhttp:\/\/just-now.news\/de\/wp-content\/uploads\/sites\/3\/2023\/01\/63c51fc4b480cc5eb10af8e3.jpg 460w,\n              http:\/\/just-now.news\/de\/wp-content\/uploads\/sites\/3\/2023\/01\/63c51fc4b480cc5eb10af8e3.jpg 980w,\n            \" ><!--[if IE 9]><\/video><![endif]--><img decoding=\"async\" data- src=\"data:image\/png;base64,iVBORw0KGgoAAAANSUhEUgAAABAAAAAJCAQAAACRI2S5AAAAEElEQVR42mNkIAAYRxWAAQAG9gAKqv6+AwAAAABJRU5ErkJggg==\" class=\"Picture-root Picture-original lazyload\" data-src=\"http:\/\/just-now.news\/de\/wp-content\/uploads\/sites\/3\/2023\/01\/63c51fc4b480cc5eb10af8e3.jpg\" alt=\"\"><\/source><\/source><\/picture><!-- noscript pattern --><noscript><img decoding=\"async\" src=\"http:\/\/just-now.news\/de\/wp-content\/uploads\/sites\/3\/2023\/01\/63c51fc4b480cc5eb10af8e3.jpg\" alt=\"\"><\/noscript><\/div><figcaption class=\"RTImage-footer\"><span class=\"RTImage-caption\"><span class=\"RTImage-captionItem\">Festnahme von Matteo Messina Denaro.<\/span><\/span><span class=\"RTImage-source\"><span class=\"RTImage-captionItem\">Screenshot: Webseite Palermo Today<\/span><\/span><\/figcaption><\/figure>\n<p>Der <em>Palermo Today<\/em>-Artikel fasst zusammen:<\/p>\n<blockquote>\n<p><em>&#8220;Der Pate aus Castelvetrano, Mafiaf\u00fchrer in der Provinz Trapani, war im Laufe der Jahre zu einem der m\u00e4chtigsten Bosse der gesamten Cosa Nostra geworden und \u00fcbte seine Macht sogar in der Provinz Palermo aus.&#8221;<\/em><\/p>\n<\/blockquote>\n<p>So soll Denaro die gesamte Wirtschaft der sizilianischen Provinz <a rel=\"nofollow noopener\" target=\"_blank\" href=\"https:\/\/www.sueddeutsche.de\/panorama\/mafia-boss-messina-denaro-sizilien-verhaftung-cosa-nostra-1.5732909\">beherrscht<\/a> haben. Sein Gesamtverm\u00f6gen wird auf rund zehn Milliarden Euro gesch\u00e4tzt. Das FBI nannte ihn &#8220;den gef\u00e4hrlichsten Kriminellen nach dem mexikanischen Drogenboss Joaqu\u00edn &#8216;El Chapo&#8217; Guzm\u00e1n&#8221;.<\/p>\n<p><strong>Mehr zum Thema &#8211;<\/strong>\u00a0<a rel=\"nofollow noopener\" target=\"_blank\" href=\"https:\/\/pressefreiheit.rtde.tech\/europa\/155166-krisen-reaktion-in-italien-regierungschefin\/\">Krisen-Reaktion in Italien: Regierungschefin Meloni leitet Abschaffung des B\u00fcrgergeldes ein<\/a><\/p>\n<\/div>\n<p><script async src=\"https:\/\/platform.twitter.com\/widgets.js\" charset=\"utf-8\"><\/script><br \/>\n<br \/><br \/>\n<br \/><a href=\"https:\/\/de.rt.com\/europa\/160014-meistgesuchter-mafiaboss-italiens-festgenommen\/\">Source link <\/a><\/p>\n","protected":false},"excerpt":{"rendered":"<p>Der Zugriff erfolgte durch Spezialkr\u00e4fte in der sizilianischen Hauptstadt Palermo. Der Festgenommene gilt als wesentlicher Mitverantwortlicher f\u00fcr die Ermordung der italienischen Mafia-J\u00e4ger Giovanni Falcone und Paolo Borsellino in den 1990er Jahren. Er galt als Vertrauter und Nachfolger der ehemaligen Mafiabosse Bernardo Provenzano und Salvatore &#8220;Tot\u00f2&#8221; Riina. Die Ermittlungen, die schlie\u00dflich zur Festnahme nach \u00fcber 30 [&hellip;]<\/p>\n","protected":false},"author":3,"featured_media":27843,"comment_status":"open","ping_status":"open","sticky":false,"template":"","format":"standard","meta":{"_yoast_indexnow_last_ping":["1673872255"],"wp_automatic_camp":["217"],"cc01d2f138320662544c051389281025":["Meistgesuchter Mafiaboss Italiens in sizilianischer Privatklinik festgenommen"],"original_link":["https:\/\/de.rt.com\/europa\/160014-meistgesuchter-mafiaboss-italiens-festgenommen\/"],"_thumbnail_id":["27843"],"_wptgpro_p2tg_sent2tg":["a:1:{i:23737;s:19:\"2023-01-16 14:32:08\";}"],"jnews_social_counter_last_update":["1777618289"]},"categories":[19,23],"tags":[1356,415,39136,39135,39138,39137],"yoast_head":"<!-- This site is optimized with the Yoast SEO Premium plugin v22.7 (Yoast SEO v22.7) - https:\/\/yoast.com\/wordpress\/plugins\/seo\/ -->\n<title>Meistgesuchter Mafiaboss Italiens in sizilianischer Privatklinik festgenommen - just-now.NEWS Deutschland<\/title>\n<meta name=\"robots\" content=\"index, follow, max-snippet:-1, max-image-preview:large, max-video-preview:-1\" \/>\n<link rel=\"canonical\" href=\"https:\/\/now-news.de\/de\/deutschland\/meistgesuchter-mafiaboss-italiens-in-sizilianischer-privatklinik-festgenommen\/\" \/>\n<meta property=\"og:locale\" content=\"de_DE\" \/>\n<meta property=\"og:type\" content=\"article\" \/>\n<meta property=\"og:title\" content=\"Meistgesuchter Mafiaboss Italiens in sizilianischer Privatklinik festgenommen\" \/>\n<meta property=\"og:description\" content=\"Der Zugriff erfolgte durch Spezialkr\u00e4fte in der sizilianischen Hauptstadt Palermo. Der Festgenommene gilt als wesentlicher Mitverantwortlicher f\u00fcr die Ermordung der italienischen Mafia-J\u00e4ger Giovanni Falcone und Paolo Borsellino in den 1990er Jahren. Er galt als Vertrauter und Nachfolger der ehemaligen Mafiabosse Bernardo Provenzano und Salvatore &#8220;Tot\u00f2&#8221; Riina. Die Ermittlungen, die schlie\u00dflich zur Festnahme nach \u00fcber 30 [&hellip;]\" \/>\n<meta property=\"og:url\" content=\"https:\/\/now-news.de\/de\/deutschland\/meistgesuchter-mafiaboss-italiens-in-sizilianischer-privatklinik-festgenommen\/\" \/>\n<meta property=\"og:site_name\" content=\"just-now.NEWS Deutschland\" \/>\n<meta property=\"article:publisher\" content=\"https:\/\/www.facebook.com\/wirmachenauf\" \/>\n<meta property=\"article:published_time\" content=\"2023-01-16T12:19:11+00:00\" \/>\n<meta property=\"og:image\" content=\"https:\/\/now-news.de\/de\/wp-content\/uploads\/sites\/3\/2023\/01\/Meistgesuchter-Mafiaboss-Italiens-in-sizilianischer-Privatklinik-festgenommen.jpg\" \/>\n\t<meta property=\"og:image:width\" content=\"826\" \/>\n\t<meta property=\"og:image:height\" content=\"463\" \/>\n\t<meta property=\"og:image:type\" content=\"image\/jpeg\" \/>\n<meta name=\"author\" content=\"rtnews\" \/>\n<meta name=\"twitter:card\" content=\"summary_large_image\" \/>\n<meta name=\"twitter:creator\" content=\"@WirMachenAuf_de\" \/>\n<meta name=\"twitter:site\" content=\"@WirMachenAuf_de\" \/>\n<meta name=\"twitter:label1\" content=\"Verfasst von\" \/>\n\t<meta name=\"twitter:data1\" content=\"rtnews\" \/>\n\t<meta name=\"twitter:label2\" content=\"Gesch\u00e4tzte Lesezeit\" \/>\n\t<meta name=\"twitter:data2\" content=\"3\u00a0Minuten\" \/>\n<script type=\"application\/ld+json\" class=\"yoast-schema-graph\">{\"@context\":\"https:\/\/schema.org\",\"@graph\":[{\"@type\":\"Article\",\"@id\":\"https:\/\/now-news.de\/de\/deutschland\/meistgesuchter-mafiaboss-italiens-in-sizilianischer-privatklinik-festgenommen\/#article\",\"isPartOf\":{\"@id\":\"https:\/\/now-news.de\/de\/deutschland\/meistgesuchter-mafiaboss-italiens-in-sizilianischer-privatklinik-festgenommen\/\"},\"author\":{\"name\":\"rtnews\",\"@id\":\"https:\/\/now-news.de\/de\/#\/schema\/person\/fb534a4e865501d8b3285208df34a9b5\"},\"headline\":\"Meistgesuchter Mafiaboss Italiens in sizilianischer Privatklinik festgenommen\",\"datePublished\":\"2023-01-16T12:19:11+00:00\",\"dateModified\":\"2023-01-16T12:19:11+00:00\",\"mainEntityOfPage\":{\"@id\":\"https:\/\/now-news.de\/de\/deutschland\/meistgesuchter-mafiaboss-italiens-in-sizilianischer-privatklinik-festgenommen\/\"},\"wordCount\":672,\"commentCount\":0,\"publisher\":{\"@id\":\"https:\/\/now-news.de\/de\/#organization\"},\"image\":{\"@id\":\"https:\/\/now-news.de\/de\/deutschland\/meistgesuchter-mafiaboss-italiens-in-sizilianischer-privatklinik-festgenommen\/#primaryimage\"},\"thumbnailUrl\":\"https:\/\/now-news.de\/de\/wp-content\/uploads\/sites\/3\/2023\/01\/Meistgesuchter-Mafiaboss-Italiens-in-sizilianischer-Privatklinik-festgenommen.jpg\",\"keywords\":[\"festgenommen\",\"Italiens\",\"Mafiaboss\",\"Meistgesuchter\",\"Privatklinik\",\"sizilianischer\"],\"articleSection\":[\"Deutschland\",\"Russland\"],\"inLanguage\":\"de\",\"potentialAction\":[{\"@type\":\"CommentAction\",\"name\":\"Comment\",\"target\":[\"https:\/\/now-news.de\/de\/deutschland\/meistgesuchter-mafiaboss-italiens-in-sizilianischer-privatklinik-festgenommen\/#respond\"]}]},{\"@type\":\"WebPage\",\"@id\":\"https:\/\/now-news.de\/de\/deutschland\/meistgesuchter-mafiaboss-italiens-in-sizilianischer-privatklinik-festgenommen\/\",\"url\":\"https:\/\/now-news.de\/de\/deutschland\/meistgesuchter-mafiaboss-italiens-in-sizilianischer-privatklinik-festgenommen\/\",\"name\":\"Meistgesuchter Mafiaboss Italiens in sizilianischer Privatklinik festgenommen - just-now.NEWS Deutschland\",\"isPartOf\":{\"@id\":\"https:\/\/now-news.de\/de\/#website\"},\"primaryImageOfPage\":{\"@id\":\"https:\/\/now-news.de\/de\/deutschland\/meistgesuchter-mafiaboss-italiens-in-sizilianischer-privatklinik-festgenommen\/#primaryimage\"},\"image\":{\"@id\":\"https:\/\/now-news.de\/de\/deutschland\/meistgesuchter-mafiaboss-italiens-in-sizilianischer-privatklinik-festgenommen\/#primaryimage\"},\"thumbnailUrl\":\"https:\/\/now-news.de\/de\/wp-content\/uploads\/sites\/3\/2023\/01\/Meistgesuchter-Mafiaboss-Italiens-in-sizilianischer-Privatklinik-festgenommen.jpg\",\"datePublished\":\"2023-01-16T12:19:11+00:00\",\"dateModified\":\"2023-01-16T12:19:11+00:00\",\"breadcrumb\":{\"@id\":\"https:\/\/now-news.de\/de\/deutschland\/meistgesuchter-mafiaboss-italiens-in-sizilianischer-privatklinik-festgenommen\/#breadcrumb\"},\"inLanguage\":\"de\",\"potentialAction\":[{\"@type\":\"ReadAction\",\"target\":[\"https:\/\/now-news.de\/de\/deutschland\/meistgesuchter-mafiaboss-italiens-in-sizilianischer-privatklinik-festgenommen\/\"]}]},{\"@type\":\"ImageObject\",\"inLanguage\":\"de\",\"@id\":\"https:\/\/now-news.de\/de\/deutschland\/meistgesuchter-mafiaboss-italiens-in-sizilianischer-privatklinik-festgenommen\/#primaryimage\",\"url\":\"https:\/\/now-news.de\/de\/wp-content\/uploads\/sites\/3\/2023\/01\/Meistgesuchter-Mafiaboss-Italiens-in-sizilianischer-Privatklinik-festgenommen.jpg\",\"contentUrl\":\"https:\/\/now-news.de\/de\/wp-content\/uploads\/sites\/3\/2023\/01\/Meistgesuchter-Mafiaboss-Italiens-in-sizilianischer-Privatklinik-festgenommen.jpg\",\"width\":826,\"height\":463,\"caption\":\"Meistgesuchter Mafiaboss Italiens in sizilianischer Privatklinik festgenommen\"},{\"@type\":\"BreadcrumbList\",\"@id\":\"https:\/\/now-news.de\/de\/deutschland\/meistgesuchter-mafiaboss-italiens-in-sizilianischer-privatklinik-festgenommen\/#breadcrumb\",\"itemListElement\":[{\"@type\":\"ListItem\",\"position\":1,\"name\":\"Home\",\"item\":\"https:\/\/now-news.de\/de\/\"},{\"@type\":\"ListItem\",\"position\":2,\"name\":\"Meistgesuchter Mafiaboss Italiens in sizilianischer Privatklinik festgenommen\"}]},{\"@type\":\"WebSite\",\"@id\":\"https:\/\/now-news.de\/de\/#website\",\"url\":\"https:\/\/now-news.de\/de\/\",\"name\":\"just-now.NEWS Deutschland\",\"description\":\"Das Portal f\u00fcr unzensierte Nachrichten aus der Welt\",\"publisher\":{\"@id\":\"https:\/\/now-news.de\/de\/#organization\"},\"potentialAction\":[{\"@type\":\"SearchAction\",\"target\":{\"@type\":\"EntryPoint\",\"urlTemplate\":\"https:\/\/now-news.de\/de\/?s={search_term_string}\"},\"query-input\":\"required name=search_term_string\"}],\"inLanguage\":\"de\"},{\"@type\":\"Organization\",\"@id\":\"https:\/\/now-news.de\/de\/#organization\",\"name\":\"Just Now News\",\"url\":\"https:\/\/now-news.de\/de\/\",\"logo\":{\"@type\":\"ImageObject\",\"inLanguage\":\"de\",\"@id\":\"https:\/\/now-news.de\/de\/#\/schema\/logo\/image\/\",\"url\":\"http:\/\/just-now.news\/de\/wp-content\/uploads\/sites\/3\/2022\/04\/logo500x500.jpg\",\"contentUrl\":\"http:\/\/just-now.news\/de\/wp-content\/uploads\/sites\/3\/2022\/04\/logo500x500.jpg\",\"width\":500,\"height\":500,\"caption\":\"Just Now News\"},\"image\":{\"@id\":\"https:\/\/now-news.de\/de\/#\/schema\/logo\/image\/\"},\"sameAs\":[\"https:\/\/www.facebook.com\/wirmachenauf\",\"https:\/\/x.com\/WirMachenAuf_de\"]},{\"@type\":\"Person\",\"@id\":\"https:\/\/now-news.de\/de\/#\/schema\/person\/fb534a4e865501d8b3285208df34a9b5\",\"name\":\"rtnews\",\"image\":{\"@type\":\"ImageObject\",\"inLanguage\":\"de\",\"@id\":\"https:\/\/now-news.de\/de\/#\/schema\/person\/image\/\",\"url\":\"https:\/\/secure.gravatar.com\/avatar\/82aafea7d8127119dd649515f56e2117?s=96&d=mm&r=g\",\"contentUrl\":\"https:\/\/secure.gravatar.com\/avatar\/82aafea7d8127119dd649515f56e2117?s=96&d=mm&r=g\",\"caption\":\"rtnews\"},\"url\":\"https:\/\/now-news.de\/de\/author\/rnews\/\"}]}<\/script>\n<!-- \/ Yoast SEO Premium plugin. -->","yoast_head_json":{"title":"Meistgesuchter Mafiaboss Italiens in sizilianischer Privatklinik festgenommen - just-now.NEWS Deutschland","robots":{"index":"index","follow":"follow","max-snippet":"max-snippet:-1","max-image-preview":"max-image-preview:large","max-video-preview":"max-video-preview:-1"},"canonical":"https:\/\/now-news.de\/de\/deutschland\/meistgesuchter-mafiaboss-italiens-in-sizilianischer-privatklinik-festgenommen\/","og_locale":"de_DE","og_type":"article","og_title":"Meistgesuchter Mafiaboss Italiens in sizilianischer Privatklinik festgenommen","og_description":"Der Zugriff erfolgte durch Spezialkr\u00e4fte in der sizilianischen Hauptstadt Palermo. Der Festgenommene gilt als wesentlicher Mitverantwortlicher f\u00fcr die Ermordung der italienischen Mafia-J\u00e4ger Giovanni Falcone und Paolo Borsellino in den 1990er Jahren. Er galt als Vertrauter und Nachfolger der ehemaligen Mafiabosse Bernardo Provenzano und Salvatore &#8220;Tot\u00f2&#8221; Riina. Die Ermittlungen, die schlie\u00dflich zur Festnahme nach \u00fcber 30 [&hellip;]","og_url":"https:\/\/now-news.de\/de\/deutschland\/meistgesuchter-mafiaboss-italiens-in-sizilianischer-privatklinik-festgenommen\/","og_site_name":"just-now.NEWS Deutschland","article_publisher":"https:\/\/www.facebook.com\/wirmachenauf","article_published_time":"2023-01-16T12:19:11+00:00","og_image":[{"width":826,"height":463,"url":"https:\/\/now-news.de\/de\/wp-content\/uploads\/sites\/3\/2023\/01\/Meistgesuchter-Mafiaboss-Italiens-in-sizilianischer-Privatklinik-festgenommen.jpg","type":"image\/jpeg"}],"author":"rtnews","twitter_card":"summary_large_image","twitter_creator":"@WirMachenAuf_de","twitter_site":"@WirMachenAuf_de","twitter_misc":{"Verfasst von":"rtnews","Gesch\u00e4tzte Lesezeit":"3\u00a0Minuten"},"schema":{"@context":"https:\/\/schema.org","@graph":[{"@type":"Article","@id":"https:\/\/now-news.de\/de\/deutschland\/meistgesuchter-mafiaboss-italiens-in-sizilianischer-privatklinik-festgenommen\/#article","isPartOf":{"@id":"https:\/\/now-news.de\/de\/deutschland\/meistgesuchter-mafiaboss-italiens-in-sizilianischer-privatklinik-festgenommen\/"},"author":{"name":"rtnews","@id":"https:\/\/now-news.de\/de\/#\/schema\/person\/fb534a4e865501d8b3285208df34a9b5"},"headline":"Meistgesuchter Mafiaboss Italiens in sizilianischer Privatklinik festgenommen","datePublished":"2023-01-16T12:19:11+00:00","dateModified":"2023-01-16T12:19:11+00:00","mainEntityOfPage":{"@id":"https:\/\/now-news.de\/de\/deutschland\/meistgesuchter-mafiaboss-italiens-in-sizilianischer-privatklinik-festgenommen\/"},"wordCount":672,"commentCount":0,"publisher":{"@id":"https:\/\/now-news.de\/de\/#organization"},"image":{"@id":"https:\/\/now-news.de\/de\/deutschland\/meistgesuchter-mafiaboss-italiens-in-sizilianischer-privatklinik-festgenommen\/#primaryimage"},"thumbnailUrl":"https:\/\/now-news.de\/de\/wp-content\/uploads\/sites\/3\/2023\/01\/Meistgesuchter-Mafiaboss-Italiens-in-sizilianischer-Privatklinik-festgenommen.jpg","keywords":["festgenommen","Italiens","Mafiaboss","Meistgesuchter","Privatklinik","sizilianischer"],"articleSection":["Deutschland","Russland"],"inLanguage":"de","potentialAction":[{"@type":"CommentAction","name":"Comment","target":["https:\/\/now-news.de\/de\/deutschland\/meistgesuchter-mafiaboss-italiens-in-sizilianischer-privatklinik-festgenommen\/#respond"]}]},{"@type":"WebPage","@id":"https:\/\/now-news.de\/de\/deutschland\/meistgesuchter-mafiaboss-italiens-in-sizilianischer-privatklinik-festgenommen\/","url":"https:\/\/now-news.de\/de\/deutschland\/meistgesuchter-mafiaboss-italiens-in-sizilianischer-privatklinik-festgenommen\/","name":"Meistgesuchter Mafiaboss Italiens in sizilianischer Privatklinik festgenommen - just-now.NEWS Deutschland","isPartOf":{"@id":"https:\/\/now-news.de\/de\/#website"},"primaryImageOfPage":{"@id":"https:\/\/now-news.de\/de\/deutschland\/meistgesuchter-mafiaboss-italiens-in-sizilianischer-privatklinik-festgenommen\/#primaryimage"},"image":{"@id":"https:\/\/now-news.de\/de\/deutschland\/meistgesuchter-mafiaboss-italiens-in-sizilianischer-privatklinik-festgenommen\/#primaryimage"},"thumbnailUrl":"https:\/\/now-news.de\/de\/wp-content\/uploads\/sites\/3\/2023\/01\/Meistgesuchter-Mafiaboss-Italiens-in-sizilianischer-Privatklinik-festgenommen.jpg","datePublished":"2023-01-16T12:19:11+00:00","dateModified":"2023-01-16T12:19:11+00:00","breadcrumb":{"@id":"https:\/\/now-news.de\/de\/deutschland\/meistgesuchter-mafiaboss-italiens-in-sizilianischer-privatklinik-festgenommen\/#breadcrumb"},"inLanguage":"de","potentialAction":[{"@type":"ReadAction","target":["https:\/\/now-news.de\/de\/deutschland\/meistgesuchter-mafiaboss-italiens-in-sizilianischer-privatklinik-festgenommen\/"]}]},{"@type":"ImageObject","inLanguage":"de","@id":"https:\/\/now-news.de\/de\/deutschland\/meistgesuchter-mafiaboss-italiens-in-sizilianischer-privatklinik-festgenommen\/#primaryimage","url":"https:\/\/now-news.de\/de\/wp-content\/uploads\/sites\/3\/2023\/01\/Meistgesuchter-Mafiaboss-Italiens-in-sizilianischer-Privatklinik-festgenommen.jpg","contentUrl":"https:\/\/now-news.de\/de\/wp-content\/uploads\/sites\/3\/2023\/01\/Meistgesuchter-Mafiaboss-Italiens-in-sizilianischer-Privatklinik-festgenommen.jpg","width":826,"height":463,"caption":"Meistgesuchter Mafiaboss Italiens in sizilianischer Privatklinik festgenommen"},{"@type":"BreadcrumbList","@id":"https:\/\/now-news.de\/de\/deutschland\/meistgesuchter-mafiaboss-italiens-in-sizilianischer-privatklinik-festgenommen\/#breadcrumb","itemListElement":[{"@type":"ListItem","position":1,"name":"Home","item":"https:\/\/now-news.de\/de\/"},{"@type":"ListItem","position":2,"name":"Meistgesuchter Mafiaboss Italiens in sizilianischer Privatklinik festgenommen"}]},{"@type":"WebSite","@id":"https:\/\/now-news.de\/de\/#website","url":"https:\/\/now-news.de\/de\/","name":"just-now.NEWS Deutschland","description":"Das Portal f\u00fcr unzensierte Nachrichten aus der Welt","publisher":{"@id":"https:\/\/now-news.de\/de\/#organization"},"potentialAction":[{"@type":"SearchAction","target":{"@type":"EntryPoint","urlTemplate":"https:\/\/now-news.de\/de\/?s={search_term_string}"},"query-input":"required name=search_term_string"}],"inLanguage":"de"},{"@type":"Organization","@id":"https:\/\/now-news.de\/de\/#organization","name":"Just Now News","url":"https:\/\/now-news.de\/de\/","logo":{"@type":"ImageObject","inLanguage":"de","@id":"https:\/\/now-news.de\/de\/#\/schema\/logo\/image\/","url":"http:\/\/just-now.news\/de\/wp-content\/uploads\/sites\/3\/2022\/04\/logo500x500.jpg","contentUrl":"http:\/\/just-now.news\/de\/wp-content\/uploads\/sites\/3\/2022\/04\/logo500x500.jpg","width":500,"height":500,"caption":"Just Now News"},"image":{"@id":"https:\/\/now-news.de\/de\/#\/schema\/logo\/image\/"},"sameAs":["https:\/\/www.facebook.com\/wirmachenauf","https:\/\/x.com\/WirMachenAuf_de"]},{"@type":"Person","@id":"https:\/\/now-news.de\/de\/#\/schema\/person\/fb534a4e865501d8b3285208df34a9b5","name":"rtnews","image":{"@type":"ImageObject","inLanguage":"de","@id":"https:\/\/now-news.de\/de\/#\/schema\/person\/image\/","url":"https:\/\/secure.gravatar.com\/avatar\/82aafea7d8127119dd649515f56e2117?s=96&d=mm&r=g","contentUrl":"https:\/\/secure.gravatar.com\/avatar\/82aafea7d8127119dd649515f56e2117?s=96&d=mm&r=g","caption":"rtnews"},"url":"https:\/\/now-news.de\/de\/author\/rnews\/"}]}},"_links":{"self":[{"href":"https:\/\/now-news.de\/de\/wp-json\/wp\/v2\/posts\/27842"}],"collection":[{"href":"https:\/\/now-news.de\/de\/wp-json\/wp\/v2\/posts"}],"about":[{"href":"https:\/\/now-news.de\/de\/wp-json\/wp\/v2\/types\/post"}],"author":[{"embeddable":true,"href":"https:\/\/now-news.de\/de\/wp-json\/wp\/v2\/users\/3"}],"replies":[{"embeddable":true,"href":"https:\/\/now-news.de\/de\/wp-json\/wp\/v2\/comments?post=27842"}],"version-history":[{"count":0,"href":"https:\/\/now-news.de\/de\/wp-json\/wp\/v2\/posts\/27842\/revisions"}],"wp:featuredmedia":[{"embeddable":true,"href":"https:\/\/now-news.de\/de\/wp-json\/wp\/v2\/media\/27843"}],"wp:attachment":[{"href":"https:\/\/now-news.de\/de\/wp-json\/wp\/v2\/media?parent=27842"}],"wp:term":[{"taxonomy":"category","embeddable":true,"href":"https:\/\/now-news.de\/de\/wp-json\/wp\/v2\/categories?post=27842"},{"taxonomy":"post_tag","embeddable":true,"href":"https:\/\/now-news.de\/de\/wp-json\/wp\/v2\/tags?post=27842"}],"curies":[{"name":"wp","href":"https:\/\/api.w.org\/{rel}","templated":true}]}}