{"id":27840,"date":"2023-01-16T12:30:00","date_gmt":"2023-01-16T10:30:00","guid":{"rendered":"http:\/\/just-now.news\/de\/deutschland\/liveticker-ukraine-krieg-peskow-westliche-panzer-werden-brennen-wie-alle-anderen\/"},"modified":"2023-01-16T12:30:00","modified_gmt":"2023-01-16T10:30:00","slug":"liveticker-ukraine-krieg-peskow-westliche-panzer-werden-brennen-wie-alle-anderen","status":"publish","type":"post","link":"https:\/\/now-news.de\/de\/deutschland\/liveticker-ukraine-krieg-peskow-westliche-panzer-werden-brennen-wie-alle-anderen\/","title":{"rendered":"Liveticker Ukraine-Krieg \u2013 Peskow: Westliche Panzer werden brennen wie alle anderen"},"content":{"rendered":"<div class=\"Text-root Text-type_1 \">\n                Russland f\u00fchrt gemeinsam mit den Streitkr\u00e4ften der Donbass-Republiken eine Milit\u00e4roperation in der Ukraine durch. Der Westen reagiert mit immer neuen Waffenlieferungen an die Ukraine und beispiellosen Sanktionen gegen Russland. Lesen Sie hier die neuesten Entwicklungen.\n            <\/div>\n<p><\/p>\n<div class=\"ArticleView-liveUpdates\">\n<div class=\"LiveUpdates-root\">\n<div class=\"LiveUpdates-content\">\n<ul class=\"LiveUpdates-list Listing-root\" data-listing=\"LiveUpdates\" data-count=\"10\">\n<li class=\"LiveUpdates-item Listing-item\">\n<div class=\"LiveUpdates-date\">\n<p class=\"HeaderNews-root HeaderNews-type_2 \">\n                16.01.2023 12:45 Uhr\n            <\/p>\n<\/div>\n<div class=\"LiveUpdate-root\">\n<div class=\"LiveUpdate-date\">\n<p class=\"HeaderNews-root HeaderNews-type_6 \">\n                12:45 Uhr\n            <\/p>\n<\/div>\n<div class=\"LiveUpdate-content\">\n<div class=\"LiveUpdate-text\">\n<div class=\"Text-root Text-type_5 ViewText-root\">\n<p><strong>Medwedtschuk: R\u00fcckkehr zur Entspannungspolitik notwendig, sonst droht der n\u00e4chste Weltkrieg<\/strong><\/p>\n<figure class=\"RTImage-root\">\n<div class=\"RTImage-image RTImage-original\"><picture class=\"Picture-root Picture-original\"><!--[if IE 9]><video style=\"display: none;\"><![endif]--><source media=\"(-webkit-min-device-pixel-ratio: 2) and (min-resolution: 120dpi)\" data-srcset=\" \nhttp:\/\/just-now.news\/de\/wp-content\/uploads\/sites\/3\/2023\/01\/63c5140fb480cc543f05a018.jpg 850w,\n                http:\/\/just-now.news\/de\/wp-content\/uploads\/sites\/3\/2023\/01\/63c5140fb480cc543f05a018.jpg 1960w,\n            \" ><source data-srcset=\" \nhttp:\/\/just-now.news\/de\/wp-content\/uploads\/sites\/3\/2023\/01\/63c5140fb480cc543f05a018.jpg 460w,\n              http:\/\/just-now.news\/de\/wp-content\/uploads\/sites\/3\/2023\/01\/63c5140fb480cc543f05a018.jpg 980w,\n            \" ><!--[if IE 9]><\/video><![endif]--><img decoding=\"async\" data- src=\"data:image\/png;base64,iVBORw0KGgoAAAANSUhEUgAAABAAAAAJCAQAAACRI2S5AAAAEElEQVR42mNkIAAYRxWAAQAG9gAKqv6+AwAAAABJRU5ErkJggg==\" class=\"Picture-root Picture-original lazyload\" data-src=\"http:\/\/just-now.news\/de\/wp-content\/uploads\/sites\/3\/2023\/01\/63c5140fb480cc543f05a018.jpg\" alt=\"\"><\/source><\/source><\/picture><!-- noscript pattern --><noscript><img decoding=\"async\" src=\"http:\/\/just-now.news\/de\/wp-content\/uploads\/sites\/3\/2023\/01\/63c5140fb480cc543f05a018.jpg\" alt=\"\"><\/noscript><\/div><figcaption class=\"RTImage-footer\"><span class=\"RTImage-caption\"><span class=\"RTImage-captionItem\">Wiktor Medwedtschuk<\/span><\/span><span class=\"RTImage-source\"><span class=\"RTImage-captionItem\">Sputnik<\/span><\/span><\/figcaption><\/figure>\n<p>Der ukrainische Oligarch und Oppositionspolitiker Wiktor Medwedtschuk hat sich zum ersten Mal, seit er im Zuge des Gefangenenaustauschs aus der Ukraine nach Russland gekommen ist, \u00f6ffentlich zum Konflikt in seiner Heimat ge\u00e4u\u00dfert. In einem Artikel f\u00fcr die Zeitung <em>Iswestija<\/em> er\u00f6rtert er die Vorgeschichte des Konflikts und prognostiziert die weitere Entwicklung der Situation.<\/p>\n<p>Um die Lage in der Ukraine zu entsch\u00e4rfen, m\u00fcssen nach Ansicht Medwedtschuks die Interessen Russlands anerkannt werden. Er stellt fest:<\/p>\n<p><em>&#8220;Der Kalte Krieg endete mit der politischen Entscheidung, eine neue Welt aufzubauen, in der es keine Kriege gibt. Es ist klar, dass eine solche Welt nicht aufgebaut wurde, dass die gegenw\u00e4rtige Weltpolitik dorthin zur\u00fcckgegangen ist, wo sie mit der Entspannung begann. Und jetzt gibt es nur zwei M\u00f6glichkeiten: In einen Weltkrieg und einen Atomkonflikt abzugleiten oder den Entspannungsprozess wiederaufzunehmen, bei dem die Interessen aller Seiten ber\u00fccksichtigt werden m\u00fcssen. Dazu muss man aber politisch eingestehen, dass Russland Interessen hat, die ber\u00fccksichtigt werden m\u00fcssen.&#8221;<\/em><\/p>\n<p>Das Wichtigste dabei sei, ehrlich zu spielen, niemanden zu t\u00e4uschen, sich nicht zu verstellen und nicht zu versuchen, am Blut anderer zu verdienen, meint der Politiker.<\/p>\n<p>Seiner Meinung nach wird der Konflikt entweder eskalieren und auf Europa und andere L\u00e4nder \u00fcbergreifen oder lokal bleiben. Der zweite Weg &#8220;erfordert jedoch, dass die Friedenspartei geh\u00f6rt wird&#8221;, was durch die aktive Unterst\u00fctzung milit\u00e4rischer Aktionen in der Ukraine durch westliche L\u00e4nder verhindert wird.<\/p>\n<p>Medwedtschuk war in der Ukraine Vorsitzender des politischen Rates der inzwischen verbotenen Oppositionspartei Plattform \u2013 F\u00fcr das Leben. Am 12. April 2022 erkl\u00e4rte der ukrainische Machthaber Wladimir Selenskij, dass Medwedtschuk unter dem Vorwurf des Hochverrats und der Verletzung des Kriegsrechts festgenommen worden sei. Der Oppositionspolitiker verlie\u00df die Ukraine Ende September im Zuge eines Gefangenenaustauschs in Richtung Russland.<\/p>\n<\/div>\n<\/div>\n<\/div>\n<\/div>\n<\/li>\n<li class=\"LiveUpdates-item Listing-item\">\n<div class=\"LiveUpdate-root\">\n<div class=\"LiveUpdate-date\">\n<p class=\"HeaderNews-root HeaderNews-type_6 \">\n                12:21 Uhr\n            <\/p>\n<\/div>\n<div class=\"LiveUpdate-content\">\n<div class=\"LiveUpdate-text\">\n<div class=\"Text-root Text-type_5 ViewText-root\">\n<p><strong>Peking: Werden bei der friedlichen Beilegung des russisch-ukrainischen Konflikts helfen<\/strong><\/p>\n<figure class=\"RTImage-root\">\n<div class=\"RTImage-image RTImage-original\"><picture class=\"Picture-root Picture-original\"><!--[if IE 9]><video style=\"display: none;\"><![endif]--><source media=\"(-webkit-min-device-pixel-ratio: 2) and (min-resolution: 120dpi)\" data-srcset=\" \nhttp:\/\/just-now.news\/de\/wp-content\/uploads\/sites\/3\/2023\/01\/63c5070848fbef19d60cc1e0.jpg 850w,\n                http:\/\/just-now.news\/de\/wp-content\/uploads\/sites\/3\/2023\/01\/63c5070848fbef19d60cc1e0.jpg 1960w,\n            \" ><source data-srcset=\" \nhttp:\/\/just-now.news\/de\/wp-content\/uploads\/sites\/3\/2023\/01\/63c5070848fbef19d60cc1e0.jpg 460w,\n              http:\/\/just-now.news\/de\/wp-content\/uploads\/sites\/3\/2023\/01\/63c5070848fbef19d60cc1e0.jpg 980w,\n            \" ><!--[if IE 9]><\/video><![endif]--><img decoding=\"async\" data- src=\"data:image\/png;base64,iVBORw0KGgoAAAANSUhEUgAAABAAAAAJCAQAAACRI2S5AAAAEElEQVR42mNkIAAYRxWAAQAG9gAKqv6+AwAAAABJRU5ErkJggg==\" class=\"Picture-root Picture-original lazyload\" data-src=\"http:\/\/just-now.news\/de\/wp-content\/uploads\/sites\/3\/2023\/01\/63c5070848fbef19d60cc1e0.jpg\" alt=\"\"><\/source><\/source><\/picture><!-- noscript pattern --><noscript><img decoding=\"async\" src=\"http:\/\/just-now.news\/de\/wp-content\/uploads\/sites\/3\/2023\/01\/63c5070848fbef19d60cc1e0.jpg\" alt=\"\"><\/noscript><\/div><figcaption class=\"RTImage-footer\"><span class=\"RTImage-caption\"><span class=\"RTImage-captionItem\">Xie Feng, stellvertretender Au\u00dfenminister Chinas<\/span><\/span><span class=\"RTImage-source\"><span class=\"RTImage-captionItem\">Li Zhihua\/China News Service via Getty Images<\/span><\/span><\/figcaption><\/figure>\n<p>Chinesische Beh\u00f6rden arbeiten an wirksamen M\u00f6glichkeiten zur Bew\u00e4ltigung der Krisensituation in der Ukraine und werden bei der friedlichen Beilegung des russisch-ukrainischen Konflikts helfen. Das verk\u00fcndete der stellvertretende chinesische Au\u00dfenminister Xie Feng am Montag.<\/p>\n<p>Wie der Minister klarstellte, bewerte Peking die sich entwickelnde Situation unabh\u00e4ngig und habe eine neutrale Position eingenommen, die objektive Fakten in Betracht ziehe. Damit trage Peking zur Aufrechterhaltung des weltweiten Friedens und der Sicherheit bei.<\/p>\n<p>Der chinesische Diplomat erinnerte daran, dass die Volksrepublik China fest an einer friedlichen Entwicklung festhalte und auf der Grundlage dieses Prinzips eine entsprechende Politik auf der internationalen B\u00fchne verfolge. Er f\u00fcgte hinzu:<\/p>\n<p><em>&#8220;Manche Leute machen einen Aufstand, ohne sich an Fakten zu halten.&#8221;<\/em><\/p>\n<p><em>&#8220;Sie verbreiten Ger\u00fcchte, dass unser Land angeblich zu milit\u00e4rischer Gewalt greifen wird, um die Situation zu \u00e4ndern \u2013 das ist eine Verleumdung Chinas, die auf Hintergedanken beruht.&#8221;<\/em><\/p>\n<\/div>\n<\/div>\n<\/div>\n<\/div>\n<\/li>\n<li class=\"LiveUpdates-item Listing-item\">\n<div class=\"LiveUpdate-root\">\n<div class=\"LiveUpdate-date\">\n<p class=\"HeaderNews-root HeaderNews-type_6 \">\n                11:54 Uhr\n            <\/p>\n<\/div>\n<div class=\"LiveUpdate-content\">\n<div class=\"LiveUpdate-text\">\n<div class=\"Text-root Text-type_5 ViewText-root\">\n<p><strong>Russland ermittelt zu Misshandlungen von Kriegsgefangenen durch ukrainisches Milit\u00e4r <\/strong><\/p>\n<figure class=\"RTImage-root\">\n<div class=\"RTImage-image RTImage-original\"><picture class=\"Picture-root Picture-original\"><!--[if IE 9]><video style=\"display: none;\"><![endif]--><source media=\"(-webkit-min-device-pixel-ratio: 2) and (min-resolution: 120dpi)\" data-srcset=\" \nhttp:\/\/just-now.news\/de\/wp-content\/uploads\/sites\/3\/2023\/01\/63c512ddb480cc52fa633762.jpg 850w,\n                http:\/\/just-now.news\/de\/wp-content\/uploads\/sites\/3\/2023\/01\/63c512ddb480cc52fa633762.jpg 1960w,\n            \" ><source data-srcset=\" \nhttp:\/\/just-now.news\/de\/wp-content\/uploads\/sites\/3\/2023\/01\/63c512ddb480cc52fa633762.jpg 460w,\n              http:\/\/just-now.news\/de\/wp-content\/uploads\/sites\/3\/2023\/01\/63c512ddb480cc52fa633762.jpg 980w,\n            \" ><!--[if IE 9]><\/video><![endif]--><img decoding=\"async\" data- src=\"data:image\/png;base64,iVBORw0KGgoAAAANSUhEUgAAABAAAAAJCAQAAACRI2S5AAAAEElEQVR42mNkIAAYRxWAAQAG9gAKqv6+AwAAAABJRU5ErkJggg==\" class=\"Picture-root Picture-original lazyload\" data-src=\"http:\/\/just-now.news\/de\/wp-content\/uploads\/sites\/3\/2023\/01\/63c512ddb480cc52fa633762.jpg\" alt=\"\"><\/source><\/source><\/picture><!-- noscript pattern --><noscript><img decoding=\"async\" src=\"http:\/\/just-now.news\/de\/wp-content\/uploads\/sites\/3\/2023\/01\/63c512ddb480cc52fa633762.jpg\" alt=\"\"><\/noscript><\/div><figcaption class=\"RTImage-footer\"><span class=\"RTImage-caption\"><span class=\"RTImage-captionItem\">Ein Vertreter des russischen Ermittlungskomitees beim Einsatz an  einem Brandort  in der Donezker Volksrepublik. (26. Juli 2022)<\/span><\/span><span class=\"RTImage-source\"><span class=\"RTImage-captionItem\">SPUTNIK<\/span><span class=\"RTImage-captionItem\"> \/ Sputnik<\/span><\/span><\/figcaption><\/figure>\n<p>Russlands Ermittlungskomitee pr\u00fcft Angaben, wonach die K\u00e4mpfer ukrainischer bewaffneter Formationen russische Kriegsgefangene und Zivilisten in der Donezker Volksrepublik (DVR) misshandelt haben sollen. Unter anderem seien Menschen wegen ihrer Staatsangeh\u00f6rigkeit gefoltert worden, teilt der Pressedienst der Beh\u00f6rde den Medien mit. Derartige Informationen seien in sozialen Netzwerken weit verbreitet, hie\u00df es. Und weiter:<\/p>\n<p><em>&#8220;Die Beamten des russischen Ermittlungskomitees werden die Umst\u00e4nde des Geschehens erkunden, die Handlungen aller beteiligten Personen werden juristisch bewertet.&#8221;<\/em><\/p>\n<p>Das Ermittlungskomitee der Russischen F\u00f6deration ist Pr\u00e4sident Wladimir Putin direkt unterstellt.<\/p>\n<\/div>\n<\/div>\n<\/div>\n<\/div>\n<\/li>\n<li class=\"LiveUpdates-item Listing-item\">\n<div class=\"LiveUpdate-root\">\n<div class=\"LiveUpdate-date\">\n<p class=\"HeaderNews-root HeaderNews-type_6 \">\n                11:49 Uhr\n            <\/p>\n<\/div>\n<div class=\"LiveUpdate-content\">\n<div class=\"LiveUpdate-text\">\n<div class=\"Text-root Text-type_5 ViewText-root\">\n<p><strong>Peskow: Westliche Lieferungen von Panzern an Kiew werden Lage vor Ort nicht \u00e4ndern<\/strong><\/p>\n<figure class=\"RTImage-root\">\n<div class=\"RTImage-image RTImage-original\"><picture class=\"Picture-root Picture-original\"><!--[if IE 9]><video style=\"display: none;\"><![endif]--><source media=\"(-webkit-min-device-pixel-ratio: 2) and (min-resolution: 120dpi)\" data-srcset=\" \nhttp:\/\/just-now.news\/de\/wp-content\/uploads\/sites\/3\/2023\/01\/63c5274c48fbef1afb69ddc6.jpg 850w,\n                http:\/\/just-now.news\/de\/wp-content\/uploads\/sites\/3\/2023\/01\/63c5274c48fbef1afb69ddc6.jpg 1960w,\n            \" ><source data-srcset=\" \nhttp:\/\/just-now.news\/de\/wp-content\/uploads\/sites\/3\/2023\/01\/63c5274c48fbef1afb69ddc6.jpg 460w,\n              http:\/\/just-now.news\/de\/wp-content\/uploads\/sites\/3\/2023\/01\/63c5274c48fbef1afb69ddc6.jpg 980w,\n            \" ><!--[if IE 9]><\/video><![endif]--><img decoding=\"async\" data- src=\"data:image\/png;base64,iVBORw0KGgoAAAANSUhEUgAAABAAAAAJCAQAAACRI2S5AAAAEElEQVR42mNkIAAYRxWAAQAG9gAKqv6+AwAAAABJRU5ErkJggg==\" class=\"Picture-root Picture-original lazyload\" data-src=\"http:\/\/just-now.news\/de\/wp-content\/uploads\/sites\/3\/2023\/01\/63c5274c48fbef1afb69ddc6.jpg\" alt=\"\"><\/source><\/source><\/picture><!-- noscript pattern --><noscript><img decoding=\"async\" src=\"http:\/\/just-now.news\/de\/wp-content\/uploads\/sites\/3\/2023\/01\/63c5274c48fbef1afb69ddc6.jpg\" alt=\"\"><\/noscript><\/div><figcaption class=\"RTImage-footer\"><span class=\"RTImage-caption\"><span class=\"RTImage-captionItem\">Dmitri Peskow<\/span><\/span><span class=\"RTImage-source\"><span class=\"RTImage-captionItem\">Waleri Scharifulin<\/span><span class=\"RTImage-captionItem\"> \/ Sputnik<\/span><\/span><\/figcaption><\/figure>\n<p>Die westlichen Lieferungen von schweren Panzern an die Ukraine k\u00f6nnen die Situation vor Ort nicht \u00e4ndern. &#8220;Diese Panzer sind brennbar und werden brennen&#8221;, sagte Kremlsprecher Dmitri Peskow am Montag zu Reportern. Auf die Frage nach einem Kommentar zur Absicht Europas, der Ukraine gepanzerte Fahrzeuge zu liefern, betonte er:<\/p>\n<p><em>&#8220;Das kann nichts \u00e4ndern.&#8221;<\/em><\/p>\n<p><em>&#8220;Die milit\u00e4rische Sonderoperation wird fortgesetzt. Diese Panzer sind brennbar und werden brennen, genau wie die anderen. Die Ziele der milit\u00e4rischen Sonderoperation werden erreicht und verwirklicht werden.&#8221;<\/em><\/p>\n<p>Peskow zufolge sehe Russland die Entscheidung der europ\u00e4ischen L\u00e4nder, schwere Ausr\u00fcstung an die Ukraine zu liefern, sehr negativ, denn sie w\u00fcrden sich nicht um die Zukunft der Ukrainer k\u00fcmmern.<\/p>\n<\/div>\n<\/div>\n<\/div>\n<\/div>\n<\/li>\n<li class=\"LiveUpdates-item Listing-item\">\n<div class=\"LiveUpdate-root\">\n<div class=\"LiveUpdate-date\">\n<p class=\"HeaderNews-root HeaderNews-type_6 \">\n                11:16 Uhr\n            <\/p>\n<\/div>\n<div class=\"LiveUpdate-content\">\n<div class=\"LiveUpdate-text\">\n<div class=\"Text-root Text-type_5 ViewText-root\">\n<p><strong>Gouverneur von Sewastopol: Russische Luftabwehr vernichtet ukrainische Drohnen \u00fcber dem Meer<\/strong><\/p>\n<figure class=\"RTImage-root\">\n<div class=\"RTImage-image RTImage-original\"><picture class=\"Picture-root Picture-original\"><!--[if IE 9]><video style=\"display: none;\"><![endif]--><source media=\"(-webkit-min-device-pixel-ratio: 2) and (min-resolution: 120dpi)\" data-srcset=\" \nhttp:\/\/just-now.news\/de\/wp-content\/uploads\/sites\/3\/2023\/01\/63c5137bb480cc52fa633765.jpg 850w,\n                http:\/\/just-now.news\/de\/wp-content\/uploads\/sites\/3\/2023\/01\/63c5137bb480cc52fa633765.jpg 1960w,\n            \" ><source data-srcset=\" \nhttp:\/\/just-now.news\/de\/wp-content\/uploads\/sites\/3\/2023\/01\/63c5137bb480cc52fa633765.jpg 460w,\n              http:\/\/just-now.news\/de\/wp-content\/uploads\/sites\/3\/2023\/01\/63c5137bb480cc52fa633765.jpg 980w,\n            \" ><!--[if IE 9]><\/video><![endif]--><img decoding=\"async\" data- src=\"data:image\/png;base64,iVBORw0KGgoAAAANSUhEUgAAABAAAAAJCAQAAACRI2S5AAAAEElEQVR42mNkIAAYRxWAAQAG9gAKqv6+AwAAAABJRU5ErkJggg==\" class=\"Picture-root Picture-original lazyload\" data-src=\"http:\/\/just-now.news\/de\/wp-content\/uploads\/sites\/3\/2023\/01\/63c5137bb480cc52fa633765.jpg\" alt=\"\"><\/source><\/source><\/picture><!-- noscript pattern --><noscript><img decoding=\"async\" src=\"http:\/\/just-now.news\/de\/wp-content\/uploads\/sites\/3\/2023\/01\/63c5137bb480cc52fa633765.jpg\" alt=\"\"><\/noscript><\/div><figcaption class=\"RTImage-footer\"><span class=\"RTImage-caption\"><span class=\"RTImage-captionItem\">Archivbild: Die Luftabwehr von Sewastopol<\/span><\/span><span class=\"RTImage-source\"><span class=\"RTImage-captionItem\">Alexei Malgawko<\/span><span class=\"RTImage-captionItem\"> \/ Sputnik<\/span><\/span><\/figcaption><\/figure>\n<p>Die russische Luftabwehr habe drei ukrainische Drohnen \u00fcber dem Meer abgeschossen. Eine Drohne sei in Richtung des Flugplatzes Belbek geflogen, <a rel=\"nofollow noopener\" target=\"_blank\" href=\"https:\/\/t.me\/razvozhaev\/1859\">teilt<\/a> der Gouverneur von Sewastopol Michail Raswoschajew am Montag auf Telegram mit. In der Nacht hatte die Luftabwehr bereits eine Drohne \u00fcber der Bucht von Sewastopol vernichtet.<\/p>\n<\/div>\n<\/div>\n<\/div>\n<\/div>\n<\/li>\n<li class=\"LiveUpdates-item Listing-item\">\n<div class=\"LiveUpdate-root\">\n<div class=\"LiveUpdate-date\">\n<p class=\"HeaderNews-root HeaderNews-type_6 \">\n                11:07 Uhr\n            <\/p>\n<\/div>\n<div class=\"LiveUpdate-content\">\n<div class=\"LiveUpdate-text\">\n<div class=\"Text-root Text-type_5 ViewText-root\">\n<p><strong>Bundesministerin der Verteidigung Lambrecht bittet Scholz um Entlassung<\/strong><\/p>\n<figure class=\"RTImage-root\">\n<div class=\"RTImage-image RTImage-original\"><picture class=\"Picture-root Picture-original\"><!--[if IE 9]><video style=\"display: none;\"><![endif]--><source media=\"(-webkit-min-device-pixel-ratio: 2) and (min-resolution: 120dpi)\" data-srcset=\" \nhttp:\/\/just-now.news\/de\/wp-content\/uploads\/sites\/3\/2023\/01\/63c521d4b480cc3bf86f7463.jpg 850w,\n                http:\/\/just-now.news\/de\/wp-content\/uploads\/sites\/3\/2023\/01\/63c521d4b480cc3bf86f7463.jpg 1960w,\n            \" ><source data-srcset=\" \nhttp:\/\/just-now.news\/de\/wp-content\/uploads\/sites\/3\/2023\/01\/63c521d4b480cc3bf86f7463.jpg 460w,\n              http:\/\/just-now.news\/de\/wp-content\/uploads\/sites\/3\/2023\/01\/63c521d4b480cc3bf86f7463.jpg 980w,\n            \" ><!--[if IE 9]><\/video><![endif]--><img decoding=\"async\" data- src=\"data:image\/png;base64,iVBORw0KGgoAAAANSUhEUgAAABAAAAAJCAQAAACRI2S5AAAAEElEQVR42mNkIAAYRxWAAQAG9gAKqv6+AwAAAABJRU5ErkJggg==\" class=\"Picture-root Picture-original lazyload\" data-src=\"http:\/\/just-now.news\/de\/wp-content\/uploads\/sites\/3\/2023\/01\/63c521d4b480cc3bf86f7463.jpg\" alt=\"\"><\/source><\/source><\/picture><!-- noscript pattern --><noscript><img decoding=\"async\" src=\"http:\/\/just-now.news\/de\/wp-content\/uploads\/sites\/3\/2023\/01\/63c521d4b480cc3bf86f7463.jpg\" alt=\"\"><\/noscript><\/div><figcaption class=\"RTImage-footer\"><span class=\"RTImage-caption\"><span class=\"RTImage-captionItem\">Christine Lambrecht<\/span><\/span><span class=\"RTImage-source\"><span class=\"RTImage-captionItem\">Robert Michael\/picture alliance via Getty Images<\/span><\/span><\/figcaption><\/figure>\n<p>Die Bundesministerin der Verteidigung Christine Lambrecht tritt zur\u00fcck. Sie habe den Bundeskanzler Olaf Scholz (beide SPD)\u00a0um Entlassung gebeten, hie\u00df in einer Erkl\u00e4rung der Ministerin, die der <em>Deutschen Presse-Agentur<\/em>\u00a0(<em>dpa<\/em>) am Montag aus dem Verteidigungsministerium vorlag.<\/p>\n<p>In der Erkl\u00e4rung schreibt\u00a0Lambrecht demnach:<\/p>\n<p><em>&#8220;Die monatelange mediale Fokussierung auf meine Person l\u00e4sst eine sachliche Berichterstattung und Diskussion \u00fcber die Soldatinnen und Soldaten, die Bundeswehr und sicherheitspolitische Weichenstellungen im Interesse der B\u00fcrgerinnen und B\u00fcrger Deutschlands kaum zu.&#8221;<\/em><\/p>\n<p>Sie danke allen, &#8220;die sich jeden Tag f\u00fcr unsere Sicherheit engagieren und w\u00fcnsche ihnen von Herzen alles erdenklich Gute f\u00fcr die Zukunft.&#8221;<\/p>\n<\/div>\n<\/div>\n<\/div>\n<\/div>\n<\/li>\n<li class=\"LiveUpdates-item Listing-item\">\n<div class=\"LiveUpdate-root\">\n<div class=\"LiveUpdate-date\">\n<p class=\"HeaderNews-root HeaderNews-type_6 \">\n                10:58 Uhr\n            <\/p>\n<\/div>\n<div class=\"LiveUpdate-content\">\n<div class=\"LiveUpdate-text\">\n<div class=\"Text-root Text-type_5 ViewText-root\">\n<p><strong>Ukrainische Streitkr\u00e4fte feuern zum dritten Mal Raketen auf Donezk<\/strong><\/p>\n<p>Bereits zum dritten Mal haben Einheiten der ukrainischen Streitkr\u00e4fte am Montagmorgen Mehrfachraketenwerfer auf Donezk abgefeuert. Dies berichtet die Vertretung der Donezker Volksrepublik (DVR) bei der Gemeinsamen Stelle f\u00fcr die Kontrolle und Koordinierung von Fragen im Zusammenhang mit ukrainischen Kriegsverbrechen. Diesmal seien zehn Raketeneinschl\u00e4ge registriert worden. Bei den letzten beiden Angriffen waren es insgesamt sechs gewesen.<\/p>\n<p>Die Stadt wurde auch mehrmals von Artillerieeinschl\u00e4gen aus 155-Millimeter-Gesch\u00fctzen getroffen. Nach Angaben des DVR-Notfallministeriums wurde ein dreist\u00f6ckiges Geb\u00e4ude eines Einkaufszentrums im Donezker Stadtteil Kalininski, in dem sich ein Supermarkt und eine Apotheke befinden, direkt getroffen. Das Geb\u00e4ude st\u00fcrzte ein. Nach Angaben des Ministeriums k\u00f6nnten sich noch Menschen unter den Tr\u00fcmmern befinden.<\/p>\n<\/div>\n<\/div>\n<\/div>\n<\/div>\n<\/li>\n<li class=\"LiveUpdates-item Listing-item\">\n<div class=\"LiveUpdate-root\">\n<div class=\"LiveUpdate-date\">\n<p class=\"HeaderNews-root HeaderNews-type_6 \">\n                10:39 Uhr\n            <\/p>\n<\/div>\n<div class=\"LiveUpdate-content\">\n<div class=\"LiveUpdate-text\">\n<div class=\"Text-root Text-type_5 ViewText-root\">\n<p><strong>Drei verletzte Zivilisten in DVR binnen 24 Stunden nach Beschuss durch ukrainische Einheiten\u00a0 <br \/><\/strong><\/p>\n<figure class=\"RTImage-root\">\n<div class=\"RTImage-image RTImage-original\"><picture class=\"Picture-root Picture-original\"><!--[if IE 9]><video style=\"display: none;\"><![endif]--><source media=\"(-webkit-min-device-pixel-ratio: 2) and (min-resolution: 120dpi)\" data-srcset=\" \nhttp:\/\/just-now.news\/de\/wp-content\/uploads\/sites\/3\/2023\/01\/63c5042848fbef19d60cc1dd.jpg 850w,\n                http:\/\/just-now.news\/de\/wp-content\/uploads\/sites\/3\/2023\/01\/63c5042848fbef19d60cc1dd.jpg 1960w,\n            \" ><source data-srcset=\" \nhttp:\/\/just-now.news\/de\/wp-content\/uploads\/sites\/3\/2023\/01\/63c5042848fbef19d60cc1dd.jpg 460w,\n              http:\/\/just-now.news\/de\/wp-content\/uploads\/sites\/3\/2023\/01\/63c5042848fbef19d60cc1dd.jpg 980w,\n            \" ><!--[if IE 9]><\/video><![endif]--><img decoding=\"async\" data- src=\"data:image\/png;base64,iVBORw0KGgoAAAANSUhEUgAAABAAAAAJCAQAAACRI2S5AAAAEElEQVR42mNkIAAYRxWAAQAG9gAKqv6+AwAAAABJRU5ErkJggg==\" class=\"Picture-root Picture-original lazyload\" data-src=\"http:\/\/just-now.news\/de\/wp-content\/uploads\/sites\/3\/2023\/01\/63c5042848fbef19d60cc1dd.jpg\" alt=\"\"><\/source><\/source><\/picture><!-- noscript pattern --><noscript><img decoding=\"async\" src=\"http:\/\/just-now.news\/de\/wp-content\/uploads\/sites\/3\/2023\/01\/63c5042848fbef19d60cc1dd.jpg\" alt=\"\"><\/noscript><\/div><figcaption class=\"RTImage-footer\"><span class=\"RTImage-caption\"><span class=\"RTImage-captionItem\">Archivbild: Folgen des Beschusses eines Krankenhauses in Donezk durch ukrainische Truppen, 13 Januar<\/span><\/span><span class=\"RTImage-source\"><span class=\"RTImage-captionItem\">Sergei Baturin<\/span><span class=\"RTImage-captionItem\"> \/ Sputnik<\/span><\/span><\/figcaption><\/figure>\n<p>Innerhalb von 24 Stunden haben ukrainische Truppen f\u00fcnf Ortschaften in der Volksrepublik Donezk (DVR) beschossen. Dabei haben sie insgesamt 115 Geschosse eingesetzt. Drei Zivilisten wurden verletzt. F\u00fcnf Wohnh\u00e4user sowie sechs Objekte der zivilen Infrastruktur wurden besch\u00e4digt. Dies <a rel=\"nofollow noopener\" target=\"_blank\" href=\"https:\/\/t.me\/DNR_SCKK\/13485\">berichtet<\/a> die DVR-Vertretung beim Gemeinsamen Zentrum f\u00fcr die Kontrolle und Koordinierung von Fragen im Zusammenhang mit ukrainischen Kriegsverbrechen.<\/p>\n<\/div>\n<\/div>\n<\/div>\n<\/div>\n<\/li>\n<li class=\"LiveUpdates-item Listing-item\">\n<div class=\"LiveUpdate-root\">\n<div class=\"LiveUpdate-date\">\n<p class=\"HeaderNews-root HeaderNews-type_6 \">\n                10:22 Uhr\n            <\/p>\n<\/div>\n<div class=\"LiveUpdate-content\">\n<div class=\"LiveUpdate-text\">\n<div class=\"Text-root Text-type_5 ViewText-root\">\n<p><strong>Internationale Atomenergiebeh\u00f6rde will ihre Pr\u00e4senz in der Ukraine erweitern<\/strong><\/p>\n<figure class=\"RTImage-root\">\n<div class=\"RTImage-image RTImage-original\"><picture class=\"Picture-root Picture-original\"><!--[if IE 9]><video style=\"display: none;\"><![endif]--><source media=\"(-webkit-min-device-pixel-ratio: 2) and (min-resolution: 120dpi)\" data-srcset=\" \nhttp:\/\/just-now.news\/de\/wp-content\/uploads\/sites\/3\/2023\/01\/63c4ff91b480cc538e1dfdd5.jpg 850w,\n                http:\/\/just-now.news\/de\/wp-content\/uploads\/sites\/3\/2023\/01\/63c4ff91b480cc538e1dfdd5.jpg 1960w,\n            \" ><source data-srcset=\" \nhttp:\/\/just-now.news\/de\/wp-content\/uploads\/sites\/3\/2023\/01\/63c4ff91b480cc538e1dfdd5.jpg 460w,\n              http:\/\/just-now.news\/de\/wp-content\/uploads\/sites\/3\/2023\/01\/63c4ff91b480cc538e1dfdd5.jpg 980w,\n            \" ><!--[if IE 9]><\/video><![endif]--><img decoding=\"async\" data- src=\"data:image\/png;base64,iVBORw0KGgoAAAANSUhEUgAAABAAAAAJCAQAAACRI2S5AAAAEElEQVR42mNkIAAYRxWAAQAG9gAKqv6+AwAAAABJRU5ErkJggg==\" class=\"Picture-root Picture-original lazyload\" data-src=\"http:\/\/just-now.news\/de\/wp-content\/uploads\/sites\/3\/2023\/01\/63c4ff91b480cc538e1dfdd5.jpg\" alt=\"\"><\/source><\/source><\/picture><!-- noscript pattern --><noscript><img decoding=\"async\" src=\"http:\/\/just-now.news\/de\/wp-content\/uploads\/sites\/3\/2023\/01\/63c4ff91b480cc538e1dfdd5.jpg\" alt=\"\"><\/noscript><\/div><figcaption class=\"RTImage-footer\"><span class=\"RTImage-caption\"><span class=\"RTImage-captionItem\">Ein Schriftzug am Hauptsitz der IAEA in Wien. (28. September 2022)<\/span><\/span><span class=\"RTImage-source\"><span class=\"RTImage-captionItem\">JOE KLAMAR<\/span><span class=\"RTImage-captionItem\"> \/ AFP<\/span><\/span><\/figcaption><\/figure>\n<p>Rafael Grossi, der Generaldirektor der Internationalen Atomenergiebeh\u00f6rde (IAEA), teilt via Twitter mit, die UN-Beh\u00f6rde werde ihre Pr\u00e4senz in der Ukraine erweitern. Damit wolle man vor dem Hintergrund des andauernden Konflikts einen Atomunfall verhindern.<\/p>\n<p>In der vergangenen Woche hatte die IAEA angek\u00fcndigt, weitere Experten in ukrainischen Atomkraftwerken zur Erh\u00f6hung der nuklearen Sicherheit stationieren zu wollen. Zum Start dieser Mission werde Grossi in die Ukraine reisen, hie\u00df es.<\/p>\n<\/div>\n<\/div>\n<\/div>\n<\/div>\n<\/li>\n<li class=\"LiveUpdates-item Listing-item\">\n<div class=\"LiveUpdate-root\">\n<div class=\"LiveUpdate-date\">\n<p class=\"HeaderNews-root HeaderNews-type_6 \">\n                10:05 Uhr\n            <\/p>\n<\/div>\n<div class=\"LiveUpdate-content\">\n<div class=\"LiveUpdate-text\">\n<div class=\"Text-root Text-type_5 ViewText-root\">\n<p><strong>DVR-Volksmiliz: Ukrainische Streitkr\u00e4fte flohen in Panik aus Soledar und lie\u00dfen Waffen und Munition zur\u00fcck<\/strong><\/p>\n<p>Die ukrainischen Sicherheitskr\u00e4fte, die in Panik aus Soledar geflohen seien, h\u00e4tten eine gro\u00dfe Anzahl von Waffen und Munition zur\u00fcckgelassen, darunter auch NATO-Waffen. Dies teilt die Volksmiliz der Donezker Volksrepublik (DVR) am Montag mit. In einer Mitteilung der Sicherheitsbeh\u00f6rde <a rel=\"nofollow noopener\" target=\"_blank\" href=\"https:\/\/tass.ru\/proisshestviya\/16806051\">hei\u00dft<\/a> es<em><\/em>:<\/p>\n<p><em>&#8220;Leichen von ukrainischen K\u00e4mpfern, besch\u00e4digte und zerst\u00f6rte Kriegstechnik sowie Ausr\u00fcstung, Waffen und Munition, auch von der NATO, sind fast \u00fcberall in der Ortschaft zu sehen. All dies wurde von den Nationalisten, die in Panik aus Soledar flohen, aufgegeben.&#8221;<\/em><\/p>\n<\/div>\n<\/div>\n<\/div>\n<\/div>\n<\/li>\n<\/ul>\n<div class=\"Listing-isReact\" data-rtmodule=\"Listing\" onload=\"return {\n                page: '1',\n                limit: '10',\n                listing: '\/listing\/parent.6209f961b480cc2c7e35341b\/noprepare\/liveupdates\/10\/1',\n            };\"><\/div>\n<\/div>\n<\/div>\n<\/div>\n<p><br \/>\n<br \/><a href=\"https:\/\/de.rt.com\/international\/131481-liveticker-ukraine-krieg-peskow-westliche\/\">Source link <\/a><\/p>\n","protected":false},"excerpt":{"rendered":"<p>Russland f\u00fchrt gemeinsam mit den Streitkr\u00e4ften der Donbass-Republiken eine Milit\u00e4roperation in der Ukraine durch. Der Westen reagiert mit immer neuen Waffenlieferungen an die Ukraine und beispiellosen Sanktionen gegen Russland. Lesen Sie hier die neuesten Entwicklungen. 16.01.2023 12:45 Uhr 12:45 Uhr Medwedtschuk: R\u00fcckkehr zur Entspannungspolitik notwendig, sonst droht der n\u00e4chste Weltkrieg Wiktor MedwedtschukSputnik Der ukrainische Oligarch [&hellip;]<\/p>\n","protected":false},"author":3,"featured_media":27841,"comment_status":"open","ping_status":"open","sticky":false,"template":"","format":"standard","meta":{"_yoast_indexnow_last_ping":["1673870348"],"wp_automatic_camp":["217"],"7a1f8b15a33c48856a00de3fd7b54848":["Liveticker Ukraine-Krieg \u2013 Peskow: Westliche Panzer werden brennen wie alle anderen"],"original_link":["https:\/\/de.rt.com\/international\/131481-liveticker-ukraine-krieg-peskow-westliche\/"],"_thumbnail_id":["27841"],"_wptgpro_p2tg_sent2tg":["a:1:{i:23737;s:19:\"2023-01-16 14:00:09\";}"],"jnews_social_counter_last_update":["1777191237"]},"categories":[19,23],"tags":[271,6701,1487,564,11439,18597,566,1040,740,579],"yoast_head":"<!-- This site is optimized with the Yoast SEO Premium plugin v22.7 (Yoast SEO v22.7) - https:\/\/yoast.com\/wordpress\/plugins\/seo\/ -->\n<title>Liveticker Ukraine-Krieg \u2013 Peskow: Westliche Panzer werden brennen wie alle anderen - just-now.NEWS Deutschland<\/title>\n<meta name=\"robots\" content=\"index, follow, max-snippet:-1, max-image-preview:large, max-video-preview:-1\" \/>\n<link rel=\"canonical\" href=\"https:\/\/now-news.de\/de\/deutschland\/liveticker-ukraine-krieg-peskow-westliche-panzer-werden-brennen-wie-alle-anderen\/\" \/>\n<meta property=\"og:locale\" content=\"de_DE\" \/>\n<meta property=\"og:type\" content=\"article\" \/>\n<meta property=\"og:title\" content=\"Liveticker Ukraine-Krieg \u2013 Peskow: Westliche Panzer werden brennen wie alle anderen\" \/>\n<meta property=\"og:description\" content=\"Russland f\u00fchrt gemeinsam mit den Streitkr\u00e4ften der Donbass-Republiken eine Milit\u00e4roperation in der Ukraine durch. Der Westen reagiert mit immer neuen Waffenlieferungen an die Ukraine und beispiellosen Sanktionen gegen Russland. Lesen Sie hier die neuesten Entwicklungen. 16.01.2023 12:45 Uhr 12:45 Uhr Medwedtschuk: R\u00fcckkehr zur Entspannungspolitik notwendig, sonst droht der n\u00e4chste Weltkrieg Wiktor MedwedtschukSputnik Der ukrainische Oligarch [&hellip;]\" \/>\n<meta property=\"og:url\" content=\"https:\/\/now-news.de\/de\/deutschland\/liveticker-ukraine-krieg-peskow-westliche-panzer-werden-brennen-wie-alle-anderen\/\" \/>\n<meta property=\"og:site_name\" content=\"just-now.NEWS Deutschland\" \/>\n<meta property=\"article:publisher\" content=\"https:\/\/www.facebook.com\/wirmachenauf\" \/>\n<meta property=\"article:published_time\" content=\"2023-01-16T10:30:00+00:00\" \/>\n<meta property=\"og:image\" content=\"https:\/\/now-news.de\/de\/wp-content\/uploads\/sites\/3\/2023\/01\/Liveticker-Ukraine-Krieg-\u2013-Peskow-Westliche-Panzer-werden-brennen-wie-alle.jpg\" \/>\n\t<meta property=\"og:image:width\" content=\"1644\" \/>\n\t<meta property=\"og:image:height\" content=\"1080\" \/>\n\t<meta property=\"og:image:type\" content=\"image\/jpeg\" \/>\n<meta name=\"author\" content=\"rtnews\" \/>\n<meta name=\"twitter:card\" content=\"summary_large_image\" \/>\n<meta name=\"twitter:creator\" content=\"@WirMachenAuf_de\" \/>\n<meta name=\"twitter:site\" content=\"@WirMachenAuf_de\" \/>\n<meta name=\"twitter:label1\" content=\"Verfasst von\" \/>\n\t<meta name=\"twitter:data1\" content=\"rtnews\" \/>\n\t<meta name=\"twitter:label2\" content=\"Gesch\u00e4tzte Lesezeit\" \/>\n\t<meta name=\"twitter:data2\" content=\"7\u00a0Minuten\" \/>\n<script type=\"application\/ld+json\" class=\"yoast-schema-graph\">{\"@context\":\"https:\/\/schema.org\",\"@graph\":[{\"@type\":\"Article\",\"@id\":\"https:\/\/now-news.de\/de\/deutschland\/liveticker-ukraine-krieg-peskow-westliche-panzer-werden-brennen-wie-alle-anderen\/#article\",\"isPartOf\":{\"@id\":\"https:\/\/now-news.de\/de\/deutschland\/liveticker-ukraine-krieg-peskow-westliche-panzer-werden-brennen-wie-alle-anderen\/\"},\"author\":{\"name\":\"rtnews\",\"@id\":\"https:\/\/now-news.de\/de\/#\/schema\/person\/fb534a4e865501d8b3285208df34a9b5\"},\"headline\":\"Liveticker Ukraine-Krieg \u2013 Peskow: Westliche Panzer werden brennen wie alle anderen\",\"datePublished\":\"2023-01-16T10:30:00+00:00\",\"dateModified\":\"2023-01-16T10:30:00+00:00\",\"mainEntityOfPage\":{\"@id\":\"https:\/\/now-news.de\/de\/deutschland\/liveticker-ukraine-krieg-peskow-westliche-panzer-werden-brennen-wie-alle-anderen\/\"},\"wordCount\":1393,\"commentCount\":0,\"publisher\":{\"@id\":\"https:\/\/now-news.de\/de\/#organization\"},\"image\":{\"@id\":\"https:\/\/now-news.de\/de\/deutschland\/liveticker-ukraine-krieg-peskow-westliche-panzer-werden-brennen-wie-alle-anderen\/#primaryimage\"},\"thumbnailUrl\":\"https:\/\/now-news.de\/de\/wp-content\/uploads\/sites\/3\/2023\/01\/Liveticker-Ukraine-Krieg-\u2013-Peskow-Westliche-Panzer-werden-brennen-wie-alle.jpg\",\"keywords\":[\"ALLE\",\"anderen\",\"brennen\",\"Liveticker\",\"panzer\",\"Peskow\",\"UkraineKrieg\",\"Werden\",\"westliche\",\"Wie\"],\"articleSection\":[\"Deutschland\",\"Russland\"],\"inLanguage\":\"de\",\"potentialAction\":[{\"@type\":\"CommentAction\",\"name\":\"Comment\",\"target\":[\"https:\/\/now-news.de\/de\/deutschland\/liveticker-ukraine-krieg-peskow-westliche-panzer-werden-brennen-wie-alle-anderen\/#respond\"]}]},{\"@type\":\"WebPage\",\"@id\":\"https:\/\/now-news.de\/de\/deutschland\/liveticker-ukraine-krieg-peskow-westliche-panzer-werden-brennen-wie-alle-anderen\/\",\"url\":\"https:\/\/now-news.de\/de\/deutschland\/liveticker-ukraine-krieg-peskow-westliche-panzer-werden-brennen-wie-alle-anderen\/\",\"name\":\"Liveticker Ukraine-Krieg \u2013 Peskow: Westliche Panzer werden brennen wie alle anderen - just-now.NEWS Deutschland\",\"isPartOf\":{\"@id\":\"https:\/\/now-news.de\/de\/#website\"},\"primaryImageOfPage\":{\"@id\":\"https:\/\/now-news.de\/de\/deutschland\/liveticker-ukraine-krieg-peskow-westliche-panzer-werden-brennen-wie-alle-anderen\/#primaryimage\"},\"image\":{\"@id\":\"https:\/\/now-news.de\/de\/deutschland\/liveticker-ukraine-krieg-peskow-westliche-panzer-werden-brennen-wie-alle-anderen\/#primaryimage\"},\"thumbnailUrl\":\"https:\/\/now-news.de\/de\/wp-content\/uploads\/sites\/3\/2023\/01\/Liveticker-Ukraine-Krieg-\u2013-Peskow-Westliche-Panzer-werden-brennen-wie-alle.jpg\",\"datePublished\":\"2023-01-16T10:30:00+00:00\",\"dateModified\":\"2023-01-16T10:30:00+00:00\",\"breadcrumb\":{\"@id\":\"https:\/\/now-news.de\/de\/deutschland\/liveticker-ukraine-krieg-peskow-westliche-panzer-werden-brennen-wie-alle-anderen\/#breadcrumb\"},\"inLanguage\":\"de\",\"potentialAction\":[{\"@type\":\"ReadAction\",\"target\":[\"https:\/\/now-news.de\/de\/deutschland\/liveticker-ukraine-krieg-peskow-westliche-panzer-werden-brennen-wie-alle-anderen\/\"]}]},{\"@type\":\"ImageObject\",\"inLanguage\":\"de\",\"@id\":\"https:\/\/now-news.de\/de\/deutschland\/liveticker-ukraine-krieg-peskow-westliche-panzer-werden-brennen-wie-alle-anderen\/#primaryimage\",\"url\":\"https:\/\/now-news.de\/de\/wp-content\/uploads\/sites\/3\/2023\/01\/Liveticker-Ukraine-Krieg-\u2013-Peskow-Westliche-Panzer-werden-brennen-wie-alle.jpg\",\"contentUrl\":\"https:\/\/now-news.de\/de\/wp-content\/uploads\/sites\/3\/2023\/01\/Liveticker-Ukraine-Krieg-\u2013-Peskow-Westliche-Panzer-werden-brennen-wie-alle.jpg\",\"width\":1644,\"height\":1080,\"caption\":\"Liveticker Ukraine-Krieg \u2013 Peskow: Westliche Panzer werden brennen wie alle anderen\"},{\"@type\":\"BreadcrumbList\",\"@id\":\"https:\/\/now-news.de\/de\/deutschland\/liveticker-ukraine-krieg-peskow-westliche-panzer-werden-brennen-wie-alle-anderen\/#breadcrumb\",\"itemListElement\":[{\"@type\":\"ListItem\",\"position\":1,\"name\":\"Home\",\"item\":\"https:\/\/now-news.de\/de\/\"},{\"@type\":\"ListItem\",\"position\":2,\"name\":\"Liveticker Ukraine-Krieg \u2013 Peskow: Westliche Panzer werden brennen wie alle anderen\"}]},{\"@type\":\"WebSite\",\"@id\":\"https:\/\/now-news.de\/de\/#website\",\"url\":\"https:\/\/now-news.de\/de\/\",\"name\":\"just-now.NEWS Deutschland\",\"description\":\"Das Portal f\u00fcr unzensierte Nachrichten aus der Welt\",\"publisher\":{\"@id\":\"https:\/\/now-news.de\/de\/#organization\"},\"potentialAction\":[{\"@type\":\"SearchAction\",\"target\":{\"@type\":\"EntryPoint\",\"urlTemplate\":\"https:\/\/now-news.de\/de\/?s={search_term_string}\"},\"query-input\":\"required name=search_term_string\"}],\"inLanguage\":\"de\"},{\"@type\":\"Organization\",\"@id\":\"https:\/\/now-news.de\/de\/#organization\",\"name\":\"Just Now News\",\"url\":\"https:\/\/now-news.de\/de\/\",\"logo\":{\"@type\":\"ImageObject\",\"inLanguage\":\"de\",\"@id\":\"https:\/\/now-news.de\/de\/#\/schema\/logo\/image\/\",\"url\":\"http:\/\/just-now.news\/de\/wp-content\/uploads\/sites\/3\/2022\/04\/logo500x500.jpg\",\"contentUrl\":\"http:\/\/just-now.news\/de\/wp-content\/uploads\/sites\/3\/2022\/04\/logo500x500.jpg\",\"width\":500,\"height\":500,\"caption\":\"Just Now News\"},\"image\":{\"@id\":\"https:\/\/now-news.de\/de\/#\/schema\/logo\/image\/\"},\"sameAs\":[\"https:\/\/www.facebook.com\/wirmachenauf\",\"https:\/\/x.com\/WirMachenAuf_de\"]},{\"@type\":\"Person\",\"@id\":\"https:\/\/now-news.de\/de\/#\/schema\/person\/fb534a4e865501d8b3285208df34a9b5\",\"name\":\"rtnews\",\"image\":{\"@type\":\"ImageObject\",\"inLanguage\":\"de\",\"@id\":\"https:\/\/now-news.de\/de\/#\/schema\/person\/image\/\",\"url\":\"https:\/\/secure.gravatar.com\/avatar\/82aafea7d8127119dd649515f56e2117?s=96&d=mm&r=g\",\"contentUrl\":\"https:\/\/secure.gravatar.com\/avatar\/82aafea7d8127119dd649515f56e2117?s=96&d=mm&r=g\",\"caption\":\"rtnews\"},\"url\":\"https:\/\/now-news.de\/de\/author\/rnews\/\"}]}<\/script>\n<!-- \/ Yoast SEO Premium plugin. -->","yoast_head_json":{"title":"Liveticker Ukraine-Krieg \u2013 Peskow: Westliche Panzer werden brennen wie alle anderen - just-now.NEWS Deutschland","robots":{"index":"index","follow":"follow","max-snippet":"max-snippet:-1","max-image-preview":"max-image-preview:large","max-video-preview":"max-video-preview:-1"},"canonical":"https:\/\/now-news.de\/de\/deutschland\/liveticker-ukraine-krieg-peskow-westliche-panzer-werden-brennen-wie-alle-anderen\/","og_locale":"de_DE","og_type":"article","og_title":"Liveticker Ukraine-Krieg \u2013 Peskow: Westliche Panzer werden brennen wie alle anderen","og_description":"Russland f\u00fchrt gemeinsam mit den Streitkr\u00e4ften der Donbass-Republiken eine Milit\u00e4roperation in der Ukraine durch. Der Westen reagiert mit immer neuen Waffenlieferungen an die Ukraine und beispiellosen Sanktionen gegen Russland. Lesen Sie hier die neuesten Entwicklungen. 16.01.2023 12:45 Uhr 12:45 Uhr Medwedtschuk: R\u00fcckkehr zur Entspannungspolitik notwendig, sonst droht der n\u00e4chste Weltkrieg Wiktor MedwedtschukSputnik Der ukrainische Oligarch [&hellip;]","og_url":"https:\/\/now-news.de\/de\/deutschland\/liveticker-ukraine-krieg-peskow-westliche-panzer-werden-brennen-wie-alle-anderen\/","og_site_name":"just-now.NEWS Deutschland","article_publisher":"https:\/\/www.facebook.com\/wirmachenauf","article_published_time":"2023-01-16T10:30:00+00:00","og_image":[{"width":1644,"height":1080,"url":"https:\/\/now-news.de\/de\/wp-content\/uploads\/sites\/3\/2023\/01\/Liveticker-Ukraine-Krieg-\u2013-Peskow-Westliche-Panzer-werden-brennen-wie-alle.jpg","type":"image\/jpeg"}],"author":"rtnews","twitter_card":"summary_large_image","twitter_creator":"@WirMachenAuf_de","twitter_site":"@WirMachenAuf_de","twitter_misc":{"Verfasst von":"rtnews","Gesch\u00e4tzte Lesezeit":"7\u00a0Minuten"},"schema":{"@context":"https:\/\/schema.org","@graph":[{"@type":"Article","@id":"https:\/\/now-news.de\/de\/deutschland\/liveticker-ukraine-krieg-peskow-westliche-panzer-werden-brennen-wie-alle-anderen\/#article","isPartOf":{"@id":"https:\/\/now-news.de\/de\/deutschland\/liveticker-ukraine-krieg-peskow-westliche-panzer-werden-brennen-wie-alle-anderen\/"},"author":{"name":"rtnews","@id":"https:\/\/now-news.de\/de\/#\/schema\/person\/fb534a4e865501d8b3285208df34a9b5"},"headline":"Liveticker Ukraine-Krieg \u2013 Peskow: Westliche Panzer werden brennen wie alle anderen","datePublished":"2023-01-16T10:30:00+00:00","dateModified":"2023-01-16T10:30:00+00:00","mainEntityOfPage":{"@id":"https:\/\/now-news.de\/de\/deutschland\/liveticker-ukraine-krieg-peskow-westliche-panzer-werden-brennen-wie-alle-anderen\/"},"wordCount":1393,"commentCount":0,"publisher":{"@id":"https:\/\/now-news.de\/de\/#organization"},"image":{"@id":"https:\/\/now-news.de\/de\/deutschland\/liveticker-ukraine-krieg-peskow-westliche-panzer-werden-brennen-wie-alle-anderen\/#primaryimage"},"thumbnailUrl":"https:\/\/now-news.de\/de\/wp-content\/uploads\/sites\/3\/2023\/01\/Liveticker-Ukraine-Krieg-\u2013-Peskow-Westliche-Panzer-werden-brennen-wie-alle.jpg","keywords":["ALLE","anderen","brennen","Liveticker","panzer","Peskow","UkraineKrieg","Werden","westliche","Wie"],"articleSection":["Deutschland","Russland"],"inLanguage":"de","potentialAction":[{"@type":"CommentAction","name":"Comment","target":["https:\/\/now-news.de\/de\/deutschland\/liveticker-ukraine-krieg-peskow-westliche-panzer-werden-brennen-wie-alle-anderen\/#respond"]}]},{"@type":"WebPage","@id":"https:\/\/now-news.de\/de\/deutschland\/liveticker-ukraine-krieg-peskow-westliche-panzer-werden-brennen-wie-alle-anderen\/","url":"https:\/\/now-news.de\/de\/deutschland\/liveticker-ukraine-krieg-peskow-westliche-panzer-werden-brennen-wie-alle-anderen\/","name":"Liveticker Ukraine-Krieg \u2013 Peskow: Westliche Panzer werden brennen wie alle anderen - just-now.NEWS Deutschland","isPartOf":{"@id":"https:\/\/now-news.de\/de\/#website"},"primaryImageOfPage":{"@id":"https:\/\/now-news.de\/de\/deutschland\/liveticker-ukraine-krieg-peskow-westliche-panzer-werden-brennen-wie-alle-anderen\/#primaryimage"},"image":{"@id":"https:\/\/now-news.de\/de\/deutschland\/liveticker-ukraine-krieg-peskow-westliche-panzer-werden-brennen-wie-alle-anderen\/#primaryimage"},"thumbnailUrl":"https:\/\/now-news.de\/de\/wp-content\/uploads\/sites\/3\/2023\/01\/Liveticker-Ukraine-Krieg-\u2013-Peskow-Westliche-Panzer-werden-brennen-wie-alle.jpg","datePublished":"2023-01-16T10:30:00+00:00","dateModified":"2023-01-16T10:30:00+00:00","breadcrumb":{"@id":"https:\/\/now-news.de\/de\/deutschland\/liveticker-ukraine-krieg-peskow-westliche-panzer-werden-brennen-wie-alle-anderen\/#breadcrumb"},"inLanguage":"de","potentialAction":[{"@type":"ReadAction","target":["https:\/\/now-news.de\/de\/deutschland\/liveticker-ukraine-krieg-peskow-westliche-panzer-werden-brennen-wie-alle-anderen\/"]}]},{"@type":"ImageObject","inLanguage":"de","@id":"https:\/\/now-news.de\/de\/deutschland\/liveticker-ukraine-krieg-peskow-westliche-panzer-werden-brennen-wie-alle-anderen\/#primaryimage","url":"https:\/\/now-news.de\/de\/wp-content\/uploads\/sites\/3\/2023\/01\/Liveticker-Ukraine-Krieg-\u2013-Peskow-Westliche-Panzer-werden-brennen-wie-alle.jpg","contentUrl":"https:\/\/now-news.de\/de\/wp-content\/uploads\/sites\/3\/2023\/01\/Liveticker-Ukraine-Krieg-\u2013-Peskow-Westliche-Panzer-werden-brennen-wie-alle.jpg","width":1644,"height":1080,"caption":"Liveticker Ukraine-Krieg \u2013 Peskow: Westliche Panzer werden brennen wie alle anderen"},{"@type":"BreadcrumbList","@id":"https:\/\/now-news.de\/de\/deutschland\/liveticker-ukraine-krieg-peskow-westliche-panzer-werden-brennen-wie-alle-anderen\/#breadcrumb","itemListElement":[{"@type":"ListItem","position":1,"name":"Home","item":"https:\/\/now-news.de\/de\/"},{"@type":"ListItem","position":2,"name":"Liveticker Ukraine-Krieg \u2013 Peskow: Westliche Panzer werden brennen wie alle anderen"}]},{"@type":"WebSite","@id":"https:\/\/now-news.de\/de\/#website","url":"https:\/\/now-news.de\/de\/","name":"just-now.NEWS Deutschland","description":"Das Portal f\u00fcr unzensierte Nachrichten aus der Welt","publisher":{"@id":"https:\/\/now-news.de\/de\/#organization"},"potentialAction":[{"@type":"SearchAction","target":{"@type":"EntryPoint","urlTemplate":"https:\/\/now-news.de\/de\/?s={search_term_string}"},"query-input":"required name=search_term_string"}],"inLanguage":"de"},{"@type":"Organization","@id":"https:\/\/now-news.de\/de\/#organization","name":"Just Now News","url":"https:\/\/now-news.de\/de\/","logo":{"@type":"ImageObject","inLanguage":"de","@id":"https:\/\/now-news.de\/de\/#\/schema\/logo\/image\/","url":"http:\/\/just-now.news\/de\/wp-content\/uploads\/sites\/3\/2022\/04\/logo500x500.jpg","contentUrl":"http:\/\/just-now.news\/de\/wp-content\/uploads\/sites\/3\/2022\/04\/logo500x500.jpg","width":500,"height":500,"caption":"Just Now News"},"image":{"@id":"https:\/\/now-news.de\/de\/#\/schema\/logo\/image\/"},"sameAs":["https:\/\/www.facebook.com\/wirmachenauf","https:\/\/x.com\/WirMachenAuf_de"]},{"@type":"Person","@id":"https:\/\/now-news.de\/de\/#\/schema\/person\/fb534a4e865501d8b3285208df34a9b5","name":"rtnews","image":{"@type":"ImageObject","inLanguage":"de","@id":"https:\/\/now-news.de\/de\/#\/schema\/person\/image\/","url":"https:\/\/secure.gravatar.com\/avatar\/82aafea7d8127119dd649515f56e2117?s=96&d=mm&r=g","contentUrl":"https:\/\/secure.gravatar.com\/avatar\/82aafea7d8127119dd649515f56e2117?s=96&d=mm&r=g","caption":"rtnews"},"url":"https:\/\/now-news.de\/de\/author\/rnews\/"}]}},"_links":{"self":[{"href":"https:\/\/now-news.de\/de\/wp-json\/wp\/v2\/posts\/27840"}],"collection":[{"href":"https:\/\/now-news.de\/de\/wp-json\/wp\/v2\/posts"}],"about":[{"href":"https:\/\/now-news.de\/de\/wp-json\/wp\/v2\/types\/post"}],"author":[{"embeddable":true,"href":"https:\/\/now-news.de\/de\/wp-json\/wp\/v2\/users\/3"}],"replies":[{"embeddable":true,"href":"https:\/\/now-news.de\/de\/wp-json\/wp\/v2\/comments?post=27840"}],"version-history":[{"count":0,"href":"https:\/\/now-news.de\/de\/wp-json\/wp\/v2\/posts\/27840\/revisions"}],"wp:featuredmedia":[{"embeddable":true,"href":"https:\/\/now-news.de\/de\/wp-json\/wp\/v2\/media\/27841"}],"wp:attachment":[{"href":"https:\/\/now-news.de\/de\/wp-json\/wp\/v2\/media?parent=27840"}],"wp:term":[{"taxonomy":"category","embeddable":true,"href":"https:\/\/now-news.de\/de\/wp-json\/wp\/v2\/categories?post=27840"},{"taxonomy":"post_tag","embeddable":true,"href":"https:\/\/now-news.de\/de\/wp-json\/wp\/v2\/tags?post=27840"}],"curies":[{"name":"wp","href":"https:\/\/api.w.org\/{rel}","templated":true}]}}