{"id":27819,"date":"2023-01-16T07:15:55","date_gmt":"2023-01-16T05:15:55","guid":{"rendered":"http:\/\/just-now.news\/de\/deutschland\/der-mord-an-general-soleimani-zuendung-fuer-die-multipolare-weltordnung\/"},"modified":"2023-01-16T07:15:55","modified_gmt":"2023-01-16T05:15:55","slug":"der-mord-an-general-soleimani-zuendung-fuer-die-multipolare-weltordnung","status":"publish","type":"post","link":"https:\/\/now-news.de\/de\/deutschland\/der-mord-an-general-soleimani-zuendung-fuer-die-multipolare-weltordnung\/","title":{"rendered":"Der Mord an General Soleimani \u2013 Z\u00fcndung f\u00fcr die multipolare Weltordnung"},"content":{"rendered":"<p><img decoding=\"async\" src=\"http:\/\/just-now.news\/de\/wp-content\/uploads\/sites\/3\/2023\/01\/63c4196848fbef43062de1f1.jpg\" \/><\/p>\n<div class=\"Text-root Text-type_1 \">\n                Der Konsens unter zuk\u00fcnftigen Historikern wird unvermeidlich sein: Die 2020er Jahre begannen mit einem teuflischen Mord. Aber daraus k\u00f6nnte eine neue Welt entstehen \u2013 hoffentlich gleichberechtigter und gerechter.\n            <\/div>\n<p><\/p>\n<div class=\"Text-root Text-type_5 ArticleView-text ViewText-root \">\n<p><em>Von Pepe Escobar<\/em><\/p>\n<p>Flughafen Bagdad, 3. Januar 2020, 00:52 Uhr Ortszeit. Die Ermordung von General Qassem Soleimani, Kommandeur der Quds-Truppen des Korps der\u00a0Iranischen Revolutionsgarde (IRGC), zusammen mit Abu Mahdi al-Muhandis, dem stellvertretenden Kommandeur der irakischen Haschd al-Schaabi, durch lasergelenkte AGM-114-Hellfire-Raketen, die von zwei MQ-9-Reaper-Drohnen abgefeuert wurden, war tats\u00e4chlich weniger eine Kriegshandlung als ein Mord.<\/p>\n<p>Der Drohnenangriff auf den Flughafen von Bagdad, der direkt vom Entertainer\/Unternehmer Donald Trump genehmigt wurde, der damals den Hegemon regierte, stellte einen imperialen Akt dar \u2013 konzipiert als krasse Provokation, um eine iranische Reaktion hervorzurufen, der man dann mit dem Vorwand der &#8220;Selbstverteidigung&#8221; begegnen konnte, verpackt als &#8220;Abschreckung&#8221;.<\/p>\n<p>Das Sperrfeuer des westlichen Narrativs bezeichnete die Tat als &#8220;gezielte T\u00f6tung&#8221;: eine pr\u00e4ventive Operation, mit der angebliche Pl\u00e4ne von General Soleimani f\u00fcr &#8220;bevorstehende Angriffe auf US-Diplomaten und -Truppen&#8221; durchkreuzt wurden. Es wurden keinerlei Beweise vorgelegt, um diese Behauptung zu untermauern.<\/p>\n<p>Jeder, nicht nur entlang der Achse des Widerstands in Teheran, Bagdad, Damaskus und bei der Hisbollah, sondern im gesamten globalen S\u00fcden, war sich bewusst, dass General Soleimani von 2014 bis 2015 den Kampf gegen ISIS im Irak anf\u00fchrte und dass er ma\u00dfgeblich an der R\u00fcckeroberung von Tikrit im Jahr 2015 beteiligt war. Das war seine wahre Rolle \u2013 er war ein wahrer Krieger des Krieges gegen den Terror, nicht des Krieges f\u00fcr den Terror. F\u00fcr das Imperium war es ein Gr\u00e4uel, dass seine Aura sogar weit in die L\u00e4nder des sunnitischen Islams hineinstrahlte.<\/p>\n<p>Es war dann Sache des damaligen irakischen Premierministers Adil Abd al-Mahdi, vor dem Parlament in Bagdad den endg\u00fcltigen Kontext darzulegen: General Soleimani war in diplomatischer Mission in einen regul\u00e4ren Airbus-A320-Flug von Damaskus nach Bagdad gestiegen. Er war an komplexen Verhandlungen zwischen Teheran und Riad beteiligt, mit dem irakischen Premierminister als Vermittler \u2013 und das alles auf Wunsch von Pr\u00e4sident Trump.<\/p>\n<p>Somit ermordete die imperiale Maschinerie \u2013 nach jahrzehntelanger Verh\u00f6hnung des V\u00f6lkerrechts \u2013 einen diplomatischen Gesandten. In der Tat zwei, weil Abu Mahdi al-Muhandis die gleichen F\u00fchrungsqualit\u00e4ten wie General Soleimani aufwies, aktiv die Synergien zwischen dem Schlachtfeld und der Diplomatie verstand und im Irak als absolut unersetzlicher politischer Gestalter galt. Die Ermordung von General Soleimani wurde seit 2007 durch eine toxische Mischung aus US-Neocons und neoliberalen Contras \u2013 die in h\u00f6chstem Ma\u00dfe die Geschichte, Kultur und Politik S\u00fcdwestasiens ignorieren \u2013 zusammen mit den israelischen und saudischen Lobbys in Washington &#8220;beg\u00fcnstigt&#8221;.<\/p>\n<p>Trump, der sich in internationalen Beziehungen und au\u00dfenpolitischen Angelegenheiten nicht auskannte, konnte das gro\u00dfe Ganze und\u00a0dessen Auswirkungen unm\u00f6glich verstehen, solange ihm nur Israel-Dienende, in der Art eines Jared Kushner, ins Ohr fl\u00fcsterten.<\/p>\n<p><strong>Der K\u00f6nig ist jetzt nackt<\/strong><\/p>\n<p>Aber dann ging alles bergab. Teherans direkte Reaktion auf die Ermordung von General Soleimani, eigentlich ziemlich zur\u00fcckhaltend angesichts der Umst\u00e4nde, wurde sorgf\u00e4ltig abgewogen, um keine ungez\u00fcgelte imperiale &#8220;Kurzschlusshandlung&#8221; zu entfesseln.<\/p>\n<p>Dies geschah in Form einer Reihe von Angriffen mit Pr\u00e4zisionsraketen auf den von den USA kontrollierten Luftwaffenst\u00fctzpunkt Ain al-Assad im Irak. Entscheidend ist, dass das Pentagon vorgewarnt wurde. Und genau diese ausgewogene Reaktion erwies sich als entscheidend. Teherans Botschaft machte deutlich \u2013 und f\u00fcr den gesamten globalen S\u00fcden sichtbar \u2013, dass die Tage der imperialen Straflosigkeit vorbei waren. Jeder Verfechter der amerikanischen Einzigartigkeit mit einem funktionierenden Gehirn konnte die Botschaft verstehen: Wir k\u00f6nnen eure Standorte \u00fcberall im Persischen Golf angreifen \u2013 und dar\u00fcber hinaus zu jedem Zeitpunkt unserer Wahl.<\/p>\n<p>Diese Angriffe mit Pr\u00e4zisionsraketen auf den St\u00fctzpunkt Ain al-Assad erz\u00e4hlen die Geschichte einer Mittelmacht, die durch jahrzehntelange Sanktionen geschw\u00e4cht war und sich einer massiven Wirtschafts- und Finanzkrise gegen\u00fcbersah, aber auf einen Angriff reagierte, indem sie auf einen imperialen Standort zielte, der Teil des weitl\u00e4ufigen &#8220;Imperium der Milit\u00e4rbasen&#8221; ist, das sich weltweit auf \u00fcber 800 Standorte erstreckt. Historisch betrachtet war dies eine Weltpremiere \u2013 etwas Undenkbares seit dem Ende des Zweiten Weltkriegs. Und das wurde in ganz S\u00fcdwestasien \u2013 sowie in weiten Teilen des globalen S\u00fcdens \u2013 klar als das interpretiert, was es bedeutete: Der K\u00f6nig ist jetzt nackt.<\/p>\n<p><strong>Vermessung des sich ver\u00e4ndernden Schachbretts<\/strong><\/p>\n<p>Drei Jahre nach dem eigentlichen Mord erkennen wir jetzt m\u00f6glicherweise mehrere andere F\u00e4lle, in denen der Weg in Richtung Multipolarit\u00e4t durch den Mord an General Soleimani geebnet wurde. Es gab einen Regimewechsel beim Hegemon \u2013 dabei wurde der Trumpismus durch eine toxische, neoliberale Kabale von Betr\u00fcgern ersetzt, die von Neokonservativen infiltriert worden war, die ein seniles kriegstreibendes Wesen fernsteuern, das kaum qualifiziert genug ist, um von einem Teleprompter abzulesen.<\/p>\n<p>Die Au\u00dfenpolitik dieser Kabale entpuppte sich als \u00e4u\u00dferst paranoid und ver\u00e4rgerte nicht nur die Islamische Republik, sondern legte sich auch mit der strategischen Partnerschaft von Russland und China an. Diese drei letztgenannten Akteure sind zuf\u00e4llig die drei wichtigsten Vektoren im laufenden Prozess der eurasischen Integration.<\/p>\n<p>General Soleimani hat vielleicht vor allen anderen \u2013\u00a0au\u00dfer vielleicht dem Oberster F\u00fchrer Irans, Ajatollah Chamenei \u2013 vorausgesehen, dass der JCPOA \u2013 das Atomabkommen mit Iran \u2013 definitiv zwei Meter tief beerdigt werden wird, wie die j\u00fcngste <a rel=\"nofollow noopener\" target=\"_blank\" href=\"https:\/\/www.presstv.ir\/Detail\/2022\/12\/22\/694939\/Iran-Nuclear-deal-JCPOA-dead--Rest-in-Peace-JCPOA\">Farce<\/a> in den vergangenen Monaten in Wien deutlich gemacht hat. So hat Soleimani m\u00f6glicherweise vorhergesehen, dass Teheran mit einer neuen Regierung unter Pr\u00e4sident Ebrahim Raisi endlich jede Hoffnung aufgeben wird, vom kollektiven Westen &#8220;akzeptiert&#8221; zu werden, und sich von ganzem Herzen seinem eurasischen Schicksal zuwendet.<\/p>\n<p>Bereits Jahre vor dem Attentat hatte General Soleimani eine &#8220;Normalisierung&#8221; zwischen dem israelischen Regime und den Monarchien am Persischen Golf vorausgesehen. Gleichzeitig war er sich auch der Position der Arabischen Liga von 2002 sehr bewusst \u2013 die unter anderem vom Irak, Syrien und dem Libanon geteilt wurde: Eine &#8220;Normalisierung&#8221; mit Israel kann ohne einen unabh\u00e4ngigen \u2013 und lebensf\u00e4higen \u2013 pal\u00e4stinensischen Staat, innerhalb seiner Grenzen von 1967 und mit Ostjerusalem als Hauptstadt, nicht einmal ansatzweise diskutiert werden. General Soleimani sah das gro\u00dfe Ganze in Westasien, von Kairo bis Teheran und vom Bosporus bis zur Meeresstra\u00dfe von Bab al-Mandab. Er sah sicherlich die unvermeidliche &#8220;Normalisierung&#8221; Syriens in der arabischen Welt voraus \u2013 und sogar mit der T\u00fcrkei, was derzeit in Arbeit ist.<\/p>\n<p>Er hatte sich wohl den m\u00f6glichen Zeitplan ausgerechnet, dem das Imperium des Chaos folgen wird, bis es Afghanistan vollst\u00e4ndig im Stich l\u00e4sst \u2013 wenn er auch sicherlich nicht das Ausma\u00df der Dem\u00fctigung des Abzugs vorhersehen konnte und wie dies die Spielkarten in West- und Zentralasien neu mischen w\u00fcrde.<\/p>\n<p>Was Soleimani sicherlich nicht wusste, war, dass das Imperium Afghanistan deshalb verlassen wird, um seine Strategie des Chaos auf die Ukraine zu konzentrieren, in einem m\u00f6rderischen Stellvertreterkrieg gegen Russland. Es ist jedoch durchaus m\u00f6glich, dass General Soleimani vorausgesehen haben k\u00f6nnte, dass Muhammad bin Zayid (MbZ) aus Abu Dhabi \u2013 der Mentor des saudischen Kronprinzen Mohammed bin Salman (MbS) \u2013 gleichzeitig auf ein Freihandelsabkommen zwischen Israel und den Golfemiraten und eine Entspannung mit Iran setzen wird.<\/p>\n<p>General Soleimani h\u00e4tte Teil des diplomatischen Teams sein k\u00f6nnen, als sich der Sicherheitsberater von MbZ, Scheich Tahnoun bin Mohammed Al Nahyan, vor \u00fcber einem Jahr mit Pr\u00e4sident Raisi in Teheran traf und mit ihm sogar den Krieg im Jemen besprach. Soleimani h\u00e4tte vielleicht auch vorhersehen k\u00f6nnen, was Anfang Januar in Bras\u00edlia, am Rande der dramatischen R\u00fcckkehr von Lula in die brasilianische Pr\u00e4sidentschaft, geschehen ist: Saudische und iranische Offizielle diskutieren auf neutralem Territorium \u00fcber eine m\u00f6gliche Entspannung zwischen beiden L\u00e4ndern.<\/p>\n<p>W\u00e4hrend das gesamte Schachbrett in ganz Westasien in rasender Geschwindigkeit neu konfiguriert wird, ist die einzige Entwicklung, die General Soleimani vielleicht nicht h\u00e4tte vorhersehen k\u00f6nnen, die Entstehung des Petroyuan, der den Petrodollar &#8220;im Zeitraum von drei bis f\u00fcnf Jahren&#8221; verdr\u00e4ngen wird, wie vom chinesischen Pr\u00e4sidenten Xi Jinping bei seinem j\u00fcngsten wegweisenden <a rel=\"nofollow noopener\" target=\"_blank\" href=\"https:\/\/de.rt.com\/international\/158278-xi-von-arabien-und-langer-marsch\/\">Gipfeltreffen<\/a> mit dem Golf-Kooperationsrat\u00a0(GKR) in Riad angek\u00fcndigt.<\/p>\n<p><strong>Ich habe einen Traum<\/strong><\/p>\n<p>Der tiefe Respekt gegen\u00fcber General Soleimani, der von allen Schichten der iranischen Gesellschaft \u2013 von der Basis bis zur F\u00fchrung \u2013 zum Ausdruck gebracht wird, hat sich sicherlich in einer W\u00fcrdigung seines Lebenswerks niedergeschlagen, indem Iran seinen verdienten Platz in der Multipolarit\u00e4t gefunden hat.<\/p>\n<p>Iran hat sich in S\u00fcdwestasien nun als einer der Schl\u00fcsselknoten der Neuen Seidenstra\u00dfe (BRI) etabliert. Die strategische Partnerschaft zwischen Iran und China, die durch den Beitritt Teherans zur Schanghaier Organisation f\u00fcr Zusammenarbeit\u00a0(SOZ) im Jahr 2022 gest\u00e4rkt wurde, ist geo\u00f6konomisch und geopolitisch ebenso stark wie die ineinandergreifenden Partnerschaften mit zwei anderen BRICS-Mitgliedern, Russland und Indien. 2023 soll Iran Mitglied von BRICS+ werden.<\/p>\n<p>Parallel dazu wird die Triade Iran-Russland-China tief in den Wiederaufbau Syriens eingebunden sein \u2013 komplett mit Projekten im Rahmen der BRI, die von der Eisenbahnverbindung Iran-Irak-Syrien-\u00d6stliches Mittelmeer bis in naher Zukunft zur Iran-Irak-Syrien-Gaspipeline reichen \u2013 jenes Vorhaben, das wohl der Schl\u00fcsselfaktor war, der den US-amerikanischen Krieg gegen Damaskus provozierte.<\/p>\n<p>Soleimani wird heute im Imam-Reza-Schrein in Maschhad, in der al-Aqsa-Moschee in Pal\u00e4stina, im schillernden sp\u00e4tbarocken Duomo in Ragusa im S\u00fcdosten Siziliens, in einer Stupa hoch im Himalaya und auf einem Wandgem\u00e4lde in einer Stra\u00dfe in Caracas verehrt. \u00dcberall im globalen S\u00fcden liegt ein Gef\u00fchl in der Luft: dass eine neue Welt am Entstehen ist \u2013 hoffentlich gleichberechtigter und gerechter, wie es sich auch das Opfer des Mordes, der die &#8220;w\u00fctenden 2020er&#8221; ausl\u00f6ste, irgendwie ertr\u00e4umt hat.<\/p>\n<p><em>Dieser Artikel erschien zuerst auf\u00a0<a rel=\"nofollow noopener\" target=\"_blank\" href=\"https:\/\/www.presstv.ir\/Detail\/2023\/01\/08\/695938\/How-General-Soleimani-kick-started-the-multipolar-world-\">englischer Sprache bei presstv.ir<\/a>. Die Ver\u00f6ffentlichung hier erfolgt mit freundlicher Genehmigung.<\/em><\/p>\n<p><em><strong>Pepe Escobar<\/strong> ist ein unabh\u00e4ngiger geopolitischer Analyst und Autor. Sein neuestes Buch hei\u00dft &#8220;Raging Twenties&#8221; (Die w\u00fctenden Zwanziger). Er wurde von Facebook und Twitter aus politischen Gr\u00fcnden verbannt aber man kann ihm auf\u00a0<a rel=\"nofollow noopener\" target=\"_blank\" href=\"https:\/\/t.me\/rocknrollgeopolitics\">Telegram<\/a> folgen.<\/em><\/p>\n<p><strong>Mehr zum Thema<\/strong> &#8211; <a rel=\"nofollow noopener\" target=\"_blank\" href=\"https:\/\/test.rtde.tech\/der-nahe-osten\/159090-am-dritten-jahrestag-anschlags-auf\/\">Am dritten Jahrestag des Anschlags auf Soleimani: Irakische Justiz erl\u00e4sst Haftbefehl gegen Trump<\/a><\/p>\n<\/div>\n<p><br \/>\n<br \/><a href=\"https:\/\/de.rt.com\/meinung\/159949-mord-am-iranischen-general-soleimani\/\">Source link <\/a><\/p>\n","protected":false},"excerpt":{"rendered":"<p>Der Konsens unter zuk\u00fcnftigen Historikern wird unvermeidlich sein: Die 2020er Jahre begannen mit einem teuflischen Mord. Aber daraus k\u00f6nnte eine neue Welt entstehen \u2013 hoffentlich gleichberechtigter und gerechter. Von Pepe Escobar Flughafen Bagdad, 3. Januar 2020, 00:52 Uhr Ortszeit. Die Ermordung von General Qassem Soleimani, Kommandeur der Quds-Truppen des Korps der\u00a0Iranischen Revolutionsgarde (IRGC), zusammen mit [&hellip;]<\/p>\n","protected":false},"author":3,"featured_media":27820,"comment_status":"open","ping_status":"open","sticky":false,"template":"","format":"standard","meta":{"_yoast_indexnow_last_ping":["1673847238"],"wp_automatic_camp":["217"],"b42cad60b1df9cbbe10d766485973caa":["Der Mord an General Soleimani \u2013 Z\u00fcndung f\u00fcr die multipolare Weltordnung"],"original_link":["https:\/\/de.rt.com\/meinung\/159949-mord-am-iranischen-general-soleimani\/"],"_thumbnail_id":["27820"],"jnews_social_counter_last_update":["1777359137"],"_wptgpro_p2tg_sent2tg":["a:1:{i:23737;s:19:\"2023-01-16 07:35:06\";}"]},"categories":[19,23],"tags":[82,45,221,7409,1091,27748,38602,214,39121],"yoast_head":"<!-- This site is optimized with the Yoast SEO Premium plugin v22.7 (Yoast SEO v22.7) - https:\/\/yoast.com\/wordpress\/plugins\/seo\/ -->\n<title>Der Mord an General Soleimani \u2013 Z\u00fcndung f\u00fcr die multipolare Weltordnung - just-now.NEWS Deutschland<\/title>\n<meta name=\"robots\" content=\"index, follow, max-snippet:-1, max-image-preview:large, max-video-preview:-1\" \/>\n<link rel=\"canonical\" href=\"https:\/\/now-news.de\/de\/deutschland\/der-mord-an-general-soleimani-zuendung-fuer-die-multipolare-weltordnung\/\" \/>\n<meta property=\"og:locale\" content=\"de_DE\" \/>\n<meta property=\"og:type\" content=\"article\" \/>\n<meta property=\"og:title\" content=\"Der Mord an General Soleimani \u2013 Z\u00fcndung f\u00fcr die multipolare Weltordnung\" \/>\n<meta property=\"og:description\" content=\"Der Konsens unter zuk\u00fcnftigen Historikern wird unvermeidlich sein: Die 2020er Jahre begannen mit einem teuflischen Mord. Aber daraus k\u00f6nnte eine neue Welt entstehen \u2013 hoffentlich gleichberechtigter und gerechter. Von Pepe Escobar Flughafen Bagdad, 3. Januar 2020, 00:52 Uhr Ortszeit. Die Ermordung von General Qassem Soleimani, Kommandeur der Quds-Truppen des Korps der\u00a0Iranischen Revolutionsgarde (IRGC), zusammen mit [&hellip;]\" \/>\n<meta property=\"og:url\" content=\"https:\/\/now-news.de\/de\/deutschland\/der-mord-an-general-soleimani-zuendung-fuer-die-multipolare-weltordnung\/\" \/>\n<meta property=\"og:site_name\" content=\"just-now.NEWS Deutschland\" \/>\n<meta property=\"article:publisher\" content=\"https:\/\/www.facebook.com\/wirmachenauf\" \/>\n<meta property=\"article:published_time\" content=\"2023-01-16T05:15:55+00:00\" \/>\n<meta property=\"og:image\" content=\"https:\/\/now-news.de\/de\/wp-content\/uploads\/sites\/3\/2023\/01\/Der-Mord-an-General-Soleimani-\u2013-Zuendung-fuer-die-multipolare.jpg\" \/>\n\t<meta property=\"og:image:width\" content=\"460\" \/>\n\t<meta property=\"og:image:height\" content=\"259\" \/>\n\t<meta property=\"og:image:type\" content=\"image\/jpeg\" \/>\n<meta name=\"author\" content=\"rtnews\" \/>\n<meta name=\"twitter:card\" content=\"summary_large_image\" \/>\n<meta name=\"twitter:creator\" content=\"@WirMachenAuf_de\" \/>\n<meta name=\"twitter:site\" content=\"@WirMachenAuf_de\" \/>\n<meta name=\"twitter:label1\" content=\"Verfasst von\" \/>\n\t<meta name=\"twitter:data1\" content=\"rtnews\" \/>\n\t<meta name=\"twitter:label2\" content=\"Gesch\u00e4tzte Lesezeit\" \/>\n\t<meta name=\"twitter:data2\" content=\"8\u00a0Minuten\" \/>\n<script type=\"application\/ld+json\" class=\"yoast-schema-graph\">{\"@context\":\"https:\/\/schema.org\",\"@graph\":[{\"@type\":\"Article\",\"@id\":\"https:\/\/now-news.de\/de\/deutschland\/der-mord-an-general-soleimani-zuendung-fuer-die-multipolare-weltordnung\/#article\",\"isPartOf\":{\"@id\":\"https:\/\/now-news.de\/de\/deutschland\/der-mord-an-general-soleimani-zuendung-fuer-die-multipolare-weltordnung\/\"},\"author\":{\"name\":\"rtnews\",\"@id\":\"https:\/\/now-news.de\/de\/#\/schema\/person\/fb534a4e865501d8b3285208df34a9b5\"},\"headline\":\"Der Mord an General Soleimani \u2013 Z\u00fcndung f\u00fcr die multipolare Weltordnung\",\"datePublished\":\"2023-01-16T05:15:55+00:00\",\"dateModified\":\"2023-01-16T05:15:55+00:00\",\"mainEntityOfPage\":{\"@id\":\"https:\/\/now-news.de\/de\/deutschland\/der-mord-an-general-soleimani-zuendung-fuer-die-multipolare-weltordnung\/\"},\"wordCount\":1654,\"commentCount\":0,\"publisher\":{\"@id\":\"https:\/\/now-news.de\/de\/#organization\"},\"image\":{\"@id\":\"https:\/\/now-news.de\/de\/deutschland\/der-mord-an-general-soleimani-zuendung-fuer-die-multipolare-weltordnung\/#primaryimage\"},\"thumbnailUrl\":\"https:\/\/now-news.de\/de\/wp-content\/uploads\/sites\/3\/2023\/01\/Der-Mord-an-General-Soleimani-\u2013-Zuendung-fuer-die-multipolare.jpg\",\"keywords\":[\"der\",\"die\",\"f\u00fcr\",\"General\",\"Mord\",\"Multipolare\",\"Soleimani\",\"Weltordnung\",\"Z\u00fcndung\"],\"articleSection\":[\"Deutschland\",\"Russland\"],\"inLanguage\":\"de\",\"potentialAction\":[{\"@type\":\"CommentAction\",\"name\":\"Comment\",\"target\":[\"https:\/\/now-news.de\/de\/deutschland\/der-mord-an-general-soleimani-zuendung-fuer-die-multipolare-weltordnung\/#respond\"]}]},{\"@type\":\"WebPage\",\"@id\":\"https:\/\/now-news.de\/de\/deutschland\/der-mord-an-general-soleimani-zuendung-fuer-die-multipolare-weltordnung\/\",\"url\":\"https:\/\/now-news.de\/de\/deutschland\/der-mord-an-general-soleimani-zuendung-fuer-die-multipolare-weltordnung\/\",\"name\":\"Der Mord an General Soleimani \u2013 Z\u00fcndung f\u00fcr die multipolare Weltordnung - just-now.NEWS Deutschland\",\"isPartOf\":{\"@id\":\"https:\/\/now-news.de\/de\/#website\"},\"primaryImageOfPage\":{\"@id\":\"https:\/\/now-news.de\/de\/deutschland\/der-mord-an-general-soleimani-zuendung-fuer-die-multipolare-weltordnung\/#primaryimage\"},\"image\":{\"@id\":\"https:\/\/now-news.de\/de\/deutschland\/der-mord-an-general-soleimani-zuendung-fuer-die-multipolare-weltordnung\/#primaryimage\"},\"thumbnailUrl\":\"https:\/\/now-news.de\/de\/wp-content\/uploads\/sites\/3\/2023\/01\/Der-Mord-an-General-Soleimani-\u2013-Zuendung-fuer-die-multipolare.jpg\",\"datePublished\":\"2023-01-16T05:15:55+00:00\",\"dateModified\":\"2023-01-16T05:15:55+00:00\",\"breadcrumb\":{\"@id\":\"https:\/\/now-news.de\/de\/deutschland\/der-mord-an-general-soleimani-zuendung-fuer-die-multipolare-weltordnung\/#breadcrumb\"},\"inLanguage\":\"de\",\"potentialAction\":[{\"@type\":\"ReadAction\",\"target\":[\"https:\/\/now-news.de\/de\/deutschland\/der-mord-an-general-soleimani-zuendung-fuer-die-multipolare-weltordnung\/\"]}]},{\"@type\":\"ImageObject\",\"inLanguage\":\"de\",\"@id\":\"https:\/\/now-news.de\/de\/deutschland\/der-mord-an-general-soleimani-zuendung-fuer-die-multipolare-weltordnung\/#primaryimage\",\"url\":\"https:\/\/now-news.de\/de\/wp-content\/uploads\/sites\/3\/2023\/01\/Der-Mord-an-General-Soleimani-\u2013-Zuendung-fuer-die-multipolare.jpg\",\"contentUrl\":\"https:\/\/now-news.de\/de\/wp-content\/uploads\/sites\/3\/2023\/01\/Der-Mord-an-General-Soleimani-\u2013-Zuendung-fuer-die-multipolare.jpg\",\"width\":460,\"height\":259,\"caption\":\"Der Mord an General Soleimani \u2013 Z\u00fcndung f\u00fcr die multipolare Weltordnung\"},{\"@type\":\"BreadcrumbList\",\"@id\":\"https:\/\/now-news.de\/de\/deutschland\/der-mord-an-general-soleimani-zuendung-fuer-die-multipolare-weltordnung\/#breadcrumb\",\"itemListElement\":[{\"@type\":\"ListItem\",\"position\":1,\"name\":\"Home\",\"item\":\"https:\/\/now-news.de\/de\/\"},{\"@type\":\"ListItem\",\"position\":2,\"name\":\"Der Mord an General Soleimani \u2013 Z\u00fcndung f\u00fcr die multipolare Weltordnung\"}]},{\"@type\":\"WebSite\",\"@id\":\"https:\/\/now-news.de\/de\/#website\",\"url\":\"https:\/\/now-news.de\/de\/\",\"name\":\"just-now.NEWS Deutschland\",\"description\":\"Das Portal f\u00fcr unzensierte Nachrichten aus der Welt\",\"publisher\":{\"@id\":\"https:\/\/now-news.de\/de\/#organization\"},\"potentialAction\":[{\"@type\":\"SearchAction\",\"target\":{\"@type\":\"EntryPoint\",\"urlTemplate\":\"https:\/\/now-news.de\/de\/?s={search_term_string}\"},\"query-input\":\"required name=search_term_string\"}],\"inLanguage\":\"de\"},{\"@type\":\"Organization\",\"@id\":\"https:\/\/now-news.de\/de\/#organization\",\"name\":\"Just Now News\",\"url\":\"https:\/\/now-news.de\/de\/\",\"logo\":{\"@type\":\"ImageObject\",\"inLanguage\":\"de\",\"@id\":\"https:\/\/now-news.de\/de\/#\/schema\/logo\/image\/\",\"url\":\"http:\/\/just-now.news\/de\/wp-content\/uploads\/sites\/3\/2022\/04\/logo500x500.jpg\",\"contentUrl\":\"http:\/\/just-now.news\/de\/wp-content\/uploads\/sites\/3\/2022\/04\/logo500x500.jpg\",\"width\":500,\"height\":500,\"caption\":\"Just Now News\"},\"image\":{\"@id\":\"https:\/\/now-news.de\/de\/#\/schema\/logo\/image\/\"},\"sameAs\":[\"https:\/\/www.facebook.com\/wirmachenauf\",\"https:\/\/x.com\/WirMachenAuf_de\"]},{\"@type\":\"Person\",\"@id\":\"https:\/\/now-news.de\/de\/#\/schema\/person\/fb534a4e865501d8b3285208df34a9b5\",\"name\":\"rtnews\",\"image\":{\"@type\":\"ImageObject\",\"inLanguage\":\"de\",\"@id\":\"https:\/\/now-news.de\/de\/#\/schema\/person\/image\/\",\"url\":\"https:\/\/secure.gravatar.com\/avatar\/82aafea7d8127119dd649515f56e2117?s=96&d=mm&r=g\",\"contentUrl\":\"https:\/\/secure.gravatar.com\/avatar\/82aafea7d8127119dd649515f56e2117?s=96&d=mm&r=g\",\"caption\":\"rtnews\"},\"url\":\"https:\/\/now-news.de\/de\/author\/rnews\/\"}]}<\/script>\n<!-- \/ Yoast SEO Premium plugin. -->","yoast_head_json":{"title":"Der Mord an General Soleimani \u2013 Z\u00fcndung f\u00fcr die multipolare Weltordnung - just-now.NEWS Deutschland","robots":{"index":"index","follow":"follow","max-snippet":"max-snippet:-1","max-image-preview":"max-image-preview:large","max-video-preview":"max-video-preview:-1"},"canonical":"https:\/\/now-news.de\/de\/deutschland\/der-mord-an-general-soleimani-zuendung-fuer-die-multipolare-weltordnung\/","og_locale":"de_DE","og_type":"article","og_title":"Der Mord an General Soleimani \u2013 Z\u00fcndung f\u00fcr die multipolare Weltordnung","og_description":"Der Konsens unter zuk\u00fcnftigen Historikern wird unvermeidlich sein: Die 2020er Jahre begannen mit einem teuflischen Mord. Aber daraus k\u00f6nnte eine neue Welt entstehen \u2013 hoffentlich gleichberechtigter und gerechter. Von Pepe Escobar Flughafen Bagdad, 3. Januar 2020, 00:52 Uhr Ortszeit. Die Ermordung von General Qassem Soleimani, Kommandeur der Quds-Truppen des Korps der\u00a0Iranischen Revolutionsgarde (IRGC), zusammen mit [&hellip;]","og_url":"https:\/\/now-news.de\/de\/deutschland\/der-mord-an-general-soleimani-zuendung-fuer-die-multipolare-weltordnung\/","og_site_name":"just-now.NEWS Deutschland","article_publisher":"https:\/\/www.facebook.com\/wirmachenauf","article_published_time":"2023-01-16T05:15:55+00:00","og_image":[{"width":460,"height":259,"url":"https:\/\/now-news.de\/de\/wp-content\/uploads\/sites\/3\/2023\/01\/Der-Mord-an-General-Soleimani-\u2013-Zuendung-fuer-die-multipolare.jpg","type":"image\/jpeg"}],"author":"rtnews","twitter_card":"summary_large_image","twitter_creator":"@WirMachenAuf_de","twitter_site":"@WirMachenAuf_de","twitter_misc":{"Verfasst von":"rtnews","Gesch\u00e4tzte Lesezeit":"8\u00a0Minuten"},"schema":{"@context":"https:\/\/schema.org","@graph":[{"@type":"Article","@id":"https:\/\/now-news.de\/de\/deutschland\/der-mord-an-general-soleimani-zuendung-fuer-die-multipolare-weltordnung\/#article","isPartOf":{"@id":"https:\/\/now-news.de\/de\/deutschland\/der-mord-an-general-soleimani-zuendung-fuer-die-multipolare-weltordnung\/"},"author":{"name":"rtnews","@id":"https:\/\/now-news.de\/de\/#\/schema\/person\/fb534a4e865501d8b3285208df34a9b5"},"headline":"Der Mord an General Soleimani \u2013 Z\u00fcndung f\u00fcr die multipolare Weltordnung","datePublished":"2023-01-16T05:15:55+00:00","dateModified":"2023-01-16T05:15:55+00:00","mainEntityOfPage":{"@id":"https:\/\/now-news.de\/de\/deutschland\/der-mord-an-general-soleimani-zuendung-fuer-die-multipolare-weltordnung\/"},"wordCount":1654,"commentCount":0,"publisher":{"@id":"https:\/\/now-news.de\/de\/#organization"},"image":{"@id":"https:\/\/now-news.de\/de\/deutschland\/der-mord-an-general-soleimani-zuendung-fuer-die-multipolare-weltordnung\/#primaryimage"},"thumbnailUrl":"https:\/\/now-news.de\/de\/wp-content\/uploads\/sites\/3\/2023\/01\/Der-Mord-an-General-Soleimani-\u2013-Zuendung-fuer-die-multipolare.jpg","keywords":["der","die","f\u00fcr","General","Mord","Multipolare","Soleimani","Weltordnung","Z\u00fcndung"],"articleSection":["Deutschland","Russland"],"inLanguage":"de","potentialAction":[{"@type":"CommentAction","name":"Comment","target":["https:\/\/now-news.de\/de\/deutschland\/der-mord-an-general-soleimani-zuendung-fuer-die-multipolare-weltordnung\/#respond"]}]},{"@type":"WebPage","@id":"https:\/\/now-news.de\/de\/deutschland\/der-mord-an-general-soleimani-zuendung-fuer-die-multipolare-weltordnung\/","url":"https:\/\/now-news.de\/de\/deutschland\/der-mord-an-general-soleimani-zuendung-fuer-die-multipolare-weltordnung\/","name":"Der Mord an General Soleimani \u2013 Z\u00fcndung f\u00fcr die multipolare Weltordnung - just-now.NEWS Deutschland","isPartOf":{"@id":"https:\/\/now-news.de\/de\/#website"},"primaryImageOfPage":{"@id":"https:\/\/now-news.de\/de\/deutschland\/der-mord-an-general-soleimani-zuendung-fuer-die-multipolare-weltordnung\/#primaryimage"},"image":{"@id":"https:\/\/now-news.de\/de\/deutschland\/der-mord-an-general-soleimani-zuendung-fuer-die-multipolare-weltordnung\/#primaryimage"},"thumbnailUrl":"https:\/\/now-news.de\/de\/wp-content\/uploads\/sites\/3\/2023\/01\/Der-Mord-an-General-Soleimani-\u2013-Zuendung-fuer-die-multipolare.jpg","datePublished":"2023-01-16T05:15:55+00:00","dateModified":"2023-01-16T05:15:55+00:00","breadcrumb":{"@id":"https:\/\/now-news.de\/de\/deutschland\/der-mord-an-general-soleimani-zuendung-fuer-die-multipolare-weltordnung\/#breadcrumb"},"inLanguage":"de","potentialAction":[{"@type":"ReadAction","target":["https:\/\/now-news.de\/de\/deutschland\/der-mord-an-general-soleimani-zuendung-fuer-die-multipolare-weltordnung\/"]}]},{"@type":"ImageObject","inLanguage":"de","@id":"https:\/\/now-news.de\/de\/deutschland\/der-mord-an-general-soleimani-zuendung-fuer-die-multipolare-weltordnung\/#primaryimage","url":"https:\/\/now-news.de\/de\/wp-content\/uploads\/sites\/3\/2023\/01\/Der-Mord-an-General-Soleimani-\u2013-Zuendung-fuer-die-multipolare.jpg","contentUrl":"https:\/\/now-news.de\/de\/wp-content\/uploads\/sites\/3\/2023\/01\/Der-Mord-an-General-Soleimani-\u2013-Zuendung-fuer-die-multipolare.jpg","width":460,"height":259,"caption":"Der Mord an General Soleimani \u2013 Z\u00fcndung f\u00fcr die multipolare Weltordnung"},{"@type":"BreadcrumbList","@id":"https:\/\/now-news.de\/de\/deutschland\/der-mord-an-general-soleimani-zuendung-fuer-die-multipolare-weltordnung\/#breadcrumb","itemListElement":[{"@type":"ListItem","position":1,"name":"Home","item":"https:\/\/now-news.de\/de\/"},{"@type":"ListItem","position":2,"name":"Der Mord an General Soleimani \u2013 Z\u00fcndung f\u00fcr die multipolare Weltordnung"}]},{"@type":"WebSite","@id":"https:\/\/now-news.de\/de\/#website","url":"https:\/\/now-news.de\/de\/","name":"just-now.NEWS Deutschland","description":"Das Portal f\u00fcr unzensierte Nachrichten aus der Welt","publisher":{"@id":"https:\/\/now-news.de\/de\/#organization"},"potentialAction":[{"@type":"SearchAction","target":{"@type":"EntryPoint","urlTemplate":"https:\/\/now-news.de\/de\/?s={search_term_string}"},"query-input":"required name=search_term_string"}],"inLanguage":"de"},{"@type":"Organization","@id":"https:\/\/now-news.de\/de\/#organization","name":"Just Now News","url":"https:\/\/now-news.de\/de\/","logo":{"@type":"ImageObject","inLanguage":"de","@id":"https:\/\/now-news.de\/de\/#\/schema\/logo\/image\/","url":"http:\/\/just-now.news\/de\/wp-content\/uploads\/sites\/3\/2022\/04\/logo500x500.jpg","contentUrl":"http:\/\/just-now.news\/de\/wp-content\/uploads\/sites\/3\/2022\/04\/logo500x500.jpg","width":500,"height":500,"caption":"Just Now News"},"image":{"@id":"https:\/\/now-news.de\/de\/#\/schema\/logo\/image\/"},"sameAs":["https:\/\/www.facebook.com\/wirmachenauf","https:\/\/x.com\/WirMachenAuf_de"]},{"@type":"Person","@id":"https:\/\/now-news.de\/de\/#\/schema\/person\/fb534a4e865501d8b3285208df34a9b5","name":"rtnews","image":{"@type":"ImageObject","inLanguage":"de","@id":"https:\/\/now-news.de\/de\/#\/schema\/person\/image\/","url":"https:\/\/secure.gravatar.com\/avatar\/82aafea7d8127119dd649515f56e2117?s=96&d=mm&r=g","contentUrl":"https:\/\/secure.gravatar.com\/avatar\/82aafea7d8127119dd649515f56e2117?s=96&d=mm&r=g","caption":"rtnews"},"url":"https:\/\/now-news.de\/de\/author\/rnews\/"}]}},"_links":{"self":[{"href":"https:\/\/now-news.de\/de\/wp-json\/wp\/v2\/posts\/27819"}],"collection":[{"href":"https:\/\/now-news.de\/de\/wp-json\/wp\/v2\/posts"}],"about":[{"href":"https:\/\/now-news.de\/de\/wp-json\/wp\/v2\/types\/post"}],"author":[{"embeddable":true,"href":"https:\/\/now-news.de\/de\/wp-json\/wp\/v2\/users\/3"}],"replies":[{"embeddable":true,"href":"https:\/\/now-news.de\/de\/wp-json\/wp\/v2\/comments?post=27819"}],"version-history":[{"count":0,"href":"https:\/\/now-news.de\/de\/wp-json\/wp\/v2\/posts\/27819\/revisions"}],"wp:featuredmedia":[{"embeddable":true,"href":"https:\/\/now-news.de\/de\/wp-json\/wp\/v2\/media\/27820"}],"wp:attachment":[{"href":"https:\/\/now-news.de\/de\/wp-json\/wp\/v2\/media?parent=27819"}],"wp:term":[{"taxonomy":"category","embeddable":true,"href":"https:\/\/now-news.de\/de\/wp-json\/wp\/v2\/categories?post=27819"},{"taxonomy":"post_tag","embeddable":true,"href":"https:\/\/now-news.de\/de\/wp-json\/wp\/v2\/tags?post=27819"}],"curies":[{"name":"wp","href":"https:\/\/api.w.org\/{rel}","templated":true}]}}