{"id":27795,"date":"2023-01-15T17:57:10","date_gmt":"2023-01-15T15:57:10","guid":{"rendered":"https:\/\/just-now.news\/de\/deutschland\/dorfbewohnerin-zu-luetzerath-protesten-wozu-soll-das-jetzt-noch-dienen\/"},"modified":"2023-01-15T17:57:10","modified_gmt":"2023-01-15T15:57:10","slug":"dorfbewohnerin-zu-luetzerath-protesten-wozu-soll-das-jetzt-noch-dienen","status":"publish","type":"post","link":"https:\/\/now-news.de\/de\/deutschland\/dorfbewohnerin-zu-luetzerath-protesten-wozu-soll-das-jetzt-noch-dienen\/","title":{"rendered":"Dorfbewohnerin zu L\u00fctzerath-Protesten: &quot;Wozu soll das jetzt noch dienen?&quot;"},"content":{"rendered":"<div class=\"Text-root Text-type_1 \">\n                Auf der Gro\u00dfdemonstration zwischen L\u00fctzerath und Keyenberg  wurden die Aktivisten von den Rednern getr\u00f6stet. Es gehe nicht um die Rettung L\u00fctzeraths, sondern darum, das Klimathema in die \u00d6ffentlichkeit zu tragen. Die Klimaaktivisten h\u00e4tten erfolgreich zur  Durchsetzung der &#8220;Klimaziele&#8221; beigetragen.\n            <\/div>\n<p><\/p>\n<div class=\"Text-root Text-type_5 ArticleView-text ViewText-root \">\n<p><em>Von Felicitas Rabe<\/em><\/p>\n<p>Auf der Fahrt zur Gro\u00dfdemonstration bei L\u00fctzerath warnte der Verkehrsfunk am Samstag um 12.00 Uhr. Die Anreise der Demonstranten verursache einen Stau auf der A 46 zwischen D\u00fcsseldorf und Erkelenz. Das Gebiet solle gro\u00dfr\u00e4umig umfahren werden. Die Berichterstatterin machte sich schon auf einen Nachmittag im Auto gefasst. Bei der Gro\u00dfdemo im Hambacher Forst am 6.Oktober 2018 hatte die Polizei ab Mittag die Autobahnausfahrten der A4 in der Region gesperrt und auf der Stecke gab es eine Vollsperrung. Damals sa\u00dfen zehntausende Aktivisten stundenlang in ihren Autos und kamen nie bei der Kundgebung an.<\/p>\n<p><strong>Mehr zum Thema<\/strong> &#8211; <a rel=\"nofollow noopener\" target=\"_blank\" href=\"https:\/\/test.rtde.tech\/meinung\/159781-brief-an-aktivisten-von-luetzerath\/\">Brief an die Aktivisten von L\u00fctzerath<\/a><\/p>\n<p>Doch als die Autorin um 12.30 Uhr den genannten Abschnitt passierte, war das Verkehrsaufkommen gering. Von Erkelenz waren es noch etwa 10 Kilometer bis nach L\u00fctzerath. An der ganzen Strecke entlang der Landstra\u00dfe zog ein durchgehender Strom von Aktivisten vom Bahnhof Erkelenz kommend zum Kundgebungsort zwischen Keyenberg und L\u00fctzerath durch den Regen.\u00a0<\/p>\n<figure class=\"RTImage-root\">\n<div class=\"RTImage-image RTImage-original\"><picture class=\"Picture-root Picture-original\"><!--[if IE 9]><video style=\"display: none;\"><![endif]--><source media=\"(-webkit-min-device-pixel-ratio: 2) and (min-resolution: 120dpi)\" data-srcset=\" \nhttp:\/\/just-now.news\/de\/wp-content\/uploads\/sites\/3\/2023\/01\/63c40619b480cc132c42df90.JPG 850w,\n                http:\/\/just-now.news\/de\/wp-content\/uploads\/sites\/3\/2023\/01\/63c40619b480cc132c42df90.JPG 1960w,\n            \" ><source data-srcset=\" \nhttp:\/\/just-now.news\/de\/wp-content\/uploads\/sites\/3\/2023\/01\/63c40619b480cc132c42df90.JPG 460w,\n              http:\/\/just-now.news\/de\/wp-content\/uploads\/sites\/3\/2023\/01\/63c40619b480cc132c42df90.JPG 980w,\n            \" ><!--[if IE 9]><\/video><![endif]--><img decoding=\"async\" data- src=\"data:image\/png;base64,iVBORw0KGgoAAAANSUhEUgAAABAAAAAJCAQAAACRI2S5AAAAEElEQVR42mNkIAAYRxWAAQAG9gAKqv6+AwAAAABJRU5ErkJggg==\" class=\"Picture-root Picture-original lazyload\" data-src=\"http:\/\/just-now.news\/de\/wp-content\/uploads\/sites\/3\/2023\/01\/63c40619b480cc132c42df90.JPG\" alt=\"\"><\/source><\/source><\/picture><!-- noscript pattern --><noscript><img decoding=\"async\" src=\"http:\/\/just-now.news\/de\/wp-content\/uploads\/sites\/3\/2023\/01\/63c40619b480cc132c42df90.JPG\" alt=\"\"><\/noscript><\/div><figcaption class=\"RTImage-footer\"><span class=\"RTImage-caption\"><span class=\"RTImage-captionItem\">Ununterbrochener Strom von Aktivisten, Landstra\u00dfe zwischen Erkelenz und L\u00fctzerath, 14.01.2023<\/span><\/span><span class=\"RTImage-source\"><span class=\"RTImage-captionItem\">Felicitas Rabe<\/span><\/span><\/figcaption><\/figure>\n<p><strong>&#8220;Warum kommt Ihr erst, wo unsere Heimat sowieso schon zerst\u00f6rt ist?&#8221;<\/strong><\/p>\n<p>Ab dem ersten Dorf nach der Autobahn, Kaulhausen, gab es auf den schmalen Str\u00e4\u00dfchen mit dem Auto zu dieser Zeit kein Weiterkommen mehr. Die Aktivistenstr\u00f6me nahmen die Stra\u00dfen ein. Abseits vom Geschehen hatte eine Dorfbewohnerin das Einparken der Journalistin neben einer Pferdekoppel beobachtet und kam an den Zaun gelaufen:\u00a0<\/p>\n<blockquote>\n<p><em>&#8220;Warum kommt Ihr denn alle erst jetzt \u2013 jetzt, wo es sowieso zu sp\u00e4t ist? Wir k\u00e4mpfen hier auf den D\u00f6rfern seit 40 Jahren gegen den Abriss unserer Heimat, und keiner hat sich daf\u00fcr interessiert. Wozu soll diese Demonstration denn jetzt noch dienen?&#8221;<\/em><\/p>\n<\/blockquote>\n<p>Selbst mit dem mitgebrachten Fahrrad kam man kaum vorw\u00e4rts, und musste sich dem Tempo der Aktivistenkolonnen auf den kleinen Wegen f\u00fcgen, zumal der Dauerregen rechts und links von den Wegen das gesamte in Schlamm verwandelt hatte.<\/p>\n<p>Das von der Polizei genehmigte Kundgebungsgel\u00e4nde in der Pampa zwischen Keyenberg und L\u00fctzerath war bereits \u00fcberf\u00fcllt. So versuchte sich der Gro\u00dfteil der ankommenden Demonstranten auf den zuf\u00fchrenden Wegen zu halten, um nicht mit den F\u00fc\u00dfen im Schlamm zu versinken.<\/p>\n<figure class=\"RTImage-root\">\n<div class=\"RTImage-image RTImage-original\"><picture class=\"Picture-root Picture-original\"><!--[if IE 9]><video style=\"display: none;\"><![endif]--><source media=\"(-webkit-min-device-pixel-ratio: 2) and (min-resolution: 120dpi)\" data-srcset=\" \nhttp:\/\/just-now.news\/de\/wp-content\/uploads\/sites\/3\/2023\/01\/63c406d948fbef42d40c365a.JPG 850w,\n                http:\/\/just-now.news\/de\/wp-content\/uploads\/sites\/3\/2023\/01\/63c406d948fbef42d40c365a.JPG 1960w,\n            \" ><source data-srcset=\" \nhttp:\/\/just-now.news\/de\/wp-content\/uploads\/sites\/3\/2023\/01\/63c406d948fbef42d40c365a.JPG 460w,\n              http:\/\/just-now.news\/de\/wp-content\/uploads\/sites\/3\/2023\/01\/63c406d948fbef42d40c365a.JPG 980w,\n            \" ><!--[if IE 9]><\/video><![endif]--><img decoding=\"async\" data- src=\"data:image\/png;base64,iVBORw0KGgoAAAANSUhEUgAAABAAAAAJCAQAAACRI2S5AAAAEElEQVR42mNkIAAYRxWAAQAG9gAKqv6+AwAAAABJRU5ErkJggg==\" class=\"Picture-root Picture-original lazyload\" data-src=\"http:\/\/just-now.news\/de\/wp-content\/uploads\/sites\/3\/2023\/01\/63c406d948fbef42d40c365a.JPG\" alt=\"\"><\/source><\/source><\/picture><!-- noscript pattern --><noscript><img decoding=\"async\" src=\"http:\/\/just-now.news\/de\/wp-content\/uploads\/sites\/3\/2023\/01\/63c406d948fbef42d40c365a.JPG\" alt=\"\"><\/noscript><\/div><figcaption class=\"RTImage-footer\"><span class=\"RTImage-caption\"><span class=\"RTImage-captionItem\">Schuhreperatur auf dem matschigen Weg zum Demogel\u00e4nde bei L\u00fctzerath, 14.01.2023<\/span><\/span><span class=\"RTImage-source\"><span class=\"RTImage-captionItem\">Felicitas Rabe<\/span><\/span><\/figcaption><\/figure>\n<p>Neben den Wegen durchzogen tiefe, mit Wasser gef\u00fcllte Gr\u00e4ben das Gel\u00e4nde. Die kleine B\u00fchne war kaum sichtbar, daf\u00fcr gab es \u00fcberdimensionale Lautsprecher, welche die Reden in der\u00a0gesamten Umgebung verbreiteten.<\/p>\n<figure class=\"RTImage-root\">\n<div class=\"RTImage-image RTImage-original\"><picture class=\"Picture-root Picture-original\"><!--[if IE 9]><video style=\"display: none;\"><![endif]--><source media=\"(-webkit-min-device-pixel-ratio: 2) and (min-resolution: 120dpi)\" data-srcset=\" \nhttp:\/\/just-now.news\/de\/wp-content\/uploads\/sites\/3\/2023\/01\/63c4079b48fbef42c80668a2.JPG 850w,\n                http:\/\/just-now.news\/de\/wp-content\/uploads\/sites\/3\/2023\/01\/63c4079b48fbef42c80668a2.JPG 1960w,\n            \" ><source data-srcset=\" \nhttp:\/\/just-now.news\/de\/wp-content\/uploads\/sites\/3\/2023\/01\/63c4079b48fbef42c80668a2.JPG 460w,\n              http:\/\/just-now.news\/de\/wp-content\/uploads\/sites\/3\/2023\/01\/63c4079b48fbef42c80668a2.JPG 980w,\n            \" ><!--[if IE 9]><\/video><![endif]--><img decoding=\"async\" data- src=\"data:image\/png;base64,iVBORw0KGgoAAAANSUhEUgAAABAAAAAJCAQAAACRI2S5AAAAEElEQVR42mNkIAAYRxWAAQAG9gAKqv6+AwAAAABJRU5ErkJggg==\" class=\"Picture-root Picture-original lazyload\" data-src=\"http:\/\/just-now.news\/de\/wp-content\/uploads\/sites\/3\/2023\/01\/63c4079b48fbef42c80668a2.JPG\" alt=\"\"><\/source><\/source><\/picture><!-- noscript pattern --><noscript><img decoding=\"async\" src=\"http:\/\/just-now.news\/de\/wp-content\/uploads\/sites\/3\/2023\/01\/63c4079b48fbef42c80668a2.JPG\" alt=\"\"><\/noscript><\/div><figcaption class=\"RTImage-footer\"><span class=\"RTImage-caption\"><span class=\"RTImage-captionItem\">Eine kleine B\u00fchne mitten im Get\u00fcmmel bei L\u00fctzerath,14.01.2023<\/span><\/span><span class=\"RTImage-source\"><span class=\"RTImage-captionItem\">Felicitas Rabe<\/span><\/span><\/figcaption><\/figure>\n<p>&#8220;L\u00fctzerath, geht es Euch gut?&#8221; erschallte eine Frauenstimme \u00fcber den K\u00f6pfen der mit Regen und Wind k\u00e4mpfenden Menschen. &#8220;Ihr seid tausende oder zehntausende!&#8221; &#8220;Ihr habt jetzt schon gewonnen, auch wenn L\u00fctzerath abgebaggert wird!&#8221;<\/p>\n<blockquote>\n<p><em>&#8220;Ich mag Euch danken, denn Ihr habt das Klimathema in die \u00d6ffentlichkeit getragen!&#8221;<\/em><\/p>\n<\/blockquote>\n<p>Es g\u00e4be eine Warnung der Polizei, wurde gegen 14.00 Uhr verk\u00fcndet: &#8220;Wegen eines Rohrbruchs an der Abbruchkante w\u00fcrde dringend davor gewarnt, sich direkt an den Tagebau zu begeben. Es best\u00e4nde Lebensgefahr.&#8221; Der genaue Ort des Rohrbruchs der \u00fcberdimensionalen Abbruchkante des Garzweiler Tagebaus wurde nicht durchgegeben.<\/p>\n<p><strong>Greta Thunberg und andere auf der B\u00fchne<\/strong><\/p>\n<p>W\u00e4hrend der Musiker Conny einen &#8220;etwas kapitalistisch-kritischen Song&#8221; ank\u00fcndigte, zogen derweil mehrfach kleine Gruppen von Aktivisten durch die Menge. Sie animierten die Menschen, sich nach L\u00fctzerath und zum Tagebau zu begeben. Der Kampf um L\u00fctzerath sei noch nicht vorbei. In seinem Lied fragte sich Conny, ob man heutzutage nach einem vierw\u00f6chigen Malediven-Urlaub im September, im Dezember noch mal 2 Wochen auf die Bahamas reisen d\u00fcrfte. Dieses Problem stellte sich wohl den meisten Menschen auf der Kundgebung sowieso nicht. Weit oben schwebte ein Hubschrauber und beobachtete das Geschehen.<\/p>\n<p>Dann wurde der Star des Nachmittags angek\u00fcndigt, Greta Thunberg. Aufgrund des B\u00fchnensettings bekam sie fast keiner zu Gesicht, au\u00dfer die Kameras, die direkt vor der B\u00fchne standen. Die Stimme der ber\u00fchmten Frau aus Schweden hallte durch den Regen:<\/p>\n<blockquote>\n<p><em>&#8220;Woh, 35.000 tausend Leute, ich danke Euch \u2013 Ihr seid der Wandel, ihr seid die Hoffnung! Die Kohle, die nur der Gier der Konzerne dient, muss in der Erde bleiben. Wie ist es im Jahr 2023 m\u00f6glich, dass sie unseren normalen Lebensraum und den Lebensunterhalt der Menschen zerst\u00f6ren?&#8221;<\/em><\/p>\n<p><em>&#8220;Aber wenn Regierungen, und Konzerne scheitern, wird das Volk aufstehen. Deutschland, als eines der gr\u00f6\u00dften Umweltverschmutzer der Welt, muss in die Verantwortung genommen werden. Wir werden den globalen Kampf f\u00fcr Klimagerechtigkeit und soziale Gerechtigkeit fortsetzen.&#8221; <\/em><\/p>\n<\/blockquote>\n<p>Bei Twitter wurden daraufhin\u00a0<a rel=\"nofollow noopener\" target=\"_blank\" href=\"https:\/\/twitter.com\/Boeses_Weib\/status\/1614258625517875203\">Statistiken gepostet<\/a>, die Thunbergs Einordnung der deutschen Umweltverschmutzung infrage stellten.<\/p>\n<div class=\"EmbedBlock-root EmbedBlock-twitter\">\n<div class=\"TwitterEmbed\">\n<blockquote class=\"twitter-tweet lazyload\" data-twitter=\"twitter-tweet\">\n<p lang=\"de\" dir=\"ltr\">Die <a rel=\"nofollow noopener\" target=\"_blank\" href=\"https:\/\/twitter.com\/GretaThunberg?ref_src=twsrc%5Etfw\">@GretaThunberg<\/a> nennt gerade Deutschland \u201eeinen der gr\u00f6\u00dften Verschmutzer weltweit. Vielleicht sollte der Teenie sich mal informieren? <a rel=\"nofollow noopener\" target=\"_blank\" href=\"https:\/\/twitter.com\/hashtag\/L%C3%BCtzerath?src=hash&amp;ref_src=twsrc%5Etfw\">#L\u00fctzerath<\/a>Eines der Hauptprobleme \u00fcbrigens\u2026 <a rel=\"nofollow noopener\" target=\"_blank\" href=\"https:\/\/t.co\/cR1RQo5TIC\">pic.twitter.com\/cR1RQo5TIC<\/a><\/p>\n<p>\u2014 B\u00f6ses Weib (@Boeses_Weib) <a rel=\"nofollow noopener\" target=\"_blank\" href=\"https:\/\/twitter.com\/Boeses_Weib\/status\/1614258625517875203?ref_src=twsrc%5Etfw\">January 14, 2023<\/a><\/p><\/blockquote>\n<\/div>\n<\/div>\n<p>Die Autorin vernahm auch noch Bruchst\u00fccke des Vortrags eines urspr\u00fcnglich aus Afrika kommenden Redners aus K\u00f6ln. Er habe gelernt, &#8220;die Leitkultur der Deutschen ist das deutsche Grundgesetz. Es gebe aber Momente, da sei man zum Ungehorsam verpflichtet.&#8221;\u00a0<\/p>\n<p>Immer wieder wurde den Aktivisten von der B\u00fchne f\u00fcr ihren Einsatz f\u00fcr das Klimathema gedankt. Man solle sich wegen des verlorenen L\u00fctzeraths nicht gr\u00e4men. L\u00fctzerath habe nur als Symbol gedient.<\/p>\n<p><strong>Teilnehmende Parteien und Organisationen<\/strong><\/p>\n<p>W\u00e4hrend man vereinzelt Teilnehmer mit Fahnen der linken Partei sah, waren die Gr\u00fcnen \u00fcberhaupt nicht zusehen. Besonders viele Demonstranten bekannten sich zu den neuen Organisationen wie &#8220;Fridays for Future, &#8220;Extinction Rebellion&#8221;, oder &#8220;Ende Gel\u00e4nde&#8221; und pr\u00e4sentierten sich mit gro\u00dfen Fahnen.\u00a0<\/p>\n<figure class=\"RTImage-root\">\n<div class=\"RTImage-image RTImage-original\"><picture class=\"Picture-root Picture-original\"><!--[if IE 9]><video style=\"display: none;\"><![endif]--><source media=\"(-webkit-min-device-pixel-ratio: 2) and (min-resolution: 120dpi)\" data-srcset=\" \nhttp:\/\/just-now.news\/de\/wp-content\/uploads\/sites\/3\/2023\/01\/63c40c0948fbef423f6a05ac.JPG 850w,\n                http:\/\/just-now.news\/de\/wp-content\/uploads\/sites\/3\/2023\/01\/63c40c0948fbef423f6a05ac.JPG 1960w,\n            \" ><source data-srcset=\" \nhttp:\/\/just-now.news\/de\/wp-content\/uploads\/sites\/3\/2023\/01\/63c40c0948fbef423f6a05ac.JPG 460w,\n              http:\/\/just-now.news\/de\/wp-content\/uploads\/sites\/3\/2023\/01\/63c40c0948fbef423f6a05ac.JPG 980w,\n            \" ><!--[if IE 9]><\/video><![endif]--><img decoding=\"async\" data- src=\"data:image\/png;base64,iVBORw0KGgoAAAANSUhEUgAAABAAAAAJCAQAAACRI2S5AAAAEElEQVR42mNkIAAYRxWAAQAG9gAKqv6+AwAAAABJRU5ErkJggg==\" class=\"Picture-root Picture-original lazyload\" data-src=\"http:\/\/just-now.news\/de\/wp-content\/uploads\/sites\/3\/2023\/01\/63c40c0948fbef423f6a05ac.JPG\" alt=\"\"><\/source><\/source><\/picture><!-- noscript pattern --><noscript><img decoding=\"async\" src=\"http:\/\/just-now.news\/de\/wp-content\/uploads\/sites\/3\/2023\/01\/63c40c0948fbef423f6a05ac.JPG\" alt=\"\"><\/noscript><\/div><figcaption class=\"RTImage-footer\"><span class=\"RTImage-caption\"><span class=\"RTImage-captionItem\">Die Linken auf der Demo bei L\u00fctzerath, 14.01.2023<\/span><\/span><span class=\"RTImage-source\"><span class=\"RTImage-captionItem\">Felicitas Rabe<\/span><\/span><\/figcaption><\/figure>\n<figure class=\"RTImage-root\">\n<div class=\"RTImage-image RTImage-original\"><picture class=\"Picture-root Picture-original\"><!--[if IE 9]><video style=\"display: none;\"><![endif]--><source media=\"(-webkit-min-device-pixel-ratio: 2) and (min-resolution: 120dpi)\" data-srcset=\" \nhttp:\/\/just-now.news\/de\/wp-content\/uploads\/sites\/3\/2023\/01\/63c40921b480cc1c716dca64.JPG 850w,\n                http:\/\/just-now.news\/de\/wp-content\/uploads\/sites\/3\/2023\/01\/63c40921b480cc1c716dca64.JPG 1960w,\n            \" ><source data-srcset=\" \nhttp:\/\/just-now.news\/de\/wp-content\/uploads\/sites\/3\/2023\/01\/63c40921b480cc1c716dca64.JPG 460w,\n              http:\/\/just-now.news\/de\/wp-content\/uploads\/sites\/3\/2023\/01\/63c40921b480cc1c716dca64.JPG 980w,\n            \" ><!--[if IE 9]><\/video><![endif]--><img decoding=\"async\" data- src=\"data:image\/png;base64,iVBORw0KGgoAAAANSUhEUgAAABAAAAAJCAQAAACRI2S5AAAAEElEQVR42mNkIAAYRxWAAQAG9gAKqv6+AwAAAABJRU5ErkJggg==\" class=\"Picture-root Picture-original lazyload\" data-src=\"http:\/\/just-now.news\/de\/wp-content\/uploads\/sites\/3\/2023\/01\/63c40921b480cc1c716dca64.JPG\" alt=\"\"><\/source><\/source><\/picture><!-- noscript pattern --><noscript><img decoding=\"async\" src=\"http:\/\/just-now.news\/de\/wp-content\/uploads\/sites\/3\/2023\/01\/63c40921b480cc1c716dca64.JPG\" alt=\"\"><\/noscript><\/div><figcaption class=\"RTImage-footer\"><span class=\"RTImage-caption\"><span class=\"RTImage-captionItem\">Fridays for Future auf der Demo bei L\u00fctzerath, 14.01.2023<\/span><\/span><span class=\"RTImage-source\"><span class=\"RTImage-captionItem\">Felicitas Rabe<\/span><\/span><\/figcaption><\/figure>\n<figure class=\"RTImage-root\">\n<div class=\"RTImage-image RTImage-original\"><picture class=\"Picture-root Picture-original\"><!--[if IE 9]><video style=\"display: none;\"><![endif]--><source media=\"(-webkit-min-device-pixel-ratio: 2) and (min-resolution: 120dpi)\" data-srcset=\" \nhttp:\/\/just-now.news\/de\/wp-content\/uploads\/sites\/3\/2023\/01\/63c409a348fbef42ad7fd2ee.JPG 850w,\n                http:\/\/just-now.news\/de\/wp-content\/uploads\/sites\/3\/2023\/01\/63c409a348fbef42ad7fd2ee.JPG 1960w,\n            \" ><source data-srcset=\" \nhttp:\/\/just-now.news\/de\/wp-content\/uploads\/sites\/3\/2023\/01\/63c409a348fbef42ad7fd2ee.JPG 460w,\n              http:\/\/just-now.news\/de\/wp-content\/uploads\/sites\/3\/2023\/01\/63c409a348fbef42ad7fd2ee.JPG 980w,\n            \" ><!--[if IE 9]><\/video><![endif]--><img decoding=\"async\" data- src=\"data:image\/png;base64,iVBORw0KGgoAAAANSUhEUgAAABAAAAAJCAQAAACRI2S5AAAAEElEQVR42mNkIAAYRxWAAQAG9gAKqv6+AwAAAABJRU5ErkJggg==\" class=\"Picture-root Picture-original lazyload\" data-src=\"http:\/\/just-now.news\/de\/wp-content\/uploads\/sites\/3\/2023\/01\/63c409a348fbef42ad7fd2ee.JPG\" alt=\"\"><\/source><\/source><\/picture><!-- noscript pattern --><noscript><img decoding=\"async\" src=\"http:\/\/just-now.news\/de\/wp-content\/uploads\/sites\/3\/2023\/01\/63c409a348fbef42ad7fd2ee.JPG\" alt=\"\"><\/noscript><\/div><figcaption class=\"RTImage-footer\"><span class=\"RTImage-caption\"><span class=\"RTImage-captionItem\">Greenpeace auf der Demo bei L\u00fctzerath, 14.01.2023<\/span><\/span><span class=\"RTImage-source\"><span class=\"RTImage-captionItem\">Felicitas Rabe<\/span><\/span><\/figcaption><\/figure>\n<figure class=\"RTImage-root\">\n<div class=\"RTImage-image RTImage-original\"><picture class=\"Picture-root Picture-original\"><!--[if IE 9]><video style=\"display: none;\"><![endif]--><source media=\"(-webkit-min-device-pixel-ratio: 2) and (min-resolution: 120dpi)\" data-srcset=\" \nhttp:\/\/just-now.news\/de\/wp-content\/uploads\/sites\/3\/2023\/01\/63c40a61b480cc1c716dca67.JPG 850w,\n                http:\/\/just-now.news\/de\/wp-content\/uploads\/sites\/3\/2023\/01\/63c40a61b480cc1c716dca67.JPG 1960w,\n            \" ><source data-srcset=\" \nhttp:\/\/just-now.news\/de\/wp-content\/uploads\/sites\/3\/2023\/01\/63c40a61b480cc1c716dca67.JPG 460w,\n              http:\/\/just-now.news\/de\/wp-content\/uploads\/sites\/3\/2023\/01\/63c40a61b480cc1c716dca67.JPG 980w,\n            \" ><!--[if IE 9]><\/video><![endif]--><img decoding=\"async\" data- src=\"data:image\/png;base64,iVBORw0KGgoAAAANSUhEUgAAABAAAAAJCAQAAACRI2S5AAAAEElEQVR42mNkIAAYRxWAAQAG9gAKqv6+AwAAAABJRU5ErkJggg==\" class=\"Picture-root Picture-original lazyload\" data-src=\"http:\/\/just-now.news\/de\/wp-content\/uploads\/sites\/3\/2023\/01\/63c40a61b480cc1c716dca67.JPG\" alt=\"\"><\/source><\/source><\/picture><!-- noscript pattern --><noscript><img decoding=\"async\" src=\"http:\/\/just-now.news\/de\/wp-content\/uploads\/sites\/3\/2023\/01\/63c40a61b480cc1c716dca67.JPG\" alt=\"\"><\/noscript><\/div><figcaption class=\"RTImage-footer\"><span class=\"RTImage-caption\"><span class=\"RTImage-captionItem\">Goldenen Strahlen umrahmen das Antifa-Logo, Demo bei L\u00fctzerath, 14.01.2023<\/span><\/span><span class=\"RTImage-source\"><span class=\"RTImage-captionItem\">Felicitas Rabe<\/span><\/span><\/figcaption><\/figure>\n<p>Als Symbol f\u00fcr ihren Widerstand trugen viele ein gelbes Andreaskreuz auf ihrer Kleidung, als w\u00e4re es ein \u00fcbergeordnetes Zeichen. Es wurden auch kleinere und gr\u00f6\u00dfere selbst gebaute gelbe Kreuze mitgetragen.<\/p>\n<p>Auf dem vermatschten Gel\u00e4nde war es schwer, sich einen \u00dcberblick \u00fcber all die beteiligten Organisationen zu verschaffen. Offensichtlich schien der BUND (Bund f\u00fcr Umwelt und Naturschutz Deutschland) mit am deutlichsten vertreten zu sein. Auf einem mit viel Sand trockengelegten Bereich hatte er sogar einen Stand aufgebaut.<\/p>\n<figure class=\"RTImage-root\">\n<div class=\"RTImage-image RTImage-original\"><picture class=\"Picture-root Picture-original\"><!--[if IE 9]><video style=\"display: none;\"><![endif]--><source media=\"(-webkit-min-device-pixel-ratio: 2) and (min-resolution: 120dpi)\" data-srcset=\" \nhttp:\/\/just-now.news\/de\/wp-content\/uploads\/sites\/3\/2023\/01\/63c40afdb480cc7d80073b4e.JPG 850w,\n                http:\/\/just-now.news\/de\/wp-content\/uploads\/sites\/3\/2023\/01\/63c40afdb480cc7d80073b4e.JPG 1960w,\n            \" ><source data-srcset=\" \nhttp:\/\/just-now.news\/de\/wp-content\/uploads\/sites\/3\/2023\/01\/63c40afdb480cc7d80073b4e.JPG 460w,\n              http:\/\/just-now.news\/de\/wp-content\/uploads\/sites\/3\/2023\/01\/63c40afdb480cc7d80073b4e.JPG 980w,\n            \" ><!--[if IE 9]><\/video><![endif]--><img decoding=\"async\" data- src=\"data:image\/png;base64,iVBORw0KGgoAAAANSUhEUgAAABAAAAAJCAQAAACRI2S5AAAAEElEQVR42mNkIAAYRxWAAQAG9gAKqv6+AwAAAABJRU5ErkJggg==\" class=\"Picture-root Picture-original lazyload\" data-src=\"http:\/\/just-now.news\/de\/wp-content\/uploads\/sites\/3\/2023\/01\/63c40afdb480cc7d80073b4e.JPG\" alt=\"\"><\/source><\/source><\/picture><!-- noscript pattern --><noscript><img decoding=\"async\" src=\"http:\/\/just-now.news\/de\/wp-content\/uploads\/sites\/3\/2023\/01\/63c40afdb480cc7d80073b4e.JPG\" alt=\"\"><\/noscript><\/div><figcaption class=\"RTImage-footer\"><span class=\"RTImage-caption\"><span class=\"RTImage-captionItem\">BUND-Pr\u00e4senz auf der Demo bei L\u00fctzerath, 14.01.2023<\/span><\/span><span class=\"RTImage-source\"><span class=\"RTImage-captionItem\">Felicitas Rabe<\/span><\/span><\/figcaption><\/figure>\n<p>Der BUND war bis vor ein paar Jahren insbesondere f\u00fcr seine fachlich versierte Kritik und sein pr\u00e4sentes Engagement gegen Gentechnik und Glyphosat in der Landwirtschaft bekannt. Auf die Frage, warum der Kampf gegen Gentechnik und Ackergifte beim BUND zuletzt kaum noch pr\u00e4sent w\u00e4re, antwortete ein BUND-Vertreter am Stand: &#8220;Daf\u00fcr gebe es zurzeit kaum \u00f6ffentliches Interesse.&#8221; Die Berichterstatterin hakte noch einmal nach. Erst k\u00fcrzlich, im Dezember, w\u00e4re unter dem Radar der \u00d6ffentlichkeit die Zulassung von Glyphosat durch die EU-Kommission nochmals um ein weiteres Jahr\u00a0<a rel=\"nofollow noopener\" target=\"_blank\" href=\"https:\/\/www.bvl.bund.de\/SharedDocs\/Fachmeldungen\/04_pflanzenschutzmittel\/2022\/2022_12_13_Fa_Verlaengerung_Glyphosat.html\">verl\u00e4ngert worden<\/a>. Dagegen h\u00e4tte der BUND nicht wahrnehmbar protestiert. Das w\u00fcrde die Gesellschaft, wie zuvor erw\u00e4hnt, im Moment nicht interessieren, wiederholte der Umweltschutzvertreter.<\/p>\n<p>Gegen 15.00 Uhr k\u00e4mpften sich Rettungswagen durch das Get\u00fcmmel, da mussten alle mal kurz in den Schlamm ausweichen. Es gab das Ger\u00fccht, dass es in L\u00fctzerath &#8220;jetzt abgeht&#8221;. Bei st\u00fcrmischem Wetter zogen die Aktivisten auf den schmalen Wegen wieder ab. Unter diesen Umst\u00e4nden lie\u00df sich am Boden kaum ausmachen, wie viele sich unterdessen durch den Schlamm zur Abbruchkante und nach L\u00fctzerath aufmachten.<\/p>\n<figure class=\"RTImage-root\">\n<div class=\"RTImage-image RTImage-original\"><picture class=\"Picture-root Picture-original\"><!--[if IE 9]><video style=\"display: none;\"><![endif]--><source media=\"(-webkit-min-device-pixel-ratio: 2) and (min-resolution: 120dpi)\" data-srcset=\" \nhttp:\/\/just-now.news\/de\/wp-content\/uploads\/sites\/3\/2023\/01\/63c40d3f48fbef43062de1cc.JPG 850w,\n                http:\/\/just-now.news\/de\/wp-content\/uploads\/sites\/3\/2023\/01\/63c40d3f48fbef43062de1cc.JPG 1960w,\n            \" ><source data-srcset=\" \nhttp:\/\/just-now.news\/de\/wp-content\/uploads\/sites\/3\/2023\/01\/63c40d3f48fbef43062de1cc.JPG 460w,\n              http:\/\/just-now.news\/de\/wp-content\/uploads\/sites\/3\/2023\/01\/63c40d3f48fbef43062de1cc.JPG 980w,\n            \" ><!--[if IE 9]><\/video><![endif]--><img decoding=\"async\" data- src=\"data:image\/png;base64,iVBORw0KGgoAAAANSUhEUgAAABAAAAAJCAQAAACRI2S5AAAAEElEQVR42mNkIAAYRxWAAQAG9gAKqv6+AwAAAABJRU5ErkJggg==\" class=\"Picture-root Picture-original lazyload\" data-src=\"http:\/\/just-now.news\/de\/wp-content\/uploads\/sites\/3\/2023\/01\/63c40d3f48fbef43062de1cc.JPG\" alt=\"\"><\/source><\/source><\/picture><!-- noscript pattern --><noscript><img decoding=\"async\" src=\"http:\/\/just-now.news\/de\/wp-content\/uploads\/sites\/3\/2023\/01\/63c40d3f48fbef43062de1cc.JPG\" alt=\"\"><\/noscript><\/div><figcaption class=\"RTImage-footer\"><span class=\"RTImage-caption\"><span class=\"RTImage-captionItem\">Klimaaktivist auf der Demo bei L\u00fctzerath, 14.01.2023<\/span><\/span><span class=\"RTImage-source\"><span class=\"RTImage-captionItem\">Felicitas Rabe<\/span><\/span><\/figcaption><\/figure>\n<p><strong>Mehr zum Thema<\/strong> &#8211; <a rel=\"nofollow noopener\" target=\"_blank\" href=\"https:\/\/pressefreiheit.rtde.tech\/inland\/159634-klimaforscher-fordert-persoenliche-co2-grenze\/\">&#8220;Klimaforscher&#8221; fordert pers\u00f6nliche CO\u2082-Grenze \u2013 Kommt jetzt der digitale Klimapass?<\/a><\/p>\n<p>\u00a0<\/p>\n<\/p>\n<\/div>\n<p><script async src=\"https:\/\/platform.twitter.com\/widgets.js\" charset=\"utf-8\"><\/script><br \/>\n<br \/><br \/>\n<br \/><a href=\"https:\/\/de.rt.com\/inland\/159947-dorfbewohnerin-zu-luetzerath-protesten-wozu\/\">Source link <\/a><\/p>\n","protected":false},"excerpt":{"rendered":"<p>Auf der Gro\u00dfdemonstration zwischen L\u00fctzerath und Keyenberg wurden die Aktivisten von den Rednern getr\u00f6stet. Es gehe nicht um die Rettung L\u00fctzeraths, sondern darum, das Klimathema in die \u00d6ffentlichkeit zu tragen. Die Klimaaktivisten h\u00e4tten erfolgreich zur Durchsetzung der &#8220;Klimaziele&#8221; beigetragen. Von Felicitas Rabe Auf der Fahrt zur Gro\u00dfdemonstration bei L\u00fctzerath warnte der Verkehrsfunk am Samstag um [&hellip;]<\/p>\n","protected":false},"author":3,"featured_media":27796,"comment_status":"open","ping_status":"open","sticky":false,"template":"","format":"standard","meta":{"_yoast_indexnow_last_ping":["1673798997"],"wp_automatic_camp":["217"],"45442af0e4a0228d1b2319b06f6acb14":["Dorfbewohnerin zu L\u00fctzerath-Protesten: &quot;Wozu soll das jetzt noch dienen?&quot;"],"original_link":["https:\/\/de.rt.com\/inland\/159947-dorfbewohnerin-zu-luetzerath-protesten-wozu\/"],"_thumbnail_id":["27796"],"jnews_social_counter_last_update":["1777201682"],"_wptgpro_p2tg_sent2tg":["a:1:{i:23737;s:19:\"2023-01-15 18:11:08\";}"]},"categories":[19,23],"tags":[427,30050,39099,2731,39100,1674,39101,766],"yoast_head":"<!-- This site is optimized with the Yoast SEO Premium plugin v22.7 (Yoast SEO v22.7) - https:\/\/yoast.com\/wordpress\/plugins\/seo\/ -->\n<title>Dorfbewohnerin zu L\u00fctzerath-Protesten: &quot;Wozu soll das jetzt noch dienen?&quot; - just-now.NEWS Deutschland<\/title>\n<meta name=\"robots\" content=\"index, follow, max-snippet:-1, max-image-preview:large, max-video-preview:-1\" \/>\n<link rel=\"canonical\" href=\"https:\/\/now-news.de\/de\/deutschland\/dorfbewohnerin-zu-luetzerath-protesten-wozu-soll-das-jetzt-noch-dienen\/\" \/>\n<meta property=\"og:locale\" content=\"de_DE\" \/>\n<meta property=\"og:type\" content=\"article\" \/>\n<meta property=\"og:title\" content=\"Dorfbewohnerin zu L\u00fctzerath-Protesten: &quot;Wozu soll das jetzt noch dienen?&quot;\" \/>\n<meta property=\"og:description\" content=\"Auf der Gro\u00dfdemonstration zwischen L\u00fctzerath und Keyenberg wurden die Aktivisten von den Rednern getr\u00f6stet. Es gehe nicht um die Rettung L\u00fctzeraths, sondern darum, das Klimathema in die \u00d6ffentlichkeit zu tragen. Die Klimaaktivisten h\u00e4tten erfolgreich zur Durchsetzung der &#8220;Klimaziele&#8221; beigetragen. Von Felicitas Rabe Auf der Fahrt zur Gro\u00dfdemonstration bei L\u00fctzerath warnte der Verkehrsfunk am Samstag um [&hellip;]\" \/>\n<meta property=\"og:url\" content=\"https:\/\/now-news.de\/de\/deutschland\/dorfbewohnerin-zu-luetzerath-protesten-wozu-soll-das-jetzt-noch-dienen\/\" \/>\n<meta property=\"og:site_name\" content=\"just-now.NEWS Deutschland\" \/>\n<meta property=\"article:publisher\" content=\"https:\/\/www.facebook.com\/wirmachenauf\" \/>\n<meta property=\"article:published_time\" content=\"2023-01-15T15:57:10+00:00\" \/>\n<meta property=\"og:image\" content=\"https:\/\/now-news.de\/de\/wp-content\/uploads\/sites\/3\/2023\/01\/Dorfbewohnerin-zu-Luetzerath-Protesten-quotWozu-soll-das-jetzt-noch-dienenquot.JPG\" \/>\n\t<meta property=\"og:image:width\" content=\"1620\" \/>\n\t<meta property=\"og:image:height\" content=\"1080\" \/>\n\t<meta property=\"og:image:type\" content=\"image\/jpeg\" \/>\n<meta name=\"author\" content=\"rtnews\" \/>\n<meta name=\"twitter:card\" content=\"summary_large_image\" \/>\n<meta name=\"twitter:creator\" content=\"@WirMachenAuf_de\" \/>\n<meta name=\"twitter:site\" content=\"@WirMachenAuf_de\" \/>\n<meta name=\"twitter:label1\" content=\"Verfasst von\" \/>\n\t<meta name=\"twitter:data1\" content=\"rtnews\" \/>\n\t<meta name=\"twitter:label2\" content=\"Gesch\u00e4tzte Lesezeit\" \/>\n\t<meta name=\"twitter:data2\" content=\"7\u00a0Minuten\" \/>\n<script type=\"application\/ld+json\" class=\"yoast-schema-graph\">{\"@context\":\"https:\/\/schema.org\",\"@graph\":[{\"@type\":\"Article\",\"@id\":\"https:\/\/now-news.de\/de\/deutschland\/dorfbewohnerin-zu-luetzerath-protesten-wozu-soll-das-jetzt-noch-dienen\/#article\",\"isPartOf\":{\"@id\":\"https:\/\/now-news.de\/de\/deutschland\/dorfbewohnerin-zu-luetzerath-protesten-wozu-soll-das-jetzt-noch-dienen\/\"},\"author\":{\"name\":\"rtnews\",\"@id\":\"https:\/\/now-news.de\/de\/#\/schema\/person\/fb534a4e865501d8b3285208df34a9b5\"},\"headline\":\"Dorfbewohnerin zu L\u00fctzerath-Protesten: &quot;Wozu soll das jetzt noch dienen?&quot;\",\"datePublished\":\"2023-01-15T15:57:10+00:00\",\"dateModified\":\"2023-01-15T15:57:10+00:00\",\"mainEntityOfPage\":{\"@id\":\"https:\/\/now-news.de\/de\/deutschland\/dorfbewohnerin-zu-luetzerath-protesten-wozu-soll-das-jetzt-noch-dienen\/\"},\"wordCount\":1328,\"commentCount\":0,\"publisher\":{\"@id\":\"https:\/\/now-news.de\/de\/#organization\"},\"image\":{\"@id\":\"https:\/\/now-news.de\/de\/deutschland\/dorfbewohnerin-zu-luetzerath-protesten-wozu-soll-das-jetzt-noch-dienen\/#primaryimage\"},\"thumbnailUrl\":\"https:\/\/now-news.de\/de\/wp-content\/uploads\/sites\/3\/2023\/01\/Dorfbewohnerin-zu-Luetzerath-Protesten-quotWozu-soll-das-jetzt-noch-dienenquot.JPG\",\"keywords\":[\"das\",\"dienenquot\",\"Dorfbewohnerin\",\"Jetzt\",\"L\u00fctzerathProtesten\",\"noch\",\"quotWozu\",\"soll\"],\"articleSection\":[\"Deutschland\",\"Russland\"],\"inLanguage\":\"de\",\"potentialAction\":[{\"@type\":\"CommentAction\",\"name\":\"Comment\",\"target\":[\"https:\/\/now-news.de\/de\/deutschland\/dorfbewohnerin-zu-luetzerath-protesten-wozu-soll-das-jetzt-noch-dienen\/#respond\"]}]},{\"@type\":\"WebPage\",\"@id\":\"https:\/\/now-news.de\/de\/deutschland\/dorfbewohnerin-zu-luetzerath-protesten-wozu-soll-das-jetzt-noch-dienen\/\",\"url\":\"https:\/\/now-news.de\/de\/deutschland\/dorfbewohnerin-zu-luetzerath-protesten-wozu-soll-das-jetzt-noch-dienen\/\",\"name\":\"Dorfbewohnerin zu L\u00fctzerath-Protesten: &quot;Wozu soll das jetzt noch dienen?&quot; - just-now.NEWS Deutschland\",\"isPartOf\":{\"@id\":\"https:\/\/now-news.de\/de\/#website\"},\"primaryImageOfPage\":{\"@id\":\"https:\/\/now-news.de\/de\/deutschland\/dorfbewohnerin-zu-luetzerath-protesten-wozu-soll-das-jetzt-noch-dienen\/#primaryimage\"},\"image\":{\"@id\":\"https:\/\/now-news.de\/de\/deutschland\/dorfbewohnerin-zu-luetzerath-protesten-wozu-soll-das-jetzt-noch-dienen\/#primaryimage\"},\"thumbnailUrl\":\"https:\/\/now-news.de\/de\/wp-content\/uploads\/sites\/3\/2023\/01\/Dorfbewohnerin-zu-Luetzerath-Protesten-quotWozu-soll-das-jetzt-noch-dienenquot.JPG\",\"datePublished\":\"2023-01-15T15:57:10+00:00\",\"dateModified\":\"2023-01-15T15:57:10+00:00\",\"breadcrumb\":{\"@id\":\"https:\/\/now-news.de\/de\/deutschland\/dorfbewohnerin-zu-luetzerath-protesten-wozu-soll-das-jetzt-noch-dienen\/#breadcrumb\"},\"inLanguage\":\"de\",\"potentialAction\":[{\"@type\":\"ReadAction\",\"target\":[\"https:\/\/now-news.de\/de\/deutschland\/dorfbewohnerin-zu-luetzerath-protesten-wozu-soll-das-jetzt-noch-dienen\/\"]}]},{\"@type\":\"ImageObject\",\"inLanguage\":\"de\",\"@id\":\"https:\/\/now-news.de\/de\/deutschland\/dorfbewohnerin-zu-luetzerath-protesten-wozu-soll-das-jetzt-noch-dienen\/#primaryimage\",\"url\":\"https:\/\/now-news.de\/de\/wp-content\/uploads\/sites\/3\/2023\/01\/Dorfbewohnerin-zu-Luetzerath-Protesten-quotWozu-soll-das-jetzt-noch-dienenquot.JPG\",\"contentUrl\":\"https:\/\/now-news.de\/de\/wp-content\/uploads\/sites\/3\/2023\/01\/Dorfbewohnerin-zu-Luetzerath-Protesten-quotWozu-soll-das-jetzt-noch-dienenquot.JPG\",\"width\":1620,\"height\":1080,\"caption\":\"Dorfbewohnerin zu L\u00fctzerath-Protesten: &quot;Wozu soll das jetzt noch dienen?&quot;\"},{\"@type\":\"BreadcrumbList\",\"@id\":\"https:\/\/now-news.de\/de\/deutschland\/dorfbewohnerin-zu-luetzerath-protesten-wozu-soll-das-jetzt-noch-dienen\/#breadcrumb\",\"itemListElement\":[{\"@type\":\"ListItem\",\"position\":1,\"name\":\"Home\",\"item\":\"https:\/\/now-news.de\/de\/\"},{\"@type\":\"ListItem\",\"position\":2,\"name\":\"Dorfbewohnerin zu L\u00fctzerath-Protesten: &quot;Wozu soll das jetzt noch dienen?&quot;\"}]},{\"@type\":\"WebSite\",\"@id\":\"https:\/\/now-news.de\/de\/#website\",\"url\":\"https:\/\/now-news.de\/de\/\",\"name\":\"just-now.NEWS Deutschland\",\"description\":\"Das Portal f\u00fcr unzensierte Nachrichten aus der Welt\",\"publisher\":{\"@id\":\"https:\/\/now-news.de\/de\/#organization\"},\"potentialAction\":[{\"@type\":\"SearchAction\",\"target\":{\"@type\":\"EntryPoint\",\"urlTemplate\":\"https:\/\/now-news.de\/de\/?s={search_term_string}\"},\"query-input\":\"required name=search_term_string\"}],\"inLanguage\":\"de\"},{\"@type\":\"Organization\",\"@id\":\"https:\/\/now-news.de\/de\/#organization\",\"name\":\"Just Now News\",\"url\":\"https:\/\/now-news.de\/de\/\",\"logo\":{\"@type\":\"ImageObject\",\"inLanguage\":\"de\",\"@id\":\"https:\/\/now-news.de\/de\/#\/schema\/logo\/image\/\",\"url\":\"http:\/\/just-now.news\/de\/wp-content\/uploads\/sites\/3\/2022\/04\/logo500x500.jpg\",\"contentUrl\":\"http:\/\/just-now.news\/de\/wp-content\/uploads\/sites\/3\/2022\/04\/logo500x500.jpg\",\"width\":500,\"height\":500,\"caption\":\"Just Now News\"},\"image\":{\"@id\":\"https:\/\/now-news.de\/de\/#\/schema\/logo\/image\/\"},\"sameAs\":[\"https:\/\/www.facebook.com\/wirmachenauf\",\"https:\/\/x.com\/WirMachenAuf_de\"]},{\"@type\":\"Person\",\"@id\":\"https:\/\/now-news.de\/de\/#\/schema\/person\/fb534a4e865501d8b3285208df34a9b5\",\"name\":\"rtnews\",\"image\":{\"@type\":\"ImageObject\",\"inLanguage\":\"de\",\"@id\":\"https:\/\/now-news.de\/de\/#\/schema\/person\/image\/\",\"url\":\"https:\/\/secure.gravatar.com\/avatar\/82aafea7d8127119dd649515f56e2117?s=96&d=mm&r=g\",\"contentUrl\":\"https:\/\/secure.gravatar.com\/avatar\/82aafea7d8127119dd649515f56e2117?s=96&d=mm&r=g\",\"caption\":\"rtnews\"},\"url\":\"https:\/\/now-news.de\/de\/author\/rnews\/\"}]}<\/script>\n<!-- \/ Yoast SEO Premium plugin. -->","yoast_head_json":{"title":"Dorfbewohnerin zu L\u00fctzerath-Protesten: &quot;Wozu soll das jetzt noch dienen?&quot; - just-now.NEWS Deutschland","robots":{"index":"index","follow":"follow","max-snippet":"max-snippet:-1","max-image-preview":"max-image-preview:large","max-video-preview":"max-video-preview:-1"},"canonical":"https:\/\/now-news.de\/de\/deutschland\/dorfbewohnerin-zu-luetzerath-protesten-wozu-soll-das-jetzt-noch-dienen\/","og_locale":"de_DE","og_type":"article","og_title":"Dorfbewohnerin zu L\u00fctzerath-Protesten: &quot;Wozu soll das jetzt noch dienen?&quot;","og_description":"Auf der Gro\u00dfdemonstration zwischen L\u00fctzerath und Keyenberg wurden die Aktivisten von den Rednern getr\u00f6stet. Es gehe nicht um die Rettung L\u00fctzeraths, sondern darum, das Klimathema in die \u00d6ffentlichkeit zu tragen. Die Klimaaktivisten h\u00e4tten erfolgreich zur Durchsetzung der &#8220;Klimaziele&#8221; beigetragen. Von Felicitas Rabe Auf der Fahrt zur Gro\u00dfdemonstration bei L\u00fctzerath warnte der Verkehrsfunk am Samstag um [&hellip;]","og_url":"https:\/\/now-news.de\/de\/deutschland\/dorfbewohnerin-zu-luetzerath-protesten-wozu-soll-das-jetzt-noch-dienen\/","og_site_name":"just-now.NEWS Deutschland","article_publisher":"https:\/\/www.facebook.com\/wirmachenauf","article_published_time":"2023-01-15T15:57:10+00:00","og_image":[{"width":1620,"height":1080,"url":"https:\/\/now-news.de\/de\/wp-content\/uploads\/sites\/3\/2023\/01\/Dorfbewohnerin-zu-Luetzerath-Protesten-quotWozu-soll-das-jetzt-noch-dienenquot.JPG","type":"image\/jpeg"}],"author":"rtnews","twitter_card":"summary_large_image","twitter_creator":"@WirMachenAuf_de","twitter_site":"@WirMachenAuf_de","twitter_misc":{"Verfasst von":"rtnews","Gesch\u00e4tzte Lesezeit":"7\u00a0Minuten"},"schema":{"@context":"https:\/\/schema.org","@graph":[{"@type":"Article","@id":"https:\/\/now-news.de\/de\/deutschland\/dorfbewohnerin-zu-luetzerath-protesten-wozu-soll-das-jetzt-noch-dienen\/#article","isPartOf":{"@id":"https:\/\/now-news.de\/de\/deutschland\/dorfbewohnerin-zu-luetzerath-protesten-wozu-soll-das-jetzt-noch-dienen\/"},"author":{"name":"rtnews","@id":"https:\/\/now-news.de\/de\/#\/schema\/person\/fb534a4e865501d8b3285208df34a9b5"},"headline":"Dorfbewohnerin zu L\u00fctzerath-Protesten: &quot;Wozu soll das jetzt noch dienen?&quot;","datePublished":"2023-01-15T15:57:10+00:00","dateModified":"2023-01-15T15:57:10+00:00","mainEntityOfPage":{"@id":"https:\/\/now-news.de\/de\/deutschland\/dorfbewohnerin-zu-luetzerath-protesten-wozu-soll-das-jetzt-noch-dienen\/"},"wordCount":1328,"commentCount":0,"publisher":{"@id":"https:\/\/now-news.de\/de\/#organization"},"image":{"@id":"https:\/\/now-news.de\/de\/deutschland\/dorfbewohnerin-zu-luetzerath-protesten-wozu-soll-das-jetzt-noch-dienen\/#primaryimage"},"thumbnailUrl":"https:\/\/now-news.de\/de\/wp-content\/uploads\/sites\/3\/2023\/01\/Dorfbewohnerin-zu-Luetzerath-Protesten-quotWozu-soll-das-jetzt-noch-dienenquot.JPG","keywords":["das","dienenquot","Dorfbewohnerin","Jetzt","L\u00fctzerathProtesten","noch","quotWozu","soll"],"articleSection":["Deutschland","Russland"],"inLanguage":"de","potentialAction":[{"@type":"CommentAction","name":"Comment","target":["https:\/\/now-news.de\/de\/deutschland\/dorfbewohnerin-zu-luetzerath-protesten-wozu-soll-das-jetzt-noch-dienen\/#respond"]}]},{"@type":"WebPage","@id":"https:\/\/now-news.de\/de\/deutschland\/dorfbewohnerin-zu-luetzerath-protesten-wozu-soll-das-jetzt-noch-dienen\/","url":"https:\/\/now-news.de\/de\/deutschland\/dorfbewohnerin-zu-luetzerath-protesten-wozu-soll-das-jetzt-noch-dienen\/","name":"Dorfbewohnerin zu L\u00fctzerath-Protesten: &quot;Wozu soll das jetzt noch dienen?&quot; - just-now.NEWS Deutschland","isPartOf":{"@id":"https:\/\/now-news.de\/de\/#website"},"primaryImageOfPage":{"@id":"https:\/\/now-news.de\/de\/deutschland\/dorfbewohnerin-zu-luetzerath-protesten-wozu-soll-das-jetzt-noch-dienen\/#primaryimage"},"image":{"@id":"https:\/\/now-news.de\/de\/deutschland\/dorfbewohnerin-zu-luetzerath-protesten-wozu-soll-das-jetzt-noch-dienen\/#primaryimage"},"thumbnailUrl":"https:\/\/now-news.de\/de\/wp-content\/uploads\/sites\/3\/2023\/01\/Dorfbewohnerin-zu-Luetzerath-Protesten-quotWozu-soll-das-jetzt-noch-dienenquot.JPG","datePublished":"2023-01-15T15:57:10+00:00","dateModified":"2023-01-15T15:57:10+00:00","breadcrumb":{"@id":"https:\/\/now-news.de\/de\/deutschland\/dorfbewohnerin-zu-luetzerath-protesten-wozu-soll-das-jetzt-noch-dienen\/#breadcrumb"},"inLanguage":"de","potentialAction":[{"@type":"ReadAction","target":["https:\/\/now-news.de\/de\/deutschland\/dorfbewohnerin-zu-luetzerath-protesten-wozu-soll-das-jetzt-noch-dienen\/"]}]},{"@type":"ImageObject","inLanguage":"de","@id":"https:\/\/now-news.de\/de\/deutschland\/dorfbewohnerin-zu-luetzerath-protesten-wozu-soll-das-jetzt-noch-dienen\/#primaryimage","url":"https:\/\/now-news.de\/de\/wp-content\/uploads\/sites\/3\/2023\/01\/Dorfbewohnerin-zu-Luetzerath-Protesten-quotWozu-soll-das-jetzt-noch-dienenquot.JPG","contentUrl":"https:\/\/now-news.de\/de\/wp-content\/uploads\/sites\/3\/2023\/01\/Dorfbewohnerin-zu-Luetzerath-Protesten-quotWozu-soll-das-jetzt-noch-dienenquot.JPG","width":1620,"height":1080,"caption":"Dorfbewohnerin zu L\u00fctzerath-Protesten: &quot;Wozu soll das jetzt noch dienen?&quot;"},{"@type":"BreadcrumbList","@id":"https:\/\/now-news.de\/de\/deutschland\/dorfbewohnerin-zu-luetzerath-protesten-wozu-soll-das-jetzt-noch-dienen\/#breadcrumb","itemListElement":[{"@type":"ListItem","position":1,"name":"Home","item":"https:\/\/now-news.de\/de\/"},{"@type":"ListItem","position":2,"name":"Dorfbewohnerin zu L\u00fctzerath-Protesten: &quot;Wozu soll das jetzt noch dienen?&quot;"}]},{"@type":"WebSite","@id":"https:\/\/now-news.de\/de\/#website","url":"https:\/\/now-news.de\/de\/","name":"just-now.NEWS Deutschland","description":"Das Portal f\u00fcr unzensierte Nachrichten aus der Welt","publisher":{"@id":"https:\/\/now-news.de\/de\/#organization"},"potentialAction":[{"@type":"SearchAction","target":{"@type":"EntryPoint","urlTemplate":"https:\/\/now-news.de\/de\/?s={search_term_string}"},"query-input":"required name=search_term_string"}],"inLanguage":"de"},{"@type":"Organization","@id":"https:\/\/now-news.de\/de\/#organization","name":"Just Now News","url":"https:\/\/now-news.de\/de\/","logo":{"@type":"ImageObject","inLanguage":"de","@id":"https:\/\/now-news.de\/de\/#\/schema\/logo\/image\/","url":"http:\/\/just-now.news\/de\/wp-content\/uploads\/sites\/3\/2022\/04\/logo500x500.jpg","contentUrl":"http:\/\/just-now.news\/de\/wp-content\/uploads\/sites\/3\/2022\/04\/logo500x500.jpg","width":500,"height":500,"caption":"Just Now News"},"image":{"@id":"https:\/\/now-news.de\/de\/#\/schema\/logo\/image\/"},"sameAs":["https:\/\/www.facebook.com\/wirmachenauf","https:\/\/x.com\/WirMachenAuf_de"]},{"@type":"Person","@id":"https:\/\/now-news.de\/de\/#\/schema\/person\/fb534a4e865501d8b3285208df34a9b5","name":"rtnews","image":{"@type":"ImageObject","inLanguage":"de","@id":"https:\/\/now-news.de\/de\/#\/schema\/person\/image\/","url":"https:\/\/secure.gravatar.com\/avatar\/82aafea7d8127119dd649515f56e2117?s=96&d=mm&r=g","contentUrl":"https:\/\/secure.gravatar.com\/avatar\/82aafea7d8127119dd649515f56e2117?s=96&d=mm&r=g","caption":"rtnews"},"url":"https:\/\/now-news.de\/de\/author\/rnews\/"}]}},"_links":{"self":[{"href":"https:\/\/now-news.de\/de\/wp-json\/wp\/v2\/posts\/27795"}],"collection":[{"href":"https:\/\/now-news.de\/de\/wp-json\/wp\/v2\/posts"}],"about":[{"href":"https:\/\/now-news.de\/de\/wp-json\/wp\/v2\/types\/post"}],"author":[{"embeddable":true,"href":"https:\/\/now-news.de\/de\/wp-json\/wp\/v2\/users\/3"}],"replies":[{"embeddable":true,"href":"https:\/\/now-news.de\/de\/wp-json\/wp\/v2\/comments?post=27795"}],"version-history":[{"count":0,"href":"https:\/\/now-news.de\/de\/wp-json\/wp\/v2\/posts\/27795\/revisions"}],"wp:featuredmedia":[{"embeddable":true,"href":"https:\/\/now-news.de\/de\/wp-json\/wp\/v2\/media\/27796"}],"wp:attachment":[{"href":"https:\/\/now-news.de\/de\/wp-json\/wp\/v2\/media?parent=27795"}],"wp:term":[{"taxonomy":"category","embeddable":true,"href":"https:\/\/now-news.de\/de\/wp-json\/wp\/v2\/categories?post=27795"},{"taxonomy":"post_tag","embeddable":true,"href":"https:\/\/now-news.de\/de\/wp-json\/wp\/v2\/tags?post=27795"}],"curies":[{"name":"wp","href":"https:\/\/api.w.org\/{rel}","templated":true}]}}