{"id":27755,"date":"2023-01-14T23:10:38","date_gmt":"2023-01-14T21:10:38","guid":{"rendered":"https:\/\/just-now.news\/de\/deutschland\/fast-alle-ungarn-lehnen-eu-sanktionen-gegen-russland-ab\/"},"modified":"2023-01-14T23:10:38","modified_gmt":"2023-01-14T21:10:38","slug":"fast-alle-ungarn-lehnen-eu-sanktionen-gegen-russland-ab","status":"publish","type":"post","link":"https:\/\/now-news.de\/de\/deutschland\/fast-alle-ungarn-lehnen-eu-sanktionen-gegen-russland-ab\/","title":{"rendered":"Fast alle Ungarn lehnen EU-Sanktionen gegen Russland ab"},"content":{"rendered":"<p><img decoding=\"async\" src=\"http:\/\/just-now.news\/de\/wp-content\/uploads\/sites\/3\/2023\/01\/63c30a8448fbef423f6a0532.jpg\" \/><\/p>\n<div class=\"Text-root Text-type_1 \">\n                Eine umfangreiche Befragung der ungarischen Bev\u00f6lkerung hat den Kurs der regierenden Fidesz gegen die antirussischen Sanktionen Br\u00fcssels best\u00e4rkt. Viktor Orb\u00e1n wird die Resultate nun auf EU-Ebene nutzen, um seine diplomatischen Ziele erreichen zu k\u00f6nnen.\n            <\/div>\n<p><\/p>\n<div class=\"Text-root Text-type_5 ArticleView-text ViewText-root \">\n<p>Die ungarische Regierungssprecherin Alexandra Szentkir\u00e1lyi hat am Samstag mitgeteilt, dass fast alle ungarischen Staatsb\u00fcrger, die an einer landesweiten Befragung teilgenommen hatten, sich f\u00fcr die Aufhebung der EU-Sanktionen gegen Russland ausgesprochen hatten, wie die Nachrichtenagentur <em>TASS <\/em>mitteilte.<\/p>\n<p>Sie fasste in einer Erkl\u00e4rung, die sie auf ihrer Facebook-Seite ver\u00f6ffentlichte, die landesweite Umfrage zusammen und stellte darin fest:<\/p>\n<blockquote>\n<p><em>&#8220;Wir haben das Ergebnis der Konsultationen erhalten: 97 Prozent der Ungarn lehnen die Sanktionen ab, die schweren Schaden anrichten k\u00f6nnen. Die Botschaft ist klar: Die Br\u00fcsseler Sanktionspolitik muss \u00fcberarbeitet werden.&#8221;<\/em><\/p>\n<\/blockquote>\n<p>Zuvor hatte die ungarische Regierung mitgeteilt, dass die Konsultationen zwei Monate gedauert, \u00fcber 1.360.000 Menschen erfasst und am 15. Dezember geendet hatten. Die Beh\u00f6rden halten dies f\u00fcr einen ziemlich genauen Indikator, wenn man bedenkt, dass die Bev\u00f6lkerung des Landes unter zehn Millionen Menschen liegt. Bei fr\u00fcheren Konsultationen, die sich auf Themen wie Migration und die COVID-19-Pandemie konzentriert hatten, war ungef\u00e4hr die gleiche Anzahl von Personen befragt worden.<\/p>\n<p>Die aktuelle landesweite Konsultation fand auf Initiative des Kabinetts und der Regierungspartei Fidesz statt. Zwei Monate lang hatten die Ungarn sieben Fragen aus einem Fragebogen beantworten k\u00f6nnen, der entweder per Post verschickt oder online ausgef\u00fcllt worden war. Die Teilnahme an der Umfrage war v\u00f6llig freiwillig, es gab keine &#8220;Wahlbeteiligungsschwelle&#8221;.<\/p>\n<p>Den B\u00fcrgern waren Fragen zu den Sanktionen gegen die Lieferung von Erd\u00f6l, Gas, Kohle und Holz gestellt worden. Sie waren auch zu m\u00f6glichen Sanktionen im Bereich der Atomenergie befragt worden, einschlie\u00dflich des Verbots der Lieferung von russischem Kernbrennstoff an das Kernkraftwerk Paks, sowie zu Beschr\u00e4nkungen f\u00fcr russische Touristen und zu Sanktionen, die zu einem Anstieg der Lebensmittelpreise f\u00fchren.<\/p>\n<p>Der Umfrage zufolge steht die gro\u00dfe Mehrheit der Ungarn den EU-Sanktionen negativ gegen\u00fcber und bef\u00fcrwortet deren Aufhebung. Die Regierung hat von Anfang an deutlich gemacht, dass sie das Ergebnis der landesweiten Konsultationen als starkes Argument bei den Gespr\u00e4chen mit der EU-F\u00fchrung und anderen Staaten nutzen wird. Das von Ministerpr\u00e4sident Viktor Orb\u00e1n angef\u00fchrte Kabinett setzt sich seit Langem f\u00fcr eine \u00dcberpr\u00fcfung der Br\u00fcsseler Sanktionspolitik gegen Russland ein und hat bisher zumindest erreichen k\u00f6nnen, dass Ungarn von einigen antirussischen Sanktionen ausgenommen wird.<\/p>\n<p><strong>Mehr zum Thema<\/strong> \u2013\u00a0<a rel=\"nofollow noopener\" target=\"_blank\" href=\"https:\/\/de.rt.com\/europa\/157894-sumpf-trockenlegen-orban-fordert-aufloesung-des-europ%C3%A4ischen-parlaments\/\">&#8220;Sumpf trockenlegen&#8221; \u2013 Orb\u00e1n fordert Aufl\u00f6sung des Europ\u00e4ischen Parlaments<\/a><\/p>\n<\/p>\n<\/div>\n<p><br \/>\n<br \/><a href=\"https:\/\/de.rt.com\/europa\/159907-fast-alle-ungarn-lehnen-eu-sanktionen-gegen-russland-ab\/\">Source link <\/a><\/p>\n","protected":false},"excerpt":{"rendered":"<p>Eine umfangreiche Befragung der ungarischen Bev\u00f6lkerung hat den Kurs der regierenden Fidesz gegen die antirussischen Sanktionen Br\u00fcssels best\u00e4rkt. Viktor Orb\u00e1n wird die Resultate nun auf EU-Ebene nutzen, um seine diplomatischen Ziele erreichen zu k\u00f6nnen. Die ungarische Regierungssprecherin Alexandra Szentkir\u00e1lyi hat am Samstag mitgeteilt, dass fast alle ungarischen Staatsb\u00fcrger, die an einer landesweiten Befragung teilgenommen hatten, [&hellip;]<\/p>\n","protected":false},"author":3,"featured_media":27756,"comment_status":"open","ping_status":"open","sticky":false,"template":"","format":"standard","meta":{"_yoast_indexnow_last_ping":["1673731554"],"wp_automatic_camp":["217"],"8b1c156431d0026a75e345f7bfd7a1f1":["Fast alle Ungarn lehnen EU-Sanktionen gegen Russland ab"],"original_link":["https:\/\/de.rt.com\/europa\/159907-fast-alle-ungarn-lehnen-eu-sanktionen-gegen-russland-ab\/"],"_thumbnail_id":["27756"],"_wptgpro_p2tg_sent2tg":["a:1:{i:23737;s:19:\"2023-01-14 23:27:17\";}"],"jnews_social_counter_last_update":["1776665236"]},"categories":[19,23],"tags":[271,22596,260,278,19043,126,11664],"yoast_head":"<!-- This site is optimized with the Yoast SEO Premium plugin v22.7 (Yoast SEO v22.7) - https:\/\/yoast.com\/wordpress\/plugins\/seo\/ -->\n<title>Fast alle Ungarn lehnen EU-Sanktionen gegen Russland ab - just-now.NEWS Deutschland<\/title>\n<meta name=\"robots\" content=\"index, follow, max-snippet:-1, max-image-preview:large, max-video-preview:-1\" \/>\n<link rel=\"canonical\" href=\"https:\/\/now-news.de\/de\/deutschland\/fast-alle-ungarn-lehnen-eu-sanktionen-gegen-russland-ab\/\" \/>\n<meta property=\"og:locale\" content=\"de_DE\" \/>\n<meta property=\"og:type\" content=\"article\" \/>\n<meta property=\"og:title\" content=\"Fast alle Ungarn lehnen EU-Sanktionen gegen Russland ab\" \/>\n<meta property=\"og:description\" content=\"Eine umfangreiche Befragung der ungarischen Bev\u00f6lkerung hat den Kurs der regierenden Fidesz gegen die antirussischen Sanktionen Br\u00fcssels best\u00e4rkt. Viktor Orb\u00e1n wird die Resultate nun auf EU-Ebene nutzen, um seine diplomatischen Ziele erreichen zu k\u00f6nnen. Die ungarische Regierungssprecherin Alexandra Szentkir\u00e1lyi hat am Samstag mitgeteilt, dass fast alle ungarischen Staatsb\u00fcrger, die an einer landesweiten Befragung teilgenommen hatten, [&hellip;]\" \/>\n<meta property=\"og:url\" content=\"https:\/\/now-news.de\/de\/deutschland\/fast-alle-ungarn-lehnen-eu-sanktionen-gegen-russland-ab\/\" \/>\n<meta property=\"og:site_name\" content=\"just-now.NEWS Deutschland\" \/>\n<meta property=\"article:publisher\" content=\"https:\/\/www.facebook.com\/wirmachenauf\" \/>\n<meta property=\"article:published_time\" content=\"2023-01-14T21:10:38+00:00\" \/>\n<meta property=\"og:image\" content=\"https:\/\/now-news.de\/de\/wp-content\/uploads\/sites\/3\/2023\/01\/Fast-alle-Ungarn-lehnen-EU-Sanktionen-gegen-Russland-ab.jpg\" \/>\n\t<meta property=\"og:image:width\" content=\"460\" \/>\n\t<meta property=\"og:image:height\" content=\"259\" \/>\n\t<meta property=\"og:image:type\" content=\"image\/jpeg\" \/>\n<meta name=\"author\" content=\"rtnews\" \/>\n<meta name=\"twitter:card\" content=\"summary_large_image\" \/>\n<meta name=\"twitter:creator\" content=\"@WirMachenAuf_de\" \/>\n<meta name=\"twitter:site\" content=\"@WirMachenAuf_de\" \/>\n<meta name=\"twitter:label1\" content=\"Verfasst von\" \/>\n\t<meta name=\"twitter:data1\" content=\"rtnews\" \/>\n\t<meta name=\"twitter:label2\" content=\"Gesch\u00e4tzte Lesezeit\" \/>\n\t<meta name=\"twitter:data2\" content=\"2\u00a0Minuten\" \/>\n<script type=\"application\/ld+json\" class=\"yoast-schema-graph\">{\"@context\":\"https:\/\/schema.org\",\"@graph\":[{\"@type\":\"Article\",\"@id\":\"https:\/\/now-news.de\/de\/deutschland\/fast-alle-ungarn-lehnen-eu-sanktionen-gegen-russland-ab\/#article\",\"isPartOf\":{\"@id\":\"https:\/\/now-news.de\/de\/deutschland\/fast-alle-ungarn-lehnen-eu-sanktionen-gegen-russland-ab\/\"},\"author\":{\"name\":\"rtnews\",\"@id\":\"https:\/\/now-news.de\/de\/#\/schema\/person\/fb534a4e865501d8b3285208df34a9b5\"},\"headline\":\"Fast alle Ungarn lehnen EU-Sanktionen gegen Russland ab\",\"datePublished\":\"2023-01-14T21:10:38+00:00\",\"dateModified\":\"2023-01-14T21:10:38+00:00\",\"mainEntityOfPage\":{\"@id\":\"https:\/\/now-news.de\/de\/deutschland\/fast-alle-ungarn-lehnen-eu-sanktionen-gegen-russland-ab\/\"},\"wordCount\":435,\"commentCount\":0,\"publisher\":{\"@id\":\"https:\/\/now-news.de\/de\/#organization\"},\"image\":{\"@id\":\"https:\/\/now-news.de\/de\/deutschland\/fast-alle-ungarn-lehnen-eu-sanktionen-gegen-russland-ab\/#primaryimage\"},\"thumbnailUrl\":\"https:\/\/now-news.de\/de\/wp-content\/uploads\/sites\/3\/2023\/01\/Fast-alle-Ungarn-lehnen-EU-Sanktionen-gegen-Russland-ab.jpg\",\"keywords\":[\"ALLE\",\"EUSanktionen\",\"Fast\",\"gegen\",\"lehnen\",\"russland\",\"Ungarn\"],\"articleSection\":[\"Deutschland\",\"Russland\"],\"inLanguage\":\"de\",\"potentialAction\":[{\"@type\":\"CommentAction\",\"name\":\"Comment\",\"target\":[\"https:\/\/now-news.de\/de\/deutschland\/fast-alle-ungarn-lehnen-eu-sanktionen-gegen-russland-ab\/#respond\"]}]},{\"@type\":\"WebPage\",\"@id\":\"https:\/\/now-news.de\/de\/deutschland\/fast-alle-ungarn-lehnen-eu-sanktionen-gegen-russland-ab\/\",\"url\":\"https:\/\/now-news.de\/de\/deutschland\/fast-alle-ungarn-lehnen-eu-sanktionen-gegen-russland-ab\/\",\"name\":\"Fast alle Ungarn lehnen EU-Sanktionen gegen Russland ab - just-now.NEWS Deutschland\",\"isPartOf\":{\"@id\":\"https:\/\/now-news.de\/de\/#website\"},\"primaryImageOfPage\":{\"@id\":\"https:\/\/now-news.de\/de\/deutschland\/fast-alle-ungarn-lehnen-eu-sanktionen-gegen-russland-ab\/#primaryimage\"},\"image\":{\"@id\":\"https:\/\/now-news.de\/de\/deutschland\/fast-alle-ungarn-lehnen-eu-sanktionen-gegen-russland-ab\/#primaryimage\"},\"thumbnailUrl\":\"https:\/\/now-news.de\/de\/wp-content\/uploads\/sites\/3\/2023\/01\/Fast-alle-Ungarn-lehnen-EU-Sanktionen-gegen-Russland-ab.jpg\",\"datePublished\":\"2023-01-14T21:10:38+00:00\",\"dateModified\":\"2023-01-14T21:10:38+00:00\",\"breadcrumb\":{\"@id\":\"https:\/\/now-news.de\/de\/deutschland\/fast-alle-ungarn-lehnen-eu-sanktionen-gegen-russland-ab\/#breadcrumb\"},\"inLanguage\":\"de\",\"potentialAction\":[{\"@type\":\"ReadAction\",\"target\":[\"https:\/\/now-news.de\/de\/deutschland\/fast-alle-ungarn-lehnen-eu-sanktionen-gegen-russland-ab\/\"]}]},{\"@type\":\"ImageObject\",\"inLanguage\":\"de\",\"@id\":\"https:\/\/now-news.de\/de\/deutschland\/fast-alle-ungarn-lehnen-eu-sanktionen-gegen-russland-ab\/#primaryimage\",\"url\":\"https:\/\/now-news.de\/de\/wp-content\/uploads\/sites\/3\/2023\/01\/Fast-alle-Ungarn-lehnen-EU-Sanktionen-gegen-Russland-ab.jpg\",\"contentUrl\":\"https:\/\/now-news.de\/de\/wp-content\/uploads\/sites\/3\/2023\/01\/Fast-alle-Ungarn-lehnen-EU-Sanktionen-gegen-Russland-ab.jpg\",\"width\":460,\"height\":259,\"caption\":\"Fast alle Ungarn lehnen EU-Sanktionen gegen Russland ab\"},{\"@type\":\"BreadcrumbList\",\"@id\":\"https:\/\/now-news.de\/de\/deutschland\/fast-alle-ungarn-lehnen-eu-sanktionen-gegen-russland-ab\/#breadcrumb\",\"itemListElement\":[{\"@type\":\"ListItem\",\"position\":1,\"name\":\"Home\",\"item\":\"https:\/\/now-news.de\/de\/\"},{\"@type\":\"ListItem\",\"position\":2,\"name\":\"Fast alle Ungarn lehnen EU-Sanktionen gegen Russland ab\"}]},{\"@type\":\"WebSite\",\"@id\":\"https:\/\/now-news.de\/de\/#website\",\"url\":\"https:\/\/now-news.de\/de\/\",\"name\":\"just-now.NEWS Deutschland\",\"description\":\"Das Portal f\u00fcr unzensierte Nachrichten aus der Welt\",\"publisher\":{\"@id\":\"https:\/\/now-news.de\/de\/#organization\"},\"potentialAction\":[{\"@type\":\"SearchAction\",\"target\":{\"@type\":\"EntryPoint\",\"urlTemplate\":\"https:\/\/now-news.de\/de\/?s={search_term_string}\"},\"query-input\":\"required name=search_term_string\"}],\"inLanguage\":\"de\"},{\"@type\":\"Organization\",\"@id\":\"https:\/\/now-news.de\/de\/#organization\",\"name\":\"Just Now News\",\"url\":\"https:\/\/now-news.de\/de\/\",\"logo\":{\"@type\":\"ImageObject\",\"inLanguage\":\"de\",\"@id\":\"https:\/\/now-news.de\/de\/#\/schema\/logo\/image\/\",\"url\":\"http:\/\/just-now.news\/de\/wp-content\/uploads\/sites\/3\/2022\/04\/logo500x500.jpg\",\"contentUrl\":\"http:\/\/just-now.news\/de\/wp-content\/uploads\/sites\/3\/2022\/04\/logo500x500.jpg\",\"width\":500,\"height\":500,\"caption\":\"Just Now News\"},\"image\":{\"@id\":\"https:\/\/now-news.de\/de\/#\/schema\/logo\/image\/\"},\"sameAs\":[\"https:\/\/www.facebook.com\/wirmachenauf\",\"https:\/\/x.com\/WirMachenAuf_de\"]},{\"@type\":\"Person\",\"@id\":\"https:\/\/now-news.de\/de\/#\/schema\/person\/fb534a4e865501d8b3285208df34a9b5\",\"name\":\"rtnews\",\"image\":{\"@type\":\"ImageObject\",\"inLanguage\":\"de\",\"@id\":\"https:\/\/now-news.de\/de\/#\/schema\/person\/image\/\",\"url\":\"https:\/\/secure.gravatar.com\/avatar\/82aafea7d8127119dd649515f56e2117?s=96&d=mm&r=g\",\"contentUrl\":\"https:\/\/secure.gravatar.com\/avatar\/82aafea7d8127119dd649515f56e2117?s=96&d=mm&r=g\",\"caption\":\"rtnews\"},\"url\":\"https:\/\/now-news.de\/de\/author\/rnews\/\"}]}<\/script>\n<!-- \/ Yoast SEO Premium plugin. -->","yoast_head_json":{"title":"Fast alle Ungarn lehnen EU-Sanktionen gegen Russland ab - just-now.NEWS Deutschland","robots":{"index":"index","follow":"follow","max-snippet":"max-snippet:-1","max-image-preview":"max-image-preview:large","max-video-preview":"max-video-preview:-1"},"canonical":"https:\/\/now-news.de\/de\/deutschland\/fast-alle-ungarn-lehnen-eu-sanktionen-gegen-russland-ab\/","og_locale":"de_DE","og_type":"article","og_title":"Fast alle Ungarn lehnen EU-Sanktionen gegen Russland ab","og_description":"Eine umfangreiche Befragung der ungarischen Bev\u00f6lkerung hat den Kurs der regierenden Fidesz gegen die antirussischen Sanktionen Br\u00fcssels best\u00e4rkt. Viktor Orb\u00e1n wird die Resultate nun auf EU-Ebene nutzen, um seine diplomatischen Ziele erreichen zu k\u00f6nnen. Die ungarische Regierungssprecherin Alexandra Szentkir\u00e1lyi hat am Samstag mitgeteilt, dass fast alle ungarischen Staatsb\u00fcrger, die an einer landesweiten Befragung teilgenommen hatten, [&hellip;]","og_url":"https:\/\/now-news.de\/de\/deutschland\/fast-alle-ungarn-lehnen-eu-sanktionen-gegen-russland-ab\/","og_site_name":"just-now.NEWS Deutschland","article_publisher":"https:\/\/www.facebook.com\/wirmachenauf","article_published_time":"2023-01-14T21:10:38+00:00","og_image":[{"width":460,"height":259,"url":"https:\/\/now-news.de\/de\/wp-content\/uploads\/sites\/3\/2023\/01\/Fast-alle-Ungarn-lehnen-EU-Sanktionen-gegen-Russland-ab.jpg","type":"image\/jpeg"}],"author":"rtnews","twitter_card":"summary_large_image","twitter_creator":"@WirMachenAuf_de","twitter_site":"@WirMachenAuf_de","twitter_misc":{"Verfasst von":"rtnews","Gesch\u00e4tzte Lesezeit":"2\u00a0Minuten"},"schema":{"@context":"https:\/\/schema.org","@graph":[{"@type":"Article","@id":"https:\/\/now-news.de\/de\/deutschland\/fast-alle-ungarn-lehnen-eu-sanktionen-gegen-russland-ab\/#article","isPartOf":{"@id":"https:\/\/now-news.de\/de\/deutschland\/fast-alle-ungarn-lehnen-eu-sanktionen-gegen-russland-ab\/"},"author":{"name":"rtnews","@id":"https:\/\/now-news.de\/de\/#\/schema\/person\/fb534a4e865501d8b3285208df34a9b5"},"headline":"Fast alle Ungarn lehnen EU-Sanktionen gegen Russland ab","datePublished":"2023-01-14T21:10:38+00:00","dateModified":"2023-01-14T21:10:38+00:00","mainEntityOfPage":{"@id":"https:\/\/now-news.de\/de\/deutschland\/fast-alle-ungarn-lehnen-eu-sanktionen-gegen-russland-ab\/"},"wordCount":435,"commentCount":0,"publisher":{"@id":"https:\/\/now-news.de\/de\/#organization"},"image":{"@id":"https:\/\/now-news.de\/de\/deutschland\/fast-alle-ungarn-lehnen-eu-sanktionen-gegen-russland-ab\/#primaryimage"},"thumbnailUrl":"https:\/\/now-news.de\/de\/wp-content\/uploads\/sites\/3\/2023\/01\/Fast-alle-Ungarn-lehnen-EU-Sanktionen-gegen-Russland-ab.jpg","keywords":["ALLE","EUSanktionen","Fast","gegen","lehnen","russland","Ungarn"],"articleSection":["Deutschland","Russland"],"inLanguage":"de","potentialAction":[{"@type":"CommentAction","name":"Comment","target":["https:\/\/now-news.de\/de\/deutschland\/fast-alle-ungarn-lehnen-eu-sanktionen-gegen-russland-ab\/#respond"]}]},{"@type":"WebPage","@id":"https:\/\/now-news.de\/de\/deutschland\/fast-alle-ungarn-lehnen-eu-sanktionen-gegen-russland-ab\/","url":"https:\/\/now-news.de\/de\/deutschland\/fast-alle-ungarn-lehnen-eu-sanktionen-gegen-russland-ab\/","name":"Fast alle Ungarn lehnen EU-Sanktionen gegen Russland ab - just-now.NEWS Deutschland","isPartOf":{"@id":"https:\/\/now-news.de\/de\/#website"},"primaryImageOfPage":{"@id":"https:\/\/now-news.de\/de\/deutschland\/fast-alle-ungarn-lehnen-eu-sanktionen-gegen-russland-ab\/#primaryimage"},"image":{"@id":"https:\/\/now-news.de\/de\/deutschland\/fast-alle-ungarn-lehnen-eu-sanktionen-gegen-russland-ab\/#primaryimage"},"thumbnailUrl":"https:\/\/now-news.de\/de\/wp-content\/uploads\/sites\/3\/2023\/01\/Fast-alle-Ungarn-lehnen-EU-Sanktionen-gegen-Russland-ab.jpg","datePublished":"2023-01-14T21:10:38+00:00","dateModified":"2023-01-14T21:10:38+00:00","breadcrumb":{"@id":"https:\/\/now-news.de\/de\/deutschland\/fast-alle-ungarn-lehnen-eu-sanktionen-gegen-russland-ab\/#breadcrumb"},"inLanguage":"de","potentialAction":[{"@type":"ReadAction","target":["https:\/\/now-news.de\/de\/deutschland\/fast-alle-ungarn-lehnen-eu-sanktionen-gegen-russland-ab\/"]}]},{"@type":"ImageObject","inLanguage":"de","@id":"https:\/\/now-news.de\/de\/deutschland\/fast-alle-ungarn-lehnen-eu-sanktionen-gegen-russland-ab\/#primaryimage","url":"https:\/\/now-news.de\/de\/wp-content\/uploads\/sites\/3\/2023\/01\/Fast-alle-Ungarn-lehnen-EU-Sanktionen-gegen-Russland-ab.jpg","contentUrl":"https:\/\/now-news.de\/de\/wp-content\/uploads\/sites\/3\/2023\/01\/Fast-alle-Ungarn-lehnen-EU-Sanktionen-gegen-Russland-ab.jpg","width":460,"height":259,"caption":"Fast alle Ungarn lehnen EU-Sanktionen gegen Russland ab"},{"@type":"BreadcrumbList","@id":"https:\/\/now-news.de\/de\/deutschland\/fast-alle-ungarn-lehnen-eu-sanktionen-gegen-russland-ab\/#breadcrumb","itemListElement":[{"@type":"ListItem","position":1,"name":"Home","item":"https:\/\/now-news.de\/de\/"},{"@type":"ListItem","position":2,"name":"Fast alle Ungarn lehnen EU-Sanktionen gegen Russland ab"}]},{"@type":"WebSite","@id":"https:\/\/now-news.de\/de\/#website","url":"https:\/\/now-news.de\/de\/","name":"just-now.NEWS Deutschland","description":"Das Portal f\u00fcr unzensierte Nachrichten aus der Welt","publisher":{"@id":"https:\/\/now-news.de\/de\/#organization"},"potentialAction":[{"@type":"SearchAction","target":{"@type":"EntryPoint","urlTemplate":"https:\/\/now-news.de\/de\/?s={search_term_string}"},"query-input":"required name=search_term_string"}],"inLanguage":"de"},{"@type":"Organization","@id":"https:\/\/now-news.de\/de\/#organization","name":"Just Now News","url":"https:\/\/now-news.de\/de\/","logo":{"@type":"ImageObject","inLanguage":"de","@id":"https:\/\/now-news.de\/de\/#\/schema\/logo\/image\/","url":"http:\/\/just-now.news\/de\/wp-content\/uploads\/sites\/3\/2022\/04\/logo500x500.jpg","contentUrl":"http:\/\/just-now.news\/de\/wp-content\/uploads\/sites\/3\/2022\/04\/logo500x500.jpg","width":500,"height":500,"caption":"Just Now News"},"image":{"@id":"https:\/\/now-news.de\/de\/#\/schema\/logo\/image\/"},"sameAs":["https:\/\/www.facebook.com\/wirmachenauf","https:\/\/x.com\/WirMachenAuf_de"]},{"@type":"Person","@id":"https:\/\/now-news.de\/de\/#\/schema\/person\/fb534a4e865501d8b3285208df34a9b5","name":"rtnews","image":{"@type":"ImageObject","inLanguage":"de","@id":"https:\/\/now-news.de\/de\/#\/schema\/person\/image\/","url":"https:\/\/secure.gravatar.com\/avatar\/82aafea7d8127119dd649515f56e2117?s=96&d=mm&r=g","contentUrl":"https:\/\/secure.gravatar.com\/avatar\/82aafea7d8127119dd649515f56e2117?s=96&d=mm&r=g","caption":"rtnews"},"url":"https:\/\/now-news.de\/de\/author\/rnews\/"}]}},"_links":{"self":[{"href":"https:\/\/now-news.de\/de\/wp-json\/wp\/v2\/posts\/27755"}],"collection":[{"href":"https:\/\/now-news.de\/de\/wp-json\/wp\/v2\/posts"}],"about":[{"href":"https:\/\/now-news.de\/de\/wp-json\/wp\/v2\/types\/post"}],"author":[{"embeddable":true,"href":"https:\/\/now-news.de\/de\/wp-json\/wp\/v2\/users\/3"}],"replies":[{"embeddable":true,"href":"https:\/\/now-news.de\/de\/wp-json\/wp\/v2\/comments?post=27755"}],"version-history":[{"count":0,"href":"https:\/\/now-news.de\/de\/wp-json\/wp\/v2\/posts\/27755\/revisions"}],"wp:featuredmedia":[{"embeddable":true,"href":"https:\/\/now-news.de\/de\/wp-json\/wp\/v2\/media\/27756"}],"wp:attachment":[{"href":"https:\/\/now-news.de\/de\/wp-json\/wp\/v2\/media?parent=27755"}],"wp:term":[{"taxonomy":"category","embeddable":true,"href":"https:\/\/now-news.de\/de\/wp-json\/wp\/v2\/categories?post=27755"},{"taxonomy":"post_tag","embeddable":true,"href":"https:\/\/now-news.de\/de\/wp-json\/wp\/v2\/tags?post=27755"}],"curies":[{"name":"wp","href":"https:\/\/api.w.org\/{rel}","templated":true}]}}