{"id":27720,"date":"2023-01-14T13:36:56","date_gmt":"2023-01-14T11:36:56","guid":{"rendered":"https:\/\/just-now.news\/de\/deutschland\/moegliche-lambrecht-nachfolgerin-fordert-verdreifachung-des-bundeswehr-sondervermoegens\/"},"modified":"2023-01-14T13:36:56","modified_gmt":"2023-01-14T11:36:56","slug":"moegliche-lambrecht-nachfolgerin-fordert-verdreifachung-des-bundeswehr-sondervermoegens","status":"publish","type":"post","link":"https:\/\/now-news.de\/de\/deutschland\/moegliche-lambrecht-nachfolgerin-fordert-verdreifachung-des-bundeswehr-sondervermoegens\/","title":{"rendered":"M\u00f6gliche Lambrecht-Nachfolgerin fordert Verdreifachung des Bundeswehr-Sonderverm\u00f6gens"},"content":{"rendered":"<p><img decoding=\"async\" src=\"http:\/\/just-now.news\/de\/wp-content\/uploads\/sites\/3\/2023\/01\/63c28b7bb480cc0b1e65183f.jpg\" \/><\/p>\n<div class=\"Text-root Text-type_1 \">\n                Statt 100 Milliarden Euro sollen es nun 300 Milliarden Euro werden, \u2013 zumindest wenn es nach Eva H\u00f6gl geht, die in Kreisen schon als m\u00f6gliche Nachfolgerin von Verteidigungsministerin Christine Lambrecht gehandelt wird. Die Vorgaben kommen von der NATO, deren Generalsekret\u00e4r Stoltenberg warnt: Der Ukraine-Krieg &#8220;verschlingt unsere Lagerbest\u00e4nde&#8221;.\n            <\/div>\n<p><\/p>\n<div class=\"Text-root Text-type_5 ArticleView-text ViewText-root \">\n<p>Die Wehrbeauftragte des Bundestags, Eva H\u00f6gl, fordert, das Sonderverm\u00f6gen f\u00fcr die Bundeswehr von heute 100 Milliarden auf 300 Milliarden Euro zu verdreifachen. Weiter sagte die SPD-Politikerin der <em>Frankfurter Allgemeinen Sonntagszeitung<\/em>, die von ihr geforderte weitere Unterst\u00fctzung der Ukraine mit Waffen und Munition gehe &#8220;nicht ohne neue Fertigungskapazit\u00e4ten&#8221;.<\/p>\n<p>H\u00f6gl folgt damit dem transatlantischen Narrativ. So sagte etwa NATO-Generalsekret\u00e4r Jens Stoltenberg, die R\u00fcstungsproduktion m\u00fcsse steigen, &#8220;um die Vorr\u00e4te der Alliierten aufzuf\u00fcllen und um sicherzustellen, dass wir die Ukraine lange weiter versorgen k\u00f6nnen&#8221;. Er sagte mit Blick auf die intensiven Gefechte des Ukraine-Kriegs:<\/p>\n<blockquote>\n<p><em>&#8220;Dieser Konflikt verbraucht eine enorme Menge Munition und verschlingt unsere Lagerbest\u00e4nde.&#8221;<\/em><\/p>\n<\/blockquote>\n<p>Der EU-Au\u00dfenbeauftragte Josep Borrell pflichtete dem bei: &#8220;Unsere Mitgliedstaaten m\u00fcssen mehr ausgeben, aber das auch besser machen. Und wir m\u00fcssen es zusammen tun.&#8221;<\/p>\n<p>Sara Nanni, die Obfrau der Gr\u00fcnen im Verteidigungsausschuss, sagte der <em>FAZ<\/em>, wer Frieden wolle, m\u00fcsse auch in Sicherheit investieren. Und: &#8220;In den n\u00e4chsten Jahren m\u00fcssen wir die Produktion hochfahren.&#8221;<\/p>\n<p>Das 100-Milliarden-Sonderverm\u00f6gen war im Juni mit einer Grundgesetz\u00e4nderung bereitgestellt worden. Laut Verteidigungsministerium sollen damit gro\u00dfe L\u00fccken nach jahrzehntelangem Sparen geschlossen werden. Ziel ist laut Verteidigungsministerin Christine Lambrecht (SPD) eine modernisierte und &#8220;voll einsatzbereite Bundeswehr&#8221;.<\/p>\n<p>Gestern war in zahlreichen Medienberichten die Rede davon, dass Lambrecht plane, zeitnah ihren R\u00fccktritt einzureichen. Als aussichtsreichste Kandidatin f\u00fcr Lambrechts Nachfolge gilt eben Eva H\u00f6gl, die sich mit ihren \u00c4u\u00dferungen nun wieder in die Debatte einmischt.<\/p>\n<p><strong>Mehr zum Thema<\/strong> &#8211; <a rel=\"nofollow noopener\" target=\"_blank\" href=\"https:\/\/test.rtde.tech\/inland\/159820-medienbericht-lambrecht-will-als-verteidigungsministerin\/\">Medienbericht: Lambrecht will als Verteidigungsministerin zur\u00fccktreten<\/a><\/p>\n<p>(rt\/dpa)<\/p>\n<\/div>\n<p><br \/>\n<br \/><a href=\"https:\/\/de.rt.com\/inland\/159863-moegliche-lambrecht-nachfolgerin-fordert-verdreifachung\/\">Source link <\/a><\/p>\n","protected":false},"excerpt":{"rendered":"<p>Statt 100 Milliarden Euro sollen es nun 300 Milliarden Euro werden, \u2013 zumindest wenn es nach Eva H\u00f6gl geht, die in Kreisen schon als m\u00f6gliche Nachfolgerin von Verteidigungsministerin Christine Lambrecht gehandelt wird. Die Vorgaben kommen von der NATO, deren Generalsekret\u00e4r Stoltenberg warnt: Der Ukraine-Krieg &#8220;verschlingt unsere Lagerbest\u00e4nde&#8221;. Die Wehrbeauftragte des Bundestags, Eva H\u00f6gl, fordert, das [&hellip;]<\/p>\n","protected":false},"author":3,"featured_media":27721,"comment_status":"open","ping_status":"open","sticky":false,"template":"","format":"standard","meta":{"_yoast_indexnow_last_ping":["1673697601"],"wp_automatic_camp":["217"],"9a109c7ec371d8743309d841e288772a":["M\u00f6gliche Lambrecht-Nachfolgerin fordert Verdreifachung des Bundeswehr-Sonderverm\u00f6gens"],"original_link":["https:\/\/de.rt.com\/inland\/159863-moegliche-lambrecht-nachfolgerin-fordert-verdreifachung\/"],"_thumbnail_id":["27721"],"_wptgpro_p2tg_sent2tg":["a:1:{i:23737;s:19:\"2023-01-14 14:01:12\";}"],"jnews_social_counter_last_update":["1777285076"]},"categories":[19,23],"tags":[39048,583,355,39046,26307,39047],"yoast_head":"<!-- This site is optimized with the Yoast SEO Premium plugin v22.7 (Yoast SEO v22.7) - https:\/\/yoast.com\/wordpress\/plugins\/seo\/ -->\n<title>M\u00f6gliche Lambrecht-Nachfolgerin fordert Verdreifachung des Bundeswehr-Sonderverm\u00f6gens - just-now.NEWS Deutschland<\/title>\n<meta name=\"robots\" content=\"index, follow, max-snippet:-1, max-image-preview:large, max-video-preview:-1\" \/>\n<link rel=\"canonical\" href=\"https:\/\/now-news.de\/de\/deutschland\/moegliche-lambrecht-nachfolgerin-fordert-verdreifachung-des-bundeswehr-sondervermoegens\/\" \/>\n<meta property=\"og:locale\" content=\"de_DE\" \/>\n<meta property=\"og:type\" content=\"article\" \/>\n<meta property=\"og:title\" content=\"M\u00f6gliche Lambrecht-Nachfolgerin fordert Verdreifachung des Bundeswehr-Sonderverm\u00f6gens\" \/>\n<meta property=\"og:description\" content=\"Statt 100 Milliarden Euro sollen es nun 300 Milliarden Euro werden, \u2013 zumindest wenn es nach Eva H\u00f6gl geht, die in Kreisen schon als m\u00f6gliche Nachfolgerin von Verteidigungsministerin Christine Lambrecht gehandelt wird. Die Vorgaben kommen von der NATO, deren Generalsekret\u00e4r Stoltenberg warnt: Der Ukraine-Krieg &#8220;verschlingt unsere Lagerbest\u00e4nde&#8221;. Die Wehrbeauftragte des Bundestags, Eva H\u00f6gl, fordert, das [&hellip;]\" \/>\n<meta property=\"og:url\" content=\"https:\/\/now-news.de\/de\/deutschland\/moegliche-lambrecht-nachfolgerin-fordert-verdreifachung-des-bundeswehr-sondervermoegens\/\" \/>\n<meta property=\"og:site_name\" content=\"just-now.NEWS Deutschland\" \/>\n<meta property=\"article:publisher\" content=\"https:\/\/www.facebook.com\/wirmachenauf\" \/>\n<meta property=\"article:published_time\" content=\"2023-01-14T11:36:56+00:00\" \/>\n<meta property=\"og:image\" content=\"https:\/\/now-news.de\/de\/wp-content\/uploads\/sites\/3\/2023\/01\/Moegliche-Lambrecht-Nachfolgerin-fordert-Verdreifachung-des-Bundeswehr-Sondervermoegens.jpg\" \/>\n\t<meta property=\"og:image:width\" content=\"460\" \/>\n\t<meta property=\"og:image:height\" content=\"259\" \/>\n\t<meta property=\"og:image:type\" content=\"image\/jpeg\" \/>\n<meta name=\"author\" content=\"rtnews\" \/>\n<meta name=\"twitter:card\" content=\"summary_large_image\" \/>\n<meta name=\"twitter:creator\" content=\"@WirMachenAuf_de\" \/>\n<meta name=\"twitter:site\" content=\"@WirMachenAuf_de\" \/>\n<meta name=\"twitter:label1\" content=\"Verfasst von\" \/>\n\t<meta name=\"twitter:data1\" content=\"rtnews\" \/>\n\t<meta name=\"twitter:label2\" content=\"Gesch\u00e4tzte Lesezeit\" \/>\n\t<meta name=\"twitter:data2\" content=\"2\u00a0Minuten\" \/>\n<script type=\"application\/ld+json\" class=\"yoast-schema-graph\">{\"@context\":\"https:\/\/schema.org\",\"@graph\":[{\"@type\":\"Article\",\"@id\":\"https:\/\/now-news.de\/de\/deutschland\/moegliche-lambrecht-nachfolgerin-fordert-verdreifachung-des-bundeswehr-sondervermoegens\/#article\",\"isPartOf\":{\"@id\":\"https:\/\/now-news.de\/de\/deutschland\/moegliche-lambrecht-nachfolgerin-fordert-verdreifachung-des-bundeswehr-sondervermoegens\/\"},\"author\":{\"name\":\"rtnews\",\"@id\":\"https:\/\/now-news.de\/de\/#\/schema\/person\/fb534a4e865501d8b3285208df34a9b5\"},\"headline\":\"M\u00f6gliche Lambrecht-Nachfolgerin fordert Verdreifachung des Bundeswehr-Sonderverm\u00f6gens\",\"datePublished\":\"2023-01-14T11:36:56+00:00\",\"dateModified\":\"2023-01-14T11:36:56+00:00\",\"mainEntityOfPage\":{\"@id\":\"https:\/\/now-news.de\/de\/deutschland\/moegliche-lambrecht-nachfolgerin-fordert-verdreifachung-des-bundeswehr-sondervermoegens\/\"},\"wordCount\":321,\"commentCount\":0,\"publisher\":{\"@id\":\"https:\/\/now-news.de\/de\/#organization\"},\"image\":{\"@id\":\"https:\/\/now-news.de\/de\/deutschland\/moegliche-lambrecht-nachfolgerin-fordert-verdreifachung-des-bundeswehr-sondervermoegens\/#primaryimage\"},\"thumbnailUrl\":\"https:\/\/now-news.de\/de\/wp-content\/uploads\/sites\/3\/2023\/01\/Moegliche-Lambrecht-Nachfolgerin-fordert-Verdreifachung-des-Bundeswehr-Sondervermoegens.jpg\",\"keywords\":[\"BundeswehrSonderverm\u00f6gens\",\"des\",\"fordert\",\"LambrechtNachfolgerin\",\"m\u00f6gliche\",\"Verdreifachung\"],\"articleSection\":[\"Deutschland\",\"Russland\"],\"inLanguage\":\"de\",\"potentialAction\":[{\"@type\":\"CommentAction\",\"name\":\"Comment\",\"target\":[\"https:\/\/now-news.de\/de\/deutschland\/moegliche-lambrecht-nachfolgerin-fordert-verdreifachung-des-bundeswehr-sondervermoegens\/#respond\"]}]},{\"@type\":\"WebPage\",\"@id\":\"https:\/\/now-news.de\/de\/deutschland\/moegliche-lambrecht-nachfolgerin-fordert-verdreifachung-des-bundeswehr-sondervermoegens\/\",\"url\":\"https:\/\/now-news.de\/de\/deutschland\/moegliche-lambrecht-nachfolgerin-fordert-verdreifachung-des-bundeswehr-sondervermoegens\/\",\"name\":\"M\u00f6gliche Lambrecht-Nachfolgerin fordert Verdreifachung des Bundeswehr-Sonderverm\u00f6gens - just-now.NEWS Deutschland\",\"isPartOf\":{\"@id\":\"https:\/\/now-news.de\/de\/#website\"},\"primaryImageOfPage\":{\"@id\":\"https:\/\/now-news.de\/de\/deutschland\/moegliche-lambrecht-nachfolgerin-fordert-verdreifachung-des-bundeswehr-sondervermoegens\/#primaryimage\"},\"image\":{\"@id\":\"https:\/\/now-news.de\/de\/deutschland\/moegliche-lambrecht-nachfolgerin-fordert-verdreifachung-des-bundeswehr-sondervermoegens\/#primaryimage\"},\"thumbnailUrl\":\"https:\/\/now-news.de\/de\/wp-content\/uploads\/sites\/3\/2023\/01\/Moegliche-Lambrecht-Nachfolgerin-fordert-Verdreifachung-des-Bundeswehr-Sondervermoegens.jpg\",\"datePublished\":\"2023-01-14T11:36:56+00:00\",\"dateModified\":\"2023-01-14T11:36:56+00:00\",\"breadcrumb\":{\"@id\":\"https:\/\/now-news.de\/de\/deutschland\/moegliche-lambrecht-nachfolgerin-fordert-verdreifachung-des-bundeswehr-sondervermoegens\/#breadcrumb\"},\"inLanguage\":\"de\",\"potentialAction\":[{\"@type\":\"ReadAction\",\"target\":[\"https:\/\/now-news.de\/de\/deutschland\/moegliche-lambrecht-nachfolgerin-fordert-verdreifachung-des-bundeswehr-sondervermoegens\/\"]}]},{\"@type\":\"ImageObject\",\"inLanguage\":\"de\",\"@id\":\"https:\/\/now-news.de\/de\/deutschland\/moegliche-lambrecht-nachfolgerin-fordert-verdreifachung-des-bundeswehr-sondervermoegens\/#primaryimage\",\"url\":\"https:\/\/now-news.de\/de\/wp-content\/uploads\/sites\/3\/2023\/01\/Moegliche-Lambrecht-Nachfolgerin-fordert-Verdreifachung-des-Bundeswehr-Sondervermoegens.jpg\",\"contentUrl\":\"https:\/\/now-news.de\/de\/wp-content\/uploads\/sites\/3\/2023\/01\/Moegliche-Lambrecht-Nachfolgerin-fordert-Verdreifachung-des-Bundeswehr-Sondervermoegens.jpg\",\"width\":460,\"height\":259,\"caption\":\"M\u00f6gliche Lambrecht-Nachfolgerin fordert Verdreifachung des Bundeswehr-Sonderverm\u00f6gens\"},{\"@type\":\"BreadcrumbList\",\"@id\":\"https:\/\/now-news.de\/de\/deutschland\/moegliche-lambrecht-nachfolgerin-fordert-verdreifachung-des-bundeswehr-sondervermoegens\/#breadcrumb\",\"itemListElement\":[{\"@type\":\"ListItem\",\"position\":1,\"name\":\"Home\",\"item\":\"https:\/\/now-news.de\/de\/\"},{\"@type\":\"ListItem\",\"position\":2,\"name\":\"M\u00f6gliche Lambrecht-Nachfolgerin fordert Verdreifachung des Bundeswehr-Sonderverm\u00f6gens\"}]},{\"@type\":\"WebSite\",\"@id\":\"https:\/\/now-news.de\/de\/#website\",\"url\":\"https:\/\/now-news.de\/de\/\",\"name\":\"just-now.NEWS Deutschland\",\"description\":\"Das Portal f\u00fcr unzensierte Nachrichten aus der Welt\",\"publisher\":{\"@id\":\"https:\/\/now-news.de\/de\/#organization\"},\"potentialAction\":[{\"@type\":\"SearchAction\",\"target\":{\"@type\":\"EntryPoint\",\"urlTemplate\":\"https:\/\/now-news.de\/de\/?s={search_term_string}\"},\"query-input\":\"required name=search_term_string\"}],\"inLanguage\":\"de\"},{\"@type\":\"Organization\",\"@id\":\"https:\/\/now-news.de\/de\/#organization\",\"name\":\"Just Now News\",\"url\":\"https:\/\/now-news.de\/de\/\",\"logo\":{\"@type\":\"ImageObject\",\"inLanguage\":\"de\",\"@id\":\"https:\/\/now-news.de\/de\/#\/schema\/logo\/image\/\",\"url\":\"http:\/\/just-now.news\/de\/wp-content\/uploads\/sites\/3\/2022\/04\/logo500x500.jpg\",\"contentUrl\":\"http:\/\/just-now.news\/de\/wp-content\/uploads\/sites\/3\/2022\/04\/logo500x500.jpg\",\"width\":500,\"height\":500,\"caption\":\"Just Now News\"},\"image\":{\"@id\":\"https:\/\/now-news.de\/de\/#\/schema\/logo\/image\/\"},\"sameAs\":[\"https:\/\/www.facebook.com\/wirmachenauf\",\"https:\/\/x.com\/WirMachenAuf_de\"]},{\"@type\":\"Person\",\"@id\":\"https:\/\/now-news.de\/de\/#\/schema\/person\/fb534a4e865501d8b3285208df34a9b5\",\"name\":\"rtnews\",\"image\":{\"@type\":\"ImageObject\",\"inLanguage\":\"de\",\"@id\":\"https:\/\/now-news.de\/de\/#\/schema\/person\/image\/\",\"url\":\"https:\/\/secure.gravatar.com\/avatar\/82aafea7d8127119dd649515f56e2117?s=96&d=mm&r=g\",\"contentUrl\":\"https:\/\/secure.gravatar.com\/avatar\/82aafea7d8127119dd649515f56e2117?s=96&d=mm&r=g\",\"caption\":\"rtnews\"},\"url\":\"https:\/\/now-news.de\/de\/author\/rnews\/\"}]}<\/script>\n<!-- \/ Yoast SEO Premium plugin. -->","yoast_head_json":{"title":"M\u00f6gliche Lambrecht-Nachfolgerin fordert Verdreifachung des Bundeswehr-Sonderverm\u00f6gens - just-now.NEWS Deutschland","robots":{"index":"index","follow":"follow","max-snippet":"max-snippet:-1","max-image-preview":"max-image-preview:large","max-video-preview":"max-video-preview:-1"},"canonical":"https:\/\/now-news.de\/de\/deutschland\/moegliche-lambrecht-nachfolgerin-fordert-verdreifachung-des-bundeswehr-sondervermoegens\/","og_locale":"de_DE","og_type":"article","og_title":"M\u00f6gliche Lambrecht-Nachfolgerin fordert Verdreifachung des Bundeswehr-Sonderverm\u00f6gens","og_description":"Statt 100 Milliarden Euro sollen es nun 300 Milliarden Euro werden, \u2013 zumindest wenn es nach Eva H\u00f6gl geht, die in Kreisen schon als m\u00f6gliche Nachfolgerin von Verteidigungsministerin Christine Lambrecht gehandelt wird. Die Vorgaben kommen von der NATO, deren Generalsekret\u00e4r Stoltenberg warnt: Der Ukraine-Krieg &#8220;verschlingt unsere Lagerbest\u00e4nde&#8221;. Die Wehrbeauftragte des Bundestags, Eva H\u00f6gl, fordert, das [&hellip;]","og_url":"https:\/\/now-news.de\/de\/deutschland\/moegliche-lambrecht-nachfolgerin-fordert-verdreifachung-des-bundeswehr-sondervermoegens\/","og_site_name":"just-now.NEWS Deutschland","article_publisher":"https:\/\/www.facebook.com\/wirmachenauf","article_published_time":"2023-01-14T11:36:56+00:00","og_image":[{"width":460,"height":259,"url":"https:\/\/now-news.de\/de\/wp-content\/uploads\/sites\/3\/2023\/01\/Moegliche-Lambrecht-Nachfolgerin-fordert-Verdreifachung-des-Bundeswehr-Sondervermoegens.jpg","type":"image\/jpeg"}],"author":"rtnews","twitter_card":"summary_large_image","twitter_creator":"@WirMachenAuf_de","twitter_site":"@WirMachenAuf_de","twitter_misc":{"Verfasst von":"rtnews","Gesch\u00e4tzte Lesezeit":"2\u00a0Minuten"},"schema":{"@context":"https:\/\/schema.org","@graph":[{"@type":"Article","@id":"https:\/\/now-news.de\/de\/deutschland\/moegliche-lambrecht-nachfolgerin-fordert-verdreifachung-des-bundeswehr-sondervermoegens\/#article","isPartOf":{"@id":"https:\/\/now-news.de\/de\/deutschland\/moegliche-lambrecht-nachfolgerin-fordert-verdreifachung-des-bundeswehr-sondervermoegens\/"},"author":{"name":"rtnews","@id":"https:\/\/now-news.de\/de\/#\/schema\/person\/fb534a4e865501d8b3285208df34a9b5"},"headline":"M\u00f6gliche Lambrecht-Nachfolgerin fordert Verdreifachung des Bundeswehr-Sonderverm\u00f6gens","datePublished":"2023-01-14T11:36:56+00:00","dateModified":"2023-01-14T11:36:56+00:00","mainEntityOfPage":{"@id":"https:\/\/now-news.de\/de\/deutschland\/moegliche-lambrecht-nachfolgerin-fordert-verdreifachung-des-bundeswehr-sondervermoegens\/"},"wordCount":321,"commentCount":0,"publisher":{"@id":"https:\/\/now-news.de\/de\/#organization"},"image":{"@id":"https:\/\/now-news.de\/de\/deutschland\/moegliche-lambrecht-nachfolgerin-fordert-verdreifachung-des-bundeswehr-sondervermoegens\/#primaryimage"},"thumbnailUrl":"https:\/\/now-news.de\/de\/wp-content\/uploads\/sites\/3\/2023\/01\/Moegliche-Lambrecht-Nachfolgerin-fordert-Verdreifachung-des-Bundeswehr-Sondervermoegens.jpg","keywords":["BundeswehrSonderverm\u00f6gens","des","fordert","LambrechtNachfolgerin","m\u00f6gliche","Verdreifachung"],"articleSection":["Deutschland","Russland"],"inLanguage":"de","potentialAction":[{"@type":"CommentAction","name":"Comment","target":["https:\/\/now-news.de\/de\/deutschland\/moegliche-lambrecht-nachfolgerin-fordert-verdreifachung-des-bundeswehr-sondervermoegens\/#respond"]}]},{"@type":"WebPage","@id":"https:\/\/now-news.de\/de\/deutschland\/moegliche-lambrecht-nachfolgerin-fordert-verdreifachung-des-bundeswehr-sondervermoegens\/","url":"https:\/\/now-news.de\/de\/deutschland\/moegliche-lambrecht-nachfolgerin-fordert-verdreifachung-des-bundeswehr-sondervermoegens\/","name":"M\u00f6gliche Lambrecht-Nachfolgerin fordert Verdreifachung des Bundeswehr-Sonderverm\u00f6gens - just-now.NEWS Deutschland","isPartOf":{"@id":"https:\/\/now-news.de\/de\/#website"},"primaryImageOfPage":{"@id":"https:\/\/now-news.de\/de\/deutschland\/moegliche-lambrecht-nachfolgerin-fordert-verdreifachung-des-bundeswehr-sondervermoegens\/#primaryimage"},"image":{"@id":"https:\/\/now-news.de\/de\/deutschland\/moegliche-lambrecht-nachfolgerin-fordert-verdreifachung-des-bundeswehr-sondervermoegens\/#primaryimage"},"thumbnailUrl":"https:\/\/now-news.de\/de\/wp-content\/uploads\/sites\/3\/2023\/01\/Moegliche-Lambrecht-Nachfolgerin-fordert-Verdreifachung-des-Bundeswehr-Sondervermoegens.jpg","datePublished":"2023-01-14T11:36:56+00:00","dateModified":"2023-01-14T11:36:56+00:00","breadcrumb":{"@id":"https:\/\/now-news.de\/de\/deutschland\/moegliche-lambrecht-nachfolgerin-fordert-verdreifachung-des-bundeswehr-sondervermoegens\/#breadcrumb"},"inLanguage":"de","potentialAction":[{"@type":"ReadAction","target":["https:\/\/now-news.de\/de\/deutschland\/moegliche-lambrecht-nachfolgerin-fordert-verdreifachung-des-bundeswehr-sondervermoegens\/"]}]},{"@type":"ImageObject","inLanguage":"de","@id":"https:\/\/now-news.de\/de\/deutschland\/moegliche-lambrecht-nachfolgerin-fordert-verdreifachung-des-bundeswehr-sondervermoegens\/#primaryimage","url":"https:\/\/now-news.de\/de\/wp-content\/uploads\/sites\/3\/2023\/01\/Moegliche-Lambrecht-Nachfolgerin-fordert-Verdreifachung-des-Bundeswehr-Sondervermoegens.jpg","contentUrl":"https:\/\/now-news.de\/de\/wp-content\/uploads\/sites\/3\/2023\/01\/Moegliche-Lambrecht-Nachfolgerin-fordert-Verdreifachung-des-Bundeswehr-Sondervermoegens.jpg","width":460,"height":259,"caption":"M\u00f6gliche Lambrecht-Nachfolgerin fordert Verdreifachung des Bundeswehr-Sonderverm\u00f6gens"},{"@type":"BreadcrumbList","@id":"https:\/\/now-news.de\/de\/deutschland\/moegliche-lambrecht-nachfolgerin-fordert-verdreifachung-des-bundeswehr-sondervermoegens\/#breadcrumb","itemListElement":[{"@type":"ListItem","position":1,"name":"Home","item":"https:\/\/now-news.de\/de\/"},{"@type":"ListItem","position":2,"name":"M\u00f6gliche Lambrecht-Nachfolgerin fordert Verdreifachung des Bundeswehr-Sonderverm\u00f6gens"}]},{"@type":"WebSite","@id":"https:\/\/now-news.de\/de\/#website","url":"https:\/\/now-news.de\/de\/","name":"just-now.NEWS Deutschland","description":"Das Portal f\u00fcr unzensierte Nachrichten aus der Welt","publisher":{"@id":"https:\/\/now-news.de\/de\/#organization"},"potentialAction":[{"@type":"SearchAction","target":{"@type":"EntryPoint","urlTemplate":"https:\/\/now-news.de\/de\/?s={search_term_string}"},"query-input":"required name=search_term_string"}],"inLanguage":"de"},{"@type":"Organization","@id":"https:\/\/now-news.de\/de\/#organization","name":"Just Now News","url":"https:\/\/now-news.de\/de\/","logo":{"@type":"ImageObject","inLanguage":"de","@id":"https:\/\/now-news.de\/de\/#\/schema\/logo\/image\/","url":"http:\/\/just-now.news\/de\/wp-content\/uploads\/sites\/3\/2022\/04\/logo500x500.jpg","contentUrl":"http:\/\/just-now.news\/de\/wp-content\/uploads\/sites\/3\/2022\/04\/logo500x500.jpg","width":500,"height":500,"caption":"Just Now News"},"image":{"@id":"https:\/\/now-news.de\/de\/#\/schema\/logo\/image\/"},"sameAs":["https:\/\/www.facebook.com\/wirmachenauf","https:\/\/x.com\/WirMachenAuf_de"]},{"@type":"Person","@id":"https:\/\/now-news.de\/de\/#\/schema\/person\/fb534a4e865501d8b3285208df34a9b5","name":"rtnews","image":{"@type":"ImageObject","inLanguage":"de","@id":"https:\/\/now-news.de\/de\/#\/schema\/person\/image\/","url":"https:\/\/secure.gravatar.com\/avatar\/82aafea7d8127119dd649515f56e2117?s=96&d=mm&r=g","contentUrl":"https:\/\/secure.gravatar.com\/avatar\/82aafea7d8127119dd649515f56e2117?s=96&d=mm&r=g","caption":"rtnews"},"url":"https:\/\/now-news.de\/de\/author\/rnews\/"}]}},"_links":{"self":[{"href":"https:\/\/now-news.de\/de\/wp-json\/wp\/v2\/posts\/27720"}],"collection":[{"href":"https:\/\/now-news.de\/de\/wp-json\/wp\/v2\/posts"}],"about":[{"href":"https:\/\/now-news.de\/de\/wp-json\/wp\/v2\/types\/post"}],"author":[{"embeddable":true,"href":"https:\/\/now-news.de\/de\/wp-json\/wp\/v2\/users\/3"}],"replies":[{"embeddable":true,"href":"https:\/\/now-news.de\/de\/wp-json\/wp\/v2\/comments?post=27720"}],"version-history":[{"count":0,"href":"https:\/\/now-news.de\/de\/wp-json\/wp\/v2\/posts\/27720\/revisions"}],"wp:featuredmedia":[{"embeddable":true,"href":"https:\/\/now-news.de\/de\/wp-json\/wp\/v2\/media\/27721"}],"wp:attachment":[{"href":"https:\/\/now-news.de\/de\/wp-json\/wp\/v2\/media?parent=27720"}],"wp:term":[{"taxonomy":"category","embeddable":true,"href":"https:\/\/now-news.de\/de\/wp-json\/wp\/v2\/categories?post=27720"},{"taxonomy":"post_tag","embeddable":true,"href":"https:\/\/now-news.de\/de\/wp-json\/wp\/v2\/tags?post=27720"}],"curies":[{"name":"wp","href":"https:\/\/api.w.org\/{rel}","templated":true}]}}