{"id":27668,"date":"2023-01-13T21:19:11","date_gmt":"2023-01-13T19:19:11","guid":{"rendered":"https:\/\/just-now.news\/de\/deutschland\/wegen-luetzerath-klimaaktivisten-randalieren-in-berlin-%e2%80%92-auch-gruene-parteibueros-beschmiert\/"},"modified":"2023-01-13T21:19:11","modified_gmt":"2023-01-13T19:19:11","slug":"wegen-luetzerath-klimaaktivisten-randalieren-in-berlin-%e2%80%92-auch-gruene-parteibueros-beschmiert","status":"publish","type":"post","link":"https:\/\/now-news.de\/de\/deutschland\/wegen-luetzerath-klimaaktivisten-randalieren-in-berlin-%e2%80%92-auch-gruene-parteibueros-beschmiert\/","title":{"rendered":"Wegen L\u00fctzerath: &quot;Klimaaktivisten&quot; randalieren in Berlin \u2012 auch gr\u00fcne Parteib\u00fcros beschmiert"},"content":{"rendered":"<p><img decoding=\"async\" src=\"http:\/\/just-now.news\/de\/wp-content\/uploads\/sites\/3\/2023\/01\/63c1994f48fbef178c573912.jpg\" \/><\/p>\n<div class=\"Text-root Text-type_1 \">\n                &#8220;Klimaterroristen&#8221; ist das Unwort des Jahres \u2012 in Berlin hat es sich wieder einmal als Realit\u00e4t bewahrheitet. Dort marodierten 200 &#8220;Klimaaktivisten&#8221; am Freitag durch die Stadt. Sie bewarfen unter anderem Gesch\u00e4fte mit Steinen und beschmierten Parteib\u00fcros.\n            <\/div>\n<p><\/p>\n<div class=\"Text-root Text-type_5 ArticleView-text ViewText-root \">\n<p>Wie die <em>FAZ<\/em> am Freitag berichtet, sind etwa 200 Randalierer durch Berlin gezogen und haben einen Schaden in H\u00f6he von mehreren zehntausend Euro angerichtet. Dadurch wollten sie offenbar ihren Unmut \u00fcber die R\u00e4umung von L\u00fctzerath zur Schau stellen. Dort hatten sich &#8220;Klima-Aktivisten&#8221;\u00a0\u2012 unter anderem auch Medienliebling Luise Neubauer\u00a0\u2012 verschanzt und wurden von der Polizei abgef\u00fchrt.<\/p>\n<p>In Berlin-Mitte wurden die Schaufenster von insgesamt 26 Gesch\u00e4ften mit Kleinpflastersteinen sowie mit farbgef\u00fcllten Christbaumkugeln beworfen und besch\u00e4digt. Zudem wurden Parolen wie &#8220;L\u00fctzi bleibt&#8221; oder &#8220;L\u00fctzi lebt&#8221; auf Fenster und Fassaden gepinselt. Ein Polizeigeb\u00e4ude wurde mit Silvesterraketen und B\u00f6llern beschossen.\u00a0<\/p>\n<p>Zwei Gr\u00fcnen-Parteib\u00fcros in den Bezirken Mitte und Lichtenberg wurden ebenfalls beschmiert. Der polizeiliche Staatsschutz des Landeskriminalamts \u00fcbernahm die Ermittlungen wegen schwerem Landfriedensbruch und Sachbesch\u00e4digungen.\u00a0<\/p>\n<p><strong>Mehr zum Thema<\/strong> &#8211; <a rel=\"nofollow noopener\" target=\"_blank\" href=\"https:\/\/test.rtde.tech\/inland\/159796-greta-thunberg-prangert-in-luetzerath\/\">Greta Thunberg prangert in L\u00fctzerath &#8220;Polizeigewalt&#8221; an<\/a><\/p>\n<\/div>\n<p><br \/>\n<br \/><a href=\"https:\/\/de.rt.com\/inland\/159801-wegen-luetzerath-klimaaktivisten-randalieren-in\/\">Source link <\/a><\/p>\n","protected":false},"excerpt":{"rendered":"<p>&#8220;Klimaterroristen&#8221; ist das Unwort des Jahres \u2012 in Berlin hat es sich wieder einmal als Realit\u00e4t bewahrheitet. Dort marodierten 200 &#8220;Klimaaktivisten&#8221; am Freitag durch die Stadt. Sie bewarfen unter anderem Gesch\u00e4fte mit Steinen und beschmierten Parteib\u00fcros. Wie die FAZ am Freitag berichtet, sind etwa 200 Randalierer durch Berlin gezogen und haben einen Schaden in H\u00f6he [&hellip;]<\/p>\n","protected":false},"author":3,"featured_media":27669,"comment_status":"open","ping_status":"open","sticky":false,"template":"","format":"standard","meta":{"_yoast_indexnow_last_ping":["1673638290"],"wp_automatic_camp":["217"],"2685556676e6565a5a2b87e48538f04e":["Wegen L\u00fctzerath: &quot;Klimaaktivisten&quot; randalieren in Berlin \u2012 auch gr\u00fcne Parteib\u00fcros beschmiert"],"original_link":["https:\/\/de.rt.com\/inland\/159801-wegen-luetzerath-klimaaktivisten-randalieren-in\/"],"_thumbnail_id":["27669"],"_wptgpro_p2tg_sent2tg":["a:1:{i:23737;s:19:\"2023-01-13 21:33:49\";}"],"jnews_social_counter_last_update":["1777590840"]},"categories":[19,23],"tags":[1475,943,39022,1434,38382,39021,36417,25584,145],"yoast_head":"<!-- This site is optimized with the Yoast SEO Premium plugin v22.7 (Yoast SEO v22.7) - https:\/\/yoast.com\/wordpress\/plugins\/seo\/ -->\n<title>Wegen L\u00fctzerath: &quot;Klimaaktivisten&quot; randalieren in Berlin \u2012 auch gr\u00fcne Parteib\u00fcros beschmiert - just-now.NEWS Deutschland<\/title>\n<meta name=\"robots\" content=\"index, follow, max-snippet:-1, max-image-preview:large, max-video-preview:-1\" \/>\n<link rel=\"canonical\" href=\"https:\/\/now-news.de\/de\/deutschland\/wegen-luetzerath-klimaaktivisten-randalieren-in-berlin-\u2012-auch-gruene-parteibueros-beschmiert\/\" \/>\n<meta property=\"og:locale\" content=\"de_DE\" \/>\n<meta property=\"og:type\" content=\"article\" \/>\n<meta property=\"og:title\" content=\"Wegen L\u00fctzerath: &quot;Klimaaktivisten&quot; randalieren in Berlin \u2012 auch gr\u00fcne Parteib\u00fcros beschmiert\" \/>\n<meta property=\"og:description\" content=\"&#8220;Klimaterroristen&#8221; ist das Unwort des Jahres \u2012 in Berlin hat es sich wieder einmal als Realit\u00e4t bewahrheitet. Dort marodierten 200 &#8220;Klimaaktivisten&#8221; am Freitag durch die Stadt. Sie bewarfen unter anderem Gesch\u00e4fte mit Steinen und beschmierten Parteib\u00fcros. Wie die FAZ am Freitag berichtet, sind etwa 200 Randalierer durch Berlin gezogen und haben einen Schaden in H\u00f6he [&hellip;]\" \/>\n<meta property=\"og:url\" content=\"https:\/\/now-news.de\/de\/deutschland\/wegen-luetzerath-klimaaktivisten-randalieren-in-berlin-\u2012-auch-gruene-parteibueros-beschmiert\/\" \/>\n<meta property=\"og:site_name\" content=\"just-now.NEWS Deutschland\" \/>\n<meta property=\"article:publisher\" content=\"https:\/\/www.facebook.com\/wirmachenauf\" \/>\n<meta property=\"article:published_time\" content=\"2023-01-13T19:19:11+00:00\" \/>\n<meta property=\"og:image\" content=\"https:\/\/now-news.de\/de\/wp-content\/uploads\/sites\/3\/2023\/01\/Wegen-Luetzerath-quotKlimaaktivistenquot-randalieren-in-Berlin-\u2012-auch-gruene-Parteibueros.jpg\" \/>\n\t<meta property=\"og:image:width\" content=\"460\" \/>\n\t<meta property=\"og:image:height\" content=\"259\" \/>\n\t<meta property=\"og:image:type\" content=\"image\/jpeg\" \/>\n<meta name=\"author\" content=\"rtnews\" \/>\n<meta name=\"twitter:card\" content=\"summary_large_image\" \/>\n<meta name=\"twitter:creator\" content=\"@WirMachenAuf_de\" \/>\n<meta name=\"twitter:site\" content=\"@WirMachenAuf_de\" \/>\n<meta name=\"twitter:label1\" content=\"Verfasst von\" \/>\n\t<meta name=\"twitter:data1\" content=\"rtnews\" \/>\n\t<meta name=\"twitter:label2\" content=\"Gesch\u00e4tzte Lesezeit\" \/>\n\t<meta name=\"twitter:data2\" content=\"1\u00a0Minute\" \/>\n<script type=\"application\/ld+json\" class=\"yoast-schema-graph\">{\"@context\":\"https:\/\/schema.org\",\"@graph\":[{\"@type\":\"Article\",\"@id\":\"https:\/\/now-news.de\/de\/deutschland\/wegen-luetzerath-klimaaktivisten-randalieren-in-berlin-%e2%80%92-auch-gruene-parteibueros-beschmiert\/#article\",\"isPartOf\":{\"@id\":\"https:\/\/now-news.de\/de\/deutschland\/wegen-luetzerath-klimaaktivisten-randalieren-in-berlin-%e2%80%92-auch-gruene-parteibueros-beschmiert\/\"},\"author\":{\"name\":\"rtnews\",\"@id\":\"https:\/\/now-news.de\/de\/#\/schema\/person\/fb534a4e865501d8b3285208df34a9b5\"},\"headline\":\"Wegen L\u00fctzerath: &quot;Klimaaktivisten&quot; randalieren in Berlin \u2012 auch gr\u00fcne Parteib\u00fcros beschmiert\",\"datePublished\":\"2023-01-13T19:19:11+00:00\",\"dateModified\":\"2023-01-13T19:19:11+00:00\",\"mainEntityOfPage\":{\"@id\":\"https:\/\/now-news.de\/de\/deutschland\/wegen-luetzerath-klimaaktivisten-randalieren-in-berlin-%e2%80%92-auch-gruene-parteibueros-beschmiert\/\"},\"wordCount\":198,\"commentCount\":0,\"publisher\":{\"@id\":\"https:\/\/now-news.de\/de\/#organization\"},\"image\":{\"@id\":\"https:\/\/now-news.de\/de\/deutschland\/wegen-luetzerath-klimaaktivisten-randalieren-in-berlin-%e2%80%92-auch-gruene-parteibueros-beschmiert\/#primaryimage\"},\"thumbnailUrl\":\"https:\/\/now-news.de\/de\/wp-content\/uploads\/sites\/3\/2023\/01\/Wegen-Luetzerath-quotKlimaaktivistenquot-randalieren-in-Berlin-\u2012-auch-gruene-Parteibueros.jpg\",\"keywords\":[\"auch\",\"Berlin\",\"beschmiert\",\"Gr\u00fcne\",\"L\u00fctzerath\",\"Parteib\u00fcros\",\"quotKlimaaktivistenquot\",\"randalieren\",\"wegen\"],\"articleSection\":[\"Deutschland\",\"Russland\"],\"inLanguage\":\"de\",\"potentialAction\":[{\"@type\":\"CommentAction\",\"name\":\"Comment\",\"target\":[\"https:\/\/now-news.de\/de\/deutschland\/wegen-luetzerath-klimaaktivisten-randalieren-in-berlin-%e2%80%92-auch-gruene-parteibueros-beschmiert\/#respond\"]}]},{\"@type\":\"WebPage\",\"@id\":\"https:\/\/now-news.de\/de\/deutschland\/wegen-luetzerath-klimaaktivisten-randalieren-in-berlin-%e2%80%92-auch-gruene-parteibueros-beschmiert\/\",\"url\":\"https:\/\/now-news.de\/de\/deutschland\/wegen-luetzerath-klimaaktivisten-randalieren-in-berlin-%e2%80%92-auch-gruene-parteibueros-beschmiert\/\",\"name\":\"Wegen L\u00fctzerath: &quot;Klimaaktivisten&quot; randalieren in Berlin \u2012 auch gr\u00fcne Parteib\u00fcros beschmiert - just-now.NEWS Deutschland\",\"isPartOf\":{\"@id\":\"https:\/\/now-news.de\/de\/#website\"},\"primaryImageOfPage\":{\"@id\":\"https:\/\/now-news.de\/de\/deutschland\/wegen-luetzerath-klimaaktivisten-randalieren-in-berlin-%e2%80%92-auch-gruene-parteibueros-beschmiert\/#primaryimage\"},\"image\":{\"@id\":\"https:\/\/now-news.de\/de\/deutschland\/wegen-luetzerath-klimaaktivisten-randalieren-in-berlin-%e2%80%92-auch-gruene-parteibueros-beschmiert\/#primaryimage\"},\"thumbnailUrl\":\"https:\/\/now-news.de\/de\/wp-content\/uploads\/sites\/3\/2023\/01\/Wegen-Luetzerath-quotKlimaaktivistenquot-randalieren-in-Berlin-\u2012-auch-gruene-Parteibueros.jpg\",\"datePublished\":\"2023-01-13T19:19:11+00:00\",\"dateModified\":\"2023-01-13T19:19:11+00:00\",\"breadcrumb\":{\"@id\":\"https:\/\/now-news.de\/de\/deutschland\/wegen-luetzerath-klimaaktivisten-randalieren-in-berlin-%e2%80%92-auch-gruene-parteibueros-beschmiert\/#breadcrumb\"},\"inLanguage\":\"de\",\"potentialAction\":[{\"@type\":\"ReadAction\",\"target\":[\"https:\/\/now-news.de\/de\/deutschland\/wegen-luetzerath-klimaaktivisten-randalieren-in-berlin-%e2%80%92-auch-gruene-parteibueros-beschmiert\/\"]}]},{\"@type\":\"ImageObject\",\"inLanguage\":\"de\",\"@id\":\"https:\/\/now-news.de\/de\/deutschland\/wegen-luetzerath-klimaaktivisten-randalieren-in-berlin-%e2%80%92-auch-gruene-parteibueros-beschmiert\/#primaryimage\",\"url\":\"https:\/\/now-news.de\/de\/wp-content\/uploads\/sites\/3\/2023\/01\/Wegen-Luetzerath-quotKlimaaktivistenquot-randalieren-in-Berlin-\u2012-auch-gruene-Parteibueros.jpg\",\"contentUrl\":\"https:\/\/now-news.de\/de\/wp-content\/uploads\/sites\/3\/2023\/01\/Wegen-Luetzerath-quotKlimaaktivistenquot-randalieren-in-Berlin-\u2012-auch-gruene-Parteibueros.jpg\",\"width\":460,\"height\":259,\"caption\":\"Wegen L\u00fctzerath: &quot;Klimaaktivisten&quot; randalieren in Berlin \u2012 auch gr\u00fcne Parteib\u00fcros beschmiert\"},{\"@type\":\"BreadcrumbList\",\"@id\":\"https:\/\/now-news.de\/de\/deutschland\/wegen-luetzerath-klimaaktivisten-randalieren-in-berlin-%e2%80%92-auch-gruene-parteibueros-beschmiert\/#breadcrumb\",\"itemListElement\":[{\"@type\":\"ListItem\",\"position\":1,\"name\":\"Home\",\"item\":\"https:\/\/now-news.de\/de\/\"},{\"@type\":\"ListItem\",\"position\":2,\"name\":\"Wegen L\u00fctzerath: &quot;Klimaaktivisten&quot; randalieren in Berlin \u2012 auch gr\u00fcne Parteib\u00fcros beschmiert\"}]},{\"@type\":\"WebSite\",\"@id\":\"https:\/\/now-news.de\/de\/#website\",\"url\":\"https:\/\/now-news.de\/de\/\",\"name\":\"just-now.NEWS Deutschland\",\"description\":\"Das Portal f\u00fcr unzensierte Nachrichten aus der Welt\",\"publisher\":{\"@id\":\"https:\/\/now-news.de\/de\/#organization\"},\"potentialAction\":[{\"@type\":\"SearchAction\",\"target\":{\"@type\":\"EntryPoint\",\"urlTemplate\":\"https:\/\/now-news.de\/de\/?s={search_term_string}\"},\"query-input\":\"required name=search_term_string\"}],\"inLanguage\":\"de\"},{\"@type\":\"Organization\",\"@id\":\"https:\/\/now-news.de\/de\/#organization\",\"name\":\"Just Now News\",\"url\":\"https:\/\/now-news.de\/de\/\",\"logo\":{\"@type\":\"ImageObject\",\"inLanguage\":\"de\",\"@id\":\"https:\/\/now-news.de\/de\/#\/schema\/logo\/image\/\",\"url\":\"http:\/\/just-now.news\/de\/wp-content\/uploads\/sites\/3\/2022\/04\/logo500x500.jpg\",\"contentUrl\":\"http:\/\/just-now.news\/de\/wp-content\/uploads\/sites\/3\/2022\/04\/logo500x500.jpg\",\"width\":500,\"height\":500,\"caption\":\"Just Now News\"},\"image\":{\"@id\":\"https:\/\/now-news.de\/de\/#\/schema\/logo\/image\/\"},\"sameAs\":[\"https:\/\/www.facebook.com\/wirmachenauf\",\"https:\/\/x.com\/WirMachenAuf_de\"]},{\"@type\":\"Person\",\"@id\":\"https:\/\/now-news.de\/de\/#\/schema\/person\/fb534a4e865501d8b3285208df34a9b5\",\"name\":\"rtnews\",\"image\":{\"@type\":\"ImageObject\",\"inLanguage\":\"de\",\"@id\":\"https:\/\/now-news.de\/de\/#\/schema\/person\/image\/\",\"url\":\"https:\/\/secure.gravatar.com\/avatar\/82aafea7d8127119dd649515f56e2117?s=96&d=mm&r=g\",\"contentUrl\":\"https:\/\/secure.gravatar.com\/avatar\/82aafea7d8127119dd649515f56e2117?s=96&d=mm&r=g\",\"caption\":\"rtnews\"},\"url\":\"https:\/\/now-news.de\/de\/author\/rnews\/\"}]}<\/script>\n<!-- \/ Yoast SEO Premium plugin. -->","yoast_head_json":{"title":"Wegen L\u00fctzerath: &quot;Klimaaktivisten&quot; randalieren in Berlin \u2012 auch gr\u00fcne Parteib\u00fcros beschmiert - just-now.NEWS Deutschland","robots":{"index":"index","follow":"follow","max-snippet":"max-snippet:-1","max-image-preview":"max-image-preview:large","max-video-preview":"max-video-preview:-1"},"canonical":"https:\/\/now-news.de\/de\/deutschland\/wegen-luetzerath-klimaaktivisten-randalieren-in-berlin-\u2012-auch-gruene-parteibueros-beschmiert\/","og_locale":"de_DE","og_type":"article","og_title":"Wegen L\u00fctzerath: &quot;Klimaaktivisten&quot; randalieren in Berlin \u2012 auch gr\u00fcne Parteib\u00fcros beschmiert","og_description":"&#8220;Klimaterroristen&#8221; ist das Unwort des Jahres \u2012 in Berlin hat es sich wieder einmal als Realit\u00e4t bewahrheitet. Dort marodierten 200 &#8220;Klimaaktivisten&#8221; am Freitag durch die Stadt. Sie bewarfen unter anderem Gesch\u00e4fte mit Steinen und beschmierten Parteib\u00fcros. Wie die FAZ am Freitag berichtet, sind etwa 200 Randalierer durch Berlin gezogen und haben einen Schaden in H\u00f6he [&hellip;]","og_url":"https:\/\/now-news.de\/de\/deutschland\/wegen-luetzerath-klimaaktivisten-randalieren-in-berlin-\u2012-auch-gruene-parteibueros-beschmiert\/","og_site_name":"just-now.NEWS Deutschland","article_publisher":"https:\/\/www.facebook.com\/wirmachenauf","article_published_time":"2023-01-13T19:19:11+00:00","og_image":[{"width":460,"height":259,"url":"https:\/\/now-news.de\/de\/wp-content\/uploads\/sites\/3\/2023\/01\/Wegen-Luetzerath-quotKlimaaktivistenquot-randalieren-in-Berlin-\u2012-auch-gruene-Parteibueros.jpg","type":"image\/jpeg"}],"author":"rtnews","twitter_card":"summary_large_image","twitter_creator":"@WirMachenAuf_de","twitter_site":"@WirMachenAuf_de","twitter_misc":{"Verfasst von":"rtnews","Gesch\u00e4tzte Lesezeit":"1\u00a0Minute"},"schema":{"@context":"https:\/\/schema.org","@graph":[{"@type":"Article","@id":"https:\/\/now-news.de\/de\/deutschland\/wegen-luetzerath-klimaaktivisten-randalieren-in-berlin-%e2%80%92-auch-gruene-parteibueros-beschmiert\/#article","isPartOf":{"@id":"https:\/\/now-news.de\/de\/deutschland\/wegen-luetzerath-klimaaktivisten-randalieren-in-berlin-%e2%80%92-auch-gruene-parteibueros-beschmiert\/"},"author":{"name":"rtnews","@id":"https:\/\/now-news.de\/de\/#\/schema\/person\/fb534a4e865501d8b3285208df34a9b5"},"headline":"Wegen L\u00fctzerath: &quot;Klimaaktivisten&quot; randalieren in Berlin \u2012 auch gr\u00fcne Parteib\u00fcros beschmiert","datePublished":"2023-01-13T19:19:11+00:00","dateModified":"2023-01-13T19:19:11+00:00","mainEntityOfPage":{"@id":"https:\/\/now-news.de\/de\/deutschland\/wegen-luetzerath-klimaaktivisten-randalieren-in-berlin-%e2%80%92-auch-gruene-parteibueros-beschmiert\/"},"wordCount":198,"commentCount":0,"publisher":{"@id":"https:\/\/now-news.de\/de\/#organization"},"image":{"@id":"https:\/\/now-news.de\/de\/deutschland\/wegen-luetzerath-klimaaktivisten-randalieren-in-berlin-%e2%80%92-auch-gruene-parteibueros-beschmiert\/#primaryimage"},"thumbnailUrl":"https:\/\/now-news.de\/de\/wp-content\/uploads\/sites\/3\/2023\/01\/Wegen-Luetzerath-quotKlimaaktivistenquot-randalieren-in-Berlin-\u2012-auch-gruene-Parteibueros.jpg","keywords":["auch","Berlin","beschmiert","Gr\u00fcne","L\u00fctzerath","Parteib\u00fcros","quotKlimaaktivistenquot","randalieren","wegen"],"articleSection":["Deutschland","Russland"],"inLanguage":"de","potentialAction":[{"@type":"CommentAction","name":"Comment","target":["https:\/\/now-news.de\/de\/deutschland\/wegen-luetzerath-klimaaktivisten-randalieren-in-berlin-%e2%80%92-auch-gruene-parteibueros-beschmiert\/#respond"]}]},{"@type":"WebPage","@id":"https:\/\/now-news.de\/de\/deutschland\/wegen-luetzerath-klimaaktivisten-randalieren-in-berlin-%e2%80%92-auch-gruene-parteibueros-beschmiert\/","url":"https:\/\/now-news.de\/de\/deutschland\/wegen-luetzerath-klimaaktivisten-randalieren-in-berlin-%e2%80%92-auch-gruene-parteibueros-beschmiert\/","name":"Wegen L\u00fctzerath: &quot;Klimaaktivisten&quot; randalieren in Berlin \u2012 auch gr\u00fcne Parteib\u00fcros beschmiert - just-now.NEWS Deutschland","isPartOf":{"@id":"https:\/\/now-news.de\/de\/#website"},"primaryImageOfPage":{"@id":"https:\/\/now-news.de\/de\/deutschland\/wegen-luetzerath-klimaaktivisten-randalieren-in-berlin-%e2%80%92-auch-gruene-parteibueros-beschmiert\/#primaryimage"},"image":{"@id":"https:\/\/now-news.de\/de\/deutschland\/wegen-luetzerath-klimaaktivisten-randalieren-in-berlin-%e2%80%92-auch-gruene-parteibueros-beschmiert\/#primaryimage"},"thumbnailUrl":"https:\/\/now-news.de\/de\/wp-content\/uploads\/sites\/3\/2023\/01\/Wegen-Luetzerath-quotKlimaaktivistenquot-randalieren-in-Berlin-\u2012-auch-gruene-Parteibueros.jpg","datePublished":"2023-01-13T19:19:11+00:00","dateModified":"2023-01-13T19:19:11+00:00","breadcrumb":{"@id":"https:\/\/now-news.de\/de\/deutschland\/wegen-luetzerath-klimaaktivisten-randalieren-in-berlin-%e2%80%92-auch-gruene-parteibueros-beschmiert\/#breadcrumb"},"inLanguage":"de","potentialAction":[{"@type":"ReadAction","target":["https:\/\/now-news.de\/de\/deutschland\/wegen-luetzerath-klimaaktivisten-randalieren-in-berlin-%e2%80%92-auch-gruene-parteibueros-beschmiert\/"]}]},{"@type":"ImageObject","inLanguage":"de","@id":"https:\/\/now-news.de\/de\/deutschland\/wegen-luetzerath-klimaaktivisten-randalieren-in-berlin-%e2%80%92-auch-gruene-parteibueros-beschmiert\/#primaryimage","url":"https:\/\/now-news.de\/de\/wp-content\/uploads\/sites\/3\/2023\/01\/Wegen-Luetzerath-quotKlimaaktivistenquot-randalieren-in-Berlin-\u2012-auch-gruene-Parteibueros.jpg","contentUrl":"https:\/\/now-news.de\/de\/wp-content\/uploads\/sites\/3\/2023\/01\/Wegen-Luetzerath-quotKlimaaktivistenquot-randalieren-in-Berlin-\u2012-auch-gruene-Parteibueros.jpg","width":460,"height":259,"caption":"Wegen L\u00fctzerath: &quot;Klimaaktivisten&quot; randalieren in Berlin \u2012 auch gr\u00fcne Parteib\u00fcros beschmiert"},{"@type":"BreadcrumbList","@id":"https:\/\/now-news.de\/de\/deutschland\/wegen-luetzerath-klimaaktivisten-randalieren-in-berlin-%e2%80%92-auch-gruene-parteibueros-beschmiert\/#breadcrumb","itemListElement":[{"@type":"ListItem","position":1,"name":"Home","item":"https:\/\/now-news.de\/de\/"},{"@type":"ListItem","position":2,"name":"Wegen L\u00fctzerath: &quot;Klimaaktivisten&quot; randalieren in Berlin \u2012 auch gr\u00fcne Parteib\u00fcros beschmiert"}]},{"@type":"WebSite","@id":"https:\/\/now-news.de\/de\/#website","url":"https:\/\/now-news.de\/de\/","name":"just-now.NEWS Deutschland","description":"Das Portal f\u00fcr unzensierte Nachrichten aus der Welt","publisher":{"@id":"https:\/\/now-news.de\/de\/#organization"},"potentialAction":[{"@type":"SearchAction","target":{"@type":"EntryPoint","urlTemplate":"https:\/\/now-news.de\/de\/?s={search_term_string}"},"query-input":"required name=search_term_string"}],"inLanguage":"de"},{"@type":"Organization","@id":"https:\/\/now-news.de\/de\/#organization","name":"Just Now News","url":"https:\/\/now-news.de\/de\/","logo":{"@type":"ImageObject","inLanguage":"de","@id":"https:\/\/now-news.de\/de\/#\/schema\/logo\/image\/","url":"http:\/\/just-now.news\/de\/wp-content\/uploads\/sites\/3\/2022\/04\/logo500x500.jpg","contentUrl":"http:\/\/just-now.news\/de\/wp-content\/uploads\/sites\/3\/2022\/04\/logo500x500.jpg","width":500,"height":500,"caption":"Just Now News"},"image":{"@id":"https:\/\/now-news.de\/de\/#\/schema\/logo\/image\/"},"sameAs":["https:\/\/www.facebook.com\/wirmachenauf","https:\/\/x.com\/WirMachenAuf_de"]},{"@type":"Person","@id":"https:\/\/now-news.de\/de\/#\/schema\/person\/fb534a4e865501d8b3285208df34a9b5","name":"rtnews","image":{"@type":"ImageObject","inLanguage":"de","@id":"https:\/\/now-news.de\/de\/#\/schema\/person\/image\/","url":"https:\/\/secure.gravatar.com\/avatar\/82aafea7d8127119dd649515f56e2117?s=96&d=mm&r=g","contentUrl":"https:\/\/secure.gravatar.com\/avatar\/82aafea7d8127119dd649515f56e2117?s=96&d=mm&r=g","caption":"rtnews"},"url":"https:\/\/now-news.de\/de\/author\/rnews\/"}]}},"_links":{"self":[{"href":"https:\/\/now-news.de\/de\/wp-json\/wp\/v2\/posts\/27668"}],"collection":[{"href":"https:\/\/now-news.de\/de\/wp-json\/wp\/v2\/posts"}],"about":[{"href":"https:\/\/now-news.de\/de\/wp-json\/wp\/v2\/types\/post"}],"author":[{"embeddable":true,"href":"https:\/\/now-news.de\/de\/wp-json\/wp\/v2\/users\/3"}],"replies":[{"embeddable":true,"href":"https:\/\/now-news.de\/de\/wp-json\/wp\/v2\/comments?post=27668"}],"version-history":[{"count":0,"href":"https:\/\/now-news.de\/de\/wp-json\/wp\/v2\/posts\/27668\/revisions"}],"wp:featuredmedia":[{"embeddable":true,"href":"https:\/\/now-news.de\/de\/wp-json\/wp\/v2\/media\/27669"}],"wp:attachment":[{"href":"https:\/\/now-news.de\/de\/wp-json\/wp\/v2\/media?parent=27668"}],"wp:term":[{"taxonomy":"category","embeddable":true,"href":"https:\/\/now-news.de\/de\/wp-json\/wp\/v2\/categories?post=27668"},{"taxonomy":"post_tag","embeddable":true,"href":"https:\/\/now-news.de\/de\/wp-json\/wp\/v2\/tags?post=27668"}],"curies":[{"name":"wp","href":"https:\/\/api.w.org\/{rel}","templated":true}]}}