{"id":27656,"date":"2023-01-13T19:48:18","date_gmt":"2023-01-13T17:48:18","guid":{"rendered":"http:\/\/just-now.news\/de\/deutschland\/kreml-spricht-sich-gegen-die-enteignung-ausgereister-oppositioneller-aus\/"},"modified":"2023-01-13T19:48:18","modified_gmt":"2023-01-13T17:48:18","slug":"kreml-spricht-sich-gegen-die-enteignung-ausgereister-oppositioneller-aus","status":"publish","type":"post","link":"https:\/\/now-news.de\/de\/deutschland\/kreml-spricht-sich-gegen-die-enteignung-ausgereister-oppositioneller-aus\/","title":{"rendered":"Kreml spricht sich gegen die Enteignung ausgereister Oppositioneller aus"},"content":{"rendered":"<p><img decoding=\"async\" src=\"http:\/\/just-now.news\/de\/wp-content\/uploads\/sites\/3\/2023\/01\/63c1387648fbef226a5d8d64.jpg\" \/><\/p>\n<div class=\"Text-root Text-type_1 \">\n                Der Kreml lehnt den Vorschlag des Dumasprechers Wjatscheslaw Wolodin, aus Russland ins Ausland geflohene Oppositionelle zu enteignen, ab. Das hat der Pressesprecher des russischen Pr\u00e4sidialamtes Dmitri Peskow am Freitag klargestellt.\n            <\/div>\n<p><\/p>\n<div class=\"Text-root Text-type_5 ArticleView-text ViewText-root \">\n<p>Der russische Pr\u00e4sident Wladimir Putin wird den Vorschlag des Duma-Vorsitzenden Wjatscheslaw Wolodin, ausgewanderte Russen, die aus dem Ausland die russischen Ma\u00dfnahmen in der Ukraine kritisieren, zu enteignen, nicht unterst\u00fctzen. Es bed\u00fcrfe zuerst einer klaren Abgrenzung zwischen kriminellem Landesverrat und zul\u00e4ssiger staatsb\u00fcrgerlicher Kritik, bevor so weitreichende Sanktionen beschlossen werden k\u00f6nnten, sagte der Pressesprecher des russischen Pr\u00e4sidenten Dmitri Peskow am Freitag zu Journalisten:\u00a0<\/p>\n<blockquote>\n<p><em>&#8220;Dies ist ein sehr schwieriges Thema, das in unserer Zeit sicherlich relevant ist, aber wir k\u00f6nnen hier nicht, sagen wir, die B\u00fcchse der Pandora \u00f6ffnen. Feinde sind Feinde, gegen sie muss vorgegangen werden, aber alle anderen \u2013 sie sind unsere B\u00fcrger und m\u00fcssen unsere B\u00fcrger bleiben.&#8221;<\/em><\/p>\n<\/blockquote>\n<p>Im Gegenteil, fuhr Peskow fort, m\u00fcssen die staatlichen Anstrengungen darauf gerichtet sein, dass die Ausgewanderten, die trotz Meinungsverschiedenheiten nicht als Staatsfeinde gelten k\u00f6nnen, in das Land zur\u00fcckkehren.\u00a0<\/p>\n<p>Putin selbst hatte schon zuvor gesagt, dass es unterschiedliche Beweggr\u00fcnde f\u00fcr die Ausreisen gebe \u2013 und damit angedeutet, dass er eine pauschale Bestrafung nicht unterst\u00fctzt.<\/p>\n<p>Der russische Parlamentschef Wolodin hatte zuvor die Enteignung ausgewanderter B\u00fcrger, die das russische Vorgehen in der Ukraine kritisieren, vorgeschlagen. Ihm zufolge halten es einige Russen f\u00fcr m\u00f6glich, &#8220;Russland, seine Einwohner, Soldaten und Offiziere zu beleidigen und Schurken, Nazis und M\u00f6rder offen zu unterst\u00fctzen&#8221;.<\/p>\n<blockquote>\n<p><em>&#8220;Solche \u00c4u\u00dferungen k\u00f6nnen als Aufrufe zum Extremismus, zur Rehabilitierung des Nationalsozialismus oder zur Diskreditierung der Armee gewertet werden&#8221;, <\/em>schrieb Wolodin am Freitag auf Telegram.<\/p>\n<\/blockquote>\n<p>Die Praxis habe gezeigt, dass die bestehenden Reaktionsm\u00f6glichkeiten nicht ausreichen. Unter denen, die das Land verlassen haben und die Regierung kritisieren, gibt es laut Wolodin auch Menschen, die auf Kosten russischer B\u00fcrger leben. Daher sollte in das Strafgesetzbuch ein Paragraf f\u00fcr die Beschlagnahme von Eigentum jener Russen aufgenommen werden, die im Ausland ihre Heimat beleidigen.<\/p>\n<p>Die Staatsduma nimmt nach den Winterferien ihre Arbeit n\u00e4chste Woche wieder auf. Wolodin hatte in der Vergangenheit wiederholt Initiativen vorgebracht, die\u00a0regierungskritische B\u00fcrger betreffen. So schlug er vor, Fahrzeuge jener Menschen zu beschlagnahmen, die vor der Mobilmachung geflohen und gezwungen gewesen waren, ihre Autos an der Grenze zur\u00fcckzulassen.<\/p>\n<p>Der Leiter des Komitees f\u00fcr Verfassungsgesetzgebung Andrei Klischas teilte der Nachrichtenagentur <em>TASS<\/em> mit, dass die Beschlagnahme von Eigentum wegen Beleidigung der Streitkr\u00e4fte m\u00f6glich sei, daf\u00fcr seien allerdings \u00c4nderungen im Strafgesetzbuch notwendig.<\/p>\n<p>Nach Kriegsbeginn und vor allem nach Beginn der Mobilmachung im Herbst waren einige Tausend Russen ins Ausland geflohen. Einige davon kritisieren offen Russlands Vorgehen in der Ukraine.\u00a0<\/p>\n<p><strong>Mehr zum Thema<\/strong> &#8211; <a rel=\"nofollow noopener\" target=\"_blank\" href=\"https:\/\/de.rt.com\/russland\/159425-nach-drastischen-worten-russischem-schauspieler\/\">Nach drastischen Worten: Russischem Schauspieler droht Strafverfahren<\/a><\/p>\n<\/div>\n<p><br \/>\n<br \/><a href=\"https:\/\/de.rt.com\/international\/159758-kreml-spricht-sich-gegen-enteignung\/\">Source link <\/a><\/p>\n","protected":false},"excerpt":{"rendered":"<p>Der Kreml lehnt den Vorschlag des Dumasprechers Wjatscheslaw Wolodin, aus Russland ins Ausland geflohene Oppositionelle zu enteignen, ab. Das hat der Pressesprecher des russischen Pr\u00e4sidialamtes Dmitri Peskow am Freitag klargestellt. Der russische Pr\u00e4sident Wladimir Putin wird den Vorschlag des Duma-Vorsitzenden Wjatscheslaw Wolodin, ausgewanderte Russen, die aus dem Ausland die russischen Ma\u00dfnahmen in der Ukraine kritisieren, [&hellip;]<\/p>\n","protected":false},"author":3,"featured_media":27657,"comment_status":"open","ping_status":"open","sticky":false,"template":"","format":"standard","meta":{"_yoast_indexnow_last_ping":["1673632569"],"wp_automatic_camp":["217"],"a2598813624f62cb702f34861405b227":["Kreml spricht sich gegen die Enteignung ausgereister Oppositioneller aus"],"original_link":["https:\/\/de.rt.com\/international\/159758-kreml-spricht-sich-gegen-enteignung\/"],"_thumbnail_id":["27657"],"_wptgpro_p2tg_sent2tg":["a:1:{i:23737;s:19:\"2023-01-13 19:57:09\";}"],"jnews_social_counter_last_update":["1788285569"]},"categories":[19,23],"tags":[679,39012,45,4840,278,6312,27249,434,4067],"class_list":["post-27656","post","type-post","status-publish","format-standard","has-post-thumbnail","hentry","category-deutschland","category-russland","tag-aus","tag-ausgereister","tag-die","tag-enteignung","tag-gegen","tag-kreml","tag-oppositioneller","tag-sich","tag-spricht"],"yoast_head":"<!-- This site is optimized with the Yoast SEO Premium plugin v22.7 (Yoast SEO v28.2) - https:\/\/yoast.com\/product\/yoast-seo-premium-wordpress\/ -->\n<title>Kreml spricht sich gegen die Enteignung ausgereister Oppositioneller aus - just-now.NEWS Deutschland<\/title>\n<meta name=\"robots\" content=\"index, follow, max-snippet:-1, max-image-preview:large, max-video-preview:-1\" \/>\n<link rel=\"canonical\" href=\"https:\/\/now-news.de\/de\/deutschland\/kreml-spricht-sich-gegen-die-enteignung-ausgereister-oppositioneller-aus\/\" \/>\n<meta property=\"og:locale\" content=\"de_DE\" \/>\n<meta property=\"og:type\" content=\"article\" \/>\n<meta property=\"og:title\" content=\"Kreml spricht sich gegen die Enteignung ausgereister Oppositioneller aus\" \/>\n<meta property=\"og:description\" content=\"Der Kreml lehnt den Vorschlag des Dumasprechers Wjatscheslaw Wolodin, aus Russland ins Ausland geflohene Oppositionelle zu enteignen, ab. Das hat der Pressesprecher des russischen Pr\u00e4sidialamtes Dmitri Peskow am Freitag klargestellt. Der russische Pr\u00e4sident Wladimir Putin wird den Vorschlag des Duma-Vorsitzenden Wjatscheslaw Wolodin, ausgewanderte Russen, die aus dem Ausland die russischen Ma\u00dfnahmen in der Ukraine kritisieren, [&hellip;]\" \/>\n<meta property=\"og:url\" content=\"https:\/\/now-news.de\/de\/deutschland\/kreml-spricht-sich-gegen-die-enteignung-ausgereister-oppositioneller-aus\/\" \/>\n<meta property=\"og:site_name\" content=\"just-now.NEWS Deutschland\" \/>\n<meta property=\"article:publisher\" content=\"https:\/\/www.facebook.com\/wirmachenauf\" \/>\n<meta property=\"article:published_time\" content=\"2023-01-13T17:48:18+00:00\" \/>\n<meta property=\"og:image\" content=\"https:\/\/now-news.de\/de\/wp-content\/uploads\/sites\/3\/2023\/01\/Kreml-spricht-sich-gegen-die-Enteignung-ausgereister-Oppositioneller-aus.jpg\" \/>\n\t<meta property=\"og:image:width\" content=\"460\" \/>\n\t<meta property=\"og:image:height\" content=\"259\" \/>\n\t<meta property=\"og:image:type\" content=\"image\/jpeg\" \/>\n<meta name=\"author\" content=\"rtnews\" \/>\n<meta name=\"twitter:card\" content=\"summary_large_image\" \/>\n<meta name=\"twitter:creator\" content=\"@WirMachenAuf_de\" \/>\n<meta name=\"twitter:site\" content=\"@WirMachenAuf_de\" \/>\n<meta name=\"twitter:label1\" content=\"Verfasst von\" \/>\n\t<meta name=\"twitter:data1\" content=\"rtnews\" \/>\n\t<meta name=\"twitter:label2\" content=\"Gesch\u00e4tzte Lesezeit\" \/>\n\t<meta name=\"twitter:data2\" content=\"2\u00a0Minuten\" \/>\n<script type=\"application\/ld+json\" class=\"yoast-schema-graph\">{\"@context\":\"https:\\\/\\\/schema.org\",\"@graph\":[{\"@type\":\"Article\",\"@id\":\"https:\\\/\\\/now-news.de\\\/de\\\/deutschland\\\/kreml-spricht-sich-gegen-die-enteignung-ausgereister-oppositioneller-aus\\\/#article\",\"isPartOf\":{\"@id\":\"https:\\\/\\\/now-news.de\\\/de\\\/deutschland\\\/kreml-spricht-sich-gegen-die-enteignung-ausgereister-oppositioneller-aus\\\/\"},\"author\":{\"name\":\"rtnews\",\"@id\":\"https:\\\/\\\/now-news.de\\\/de\\\/#\\\/schema\\\/person\\\/fb534a4e865501d8b3285208df34a9b5\"},\"headline\":\"Kreml spricht sich gegen die Enteignung ausgereister Oppositioneller aus\",\"datePublished\":\"2023-01-13T17:48:18+00:00\",\"mainEntityOfPage\":{\"@id\":\"https:\\\/\\\/now-news.de\\\/de\\\/deutschland\\\/kreml-spricht-sich-gegen-die-enteignung-ausgereister-oppositioneller-aus\\\/\"},\"wordCount\":475,\"commentCount\":0,\"publisher\":{\"@id\":\"https:\\\/\\\/now-news.de\\\/de\\\/#organization\"},\"image\":{\"@id\":\"https:\\\/\\\/now-news.de\\\/de\\\/deutschland\\\/kreml-spricht-sich-gegen-die-enteignung-ausgereister-oppositioneller-aus\\\/#primaryimage\"},\"thumbnailUrl\":\"https:\\\/\\\/now-news.de\\\/de\\\/wp-content\\\/uploads\\\/sites\\\/3\\\/2023\\\/01\\\/Kreml-spricht-sich-gegen-die-Enteignung-ausgereister-Oppositioneller-aus.jpg\",\"keywords\":[\"aus\",\"ausgereister\",\"die\",\"Enteignung\",\"gegen\",\"Kreml\",\"Oppositioneller\",\"sich\",\"spricht\"],\"articleSection\":[\"Deutschland\",\"Russland\"],\"inLanguage\":\"de\",\"potentialAction\":[{\"@type\":\"CommentAction\",\"name\":\"Comment\",\"target\":[\"https:\\\/\\\/now-news.de\\\/de\\\/deutschland\\\/kreml-spricht-sich-gegen-die-enteignung-ausgereister-oppositioneller-aus\\\/#respond\"]}]},{\"@type\":\"WebPage\",\"@id\":\"https:\\\/\\\/now-news.de\\\/de\\\/deutschland\\\/kreml-spricht-sich-gegen-die-enteignung-ausgereister-oppositioneller-aus\\\/\",\"url\":\"https:\\\/\\\/now-news.de\\\/de\\\/deutschland\\\/kreml-spricht-sich-gegen-die-enteignung-ausgereister-oppositioneller-aus\\\/\",\"name\":\"Kreml spricht sich gegen die Enteignung ausgereister Oppositioneller aus - just-now.NEWS Deutschland\",\"isPartOf\":{\"@id\":\"https:\\\/\\\/now-news.de\\\/de\\\/#website\"},\"primaryImageOfPage\":{\"@id\":\"https:\\\/\\\/now-news.de\\\/de\\\/deutschland\\\/kreml-spricht-sich-gegen-die-enteignung-ausgereister-oppositioneller-aus\\\/#primaryimage\"},\"image\":{\"@id\":\"https:\\\/\\\/now-news.de\\\/de\\\/deutschland\\\/kreml-spricht-sich-gegen-die-enteignung-ausgereister-oppositioneller-aus\\\/#primaryimage\"},\"thumbnailUrl\":\"https:\\\/\\\/now-news.de\\\/de\\\/wp-content\\\/uploads\\\/sites\\\/3\\\/2023\\\/01\\\/Kreml-spricht-sich-gegen-die-Enteignung-ausgereister-Oppositioneller-aus.jpg\",\"datePublished\":\"2023-01-13T17:48:18+00:00\",\"breadcrumb\":{\"@id\":\"https:\\\/\\\/now-news.de\\\/de\\\/deutschland\\\/kreml-spricht-sich-gegen-die-enteignung-ausgereister-oppositioneller-aus\\\/#breadcrumb\"},\"inLanguage\":\"de\",\"potentialAction\":[{\"@type\":\"ReadAction\",\"target\":[\"https:\\\/\\\/now-news.de\\\/de\\\/deutschland\\\/kreml-spricht-sich-gegen-die-enteignung-ausgereister-oppositioneller-aus\\\/\"]}]},{\"@type\":\"ImageObject\",\"inLanguage\":\"de\",\"@id\":\"https:\\\/\\\/now-news.de\\\/de\\\/deutschland\\\/kreml-spricht-sich-gegen-die-enteignung-ausgereister-oppositioneller-aus\\\/#primaryimage\",\"url\":\"https:\\\/\\\/now-news.de\\\/de\\\/wp-content\\\/uploads\\\/sites\\\/3\\\/2023\\\/01\\\/Kreml-spricht-sich-gegen-die-Enteignung-ausgereister-Oppositioneller-aus.jpg\",\"contentUrl\":\"https:\\\/\\\/now-news.de\\\/de\\\/wp-content\\\/uploads\\\/sites\\\/3\\\/2023\\\/01\\\/Kreml-spricht-sich-gegen-die-Enteignung-ausgereister-Oppositioneller-aus.jpg\",\"width\":460,\"height\":259,\"caption\":\"Kreml spricht sich gegen die Enteignung ausgereister Oppositioneller aus\"},{\"@type\":\"BreadcrumbList\",\"@id\":\"https:\\\/\\\/now-news.de\\\/de\\\/deutschland\\\/kreml-spricht-sich-gegen-die-enteignung-ausgereister-oppositioneller-aus\\\/#breadcrumb\",\"itemListElement\":[{\"@type\":\"ListItem\",\"position\":1,\"name\":\"Home\",\"item\":\"https:\\\/\\\/now-news.de\\\/de\\\/\"},{\"@type\":\"ListItem\",\"position\":2,\"name\":\"Kreml spricht sich gegen die Enteignung ausgereister Oppositioneller aus\"}]},{\"@type\":\"WebSite\",\"@id\":\"https:\\\/\\\/now-news.de\\\/de\\\/#website\",\"url\":\"https:\\\/\\\/now-news.de\\\/de\\\/\",\"name\":\"just-now.NEWS Deutschland\",\"description\":\"Das Portal f\u00fcr unzensierte Nachrichten aus der Welt\",\"publisher\":{\"@id\":\"https:\\\/\\\/now-news.de\\\/de\\\/#organization\"},\"potentialAction\":[{\"@type\":\"SearchAction\",\"target\":{\"@type\":\"EntryPoint\",\"urlTemplate\":\"https:\\\/\\\/now-news.de\\\/de\\\/?s={search_term_string}\"},\"query-input\":{\"@type\":\"PropertyValueSpecification\",\"valueRequired\":true,\"valueName\":\"search_term_string\"}}],\"inLanguage\":\"de\"},{\"@type\":\"Organization\",\"@id\":\"https:\\\/\\\/now-news.de\\\/de\\\/#organization\",\"name\":\"Just Now News\",\"url\":\"https:\\\/\\\/now-news.de\\\/de\\\/\",\"logo\":{\"@type\":\"ImageObject\",\"inLanguage\":\"de\",\"@id\":\"https:\\\/\\\/now-news.de\\\/de\\\/#\\\/schema\\\/logo\\\/image\\\/\",\"url\":\"http:\\\/\\\/just-now.news\\\/de\\\/wp-content\\\/uploads\\\/sites\\\/3\\\/2022\\\/04\\\/logo500x500.jpg\",\"contentUrl\":\"http:\\\/\\\/just-now.news\\\/de\\\/wp-content\\\/uploads\\\/sites\\\/3\\\/2022\\\/04\\\/logo500x500.jpg\",\"width\":500,\"height\":500,\"caption\":\"Just Now News\"},\"image\":{\"@id\":\"https:\\\/\\\/now-news.de\\\/de\\\/#\\\/schema\\\/logo\\\/image\\\/\"},\"sameAs\":[\"https:\\\/\\\/www.facebook.com\\\/wirmachenauf\",\"https:\\\/\\\/x.com\\\/WirMachenAuf_de\"]},{\"@type\":\"Person\",\"@id\":\"https:\\\/\\\/now-news.de\\\/de\\\/#\\\/schema\\\/person\\\/fb534a4e865501d8b3285208df34a9b5\",\"name\":\"rtnews\",\"image\":{\"@type\":\"ImageObject\",\"inLanguage\":\"de\",\"@id\":\"https:\\\/\\\/secure.gravatar.com\\\/avatar\\\/358fe31b3ab5769fea05376e1953329834cd9912cf9daf607e2af3076a1b982b?s=96&d=mm&r=g\",\"url\":\"https:\\\/\\\/secure.gravatar.com\\\/avatar\\\/358fe31b3ab5769fea05376e1953329834cd9912cf9daf607e2af3076a1b982b?s=96&d=mm&r=g\",\"contentUrl\":\"https:\\\/\\\/secure.gravatar.com\\\/avatar\\\/358fe31b3ab5769fea05376e1953329834cd9912cf9daf607e2af3076a1b982b?s=96&d=mm&r=g\",\"caption\":\"rtnews\"},\"url\":\"https:\\\/\\\/now-news.de\\\/de\\\/author\\\/rnews\\\/\"}]}<\/script>\n<!-- \/ Yoast SEO Premium plugin. -->","yoast_head_json":{"title":"Kreml spricht sich gegen die Enteignung ausgereister Oppositioneller aus - just-now.NEWS Deutschland","robots":{"index":"index","follow":"follow","max-snippet":"max-snippet:-1","max-image-preview":"max-image-preview:large","max-video-preview":"max-video-preview:-1"},"canonical":"https:\/\/now-news.de\/de\/deutschland\/kreml-spricht-sich-gegen-die-enteignung-ausgereister-oppositioneller-aus\/","og_locale":"de_DE","og_type":"article","og_title":"Kreml spricht sich gegen die Enteignung ausgereister Oppositioneller aus","og_description":"Der Kreml lehnt den Vorschlag des Dumasprechers Wjatscheslaw Wolodin, aus Russland ins Ausland geflohene Oppositionelle zu enteignen, ab. Das hat der Pressesprecher des russischen Pr\u00e4sidialamtes Dmitri Peskow am Freitag klargestellt. Der russische Pr\u00e4sident Wladimir Putin wird den Vorschlag des Duma-Vorsitzenden Wjatscheslaw Wolodin, ausgewanderte Russen, die aus dem Ausland die russischen Ma\u00dfnahmen in der Ukraine kritisieren, [&hellip;]","og_url":"https:\/\/now-news.de\/de\/deutschland\/kreml-spricht-sich-gegen-die-enteignung-ausgereister-oppositioneller-aus\/","og_site_name":"just-now.NEWS Deutschland","article_publisher":"https:\/\/www.facebook.com\/wirmachenauf","article_published_time":"2023-01-13T17:48:18+00:00","og_image":[{"width":460,"height":259,"url":"https:\/\/now-news.de\/de\/wp-content\/uploads\/sites\/3\/2023\/01\/Kreml-spricht-sich-gegen-die-Enteignung-ausgereister-Oppositioneller-aus.jpg","type":"image\/jpeg"}],"author":"rtnews","twitter_card":"summary_large_image","twitter_creator":"@WirMachenAuf_de","twitter_site":"@WirMachenAuf_de","twitter_misc":{"Verfasst von":"rtnews","Gesch\u00e4tzte Lesezeit":"2\u00a0Minuten"},"schema":{"@context":"https:\/\/schema.org","@graph":[{"@type":"Article","@id":"https:\/\/now-news.de\/de\/deutschland\/kreml-spricht-sich-gegen-die-enteignung-ausgereister-oppositioneller-aus\/#article","isPartOf":{"@id":"https:\/\/now-news.de\/de\/deutschland\/kreml-spricht-sich-gegen-die-enteignung-ausgereister-oppositioneller-aus\/"},"author":{"name":"rtnews","@id":"https:\/\/now-news.de\/de\/#\/schema\/person\/fb534a4e865501d8b3285208df34a9b5"},"headline":"Kreml spricht sich gegen die Enteignung ausgereister Oppositioneller aus","datePublished":"2023-01-13T17:48:18+00:00","mainEntityOfPage":{"@id":"https:\/\/now-news.de\/de\/deutschland\/kreml-spricht-sich-gegen-die-enteignung-ausgereister-oppositioneller-aus\/"},"wordCount":475,"commentCount":0,"publisher":{"@id":"https:\/\/now-news.de\/de\/#organization"},"image":{"@id":"https:\/\/now-news.de\/de\/deutschland\/kreml-spricht-sich-gegen-die-enteignung-ausgereister-oppositioneller-aus\/#primaryimage"},"thumbnailUrl":"https:\/\/now-news.de\/de\/wp-content\/uploads\/sites\/3\/2023\/01\/Kreml-spricht-sich-gegen-die-Enteignung-ausgereister-Oppositioneller-aus.jpg","keywords":["aus","ausgereister","die","Enteignung","gegen","Kreml","Oppositioneller","sich","spricht"],"articleSection":["Deutschland","Russland"],"inLanguage":"de","potentialAction":[{"@type":"CommentAction","name":"Comment","target":["https:\/\/now-news.de\/de\/deutschland\/kreml-spricht-sich-gegen-die-enteignung-ausgereister-oppositioneller-aus\/#respond"]}]},{"@type":"WebPage","@id":"https:\/\/now-news.de\/de\/deutschland\/kreml-spricht-sich-gegen-die-enteignung-ausgereister-oppositioneller-aus\/","url":"https:\/\/now-news.de\/de\/deutschland\/kreml-spricht-sich-gegen-die-enteignung-ausgereister-oppositioneller-aus\/","name":"Kreml spricht sich gegen die Enteignung ausgereister Oppositioneller aus - just-now.NEWS Deutschland","isPartOf":{"@id":"https:\/\/now-news.de\/de\/#website"},"primaryImageOfPage":{"@id":"https:\/\/now-news.de\/de\/deutschland\/kreml-spricht-sich-gegen-die-enteignung-ausgereister-oppositioneller-aus\/#primaryimage"},"image":{"@id":"https:\/\/now-news.de\/de\/deutschland\/kreml-spricht-sich-gegen-die-enteignung-ausgereister-oppositioneller-aus\/#primaryimage"},"thumbnailUrl":"https:\/\/now-news.de\/de\/wp-content\/uploads\/sites\/3\/2023\/01\/Kreml-spricht-sich-gegen-die-Enteignung-ausgereister-Oppositioneller-aus.jpg","datePublished":"2023-01-13T17:48:18+00:00","breadcrumb":{"@id":"https:\/\/now-news.de\/de\/deutschland\/kreml-spricht-sich-gegen-die-enteignung-ausgereister-oppositioneller-aus\/#breadcrumb"},"inLanguage":"de","potentialAction":[{"@type":"ReadAction","target":["https:\/\/now-news.de\/de\/deutschland\/kreml-spricht-sich-gegen-die-enteignung-ausgereister-oppositioneller-aus\/"]}]},{"@type":"ImageObject","inLanguage":"de","@id":"https:\/\/now-news.de\/de\/deutschland\/kreml-spricht-sich-gegen-die-enteignung-ausgereister-oppositioneller-aus\/#primaryimage","url":"https:\/\/now-news.de\/de\/wp-content\/uploads\/sites\/3\/2023\/01\/Kreml-spricht-sich-gegen-die-Enteignung-ausgereister-Oppositioneller-aus.jpg","contentUrl":"https:\/\/now-news.de\/de\/wp-content\/uploads\/sites\/3\/2023\/01\/Kreml-spricht-sich-gegen-die-Enteignung-ausgereister-Oppositioneller-aus.jpg","width":460,"height":259,"caption":"Kreml spricht sich gegen die Enteignung ausgereister Oppositioneller aus"},{"@type":"BreadcrumbList","@id":"https:\/\/now-news.de\/de\/deutschland\/kreml-spricht-sich-gegen-die-enteignung-ausgereister-oppositioneller-aus\/#breadcrumb","itemListElement":[{"@type":"ListItem","position":1,"name":"Home","item":"https:\/\/now-news.de\/de\/"},{"@type":"ListItem","position":2,"name":"Kreml spricht sich gegen die Enteignung ausgereister Oppositioneller aus"}]},{"@type":"WebSite","@id":"https:\/\/now-news.de\/de\/#website","url":"https:\/\/now-news.de\/de\/","name":"just-now.NEWS Deutschland","description":"Das Portal f\u00fcr unzensierte Nachrichten aus der Welt","publisher":{"@id":"https:\/\/now-news.de\/de\/#organization"},"potentialAction":[{"@type":"SearchAction","target":{"@type":"EntryPoint","urlTemplate":"https:\/\/now-news.de\/de\/?s={search_term_string}"},"query-input":{"@type":"PropertyValueSpecification","valueRequired":true,"valueName":"search_term_string"}}],"inLanguage":"de"},{"@type":"Organization","@id":"https:\/\/now-news.de\/de\/#organization","name":"Just Now News","url":"https:\/\/now-news.de\/de\/","logo":{"@type":"ImageObject","inLanguage":"de","@id":"https:\/\/now-news.de\/de\/#\/schema\/logo\/image\/","url":"http:\/\/just-now.news\/de\/wp-content\/uploads\/sites\/3\/2022\/04\/logo500x500.jpg","contentUrl":"http:\/\/just-now.news\/de\/wp-content\/uploads\/sites\/3\/2022\/04\/logo500x500.jpg","width":500,"height":500,"caption":"Just Now News"},"image":{"@id":"https:\/\/now-news.de\/de\/#\/schema\/logo\/image\/"},"sameAs":["https:\/\/www.facebook.com\/wirmachenauf","https:\/\/x.com\/WirMachenAuf_de"]},{"@type":"Person","@id":"https:\/\/now-news.de\/de\/#\/schema\/person\/fb534a4e865501d8b3285208df34a9b5","name":"rtnews","image":{"@type":"ImageObject","inLanguage":"de","@id":"https:\/\/secure.gravatar.com\/avatar\/358fe31b3ab5769fea05376e1953329834cd9912cf9daf607e2af3076a1b982b?s=96&d=mm&r=g","url":"https:\/\/secure.gravatar.com\/avatar\/358fe31b3ab5769fea05376e1953329834cd9912cf9daf607e2af3076a1b982b?s=96&d=mm&r=g","contentUrl":"https:\/\/secure.gravatar.com\/avatar\/358fe31b3ab5769fea05376e1953329834cd9912cf9daf607e2af3076a1b982b?s=96&d=mm&r=g","caption":"rtnews"},"url":"https:\/\/now-news.de\/de\/author\/rnews\/"}]}},"_links":{"self":[{"href":"https:\/\/now-news.de\/de\/wp-json\/wp\/v2\/posts\/27656","targetHints":{"allow":["GET"]}}],"collection":[{"href":"https:\/\/now-news.de\/de\/wp-json\/wp\/v2\/posts"}],"about":[{"href":"https:\/\/now-news.de\/de\/wp-json\/wp\/v2\/types\/post"}],"author":[{"embeddable":true,"href":"https:\/\/now-news.de\/de\/wp-json\/wp\/v2\/users\/3"}],"replies":[{"embeddable":true,"href":"https:\/\/now-news.de\/de\/wp-json\/wp\/v2\/comments?post=27656"}],"version-history":[{"count":0,"href":"https:\/\/now-news.de\/de\/wp-json\/wp\/v2\/posts\/27656\/revisions"}],"wp:featuredmedia":[{"embeddable":true,"href":"https:\/\/now-news.de\/de\/wp-json\/wp\/v2\/media\/27657"}],"wp:attachment":[{"href":"https:\/\/now-news.de\/de\/wp-json\/wp\/v2\/media?parent=27656"}],"wp:term":[{"taxonomy":"category","embeddable":true,"href":"https:\/\/now-news.de\/de\/wp-json\/wp\/v2\/categories?post=27656"},{"taxonomy":"post_tag","embeddable":true,"href":"https:\/\/now-news.de\/de\/wp-json\/wp\/v2\/tags?post=27656"}],"curies":[{"name":"wp","href":"https:\/\/api.w.org\/{rel}","templated":true}]}}