{"id":27650,"date":"2023-01-13T14:35:58","date_gmt":"2023-01-13T12:35:58","guid":{"rendered":"http:\/\/just-now.news\/de\/deutschland\/islamist-aus-idlib-an-seite-der-ukrainischen-armee-verlegung-der-dschihadisten-in-die-ukraine\/"},"modified":"2023-01-13T14:35:58","modified_gmt":"2023-01-13T12:35:58","slug":"islamist-aus-idlib-an-seite-der-ukrainischen-armee-verlegung-der-dschihadisten-in-die-ukraine","status":"publish","type":"post","link":"https:\/\/now-news.de\/de\/deutschland\/islamist-aus-idlib-an-seite-der-ukrainischen-armee-verlegung-der-dschihadisten-in-die-ukraine\/","title":{"rendered":"Islamist aus Idlib an Seite der ukrainischen Armee: Verlegung der Dschihadisten in die Ukraine?"},"content":{"rendered":"<p><img decoding=\"async\" src=\"http:\/\/just-now.news\/de\/wp-content\/uploads\/sites\/3\/2023\/01\/63c118c8b480cc10a30f2470.jpg\" \/><\/p>\n<div class=\"Text-root Text-type_1 \">\n                Einer der bekanntesten Islamisten aus Idlib hat sich der ukrainischen Armee angeschlossen. Mittlerweile ver\u00f6ffentlichte der offizielle Twitter-Account des ukrainischen Geheimdienstes Bilder von Abdel Hakim al-Shishani auf dem Schlachtfeld in der Ostukraine.\n            <\/div>\n<p><\/p>\n<div class=\"Text-root Text-type_5 ArticleView-text ViewText-root \">\n<p>W\u00e4hrend die Aussicht auf eine m\u00f6gliche Ann\u00e4herung zwischen Ankara und Damaskus immer n\u00e4her r\u00fcckt, f\u00fchlen sich die islamistischen Terrorgruppen in Nordsyrien verraten. Damit wird wohl ein Trend beschleunigt, der im vergangenen Jahr dazu f\u00fchrte, dass viele Dschihadisten in die Ukraine\u00a0verlegt\u00a0wurden. Dies gilt vor allem f\u00fcr ausl\u00e4ndische K\u00e4mpfer, insbesondere aus Zentralasien oder dem Kaukasus.<\/p>\n<p>Am 12. Januar berichtete die libanesische Zeitung <em><a rel=\"nofollow noopener\" target=\"_blank\" href=\"https:\/\/www.al-akhbar.com\/Syria\/352522\/%D8%AA%D9%82%D8%A7%D8%B9%D8%AF-%D8%AC%D9%87%D8%A7%D8%AF%D9%8A-%D9%81%D9%8A-%D8%B3%D9%88%D8%B1%D9%8A%D8%A7-%D8%A7%D9%84%D9%85%D9%87%D8%A7%D8%AC%D8%B1%D9%88%D9%86-%D9%8A%D8%AD%D8%AC-%D9%88%D9%86-%D8%A5%D9%84%D9%89-%D8%A3%D9%88%D9%83%D8%B1%D8%A7%D9%86%D9%8A\">Al-Akhbar<\/a><\/em>, dass der bekannte tschetschenische Extremist und Anf\u00fchrer der islamistischen\u00a0Terrorgruppe &#8220;<a rel=\"nofollow noopener\" target=\"_blank\" href=\"https:\/\/en.wikipedia.org\/wiki\/Ajnad_al-Kavkaz\">Soldaten des Kaukasus<\/a>&#8220;, Abdel Hakim al-Shishani, nach mehrmonatigem Verschwinden wieder in der Ukraine aufgetaucht sei, und zwar als Mitglied der sogenannten &#8220;internationalen Legion&#8221;, die von Kiew gegr\u00fcndet wurde, um ausl\u00e4ndische K\u00e4mpfer gegen Russland zu rekrutieren.<\/p>\n<p>Dem Bericht zufolge gab es in letzter Zeit Nachrichten \u00fcber eine steigende Anzahl ausl\u00e4ndischer K\u00e4mpfer, die Syrien verlie\u00dfen, um sich auf das &#8220;neue Schlachtfeld&#8221; zu begeben, was durch &#8220;den fehlenden Bedarf der T\u00fcrkei an &#8216;Dschihadisten&#8217; auf syrischem Boden&#8221; verst\u00e4rkt wurde. Diese Entwicklung erfolgte nach den j\u00fcngsten Gespr\u00e4chen, die auf eine Auss\u00f6hnung zwischen Damaskus und Ankara abzielten und die von den Islamisten in Idlib mit gro\u00dfer Abneigung aufgenommen wurden.<\/p>\n<p>Der Bericht hebt auch eine f\u00fchrende Rolle des t\u00fcrkischen Geheimdienstes bei der Erleichterung dieses l\u00e4nder\u00fcbergreifenden Transfers von Extremisten hervor, &#8220;zumindest in den ersten Monaten des russisch-ukrainischen Krieges&#8221;.\u00a0Syrische Beamte wiesen zudem auf die Rolle Washingtons bei der Erleichterung dieser Transfers in die Ukraine hin.<\/p>\n<p>Am 7. Januar ver\u00f6ffentlichte\u00a0der offizielle Account des ukrainischen Geheimdienstes auf Twitter ein Video, das Shishani und eine Gruppe von K\u00e4mpfern bei Gefechten mit russischen Truppen in der ukrainischen Stadt Bachmut zeigt. Das Video dient im Wesentlichen als Propaganda, die darauf abzielt, extremistische K\u00e4mpfer aus Syrien in die Ukraine zu locken, um gegen die Russen zu k\u00e4mpfen.<\/p>\n<div class=\"EmbedBlock-root EmbedBlock-twitter\">\n<div class=\"TwitterEmbed\">\n<blockquote class=\"twitter-tweet lazyload\" data-twitter=\"twitter-tweet\">\n<p lang=\"en\" dir=\"ltr\">Chechen volunteers as part of the International Legion <a rel=\"nofollow noopener\" target=\"_blank\" href=\"https:\/\/twitter.com\/DI_Ukraine?ref_src=twsrc%5Etfw\">@DI_Ukraine<\/a> continue to defend <a rel=\"nofollow noopener\" target=\"_blank\" href=\"https:\/\/twitter.com\/hashtag\/Ukraine?src=hash&amp;ref_src=twsrc%5Etfw\">#Ukraine<\/a> in the hotpots of the front. Among the volunteers is Abdul Hakim,the hero of the Ichkerian people. Currently, the Chechen division is fighting against the <a rel=\"nofollow noopener\" target=\"_blank\" href=\"https:\/\/twitter.com\/hashtag\/russian?src=hash&amp;ref_src=twsrc%5Etfw\">#russian<\/a> occupiers in <a rel=\"nofollow noopener\" target=\"_blank\" href=\"https:\/\/twitter.com\/hashtag\/Bakhmut?src=hash&amp;ref_src=twsrc%5Etfw\">#Bakhmut<\/a><a rel=\"nofollow noopener\" target=\"_blank\" href=\"https:\/\/t.co\/peWochDtLj\">pic.twitter.com\/peWochDtLj<\/a><\/p>\n<p>\u2014 Defence intelligence of Ukraine (@DI_Ukraine) <a rel=\"nofollow noopener\" target=\"_blank\" href=\"https:\/\/twitter.com\/DI_Ukraine\/status\/1611647991185645568?ref_src=twsrc%5Etfw\">January 7, 2023<\/a><\/p><\/blockquote>\n<\/div>\n<\/div>\n<p>Mitte Oktober soll der Islamist\u00a0Shishani in der Ukraine eingetroffen sein, nachdem er\u00a0den\u00a0Mini-Terrorstaat\u00a0Idlib in Syrien verlassen hatte, um gegen Russland zu k\u00e4mpfen.\u00a0Laut <em>Al-Monitor<\/em>\u00a0verlie\u00dfen Shishani und seine K\u00e4mpfer Idlib in Richtung Ukraine, &#8220;um sich an Russland und den Streitkr\u00e4ften des Verb\u00fcndeten von Pr\u00e4sident Wladimir Putin, dem tschetschenischen Pr\u00e4sidenten Ramsan Kadyrow, zu r\u00e4chen&#8221;.<\/p>\n<p>Shishanis\u00a0Ausreise aus Syrien fiel Berichten zufolge mit der Einrichtung von Rekrutierungszentren in Nordsyrien zusammen, die darauf abzielen, Dschihadisten in die Ukraine zu schleusen, wie <em>Al-Akhbar<\/em>\u00a0bereits im M\u00e4rz letzten Jahres berichtete.<\/p>\n<p>Kurz nach Beginn des Ukraine-Krieges begannen Hunderte von K\u00e4mpfern von ISIS und Hayat Tahrir al-Sham (<a rel=\"nofollow noopener\" target=\"_blank\" href=\"https:\/\/de.wikipedia.org\/wiki\/Hai%CA%BEat_Tahrir_asch-Scham\">HTS<\/a>), der fr\u00fcheren mit Al-Qaida verbundenen Nusra-Front, sich auf den Weg in die Ukraine zu machen, um an einer neueren, direkteren Front gegen Russland teilzunehmen.\u00a0Der syrische Botschafter in Moskau Riad Haddad enth\u00fcllte bereits im Juli 2022, dass der Westen\u00a0und dessen Verb\u00fcndete wie die T\u00fcrkei die \u00dcberreste\u00a0von Terrorgruppen wie etwa des IS und von Hai&#8217;at Tahrir asch-Scham (HTS) aus der n\u00f6rdlichen syrischen Provinz Idlib in die Ukraine verlegen, um dort weiter gegen die russischen Streitkr\u00e4fte zu k\u00e4mpfen.<\/p>\n<p><strong>Mehr zum Thema<\/strong> &#8211; <a rel=\"nofollow noopener\" target=\"_blank\" href=\"https:\/\/de.rt.com\/der-nahe-osten\/142700-syriens-botschafter-in-moskau-westen\/\">Syriens Botschafter in Moskau: Westen schleust IS-Terroristen aus Idlib in die Ukraine<\/a><\/p>\n<\/div>\n<p><script async src=\"https:\/\/platform.twitter.com\/widgets.js\" charset=\"utf-8\"><\/script><br \/>\n<br \/><br \/>\n<br \/><a href=\"https:\/\/de.rt.com\/der-nahe-osten\/159743-islamist-aus-idlib-an-seite\/\">Source link <\/a><\/p>\n","protected":false},"excerpt":{"rendered":"<p>Einer der bekanntesten Islamisten aus Idlib hat sich der ukrainischen Armee angeschlossen. Mittlerweile ver\u00f6ffentlichte der offizielle Twitter-Account des ukrainischen Geheimdienstes Bilder von Abdel Hakim al-Shishani auf dem Schlachtfeld in der Ostukraine. W\u00e4hrend die Aussicht auf eine m\u00f6gliche Ann\u00e4herung zwischen Ankara und Damaskus immer n\u00e4her r\u00fcckt, f\u00fchlen sich die islamistischen Terrorgruppen in Nordsyrien verraten. Damit wird [&hellip;]<\/p>\n","protected":false},"author":3,"featured_media":27651,"comment_status":"open","ping_status":"open","sticky":false,"template":"","format":"standard","meta":{"_yoast_indexnow_last_ping":["1673629660"],"wp_automatic_camp":["217"],"c0007b7de6c69c27c72e624531f969d2":["Islamist aus Idlib an Seite der ukrainischen Armee: Verlegung der Dschihadisten in die Ukraine?"],"original_link":["https:\/\/de.rt.com\/der-nahe-osten\/159743-islamist-aus-idlib-an-seite\/"],"_thumbnail_id":["27651"],"_wptgpro_p2tg_sent2tg":["a:1:{i:23737;s:19:\"2023-01-13 19:10:14\";}"],"jnews_social_counter_last_update":["1777579086"]},"categories":[19,23],"tags":[2398,679,82,45,31332,26946,39006,1934,127,2332,13695],"yoast_head":"<!-- This site is optimized with the Yoast SEO Premium plugin v22.7 (Yoast SEO v22.7) - https:\/\/yoast.com\/wordpress\/plugins\/seo\/ -->\n<title>Islamist aus Idlib an Seite der ukrainischen Armee: Verlegung der Dschihadisten in die Ukraine? - just-now.NEWS Deutschland<\/title>\n<meta name=\"robots\" content=\"index, follow, max-snippet:-1, max-image-preview:large, max-video-preview:-1\" \/>\n<link rel=\"canonical\" href=\"https:\/\/now-news.de\/de\/deutschland\/islamist-aus-idlib-an-seite-der-ukrainischen-armee-verlegung-der-dschihadisten-in-die-ukraine\/\" \/>\n<meta property=\"og:locale\" content=\"de_DE\" \/>\n<meta property=\"og:type\" content=\"article\" \/>\n<meta property=\"og:title\" content=\"Islamist aus Idlib an Seite der ukrainischen Armee: Verlegung der Dschihadisten in die Ukraine?\" \/>\n<meta property=\"og:description\" content=\"Einer der bekanntesten Islamisten aus Idlib hat sich der ukrainischen Armee angeschlossen. Mittlerweile ver\u00f6ffentlichte der offizielle Twitter-Account des ukrainischen Geheimdienstes Bilder von Abdel Hakim al-Shishani auf dem Schlachtfeld in der Ostukraine. W\u00e4hrend die Aussicht auf eine m\u00f6gliche Ann\u00e4herung zwischen Ankara und Damaskus immer n\u00e4her r\u00fcckt, f\u00fchlen sich die islamistischen Terrorgruppen in Nordsyrien verraten. Damit wird [&hellip;]\" \/>\n<meta property=\"og:url\" content=\"https:\/\/now-news.de\/de\/deutschland\/islamist-aus-idlib-an-seite-der-ukrainischen-armee-verlegung-der-dschihadisten-in-die-ukraine\/\" \/>\n<meta property=\"og:site_name\" content=\"just-now.NEWS Deutschland\" \/>\n<meta property=\"article:publisher\" content=\"https:\/\/www.facebook.com\/wirmachenauf\" \/>\n<meta property=\"article:published_time\" content=\"2023-01-13T12:35:58+00:00\" \/>\n<meta property=\"og:image\" content=\"https:\/\/now-news.de\/de\/wp-content\/uploads\/sites\/3\/2023\/01\/Islamist-aus-Idlib-an-Seite-der-ukrainischen-Armee-Verlegung-der.jpg\" \/>\n\t<meta property=\"og:image:width\" content=\"460\" \/>\n\t<meta property=\"og:image:height\" content=\"259\" \/>\n\t<meta property=\"og:image:type\" content=\"image\/jpeg\" \/>\n<meta name=\"author\" content=\"rtnews\" \/>\n<meta name=\"twitter:card\" content=\"summary_large_image\" \/>\n<meta name=\"twitter:creator\" content=\"@WirMachenAuf_de\" \/>\n<meta name=\"twitter:site\" content=\"@WirMachenAuf_de\" \/>\n<meta name=\"twitter:label1\" content=\"Verfasst von\" \/>\n\t<meta name=\"twitter:data1\" content=\"rtnews\" \/>\n\t<meta name=\"twitter:label2\" content=\"Gesch\u00e4tzte Lesezeit\" \/>\n\t<meta name=\"twitter:data2\" content=\"3\u00a0Minuten\" \/>\n<script type=\"application\/ld+json\" class=\"yoast-schema-graph\">{\"@context\":\"https:\/\/schema.org\",\"@graph\":[{\"@type\":\"Article\",\"@id\":\"https:\/\/now-news.de\/de\/deutschland\/islamist-aus-idlib-an-seite-der-ukrainischen-armee-verlegung-der-dschihadisten-in-die-ukraine\/#article\",\"isPartOf\":{\"@id\":\"https:\/\/now-news.de\/de\/deutschland\/islamist-aus-idlib-an-seite-der-ukrainischen-armee-verlegung-der-dschihadisten-in-die-ukraine\/\"},\"author\":{\"name\":\"rtnews\",\"@id\":\"https:\/\/now-news.de\/de\/#\/schema\/person\/fb534a4e865501d8b3285208df34a9b5\"},\"headline\":\"Islamist aus Idlib an Seite der ukrainischen Armee: Verlegung der Dschihadisten in die Ukraine?\",\"datePublished\":\"2023-01-13T12:35:58+00:00\",\"dateModified\":\"2023-01-13T12:35:58+00:00\",\"mainEntityOfPage\":{\"@id\":\"https:\/\/now-news.de\/de\/deutschland\/islamist-aus-idlib-an-seite-der-ukrainischen-armee-verlegung-der-dschihadisten-in-die-ukraine\/\"},\"wordCount\":625,\"commentCount\":0,\"publisher\":{\"@id\":\"https:\/\/now-news.de\/de\/#organization\"},\"image\":{\"@id\":\"https:\/\/now-news.de\/de\/deutschland\/islamist-aus-idlib-an-seite-der-ukrainischen-armee-verlegung-der-dschihadisten-in-die-ukraine\/#primaryimage\"},\"thumbnailUrl\":\"https:\/\/now-news.de\/de\/wp-content\/uploads\/sites\/3\/2023\/01\/Islamist-aus-Idlib-an-Seite-der-ukrainischen-Armee-Verlegung-der.jpg\",\"keywords\":[\"Armee\",\"aus\",\"der\",\"die\",\"Dschihadisten\",\"Idlib\",\"Islamist\",\"Seite\",\"ukraine\",\"ukrainischen\",\"Verlegung\"],\"articleSection\":[\"Deutschland\",\"Russland\"],\"inLanguage\":\"de\",\"potentialAction\":[{\"@type\":\"CommentAction\",\"name\":\"Comment\",\"target\":[\"https:\/\/now-news.de\/de\/deutschland\/islamist-aus-idlib-an-seite-der-ukrainischen-armee-verlegung-der-dschihadisten-in-die-ukraine\/#respond\"]}]},{\"@type\":\"WebPage\",\"@id\":\"https:\/\/now-news.de\/de\/deutschland\/islamist-aus-idlib-an-seite-der-ukrainischen-armee-verlegung-der-dschihadisten-in-die-ukraine\/\",\"url\":\"https:\/\/now-news.de\/de\/deutschland\/islamist-aus-idlib-an-seite-der-ukrainischen-armee-verlegung-der-dschihadisten-in-die-ukraine\/\",\"name\":\"Islamist aus Idlib an Seite der ukrainischen Armee: Verlegung der Dschihadisten in die Ukraine? - just-now.NEWS Deutschland\",\"isPartOf\":{\"@id\":\"https:\/\/now-news.de\/de\/#website\"},\"primaryImageOfPage\":{\"@id\":\"https:\/\/now-news.de\/de\/deutschland\/islamist-aus-idlib-an-seite-der-ukrainischen-armee-verlegung-der-dschihadisten-in-die-ukraine\/#primaryimage\"},\"image\":{\"@id\":\"https:\/\/now-news.de\/de\/deutschland\/islamist-aus-idlib-an-seite-der-ukrainischen-armee-verlegung-der-dschihadisten-in-die-ukraine\/#primaryimage\"},\"thumbnailUrl\":\"https:\/\/now-news.de\/de\/wp-content\/uploads\/sites\/3\/2023\/01\/Islamist-aus-Idlib-an-Seite-der-ukrainischen-Armee-Verlegung-der.jpg\",\"datePublished\":\"2023-01-13T12:35:58+00:00\",\"dateModified\":\"2023-01-13T12:35:58+00:00\",\"breadcrumb\":{\"@id\":\"https:\/\/now-news.de\/de\/deutschland\/islamist-aus-idlib-an-seite-der-ukrainischen-armee-verlegung-der-dschihadisten-in-die-ukraine\/#breadcrumb\"},\"inLanguage\":\"de\",\"potentialAction\":[{\"@type\":\"ReadAction\",\"target\":[\"https:\/\/now-news.de\/de\/deutschland\/islamist-aus-idlib-an-seite-der-ukrainischen-armee-verlegung-der-dschihadisten-in-die-ukraine\/\"]}]},{\"@type\":\"ImageObject\",\"inLanguage\":\"de\",\"@id\":\"https:\/\/now-news.de\/de\/deutschland\/islamist-aus-idlib-an-seite-der-ukrainischen-armee-verlegung-der-dschihadisten-in-die-ukraine\/#primaryimage\",\"url\":\"https:\/\/now-news.de\/de\/wp-content\/uploads\/sites\/3\/2023\/01\/Islamist-aus-Idlib-an-Seite-der-ukrainischen-Armee-Verlegung-der.jpg\",\"contentUrl\":\"https:\/\/now-news.de\/de\/wp-content\/uploads\/sites\/3\/2023\/01\/Islamist-aus-Idlib-an-Seite-der-ukrainischen-Armee-Verlegung-der.jpg\",\"width\":460,\"height\":259,\"caption\":\"Islamist aus Idlib an Seite der ukrainischen Armee: Verlegung der Dschihadisten in die Ukraine?\"},{\"@type\":\"BreadcrumbList\",\"@id\":\"https:\/\/now-news.de\/de\/deutschland\/islamist-aus-idlib-an-seite-der-ukrainischen-armee-verlegung-der-dschihadisten-in-die-ukraine\/#breadcrumb\",\"itemListElement\":[{\"@type\":\"ListItem\",\"position\":1,\"name\":\"Home\",\"item\":\"https:\/\/now-news.de\/de\/\"},{\"@type\":\"ListItem\",\"position\":2,\"name\":\"Islamist aus Idlib an Seite der ukrainischen Armee: Verlegung der Dschihadisten in die Ukraine?\"}]},{\"@type\":\"WebSite\",\"@id\":\"https:\/\/now-news.de\/de\/#website\",\"url\":\"https:\/\/now-news.de\/de\/\",\"name\":\"just-now.NEWS Deutschland\",\"description\":\"Das Portal f\u00fcr unzensierte Nachrichten aus der Welt\",\"publisher\":{\"@id\":\"https:\/\/now-news.de\/de\/#organization\"},\"potentialAction\":[{\"@type\":\"SearchAction\",\"target\":{\"@type\":\"EntryPoint\",\"urlTemplate\":\"https:\/\/now-news.de\/de\/?s={search_term_string}\"},\"query-input\":\"required name=search_term_string\"}],\"inLanguage\":\"de\"},{\"@type\":\"Organization\",\"@id\":\"https:\/\/now-news.de\/de\/#organization\",\"name\":\"Just Now News\",\"url\":\"https:\/\/now-news.de\/de\/\",\"logo\":{\"@type\":\"ImageObject\",\"inLanguage\":\"de\",\"@id\":\"https:\/\/now-news.de\/de\/#\/schema\/logo\/image\/\",\"url\":\"http:\/\/just-now.news\/de\/wp-content\/uploads\/sites\/3\/2022\/04\/logo500x500.jpg\",\"contentUrl\":\"http:\/\/just-now.news\/de\/wp-content\/uploads\/sites\/3\/2022\/04\/logo500x500.jpg\",\"width\":500,\"height\":500,\"caption\":\"Just Now News\"},\"image\":{\"@id\":\"https:\/\/now-news.de\/de\/#\/schema\/logo\/image\/\"},\"sameAs\":[\"https:\/\/www.facebook.com\/wirmachenauf\",\"https:\/\/x.com\/WirMachenAuf_de\"]},{\"@type\":\"Person\",\"@id\":\"https:\/\/now-news.de\/de\/#\/schema\/person\/fb534a4e865501d8b3285208df34a9b5\",\"name\":\"rtnews\",\"image\":{\"@type\":\"ImageObject\",\"inLanguage\":\"de\",\"@id\":\"https:\/\/now-news.de\/de\/#\/schema\/person\/image\/\",\"url\":\"https:\/\/secure.gravatar.com\/avatar\/82aafea7d8127119dd649515f56e2117?s=96&d=mm&r=g\",\"contentUrl\":\"https:\/\/secure.gravatar.com\/avatar\/82aafea7d8127119dd649515f56e2117?s=96&d=mm&r=g\",\"caption\":\"rtnews\"},\"url\":\"https:\/\/now-news.de\/de\/author\/rnews\/\"}]}<\/script>\n<!-- \/ Yoast SEO Premium plugin. -->","yoast_head_json":{"title":"Islamist aus Idlib an Seite der ukrainischen Armee: Verlegung der Dschihadisten in die Ukraine? - just-now.NEWS Deutschland","robots":{"index":"index","follow":"follow","max-snippet":"max-snippet:-1","max-image-preview":"max-image-preview:large","max-video-preview":"max-video-preview:-1"},"canonical":"https:\/\/now-news.de\/de\/deutschland\/islamist-aus-idlib-an-seite-der-ukrainischen-armee-verlegung-der-dschihadisten-in-die-ukraine\/","og_locale":"de_DE","og_type":"article","og_title":"Islamist aus Idlib an Seite der ukrainischen Armee: Verlegung der Dschihadisten in die Ukraine?","og_description":"Einer der bekanntesten Islamisten aus Idlib hat sich der ukrainischen Armee angeschlossen. Mittlerweile ver\u00f6ffentlichte der offizielle Twitter-Account des ukrainischen Geheimdienstes Bilder von Abdel Hakim al-Shishani auf dem Schlachtfeld in der Ostukraine. W\u00e4hrend die Aussicht auf eine m\u00f6gliche Ann\u00e4herung zwischen Ankara und Damaskus immer n\u00e4her r\u00fcckt, f\u00fchlen sich die islamistischen Terrorgruppen in Nordsyrien verraten. Damit wird [&hellip;]","og_url":"https:\/\/now-news.de\/de\/deutschland\/islamist-aus-idlib-an-seite-der-ukrainischen-armee-verlegung-der-dschihadisten-in-die-ukraine\/","og_site_name":"just-now.NEWS Deutschland","article_publisher":"https:\/\/www.facebook.com\/wirmachenauf","article_published_time":"2023-01-13T12:35:58+00:00","og_image":[{"width":460,"height":259,"url":"https:\/\/now-news.de\/de\/wp-content\/uploads\/sites\/3\/2023\/01\/Islamist-aus-Idlib-an-Seite-der-ukrainischen-Armee-Verlegung-der.jpg","type":"image\/jpeg"}],"author":"rtnews","twitter_card":"summary_large_image","twitter_creator":"@WirMachenAuf_de","twitter_site":"@WirMachenAuf_de","twitter_misc":{"Verfasst von":"rtnews","Gesch\u00e4tzte Lesezeit":"3\u00a0Minuten"},"schema":{"@context":"https:\/\/schema.org","@graph":[{"@type":"Article","@id":"https:\/\/now-news.de\/de\/deutschland\/islamist-aus-idlib-an-seite-der-ukrainischen-armee-verlegung-der-dschihadisten-in-die-ukraine\/#article","isPartOf":{"@id":"https:\/\/now-news.de\/de\/deutschland\/islamist-aus-idlib-an-seite-der-ukrainischen-armee-verlegung-der-dschihadisten-in-die-ukraine\/"},"author":{"name":"rtnews","@id":"https:\/\/now-news.de\/de\/#\/schema\/person\/fb534a4e865501d8b3285208df34a9b5"},"headline":"Islamist aus Idlib an Seite der ukrainischen Armee: Verlegung der Dschihadisten in die Ukraine?","datePublished":"2023-01-13T12:35:58+00:00","dateModified":"2023-01-13T12:35:58+00:00","mainEntityOfPage":{"@id":"https:\/\/now-news.de\/de\/deutschland\/islamist-aus-idlib-an-seite-der-ukrainischen-armee-verlegung-der-dschihadisten-in-die-ukraine\/"},"wordCount":625,"commentCount":0,"publisher":{"@id":"https:\/\/now-news.de\/de\/#organization"},"image":{"@id":"https:\/\/now-news.de\/de\/deutschland\/islamist-aus-idlib-an-seite-der-ukrainischen-armee-verlegung-der-dschihadisten-in-die-ukraine\/#primaryimage"},"thumbnailUrl":"https:\/\/now-news.de\/de\/wp-content\/uploads\/sites\/3\/2023\/01\/Islamist-aus-Idlib-an-Seite-der-ukrainischen-Armee-Verlegung-der.jpg","keywords":["Armee","aus","der","die","Dschihadisten","Idlib","Islamist","Seite","ukraine","ukrainischen","Verlegung"],"articleSection":["Deutschland","Russland"],"inLanguage":"de","potentialAction":[{"@type":"CommentAction","name":"Comment","target":["https:\/\/now-news.de\/de\/deutschland\/islamist-aus-idlib-an-seite-der-ukrainischen-armee-verlegung-der-dschihadisten-in-die-ukraine\/#respond"]}]},{"@type":"WebPage","@id":"https:\/\/now-news.de\/de\/deutschland\/islamist-aus-idlib-an-seite-der-ukrainischen-armee-verlegung-der-dschihadisten-in-die-ukraine\/","url":"https:\/\/now-news.de\/de\/deutschland\/islamist-aus-idlib-an-seite-der-ukrainischen-armee-verlegung-der-dschihadisten-in-die-ukraine\/","name":"Islamist aus Idlib an Seite der ukrainischen Armee: Verlegung der Dschihadisten in die Ukraine? - just-now.NEWS Deutschland","isPartOf":{"@id":"https:\/\/now-news.de\/de\/#website"},"primaryImageOfPage":{"@id":"https:\/\/now-news.de\/de\/deutschland\/islamist-aus-idlib-an-seite-der-ukrainischen-armee-verlegung-der-dschihadisten-in-die-ukraine\/#primaryimage"},"image":{"@id":"https:\/\/now-news.de\/de\/deutschland\/islamist-aus-idlib-an-seite-der-ukrainischen-armee-verlegung-der-dschihadisten-in-die-ukraine\/#primaryimage"},"thumbnailUrl":"https:\/\/now-news.de\/de\/wp-content\/uploads\/sites\/3\/2023\/01\/Islamist-aus-Idlib-an-Seite-der-ukrainischen-Armee-Verlegung-der.jpg","datePublished":"2023-01-13T12:35:58+00:00","dateModified":"2023-01-13T12:35:58+00:00","breadcrumb":{"@id":"https:\/\/now-news.de\/de\/deutschland\/islamist-aus-idlib-an-seite-der-ukrainischen-armee-verlegung-der-dschihadisten-in-die-ukraine\/#breadcrumb"},"inLanguage":"de","potentialAction":[{"@type":"ReadAction","target":["https:\/\/now-news.de\/de\/deutschland\/islamist-aus-idlib-an-seite-der-ukrainischen-armee-verlegung-der-dschihadisten-in-die-ukraine\/"]}]},{"@type":"ImageObject","inLanguage":"de","@id":"https:\/\/now-news.de\/de\/deutschland\/islamist-aus-idlib-an-seite-der-ukrainischen-armee-verlegung-der-dschihadisten-in-die-ukraine\/#primaryimage","url":"https:\/\/now-news.de\/de\/wp-content\/uploads\/sites\/3\/2023\/01\/Islamist-aus-Idlib-an-Seite-der-ukrainischen-Armee-Verlegung-der.jpg","contentUrl":"https:\/\/now-news.de\/de\/wp-content\/uploads\/sites\/3\/2023\/01\/Islamist-aus-Idlib-an-Seite-der-ukrainischen-Armee-Verlegung-der.jpg","width":460,"height":259,"caption":"Islamist aus Idlib an Seite der ukrainischen Armee: Verlegung der Dschihadisten in die Ukraine?"},{"@type":"BreadcrumbList","@id":"https:\/\/now-news.de\/de\/deutschland\/islamist-aus-idlib-an-seite-der-ukrainischen-armee-verlegung-der-dschihadisten-in-die-ukraine\/#breadcrumb","itemListElement":[{"@type":"ListItem","position":1,"name":"Home","item":"https:\/\/now-news.de\/de\/"},{"@type":"ListItem","position":2,"name":"Islamist aus Idlib an Seite der ukrainischen Armee: Verlegung der Dschihadisten in die Ukraine?"}]},{"@type":"WebSite","@id":"https:\/\/now-news.de\/de\/#website","url":"https:\/\/now-news.de\/de\/","name":"just-now.NEWS Deutschland","description":"Das Portal f\u00fcr unzensierte Nachrichten aus der Welt","publisher":{"@id":"https:\/\/now-news.de\/de\/#organization"},"potentialAction":[{"@type":"SearchAction","target":{"@type":"EntryPoint","urlTemplate":"https:\/\/now-news.de\/de\/?s={search_term_string}"},"query-input":"required name=search_term_string"}],"inLanguage":"de"},{"@type":"Organization","@id":"https:\/\/now-news.de\/de\/#organization","name":"Just Now News","url":"https:\/\/now-news.de\/de\/","logo":{"@type":"ImageObject","inLanguage":"de","@id":"https:\/\/now-news.de\/de\/#\/schema\/logo\/image\/","url":"http:\/\/just-now.news\/de\/wp-content\/uploads\/sites\/3\/2022\/04\/logo500x500.jpg","contentUrl":"http:\/\/just-now.news\/de\/wp-content\/uploads\/sites\/3\/2022\/04\/logo500x500.jpg","width":500,"height":500,"caption":"Just Now News"},"image":{"@id":"https:\/\/now-news.de\/de\/#\/schema\/logo\/image\/"},"sameAs":["https:\/\/www.facebook.com\/wirmachenauf","https:\/\/x.com\/WirMachenAuf_de"]},{"@type":"Person","@id":"https:\/\/now-news.de\/de\/#\/schema\/person\/fb534a4e865501d8b3285208df34a9b5","name":"rtnews","image":{"@type":"ImageObject","inLanguage":"de","@id":"https:\/\/now-news.de\/de\/#\/schema\/person\/image\/","url":"https:\/\/secure.gravatar.com\/avatar\/82aafea7d8127119dd649515f56e2117?s=96&d=mm&r=g","contentUrl":"https:\/\/secure.gravatar.com\/avatar\/82aafea7d8127119dd649515f56e2117?s=96&d=mm&r=g","caption":"rtnews"},"url":"https:\/\/now-news.de\/de\/author\/rnews\/"}]}},"_links":{"self":[{"href":"https:\/\/now-news.de\/de\/wp-json\/wp\/v2\/posts\/27650"}],"collection":[{"href":"https:\/\/now-news.de\/de\/wp-json\/wp\/v2\/posts"}],"about":[{"href":"https:\/\/now-news.de\/de\/wp-json\/wp\/v2\/types\/post"}],"author":[{"embeddable":true,"href":"https:\/\/now-news.de\/de\/wp-json\/wp\/v2\/users\/3"}],"replies":[{"embeddable":true,"href":"https:\/\/now-news.de\/de\/wp-json\/wp\/v2\/comments?post=27650"}],"version-history":[{"count":0,"href":"https:\/\/now-news.de\/de\/wp-json\/wp\/v2\/posts\/27650\/revisions"}],"wp:featuredmedia":[{"embeddable":true,"href":"https:\/\/now-news.de\/de\/wp-json\/wp\/v2\/media\/27651"}],"wp:attachment":[{"href":"https:\/\/now-news.de\/de\/wp-json\/wp\/v2\/media?parent=27650"}],"wp:term":[{"taxonomy":"category","embeddable":true,"href":"https:\/\/now-news.de\/de\/wp-json\/wp\/v2\/categories?post=27650"},{"taxonomy":"post_tag","embeddable":true,"href":"https:\/\/now-news.de\/de\/wp-json\/wp\/v2\/tags?post=27650"}],"curies":[{"name":"wp","href":"https:\/\/api.w.org\/{rel}","templated":true}]}}