{"id":27633,"date":"2023-01-13T14:45:04","date_gmt":"2023-01-13T12:45:04","guid":{"rendered":"https:\/\/just-now.news\/de\/deutschland\/fluege-mit-privatjets-in-deutschland-2022-auf-rekordniveau\/"},"modified":"2023-01-13T14:45:04","modified_gmt":"2023-01-13T12:45:04","slug":"fluege-mit-privatjets-in-deutschland-2022-auf-rekordniveau","status":"publish","type":"post","link":"https:\/\/now-news.de\/de\/deutschland\/fluege-mit-privatjets-in-deutschland-2022-auf-rekordniveau\/","title":{"rendered":"Fl\u00fcge mit Privatjets in Deutschland 2022 auf Rekordniveau"},"content":{"rendered":"<p><img decoding=\"async\" src=\"http:\/\/just-now.news\/de\/wp-content\/uploads\/sites\/3\/2023\/01\/63c1287db480cc102f7d449b.jpg\" \/><\/p>\n<div class=\"Text-root Text-type_1 \">\n                Fl\u00fcge mit Privatjets sind im vergangenen Jahr in Deutschland auf ein Rekordniveau gestiegen. Wie aus einem Medienbericht hervorgeht, handelte es sich bei fast drei Viertel davon ausschlie\u00dflich um Kurzstreckenfl\u00fcge, so etwa zwischen Hamburg und Sylt.\n            <\/div>\n<p><\/p>\n<div class=\"Text-root Text-type_5 ArticleView-text ViewText-root \">\n<p>Der Rechercheverbund von <em>NDR<\/em> und <em>S\u00fcddeutscher Zeitung<\/em>\u00a0nannte am Donnerstag unter Berufung auf die Europ\u00e4ische Flugsicherheitsorganisation\u00a0(EUROCONTROL) die Zahl von mehr als 94.000 Starts von Business-Flugzeugen im vergangenen Jahr in Deutschland \u2013 rund\u00a0260 Fl\u00fcge t\u00e4glich. Das seien insgesamt etwa 8.000 Fl\u00fcge mehr gewesen als im Jahr 2021. Wie aus dem <a rel=\"nofollow noopener\" target=\"_blank\" href=\"https:\/\/www.tagesschau.de\/investigativ\/ndr\/privatjets-treibhausgase-klima-101.html\">Bericht<\/a> hervorgeht, waren Fl\u00fcge mit\u00a0Privatjets in\u00a0Deutschland im Jahr 2022 auf ein Rekordniveau gestiegen.\u00a0<\/p>\n<p>Europaweit h\u00e4tten Privatjets im vergangenen Jahr laut\u00a0<em>NDR<\/em>\u00a0und\u00a0<em>S\u00fcddeutscher Zeitung<\/em>\u00a0Treibhausgas-Emissionen von etwa 10 Millionen Tonnen CO\u2082 verursacht.<\/p>\n<p>Fast drei Viertel der in Deutschland gestarteten Fl\u00fcge seien k\u00fcrzer als 500 Kilometer gewesen. H\u00e4ufig geflogene Strecken waren demnach Hamburg \u2013 Sylt oder Berlin \u2013 M\u00fcnchen. Bei l\u00e4ngeren Fl\u00fcgen war der mit Abstand h\u00e4ufigste Zielort Mallorca.<\/p>\n<p>Der Klimaforscher Stefan G\u00f6ssling kritisierte in dem Beitrag die Fl\u00fcge als meist \u00fcberfl\u00fcssig. Zugleich betonte er, dass durch den &#8220;starken Zuwachs&#8221; bei den Privatfl\u00fcgen, &#8220;die sehr CO\u2082-intensiv&#8221; seien, jene auch &#8220;immer st\u00e4rker zum Klimawandel beitragen&#8221;. G\u00f6ssling, der Professor an der schwedischen Linnaeus-Universit\u00e4t ist, erkl\u00e4rte:<\/p>\n<blockquote>\n<p><em>&#8220;Wir k\u00f6nnen aus Klima-Perspektive nicht l\u00e4nger zuschauen, dass viele Reisen mit dem Flugzeug gemacht werden, gerade mit Privatflugzeugen, die auch genauso gut mit der Bahn absolvierbar w\u00e4ren oder meinetwegen mit dem Privatwagen.&#8221;<\/em><\/p>\n<\/blockquote>\n<p>Laut Bericht\u00a0fliegen Flugzeuge oft auch leer. Viele Charterfirmen\u00a0bieten demnach eine Art &#8220;Flug-Taxi-Service&#8221; an. Um den Kunden an einem von ihm bestimmten Startort abzuholen, w\u00fcrden die Jets zun\u00e4chst oft leer dorthin fliegen.<\/p>\n<p>Kleinere Betreiber von\u00a0Privatjets\u00a0sind laut Bericht trotz klimasch\u00e4dlicher Treibhausgase zudem\u00a0vom europ\u00e4ischen Emissionshandel befreit.\u00a0Sie profitierten demnach von einer Ausnahmeregelung beim EU-Emissionshandel. Erst ab 1.000 Tonnen CO\u2082 pro Jahr werde ein Preis f\u00e4llig, der eigentlich f\u00fcr Luftverkehrsunternehmen obligatorisch ist.<\/p>\n<p><strong>Mehr zum Thema<\/strong> &#8211;\u00a0<a rel=\"nofollow noopener\" target=\"_blank\" href=\"https:\/\/test.rtde.tech\/gesellschaft\/154179-aktivisten-werfen-teilnehmern-der-un-klimakonferenz-heuchelei-vor\/\">Hunderte Privatjets bei COP27: Aktivisten werfen Teilnehmern der UN-Klimakonferenz Heuchelei vor<\/a><\/p>\n<p><em>(rt\/dpa)<\/em><\/p>\n<\/div>\n<p><br \/>\n<br \/><a href=\"https:\/\/de.rt.com\/inland\/159750-fluege-mit-privatjets-in-deutschland\/\">Source link <\/a><\/p>\n","protected":false},"excerpt":{"rendered":"<p>Fl\u00fcge mit Privatjets sind im vergangenen Jahr in Deutschland auf ein Rekordniveau gestiegen. Wie aus einem Medienbericht hervorgeht, handelte es sich bei fast drei Viertel davon ausschlie\u00dflich um Kurzstreckenfl\u00fcge, so etwa zwischen Hamburg und Sylt. Der Rechercheverbund von NDR und S\u00fcddeutscher Zeitung\u00a0nannte am Donnerstag unter Berufung auf die Europ\u00e4ische Flugsicherheitsorganisation\u00a0(EUROCONTROL) die Zahl von mehr als [&hellip;]<\/p>\n","protected":false},"author":3,"featured_media":27634,"comment_status":"open","ping_status":"open","sticky":false,"template":"","format":"standard","meta":{"_yoast_indexnow_last_ping":["1673622775"],"wp_automatic_camp":["217"],"aa1a15dc14a540da8ec36fe70b45e9cf":["Fl\u00fcge mit Privatjets in Deutschland 2022 auf Rekordniveau"],"original_link":["https:\/\/de.rt.com\/inland\/159750-fluege-mit-privatjets-in-deutschland\/"],"_thumbnail_id":["27634"],"_wptgpro_p2tg_sent2tg":["a:1:{i:23737;s:19:\"2023-01-13 17:14:23\";}"],"jnews_social_counter_last_update":["1777377814"]},"categories":[19,23],"tags":[133,179,13723,419,34112,10294],"yoast_head":"<!-- This site is optimized with the Yoast SEO Premium plugin v22.7 (Yoast SEO v22.7) - https:\/\/yoast.com\/wordpress\/plugins\/seo\/ -->\n<title>Fl\u00fcge mit Privatjets in Deutschland 2022 auf Rekordniveau - just-now.NEWS Deutschland<\/title>\n<meta name=\"robots\" content=\"index, follow, max-snippet:-1, max-image-preview:large, max-video-preview:-1\" \/>\n<link rel=\"canonical\" href=\"https:\/\/now-news.de\/de\/deutschland\/fluege-mit-privatjets-in-deutschland-2022-auf-rekordniveau\/\" \/>\n<meta property=\"og:locale\" content=\"de_DE\" \/>\n<meta property=\"og:type\" content=\"article\" \/>\n<meta property=\"og:title\" content=\"Fl\u00fcge mit Privatjets in Deutschland 2022 auf Rekordniveau\" \/>\n<meta property=\"og:description\" content=\"Fl\u00fcge mit Privatjets sind im vergangenen Jahr in Deutschland auf ein Rekordniveau gestiegen. Wie aus einem Medienbericht hervorgeht, handelte es sich bei fast drei Viertel davon ausschlie\u00dflich um Kurzstreckenfl\u00fcge, so etwa zwischen Hamburg und Sylt. Der Rechercheverbund von NDR und S\u00fcddeutscher Zeitung\u00a0nannte am Donnerstag unter Berufung auf die Europ\u00e4ische Flugsicherheitsorganisation\u00a0(EUROCONTROL) die Zahl von mehr als [&hellip;]\" \/>\n<meta property=\"og:url\" content=\"https:\/\/now-news.de\/de\/deutschland\/fluege-mit-privatjets-in-deutschland-2022-auf-rekordniveau\/\" \/>\n<meta property=\"og:site_name\" content=\"just-now.NEWS Deutschland\" \/>\n<meta property=\"article:publisher\" content=\"https:\/\/www.facebook.com\/wirmachenauf\" \/>\n<meta property=\"article:published_time\" content=\"2023-01-13T12:45:04+00:00\" \/>\n<meta property=\"og:image\" content=\"https:\/\/now-news.de\/de\/wp-content\/uploads\/sites\/3\/2023\/01\/Fluege-mit-Privatjets-in-Deutschland-2022-auf-Rekordniveau.jpg\" \/>\n\t<meta property=\"og:image:width\" content=\"460\" \/>\n\t<meta property=\"og:image:height\" content=\"259\" \/>\n\t<meta property=\"og:image:type\" content=\"image\/jpeg\" \/>\n<meta name=\"author\" content=\"rtnews\" \/>\n<meta name=\"twitter:card\" content=\"summary_large_image\" \/>\n<meta name=\"twitter:creator\" content=\"@WirMachenAuf_de\" \/>\n<meta name=\"twitter:site\" content=\"@WirMachenAuf_de\" \/>\n<meta name=\"twitter:label1\" content=\"Verfasst von\" \/>\n\t<meta name=\"twitter:data1\" content=\"rtnews\" \/>\n\t<meta name=\"twitter:label2\" content=\"Gesch\u00e4tzte Lesezeit\" \/>\n\t<meta name=\"twitter:data2\" content=\"2\u00a0Minuten\" \/>\n<script type=\"application\/ld+json\" class=\"yoast-schema-graph\">{\"@context\":\"https:\/\/schema.org\",\"@graph\":[{\"@type\":\"Article\",\"@id\":\"https:\/\/now-news.de\/de\/deutschland\/fluege-mit-privatjets-in-deutschland-2022-auf-rekordniveau\/#article\",\"isPartOf\":{\"@id\":\"https:\/\/now-news.de\/de\/deutschland\/fluege-mit-privatjets-in-deutschland-2022-auf-rekordniveau\/\"},\"author\":{\"name\":\"rtnews\",\"@id\":\"https:\/\/now-news.de\/de\/#\/schema\/person\/fb534a4e865501d8b3285208df34a9b5\"},\"headline\":\"Fl\u00fcge mit Privatjets in Deutschland 2022 auf Rekordniveau\",\"datePublished\":\"2023-01-13T12:45:04+00:00\",\"dateModified\":\"2023-01-13T12:45:04+00:00\",\"mainEntityOfPage\":{\"@id\":\"https:\/\/now-news.de\/de\/deutschland\/fluege-mit-privatjets-in-deutschland-2022-auf-rekordniveau\/\"},\"wordCount\":358,\"commentCount\":0,\"publisher\":{\"@id\":\"https:\/\/now-news.de\/de\/#organization\"},\"image\":{\"@id\":\"https:\/\/now-news.de\/de\/deutschland\/fluege-mit-privatjets-in-deutschland-2022-auf-rekordniveau\/#primaryimage\"},\"thumbnailUrl\":\"https:\/\/now-news.de\/de\/wp-content\/uploads\/sites\/3\/2023\/01\/Fluege-mit-Privatjets-in-Deutschland-2022-auf-Rekordniveau.jpg\",\"keywords\":[\"AUF\",\"Deutschland\",\"Fl\u00fcge\",\"mit\",\"Privatjets\",\"Rekordniveau\"],\"articleSection\":[\"Deutschland\",\"Russland\"],\"inLanguage\":\"de\",\"potentialAction\":[{\"@type\":\"CommentAction\",\"name\":\"Comment\",\"target\":[\"https:\/\/now-news.de\/de\/deutschland\/fluege-mit-privatjets-in-deutschland-2022-auf-rekordniveau\/#respond\"]}]},{\"@type\":\"WebPage\",\"@id\":\"https:\/\/now-news.de\/de\/deutschland\/fluege-mit-privatjets-in-deutschland-2022-auf-rekordniveau\/\",\"url\":\"https:\/\/now-news.de\/de\/deutschland\/fluege-mit-privatjets-in-deutschland-2022-auf-rekordniveau\/\",\"name\":\"Fl\u00fcge mit Privatjets in Deutschland 2022 auf Rekordniveau - just-now.NEWS Deutschland\",\"isPartOf\":{\"@id\":\"https:\/\/now-news.de\/de\/#website\"},\"primaryImageOfPage\":{\"@id\":\"https:\/\/now-news.de\/de\/deutschland\/fluege-mit-privatjets-in-deutschland-2022-auf-rekordniveau\/#primaryimage\"},\"image\":{\"@id\":\"https:\/\/now-news.de\/de\/deutschland\/fluege-mit-privatjets-in-deutschland-2022-auf-rekordniveau\/#primaryimage\"},\"thumbnailUrl\":\"https:\/\/now-news.de\/de\/wp-content\/uploads\/sites\/3\/2023\/01\/Fluege-mit-Privatjets-in-Deutschland-2022-auf-Rekordniveau.jpg\",\"datePublished\":\"2023-01-13T12:45:04+00:00\",\"dateModified\":\"2023-01-13T12:45:04+00:00\",\"breadcrumb\":{\"@id\":\"https:\/\/now-news.de\/de\/deutschland\/fluege-mit-privatjets-in-deutschland-2022-auf-rekordniveau\/#breadcrumb\"},\"inLanguage\":\"de\",\"potentialAction\":[{\"@type\":\"ReadAction\",\"target\":[\"https:\/\/now-news.de\/de\/deutschland\/fluege-mit-privatjets-in-deutschland-2022-auf-rekordniveau\/\"]}]},{\"@type\":\"ImageObject\",\"inLanguage\":\"de\",\"@id\":\"https:\/\/now-news.de\/de\/deutschland\/fluege-mit-privatjets-in-deutschland-2022-auf-rekordniveau\/#primaryimage\",\"url\":\"https:\/\/now-news.de\/de\/wp-content\/uploads\/sites\/3\/2023\/01\/Fluege-mit-Privatjets-in-Deutschland-2022-auf-Rekordniveau.jpg\",\"contentUrl\":\"https:\/\/now-news.de\/de\/wp-content\/uploads\/sites\/3\/2023\/01\/Fluege-mit-Privatjets-in-Deutschland-2022-auf-Rekordniveau.jpg\",\"width\":460,\"height\":259,\"caption\":\"Fl\u00fcge mit Privatjets in Deutschland 2022 auf Rekordniveau\"},{\"@type\":\"BreadcrumbList\",\"@id\":\"https:\/\/now-news.de\/de\/deutschland\/fluege-mit-privatjets-in-deutschland-2022-auf-rekordniveau\/#breadcrumb\",\"itemListElement\":[{\"@type\":\"ListItem\",\"position\":1,\"name\":\"Home\",\"item\":\"https:\/\/now-news.de\/de\/\"},{\"@type\":\"ListItem\",\"position\":2,\"name\":\"Fl\u00fcge mit Privatjets in Deutschland 2022 auf Rekordniveau\"}]},{\"@type\":\"WebSite\",\"@id\":\"https:\/\/now-news.de\/de\/#website\",\"url\":\"https:\/\/now-news.de\/de\/\",\"name\":\"just-now.NEWS Deutschland\",\"description\":\"Das Portal f\u00fcr unzensierte Nachrichten aus der Welt\",\"publisher\":{\"@id\":\"https:\/\/now-news.de\/de\/#organization\"},\"potentialAction\":[{\"@type\":\"SearchAction\",\"target\":{\"@type\":\"EntryPoint\",\"urlTemplate\":\"https:\/\/now-news.de\/de\/?s={search_term_string}\"},\"query-input\":\"required name=search_term_string\"}],\"inLanguage\":\"de\"},{\"@type\":\"Organization\",\"@id\":\"https:\/\/now-news.de\/de\/#organization\",\"name\":\"Just Now News\",\"url\":\"https:\/\/now-news.de\/de\/\",\"logo\":{\"@type\":\"ImageObject\",\"inLanguage\":\"de\",\"@id\":\"https:\/\/now-news.de\/de\/#\/schema\/logo\/image\/\",\"url\":\"http:\/\/just-now.news\/de\/wp-content\/uploads\/sites\/3\/2022\/04\/logo500x500.jpg\",\"contentUrl\":\"http:\/\/just-now.news\/de\/wp-content\/uploads\/sites\/3\/2022\/04\/logo500x500.jpg\",\"width\":500,\"height\":500,\"caption\":\"Just Now News\"},\"image\":{\"@id\":\"https:\/\/now-news.de\/de\/#\/schema\/logo\/image\/\"},\"sameAs\":[\"https:\/\/www.facebook.com\/wirmachenauf\",\"https:\/\/x.com\/WirMachenAuf_de\"]},{\"@type\":\"Person\",\"@id\":\"https:\/\/now-news.de\/de\/#\/schema\/person\/fb534a4e865501d8b3285208df34a9b5\",\"name\":\"rtnews\",\"image\":{\"@type\":\"ImageObject\",\"inLanguage\":\"de\",\"@id\":\"https:\/\/now-news.de\/de\/#\/schema\/person\/image\/\",\"url\":\"https:\/\/secure.gravatar.com\/avatar\/82aafea7d8127119dd649515f56e2117?s=96&d=mm&r=g\",\"contentUrl\":\"https:\/\/secure.gravatar.com\/avatar\/82aafea7d8127119dd649515f56e2117?s=96&d=mm&r=g\",\"caption\":\"rtnews\"},\"url\":\"https:\/\/now-news.de\/de\/author\/rnews\/\"}]}<\/script>\n<!-- \/ Yoast SEO Premium plugin. -->","yoast_head_json":{"title":"Fl\u00fcge mit Privatjets in Deutschland 2022 auf Rekordniveau - just-now.NEWS Deutschland","robots":{"index":"index","follow":"follow","max-snippet":"max-snippet:-1","max-image-preview":"max-image-preview:large","max-video-preview":"max-video-preview:-1"},"canonical":"https:\/\/now-news.de\/de\/deutschland\/fluege-mit-privatjets-in-deutschland-2022-auf-rekordniveau\/","og_locale":"de_DE","og_type":"article","og_title":"Fl\u00fcge mit Privatjets in Deutschland 2022 auf Rekordniveau","og_description":"Fl\u00fcge mit Privatjets sind im vergangenen Jahr in Deutschland auf ein Rekordniveau gestiegen. Wie aus einem Medienbericht hervorgeht, handelte es sich bei fast drei Viertel davon ausschlie\u00dflich um Kurzstreckenfl\u00fcge, so etwa zwischen Hamburg und Sylt. Der Rechercheverbund von NDR und S\u00fcddeutscher Zeitung\u00a0nannte am Donnerstag unter Berufung auf die Europ\u00e4ische Flugsicherheitsorganisation\u00a0(EUROCONTROL) die Zahl von mehr als [&hellip;]","og_url":"https:\/\/now-news.de\/de\/deutschland\/fluege-mit-privatjets-in-deutschland-2022-auf-rekordniveau\/","og_site_name":"just-now.NEWS Deutschland","article_publisher":"https:\/\/www.facebook.com\/wirmachenauf","article_published_time":"2023-01-13T12:45:04+00:00","og_image":[{"width":460,"height":259,"url":"https:\/\/now-news.de\/de\/wp-content\/uploads\/sites\/3\/2023\/01\/Fluege-mit-Privatjets-in-Deutschland-2022-auf-Rekordniveau.jpg","type":"image\/jpeg"}],"author":"rtnews","twitter_card":"summary_large_image","twitter_creator":"@WirMachenAuf_de","twitter_site":"@WirMachenAuf_de","twitter_misc":{"Verfasst von":"rtnews","Gesch\u00e4tzte Lesezeit":"2\u00a0Minuten"},"schema":{"@context":"https:\/\/schema.org","@graph":[{"@type":"Article","@id":"https:\/\/now-news.de\/de\/deutschland\/fluege-mit-privatjets-in-deutschland-2022-auf-rekordniveau\/#article","isPartOf":{"@id":"https:\/\/now-news.de\/de\/deutschland\/fluege-mit-privatjets-in-deutschland-2022-auf-rekordniveau\/"},"author":{"name":"rtnews","@id":"https:\/\/now-news.de\/de\/#\/schema\/person\/fb534a4e865501d8b3285208df34a9b5"},"headline":"Fl\u00fcge mit Privatjets in Deutschland 2022 auf Rekordniveau","datePublished":"2023-01-13T12:45:04+00:00","dateModified":"2023-01-13T12:45:04+00:00","mainEntityOfPage":{"@id":"https:\/\/now-news.de\/de\/deutschland\/fluege-mit-privatjets-in-deutschland-2022-auf-rekordniveau\/"},"wordCount":358,"commentCount":0,"publisher":{"@id":"https:\/\/now-news.de\/de\/#organization"},"image":{"@id":"https:\/\/now-news.de\/de\/deutschland\/fluege-mit-privatjets-in-deutschland-2022-auf-rekordniveau\/#primaryimage"},"thumbnailUrl":"https:\/\/now-news.de\/de\/wp-content\/uploads\/sites\/3\/2023\/01\/Fluege-mit-Privatjets-in-Deutschland-2022-auf-Rekordniveau.jpg","keywords":["AUF","Deutschland","Fl\u00fcge","mit","Privatjets","Rekordniveau"],"articleSection":["Deutschland","Russland"],"inLanguage":"de","potentialAction":[{"@type":"CommentAction","name":"Comment","target":["https:\/\/now-news.de\/de\/deutschland\/fluege-mit-privatjets-in-deutschland-2022-auf-rekordniveau\/#respond"]}]},{"@type":"WebPage","@id":"https:\/\/now-news.de\/de\/deutschland\/fluege-mit-privatjets-in-deutschland-2022-auf-rekordniveau\/","url":"https:\/\/now-news.de\/de\/deutschland\/fluege-mit-privatjets-in-deutschland-2022-auf-rekordniveau\/","name":"Fl\u00fcge mit Privatjets in Deutschland 2022 auf Rekordniveau - just-now.NEWS Deutschland","isPartOf":{"@id":"https:\/\/now-news.de\/de\/#website"},"primaryImageOfPage":{"@id":"https:\/\/now-news.de\/de\/deutschland\/fluege-mit-privatjets-in-deutschland-2022-auf-rekordniveau\/#primaryimage"},"image":{"@id":"https:\/\/now-news.de\/de\/deutschland\/fluege-mit-privatjets-in-deutschland-2022-auf-rekordniveau\/#primaryimage"},"thumbnailUrl":"https:\/\/now-news.de\/de\/wp-content\/uploads\/sites\/3\/2023\/01\/Fluege-mit-Privatjets-in-Deutschland-2022-auf-Rekordniveau.jpg","datePublished":"2023-01-13T12:45:04+00:00","dateModified":"2023-01-13T12:45:04+00:00","breadcrumb":{"@id":"https:\/\/now-news.de\/de\/deutschland\/fluege-mit-privatjets-in-deutschland-2022-auf-rekordniveau\/#breadcrumb"},"inLanguage":"de","potentialAction":[{"@type":"ReadAction","target":["https:\/\/now-news.de\/de\/deutschland\/fluege-mit-privatjets-in-deutschland-2022-auf-rekordniveau\/"]}]},{"@type":"ImageObject","inLanguage":"de","@id":"https:\/\/now-news.de\/de\/deutschland\/fluege-mit-privatjets-in-deutschland-2022-auf-rekordniveau\/#primaryimage","url":"https:\/\/now-news.de\/de\/wp-content\/uploads\/sites\/3\/2023\/01\/Fluege-mit-Privatjets-in-Deutschland-2022-auf-Rekordniveau.jpg","contentUrl":"https:\/\/now-news.de\/de\/wp-content\/uploads\/sites\/3\/2023\/01\/Fluege-mit-Privatjets-in-Deutschland-2022-auf-Rekordniveau.jpg","width":460,"height":259,"caption":"Fl\u00fcge mit Privatjets in Deutschland 2022 auf Rekordniveau"},{"@type":"BreadcrumbList","@id":"https:\/\/now-news.de\/de\/deutschland\/fluege-mit-privatjets-in-deutschland-2022-auf-rekordniveau\/#breadcrumb","itemListElement":[{"@type":"ListItem","position":1,"name":"Home","item":"https:\/\/now-news.de\/de\/"},{"@type":"ListItem","position":2,"name":"Fl\u00fcge mit Privatjets in Deutschland 2022 auf Rekordniveau"}]},{"@type":"WebSite","@id":"https:\/\/now-news.de\/de\/#website","url":"https:\/\/now-news.de\/de\/","name":"just-now.NEWS Deutschland","description":"Das Portal f\u00fcr unzensierte Nachrichten aus der Welt","publisher":{"@id":"https:\/\/now-news.de\/de\/#organization"},"potentialAction":[{"@type":"SearchAction","target":{"@type":"EntryPoint","urlTemplate":"https:\/\/now-news.de\/de\/?s={search_term_string}"},"query-input":"required name=search_term_string"}],"inLanguage":"de"},{"@type":"Organization","@id":"https:\/\/now-news.de\/de\/#organization","name":"Just Now News","url":"https:\/\/now-news.de\/de\/","logo":{"@type":"ImageObject","inLanguage":"de","@id":"https:\/\/now-news.de\/de\/#\/schema\/logo\/image\/","url":"http:\/\/just-now.news\/de\/wp-content\/uploads\/sites\/3\/2022\/04\/logo500x500.jpg","contentUrl":"http:\/\/just-now.news\/de\/wp-content\/uploads\/sites\/3\/2022\/04\/logo500x500.jpg","width":500,"height":500,"caption":"Just Now News"},"image":{"@id":"https:\/\/now-news.de\/de\/#\/schema\/logo\/image\/"},"sameAs":["https:\/\/www.facebook.com\/wirmachenauf","https:\/\/x.com\/WirMachenAuf_de"]},{"@type":"Person","@id":"https:\/\/now-news.de\/de\/#\/schema\/person\/fb534a4e865501d8b3285208df34a9b5","name":"rtnews","image":{"@type":"ImageObject","inLanguage":"de","@id":"https:\/\/now-news.de\/de\/#\/schema\/person\/image\/","url":"https:\/\/secure.gravatar.com\/avatar\/82aafea7d8127119dd649515f56e2117?s=96&d=mm&r=g","contentUrl":"https:\/\/secure.gravatar.com\/avatar\/82aafea7d8127119dd649515f56e2117?s=96&d=mm&r=g","caption":"rtnews"},"url":"https:\/\/now-news.de\/de\/author\/rnews\/"}]}},"_links":{"self":[{"href":"https:\/\/now-news.de\/de\/wp-json\/wp\/v2\/posts\/27633"}],"collection":[{"href":"https:\/\/now-news.de\/de\/wp-json\/wp\/v2\/posts"}],"about":[{"href":"https:\/\/now-news.de\/de\/wp-json\/wp\/v2\/types\/post"}],"author":[{"embeddable":true,"href":"https:\/\/now-news.de\/de\/wp-json\/wp\/v2\/users\/3"}],"replies":[{"embeddable":true,"href":"https:\/\/now-news.de\/de\/wp-json\/wp\/v2\/comments?post=27633"}],"version-history":[{"count":0,"href":"https:\/\/now-news.de\/de\/wp-json\/wp\/v2\/posts\/27633\/revisions"}],"wp:featuredmedia":[{"embeddable":true,"href":"https:\/\/now-news.de\/de\/wp-json\/wp\/v2\/media\/27634"}],"wp:attachment":[{"href":"https:\/\/now-news.de\/de\/wp-json\/wp\/v2\/media?parent=27633"}],"wp:term":[{"taxonomy":"category","embeddable":true,"href":"https:\/\/now-news.de\/de\/wp-json\/wp\/v2\/categories?post=27633"},{"taxonomy":"post_tag","embeddable":true,"href":"https:\/\/now-news.de\/de\/wp-json\/wp\/v2\/tags?post=27633"}],"curies":[{"name":"wp","href":"https:\/\/api.w.org\/{rel}","templated":true}]}}