{"id":27623,"date":"2023-01-13T15:42:42","date_gmt":"2023-01-13T13:42:42","guid":{"rendered":"https:\/\/just-now.news\/de\/deutschland\/schrecklicher-fehler-hoher-politiker-australiens-trug-bei-party-nazi-uniform\/"},"modified":"2023-01-13T15:42:42","modified_gmt":"2023-01-13T13:42:42","slug":"schrecklicher-fehler-hoher-politiker-australiens-trug-bei-party-nazi-uniform","status":"publish","type":"post","link":"https:\/\/now-news.de\/de\/deutschland\/schrecklicher-fehler-hoher-politiker-australiens-trug-bei-party-nazi-uniform\/","title":{"rendered":"&quot;Schrecklicher Fehler&quot;: Hoher Politiker Australiens trug bei Party Nazi-Uniform"},"content":{"rendered":"<p><img decoding=\"async\" src=\"http:\/\/just-now.news\/de\/wp-content\/uploads\/sites\/3\/2023\/01\/63c11c09b480cc11606889bc.jpg\" \/><\/p>\n<div class=\"Text-root Text-type_1 \">\n                Bereits im Jahr 2005 schockierte der britische Prinz Harry mit seiner Kost\u00fcmwahl bei einer Mottoparty nicht nur Gro\u00dfbritannien. Nun offenbarte Dominic Perrottet, Ministerpr\u00e4sident des australischen Bundesstaates New South Wales, ebenfalls mal eine Nazi-Uniform getragen zu haben.\n            <\/div>\n<p><\/p>\n<div class=\"Text-root Text-type_5 ArticleView-text ViewText-root \">\n<p>Der Ministerpr\u00e4sident des australischen Bundesstaates New South Wales, Dominic Perrottet, hat zugegeben, dass er auf einer Party zu seinem 21. Geburtstag eine Nazi-Uniform getragen habe. Der heute 40-j\u00e4hrige Ministerpr\u00e4sident sagte am Donnerstag auf einer Pressekonferenz, er sch\u00e4me sich &#8220;zutiefst&#8221; f\u00fcr diese Tat, betonte aber, er sei nicht mehr der &#8220;naive&#8221; Mann, der er einmal war. Perrottet erkl\u00e4rte:\u00a0<\/p>\n<blockquote>\n<p><em>&#8220;In diesem Alter verstand ich einfach nicht, was diese Uniform f\u00fcr eine Bedeutung hat.&#8221;<\/em><\/p>\n<\/blockquote>\n<p>Und der australische Politiker f\u00fcgte hinzu:<\/p>\n<blockquote>\n<p><em>&#8220;Wer ich heute bin, wurde durch die guten Dinge geformt, die ich in meinem Leben getan habe, nicht durch die Fehler, die ich gemacht habe.&#8221;<\/em><\/p>\n<\/blockquote>\n<p>Perrottet erkl\u00e4rte zudem, dass der Vorfall ihn seit vielen Jahren besch\u00e4ftige und bei ihm Beklemmung hervorrufe. Bereits mehrfach habe er dar\u00fcber nachgedacht, sich \u00f6ffentlich dazu zu \u00e4u\u00dfern. Der 40-J\u00e4hrige teilte mit, dass er sich schlie\u00dflich zu einem \u00f6ffentlichen Eingest\u00e4ndnis entschlossen habe, nachdem ihn ein Ministerkollege vor zwei Tagen gewarnt hatte, dass die Leute von dem Vorfall w\u00fcssten. Der Politiker f\u00fcgte hinzu:<\/p>\n<blockquote>\n<p><em>&#8220;Ich habe mich schon seit einiger Zeit damit auseinandergesetzt, und es gab eine Reihe von Gelegenheiten w\u00e4hrend meiner politischen Laufbahn, bei denen ich dar\u00fcber nachgedacht habe, es anzusprechen. Es gab bestimmte Momente und bestimmte Ereignisse, bei denen ich dar\u00fcber nachgedacht habe, es anzusprechen, und ich habe es nicht getan, obwohl ich es h\u00e4tte tun sollen.&#8221;<\/em><\/p>\n<\/blockquote>\n<p>Auch auf seinem Profil bei dem Kurznachrichtendienst Twitter ver\u00f6ffentlichte Perrottet ein Video, in dem er versuchte, sich zu erkl\u00e4ren. Er schrieb dazu:\u00a0<\/p>\n<blockquote>\n<p><em>&#8220;Ich bedaure zutiefst\u00a0einen\u00a0schrecklichen Fehler, den ich auf der Feier zu meinem 21. Geburtstag gemacht habe.&#8221;<\/em><\/p>\n<\/blockquote>\n<div class=\"EmbedBlock-root EmbedBlock-twitter\">\n<div class=\"TwitterEmbed\">\n<blockquote class=\"twitter-tweet lazyload\" data-twitter=\"twitter-tweet\">\n<p lang=\"en\" dir=\"ltr\">I\u2019m deeply sorry for a terrible mistake I made at my 21st birthday party. <a rel=\"nofollow noopener\" target=\"_blank\" href=\"https:\/\/t.co\/ESnx8LwVjG\">pic.twitter.com\/ESnx8LwVjG<\/a><\/p>\n<p>\u2014 Dom Perrottet (@Dom_Perrottet) <a rel=\"nofollow noopener\" target=\"_blank\" href=\"https:\/\/twitter.com\/Dom_Perrottet\/status\/1613638515111399424?ref_src=twsrc%5Etfw\">January 12, 2023<\/a><\/p><\/blockquote>\n<\/div>\n<\/div>\n<p>Perrottets \u00f6ffentliches Eingest\u00e4ndnis kommt kurz vor einer anstehenden Wahl in dem bev\u00f6lkerungsreichsten Bundesstaat Australiens, und einige haben bereits dar\u00fcber spekuliert, dass er seine Verfehlung lieber selbst eingestehen wollte, als sie von seinen politischen Gegnern aufdecken\u00a0zu lassen.<\/p>\n<p>Der 40-J\u00e4hrige betonte seinerseits, dass er nicht wisse, ob es Fotos von ihm in einer Nazi-Uniform gebe, und dass sein Eingest\u00e4ndnis nicht dazu diene, der Ver\u00f6ffentlichung eines solchen Beweises zuvorzukommen.<\/p>\n<p>Perrottets Offenbarung erfolgte kurz nach der Ver\u00f6ffentlichung von Prinz Harrys Memoiren, in denen er sich unter anderem an eine Party im Jahr 2005 erinnert, die unter dem Motto &#8220;Ureinwohner und Kolonialherren&#8221; stand\u00a0\u2013 und bei der er auch eine Nazi-Uniform trug. Der Herzog von Sussex behauptet, er sei von seinem Bruder Prinz William und seiner Schw\u00e4gerin Kate Middleton dazu ermutigt worden und bezeichnete dies als einen der &#8220;gr\u00f6\u00dften Fehler seines Lebens&#8221;.\u00a0Damals ver\u00f6ffentlichte die britische Boulevardzeitung <em>Sun\u00a0<\/em>auf der Titelseite ein Foto von Harry, auf dem dieser in Nazi-Uniform und mit einer Hakenkreuzbinde zu sehen war. Der Vorfall sorgte in Gro\u00dfbritannien f\u00fcr Entr\u00fcstung.\u00a0<\/p>\n<p><strong>Mehr zum Thema<\/strong> &#8211; <a rel=\"nofollow noopener\" target=\"_blank\" href=\"https:\/\/test.rtde.tech\/international\/159149-britischer-general-zu-taliban-aussage-von-prinz-harry-naiv-und-dumm\/\">Prinz Harry prahlt in Memoiren mit T\u00f6tung von Taliban-K\u00e4mpfern \u2013 Britischer General: &#8220;Naiv und dumm&#8221;<\/a><\/p>\n<div class=\"EmbedBlock-root EmbedBlock-externalVideo EmbedBlock-odysee\">\n<div class=\"VkEmbed\"><iframe class=\"lazyload\" data-src=\"https:\/\/odysee.com\/%24\/embed\/%40RTDE%3Ae%2FPrinz-Harry-br%C3%BCstet-sich-mit-25-get%C3%B6teten-K%C3%A4mpfern%E2%80%93Taliban-werfen-ihm-Kriegsverbrechen-vor%3Ab\" frameborder=\"0\" width=\"853\" height=\"480\" allowfullscreen><\/iframe><\/div>\n<\/div>\n<\/div>\n<p><script async src=\"https:\/\/platform.twitter.com\/widgets.js\" charset=\"utf-8\"><\/script><br \/>\n<br \/><br \/>\n<br \/><a href=\"https:\/\/de.rt.com\/international\/159737-schrecklicher-fehler-hoher-politiker-australiens\/\">Source link <\/a><\/p>\n","protected":false},"excerpt":{"rendered":"<p>Bereits im Jahr 2005 schockierte der britische Prinz Harry mit seiner Kost\u00fcmwahl bei einer Mottoparty nicht nur Gro\u00dfbritannien. Nun offenbarte Dominic Perrottet, Ministerpr\u00e4sident des australischen Bundesstaates New South Wales, ebenfalls mal eine Nazi-Uniform getragen zu haben. Der Ministerpr\u00e4sident des australischen Bundesstaates New South Wales, Dominic Perrottet, hat zugegeben, dass er auf einer Party zu seinem [&hellip;]<\/p>\n","protected":false},"author":3,"featured_media":27624,"comment_status":"open","ping_status":"open","sticky":false,"template":"","format":"standard","meta":{"_yoast_indexnow_last_ping":["1673617983"],"wp_automatic_camp":["217"],"6a0f6ed2019a707c0a490ab1ff2c521f":["&quot;Schrecklicher Fehler&quot;: Hoher Politiker Australiens trug bei Party Nazi-Uniform"],"original_link":["https:\/\/de.rt.com\/international\/159737-schrecklicher-fehler-hoher-politiker-australiens\/"],"_thumbnail_id":["27624"],"jnews_social_counter_last_update":["1777171483"],"_wptgpro_p2tg_sent2tg":["a:1:{i:23737;s:19:\"2023-01-13 15:54:26\";}"]},"categories":[19,23],"tags":[9769,363,19449,4868,38993,5012,5679,38992,19110],"yoast_head":"<!-- This site is optimized with the Yoast SEO Premium plugin v22.7 (Yoast SEO v22.7) - https:\/\/yoast.com\/wordpress\/plugins\/seo\/ -->\n<title>&quot;Schrecklicher Fehler&quot;: Hoher Politiker Australiens trug bei Party Nazi-Uniform - just-now.NEWS Deutschland<\/title>\n<meta name=\"robots\" content=\"index, follow, max-snippet:-1, max-image-preview:large, max-video-preview:-1\" \/>\n<link rel=\"canonical\" href=\"https:\/\/now-news.de\/de\/deutschland\/schrecklicher-fehler-hoher-politiker-australiens-trug-bei-party-nazi-uniform\/\" \/>\n<meta property=\"og:locale\" content=\"de_DE\" \/>\n<meta property=\"og:type\" content=\"article\" \/>\n<meta property=\"og:title\" content=\"&quot;Schrecklicher Fehler&quot;: Hoher Politiker Australiens trug bei Party Nazi-Uniform\" \/>\n<meta property=\"og:description\" content=\"Bereits im Jahr 2005 schockierte der britische Prinz Harry mit seiner Kost\u00fcmwahl bei einer Mottoparty nicht nur Gro\u00dfbritannien. Nun offenbarte Dominic Perrottet, Ministerpr\u00e4sident des australischen Bundesstaates New South Wales, ebenfalls mal eine Nazi-Uniform getragen zu haben. Der Ministerpr\u00e4sident des australischen Bundesstaates New South Wales, Dominic Perrottet, hat zugegeben, dass er auf einer Party zu seinem [&hellip;]\" \/>\n<meta property=\"og:url\" content=\"https:\/\/now-news.de\/de\/deutschland\/schrecklicher-fehler-hoher-politiker-australiens-trug-bei-party-nazi-uniform\/\" \/>\n<meta property=\"og:site_name\" content=\"just-now.NEWS Deutschland\" \/>\n<meta property=\"article:publisher\" content=\"https:\/\/www.facebook.com\/wirmachenauf\" \/>\n<meta property=\"article:published_time\" content=\"2023-01-13T13:42:42+00:00\" \/>\n<meta property=\"og:image\" content=\"https:\/\/now-news.de\/de\/wp-content\/uploads\/sites\/3\/2023\/01\/quotSchrecklicher-Fehlerquot-Hoher-Politiker-Australiens-trug-bei-Party-Nazi-Uniform.jpg\" \/>\n\t<meta property=\"og:image:width\" content=\"460\" \/>\n\t<meta property=\"og:image:height\" content=\"259\" \/>\n\t<meta property=\"og:image:type\" content=\"image\/jpeg\" \/>\n<meta name=\"author\" content=\"rtnews\" \/>\n<meta name=\"twitter:card\" content=\"summary_large_image\" \/>\n<meta name=\"twitter:creator\" content=\"@WirMachenAuf_de\" \/>\n<meta name=\"twitter:site\" content=\"@WirMachenAuf_de\" \/>\n<meta name=\"twitter:label1\" content=\"Verfasst von\" \/>\n\t<meta name=\"twitter:data1\" content=\"rtnews\" \/>\n\t<meta name=\"twitter:label2\" content=\"Gesch\u00e4tzte Lesezeit\" \/>\n\t<meta name=\"twitter:data2\" content=\"3\u00a0Minuten\" \/>\n<script type=\"application\/ld+json\" class=\"yoast-schema-graph\">{\"@context\":\"https:\/\/schema.org\",\"@graph\":[{\"@type\":\"Article\",\"@id\":\"https:\/\/now-news.de\/de\/deutschland\/schrecklicher-fehler-hoher-politiker-australiens-trug-bei-party-nazi-uniform\/#article\",\"isPartOf\":{\"@id\":\"https:\/\/now-news.de\/de\/deutschland\/schrecklicher-fehler-hoher-politiker-australiens-trug-bei-party-nazi-uniform\/\"},\"author\":{\"name\":\"rtnews\",\"@id\":\"https:\/\/now-news.de\/de\/#\/schema\/person\/fb534a4e865501d8b3285208df34a9b5\"},\"headline\":\"&quot;Schrecklicher Fehler&quot;: Hoher Politiker Australiens trug bei Party Nazi-Uniform\",\"datePublished\":\"2023-01-13T13:42:42+00:00\",\"dateModified\":\"2023-01-13T13:42:42+00:00\",\"mainEntityOfPage\":{\"@id\":\"https:\/\/now-news.de\/de\/deutschland\/schrecklicher-fehler-hoher-politiker-australiens-trug-bei-party-nazi-uniform\/\"},\"wordCount\":556,\"commentCount\":0,\"publisher\":{\"@id\":\"https:\/\/now-news.de\/de\/#organization\"},\"image\":{\"@id\":\"https:\/\/now-news.de\/de\/deutschland\/schrecklicher-fehler-hoher-politiker-australiens-trug-bei-party-nazi-uniform\/#primaryimage\"},\"thumbnailUrl\":\"https:\/\/now-news.de\/de\/wp-content\/uploads\/sites\/3\/2023\/01\/quotSchrecklicher-Fehlerquot-Hoher-Politiker-Australiens-trug-bei-Party-Nazi-Uniform.jpg\",\"keywords\":[\"Australiens\",\"bei\",\"Fehlerquot\",\"h\u00f6her\",\"NaziUniform\",\"party\",\"Politiker\",\"quotSchrecklicher\",\"trug\"],\"articleSection\":[\"Deutschland\",\"Russland\"],\"inLanguage\":\"de\",\"potentialAction\":[{\"@type\":\"CommentAction\",\"name\":\"Comment\",\"target\":[\"https:\/\/now-news.de\/de\/deutschland\/schrecklicher-fehler-hoher-politiker-australiens-trug-bei-party-nazi-uniform\/#respond\"]}]},{\"@type\":\"WebPage\",\"@id\":\"https:\/\/now-news.de\/de\/deutschland\/schrecklicher-fehler-hoher-politiker-australiens-trug-bei-party-nazi-uniform\/\",\"url\":\"https:\/\/now-news.de\/de\/deutschland\/schrecklicher-fehler-hoher-politiker-australiens-trug-bei-party-nazi-uniform\/\",\"name\":\"&quot;Schrecklicher Fehler&quot;: Hoher Politiker Australiens trug bei Party Nazi-Uniform - just-now.NEWS Deutschland\",\"isPartOf\":{\"@id\":\"https:\/\/now-news.de\/de\/#website\"},\"primaryImageOfPage\":{\"@id\":\"https:\/\/now-news.de\/de\/deutschland\/schrecklicher-fehler-hoher-politiker-australiens-trug-bei-party-nazi-uniform\/#primaryimage\"},\"image\":{\"@id\":\"https:\/\/now-news.de\/de\/deutschland\/schrecklicher-fehler-hoher-politiker-australiens-trug-bei-party-nazi-uniform\/#primaryimage\"},\"thumbnailUrl\":\"https:\/\/now-news.de\/de\/wp-content\/uploads\/sites\/3\/2023\/01\/quotSchrecklicher-Fehlerquot-Hoher-Politiker-Australiens-trug-bei-Party-Nazi-Uniform.jpg\",\"datePublished\":\"2023-01-13T13:42:42+00:00\",\"dateModified\":\"2023-01-13T13:42:42+00:00\",\"breadcrumb\":{\"@id\":\"https:\/\/now-news.de\/de\/deutschland\/schrecklicher-fehler-hoher-politiker-australiens-trug-bei-party-nazi-uniform\/#breadcrumb\"},\"inLanguage\":\"de\",\"potentialAction\":[{\"@type\":\"ReadAction\",\"target\":[\"https:\/\/now-news.de\/de\/deutschland\/schrecklicher-fehler-hoher-politiker-australiens-trug-bei-party-nazi-uniform\/\"]}]},{\"@type\":\"ImageObject\",\"inLanguage\":\"de\",\"@id\":\"https:\/\/now-news.de\/de\/deutschland\/schrecklicher-fehler-hoher-politiker-australiens-trug-bei-party-nazi-uniform\/#primaryimage\",\"url\":\"https:\/\/now-news.de\/de\/wp-content\/uploads\/sites\/3\/2023\/01\/quotSchrecklicher-Fehlerquot-Hoher-Politiker-Australiens-trug-bei-Party-Nazi-Uniform.jpg\",\"contentUrl\":\"https:\/\/now-news.de\/de\/wp-content\/uploads\/sites\/3\/2023\/01\/quotSchrecklicher-Fehlerquot-Hoher-Politiker-Australiens-trug-bei-Party-Nazi-Uniform.jpg\",\"width\":460,\"height\":259,\"caption\":\"&quot;Schrecklicher Fehler&quot;: Hoher Politiker Australiens trug bei Party Nazi-Uniform\"},{\"@type\":\"BreadcrumbList\",\"@id\":\"https:\/\/now-news.de\/de\/deutschland\/schrecklicher-fehler-hoher-politiker-australiens-trug-bei-party-nazi-uniform\/#breadcrumb\",\"itemListElement\":[{\"@type\":\"ListItem\",\"position\":1,\"name\":\"Home\",\"item\":\"https:\/\/now-news.de\/de\/\"},{\"@type\":\"ListItem\",\"position\":2,\"name\":\"&quot;Schrecklicher Fehler&quot;: Hoher Politiker Australiens trug bei Party Nazi-Uniform\"}]},{\"@type\":\"WebSite\",\"@id\":\"https:\/\/now-news.de\/de\/#website\",\"url\":\"https:\/\/now-news.de\/de\/\",\"name\":\"just-now.NEWS Deutschland\",\"description\":\"Das Portal f\u00fcr unzensierte Nachrichten aus der Welt\",\"publisher\":{\"@id\":\"https:\/\/now-news.de\/de\/#organization\"},\"potentialAction\":[{\"@type\":\"SearchAction\",\"target\":{\"@type\":\"EntryPoint\",\"urlTemplate\":\"https:\/\/now-news.de\/de\/?s={search_term_string}\"},\"query-input\":\"required name=search_term_string\"}],\"inLanguage\":\"de\"},{\"@type\":\"Organization\",\"@id\":\"https:\/\/now-news.de\/de\/#organization\",\"name\":\"Just Now News\",\"url\":\"https:\/\/now-news.de\/de\/\",\"logo\":{\"@type\":\"ImageObject\",\"inLanguage\":\"de\",\"@id\":\"https:\/\/now-news.de\/de\/#\/schema\/logo\/image\/\",\"url\":\"http:\/\/just-now.news\/de\/wp-content\/uploads\/sites\/3\/2022\/04\/logo500x500.jpg\",\"contentUrl\":\"http:\/\/just-now.news\/de\/wp-content\/uploads\/sites\/3\/2022\/04\/logo500x500.jpg\",\"width\":500,\"height\":500,\"caption\":\"Just Now News\"},\"image\":{\"@id\":\"https:\/\/now-news.de\/de\/#\/schema\/logo\/image\/\"},\"sameAs\":[\"https:\/\/www.facebook.com\/wirmachenauf\",\"https:\/\/x.com\/WirMachenAuf_de\"]},{\"@type\":\"Person\",\"@id\":\"https:\/\/now-news.de\/de\/#\/schema\/person\/fb534a4e865501d8b3285208df34a9b5\",\"name\":\"rtnews\",\"image\":{\"@type\":\"ImageObject\",\"inLanguage\":\"de\",\"@id\":\"https:\/\/now-news.de\/de\/#\/schema\/person\/image\/\",\"url\":\"https:\/\/secure.gravatar.com\/avatar\/82aafea7d8127119dd649515f56e2117?s=96&d=mm&r=g\",\"contentUrl\":\"https:\/\/secure.gravatar.com\/avatar\/82aafea7d8127119dd649515f56e2117?s=96&d=mm&r=g\",\"caption\":\"rtnews\"},\"url\":\"https:\/\/now-news.de\/de\/author\/rnews\/\"}]}<\/script>\n<!-- \/ Yoast SEO Premium plugin. -->","yoast_head_json":{"title":"&quot;Schrecklicher Fehler&quot;: Hoher Politiker Australiens trug bei Party Nazi-Uniform - just-now.NEWS Deutschland","robots":{"index":"index","follow":"follow","max-snippet":"max-snippet:-1","max-image-preview":"max-image-preview:large","max-video-preview":"max-video-preview:-1"},"canonical":"https:\/\/now-news.de\/de\/deutschland\/schrecklicher-fehler-hoher-politiker-australiens-trug-bei-party-nazi-uniform\/","og_locale":"de_DE","og_type":"article","og_title":"&quot;Schrecklicher Fehler&quot;: Hoher Politiker Australiens trug bei Party Nazi-Uniform","og_description":"Bereits im Jahr 2005 schockierte der britische Prinz Harry mit seiner Kost\u00fcmwahl bei einer Mottoparty nicht nur Gro\u00dfbritannien. Nun offenbarte Dominic Perrottet, Ministerpr\u00e4sident des australischen Bundesstaates New South Wales, ebenfalls mal eine Nazi-Uniform getragen zu haben. Der Ministerpr\u00e4sident des australischen Bundesstaates New South Wales, Dominic Perrottet, hat zugegeben, dass er auf einer Party zu seinem [&hellip;]","og_url":"https:\/\/now-news.de\/de\/deutschland\/schrecklicher-fehler-hoher-politiker-australiens-trug-bei-party-nazi-uniform\/","og_site_name":"just-now.NEWS Deutschland","article_publisher":"https:\/\/www.facebook.com\/wirmachenauf","article_published_time":"2023-01-13T13:42:42+00:00","og_image":[{"width":460,"height":259,"url":"https:\/\/now-news.de\/de\/wp-content\/uploads\/sites\/3\/2023\/01\/quotSchrecklicher-Fehlerquot-Hoher-Politiker-Australiens-trug-bei-Party-Nazi-Uniform.jpg","type":"image\/jpeg"}],"author":"rtnews","twitter_card":"summary_large_image","twitter_creator":"@WirMachenAuf_de","twitter_site":"@WirMachenAuf_de","twitter_misc":{"Verfasst von":"rtnews","Gesch\u00e4tzte Lesezeit":"3\u00a0Minuten"},"schema":{"@context":"https:\/\/schema.org","@graph":[{"@type":"Article","@id":"https:\/\/now-news.de\/de\/deutschland\/schrecklicher-fehler-hoher-politiker-australiens-trug-bei-party-nazi-uniform\/#article","isPartOf":{"@id":"https:\/\/now-news.de\/de\/deutschland\/schrecklicher-fehler-hoher-politiker-australiens-trug-bei-party-nazi-uniform\/"},"author":{"name":"rtnews","@id":"https:\/\/now-news.de\/de\/#\/schema\/person\/fb534a4e865501d8b3285208df34a9b5"},"headline":"&quot;Schrecklicher Fehler&quot;: Hoher Politiker Australiens trug bei Party Nazi-Uniform","datePublished":"2023-01-13T13:42:42+00:00","dateModified":"2023-01-13T13:42:42+00:00","mainEntityOfPage":{"@id":"https:\/\/now-news.de\/de\/deutschland\/schrecklicher-fehler-hoher-politiker-australiens-trug-bei-party-nazi-uniform\/"},"wordCount":556,"commentCount":0,"publisher":{"@id":"https:\/\/now-news.de\/de\/#organization"},"image":{"@id":"https:\/\/now-news.de\/de\/deutschland\/schrecklicher-fehler-hoher-politiker-australiens-trug-bei-party-nazi-uniform\/#primaryimage"},"thumbnailUrl":"https:\/\/now-news.de\/de\/wp-content\/uploads\/sites\/3\/2023\/01\/quotSchrecklicher-Fehlerquot-Hoher-Politiker-Australiens-trug-bei-Party-Nazi-Uniform.jpg","keywords":["Australiens","bei","Fehlerquot","h\u00f6her","NaziUniform","party","Politiker","quotSchrecklicher","trug"],"articleSection":["Deutschland","Russland"],"inLanguage":"de","potentialAction":[{"@type":"CommentAction","name":"Comment","target":["https:\/\/now-news.de\/de\/deutschland\/schrecklicher-fehler-hoher-politiker-australiens-trug-bei-party-nazi-uniform\/#respond"]}]},{"@type":"WebPage","@id":"https:\/\/now-news.de\/de\/deutschland\/schrecklicher-fehler-hoher-politiker-australiens-trug-bei-party-nazi-uniform\/","url":"https:\/\/now-news.de\/de\/deutschland\/schrecklicher-fehler-hoher-politiker-australiens-trug-bei-party-nazi-uniform\/","name":"&quot;Schrecklicher Fehler&quot;: Hoher Politiker Australiens trug bei Party Nazi-Uniform - just-now.NEWS Deutschland","isPartOf":{"@id":"https:\/\/now-news.de\/de\/#website"},"primaryImageOfPage":{"@id":"https:\/\/now-news.de\/de\/deutschland\/schrecklicher-fehler-hoher-politiker-australiens-trug-bei-party-nazi-uniform\/#primaryimage"},"image":{"@id":"https:\/\/now-news.de\/de\/deutschland\/schrecklicher-fehler-hoher-politiker-australiens-trug-bei-party-nazi-uniform\/#primaryimage"},"thumbnailUrl":"https:\/\/now-news.de\/de\/wp-content\/uploads\/sites\/3\/2023\/01\/quotSchrecklicher-Fehlerquot-Hoher-Politiker-Australiens-trug-bei-Party-Nazi-Uniform.jpg","datePublished":"2023-01-13T13:42:42+00:00","dateModified":"2023-01-13T13:42:42+00:00","breadcrumb":{"@id":"https:\/\/now-news.de\/de\/deutschland\/schrecklicher-fehler-hoher-politiker-australiens-trug-bei-party-nazi-uniform\/#breadcrumb"},"inLanguage":"de","potentialAction":[{"@type":"ReadAction","target":["https:\/\/now-news.de\/de\/deutschland\/schrecklicher-fehler-hoher-politiker-australiens-trug-bei-party-nazi-uniform\/"]}]},{"@type":"ImageObject","inLanguage":"de","@id":"https:\/\/now-news.de\/de\/deutschland\/schrecklicher-fehler-hoher-politiker-australiens-trug-bei-party-nazi-uniform\/#primaryimage","url":"https:\/\/now-news.de\/de\/wp-content\/uploads\/sites\/3\/2023\/01\/quotSchrecklicher-Fehlerquot-Hoher-Politiker-Australiens-trug-bei-Party-Nazi-Uniform.jpg","contentUrl":"https:\/\/now-news.de\/de\/wp-content\/uploads\/sites\/3\/2023\/01\/quotSchrecklicher-Fehlerquot-Hoher-Politiker-Australiens-trug-bei-Party-Nazi-Uniform.jpg","width":460,"height":259,"caption":"&quot;Schrecklicher Fehler&quot;: Hoher Politiker Australiens trug bei Party Nazi-Uniform"},{"@type":"BreadcrumbList","@id":"https:\/\/now-news.de\/de\/deutschland\/schrecklicher-fehler-hoher-politiker-australiens-trug-bei-party-nazi-uniform\/#breadcrumb","itemListElement":[{"@type":"ListItem","position":1,"name":"Home","item":"https:\/\/now-news.de\/de\/"},{"@type":"ListItem","position":2,"name":"&quot;Schrecklicher Fehler&quot;: Hoher Politiker Australiens trug bei Party Nazi-Uniform"}]},{"@type":"WebSite","@id":"https:\/\/now-news.de\/de\/#website","url":"https:\/\/now-news.de\/de\/","name":"just-now.NEWS Deutschland","description":"Das Portal f\u00fcr unzensierte Nachrichten aus der Welt","publisher":{"@id":"https:\/\/now-news.de\/de\/#organization"},"potentialAction":[{"@type":"SearchAction","target":{"@type":"EntryPoint","urlTemplate":"https:\/\/now-news.de\/de\/?s={search_term_string}"},"query-input":"required name=search_term_string"}],"inLanguage":"de"},{"@type":"Organization","@id":"https:\/\/now-news.de\/de\/#organization","name":"Just Now News","url":"https:\/\/now-news.de\/de\/","logo":{"@type":"ImageObject","inLanguage":"de","@id":"https:\/\/now-news.de\/de\/#\/schema\/logo\/image\/","url":"http:\/\/just-now.news\/de\/wp-content\/uploads\/sites\/3\/2022\/04\/logo500x500.jpg","contentUrl":"http:\/\/just-now.news\/de\/wp-content\/uploads\/sites\/3\/2022\/04\/logo500x500.jpg","width":500,"height":500,"caption":"Just Now News"},"image":{"@id":"https:\/\/now-news.de\/de\/#\/schema\/logo\/image\/"},"sameAs":["https:\/\/www.facebook.com\/wirmachenauf","https:\/\/x.com\/WirMachenAuf_de"]},{"@type":"Person","@id":"https:\/\/now-news.de\/de\/#\/schema\/person\/fb534a4e865501d8b3285208df34a9b5","name":"rtnews","image":{"@type":"ImageObject","inLanguage":"de","@id":"https:\/\/now-news.de\/de\/#\/schema\/person\/image\/","url":"https:\/\/secure.gravatar.com\/avatar\/82aafea7d8127119dd649515f56e2117?s=96&d=mm&r=g","contentUrl":"https:\/\/secure.gravatar.com\/avatar\/82aafea7d8127119dd649515f56e2117?s=96&d=mm&r=g","caption":"rtnews"},"url":"https:\/\/now-news.de\/de\/author\/rnews\/"}]}},"_links":{"self":[{"href":"https:\/\/now-news.de\/de\/wp-json\/wp\/v2\/posts\/27623"}],"collection":[{"href":"https:\/\/now-news.de\/de\/wp-json\/wp\/v2\/posts"}],"about":[{"href":"https:\/\/now-news.de\/de\/wp-json\/wp\/v2\/types\/post"}],"author":[{"embeddable":true,"href":"https:\/\/now-news.de\/de\/wp-json\/wp\/v2\/users\/3"}],"replies":[{"embeddable":true,"href":"https:\/\/now-news.de\/de\/wp-json\/wp\/v2\/comments?post=27623"}],"version-history":[{"count":0,"href":"https:\/\/now-news.de\/de\/wp-json\/wp\/v2\/posts\/27623\/revisions"}],"wp:featuredmedia":[{"embeddable":true,"href":"https:\/\/now-news.de\/de\/wp-json\/wp\/v2\/media\/27624"}],"wp:attachment":[{"href":"https:\/\/now-news.de\/de\/wp-json\/wp\/v2\/media?parent=27623"}],"wp:term":[{"taxonomy":"category","embeddable":true,"href":"https:\/\/now-news.de\/de\/wp-json\/wp\/v2\/categories?post=27623"},{"taxonomy":"post_tag","embeddable":true,"href":"https:\/\/now-news.de\/de\/wp-json\/wp\/v2\/tags?post=27623"}],"curies":[{"name":"wp","href":"https:\/\/api.w.org\/{rel}","templated":true}]}}