{"id":27617,"date":"2023-01-13T15:02:24","date_gmt":"2023-01-13T13:02:24","guid":{"rendered":"https:\/\/just-now.news\/de\/deutschland\/fachkraeftemangel-zuwanderung-verschaerft-das-problem-und-ist-nicht-die-loesung\/"},"modified":"2023-01-13T15:02:24","modified_gmt":"2023-01-13T13:02:24","slug":"fachkraeftemangel-zuwanderung-verschaerft-das-problem-und-ist-nicht-die-loesung","status":"publish","type":"post","link":"https:\/\/now-news.de\/de\/deutschland\/fachkraeftemangel-zuwanderung-verschaerft-das-problem-und-ist-nicht-die-loesung\/","title":{"rendered":"Fachkr\u00e4ftemangel: Zuwanderung versch\u00e4rft das Problem und ist nicht die L\u00f6sung"},"content":{"rendered":"<p><img decoding=\"async\" src=\"http:\/\/just-now.news\/de\/wp-content\/uploads\/sites\/3\/2023\/01\/63c1472c48fbef21dc4e8efa.jpg\" \/><\/p>\n<div class=\"Text-root Text-type_1 \">\n                Der Wirtschaftshistoriker Sebastian M\u00fcller weist nach: Zuwanderung wird das Problem des Fachkr\u00e4ftemangels in Deutschland nicht l\u00f6sen, sondern sogar noch versch\u00e4rfen. Es kommen zwar viele, aber insgesamt die falschen. Deutschland setzt falsche Anreize.\n            <\/div>\n<p><\/p>\n<div class=\"Text-root Text-type_5 ArticleView-text ViewText-root \">\n<p>Wirtschaftshistoriker Sebastian M\u00fcller kommt in einem <a rel=\"nofollow noopener\" target=\"_blank\" href=\"https:\/\/makroskop.eu\/02-2023\/der-importierte-fachkraftemangel\/\">Beitrag<\/a> f\u00fcr den wirtschaftspolitischen Blog <em>Makroskop<\/em> zu einem \u00fcberraschenden Ergebnis: Zuwanderung wird Deutschland nicht helfen, den Fachkr\u00e4ftemangel zu bek\u00e4mpfen. Sie wird ihn im Gegenteil noch versch\u00e4rfen.\u00a0<\/p>\n<p>Generell gilt Zuwanderung als Heilmittel f\u00fcr den Fachkr\u00e4ftemangel in Deutschland. In vielen Bereichen fehlen gut ausgebildete Fachleute. Arbeitsmarktexperten fordern daher einen erleichterten Zugang zum Arbeitsmarkt \u2013 sowohl diejenigen, die der Arbeitgeberseite nahestehen, als auch gewerkschaftsnahe. Es muss also stimmen.<\/p>\n<p>Die Bundesregierung greift daher Experten-Vorschl\u00e4ge immer wieder auf, und senkt die H\u00fcrden f\u00fcr den Zugang zum deutschen Arbeitsmarkt in regelm\u00e4\u00dfigen Abst\u00e4nden weiter ab. Bereits das erste Kabinett von Bundeskanzler Schr\u00f6der wollte im Jahr 2000 mit einer Green-Card Fachkr\u00e4fte anlocken, indem es eine erleichterte Arbeitsaufnahme versprach. Es ging damals vor allem um Programmierer aus Indien\u00a0\u2013 Deutschland drohe die Digitalisierung zu verschlafen, war das Argument. Inzwischen sind wir einen Schritt weiter, denn Deutschland hat die Digitalisierung tats\u00e4chlich verschlafen. Die erste gro\u00dfe Anwerbungskampagne nach der Wiedervereinigung war ein <a rel=\"nofollow noopener\" target=\"_blank\" href=\"https:\/\/mediendienst-integration.de\/de\/artikel\/seit-15-jahren-wirbt-deutschland-um-fachkraefte.html\">Flopp<\/a>\u00a0und wurde 2015 eingestellt.<\/p>\n<p>Doch dieser Misserfolg beendete die Diskussion um Zuwanderung keineswegs. Es sollten noch viele weitere Ma\u00dfnahmen folgen, die eine erleichterte Einwanderung erm\u00f6glichten. Die These, dass sich mit Zuwanderung sowohl die Probleme des Arbeitsmarktes als auch die Probleme des demografischen Wandels l\u00f6sen lie\u00dfen, blieb unhinterfragt.\u00a0<\/p>\n<p>M\u00fcller weist in seinem Beitrag auf zahlreiche Unstimmigkeiten in der Argumentation der Bef\u00fcrworter von Zuwanderung zur Bek\u00e4mpfung des Fachkr\u00e4ftemangels hin.\u00a0<\/p>\n<p>Der offensichtlichste: Es hat in den vergangenen Jahren massive Zuwanderung gegeben. Seit 2010 sind jedes Jahr Hunderttausende nach Deutschland eingewandert. Ausrei\u00dfer waren die Jahre 2015 und 2022, in denen\u00a0sogar\u00a0die Millionenmarke gerissen wurde. An zu wenig Einwanderung k\u00f6nnen die deutschen Arbeitsmarktprobleme also eigentlich nicht liegen.<\/p>\n<p>Die Bundesregierung glaubt nun, mit einer vereinfachten Einb\u00fcrgerung lie\u00dfe sich das Problem des Fachkr\u00e4ftemangels l\u00f6sen \u2013 und sie wird absehbar scheitern. Denn die Ma\u00dfnahme geht am Problem vorbei. Zudem, so M\u00fcller, werde mit dem aktuellen Gesetzesvorhaben die Grenze zwischen legaler und illegaler Migration weiter verwischt.\u00a0Fakt jedenfalls bleibt, dass trotz umfassender Zuwanderung das Problem des Fachkr\u00e4ftemangels immer gr\u00f6\u00dfer wird.<\/p>\n<p>Der Gruppe der Zuwanderer steht eine Gruppe von Auswanderern gegen\u00fcber, die Deutschland j\u00e4hrlich verlassen. Aber der Saldo ist insgesamt positiv. Es wandern weit mehr Menschen ein als aus. Das Problem ist allerdings, dass insbesondere gut qualifizierte junge Menschen auswandern. Man br\u00e4uchte also unter den Zuwanderern einen relativ hohen Ausbildungsgrad, um den Wegzug von Fachkr\u00e4ften kompensieren zu k\u00f6nnen. Das\u00a0sei aber nicht der Fall, weist M\u00fcller nach. Es kommen die Falschen, um das deutsche Arbeitsmarktproblem zu l\u00f6sen, lie\u00dfe sich zugespitzt formulieren. Eine \u00c4nderung im Einb\u00fcrgerungsrecht \u00e4ndert an dieser Situation erstmal nichts.<\/p>\n<p>W\u00e4hrend die Migration aus dem Schengenraum r\u00fcckl\u00e4ufig ist, kommen vor allem Migranten aus Regionen au\u00dferhalb der EU. Um es deutlich zu sagen: Deutschland ist f\u00fcr vergleichsweise gut ausgebildete Arbeitskr\u00e4fte aus der EU nicht attraktiv. Im Gegenteil, die zugewanderten Arbeitskr\u00e4fte aus den osteurop\u00e4ischen EU-Staaten wie Polen, Bulgarien und Rum\u00e4nien kehren verst\u00e4rkt wieder zur\u00fcck in ihre Heimatl\u00e4nder.\u00a0<\/p>\n<blockquote>\n<p><em>&#8220;W\u00e4hrend die Fluchtmigration seit Ende 2014 zum Bev\u00f6lkerungswachstum in Deutschland beitr\u00e4gt, ging die Nettozuwanderung aus dem Schengenraum der EU im gleichen Zeitraum deutlich zur\u00fcck. Betrug sie 2014 noch 251.000 Personen, war sie 2021 mit 89.000 nur noch etwa ein Drittel so hoch. Lange galt der Schengenraum mit seiner Personenfreiz\u00fcgigkeit als Hoffnungstr\u00e4ger im europ\u00e4ischen Binnenmarkt und sollte genau das gew\u00e4hrleisten, was die Bundesregierung jetzt per Gesetz auf den Weg bringen will: eine m\u00f6glichst uneingeschr\u00e4nkte und barrierefreie Arbeitsmigration von Fachkr\u00e4ften. Doch genau diese Barrierefreiheit sorgt derzeit f\u00fcr eine hohe Abwanderungsquote von Migranten aus \u00f6stlichen EU-Staaten \u2012 Rum\u00e4nen, Bulgaren und Polen. Zugleich handelt es sich um Nationalit\u00e4ten mit einer vergleichsweise hohen Erwerbst\u00e4tigenquote unter den 15- bis unter 65-J\u00e4hrigen. Im Jahr 2021 lag sie f\u00fcr Polen bei 78 Prozent, f\u00fcr Rum\u00e4nen bei 75 Prozent, und von den Bulgaren waren mit 64 Prozent knapp zwei Drittel erwerbst\u00e4tig.&#8221;<\/em><\/p>\n<\/blockquote>\n<blockquote><\/blockquote>\n<p>Im Kontrast dazu steht das Bild der au\u00dfereurop\u00e4ischen Zuwanderung, vor allem aus Afghanistan und Syrien.<\/p>\n<p>Das Institut der deutsche Wirtschaft (IW) fasst dieses Problem pr\u00e4gnant zusammen:<\/p>\n<blockquote>\n<p><em>&#8220;Personen aus den wichtigsten Fl\u00fcchtlingsherkunftsl\u00e4ndern f\u00e4llt es bisher nicht nur sehr schwer, \u00fcberhaupt eine Stelle in Deutschland zu finden, sondern dass diese, wenn es ihnen gelingt, meist auch nur einen geringen Stundenumfang hat und es sich selten um einen Engpassberuf handelt.&#8221;<\/em><\/p>\n<\/blockquote>\n<p>Und das Problem verst\u00e4rkt sich dadurch, dass diese f\u00fcr Deutschland spezifische Einwanderung wiederum eine Nachfrage nach Fachkr\u00e4ften generiert: Sozialarbeiter, Lehrer, Integrationsfachkr\u00e4fte, usw.\u00a0<\/p>\n<p>M\u00fcllers Fazit liest sich wie eine Ohrfeige f\u00fcr das Vorhaben der Bundesregierung und die Bef\u00fcrworter von Zuwanderung als universelles Mittel zur Bek\u00e4mpfung der deutschen Arbeitsmarktprobleme:<\/p>\n<blockquote>\n<p><em>&#8220;Was das alles bedeutet, ist so ern\u00fcchternd, dass es kaum diskutiert und geh\u00f6rt werden will: Die jetzige Form der Zuwanderung lindert nicht den Fachkr\u00e4ftemangel, sie versch\u00e4rft ihn. Sie bringt zu wenig Fachkr\u00e4fte, erfordert aber einen massiven Ausbau der Infrastruktur samt den dazugeh\u00f6rigen Personal in Schulen, Kliniken, \u00c4mtern und sozialen Einrichtungen.&#8221;<\/em><\/p>\n<\/blockquote>\n<p>Dass aufgrund der Fakten die Einwanderungsdebatte korrigiert wird, ist allerdings nicht zu erwarten. Denn das Thema Zuwanderung und Migration ist ideologisch in eine noch ganz andere Agenda eingebettet.\u00a0<\/p>\n<p><strong>Mehr zum Thema\u00a0\u2013 <\/strong><a rel=\"nofollow noopener\" target=\"_blank\" href=\"https:\/\/pressefreiheit.rtde.me\/europa\/159332-wie-migrationspolitik-eu-spaltet\/\">Wie die Migrationspolitik die EU spaltet: Keine Ann\u00e4herung in Sicht<\/a><\/p>\n<\/div>\n<p><br \/>\n<br \/><a href=\"https:\/\/de.rt.com\/inland\/159762-fachkraeftemangel-zuwanderung-verschaerft-problem-und\/\">Source link <\/a><\/p>\n","protected":false},"excerpt":{"rendered":"<p>Der Wirtschaftshistoriker Sebastian M\u00fcller weist nach: Zuwanderung wird das Problem des Fachkr\u00e4ftemangels in Deutschland nicht l\u00f6sen, sondern sogar noch versch\u00e4rfen. Es kommen zwar viele, aber insgesamt die falschen. Deutschland setzt falsche Anreize. Wirtschaftshistoriker Sebastian M\u00fcller kommt in einem Beitrag f\u00fcr den wirtschaftspolitischen Blog Makroskop zu einem \u00fcberraschenden Ergebnis: Zuwanderung wird Deutschland nicht helfen, den Fachkr\u00e4ftemangel [&hellip;]<\/p>\n","protected":false},"author":3,"featured_media":27618,"comment_status":"open","ping_status":"open","sticky":false,"template":"","format":"standard","meta":{"_yoast_indexnow_last_ping":["1673615108"],"wp_automatic_camp":["217"],"7fc104af9163167f8bc17db600e86e55":["Fachkr\u00e4ftemangel: Zuwanderung versch\u00e4rft das Problem und ist nicht die L\u00f6sung"],"original_link":["https:\/\/de.rt.com\/inland\/159762-fachkraeftemangel-zuwanderung-verschaerft-problem-und\/"],"_thumbnail_id":["27618"],"jnews_social_counter_last_update":["1776995004"],"_wptgpro_p2tg_sent2tg":["a:1:{i:23737;s:19:\"2023-01-13 15:06:17\";}"]},"categories":[19,23],"tags":[427,45,36933,414,4583,800,17161,140,32175,32264],"yoast_head":"<!-- This site is optimized with the Yoast SEO Premium plugin v22.7 (Yoast SEO v22.7) - https:\/\/yoast.com\/wordpress\/plugins\/seo\/ -->\n<title>Fachkr\u00e4ftemangel: Zuwanderung versch\u00e4rft das Problem und ist nicht die L\u00f6sung - just-now.NEWS Deutschland<\/title>\n<meta name=\"robots\" content=\"index, follow, max-snippet:-1, max-image-preview:large, max-video-preview:-1\" \/>\n<link rel=\"canonical\" href=\"https:\/\/now-news.de\/de\/deutschland\/fachkraeftemangel-zuwanderung-verschaerft-das-problem-und-ist-nicht-die-loesung\/\" \/>\n<meta property=\"og:locale\" content=\"de_DE\" \/>\n<meta property=\"og:type\" content=\"article\" \/>\n<meta property=\"og:title\" content=\"Fachkr\u00e4ftemangel: Zuwanderung versch\u00e4rft das Problem und ist nicht die L\u00f6sung\" \/>\n<meta property=\"og:description\" content=\"Der Wirtschaftshistoriker Sebastian M\u00fcller weist nach: Zuwanderung wird das Problem des Fachkr\u00e4ftemangels in Deutschland nicht l\u00f6sen, sondern sogar noch versch\u00e4rfen. Es kommen zwar viele, aber insgesamt die falschen. Deutschland setzt falsche Anreize. Wirtschaftshistoriker Sebastian M\u00fcller kommt in einem Beitrag f\u00fcr den wirtschaftspolitischen Blog Makroskop zu einem \u00fcberraschenden Ergebnis: Zuwanderung wird Deutschland nicht helfen, den Fachkr\u00e4ftemangel [&hellip;]\" \/>\n<meta property=\"og:url\" content=\"https:\/\/now-news.de\/de\/deutschland\/fachkraeftemangel-zuwanderung-verschaerft-das-problem-und-ist-nicht-die-loesung\/\" \/>\n<meta property=\"og:site_name\" content=\"just-now.NEWS Deutschland\" \/>\n<meta property=\"article:publisher\" content=\"https:\/\/www.facebook.com\/wirmachenauf\" \/>\n<meta property=\"article:published_time\" content=\"2023-01-13T13:02:24+00:00\" \/>\n<meta property=\"og:image\" content=\"https:\/\/now-news.de\/de\/wp-content\/uploads\/sites\/3\/2023\/01\/Fachkraeftemangel-Zuwanderung-verschaerft-das-Problem-und-ist-nicht-die-Loesung.jpg\" \/>\n\t<meta property=\"og:image:width\" content=\"460\" \/>\n\t<meta property=\"og:image:height\" content=\"259\" \/>\n\t<meta property=\"og:image:type\" content=\"image\/jpeg\" \/>\n<meta name=\"author\" content=\"rtnews\" \/>\n<meta name=\"twitter:card\" content=\"summary_large_image\" \/>\n<meta name=\"twitter:creator\" content=\"@WirMachenAuf_de\" \/>\n<meta name=\"twitter:site\" content=\"@WirMachenAuf_de\" \/>\n<meta name=\"twitter:label1\" content=\"Verfasst von\" \/>\n\t<meta name=\"twitter:data1\" content=\"rtnews\" \/>\n\t<meta name=\"twitter:label2\" content=\"Gesch\u00e4tzte Lesezeit\" \/>\n\t<meta name=\"twitter:data2\" content=\"5\u00a0Minuten\" \/>\n<script type=\"application\/ld+json\" class=\"yoast-schema-graph\">{\"@context\":\"https:\/\/schema.org\",\"@graph\":[{\"@type\":\"Article\",\"@id\":\"https:\/\/now-news.de\/de\/deutschland\/fachkraeftemangel-zuwanderung-verschaerft-das-problem-und-ist-nicht-die-loesung\/#article\",\"isPartOf\":{\"@id\":\"https:\/\/now-news.de\/de\/deutschland\/fachkraeftemangel-zuwanderung-verschaerft-das-problem-und-ist-nicht-die-loesung\/\"},\"author\":{\"name\":\"rtnews\",\"@id\":\"https:\/\/now-news.de\/de\/#\/schema\/person\/fb534a4e865501d8b3285208df34a9b5\"},\"headline\":\"Fachkr\u00e4ftemangel: Zuwanderung versch\u00e4rft das Problem und ist nicht die L\u00f6sung\",\"datePublished\":\"2023-01-13T13:02:24+00:00\",\"dateModified\":\"2023-01-13T13:02:24+00:00\",\"mainEntityOfPage\":{\"@id\":\"https:\/\/now-news.de\/de\/deutschland\/fachkraeftemangel-zuwanderung-verschaerft-das-problem-und-ist-nicht-die-loesung\/\"},\"wordCount\":952,\"commentCount\":0,\"publisher\":{\"@id\":\"https:\/\/now-news.de\/de\/#organization\"},\"image\":{\"@id\":\"https:\/\/now-news.de\/de\/deutschland\/fachkraeftemangel-zuwanderung-verschaerft-das-problem-und-ist-nicht-die-loesung\/#primaryimage\"},\"thumbnailUrl\":\"https:\/\/now-news.de\/de\/wp-content\/uploads\/sites\/3\/2023\/01\/Fachkraeftemangel-Zuwanderung-verschaerft-das-Problem-und-ist-nicht-die-Loesung.jpg\",\"keywords\":[\"das\",\"die\",\"Fachkr\u00e4ftemangel\",\"ist\",\"L\u00f6sung\",\"nicht\",\"problem\",\"und\",\"versch\u00e4rft\",\"Zuwanderung\"],\"articleSection\":[\"Deutschland\",\"Russland\"],\"inLanguage\":\"de\",\"potentialAction\":[{\"@type\":\"CommentAction\",\"name\":\"Comment\",\"target\":[\"https:\/\/now-news.de\/de\/deutschland\/fachkraeftemangel-zuwanderung-verschaerft-das-problem-und-ist-nicht-die-loesung\/#respond\"]}]},{\"@type\":\"WebPage\",\"@id\":\"https:\/\/now-news.de\/de\/deutschland\/fachkraeftemangel-zuwanderung-verschaerft-das-problem-und-ist-nicht-die-loesung\/\",\"url\":\"https:\/\/now-news.de\/de\/deutschland\/fachkraeftemangel-zuwanderung-verschaerft-das-problem-und-ist-nicht-die-loesung\/\",\"name\":\"Fachkr\u00e4ftemangel: Zuwanderung versch\u00e4rft das Problem und ist nicht die L\u00f6sung - just-now.NEWS Deutschland\",\"isPartOf\":{\"@id\":\"https:\/\/now-news.de\/de\/#website\"},\"primaryImageOfPage\":{\"@id\":\"https:\/\/now-news.de\/de\/deutschland\/fachkraeftemangel-zuwanderung-verschaerft-das-problem-und-ist-nicht-die-loesung\/#primaryimage\"},\"image\":{\"@id\":\"https:\/\/now-news.de\/de\/deutschland\/fachkraeftemangel-zuwanderung-verschaerft-das-problem-und-ist-nicht-die-loesung\/#primaryimage\"},\"thumbnailUrl\":\"https:\/\/now-news.de\/de\/wp-content\/uploads\/sites\/3\/2023\/01\/Fachkraeftemangel-Zuwanderung-verschaerft-das-Problem-und-ist-nicht-die-Loesung.jpg\",\"datePublished\":\"2023-01-13T13:02:24+00:00\",\"dateModified\":\"2023-01-13T13:02:24+00:00\",\"breadcrumb\":{\"@id\":\"https:\/\/now-news.de\/de\/deutschland\/fachkraeftemangel-zuwanderung-verschaerft-das-problem-und-ist-nicht-die-loesung\/#breadcrumb\"},\"inLanguage\":\"de\",\"potentialAction\":[{\"@type\":\"ReadAction\",\"target\":[\"https:\/\/now-news.de\/de\/deutschland\/fachkraeftemangel-zuwanderung-verschaerft-das-problem-und-ist-nicht-die-loesung\/\"]}]},{\"@type\":\"ImageObject\",\"inLanguage\":\"de\",\"@id\":\"https:\/\/now-news.de\/de\/deutschland\/fachkraeftemangel-zuwanderung-verschaerft-das-problem-und-ist-nicht-die-loesung\/#primaryimage\",\"url\":\"https:\/\/now-news.de\/de\/wp-content\/uploads\/sites\/3\/2023\/01\/Fachkraeftemangel-Zuwanderung-verschaerft-das-Problem-und-ist-nicht-die-Loesung.jpg\",\"contentUrl\":\"https:\/\/now-news.de\/de\/wp-content\/uploads\/sites\/3\/2023\/01\/Fachkraeftemangel-Zuwanderung-verschaerft-das-Problem-und-ist-nicht-die-Loesung.jpg\",\"width\":460,\"height\":259,\"caption\":\"Fachkr\u00e4ftemangel: Zuwanderung versch\u00e4rft das Problem und ist nicht die L\u00f6sung\"},{\"@type\":\"BreadcrumbList\",\"@id\":\"https:\/\/now-news.de\/de\/deutschland\/fachkraeftemangel-zuwanderung-verschaerft-das-problem-und-ist-nicht-die-loesung\/#breadcrumb\",\"itemListElement\":[{\"@type\":\"ListItem\",\"position\":1,\"name\":\"Home\",\"item\":\"https:\/\/now-news.de\/de\/\"},{\"@type\":\"ListItem\",\"position\":2,\"name\":\"Fachkr\u00e4ftemangel: Zuwanderung versch\u00e4rft das Problem und ist nicht die L\u00f6sung\"}]},{\"@type\":\"WebSite\",\"@id\":\"https:\/\/now-news.de\/de\/#website\",\"url\":\"https:\/\/now-news.de\/de\/\",\"name\":\"just-now.NEWS Deutschland\",\"description\":\"Das Portal f\u00fcr unzensierte Nachrichten aus der Welt\",\"publisher\":{\"@id\":\"https:\/\/now-news.de\/de\/#organization\"},\"potentialAction\":[{\"@type\":\"SearchAction\",\"target\":{\"@type\":\"EntryPoint\",\"urlTemplate\":\"https:\/\/now-news.de\/de\/?s={search_term_string}\"},\"query-input\":\"required name=search_term_string\"}],\"inLanguage\":\"de\"},{\"@type\":\"Organization\",\"@id\":\"https:\/\/now-news.de\/de\/#organization\",\"name\":\"Just Now News\",\"url\":\"https:\/\/now-news.de\/de\/\",\"logo\":{\"@type\":\"ImageObject\",\"inLanguage\":\"de\",\"@id\":\"https:\/\/now-news.de\/de\/#\/schema\/logo\/image\/\",\"url\":\"http:\/\/just-now.news\/de\/wp-content\/uploads\/sites\/3\/2022\/04\/logo500x500.jpg\",\"contentUrl\":\"http:\/\/just-now.news\/de\/wp-content\/uploads\/sites\/3\/2022\/04\/logo500x500.jpg\",\"width\":500,\"height\":500,\"caption\":\"Just Now News\"},\"image\":{\"@id\":\"https:\/\/now-news.de\/de\/#\/schema\/logo\/image\/\"},\"sameAs\":[\"https:\/\/www.facebook.com\/wirmachenauf\",\"https:\/\/x.com\/WirMachenAuf_de\"]},{\"@type\":\"Person\",\"@id\":\"https:\/\/now-news.de\/de\/#\/schema\/person\/fb534a4e865501d8b3285208df34a9b5\",\"name\":\"rtnews\",\"image\":{\"@type\":\"ImageObject\",\"inLanguage\":\"de\",\"@id\":\"https:\/\/now-news.de\/de\/#\/schema\/person\/image\/\",\"url\":\"https:\/\/secure.gravatar.com\/avatar\/82aafea7d8127119dd649515f56e2117?s=96&d=mm&r=g\",\"contentUrl\":\"https:\/\/secure.gravatar.com\/avatar\/82aafea7d8127119dd649515f56e2117?s=96&d=mm&r=g\",\"caption\":\"rtnews\"},\"url\":\"https:\/\/now-news.de\/de\/author\/rnews\/\"}]}<\/script>\n<!-- \/ Yoast SEO Premium plugin. -->","yoast_head_json":{"title":"Fachkr\u00e4ftemangel: Zuwanderung versch\u00e4rft das Problem und ist nicht die L\u00f6sung - just-now.NEWS Deutschland","robots":{"index":"index","follow":"follow","max-snippet":"max-snippet:-1","max-image-preview":"max-image-preview:large","max-video-preview":"max-video-preview:-1"},"canonical":"https:\/\/now-news.de\/de\/deutschland\/fachkraeftemangel-zuwanderung-verschaerft-das-problem-und-ist-nicht-die-loesung\/","og_locale":"de_DE","og_type":"article","og_title":"Fachkr\u00e4ftemangel: Zuwanderung versch\u00e4rft das Problem und ist nicht die L\u00f6sung","og_description":"Der Wirtschaftshistoriker Sebastian M\u00fcller weist nach: Zuwanderung wird das Problem des Fachkr\u00e4ftemangels in Deutschland nicht l\u00f6sen, sondern sogar noch versch\u00e4rfen. Es kommen zwar viele, aber insgesamt die falschen. Deutschland setzt falsche Anreize. Wirtschaftshistoriker Sebastian M\u00fcller kommt in einem Beitrag f\u00fcr den wirtschaftspolitischen Blog Makroskop zu einem \u00fcberraschenden Ergebnis: Zuwanderung wird Deutschland nicht helfen, den Fachkr\u00e4ftemangel [&hellip;]","og_url":"https:\/\/now-news.de\/de\/deutschland\/fachkraeftemangel-zuwanderung-verschaerft-das-problem-und-ist-nicht-die-loesung\/","og_site_name":"just-now.NEWS Deutschland","article_publisher":"https:\/\/www.facebook.com\/wirmachenauf","article_published_time":"2023-01-13T13:02:24+00:00","og_image":[{"width":460,"height":259,"url":"https:\/\/now-news.de\/de\/wp-content\/uploads\/sites\/3\/2023\/01\/Fachkraeftemangel-Zuwanderung-verschaerft-das-Problem-und-ist-nicht-die-Loesung.jpg","type":"image\/jpeg"}],"author":"rtnews","twitter_card":"summary_large_image","twitter_creator":"@WirMachenAuf_de","twitter_site":"@WirMachenAuf_de","twitter_misc":{"Verfasst von":"rtnews","Gesch\u00e4tzte Lesezeit":"5\u00a0Minuten"},"schema":{"@context":"https:\/\/schema.org","@graph":[{"@type":"Article","@id":"https:\/\/now-news.de\/de\/deutschland\/fachkraeftemangel-zuwanderung-verschaerft-das-problem-und-ist-nicht-die-loesung\/#article","isPartOf":{"@id":"https:\/\/now-news.de\/de\/deutschland\/fachkraeftemangel-zuwanderung-verschaerft-das-problem-und-ist-nicht-die-loesung\/"},"author":{"name":"rtnews","@id":"https:\/\/now-news.de\/de\/#\/schema\/person\/fb534a4e865501d8b3285208df34a9b5"},"headline":"Fachkr\u00e4ftemangel: Zuwanderung versch\u00e4rft das Problem und ist nicht die L\u00f6sung","datePublished":"2023-01-13T13:02:24+00:00","dateModified":"2023-01-13T13:02:24+00:00","mainEntityOfPage":{"@id":"https:\/\/now-news.de\/de\/deutschland\/fachkraeftemangel-zuwanderung-verschaerft-das-problem-und-ist-nicht-die-loesung\/"},"wordCount":952,"commentCount":0,"publisher":{"@id":"https:\/\/now-news.de\/de\/#organization"},"image":{"@id":"https:\/\/now-news.de\/de\/deutschland\/fachkraeftemangel-zuwanderung-verschaerft-das-problem-und-ist-nicht-die-loesung\/#primaryimage"},"thumbnailUrl":"https:\/\/now-news.de\/de\/wp-content\/uploads\/sites\/3\/2023\/01\/Fachkraeftemangel-Zuwanderung-verschaerft-das-Problem-und-ist-nicht-die-Loesung.jpg","keywords":["das","die","Fachkr\u00e4ftemangel","ist","L\u00f6sung","nicht","problem","und","versch\u00e4rft","Zuwanderung"],"articleSection":["Deutschland","Russland"],"inLanguage":"de","potentialAction":[{"@type":"CommentAction","name":"Comment","target":["https:\/\/now-news.de\/de\/deutschland\/fachkraeftemangel-zuwanderung-verschaerft-das-problem-und-ist-nicht-die-loesung\/#respond"]}]},{"@type":"WebPage","@id":"https:\/\/now-news.de\/de\/deutschland\/fachkraeftemangel-zuwanderung-verschaerft-das-problem-und-ist-nicht-die-loesung\/","url":"https:\/\/now-news.de\/de\/deutschland\/fachkraeftemangel-zuwanderung-verschaerft-das-problem-und-ist-nicht-die-loesung\/","name":"Fachkr\u00e4ftemangel: Zuwanderung versch\u00e4rft das Problem und ist nicht die L\u00f6sung - just-now.NEWS Deutschland","isPartOf":{"@id":"https:\/\/now-news.de\/de\/#website"},"primaryImageOfPage":{"@id":"https:\/\/now-news.de\/de\/deutschland\/fachkraeftemangel-zuwanderung-verschaerft-das-problem-und-ist-nicht-die-loesung\/#primaryimage"},"image":{"@id":"https:\/\/now-news.de\/de\/deutschland\/fachkraeftemangel-zuwanderung-verschaerft-das-problem-und-ist-nicht-die-loesung\/#primaryimage"},"thumbnailUrl":"https:\/\/now-news.de\/de\/wp-content\/uploads\/sites\/3\/2023\/01\/Fachkraeftemangel-Zuwanderung-verschaerft-das-Problem-und-ist-nicht-die-Loesung.jpg","datePublished":"2023-01-13T13:02:24+00:00","dateModified":"2023-01-13T13:02:24+00:00","breadcrumb":{"@id":"https:\/\/now-news.de\/de\/deutschland\/fachkraeftemangel-zuwanderung-verschaerft-das-problem-und-ist-nicht-die-loesung\/#breadcrumb"},"inLanguage":"de","potentialAction":[{"@type":"ReadAction","target":["https:\/\/now-news.de\/de\/deutschland\/fachkraeftemangel-zuwanderung-verschaerft-das-problem-und-ist-nicht-die-loesung\/"]}]},{"@type":"ImageObject","inLanguage":"de","@id":"https:\/\/now-news.de\/de\/deutschland\/fachkraeftemangel-zuwanderung-verschaerft-das-problem-und-ist-nicht-die-loesung\/#primaryimage","url":"https:\/\/now-news.de\/de\/wp-content\/uploads\/sites\/3\/2023\/01\/Fachkraeftemangel-Zuwanderung-verschaerft-das-Problem-und-ist-nicht-die-Loesung.jpg","contentUrl":"https:\/\/now-news.de\/de\/wp-content\/uploads\/sites\/3\/2023\/01\/Fachkraeftemangel-Zuwanderung-verschaerft-das-Problem-und-ist-nicht-die-Loesung.jpg","width":460,"height":259,"caption":"Fachkr\u00e4ftemangel: Zuwanderung versch\u00e4rft das Problem und ist nicht die L\u00f6sung"},{"@type":"BreadcrumbList","@id":"https:\/\/now-news.de\/de\/deutschland\/fachkraeftemangel-zuwanderung-verschaerft-das-problem-und-ist-nicht-die-loesung\/#breadcrumb","itemListElement":[{"@type":"ListItem","position":1,"name":"Home","item":"https:\/\/now-news.de\/de\/"},{"@type":"ListItem","position":2,"name":"Fachkr\u00e4ftemangel: Zuwanderung versch\u00e4rft das Problem und ist nicht die L\u00f6sung"}]},{"@type":"WebSite","@id":"https:\/\/now-news.de\/de\/#website","url":"https:\/\/now-news.de\/de\/","name":"just-now.NEWS Deutschland","description":"Das Portal f\u00fcr unzensierte Nachrichten aus der Welt","publisher":{"@id":"https:\/\/now-news.de\/de\/#organization"},"potentialAction":[{"@type":"SearchAction","target":{"@type":"EntryPoint","urlTemplate":"https:\/\/now-news.de\/de\/?s={search_term_string}"},"query-input":"required name=search_term_string"}],"inLanguage":"de"},{"@type":"Organization","@id":"https:\/\/now-news.de\/de\/#organization","name":"Just Now News","url":"https:\/\/now-news.de\/de\/","logo":{"@type":"ImageObject","inLanguage":"de","@id":"https:\/\/now-news.de\/de\/#\/schema\/logo\/image\/","url":"http:\/\/just-now.news\/de\/wp-content\/uploads\/sites\/3\/2022\/04\/logo500x500.jpg","contentUrl":"http:\/\/just-now.news\/de\/wp-content\/uploads\/sites\/3\/2022\/04\/logo500x500.jpg","width":500,"height":500,"caption":"Just Now News"},"image":{"@id":"https:\/\/now-news.de\/de\/#\/schema\/logo\/image\/"},"sameAs":["https:\/\/www.facebook.com\/wirmachenauf","https:\/\/x.com\/WirMachenAuf_de"]},{"@type":"Person","@id":"https:\/\/now-news.de\/de\/#\/schema\/person\/fb534a4e865501d8b3285208df34a9b5","name":"rtnews","image":{"@type":"ImageObject","inLanguage":"de","@id":"https:\/\/now-news.de\/de\/#\/schema\/person\/image\/","url":"https:\/\/secure.gravatar.com\/avatar\/82aafea7d8127119dd649515f56e2117?s=96&d=mm&r=g","contentUrl":"https:\/\/secure.gravatar.com\/avatar\/82aafea7d8127119dd649515f56e2117?s=96&d=mm&r=g","caption":"rtnews"},"url":"https:\/\/now-news.de\/de\/author\/rnews\/"}]}},"_links":{"self":[{"href":"https:\/\/now-news.de\/de\/wp-json\/wp\/v2\/posts\/27617"}],"collection":[{"href":"https:\/\/now-news.de\/de\/wp-json\/wp\/v2\/posts"}],"about":[{"href":"https:\/\/now-news.de\/de\/wp-json\/wp\/v2\/types\/post"}],"author":[{"embeddable":true,"href":"https:\/\/now-news.de\/de\/wp-json\/wp\/v2\/users\/3"}],"replies":[{"embeddable":true,"href":"https:\/\/now-news.de\/de\/wp-json\/wp\/v2\/comments?post=27617"}],"version-history":[{"count":0,"href":"https:\/\/now-news.de\/de\/wp-json\/wp\/v2\/posts\/27617\/revisions"}],"wp:featuredmedia":[{"embeddable":true,"href":"https:\/\/now-news.de\/de\/wp-json\/wp\/v2\/media\/27618"}],"wp:attachment":[{"href":"https:\/\/now-news.de\/de\/wp-json\/wp\/v2\/media?parent=27617"}],"wp:term":[{"taxonomy":"category","embeddable":true,"href":"https:\/\/now-news.de\/de\/wp-json\/wp\/v2\/categories?post=27617"},{"taxonomy":"post_tag","embeddable":true,"href":"https:\/\/now-news.de\/de\/wp-json\/wp\/v2\/tags?post=27617"}],"curies":[{"name":"wp","href":"https:\/\/api.w.org\/{rel}","templated":true}]}}