{"id":27611,"date":"2023-01-13T13:43:01","date_gmt":"2023-01-13T11:43:01","guid":{"rendered":"https:\/\/just-now.news\/de\/deutschland\/weg-damit-lauterbach-verkuendet-das-ende-der-maskenpflicht-im-fernverkehr\/"},"modified":"2023-01-13T13:43:01","modified_gmt":"2023-01-13T11:43:01","slug":"weg-damit-lauterbach-verkuendet-das-ende-der-maskenpflicht-im-fernverkehr","status":"publish","type":"post","link":"https:\/\/now-news.de\/de\/deutschland\/weg-damit-lauterbach-verkuendet-das-ende-der-maskenpflicht-im-fernverkehr\/","title":{"rendered":"Weg damit! Lauterbach verk\u00fcndet das Ende der Maskenpflicht im Fernverkehr"},"content":{"rendered":"<p><img decoding=\"async\" src=\"http:\/\/just-now.news\/de\/wp-content\/uploads\/sites\/3\/2023\/01\/63c13452b480cc0ff272c0af.jpg\" \/><\/p>\n<div class=\"Text-root Text-type_1 \">\n                Die Maskenpflicht soll laut Ank\u00fcndigung des Bundesministers f\u00fcr Gesundheit im \u00f6ffentlichen Fernverkehr zum 2. Februar fallen. Lauterbach appelliert an die Eigenverantwortung und Freiwilligkeit seitens der B\u00fcrger.\n            <\/div>\n<p><\/p>\n<div class=\"Text-root Text-type_5 ArticleView-text ViewText-root \">\n<p>Der\u00a0Bundesminister f\u00fcr Gesundheit, Karl Lauterbach, teilte seinen vermeintlich unver\u00e4ndert eine Million Followern auf Twitter die von vielen Menschen langersehnte frohe Botschaft mit:<\/p>\n<blockquote>\n<p><em>&#8220;Die Maskenpflicht im Fernverkehr f\u00e4llt am 2. Februar. Unsere Experten gehen nicht mehr davon aus, dass wir in den n\u00e4chsten Wochen eine starke Zunahme der F\u00e4lle oder besonders gef\u00e4hrliche Varianten bekommen. Abwasser und Varianten werden streng \u00fcberwacht.&#8221;<\/em><\/p>\n<\/blockquote>\n<div class=\"EmbedBlock-root EmbedBlock-twitter\">\n<div class=\"TwitterEmbed\">\n<blockquote class=\"twitter-tweet lazyload\" data-twitter=\"twitter-tweet\">\n<p lang=\"de\" dir=\"ltr\">Die Maskenpflicht im Fernverkehr f\u00e4llt am 2. Februar. Unsere Experten gehen nicht mehr davon aus, dass wir in den n\u00e4chsten Wochen eine starke Zunahme der F\u00e4lle oder besonders gef\u00e4hrliche Varianten bekommen. Abwasser und Varianten werden streng \u00fcberwacht. <a rel=\"nofollow noopener\" target=\"_blank\" href=\"https:\/\/t.co\/8sHIN6sgH9\">https:\/\/t.co\/8sHIN6sgH9<\/a><\/p>\n<p>\u2014 Prof. Karl Lauterbach (@Karl_Lauterbach) <a rel=\"nofollow noopener\" target=\"_blank\" href=\"https:\/\/twitter.com\/Karl_Lauterbach\/status\/1613847353881935873?ref_src=twsrc%5Etfw\">January 13, 2023<\/a><\/p><\/blockquote>\n<\/div>\n<\/div>\n<p>Zudem tat\u00a0Lauterbach am Freitag laut der <em>DPA<\/em> die Feststellung kund:<\/p>\n<blockquote>\n<p><em> &#8220;Wir m\u00fcssen einfach mehr auf Eigenverantwortung und Freiwilligkeit setzen.&#8221;<\/em><\/p>\n<\/blockquote>\n<p>Laut dem weiterhin geltenden Infektionsschutzgesetz (IfSG) sollte die Maskenpflicht im Fernverkehr eigentlich bis zum 7. April 2023 andauern. Ob diesbez\u00fcglicher Anordnungen gl\u00e4nzten die Mitarbeiter des regierungsfinanzierten Unternehmens Deutsche Bahn (DB),\u00a0zu 100 Prozent im <a rel=\"nofollow noopener\" target=\"_blank\" href=\"https:\/\/www.bundesfinanzministerium.de\/Content\/DE\/Standardartikel\/Themen\/Bundesvermoegen\/Privatisierungs_und_Beteiligungspolitik\/Beteiligungspolitik\/deutsche-bahn-ag.html#:~:text=Sie%20befindet%20sich%20zu%20100,und%20Verkehr%20(BMDV)%20wahrgenommen.\">Eigentum<\/a> des Bundes, bis zuletzt mit gnadenloser Durchsetzung ma\u00dfregelnder Machtaus\u00fcbung. So\u00a0<a rel=\"nofollow noopener\" target=\"_blank\" href=\"https:\/\/www.stern.de\/reise\/deutschland\/ice--ehepaar-trinkt-kaffee---und-wird-wegen-maskenpflicht-rausgeworfen-33081624.html\">titelte<\/a> das Boulevard-Magazin <em>Stern<\/em> erst j\u00fcngst mit der Information:<\/p>\n<blockquote>\n<p><em>&#8220;Ehepaar trinkt in der Bahn Kaffee \u2013 und wird wegen Versto\u00df gegen die Maskenpflicht aus ICE geworfen.&#8221;<\/em><\/p>\n<\/blockquote>\n<p>Bundesgesundheitsminister Karl Lauterbach konnte laut einer <em>Tagesschau<\/em>&#8211;<a rel=\"nofollow noopener\" target=\"_blank\" href=\"https:\/\/www.tagesschau.de\/inland\/corona-maskenpflicht-vorzeitiges-ende-101.html\">Meldung<\/a> vom 11. Januar dann &#8220;ein vorzeitiges Ende der Maskenpflicht im Fernverkehr und in medizinischen Einrichtungen&#8221; nicht mehr ausschlie\u00dfen. Er wollte sich dabei aber noch &#8220;nicht auf ein Datum festlegen.&#8221; Bundesverkehrsminister Volker Wissing (FDP) teilte\u00a0am Mittwoch hingegen mit, dass das Ende der Maskenpflicht im Fernverkehr &#8220;so schnell wie m\u00f6glich&#8221; kommen m\u00fcsse.<\/p>\n<p>Zur Begr\u00fcndung\u00a0verwies er auf die &#8220;Belastungen f\u00fcr das Bahnpersonal aufgrund der Kontrolle der Corona-Ma\u00dfnahme&#8221;\u00a0\u2013 und nicht etwa auf die gesundheitlichen Belastungen f\u00fcr Reisende, die je nach Reiseziel \u00fcber Stunden eine FFP2-Maske unter meist strenger Kontrolle der DB-Mitarbeiter ertragen mussten.<\/p>\n<p>Noch\u00a0vor gut vier Wochen\u00a0hatte Lauterbach\u00a0das Ende der Maskenpflicht im \u00d6ffentlichen Personennahverkehr (\u00d6PNV)\u00a0in ersten Bundesl\u00e4ndern scharf kritisiert. Diese Beschlusslage ist\u00a0bereits\u00a0in Bayern,\u00a0Sachsen-Anhalt und Schleswig-Holstein umgesetzt worden. Berlin, Brandenburg, Th\u00fcringen, Mecklenburg-Vorpommern, Sachsen und Baden-W\u00fcrttemberg planen eine Aufhebung bis sp\u00e4testens Anfang des kommenden Monats. Noch im Dezember\u00a0<a rel=\"nofollow noopener\" target=\"_blank\" href=\"https:\/\/www.zeit.de\/news\/2022-12\/06\/lauterbach-kritisiert-ende-der-maskenpflicht-im-oepnv\">kommentierte<\/a>\u00a0Lauterbach schmallippig zu der Thematik:<\/p>\n<blockquote>\n<p><em>&#8220;Ich bin einfach davon nicht \u00fcberzeugt.&#8221;<\/em><\/p>\n<\/blockquote>\n<p>\u00dcber den 2. Februar hinaus gilt die Maskenpflicht dann bis auf Weiteres nur noch in Kliniken, Pflegeheimen, Arztpraxen und anderen Gesundheitseinrichtungen.<\/p>\n<p><strong>Mehr zum Thema &#8211;<\/strong>\u00a0<a rel=\"nofollow noopener\" target=\"_blank\" href=\"https:\/\/pressefreiheit.rtde.tech\/inland\/158548-corona-massnahmen-auf-paar-wochen\/\">Lauterbach \u00fcber Corona-Ma\u00dfnahmen: &#8220;Auf ein paar Wochen kommt es jetzt nicht mehr an&#8221;<\/a><\/p>\n<\/div>\n<p><script async src=\"https:\/\/platform.twitter.com\/widgets.js\" charset=\"utf-8\"><\/script><br \/>\n<br \/><br \/>\n<br \/><a href=\"https:\/\/de.rt.com\/inland\/159756-weg-damit-lauterbach-verkuendet-ende\/\">Source link <\/a><\/p>\n","protected":false},"excerpt":{"rendered":"<p>Die Maskenpflicht soll laut Ank\u00fcndigung des Bundesministers f\u00fcr Gesundheit im \u00f6ffentlichen Fernverkehr zum 2. Februar fallen. Lauterbach appelliert an die Eigenverantwortung und Freiwilligkeit seitens der B\u00fcrger. Der\u00a0Bundesminister f\u00fcr Gesundheit, Karl Lauterbach, teilte seinen vermeintlich unver\u00e4ndert eine Million Followern auf Twitter die von vielen Menschen langersehnte frohe Botschaft mit: &#8220;Die Maskenpflicht im Fernverkehr f\u00e4llt am 2. [&hellip;]<\/p>\n","protected":false},"author":3,"featured_media":27612,"comment_status":"open","ping_status":"open","sticky":false,"template":"","format":"standard","meta":{"_yoast_indexnow_last_ping":["1673610298"],"wp_automatic_camp":["217"],"83daae700b3403d0a79e8c6169ee2903":["Weg damit! Lauterbach verk\u00fcndet das Ende der Maskenpflicht im Fernverkehr"],"original_link":["https:\/\/de.rt.com\/inland\/159756-weg-damit-lauterbach-verkuendet-ende\/"],"_thumbnail_id":["27612"],"jnews_social_counter_last_update":["1777361084"],"_wptgpro_p2tg_sent2tg":["a:1:{i:23737;s:19:\"2023-01-13 13:46:12\";}"]},"categories":[19,23],"tags":[7159,427,82,5375,30142,1748,2656,9690,2404],"yoast_head":"<!-- This site is optimized with the Yoast SEO Premium plugin v22.7 (Yoast SEO v22.7) - https:\/\/yoast.com\/wordpress\/plugins\/seo\/ -->\n<title>Weg damit! Lauterbach verk\u00fcndet das Ende der Maskenpflicht im Fernverkehr - just-now.NEWS Deutschland<\/title>\n<meta name=\"robots\" content=\"index, follow, max-snippet:-1, max-image-preview:large, max-video-preview:-1\" \/>\n<link rel=\"canonical\" href=\"https:\/\/now-news.de\/de\/deutschland\/weg-damit-lauterbach-verkuendet-das-ende-der-maskenpflicht-im-fernverkehr\/\" \/>\n<meta property=\"og:locale\" content=\"de_DE\" \/>\n<meta property=\"og:type\" content=\"article\" \/>\n<meta property=\"og:title\" content=\"Weg damit! Lauterbach verk\u00fcndet das Ende der Maskenpflicht im Fernverkehr\" \/>\n<meta property=\"og:description\" content=\"Die Maskenpflicht soll laut Ank\u00fcndigung des Bundesministers f\u00fcr Gesundheit im \u00f6ffentlichen Fernverkehr zum 2. Februar fallen. Lauterbach appelliert an die Eigenverantwortung und Freiwilligkeit seitens der B\u00fcrger. Der\u00a0Bundesminister f\u00fcr Gesundheit, Karl Lauterbach, teilte seinen vermeintlich unver\u00e4ndert eine Million Followern auf Twitter die von vielen Menschen langersehnte frohe Botschaft mit: &#8220;Die Maskenpflicht im Fernverkehr f\u00e4llt am 2. [&hellip;]\" \/>\n<meta property=\"og:url\" content=\"https:\/\/now-news.de\/de\/deutschland\/weg-damit-lauterbach-verkuendet-das-ende-der-maskenpflicht-im-fernverkehr\/\" \/>\n<meta property=\"og:site_name\" content=\"just-now.NEWS Deutschland\" \/>\n<meta property=\"article:publisher\" content=\"https:\/\/www.facebook.com\/wirmachenauf\" \/>\n<meta property=\"article:published_time\" content=\"2023-01-13T11:43:01+00:00\" \/>\n<meta property=\"og:image\" content=\"https:\/\/now-news.de\/de\/wp-content\/uploads\/sites\/3\/2023\/01\/Weg-damit-Lauterbach-verkuendet-das-Ende-der-Maskenpflicht-im-Fernverkehr.jpg\" \/>\n\t<meta property=\"og:image:width\" content=\"460\" \/>\n\t<meta property=\"og:image:height\" content=\"259\" \/>\n\t<meta property=\"og:image:type\" content=\"image\/jpeg\" \/>\n<meta name=\"author\" content=\"rtnews\" \/>\n<meta name=\"twitter:card\" content=\"summary_large_image\" \/>\n<meta name=\"twitter:creator\" content=\"@WirMachenAuf_de\" \/>\n<meta name=\"twitter:site\" content=\"@WirMachenAuf_de\" \/>\n<meta name=\"twitter:label1\" content=\"Verfasst von\" \/>\n\t<meta name=\"twitter:data1\" content=\"rtnews\" \/>\n\t<meta name=\"twitter:label2\" content=\"Gesch\u00e4tzte Lesezeit\" \/>\n\t<meta name=\"twitter:data2\" content=\"2\u00a0Minuten\" \/>\n<script type=\"application\/ld+json\" class=\"yoast-schema-graph\">{\"@context\":\"https:\/\/schema.org\",\"@graph\":[{\"@type\":\"Article\",\"@id\":\"https:\/\/now-news.de\/de\/deutschland\/weg-damit-lauterbach-verkuendet-das-ende-der-maskenpflicht-im-fernverkehr\/#article\",\"isPartOf\":{\"@id\":\"https:\/\/now-news.de\/de\/deutschland\/weg-damit-lauterbach-verkuendet-das-ende-der-maskenpflicht-im-fernverkehr\/\"},\"author\":{\"name\":\"rtnews\",\"@id\":\"https:\/\/now-news.de\/de\/#\/schema\/person\/fb534a4e865501d8b3285208df34a9b5\"},\"headline\":\"Weg damit! Lauterbach verk\u00fcndet das Ende der Maskenpflicht im Fernverkehr\",\"datePublished\":\"2023-01-13T11:43:01+00:00\",\"dateModified\":\"2023-01-13T11:43:01+00:00\",\"mainEntityOfPage\":{\"@id\":\"https:\/\/now-news.de\/de\/deutschland\/weg-damit-lauterbach-verkuendet-das-ende-der-maskenpflicht-im-fernverkehr\/\"},\"wordCount\":460,\"commentCount\":0,\"publisher\":{\"@id\":\"https:\/\/now-news.de\/de\/#organization\"},\"image\":{\"@id\":\"https:\/\/now-news.de\/de\/deutschland\/weg-damit-lauterbach-verkuendet-das-ende-der-maskenpflicht-im-fernverkehr\/#primaryimage\"},\"thumbnailUrl\":\"https:\/\/now-news.de\/de\/wp-content\/uploads\/sites\/3\/2023\/01\/Weg-damit-Lauterbach-verkuendet-das-Ende-der-Maskenpflicht-im-Fernverkehr.jpg\",\"keywords\":[\"damit\",\"das\",\"der\",\"Ende\",\"Fernverkehr\",\"Lauterbach\",\"maskenpflicht\",\"verk\u00fcndet\",\"Weg\"],\"articleSection\":[\"Deutschland\",\"Russland\"],\"inLanguage\":\"de\",\"potentialAction\":[{\"@type\":\"CommentAction\",\"name\":\"Comment\",\"target\":[\"https:\/\/now-news.de\/de\/deutschland\/weg-damit-lauterbach-verkuendet-das-ende-der-maskenpflicht-im-fernverkehr\/#respond\"]}]},{\"@type\":\"WebPage\",\"@id\":\"https:\/\/now-news.de\/de\/deutschland\/weg-damit-lauterbach-verkuendet-das-ende-der-maskenpflicht-im-fernverkehr\/\",\"url\":\"https:\/\/now-news.de\/de\/deutschland\/weg-damit-lauterbach-verkuendet-das-ende-der-maskenpflicht-im-fernverkehr\/\",\"name\":\"Weg damit! Lauterbach verk\u00fcndet das Ende der Maskenpflicht im Fernverkehr - just-now.NEWS Deutschland\",\"isPartOf\":{\"@id\":\"https:\/\/now-news.de\/de\/#website\"},\"primaryImageOfPage\":{\"@id\":\"https:\/\/now-news.de\/de\/deutschland\/weg-damit-lauterbach-verkuendet-das-ende-der-maskenpflicht-im-fernverkehr\/#primaryimage\"},\"image\":{\"@id\":\"https:\/\/now-news.de\/de\/deutschland\/weg-damit-lauterbach-verkuendet-das-ende-der-maskenpflicht-im-fernverkehr\/#primaryimage\"},\"thumbnailUrl\":\"https:\/\/now-news.de\/de\/wp-content\/uploads\/sites\/3\/2023\/01\/Weg-damit-Lauterbach-verkuendet-das-Ende-der-Maskenpflicht-im-Fernverkehr.jpg\",\"datePublished\":\"2023-01-13T11:43:01+00:00\",\"dateModified\":\"2023-01-13T11:43:01+00:00\",\"breadcrumb\":{\"@id\":\"https:\/\/now-news.de\/de\/deutschland\/weg-damit-lauterbach-verkuendet-das-ende-der-maskenpflicht-im-fernverkehr\/#breadcrumb\"},\"inLanguage\":\"de\",\"potentialAction\":[{\"@type\":\"ReadAction\",\"target\":[\"https:\/\/now-news.de\/de\/deutschland\/weg-damit-lauterbach-verkuendet-das-ende-der-maskenpflicht-im-fernverkehr\/\"]}]},{\"@type\":\"ImageObject\",\"inLanguage\":\"de\",\"@id\":\"https:\/\/now-news.de\/de\/deutschland\/weg-damit-lauterbach-verkuendet-das-ende-der-maskenpflicht-im-fernverkehr\/#primaryimage\",\"url\":\"https:\/\/now-news.de\/de\/wp-content\/uploads\/sites\/3\/2023\/01\/Weg-damit-Lauterbach-verkuendet-das-Ende-der-Maskenpflicht-im-Fernverkehr.jpg\",\"contentUrl\":\"https:\/\/now-news.de\/de\/wp-content\/uploads\/sites\/3\/2023\/01\/Weg-damit-Lauterbach-verkuendet-das-Ende-der-Maskenpflicht-im-Fernverkehr.jpg\",\"width\":460,\"height\":259,\"caption\":\"Weg damit! Lauterbach verk\u00fcndet das Ende der Maskenpflicht im Fernverkehr\"},{\"@type\":\"BreadcrumbList\",\"@id\":\"https:\/\/now-news.de\/de\/deutschland\/weg-damit-lauterbach-verkuendet-das-ende-der-maskenpflicht-im-fernverkehr\/#breadcrumb\",\"itemListElement\":[{\"@type\":\"ListItem\",\"position\":1,\"name\":\"Home\",\"item\":\"https:\/\/now-news.de\/de\/\"},{\"@type\":\"ListItem\",\"position\":2,\"name\":\"Weg damit! Lauterbach verk\u00fcndet das Ende der Maskenpflicht im Fernverkehr\"}]},{\"@type\":\"WebSite\",\"@id\":\"https:\/\/now-news.de\/de\/#website\",\"url\":\"https:\/\/now-news.de\/de\/\",\"name\":\"just-now.NEWS Deutschland\",\"description\":\"Das Portal f\u00fcr unzensierte Nachrichten aus der Welt\",\"publisher\":{\"@id\":\"https:\/\/now-news.de\/de\/#organization\"},\"potentialAction\":[{\"@type\":\"SearchAction\",\"target\":{\"@type\":\"EntryPoint\",\"urlTemplate\":\"https:\/\/now-news.de\/de\/?s={search_term_string}\"},\"query-input\":\"required name=search_term_string\"}],\"inLanguage\":\"de\"},{\"@type\":\"Organization\",\"@id\":\"https:\/\/now-news.de\/de\/#organization\",\"name\":\"Just Now News\",\"url\":\"https:\/\/now-news.de\/de\/\",\"logo\":{\"@type\":\"ImageObject\",\"inLanguage\":\"de\",\"@id\":\"https:\/\/now-news.de\/de\/#\/schema\/logo\/image\/\",\"url\":\"http:\/\/just-now.news\/de\/wp-content\/uploads\/sites\/3\/2022\/04\/logo500x500.jpg\",\"contentUrl\":\"http:\/\/just-now.news\/de\/wp-content\/uploads\/sites\/3\/2022\/04\/logo500x500.jpg\",\"width\":500,\"height\":500,\"caption\":\"Just Now News\"},\"image\":{\"@id\":\"https:\/\/now-news.de\/de\/#\/schema\/logo\/image\/\"},\"sameAs\":[\"https:\/\/www.facebook.com\/wirmachenauf\",\"https:\/\/x.com\/WirMachenAuf_de\"]},{\"@type\":\"Person\",\"@id\":\"https:\/\/now-news.de\/de\/#\/schema\/person\/fb534a4e865501d8b3285208df34a9b5\",\"name\":\"rtnews\",\"image\":{\"@type\":\"ImageObject\",\"inLanguage\":\"de\",\"@id\":\"https:\/\/now-news.de\/de\/#\/schema\/person\/image\/\",\"url\":\"https:\/\/secure.gravatar.com\/avatar\/82aafea7d8127119dd649515f56e2117?s=96&d=mm&r=g\",\"contentUrl\":\"https:\/\/secure.gravatar.com\/avatar\/82aafea7d8127119dd649515f56e2117?s=96&d=mm&r=g\",\"caption\":\"rtnews\"},\"url\":\"https:\/\/now-news.de\/de\/author\/rnews\/\"}]}<\/script>\n<!-- \/ Yoast SEO Premium plugin. -->","yoast_head_json":{"title":"Weg damit! Lauterbach verk\u00fcndet das Ende der Maskenpflicht im Fernverkehr - just-now.NEWS Deutschland","robots":{"index":"index","follow":"follow","max-snippet":"max-snippet:-1","max-image-preview":"max-image-preview:large","max-video-preview":"max-video-preview:-1"},"canonical":"https:\/\/now-news.de\/de\/deutschland\/weg-damit-lauterbach-verkuendet-das-ende-der-maskenpflicht-im-fernverkehr\/","og_locale":"de_DE","og_type":"article","og_title":"Weg damit! Lauterbach verk\u00fcndet das Ende der Maskenpflicht im Fernverkehr","og_description":"Die Maskenpflicht soll laut Ank\u00fcndigung des Bundesministers f\u00fcr Gesundheit im \u00f6ffentlichen Fernverkehr zum 2. Februar fallen. Lauterbach appelliert an die Eigenverantwortung und Freiwilligkeit seitens der B\u00fcrger. Der\u00a0Bundesminister f\u00fcr Gesundheit, Karl Lauterbach, teilte seinen vermeintlich unver\u00e4ndert eine Million Followern auf Twitter die von vielen Menschen langersehnte frohe Botschaft mit: &#8220;Die Maskenpflicht im Fernverkehr f\u00e4llt am 2. [&hellip;]","og_url":"https:\/\/now-news.de\/de\/deutschland\/weg-damit-lauterbach-verkuendet-das-ende-der-maskenpflicht-im-fernverkehr\/","og_site_name":"just-now.NEWS Deutschland","article_publisher":"https:\/\/www.facebook.com\/wirmachenauf","article_published_time":"2023-01-13T11:43:01+00:00","og_image":[{"width":460,"height":259,"url":"https:\/\/now-news.de\/de\/wp-content\/uploads\/sites\/3\/2023\/01\/Weg-damit-Lauterbach-verkuendet-das-Ende-der-Maskenpflicht-im-Fernverkehr.jpg","type":"image\/jpeg"}],"author":"rtnews","twitter_card":"summary_large_image","twitter_creator":"@WirMachenAuf_de","twitter_site":"@WirMachenAuf_de","twitter_misc":{"Verfasst von":"rtnews","Gesch\u00e4tzte Lesezeit":"2\u00a0Minuten"},"schema":{"@context":"https:\/\/schema.org","@graph":[{"@type":"Article","@id":"https:\/\/now-news.de\/de\/deutschland\/weg-damit-lauterbach-verkuendet-das-ende-der-maskenpflicht-im-fernverkehr\/#article","isPartOf":{"@id":"https:\/\/now-news.de\/de\/deutschland\/weg-damit-lauterbach-verkuendet-das-ende-der-maskenpflicht-im-fernverkehr\/"},"author":{"name":"rtnews","@id":"https:\/\/now-news.de\/de\/#\/schema\/person\/fb534a4e865501d8b3285208df34a9b5"},"headline":"Weg damit! Lauterbach verk\u00fcndet das Ende der Maskenpflicht im Fernverkehr","datePublished":"2023-01-13T11:43:01+00:00","dateModified":"2023-01-13T11:43:01+00:00","mainEntityOfPage":{"@id":"https:\/\/now-news.de\/de\/deutschland\/weg-damit-lauterbach-verkuendet-das-ende-der-maskenpflicht-im-fernverkehr\/"},"wordCount":460,"commentCount":0,"publisher":{"@id":"https:\/\/now-news.de\/de\/#organization"},"image":{"@id":"https:\/\/now-news.de\/de\/deutschland\/weg-damit-lauterbach-verkuendet-das-ende-der-maskenpflicht-im-fernverkehr\/#primaryimage"},"thumbnailUrl":"https:\/\/now-news.de\/de\/wp-content\/uploads\/sites\/3\/2023\/01\/Weg-damit-Lauterbach-verkuendet-das-Ende-der-Maskenpflicht-im-Fernverkehr.jpg","keywords":["damit","das","der","Ende","Fernverkehr","Lauterbach","maskenpflicht","verk\u00fcndet","Weg"],"articleSection":["Deutschland","Russland"],"inLanguage":"de","potentialAction":[{"@type":"CommentAction","name":"Comment","target":["https:\/\/now-news.de\/de\/deutschland\/weg-damit-lauterbach-verkuendet-das-ende-der-maskenpflicht-im-fernverkehr\/#respond"]}]},{"@type":"WebPage","@id":"https:\/\/now-news.de\/de\/deutschland\/weg-damit-lauterbach-verkuendet-das-ende-der-maskenpflicht-im-fernverkehr\/","url":"https:\/\/now-news.de\/de\/deutschland\/weg-damit-lauterbach-verkuendet-das-ende-der-maskenpflicht-im-fernverkehr\/","name":"Weg damit! Lauterbach verk\u00fcndet das Ende der Maskenpflicht im Fernverkehr - just-now.NEWS Deutschland","isPartOf":{"@id":"https:\/\/now-news.de\/de\/#website"},"primaryImageOfPage":{"@id":"https:\/\/now-news.de\/de\/deutschland\/weg-damit-lauterbach-verkuendet-das-ende-der-maskenpflicht-im-fernverkehr\/#primaryimage"},"image":{"@id":"https:\/\/now-news.de\/de\/deutschland\/weg-damit-lauterbach-verkuendet-das-ende-der-maskenpflicht-im-fernverkehr\/#primaryimage"},"thumbnailUrl":"https:\/\/now-news.de\/de\/wp-content\/uploads\/sites\/3\/2023\/01\/Weg-damit-Lauterbach-verkuendet-das-Ende-der-Maskenpflicht-im-Fernverkehr.jpg","datePublished":"2023-01-13T11:43:01+00:00","dateModified":"2023-01-13T11:43:01+00:00","breadcrumb":{"@id":"https:\/\/now-news.de\/de\/deutschland\/weg-damit-lauterbach-verkuendet-das-ende-der-maskenpflicht-im-fernverkehr\/#breadcrumb"},"inLanguage":"de","potentialAction":[{"@type":"ReadAction","target":["https:\/\/now-news.de\/de\/deutschland\/weg-damit-lauterbach-verkuendet-das-ende-der-maskenpflicht-im-fernverkehr\/"]}]},{"@type":"ImageObject","inLanguage":"de","@id":"https:\/\/now-news.de\/de\/deutschland\/weg-damit-lauterbach-verkuendet-das-ende-der-maskenpflicht-im-fernverkehr\/#primaryimage","url":"https:\/\/now-news.de\/de\/wp-content\/uploads\/sites\/3\/2023\/01\/Weg-damit-Lauterbach-verkuendet-das-Ende-der-Maskenpflicht-im-Fernverkehr.jpg","contentUrl":"https:\/\/now-news.de\/de\/wp-content\/uploads\/sites\/3\/2023\/01\/Weg-damit-Lauterbach-verkuendet-das-Ende-der-Maskenpflicht-im-Fernverkehr.jpg","width":460,"height":259,"caption":"Weg damit! Lauterbach verk\u00fcndet das Ende der Maskenpflicht im Fernverkehr"},{"@type":"BreadcrumbList","@id":"https:\/\/now-news.de\/de\/deutschland\/weg-damit-lauterbach-verkuendet-das-ende-der-maskenpflicht-im-fernverkehr\/#breadcrumb","itemListElement":[{"@type":"ListItem","position":1,"name":"Home","item":"https:\/\/now-news.de\/de\/"},{"@type":"ListItem","position":2,"name":"Weg damit! Lauterbach verk\u00fcndet das Ende der Maskenpflicht im Fernverkehr"}]},{"@type":"WebSite","@id":"https:\/\/now-news.de\/de\/#website","url":"https:\/\/now-news.de\/de\/","name":"just-now.NEWS Deutschland","description":"Das Portal f\u00fcr unzensierte Nachrichten aus der Welt","publisher":{"@id":"https:\/\/now-news.de\/de\/#organization"},"potentialAction":[{"@type":"SearchAction","target":{"@type":"EntryPoint","urlTemplate":"https:\/\/now-news.de\/de\/?s={search_term_string}"},"query-input":"required name=search_term_string"}],"inLanguage":"de"},{"@type":"Organization","@id":"https:\/\/now-news.de\/de\/#organization","name":"Just Now News","url":"https:\/\/now-news.de\/de\/","logo":{"@type":"ImageObject","inLanguage":"de","@id":"https:\/\/now-news.de\/de\/#\/schema\/logo\/image\/","url":"http:\/\/just-now.news\/de\/wp-content\/uploads\/sites\/3\/2022\/04\/logo500x500.jpg","contentUrl":"http:\/\/just-now.news\/de\/wp-content\/uploads\/sites\/3\/2022\/04\/logo500x500.jpg","width":500,"height":500,"caption":"Just Now News"},"image":{"@id":"https:\/\/now-news.de\/de\/#\/schema\/logo\/image\/"},"sameAs":["https:\/\/www.facebook.com\/wirmachenauf","https:\/\/x.com\/WirMachenAuf_de"]},{"@type":"Person","@id":"https:\/\/now-news.de\/de\/#\/schema\/person\/fb534a4e865501d8b3285208df34a9b5","name":"rtnews","image":{"@type":"ImageObject","inLanguage":"de","@id":"https:\/\/now-news.de\/de\/#\/schema\/person\/image\/","url":"https:\/\/secure.gravatar.com\/avatar\/82aafea7d8127119dd649515f56e2117?s=96&d=mm&r=g","contentUrl":"https:\/\/secure.gravatar.com\/avatar\/82aafea7d8127119dd649515f56e2117?s=96&d=mm&r=g","caption":"rtnews"},"url":"https:\/\/now-news.de\/de\/author\/rnews\/"}]}},"_links":{"self":[{"href":"https:\/\/now-news.de\/de\/wp-json\/wp\/v2\/posts\/27611"}],"collection":[{"href":"https:\/\/now-news.de\/de\/wp-json\/wp\/v2\/posts"}],"about":[{"href":"https:\/\/now-news.de\/de\/wp-json\/wp\/v2\/types\/post"}],"author":[{"embeddable":true,"href":"https:\/\/now-news.de\/de\/wp-json\/wp\/v2\/users\/3"}],"replies":[{"embeddable":true,"href":"https:\/\/now-news.de\/de\/wp-json\/wp\/v2\/comments?post=27611"}],"version-history":[{"count":0,"href":"https:\/\/now-news.de\/de\/wp-json\/wp\/v2\/posts\/27611\/revisions"}],"wp:featuredmedia":[{"embeddable":true,"href":"https:\/\/now-news.de\/de\/wp-json\/wp\/v2\/media\/27612"}],"wp:attachment":[{"href":"https:\/\/now-news.de\/de\/wp-json\/wp\/v2\/media?parent=27611"}],"wp:term":[{"taxonomy":"category","embeddable":true,"href":"https:\/\/now-news.de\/de\/wp-json\/wp\/v2\/categories?post=27611"},{"taxonomy":"post_tag","embeddable":true,"href":"https:\/\/now-news.de\/de\/wp-json\/wp\/v2\/tags?post=27611"}],"curies":[{"name":"wp","href":"https:\/\/api.w.org\/{rel}","templated":true}]}}