{"id":27599,"date":"2023-01-13T09:24:12","date_gmt":"2023-01-13T07:24:12","guid":{"rendered":"http:\/\/just-now.news\/de\/deutschland\/deutsche-bahn-will-abschaffung-der-maskenpflicht-und-erzwingt-sie-dennoch\/"},"modified":"2023-01-13T09:24:12","modified_gmt":"2023-01-13T07:24:12","slug":"deutsche-bahn-will-abschaffung-der-maskenpflicht-und-erzwingt-sie-dennoch","status":"publish","type":"post","link":"https:\/\/now-news.de\/de\/deutschland\/deutsche-bahn-will-abschaffung-der-maskenpflicht-und-erzwingt-sie-dennoch\/","title":{"rendered":"Deutsche Bahn will Abschaffung der Maskenpflicht und erzwingt sie dennoch"},"content":{"rendered":"<p><img decoding=\"async\" src=\"http:\/\/just-now.news\/de\/wp-content\/uploads\/sites\/3\/2023\/01\/63c0612048fbef59f371c331.jpg\" \/><\/p>\n<div class=\"Text-root Text-type_1 \">\n                Die Schaffner der Deutschen Bahn waren einst Vertreter der deutschen Obrigkeit. Die Corona-Ma\u00dfnahmen scheinen diesen Zug in ihnen wieder hervorgekehrt zu haben. So fordert zwar der Konzern die Abschaffung der Maskenpflicht, das Bodenpersonal setzt sie jedoch sinnfrei durch.\n            <\/div>\n<p><\/p>\n<div class=\"Text-root Text-type_5 ArticleView-text ViewText-root \">\n<p>Am Mittwoch\u00a0hat sich die Deutsche Bahn AG f\u00fcr eine baldige Abschaffung der Maskenpflicht im Fernverkehr <a rel=\"nofollow noopener\" target=\"_blank\" href=\"https:\/\/www.welt.de\/politik\/deutschland\/article243156447\/Deutsche-Bahn-spricht-sich-fuer-schnelles-Ende-der-Maskenpflicht-im-Fernverkehr-aus.html\">ausgesprochen<\/a>, nachdem immer mehr Bundesl\u00e4nder sie im Nahverkehr beendet haben. &#8220;Ein Flickenteppich mit unterschiedlichsten Regelungen ist Fahrg\u00e4sten und Mitarbeitern immer schwerer zu vermitteln&#8221;, erkl\u00e4rte der Konzern. Auch bei der Konkurrenz auf Fernstrecken, den Fluggesellschaften, sind die Masken bereits gefallen.<\/p>\n<p>Einer Abschaffung steht allerdings nicht nur Bundesgesundheitsminister Karl Lauterbach im Weg, der nach wie vor verk\u00fcndet, es sei &#8220;noch zu fr\u00fch&#8221;, denn die Kliniken seien voll und es fehle Personal. Zu Letzterem hat er dabei durch die Impfpflicht bei Pflegepersonal kr\u00e4ftig selbst mit beigetragen. Auch das Personal der Bahn selbst d\u00fcrfte umgeschult werden m\u00fcssen, damit ein Ende der Maskenpflicht auch in bundesdeutschen Fernz\u00fcgen Wirklichkeit werden kann.<\/p>\n<p>Vor wenigen Tagen erst <a rel=\"nofollow noopener\" target=\"_blank\" href=\"https:\/\/www.stern.de\/reise\/deutschland\/ice--ehepaar-trinkt-kaffee---und-wird-wegen-maskenpflicht-rausgeworfen-33081624.html\">hatten<\/a> n\u00e4mlich Zugbegleiter auf der Strecke von Binz nach Berlin zwei Frauen des Zuges verwiesen, die nach ihrem gemeinsamen Urlaub auf der R\u00fcckfahrt allein im Abteil keine Masken getragen hatten. Sie wurden erst ermahnt, dennoch Masken zu tragen, und hatten sie folgsam angelegt.\u00a0Sp\u00e4ter zum Essen hatten sie diese wieder abgelegt, was dem Besch\u00e4ftigten erneut missfiel, und wurden schlie\u00dflich dabei ertappt, wie sie zum Zwecke des Konsums von im Zug erworbenem Kaffee ein weiteres Mal ohne Maske sa\u00dfen. Daraufhin holte sich der Zugbegleiter Verst\u00e4rkung in Gestalt einer Kollegin und zwang die Frauen, den ICE in Pasewalk zu verlassen.<\/p>\n<p>Die Deutsche Bahn, die von mehreren Medien um Stellungnahmen zu diesem Fall angefragt wurde, sah keinerlei Fehlverhalten ihrer Angestellten. Man d\u00fcrfe zwar f\u00fcr den Verzehr von Speisen und Getr\u00e4nken die Maske absetzen, aber &#8220;w\u00e4hrend l\u00e4ngerer Verzehrpausen&#8221; m\u00fcsse sie wieder aufgesetzt werden. Auf das Detail, dass in besagtem Abteil nur zwei Personen sa\u00dfen, die ohnehin in ehelicher Gemeinschaft leben, ging die Bahn nicht weiter ein. Immerhin hatte das P\u00e4rchen Gl\u00fcck und konnte schon eine halbe Stunde sp\u00e4ter den n\u00e4chsten Zug besteigen.<\/p>\n<p><strong>Mehr zum Thema<\/strong>\u00a0\u2013 <a rel=\"nofollow noopener\" target=\"_blank\" href=\"https:\/\/pressefreiheit.rtde.tech\/inland\/159458-sachsen-kuendigt-ende-maskenpflicht-im\/\">Sachsen k\u00fcndigt Ende der Maskenpflicht im \u00d6PNV ab 16. Januar an \u2013 Berlin will im Februar nachziehen<\/a><\/p>\n<\/div>\n<p><br \/>\n<br \/><a href=\"https:\/\/de.rt.com\/inland\/159714-deutsche-bahn-will-abschaffung-maskenpflicht\/\">Source link <\/a><\/p>\n","protected":false},"excerpt":{"rendered":"<p>Die Schaffner der Deutschen Bahn waren einst Vertreter der deutschen Obrigkeit. Die Corona-Ma\u00dfnahmen scheinen diesen Zug in ihnen wieder hervorgekehrt zu haben. So fordert zwar der Konzern die Abschaffung der Maskenpflicht, das Bodenpersonal setzt sie jedoch sinnfrei durch. Am Mittwoch\u00a0hat sich die Deutsche Bahn AG f\u00fcr eine baldige Abschaffung der Maskenpflicht im Fernverkehr ausgesprochen, nachdem [&hellip;]<\/p>\n","protected":false},"author":3,"featured_media":27600,"comment_status":"open","ping_status":"open","sticky":false,"template":"","format":"standard","meta":{"_yoast_indexnow_last_ping":["1673594823"],"wp_automatic_camp":["217"],"927764c3f90c79821ec8256c3992f38c":["Deutsche Bahn will Abschaffung der Maskenpflicht und erzwingt sie dennoch"],"original_link":["https:\/\/de.rt.com\/inland\/159714-deutsche-bahn-will-abschaffung-maskenpflicht\/"],"_thumbnail_id":["27600"],"_wptgpro_p2tg_sent2tg":["a:1:{i:23737;s:19:\"2023-01-13 09:28:23\";}"],"jnews_social_counter_last_update":["1777192440"]},"categories":[19,23],"tags":[1377,21087,28893,82,2374,23528,2656,527,140],"yoast_head":"<!-- This site is optimized with the Yoast SEO Premium plugin v22.7 (Yoast SEO v22.7) - https:\/\/yoast.com\/wordpress\/plugins\/seo\/ -->\n<title>Deutsche Bahn will Abschaffung der Maskenpflicht und erzwingt sie dennoch - just-now.NEWS Deutschland<\/title>\n<meta name=\"robots\" content=\"index, follow, max-snippet:-1, max-image-preview:large, max-video-preview:-1\" \/>\n<link rel=\"canonical\" href=\"https:\/\/now-news.de\/de\/deutschland\/deutsche-bahn-will-abschaffung-der-maskenpflicht-und-erzwingt-sie-dennoch\/\" \/>\n<meta property=\"og:locale\" content=\"de_DE\" \/>\n<meta property=\"og:type\" content=\"article\" \/>\n<meta property=\"og:title\" content=\"Deutsche Bahn will Abschaffung der Maskenpflicht und erzwingt sie dennoch\" \/>\n<meta property=\"og:description\" content=\"Die Schaffner der Deutschen Bahn waren einst Vertreter der deutschen Obrigkeit. Die Corona-Ma\u00dfnahmen scheinen diesen Zug in ihnen wieder hervorgekehrt zu haben. So fordert zwar der Konzern die Abschaffung der Maskenpflicht, das Bodenpersonal setzt sie jedoch sinnfrei durch. Am Mittwoch\u00a0hat sich die Deutsche Bahn AG f\u00fcr eine baldige Abschaffung der Maskenpflicht im Fernverkehr ausgesprochen, nachdem [&hellip;]\" \/>\n<meta property=\"og:url\" content=\"https:\/\/now-news.de\/de\/deutschland\/deutsche-bahn-will-abschaffung-der-maskenpflicht-und-erzwingt-sie-dennoch\/\" \/>\n<meta property=\"og:site_name\" content=\"just-now.NEWS Deutschland\" \/>\n<meta property=\"article:publisher\" content=\"https:\/\/www.facebook.com\/wirmachenauf\" \/>\n<meta property=\"article:published_time\" content=\"2023-01-13T07:24:12+00:00\" \/>\n<meta property=\"og:image\" content=\"https:\/\/now-news.de\/de\/wp-content\/uploads\/sites\/3\/2023\/01\/Deutsche-Bahn-will-Abschaffung-der-Maskenpflicht-und-erzwingt-sie-dennoch.jpg\" \/>\n\t<meta property=\"og:image:width\" content=\"460\" \/>\n\t<meta property=\"og:image:height\" content=\"259\" \/>\n\t<meta property=\"og:image:type\" content=\"image\/jpeg\" \/>\n<meta name=\"author\" content=\"rtnews\" \/>\n<meta name=\"twitter:card\" content=\"summary_large_image\" \/>\n<meta name=\"twitter:creator\" content=\"@WirMachenAuf_de\" \/>\n<meta name=\"twitter:site\" content=\"@WirMachenAuf_de\" \/>\n<meta name=\"twitter:label1\" content=\"Verfasst von\" \/>\n\t<meta name=\"twitter:data1\" content=\"rtnews\" \/>\n\t<meta name=\"twitter:label2\" content=\"Gesch\u00e4tzte Lesezeit\" \/>\n\t<meta name=\"twitter:data2\" content=\"2\u00a0Minuten\" \/>\n<script type=\"application\/ld+json\" class=\"yoast-schema-graph\">{\"@context\":\"https:\/\/schema.org\",\"@graph\":[{\"@type\":\"Article\",\"@id\":\"https:\/\/now-news.de\/de\/deutschland\/deutsche-bahn-will-abschaffung-der-maskenpflicht-und-erzwingt-sie-dennoch\/#article\",\"isPartOf\":{\"@id\":\"https:\/\/now-news.de\/de\/deutschland\/deutsche-bahn-will-abschaffung-der-maskenpflicht-und-erzwingt-sie-dennoch\/\"},\"author\":{\"name\":\"rtnews\",\"@id\":\"https:\/\/now-news.de\/de\/#\/schema\/person\/fb534a4e865501d8b3285208df34a9b5\"},\"headline\":\"Deutsche Bahn will Abschaffung der Maskenpflicht und erzwingt sie dennoch\",\"datePublished\":\"2023-01-13T07:24:12+00:00\",\"dateModified\":\"2023-01-13T07:24:12+00:00\",\"mainEntityOfPage\":{\"@id\":\"https:\/\/now-news.de\/de\/deutschland\/deutsche-bahn-will-abschaffung-der-maskenpflicht-und-erzwingt-sie-dennoch\/\"},\"wordCount\":402,\"commentCount\":0,\"publisher\":{\"@id\":\"https:\/\/now-news.de\/de\/#organization\"},\"image\":{\"@id\":\"https:\/\/now-news.de\/de\/deutschland\/deutsche-bahn-will-abschaffung-der-maskenpflicht-und-erzwingt-sie-dennoch\/#primaryimage\"},\"thumbnailUrl\":\"https:\/\/now-news.de\/de\/wp-content\/uploads\/sites\/3\/2023\/01\/Deutsche-Bahn-will-Abschaffung-der-Maskenpflicht-und-erzwingt-sie-dennoch.jpg\",\"keywords\":[\"Abschaffung\",\"Bahn\",\"dennoch\",\"der\",\"Deutsche\",\"erzwingt\",\"maskenpflicht\",\"Sie\",\"und\"],\"articleSection\":[\"Deutschland\",\"Russland\"],\"inLanguage\":\"de\",\"potentialAction\":[{\"@type\":\"CommentAction\",\"name\":\"Comment\",\"target\":[\"https:\/\/now-news.de\/de\/deutschland\/deutsche-bahn-will-abschaffung-der-maskenpflicht-und-erzwingt-sie-dennoch\/#respond\"]}]},{\"@type\":\"WebPage\",\"@id\":\"https:\/\/now-news.de\/de\/deutschland\/deutsche-bahn-will-abschaffung-der-maskenpflicht-und-erzwingt-sie-dennoch\/\",\"url\":\"https:\/\/now-news.de\/de\/deutschland\/deutsche-bahn-will-abschaffung-der-maskenpflicht-und-erzwingt-sie-dennoch\/\",\"name\":\"Deutsche Bahn will Abschaffung der Maskenpflicht und erzwingt sie dennoch - just-now.NEWS Deutschland\",\"isPartOf\":{\"@id\":\"https:\/\/now-news.de\/de\/#website\"},\"primaryImageOfPage\":{\"@id\":\"https:\/\/now-news.de\/de\/deutschland\/deutsche-bahn-will-abschaffung-der-maskenpflicht-und-erzwingt-sie-dennoch\/#primaryimage\"},\"image\":{\"@id\":\"https:\/\/now-news.de\/de\/deutschland\/deutsche-bahn-will-abschaffung-der-maskenpflicht-und-erzwingt-sie-dennoch\/#primaryimage\"},\"thumbnailUrl\":\"https:\/\/now-news.de\/de\/wp-content\/uploads\/sites\/3\/2023\/01\/Deutsche-Bahn-will-Abschaffung-der-Maskenpflicht-und-erzwingt-sie-dennoch.jpg\",\"datePublished\":\"2023-01-13T07:24:12+00:00\",\"dateModified\":\"2023-01-13T07:24:12+00:00\",\"breadcrumb\":{\"@id\":\"https:\/\/now-news.de\/de\/deutschland\/deutsche-bahn-will-abschaffung-der-maskenpflicht-und-erzwingt-sie-dennoch\/#breadcrumb\"},\"inLanguage\":\"de\",\"potentialAction\":[{\"@type\":\"ReadAction\",\"target\":[\"https:\/\/now-news.de\/de\/deutschland\/deutsche-bahn-will-abschaffung-der-maskenpflicht-und-erzwingt-sie-dennoch\/\"]}]},{\"@type\":\"ImageObject\",\"inLanguage\":\"de\",\"@id\":\"https:\/\/now-news.de\/de\/deutschland\/deutsche-bahn-will-abschaffung-der-maskenpflicht-und-erzwingt-sie-dennoch\/#primaryimage\",\"url\":\"https:\/\/now-news.de\/de\/wp-content\/uploads\/sites\/3\/2023\/01\/Deutsche-Bahn-will-Abschaffung-der-Maskenpflicht-und-erzwingt-sie-dennoch.jpg\",\"contentUrl\":\"https:\/\/now-news.de\/de\/wp-content\/uploads\/sites\/3\/2023\/01\/Deutsche-Bahn-will-Abschaffung-der-Maskenpflicht-und-erzwingt-sie-dennoch.jpg\",\"width\":460,\"height\":259,\"caption\":\"Deutsche Bahn will Abschaffung der Maskenpflicht und erzwingt sie dennoch\"},{\"@type\":\"BreadcrumbList\",\"@id\":\"https:\/\/now-news.de\/de\/deutschland\/deutsche-bahn-will-abschaffung-der-maskenpflicht-und-erzwingt-sie-dennoch\/#breadcrumb\",\"itemListElement\":[{\"@type\":\"ListItem\",\"position\":1,\"name\":\"Home\",\"item\":\"https:\/\/now-news.de\/de\/\"},{\"@type\":\"ListItem\",\"position\":2,\"name\":\"Deutsche Bahn will Abschaffung der Maskenpflicht und erzwingt sie dennoch\"}]},{\"@type\":\"WebSite\",\"@id\":\"https:\/\/now-news.de\/de\/#website\",\"url\":\"https:\/\/now-news.de\/de\/\",\"name\":\"just-now.NEWS Deutschland\",\"description\":\"Das Portal f\u00fcr unzensierte Nachrichten aus der Welt\",\"publisher\":{\"@id\":\"https:\/\/now-news.de\/de\/#organization\"},\"potentialAction\":[{\"@type\":\"SearchAction\",\"target\":{\"@type\":\"EntryPoint\",\"urlTemplate\":\"https:\/\/now-news.de\/de\/?s={search_term_string}\"},\"query-input\":\"required name=search_term_string\"}],\"inLanguage\":\"de\"},{\"@type\":\"Organization\",\"@id\":\"https:\/\/now-news.de\/de\/#organization\",\"name\":\"Just Now News\",\"url\":\"https:\/\/now-news.de\/de\/\",\"logo\":{\"@type\":\"ImageObject\",\"inLanguage\":\"de\",\"@id\":\"https:\/\/now-news.de\/de\/#\/schema\/logo\/image\/\",\"url\":\"http:\/\/just-now.news\/de\/wp-content\/uploads\/sites\/3\/2022\/04\/logo500x500.jpg\",\"contentUrl\":\"http:\/\/just-now.news\/de\/wp-content\/uploads\/sites\/3\/2022\/04\/logo500x500.jpg\",\"width\":500,\"height\":500,\"caption\":\"Just Now News\"},\"image\":{\"@id\":\"https:\/\/now-news.de\/de\/#\/schema\/logo\/image\/\"},\"sameAs\":[\"https:\/\/www.facebook.com\/wirmachenauf\",\"https:\/\/x.com\/WirMachenAuf_de\"]},{\"@type\":\"Person\",\"@id\":\"https:\/\/now-news.de\/de\/#\/schema\/person\/fb534a4e865501d8b3285208df34a9b5\",\"name\":\"rtnews\",\"image\":{\"@type\":\"ImageObject\",\"inLanguage\":\"de\",\"@id\":\"https:\/\/now-news.de\/de\/#\/schema\/person\/image\/\",\"url\":\"https:\/\/secure.gravatar.com\/avatar\/82aafea7d8127119dd649515f56e2117?s=96&d=mm&r=g\",\"contentUrl\":\"https:\/\/secure.gravatar.com\/avatar\/82aafea7d8127119dd649515f56e2117?s=96&d=mm&r=g\",\"caption\":\"rtnews\"},\"url\":\"https:\/\/now-news.de\/de\/author\/rnews\/\"}]}<\/script>\n<!-- \/ Yoast SEO Premium plugin. -->","yoast_head_json":{"title":"Deutsche Bahn will Abschaffung der Maskenpflicht und erzwingt sie dennoch - just-now.NEWS Deutschland","robots":{"index":"index","follow":"follow","max-snippet":"max-snippet:-1","max-image-preview":"max-image-preview:large","max-video-preview":"max-video-preview:-1"},"canonical":"https:\/\/now-news.de\/de\/deutschland\/deutsche-bahn-will-abschaffung-der-maskenpflicht-und-erzwingt-sie-dennoch\/","og_locale":"de_DE","og_type":"article","og_title":"Deutsche Bahn will Abschaffung der Maskenpflicht und erzwingt sie dennoch","og_description":"Die Schaffner der Deutschen Bahn waren einst Vertreter der deutschen Obrigkeit. Die Corona-Ma\u00dfnahmen scheinen diesen Zug in ihnen wieder hervorgekehrt zu haben. So fordert zwar der Konzern die Abschaffung der Maskenpflicht, das Bodenpersonal setzt sie jedoch sinnfrei durch. Am Mittwoch\u00a0hat sich die Deutsche Bahn AG f\u00fcr eine baldige Abschaffung der Maskenpflicht im Fernverkehr ausgesprochen, nachdem [&hellip;]","og_url":"https:\/\/now-news.de\/de\/deutschland\/deutsche-bahn-will-abschaffung-der-maskenpflicht-und-erzwingt-sie-dennoch\/","og_site_name":"just-now.NEWS Deutschland","article_publisher":"https:\/\/www.facebook.com\/wirmachenauf","article_published_time":"2023-01-13T07:24:12+00:00","og_image":[{"width":460,"height":259,"url":"https:\/\/now-news.de\/de\/wp-content\/uploads\/sites\/3\/2023\/01\/Deutsche-Bahn-will-Abschaffung-der-Maskenpflicht-und-erzwingt-sie-dennoch.jpg","type":"image\/jpeg"}],"author":"rtnews","twitter_card":"summary_large_image","twitter_creator":"@WirMachenAuf_de","twitter_site":"@WirMachenAuf_de","twitter_misc":{"Verfasst von":"rtnews","Gesch\u00e4tzte Lesezeit":"2\u00a0Minuten"},"schema":{"@context":"https:\/\/schema.org","@graph":[{"@type":"Article","@id":"https:\/\/now-news.de\/de\/deutschland\/deutsche-bahn-will-abschaffung-der-maskenpflicht-und-erzwingt-sie-dennoch\/#article","isPartOf":{"@id":"https:\/\/now-news.de\/de\/deutschland\/deutsche-bahn-will-abschaffung-der-maskenpflicht-und-erzwingt-sie-dennoch\/"},"author":{"name":"rtnews","@id":"https:\/\/now-news.de\/de\/#\/schema\/person\/fb534a4e865501d8b3285208df34a9b5"},"headline":"Deutsche Bahn will Abschaffung der Maskenpflicht und erzwingt sie dennoch","datePublished":"2023-01-13T07:24:12+00:00","dateModified":"2023-01-13T07:24:12+00:00","mainEntityOfPage":{"@id":"https:\/\/now-news.de\/de\/deutschland\/deutsche-bahn-will-abschaffung-der-maskenpflicht-und-erzwingt-sie-dennoch\/"},"wordCount":402,"commentCount":0,"publisher":{"@id":"https:\/\/now-news.de\/de\/#organization"},"image":{"@id":"https:\/\/now-news.de\/de\/deutschland\/deutsche-bahn-will-abschaffung-der-maskenpflicht-und-erzwingt-sie-dennoch\/#primaryimage"},"thumbnailUrl":"https:\/\/now-news.de\/de\/wp-content\/uploads\/sites\/3\/2023\/01\/Deutsche-Bahn-will-Abschaffung-der-Maskenpflicht-und-erzwingt-sie-dennoch.jpg","keywords":["Abschaffung","Bahn","dennoch","der","Deutsche","erzwingt","maskenpflicht","Sie","und"],"articleSection":["Deutschland","Russland"],"inLanguage":"de","potentialAction":[{"@type":"CommentAction","name":"Comment","target":["https:\/\/now-news.de\/de\/deutschland\/deutsche-bahn-will-abschaffung-der-maskenpflicht-und-erzwingt-sie-dennoch\/#respond"]}]},{"@type":"WebPage","@id":"https:\/\/now-news.de\/de\/deutschland\/deutsche-bahn-will-abschaffung-der-maskenpflicht-und-erzwingt-sie-dennoch\/","url":"https:\/\/now-news.de\/de\/deutschland\/deutsche-bahn-will-abschaffung-der-maskenpflicht-und-erzwingt-sie-dennoch\/","name":"Deutsche Bahn will Abschaffung der Maskenpflicht und erzwingt sie dennoch - just-now.NEWS Deutschland","isPartOf":{"@id":"https:\/\/now-news.de\/de\/#website"},"primaryImageOfPage":{"@id":"https:\/\/now-news.de\/de\/deutschland\/deutsche-bahn-will-abschaffung-der-maskenpflicht-und-erzwingt-sie-dennoch\/#primaryimage"},"image":{"@id":"https:\/\/now-news.de\/de\/deutschland\/deutsche-bahn-will-abschaffung-der-maskenpflicht-und-erzwingt-sie-dennoch\/#primaryimage"},"thumbnailUrl":"https:\/\/now-news.de\/de\/wp-content\/uploads\/sites\/3\/2023\/01\/Deutsche-Bahn-will-Abschaffung-der-Maskenpflicht-und-erzwingt-sie-dennoch.jpg","datePublished":"2023-01-13T07:24:12+00:00","dateModified":"2023-01-13T07:24:12+00:00","breadcrumb":{"@id":"https:\/\/now-news.de\/de\/deutschland\/deutsche-bahn-will-abschaffung-der-maskenpflicht-und-erzwingt-sie-dennoch\/#breadcrumb"},"inLanguage":"de","potentialAction":[{"@type":"ReadAction","target":["https:\/\/now-news.de\/de\/deutschland\/deutsche-bahn-will-abschaffung-der-maskenpflicht-und-erzwingt-sie-dennoch\/"]}]},{"@type":"ImageObject","inLanguage":"de","@id":"https:\/\/now-news.de\/de\/deutschland\/deutsche-bahn-will-abschaffung-der-maskenpflicht-und-erzwingt-sie-dennoch\/#primaryimage","url":"https:\/\/now-news.de\/de\/wp-content\/uploads\/sites\/3\/2023\/01\/Deutsche-Bahn-will-Abschaffung-der-Maskenpflicht-und-erzwingt-sie-dennoch.jpg","contentUrl":"https:\/\/now-news.de\/de\/wp-content\/uploads\/sites\/3\/2023\/01\/Deutsche-Bahn-will-Abschaffung-der-Maskenpflicht-und-erzwingt-sie-dennoch.jpg","width":460,"height":259,"caption":"Deutsche Bahn will Abschaffung der Maskenpflicht und erzwingt sie dennoch"},{"@type":"BreadcrumbList","@id":"https:\/\/now-news.de\/de\/deutschland\/deutsche-bahn-will-abschaffung-der-maskenpflicht-und-erzwingt-sie-dennoch\/#breadcrumb","itemListElement":[{"@type":"ListItem","position":1,"name":"Home","item":"https:\/\/now-news.de\/de\/"},{"@type":"ListItem","position":2,"name":"Deutsche Bahn will Abschaffung der Maskenpflicht und erzwingt sie dennoch"}]},{"@type":"WebSite","@id":"https:\/\/now-news.de\/de\/#website","url":"https:\/\/now-news.de\/de\/","name":"just-now.NEWS Deutschland","description":"Das Portal f\u00fcr unzensierte Nachrichten aus der Welt","publisher":{"@id":"https:\/\/now-news.de\/de\/#organization"},"potentialAction":[{"@type":"SearchAction","target":{"@type":"EntryPoint","urlTemplate":"https:\/\/now-news.de\/de\/?s={search_term_string}"},"query-input":"required name=search_term_string"}],"inLanguage":"de"},{"@type":"Organization","@id":"https:\/\/now-news.de\/de\/#organization","name":"Just Now News","url":"https:\/\/now-news.de\/de\/","logo":{"@type":"ImageObject","inLanguage":"de","@id":"https:\/\/now-news.de\/de\/#\/schema\/logo\/image\/","url":"http:\/\/just-now.news\/de\/wp-content\/uploads\/sites\/3\/2022\/04\/logo500x500.jpg","contentUrl":"http:\/\/just-now.news\/de\/wp-content\/uploads\/sites\/3\/2022\/04\/logo500x500.jpg","width":500,"height":500,"caption":"Just Now News"},"image":{"@id":"https:\/\/now-news.de\/de\/#\/schema\/logo\/image\/"},"sameAs":["https:\/\/www.facebook.com\/wirmachenauf","https:\/\/x.com\/WirMachenAuf_de"]},{"@type":"Person","@id":"https:\/\/now-news.de\/de\/#\/schema\/person\/fb534a4e865501d8b3285208df34a9b5","name":"rtnews","image":{"@type":"ImageObject","inLanguage":"de","@id":"https:\/\/now-news.de\/de\/#\/schema\/person\/image\/","url":"https:\/\/secure.gravatar.com\/avatar\/82aafea7d8127119dd649515f56e2117?s=96&d=mm&r=g","contentUrl":"https:\/\/secure.gravatar.com\/avatar\/82aafea7d8127119dd649515f56e2117?s=96&d=mm&r=g","caption":"rtnews"},"url":"https:\/\/now-news.de\/de\/author\/rnews\/"}]}},"_links":{"self":[{"href":"https:\/\/now-news.de\/de\/wp-json\/wp\/v2\/posts\/27599"}],"collection":[{"href":"https:\/\/now-news.de\/de\/wp-json\/wp\/v2\/posts"}],"about":[{"href":"https:\/\/now-news.de\/de\/wp-json\/wp\/v2\/types\/post"}],"author":[{"embeddable":true,"href":"https:\/\/now-news.de\/de\/wp-json\/wp\/v2\/users\/3"}],"replies":[{"embeddable":true,"href":"https:\/\/now-news.de\/de\/wp-json\/wp\/v2\/comments?post=27599"}],"version-history":[{"count":0,"href":"https:\/\/now-news.de\/de\/wp-json\/wp\/v2\/posts\/27599\/revisions"}],"wp:featuredmedia":[{"embeddable":true,"href":"https:\/\/now-news.de\/de\/wp-json\/wp\/v2\/media\/27600"}],"wp:attachment":[{"href":"https:\/\/now-news.de\/de\/wp-json\/wp\/v2\/media?parent=27599"}],"wp:term":[{"taxonomy":"category","embeddable":true,"href":"https:\/\/now-news.de\/de\/wp-json\/wp\/v2\/categories?post=27599"},{"taxonomy":"post_tag","embeddable":true,"href":"https:\/\/now-news.de\/de\/wp-json\/wp\/v2\/tags?post=27599"}],"curies":[{"name":"wp","href":"https:\/\/api.w.org\/{rel}","templated":true}]}}