{"id":27436,"date":"2023-01-11T19:41:02","date_gmt":"2023-01-11T17:41:02","guid":{"rendered":"https:\/\/just-now.news\/de\/deutschland\/us-verteidigungsministerium-hebt-covid-19-impfpflicht-fuer-truppen-endgueltig-auf-mit-ausnahmen\/"},"modified":"2023-01-11T19:41:02","modified_gmt":"2023-01-11T17:41:02","slug":"us-verteidigungsministerium-hebt-covid-19-impfpflicht-fuer-truppen-endgueltig-auf-mit-ausnahmen","status":"publish","type":"post","link":"https:\/\/now-news.de\/de\/deutschland\/us-verteidigungsministerium-hebt-covid-19-impfpflicht-fuer-truppen-endgueltig-auf-mit-ausnahmen\/","title":{"rendered":"US-Verteidigungsministerium hebt COVID-19-Impfpflicht f\u00fcr Truppen endg\u00fcltig auf \u2013 mit Ausnahmen"},"content":{"rendered":"<p><img decoding=\"async\" src=\"http:\/\/just-now.news\/de\/wp-content\/uploads\/sites\/3\/2023\/01\/63be841f48fbef5464140fc0.jpg\" \/><\/p>\n<div class=\"Text-root Text-type_1 \">\n                Das Pentagon hat am Dienstag sein COVID-19-Impfmandat formell aufgehoben und die Impfpflicht mehr als ein Jahr nach ihrer Einf\u00fchrung f\u00fcr das gesamte US-Milit\u00e4rpersonal abgeschafft.\n            <\/div>\n<p><\/p>\n<div class=\"Text-root Text-type_5 ArticleView-text ViewText-root \">\n<p>Mehr als ein Jahr nach ihrer Einf\u00fchrung hat das US-Verteidigungsministerium die f\u00fcr das gesamte US-Milit\u00e4rpersonal zuvor geltende COVID-19-Impfpflicht aufgehoben. Das geht aus einer von US-Verteidigungsminister Lloyd Austin unterschriebenen <a rel=\"nofollow noopener\" target=\"_blank\" href=\"https:\/\/media.defense.gov\/2023\/Jan\/10\/2003143118\/-1\/-1\/1\/SECRETARY-OF-DEFENSE-MEMO-ON-RESCISSION-OF-CORONAVIRUS-DISEASE-2019-VACCINATION-REQUIREMENTS-FOR-MEMBERS-OF-THE-ARMED-FORCES.PDF\">Anweisung<\/a> vom Dienstag hervor. Damit folgte Austin den Bestimmungen des von US-Pr\u00e4sident Joe Biden bereits im Dezember unterzeichneten National Defense Authorization Act 2023, der eine vom US-Repr\u00e4sentantenhaus und vom US-Senat gebilligte Bestimmung zur Aufhebung des Mandats der Regierung f\u00fcr milit\u00e4rische Impfstoffe enth\u00e4lt.<\/p>\n<p>&#8220;Das Ministerium wird weiterhin die COVID-19-Impfung f\u00fcr alle Mitglieder des Dienstes f\u00f6rdern und unterst\u00fctzen&#8221;, schrieb Austin. &#8220;Das Ministerium hat die COVID-19-Impfung so einfach und bequem wie m\u00f6glich gemacht, was dazu gef\u00fchrt hat, dass mehr als zwei Millionen Angeh\u00f6rige der Streitkr\u00e4fte geimpft wurden und 96 Prozent der Streitkr\u00e4fte \u2013 aktive und Reservisten \u2013 vollst\u00e4ndig geimpft sind.&#8221; Laut Austin habe das Mandat entschieden dazu beigetragen, dass die\u00a0Einsatzbereitschaft der Truppe auch w\u00e4hrend der Coronapandemie gew\u00e4hrleistet werden konnte.<\/p>\n<p>Wenngleich das umstrittene Impf-Mandat mit der Verordnung vom Dienstag auch aufgehoben wurde, l\u00e4sst diese den Kommandeuren allerdings nach wie vor einen Ermessensspielraum bei der Entscheidung, ob und wie sie nicht geimpfte Soldaten k\u00fcnftig einsetzen. Demnach seien die Befehlshaber vor diesem Hintergrund auch weiterhin dazu angehalten, die Einsatzbereitschaft und die Gesundheit der Truppe aufrechtzuerhalten, so Austin.<\/p>\n<p>&#8220;Alle Kommandeure haben die Verantwortung und die Befugnis, die zwingenden Interessen des Ministeriums an der Erf\u00fcllung der Mission zu wahren&#8221;, schrieb der US-Verteidigungsminister. Dazu geh\u00f6re auch, dass die Befehlshaber den individuellen Impfstatus des Personals bei Einsatz-, Zuweisungs- und anderen operativen Entscheidungen ber\u00fccksichtigen k\u00f6nnen, &#8220;wenn eine Impfung f\u00fcr die Reise in ein anderes Land oder die Einreise in ein anderes Land erforderlich ist&#8221;.<\/p>\n<p>Austin hatte am 24. August 2021 erstmals ein Mandat erlassen, das eine Coronavirus-Impfung f\u00fcr alle Mitglieder der Streitkr\u00e4fte \u2013 einschlie\u00dflich der Nationalgarde und der Reserve \u2013 vorschrieb; bei Nichteinhaltung drohten Strafen. Dazu geh\u00f6rten der Verlust von anrechenbaren Dienstzeiten, die der Einzelne f\u00fcr die Pensionierung angesammelt hatte, der Verlust des Gehalts oder sogar die Entlassung aus dem Dienst.\u00a0<\/p>\n<p>Die Vorschrift stie\u00df jedoch auf heftigen Widerstand seitens der republikanischen Parlamentarier und war Gegenstand mehrerer Gerichtsverfahren. Sie wurde schlie\u00dflich abgeschafft, nachdem eine Aufhebungsforderung in den National Defense Authorization Act f\u00fcr das Haushaltsjahr 2023 aufgenommen worden war \u2013 ein wichtiges Zugest\u00e4ndnis der Demokraten, um die Verabschiedung des umfassenden Gesetzes vor Ende 2022 zu erm\u00f6glichen. Infolgedessen hatte das US-Milit\u00e4r bereits zu Beginn des Jahres alle mit dem zuvor geltenden Mandat verbundenen Strafen f\u00fcr die Verweigerung der Impfung eingestellt, einschlie\u00dflich der Entlassung von Soldaten aus dem Dienst.<\/p>\n<p>Mehr als 8.400 US-Soldaten waren im Zuge der umstrittenen COVID-19-Impfpflicht aus dem US-Milit\u00e4r entlassen worden, weil sie sich weigerten, sich impfen zu lassen. Tausende andere beantragten aus religi\u00f6sen und medizinischen Gr\u00fcnden Ausnahmen. Im Dezember 2022 stimmte der US-Kongress schlie\u00dflich der Aufhebung des Mandats zu, wobei die Gegner dieses Vorhabens sogar einr\u00e4umen mussten, dass es vielleicht schon gelungen war, den Gro\u00dfteil der Truppe zu impfen. Bei der Marine, der Luftwaffe und dem Marineinfanteriekorps waren demnach rund 99 Prozent der aktiven Soldaten geimpft worden, bei der Armee 98 Prozent. Bei der Garde und der Reserve sind die Raten hingegen niedriger, liegen aber im Allgemeinen bei \u00fcber 90 Prozent.<\/p>\n<p>Im Zuge der dem Gesetz vorangegangenen Debatte hatten insbesondere Vertreter der Republikanischen Partei gefordert, dass das Pentagon diejenigen Soldaten, die aufgrund ihrer ablehnenden Haltung gegen\u00fcber der COVID-19-Impfung\u00a0unfreiwillig entlassen worden waren,\u00a0wieder in den Dienst aufnehmen und ihnen eine Entsch\u00e4digung zahlen solle. Diese Forderung wurde letztlich jedoch nicht in die endg\u00fcltige Fassung des National Defense Authorization Act 2023\u00a0aufgenommen. Stattdessen wurde der US-Verteidigungsminister in dem Gesetz ausdr\u00fccklich dazu aufgefordert, seine Verf\u00fcgungsverordnung, mit der er das Impf-Mandat legitimierte, innerhalb von 30 Tagen zur\u00fcckzunehmen.<\/p>\n<p>Angeh\u00f6rige der Streitkr\u00e4fte, die wegen Nichtbefolgung von Impfbefehlen aus dem Dienst entlassen wurden, haben zudem nun die M\u00f6glichkeit, bei der Entlassungskommission ihres Dienstes eine Berichtigung ihrer Unterlagen zu beantragen, um ihre Entlassungsurteile zu verbessern. Zugleich wies Austin die Dienststellen am Dienstag an, alle Vermerke in den Personalakten von bisher nicht geimpften Soldaten zu entfernen sowie alle in diesem Zusammenhang erteilten Abmahnungen zur\u00fcckzunehmen. &#8220;Keine Person, die derzeit in den Streitkr\u00e4ften dient, darf allein aufgrund ihrer Weigerung, sich gegen COVID-19 impfen zu lassen, von der Truppe getrennt werden, wenn sie aus religi\u00f6sen, verwaltungstechnischen oder medizinischen Gr\u00fcnden einen Antrag gestellt hat&#8221;, erkl\u00e4rte der Verteidigungsminister.<\/p>\n<p>&#8220;Die Milit\u00e4rabteilungen werden die Akten dieser Personen aktualisieren, um alle nachteiligen Ma\u00dfnahmen zu entfernen, die ausschlie\u00dflich mit der Verweigerung solcher Antr\u00e4ge zusammenh\u00e4ngen, einschlie\u00dflich Verweisungsschreiben.&#8221; Der Personalchef des Pentagons werde zus\u00e4tzliche Anweisungen geben, so Austin. Er f\u00fcgte hinzu:<\/p>\n<blockquote>\n<p><em>&#8220;Die COVID-19-Impfma\u00dfnahmen des Ministeriums werden ein bleibendes Verm\u00e4chtnis hinterlassen, da wir viele Leben gerettet haben, eine Weltklasse-Truppe aufstellen konnten und trotz der schwierigen Bedingungen im Bereich der \u00f6ffentlichen Gesundheit ein hohes Ma\u00df an Einsatzbereitschaft aufrechterhalten haben.&#8221;<\/em><\/p>\n<\/blockquote>\n<p><strong>Mehr zum Thema <\/strong>&#8211;<strong>\u00a0 <\/strong><a rel=\"nofollow noopener\" target=\"_blank\" href=\"https:\/\/test.rtde.tech\/nordamerika\/130832-mogliche-corona-impfschaden-bei-us\/\">Tausende Corona-Impfsch\u00e4den bei US-Soldaten? \u00c4rzte analysierten Pentagon-Gesundheitsdatenbank<\/a><\/p>\n<\/div>\n<p><br \/>\n<br \/><a href=\"https:\/\/de.rt.com\/nordamerika\/159500-us-verteidigungsministerium-hebt-covid-19\/\">Source link <\/a><\/p>\n","protected":false},"excerpt":{"rendered":"<p>Das Pentagon hat am Dienstag sein COVID-19-Impfmandat formell aufgehoben und die Impfpflicht mehr als ein Jahr nach ihrer Einf\u00fchrung f\u00fcr das gesamte US-Milit\u00e4rpersonal abgeschafft. Mehr als ein Jahr nach ihrer Einf\u00fchrung hat das US-Verteidigungsministerium die f\u00fcr das gesamte US-Milit\u00e4rpersonal zuvor geltende COVID-19-Impfpflicht aufgehoben. Das geht aus einer von US-Verteidigungsminister Lloyd Austin unterschriebenen Anweisung vom Dienstag [&hellip;]<\/p>\n","protected":false},"author":3,"featured_media":27437,"comment_status":"open","ping_status":"open","sticky":false,"template":"","format":"standard","meta":{"_yoast_indexnow_last_ping":["1673459670"],"wp_automatic_camp":["217"],"d3f9d35259d6aa501bde62a9a6f561ee":["US-Verteidigungsministerium hebt COVID-19-Impfpflicht f\u00fcr Truppen endg\u00fcltig auf \u2013 mit Ausnahmen"],"original_link":["https:\/\/de.rt.com\/nordamerika\/159500-us-verteidigungsministerium-hebt-covid-19\/"],"_thumbnail_id":["27437"],"_wptgpro_p2tg_sent2tg":["a:1:{i:23737;s:19:\"2023-01-11 19:55:49\";}"],"jnews_social_counter_last_update":["1777655490"]},"categories":[19,23],"tags":[133,36924,38869,25207,221,21299,419,3574,19914],"yoast_head":"<!-- This site is optimized with the Yoast SEO Premium plugin v22.7 (Yoast SEO v22.7) - https:\/\/yoast.com\/wordpress\/plugins\/seo\/ -->\n<title>US-Verteidigungsministerium hebt COVID-19-Impfpflicht f\u00fcr Truppen endg\u00fcltig auf \u2013 mit Ausnahmen - just-now.NEWS Deutschland<\/title>\n<meta name=\"robots\" content=\"index, follow, max-snippet:-1, max-image-preview:large, max-video-preview:-1\" \/>\n<link rel=\"canonical\" href=\"https:\/\/now-news.de\/de\/deutschland\/us-verteidigungsministerium-hebt-covid-19-impfpflicht-fuer-truppen-endgueltig-auf-mit-ausnahmen\/\" \/>\n<meta property=\"og:locale\" content=\"de_DE\" \/>\n<meta property=\"og:type\" content=\"article\" \/>\n<meta property=\"og:title\" content=\"US-Verteidigungsministerium hebt COVID-19-Impfpflicht f\u00fcr Truppen endg\u00fcltig auf \u2013 mit Ausnahmen\" \/>\n<meta property=\"og:description\" content=\"Das Pentagon hat am Dienstag sein COVID-19-Impfmandat formell aufgehoben und die Impfpflicht mehr als ein Jahr nach ihrer Einf\u00fchrung f\u00fcr das gesamte US-Milit\u00e4rpersonal abgeschafft. Mehr als ein Jahr nach ihrer Einf\u00fchrung hat das US-Verteidigungsministerium die f\u00fcr das gesamte US-Milit\u00e4rpersonal zuvor geltende COVID-19-Impfpflicht aufgehoben. Das geht aus einer von US-Verteidigungsminister Lloyd Austin unterschriebenen Anweisung vom Dienstag [&hellip;]\" \/>\n<meta property=\"og:url\" content=\"https:\/\/now-news.de\/de\/deutschland\/us-verteidigungsministerium-hebt-covid-19-impfpflicht-fuer-truppen-endgueltig-auf-mit-ausnahmen\/\" \/>\n<meta property=\"og:site_name\" content=\"just-now.NEWS Deutschland\" \/>\n<meta property=\"article:publisher\" content=\"https:\/\/www.facebook.com\/wirmachenauf\" \/>\n<meta property=\"article:published_time\" content=\"2023-01-11T17:41:02+00:00\" \/>\n<meta property=\"og:image\" content=\"https:\/\/now-news.de\/de\/wp-content\/uploads\/sites\/3\/2023\/01\/US-Verteidigungsministerium-hebt-COVID-19-Impfpflicht-fuer-Truppen-endgueltig-auf-\u2013-mit-Ausnahmen.jpg\" \/>\n\t<meta property=\"og:image:width\" content=\"460\" \/>\n\t<meta property=\"og:image:height\" content=\"259\" \/>\n\t<meta property=\"og:image:type\" content=\"image\/jpeg\" \/>\n<meta name=\"author\" content=\"rtnews\" \/>\n<meta name=\"twitter:card\" content=\"summary_large_image\" \/>\n<meta name=\"twitter:creator\" content=\"@WirMachenAuf_de\" \/>\n<meta name=\"twitter:site\" content=\"@WirMachenAuf_de\" \/>\n<meta name=\"twitter:label1\" content=\"Verfasst von\" \/>\n\t<meta name=\"twitter:data1\" content=\"rtnews\" \/>\n\t<meta name=\"twitter:label2\" content=\"Gesch\u00e4tzte Lesezeit\" \/>\n\t<meta name=\"twitter:data2\" content=\"4\u00a0Minuten\" \/>\n<script type=\"application\/ld+json\" class=\"yoast-schema-graph\">{\"@context\":\"https:\/\/schema.org\",\"@graph\":[{\"@type\":\"Article\",\"@id\":\"https:\/\/now-news.de\/de\/deutschland\/us-verteidigungsministerium-hebt-covid-19-impfpflicht-fuer-truppen-endgueltig-auf-mit-ausnahmen\/#article\",\"isPartOf\":{\"@id\":\"https:\/\/now-news.de\/de\/deutschland\/us-verteidigungsministerium-hebt-covid-19-impfpflicht-fuer-truppen-endgueltig-auf-mit-ausnahmen\/\"},\"author\":{\"name\":\"rtnews\",\"@id\":\"https:\/\/now-news.de\/de\/#\/schema\/person\/fb534a4e865501d8b3285208df34a9b5\"},\"headline\":\"US-Verteidigungsministerium hebt COVID-19-Impfpflicht f\u00fcr Truppen endg\u00fcltig auf \u2013 mit Ausnahmen\",\"datePublished\":\"2023-01-11T17:41:02+00:00\",\"dateModified\":\"2023-01-11T17:41:02+00:00\",\"mainEntityOfPage\":{\"@id\":\"https:\/\/now-news.de\/de\/deutschland\/us-verteidigungsministerium-hebt-covid-19-impfpflicht-fuer-truppen-endgueltig-auf-mit-ausnahmen\/\"},\"wordCount\":876,\"commentCount\":0,\"publisher\":{\"@id\":\"https:\/\/now-news.de\/de\/#organization\"},\"image\":{\"@id\":\"https:\/\/now-news.de\/de\/deutschland\/us-verteidigungsministerium-hebt-covid-19-impfpflicht-fuer-truppen-endgueltig-auf-mit-ausnahmen\/#primaryimage\"},\"thumbnailUrl\":\"https:\/\/now-news.de\/de\/wp-content\/uploads\/sites\/3\/2023\/01\/US-Verteidigungsministerium-hebt-COVID-19-Impfpflicht-fuer-Truppen-endgueltig-auf-\u2013-mit-Ausnahmen.jpg\",\"keywords\":[\"AUF\",\"Ausnahmen\",\"COVID19Impfpflicht\",\"endg\u00fcltig\",\"f\u00fcr\",\"hebt\",\"mit\",\"Truppen\",\"USVerteidigungsministerium\"],\"articleSection\":[\"Deutschland\",\"Russland\"],\"inLanguage\":\"de\",\"potentialAction\":[{\"@type\":\"CommentAction\",\"name\":\"Comment\",\"target\":[\"https:\/\/now-news.de\/de\/deutschland\/us-verteidigungsministerium-hebt-covid-19-impfpflicht-fuer-truppen-endgueltig-auf-mit-ausnahmen\/#respond\"]}]},{\"@type\":\"WebPage\",\"@id\":\"https:\/\/now-news.de\/de\/deutschland\/us-verteidigungsministerium-hebt-covid-19-impfpflicht-fuer-truppen-endgueltig-auf-mit-ausnahmen\/\",\"url\":\"https:\/\/now-news.de\/de\/deutschland\/us-verteidigungsministerium-hebt-covid-19-impfpflicht-fuer-truppen-endgueltig-auf-mit-ausnahmen\/\",\"name\":\"US-Verteidigungsministerium hebt COVID-19-Impfpflicht f\u00fcr Truppen endg\u00fcltig auf \u2013 mit Ausnahmen - just-now.NEWS Deutschland\",\"isPartOf\":{\"@id\":\"https:\/\/now-news.de\/de\/#website\"},\"primaryImageOfPage\":{\"@id\":\"https:\/\/now-news.de\/de\/deutschland\/us-verteidigungsministerium-hebt-covid-19-impfpflicht-fuer-truppen-endgueltig-auf-mit-ausnahmen\/#primaryimage\"},\"image\":{\"@id\":\"https:\/\/now-news.de\/de\/deutschland\/us-verteidigungsministerium-hebt-covid-19-impfpflicht-fuer-truppen-endgueltig-auf-mit-ausnahmen\/#primaryimage\"},\"thumbnailUrl\":\"https:\/\/now-news.de\/de\/wp-content\/uploads\/sites\/3\/2023\/01\/US-Verteidigungsministerium-hebt-COVID-19-Impfpflicht-fuer-Truppen-endgueltig-auf-\u2013-mit-Ausnahmen.jpg\",\"datePublished\":\"2023-01-11T17:41:02+00:00\",\"dateModified\":\"2023-01-11T17:41:02+00:00\",\"breadcrumb\":{\"@id\":\"https:\/\/now-news.de\/de\/deutschland\/us-verteidigungsministerium-hebt-covid-19-impfpflicht-fuer-truppen-endgueltig-auf-mit-ausnahmen\/#breadcrumb\"},\"inLanguage\":\"de\",\"potentialAction\":[{\"@type\":\"ReadAction\",\"target\":[\"https:\/\/now-news.de\/de\/deutschland\/us-verteidigungsministerium-hebt-covid-19-impfpflicht-fuer-truppen-endgueltig-auf-mit-ausnahmen\/\"]}]},{\"@type\":\"ImageObject\",\"inLanguage\":\"de\",\"@id\":\"https:\/\/now-news.de\/de\/deutschland\/us-verteidigungsministerium-hebt-covid-19-impfpflicht-fuer-truppen-endgueltig-auf-mit-ausnahmen\/#primaryimage\",\"url\":\"https:\/\/now-news.de\/de\/wp-content\/uploads\/sites\/3\/2023\/01\/US-Verteidigungsministerium-hebt-COVID-19-Impfpflicht-fuer-Truppen-endgueltig-auf-\u2013-mit-Ausnahmen.jpg\",\"contentUrl\":\"https:\/\/now-news.de\/de\/wp-content\/uploads\/sites\/3\/2023\/01\/US-Verteidigungsministerium-hebt-COVID-19-Impfpflicht-fuer-Truppen-endgueltig-auf-\u2013-mit-Ausnahmen.jpg\",\"width\":460,\"height\":259,\"caption\":\"US-Verteidigungsministerium hebt COVID-19-Impfpflicht f\u00fcr Truppen endg\u00fcltig auf \u2013 mit Ausnahmen\"},{\"@type\":\"BreadcrumbList\",\"@id\":\"https:\/\/now-news.de\/de\/deutschland\/us-verteidigungsministerium-hebt-covid-19-impfpflicht-fuer-truppen-endgueltig-auf-mit-ausnahmen\/#breadcrumb\",\"itemListElement\":[{\"@type\":\"ListItem\",\"position\":1,\"name\":\"Home\",\"item\":\"https:\/\/now-news.de\/de\/\"},{\"@type\":\"ListItem\",\"position\":2,\"name\":\"US-Verteidigungsministerium hebt COVID-19-Impfpflicht f\u00fcr Truppen endg\u00fcltig auf \u2013 mit Ausnahmen\"}]},{\"@type\":\"WebSite\",\"@id\":\"https:\/\/now-news.de\/de\/#website\",\"url\":\"https:\/\/now-news.de\/de\/\",\"name\":\"just-now.NEWS Deutschland\",\"description\":\"Das Portal f\u00fcr unzensierte Nachrichten aus der Welt\",\"publisher\":{\"@id\":\"https:\/\/now-news.de\/de\/#organization\"},\"potentialAction\":[{\"@type\":\"SearchAction\",\"target\":{\"@type\":\"EntryPoint\",\"urlTemplate\":\"https:\/\/now-news.de\/de\/?s={search_term_string}\"},\"query-input\":\"required name=search_term_string\"}],\"inLanguage\":\"de\"},{\"@type\":\"Organization\",\"@id\":\"https:\/\/now-news.de\/de\/#organization\",\"name\":\"Just Now News\",\"url\":\"https:\/\/now-news.de\/de\/\",\"logo\":{\"@type\":\"ImageObject\",\"inLanguage\":\"de\",\"@id\":\"https:\/\/now-news.de\/de\/#\/schema\/logo\/image\/\",\"url\":\"http:\/\/just-now.news\/de\/wp-content\/uploads\/sites\/3\/2022\/04\/logo500x500.jpg\",\"contentUrl\":\"http:\/\/just-now.news\/de\/wp-content\/uploads\/sites\/3\/2022\/04\/logo500x500.jpg\",\"width\":500,\"height\":500,\"caption\":\"Just Now News\"},\"image\":{\"@id\":\"https:\/\/now-news.de\/de\/#\/schema\/logo\/image\/\"},\"sameAs\":[\"https:\/\/www.facebook.com\/wirmachenauf\",\"https:\/\/x.com\/WirMachenAuf_de\"]},{\"@type\":\"Person\",\"@id\":\"https:\/\/now-news.de\/de\/#\/schema\/person\/fb534a4e865501d8b3285208df34a9b5\",\"name\":\"rtnews\",\"image\":{\"@type\":\"ImageObject\",\"inLanguage\":\"de\",\"@id\":\"https:\/\/now-news.de\/de\/#\/schema\/person\/image\/\",\"url\":\"https:\/\/secure.gravatar.com\/avatar\/82aafea7d8127119dd649515f56e2117?s=96&d=mm&r=g\",\"contentUrl\":\"https:\/\/secure.gravatar.com\/avatar\/82aafea7d8127119dd649515f56e2117?s=96&d=mm&r=g\",\"caption\":\"rtnews\"},\"url\":\"https:\/\/now-news.de\/de\/author\/rnews\/\"}]}<\/script>\n<!-- \/ Yoast SEO Premium plugin. -->","yoast_head_json":{"title":"US-Verteidigungsministerium hebt COVID-19-Impfpflicht f\u00fcr Truppen endg\u00fcltig auf \u2013 mit Ausnahmen - just-now.NEWS Deutschland","robots":{"index":"index","follow":"follow","max-snippet":"max-snippet:-1","max-image-preview":"max-image-preview:large","max-video-preview":"max-video-preview:-1"},"canonical":"https:\/\/now-news.de\/de\/deutschland\/us-verteidigungsministerium-hebt-covid-19-impfpflicht-fuer-truppen-endgueltig-auf-mit-ausnahmen\/","og_locale":"de_DE","og_type":"article","og_title":"US-Verteidigungsministerium hebt COVID-19-Impfpflicht f\u00fcr Truppen endg\u00fcltig auf \u2013 mit Ausnahmen","og_description":"Das Pentagon hat am Dienstag sein COVID-19-Impfmandat formell aufgehoben und die Impfpflicht mehr als ein Jahr nach ihrer Einf\u00fchrung f\u00fcr das gesamte US-Milit\u00e4rpersonal abgeschafft. Mehr als ein Jahr nach ihrer Einf\u00fchrung hat das US-Verteidigungsministerium die f\u00fcr das gesamte US-Milit\u00e4rpersonal zuvor geltende COVID-19-Impfpflicht aufgehoben. Das geht aus einer von US-Verteidigungsminister Lloyd Austin unterschriebenen Anweisung vom Dienstag [&hellip;]","og_url":"https:\/\/now-news.de\/de\/deutschland\/us-verteidigungsministerium-hebt-covid-19-impfpflicht-fuer-truppen-endgueltig-auf-mit-ausnahmen\/","og_site_name":"just-now.NEWS Deutschland","article_publisher":"https:\/\/www.facebook.com\/wirmachenauf","article_published_time":"2023-01-11T17:41:02+00:00","og_image":[{"width":460,"height":259,"url":"https:\/\/now-news.de\/de\/wp-content\/uploads\/sites\/3\/2023\/01\/US-Verteidigungsministerium-hebt-COVID-19-Impfpflicht-fuer-Truppen-endgueltig-auf-\u2013-mit-Ausnahmen.jpg","type":"image\/jpeg"}],"author":"rtnews","twitter_card":"summary_large_image","twitter_creator":"@WirMachenAuf_de","twitter_site":"@WirMachenAuf_de","twitter_misc":{"Verfasst von":"rtnews","Gesch\u00e4tzte Lesezeit":"4\u00a0Minuten"},"schema":{"@context":"https:\/\/schema.org","@graph":[{"@type":"Article","@id":"https:\/\/now-news.de\/de\/deutschland\/us-verteidigungsministerium-hebt-covid-19-impfpflicht-fuer-truppen-endgueltig-auf-mit-ausnahmen\/#article","isPartOf":{"@id":"https:\/\/now-news.de\/de\/deutschland\/us-verteidigungsministerium-hebt-covid-19-impfpflicht-fuer-truppen-endgueltig-auf-mit-ausnahmen\/"},"author":{"name":"rtnews","@id":"https:\/\/now-news.de\/de\/#\/schema\/person\/fb534a4e865501d8b3285208df34a9b5"},"headline":"US-Verteidigungsministerium hebt COVID-19-Impfpflicht f\u00fcr Truppen endg\u00fcltig auf \u2013 mit Ausnahmen","datePublished":"2023-01-11T17:41:02+00:00","dateModified":"2023-01-11T17:41:02+00:00","mainEntityOfPage":{"@id":"https:\/\/now-news.de\/de\/deutschland\/us-verteidigungsministerium-hebt-covid-19-impfpflicht-fuer-truppen-endgueltig-auf-mit-ausnahmen\/"},"wordCount":876,"commentCount":0,"publisher":{"@id":"https:\/\/now-news.de\/de\/#organization"},"image":{"@id":"https:\/\/now-news.de\/de\/deutschland\/us-verteidigungsministerium-hebt-covid-19-impfpflicht-fuer-truppen-endgueltig-auf-mit-ausnahmen\/#primaryimage"},"thumbnailUrl":"https:\/\/now-news.de\/de\/wp-content\/uploads\/sites\/3\/2023\/01\/US-Verteidigungsministerium-hebt-COVID-19-Impfpflicht-fuer-Truppen-endgueltig-auf-\u2013-mit-Ausnahmen.jpg","keywords":["AUF","Ausnahmen","COVID19Impfpflicht","endg\u00fcltig","f\u00fcr","hebt","mit","Truppen","USVerteidigungsministerium"],"articleSection":["Deutschland","Russland"],"inLanguage":"de","potentialAction":[{"@type":"CommentAction","name":"Comment","target":["https:\/\/now-news.de\/de\/deutschland\/us-verteidigungsministerium-hebt-covid-19-impfpflicht-fuer-truppen-endgueltig-auf-mit-ausnahmen\/#respond"]}]},{"@type":"WebPage","@id":"https:\/\/now-news.de\/de\/deutschland\/us-verteidigungsministerium-hebt-covid-19-impfpflicht-fuer-truppen-endgueltig-auf-mit-ausnahmen\/","url":"https:\/\/now-news.de\/de\/deutschland\/us-verteidigungsministerium-hebt-covid-19-impfpflicht-fuer-truppen-endgueltig-auf-mit-ausnahmen\/","name":"US-Verteidigungsministerium hebt COVID-19-Impfpflicht f\u00fcr Truppen endg\u00fcltig auf \u2013 mit Ausnahmen - just-now.NEWS Deutschland","isPartOf":{"@id":"https:\/\/now-news.de\/de\/#website"},"primaryImageOfPage":{"@id":"https:\/\/now-news.de\/de\/deutschland\/us-verteidigungsministerium-hebt-covid-19-impfpflicht-fuer-truppen-endgueltig-auf-mit-ausnahmen\/#primaryimage"},"image":{"@id":"https:\/\/now-news.de\/de\/deutschland\/us-verteidigungsministerium-hebt-covid-19-impfpflicht-fuer-truppen-endgueltig-auf-mit-ausnahmen\/#primaryimage"},"thumbnailUrl":"https:\/\/now-news.de\/de\/wp-content\/uploads\/sites\/3\/2023\/01\/US-Verteidigungsministerium-hebt-COVID-19-Impfpflicht-fuer-Truppen-endgueltig-auf-\u2013-mit-Ausnahmen.jpg","datePublished":"2023-01-11T17:41:02+00:00","dateModified":"2023-01-11T17:41:02+00:00","breadcrumb":{"@id":"https:\/\/now-news.de\/de\/deutschland\/us-verteidigungsministerium-hebt-covid-19-impfpflicht-fuer-truppen-endgueltig-auf-mit-ausnahmen\/#breadcrumb"},"inLanguage":"de","potentialAction":[{"@type":"ReadAction","target":["https:\/\/now-news.de\/de\/deutschland\/us-verteidigungsministerium-hebt-covid-19-impfpflicht-fuer-truppen-endgueltig-auf-mit-ausnahmen\/"]}]},{"@type":"ImageObject","inLanguage":"de","@id":"https:\/\/now-news.de\/de\/deutschland\/us-verteidigungsministerium-hebt-covid-19-impfpflicht-fuer-truppen-endgueltig-auf-mit-ausnahmen\/#primaryimage","url":"https:\/\/now-news.de\/de\/wp-content\/uploads\/sites\/3\/2023\/01\/US-Verteidigungsministerium-hebt-COVID-19-Impfpflicht-fuer-Truppen-endgueltig-auf-\u2013-mit-Ausnahmen.jpg","contentUrl":"https:\/\/now-news.de\/de\/wp-content\/uploads\/sites\/3\/2023\/01\/US-Verteidigungsministerium-hebt-COVID-19-Impfpflicht-fuer-Truppen-endgueltig-auf-\u2013-mit-Ausnahmen.jpg","width":460,"height":259,"caption":"US-Verteidigungsministerium hebt COVID-19-Impfpflicht f\u00fcr Truppen endg\u00fcltig auf \u2013 mit Ausnahmen"},{"@type":"BreadcrumbList","@id":"https:\/\/now-news.de\/de\/deutschland\/us-verteidigungsministerium-hebt-covid-19-impfpflicht-fuer-truppen-endgueltig-auf-mit-ausnahmen\/#breadcrumb","itemListElement":[{"@type":"ListItem","position":1,"name":"Home","item":"https:\/\/now-news.de\/de\/"},{"@type":"ListItem","position":2,"name":"US-Verteidigungsministerium hebt COVID-19-Impfpflicht f\u00fcr Truppen endg\u00fcltig auf \u2013 mit Ausnahmen"}]},{"@type":"WebSite","@id":"https:\/\/now-news.de\/de\/#website","url":"https:\/\/now-news.de\/de\/","name":"just-now.NEWS Deutschland","description":"Das Portal f\u00fcr unzensierte Nachrichten aus der Welt","publisher":{"@id":"https:\/\/now-news.de\/de\/#organization"},"potentialAction":[{"@type":"SearchAction","target":{"@type":"EntryPoint","urlTemplate":"https:\/\/now-news.de\/de\/?s={search_term_string}"},"query-input":"required name=search_term_string"}],"inLanguage":"de"},{"@type":"Organization","@id":"https:\/\/now-news.de\/de\/#organization","name":"Just Now News","url":"https:\/\/now-news.de\/de\/","logo":{"@type":"ImageObject","inLanguage":"de","@id":"https:\/\/now-news.de\/de\/#\/schema\/logo\/image\/","url":"http:\/\/just-now.news\/de\/wp-content\/uploads\/sites\/3\/2022\/04\/logo500x500.jpg","contentUrl":"http:\/\/just-now.news\/de\/wp-content\/uploads\/sites\/3\/2022\/04\/logo500x500.jpg","width":500,"height":500,"caption":"Just Now News"},"image":{"@id":"https:\/\/now-news.de\/de\/#\/schema\/logo\/image\/"},"sameAs":["https:\/\/www.facebook.com\/wirmachenauf","https:\/\/x.com\/WirMachenAuf_de"]},{"@type":"Person","@id":"https:\/\/now-news.de\/de\/#\/schema\/person\/fb534a4e865501d8b3285208df34a9b5","name":"rtnews","image":{"@type":"ImageObject","inLanguage":"de","@id":"https:\/\/now-news.de\/de\/#\/schema\/person\/image\/","url":"https:\/\/secure.gravatar.com\/avatar\/82aafea7d8127119dd649515f56e2117?s=96&d=mm&r=g","contentUrl":"https:\/\/secure.gravatar.com\/avatar\/82aafea7d8127119dd649515f56e2117?s=96&d=mm&r=g","caption":"rtnews"},"url":"https:\/\/now-news.de\/de\/author\/rnews\/"}]}},"_links":{"self":[{"href":"https:\/\/now-news.de\/de\/wp-json\/wp\/v2\/posts\/27436"}],"collection":[{"href":"https:\/\/now-news.de\/de\/wp-json\/wp\/v2\/posts"}],"about":[{"href":"https:\/\/now-news.de\/de\/wp-json\/wp\/v2\/types\/post"}],"author":[{"embeddable":true,"href":"https:\/\/now-news.de\/de\/wp-json\/wp\/v2\/users\/3"}],"replies":[{"embeddable":true,"href":"https:\/\/now-news.de\/de\/wp-json\/wp\/v2\/comments?post=27436"}],"version-history":[{"count":0,"href":"https:\/\/now-news.de\/de\/wp-json\/wp\/v2\/posts\/27436\/revisions"}],"wp:featuredmedia":[{"embeddable":true,"href":"https:\/\/now-news.de\/de\/wp-json\/wp\/v2\/media\/27437"}],"wp:attachment":[{"href":"https:\/\/now-news.de\/de\/wp-json\/wp\/v2\/media?parent=27436"}],"wp:term":[{"taxonomy":"category","embeddable":true,"href":"https:\/\/now-news.de\/de\/wp-json\/wp\/v2\/categories?post=27436"},{"taxonomy":"post_tag","embeddable":true,"href":"https:\/\/now-news.de\/de\/wp-json\/wp\/v2\/tags?post=27436"}],"curies":[{"name":"wp","href":"https:\/\/api.w.org\/{rel}","templated":true}]}}