{"id":27435,"date":"2023-01-11T19:09:39","date_gmt":"2023-01-11T17:09:39","guid":{"rendered":"https:\/\/just-now.news\/de\/china\/chinesischer-student-wegen-angeblicher-verfolgung-und-belaestigung-eines-pro-demokratischen-aktivisten-in-boston-angeklagt\/"},"modified":"2023-01-11T19:09:39","modified_gmt":"2023-01-11T17:09:39","slug":"chinesischer-student-wegen-angeblicher-verfolgung-und-belaestigung-eines-pro-demokratischen-aktivisten-in-boston-angeklagt","status":"publish","type":"post","link":"https:\/\/now-news.de\/de\/china\/chinesischer-student-wegen-angeblicher-verfolgung-und-belaestigung-eines-pro-demokratischen-aktivisten-in-boston-angeklagt\/","title":{"rendered":"Chinesischer Student wegen angeblicher Verfolgung und Bel\u00e4stigung eines pro-demokratischen Aktivisten in Boston angeklagt"},"content":{"rendered":"<div>\n<p>Ein chinesischer Student wurde im Zusammenhang mit angeblichem Stalking und Drohen eines st\u00e4ndigen Einwohners der USA angeklagt, der Flyer zur Unterst\u00fctzung der Demokratie in China verteilt hatte, gab das US-Justizministerium am 10. Januar bekannt.<\/p>\n<p>Wu Xiaolei, ein chinesischer Staatsb\u00fcrger, der am Berklee College of Music in Boston studiert, wurde laut DOJ von einer Grand Jury des Bundes in Boston wegen Cyberstalking und einer Anklage wegen zwischenstaatlicher \u00dcbertragung bedrohlicher Kommunikation angeklagt.<\/p>\n<p>Wu wurde am 14. Dezember festgenommen und erschien sp\u00e4ter am Nachmittag vor einem Bundesgericht in Boston.<\/p>\n<p>Die Anklage wegen Cyberstalking sieht eine Freiheitsstrafe von bis zu f\u00fcnf Jahren, drei Jahre \u00fcberwachte Freilassung und eine Geldstrafe von bis zu 250.000 US-Dollar vor.  Die Anklage wegen zwischenstaatlicher \u00dcbertragung bedrohlicher Kommunikation sieht eine Freiheitsstrafe von bis zu f\u00fcnf Jahren, drei Jahre \u00fcberwachte Freilassung und eine Geldstrafe von bis zu 250.000 US-Dollar vor.<\/p>\n<h2>Angebliche Bel\u00e4stigung<\/h2>\n<p>Wus Bel\u00e4stigungskampagne begann, nachdem er am 22. Oktober ein A4-Blatt an einem Fenster in der N\u00e4he des Bostoner Campus gesehen hatte, auf dem stand: \u201eSteh auf mit den Chinesen\u201c, \u201eWir wollen Freiheit\u201c und \u201eWir wollen Demokratie\u201c, so die Ladeunterlagen (pdf).<\/p>\n<p>Folglich bedrohte Wu angeblich die Person, die den Flyer auf WeChat, einer chinesischen Social-Media-App, gepostet hatte.<\/p>\n<figure id=\"attachment_4926296\" style=\"width: 270px\" class=\"wp-caption alignnone\"> Der Flyer, der von der pro-demokratischen Aktivistin gepostet wurde.  (Aufladebeleg)<\/figure>\n<p>\u201ePoste mehr, ich werde deine hacken [expletive] H\u00e4nde weg\u201c, sagte Wu dem Aktivisten in einem Gruppenchat, hie\u00df es in den Anklageunterlagen.<\/p>\n<p>Die Staatsanw\u00e4lte sagten, Wu habe dann behauptet, er habe die Person den Beh\u00f6rden f\u00fcr \u00f6ffentliche Sicherheit in China gemeldet.<\/p>\n<p>Die US-Staatsanwaltschaft f\u00fcr den Bezirk Massachusetts gab den Namen des Aktivisten nicht bekannt, sagte jedoch, die Person sei ein st\u00e4ndiger Einwohner der USA aus China und habe dort Familienmitglieder.<\/p>\n<p>\u201eIch habe bereits die Tipp-Hotline im Land angerufen, die \u00f6ffentliche Sicherheitsbeh\u00f6rde wird Ihre Familie begr\u00fc\u00dfen\u201c, sagte Wu laut der Beschwerde in einer WeChat-Gruppe mit mehr als 300 Mitgliedern.<\/p>\n<p>Es wird angenommen, dass Wu sich auf das chinesische Ministerium f\u00fcr \u00f6ffentliche Sicherheit oder das Ministerium f\u00fcr Staatssicherheit bezog.  \u201eBeide Beh\u00f6rden ermitteln gegen politische Dissidenten, einschlie\u00dflich derjenigen, die sich f\u00fcr die Demokratie aussprechen\u201c, hei\u00dft es in dem Dokument.<\/p>\n<p>Wu hat angeblich auch andere aus der WeChat-Gruppe gebeten, herauszufinden, wo die Person lebte.  Den Anklageunterlagen zufolge ver\u00f6ffentlichte Wu die E-Mail-Adresse des Aktivisten in der WeChat-Gruppe mit dem Namen \u201eBerklee Class of 2024\u201c, um andere zu ermutigen, die Person zu bel\u00e4stigen.<\/p>\n<p>In einer an den Aktivisten adressierten E-Mail vom 24. Oktober, die Wu sp\u00e4ter auf seinem Instagram-Account ver\u00f6ffentlichte, sagte Wu, dass die Person bei ihrer R\u00fcckkehr nach China festgenommen werde und die Familienmitglieder der Person eine \u201epolitische \u00dcberpr\u00fcfung\u201c von den chinesischen Beh\u00f6rden erhalten w\u00fcrden.<\/p>\n<p>\u201eSie sollten Geschirr f\u00fcr die kapitalistischen Hunde waschen\u201c, sagte Wu laut den Anklageunterlagen in der E-Mail.<\/p>\n<p>\u201eAch ja, Sie k\u00f6nnen mich auch wegen pers\u00f6nlicher Angriffe auf Sie verklagen, aber ich habe das Gef\u00fchl, dass Sie mich mit Ihrem famili\u00e4ren Hintergrund nicht loswerden k\u00f6nnen.  Ich habe bereits Screenshots Ihrer Kontonummer(n) in sozialen Netzwerken erhalten.  Ich habe auch Ihre Aufzeichnungen in der Schule gelesen.  Ich rief auch die Tip-Off-Hotline im Land an.  Wenn Sie das aufheben k\u00f6nnen, ziehe ich Sie in Betracht [expletive] Eindrucksvoll.  Geh nicht zur\u00fcck aufs Land, es ist nicht reizvoll f\u00fcr dich.\u201c<\/p>\n<h2>Transnationale Repression<\/h2>\n<p>Die Strafverfolgung von Wu erfolgte inmitten wachsender Besorgnis \u00fcber die grenz\u00fcberschreitende Unterdr\u00fcckung durch das Regime.<\/p>\n<p>Im vergangenen Jahr hat das Justizministerium mehr als ein Dutzend chinesische Geheimdienstagenten, Beamte oder ihre amerikanischen Komplizen wegen einer Reihe von Kampagnen angeklagt, die angeblich darauf abzielten, chinesische Dissidenten und Rechtsanw\u00e4lte in den Vereinigten Staaten und einigen anderen zu bel\u00e4stigen und auszuspionieren F\u00e4lle, in denen versucht wird, ihre R\u00fcckkehr nach China zu erzwingen.<\/p>\n<p>Das chinesische Regime betreibt auch mehr als 100 \u201ePolizeidienststellen\u201c auf der ganzen Welt, darunter zwei in New York City und eine in Los Angeles, so die j\u00fcngsten Enth\u00fcllungen der spanischen gemeinn\u00fctzigen Safeguard Defenders.<\/p>\n<p>Die Gruppe sagt, dass die Kommunistische Partei Chinas das weltweite Netzwerk genutzt hat, um ihre transnationale Repression durchzuf\u00fchren.<\/p>\n<p>Der Bericht hat bei Gesetzgebern und Beamten in den Vereinigten Staaten, Kanada, Gro\u00dfbritannien und anderen europ\u00e4ischen L\u00e4ndern Alarm geschlagen.  Mindestens 14 L\u00e4nder haben eine Untersuchung der Anlagen eingeleitet.<\/p>\n<p>FBI-Direktor Christopher Wray sagte in einer Anh\u00f6rung im November, dass diese Au\u00dfenposten untersucht werden.<\/p>\n<p>\u201eF\u00fcr mich ist es emp\u00f6rend zu glauben, dass die chinesische Polizei versuchen w\u00fcrde, ohne angemessene Koordination ein Gesch\u00e4ft einzurichten \u2013 wissen Sie, in New York, sagen wir \u2013\u201c, sagte Wray am 17. November gegen\u00fcber dem Gesetzgeber. \u201eDas verletzt die Souver\u00e4nit\u00e4t und umgeht den Standard Prozesse der justiziellen und strafverfolgungsbezogenen Zusammenarbeit.\u201c<\/p>\n<p>\u201eIch bin dar\u00fcber zutiefst besorgt.  Ich werde es nicht einfach liegen lassen.\u201c<\/p>\n<p><em>Dorothy Li hat zu diesem Bericht beigetragen.<\/em><\/p>\n<\/div>\n<p><br \/>\n<b> Text ist eine \u00dcbersetzung vom Epoch Times Artikel:<\/p>\n<p><a href=\"https:\/\/www.theepochtimes.com\/chinese-student-indicted-over-allegedly-stalking-harassing-pro-democracy-activist-in-boston_4977448.html\">Source link <\/a><\/p>\n","protected":false},"excerpt":{"rendered":"<p>Ein chinesischer Student wurde im Zusammenhang mit angeblichem Stalking und Drohen eines st\u00e4ndigen Einwohners der USA angeklagt, der Flyer zur Unterst\u00fctzung der Demokratie in China verteilt hatte, gab das US-Justizministerium am 10. Januar bekannt. Wu Xiaolei, ein chinesischer Staatsb\u00fcrger, der am Berklee College of Music in Boston studiert, wurde laut DOJ von einer Grand Jury [&hellip;]<\/p>\n","protected":false},"author":6,"featured_media":25534,"comment_status":"open","ping_status":"open","sticky":false,"template":"","format":"standard","meta":{"_yoast_indexnow_last_ping":["1673458979"],"wp_automatic_camp":["1164"],"b934cbbd70de9038c93dae5f48677053":["Chinesischer Student wegen angeblicher Verfolgung und Bel\u00e4stigung eines pro-demokratischen Aktivisten in Boston angeklagt\n"],"original_link":["https:\/\/www.theepochtimes.com\/chinese-student-indicted-over-allegedly-stalking-harassing-pro-democracy-activist-in-boston_4977448.html"],"_thumbnail_id":["25534"],"wp_automatic_remove_first_image":["yes"],"jnews_social_counter_last_update":["1777613441"],"_wptgpro_p2tg_sent2tg":["a:0:{}"]},"categories":[21],"tags":[21660,6471,8172,20189,3851,1442,2111,37557,16555,140,22482,145],"yoast_head":"<!-- This site is optimized with the Yoast SEO Premium plugin v22.7 (Yoast SEO v22.7) - https:\/\/yoast.com\/wordpress\/plugins\/seo\/ -->\n<title>Chinesischer Student wegen angeblicher Verfolgung und Bel\u00e4stigung eines pro-demokratischen Aktivisten in Boston angeklagt - just-now.NEWS Deutschland<\/title>\n<meta name=\"robots\" content=\"index, follow, max-snippet:-1, max-image-preview:large, max-video-preview:-1\" \/>\n<link rel=\"canonical\" href=\"https:\/\/now-news.de\/de\/china\/chinesischer-student-wegen-angeblicher-verfolgung-und-belaestigung-eines-pro-demokratischen-aktivisten-in-boston-angeklagt\/\" \/>\n<meta property=\"og:locale\" content=\"de_DE\" \/>\n<meta property=\"og:type\" content=\"article\" \/>\n<meta property=\"og:title\" content=\"Chinesischer Student wegen angeblicher Verfolgung und Bel\u00e4stigung eines pro-demokratischen Aktivisten in Boston angeklagt\" \/>\n<meta property=\"og:description\" content=\"Ein chinesischer Student wurde im Zusammenhang mit angeblichem Stalking und Drohen eines st\u00e4ndigen Einwohners der USA angeklagt, der Flyer zur Unterst\u00fctzung der Demokratie in China verteilt hatte, gab das US-Justizministerium am 10. Januar bekannt. Wu Xiaolei, ein chinesischer Staatsb\u00fcrger, der am Berklee College of Music in Boston studiert, wurde laut DOJ von einer Grand Jury [&hellip;]\" \/>\n<meta property=\"og:url\" content=\"https:\/\/now-news.de\/de\/china\/chinesischer-student-wegen-angeblicher-verfolgung-und-belaestigung-eines-pro-demokratischen-aktivisten-in-boston-angeklagt\/\" \/>\n<meta property=\"og:site_name\" content=\"just-now.NEWS Deutschland\" \/>\n<meta property=\"article:publisher\" content=\"https:\/\/www.facebook.com\/wirmachenauf\" \/>\n<meta property=\"article:published_time\" content=\"2023-01-11T17:09:39+00:00\" \/>\n<meta property=\"og:image\" content=\"https:\/\/now-news.de\/de\/wp-content\/uploads\/sites\/3\/2022\/12\/1671125275_Das-FBI-verhaftet-einen-chinesischen-Musikstudenten-wegen-angeblicher-Drohung-gegen.jpg\" \/>\n\t<meta property=\"og:image:width\" content=\"1200\" \/>\n\t<meta property=\"og:image:height\" content=\"774\" \/>\n\t<meta property=\"og:image:type\" content=\"image\/jpeg\" \/>\n<meta name=\"author\" content=\"epoch\" \/>\n<meta name=\"twitter:card\" content=\"summary_large_image\" \/>\n<meta name=\"twitter:creator\" content=\"@WirMachenAuf_de\" \/>\n<meta name=\"twitter:site\" content=\"@WirMachenAuf_de\" \/>\n<meta name=\"twitter:label1\" content=\"Verfasst von\" \/>\n\t<meta name=\"twitter:data1\" content=\"epoch\" \/>\n\t<meta name=\"twitter:label2\" content=\"Gesch\u00e4tzte Lesezeit\" \/>\n\t<meta name=\"twitter:data2\" content=\"4\u00a0Minuten\" \/>\n<script type=\"application\/ld+json\" class=\"yoast-schema-graph\">{\"@context\":\"https:\/\/schema.org\",\"@graph\":[{\"@type\":\"Article\",\"@id\":\"https:\/\/now-news.de\/de\/china\/chinesischer-student-wegen-angeblicher-verfolgung-und-belaestigung-eines-pro-demokratischen-aktivisten-in-boston-angeklagt\/#article\",\"isPartOf\":{\"@id\":\"https:\/\/now-news.de\/de\/china\/chinesischer-student-wegen-angeblicher-verfolgung-und-belaestigung-eines-pro-demokratischen-aktivisten-in-boston-angeklagt\/\"},\"author\":{\"name\":\"epoch\",\"@id\":\"https:\/\/now-news.de\/de\/#\/schema\/person\/c6dfcd35a72a074487761b9d49aef52f\"},\"headline\":\"Chinesischer Student wegen angeblicher Verfolgung und Bel\u00e4stigung eines pro-demokratischen Aktivisten in Boston angeklagt\",\"datePublished\":\"2023-01-11T17:09:39+00:00\",\"dateModified\":\"2023-01-11T17:09:39+00:00\",\"mainEntityOfPage\":{\"@id\":\"https:\/\/now-news.de\/de\/china\/chinesischer-student-wegen-angeblicher-verfolgung-und-belaestigung-eines-pro-demokratischen-aktivisten-in-boston-angeklagt\/\"},\"wordCount\":829,\"commentCount\":0,\"publisher\":{\"@id\":\"https:\/\/now-news.de\/de\/#organization\"},\"image\":{\"@id\":\"https:\/\/now-news.de\/de\/china\/chinesischer-student-wegen-angeblicher-verfolgung-und-belaestigung-eines-pro-demokratischen-aktivisten-in-boston-angeklagt\/#primaryimage\"},\"thumbnailUrl\":\"https:\/\/now-news.de\/de\/wp-content\/uploads\/sites\/3\/2022\/12\/1671125275_Das-FBI-verhaftet-einen-chinesischen-Musikstudenten-wegen-angeblicher-Drohung-gegen.jpg\",\"keywords\":[\"Aktivisten\",\"angeblicher\",\"angeklagt\",\"Bel\u00e4stigung\",\"Boston\",\"Chinesischer\",\"eines\",\"prodemokratischen\",\"Student\",\"und\",\"Verfolgung\",\"wegen\"],\"articleSection\":[\"China\"],\"inLanguage\":\"de\",\"potentialAction\":[{\"@type\":\"CommentAction\",\"name\":\"Comment\",\"target\":[\"https:\/\/now-news.de\/de\/china\/chinesischer-student-wegen-angeblicher-verfolgung-und-belaestigung-eines-pro-demokratischen-aktivisten-in-boston-angeklagt\/#respond\"]}]},{\"@type\":\"WebPage\",\"@id\":\"https:\/\/now-news.de\/de\/china\/chinesischer-student-wegen-angeblicher-verfolgung-und-belaestigung-eines-pro-demokratischen-aktivisten-in-boston-angeklagt\/\",\"url\":\"https:\/\/now-news.de\/de\/china\/chinesischer-student-wegen-angeblicher-verfolgung-und-belaestigung-eines-pro-demokratischen-aktivisten-in-boston-angeklagt\/\",\"name\":\"Chinesischer Student wegen angeblicher Verfolgung und Bel\u00e4stigung eines pro-demokratischen Aktivisten in Boston angeklagt - just-now.NEWS Deutschland\",\"isPartOf\":{\"@id\":\"https:\/\/now-news.de\/de\/#website\"},\"primaryImageOfPage\":{\"@id\":\"https:\/\/now-news.de\/de\/china\/chinesischer-student-wegen-angeblicher-verfolgung-und-belaestigung-eines-pro-demokratischen-aktivisten-in-boston-angeklagt\/#primaryimage\"},\"image\":{\"@id\":\"https:\/\/now-news.de\/de\/china\/chinesischer-student-wegen-angeblicher-verfolgung-und-belaestigung-eines-pro-demokratischen-aktivisten-in-boston-angeklagt\/#primaryimage\"},\"thumbnailUrl\":\"https:\/\/now-news.de\/de\/wp-content\/uploads\/sites\/3\/2022\/12\/1671125275_Das-FBI-verhaftet-einen-chinesischen-Musikstudenten-wegen-angeblicher-Drohung-gegen.jpg\",\"datePublished\":\"2023-01-11T17:09:39+00:00\",\"dateModified\":\"2023-01-11T17:09:39+00:00\",\"breadcrumb\":{\"@id\":\"https:\/\/now-news.de\/de\/china\/chinesischer-student-wegen-angeblicher-verfolgung-und-belaestigung-eines-pro-demokratischen-aktivisten-in-boston-angeklagt\/#breadcrumb\"},\"inLanguage\":\"de\",\"potentialAction\":[{\"@type\":\"ReadAction\",\"target\":[\"https:\/\/now-news.de\/de\/china\/chinesischer-student-wegen-angeblicher-verfolgung-und-belaestigung-eines-pro-demokratischen-aktivisten-in-boston-angeklagt\/\"]}]},{\"@type\":\"ImageObject\",\"inLanguage\":\"de\",\"@id\":\"https:\/\/now-news.de\/de\/china\/chinesischer-student-wegen-angeblicher-verfolgung-und-belaestigung-eines-pro-demokratischen-aktivisten-in-boston-angeklagt\/#primaryimage\",\"url\":\"https:\/\/now-news.de\/de\/wp-content\/uploads\/sites\/3\/2022\/12\/1671125275_Das-FBI-verhaftet-einen-chinesischen-Musikstudenten-wegen-angeblicher-Drohung-gegen.jpg\",\"contentUrl\":\"https:\/\/now-news.de\/de\/wp-content\/uploads\/sites\/3\/2022\/12\/1671125275_Das-FBI-verhaftet-einen-chinesischen-Musikstudenten-wegen-angeblicher-Drohung-gegen.jpg\",\"width\":1200,\"height\":774},{\"@type\":\"BreadcrumbList\",\"@id\":\"https:\/\/now-news.de\/de\/china\/chinesischer-student-wegen-angeblicher-verfolgung-und-belaestigung-eines-pro-demokratischen-aktivisten-in-boston-angeklagt\/#breadcrumb\",\"itemListElement\":[{\"@type\":\"ListItem\",\"position\":1,\"name\":\"Home\",\"item\":\"https:\/\/now-news.de\/de\/\"},{\"@type\":\"ListItem\",\"position\":2,\"name\":\"Chinesischer Student wegen angeblicher Verfolgung und Bel\u00e4stigung eines pro-demokratischen Aktivisten in Boston angeklagt\"}]},{\"@type\":\"WebSite\",\"@id\":\"https:\/\/now-news.de\/de\/#website\",\"url\":\"https:\/\/now-news.de\/de\/\",\"name\":\"just-now.NEWS Deutschland\",\"description\":\"Das Portal f\u00fcr unzensierte Nachrichten aus der Welt\",\"publisher\":{\"@id\":\"https:\/\/now-news.de\/de\/#organization\"},\"potentialAction\":[{\"@type\":\"SearchAction\",\"target\":{\"@type\":\"EntryPoint\",\"urlTemplate\":\"https:\/\/now-news.de\/de\/?s={search_term_string}\"},\"query-input\":\"required name=search_term_string\"}],\"inLanguage\":\"de\"},{\"@type\":\"Organization\",\"@id\":\"https:\/\/now-news.de\/de\/#organization\",\"name\":\"Just Now News\",\"url\":\"https:\/\/now-news.de\/de\/\",\"logo\":{\"@type\":\"ImageObject\",\"inLanguage\":\"de\",\"@id\":\"https:\/\/now-news.de\/de\/#\/schema\/logo\/image\/\",\"url\":\"http:\/\/just-now.news\/de\/wp-content\/uploads\/sites\/3\/2022\/04\/logo500x500.jpg\",\"contentUrl\":\"http:\/\/just-now.news\/de\/wp-content\/uploads\/sites\/3\/2022\/04\/logo500x500.jpg\",\"width\":500,\"height\":500,\"caption\":\"Just Now News\"},\"image\":{\"@id\":\"https:\/\/now-news.de\/de\/#\/schema\/logo\/image\/\"},\"sameAs\":[\"https:\/\/www.facebook.com\/wirmachenauf\",\"https:\/\/x.com\/WirMachenAuf_de\"]},{\"@type\":\"Person\",\"@id\":\"https:\/\/now-news.de\/de\/#\/schema\/person\/c6dfcd35a72a074487761b9d49aef52f\",\"name\":\"epoch\",\"image\":{\"@type\":\"ImageObject\",\"inLanguage\":\"de\",\"@id\":\"https:\/\/now-news.de\/de\/#\/schema\/person\/image\/\",\"url\":\"https:\/\/secure.gravatar.com\/avatar\/56933836307948e61ef581cc4d100335?s=96&d=mm&r=g\",\"contentUrl\":\"https:\/\/secure.gravatar.com\/avatar\/56933836307948e61ef581cc4d100335?s=96&d=mm&r=g\",\"caption\":\"epoch\"},\"url\":\"https:\/\/now-news.de\/de\/author\/epoch\/\"}]}<\/script>\n<!-- \/ Yoast SEO Premium plugin. -->","yoast_head_json":{"title":"Chinesischer Student wegen angeblicher Verfolgung und Bel\u00e4stigung eines pro-demokratischen Aktivisten in Boston angeklagt - just-now.NEWS Deutschland","robots":{"index":"index","follow":"follow","max-snippet":"max-snippet:-1","max-image-preview":"max-image-preview:large","max-video-preview":"max-video-preview:-1"},"canonical":"https:\/\/now-news.de\/de\/china\/chinesischer-student-wegen-angeblicher-verfolgung-und-belaestigung-eines-pro-demokratischen-aktivisten-in-boston-angeklagt\/","og_locale":"de_DE","og_type":"article","og_title":"Chinesischer Student wegen angeblicher Verfolgung und Bel\u00e4stigung eines pro-demokratischen Aktivisten in Boston angeklagt","og_description":"Ein chinesischer Student wurde im Zusammenhang mit angeblichem Stalking und Drohen eines st\u00e4ndigen Einwohners der USA angeklagt, der Flyer zur Unterst\u00fctzung der Demokratie in China verteilt hatte, gab das US-Justizministerium am 10. Januar bekannt. Wu Xiaolei, ein chinesischer Staatsb\u00fcrger, der am Berklee College of Music in Boston studiert, wurde laut DOJ von einer Grand Jury [&hellip;]","og_url":"https:\/\/now-news.de\/de\/china\/chinesischer-student-wegen-angeblicher-verfolgung-und-belaestigung-eines-pro-demokratischen-aktivisten-in-boston-angeklagt\/","og_site_name":"just-now.NEWS Deutschland","article_publisher":"https:\/\/www.facebook.com\/wirmachenauf","article_published_time":"2023-01-11T17:09:39+00:00","og_image":[{"width":1200,"height":774,"url":"https:\/\/now-news.de\/de\/wp-content\/uploads\/sites\/3\/2022\/12\/1671125275_Das-FBI-verhaftet-einen-chinesischen-Musikstudenten-wegen-angeblicher-Drohung-gegen.jpg","type":"image\/jpeg"}],"author":"epoch","twitter_card":"summary_large_image","twitter_creator":"@WirMachenAuf_de","twitter_site":"@WirMachenAuf_de","twitter_misc":{"Verfasst von":"epoch","Gesch\u00e4tzte Lesezeit":"4\u00a0Minuten"},"schema":{"@context":"https:\/\/schema.org","@graph":[{"@type":"Article","@id":"https:\/\/now-news.de\/de\/china\/chinesischer-student-wegen-angeblicher-verfolgung-und-belaestigung-eines-pro-demokratischen-aktivisten-in-boston-angeklagt\/#article","isPartOf":{"@id":"https:\/\/now-news.de\/de\/china\/chinesischer-student-wegen-angeblicher-verfolgung-und-belaestigung-eines-pro-demokratischen-aktivisten-in-boston-angeklagt\/"},"author":{"name":"epoch","@id":"https:\/\/now-news.de\/de\/#\/schema\/person\/c6dfcd35a72a074487761b9d49aef52f"},"headline":"Chinesischer Student wegen angeblicher Verfolgung und Bel\u00e4stigung eines pro-demokratischen Aktivisten in Boston angeklagt","datePublished":"2023-01-11T17:09:39+00:00","dateModified":"2023-01-11T17:09:39+00:00","mainEntityOfPage":{"@id":"https:\/\/now-news.de\/de\/china\/chinesischer-student-wegen-angeblicher-verfolgung-und-belaestigung-eines-pro-demokratischen-aktivisten-in-boston-angeklagt\/"},"wordCount":829,"commentCount":0,"publisher":{"@id":"https:\/\/now-news.de\/de\/#organization"},"image":{"@id":"https:\/\/now-news.de\/de\/china\/chinesischer-student-wegen-angeblicher-verfolgung-und-belaestigung-eines-pro-demokratischen-aktivisten-in-boston-angeklagt\/#primaryimage"},"thumbnailUrl":"https:\/\/now-news.de\/de\/wp-content\/uploads\/sites\/3\/2022\/12\/1671125275_Das-FBI-verhaftet-einen-chinesischen-Musikstudenten-wegen-angeblicher-Drohung-gegen.jpg","keywords":["Aktivisten","angeblicher","angeklagt","Bel\u00e4stigung","Boston","Chinesischer","eines","prodemokratischen","Student","und","Verfolgung","wegen"],"articleSection":["China"],"inLanguage":"de","potentialAction":[{"@type":"CommentAction","name":"Comment","target":["https:\/\/now-news.de\/de\/china\/chinesischer-student-wegen-angeblicher-verfolgung-und-belaestigung-eines-pro-demokratischen-aktivisten-in-boston-angeklagt\/#respond"]}]},{"@type":"WebPage","@id":"https:\/\/now-news.de\/de\/china\/chinesischer-student-wegen-angeblicher-verfolgung-und-belaestigung-eines-pro-demokratischen-aktivisten-in-boston-angeklagt\/","url":"https:\/\/now-news.de\/de\/china\/chinesischer-student-wegen-angeblicher-verfolgung-und-belaestigung-eines-pro-demokratischen-aktivisten-in-boston-angeklagt\/","name":"Chinesischer Student wegen angeblicher Verfolgung und Bel\u00e4stigung eines pro-demokratischen Aktivisten in Boston angeklagt - just-now.NEWS Deutschland","isPartOf":{"@id":"https:\/\/now-news.de\/de\/#website"},"primaryImageOfPage":{"@id":"https:\/\/now-news.de\/de\/china\/chinesischer-student-wegen-angeblicher-verfolgung-und-belaestigung-eines-pro-demokratischen-aktivisten-in-boston-angeklagt\/#primaryimage"},"image":{"@id":"https:\/\/now-news.de\/de\/china\/chinesischer-student-wegen-angeblicher-verfolgung-und-belaestigung-eines-pro-demokratischen-aktivisten-in-boston-angeklagt\/#primaryimage"},"thumbnailUrl":"https:\/\/now-news.de\/de\/wp-content\/uploads\/sites\/3\/2022\/12\/1671125275_Das-FBI-verhaftet-einen-chinesischen-Musikstudenten-wegen-angeblicher-Drohung-gegen.jpg","datePublished":"2023-01-11T17:09:39+00:00","dateModified":"2023-01-11T17:09:39+00:00","breadcrumb":{"@id":"https:\/\/now-news.de\/de\/china\/chinesischer-student-wegen-angeblicher-verfolgung-und-belaestigung-eines-pro-demokratischen-aktivisten-in-boston-angeklagt\/#breadcrumb"},"inLanguage":"de","potentialAction":[{"@type":"ReadAction","target":["https:\/\/now-news.de\/de\/china\/chinesischer-student-wegen-angeblicher-verfolgung-und-belaestigung-eines-pro-demokratischen-aktivisten-in-boston-angeklagt\/"]}]},{"@type":"ImageObject","inLanguage":"de","@id":"https:\/\/now-news.de\/de\/china\/chinesischer-student-wegen-angeblicher-verfolgung-und-belaestigung-eines-pro-demokratischen-aktivisten-in-boston-angeklagt\/#primaryimage","url":"https:\/\/now-news.de\/de\/wp-content\/uploads\/sites\/3\/2022\/12\/1671125275_Das-FBI-verhaftet-einen-chinesischen-Musikstudenten-wegen-angeblicher-Drohung-gegen.jpg","contentUrl":"https:\/\/now-news.de\/de\/wp-content\/uploads\/sites\/3\/2022\/12\/1671125275_Das-FBI-verhaftet-einen-chinesischen-Musikstudenten-wegen-angeblicher-Drohung-gegen.jpg","width":1200,"height":774},{"@type":"BreadcrumbList","@id":"https:\/\/now-news.de\/de\/china\/chinesischer-student-wegen-angeblicher-verfolgung-und-belaestigung-eines-pro-demokratischen-aktivisten-in-boston-angeklagt\/#breadcrumb","itemListElement":[{"@type":"ListItem","position":1,"name":"Home","item":"https:\/\/now-news.de\/de\/"},{"@type":"ListItem","position":2,"name":"Chinesischer Student wegen angeblicher Verfolgung und Bel\u00e4stigung eines pro-demokratischen Aktivisten in Boston angeklagt"}]},{"@type":"WebSite","@id":"https:\/\/now-news.de\/de\/#website","url":"https:\/\/now-news.de\/de\/","name":"just-now.NEWS Deutschland","description":"Das Portal f\u00fcr unzensierte Nachrichten aus der Welt","publisher":{"@id":"https:\/\/now-news.de\/de\/#organization"},"potentialAction":[{"@type":"SearchAction","target":{"@type":"EntryPoint","urlTemplate":"https:\/\/now-news.de\/de\/?s={search_term_string}"},"query-input":"required name=search_term_string"}],"inLanguage":"de"},{"@type":"Organization","@id":"https:\/\/now-news.de\/de\/#organization","name":"Just Now News","url":"https:\/\/now-news.de\/de\/","logo":{"@type":"ImageObject","inLanguage":"de","@id":"https:\/\/now-news.de\/de\/#\/schema\/logo\/image\/","url":"http:\/\/just-now.news\/de\/wp-content\/uploads\/sites\/3\/2022\/04\/logo500x500.jpg","contentUrl":"http:\/\/just-now.news\/de\/wp-content\/uploads\/sites\/3\/2022\/04\/logo500x500.jpg","width":500,"height":500,"caption":"Just Now News"},"image":{"@id":"https:\/\/now-news.de\/de\/#\/schema\/logo\/image\/"},"sameAs":["https:\/\/www.facebook.com\/wirmachenauf","https:\/\/x.com\/WirMachenAuf_de"]},{"@type":"Person","@id":"https:\/\/now-news.de\/de\/#\/schema\/person\/c6dfcd35a72a074487761b9d49aef52f","name":"epoch","image":{"@type":"ImageObject","inLanguage":"de","@id":"https:\/\/now-news.de\/de\/#\/schema\/person\/image\/","url":"https:\/\/secure.gravatar.com\/avatar\/56933836307948e61ef581cc4d100335?s=96&d=mm&r=g","contentUrl":"https:\/\/secure.gravatar.com\/avatar\/56933836307948e61ef581cc4d100335?s=96&d=mm&r=g","caption":"epoch"},"url":"https:\/\/now-news.de\/de\/author\/epoch\/"}]}},"_links":{"self":[{"href":"https:\/\/now-news.de\/de\/wp-json\/wp\/v2\/posts\/27435"}],"collection":[{"href":"https:\/\/now-news.de\/de\/wp-json\/wp\/v2\/posts"}],"about":[{"href":"https:\/\/now-news.de\/de\/wp-json\/wp\/v2\/types\/post"}],"author":[{"embeddable":true,"href":"https:\/\/now-news.de\/de\/wp-json\/wp\/v2\/users\/6"}],"replies":[{"embeddable":true,"href":"https:\/\/now-news.de\/de\/wp-json\/wp\/v2\/comments?post=27435"}],"version-history":[{"count":0,"href":"https:\/\/now-news.de\/de\/wp-json\/wp\/v2\/posts\/27435\/revisions"}],"wp:featuredmedia":[{"embeddable":true,"href":"https:\/\/now-news.de\/de\/wp-json\/wp\/v2\/media\/25534"}],"wp:attachment":[{"href":"https:\/\/now-news.de\/de\/wp-json\/wp\/v2\/media?parent=27435"}],"wp:term":[{"taxonomy":"category","embeddable":true,"href":"https:\/\/now-news.de\/de\/wp-json\/wp\/v2\/categories?post=27435"},{"taxonomy":"post_tag","embeddable":true,"href":"https:\/\/now-news.de\/de\/wp-json\/wp\/v2\/tags?post=27435"}],"curies":[{"name":"wp","href":"https:\/\/api.w.org\/{rel}","templated":true}]}}