{"id":27425,"date":"2023-01-11T18:19:41","date_gmt":"2023-01-11T16:19:41","guid":{"rendered":"http:\/\/just-now.news\/de\/deutschland\/luetzerath-gute-demo-kinder-schlechte-demo-kinder-das-elendige-leid-mit-der-doppelmoral\/"},"modified":"2023-01-11T18:19:41","modified_gmt":"2023-01-11T16:19:41","slug":"luetzerath-gute-demo-kinder-schlechte-demo-kinder-das-elendige-leid-mit-der-doppelmoral","status":"publish","type":"post","link":"https:\/\/now-news.de\/de\/deutschland\/luetzerath-gute-demo-kinder-schlechte-demo-kinder-das-elendige-leid-mit-der-doppelmoral\/","title":{"rendered":"L\u00fctzerath: Gute Demo-Kinder \u2013 schlechte Demo-Kinder? Das elendige Leid mit der Doppelmoral"},"content":{"rendered":"<p><img decoding=\"async\" src=\"http:\/\/just-now.news\/de\/wp-content\/uploads\/sites\/3\/2023\/01\/63be72bfb480cc5d027c7d80.jpg\" \/><\/p>\n<div class=\"Text-root Text-type_1 \">\n                Kinder zu einer &#8220;Corona-Demo&#8221; mitzunehmen, galt ann\u00e4hernd als Verbrechen. Die Eltern w\u00fcrden verantwortungslos handeln. Geht es um Klima-Demos, schaut es anders aus. Das Bild einer Familie im &#8220;Demo-Dorf&#8221; L\u00fctzerath nannte die Aktivistin Luisa Neubauer &#8220;wundersch\u00f6n&#8221;. Die Medien schweigen.\n            <\/div>\n<p><\/p>\n<div class=\"Text-root Text-type_5 ArticleView-text ViewText-root \">\n<p><em>Von Bernhard Loyen<\/em><\/p>\n<p>Es galt als ein kurzzeitiger Aufreger, als eines von so vielen k\u00fcnstlichen\u00a0Moralisierungen in der Corona-Krise. Medial den Zuschauern und Zuh\u00f6rern der \u00d6ffentlich-Rechtlichen-Fernseh- und Radiokan\u00e4le bewusst vorenthalten und verschwiegen, versuchten \u00fcber den gesamten Zeitraum der Jahre 2020 bis 2022 besorgte B\u00fcrger ihren \u00c4ngsten und N\u00f6ten, durch Veranstaltungen und Demonstrationen auf der Stra\u00dfe, Geh\u00f6r zu verschaffen.<\/p>\n<p>Nat\u00fcrlich wurden dabei auch Kinder und Jugendliche einbezogen, also auf entsprechende Events mitgenommen. Wer sich in Deutschland in der Corona-Krise gegen die politisch verordneten Ma\u00dfnahmen positionierte, f\u00fcr die im Grundgesetz niedergeschriebenen und tempor\u00e4r nachweislich ausgesetzten B\u00fcrgerrechte einsetzte, galt in orwellschem Umkehrverst\u00e4ndnis als zu bek\u00e4mpfender Demokratiefeind. Mediale Kampagnen flankierten den Tenor der Emp\u00f6rung in der verantwortlichen Politik. So lauteten Schlagzeilen jener Zeit:<\/p>\n<ul>\n<li><em>Deutschlandfunk<\/em>,\u00a0<a rel=\"nofollow noopener\" target=\"_blank\" href=\"https:\/\/www.deutschlandfunk.de\/polizeieinsatz-bei-querdenken-demo-der-veranstalter-nimmt-100.html\">18.11.2020<\/a>: &#8220;Polizeieinsatz bei Querdenken-Demo: Der Veranstalter nimmt bewusst Kinder mit in die Versammlung&#8221;<\/li>\n<li><em>S\u00fcddeutsche Zeitung<\/em>,\u00a0<a rel=\"nofollow noopener\" target=\"_blank\" href=\"https:\/\/www.sueddeutsche.de\/meinung\/schweinfurt-corona-proteste-kinder-1.5496219\">11.11.2020<\/a>: &#8220;Demo in Schweinfurt: Kinder haben bei Protesten nichts zu suchen&#8221;<\/li>\n<li><em>RND<\/em>,\u00a0<a rel=\"nofollow noopener\" target=\"_blank\" href=\"https:\/\/www.rnd.de\/panorama\/kinderschutzbund-besorgt-kinder-werden-auf-querdenker-demos-instrumentalisiert-477CW5TURLZSEQBKCC6USFWN7I.html\">15.04.2021<\/a>: &#8220;Kinderschutzbund besorgt \u2013 Kinder werden auf &#8220;Querdenker&#8221;-Demos instrumentalisiert&#8221;<\/li>\n<li><em>Der Spiegel<\/em>,\u00a0<a rel=\"nofollow noopener\" target=\"_blank\" href=\"https:\/\/www.spiegel.de\/panorama\/justiz\/querdenker-demonstration-in-berlin-kriminalbeamte-kritisieren-mitnahme-von-kindern-zu-querdenker-demos-a-ab84afd1-491e-42c8-91cd-ea29278865bc\">03.08.2021<\/a>: &#8220;Verbotene Veranstaltungen \u2013 Kriminalbeamte kritisieren Mitnahme von Kindern zu &#8216;Querdenker&#8217;-Demos&#8221;<\/li>\n<\/ul>\n<p>So k\u00f6nnte diese Listung einer gesellschaftlichen Wahrnehmung noch unkompliziert weitergef\u00fchrt werden. In den fr\u00fchen Morgenstunden des 11. Januar 2023 soll ein leer stehendes Dorf namens L\u00fctzerath in\u00a0Nordrhein-Westfalen ger\u00e4umt werden. Bewohner gibt es dort schon lange nicht mehr, daf\u00fcr aktuell sehr viele junge Menschen, die man sich \u00e4hnlich zahlreich und motiviert auf den &#8220;Corona-Demonstrationen&#8221; zur Sicherung auch ihrer demokratischen Lebensumst\u00e4nde gew\u00fcnscht h\u00e4tte.\u00a0<\/p>\n<p>Mir ist so weit nicht bekannt, dass ein bekannterer Protagonist der sogenannten &#8220;Querdenken-Bewegung&#8221; in der Phase gr\u00f6\u00dferer, wie auch kleinerer Proteste im Land, jemals die Chance bekam, beim Fernsehsender <em>Phoenix<\/em> ein pers\u00f6nliches Statement zu den Gr\u00fcnden seines Aktivismus abgeben zu k\u00f6nnen. Die in ihrer Szene bekannte Klimaaktivistin Lakshmi Thevasagayam durfte demgegen\u00fcber am 10. Januar <a rel=\"nofollow noopener\" target=\"_blank\" href=\"https:\/\/twitter.com\/phoenix_de\/status\/1612761729322074114\">ungest\u00f6rt und ununterbrochen<\/a> vom Moderator ihre aufschlussreiche Wahrnehmung darlegen. So berichtete sie emp\u00f6rt, \u00fcber die Umst\u00e4nde vor Ort, bei der seit Tagen andauernden Demonstration in L\u00fctzerath, die so eins zu eins auch meine mehrfachen Erfahrungswerte diverse Aufenthalte bei Corona-Demos widerspiegeln. Thevasagayam w\u00f6rtlich:<\/p>\n<ul>\n<li>Menschen mit Behinderung kommen zum Beispiel gar nicht mehr hier rein.<\/li>\n<li>Hier werden Busse angehalten, die sich zu einer angemeldeten Demonstration auf den Weg gemacht haben<\/li>\n<li>Sie werden angehalten, durchsucht \u2013 was ist das f\u00fcr ein Rechtsstaat, in dem wir leben, frage ich mich da?<\/li>\n<li>Wir haben leider immer wieder Polizeigewalt erfahren, gegen Menschen, die Menschenleben sch\u00fctzen wollen. Und das ist ja das Abstruse daran (\u2026)<\/li>\n<\/ul>\n<p>Man fragt sich, wo lebte die junge Frau im Zeitraum 2020 bis 2022? Erleben wir etwa ein exemplarisches Beispiel der gef\u00fcrchteten Doppelmoral, ausgehend eines rein fokussierten Eigeninteresses? Am 9. Januar kommentierte die aktuelle WEF-Teilnehmerin 2023 und im September 2022 vom US-Magazin\u00a0<em>Time<\/em>\u00a0<a rel=\"nofollow noopener\" target=\"_blank\" href=\"https:\/\/time.com\/collection\/time100-next-2022\/6213813\/luisa-neubauer\/\">frisch gek\u00fcrte<\/a>\u00a0&#8220;Top 100 &#8211;\u00a0aufstrebende Pers\u00f6nlichkeiten aus der ganzen Welt&#8221; &#8211; Kandidatin Luisa Neubauer, ein Bild des Twitter-Kanals der Aktionsgruppe:\u00a0L\u00fctzerath bleibt! \u2013 Tag X seit 3.1. Zu sehen eine f\u00fcnfk\u00f6pfige Familie, inklusive S\u00e4ugling. Zusammen stehen sie freundlich l\u00e4chelnd auf dem Gel\u00e4nde des der R\u00e4umung befindlichen Demonstrationsortes. Im Hintergrund erkennt der Betrachtende behelmte Polizisten einer Bundeseinheit. Frau Neubauer beschreibt es mit nur einem Wort:<\/p>\n<blockquote>\n<p><em>&#8220;Wundersch\u00f6n&#8221;<\/em><\/p>\n<\/blockquote>\n<div class=\"EmbedBlock-root EmbedBlock-twitter\">\n<div class=\"TwitterEmbed\">\n<blockquote class=\"twitter-tweet lazyload\" data-twitter=\"twitter-tweet\">\n<p lang=\"de\" dir=\"ltr\">Wundersch\u00f6n. <a rel=\"nofollow noopener\" target=\"_blank\" href=\"https:\/\/t.co\/ymkRA7dDA2\">https:\/\/t.co\/ymkRA7dDA2<\/a><\/p>\n<p>\u2014 Luisa Neubauer (@Luisamneubauer) <a rel=\"nofollow noopener\" target=\"_blank\" href=\"https:\/\/twitter.com\/Luisamneubauer\/status\/1612544079136714754?ref_src=twsrc%5Etfw\">January 9, 2023<\/a><\/p><\/blockquote>\n<\/div>\n<\/div>\n<p>Es folgen Zitate, also Wahrnehmungen, einer gesellschaftlichen Stimmungsmanipulation, zum Thema der Mitnahme von Kindern und Jugendlichen auf &#8220;Corona-Demonstrationen&#8221;:<\/p>\n<ul>\n<li><em>Solche bewusst eingegangenen\u00a0<a rel=\"nofollow noopener\" target=\"_blank\" href=\"https:\/\/www.rnd.de\/panorama\/kinderschutzbund-besorgt-kinder-werden-auf-querdenker-demos-instrumentalisiert-477CW5TURLZSEQBKCC6USFWN7I.html\">Kindeswohlgef\u00e4hrdungen<\/a>\u00a0seien nicht hinzunehmen (\u2026) Auch Jugendliche w\u00fcrden manipuliert.<\/em><\/li>\n<li><em>Sie merken also, dass hier auch bewusst mit dem\u00a0<a rel=\"nofollow noopener\" target=\"_blank\" href=\"https:\/\/www.deutschlandfunk.de\/polizeieinsatz-bei-querdenken-demo-der-veranstalter-nimmt-100.html\">Kindeswohl eine Provokation<\/a>\u00a0der Sicherheitskr\u00e4fte einhergeht, und ich glaube, da m\u00fcssen wir insgesamt, nicht nur die Genehmigungsbeh\u00f6rden, nicht nur die Polizei, sondern die gesamte Gesellschaft muss sich mit diesem Veranstalter auseinandersetzen.<\/em><\/li>\n<li><em>Wer seine kleinen T\u00f6chter und S\u00f6hne auf gewaltt\u00e4tige Demonstrationen gegen Corona-Ma\u00dfnahmen mitnimmt, handelt verantwortungslos und\u00a0<a rel=\"nofollow noopener\" target=\"_blank\" href=\"https:\/\/www.sueddeutsche.de\/meinung\/schweinfurt-corona-proteste-kinder-1.5496219\">gef\u00e4hrdet das Kindeswohl.<\/a><\/em><\/li>\n<li><em>Verbotene Demonstrationen sind\u00a0<a rel=\"nofollow noopener\" target=\"_blank\" href=\"https:\/\/www.spiegel.de\/panorama\/justiz\/querdenker-demonstration-in-berlin-kriminalbeamte-kritisieren-mitnahme-von-kindern-zu-querdenker-demos-a-ab84afd1-491e-42c8-91cd-ea29278865bc\">weder Kinderspielplatz<\/a>\u00a0noch sinnvolle Freizeitbesch\u00e4ftigung f\u00fcr Jugendliche (\u2026)<\/em><\/li>\n<\/ul>\n<p>Auf keinem der grob gesch\u00e4tzten 25 Demonstrationsbesuche meinerseits in den Jahren 2020 bis 2022 habe ich auch nur einmal bewusste Gewaltprovokationen seitens der Demonstranten erlebt oder beobachtet. Am 11. Januar 2023 twitterte die Polizei Nordrhein-Westfalen innerhalb k\u00fcrzester Zeit zu den aktuellen Ereignissen rund um L\u00fctzerath in mehreren Meldungen:<\/p>\n<blockquote>\n<p><em>&#8220;Unterlassen Sie sofort das Werfen von Molotow-Cocktails. Verhalten Sie sich friedlich und\u00a0<a rel=\"nofollow noopener\" target=\"_blank\" href=\"https:\/\/twitter.com\/Polizei_NRW_AC\/status\/1613086631560454145\">gewaltfrei<\/a>!<\/em><br \/><em>In L\u00fctzerath werden\u00a0<a rel=\"nofollow noopener\" target=\"_blank\" href=\"https:\/\/twitter.com\/Polizei_NRW_AC\/status\/1613084810460684291\">Steine und Pyrotechnik<\/a>\u00a0in Richtung der Einsatzkr\u00e4fte geworfen. Weitere gelagerte Wurfgeschosse wurden gefunden. Unser Appell: Verhalten Sie sich friedlich. Befolgen Sie die Anweisungen der Einsatzkr\u00e4fte.<\/em><br \/><em>In L\u00fctzerath befinden sich\u00a0<a rel=\"nofollow noopener\" target=\"_blank\" href=\"https:\/\/twitter.com\/Polizei_NRW_AC\/status\/1613110191930707970\">Kleinkinder<\/a>. Aufgrund weitreichender Gefahren im Einsatzraum, appelliert die Polizei Aachen an die Erziehungsberechtigten, den Bereich umgehend mit ihren Kindern zu verlassen.&#8221;<\/em><\/p>\n<\/blockquote>\n<div class=\"EmbedBlock-root EmbedBlock-twitter\">\n<div class=\"TwitterEmbed\">\n<blockquote class=\"twitter-tweet lazyload\" data-twitter=\"twitter-tweet\">\n<p lang=\"de\" dir=\"ltr\">Erstmals Molotov Cocktail Wurf auf Polizei in L\u00fctzerath <a rel=\"nofollow noopener\" target=\"_blank\" href=\"https:\/\/t.co\/WWVNlsJF2u\">pic.twitter.com\/WWVNlsJF2u<\/a><\/p>\n<p>\u2014 Jan A. Karon (@jannibal_) <a rel=\"nofollow noopener\" target=\"_blank\" href=\"https:\/\/twitter.com\/jannibal_\/status\/1613086170514161664?ref_src=twsrc%5Etfw\">January 11, 2023<\/a><\/p><\/blockquote>\n<\/div>\n<\/div>\n<div class=\"EmbedBlock-root EmbedBlock-twitter\">\n<div class=\"TwitterEmbed\">\n<blockquote class=\"twitter-tweet lazyload\" data-twitter=\"twitter-tweet\">\n<p lang=\"de\" dir=\"ltr\">Die \u201efriedlichen Aktivisten\u201c &amp; die \u201eb\u00f6se Polizei\u201c. W\u00e4ren da die Steine nicht. <a rel=\"nofollow noopener\" target=\"_blank\" href=\"https:\/\/twitter.com\/hashtag\/L%C3%BCtzerath?src=hash&amp;ref_src=twsrc%5Etfw\">#L\u00fctzerath<\/a><a rel=\"nofollow noopener\" target=\"_blank\" href=\"https:\/\/t.co\/VjL7xz7Qva\">pic.twitter.com\/VjL7xz7Qva<\/a><\/p>\n<p>\u2014 Julius B\u00f6hm (@julius__boehm) <a rel=\"nofollow noopener\" target=\"_blank\" href=\"https:\/\/twitter.com\/julius__boehm\/status\/1613081086363410432?ref_src=twsrc%5Etfw\">January 11, 2023<\/a><\/p><\/blockquote>\n<\/div>\n<\/div>\n<p>Die kommenden Tage werden nun zeigen, wie diese provozierenden Eskalationen seitens der Medien und auch der Politik wahrgenommen werden wollen. Es geht den jugendlichen Demonstranten ja um das wichtige Thema Klima, nicht um die eher nebens\u00e4chliche Tatsache eines kontinuierlichen Demokratieabbaus in diesem Land. Timon Dzienus, der Bundessprecher der\u00a0Gr\u00fcnen Jugend, ist schon einmal irritiert. Er\u00a0<a rel=\"nofollow noopener\" target=\"_blank\" href=\"https:\/\/twitter.com\/Dzienus\/status\/1613084821881774081\">stellte<\/a>\u00a0kommentierend auf Twitter zu aktuellen Bildern aus L\u00fctzerath fest:<\/p>\n<blockquote>\n<p><em>&#8220;Selten so viel Polizei gesehen: Mit Deeskalation hat das hier wenig zu tun.&#8221;<\/em><\/p>\n<\/blockquote>\n<p>Deeskalation vonseiten der Demonstranten oder der Staatsmacht? Im April 2021\u00a0<a rel=\"nofollow noopener\" target=\"_blank\" href=\"https:\/\/mobile.twitter.com\/dzienus\/status\/1378715225705361422\">posaunte<\/a>\u00a0er mit jugendlicher Inbrunst: &#8220;Wie man mit &#8220;Querdenken-Demos&#8221; umgeht? Richtig, man verbietet sie&#8221;. George Orwell nannte dieses Ph\u00e4nomen, in Bezug einer Doppel-Wahrnehmung zu friedlichen\/gewaltt\u00e4tigen Demonstrationen, in seinem Roman 1984 &#8220;Zwiedenken&#8221;,\u00a0zwei einander widersprechende Denkweisen gleichzeitig als wahr zu akzeptieren.<\/p>\n<p>Wird Frau Neubauer die Gewalt in L\u00fctzerath zeitnah verurteilen? Was werden wir von Ricarda Lang,\u00a0Bundesvorsitzende von B\u00fcndnis 90\/Die Gr\u00fcnen, zu der Anwesenheit von Kindern schlaues zu h\u00f6ren bekommen? Wird es einen ARD-Brennpunkt geben? M\u00f6glicher Titel: &#8220;Klima-Kinder, als Schutzschild\u00a0<a rel=\"nofollow noopener\" target=\"_blank\" href=\"https:\/\/www.fr.de\/meinung\/kommentare\/schweinfurt-corona-demo-kind-schutzschild-missbrauch-spaltung-intoleranz-kommentar-91202920.html\">missbraucht<\/a>\u00a0\u2013 Was die Gesellschaft wirklich spaltet&#8221;. Michael Ballweg, kontrovers wahrgenommener Kopf der Querdenken-Bewegung und Demonstrations-Anmelder, sitzt seit dem 29. Juni 2022, aufgrund rein willk\u00fcrlicher und fadenscheiniger\u00a0Begr\u00fcndungen,\u00a0in der Justizvollzugsanstalt Stuttgart-Stammheim ein. Bekannt als RAF-, also Terroristen-Gef\u00e4ngnis.\u00a0<\/p>\n<p>Wir d\u00fcrfen daher gespannt sein, zum Thema staatliche Ma\u00dfnahmen und mediale Kommentierungen, Bezug nehmend m\u00f6glicher Repressionen gegen Veranstalter und unterst\u00fctzende Besucher der eskalierenden Demonstrationsereignisse in L\u00fctzerath.<\/p>\n<p><strong>Mehr zum Thema <\/strong>&#8211;\u00a0<a rel=\"nofollow noopener\" target=\"_blank\" href=\"https:\/\/pressefreiheit.rtde.tech\/meinung\/158808-freiheit-fuer-michael-ballweg-justiz\/\">Freiheit f\u00fcr Michael Ballweg \u2013 Justiz gegen Demokratiebewegung<\/a><\/p>\n<\/div>\n<p><script async src=\"https:\/\/platform.twitter.com\/widgets.js\" charset=\"utf-8\"><\/script><br \/>\n<br \/><br \/>\n<br \/><a href=\"https:\/\/de.rt.com\/meinung\/159505-luetzerath-gute-demo-kinder-schlechte\/\">Source link <\/a><\/p>\n","protected":false},"excerpt":{"rendered":"<p>Kinder zu einer &#8220;Corona-Demo&#8221; mitzunehmen, galt ann\u00e4hernd als Verbrechen. Die Eltern w\u00fcrden verantwortungslos handeln. Geht es um Klima-Demos, schaut es anders aus. Das Bild einer Familie im &#8220;Demo-Dorf&#8221; L\u00fctzerath nannte die Aktivistin Luisa Neubauer &#8220;wundersch\u00f6n&#8221;. Die Medien schweigen. Von Bernhard Loyen Es galt als ein kurzzeitiger Aufreger, als eines von so vielen k\u00fcnstlichen\u00a0Moralisierungen in der [&hellip;]<\/p>\n","protected":false},"author":3,"featured_media":27426,"comment_status":"open","ping_status":"open","sticky":false,"template":"","format":"standard","meta":{"_yoast_indexnow_last_ping":["1673454774"],"wp_automatic_camp":["217"],"85eed5b8dafffc8bff5bcdf75c241b42":["L\u00fctzerath: Gute Demo-Kinder \u2013 schlechte Demo-Kinder? Das elendige Leid mit der Doppelmoral"],"original_link":["https:\/\/de.rt.com\/meinung\/159505-luetzerath-gute-demo-kinder-schlechte\/"],"_thumbnail_id":["27426"],"_wptgpro_p2tg_sent2tg":["a:1:{i:23737;s:19:\"2023-01-11 18:34:10\";}"],"jnews_social_counter_last_update":["1777266142"]},"categories":[19,23],"tags":[427,38858,82,5977,38859,20636,26693,38382,419,20133],"yoast_head":"<!-- This site is optimized with the Yoast SEO Premium plugin v22.7 (Yoast SEO v22.7) - https:\/\/yoast.com\/wordpress\/plugins\/seo\/ -->\n<title>L\u00fctzerath: Gute Demo-Kinder \u2013 schlechte Demo-Kinder? Das elendige Leid mit der Doppelmoral - just-now.NEWS Deutschland<\/title>\n<meta name=\"robots\" content=\"index, follow, max-snippet:-1, max-image-preview:large, max-video-preview:-1\" \/>\n<link rel=\"canonical\" href=\"https:\/\/now-news.de\/de\/deutschland\/luetzerath-gute-demo-kinder-schlechte-demo-kinder-das-elendige-leid-mit-der-doppelmoral\/\" \/>\n<meta property=\"og:locale\" content=\"de_DE\" \/>\n<meta property=\"og:type\" content=\"article\" \/>\n<meta property=\"og:title\" content=\"L\u00fctzerath: Gute Demo-Kinder \u2013 schlechte Demo-Kinder? Das elendige Leid mit der Doppelmoral\" \/>\n<meta property=\"og:description\" content=\"Kinder zu einer &#8220;Corona-Demo&#8221; mitzunehmen, galt ann\u00e4hernd als Verbrechen. Die Eltern w\u00fcrden verantwortungslos handeln. Geht es um Klima-Demos, schaut es anders aus. Das Bild einer Familie im &#8220;Demo-Dorf&#8221; L\u00fctzerath nannte die Aktivistin Luisa Neubauer &#8220;wundersch\u00f6n&#8221;. Die Medien schweigen. Von Bernhard Loyen Es galt als ein kurzzeitiger Aufreger, als eines von so vielen k\u00fcnstlichen\u00a0Moralisierungen in der [&hellip;]\" \/>\n<meta property=\"og:url\" content=\"https:\/\/now-news.de\/de\/deutschland\/luetzerath-gute-demo-kinder-schlechte-demo-kinder-das-elendige-leid-mit-der-doppelmoral\/\" \/>\n<meta property=\"og:site_name\" content=\"just-now.NEWS Deutschland\" \/>\n<meta property=\"article:publisher\" content=\"https:\/\/www.facebook.com\/wirmachenauf\" \/>\n<meta property=\"article:published_time\" content=\"2023-01-11T16:19:41+00:00\" \/>\n<meta property=\"og:image\" content=\"https:\/\/now-news.de\/de\/wp-content\/uploads\/sites\/3\/2023\/01\/Luetzerath-Gute-Demo-Kinder-\u2013-schlechte-Demo-Kinder-Das-elendige-Leid-mit.jpg\" \/>\n\t<meta property=\"og:image:width\" content=\"460\" \/>\n\t<meta property=\"og:image:height\" content=\"259\" \/>\n\t<meta property=\"og:image:type\" content=\"image\/jpeg\" \/>\n<meta name=\"author\" content=\"rtnews\" \/>\n<meta name=\"twitter:card\" content=\"summary_large_image\" \/>\n<meta name=\"twitter:creator\" content=\"@WirMachenAuf_de\" \/>\n<meta name=\"twitter:site\" content=\"@WirMachenAuf_de\" \/>\n<meta name=\"twitter:label1\" content=\"Verfasst von\" \/>\n\t<meta name=\"twitter:data1\" content=\"rtnews\" \/>\n\t<meta name=\"twitter:label2\" content=\"Gesch\u00e4tzte Lesezeit\" \/>\n\t<meta name=\"twitter:data2\" content=\"6\u00a0Minuten\" \/>\n<script type=\"application\/ld+json\" class=\"yoast-schema-graph\">{\"@context\":\"https:\/\/schema.org\",\"@graph\":[{\"@type\":\"Article\",\"@id\":\"https:\/\/now-news.de\/de\/deutschland\/luetzerath-gute-demo-kinder-schlechte-demo-kinder-das-elendige-leid-mit-der-doppelmoral\/#article\",\"isPartOf\":{\"@id\":\"https:\/\/now-news.de\/de\/deutschland\/luetzerath-gute-demo-kinder-schlechte-demo-kinder-das-elendige-leid-mit-der-doppelmoral\/\"},\"author\":{\"name\":\"rtnews\",\"@id\":\"https:\/\/now-news.de\/de\/#\/schema\/person\/fb534a4e865501d8b3285208df34a9b5\"},\"headline\":\"L\u00fctzerath: Gute Demo-Kinder \u2013 schlechte Demo-Kinder? Das elendige Leid mit der Doppelmoral\",\"datePublished\":\"2023-01-11T16:19:41+00:00\",\"dateModified\":\"2023-01-11T16:19:41+00:00\",\"mainEntityOfPage\":{\"@id\":\"https:\/\/now-news.de\/de\/deutschland\/luetzerath-gute-demo-kinder-schlechte-demo-kinder-das-elendige-leid-mit-der-doppelmoral\/\"},\"wordCount\":1127,\"commentCount\":0,\"publisher\":{\"@id\":\"https:\/\/now-news.de\/de\/#organization\"},\"image\":{\"@id\":\"https:\/\/now-news.de\/de\/deutschland\/luetzerath-gute-demo-kinder-schlechte-demo-kinder-das-elendige-leid-mit-der-doppelmoral\/#primaryimage\"},\"thumbnailUrl\":\"https:\/\/now-news.de\/de\/wp-content\/uploads\/sites\/3\/2023\/01\/Luetzerath-Gute-Demo-Kinder-\u2013-schlechte-Demo-Kinder-Das-elendige-Leid-mit.jpg\",\"keywords\":[\"das\",\"DemoKinder\",\"der\",\"Doppelmoral\",\"elendige\",\"Gute\",\"leid\",\"L\u00fctzerath\",\"mit\",\"schlechte\"],\"articleSection\":[\"Deutschland\",\"Russland\"],\"inLanguage\":\"de\",\"potentialAction\":[{\"@type\":\"CommentAction\",\"name\":\"Comment\",\"target\":[\"https:\/\/now-news.de\/de\/deutschland\/luetzerath-gute-demo-kinder-schlechte-demo-kinder-das-elendige-leid-mit-der-doppelmoral\/#respond\"]}]},{\"@type\":\"WebPage\",\"@id\":\"https:\/\/now-news.de\/de\/deutschland\/luetzerath-gute-demo-kinder-schlechte-demo-kinder-das-elendige-leid-mit-der-doppelmoral\/\",\"url\":\"https:\/\/now-news.de\/de\/deutschland\/luetzerath-gute-demo-kinder-schlechte-demo-kinder-das-elendige-leid-mit-der-doppelmoral\/\",\"name\":\"L\u00fctzerath: Gute Demo-Kinder \u2013 schlechte Demo-Kinder? Das elendige Leid mit der Doppelmoral - just-now.NEWS Deutschland\",\"isPartOf\":{\"@id\":\"https:\/\/now-news.de\/de\/#website\"},\"primaryImageOfPage\":{\"@id\":\"https:\/\/now-news.de\/de\/deutschland\/luetzerath-gute-demo-kinder-schlechte-demo-kinder-das-elendige-leid-mit-der-doppelmoral\/#primaryimage\"},\"image\":{\"@id\":\"https:\/\/now-news.de\/de\/deutschland\/luetzerath-gute-demo-kinder-schlechte-demo-kinder-das-elendige-leid-mit-der-doppelmoral\/#primaryimage\"},\"thumbnailUrl\":\"https:\/\/now-news.de\/de\/wp-content\/uploads\/sites\/3\/2023\/01\/Luetzerath-Gute-Demo-Kinder-\u2013-schlechte-Demo-Kinder-Das-elendige-Leid-mit.jpg\",\"datePublished\":\"2023-01-11T16:19:41+00:00\",\"dateModified\":\"2023-01-11T16:19:41+00:00\",\"breadcrumb\":{\"@id\":\"https:\/\/now-news.de\/de\/deutschland\/luetzerath-gute-demo-kinder-schlechte-demo-kinder-das-elendige-leid-mit-der-doppelmoral\/#breadcrumb\"},\"inLanguage\":\"de\",\"potentialAction\":[{\"@type\":\"ReadAction\",\"target\":[\"https:\/\/now-news.de\/de\/deutschland\/luetzerath-gute-demo-kinder-schlechte-demo-kinder-das-elendige-leid-mit-der-doppelmoral\/\"]}]},{\"@type\":\"ImageObject\",\"inLanguage\":\"de\",\"@id\":\"https:\/\/now-news.de\/de\/deutschland\/luetzerath-gute-demo-kinder-schlechte-demo-kinder-das-elendige-leid-mit-der-doppelmoral\/#primaryimage\",\"url\":\"https:\/\/now-news.de\/de\/wp-content\/uploads\/sites\/3\/2023\/01\/Luetzerath-Gute-Demo-Kinder-\u2013-schlechte-Demo-Kinder-Das-elendige-Leid-mit.jpg\",\"contentUrl\":\"https:\/\/now-news.de\/de\/wp-content\/uploads\/sites\/3\/2023\/01\/Luetzerath-Gute-Demo-Kinder-\u2013-schlechte-Demo-Kinder-Das-elendige-Leid-mit.jpg\",\"width\":460,\"height\":259,\"caption\":\"L\u00fctzerath: Gute Demo-Kinder \u2013 schlechte Demo-Kinder? Das elendige Leid mit der Doppelmoral\"},{\"@type\":\"BreadcrumbList\",\"@id\":\"https:\/\/now-news.de\/de\/deutschland\/luetzerath-gute-demo-kinder-schlechte-demo-kinder-das-elendige-leid-mit-der-doppelmoral\/#breadcrumb\",\"itemListElement\":[{\"@type\":\"ListItem\",\"position\":1,\"name\":\"Home\",\"item\":\"https:\/\/now-news.de\/de\/\"},{\"@type\":\"ListItem\",\"position\":2,\"name\":\"L\u00fctzerath: Gute Demo-Kinder \u2013 schlechte Demo-Kinder? Das elendige Leid mit der Doppelmoral\"}]},{\"@type\":\"WebSite\",\"@id\":\"https:\/\/now-news.de\/de\/#website\",\"url\":\"https:\/\/now-news.de\/de\/\",\"name\":\"just-now.NEWS Deutschland\",\"description\":\"Das Portal f\u00fcr unzensierte Nachrichten aus der Welt\",\"publisher\":{\"@id\":\"https:\/\/now-news.de\/de\/#organization\"},\"potentialAction\":[{\"@type\":\"SearchAction\",\"target\":{\"@type\":\"EntryPoint\",\"urlTemplate\":\"https:\/\/now-news.de\/de\/?s={search_term_string}\"},\"query-input\":\"required name=search_term_string\"}],\"inLanguage\":\"de\"},{\"@type\":\"Organization\",\"@id\":\"https:\/\/now-news.de\/de\/#organization\",\"name\":\"Just Now News\",\"url\":\"https:\/\/now-news.de\/de\/\",\"logo\":{\"@type\":\"ImageObject\",\"inLanguage\":\"de\",\"@id\":\"https:\/\/now-news.de\/de\/#\/schema\/logo\/image\/\",\"url\":\"http:\/\/just-now.news\/de\/wp-content\/uploads\/sites\/3\/2022\/04\/logo500x500.jpg\",\"contentUrl\":\"http:\/\/just-now.news\/de\/wp-content\/uploads\/sites\/3\/2022\/04\/logo500x500.jpg\",\"width\":500,\"height\":500,\"caption\":\"Just Now News\"},\"image\":{\"@id\":\"https:\/\/now-news.de\/de\/#\/schema\/logo\/image\/\"},\"sameAs\":[\"https:\/\/www.facebook.com\/wirmachenauf\",\"https:\/\/x.com\/WirMachenAuf_de\"]},{\"@type\":\"Person\",\"@id\":\"https:\/\/now-news.de\/de\/#\/schema\/person\/fb534a4e865501d8b3285208df34a9b5\",\"name\":\"rtnews\",\"image\":{\"@type\":\"ImageObject\",\"inLanguage\":\"de\",\"@id\":\"https:\/\/now-news.de\/de\/#\/schema\/person\/image\/\",\"url\":\"https:\/\/secure.gravatar.com\/avatar\/82aafea7d8127119dd649515f56e2117?s=96&d=mm&r=g\",\"contentUrl\":\"https:\/\/secure.gravatar.com\/avatar\/82aafea7d8127119dd649515f56e2117?s=96&d=mm&r=g\",\"caption\":\"rtnews\"},\"url\":\"https:\/\/now-news.de\/de\/author\/rnews\/\"}]}<\/script>\n<!-- \/ Yoast SEO Premium plugin. -->","yoast_head_json":{"title":"L\u00fctzerath: Gute Demo-Kinder \u2013 schlechte Demo-Kinder? Das elendige Leid mit der Doppelmoral - just-now.NEWS Deutschland","robots":{"index":"index","follow":"follow","max-snippet":"max-snippet:-1","max-image-preview":"max-image-preview:large","max-video-preview":"max-video-preview:-1"},"canonical":"https:\/\/now-news.de\/de\/deutschland\/luetzerath-gute-demo-kinder-schlechte-demo-kinder-das-elendige-leid-mit-der-doppelmoral\/","og_locale":"de_DE","og_type":"article","og_title":"L\u00fctzerath: Gute Demo-Kinder \u2013 schlechte Demo-Kinder? Das elendige Leid mit der Doppelmoral","og_description":"Kinder zu einer &#8220;Corona-Demo&#8221; mitzunehmen, galt ann\u00e4hernd als Verbrechen. Die Eltern w\u00fcrden verantwortungslos handeln. Geht es um Klima-Demos, schaut es anders aus. Das Bild einer Familie im &#8220;Demo-Dorf&#8221; L\u00fctzerath nannte die Aktivistin Luisa Neubauer &#8220;wundersch\u00f6n&#8221;. Die Medien schweigen. Von Bernhard Loyen Es galt als ein kurzzeitiger Aufreger, als eines von so vielen k\u00fcnstlichen\u00a0Moralisierungen in der [&hellip;]","og_url":"https:\/\/now-news.de\/de\/deutschland\/luetzerath-gute-demo-kinder-schlechte-demo-kinder-das-elendige-leid-mit-der-doppelmoral\/","og_site_name":"just-now.NEWS Deutschland","article_publisher":"https:\/\/www.facebook.com\/wirmachenauf","article_published_time":"2023-01-11T16:19:41+00:00","og_image":[{"width":460,"height":259,"url":"https:\/\/now-news.de\/de\/wp-content\/uploads\/sites\/3\/2023\/01\/Luetzerath-Gute-Demo-Kinder-\u2013-schlechte-Demo-Kinder-Das-elendige-Leid-mit.jpg","type":"image\/jpeg"}],"author":"rtnews","twitter_card":"summary_large_image","twitter_creator":"@WirMachenAuf_de","twitter_site":"@WirMachenAuf_de","twitter_misc":{"Verfasst von":"rtnews","Gesch\u00e4tzte Lesezeit":"6\u00a0Minuten"},"schema":{"@context":"https:\/\/schema.org","@graph":[{"@type":"Article","@id":"https:\/\/now-news.de\/de\/deutschland\/luetzerath-gute-demo-kinder-schlechte-demo-kinder-das-elendige-leid-mit-der-doppelmoral\/#article","isPartOf":{"@id":"https:\/\/now-news.de\/de\/deutschland\/luetzerath-gute-demo-kinder-schlechte-demo-kinder-das-elendige-leid-mit-der-doppelmoral\/"},"author":{"name":"rtnews","@id":"https:\/\/now-news.de\/de\/#\/schema\/person\/fb534a4e865501d8b3285208df34a9b5"},"headline":"L\u00fctzerath: Gute Demo-Kinder \u2013 schlechte Demo-Kinder? Das elendige Leid mit der Doppelmoral","datePublished":"2023-01-11T16:19:41+00:00","dateModified":"2023-01-11T16:19:41+00:00","mainEntityOfPage":{"@id":"https:\/\/now-news.de\/de\/deutschland\/luetzerath-gute-demo-kinder-schlechte-demo-kinder-das-elendige-leid-mit-der-doppelmoral\/"},"wordCount":1127,"commentCount":0,"publisher":{"@id":"https:\/\/now-news.de\/de\/#organization"},"image":{"@id":"https:\/\/now-news.de\/de\/deutschland\/luetzerath-gute-demo-kinder-schlechte-demo-kinder-das-elendige-leid-mit-der-doppelmoral\/#primaryimage"},"thumbnailUrl":"https:\/\/now-news.de\/de\/wp-content\/uploads\/sites\/3\/2023\/01\/Luetzerath-Gute-Demo-Kinder-\u2013-schlechte-Demo-Kinder-Das-elendige-Leid-mit.jpg","keywords":["das","DemoKinder","der","Doppelmoral","elendige","Gute","leid","L\u00fctzerath","mit","schlechte"],"articleSection":["Deutschland","Russland"],"inLanguage":"de","potentialAction":[{"@type":"CommentAction","name":"Comment","target":["https:\/\/now-news.de\/de\/deutschland\/luetzerath-gute-demo-kinder-schlechte-demo-kinder-das-elendige-leid-mit-der-doppelmoral\/#respond"]}]},{"@type":"WebPage","@id":"https:\/\/now-news.de\/de\/deutschland\/luetzerath-gute-demo-kinder-schlechte-demo-kinder-das-elendige-leid-mit-der-doppelmoral\/","url":"https:\/\/now-news.de\/de\/deutschland\/luetzerath-gute-demo-kinder-schlechte-demo-kinder-das-elendige-leid-mit-der-doppelmoral\/","name":"L\u00fctzerath: Gute Demo-Kinder \u2013 schlechte Demo-Kinder? Das elendige Leid mit der Doppelmoral - just-now.NEWS Deutschland","isPartOf":{"@id":"https:\/\/now-news.de\/de\/#website"},"primaryImageOfPage":{"@id":"https:\/\/now-news.de\/de\/deutschland\/luetzerath-gute-demo-kinder-schlechte-demo-kinder-das-elendige-leid-mit-der-doppelmoral\/#primaryimage"},"image":{"@id":"https:\/\/now-news.de\/de\/deutschland\/luetzerath-gute-demo-kinder-schlechte-demo-kinder-das-elendige-leid-mit-der-doppelmoral\/#primaryimage"},"thumbnailUrl":"https:\/\/now-news.de\/de\/wp-content\/uploads\/sites\/3\/2023\/01\/Luetzerath-Gute-Demo-Kinder-\u2013-schlechte-Demo-Kinder-Das-elendige-Leid-mit.jpg","datePublished":"2023-01-11T16:19:41+00:00","dateModified":"2023-01-11T16:19:41+00:00","breadcrumb":{"@id":"https:\/\/now-news.de\/de\/deutschland\/luetzerath-gute-demo-kinder-schlechte-demo-kinder-das-elendige-leid-mit-der-doppelmoral\/#breadcrumb"},"inLanguage":"de","potentialAction":[{"@type":"ReadAction","target":["https:\/\/now-news.de\/de\/deutschland\/luetzerath-gute-demo-kinder-schlechte-demo-kinder-das-elendige-leid-mit-der-doppelmoral\/"]}]},{"@type":"ImageObject","inLanguage":"de","@id":"https:\/\/now-news.de\/de\/deutschland\/luetzerath-gute-demo-kinder-schlechte-demo-kinder-das-elendige-leid-mit-der-doppelmoral\/#primaryimage","url":"https:\/\/now-news.de\/de\/wp-content\/uploads\/sites\/3\/2023\/01\/Luetzerath-Gute-Demo-Kinder-\u2013-schlechte-Demo-Kinder-Das-elendige-Leid-mit.jpg","contentUrl":"https:\/\/now-news.de\/de\/wp-content\/uploads\/sites\/3\/2023\/01\/Luetzerath-Gute-Demo-Kinder-\u2013-schlechte-Demo-Kinder-Das-elendige-Leid-mit.jpg","width":460,"height":259,"caption":"L\u00fctzerath: Gute Demo-Kinder \u2013 schlechte Demo-Kinder? Das elendige Leid mit der Doppelmoral"},{"@type":"BreadcrumbList","@id":"https:\/\/now-news.de\/de\/deutschland\/luetzerath-gute-demo-kinder-schlechte-demo-kinder-das-elendige-leid-mit-der-doppelmoral\/#breadcrumb","itemListElement":[{"@type":"ListItem","position":1,"name":"Home","item":"https:\/\/now-news.de\/de\/"},{"@type":"ListItem","position":2,"name":"L\u00fctzerath: Gute Demo-Kinder \u2013 schlechte Demo-Kinder? Das elendige Leid mit der Doppelmoral"}]},{"@type":"WebSite","@id":"https:\/\/now-news.de\/de\/#website","url":"https:\/\/now-news.de\/de\/","name":"just-now.NEWS Deutschland","description":"Das Portal f\u00fcr unzensierte Nachrichten aus der Welt","publisher":{"@id":"https:\/\/now-news.de\/de\/#organization"},"potentialAction":[{"@type":"SearchAction","target":{"@type":"EntryPoint","urlTemplate":"https:\/\/now-news.de\/de\/?s={search_term_string}"},"query-input":"required name=search_term_string"}],"inLanguage":"de"},{"@type":"Organization","@id":"https:\/\/now-news.de\/de\/#organization","name":"Just Now News","url":"https:\/\/now-news.de\/de\/","logo":{"@type":"ImageObject","inLanguage":"de","@id":"https:\/\/now-news.de\/de\/#\/schema\/logo\/image\/","url":"http:\/\/just-now.news\/de\/wp-content\/uploads\/sites\/3\/2022\/04\/logo500x500.jpg","contentUrl":"http:\/\/just-now.news\/de\/wp-content\/uploads\/sites\/3\/2022\/04\/logo500x500.jpg","width":500,"height":500,"caption":"Just Now News"},"image":{"@id":"https:\/\/now-news.de\/de\/#\/schema\/logo\/image\/"},"sameAs":["https:\/\/www.facebook.com\/wirmachenauf","https:\/\/x.com\/WirMachenAuf_de"]},{"@type":"Person","@id":"https:\/\/now-news.de\/de\/#\/schema\/person\/fb534a4e865501d8b3285208df34a9b5","name":"rtnews","image":{"@type":"ImageObject","inLanguage":"de","@id":"https:\/\/now-news.de\/de\/#\/schema\/person\/image\/","url":"https:\/\/secure.gravatar.com\/avatar\/82aafea7d8127119dd649515f56e2117?s=96&d=mm&r=g","contentUrl":"https:\/\/secure.gravatar.com\/avatar\/82aafea7d8127119dd649515f56e2117?s=96&d=mm&r=g","caption":"rtnews"},"url":"https:\/\/now-news.de\/de\/author\/rnews\/"}]}},"_links":{"self":[{"href":"https:\/\/now-news.de\/de\/wp-json\/wp\/v2\/posts\/27425"}],"collection":[{"href":"https:\/\/now-news.de\/de\/wp-json\/wp\/v2\/posts"}],"about":[{"href":"https:\/\/now-news.de\/de\/wp-json\/wp\/v2\/types\/post"}],"author":[{"embeddable":true,"href":"https:\/\/now-news.de\/de\/wp-json\/wp\/v2\/users\/3"}],"replies":[{"embeddable":true,"href":"https:\/\/now-news.de\/de\/wp-json\/wp\/v2\/comments?post=27425"}],"version-history":[{"count":0,"href":"https:\/\/now-news.de\/de\/wp-json\/wp\/v2\/posts\/27425\/revisions"}],"wp:featuredmedia":[{"embeddable":true,"href":"https:\/\/now-news.de\/de\/wp-json\/wp\/v2\/media\/27426"}],"wp:attachment":[{"href":"https:\/\/now-news.de\/de\/wp-json\/wp\/v2\/media?parent=27425"}],"wp:term":[{"taxonomy":"category","embeddable":true,"href":"https:\/\/now-news.de\/de\/wp-json\/wp\/v2\/categories?post=27425"},{"taxonomy":"post_tag","embeddable":true,"href":"https:\/\/now-news.de\/de\/wp-json\/wp\/v2\/tags?post=27425"}],"curies":[{"name":"wp","href":"https:\/\/api.w.org\/{rel}","templated":true}]}}