{"id":2741,"date":"2022-04-23T08:54:06","date_gmt":"2022-04-23T09:54:06","guid":{"rendered":"http:\/\/just-now.news\/de\/deutschland\/mangelnde-transparenz-bei-impfstoffvertraegen-abgeordnete-verklagen-eu-kommission\/"},"modified":"2022-04-23T08:54:06","modified_gmt":"2022-04-23T09:54:06","slug":"mangelnde-transparenz-bei-impfstoffvertraegen-abgeordnete-verklagen-eu-kommission","status":"publish","type":"post","link":"https:\/\/now-news.de\/de\/deutschland\/mangelnde-transparenz-bei-impfstoffvertraegen-abgeordnete-verklagen-eu-kommission\/","title":{"rendered":"Mangelnde Transparenz bei Impfstoffvertr\u00e4gen: Abgeordnete verklagen EU-Kommission"},"content":{"rendered":"<div class=\"Text-root Text-type_5 ArticleView-text ViewText-root \">\n<p>Die Gr\u00fcnen-Abgeordneten im EU-Parlament\u00a0Margrete Auken (D\u00e4nemark), Kim van Sparrentak (Niederlande), Tilly Metz (Luxemburg), Jutta Paulus (Deutschland), und Michele Rivasi (Frankreich) teilen in einer gemeinsamen Pressemitteilung mit,\u00a0beim Europ\u00e4ischen Gerichtshof eine Klage gegen die Europ\u00e4ische Kommission eingereicht zu haben.<\/p>\n<div class=\"ReadMore-root Section-root Section-is1to3-xs_is1to1\" data-widgets=\"ReadMore\" data-has-alias>\n<div class=\"Section-container Section-isRow-isTop-isWrap\">\n<article class=\"Card-root Card-is1to1 \">\n<div class=\"Card-imageWrap\">\n<div class=\"Card-picture\">\n<picture class=\"Picture-root Picture-default\"><!--[if IE 9]><video style=\"display: none;\"><![endif]--><source media=\"(-webkit-min-device-pixel-ratio: 2) and (min-resolution: 120dpi)\" data-srcset=\" \nhttps:\/\/cdni.russiatoday.com\/deutsch\/images\/2022.04\/thumbnail\/6256784a48fbef1716612023.jpg 850w,\n                https:\/\/cdni.russiatoday.com\/deutsch\/images\/2022.04\/article\/6256784a48fbef1716612022.jpg 1960w,\n            \" srcset=\"data:image\/png;base64,iVBORw0KGgoAAAANSUhEUgAAABAAAAAJCAQAAACRI2S5AAAAEElEQVR42mNkIAAYRxWAAQAG9gAKqv6+AwAAAABJRU5ErkJggg==\"><source data-srcset=\" \nhttps:\/\/cdni.russiatoday.com\/deutsch\/images\/2022.04\/thumbnail\/6256784a48fbef1716612023.jpg 460w,\n              https:\/\/cdni.russiatoday.com\/deutsch\/images\/2022.04\/article\/6256784a48fbef1716612022.jpg 980w,\n            \" srcset=\"data:image\/png;base64,iVBORw0KGgoAAAANSUhEUgAAABAAAAAJCAQAAACRI2S5AAAAEElEQVR42mNkIAAYRxWAAQAG9gAKqv6+AwAAAABJRU5ErkJggg==\"><!--[if IE 9]><\/video><![endif]--><\/source><\/source><\/picture><!-- noscript pattern --><noscript><img decoding=\"async\" src=\"https:\/\/cdni.russiatoday.com\/deutsch\/images\/2022.04\/article\/6256784a48fbef1716612022.jpg\" alt='Immer mehr Erkenntnisse, wie \"Big Pharma\" Vertragsinhalte und Preise einforderte und bestimmt'><\/noscript>    <\/div><\/div>\n<div class=\"Card-contentWrap\">\n<div class=\"Card-content\">\n<div class=\"Card-title\">\n<div class=\"HeaderNews-root HeaderNews-type_6 \">\n<p>            <a target=\"_blank\" href=\"https:\/\/de.rt.com\/international\/136106-weitere-erkenntnisse-wie-big-pharma\/\" class=\"Link-root Link-isFullCard \" rel=\"noopener\"><br \/>\n                Immer mehr Erkenntnisse, wie &#8220;Big Pharma&#8221; Vertragsinhalte und Preise einforderte und bestimmt<br \/>\n            <\/a><\/p><\/div><\/div><\/div><\/div>\n<\/article>\n<\/div><\/div>\n<p>Diese Klage erfolgt aufgrund der\u00a0wiederholten Weigerung der EU-Kommission\u00a0unter der Leitung von\u00a0Ursula von der Leyen, ungeschw\u00e4rzte Informationen und Details zu den Vertr\u00e4gen mit Pharmafirmen zur Verf\u00fcgung zu stellen. Seit Bekanntgabe der Vertragseinigungen zu Bestellungen von Milliarden Dosen COVID 19-Impfstoffen wurde der Zugang zu wichtigen Informationen \u00fcber die Vertr\u00e4ge der Kommission eingefordert. Die bisherigen mehrheitlich zur Verf\u00fcgung gestellten teilgeschw\u00e4rzten Papiere &#8220;machen es jedoch unm\u00f6glich, den Inhalt der Vertr\u00e4ge zu verstehen&#8221;, so Erl\u00e4uterungen in der <a target=\"_blank\" href=\"https:\/\/www.greens-efa.eu\/en\/article\/press\/access-to-information-five-greens-efa-meps-launch-legal-action-on-vaccine-contract-transparency\" rel=\"noopener noreferrer\">Pressemitteilung<\/a>. Die d\u00e4nische Abgeordnete Auken kommentiert in der Mitteilung zu den Beweggr\u00fcnden und Forderungen der Klage:<\/p>\n<blockquote>\n<p><em>&#8220;Transparenz ist ein Schl\u00fcsselinstrument im Kampf gegen COVID 19. Geheimhaltung ist ein N\u00e4hrboden f\u00fcr Misstrauen und Skepsis und hat keinen Platz in \u00f6ffentlichen Vereinbarungen mit Pharmaunternehmen. Die Weigerung der Europ\u00e4ischen Kommission, Transparenz in ihre Impfstoffvertr\u00e4ge zu bringen, beeintr\u00e4chtigt das Vertrauen der \u00d6ffentlichkeit in die F\u00e4higkeit der EU, das bestm\u00f6gliche Ergebnis f\u00fcr ihre B\u00fcrger zu erzielen. Mit diesem Fall werden wir f\u00fcr das Recht der \u00d6ffentlichkeit auf Information k\u00e4mpfen.&#8221;<\/em><\/p>\n<\/blockquote>\n<p>Kim van Sparrentak wird mit den Worten zitiert:<\/p>\n<blockquote>\n<p><em>&#8220;Wir befinden uns in einer Pandemie und in einem st\u00e4ndigen Kampf gegen Fehlinformationen. Vertraulichkeit unter dem Deckmantel von Gesch\u00e4ftsgeheimnissen sch\u00fcrt nur Unsicherheit und Angst. K\u00e4ufe, die mit \u00f6ffentlichen Geldern get\u00e4tigt werden, sollten mit \u00f6ffentlichen Informationen einhergehen, vor allem, wenn es um die Gesundheit geht. Wir wehren uns gegen die Weigerung der Kommission, bei Vertr\u00e4gen transparent zu sein.&#8221;<\/em><\/p>\n<\/blockquote>\n<p>Die Abgeordnete Metz twitterte:\u00a0&#8220;Wir, Jutta Paulus, Margrete Auken, Michele Rivasi, Kim van Sparrentak und ich selbst &#8211; haben eine Klage gegen @EU_Commission\u00a0bei @EUCourtPress eingereicht und fordern Zugang zu den vollst\u00e4ndigen Vertr\u00e4gen \u00fcber den Kauf von Covid-19-Impfstoffen.&#8221;<\/p>\n<div class=\"EmbedBlock-root EmbedBlock-twitter\">\n<div class=\"TwitterEmbed\">\n<blockquote class=\"twitter-tweet lazyload\" data-twitter=\"twitter-tweet\">\n<p lang=\"en\" dir=\"ltr\">We &#8211; <a target=\"_blank\" href=\"https:\/\/twitter.com\/JuttaPaulusRLP?ref_src=twsrc%5Etfw\" rel=\"noopener\">@JuttaPaulusRLP<\/a>, <a target=\"_blank\" href=\"https:\/\/twitter.com\/MargreteAuken?ref_src=twsrc%5Etfw\" rel=\"noopener\">@MargreteAuken<\/a>, <a target=\"_blank\" href=\"https:\/\/twitter.com\/MicheleRivasi?ref_src=twsrc%5Etfw\" rel=\"noopener\">@MicheleRivasi<\/a>, <a target=\"_blank\" href=\"https:\/\/twitter.com\/kimvsparrentak?ref_src=twsrc%5Etfw\" rel=\"noopener\">@kimvsparrentak<\/a> &amp; myself &#8211; have filed a case against <a target=\"_blank\" href=\"https:\/\/twitter.com\/EU_Commission?ref_src=twsrc%5Etfw\" rel=\"noopener\">@EU_Commission<\/a> at <a target=\"_blank\" href=\"https:\/\/twitter.com\/EUCourtPress?ref_src=twsrc%5Etfw\" rel=\"noopener\">@EUCourtPress<\/a> demanding access to the full contracts for the purchase of Covid-19 <a target=\"_blank\" href=\"https:\/\/twitter.com\/hashtag\/vaccines?src=hash&amp;ref_src=twsrc%5Etfw\" rel=\"noopener\">#vaccines<\/a>.Time for <a target=\"_blank\" href=\"https:\/\/twitter.com\/hashtag\/transparency?src=hash&amp;ref_src=twsrc%5Etfw\" rel=\"noopener\">#transparency<\/a>!???????? <a target=\"_blank\" href=\"https:\/\/t.co\/nq58RDPB6G\" rel=\"noopener\">https:\/\/t.co\/nq58RDPB6G<\/a><a target=\"_blank\" href=\"https:\/\/t.co\/OuQF0Bbyd2\" rel=\"noopener\">pic.twitter.com\/OuQF0Bbyd2<\/a><\/p>\n<p>\u2014 Tilly Metz MEP (@MetzTilly) <a target=\"_blank\" href=\"https:\/\/twitter.com\/MetzTilly\/status\/1517409693999808513?ref_src=twsrc%5Etfw\" rel=\"noopener\">April 22, 2022<\/a><\/p><\/blockquote>\n<\/div>\n<\/div>\n<p>Die deutsche EU-Parlamentarierin Paulus \u00e4u\u00dferte sich gegen\u00fcber der <em>dpa<\/em> mit der Feststellung: &#8220;K\u00e4ufe, die mit \u00f6ffentlichen Geldern get\u00e4tigt werden, sollten mit \u00f6ffentlichen Informationen einhergehen, insbesondere in Gesundheitsfragen.&#8221; Laut der Pressemitteilung fordern die f\u00fcnf Abgeordneten:<\/p>\n<ul>\n<li>die Offenlegung des Preises der Impfstoffeinheit,<\/li>\n<li>der Vorauszahlungen, der Spenden, der Haftung und der Entsch\u00e4digung,<\/li>\n<li>stellen die Argumentation der Kommission bez\u00fcglich des Gesch\u00e4ftsgeheimnisses infrage<\/li>\n<li>und argumentieren dar\u00fcber hinaus, dass es ein \u00fcbergeordnetes \u00f6ffentliches Interesse am Zugang zu den Vertr\u00e4gen gibt.<\/li>\n<\/ul>\n<p>Ein Sprecher der\u00a0EU-Kommission\u00a0entgegnete am Freitag laut der <em>dpa<\/em>, die Beh\u00f6rde &#8220;sei stets transparent gewesen&#8221; und habe &#8220;die Vertr\u00e4ge online einsehbar gemacht&#8221;. Aufgrund von Verschwiegenheitspflichten &#8220;seien Teile jedoch geschw\u00e4rzt worden&#8221;.<\/p>\n<p><strong>Mehr zum Thema &#8211;<\/strong>\u00a0<a target=\"_blank\" href=\"https:\/\/de.rt.com\/europa\/136656-polen-nutzt-hartefallklausel-und-stellt\/\" rel=\"noopener noreferrer\">&#8220;H\u00f6here Gewalt&#8221; \u2013 Polen verweigert Annahme und Bezahlung von Corona-Impfstoffen<\/a><\/p>\n<\/p>\n<\/div>\n<p><script async src=\"https:\/\/platform.twitter.com\/widgets.js\" charset=\"utf-8\"><\/script><br \/>\n<br \/><br \/>\n<br \/><a href=\"https:\/\/de.rt.com\/europa\/136841-eu-kommission-erhalt-klage-wegen\/\">Source link <\/a><\/p>\n","protected":false},"excerpt":{"rendered":"<p>Die Gr\u00fcnen-Abgeordneten im EU-Parlament\u00a0Margrete Auken (D\u00e4nemark), Kim van Sparrentak (Niederlande), Tilly Metz (Luxemburg), Jutta Paulus (Deutschland), und Michele Rivasi (Frankreich) teilen in einer gemeinsamen Pressemitteilung mit,\u00a0beim Europ\u00e4ischen Gerichtshof eine Klage gegen die Europ\u00e4ische Kommission eingereicht zu haben. Immer mehr Erkenntnisse, wie &#8220;Big Pharma&#8221; Vertragsinhalte und Preise einforderte und bestimmt Diese Klage erfolgt aufgrund der\u00a0wiederholten Weigerung [&hellip;]<\/p>\n","protected":false},"author":3,"featured_media":2742,"comment_status":"open","ping_status":"open","sticky":false,"template":"","format":"standard","meta":{"wp_automatic_camp":["217"],"51e88b78ac0219a7f11c925ae49e6381":["Mangelnde Transparenz bei Impfstoffvertr\u00e4gen: Abgeordnete verklagen EU-Kommission"],"original_link":["https:\/\/de.rt.com\/europa\/136841-eu-kommission-erhalt-klage-wegen\/"],"_thumbnail_id":["2742"],"wp_automatic_remove_first_image":["yes"],"_wptg_p2tg_sent2tg":["2022-04-23 09:11:52"],"jnews_social_counter_last_update":["1777285768"]},"categories":[19,23],"tags":[7626,363,1500,7961,7960,2575,7962],"yoast_head":"<!-- This site is optimized with the Yoast SEO Premium plugin v22.7 (Yoast SEO v22.7) - https:\/\/yoast.com\/wordpress\/plugins\/seo\/ -->\n<title>Mangelnde Transparenz bei Impfstoffvertr\u00e4gen: Abgeordnete verklagen EU-Kommission - just-now.NEWS Deutschland<\/title>\n<meta name=\"robots\" content=\"index, follow, max-snippet:-1, max-image-preview:large, max-video-preview:-1\" \/>\n<link rel=\"canonical\" href=\"https:\/\/now-news.de\/de\/deutschland\/mangelnde-transparenz-bei-impfstoffvertraegen-abgeordnete-verklagen-eu-kommission\/\" \/>\n<meta property=\"og:locale\" content=\"de_DE\" \/>\n<meta property=\"og:type\" content=\"article\" \/>\n<meta property=\"og:title\" content=\"Mangelnde Transparenz bei Impfstoffvertr\u00e4gen: Abgeordnete verklagen EU-Kommission\" \/>\n<meta property=\"og:description\" content=\"Die Gr\u00fcnen-Abgeordneten im EU-Parlament\u00a0Margrete Auken (D\u00e4nemark), Kim van Sparrentak (Niederlande), Tilly Metz (Luxemburg), Jutta Paulus (Deutschland), und Michele Rivasi (Frankreich) teilen in einer gemeinsamen Pressemitteilung mit,\u00a0beim Europ\u00e4ischen Gerichtshof eine Klage gegen die Europ\u00e4ische Kommission eingereicht zu haben. Immer mehr Erkenntnisse, wie &#8220;Big Pharma&#8221; Vertragsinhalte und Preise einforderte und bestimmt Diese Klage erfolgt aufgrund der\u00a0wiederholten Weigerung [&hellip;]\" \/>\n<meta property=\"og:url\" content=\"https:\/\/now-news.de\/de\/deutschland\/mangelnde-transparenz-bei-impfstoffvertraegen-abgeordnete-verklagen-eu-kommission\/\" \/>\n<meta property=\"og:site_name\" content=\"just-now.NEWS Deutschland\" \/>\n<meta property=\"article:publisher\" content=\"https:\/\/www.facebook.com\/wirmachenauf\" \/>\n<meta property=\"article:published_time\" content=\"2022-04-23T09:54:06+00:00\" \/>\n<meta property=\"og:image\" content=\"https:\/\/now-news.de\/de\/wp-content\/uploads\/sites\/3\/2022\/04\/Mangelnde-Transparenz-bei-Impfstoffvertraegen-Abgeordnete-verklagen-EU-Kommission.jpg\" \/>\n\t<meta property=\"og:image:width\" content=\"1104\" \/>\n\t<meta property=\"og:image:height\" content=\"622\" \/>\n\t<meta property=\"og:image:type\" content=\"image\/jpeg\" \/>\n<meta name=\"author\" content=\"rtnews\" \/>\n<meta name=\"twitter:card\" content=\"summary_large_image\" \/>\n<meta name=\"twitter:creator\" content=\"@WirMachenAuf_de\" \/>\n<meta name=\"twitter:site\" content=\"@WirMachenAuf_de\" \/>\n<meta name=\"twitter:label1\" content=\"Verfasst von\" \/>\n\t<meta name=\"twitter:data1\" content=\"rtnews\" \/>\n\t<meta name=\"twitter:label2\" content=\"Gesch\u00e4tzte Lesezeit\" \/>\n\t<meta name=\"twitter:data2\" content=\"3\u00a0Minuten\" \/>\n<script type=\"application\/ld+json\" class=\"yoast-schema-graph\">{\"@context\":\"https:\/\/schema.org\",\"@graph\":[{\"@type\":\"Article\",\"@id\":\"https:\/\/now-news.de\/de\/deutschland\/mangelnde-transparenz-bei-impfstoffvertraegen-abgeordnete-verklagen-eu-kommission\/#article\",\"isPartOf\":{\"@id\":\"https:\/\/now-news.de\/de\/deutschland\/mangelnde-transparenz-bei-impfstoffvertraegen-abgeordnete-verklagen-eu-kommission\/\"},\"author\":{\"name\":\"rtnews\",\"@id\":\"https:\/\/now-news.de\/de\/#\/schema\/person\/fb534a4e865501d8b3285208df34a9b5\"},\"headline\":\"Mangelnde Transparenz bei Impfstoffvertr\u00e4gen: Abgeordnete verklagen EU-Kommission\",\"datePublished\":\"2022-04-23T09:54:06+00:00\",\"dateModified\":\"2022-04-23T09:54:06+00:00\",\"mainEntityOfPage\":{\"@id\":\"https:\/\/now-news.de\/de\/deutschland\/mangelnde-transparenz-bei-impfstoffvertraegen-abgeordnete-verklagen-eu-kommission\/\"},\"wordCount\":541,\"commentCount\":0,\"publisher\":{\"@id\":\"https:\/\/now-news.de\/de\/#organization\"},\"image\":{\"@id\":\"https:\/\/now-news.de\/de\/deutschland\/mangelnde-transparenz-bei-impfstoffvertraegen-abgeordnete-verklagen-eu-kommission\/#primaryimage\"},\"thumbnailUrl\":\"https:\/\/now-news.de\/de\/wp-content\/uploads\/sites\/3\/2022\/04\/Mangelnde-Transparenz-bei-Impfstoffvertraegen-Abgeordnete-verklagen-EU-Kommission.jpg\",\"keywords\":[\"Abgeordnete\",\"bei\",\"EUKommission\",\"Impfstoffvertr\u00e4gen\",\"Mangelnde\",\"Transparenz\",\"verklagen\"],\"articleSection\":[\"Deutschland\",\"Russland\"],\"inLanguage\":\"de\",\"potentialAction\":[{\"@type\":\"CommentAction\",\"name\":\"Comment\",\"target\":[\"https:\/\/now-news.de\/de\/deutschland\/mangelnde-transparenz-bei-impfstoffvertraegen-abgeordnete-verklagen-eu-kommission\/#respond\"]}]},{\"@type\":\"WebPage\",\"@id\":\"https:\/\/now-news.de\/de\/deutschland\/mangelnde-transparenz-bei-impfstoffvertraegen-abgeordnete-verklagen-eu-kommission\/\",\"url\":\"https:\/\/now-news.de\/de\/deutschland\/mangelnde-transparenz-bei-impfstoffvertraegen-abgeordnete-verklagen-eu-kommission\/\",\"name\":\"Mangelnde Transparenz bei Impfstoffvertr\u00e4gen: Abgeordnete verklagen EU-Kommission - just-now.NEWS Deutschland\",\"isPartOf\":{\"@id\":\"https:\/\/now-news.de\/de\/#website\"},\"primaryImageOfPage\":{\"@id\":\"https:\/\/now-news.de\/de\/deutschland\/mangelnde-transparenz-bei-impfstoffvertraegen-abgeordnete-verklagen-eu-kommission\/#primaryimage\"},\"image\":{\"@id\":\"https:\/\/now-news.de\/de\/deutschland\/mangelnde-transparenz-bei-impfstoffvertraegen-abgeordnete-verklagen-eu-kommission\/#primaryimage\"},\"thumbnailUrl\":\"https:\/\/now-news.de\/de\/wp-content\/uploads\/sites\/3\/2022\/04\/Mangelnde-Transparenz-bei-Impfstoffvertraegen-Abgeordnete-verklagen-EU-Kommission.jpg\",\"datePublished\":\"2022-04-23T09:54:06+00:00\",\"dateModified\":\"2022-04-23T09:54:06+00:00\",\"breadcrumb\":{\"@id\":\"https:\/\/now-news.de\/de\/deutschland\/mangelnde-transparenz-bei-impfstoffvertraegen-abgeordnete-verklagen-eu-kommission\/#breadcrumb\"},\"inLanguage\":\"de\",\"potentialAction\":[{\"@type\":\"ReadAction\",\"target\":[\"https:\/\/now-news.de\/de\/deutschland\/mangelnde-transparenz-bei-impfstoffvertraegen-abgeordnete-verklagen-eu-kommission\/\"]}]},{\"@type\":\"ImageObject\",\"inLanguage\":\"de\",\"@id\":\"https:\/\/now-news.de\/de\/deutschland\/mangelnde-transparenz-bei-impfstoffvertraegen-abgeordnete-verklagen-eu-kommission\/#primaryimage\",\"url\":\"https:\/\/now-news.de\/de\/wp-content\/uploads\/sites\/3\/2022\/04\/Mangelnde-Transparenz-bei-Impfstoffvertraegen-Abgeordnete-verklagen-EU-Kommission.jpg\",\"contentUrl\":\"https:\/\/now-news.de\/de\/wp-content\/uploads\/sites\/3\/2022\/04\/Mangelnde-Transparenz-bei-Impfstoffvertraegen-Abgeordnete-verklagen-EU-Kommission.jpg\",\"width\":1104,\"height\":622,\"caption\":\"Mangelnde Transparenz bei Impfstoffvertr\u00e4gen: Abgeordnete verklagen EU-Kommission\"},{\"@type\":\"BreadcrumbList\",\"@id\":\"https:\/\/now-news.de\/de\/deutschland\/mangelnde-transparenz-bei-impfstoffvertraegen-abgeordnete-verklagen-eu-kommission\/#breadcrumb\",\"itemListElement\":[{\"@type\":\"ListItem\",\"position\":1,\"name\":\"Home\",\"item\":\"https:\/\/now-news.de\/de\/\"},{\"@type\":\"ListItem\",\"position\":2,\"name\":\"Mangelnde Transparenz bei Impfstoffvertr\u00e4gen: Abgeordnete verklagen EU-Kommission\"}]},{\"@type\":\"WebSite\",\"@id\":\"https:\/\/now-news.de\/de\/#website\",\"url\":\"https:\/\/now-news.de\/de\/\",\"name\":\"just-now.NEWS Deutschland\",\"description\":\"Das Portal f\u00fcr unzensierte Nachrichten aus der Welt\",\"publisher\":{\"@id\":\"https:\/\/now-news.de\/de\/#organization\"},\"potentialAction\":[{\"@type\":\"SearchAction\",\"target\":{\"@type\":\"EntryPoint\",\"urlTemplate\":\"https:\/\/now-news.de\/de\/?s={search_term_string}\"},\"query-input\":\"required name=search_term_string\"}],\"inLanguage\":\"de\"},{\"@type\":\"Organization\",\"@id\":\"https:\/\/now-news.de\/de\/#organization\",\"name\":\"Just Now News\",\"url\":\"https:\/\/now-news.de\/de\/\",\"logo\":{\"@type\":\"ImageObject\",\"inLanguage\":\"de\",\"@id\":\"https:\/\/now-news.de\/de\/#\/schema\/logo\/image\/\",\"url\":\"http:\/\/just-now.news\/de\/wp-content\/uploads\/sites\/3\/2022\/04\/logo500x500.jpg\",\"contentUrl\":\"http:\/\/just-now.news\/de\/wp-content\/uploads\/sites\/3\/2022\/04\/logo500x500.jpg\",\"width\":500,\"height\":500,\"caption\":\"Just Now News\"},\"image\":{\"@id\":\"https:\/\/now-news.de\/de\/#\/schema\/logo\/image\/\"},\"sameAs\":[\"https:\/\/www.facebook.com\/wirmachenauf\",\"https:\/\/x.com\/WirMachenAuf_de\"]},{\"@type\":\"Person\",\"@id\":\"https:\/\/now-news.de\/de\/#\/schema\/person\/fb534a4e865501d8b3285208df34a9b5\",\"name\":\"rtnews\",\"image\":{\"@type\":\"ImageObject\",\"inLanguage\":\"de\",\"@id\":\"https:\/\/now-news.de\/de\/#\/schema\/person\/image\/\",\"url\":\"https:\/\/secure.gravatar.com\/avatar\/82aafea7d8127119dd649515f56e2117?s=96&d=mm&r=g\",\"contentUrl\":\"https:\/\/secure.gravatar.com\/avatar\/82aafea7d8127119dd649515f56e2117?s=96&d=mm&r=g\",\"caption\":\"rtnews\"},\"url\":\"https:\/\/now-news.de\/de\/author\/rnews\/\"}]}<\/script>\n<!-- \/ Yoast SEO Premium plugin. -->","yoast_head_json":{"title":"Mangelnde Transparenz bei Impfstoffvertr\u00e4gen: Abgeordnete verklagen EU-Kommission - just-now.NEWS Deutschland","robots":{"index":"index","follow":"follow","max-snippet":"max-snippet:-1","max-image-preview":"max-image-preview:large","max-video-preview":"max-video-preview:-1"},"canonical":"https:\/\/now-news.de\/de\/deutschland\/mangelnde-transparenz-bei-impfstoffvertraegen-abgeordnete-verklagen-eu-kommission\/","og_locale":"de_DE","og_type":"article","og_title":"Mangelnde Transparenz bei Impfstoffvertr\u00e4gen: Abgeordnete verklagen EU-Kommission","og_description":"Die Gr\u00fcnen-Abgeordneten im EU-Parlament\u00a0Margrete Auken (D\u00e4nemark), Kim van Sparrentak (Niederlande), Tilly Metz (Luxemburg), Jutta Paulus (Deutschland), und Michele Rivasi (Frankreich) teilen in einer gemeinsamen Pressemitteilung mit,\u00a0beim Europ\u00e4ischen Gerichtshof eine Klage gegen die Europ\u00e4ische Kommission eingereicht zu haben. Immer mehr Erkenntnisse, wie &#8220;Big Pharma&#8221; Vertragsinhalte und Preise einforderte und bestimmt Diese Klage erfolgt aufgrund der\u00a0wiederholten Weigerung [&hellip;]","og_url":"https:\/\/now-news.de\/de\/deutschland\/mangelnde-transparenz-bei-impfstoffvertraegen-abgeordnete-verklagen-eu-kommission\/","og_site_name":"just-now.NEWS Deutschland","article_publisher":"https:\/\/www.facebook.com\/wirmachenauf","article_published_time":"2022-04-23T09:54:06+00:00","og_image":[{"width":1104,"height":622,"url":"https:\/\/now-news.de\/de\/wp-content\/uploads\/sites\/3\/2022\/04\/Mangelnde-Transparenz-bei-Impfstoffvertraegen-Abgeordnete-verklagen-EU-Kommission.jpg","type":"image\/jpeg"}],"author":"rtnews","twitter_card":"summary_large_image","twitter_creator":"@WirMachenAuf_de","twitter_site":"@WirMachenAuf_de","twitter_misc":{"Verfasst von":"rtnews","Gesch\u00e4tzte Lesezeit":"3\u00a0Minuten"},"schema":{"@context":"https:\/\/schema.org","@graph":[{"@type":"Article","@id":"https:\/\/now-news.de\/de\/deutschland\/mangelnde-transparenz-bei-impfstoffvertraegen-abgeordnete-verklagen-eu-kommission\/#article","isPartOf":{"@id":"https:\/\/now-news.de\/de\/deutschland\/mangelnde-transparenz-bei-impfstoffvertraegen-abgeordnete-verklagen-eu-kommission\/"},"author":{"name":"rtnews","@id":"https:\/\/now-news.de\/de\/#\/schema\/person\/fb534a4e865501d8b3285208df34a9b5"},"headline":"Mangelnde Transparenz bei Impfstoffvertr\u00e4gen: Abgeordnete verklagen EU-Kommission","datePublished":"2022-04-23T09:54:06+00:00","dateModified":"2022-04-23T09:54:06+00:00","mainEntityOfPage":{"@id":"https:\/\/now-news.de\/de\/deutschland\/mangelnde-transparenz-bei-impfstoffvertraegen-abgeordnete-verklagen-eu-kommission\/"},"wordCount":541,"commentCount":0,"publisher":{"@id":"https:\/\/now-news.de\/de\/#organization"},"image":{"@id":"https:\/\/now-news.de\/de\/deutschland\/mangelnde-transparenz-bei-impfstoffvertraegen-abgeordnete-verklagen-eu-kommission\/#primaryimage"},"thumbnailUrl":"https:\/\/now-news.de\/de\/wp-content\/uploads\/sites\/3\/2022\/04\/Mangelnde-Transparenz-bei-Impfstoffvertraegen-Abgeordnete-verklagen-EU-Kommission.jpg","keywords":["Abgeordnete","bei","EUKommission","Impfstoffvertr\u00e4gen","Mangelnde","Transparenz","verklagen"],"articleSection":["Deutschland","Russland"],"inLanguage":"de","potentialAction":[{"@type":"CommentAction","name":"Comment","target":["https:\/\/now-news.de\/de\/deutschland\/mangelnde-transparenz-bei-impfstoffvertraegen-abgeordnete-verklagen-eu-kommission\/#respond"]}]},{"@type":"WebPage","@id":"https:\/\/now-news.de\/de\/deutschland\/mangelnde-transparenz-bei-impfstoffvertraegen-abgeordnete-verklagen-eu-kommission\/","url":"https:\/\/now-news.de\/de\/deutschland\/mangelnde-transparenz-bei-impfstoffvertraegen-abgeordnete-verklagen-eu-kommission\/","name":"Mangelnde Transparenz bei Impfstoffvertr\u00e4gen: Abgeordnete verklagen EU-Kommission - just-now.NEWS Deutschland","isPartOf":{"@id":"https:\/\/now-news.de\/de\/#website"},"primaryImageOfPage":{"@id":"https:\/\/now-news.de\/de\/deutschland\/mangelnde-transparenz-bei-impfstoffvertraegen-abgeordnete-verklagen-eu-kommission\/#primaryimage"},"image":{"@id":"https:\/\/now-news.de\/de\/deutschland\/mangelnde-transparenz-bei-impfstoffvertraegen-abgeordnete-verklagen-eu-kommission\/#primaryimage"},"thumbnailUrl":"https:\/\/now-news.de\/de\/wp-content\/uploads\/sites\/3\/2022\/04\/Mangelnde-Transparenz-bei-Impfstoffvertraegen-Abgeordnete-verklagen-EU-Kommission.jpg","datePublished":"2022-04-23T09:54:06+00:00","dateModified":"2022-04-23T09:54:06+00:00","breadcrumb":{"@id":"https:\/\/now-news.de\/de\/deutschland\/mangelnde-transparenz-bei-impfstoffvertraegen-abgeordnete-verklagen-eu-kommission\/#breadcrumb"},"inLanguage":"de","potentialAction":[{"@type":"ReadAction","target":["https:\/\/now-news.de\/de\/deutschland\/mangelnde-transparenz-bei-impfstoffvertraegen-abgeordnete-verklagen-eu-kommission\/"]}]},{"@type":"ImageObject","inLanguage":"de","@id":"https:\/\/now-news.de\/de\/deutschland\/mangelnde-transparenz-bei-impfstoffvertraegen-abgeordnete-verklagen-eu-kommission\/#primaryimage","url":"https:\/\/now-news.de\/de\/wp-content\/uploads\/sites\/3\/2022\/04\/Mangelnde-Transparenz-bei-Impfstoffvertraegen-Abgeordnete-verklagen-EU-Kommission.jpg","contentUrl":"https:\/\/now-news.de\/de\/wp-content\/uploads\/sites\/3\/2022\/04\/Mangelnde-Transparenz-bei-Impfstoffvertraegen-Abgeordnete-verklagen-EU-Kommission.jpg","width":1104,"height":622,"caption":"Mangelnde Transparenz bei Impfstoffvertr\u00e4gen: Abgeordnete verklagen EU-Kommission"},{"@type":"BreadcrumbList","@id":"https:\/\/now-news.de\/de\/deutschland\/mangelnde-transparenz-bei-impfstoffvertraegen-abgeordnete-verklagen-eu-kommission\/#breadcrumb","itemListElement":[{"@type":"ListItem","position":1,"name":"Home","item":"https:\/\/now-news.de\/de\/"},{"@type":"ListItem","position":2,"name":"Mangelnde Transparenz bei Impfstoffvertr\u00e4gen: Abgeordnete verklagen EU-Kommission"}]},{"@type":"WebSite","@id":"https:\/\/now-news.de\/de\/#website","url":"https:\/\/now-news.de\/de\/","name":"just-now.NEWS Deutschland","description":"Das Portal f\u00fcr unzensierte Nachrichten aus der Welt","publisher":{"@id":"https:\/\/now-news.de\/de\/#organization"},"potentialAction":[{"@type":"SearchAction","target":{"@type":"EntryPoint","urlTemplate":"https:\/\/now-news.de\/de\/?s={search_term_string}"},"query-input":"required name=search_term_string"}],"inLanguage":"de"},{"@type":"Organization","@id":"https:\/\/now-news.de\/de\/#organization","name":"Just Now News","url":"https:\/\/now-news.de\/de\/","logo":{"@type":"ImageObject","inLanguage":"de","@id":"https:\/\/now-news.de\/de\/#\/schema\/logo\/image\/","url":"http:\/\/just-now.news\/de\/wp-content\/uploads\/sites\/3\/2022\/04\/logo500x500.jpg","contentUrl":"http:\/\/just-now.news\/de\/wp-content\/uploads\/sites\/3\/2022\/04\/logo500x500.jpg","width":500,"height":500,"caption":"Just Now News"},"image":{"@id":"https:\/\/now-news.de\/de\/#\/schema\/logo\/image\/"},"sameAs":["https:\/\/www.facebook.com\/wirmachenauf","https:\/\/x.com\/WirMachenAuf_de"]},{"@type":"Person","@id":"https:\/\/now-news.de\/de\/#\/schema\/person\/fb534a4e865501d8b3285208df34a9b5","name":"rtnews","image":{"@type":"ImageObject","inLanguage":"de","@id":"https:\/\/now-news.de\/de\/#\/schema\/person\/image\/","url":"https:\/\/secure.gravatar.com\/avatar\/82aafea7d8127119dd649515f56e2117?s=96&d=mm&r=g","contentUrl":"https:\/\/secure.gravatar.com\/avatar\/82aafea7d8127119dd649515f56e2117?s=96&d=mm&r=g","caption":"rtnews"},"url":"https:\/\/now-news.de\/de\/author\/rnews\/"}]}},"_links":{"self":[{"href":"https:\/\/now-news.de\/de\/wp-json\/wp\/v2\/posts\/2741"}],"collection":[{"href":"https:\/\/now-news.de\/de\/wp-json\/wp\/v2\/posts"}],"about":[{"href":"https:\/\/now-news.de\/de\/wp-json\/wp\/v2\/types\/post"}],"author":[{"embeddable":true,"href":"https:\/\/now-news.de\/de\/wp-json\/wp\/v2\/users\/3"}],"replies":[{"embeddable":true,"href":"https:\/\/now-news.de\/de\/wp-json\/wp\/v2\/comments?post=2741"}],"version-history":[{"count":0,"href":"https:\/\/now-news.de\/de\/wp-json\/wp\/v2\/posts\/2741\/revisions"}],"wp:featuredmedia":[{"embeddable":true,"href":"https:\/\/now-news.de\/de\/wp-json\/wp\/v2\/media\/2742"}],"wp:attachment":[{"href":"https:\/\/now-news.de\/de\/wp-json\/wp\/v2\/media?parent=2741"}],"wp:term":[{"taxonomy":"category","embeddable":true,"href":"https:\/\/now-news.de\/de\/wp-json\/wp\/v2\/categories?post=2741"},{"taxonomy":"post_tag","embeddable":true,"href":"https:\/\/now-news.de\/de\/wp-json\/wp\/v2\/tags?post=2741"}],"curies":[{"name":"wp","href":"https:\/\/api.w.org\/{rel}","templated":true}]}}