{"id":27355,"date":"2023-01-10T21:41:01","date_gmt":"2023-01-10T19:41:01","guid":{"rendered":"http:\/\/just-now.news\/de\/deutschland\/bananenrepublik-grundstuecks-und-hausbesitzer-klagen-gegen-grundsteuergesetz\/"},"modified":"2023-01-10T21:41:01","modified_gmt":"2023-01-10T19:41:01","slug":"bananenrepublik-grundstuecks-und-hausbesitzer-klagen-gegen-grundsteuergesetz","status":"publish","type":"post","link":"https:\/\/now-news.de\/de\/deutschland\/bananenrepublik-grundstuecks-und-hausbesitzer-klagen-gegen-grundsteuergesetz\/","title":{"rendered":"Bananenrepublik? Grundst\u00fccks- und Hausbesitzer klagen gegen Grundsteuergesetz"},"content":{"rendered":"<p><img decoding=\"async\" src=\"http:\/\/just-now.news\/de\/wp-content\/uploads\/sites\/3\/2023\/01\/63bd51cd48fbef47d7169e4b.jpg\" \/><\/p>\n<div class=\"Text-root Text-type_1 \">\n                Bis Ende des Monats sind Eigent\u00fcmer von H\u00e4usern, Wohnungen oder Grundst\u00fccken aufgefordert, ihre Grundsteuererkl\u00e4rung abzugeben. Durch die Neuberechnung verspricht sich der Bund jede Menge neue Einnahmen. Eigent\u00fcmerverb\u00e4nde wollen nun gegen die oftmals undurchsichtigen Bescheide juristisch vorgehen.\n            <\/div>\n<p><\/p>\n<div class=\"Text-root Text-type_5 ArticleView-text ViewText-root \">\n<p>Der Eigent\u00fcmerverband Haus &amp; Grund kritisiert die Ausgestaltung der vom Bund erhobenen neuen Grundsteuer. Dazu <a rel=\"nofollow noopener\" target=\"_blank\" href=\"https:\/\/www.mdr.de\/nachrichten\/deutschland\/politik\/grundsteuer-gesetz-klage-eigentuemer-100.html#zweiDie\">sagte<\/a> Verbandspr\u00e4sident Kai Warnecke gegen\u00fcber dem <em>MDR<\/em>:<\/p>\n<blockquote>\n<p><em>&#8220;Der Grundsteuerwertbescheid ist ein Buch mit sieben Siegeln und das Wichtigste ist jetzt, die Dinge zu \u00fcberpr\u00fcfen, die man selber auch kontrollieren kann. Das hei\u00dft, sind die Fl\u00e4chen richtig im Bescheid aufgenommen und angegeben. Ist der Bodenrichtwert entsprechend dem angegeben, wie er auch festgestellt worden ist vom Steuerpflichtigen.&#8221; <\/em><\/p>\n<\/blockquote>\n<div class=\"EmbedBlock-root EmbedBlock-twitter\">\n<div class=\"TwitterEmbed\">\n<blockquote class=\"twitter-tweet lazyload\" data-twitter=\"twitter-tweet\">\n<p lang=\"de\" dir=\"ltr\">Habe heute meine neue Grundsteuer bekommen. 2001 hatte mein Grundst\u00fcck einen Wert von 8200 DM, heute 190000\u20ac.In einem Dorf mit ca. 800 EW, wo es nicht mal eine Einkaufsm\u00f6glichkeit gibt und nur2 x am Tag ein Bus h\u00e4lt.Welch ein Wertzuwachs.Ich bin reich.<\/p>\n<p>\u2014 System-Sklave (@System_sklave) <a rel=\"nofollow noopener\" target=\"_blank\" href=\"https:\/\/twitter.com\/System_sklave\/status\/1609144527738097664?ref_src=twsrc%5Etfw\">December 31, 2022<\/a><\/p><\/blockquote>\n<\/div>\n<\/div>\n<p>Er empfiehlt den Eigent\u00fcmern, rasch zu pr\u00fcfen, ob der Wert des Geb\u00e4udes ungef\u00e4hr dem alten Wert entspreche oder ob es laut Bescheid extreme Abweichungen gebe, oft ist das jedoch nicht ganz einfach. Daher plant\u00a0der Verband gemeinsam mit dem Bund der Steuerzahler Musterklagen vor dem Bundesverfassungsgericht. Wernecke betonte in diesem Kontext:<\/p>\n<blockquote>\n<p><em> &#8220;Die verschiedenen Grundsteuergesetze, insbesondere aber das Grundsteuergesetz des Bundes, das in den meisten Bundesl\u00e4ndern gilt, ist aus unserer Sicht verfassungswidrig, weil es einige Elemente beinhaltet, die nicht sachgerecht sind. Dazu geh\u00f6rt zum Beispiel eine Bevorteilung von Mietern, die in Genossenschaften wohnen, die v\u00f6llig unbegr\u00fcndet ist.&#8221;<\/em><\/p>\n<\/blockquote>\n<p>Besonders die willk\u00fcrlich anmutende Festlegung der Bodenrichtwerte stellt f\u00fcr den Verbandspr\u00e4sidenten ein rotes Tuch dar, denn diese Werte seien nicht \u00fcberpr\u00fcfbar:<\/p>\n<blockquote>\n<p><em>&#8220;Die Bodenrichtwerte sind nicht justiziabel. Da sitzt ein Gutachterausschuss, legt die Werte einfach fest und die bestimmen dann die Steuerh\u00f6he. Das ist in einer Bananenrepublik m\u00f6glich, aber nicht in einem Rechtsstaat.&#8221;<\/em><\/p>\n<\/blockquote>\n<p>Miserable Benutzungsf\u00fchrung bei Online-Steuerprogramm Elster des Bundes, oftmals unklare Vorgaben und nur schwer zu findende bzw. zu berechnende Daten wie Gemarkungsnummer, Grundbuchblatt, Z\u00e4hler und Nenner des Flurst\u00fccks bringen nicht nur Eigent\u00fcmer an dem Rande des Wahnsinns. Auch die Finanz\u00e4mter kommen mit der Arbeit nicht mehr hinterher, denn bereits jetzt wehren sich Eigent\u00fcmer <a rel=\"nofollow noopener\" target=\"_blank\" href=\"https:\/\/www.wiwo.de\/finanzen\/immobilien\/grundsteuererklaerung-der-grundsteuer-albtraum-wird-mit-dem-januar-nicht-enden\/28911914.html\">laut<\/a> der <em>Wirtschaftswoche<\/em> &#8220;bereits massenhaft&#8221; gegen die bisher erlassenen Bescheide, weil sie gravierende Fehler feststellen oder Ungerechtigkeiten vermuten.<\/p>\n<p><strong>Mehr zum Thema<\/strong> &#8211; <a rel=\"nofollow noopener\" target=\"_blank\" href=\"https:\/\/test.rtde.tech\/meinung\/153144-deutschland-leere-hulle-drohende-wirtschaftliche\/\">Deutschland, eine leere H\u00fclle \u2013 Der drohende wirtschaftliche und kulturelle Untergang<\/a><\/p>\n<\/div>\n<p><script async src=\"https:\/\/platform.twitter.com\/widgets.js\" charset=\"utf-8\"><\/script><br \/>\n<br \/><br \/>\n<br \/><a href=\"https:\/\/de.rt.com\/inland\/159415-bananenrepublik-grundstuecks-und-hausbesitzer-klagen\/\">Source link <\/a><\/p>\n","protected":false},"excerpt":{"rendered":"<p>Bis Ende des Monats sind Eigent\u00fcmer von H\u00e4usern, Wohnungen oder Grundst\u00fccken aufgefordert, ihre Grundsteuererkl\u00e4rung abzugeben. Durch die Neuberechnung verspricht sich der Bund jede Menge neue Einnahmen. Eigent\u00fcmerverb\u00e4nde wollen nun gegen die oftmals undurchsichtigen Bescheide juristisch vorgehen. Der Eigent\u00fcmerverband Haus &amp; Grund kritisiert die Ausgestaltung der vom Bund erhobenen neuen Grundsteuer. Dazu sagte Verbandspr\u00e4sident Kai Warnecke [&hellip;]<\/p>\n","protected":false},"author":3,"featured_media":27356,"comment_status":"open","ping_status":"open","sticky":false,"template":"","format":"standard","meta":{"_yoast_indexnow_last_ping":["1673380074"],"wp_automatic_camp":["217"],"6eb6d73f379e1e73692f374ee6cb5a79":["Bananenrepublik? Grundst\u00fccks- und Hausbesitzer klagen gegen Grundsteuergesetz"],"original_link":["https:\/\/de.rt.com\/inland\/159415-bananenrepublik-grundstuecks-und-hausbesitzer-klagen\/"],"_thumbnail_id":["27356"],"_wptgpro_p2tg_sent2tg":["a:1:{i:23737;s:19:\"2023-01-10 21:48:59\";}"],"jnews_social_counter_last_update":["1777586723"]},"categories":[19,23],"tags":[38818,278,38820,38819,9448,22673,140],"yoast_head":"<!-- This site is optimized with the Yoast SEO Premium plugin v22.7 (Yoast SEO v22.7) - https:\/\/yoast.com\/wordpress\/plugins\/seo\/ -->\n<title>Bananenrepublik? Grundst\u00fccks- und Hausbesitzer klagen gegen Grundsteuergesetz - just-now.NEWS Deutschland<\/title>\n<meta name=\"robots\" content=\"index, follow, max-snippet:-1, max-image-preview:large, max-video-preview:-1\" \/>\n<link rel=\"canonical\" href=\"https:\/\/now-news.de\/de\/deutschland\/bananenrepublik-grundstuecks-und-hausbesitzer-klagen-gegen-grundsteuergesetz\/\" \/>\n<meta property=\"og:locale\" content=\"de_DE\" \/>\n<meta property=\"og:type\" content=\"article\" \/>\n<meta property=\"og:title\" content=\"Bananenrepublik? Grundst\u00fccks- und Hausbesitzer klagen gegen Grundsteuergesetz\" \/>\n<meta property=\"og:description\" content=\"Bis Ende des Monats sind Eigent\u00fcmer von H\u00e4usern, Wohnungen oder Grundst\u00fccken aufgefordert, ihre Grundsteuererkl\u00e4rung abzugeben. Durch die Neuberechnung verspricht sich der Bund jede Menge neue Einnahmen. Eigent\u00fcmerverb\u00e4nde wollen nun gegen die oftmals undurchsichtigen Bescheide juristisch vorgehen. Der Eigent\u00fcmerverband Haus &amp; Grund kritisiert die Ausgestaltung der vom Bund erhobenen neuen Grundsteuer. Dazu sagte Verbandspr\u00e4sident Kai Warnecke [&hellip;]\" \/>\n<meta property=\"og:url\" content=\"https:\/\/now-news.de\/de\/deutschland\/bananenrepublik-grundstuecks-und-hausbesitzer-klagen-gegen-grundsteuergesetz\/\" \/>\n<meta property=\"og:site_name\" content=\"just-now.NEWS Deutschland\" \/>\n<meta property=\"article:publisher\" content=\"https:\/\/www.facebook.com\/wirmachenauf\" \/>\n<meta property=\"article:published_time\" content=\"2023-01-10T19:41:01+00:00\" \/>\n<meta property=\"og:image\" content=\"https:\/\/now-news.de\/de\/wp-content\/uploads\/sites\/3\/2023\/01\/Bananenrepublik-Grundstuecks-und-Hausbesitzer-klagen-gegen-Grundsteuergesetz.jpg\" \/>\n\t<meta property=\"og:image:width\" content=\"460\" \/>\n\t<meta property=\"og:image:height\" content=\"259\" \/>\n\t<meta property=\"og:image:type\" content=\"image\/jpeg\" \/>\n<meta name=\"author\" content=\"rtnews\" \/>\n<meta name=\"twitter:card\" content=\"summary_large_image\" \/>\n<meta name=\"twitter:creator\" content=\"@WirMachenAuf_de\" \/>\n<meta name=\"twitter:site\" content=\"@WirMachenAuf_de\" \/>\n<meta name=\"twitter:label1\" content=\"Verfasst von\" \/>\n\t<meta name=\"twitter:data1\" content=\"rtnews\" \/>\n\t<meta name=\"twitter:label2\" content=\"Gesch\u00e4tzte Lesezeit\" \/>\n\t<meta name=\"twitter:data2\" content=\"2\u00a0Minuten\" \/>\n<script type=\"application\/ld+json\" class=\"yoast-schema-graph\">{\"@context\":\"https:\/\/schema.org\",\"@graph\":[{\"@type\":\"Article\",\"@id\":\"https:\/\/now-news.de\/de\/deutschland\/bananenrepublik-grundstuecks-und-hausbesitzer-klagen-gegen-grundsteuergesetz\/#article\",\"isPartOf\":{\"@id\":\"https:\/\/now-news.de\/de\/deutschland\/bananenrepublik-grundstuecks-und-hausbesitzer-klagen-gegen-grundsteuergesetz\/\"},\"author\":{\"name\":\"rtnews\",\"@id\":\"https:\/\/now-news.de\/de\/#\/schema\/person\/fb534a4e865501d8b3285208df34a9b5\"},\"headline\":\"Bananenrepublik? Grundst\u00fccks- und Hausbesitzer klagen gegen Grundsteuergesetz\",\"datePublished\":\"2023-01-10T19:41:01+00:00\",\"dateModified\":\"2023-01-10T19:41:01+00:00\",\"mainEntityOfPage\":{\"@id\":\"https:\/\/now-news.de\/de\/deutschland\/bananenrepublik-grundstuecks-und-hausbesitzer-klagen-gegen-grundsteuergesetz\/\"},\"wordCount\":430,\"commentCount\":0,\"publisher\":{\"@id\":\"https:\/\/now-news.de\/de\/#organization\"},\"image\":{\"@id\":\"https:\/\/now-news.de\/de\/deutschland\/bananenrepublik-grundstuecks-und-hausbesitzer-klagen-gegen-grundsteuergesetz\/#primaryimage\"},\"thumbnailUrl\":\"https:\/\/now-news.de\/de\/wp-content\/uploads\/sites\/3\/2023\/01\/Bananenrepublik-Grundstuecks-und-Hausbesitzer-klagen-gegen-Grundsteuergesetz.jpg\",\"keywords\":[\"Bananenrepublik\",\"gegen\",\"Grundsteuergesetz\",\"Grundst\u00fccks\",\"Hausbesitzer\",\"klagen\",\"und\"],\"articleSection\":[\"Deutschland\",\"Russland\"],\"inLanguage\":\"de\",\"potentialAction\":[{\"@type\":\"CommentAction\",\"name\":\"Comment\",\"target\":[\"https:\/\/now-news.de\/de\/deutschland\/bananenrepublik-grundstuecks-und-hausbesitzer-klagen-gegen-grundsteuergesetz\/#respond\"]}]},{\"@type\":\"WebPage\",\"@id\":\"https:\/\/now-news.de\/de\/deutschland\/bananenrepublik-grundstuecks-und-hausbesitzer-klagen-gegen-grundsteuergesetz\/\",\"url\":\"https:\/\/now-news.de\/de\/deutschland\/bananenrepublik-grundstuecks-und-hausbesitzer-klagen-gegen-grundsteuergesetz\/\",\"name\":\"Bananenrepublik? Grundst\u00fccks- und Hausbesitzer klagen gegen Grundsteuergesetz - just-now.NEWS Deutschland\",\"isPartOf\":{\"@id\":\"https:\/\/now-news.de\/de\/#website\"},\"primaryImageOfPage\":{\"@id\":\"https:\/\/now-news.de\/de\/deutschland\/bananenrepublik-grundstuecks-und-hausbesitzer-klagen-gegen-grundsteuergesetz\/#primaryimage\"},\"image\":{\"@id\":\"https:\/\/now-news.de\/de\/deutschland\/bananenrepublik-grundstuecks-und-hausbesitzer-klagen-gegen-grundsteuergesetz\/#primaryimage\"},\"thumbnailUrl\":\"https:\/\/now-news.de\/de\/wp-content\/uploads\/sites\/3\/2023\/01\/Bananenrepublik-Grundstuecks-und-Hausbesitzer-klagen-gegen-Grundsteuergesetz.jpg\",\"datePublished\":\"2023-01-10T19:41:01+00:00\",\"dateModified\":\"2023-01-10T19:41:01+00:00\",\"breadcrumb\":{\"@id\":\"https:\/\/now-news.de\/de\/deutschland\/bananenrepublik-grundstuecks-und-hausbesitzer-klagen-gegen-grundsteuergesetz\/#breadcrumb\"},\"inLanguage\":\"de\",\"potentialAction\":[{\"@type\":\"ReadAction\",\"target\":[\"https:\/\/now-news.de\/de\/deutschland\/bananenrepublik-grundstuecks-und-hausbesitzer-klagen-gegen-grundsteuergesetz\/\"]}]},{\"@type\":\"ImageObject\",\"inLanguage\":\"de\",\"@id\":\"https:\/\/now-news.de\/de\/deutschland\/bananenrepublik-grundstuecks-und-hausbesitzer-klagen-gegen-grundsteuergesetz\/#primaryimage\",\"url\":\"https:\/\/now-news.de\/de\/wp-content\/uploads\/sites\/3\/2023\/01\/Bananenrepublik-Grundstuecks-und-Hausbesitzer-klagen-gegen-Grundsteuergesetz.jpg\",\"contentUrl\":\"https:\/\/now-news.de\/de\/wp-content\/uploads\/sites\/3\/2023\/01\/Bananenrepublik-Grundstuecks-und-Hausbesitzer-klagen-gegen-Grundsteuergesetz.jpg\",\"width\":460,\"height\":259,\"caption\":\"Bananenrepublik? Grundst\u00fccks- und Hausbesitzer klagen gegen Grundsteuergesetz\"},{\"@type\":\"BreadcrumbList\",\"@id\":\"https:\/\/now-news.de\/de\/deutschland\/bananenrepublik-grundstuecks-und-hausbesitzer-klagen-gegen-grundsteuergesetz\/#breadcrumb\",\"itemListElement\":[{\"@type\":\"ListItem\",\"position\":1,\"name\":\"Home\",\"item\":\"https:\/\/now-news.de\/de\/\"},{\"@type\":\"ListItem\",\"position\":2,\"name\":\"Bananenrepublik? Grundst\u00fccks- und Hausbesitzer klagen gegen Grundsteuergesetz\"}]},{\"@type\":\"WebSite\",\"@id\":\"https:\/\/now-news.de\/de\/#website\",\"url\":\"https:\/\/now-news.de\/de\/\",\"name\":\"just-now.NEWS Deutschland\",\"description\":\"Das Portal f\u00fcr unzensierte Nachrichten aus der Welt\",\"publisher\":{\"@id\":\"https:\/\/now-news.de\/de\/#organization\"},\"potentialAction\":[{\"@type\":\"SearchAction\",\"target\":{\"@type\":\"EntryPoint\",\"urlTemplate\":\"https:\/\/now-news.de\/de\/?s={search_term_string}\"},\"query-input\":\"required name=search_term_string\"}],\"inLanguage\":\"de\"},{\"@type\":\"Organization\",\"@id\":\"https:\/\/now-news.de\/de\/#organization\",\"name\":\"Just Now News\",\"url\":\"https:\/\/now-news.de\/de\/\",\"logo\":{\"@type\":\"ImageObject\",\"inLanguage\":\"de\",\"@id\":\"https:\/\/now-news.de\/de\/#\/schema\/logo\/image\/\",\"url\":\"http:\/\/just-now.news\/de\/wp-content\/uploads\/sites\/3\/2022\/04\/logo500x500.jpg\",\"contentUrl\":\"http:\/\/just-now.news\/de\/wp-content\/uploads\/sites\/3\/2022\/04\/logo500x500.jpg\",\"width\":500,\"height\":500,\"caption\":\"Just Now News\"},\"image\":{\"@id\":\"https:\/\/now-news.de\/de\/#\/schema\/logo\/image\/\"},\"sameAs\":[\"https:\/\/www.facebook.com\/wirmachenauf\",\"https:\/\/x.com\/WirMachenAuf_de\"]},{\"@type\":\"Person\",\"@id\":\"https:\/\/now-news.de\/de\/#\/schema\/person\/fb534a4e865501d8b3285208df34a9b5\",\"name\":\"rtnews\",\"image\":{\"@type\":\"ImageObject\",\"inLanguage\":\"de\",\"@id\":\"https:\/\/now-news.de\/de\/#\/schema\/person\/image\/\",\"url\":\"https:\/\/secure.gravatar.com\/avatar\/82aafea7d8127119dd649515f56e2117?s=96&d=mm&r=g\",\"contentUrl\":\"https:\/\/secure.gravatar.com\/avatar\/82aafea7d8127119dd649515f56e2117?s=96&d=mm&r=g\",\"caption\":\"rtnews\"},\"url\":\"https:\/\/now-news.de\/de\/author\/rnews\/\"}]}<\/script>\n<!-- \/ Yoast SEO Premium plugin. -->","yoast_head_json":{"title":"Bananenrepublik? Grundst\u00fccks- und Hausbesitzer klagen gegen Grundsteuergesetz - just-now.NEWS Deutschland","robots":{"index":"index","follow":"follow","max-snippet":"max-snippet:-1","max-image-preview":"max-image-preview:large","max-video-preview":"max-video-preview:-1"},"canonical":"https:\/\/now-news.de\/de\/deutschland\/bananenrepublik-grundstuecks-und-hausbesitzer-klagen-gegen-grundsteuergesetz\/","og_locale":"de_DE","og_type":"article","og_title":"Bananenrepublik? Grundst\u00fccks- und Hausbesitzer klagen gegen Grundsteuergesetz","og_description":"Bis Ende des Monats sind Eigent\u00fcmer von H\u00e4usern, Wohnungen oder Grundst\u00fccken aufgefordert, ihre Grundsteuererkl\u00e4rung abzugeben. Durch die Neuberechnung verspricht sich der Bund jede Menge neue Einnahmen. Eigent\u00fcmerverb\u00e4nde wollen nun gegen die oftmals undurchsichtigen Bescheide juristisch vorgehen. Der Eigent\u00fcmerverband Haus &amp; Grund kritisiert die Ausgestaltung der vom Bund erhobenen neuen Grundsteuer. Dazu sagte Verbandspr\u00e4sident Kai Warnecke [&hellip;]","og_url":"https:\/\/now-news.de\/de\/deutschland\/bananenrepublik-grundstuecks-und-hausbesitzer-klagen-gegen-grundsteuergesetz\/","og_site_name":"just-now.NEWS Deutschland","article_publisher":"https:\/\/www.facebook.com\/wirmachenauf","article_published_time":"2023-01-10T19:41:01+00:00","og_image":[{"width":460,"height":259,"url":"https:\/\/now-news.de\/de\/wp-content\/uploads\/sites\/3\/2023\/01\/Bananenrepublik-Grundstuecks-und-Hausbesitzer-klagen-gegen-Grundsteuergesetz.jpg","type":"image\/jpeg"}],"author":"rtnews","twitter_card":"summary_large_image","twitter_creator":"@WirMachenAuf_de","twitter_site":"@WirMachenAuf_de","twitter_misc":{"Verfasst von":"rtnews","Gesch\u00e4tzte Lesezeit":"2\u00a0Minuten"},"schema":{"@context":"https:\/\/schema.org","@graph":[{"@type":"Article","@id":"https:\/\/now-news.de\/de\/deutschland\/bananenrepublik-grundstuecks-und-hausbesitzer-klagen-gegen-grundsteuergesetz\/#article","isPartOf":{"@id":"https:\/\/now-news.de\/de\/deutschland\/bananenrepublik-grundstuecks-und-hausbesitzer-klagen-gegen-grundsteuergesetz\/"},"author":{"name":"rtnews","@id":"https:\/\/now-news.de\/de\/#\/schema\/person\/fb534a4e865501d8b3285208df34a9b5"},"headline":"Bananenrepublik? Grundst\u00fccks- und Hausbesitzer klagen gegen Grundsteuergesetz","datePublished":"2023-01-10T19:41:01+00:00","dateModified":"2023-01-10T19:41:01+00:00","mainEntityOfPage":{"@id":"https:\/\/now-news.de\/de\/deutschland\/bananenrepublik-grundstuecks-und-hausbesitzer-klagen-gegen-grundsteuergesetz\/"},"wordCount":430,"commentCount":0,"publisher":{"@id":"https:\/\/now-news.de\/de\/#organization"},"image":{"@id":"https:\/\/now-news.de\/de\/deutschland\/bananenrepublik-grundstuecks-und-hausbesitzer-klagen-gegen-grundsteuergesetz\/#primaryimage"},"thumbnailUrl":"https:\/\/now-news.de\/de\/wp-content\/uploads\/sites\/3\/2023\/01\/Bananenrepublik-Grundstuecks-und-Hausbesitzer-klagen-gegen-Grundsteuergesetz.jpg","keywords":["Bananenrepublik","gegen","Grundsteuergesetz","Grundst\u00fccks","Hausbesitzer","klagen","und"],"articleSection":["Deutschland","Russland"],"inLanguage":"de","potentialAction":[{"@type":"CommentAction","name":"Comment","target":["https:\/\/now-news.de\/de\/deutschland\/bananenrepublik-grundstuecks-und-hausbesitzer-klagen-gegen-grundsteuergesetz\/#respond"]}]},{"@type":"WebPage","@id":"https:\/\/now-news.de\/de\/deutschland\/bananenrepublik-grundstuecks-und-hausbesitzer-klagen-gegen-grundsteuergesetz\/","url":"https:\/\/now-news.de\/de\/deutschland\/bananenrepublik-grundstuecks-und-hausbesitzer-klagen-gegen-grundsteuergesetz\/","name":"Bananenrepublik? Grundst\u00fccks- und Hausbesitzer klagen gegen Grundsteuergesetz - just-now.NEWS Deutschland","isPartOf":{"@id":"https:\/\/now-news.de\/de\/#website"},"primaryImageOfPage":{"@id":"https:\/\/now-news.de\/de\/deutschland\/bananenrepublik-grundstuecks-und-hausbesitzer-klagen-gegen-grundsteuergesetz\/#primaryimage"},"image":{"@id":"https:\/\/now-news.de\/de\/deutschland\/bananenrepublik-grundstuecks-und-hausbesitzer-klagen-gegen-grundsteuergesetz\/#primaryimage"},"thumbnailUrl":"https:\/\/now-news.de\/de\/wp-content\/uploads\/sites\/3\/2023\/01\/Bananenrepublik-Grundstuecks-und-Hausbesitzer-klagen-gegen-Grundsteuergesetz.jpg","datePublished":"2023-01-10T19:41:01+00:00","dateModified":"2023-01-10T19:41:01+00:00","breadcrumb":{"@id":"https:\/\/now-news.de\/de\/deutschland\/bananenrepublik-grundstuecks-und-hausbesitzer-klagen-gegen-grundsteuergesetz\/#breadcrumb"},"inLanguage":"de","potentialAction":[{"@type":"ReadAction","target":["https:\/\/now-news.de\/de\/deutschland\/bananenrepublik-grundstuecks-und-hausbesitzer-klagen-gegen-grundsteuergesetz\/"]}]},{"@type":"ImageObject","inLanguage":"de","@id":"https:\/\/now-news.de\/de\/deutschland\/bananenrepublik-grundstuecks-und-hausbesitzer-klagen-gegen-grundsteuergesetz\/#primaryimage","url":"https:\/\/now-news.de\/de\/wp-content\/uploads\/sites\/3\/2023\/01\/Bananenrepublik-Grundstuecks-und-Hausbesitzer-klagen-gegen-Grundsteuergesetz.jpg","contentUrl":"https:\/\/now-news.de\/de\/wp-content\/uploads\/sites\/3\/2023\/01\/Bananenrepublik-Grundstuecks-und-Hausbesitzer-klagen-gegen-Grundsteuergesetz.jpg","width":460,"height":259,"caption":"Bananenrepublik? Grundst\u00fccks- und Hausbesitzer klagen gegen Grundsteuergesetz"},{"@type":"BreadcrumbList","@id":"https:\/\/now-news.de\/de\/deutschland\/bananenrepublik-grundstuecks-und-hausbesitzer-klagen-gegen-grundsteuergesetz\/#breadcrumb","itemListElement":[{"@type":"ListItem","position":1,"name":"Home","item":"https:\/\/now-news.de\/de\/"},{"@type":"ListItem","position":2,"name":"Bananenrepublik? Grundst\u00fccks- und Hausbesitzer klagen gegen Grundsteuergesetz"}]},{"@type":"WebSite","@id":"https:\/\/now-news.de\/de\/#website","url":"https:\/\/now-news.de\/de\/","name":"just-now.NEWS Deutschland","description":"Das Portal f\u00fcr unzensierte Nachrichten aus der Welt","publisher":{"@id":"https:\/\/now-news.de\/de\/#organization"},"potentialAction":[{"@type":"SearchAction","target":{"@type":"EntryPoint","urlTemplate":"https:\/\/now-news.de\/de\/?s={search_term_string}"},"query-input":"required name=search_term_string"}],"inLanguage":"de"},{"@type":"Organization","@id":"https:\/\/now-news.de\/de\/#organization","name":"Just Now News","url":"https:\/\/now-news.de\/de\/","logo":{"@type":"ImageObject","inLanguage":"de","@id":"https:\/\/now-news.de\/de\/#\/schema\/logo\/image\/","url":"http:\/\/just-now.news\/de\/wp-content\/uploads\/sites\/3\/2022\/04\/logo500x500.jpg","contentUrl":"http:\/\/just-now.news\/de\/wp-content\/uploads\/sites\/3\/2022\/04\/logo500x500.jpg","width":500,"height":500,"caption":"Just Now News"},"image":{"@id":"https:\/\/now-news.de\/de\/#\/schema\/logo\/image\/"},"sameAs":["https:\/\/www.facebook.com\/wirmachenauf","https:\/\/x.com\/WirMachenAuf_de"]},{"@type":"Person","@id":"https:\/\/now-news.de\/de\/#\/schema\/person\/fb534a4e865501d8b3285208df34a9b5","name":"rtnews","image":{"@type":"ImageObject","inLanguage":"de","@id":"https:\/\/now-news.de\/de\/#\/schema\/person\/image\/","url":"https:\/\/secure.gravatar.com\/avatar\/82aafea7d8127119dd649515f56e2117?s=96&d=mm&r=g","contentUrl":"https:\/\/secure.gravatar.com\/avatar\/82aafea7d8127119dd649515f56e2117?s=96&d=mm&r=g","caption":"rtnews"},"url":"https:\/\/now-news.de\/de\/author\/rnews\/"}]}},"_links":{"self":[{"href":"https:\/\/now-news.de\/de\/wp-json\/wp\/v2\/posts\/27355"}],"collection":[{"href":"https:\/\/now-news.de\/de\/wp-json\/wp\/v2\/posts"}],"about":[{"href":"https:\/\/now-news.de\/de\/wp-json\/wp\/v2\/types\/post"}],"author":[{"embeddable":true,"href":"https:\/\/now-news.de\/de\/wp-json\/wp\/v2\/users\/3"}],"replies":[{"embeddable":true,"href":"https:\/\/now-news.de\/de\/wp-json\/wp\/v2\/comments?post=27355"}],"version-history":[{"count":0,"href":"https:\/\/now-news.de\/de\/wp-json\/wp\/v2\/posts\/27355\/revisions"}],"wp:featuredmedia":[{"embeddable":true,"href":"https:\/\/now-news.de\/de\/wp-json\/wp\/v2\/media\/27356"}],"wp:attachment":[{"href":"https:\/\/now-news.de\/de\/wp-json\/wp\/v2\/media?parent=27355"}],"wp:term":[{"taxonomy":"category","embeddable":true,"href":"https:\/\/now-news.de\/de\/wp-json\/wp\/v2\/categories?post=27355"},{"taxonomy":"post_tag","embeddable":true,"href":"https:\/\/now-news.de\/de\/wp-json\/wp\/v2\/tags?post=27355"}],"curies":[{"name":"wp","href":"https:\/\/api.w.org\/{rel}","templated":true}]}}