{"id":27346,"date":"2023-01-10T20:17:38","date_gmt":"2023-01-10T18:17:38","guid":{"rendered":"https:\/\/just-now.news\/de\/deutschland\/sachsen-kuendigt-ende-der-maskenpflicht-im-oepnv-ab-16-januar-an-berlin-will-im-februar-nachziehen\/"},"modified":"2023-01-10T20:17:38","modified_gmt":"2023-01-10T18:17:38","slug":"sachsen-kuendigt-ende-der-maskenpflicht-im-oepnv-ab-16-januar-an-berlin-will-im-februar-nachziehen","status":"publish","type":"post","link":"https:\/\/now-news.de\/de\/deutschland\/sachsen-kuendigt-ende-der-maskenpflicht-im-oepnv-ab-16-januar-an-berlin-will-im-februar-nachziehen\/","title":{"rendered":"Sachsen k\u00fcndigt Ende der Maskenpflicht im \u00d6PNV ab 16. Januar an \u2013 Berlin will im Februar nachziehen"},"content":{"rendered":"<p><img decoding=\"async\" src=\"http:\/\/just-now.news\/de\/wp-content\/uploads\/sites\/3\/2023\/01\/63bd9f4148fbef5496135e41.jpg\" \/><\/p>\n<div class=\"Text-root Text-type_1 \">\n                Nach Sachsen-Anhalt, Bayern und Schleswig-Holstein endet n\u00e4chste Woche auch in Sachsen die Maskenpflicht in Bus und Bahn. Berlin zieht Anfang Februar nach \u2013 an Bundesregeln wie FFP2-Masken im Fernverkehr \u00e4ndert das aber nichts.\n            <\/div>\n<p><\/p>\n<div class=\"Text-root Text-type_5 ArticleView-text ViewText-root \">\n<p><a rel=\"nofollow noopener\" target=\"_blank\" href=\"https:\/\/www.mdr.de\/nachrichten\/sachsen\/corona-aufhebung-maskenpflicht-nahverkehr-102.html\">Laut<\/a> einem Bericht des <em>MDR<\/em> kann ab n\u00e4chstem Montag\u00a0in Sachsen\u00a0auf\u00a0Masken in Bus und Bahn verzichtet werden. Am Dienstag hat sich das s\u00e4chsische Kabinett auf ein Ende der Maskenpflicht im \u00f6ffentlichen Personennahverkehr ab dem 16. Januar einigen k\u00f6nnen.\u00a0Sachsens Sozialministerin Petra K\u00f6pping (SPD) betonte jedoch, dass das Tragen einer Maske in Bussen und Bahnen weiter &#8220;dringend empfohlen&#8221; werde. Zu Begr\u00fcndung hei\u00dft es weiter:<\/p>\n<blockquote>\n<p><em>&#8220;Corona-Schutzma\u00dfnahmen d\u00fcrfen nur mit Corona-bedingten \u00dcberlastungen des Gesundheitssystems begr\u00fcndet werden. [&#8230;] Viele Corona-Indikatoren zeichnen derzeit ein positives Bild.&#8221;<\/em><\/p>\n<\/blockquote>\n<p>Eine Maskenpflicht\u00a0m\u00fcsse es im Nahverkehr daher nicht mehr geben. Bundesregelungen wie das Tragen einer FFP2-Maske im Fernverkehr f\u00fcr Patienten und Besucher in Gesundheitseinrichtungen wie Arztpraxen oder Tageskliniken sowie in Krankenh\u00e4usern oder Pflegeeinrichtungen werden davon aber nicht ber\u00fchrt.\u00a0<\/p>\n<p>Neben Bayern und Sachsen-Anhalt will auch Berlin nachziehen.\u00a0Dort <a rel=\"nofollow noopener\" target=\"_blank\" href=\"https:\/\/www.morgenpost.de\/berlin\/article237332927\/Berlin-zieht-Ende-der-Maskenpflicht-auf-Anfang-Februar-vor.html?utm_term=Autofeed&amp;utm_campaign=BM&amp;utm_medium=social&amp;utm_source=Twitter#Echobox=1673358996\">endet<\/a> laut der <em>Berliner Morgenpost<\/em>\u00a0die Maskenpflicht in Bussen und Bahnen am 2. Februar. Einen entsprechenden Beschluss fasste der Senat am Dienstag bei seiner ersten Sitzung im neuen Jahr. Im Gegensatz zur Berliner FDP hatte sich vor allem\u00a0Gesundheitssenatorin Ulrike Gote (Gr\u00fcne) lange gegen den Verzicht auf die FFP2-Masken in Bussen und Bahnen\u00a0ausgesprochen.<\/p>\n<p><strong>Mehr zum Thema<\/strong> &#8211;\u00a0<a rel=\"nofollow noopener\" target=\"_blank\" href=\"https:\/\/test.rtde.tech\/meinung\/158358-ende-pandemie-ist-nicht-anfang\/\">Das Ende der Pandemie ist nicht der Anfang der Aufarbeitung<\/a><\/p>\n<\/div>\n<p><br \/>\n<br \/><a href=\"https:\/\/de.rt.com\/inland\/159458-sachsen-kuendigt-ende-maskenpflicht-im\/\">Source link <\/a><\/p>\n","protected":false},"excerpt":{"rendered":"<p>Nach Sachsen-Anhalt, Bayern und Schleswig-Holstein endet n\u00e4chste Woche auch in Sachsen die Maskenpflicht in Bus und Bahn. Berlin zieht Anfang Februar nach \u2013 an Bundesregeln wie FFP2-Masken im Fernverkehr \u00e4ndert das aber nichts. Laut einem Bericht des MDR kann ab n\u00e4chstem Montag\u00a0in Sachsen\u00a0auf\u00a0Masken in Bus und Bahn verzichtet werden. Am Dienstag hat sich das s\u00e4chsische [&hellip;]<\/p>\n","protected":false},"author":3,"featured_media":27347,"comment_status":"open","ping_status":"open","sticky":false,"template":"","format":"standard","meta":{"_yoast_indexnow_last_ping":["1673375289"],"wp_automatic_camp":["217"],"56e0f5e757ab9156329aa6bb805a439e":["Sachsen k\u00fcndigt Ende der Maskenpflicht im \u00d6PNV ab 16. Januar an \u2013 Berlin will im Februar nachziehen"],"original_link":["https:\/\/de.rt.com\/inland\/159458-sachsen-kuendigt-ende-maskenpflicht-im\/"],"_thumbnail_id":["27347"],"_wptgpro_p2tg_sent2tg":["a:1:{i:23737;s:19:\"2023-01-10 20:29:23\";}"],"jnews_social_counter_last_update":["1777575118"]},"categories":[19,23],"tags":[943,82,5375,21377,9472,4224,2656,4276,37066,5488],"yoast_head":"<!-- This site is optimized with the Yoast SEO Premium plugin v22.7 (Yoast SEO v22.7) - https:\/\/yoast.com\/wordpress\/plugins\/seo\/ -->\n<title>Sachsen k\u00fcndigt Ende der Maskenpflicht im \u00d6PNV ab 16. Januar an \u2013 Berlin will im Februar nachziehen - just-now.NEWS Deutschland<\/title>\n<meta name=\"robots\" content=\"index, follow, max-snippet:-1, max-image-preview:large, max-video-preview:-1\" \/>\n<link rel=\"canonical\" href=\"https:\/\/now-news.de\/de\/deutschland\/sachsen-kuendigt-ende-der-maskenpflicht-im-oepnv-ab-16-januar-an-berlin-will-im-februar-nachziehen\/\" \/>\n<meta property=\"og:locale\" content=\"de_DE\" \/>\n<meta property=\"og:type\" content=\"article\" \/>\n<meta property=\"og:title\" content=\"Sachsen k\u00fcndigt Ende der Maskenpflicht im \u00d6PNV ab 16. Januar an \u2013 Berlin will im Februar nachziehen\" \/>\n<meta property=\"og:description\" content=\"Nach Sachsen-Anhalt, Bayern und Schleswig-Holstein endet n\u00e4chste Woche auch in Sachsen die Maskenpflicht in Bus und Bahn. Berlin zieht Anfang Februar nach \u2013 an Bundesregeln wie FFP2-Masken im Fernverkehr \u00e4ndert das aber nichts. Laut einem Bericht des MDR kann ab n\u00e4chstem Montag\u00a0in Sachsen\u00a0auf\u00a0Masken in Bus und Bahn verzichtet werden. Am Dienstag hat sich das s\u00e4chsische [&hellip;]\" \/>\n<meta property=\"og:url\" content=\"https:\/\/now-news.de\/de\/deutschland\/sachsen-kuendigt-ende-der-maskenpflicht-im-oepnv-ab-16-januar-an-berlin-will-im-februar-nachziehen\/\" \/>\n<meta property=\"og:site_name\" content=\"just-now.NEWS Deutschland\" \/>\n<meta property=\"article:publisher\" content=\"https:\/\/www.facebook.com\/wirmachenauf\" \/>\n<meta property=\"article:published_time\" content=\"2023-01-10T18:17:38+00:00\" \/>\n<meta property=\"og:image\" content=\"https:\/\/now-news.de\/de\/wp-content\/uploads\/sites\/3\/2023\/01\/Sachsen-kuendigt-Ende-der-Maskenpflicht-im-OePNV-ab-16-Januar.jpg\" \/>\n\t<meta property=\"og:image:width\" content=\"460\" \/>\n\t<meta property=\"og:image:height\" content=\"259\" \/>\n\t<meta property=\"og:image:type\" content=\"image\/jpeg\" \/>\n<meta name=\"author\" content=\"rtnews\" \/>\n<meta name=\"twitter:card\" content=\"summary_large_image\" \/>\n<meta name=\"twitter:creator\" content=\"@WirMachenAuf_de\" \/>\n<meta name=\"twitter:site\" content=\"@WirMachenAuf_de\" \/>\n<meta name=\"twitter:label1\" content=\"Verfasst von\" \/>\n\t<meta name=\"twitter:data1\" content=\"rtnews\" \/>\n\t<meta name=\"twitter:label2\" content=\"Gesch\u00e4tzte Lesezeit\" \/>\n\t<meta name=\"twitter:data2\" content=\"1\u00a0Minute\" \/>\n<script type=\"application\/ld+json\" class=\"yoast-schema-graph\">{\"@context\":\"https:\/\/schema.org\",\"@graph\":[{\"@type\":\"Article\",\"@id\":\"https:\/\/now-news.de\/de\/deutschland\/sachsen-kuendigt-ende-der-maskenpflicht-im-oepnv-ab-16-januar-an-berlin-will-im-februar-nachziehen\/#article\",\"isPartOf\":{\"@id\":\"https:\/\/now-news.de\/de\/deutschland\/sachsen-kuendigt-ende-der-maskenpflicht-im-oepnv-ab-16-januar-an-berlin-will-im-februar-nachziehen\/\"},\"author\":{\"name\":\"rtnews\",\"@id\":\"https:\/\/now-news.de\/de\/#\/schema\/person\/fb534a4e865501d8b3285208df34a9b5\"},\"headline\":\"Sachsen k\u00fcndigt Ende der Maskenpflicht im \u00d6PNV ab 16. Januar an \u2013 Berlin will im Februar nachziehen\",\"datePublished\":\"2023-01-10T18:17:38+00:00\",\"dateModified\":\"2023-01-10T18:17:38+00:00\",\"mainEntityOfPage\":{\"@id\":\"https:\/\/now-news.de\/de\/deutschland\/sachsen-kuendigt-ende-der-maskenpflicht-im-oepnv-ab-16-januar-an-berlin-will-im-februar-nachziehen\/\"},\"wordCount\":264,\"commentCount\":0,\"publisher\":{\"@id\":\"https:\/\/now-news.de\/de\/#organization\"},\"image\":{\"@id\":\"https:\/\/now-news.de\/de\/deutschland\/sachsen-kuendigt-ende-der-maskenpflicht-im-oepnv-ab-16-januar-an-berlin-will-im-februar-nachziehen\/#primaryimage\"},\"thumbnailUrl\":\"https:\/\/now-news.de\/de\/wp-content\/uploads\/sites\/3\/2023\/01\/Sachsen-kuendigt-Ende-der-Maskenpflicht-im-OePNV-ab-16-Januar.jpg\",\"keywords\":[\"Berlin\",\"der\",\"Ende\",\"Februar\",\"Januar\",\"k\u00fcndigt\",\"maskenpflicht\",\"nachziehen\",\"\u00d6PNV\",\"Sachsen\"],\"articleSection\":[\"Deutschland\",\"Russland\"],\"inLanguage\":\"de\",\"potentialAction\":[{\"@type\":\"CommentAction\",\"name\":\"Comment\",\"target\":[\"https:\/\/now-news.de\/de\/deutschland\/sachsen-kuendigt-ende-der-maskenpflicht-im-oepnv-ab-16-januar-an-berlin-will-im-februar-nachziehen\/#respond\"]}]},{\"@type\":\"WebPage\",\"@id\":\"https:\/\/now-news.de\/de\/deutschland\/sachsen-kuendigt-ende-der-maskenpflicht-im-oepnv-ab-16-januar-an-berlin-will-im-februar-nachziehen\/\",\"url\":\"https:\/\/now-news.de\/de\/deutschland\/sachsen-kuendigt-ende-der-maskenpflicht-im-oepnv-ab-16-januar-an-berlin-will-im-februar-nachziehen\/\",\"name\":\"Sachsen k\u00fcndigt Ende der Maskenpflicht im \u00d6PNV ab 16. Januar an \u2013 Berlin will im Februar nachziehen - just-now.NEWS Deutschland\",\"isPartOf\":{\"@id\":\"https:\/\/now-news.de\/de\/#website\"},\"primaryImageOfPage\":{\"@id\":\"https:\/\/now-news.de\/de\/deutschland\/sachsen-kuendigt-ende-der-maskenpflicht-im-oepnv-ab-16-januar-an-berlin-will-im-februar-nachziehen\/#primaryimage\"},\"image\":{\"@id\":\"https:\/\/now-news.de\/de\/deutschland\/sachsen-kuendigt-ende-der-maskenpflicht-im-oepnv-ab-16-januar-an-berlin-will-im-februar-nachziehen\/#primaryimage\"},\"thumbnailUrl\":\"https:\/\/now-news.de\/de\/wp-content\/uploads\/sites\/3\/2023\/01\/Sachsen-kuendigt-Ende-der-Maskenpflicht-im-OePNV-ab-16-Januar.jpg\",\"datePublished\":\"2023-01-10T18:17:38+00:00\",\"dateModified\":\"2023-01-10T18:17:38+00:00\",\"breadcrumb\":{\"@id\":\"https:\/\/now-news.de\/de\/deutschland\/sachsen-kuendigt-ende-der-maskenpflicht-im-oepnv-ab-16-januar-an-berlin-will-im-februar-nachziehen\/#breadcrumb\"},\"inLanguage\":\"de\",\"potentialAction\":[{\"@type\":\"ReadAction\",\"target\":[\"https:\/\/now-news.de\/de\/deutschland\/sachsen-kuendigt-ende-der-maskenpflicht-im-oepnv-ab-16-januar-an-berlin-will-im-februar-nachziehen\/\"]}]},{\"@type\":\"ImageObject\",\"inLanguage\":\"de\",\"@id\":\"https:\/\/now-news.de\/de\/deutschland\/sachsen-kuendigt-ende-der-maskenpflicht-im-oepnv-ab-16-januar-an-berlin-will-im-februar-nachziehen\/#primaryimage\",\"url\":\"https:\/\/now-news.de\/de\/wp-content\/uploads\/sites\/3\/2023\/01\/Sachsen-kuendigt-Ende-der-Maskenpflicht-im-OePNV-ab-16-Januar.jpg\",\"contentUrl\":\"https:\/\/now-news.de\/de\/wp-content\/uploads\/sites\/3\/2023\/01\/Sachsen-kuendigt-Ende-der-Maskenpflicht-im-OePNV-ab-16-Januar.jpg\",\"width\":460,\"height\":259,\"caption\":\"Sachsen k\u00fcndigt Ende der Maskenpflicht im \u00d6PNV ab 16. Januar an \u2013 Berlin will im Februar nachziehen\"},{\"@type\":\"BreadcrumbList\",\"@id\":\"https:\/\/now-news.de\/de\/deutschland\/sachsen-kuendigt-ende-der-maskenpflicht-im-oepnv-ab-16-januar-an-berlin-will-im-februar-nachziehen\/#breadcrumb\",\"itemListElement\":[{\"@type\":\"ListItem\",\"position\":1,\"name\":\"Home\",\"item\":\"https:\/\/now-news.de\/de\/\"},{\"@type\":\"ListItem\",\"position\":2,\"name\":\"Sachsen k\u00fcndigt Ende der Maskenpflicht im \u00d6PNV ab 16. Januar an \u2013 Berlin will im Februar nachziehen\"}]},{\"@type\":\"WebSite\",\"@id\":\"https:\/\/now-news.de\/de\/#website\",\"url\":\"https:\/\/now-news.de\/de\/\",\"name\":\"just-now.NEWS Deutschland\",\"description\":\"Das Portal f\u00fcr unzensierte Nachrichten aus der Welt\",\"publisher\":{\"@id\":\"https:\/\/now-news.de\/de\/#organization\"},\"potentialAction\":[{\"@type\":\"SearchAction\",\"target\":{\"@type\":\"EntryPoint\",\"urlTemplate\":\"https:\/\/now-news.de\/de\/?s={search_term_string}\"},\"query-input\":\"required name=search_term_string\"}],\"inLanguage\":\"de\"},{\"@type\":\"Organization\",\"@id\":\"https:\/\/now-news.de\/de\/#organization\",\"name\":\"Just Now News\",\"url\":\"https:\/\/now-news.de\/de\/\",\"logo\":{\"@type\":\"ImageObject\",\"inLanguage\":\"de\",\"@id\":\"https:\/\/now-news.de\/de\/#\/schema\/logo\/image\/\",\"url\":\"http:\/\/just-now.news\/de\/wp-content\/uploads\/sites\/3\/2022\/04\/logo500x500.jpg\",\"contentUrl\":\"http:\/\/just-now.news\/de\/wp-content\/uploads\/sites\/3\/2022\/04\/logo500x500.jpg\",\"width\":500,\"height\":500,\"caption\":\"Just Now News\"},\"image\":{\"@id\":\"https:\/\/now-news.de\/de\/#\/schema\/logo\/image\/\"},\"sameAs\":[\"https:\/\/www.facebook.com\/wirmachenauf\",\"https:\/\/x.com\/WirMachenAuf_de\"]},{\"@type\":\"Person\",\"@id\":\"https:\/\/now-news.de\/de\/#\/schema\/person\/fb534a4e865501d8b3285208df34a9b5\",\"name\":\"rtnews\",\"image\":{\"@type\":\"ImageObject\",\"inLanguage\":\"de\",\"@id\":\"https:\/\/now-news.de\/de\/#\/schema\/person\/image\/\",\"url\":\"https:\/\/secure.gravatar.com\/avatar\/82aafea7d8127119dd649515f56e2117?s=96&d=mm&r=g\",\"contentUrl\":\"https:\/\/secure.gravatar.com\/avatar\/82aafea7d8127119dd649515f56e2117?s=96&d=mm&r=g\",\"caption\":\"rtnews\"},\"url\":\"https:\/\/now-news.de\/de\/author\/rnews\/\"}]}<\/script>\n<!-- \/ Yoast SEO Premium plugin. -->","yoast_head_json":{"title":"Sachsen k\u00fcndigt Ende der Maskenpflicht im \u00d6PNV ab 16. Januar an \u2013 Berlin will im Februar nachziehen - just-now.NEWS Deutschland","robots":{"index":"index","follow":"follow","max-snippet":"max-snippet:-1","max-image-preview":"max-image-preview:large","max-video-preview":"max-video-preview:-1"},"canonical":"https:\/\/now-news.de\/de\/deutschland\/sachsen-kuendigt-ende-der-maskenpflicht-im-oepnv-ab-16-januar-an-berlin-will-im-februar-nachziehen\/","og_locale":"de_DE","og_type":"article","og_title":"Sachsen k\u00fcndigt Ende der Maskenpflicht im \u00d6PNV ab 16. Januar an \u2013 Berlin will im Februar nachziehen","og_description":"Nach Sachsen-Anhalt, Bayern und Schleswig-Holstein endet n\u00e4chste Woche auch in Sachsen die Maskenpflicht in Bus und Bahn. Berlin zieht Anfang Februar nach \u2013 an Bundesregeln wie FFP2-Masken im Fernverkehr \u00e4ndert das aber nichts. Laut einem Bericht des MDR kann ab n\u00e4chstem Montag\u00a0in Sachsen\u00a0auf\u00a0Masken in Bus und Bahn verzichtet werden. Am Dienstag hat sich das s\u00e4chsische [&hellip;]","og_url":"https:\/\/now-news.de\/de\/deutschland\/sachsen-kuendigt-ende-der-maskenpflicht-im-oepnv-ab-16-januar-an-berlin-will-im-februar-nachziehen\/","og_site_name":"just-now.NEWS Deutschland","article_publisher":"https:\/\/www.facebook.com\/wirmachenauf","article_published_time":"2023-01-10T18:17:38+00:00","og_image":[{"width":460,"height":259,"url":"https:\/\/now-news.de\/de\/wp-content\/uploads\/sites\/3\/2023\/01\/Sachsen-kuendigt-Ende-der-Maskenpflicht-im-OePNV-ab-16-Januar.jpg","type":"image\/jpeg"}],"author":"rtnews","twitter_card":"summary_large_image","twitter_creator":"@WirMachenAuf_de","twitter_site":"@WirMachenAuf_de","twitter_misc":{"Verfasst von":"rtnews","Gesch\u00e4tzte Lesezeit":"1\u00a0Minute"},"schema":{"@context":"https:\/\/schema.org","@graph":[{"@type":"Article","@id":"https:\/\/now-news.de\/de\/deutschland\/sachsen-kuendigt-ende-der-maskenpflicht-im-oepnv-ab-16-januar-an-berlin-will-im-februar-nachziehen\/#article","isPartOf":{"@id":"https:\/\/now-news.de\/de\/deutschland\/sachsen-kuendigt-ende-der-maskenpflicht-im-oepnv-ab-16-januar-an-berlin-will-im-februar-nachziehen\/"},"author":{"name":"rtnews","@id":"https:\/\/now-news.de\/de\/#\/schema\/person\/fb534a4e865501d8b3285208df34a9b5"},"headline":"Sachsen k\u00fcndigt Ende der Maskenpflicht im \u00d6PNV ab 16. Januar an \u2013 Berlin will im Februar nachziehen","datePublished":"2023-01-10T18:17:38+00:00","dateModified":"2023-01-10T18:17:38+00:00","mainEntityOfPage":{"@id":"https:\/\/now-news.de\/de\/deutschland\/sachsen-kuendigt-ende-der-maskenpflicht-im-oepnv-ab-16-januar-an-berlin-will-im-februar-nachziehen\/"},"wordCount":264,"commentCount":0,"publisher":{"@id":"https:\/\/now-news.de\/de\/#organization"},"image":{"@id":"https:\/\/now-news.de\/de\/deutschland\/sachsen-kuendigt-ende-der-maskenpflicht-im-oepnv-ab-16-januar-an-berlin-will-im-februar-nachziehen\/#primaryimage"},"thumbnailUrl":"https:\/\/now-news.de\/de\/wp-content\/uploads\/sites\/3\/2023\/01\/Sachsen-kuendigt-Ende-der-Maskenpflicht-im-OePNV-ab-16-Januar.jpg","keywords":["Berlin","der","Ende","Februar","Januar","k\u00fcndigt","maskenpflicht","nachziehen","\u00d6PNV","Sachsen"],"articleSection":["Deutschland","Russland"],"inLanguage":"de","potentialAction":[{"@type":"CommentAction","name":"Comment","target":["https:\/\/now-news.de\/de\/deutschland\/sachsen-kuendigt-ende-der-maskenpflicht-im-oepnv-ab-16-januar-an-berlin-will-im-februar-nachziehen\/#respond"]}]},{"@type":"WebPage","@id":"https:\/\/now-news.de\/de\/deutschland\/sachsen-kuendigt-ende-der-maskenpflicht-im-oepnv-ab-16-januar-an-berlin-will-im-februar-nachziehen\/","url":"https:\/\/now-news.de\/de\/deutschland\/sachsen-kuendigt-ende-der-maskenpflicht-im-oepnv-ab-16-januar-an-berlin-will-im-februar-nachziehen\/","name":"Sachsen k\u00fcndigt Ende der Maskenpflicht im \u00d6PNV ab 16. Januar an \u2013 Berlin will im Februar nachziehen - just-now.NEWS Deutschland","isPartOf":{"@id":"https:\/\/now-news.de\/de\/#website"},"primaryImageOfPage":{"@id":"https:\/\/now-news.de\/de\/deutschland\/sachsen-kuendigt-ende-der-maskenpflicht-im-oepnv-ab-16-januar-an-berlin-will-im-februar-nachziehen\/#primaryimage"},"image":{"@id":"https:\/\/now-news.de\/de\/deutschland\/sachsen-kuendigt-ende-der-maskenpflicht-im-oepnv-ab-16-januar-an-berlin-will-im-februar-nachziehen\/#primaryimage"},"thumbnailUrl":"https:\/\/now-news.de\/de\/wp-content\/uploads\/sites\/3\/2023\/01\/Sachsen-kuendigt-Ende-der-Maskenpflicht-im-OePNV-ab-16-Januar.jpg","datePublished":"2023-01-10T18:17:38+00:00","dateModified":"2023-01-10T18:17:38+00:00","breadcrumb":{"@id":"https:\/\/now-news.de\/de\/deutschland\/sachsen-kuendigt-ende-der-maskenpflicht-im-oepnv-ab-16-januar-an-berlin-will-im-februar-nachziehen\/#breadcrumb"},"inLanguage":"de","potentialAction":[{"@type":"ReadAction","target":["https:\/\/now-news.de\/de\/deutschland\/sachsen-kuendigt-ende-der-maskenpflicht-im-oepnv-ab-16-januar-an-berlin-will-im-februar-nachziehen\/"]}]},{"@type":"ImageObject","inLanguage":"de","@id":"https:\/\/now-news.de\/de\/deutschland\/sachsen-kuendigt-ende-der-maskenpflicht-im-oepnv-ab-16-januar-an-berlin-will-im-februar-nachziehen\/#primaryimage","url":"https:\/\/now-news.de\/de\/wp-content\/uploads\/sites\/3\/2023\/01\/Sachsen-kuendigt-Ende-der-Maskenpflicht-im-OePNV-ab-16-Januar.jpg","contentUrl":"https:\/\/now-news.de\/de\/wp-content\/uploads\/sites\/3\/2023\/01\/Sachsen-kuendigt-Ende-der-Maskenpflicht-im-OePNV-ab-16-Januar.jpg","width":460,"height":259,"caption":"Sachsen k\u00fcndigt Ende der Maskenpflicht im \u00d6PNV ab 16. Januar an \u2013 Berlin will im Februar nachziehen"},{"@type":"BreadcrumbList","@id":"https:\/\/now-news.de\/de\/deutschland\/sachsen-kuendigt-ende-der-maskenpflicht-im-oepnv-ab-16-januar-an-berlin-will-im-februar-nachziehen\/#breadcrumb","itemListElement":[{"@type":"ListItem","position":1,"name":"Home","item":"https:\/\/now-news.de\/de\/"},{"@type":"ListItem","position":2,"name":"Sachsen k\u00fcndigt Ende der Maskenpflicht im \u00d6PNV ab 16. Januar an \u2013 Berlin will im Februar nachziehen"}]},{"@type":"WebSite","@id":"https:\/\/now-news.de\/de\/#website","url":"https:\/\/now-news.de\/de\/","name":"just-now.NEWS Deutschland","description":"Das Portal f\u00fcr unzensierte Nachrichten aus der Welt","publisher":{"@id":"https:\/\/now-news.de\/de\/#organization"},"potentialAction":[{"@type":"SearchAction","target":{"@type":"EntryPoint","urlTemplate":"https:\/\/now-news.de\/de\/?s={search_term_string}"},"query-input":"required name=search_term_string"}],"inLanguage":"de"},{"@type":"Organization","@id":"https:\/\/now-news.de\/de\/#organization","name":"Just Now News","url":"https:\/\/now-news.de\/de\/","logo":{"@type":"ImageObject","inLanguage":"de","@id":"https:\/\/now-news.de\/de\/#\/schema\/logo\/image\/","url":"http:\/\/just-now.news\/de\/wp-content\/uploads\/sites\/3\/2022\/04\/logo500x500.jpg","contentUrl":"http:\/\/just-now.news\/de\/wp-content\/uploads\/sites\/3\/2022\/04\/logo500x500.jpg","width":500,"height":500,"caption":"Just Now News"},"image":{"@id":"https:\/\/now-news.de\/de\/#\/schema\/logo\/image\/"},"sameAs":["https:\/\/www.facebook.com\/wirmachenauf","https:\/\/x.com\/WirMachenAuf_de"]},{"@type":"Person","@id":"https:\/\/now-news.de\/de\/#\/schema\/person\/fb534a4e865501d8b3285208df34a9b5","name":"rtnews","image":{"@type":"ImageObject","inLanguage":"de","@id":"https:\/\/now-news.de\/de\/#\/schema\/person\/image\/","url":"https:\/\/secure.gravatar.com\/avatar\/82aafea7d8127119dd649515f56e2117?s=96&d=mm&r=g","contentUrl":"https:\/\/secure.gravatar.com\/avatar\/82aafea7d8127119dd649515f56e2117?s=96&d=mm&r=g","caption":"rtnews"},"url":"https:\/\/now-news.de\/de\/author\/rnews\/"}]}},"_links":{"self":[{"href":"https:\/\/now-news.de\/de\/wp-json\/wp\/v2\/posts\/27346"}],"collection":[{"href":"https:\/\/now-news.de\/de\/wp-json\/wp\/v2\/posts"}],"about":[{"href":"https:\/\/now-news.de\/de\/wp-json\/wp\/v2\/types\/post"}],"author":[{"embeddable":true,"href":"https:\/\/now-news.de\/de\/wp-json\/wp\/v2\/users\/3"}],"replies":[{"embeddable":true,"href":"https:\/\/now-news.de\/de\/wp-json\/wp\/v2\/comments?post=27346"}],"version-history":[{"count":0,"href":"https:\/\/now-news.de\/de\/wp-json\/wp\/v2\/posts\/27346\/revisions"}],"wp:featuredmedia":[{"embeddable":true,"href":"https:\/\/now-news.de\/de\/wp-json\/wp\/v2\/media\/27347"}],"wp:attachment":[{"href":"https:\/\/now-news.de\/de\/wp-json\/wp\/v2\/media?parent=27346"}],"wp:term":[{"taxonomy":"category","embeddable":true,"href":"https:\/\/now-news.de\/de\/wp-json\/wp\/v2\/categories?post=27346"},{"taxonomy":"post_tag","embeddable":true,"href":"https:\/\/now-news.de\/de\/wp-json\/wp\/v2\/tags?post=27346"}],"curies":[{"name":"wp","href":"https:\/\/api.w.org\/{rel}","templated":true}]}}