{"id":27329,"date":"2023-01-10T18:15:57","date_gmt":"2023-01-10T16:15:57","guid":{"rendered":"https:\/\/just-now.news\/de\/deutschland\/paris-statt-bachmut-presseoffizierin-der-ukrainischen-grenztruppen-feiert-glamouroes-silvester\/"},"modified":"2023-01-10T18:15:57","modified_gmt":"2023-01-10T16:15:57","slug":"paris-statt-bachmut-presseoffizierin-der-ukrainischen-grenztruppen-feiert-glamouroes-silvester","status":"publish","type":"post","link":"https:\/\/now-news.de\/de\/deutschland\/paris-statt-bachmut-presseoffizierin-der-ukrainischen-grenztruppen-feiert-glamouroes-silvester\/","title":{"rendered":"Paris statt Bachmut: Presseoffizierin der ukrainischen Grenztruppen feiert glamour\u00f6s Silvester"},"content":{"rendered":"<div class=\"Text-root Text-type_1 \">\n                Sie galt als das &#8220;Gesicht der Grenzschutztruppen&#8221; der Ukraine. Mit freiz\u00fcgigen Fotos aus Paris und vom Urlaub am Meer hat die Pressesprecherin der Grenzschutzregion S\u00fcd nun den Unmut in den ukrainischen sozialen Netzwerken auf sich gezogen: Party zu feiern, w\u00e4hrend ihre Kollegen an der Front sterben, schicke sich nicht.\n            <\/div>\n<p><\/p>\n<div class=\"Text-root Text-type_5 ArticleView-text ViewText-root \">\n<p>Auf Twitter sind Videoaufnahmen aufgetaucht, die eine langhaarige Br\u00fcnette in einem knappen Partykleid vor dem Pariser Eiffelturm zeigen. Nach Informationen der ukrainischen Nachrichtenagentur <em>UNIAN<\/em>, die dem Oligarchen Igor Kolomojskij geh\u00f6rt, soll es sich dabei um <a rel=\"nofollow noopener\" target=\"_blank\" href=\"https:\/\/www.unian.net\/society\/molodaya-press-oficersha-gpsu-popala-v-skandal-iz-za-hvastovstva-roskoshnymi-kadrami-s-otdyha-12101967.html\">Iwanna Plantowskaja<\/a>, die Pressesprecherin der S\u00fcdlichen Abteilung des staatlichen Grenzschutzdienstes der Ukraine mit Sitz in Odessa, handeln. <em>UNIAN<\/em> berichtet, dass die Plantowskaja selbst die Aufnahmen der Silvesterfeier sowie weitere Bilder, die sie beim Urlaub am Meer zeigen, auf ihren Accounts in diversen sozialen Netzwerken ver\u00f6ffentlicht hat.\u00a0<\/p>\n<figure class=\"RTImage-root\">\n<div class=\"RTImage-image RTImage-original\"><picture class=\"Picture-root Picture-original\"><!--[if IE 9]><video style=\"display: none;\"><![endif]--><source media=\"(-webkit-min-device-pixel-ratio: 2) and (min-resolution: 120dpi)\" data-srcset=\" \nhttp:\/\/just-now.news\/de\/wp-content\/uploads\/sites\/3\/2023\/01\/63bd7772b480cc3e601e02d4.JPG 850w,\n                http:\/\/just-now.news\/de\/wp-content\/uploads\/sites\/3\/2023\/01\/63bd7772b480cc3e601e02d4.JPG 1960w,\n            \" ><source data-srcset=\" \nhttp:\/\/just-now.news\/de\/wp-content\/uploads\/sites\/3\/2023\/01\/63bd7772b480cc3e601e02d4.JPG 460w,\n              http:\/\/just-now.news\/de\/wp-content\/uploads\/sites\/3\/2023\/01\/63bd7772b480cc3e601e02d4.JPG 980w,\n            \" ><!--[if IE 9]><\/video><![endif]--><img decoding=\"async\" data- src=\"data:image\/png;base64,iVBORw0KGgoAAAANSUhEUgAAABAAAAAJCAQAAACRI2S5AAAAEElEQVR42mNkIAAYRxWAAQAG9gAKqv6+AwAAAABJRU5ErkJggg==\" class=\"Picture-root Picture-original lazyload\" data-src=\"http:\/\/just-now.news\/de\/wp-content\/uploads\/sites\/3\/2023\/01\/63bd7772b480cc3e601e02d4.JPG\" alt=\"\"><\/source><\/source><\/picture><!-- noscript pattern --><noscript><img decoding=\"async\" src=\"http:\/\/just-now.news\/de\/wp-content\/uploads\/sites\/3\/2023\/01\/63bd7772b480cc3e601e02d4.JPG\" alt=\"\"><\/noscript><\/div><figcaption class=\"RTImage-footer\"><span class=\"RTImage-caption\"><span class=\"RTImage-captionItem\">Das Auto der Plantkowskaja hat ein individuelles Kennzeichen (Screenshot ihrer FB-Seite)<\/span><\/span><span class=\"RTImage-source\"><\/span><\/figcaption><\/figure>\n<\/p>\n<figure class=\"RTImage-root\">\n<div class=\"RTImage-image RTImage-original\"><picture class=\"Picture-root Picture-original\"><!--[if IE 9]><video style=\"display: none;\"><![endif]--><source media=\"(-webkit-min-device-pixel-ratio: 2) and (min-resolution: 120dpi)\" data-srcset=\" \nhttp:\/\/just-now.news\/de\/wp-content\/uploads\/sites\/3\/2023\/01\/63bd786948fbef5464140f0e.JPG 850w,\n                http:\/\/just-now.news\/de\/wp-content\/uploads\/sites\/3\/2023\/01\/63bd786948fbef5464140f0e.JPG 1960w,\n            \" ><source data-srcset=\" \nhttp:\/\/just-now.news\/de\/wp-content\/uploads\/sites\/3\/2023\/01\/63bd786948fbef5464140f0e.JPG 460w,\n              http:\/\/just-now.news\/de\/wp-content\/uploads\/sites\/3\/2023\/01\/63bd786948fbef5464140f0e.JPG 980w,\n            \" ><!--[if IE 9]><\/video><![endif]--><img decoding=\"async\" data- src=\"data:image\/png;base64,iVBORw0KGgoAAAANSUhEUgAAABAAAAAJCAQAAACRI2S5AAAAEElEQVR42mNkIAAYRxWAAQAG9gAKqv6+AwAAAABJRU5ErkJggg==\" class=\"Picture-root Picture-original lazyload\" data-src=\"http:\/\/just-now.news\/de\/wp-content\/uploads\/sites\/3\/2023\/01\/63bd786948fbef5464140f0e.JPG\" alt=\"\"><\/source><\/source><\/picture><!-- noscript pattern --><noscript><img decoding=\"async\" src=\"http:\/\/just-now.news\/de\/wp-content\/uploads\/sites\/3\/2023\/01\/63bd786948fbef5464140f0e.JPG\" alt=\"\"><\/noscript><\/div><figcaption class=\"RTImage-footer\"><span class=\"RTImage-caption\"><span class=\"RTImage-captionItem\">Iwanna Plantowskaja in Dienstuniform (Screenshot der FB-Seite)<\/span><\/span><span class=\"RTImage-source\"><\/span><\/figcaption><\/figure>\n<p>Nachdem die Pressesprecherin die Aufmerksamkeit auf sich gezogen hatte, schloss sie umgehend ihr Facebook- und Tiktok-Profil, aber die Nutzer der sozialen Medien hatten bereits Screenshots gespeichert, die nun im Umlauf sind.<\/p>\n<p>Der Twitternutzer mit dem Pseudonym &#8220;Try Thinking for Once&#8221; schreibt, dass dies in der Zeit geschieht, in der &#8220;ihre Untergebenen in dem Fleischwolf von Bachmut&#8221; sterben. Der Skandal um Plantowskaja wurde international bekannt. Unter anderem berichteten bulgarische Medien dar\u00fcber.\u00a0<\/p>\n<p>Die ukrainische Grenzschutzbeh\u00f6rde reagierte auf Anfrage von <em>UNIAN<\/em> umgehend auf den Vorfall: Die Pressesprecherin soll &#8220;entsprechend des Gesetzes&#8221; behandelt werden. <a rel=\"nofollow noopener\" target=\"_blank\" href=\"https:\/\/www.unian.net\/curiosities\/ivanna-plantovskaya-v-gpsu-prokommentirovali-skandal-vokrug-press-oficershi-12103482.html\">Andrei Demtschenko<\/a>, Sprecher des staatlichen Grenzdienstes der Ukraine, sagte in einem Kommentar gegen\u00fcber <em>UNIAN:<\/em><\/p>\n<blockquote>\n<p><em>&#8220;Ich habe kein Recht, mich zum Privatleben der Soldaten und Offiziere zu \u00e4u\u00dfern, das ist immer Privatsache eines jeden. Ich kann jedoch feststellen, dass die Agentur auf die Situation, die sich in den letzten Tagen im Zusammenhang mit unserer Soldatin aus Odessa entwickelt hat, sofort reagiert hat. Insbesondere werden Entscheidungen \u00fcber ihren weiteren Dienst und die Erf\u00fcllung ihrer Aufgaben getroffen werden. Die Entscheidungen werden innerhalb des rechtlichen Rahmens getroffen.&#8221;<\/em><\/p>\n<\/blockquote>\n<p>Demtschenko bezeichnete es als &#8220;schade&#8221;, dass es in der Zeit, in der Mitarbeiter des Grenzschutzes &#8220;die Ukraine mit der Waffe in der Hand verteidigen und f\u00fcr das Land sterben&#8221;, es Beamte der Beh\u00f6rde gibt, die mit ihrem luxuri\u00f6sen Privatleben prahlen. Er nannte ein solches Verhalten in Zeiten des Krieges &#8220;inakzeptabel&#8221;. Plantowskaja ist mit einem reichen Gesch\u00e4ftsmann verheiratet, so dass kein Verdacht auf Korruption bestehe.<\/p>\n<p>Die Erfahrung, dass in den nicht unmittelbar von Kampfhandlungen betroffenen Teilen der Ukraine dauerhaft <a rel=\"nofollow noopener\" target=\"_blank\" href=\"https:\/\/test.rtde.tech\/inland\/145798-faeser-bereut-sektglas-foto-normales-alltagsleben-in-kiew\/\">Partystimmung herrscht<\/a>, hat unter anderem die deutsche Bundesinnenministerin Nancy Faeser gemacht.\u00a0\u00a0<\/p>\n<p><strong>Mehr zum Thema<\/strong> &#8211; <a rel=\"nofollow noopener\" target=\"_blank\" href=\"https:\/\/test.rtde.tech\/gesellschaft\/144551-krieg-ist-schick-kiewer-fotoshootings\/\">Krieg ist schick? Kiewer Fotoshootings (auch deutscher) Promis werfen Fragen auf<\/a><\/p>\n<\/div>\n<p><br \/>\n<br \/><a href=\"https:\/\/de.rt.com\/international\/159433-paris-statt-bachmut-presseoffizierin-ukrainischen\/\">Source link <\/a><\/p>\n","protected":false},"excerpt":{"rendered":"<p>Sie galt als das &#8220;Gesicht der Grenzschutztruppen&#8221; der Ukraine. Mit freiz\u00fcgigen Fotos aus Paris und vom Urlaub am Meer hat die Pressesprecherin der Grenzschutzregion S\u00fcd nun den Unmut in den ukrainischen sozialen Netzwerken auf sich gezogen: Party zu feiern, w\u00e4hrend ihre Kollegen an der Front sterben, schicke sich nicht. Auf Twitter sind Videoaufnahmen aufgetaucht, die [&hellip;]<\/p>\n","protected":false},"author":3,"featured_media":27330,"comment_status":"open","ping_status":"open","sticky":false,"template":"","format":"standard","meta":{"_yoast_indexnow_last_ping":["1673367598"],"wp_automatic_camp":["217"],"0ff0a71d81331ef560b1dff290c348d3":["Paris statt Bachmut: Presseoffizierin der ukrainischen Grenztruppen feiert glamour\u00f6s Silvester"],"original_link":["https:\/\/de.rt.com\/international\/159433-paris-statt-bachmut-presseoffizierin-ukrainischen\/"],"_thumbnail_id":["27330"],"_wptgpro_p2tg_sent2tg":["a:1:{i:23737;s:19:\"2023-01-10 18:21:08\";}"],"jnews_social_counter_last_update":["1777177274"]},"categories":[19,23],"tags":[38209,82,11639,38798,38797,9609,38796,30822,6396,2332],"yoast_head":"<!-- This site is optimized with the Yoast SEO Premium plugin v22.7 (Yoast SEO v22.7) - https:\/\/yoast.com\/wordpress\/plugins\/seo\/ -->\n<title>Paris statt Bachmut: Presseoffizierin der ukrainischen Grenztruppen feiert glamour\u00f6s Silvester - just-now.NEWS Deutschland<\/title>\n<meta name=\"robots\" content=\"index, follow, max-snippet:-1, max-image-preview:large, max-video-preview:-1\" \/>\n<link rel=\"canonical\" href=\"https:\/\/now-news.de\/de\/deutschland\/paris-statt-bachmut-presseoffizierin-der-ukrainischen-grenztruppen-feiert-glamouroes-silvester\/\" \/>\n<meta property=\"og:locale\" content=\"de_DE\" \/>\n<meta property=\"og:type\" content=\"article\" \/>\n<meta property=\"og:title\" content=\"Paris statt Bachmut: Presseoffizierin der ukrainischen Grenztruppen feiert glamour\u00f6s Silvester\" \/>\n<meta property=\"og:description\" content=\"Sie galt als das &#8220;Gesicht der Grenzschutztruppen&#8221; der Ukraine. Mit freiz\u00fcgigen Fotos aus Paris und vom Urlaub am Meer hat die Pressesprecherin der Grenzschutzregion S\u00fcd nun den Unmut in den ukrainischen sozialen Netzwerken auf sich gezogen: Party zu feiern, w\u00e4hrend ihre Kollegen an der Front sterben, schicke sich nicht. Auf Twitter sind Videoaufnahmen aufgetaucht, die [&hellip;]\" \/>\n<meta property=\"og:url\" content=\"https:\/\/now-news.de\/de\/deutschland\/paris-statt-bachmut-presseoffizierin-der-ukrainischen-grenztruppen-feiert-glamouroes-silvester\/\" \/>\n<meta property=\"og:site_name\" content=\"just-now.NEWS Deutschland\" \/>\n<meta property=\"article:publisher\" content=\"https:\/\/www.facebook.com\/wirmachenauf\" \/>\n<meta property=\"article:published_time\" content=\"2023-01-10T16:15:57+00:00\" \/>\n<meta property=\"og:image\" content=\"https:\/\/now-news.de\/de\/wp-content\/uploads\/sites\/3\/2023\/01\/Paris-statt-Bachmut-Presseoffizierin-der-ukrainischen-Grenztruppen-feiert-glamouroes-Silvester.JPG\" \/>\n\t<meta property=\"og:image:width\" content=\"929\" \/>\n\t<meta property=\"og:image:height\" content=\"812\" \/>\n\t<meta property=\"og:image:type\" content=\"image\/jpeg\" \/>\n<meta name=\"author\" content=\"rtnews\" \/>\n<meta name=\"twitter:card\" content=\"summary_large_image\" \/>\n<meta name=\"twitter:creator\" content=\"@WirMachenAuf_de\" \/>\n<meta name=\"twitter:site\" content=\"@WirMachenAuf_de\" \/>\n<meta name=\"twitter:label1\" content=\"Verfasst von\" \/>\n\t<meta name=\"twitter:data1\" content=\"rtnews\" \/>\n\t<meta name=\"twitter:label2\" content=\"Gesch\u00e4tzte Lesezeit\" \/>\n\t<meta name=\"twitter:data2\" content=\"2\u00a0Minuten\" \/>\n<script type=\"application\/ld+json\" class=\"yoast-schema-graph\">{\"@context\":\"https:\/\/schema.org\",\"@graph\":[{\"@type\":\"Article\",\"@id\":\"https:\/\/now-news.de\/de\/deutschland\/paris-statt-bachmut-presseoffizierin-der-ukrainischen-grenztruppen-feiert-glamouroes-silvester\/#article\",\"isPartOf\":{\"@id\":\"https:\/\/now-news.de\/de\/deutschland\/paris-statt-bachmut-presseoffizierin-der-ukrainischen-grenztruppen-feiert-glamouroes-silvester\/\"},\"author\":{\"name\":\"rtnews\",\"@id\":\"https:\/\/now-news.de\/de\/#\/schema\/person\/fb534a4e865501d8b3285208df34a9b5\"},\"headline\":\"Paris statt Bachmut: Presseoffizierin der ukrainischen Grenztruppen feiert glamour\u00f6s Silvester\",\"datePublished\":\"2023-01-10T16:15:57+00:00\",\"dateModified\":\"2023-01-10T16:15:57+00:00\",\"mainEntityOfPage\":{\"@id\":\"https:\/\/now-news.de\/de\/deutschland\/paris-statt-bachmut-presseoffizierin-der-ukrainischen-grenztruppen-feiert-glamouroes-silvester\/\"},\"wordCount\":455,\"commentCount\":0,\"publisher\":{\"@id\":\"https:\/\/now-news.de\/de\/#organization\"},\"image\":{\"@id\":\"https:\/\/now-news.de\/de\/deutschland\/paris-statt-bachmut-presseoffizierin-der-ukrainischen-grenztruppen-feiert-glamouroes-silvester\/#primaryimage\"},\"thumbnailUrl\":\"https:\/\/now-news.de\/de\/wp-content\/uploads\/sites\/3\/2023\/01\/Paris-statt-Bachmut-Presseoffizierin-der-ukrainischen-Grenztruppen-feiert-glamouroes-Silvester.JPG\",\"keywords\":[\"Bachmut\",\"der\",\"feiert\",\"glamour\u00f6s\",\"Grenztruppen\",\"Paris\",\"Presseoffizierin\",\"Silvester\",\"Statt\",\"ukrainischen\"],\"articleSection\":[\"Deutschland\",\"Russland\"],\"inLanguage\":\"de\",\"potentialAction\":[{\"@type\":\"CommentAction\",\"name\":\"Comment\",\"target\":[\"https:\/\/now-news.de\/de\/deutschland\/paris-statt-bachmut-presseoffizierin-der-ukrainischen-grenztruppen-feiert-glamouroes-silvester\/#respond\"]}]},{\"@type\":\"WebPage\",\"@id\":\"https:\/\/now-news.de\/de\/deutschland\/paris-statt-bachmut-presseoffizierin-der-ukrainischen-grenztruppen-feiert-glamouroes-silvester\/\",\"url\":\"https:\/\/now-news.de\/de\/deutschland\/paris-statt-bachmut-presseoffizierin-der-ukrainischen-grenztruppen-feiert-glamouroes-silvester\/\",\"name\":\"Paris statt Bachmut: Presseoffizierin der ukrainischen Grenztruppen feiert glamour\u00f6s Silvester - just-now.NEWS Deutschland\",\"isPartOf\":{\"@id\":\"https:\/\/now-news.de\/de\/#website\"},\"primaryImageOfPage\":{\"@id\":\"https:\/\/now-news.de\/de\/deutschland\/paris-statt-bachmut-presseoffizierin-der-ukrainischen-grenztruppen-feiert-glamouroes-silvester\/#primaryimage\"},\"image\":{\"@id\":\"https:\/\/now-news.de\/de\/deutschland\/paris-statt-bachmut-presseoffizierin-der-ukrainischen-grenztruppen-feiert-glamouroes-silvester\/#primaryimage\"},\"thumbnailUrl\":\"https:\/\/now-news.de\/de\/wp-content\/uploads\/sites\/3\/2023\/01\/Paris-statt-Bachmut-Presseoffizierin-der-ukrainischen-Grenztruppen-feiert-glamouroes-Silvester.JPG\",\"datePublished\":\"2023-01-10T16:15:57+00:00\",\"dateModified\":\"2023-01-10T16:15:57+00:00\",\"breadcrumb\":{\"@id\":\"https:\/\/now-news.de\/de\/deutschland\/paris-statt-bachmut-presseoffizierin-der-ukrainischen-grenztruppen-feiert-glamouroes-silvester\/#breadcrumb\"},\"inLanguage\":\"de\",\"potentialAction\":[{\"@type\":\"ReadAction\",\"target\":[\"https:\/\/now-news.de\/de\/deutschland\/paris-statt-bachmut-presseoffizierin-der-ukrainischen-grenztruppen-feiert-glamouroes-silvester\/\"]}]},{\"@type\":\"ImageObject\",\"inLanguage\":\"de\",\"@id\":\"https:\/\/now-news.de\/de\/deutschland\/paris-statt-bachmut-presseoffizierin-der-ukrainischen-grenztruppen-feiert-glamouroes-silvester\/#primaryimage\",\"url\":\"https:\/\/now-news.de\/de\/wp-content\/uploads\/sites\/3\/2023\/01\/Paris-statt-Bachmut-Presseoffizierin-der-ukrainischen-Grenztruppen-feiert-glamouroes-Silvester.JPG\",\"contentUrl\":\"https:\/\/now-news.de\/de\/wp-content\/uploads\/sites\/3\/2023\/01\/Paris-statt-Bachmut-Presseoffizierin-der-ukrainischen-Grenztruppen-feiert-glamouroes-Silvester.JPG\",\"width\":929,\"height\":812,\"caption\":\"Paris statt Bachmut: Presseoffizierin der ukrainischen Grenztruppen feiert glamour\u00f6s Silvester\"},{\"@type\":\"BreadcrumbList\",\"@id\":\"https:\/\/now-news.de\/de\/deutschland\/paris-statt-bachmut-presseoffizierin-der-ukrainischen-grenztruppen-feiert-glamouroes-silvester\/#breadcrumb\",\"itemListElement\":[{\"@type\":\"ListItem\",\"position\":1,\"name\":\"Home\",\"item\":\"https:\/\/now-news.de\/de\/\"},{\"@type\":\"ListItem\",\"position\":2,\"name\":\"Paris statt Bachmut: Presseoffizierin der ukrainischen Grenztruppen feiert glamour\u00f6s Silvester\"}]},{\"@type\":\"WebSite\",\"@id\":\"https:\/\/now-news.de\/de\/#website\",\"url\":\"https:\/\/now-news.de\/de\/\",\"name\":\"just-now.NEWS Deutschland\",\"description\":\"Das Portal f\u00fcr unzensierte Nachrichten aus der Welt\",\"publisher\":{\"@id\":\"https:\/\/now-news.de\/de\/#organization\"},\"potentialAction\":[{\"@type\":\"SearchAction\",\"target\":{\"@type\":\"EntryPoint\",\"urlTemplate\":\"https:\/\/now-news.de\/de\/?s={search_term_string}\"},\"query-input\":\"required name=search_term_string\"}],\"inLanguage\":\"de\"},{\"@type\":\"Organization\",\"@id\":\"https:\/\/now-news.de\/de\/#organization\",\"name\":\"Just Now News\",\"url\":\"https:\/\/now-news.de\/de\/\",\"logo\":{\"@type\":\"ImageObject\",\"inLanguage\":\"de\",\"@id\":\"https:\/\/now-news.de\/de\/#\/schema\/logo\/image\/\",\"url\":\"http:\/\/just-now.news\/de\/wp-content\/uploads\/sites\/3\/2022\/04\/logo500x500.jpg\",\"contentUrl\":\"http:\/\/just-now.news\/de\/wp-content\/uploads\/sites\/3\/2022\/04\/logo500x500.jpg\",\"width\":500,\"height\":500,\"caption\":\"Just Now News\"},\"image\":{\"@id\":\"https:\/\/now-news.de\/de\/#\/schema\/logo\/image\/\"},\"sameAs\":[\"https:\/\/www.facebook.com\/wirmachenauf\",\"https:\/\/x.com\/WirMachenAuf_de\"]},{\"@type\":\"Person\",\"@id\":\"https:\/\/now-news.de\/de\/#\/schema\/person\/fb534a4e865501d8b3285208df34a9b5\",\"name\":\"rtnews\",\"image\":{\"@type\":\"ImageObject\",\"inLanguage\":\"de\",\"@id\":\"https:\/\/now-news.de\/de\/#\/schema\/person\/image\/\",\"url\":\"https:\/\/secure.gravatar.com\/avatar\/82aafea7d8127119dd649515f56e2117?s=96&d=mm&r=g\",\"contentUrl\":\"https:\/\/secure.gravatar.com\/avatar\/82aafea7d8127119dd649515f56e2117?s=96&d=mm&r=g\",\"caption\":\"rtnews\"},\"url\":\"https:\/\/now-news.de\/de\/author\/rnews\/\"}]}<\/script>\n<!-- \/ Yoast SEO Premium plugin. -->","yoast_head_json":{"title":"Paris statt Bachmut: Presseoffizierin der ukrainischen Grenztruppen feiert glamour\u00f6s Silvester - just-now.NEWS Deutschland","robots":{"index":"index","follow":"follow","max-snippet":"max-snippet:-1","max-image-preview":"max-image-preview:large","max-video-preview":"max-video-preview:-1"},"canonical":"https:\/\/now-news.de\/de\/deutschland\/paris-statt-bachmut-presseoffizierin-der-ukrainischen-grenztruppen-feiert-glamouroes-silvester\/","og_locale":"de_DE","og_type":"article","og_title":"Paris statt Bachmut: Presseoffizierin der ukrainischen Grenztruppen feiert glamour\u00f6s Silvester","og_description":"Sie galt als das &#8220;Gesicht der Grenzschutztruppen&#8221; der Ukraine. Mit freiz\u00fcgigen Fotos aus Paris und vom Urlaub am Meer hat die Pressesprecherin der Grenzschutzregion S\u00fcd nun den Unmut in den ukrainischen sozialen Netzwerken auf sich gezogen: Party zu feiern, w\u00e4hrend ihre Kollegen an der Front sterben, schicke sich nicht. Auf Twitter sind Videoaufnahmen aufgetaucht, die [&hellip;]","og_url":"https:\/\/now-news.de\/de\/deutschland\/paris-statt-bachmut-presseoffizierin-der-ukrainischen-grenztruppen-feiert-glamouroes-silvester\/","og_site_name":"just-now.NEWS Deutschland","article_publisher":"https:\/\/www.facebook.com\/wirmachenauf","article_published_time":"2023-01-10T16:15:57+00:00","og_image":[{"width":929,"height":812,"url":"https:\/\/now-news.de\/de\/wp-content\/uploads\/sites\/3\/2023\/01\/Paris-statt-Bachmut-Presseoffizierin-der-ukrainischen-Grenztruppen-feiert-glamouroes-Silvester.JPG","type":"image\/jpeg"}],"author":"rtnews","twitter_card":"summary_large_image","twitter_creator":"@WirMachenAuf_de","twitter_site":"@WirMachenAuf_de","twitter_misc":{"Verfasst von":"rtnews","Gesch\u00e4tzte Lesezeit":"2\u00a0Minuten"},"schema":{"@context":"https:\/\/schema.org","@graph":[{"@type":"Article","@id":"https:\/\/now-news.de\/de\/deutschland\/paris-statt-bachmut-presseoffizierin-der-ukrainischen-grenztruppen-feiert-glamouroes-silvester\/#article","isPartOf":{"@id":"https:\/\/now-news.de\/de\/deutschland\/paris-statt-bachmut-presseoffizierin-der-ukrainischen-grenztruppen-feiert-glamouroes-silvester\/"},"author":{"name":"rtnews","@id":"https:\/\/now-news.de\/de\/#\/schema\/person\/fb534a4e865501d8b3285208df34a9b5"},"headline":"Paris statt Bachmut: Presseoffizierin der ukrainischen Grenztruppen feiert glamour\u00f6s Silvester","datePublished":"2023-01-10T16:15:57+00:00","dateModified":"2023-01-10T16:15:57+00:00","mainEntityOfPage":{"@id":"https:\/\/now-news.de\/de\/deutschland\/paris-statt-bachmut-presseoffizierin-der-ukrainischen-grenztruppen-feiert-glamouroes-silvester\/"},"wordCount":455,"commentCount":0,"publisher":{"@id":"https:\/\/now-news.de\/de\/#organization"},"image":{"@id":"https:\/\/now-news.de\/de\/deutschland\/paris-statt-bachmut-presseoffizierin-der-ukrainischen-grenztruppen-feiert-glamouroes-silvester\/#primaryimage"},"thumbnailUrl":"https:\/\/now-news.de\/de\/wp-content\/uploads\/sites\/3\/2023\/01\/Paris-statt-Bachmut-Presseoffizierin-der-ukrainischen-Grenztruppen-feiert-glamouroes-Silvester.JPG","keywords":["Bachmut","der","feiert","glamour\u00f6s","Grenztruppen","Paris","Presseoffizierin","Silvester","Statt","ukrainischen"],"articleSection":["Deutschland","Russland"],"inLanguage":"de","potentialAction":[{"@type":"CommentAction","name":"Comment","target":["https:\/\/now-news.de\/de\/deutschland\/paris-statt-bachmut-presseoffizierin-der-ukrainischen-grenztruppen-feiert-glamouroes-silvester\/#respond"]}]},{"@type":"WebPage","@id":"https:\/\/now-news.de\/de\/deutschland\/paris-statt-bachmut-presseoffizierin-der-ukrainischen-grenztruppen-feiert-glamouroes-silvester\/","url":"https:\/\/now-news.de\/de\/deutschland\/paris-statt-bachmut-presseoffizierin-der-ukrainischen-grenztruppen-feiert-glamouroes-silvester\/","name":"Paris statt Bachmut: Presseoffizierin der ukrainischen Grenztruppen feiert glamour\u00f6s Silvester - just-now.NEWS Deutschland","isPartOf":{"@id":"https:\/\/now-news.de\/de\/#website"},"primaryImageOfPage":{"@id":"https:\/\/now-news.de\/de\/deutschland\/paris-statt-bachmut-presseoffizierin-der-ukrainischen-grenztruppen-feiert-glamouroes-silvester\/#primaryimage"},"image":{"@id":"https:\/\/now-news.de\/de\/deutschland\/paris-statt-bachmut-presseoffizierin-der-ukrainischen-grenztruppen-feiert-glamouroes-silvester\/#primaryimage"},"thumbnailUrl":"https:\/\/now-news.de\/de\/wp-content\/uploads\/sites\/3\/2023\/01\/Paris-statt-Bachmut-Presseoffizierin-der-ukrainischen-Grenztruppen-feiert-glamouroes-Silvester.JPG","datePublished":"2023-01-10T16:15:57+00:00","dateModified":"2023-01-10T16:15:57+00:00","breadcrumb":{"@id":"https:\/\/now-news.de\/de\/deutschland\/paris-statt-bachmut-presseoffizierin-der-ukrainischen-grenztruppen-feiert-glamouroes-silvester\/#breadcrumb"},"inLanguage":"de","potentialAction":[{"@type":"ReadAction","target":["https:\/\/now-news.de\/de\/deutschland\/paris-statt-bachmut-presseoffizierin-der-ukrainischen-grenztruppen-feiert-glamouroes-silvester\/"]}]},{"@type":"ImageObject","inLanguage":"de","@id":"https:\/\/now-news.de\/de\/deutschland\/paris-statt-bachmut-presseoffizierin-der-ukrainischen-grenztruppen-feiert-glamouroes-silvester\/#primaryimage","url":"https:\/\/now-news.de\/de\/wp-content\/uploads\/sites\/3\/2023\/01\/Paris-statt-Bachmut-Presseoffizierin-der-ukrainischen-Grenztruppen-feiert-glamouroes-Silvester.JPG","contentUrl":"https:\/\/now-news.de\/de\/wp-content\/uploads\/sites\/3\/2023\/01\/Paris-statt-Bachmut-Presseoffizierin-der-ukrainischen-Grenztruppen-feiert-glamouroes-Silvester.JPG","width":929,"height":812,"caption":"Paris statt Bachmut: Presseoffizierin der ukrainischen Grenztruppen feiert glamour\u00f6s Silvester"},{"@type":"BreadcrumbList","@id":"https:\/\/now-news.de\/de\/deutschland\/paris-statt-bachmut-presseoffizierin-der-ukrainischen-grenztruppen-feiert-glamouroes-silvester\/#breadcrumb","itemListElement":[{"@type":"ListItem","position":1,"name":"Home","item":"https:\/\/now-news.de\/de\/"},{"@type":"ListItem","position":2,"name":"Paris statt Bachmut: Presseoffizierin der ukrainischen Grenztruppen feiert glamour\u00f6s Silvester"}]},{"@type":"WebSite","@id":"https:\/\/now-news.de\/de\/#website","url":"https:\/\/now-news.de\/de\/","name":"just-now.NEWS Deutschland","description":"Das Portal f\u00fcr unzensierte Nachrichten aus der Welt","publisher":{"@id":"https:\/\/now-news.de\/de\/#organization"},"potentialAction":[{"@type":"SearchAction","target":{"@type":"EntryPoint","urlTemplate":"https:\/\/now-news.de\/de\/?s={search_term_string}"},"query-input":"required name=search_term_string"}],"inLanguage":"de"},{"@type":"Organization","@id":"https:\/\/now-news.de\/de\/#organization","name":"Just Now News","url":"https:\/\/now-news.de\/de\/","logo":{"@type":"ImageObject","inLanguage":"de","@id":"https:\/\/now-news.de\/de\/#\/schema\/logo\/image\/","url":"http:\/\/just-now.news\/de\/wp-content\/uploads\/sites\/3\/2022\/04\/logo500x500.jpg","contentUrl":"http:\/\/just-now.news\/de\/wp-content\/uploads\/sites\/3\/2022\/04\/logo500x500.jpg","width":500,"height":500,"caption":"Just Now News"},"image":{"@id":"https:\/\/now-news.de\/de\/#\/schema\/logo\/image\/"},"sameAs":["https:\/\/www.facebook.com\/wirmachenauf","https:\/\/x.com\/WirMachenAuf_de"]},{"@type":"Person","@id":"https:\/\/now-news.de\/de\/#\/schema\/person\/fb534a4e865501d8b3285208df34a9b5","name":"rtnews","image":{"@type":"ImageObject","inLanguage":"de","@id":"https:\/\/now-news.de\/de\/#\/schema\/person\/image\/","url":"https:\/\/secure.gravatar.com\/avatar\/82aafea7d8127119dd649515f56e2117?s=96&d=mm&r=g","contentUrl":"https:\/\/secure.gravatar.com\/avatar\/82aafea7d8127119dd649515f56e2117?s=96&d=mm&r=g","caption":"rtnews"},"url":"https:\/\/now-news.de\/de\/author\/rnews\/"}]}},"_links":{"self":[{"href":"https:\/\/now-news.de\/de\/wp-json\/wp\/v2\/posts\/27329"}],"collection":[{"href":"https:\/\/now-news.de\/de\/wp-json\/wp\/v2\/posts"}],"about":[{"href":"https:\/\/now-news.de\/de\/wp-json\/wp\/v2\/types\/post"}],"author":[{"embeddable":true,"href":"https:\/\/now-news.de\/de\/wp-json\/wp\/v2\/users\/3"}],"replies":[{"embeddable":true,"href":"https:\/\/now-news.de\/de\/wp-json\/wp\/v2\/comments?post=27329"}],"version-history":[{"count":0,"href":"https:\/\/now-news.de\/de\/wp-json\/wp\/v2\/posts\/27329\/revisions"}],"wp:featuredmedia":[{"embeddable":true,"href":"https:\/\/now-news.de\/de\/wp-json\/wp\/v2\/media\/27330"}],"wp:attachment":[{"href":"https:\/\/now-news.de\/de\/wp-json\/wp\/v2\/media?parent=27329"}],"wp:term":[{"taxonomy":"category","embeddable":true,"href":"https:\/\/now-news.de\/de\/wp-json\/wp\/v2\/categories?post=27329"},{"taxonomy":"post_tag","embeddable":true,"href":"https:\/\/now-news.de\/de\/wp-json\/wp\/v2\/tags?post=27329"}],"curies":[{"name":"wp","href":"https:\/\/api.w.org\/{rel}","templated":true}]}}