{"id":27277,"date":"2023-01-09T21:03:26","date_gmt":"2023-01-09T19:03:26","guid":{"rendered":"http:\/\/just-now.news\/de\/deutschland\/usa-in-alarmbereitschaft-emirate-beteiligen-sich-an-tuerkisch-syrischen-versoehnungsgespraechen\/"},"modified":"2023-01-09T21:03:26","modified_gmt":"2023-01-09T19:03:26","slug":"usa-in-alarmbereitschaft-emirate-beteiligen-sich-an-tuerkisch-syrischen-versoehnungsgespraechen","status":"publish","type":"post","link":"https:\/\/now-news.de\/de\/deutschland\/usa-in-alarmbereitschaft-emirate-beteiligen-sich-an-tuerkisch-syrischen-versoehnungsgespraechen\/","title":{"rendered":"USA in Alarmbereitschaft: Emirate beteiligen sich an t\u00fcrkisch-syrischen Vers\u00f6hnungsgespr\u00e4chen"},"content":{"rendered":"<p><img decoding=\"async\" src=\"http:\/\/just-now.news\/de\/wp-content\/uploads\/sites\/3\/2023\/01\/63bbff37b480cc698642fbd5.jpg\" \/><\/p>\n<div class=\"Text-root Text-type_1 \">\n                Die syrisch-t\u00fcrkische Ann\u00e4herung durch russische Vermittlung verl\u00e4uft derzeit parallel zur emiratisch-syrischen Ann\u00e4herung, die zuletzt in einem Treffen zur St\u00e4rkung der Zusammenarbeit und Wiederherstellung der Beziehungen zwischen dem Pr\u00e4sidenten Assad und dem Au\u00dfenminister der Vereinigten Arabischen Emirate Abdallah bin Zayed Al-Nahyan gipfelte.\n            <\/div>\n<p><\/p>\n<div class=\"Text-root Text-type_5 ArticleView-text ViewText-root \">\n<p>Nach\u00a0Jahren der diplomatischen Eiszeit zwischen der T\u00fcrkei und\u00a0Syrien\u00a0hatten sich die Verteidigungsminister beider L\u00e4nder\u00a0Ende Dezember 2022 zur Normalisierung ihrer Beziehungen in Moskau getroffen. W\u00e4hrend einer Rede in Ankara am 5. Januar deutete der t\u00fcrkische Pr\u00e4sident Recep Tayyip Erdo\u011fan\u00a0an, dass ein Treffen mit seinem syrischen Amtskollegen Baschar al-Assad &#8220;als Teil der Friedensbem\u00fchungen&#8221; bald stattfinden k\u00f6nnte. Er f\u00fcgte hinzu, dass in naher Zukunft zum ersten Mal seit 2011 ein Dreiertreffen zwischen den Au\u00dfenministern der T\u00fcrkei, Russlands und Syriens stattfinden soll.<\/p>\n<p>Die syrisch-t\u00fcrkische Ann\u00e4herung durch russische Vermittlung verl\u00e4uft derzeit parallel zur emiratisch-syrischen Ann\u00e4herung. Letztere gipfelte in dem j\u00fcngsten Treffen zur St\u00e4rkung der Zusammenarbeit und Wiederherstellung der Beziehungen zwischen dem Pr\u00e4sidenten Assad und dem Au\u00dfenminister der Vereinigten Arabischen Emirate Abdallah bin Zayed Al-Nahyan.\u00a0Die saudi-arabische Zeitung\u00a0<em>Asharq Al-Awsat<\/em>\u00a0berichtete, dass die Vereinigten Arabischen Emirate &#8220;gemeinsam mit Russland die syrisch-t\u00fcrkischen Beziehungen auf hohem Niveau f\u00f6rdern wollen&#8221;. Der Besuch des emiratischen Au\u00dfenministers in Damaskus habe darauf abgezielt, die Teilnahme der T\u00fcrkei an dem Dreiertreffen der syrisch-t\u00fcrkisch-russischen Au\u00dfenminister zu arrangieren. Somit werde es zu einem Vierertreffen zwischen der T\u00fcrkei, Syrien, Russland und den VAE, so <em>Asharq Al-Awsat<\/em>.<\/p>\n<p>Weiterhin berichtete die Zeitung, dass die VAE vorgeschlagen haben, sich an der Finanzierung von wirtschaftlichen und elektrischen Projekten in Syrien zu beteiligen. Mit diesem m\u00f6glichen Schritt w\u00fcrden VAE faktisch\u00a0Sanktionsregime der USA\u00a0n\u00e4mlich das sogenannte &#8220;Caesar-Gesetz&#8221; umgehen. Die saudische Zeitung verk\u00fcndet: &#8220;es stimmt, dass Ankara und Damaskus die PKK als gemeinsame Bedrohung betrachten und gegen jede separatistische Agenda vorgehen werden, da sie eine existenzielle Bedrohung f\u00fcr beide L\u00e4nder darstellt&#8221;.<\/p>\n<p><em>Asharq Al-Awsat<\/em>\u00a0f\u00fcgte hinzu, dass der t\u00fcrkische Au\u00dfenminister Mevl\u00fct Cavusoglu plane,\u00a0Mitte Januar Washington zu besuchen. Dort will er US-Beamte \u00fcber die Entwicklungen der t\u00fcrkisch-syrischen Normalisierung informieren, auf die sich die Verteidigungsminister sowie die Geheimdienstchefs in Syrien, der T\u00fcrkei und Russland in den vergangenen Wochen geeinigt hatten. Ferner will er die US-Beamten \u00fcber sein Treffen mit dem syrischen Au\u00dfenminister Faysal Mikdad und \u00fcber\u00a0den von Moskau unterst\u00fctzten &#8220;Fahrplan&#8221; in den Bereichen Sicherheit, Milit\u00e4r, Politik und Wirtschaft unterrichten.\u00a0<\/p>\n<p>Nachdem die USA ihre Verb\u00fcndeten und internationalen Partner aufgefordert hatten, von einer Normalisierung der Beziehungen zu Syrien abzusehen, zitierte\u00a0<em>Asharq Al-Awsat<\/em>\u00a0einen Beamten mit den Worten, die USA haben sich als einziges westliches Land gegen eine Normalisierung ausgesprochen und arbeiten zusammen mit Paris, Berlin und London daran, eine einheitliche Haltung gegen eine Normalisierung der Beziehungen zu Syrien einzunehmen.<\/p>\n<p>Derzeit laufen die Vorbereitungen f\u00fcr ein Treffen zwischen den Vertretern von Paris, Berlin, London und Washington und dem UN-Sondergesandten f\u00fcr Syrien Geir Pederson am 23. Januar in Genf. Dieses Treffen wird vor Pedersens Besuch in Damaskus stattfinden, um\u00a0&#8220;die Position gegen eine Normalisierung&#8221; zu best\u00e4tigen.<\/p>\n<p><strong>Mehr zum Thema\u00a0<\/strong>&#8211; <a rel=\"nofollow noopener\" target=\"_blank\" href=\"https:\/\/de.rt.com\/der-nahe-osten\/158461-moskau-hochrangige-vertreter-tuerkei-und-syrien\/\">Moskau: Hochrangige Vertreter der T\u00fcrkei und Syriens treffen sich erstmals seit 2011<\/a><\/p>\n<div class=\"EmbedBlock-root EmbedBlock-externalVideo EmbedBlock-vk\">\n<div class=\"VkEmbed\"><iframe class=\"lazyload\" data-src=\"https:\/\/vk.com\/video_ext.php?oid=-134310637&amp;id=456254436&amp;hash=388f646a3d7ceaa6\" frameborder=\"0\" width=\"853\" height=\"480\" allowfullscreen><\/iframe><\/div>\n<\/div>\n<\/div>\n<p><br \/>\n<br \/><a href=\"https:\/\/de.rt.com\/der-nahe-osten\/159330-usa-in-alarmbereitschaft-emirate-beteiligen-sich\/\">Source link <\/a><\/p>\n","protected":false},"excerpt":{"rendered":"<p>Die syrisch-t\u00fcrkische Ann\u00e4herung durch russische Vermittlung verl\u00e4uft derzeit parallel zur emiratisch-syrischen Ann\u00e4herung, die zuletzt in einem Treffen zur St\u00e4rkung der Zusammenarbeit und Wiederherstellung der Beziehungen zwischen dem Pr\u00e4sidenten Assad und dem Au\u00dfenminister der Vereinigten Arabischen Emirate Abdallah bin Zayed Al-Nahyan gipfelte. Nach\u00a0Jahren der diplomatischen Eiszeit zwischen der T\u00fcrkei und\u00a0Syrien\u00a0hatten sich die Verteidigungsminister beider L\u00e4nder\u00a0Ende Dezember [&hellip;]<\/p>\n","protected":false},"author":3,"featured_media":27278,"comment_status":"open","ping_status":"open","sticky":false,"template":"","format":"standard","meta":{"_yoast_indexnow_last_ping":["1673291158"],"wp_automatic_camp":["217"],"ab4ca48df40a3db107aef1820b2c420c":["USA in Alarmbereitschaft: Emirate beteiligen sich an t\u00fcrkisch-syrischen Vers\u00f6hnungsgespr\u00e4chen"],"original_link":["https:\/\/de.rt.com\/der-nahe-osten\/159330-usa-in-alarmbereitschaft-emirate-beteiligen-sich\/"],"_thumbnail_id":["27278"],"_wptgpro_p2tg_sent2tg":["a:1:{i:23737;s:19:\"2023-01-09 21:07:00\";}"],"jnews_social_counter_last_update":["1777175207"]},"categories":[19,23],"tags":[20012,19101,4989,434,38754,193,38755],"yoast_head":"<!-- This site is optimized with the Yoast SEO Premium plugin v22.7 (Yoast SEO v22.7) - https:\/\/yoast.com\/wordpress\/plugins\/seo\/ -->\n<title>USA in Alarmbereitschaft: Emirate beteiligen sich an t\u00fcrkisch-syrischen Vers\u00f6hnungsgespr\u00e4chen - just-now.NEWS Deutschland<\/title>\n<meta name=\"robots\" content=\"index, follow, max-snippet:-1, max-image-preview:large, max-video-preview:-1\" \/>\n<link rel=\"canonical\" href=\"https:\/\/now-news.de\/de\/deutschland\/usa-in-alarmbereitschaft-emirate-beteiligen-sich-an-tuerkisch-syrischen-versoehnungsgespraechen\/\" \/>\n<meta property=\"og:locale\" content=\"de_DE\" \/>\n<meta property=\"og:type\" content=\"article\" \/>\n<meta property=\"og:title\" content=\"USA in Alarmbereitschaft: Emirate beteiligen sich an t\u00fcrkisch-syrischen Vers\u00f6hnungsgespr\u00e4chen\" \/>\n<meta property=\"og:description\" content=\"Die syrisch-t\u00fcrkische Ann\u00e4herung durch russische Vermittlung verl\u00e4uft derzeit parallel zur emiratisch-syrischen Ann\u00e4herung, die zuletzt in einem Treffen zur St\u00e4rkung der Zusammenarbeit und Wiederherstellung der Beziehungen zwischen dem Pr\u00e4sidenten Assad und dem Au\u00dfenminister der Vereinigten Arabischen Emirate Abdallah bin Zayed Al-Nahyan gipfelte. Nach\u00a0Jahren der diplomatischen Eiszeit zwischen der T\u00fcrkei und\u00a0Syrien\u00a0hatten sich die Verteidigungsminister beider L\u00e4nder\u00a0Ende Dezember [&hellip;]\" \/>\n<meta property=\"og:url\" content=\"https:\/\/now-news.de\/de\/deutschland\/usa-in-alarmbereitschaft-emirate-beteiligen-sich-an-tuerkisch-syrischen-versoehnungsgespraechen\/\" \/>\n<meta property=\"og:site_name\" content=\"just-now.NEWS Deutschland\" \/>\n<meta property=\"article:publisher\" content=\"https:\/\/www.facebook.com\/wirmachenauf\" \/>\n<meta property=\"article:published_time\" content=\"2023-01-09T19:03:26+00:00\" \/>\n<meta property=\"og:image\" content=\"https:\/\/now-news.de\/de\/wp-content\/uploads\/sites\/3\/2023\/01\/USA-in-Alarmbereitschaft-Emirate-beteiligen-sich-an-tuerkisch-syrischen-Versoehnungsgespraechen.jpg\" \/>\n\t<meta property=\"og:image:width\" content=\"460\" \/>\n\t<meta property=\"og:image:height\" content=\"259\" \/>\n\t<meta property=\"og:image:type\" content=\"image\/jpeg\" \/>\n<meta name=\"author\" content=\"rtnews\" \/>\n<meta name=\"twitter:card\" content=\"summary_large_image\" \/>\n<meta name=\"twitter:creator\" content=\"@WirMachenAuf_de\" \/>\n<meta name=\"twitter:site\" content=\"@WirMachenAuf_de\" \/>\n<meta name=\"twitter:label1\" content=\"Verfasst von\" \/>\n\t<meta name=\"twitter:data1\" content=\"rtnews\" \/>\n\t<meta name=\"twitter:label2\" content=\"Gesch\u00e4tzte Lesezeit\" \/>\n\t<meta name=\"twitter:data2\" content=\"3\u00a0Minuten\" \/>\n<script type=\"application\/ld+json\" class=\"yoast-schema-graph\">{\"@context\":\"https:\/\/schema.org\",\"@graph\":[{\"@type\":\"Article\",\"@id\":\"https:\/\/now-news.de\/de\/deutschland\/usa-in-alarmbereitschaft-emirate-beteiligen-sich-an-tuerkisch-syrischen-versoehnungsgespraechen\/#article\",\"isPartOf\":{\"@id\":\"https:\/\/now-news.de\/de\/deutschland\/usa-in-alarmbereitschaft-emirate-beteiligen-sich-an-tuerkisch-syrischen-versoehnungsgespraechen\/\"},\"author\":{\"name\":\"rtnews\",\"@id\":\"https:\/\/now-news.de\/de\/#\/schema\/person\/fb534a4e865501d8b3285208df34a9b5\"},\"headline\":\"USA in Alarmbereitschaft: Emirate beteiligen sich an t\u00fcrkisch-syrischen Vers\u00f6hnungsgespr\u00e4chen\",\"datePublished\":\"2023-01-09T19:03:26+00:00\",\"dateModified\":\"2023-01-09T19:03:26+00:00\",\"mainEntityOfPage\":{\"@id\":\"https:\/\/now-news.de\/de\/deutschland\/usa-in-alarmbereitschaft-emirate-beteiligen-sich-an-tuerkisch-syrischen-versoehnungsgespraechen\/\"},\"wordCount\":553,\"commentCount\":0,\"publisher\":{\"@id\":\"https:\/\/now-news.de\/de\/#organization\"},\"image\":{\"@id\":\"https:\/\/now-news.de\/de\/deutschland\/usa-in-alarmbereitschaft-emirate-beteiligen-sich-an-tuerkisch-syrischen-versoehnungsgespraechen\/#primaryimage\"},\"thumbnailUrl\":\"https:\/\/now-news.de\/de\/wp-content\/uploads\/sites\/3\/2023\/01\/USA-in-Alarmbereitschaft-Emirate-beteiligen-sich-an-tuerkisch-syrischen-Versoehnungsgespraechen.jpg\",\"keywords\":[\"Alarmbereitschaft\",\"beteiligen\",\"Emirate\",\"sich\",\"t\u00fcrkischsyrischen\",\"USA\",\"Vers\u00f6hnungsgespr\u00e4chen\"],\"articleSection\":[\"Deutschland\",\"Russland\"],\"inLanguage\":\"de\",\"potentialAction\":[{\"@type\":\"CommentAction\",\"name\":\"Comment\",\"target\":[\"https:\/\/now-news.de\/de\/deutschland\/usa-in-alarmbereitschaft-emirate-beteiligen-sich-an-tuerkisch-syrischen-versoehnungsgespraechen\/#respond\"]}]},{\"@type\":\"WebPage\",\"@id\":\"https:\/\/now-news.de\/de\/deutschland\/usa-in-alarmbereitschaft-emirate-beteiligen-sich-an-tuerkisch-syrischen-versoehnungsgespraechen\/\",\"url\":\"https:\/\/now-news.de\/de\/deutschland\/usa-in-alarmbereitschaft-emirate-beteiligen-sich-an-tuerkisch-syrischen-versoehnungsgespraechen\/\",\"name\":\"USA in Alarmbereitschaft: Emirate beteiligen sich an t\u00fcrkisch-syrischen Vers\u00f6hnungsgespr\u00e4chen - just-now.NEWS Deutschland\",\"isPartOf\":{\"@id\":\"https:\/\/now-news.de\/de\/#website\"},\"primaryImageOfPage\":{\"@id\":\"https:\/\/now-news.de\/de\/deutschland\/usa-in-alarmbereitschaft-emirate-beteiligen-sich-an-tuerkisch-syrischen-versoehnungsgespraechen\/#primaryimage\"},\"image\":{\"@id\":\"https:\/\/now-news.de\/de\/deutschland\/usa-in-alarmbereitschaft-emirate-beteiligen-sich-an-tuerkisch-syrischen-versoehnungsgespraechen\/#primaryimage\"},\"thumbnailUrl\":\"https:\/\/now-news.de\/de\/wp-content\/uploads\/sites\/3\/2023\/01\/USA-in-Alarmbereitschaft-Emirate-beteiligen-sich-an-tuerkisch-syrischen-Versoehnungsgespraechen.jpg\",\"datePublished\":\"2023-01-09T19:03:26+00:00\",\"dateModified\":\"2023-01-09T19:03:26+00:00\",\"breadcrumb\":{\"@id\":\"https:\/\/now-news.de\/de\/deutschland\/usa-in-alarmbereitschaft-emirate-beteiligen-sich-an-tuerkisch-syrischen-versoehnungsgespraechen\/#breadcrumb\"},\"inLanguage\":\"de\",\"potentialAction\":[{\"@type\":\"ReadAction\",\"target\":[\"https:\/\/now-news.de\/de\/deutschland\/usa-in-alarmbereitschaft-emirate-beteiligen-sich-an-tuerkisch-syrischen-versoehnungsgespraechen\/\"]}]},{\"@type\":\"ImageObject\",\"inLanguage\":\"de\",\"@id\":\"https:\/\/now-news.de\/de\/deutschland\/usa-in-alarmbereitschaft-emirate-beteiligen-sich-an-tuerkisch-syrischen-versoehnungsgespraechen\/#primaryimage\",\"url\":\"https:\/\/now-news.de\/de\/wp-content\/uploads\/sites\/3\/2023\/01\/USA-in-Alarmbereitschaft-Emirate-beteiligen-sich-an-tuerkisch-syrischen-Versoehnungsgespraechen.jpg\",\"contentUrl\":\"https:\/\/now-news.de\/de\/wp-content\/uploads\/sites\/3\/2023\/01\/USA-in-Alarmbereitschaft-Emirate-beteiligen-sich-an-tuerkisch-syrischen-Versoehnungsgespraechen.jpg\",\"width\":460,\"height\":259,\"caption\":\"USA in Alarmbereitschaft: Emirate beteiligen sich an t\u00fcrkisch-syrischen Vers\u00f6hnungsgespr\u00e4chen\"},{\"@type\":\"BreadcrumbList\",\"@id\":\"https:\/\/now-news.de\/de\/deutschland\/usa-in-alarmbereitschaft-emirate-beteiligen-sich-an-tuerkisch-syrischen-versoehnungsgespraechen\/#breadcrumb\",\"itemListElement\":[{\"@type\":\"ListItem\",\"position\":1,\"name\":\"Home\",\"item\":\"https:\/\/now-news.de\/de\/\"},{\"@type\":\"ListItem\",\"position\":2,\"name\":\"USA in Alarmbereitschaft: Emirate beteiligen sich an t\u00fcrkisch-syrischen Vers\u00f6hnungsgespr\u00e4chen\"}]},{\"@type\":\"WebSite\",\"@id\":\"https:\/\/now-news.de\/de\/#website\",\"url\":\"https:\/\/now-news.de\/de\/\",\"name\":\"just-now.NEWS Deutschland\",\"description\":\"Das Portal f\u00fcr unzensierte Nachrichten aus der Welt\",\"publisher\":{\"@id\":\"https:\/\/now-news.de\/de\/#organization\"},\"potentialAction\":[{\"@type\":\"SearchAction\",\"target\":{\"@type\":\"EntryPoint\",\"urlTemplate\":\"https:\/\/now-news.de\/de\/?s={search_term_string}\"},\"query-input\":\"required name=search_term_string\"}],\"inLanguage\":\"de\"},{\"@type\":\"Organization\",\"@id\":\"https:\/\/now-news.de\/de\/#organization\",\"name\":\"Just Now News\",\"url\":\"https:\/\/now-news.de\/de\/\",\"logo\":{\"@type\":\"ImageObject\",\"inLanguage\":\"de\",\"@id\":\"https:\/\/now-news.de\/de\/#\/schema\/logo\/image\/\",\"url\":\"http:\/\/just-now.news\/de\/wp-content\/uploads\/sites\/3\/2022\/04\/logo500x500.jpg\",\"contentUrl\":\"http:\/\/just-now.news\/de\/wp-content\/uploads\/sites\/3\/2022\/04\/logo500x500.jpg\",\"width\":500,\"height\":500,\"caption\":\"Just Now News\"},\"image\":{\"@id\":\"https:\/\/now-news.de\/de\/#\/schema\/logo\/image\/\"},\"sameAs\":[\"https:\/\/www.facebook.com\/wirmachenauf\",\"https:\/\/x.com\/WirMachenAuf_de\"]},{\"@type\":\"Person\",\"@id\":\"https:\/\/now-news.de\/de\/#\/schema\/person\/fb534a4e865501d8b3285208df34a9b5\",\"name\":\"rtnews\",\"image\":{\"@type\":\"ImageObject\",\"inLanguage\":\"de\",\"@id\":\"https:\/\/now-news.de\/de\/#\/schema\/person\/image\/\",\"url\":\"https:\/\/secure.gravatar.com\/avatar\/82aafea7d8127119dd649515f56e2117?s=96&d=mm&r=g\",\"contentUrl\":\"https:\/\/secure.gravatar.com\/avatar\/82aafea7d8127119dd649515f56e2117?s=96&d=mm&r=g\",\"caption\":\"rtnews\"},\"url\":\"https:\/\/now-news.de\/de\/author\/rnews\/\"}]}<\/script>\n<!-- \/ Yoast SEO Premium plugin. -->","yoast_head_json":{"title":"USA in Alarmbereitschaft: Emirate beteiligen sich an t\u00fcrkisch-syrischen Vers\u00f6hnungsgespr\u00e4chen - just-now.NEWS Deutschland","robots":{"index":"index","follow":"follow","max-snippet":"max-snippet:-1","max-image-preview":"max-image-preview:large","max-video-preview":"max-video-preview:-1"},"canonical":"https:\/\/now-news.de\/de\/deutschland\/usa-in-alarmbereitschaft-emirate-beteiligen-sich-an-tuerkisch-syrischen-versoehnungsgespraechen\/","og_locale":"de_DE","og_type":"article","og_title":"USA in Alarmbereitschaft: Emirate beteiligen sich an t\u00fcrkisch-syrischen Vers\u00f6hnungsgespr\u00e4chen","og_description":"Die syrisch-t\u00fcrkische Ann\u00e4herung durch russische Vermittlung verl\u00e4uft derzeit parallel zur emiratisch-syrischen Ann\u00e4herung, die zuletzt in einem Treffen zur St\u00e4rkung der Zusammenarbeit und Wiederherstellung der Beziehungen zwischen dem Pr\u00e4sidenten Assad und dem Au\u00dfenminister der Vereinigten Arabischen Emirate Abdallah bin Zayed Al-Nahyan gipfelte. Nach\u00a0Jahren der diplomatischen Eiszeit zwischen der T\u00fcrkei und\u00a0Syrien\u00a0hatten sich die Verteidigungsminister beider L\u00e4nder\u00a0Ende Dezember [&hellip;]","og_url":"https:\/\/now-news.de\/de\/deutschland\/usa-in-alarmbereitschaft-emirate-beteiligen-sich-an-tuerkisch-syrischen-versoehnungsgespraechen\/","og_site_name":"just-now.NEWS Deutschland","article_publisher":"https:\/\/www.facebook.com\/wirmachenauf","article_published_time":"2023-01-09T19:03:26+00:00","og_image":[{"width":460,"height":259,"url":"https:\/\/now-news.de\/de\/wp-content\/uploads\/sites\/3\/2023\/01\/USA-in-Alarmbereitschaft-Emirate-beteiligen-sich-an-tuerkisch-syrischen-Versoehnungsgespraechen.jpg","type":"image\/jpeg"}],"author":"rtnews","twitter_card":"summary_large_image","twitter_creator":"@WirMachenAuf_de","twitter_site":"@WirMachenAuf_de","twitter_misc":{"Verfasst von":"rtnews","Gesch\u00e4tzte Lesezeit":"3\u00a0Minuten"},"schema":{"@context":"https:\/\/schema.org","@graph":[{"@type":"Article","@id":"https:\/\/now-news.de\/de\/deutschland\/usa-in-alarmbereitschaft-emirate-beteiligen-sich-an-tuerkisch-syrischen-versoehnungsgespraechen\/#article","isPartOf":{"@id":"https:\/\/now-news.de\/de\/deutschland\/usa-in-alarmbereitschaft-emirate-beteiligen-sich-an-tuerkisch-syrischen-versoehnungsgespraechen\/"},"author":{"name":"rtnews","@id":"https:\/\/now-news.de\/de\/#\/schema\/person\/fb534a4e865501d8b3285208df34a9b5"},"headline":"USA in Alarmbereitschaft: Emirate beteiligen sich an t\u00fcrkisch-syrischen Vers\u00f6hnungsgespr\u00e4chen","datePublished":"2023-01-09T19:03:26+00:00","dateModified":"2023-01-09T19:03:26+00:00","mainEntityOfPage":{"@id":"https:\/\/now-news.de\/de\/deutschland\/usa-in-alarmbereitschaft-emirate-beteiligen-sich-an-tuerkisch-syrischen-versoehnungsgespraechen\/"},"wordCount":553,"commentCount":0,"publisher":{"@id":"https:\/\/now-news.de\/de\/#organization"},"image":{"@id":"https:\/\/now-news.de\/de\/deutschland\/usa-in-alarmbereitschaft-emirate-beteiligen-sich-an-tuerkisch-syrischen-versoehnungsgespraechen\/#primaryimage"},"thumbnailUrl":"https:\/\/now-news.de\/de\/wp-content\/uploads\/sites\/3\/2023\/01\/USA-in-Alarmbereitschaft-Emirate-beteiligen-sich-an-tuerkisch-syrischen-Versoehnungsgespraechen.jpg","keywords":["Alarmbereitschaft","beteiligen","Emirate","sich","t\u00fcrkischsyrischen","USA","Vers\u00f6hnungsgespr\u00e4chen"],"articleSection":["Deutschland","Russland"],"inLanguage":"de","potentialAction":[{"@type":"CommentAction","name":"Comment","target":["https:\/\/now-news.de\/de\/deutschland\/usa-in-alarmbereitschaft-emirate-beteiligen-sich-an-tuerkisch-syrischen-versoehnungsgespraechen\/#respond"]}]},{"@type":"WebPage","@id":"https:\/\/now-news.de\/de\/deutschland\/usa-in-alarmbereitschaft-emirate-beteiligen-sich-an-tuerkisch-syrischen-versoehnungsgespraechen\/","url":"https:\/\/now-news.de\/de\/deutschland\/usa-in-alarmbereitschaft-emirate-beteiligen-sich-an-tuerkisch-syrischen-versoehnungsgespraechen\/","name":"USA in Alarmbereitschaft: Emirate beteiligen sich an t\u00fcrkisch-syrischen Vers\u00f6hnungsgespr\u00e4chen - just-now.NEWS Deutschland","isPartOf":{"@id":"https:\/\/now-news.de\/de\/#website"},"primaryImageOfPage":{"@id":"https:\/\/now-news.de\/de\/deutschland\/usa-in-alarmbereitschaft-emirate-beteiligen-sich-an-tuerkisch-syrischen-versoehnungsgespraechen\/#primaryimage"},"image":{"@id":"https:\/\/now-news.de\/de\/deutschland\/usa-in-alarmbereitschaft-emirate-beteiligen-sich-an-tuerkisch-syrischen-versoehnungsgespraechen\/#primaryimage"},"thumbnailUrl":"https:\/\/now-news.de\/de\/wp-content\/uploads\/sites\/3\/2023\/01\/USA-in-Alarmbereitschaft-Emirate-beteiligen-sich-an-tuerkisch-syrischen-Versoehnungsgespraechen.jpg","datePublished":"2023-01-09T19:03:26+00:00","dateModified":"2023-01-09T19:03:26+00:00","breadcrumb":{"@id":"https:\/\/now-news.de\/de\/deutschland\/usa-in-alarmbereitschaft-emirate-beteiligen-sich-an-tuerkisch-syrischen-versoehnungsgespraechen\/#breadcrumb"},"inLanguage":"de","potentialAction":[{"@type":"ReadAction","target":["https:\/\/now-news.de\/de\/deutschland\/usa-in-alarmbereitschaft-emirate-beteiligen-sich-an-tuerkisch-syrischen-versoehnungsgespraechen\/"]}]},{"@type":"ImageObject","inLanguage":"de","@id":"https:\/\/now-news.de\/de\/deutschland\/usa-in-alarmbereitschaft-emirate-beteiligen-sich-an-tuerkisch-syrischen-versoehnungsgespraechen\/#primaryimage","url":"https:\/\/now-news.de\/de\/wp-content\/uploads\/sites\/3\/2023\/01\/USA-in-Alarmbereitschaft-Emirate-beteiligen-sich-an-tuerkisch-syrischen-Versoehnungsgespraechen.jpg","contentUrl":"https:\/\/now-news.de\/de\/wp-content\/uploads\/sites\/3\/2023\/01\/USA-in-Alarmbereitschaft-Emirate-beteiligen-sich-an-tuerkisch-syrischen-Versoehnungsgespraechen.jpg","width":460,"height":259,"caption":"USA in Alarmbereitschaft: Emirate beteiligen sich an t\u00fcrkisch-syrischen Vers\u00f6hnungsgespr\u00e4chen"},{"@type":"BreadcrumbList","@id":"https:\/\/now-news.de\/de\/deutschland\/usa-in-alarmbereitschaft-emirate-beteiligen-sich-an-tuerkisch-syrischen-versoehnungsgespraechen\/#breadcrumb","itemListElement":[{"@type":"ListItem","position":1,"name":"Home","item":"https:\/\/now-news.de\/de\/"},{"@type":"ListItem","position":2,"name":"USA in Alarmbereitschaft: Emirate beteiligen sich an t\u00fcrkisch-syrischen Vers\u00f6hnungsgespr\u00e4chen"}]},{"@type":"WebSite","@id":"https:\/\/now-news.de\/de\/#website","url":"https:\/\/now-news.de\/de\/","name":"just-now.NEWS Deutschland","description":"Das Portal f\u00fcr unzensierte Nachrichten aus der Welt","publisher":{"@id":"https:\/\/now-news.de\/de\/#organization"},"potentialAction":[{"@type":"SearchAction","target":{"@type":"EntryPoint","urlTemplate":"https:\/\/now-news.de\/de\/?s={search_term_string}"},"query-input":"required name=search_term_string"}],"inLanguage":"de"},{"@type":"Organization","@id":"https:\/\/now-news.de\/de\/#organization","name":"Just Now News","url":"https:\/\/now-news.de\/de\/","logo":{"@type":"ImageObject","inLanguage":"de","@id":"https:\/\/now-news.de\/de\/#\/schema\/logo\/image\/","url":"http:\/\/just-now.news\/de\/wp-content\/uploads\/sites\/3\/2022\/04\/logo500x500.jpg","contentUrl":"http:\/\/just-now.news\/de\/wp-content\/uploads\/sites\/3\/2022\/04\/logo500x500.jpg","width":500,"height":500,"caption":"Just Now News"},"image":{"@id":"https:\/\/now-news.de\/de\/#\/schema\/logo\/image\/"},"sameAs":["https:\/\/www.facebook.com\/wirmachenauf","https:\/\/x.com\/WirMachenAuf_de"]},{"@type":"Person","@id":"https:\/\/now-news.de\/de\/#\/schema\/person\/fb534a4e865501d8b3285208df34a9b5","name":"rtnews","image":{"@type":"ImageObject","inLanguage":"de","@id":"https:\/\/now-news.de\/de\/#\/schema\/person\/image\/","url":"https:\/\/secure.gravatar.com\/avatar\/82aafea7d8127119dd649515f56e2117?s=96&d=mm&r=g","contentUrl":"https:\/\/secure.gravatar.com\/avatar\/82aafea7d8127119dd649515f56e2117?s=96&d=mm&r=g","caption":"rtnews"},"url":"https:\/\/now-news.de\/de\/author\/rnews\/"}]}},"_links":{"self":[{"href":"https:\/\/now-news.de\/de\/wp-json\/wp\/v2\/posts\/27277"}],"collection":[{"href":"https:\/\/now-news.de\/de\/wp-json\/wp\/v2\/posts"}],"about":[{"href":"https:\/\/now-news.de\/de\/wp-json\/wp\/v2\/types\/post"}],"author":[{"embeddable":true,"href":"https:\/\/now-news.de\/de\/wp-json\/wp\/v2\/users\/3"}],"replies":[{"embeddable":true,"href":"https:\/\/now-news.de\/de\/wp-json\/wp\/v2\/comments?post=27277"}],"version-history":[{"count":0,"href":"https:\/\/now-news.de\/de\/wp-json\/wp\/v2\/posts\/27277\/revisions"}],"wp:featuredmedia":[{"embeddable":true,"href":"https:\/\/now-news.de\/de\/wp-json\/wp\/v2\/media\/27278"}],"wp:attachment":[{"href":"https:\/\/now-news.de\/de\/wp-json\/wp\/v2\/media?parent=27277"}],"wp:term":[{"taxonomy":"category","embeddable":true,"href":"https:\/\/now-news.de\/de\/wp-json\/wp\/v2\/categories?post=27277"},{"taxonomy":"post_tag","embeddable":true,"href":"https:\/\/now-news.de\/de\/wp-json\/wp\/v2\/tags?post=27277"}],"curies":[{"name":"wp","href":"https:\/\/api.w.org\/{rel}","templated":true}]}}