{"id":2727,"date":"2022-04-23T07:39:27","date_gmt":"2022-04-23T08:39:27","guid":{"rendered":"http:\/\/just-now.news\/de\/deutschland\/mctagesschau-burger-blaugelb-verpackt\/"},"modified":"2022-04-23T07:39:27","modified_gmt":"2022-04-23T08:39:27","slug":"mctagesschau-burger-blaugelb-verpackt","status":"publish","type":"post","link":"https:\/\/now-news.de\/de\/deutschland\/mctagesschau-burger-blaugelb-verpackt\/","title":{"rendered":"McTagesschau-Burger, blaugelb verpackt"},"content":{"rendered":"<div class=\"Text-root Text-type_5 ArticleView-text ViewText-root \">\n<p><em>von Friedhelm Klinkhammer und Volker Br\u00e4utigam<\/em><\/p>\n<p>Die <em>ARD<\/em>-Tagesschau hat die meisten Zuschauer. McDonald hat die meisten Besucher. Das Erfolgsrezept: Fast Food. Es macht denkfaul, fett und\u00a0satt. Ist allerdings gesundheitssch\u00e4dlich, mental und physisch. Besonders\u00a0der aktuelle McTagesschau-Billigburger, die antirussische Kriegshetze in blau-gelber Verpackung, ist zum Speien. Das Angebot f\u00fcllt\u00a0aber seit\u00a0Wochen gut die H\u00e4lfte der gesamten Sendezeit. Als Nachspeise folgt ein <em>ARD<\/em>-Brennpunkt\u00a0dem anderen. Der mediale\u00a0Druck\/Dreck\u00a0will nur das Eine: Deutschland soll sich noch mehr als bisher f\u00fcr die Ukraine\u00a0verausgaben. &#8220;Schwere Waffen her&#8221;, b\u00f6lken Baerbock, Habeck &amp; Co, &#8220;Panzer und Artillerie!&#8221;. Im\u00a0verbalen Vabanque spielt die Bundesregierung ganz vorne.\u00a0Zwangsl\u00e4ufig sinkt die Reizschwelle f\u00fcr einen atomaren russischen Gegenschlag. Und die Anglo-Amis freuen sich \u00fcber ihre dummen Deutschen, die bereit sind, ihr Land zum Schlachtfeld machen zu lassen. Mehr noch als die Polen\u00a0\u2013 und das will was hei\u00dfen.<\/p>\n<div class=\"ReadMore-root Section-root Section-is1to3-xs_is1to1\" data-widgets=\"ReadMore\" data-has-alias>\n<div class=\"Section-container Section-isRow-isTop-isWrap\">\n<article class=\"Card-root Card-is1to1 \">\n<div class=\"Card-imageWrap\">\n<div class=\"Card-picture\">\n<picture class=\"Picture-root Picture-default\"><!--[if IE 9]><video style=\"display: none;\"><![endif]--><source media=\"(-webkit-min-device-pixel-ratio: 2) and (min-resolution: 120dpi)\" data-srcset=\" \nhttps:\/\/cdni.russiatoday.com\/deutsch\/images\/2022.04\/thumbnail\/625d021748fbef3f827f9c21.jpg 850w,\n                https:\/\/cdni.russiatoday.com\/deutsch\/images\/2022.04\/article\/625d021748fbef3f827f9c20.jpg 1960w,\n            \" srcset=\"data:image\/png;base64,iVBORw0KGgoAAAANSUhEUgAAABAAAAAJCAQAAACRI2S5AAAAEElEQVR42mNkIAAYRxWAAQAG9gAKqv6+AwAAAABJRU5ErkJggg==\"><source data-srcset=\" \nhttps:\/\/cdni.russiatoday.com\/deutsch\/images\/2022.04\/thumbnail\/625d021748fbef3f827f9c21.jpg 460w,\n              https:\/\/cdni.russiatoday.com\/deutsch\/images\/2022.04\/article\/625d021748fbef3f827f9c20.jpg 980w,\n            \" srcset=\"data:image\/png;base64,iVBORw0KGgoAAAANSUhEUgAAABAAAAAJCAQAAACRI2S5AAAAEElEQVR42mNkIAAYRxWAAQAG9gAKqv6+AwAAAABJRU5ErkJggg==\"><!--[if IE 9]><\/video><![endif]--><\/source><\/source><\/picture><!-- noscript pattern --><noscript><img decoding=\"async\" src=\"https:\/\/cdni.russiatoday.com\/deutsch\/images\/2022.04\/article\/625d021748fbef3f827f9c20.jpg\" alt='\"Um globale Hungerkatastrophe abzuwenden\" \u2013 \u00d6zdemir fordert weitere Waffenlieferungen an Ukraine'><\/noscript>    <\/div><\/div>\n<div class=\"Card-contentWrap\">\n<div class=\"Card-content\">\n<div class=\"Card-title\">\n<div class=\"HeaderNews-root HeaderNews-type_6 \">\n<p>            <a target=\"_blank\" href=\"https:\/\/de.rt.com\/inland\/136406-um-globale-hungerkatastrophe-abzuwenden-oezdemir\/\" class=\"Link-root Link-isFullCard \" rel=\"noopener\"><br \/>\n                &#8220;Um globale Hungerkatastrophe abzuwenden&#8221; \u2013 \u00d6zdemir fordert weitere Waffenlieferungen an Ukraine<br \/>\n            <\/a><\/p><\/div><\/div><\/div><\/div>\n<\/article>\n<\/div><\/div>\n<p>Die Spr\u00fcche der Ausfallerscheinungen in Regierungsfunktion kritiklos weiter zu reichen, ist eine der journalistischen Glanzleistungen. Baerbock <a target=\"_blank\" href=\"https:\/\/www.tagesschau.de\/ausland\/ukraine-waffen-baerbock-eu-aussenminister-101.html\" rel=\"noopener\">toppt<\/a> allwissend wie immer: &#8220;Die Ukraine braucht \u2026 schwere Waffen. Jetzt ist keine Zeit f\u00fcr Ausreden \u2026&#8221;. Die <em>Tagesschau<\/em>\u00a0<a target=\"_blank\" href=\"https:\/\/www.tagesschau.de\/multimedia\/video\/video-1019485.html\" rel=\"noopener\">legt nach<\/a>: &#8220;Lieferung schwerer Waffen: Union erh\u00f6ht Druck auf Scholz&#8221;. Die <em>ARD-aktuell<\/em> erkennt nicht ihre Mitschuld an dem kollektiven Hirnriss, der Waffenlieferungen an Kriegsparteien f\u00fcr vern\u00fcnftig h\u00e4lt. In der kriegsgeilen Kakofonie drohen die Stimmen der Vernunft unterzugehen. Albrecht M\u00fcller, vormals Leiter des Planungsstabes in Willy Brandts Kanzleramt: &#8220;Sind wir denn alle <a target=\"_blank\" href=\"https:\/\/www.nachdenkseiten.de\/?p=82993\" rel=\"noopener\">verr\u00fcckt geworden<\/a>?&#8221;\u00a0\u00a0<strong><\/strong><\/p>\n<p>Das sind wir wohl. &#8220;Solidarit\u00e4t mit der Ukraine&#8221;, die Friedensparole der NATO, ist zum russophoben Dogma geworden. Die Nachrichtensendungen der Tagesschau sind voll von ukrainischem Heldenmut und &#8220;russischen Kriegsverbrechen&#8221;. Die Hatz auf Pr\u00e4sident Putin und alles, was &#8220;prorussisch&#8221; erscheint, <a target=\"_blank\" href=\"https:\/\/logon-echon.com\/2022\/04\/15\/eingebetteter-journalismus-die-tagesschau-scheitert-an-ihrem-auftrag\/\" rel=\"noopener\">\u00fcberschreitet alle professionellen Regeln <\/a>des Journalismus und jeden pers\u00f6nlichen Anstand. \u00a0<\/p>\n<p>Der Qualit\u00e4tsjournalismus zeigt ein Muster, das die\u00a0Bundeszentrale\u00a0f\u00fcr politische Bildung\u00a0<a target=\"_blank\" href=\"https:\/\/www.bpb.de\/themen\/medien-journalismus\/krieg-in-den-medien\/130697\/was-ist-propaganda\/\" rel=\"noopener\">so beschreibt<\/a>:<\/p>\n<blockquote>\n<p><em>&#8220;In Verbindung mit dem Krieg machen Politiker, Milit\u00e4rs\u00a0(und Massenmedien)\u00a0von Propaganda Gebrauch, um zum Beispiel die eigene Bev\u00f6lkerung von einem Krieg zu \u00fcberzeugen. Sie betonen die Notwendigkeit des Krieges (vernichtenswerte Feinde, Sicherheit der eigenen Bev\u00f6lkerung, Absetzung eines brutalen Regimes etc.) und blenden alle anderen Aspekte aus (eigene Macht- und Wirtschaftsinteressen, ausgel\u00f6stes Kriegsleid, Kriegsverbrechen der eigenen Soldaten etc.).&#8221;<\/em><\/p>\n<\/blockquote>\n<p>F\u00fcglich ist &#8220;der Russe&#8221; an allem schuld. Nur er. Ohne Beweisf\u00fchrung, ohne halbwegs logische Argumentation oder Beanspruchung eines faktensicheren Kurzzeitged\u00e4chtnisses. Nachdenken w\u00fcrde eh blo\u00df anstrengen.<\/p>\n<p><strong>Der Wunschkrieg<\/strong><\/p>\n<p>Was waren denn Putins Forderungen? Er wollte verl\u00e4ssliche Sicherheitsgarantien f\u00fcr sein Land. Die USA verweigerten sie ihm. Er wollte die Zusage, dass die Ukraine nicht NATO-Mitglied wird und der Westen sie nicht weiter zum Aufmarschgebiet gegen Russland ausbaut, unter anderem mittels Raketen-Abschussbasen. Die USA und ihre NATO-Heloten wiesen das zur\u00fcck. Putin forderte, den Krieg und die t\u00e4glichen Terrorschl\u00e4ge Kiews gegen die ethnisch russische Bev\u00f6lkerung der S\u00fcdost-Ukraine endlich einzustellen. Die USA und ihre Vasallen lie\u00dfen auch dar\u00fcber nicht mit sich reden.<\/p>\n<p>Der US-Weltherrscher wollte diesen Krieg. Washingtons Drohpotential, seine milit\u00e4rischen und seine wirtschaftlichen Provokationen garantieren ja das US-Imperium und den Gehorsam Westeuropas. Zugleich st\u00fctzen sie den r\u00e4uberischen Anspruch auf den euroasiatischen Rohstoffreichtum und die Blockade des chinesischen Projekts &#8220;Neue Seidenstra\u00dfe&#8221;.<\/p>\n<p>Den wirklichen Kriegshintergrund verzerrt der deutsche Medienspiegel, sei es aus Absicht oder aus Ignoranz. \u00dcberblendet wird sein Trugbild mit gesch\u00f6nten Darstellungen unserer selbstgerechten politischen Klasse: &#8220;Wir&#8221; sind im Ukraine-Krieg, &#8220;wir&#8221; die Guten. Kein Zweifel ist erlaubt. Niemand soll\/darf klarstellen, dass das Engagement der ungez\u00e4hlten tats\u00e4chlich Wohlmeinenden, ihre Spenden- und Hilfsbereitschaft, ihr Mitleid mit der vom Krieg so entsetzlich heimgesuchten ukrainischen Zivilbev\u00f6lkerung (Butscha, Mariupol), von unseren regierenden Zynikern schwer missbraucht wird. Die tun nur so, als seien sie tats\u00e4chlich daran interessiert, das grauenhafte Leid in der Ukraine zu mildern. Betrachtet man die Effekte ihrer Politik und auch deren Nutznie\u00dfer, dann zeigt sich ein g\u00e4nzlich anderes Bild, \u00fcber das weder ARD-aktuell noch der \u00fcbrige Mainstream berichten.<\/p>\n<div class=\"ReadMore-root Section-root Section-is1to3-xs_is1to1\" data-widgets=\"ReadMore\" data-has-alias>\n<div class=\"Section-container Section-isRow-isTop-isWrap\">\n<article class=\"Card-root Card-is1to1 \">\n<div class=\"Card-imageWrap\">\n<div class=\"Card-picture\">\n<picture class=\"Picture-root Picture-default\"><!--[if IE 9]><video style=\"display: none;\"><![endif]--><source media=\"(-webkit-min-device-pixel-ratio: 2) and (min-resolution: 120dpi)\" data-srcset=\" \nhttps:\/\/cdni.russiatoday.com\/deutsch\/images\/2022.04\/thumbnail\/62614012b480cc12061d583a.jpg 850w,\n                https:\/\/cdni.russiatoday.com\/deutsch\/images\/2022.04\/article\/62614012b480cc12061d5839.jpg 1960w,\n            \" srcset=\"data:image\/png;base64,iVBORw0KGgoAAAANSUhEUgAAABAAAAAJCAQAAACRI2S5AAAAEElEQVR42mNkIAAYRxWAAQAG9gAKqv6+AwAAAABJRU5ErkJggg==\"><source data-srcset=\" \nhttps:\/\/cdni.russiatoday.com\/deutsch\/images\/2022.04\/thumbnail\/62614012b480cc12061d583a.jpg 460w,\n              https:\/\/cdni.russiatoday.com\/deutsch\/images\/2022.04\/article\/62614012b480cc12061d5839.jpg 980w,\n            \" srcset=\"data:image\/png;base64,iVBORw0KGgoAAAANSUhEUgAAABAAAAAJCAQAAACRI2S5AAAAEElEQVR42mNkIAAYRxWAAQAG9gAKqv6+AwAAAABJRU5ErkJggg==\"><!--[if IE 9]><\/video><![endif]--><img decoding=\"async\" data-sizes=\"auto\" src=\"data:image\/png;base64,iVBORw0KGgoAAAANSUhEUgAAABAAAAAJCAQAAACRI2S5AAAAEElEQVR42mNkIAAYRxWAAQAG9gAKqv6+AwAAAABJRU5ErkJggg==\" class=\"Picture-root Picture-default lazyload\" data-src=\"https:\/\/cdni.russiatoday.com\/deutsch\/images\/2022.04\/thumbnail\/62614012b480cc12061d583a.jpg\" alt='Selenskij, ein \"K\u00e4mpfer f\u00fcr Freiheit und Demokratie\" \u2013 am Tegernsee'><\/source><\/source><\/picture><!-- noscript pattern --><noscript><img decoding=\"async\" src=\"https:\/\/cdni.russiatoday.com\/deutsch\/images\/2022.04\/article\/62614012b480cc12061d5839.jpg\" alt='Selenskij, ein \"K\u00e4mpfer f\u00fcr Freiheit und Demokratie\" \u2013 am Tegernsee'><\/noscript>    <\/div><\/div>\n<div class=\"Card-contentWrap\">\n<div class=\"Card-content\">\n<div class=\"Card-title\">\n<div class=\"HeaderNews-root HeaderNews-type_6 \">\n<p>            <a target=\"_blank\" href=\"https:\/\/de.rt.com\/europa\/136672-selenski-kaempfer-fuer-freiheit-und-demokratie-aber-nur-am-tegernsee\/\" class=\"Link-root Link-isFullCard \" rel=\"noopener\"><br \/>\n                Selenskij, ein &#8220;K\u00e4mpfer f\u00fcr Freiheit und Demokratie&#8221; \u2013 am Tegernsee<br \/>\n            <\/a><\/p><\/div><\/div><\/div><\/div>\n<\/article>\n<\/div><\/div>\n<p>Pr\u00e4sident Selenskij wird als Lichtgestalt im Kampf f\u00fcr Freiheit und Demokratie der Ukraine dargestellt. Kaum eine Tagesschau-Sendung ohne ihn in Olivgr\u00fcn und mit gro\u00dfm\u00e4uligen Spr\u00fcchen \u00fcber seine Bereitschaft zum Widerstand bis zur letzten Patrone. Dass sein Regime wegen betr\u00e4chtlicher milit\u00e4rischer Verluste \u2013 nach (allerdings nicht \u00fcberpr\u00fcfbaren) russischen Angaben sind bereits mehr als 20.000 ukrainische Soldaten gefallen\u00a0\u2013 allen\u00a0M\u00e4nnern\u00a0zwischen 18 und 60 Jahren\u00a0die Ausreise verbot und sie damit von ihren\u00a0fluchtwilligen\u00a0Frauen und Kindern trennte,\u00a0fand keinen Platz in unseren TV-Nachrichten. Wohl aber die Behauptung des im L\u00fcgen und Aufschneiden ge\u00fcbten Selenskij, in den ersten 50 Kampftagen seien <a target=\"_blank\" href=\"https:\/\/www.rainews.it\/tgr\/tagesschau\/articoli\/2022\/04\/tag-Ukraine-Tote-bei-Angriffen-auf-Kiew-und-Charkiw-f42817c8-8d54-46b3-b9be-24b9d1716909.html\" rel=\"noopener\">lediglich 3.000 ukrainische Gefallene <\/a>zu beklagen gewesen.<\/p>\n<p>Zumindest in seiner ersten Phase zeigte der russische Angriff eine vollkommen neue Form der Kriegsf\u00fchrung. Sie verschont weitgehend die Zivilbev\u00f6lkerung. Entgegen den Behauptungen von <em>ARD-aktuell<\/em> konzentrierten sich die Angriffe auf die milit\u00e4rische und die milit\u00e4risch genutzte Infrastruktur der Ukraine. (Anmerkung: Im Unterschied dazu hatte die ukrainische Armee gezielt die Wohngebiete in den russlandfreundlichen Republiken Donezk und Lugansk mit Artillerie und Raketen beschossen, weil sich die Bev\u00f6lkerung den Maidan-Putschisten nicht unterwerfen wollten. Diese Massaker waren der Tagesschau keine Nachrichtenserie wert gewesen). Die <a target=\"_blank\" href=\"https:\/\/www.infobae.com\/de\/2022\/04\/04\/die-un-bescheinigte-3455-zivile-opfer-in-der-ukraine-seit-beginn-der-russischen-invasion\/\" rel=\"noopener\">UNO registrierte<\/a> bis zum 20. April 3.455 get\u00f6tete Zivilisten. Zum Vergleich: Beim rund 50 Tage dauernden Angriff auf den Irak anno 2003 brachte das US-Milit\u00e4r in den ersten 50 Tagen nicht nur rund 60.000 irakische Soldaten um, sondern massakrierte mit r\u00fccksichtslosen Fl\u00e4chenbombardements gleich zum Auftakt auch mehr als <a target=\"_blank\" href=\"http:\/\/www.ag-friedensforschung.de\/regionen\/Irak\/rose3.html\" rel=\"noopener\">10.000 Zivilisten.<\/a><\/p>\n<p><strong>Informations-Defizit<\/strong><\/p>\n<p>Die russische Armee hat bisher haupts\u00e4chlich Waffen- und Munitionsdepots, Gefechtsst\u00e4nde, Raffinerien, R\u00fcstungsbetriebe und Nachschubwege angegriffen. Nach ukrainischen Angaben ist bereits ein Drittel der gesamten Infrastruktur des Landes besch\u00e4digt oder zerst\u00f6rt, darunter <a target=\"_blank\" href=\"https:\/\/open4business.com.ua\/number-of-gas-stations-in-ukraine-decreases-3-times-since-beginning-of-war-director-of-a-95\/\" rel=\"noopener\">zwei Drittel aller Tankstellen<\/a>. Die Sch\u00e4den belaufen sich auf rund <a target=\"_blank\" href=\"https:\/\/www.msn.com\/de-de\/nachrichten\/politik\/ukraine-ticker-ukraine-100-mrd-dollar-sch%C3%A4den-an-br%C3%BCcken-und-stra%C3%9Fen\/ar-AAWl6MK\" rel=\"noopener\">100 Milliarden Dolla<\/a>r. Es bleibt bei dieser Art Kriegsf\u00fchrung zwar die Zahl der zivilen Toten und Verwundeten begrenzt, aber die materielle Zerst\u00f6rung k\u00f6nnte die Ukraine ohne einen baldigen Friedensvertrag &#8220;<a target=\"_blank\" href=\"https:\/\/www.n-tv.de\/mediathek\/videos\/politik\/Putin-will-die-Ukraine-unbewohnbar-machen-article23272707.html\" rel=\"noopener\">unbewohnbar&#8221; machen<\/a> und zur Abwanderung eines erheblichen Teils der 40 Millionen Ukrainer Richtung Westeuropa f\u00fchren. Mit enormer wirtschaftlicher Belastung der aufnehmenden L\u00e4nder.\u00a0<\/p>\n<p>Nach russischen Angaben wurden bisher (Stand 19. April) 139 Flugzeuge, 483 Drohnen, 250 Flugabwehr-Raketensysteme, 2.326 Panzer (95 Prozent des Gesamtbestandes) und andere gepanzerte Kampffahrzeuge <a target=\"_blank\" href=\"https:\/\/www.broeckers.com\/\" rel=\"noopener\">zerst\u00f6rt<\/a>, ein Volumen, das auch mit m\u00f6glichen Waffenlieferungen aus dem Westen <a target=\"_blank\" href=\"https:\/\/www.moonofalabama.org\/2022\/04\/the-ukraine-is-still-losing-so-what-is-its-plan.html#more\" rel=\"noopener\">nicht ausgeglichen <\/a>werden kann. \u00a0<\/p>\n<div class=\"ReadMore-root Section-root Section-is1to3-xs_is1to1\" data-widgets=\"ReadMore\" data-has-alias>\n<div class=\"Section-container Section-isRow-isTop-isWrap\">\n<article class=\"Card-root Card-is1to1 \">\n<div class=\"Card-imageWrap\">\n<div class=\"Card-picture\">\n<picture class=\"Picture-root Picture-default\"><!--[if IE 9]><video style=\"display: none;\"><![endif]--><source media=\"(-webkit-min-device-pixel-ratio: 2) and (min-resolution: 120dpi)\" data-srcset=\" \nhttps:\/\/cdni.russiatoday.com\/deutsch\/images\/2022.04\/thumbnail\/62619decb480cc59db4e6af1.jpg 850w,\n                https:\/\/cdni.russiatoday.com\/deutsch\/images\/2022.04\/article\/62619decb480cc59db4e6af1.jpg 1960w,\n            \" srcset=\"data:image\/png;base64,iVBORw0KGgoAAAANSUhEUgAAABAAAAAJCAQAAACRI2S5AAAAEElEQVR42mNkIAAYRxWAAQAG9gAKqv6+AwAAAABJRU5ErkJggg==\"><source data-srcset=\" \nhttps:\/\/cdni.russiatoday.com\/deutsch\/images\/2022.04\/thumbnail\/62619decb480cc59db4e6af1.jpg 460w,\n              https:\/\/cdni.russiatoday.com\/deutsch\/images\/2022.04\/article\/62619decb480cc59db4e6af1.jpg 980w,\n            \" srcset=\"data:image\/png;base64,iVBORw0KGgoAAAANSUhEUgAAABAAAAAJCAQAAACRI2S5AAAAEElEQVR42mNkIAAYRxWAAQAG9gAKqv6+AwAAAABJRU5ErkJggg==\"><!--[if IE 9]><\/video><![endif]--><img decoding=\"async\" data-sizes=\"auto\" src=\"data:image\/png;base64,iVBORw0KGgoAAAANSUhEUgAAABAAAAAJCAQAAACRI2S5AAAAEElEQVR42mNkIAAYRxWAAQAG9gAKqv6+AwAAAABJRU5ErkJggg==\" class=\"Picture-root Picture-default lazyload\" data-src=\"https:\/\/cdni.russiatoday.com\/deutsch\/images\/2022.04\/thumbnail\/62619decb480cc59db4e6af1.jpg\" alt=\"Mehr Waffen f\u00fcr die Ukraine\"><\/source><\/source><\/picture><!-- noscript pattern --><noscript><img decoding=\"async\" src=\"https:\/\/cdni.russiatoday.com\/deutsch\/images\/2022.04\/article\/62619decb480cc59db4e6af1.jpg\" alt=\"Mehr Waffen f\u00fcr die Ukraine\"><\/noscript><\/p>\n<div class=\"Picture-withVideo\"><svg class=\"Icon-root Icon-videoPlay\" width=\"31px\" height=\"40px\" viewbox=\"0 0 31 40\" fill=\"#FFFFFF\" opacity=\"0.9\" version=\"1.1\" xmlns=\"http:\/\/www.w3.org\/2000\/svg\" xmlns:xlink=\"http:\/\/www.w3.org\/1999\/xlink\"><g fill-rule=\"evenodd\"><g transform=\"translate(-14.000000, -8.000000)\"><path d=\"M17.0962701,9.21920419 L43.200784,26.3270141 C44.1246347,26.9324674 44.3827469,28.1722132 43.7772936,29.0960639 C43.6267472,29.3257802 43.4305003,29.5220271 43.200784,29.6725735 L17.0962701,46.7803835 C16.1724193,47.3858367 14.9326735,47.1277246 14.3272203,46.2038739 C14.1137272,45.8781084 14,45.4970938 14,45.1076038 L14,10.8919839 C14,9.78741439 14.8954305,8.89198389 16,8.89198389 C16.38949,8.89198389 16.7705046,9.00571108 17.0962701,9.21920419 Z\"><\/path><\/g><\/g><\/svg><\/div><\/div><\/div>\n<div class=\"Card-contentWrap\">\n<div class=\"Card-content\">\n<div class=\"Card-title\">\n<div class=\"HeaderNews-root HeaderNews-type_6 \">\n<p>            <a target=\"_blank\" href=\"https:\/\/de.rt.com\/kurzclips\/video\/136724-mehr-waffen-fur-ukraine\/\" class=\"Link-root Link-isFullCard \" rel=\"noopener\"><br \/>\n                Mehr Waffen f\u00fcr die Ukraine<br \/>\n            <\/a><\/p><\/div><\/div><\/div><\/div>\n<\/article>\n<\/div><\/div>\n<p>Das alles erfahren <em>Tagesschau<\/em>-Konsumenten jedoch nicht. So bleibt ihnen verschlossen, \u2013 falls sie sich nicht noch anderweitig umsehen, was systematisch per Zensur erschwert wird \u2013 dass den politisch Verantwortlichen im Westen die Opfer und Verluste der Ukraine damals wie heute und entgegen allen Beteuerungen gleichg\u00fcltig sind. Der st\u00e4ndige Ruf nach immer mehr Waffenlieferungen mag als Beleg daf\u00fcr dienen.\u00a0<\/p>\n<p>Bisher wurde als Tabu und politische Amoral empfunden, Waffen in Krisengebiete zu liefern. Heute fordern die Vertreter der &#8220;politischen Mitte&#8221; (Schwarz-Rot-Gr\u00fcn-Gelb) v\u00f6llig hemmungslos umfangreiche Waffengeschenke an die Ukraine. Die Kriegstreiber drehen den Spie\u00df um: Wer Waffenlieferungen ablehnt, dem werden Kaltherzigkeit und mangelnde Hilfsbereitschaft unterstellt.<\/p>\n<p>Der massive R\u00fcstungstransfer in die Ukraine ist eine faktische, wenn auch <a target=\"_blank\" href=\"https:\/\/www.zdf.de\/nachrichten\/politik\/buschmann-kriegsverbrechen-fluechtlinge-ukraine-krieg-russland-100.html\" rel=\"noopener\">keine v\u00f6lkerrechtliche Beteiligung<\/a> am Krieg, bei der man sich zwar nicht mit Blut besudelt, aber die H\u00e4nde schmutzig macht. Milit\u00e4risch sinnlos ist obendrein die Lieferung schwerer Waffen. Sie \u00e4ndern nichts an der Unterlegenheit der Ukraine. Die kann nicht gegen Russland\u00a0bestehen oder gar siegen. Waffenlieferungen verl\u00e4ngern nur den Krieg, steigern <a target=\"_blank\" href=\"https:\/\/www.epochtimes.de\/politik\/ausland\/us-oberst-warnt-mit-waffenlieferungen-draengen-wir-die-ukrainer-sinnlos-zu-sterben-a3741060.html\" rel=\"noopener\">die Zahl seiner Opfer<\/a> und den Profit der R\u00fcstungsindustrie.<\/p>\n<p>Der Ex-Richter am Bundesgerichtshof, Thomas Fischer, <a target=\"_blank\" href=\"https:\/\/www.spiegel.de\/panorama\/ukraine-krieg-gas-und-oel-aus-russland-olaf-scholz-hat-recht-kolumne-a-bf8a5981-a91d-4dda-a537-af65146ee8a8\" rel=\"noopener\">res\u00fcmiert<\/a>:<\/p>\n<blockquote>\n<p><em>&#8220;Mit h\u00f6chster Wahrscheinlichkeit wird die Ukraine diesen Krieg verlieren. Daran \u00e4ndern weder das Rechthaben noch das Mitleid etwas. \u2026 Wollen wir wirklich die Ukrainer darin best\u00e4rken, ihre junge Generation in den Heldentod zu schicken?&#8221;<\/em>\u00a0\u00a0<\/p>\n<\/blockquote>\n<p>Statt umfassender Information dar\u00fcber, dass und warum die geforderten Waffenlieferungen der Z\u00fcndfunke am Pulverfass sind und keinerlei positive Aspekte haben, nur die Profiteure der R\u00fcstungswirtschaft und die politischen Schaumschl\u00e4ger m\u00f6gen das anders sehen, sendet die Tagesschau kriegstreiberische Signale. Sie wirkt daran mit den Kreis jener aufrechten und standhaften Sozialdemokraten <a target=\"_blank\" href=\"https:\/\/www.tagesschau.de\/kommentar\/ukraine-deutschland-105.html\" rel=\"noopener\">unter Druck zu setzen<\/a>, die noch so etwas wie Skrupel und Verantwortungsbewusstsein zeigen und dem Waffen-Wahn nicht folgen.<\/p>\n<blockquote>\n<p><em>&#8220;Doch wenn Scholz sieht, dass die Freiheit nicht mehr weit weg am Hindukusch, sondern mitten in Europa verteidigt wird \u2026 Warum z\u00f6gert, zaudert, zagt die Bundesregierung dann noch? \u2026 Trotz ihrer selbstverordneten Geheimhaltungs-Strategie kann die Ampel schwer leugnen, dass sie bei den Waffenlieferungen vor aller Welt eher als Verhinderer denn als Erm\u00f6glicher dasteht.&#8221;<\/em>\u00a0<\/p>\n<\/blockquote>\n<p><strong>Pfeif auf Gesetze<\/strong><\/p>\n<p>Das Selbstverst\u00e4ndlichste w\u00e4hrend eines Krieges, n\u00e4mlich Friedensl\u00f6sungen anzumahnen, ist den Querschl\u00e4gern in politischen \u00c4mtern und in den journalistischen Rollen abhandengekommen. Das Grundgesetz spricht schon in der Pr\u00e4ambel davon, es gelte,<\/p>\n<blockquote>\n<p><em>&#8220;in einem geeinten Europa <\/em><a target=\"_blank\" href=\"http:\/\/www.verfassungen.de\/gg\/gg-praeambel.htm\" rel=\"noopener\"><em>dem Frieden der Welt zu dienen<\/em><\/a><em>.&#8221;<\/em>\u00a0<\/p>\n<\/blockquote>\n<p>Und im NDR-Staatsvertrag steht verpflichtend:<\/p>\n<blockquote>\n<p><em>&#8220;Das Programm des NDR soll die \u2026 internationale Verst\u00e4ndigung f\u00f6rdern, f\u00fcr die <\/em><a target=\"_blank\" href=\"https:\/\/www.ndr.de\/der_ndr\/zahlen_und_daten\/staatsvertrag202.pdf\" rel=\"noopener\"><em>Friedenssicherung<\/em><\/a><em><\/em><em>&#8230; eintreten.&#8221;<\/em><\/p>\n<\/blockquote>\n<div class=\"ReadMore-root Section-root Section-is1to3-xs_is1to1\" data-widgets=\"ReadMore\" data-has-alias>\n<div class=\"Section-container Section-isRow-isTop-isWrap\">\n<article class=\"Card-root Card-is1to1 \">\n<div class=\"Card-imageWrap\">\n<div class=\"Card-picture\">\n<picture class=\"Picture-root Picture-default\"><!--[if IE 9]><video style=\"display: none;\"><![endif]--><source media=\"(-webkit-min-device-pixel-ratio: 2) and (min-resolution: 120dpi)\" data-srcset=\" \nhttps:\/\/cdni.russiatoday.com\/deutsch\/images\/2022.04\/thumbnail\/6260f1abb480cc0d18394a89.jpg 850w,\n                https:\/\/cdni.russiatoday.com\/deutsch\/images\/2022.04\/article\/6260f1abb480cc0d18394a88.jpg 1960w,\n            \" srcset=\"data:image\/png;base64,iVBORw0KGgoAAAANSUhEUgAAABAAAAAJCAQAAACRI2S5AAAAEElEQVR42mNkIAAYRxWAAQAG9gAKqv6+AwAAAABJRU5ErkJggg==\"><source data-srcset=\" \nhttps:\/\/cdni.russiatoday.com\/deutsch\/images\/2022.04\/thumbnail\/6260f1abb480cc0d18394a89.jpg 460w,\n              https:\/\/cdni.russiatoday.com\/deutsch\/images\/2022.04\/article\/6260f1abb480cc0d18394a88.jpg 980w,\n            \" srcset=\"data:image\/png;base64,iVBORw0KGgoAAAANSUhEUgAAABAAAAAJCAQAAACRI2S5AAAAEElEQVR42mNkIAAYRxWAAQAG9gAKqv6+AwAAAABJRU5ErkJggg==\"><!--[if IE 9]><\/video><![endif]--><img decoding=\"async\" data-sizes=\"auto\" src=\"data:image\/png;base64,iVBORw0KGgoAAAANSUhEUgAAABAAAAAJCAQAAACRI2S5AAAAEElEQVR42mNkIAAYRxWAAQAG9gAKqv6+AwAAAABJRU5ErkJggg==\" class=\"Picture-root Picture-default lazyload\" data-src=\"https:\/\/cdni.russiatoday.com\/deutsch\/images\/2022.04\/thumbnail\/6260f1abb480cc0d18394a89.jpg\" alt=\"Schwere Waffen f\u00fcr die Ukraine? Der n\u00e4chste Akt des deutschen Deliriums\"><\/source><\/source><\/picture><!-- noscript pattern --><noscript><img decoding=\"async\" src=\"https:\/\/cdni.russiatoday.com\/deutsch\/images\/2022.04\/article\/6260f1abb480cc0d18394a88.jpg\" alt=\"Schwere Waffen f\u00fcr die Ukraine? Der n\u00e4chste Akt des deutschen Deliriums\"><\/noscript>    <\/div><\/div>\n<div class=\"Card-contentWrap\">\n<div class=\"Card-label\">\n            <span class=\"Label-root\"><br \/>\n                Meinung<br \/>\n            <\/span>\n        <\/div>\n<div class=\"Card-content\">\n<div class=\"Card-title\">\n<div class=\"HeaderNews-root HeaderNews-type_6 \">\n<p>            <a target=\"_blank\" href=\"https:\/\/de.rt.com\/meinung\/136630-schwere-waffen-fur-ukraine-nachste\/\" class=\"Link-root Link-isFullCard \" rel=\"noopener\"><br \/>\n                Schwere Waffen f\u00fcr die Ukraine? Der n\u00e4chste Akt des deutschen Deliriums<br \/>\n            <\/a><\/p><\/div><\/div><\/div><\/div>\n<\/article>\n<\/div><\/div>\n<p>Doch die Bellizisten im Reichstag k\u00fcmmert&#8217;s einen Dreck. Und die Schreibtischkrieger der <em>ARD-aktuell<\/em> schrecken nicht einmal davor zur\u00fcck, die Friedensaktivisten der Osterm\u00e4rsche und Gegner der Waffenlieferungen als realit\u00e4tsfern <a target=\"_blank\" href=\"https:\/\/www.tagesschau.de\/inland\/ostermaersche-krisenzeiten-101.html\" rel=\"noopener\">herabzusetzen<\/a>.<\/p>\n<p>Was Wunder, dass in unserer kaputten westlichen Werte-Welt keine namhaften Deutschen oder andere Westeurop\u00e4er, sondern opponierende US-Amerikaner und chinesische Spitzenpolitiker auf den einzig richtigen Weg zur Konfliktl\u00f6sung hinweisen. Chinas stellvertretender St\u00e4ndiger Vertreter bei den Vereinten Nationen, <a target=\"_blank\" href=\"http:\/\/www.russland.news\/stellvertretender-vertreter-chinas-bei-der-uno-waffenlieferungen-und-sanktionen-werden-in-der-ukraine-nicht-zum-frieden-fuehren\/\" rel=\"noopener\">Dai Bin:\u00a0<\/a><\/p>\n<blockquote>\n<p><em>&#8220;Ich m\u00f6chte darauf hinweisen, dass das einfache Verh\u00e4ngen von Sanktionen und das Versenden von Waffen keinen Frieden bringen wird.\u00a0Die Eskalation weitreichender Sanktionen hat zu einer Lebensmittelkrise und steigenden Energiepreisen gef\u00fchrt.\u00a0Daf\u00fcr zahlt die gesamte internationale Gemeinschaft einen hohen Preis, darunter Tausende von Frauen und Kindern in Afghanistan, Jemen, Afrika und der Sahelzone.&#8221;<\/em><\/p>\n<\/blockquote>\n<p>Und Ex-US-Pr\u00e4sident Donald Trump: Die Ukraine und Russland sollten <a target=\"_blank\" href=\"https:\/\/www.businessinsider.com\/trump-said-russia-and-ukraine-should-figure-out-a-solution-2022-4?op=1\" rel=\"noopener\">umgehend verhandeln<\/a>, denn<\/p>\n<blockquote>\n<p><em>&#8220;wenn sie es nicht bald tun, wird es nichts mehr geben au\u00dfer Tod, Zerst\u00f6rung und Gemetzel.&#8221;<\/em><\/p>\n<\/blockquote>\n<p>Recht haben die beiden. Die deutschen Waffenlieferungen sind hingegen Torpedosch\u00fcsse gegen Kompromisse und baldige Verhandlungsl\u00f6sung. Das hysterische Geschrei nach schweren Waffen f\u00fcr die Ukraine zeigt, dass unsere Heuchler weder um die Belange der Zivilbev\u00f6lkerung noch generell um Frieden in der Ukraine bem\u00fcht sind. Es geht ihnen einzig und allein um die politische und \u00f6konomische <a target=\"_blank\" href=\"https:\/\/www.n-tv.de\/mediathek\/videos\/politik\/Beschlossenes-Sanktionspaket-wird-Russland-ruinieren-article23155892.html\" rel=\"noopener\">Unterwerfung<\/a> der Russischen F\u00f6deration. Sie soll wie in Jelzins elender Regierungszeit zum willigen und billigen Rohstofflieferanten des Westens werden.\u00a0<\/p>\n<p><strong>Taub f\u00fcr Warnsignale<\/strong><\/p>\n<div class=\"ReadMore-root Section-root Section-is1to3-xs_is1to1\" data-widgets=\"ReadMore\" data-has-alias>\n<div class=\"Section-container Section-isRow-isTop-isWrap\">\n<article class=\"Card-root Card-is1to1 \">\n<div class=\"Card-imageWrap\">\n<div class=\"Card-picture\">\n<picture class=\"Picture-root Picture-default\"><!--[if IE 9]><video style=\"display: none;\"><![endif]--><source media=\"(-webkit-min-device-pixel-ratio: 2) and (min-resolution: 120dpi)\" data-srcset=\" \nhttps:\/\/cdni.russiatoday.com\/deutsch\/images\/2022.04\/thumbnail\/625be92eb480cc1dfc040888.JPG 850w,\n                https:\/\/cdni.russiatoday.com\/deutsch\/images\/2022.04\/article\/625be92db480cc1dfc040887.JPG 1960w,\n            \" srcset=\"data:image\/png;base64,iVBORw0KGgoAAAANSUhEUgAAABAAAAAJCAQAAACRI2S5AAAAEElEQVR42mNkIAAYRxWAAQAG9gAKqv6+AwAAAABJRU5ErkJggg==\"><source data-srcset=\" \nhttps:\/\/cdni.russiatoday.com\/deutsch\/images\/2022.04\/thumbnail\/625be92eb480cc1dfc040888.JPG 460w,\n              https:\/\/cdni.russiatoday.com\/deutsch\/images\/2022.04\/article\/625be92db480cc1dfc040887.JPG 980w,\n            \" srcset=\"data:image\/png;base64,iVBORw0KGgoAAAANSUhEUgAAABAAAAAJCAQAAACRI2S5AAAAEElEQVR42mNkIAAYRxWAAQAG9gAKqv6+AwAAAABJRU5ErkJggg==\"><!--[if IE 9]><\/video><![endif]--><img decoding=\"async\" data-sizes=\"auto\" src=\"data:image\/png;base64,iVBORw0KGgoAAAANSUhEUgAAABAAAAAJCAQAAACRI2S5AAAAEElEQVR42mNkIAAYRxWAAQAG9gAKqv6+AwAAAABJRU5ErkJggg==\" class=\"Picture-root Picture-default lazyload\" data-src=\"https:\/\/cdni.russiatoday.com\/deutsch\/images\/2022.04\/thumbnail\/625be92eb480cc1dfc040888.JPG\" alt=\"K\u00f6lner Ostermarsch: Frieden mit Russland \u2013 keine Waffenlieferungen in die Ukraine\"><\/source><\/source><\/picture><!-- noscript pattern --><noscript><img decoding=\"async\" src=\"https:\/\/cdni.russiatoday.com\/deutsch\/images\/2022.04\/article\/625be92db480cc1dfc040887.JPG\" alt=\"K\u00f6lner Ostermarsch: Frieden mit Russland \u2013 keine Waffenlieferungen in die Ukraine\"><\/noscript>    <\/div><\/div>\n<div class=\"Card-contentWrap\">\n<div class=\"Card-content\">\n<div class=\"Card-title\">\n<div class=\"HeaderNews-root HeaderNews-type_6 \">\n<p>            <a target=\"_blank\" href=\"https:\/\/de.rt.com\/inland\/136366-frieden-mit-russland-keine-waffenlieferungen\/\" class=\"Link-root Link-isFullCard \" rel=\"noopener\"><br \/>\n                K\u00f6lner Ostermarsch: Frieden mit Russland \u2013 keine Waffenlieferungen in die Ukraine<br \/>\n            <\/a><\/p><\/div><\/div><\/div><\/div>\n<\/article>\n<\/div><\/div>\n<p>Die politische Desorientierung der Bundesb\u00fcrger nimmt unter diesen Bedingungen dramatisch zu. 60 Prozent haben Angst vor einem Dritten Weltkrieg. 70 Prozent bef\u00fcrworten aber weitere Waffenlieferungen. Solche Irrationalit\u00e4t muss sich vor allem die <em>ARD-aktuell<\/em> wegen ihrer miesen Meinungsmache zuschreiben. Auch politische Wendeh\u00e4lse und schamlose Opportunisten wie Michael Roth, Vorsitzender des Ausw\u00e4rtigen Ausschusses, d\u00fcrfen sich diesen &#8220;Erfolg&#8221; ans Revers heften. Roth fordert Panzerlieferungen an die Ukraine mit einer Penetranz und Lautst\u00e4rke, als bekomme er von Krauss-Maffey-Wegmann oder Rheinmetall Extra-Provisionen f\u00fcr jeden aufgemotzten &#8220;Leo 1&#8221;.<\/p>\n<p>Nach der Ank\u00fcndigung der USA, weitere 800 Millionen Dollar Milit\u00e4rhilfe an das Selenskij-Regime zu leisten, richtete\u00a0Russland an mehrere westliche L\u00e4nder Protestnoten. Auch in Berlin ging ein solches Schreiben ein. Laut <em>Washington Post<\/em>\u00a0<a target=\"_blank\" href=\"https:\/\/www.boerse-online.de\/nachrichten\/aktien\/russland-verschickt-wegen-waffenlieferungen-protestnoten-1031359112\" rel=\"noopener\">warnt Moskau<\/a> in dem Schreiben, die Waffenlieferungen k\u00f6nnten &#8220;unvorhersehbare Folgen&#8221; haben. Damit hat der russische Pr\u00e4sident erneut eine rote Linie gezogen. Zu den &#8220;unvorhersehbaren Folgen&#8221; kann ein <a target=\"_blank\" href=\"https:\/\/www.tagesspiegel.de\/politik\/drohungen-mit-atomwaffen-der-westen-sollte-putins-eskalationsspiel-nicht-mitspielen\/28177310.html\" rel=\"noopener\">atomarer Pr\u00e4ventivschlag<\/a> z\u00e4hlen. Das entspr\u00e4che der Logik der bisherigen Entwicklung. Der Pr\u00e4sident eines Landes, das \u00f6konomisch &#8220;ruiniert&#8221; werden und\u00a0massive Waffenlieferungen an seinen Kriegsgegner hinnehmen soll, k\u00f6nnte sich tats\u00e4chlich irgendwann an den Punkt gebracht sehen, auf diese weitere, faktische Kriegsbeteiligung zu reagieren.<\/p>\n<p>Putin hat die Grenzen seiner Duldungs- und Kompromissbereitschaft stets sehr deutlich gezogen und <a target=\"_blank\" href=\"https:\/\/www.zeit.de\/politik\/ausland\/2021-12\/russland-ukraine-wladimir-putin-usa-europa\" rel=\"noopener\">unmissverst\u00e4ndlich gekl\u00e4rt<\/a>, was passiert, wenn der Westen sie \u00fcberschreitet. Erinnern wir uns: \u00a0<\/p>\n<blockquote>\n<p><em>&#8220;<\/em><em>Im Fall einer Fortsetzung der ziemlich aggressiven Linie unserer westlichen Kollegen werden wir mit ad\u00e4quaten milit\u00e4risch-technischen Ma\u00dfnahmen antworten.&#8221;<\/em><\/p>\n<\/blockquote>\n<p>Wie es scheint, haben Kanzler Scholz und der nicht ausgesprochen bornierte Teil der SPD-Abgeordneten endlich begriffen, dass jetzt Matth\u00e4i am Letzten droht und nach Putins Protestnote\u00a0kein Raum mehr bleibt, \u00fcber Siegesaussichten der deutschen Ukraine-Politik zu spekulieren. Der Erkenntnisprozess deutet sich zumindest in den \u00c4u\u00dferungen des Kanzlers an. Am 14. April hatte er sich noch als grunds\u00e4tzlich <a target=\"_blank\" href=\"https:\/\/www.tagesschau.de\/inland\/waffenlieferungen-ampelkoalition-101.html\" rel=\"noopener\">bereit zu Waffenlieferungen <\/a>an die Ukraine erkl\u00e4rt:\u00a0<\/p>\n<blockquote>\n<p><em>&#8220;Man muss darauf achten, was der Ukraine n\u00fctzt.\u201c<\/em> Deutschland wolle &#8216;<em>richtige und vern\u00fcnftige&#8217; Waffen liefern.&#8221;<\/em>\u00a0<\/p>\n<\/blockquote>\n<p>Am 16. April, einen Tag nach der russischen Protestnote, war von direkten Waffenlieferungen keine Rede mehr. <a target=\"_blank\" href=\"https:\/\/www.tagesschau.de\/inland\/scholz-ukraine-militaerhilfe-101.html\" rel=\"noopener\">Zwei Milliarden Euro Milit\u00e4rhilfe <\/a>w\u00fcrden bereitgestellt, davon deutlich mehr als eine Milliarde Euro als Direktzahlung an die Ukraine. Die Ukrainer sollten sich &#8220;in Abstimmung mit den USA und den anderen Partnern die Waffen kaufen, die sie haben wollen&#8221;.<\/p>\n<p>Sehr viel verhaltener als vor Zeiten klangen auch der Vorsitzende der US-gest\u00fctzten &#8220;Atlantik-Br\u00fccke&#8221;, Ex-Au\u00dfenminister Sigmar Gabriel, sowie der vormalige Chef der M\u00fcnchner &#8220;Sicherheitskonferenz&#8221;, Ex-Staatssekret\u00e4r Wolfgang Ischinger. <a target=\"_blank\" href=\"https:\/\/www.focus.de\/politik\/ausland\/ukraine-krise\/kurzsichtig-und-gefaehrlich-das-steckt-hinter-gabriels-scharfer-warnung-an-die-ukraine_id_85366650.html\" rel=\"noopener\">Gabriel:<\/a> Man m\u00fcsse die Ukraine zwar unterst\u00fctzen, jedoch<\/p>\n<blockquote>\n<p><em>&#8220;zugleich \u00fcber den &#8216;Tag danach&#8217; nachdenken,&#8221;<\/em><\/p>\n<\/blockquote>\n<p>also \u00fcber eine politische L\u00f6sung zur Beendigung des Krieges und den Bedarf einer Sicherheitsarchitektur.\u00a0Ischinger, die &#8220;Kriegseuphorie&#8221; kritisierend: &#8220;Wir Deutschen neigen leider bekanntlich zu Extremen&#8221;. Seine <a target=\"_blank\" href=\"https:\/\/www.focus.de\/politik\/ausland\/ukraine-krise\/kurzsichtig-und-gefaehrlich-das-steckt-hinter-gabriels-scharfer-warnung-an-die-ukraine_id_85366650.html\" rel=\"noopener\">Warnung<\/a>:<\/p>\n<blockquote>\n<p><em>&#8220;Es ist k\u00fcnftig nicht hinnehmbar, dass Russland nuklearf\u00e4hige Kurzstreckenraketen in Kaliningrad stationieren kann, die zum Beispiel Berlin in wenigen Minuten erreichen und vernichten k\u00f6nnten.&#8221;<\/em><\/p>\n<\/blockquote>\n<p><strong>&#8220;Demokrat&#8221; in NATO-oliv<\/strong><\/p>\n<p>Es w\u00e4re zudem l\u00e4ngst geboten, den Empf\u00e4nger der deutschen Waffenlieferungen kritisch und \u00f6ffentlichkeitswirksam unter die Lupe zu nehmen. Pr\u00e4sident Selenskij und sein Regime sind Willk\u00fcrherrscher. Zu ihrem Machtmissbrauch geh\u00f6rte die Ausgabe von Schnellfeuergewehren und anderen Handfeuerwaffen an jedermann, auch an vorzeitig entlassene Strafh\u00e4ftlinge. Die Folge: ungez\u00e4hlte \u00dcbergriffe, Folterungen und Lynchmorde an &#8220;Russenfreunden&#8221;, vorgeblichen &#8220;<a target=\"_blank\" href=\"https:\/\/allesevolution.wordpress.com\/2022\/03\/22\/umgang-im-krieg-mit-pluenderern-etc-hier-ukraine\/\" rel=\"noopener\">Pl\u00fcnderern<\/a>&#8221;\u00a0und &#8220;Dieben&#8221; sowie an Minderheiten wie den Roma, ohne dass staatliche Beh\u00f6rden gegen den allt\u00e4glichen Terror einschritten. Dieses Vorgehen folgt den gleichen faschistischen Motiven wie Kiews seit dem Jahr 2015 gef\u00fchrter <a target=\"_blank\" href=\"https:\/\/www.n-tv.de\/politik\/Uno-meldet-fast-13-000-Tote-in-Ostukraine-article20821339.html\" rel=\"noopener\">Krieg gegen die Ost-Ukrainer <\/a>mit rund 14.000 Toten.<\/p>\n<div class=\"ReadMore-root Section-root Section-is1to3-xs_is1to1\" data-widgets=\"ReadMore\" data-has-alias>\n<div class=\"Section-container Section-isRow-isTop-isWrap\">\n<article class=\"Card-root Card-is1to1 \">\n<div class=\"Card-imageWrap\">\n<div class=\"Card-picture\">\n<picture class=\"Picture-root Picture-default\"><!--[if IE 9]><video style=\"display: none;\"><![endif]--><source media=\"(-webkit-min-device-pixel-ratio: 2) and (min-resolution: 120dpi)\" data-srcset=\" \nhttps:\/\/cdni.russiatoday.com\/deutsch\/images\/2022.04\/thumbnail\/625bdd9eb480cc1f63021bdb.jpg 850w,\n                https:\/\/cdni.russiatoday.com\/deutsch\/images\/2022.04\/article\/625bdd9eb480cc1f63021bda.jpg 1960w,\n            \" srcset=\"data:image\/png;base64,iVBORw0KGgoAAAANSUhEUgAAABAAAAAJCAQAAACRI2S5AAAAEElEQVR42mNkIAAYRxWAAQAG9gAKqv6+AwAAAABJRU5ErkJggg==\"><source data-srcset=\" \nhttps:\/\/cdni.russiatoday.com\/deutsch\/images\/2022.04\/thumbnail\/625bdd9eb480cc1f63021bdb.jpg 460w,\n              https:\/\/cdni.russiatoday.com\/deutsch\/images\/2022.04\/article\/625bdd9eb480cc1f63021bda.jpg 980w,\n            \" srcset=\"data:image\/png;base64,iVBORw0KGgoAAAANSUhEUgAAABAAAAAJCAQAAACRI2S5AAAAEElEQVR42mNkIAAYRxWAAQAG9gAKqv6+AwAAAABJRU5ErkJggg==\"><!--[if IE 9]><\/video><![endif]--><img decoding=\"async\" data-sizes=\"auto\" src=\"data:image\/png;base64,iVBORw0KGgoAAAANSUhEUgAAABAAAAAJCAQAAACRI2S5AAAAEElEQVR42mNkIAAYRxWAAQAG9gAKqv6+AwAAAABJRU5ErkJggg==\" class=\"Picture-root Picture-default lazyload\" data-src=\"https:\/\/cdni.russiatoday.com\/deutsch\/images\/2022.04\/thumbnail\/625bdd9eb480cc1f63021bdb.jpg\" alt=\"Von der Leyen fordert schnellere Waffenlieferungen an die Ukraine\"><\/source><\/source><\/picture><!-- noscript pattern --><noscript><img decoding=\"async\" src=\"https:\/\/cdni.russiatoday.com\/deutsch\/images\/2022.04\/article\/625bdd9eb480cc1f63021bda.jpg\" alt=\"Von der Leyen fordert schnellere Waffenlieferungen an die Ukraine\"><\/noscript>    <\/div><\/div>\n<div class=\"Card-contentWrap\">\n<div class=\"Card-content\">\n<div class=\"Card-title\">\n<div class=\"HeaderNews-root HeaderNews-type_6 \">\n<p>            <a target=\"_blank\" href=\"https:\/\/de.rt.com\/international\/136371-von-leyen-fordert-schnellere-waffenlieferungen\/\" class=\"Link-root Link-isFullCard \" rel=\"noopener\"><br \/>\n                Von der Leyen fordert schnellere Waffenlieferungen an die Ukraine<br \/>\n            <\/a><\/p><\/div><\/div><\/div><\/div>\n<\/article>\n<\/div><\/div>\n<p>Selenskij, der Superdemokrat, im Berliner Reichstag mit <em>Standing Ovations<\/em> bedacht, lie\u00df s\u00e4mtliche elf Oppositionsparteien verbieten. Dito alle regierungskritischen Medien. Er ordnete an, politische Rivalen zu verhaften und leitete das Verschwindenlassen, Folterung und Ermordung ukrainischer Dissidenten. Nicht sicht-, aber vorstellbar sind die F\u00e4den an der Marionette Selenskij, gesponnen von seinem Vorg\u00e4nger Poroschenko, gezogen von den Russenhassern und Kriegsgewinnlern in Washington.<\/p>\n<p>Der preisgekr\u00f6nte US-Journalist <a target=\"_blank\" href=\"https:\/\/thegrayzone.com\/2022\/04\/17\/traitor-zelensky-assassination-kidnapping-arrest-political-opposition\/\" rel=\"noopener\">Max Blumenthal<\/a> schrieb unter dem Titel:<\/p>\n<blockquote>\n<p><em>&#8220;<\/em><a target=\"_blank\" href=\"https:\/\/www.barth-engelbart.de\/?p=237000\" rel=\"noopener\"><em>Ein Verr\u00e4ter weniger<\/em><\/a><em>\u00a0\u2013<\/em><em> Selenskij beaufsichtigt Kampagne der Ermordung, Entf\u00fchrung und Folterung von politischen Oppositionellen.&#8221;\u00a0<\/em><\/p>\n<\/blockquote>\n<p>Blumenthal enth\u00fcllt in dem langen Beitrag, dass Selenskij etliche ukrainische B\u00fcrgermeister erschie\u00dfen lie\u00df, die mit den russischen Besatzern \u00fcber Alltagsregelungen f\u00fcr ihre Einwohner <a target=\"_blank\" href=\"https:\/\/www.rnd.de\/politik\/ukraine-krieg-selenskyj-droht-russland-unterstutzern-im-eigenen-land-5fec099d-15b4-4c97-9ae4-98790647a223.html\" rel=\"noopener\">verhandelt hatten<\/a>. Der Pr\u00e4sident ist zumindest politisch verantwortlich f\u00fcr die Untaten des Lynchmobs in zahlreichen Ortschaften der noch &#8220;russenfreien&#8221; Ukraine. Selenskijs B\u00fcndnis mit der menschenfeindlichen Machtelite der Ukraine ist schlie\u00dflich ebenso evident wie deren m\u00f6rderische Umtriebe und die grauenhaften Kriegsverbrechen der Neonazi-Brigaden, die dank einer Pr\u00e4sidentenverf\u00fcgung in die ukrainische Armee integriert wurden.<\/p>\n<p>Sowohl die f\u00fchrenden US-Politiker als auch ihre rot-gr\u00fcn-gelb-schwarzen Kolonialverwalter in Berlin wissen genau, mit wem sie es in Kiew zu tun haben. Noch streben sie nach dem lang ersehnten Ziel, den Russen endlich wieder eine Niederlage beizubringen. Noch allerdings bleibt auch ein F\u00fcnkchen Hoffnung, dass Putin nicht zum \u00c4u\u00dfersten getrieben wird. Dass der Wertewesten seinen Stellvertreterkrieg in Osteuropa nicht bis zum letzten Ukrainer fortsetzt, sondern Friedensverhandlungen anstrebt.<\/p>\n<p><strong>Anmerkung der Autoren:<\/strong><\/p>\n<p>Unsere Beitr\u00e4ge stehen zur freien Verf\u00fcgung, nichtkommerzielle Zwecke der Ver\u00f6ffentlichung vorausgesetzt. Wir schreiben nicht f\u00fcr Honorar, sondern gegen die &#8220;mediale Massenverbl\u00f6dung&#8221; (in memoriam Peter Scholl-Latour). Die Texte werden vom Verein &#8220;St\u00e4ndige Publikumskonferenz \u00f6ffentlich-rechtlicher Medien e.V.&#8221; dokumentiert: <a target=\"_blank\" href=\"https:\/\/publikumskonferenz.de\/blog\" rel=\"noopener\">https:\/\/publikumskonferenz.de\/blog<\/a><\/p>\n<p><strong>Mehr zum Thema &#8211; <\/strong><a target=\"_blank\" href=\"https:\/\/de.rt.com\/meinung\/136514-es-scheint-dass-der-westen-keinen-frieden-in-der-ukraine-will\/\" rel=\"noopener\">Es scheint, dass der Westen keinen Frieden in der Ukraine will<\/a><\/p>\n<\/p>\n<\/div>\n<p><br \/>\n<br \/><a href=\"https:\/\/de.rt.com\/meinung\/136824-mctagesschau-burger-blaugelb-verpackt\/\">Source link <\/a><\/p>\n","protected":false},"excerpt":{"rendered":"<p>von Friedhelm Klinkhammer und Volker Br\u00e4utigam Die ARD-Tagesschau hat die meisten Zuschauer. McDonald hat die meisten Besucher. Das Erfolgsrezept: Fast Food. Es macht denkfaul, fett und\u00a0satt. Ist allerdings gesundheitssch\u00e4dlich, mental und physisch. Besonders\u00a0der aktuelle McTagesschau-Billigburger, die antirussische Kriegshetze in blau-gelber Verpackung, ist zum Speien. Das Angebot f\u00fcllt\u00a0aber seit\u00a0Wochen gut die H\u00e4lfte der gesamten Sendezeit. Als [&hellip;]<\/p>\n","protected":false},"author":3,"featured_media":2728,"comment_status":"open","ping_status":"open","sticky":false,"template":"","format":"standard","meta":{"wp_automatic_camp":["217"],"9f2673909275a904a9fe249f46662178":["McTagesschau-Burger, blaugelb verpackt"],"original_link":["https:\/\/de.rt.com\/meinung\/136824-mctagesschau-burger-blaugelb-verpackt\/"],"_thumbnail_id":["2728"],"wp_automatic_remove_first_image":["yes"],"jnews_social_counter_last_update":["1777181697"],"_wptg_p2tg_sent2tg":["2022-04-23 07:43:25"]},"categories":[19,23],"tags":[7891,7890,7892],"yoast_head":"<!-- This site is optimized with the Yoast SEO Premium plugin v22.7 (Yoast SEO v22.7) - https:\/\/yoast.com\/wordpress\/plugins\/seo\/ -->\n<title>McTagesschau-Burger, blaugelb verpackt - just-now.NEWS Deutschland<\/title>\n<meta name=\"robots\" content=\"index, follow, max-snippet:-1, max-image-preview:large, max-video-preview:-1\" \/>\n<link rel=\"canonical\" href=\"https:\/\/now-news.de\/de\/deutschland\/mctagesschau-burger-blaugelb-verpackt\/\" \/>\n<meta property=\"og:locale\" content=\"de_DE\" \/>\n<meta property=\"og:type\" content=\"article\" \/>\n<meta property=\"og:title\" content=\"McTagesschau-Burger, blaugelb verpackt\" \/>\n<meta property=\"og:description\" content=\"von Friedhelm Klinkhammer und Volker Br\u00e4utigam Die ARD-Tagesschau hat die meisten Zuschauer. McDonald hat die meisten Besucher. Das Erfolgsrezept: Fast Food. Es macht denkfaul, fett und\u00a0satt. Ist allerdings gesundheitssch\u00e4dlich, mental und physisch. Besonders\u00a0der aktuelle McTagesschau-Billigburger, die antirussische Kriegshetze in blau-gelber Verpackung, ist zum Speien. Das Angebot f\u00fcllt\u00a0aber seit\u00a0Wochen gut die H\u00e4lfte der gesamten Sendezeit. Als [&hellip;]\" \/>\n<meta property=\"og:url\" content=\"https:\/\/now-news.de\/de\/deutschland\/mctagesschau-burger-blaugelb-verpackt\/\" \/>\n<meta property=\"og:site_name\" content=\"just-now.NEWS Deutschland\" \/>\n<meta property=\"article:publisher\" content=\"https:\/\/www.facebook.com\/wirmachenauf\" \/>\n<meta property=\"article:published_time\" content=\"2022-04-23T08:39:27+00:00\" \/>\n<meta property=\"og:image\" content=\"https:\/\/now-news.de\/de\/wp-content\/uploads\/sites\/3\/2022\/04\/McTagesschau-Burger-blaugelb-verpackt.png\" \/>\n\t<meta property=\"og:image:width\" content=\"1104\" \/>\n\t<meta property=\"og:image:height\" content=\"622\" \/>\n\t<meta property=\"og:image:type\" content=\"image\/png\" \/>\n<meta name=\"author\" content=\"rtnews\" \/>\n<meta name=\"twitter:card\" content=\"summary_large_image\" \/>\n<meta name=\"twitter:creator\" content=\"@WirMachenAuf_de\" \/>\n<meta name=\"twitter:site\" content=\"@WirMachenAuf_de\" \/>\n<meta name=\"twitter:label1\" content=\"Verfasst von\" \/>\n\t<meta name=\"twitter:data1\" content=\"rtnews\" \/>\n\t<meta name=\"twitter:label2\" content=\"Gesch\u00e4tzte Lesezeit\" \/>\n\t<meta name=\"twitter:data2\" content=\"13\u00a0Minuten\" \/>\n<script type=\"application\/ld+json\" class=\"yoast-schema-graph\">{\"@context\":\"https:\/\/schema.org\",\"@graph\":[{\"@type\":\"Article\",\"@id\":\"https:\/\/now-news.de\/de\/deutschland\/mctagesschau-burger-blaugelb-verpackt\/#article\",\"isPartOf\":{\"@id\":\"https:\/\/now-news.de\/de\/deutschland\/mctagesschau-burger-blaugelb-verpackt\/\"},\"author\":{\"name\":\"rtnews\",\"@id\":\"https:\/\/now-news.de\/de\/#\/schema\/person\/fb534a4e865501d8b3285208df34a9b5\"},\"headline\":\"McTagesschau-Burger, blaugelb verpackt\",\"datePublished\":\"2022-04-23T08:39:27+00:00\",\"dateModified\":\"2022-04-23T08:39:27+00:00\",\"mainEntityOfPage\":{\"@id\":\"https:\/\/now-news.de\/de\/deutschland\/mctagesschau-burger-blaugelb-verpackt\/\"},\"wordCount\":2676,\"commentCount\":0,\"publisher\":{\"@id\":\"https:\/\/now-news.de\/de\/#organization\"},\"image\":{\"@id\":\"https:\/\/now-news.de\/de\/deutschland\/mctagesschau-burger-blaugelb-verpackt\/#primaryimage\"},\"thumbnailUrl\":\"https:\/\/now-news.de\/de\/wp-content\/uploads\/sites\/3\/2022\/04\/McTagesschau-Burger-blaugelb-verpackt.png\",\"keywords\":[\"blaugelb\",\"McTagesschauBurger\",\"verpackt\"],\"articleSection\":[\"Deutschland\",\"Russland\"],\"inLanguage\":\"de\",\"potentialAction\":[{\"@type\":\"CommentAction\",\"name\":\"Comment\",\"target\":[\"https:\/\/now-news.de\/de\/deutschland\/mctagesschau-burger-blaugelb-verpackt\/#respond\"]}]},{\"@type\":\"WebPage\",\"@id\":\"https:\/\/now-news.de\/de\/deutschland\/mctagesschau-burger-blaugelb-verpackt\/\",\"url\":\"https:\/\/now-news.de\/de\/deutschland\/mctagesschau-burger-blaugelb-verpackt\/\",\"name\":\"McTagesschau-Burger, blaugelb verpackt - just-now.NEWS Deutschland\",\"isPartOf\":{\"@id\":\"https:\/\/now-news.de\/de\/#website\"},\"primaryImageOfPage\":{\"@id\":\"https:\/\/now-news.de\/de\/deutschland\/mctagesschau-burger-blaugelb-verpackt\/#primaryimage\"},\"image\":{\"@id\":\"https:\/\/now-news.de\/de\/deutschland\/mctagesschau-burger-blaugelb-verpackt\/#primaryimage\"},\"thumbnailUrl\":\"https:\/\/now-news.de\/de\/wp-content\/uploads\/sites\/3\/2022\/04\/McTagesschau-Burger-blaugelb-verpackt.png\",\"datePublished\":\"2022-04-23T08:39:27+00:00\",\"dateModified\":\"2022-04-23T08:39:27+00:00\",\"breadcrumb\":{\"@id\":\"https:\/\/now-news.de\/de\/deutschland\/mctagesschau-burger-blaugelb-verpackt\/#breadcrumb\"},\"inLanguage\":\"de\",\"potentialAction\":[{\"@type\":\"ReadAction\",\"target\":[\"https:\/\/now-news.de\/de\/deutschland\/mctagesschau-burger-blaugelb-verpackt\/\"]}]},{\"@type\":\"ImageObject\",\"inLanguage\":\"de\",\"@id\":\"https:\/\/now-news.de\/de\/deutschland\/mctagesschau-burger-blaugelb-verpackt\/#primaryimage\",\"url\":\"https:\/\/now-news.de\/de\/wp-content\/uploads\/sites\/3\/2022\/04\/McTagesschau-Burger-blaugelb-verpackt.png\",\"contentUrl\":\"https:\/\/now-news.de\/de\/wp-content\/uploads\/sites\/3\/2022\/04\/McTagesschau-Burger-blaugelb-verpackt.png\",\"width\":1104,\"height\":622,\"caption\":\"McTagesschau-Burger, blaugelb verpackt\"},{\"@type\":\"BreadcrumbList\",\"@id\":\"https:\/\/now-news.de\/de\/deutschland\/mctagesschau-burger-blaugelb-verpackt\/#breadcrumb\",\"itemListElement\":[{\"@type\":\"ListItem\",\"position\":1,\"name\":\"Home\",\"item\":\"https:\/\/now-news.de\/de\/\"},{\"@type\":\"ListItem\",\"position\":2,\"name\":\"McTagesschau-Burger, blaugelb verpackt\"}]},{\"@type\":\"WebSite\",\"@id\":\"https:\/\/now-news.de\/de\/#website\",\"url\":\"https:\/\/now-news.de\/de\/\",\"name\":\"just-now.NEWS Deutschland\",\"description\":\"Das Portal f\u00fcr unzensierte Nachrichten aus der Welt\",\"publisher\":{\"@id\":\"https:\/\/now-news.de\/de\/#organization\"},\"potentialAction\":[{\"@type\":\"SearchAction\",\"target\":{\"@type\":\"EntryPoint\",\"urlTemplate\":\"https:\/\/now-news.de\/de\/?s={search_term_string}\"},\"query-input\":\"required name=search_term_string\"}],\"inLanguage\":\"de\"},{\"@type\":\"Organization\",\"@id\":\"https:\/\/now-news.de\/de\/#organization\",\"name\":\"Just Now News\",\"url\":\"https:\/\/now-news.de\/de\/\",\"logo\":{\"@type\":\"ImageObject\",\"inLanguage\":\"de\",\"@id\":\"https:\/\/now-news.de\/de\/#\/schema\/logo\/image\/\",\"url\":\"http:\/\/just-now.news\/de\/wp-content\/uploads\/sites\/3\/2022\/04\/logo500x500.jpg\",\"contentUrl\":\"http:\/\/just-now.news\/de\/wp-content\/uploads\/sites\/3\/2022\/04\/logo500x500.jpg\",\"width\":500,\"height\":500,\"caption\":\"Just Now News\"},\"image\":{\"@id\":\"https:\/\/now-news.de\/de\/#\/schema\/logo\/image\/\"},\"sameAs\":[\"https:\/\/www.facebook.com\/wirmachenauf\",\"https:\/\/x.com\/WirMachenAuf_de\"]},{\"@type\":\"Person\",\"@id\":\"https:\/\/now-news.de\/de\/#\/schema\/person\/fb534a4e865501d8b3285208df34a9b5\",\"name\":\"rtnews\",\"image\":{\"@type\":\"ImageObject\",\"inLanguage\":\"de\",\"@id\":\"https:\/\/now-news.de\/de\/#\/schema\/person\/image\/\",\"url\":\"https:\/\/secure.gravatar.com\/avatar\/82aafea7d8127119dd649515f56e2117?s=96&d=mm&r=g\",\"contentUrl\":\"https:\/\/secure.gravatar.com\/avatar\/82aafea7d8127119dd649515f56e2117?s=96&d=mm&r=g\",\"caption\":\"rtnews\"},\"url\":\"https:\/\/now-news.de\/de\/author\/rnews\/\"}]}<\/script>\n<!-- \/ Yoast SEO Premium plugin. -->","yoast_head_json":{"title":"McTagesschau-Burger, blaugelb verpackt - just-now.NEWS Deutschland","robots":{"index":"index","follow":"follow","max-snippet":"max-snippet:-1","max-image-preview":"max-image-preview:large","max-video-preview":"max-video-preview:-1"},"canonical":"https:\/\/now-news.de\/de\/deutschland\/mctagesschau-burger-blaugelb-verpackt\/","og_locale":"de_DE","og_type":"article","og_title":"McTagesschau-Burger, blaugelb verpackt","og_description":"von Friedhelm Klinkhammer und Volker Br\u00e4utigam Die ARD-Tagesschau hat die meisten Zuschauer. McDonald hat die meisten Besucher. Das Erfolgsrezept: Fast Food. Es macht denkfaul, fett und\u00a0satt. Ist allerdings gesundheitssch\u00e4dlich, mental und physisch. Besonders\u00a0der aktuelle McTagesschau-Billigburger, die antirussische Kriegshetze in blau-gelber Verpackung, ist zum Speien. Das Angebot f\u00fcllt\u00a0aber seit\u00a0Wochen gut die H\u00e4lfte der gesamten Sendezeit. Als [&hellip;]","og_url":"https:\/\/now-news.de\/de\/deutschland\/mctagesschau-burger-blaugelb-verpackt\/","og_site_name":"just-now.NEWS Deutschland","article_publisher":"https:\/\/www.facebook.com\/wirmachenauf","article_published_time":"2022-04-23T08:39:27+00:00","og_image":[{"width":1104,"height":622,"url":"https:\/\/now-news.de\/de\/wp-content\/uploads\/sites\/3\/2022\/04\/McTagesschau-Burger-blaugelb-verpackt.png","type":"image\/png"}],"author":"rtnews","twitter_card":"summary_large_image","twitter_creator":"@WirMachenAuf_de","twitter_site":"@WirMachenAuf_de","twitter_misc":{"Verfasst von":"rtnews","Gesch\u00e4tzte Lesezeit":"13\u00a0Minuten"},"schema":{"@context":"https:\/\/schema.org","@graph":[{"@type":"Article","@id":"https:\/\/now-news.de\/de\/deutschland\/mctagesschau-burger-blaugelb-verpackt\/#article","isPartOf":{"@id":"https:\/\/now-news.de\/de\/deutschland\/mctagesschau-burger-blaugelb-verpackt\/"},"author":{"name":"rtnews","@id":"https:\/\/now-news.de\/de\/#\/schema\/person\/fb534a4e865501d8b3285208df34a9b5"},"headline":"McTagesschau-Burger, blaugelb verpackt","datePublished":"2022-04-23T08:39:27+00:00","dateModified":"2022-04-23T08:39:27+00:00","mainEntityOfPage":{"@id":"https:\/\/now-news.de\/de\/deutschland\/mctagesschau-burger-blaugelb-verpackt\/"},"wordCount":2676,"commentCount":0,"publisher":{"@id":"https:\/\/now-news.de\/de\/#organization"},"image":{"@id":"https:\/\/now-news.de\/de\/deutschland\/mctagesschau-burger-blaugelb-verpackt\/#primaryimage"},"thumbnailUrl":"https:\/\/now-news.de\/de\/wp-content\/uploads\/sites\/3\/2022\/04\/McTagesschau-Burger-blaugelb-verpackt.png","keywords":["blaugelb","McTagesschauBurger","verpackt"],"articleSection":["Deutschland","Russland"],"inLanguage":"de","potentialAction":[{"@type":"CommentAction","name":"Comment","target":["https:\/\/now-news.de\/de\/deutschland\/mctagesschau-burger-blaugelb-verpackt\/#respond"]}]},{"@type":"WebPage","@id":"https:\/\/now-news.de\/de\/deutschland\/mctagesschau-burger-blaugelb-verpackt\/","url":"https:\/\/now-news.de\/de\/deutschland\/mctagesschau-burger-blaugelb-verpackt\/","name":"McTagesschau-Burger, blaugelb verpackt - just-now.NEWS Deutschland","isPartOf":{"@id":"https:\/\/now-news.de\/de\/#website"},"primaryImageOfPage":{"@id":"https:\/\/now-news.de\/de\/deutschland\/mctagesschau-burger-blaugelb-verpackt\/#primaryimage"},"image":{"@id":"https:\/\/now-news.de\/de\/deutschland\/mctagesschau-burger-blaugelb-verpackt\/#primaryimage"},"thumbnailUrl":"https:\/\/now-news.de\/de\/wp-content\/uploads\/sites\/3\/2022\/04\/McTagesschau-Burger-blaugelb-verpackt.png","datePublished":"2022-04-23T08:39:27+00:00","dateModified":"2022-04-23T08:39:27+00:00","breadcrumb":{"@id":"https:\/\/now-news.de\/de\/deutschland\/mctagesschau-burger-blaugelb-verpackt\/#breadcrumb"},"inLanguage":"de","potentialAction":[{"@type":"ReadAction","target":["https:\/\/now-news.de\/de\/deutschland\/mctagesschau-burger-blaugelb-verpackt\/"]}]},{"@type":"ImageObject","inLanguage":"de","@id":"https:\/\/now-news.de\/de\/deutschland\/mctagesschau-burger-blaugelb-verpackt\/#primaryimage","url":"https:\/\/now-news.de\/de\/wp-content\/uploads\/sites\/3\/2022\/04\/McTagesschau-Burger-blaugelb-verpackt.png","contentUrl":"https:\/\/now-news.de\/de\/wp-content\/uploads\/sites\/3\/2022\/04\/McTagesschau-Burger-blaugelb-verpackt.png","width":1104,"height":622,"caption":"McTagesschau-Burger, blaugelb verpackt"},{"@type":"BreadcrumbList","@id":"https:\/\/now-news.de\/de\/deutschland\/mctagesschau-burger-blaugelb-verpackt\/#breadcrumb","itemListElement":[{"@type":"ListItem","position":1,"name":"Home","item":"https:\/\/now-news.de\/de\/"},{"@type":"ListItem","position":2,"name":"McTagesschau-Burger, blaugelb verpackt"}]},{"@type":"WebSite","@id":"https:\/\/now-news.de\/de\/#website","url":"https:\/\/now-news.de\/de\/","name":"just-now.NEWS Deutschland","description":"Das Portal f\u00fcr unzensierte Nachrichten aus der Welt","publisher":{"@id":"https:\/\/now-news.de\/de\/#organization"},"potentialAction":[{"@type":"SearchAction","target":{"@type":"EntryPoint","urlTemplate":"https:\/\/now-news.de\/de\/?s={search_term_string}"},"query-input":"required name=search_term_string"}],"inLanguage":"de"},{"@type":"Organization","@id":"https:\/\/now-news.de\/de\/#organization","name":"Just Now News","url":"https:\/\/now-news.de\/de\/","logo":{"@type":"ImageObject","inLanguage":"de","@id":"https:\/\/now-news.de\/de\/#\/schema\/logo\/image\/","url":"http:\/\/just-now.news\/de\/wp-content\/uploads\/sites\/3\/2022\/04\/logo500x500.jpg","contentUrl":"http:\/\/just-now.news\/de\/wp-content\/uploads\/sites\/3\/2022\/04\/logo500x500.jpg","width":500,"height":500,"caption":"Just Now News"},"image":{"@id":"https:\/\/now-news.de\/de\/#\/schema\/logo\/image\/"},"sameAs":["https:\/\/www.facebook.com\/wirmachenauf","https:\/\/x.com\/WirMachenAuf_de"]},{"@type":"Person","@id":"https:\/\/now-news.de\/de\/#\/schema\/person\/fb534a4e865501d8b3285208df34a9b5","name":"rtnews","image":{"@type":"ImageObject","inLanguage":"de","@id":"https:\/\/now-news.de\/de\/#\/schema\/person\/image\/","url":"https:\/\/secure.gravatar.com\/avatar\/82aafea7d8127119dd649515f56e2117?s=96&d=mm&r=g","contentUrl":"https:\/\/secure.gravatar.com\/avatar\/82aafea7d8127119dd649515f56e2117?s=96&d=mm&r=g","caption":"rtnews"},"url":"https:\/\/now-news.de\/de\/author\/rnews\/"}]}},"_links":{"self":[{"href":"https:\/\/now-news.de\/de\/wp-json\/wp\/v2\/posts\/2727"}],"collection":[{"href":"https:\/\/now-news.de\/de\/wp-json\/wp\/v2\/posts"}],"about":[{"href":"https:\/\/now-news.de\/de\/wp-json\/wp\/v2\/types\/post"}],"author":[{"embeddable":true,"href":"https:\/\/now-news.de\/de\/wp-json\/wp\/v2\/users\/3"}],"replies":[{"embeddable":true,"href":"https:\/\/now-news.de\/de\/wp-json\/wp\/v2\/comments?post=2727"}],"version-history":[{"count":0,"href":"https:\/\/now-news.de\/de\/wp-json\/wp\/v2\/posts\/2727\/revisions"}],"wp:featuredmedia":[{"embeddable":true,"href":"https:\/\/now-news.de\/de\/wp-json\/wp\/v2\/media\/2728"}],"wp:attachment":[{"href":"https:\/\/now-news.de\/de\/wp-json\/wp\/v2\/media?parent=2727"}],"wp:term":[{"taxonomy":"category","embeddable":true,"href":"https:\/\/now-news.de\/de\/wp-json\/wp\/v2\/categories?post=2727"},{"taxonomy":"post_tag","embeddable":true,"href":"https:\/\/now-news.de\/de\/wp-json\/wp\/v2\/tags?post=2727"}],"curies":[{"name":"wp","href":"https:\/\/api.w.org\/{rel}","templated":true}]}}