{"id":27259,"date":"2023-01-09T16:50:32","date_gmt":"2023-01-09T14:50:32","guid":{"rendered":"https:\/\/just-now.news\/de\/deutschland\/bolsonaro-weist-verantwortung-fuer-sturm-auf-regierungsviertel-zurueck\/"},"modified":"2023-01-09T16:50:32","modified_gmt":"2023-01-09T14:50:32","slug":"bolsonaro-weist-verantwortung-fuer-sturm-auf-regierungsviertel-zurueck","status":"publish","type":"post","link":"https:\/\/now-news.de\/de\/deutschland\/bolsonaro-weist-verantwortung-fuer-sturm-auf-regierungsviertel-zurueck\/","title":{"rendered":"Bolsonaro weist Verantwortung f\u00fcr Sturm auf Regierungsviertel zur\u00fcck"},"content":{"rendered":"<p><img decoding=\"async\" src=\"http:\/\/just-now.news\/de\/wp-content\/uploads\/sites\/3\/2023\/01\/63bc0671b480cc1e2c7a0824.jpg\" \/><\/p>\n<div class=\"Text-root Text-type_1 \">\n                Der erst j\u00fcngst vereidigte brasilianische Pr\u00e4sident Lula da Silva machte seinen Vorg\u00e4nger Bolsonaro f\u00fcr die massiven Ausschreitungen am Sonntag in der Hauptstadt verantwortlich. Bolsonaro jedoch weist die Anschuldigungen zur\u00fcck und billigt nur &#8220;friedliche Demonstrationen&#8221;.\n            <\/div>\n<p><\/p>\n<div class=\"Text-root Text-type_5 ArticleView-text ViewText-root \">\n<p>Der ehemalige brasilianische Pr\u00e4sident Jair Bolsonaro hat jede Verantwortung f\u00fcr die Unruhen in der Hauptstadt Bras\u00edlia\u00a0am Sonntag zur\u00fcckgewiesen. Zuvor hatte der erst vergangene Woche vereidigte neue Staatschef Luiz In\u00e1cio Lula da Silva seinen rechtsgerichteten Vorg\u00e4nger beschuldigt, die K\u00f6pfe seiner Anh\u00e4nger mit Extremismus gef\u00fcllt zu haben. Jene hatten Stunden zuvor das Regierungsviertel in der Hauptstadt gest\u00fcrmt.<\/p>\n<p>Am Sonntagabend <a rel=\"nofollow noopener\" target=\"_blank\" href=\"https:\/\/twitter.com\/jairbolsonaro\/status\/1612242019564548097\">twitterte<\/a> Bolsonaro:\u00a0<\/p>\n<blockquote>\n<p><em>&#8220;Friedliche Demonstrationen in Form von Gesetzen sind Teil der Demokratie. Pl\u00fcnderungen und Eindringen in \u00f6ffentliche Geb\u00e4ude, wie sie heute stattgefunden haben, sowie diejenigen, die von der Linken 2013 und 2017 praktiziert wurden, fallen jedoch nicht unter diese Regel.&#8221;<\/em><\/p>\n<\/blockquote>\n<p>Seine Nachricht kam, kurz nachdem die Sicherheitskr\u00e4fte des Landes, nach mehrst\u00fcndigen Zusammenst\u00f6\u00dfen mit den Demonstranten, die Kontrolle \u00fcber die Regierungsgeb\u00e4ude wiedererlangt hatten. &#8220;Ich weise die Anschuldigungen ohne Beweise zur\u00fcck, die mir vom derzeitigen Leiter der brasilianischen Exekutive zugeschrieben werden&#8221;, f\u00fcgte Bolsonaro hinzu, ohne Lula beim Namen zu nennen.\u00a0Der ehemalige Staatschef verlie\u00df Brasilien einige Tage vor der traditionellen Vereidigungszeremonie am 1. Januar, um den Sieg des Linken nicht durch seine Anwesenheit zu legitimieren.<\/p>\n<p>&#8220;Dieser V\u00f6lkerm\u00f6rder ermutigt dies \u00fcber die sozialen Medien von Miami aus&#8221;, behauptete Lula in einer Fernsehansprache am Sonntag und machte seinen Vorg\u00e4nger f\u00fcr die &#8220;beispiellose&#8221; Gewalt an diesem Tag verantwortlich. Er gelobte, die Verantwortlichen f\u00fcr das Chaos &#8220;mit der Kraft des Gesetzes&#8221; zur Rechenschaft zu ziehen, und versprach, die &#8220;Finanziers&#8221; der Unruhen zu ermitteln.<\/p>\n<p>Am Sonntag waren\u00a0Tausende Anh\u00e4nger von Bolsonaro bei einem erneuten Protestmarsch durch die Hauptstadt Bras\u00edlia\u00a0gezogen und hatten die Behauptung wiederholt, dass Brasiliens elektronisches Wahlsystem f\u00fcr Betrug und andere Unregelm\u00e4\u00dfigkeiten bei der Stimmabgabe anf\u00e4llig sei. Nachdem sie den &#8220;Pra\u00e7a dos Tr\u00eas Poderes&#8221; \u2013\u00a0Platz der drei Gewalten \u2013, die der Exekutive, der Legislative und der Judikative gewidmet\u00a0sind, erreichten, st\u00fcrmten Tausende von Demonstranten durch die Absperrungen und drangen in den Kongress, den Obersten Gerichtshof sowie den Pr\u00e4sidentenpalast ein.<\/p>\n<p>W\u00e4hrend die Menschenmengen drinnen Chaos und Verw\u00fcstung anrichteten, hatten die Sicherheitskr\u00e4fte M\u00fche, die Unruhen unter Kontrolle zu bringen. Der Pr\u00e4sident, der sich zu diesem Zeitpunkt in S\u00e3o Paulo aufhielt, sah sich gezwungen, den Notstand im Bundesdistrikt Bras\u00edlia\u00a0auszurufen und Justizminister Ricardo Garcia Capelli mit der F\u00fchrung der &#8220;f\u00f6deralen Intervention&#8221; zu beauftragen.<\/p>\n<p>Am Sonntagabend gelang es der Polizei nach stundenlangen Zusammenst\u00f6\u00dfen und Hunderten von Verhaftungen sowie\u00a0nach Einsatz von Tr\u00e4nengas und Wasserwerfern, schlie\u00dflich die Kontrolle \u00fcber die Regierungsgeb\u00e4ude wiederzuerlangen. Die Beh\u00f6rden gaben wenig sp\u00e4ter bekannt, dass mindestens 300 Personen festgenommen wurden. Der Justizminister warnte, dass die Verhaftungen noch die ganze Nacht andauern w\u00fcrden, da die Beh\u00f6rden versuchen, alle Personen zu identifizieren, die in die Geschehnisse verwickelt sind, was er als &#8220;terroristischen Akt&#8221; und versuchten &#8220;Staatsstreich&#8221; bezeichnete.<\/p>\n<p><strong>Mehr zum Thema<\/strong> &#8211;\u00a0<a rel=\"nofollow noopener\" target=\"_blank\" href=\"https:\/\/test.rtde.tech\/amerika\/159307-putsch-ins-nirgendwo-weltweites-entsetzen-ueber-vorfaelle-in-brasilien\/\">&#8220;Putsch ins Nirgendwo&#8221; \u2013 Weltweites Entsetzen \u00fcber Vorf\u00e4lle in Brasilien<\/a><\/p>\n<div class=\"EmbedBlock-root EmbedBlock-externalVideo EmbedBlock-vk\">\n<div class=\"VkEmbed\"><iframe class=\"lazyload\" data-src=\"https:\/\/vk.com\/video_ext.php?oid=-134310637&amp;id=456262275&amp;hash=1ebeadbe9cf74bb9\" frameborder=\"0\" width=\"853\" height=\"480\" allowfullscreen><\/iframe><\/div>\n<\/div>\n<\/div>\n<p><script async src=\"https:\/\/platform.twitter.com\/widgets.js\" charset=\"utf-8\"><\/script><br \/>\n<br \/><br \/>\n<br \/><a href=\"https:\/\/de.rt.com\/amerika\/159313-bolsonaro-weist-verantwortung-zurueck-friedliche\/\">Source link <\/a><\/p>\n","protected":false},"excerpt":{"rendered":"<p>Der erst j\u00fcngst vereidigte brasilianische Pr\u00e4sident Lula da Silva machte seinen Vorg\u00e4nger Bolsonaro f\u00fcr die massiven Ausschreitungen am Sonntag in der Hauptstadt verantwortlich. Bolsonaro jedoch weist die Anschuldigungen zur\u00fcck und billigt nur &#8220;friedliche Demonstrationen&#8221;. Der ehemalige brasilianische Pr\u00e4sident Jair Bolsonaro hat jede Verantwortung f\u00fcr die Unruhen in der Hauptstadt Bras\u00edlia\u00a0am Sonntag zur\u00fcckgewiesen. Zuvor hatte der [&hellip;]<\/p>\n","protected":false},"author":3,"featured_media":27260,"comment_status":"open","ping_status":"open","sticky":false,"template":"","format":"standard","meta":{"_yoast_indexnow_last_ping":["1673278564"],"wp_automatic_camp":["217"],"b4df801d80aa4c268b387dbde5c0680b":["Bolsonaro weist Verantwortung f\u00fcr Sturm auf Regierungsviertel zur\u00fcck"],"original_link":["https:\/\/de.rt.com\/amerika\/159313-bolsonaro-weist-verantwortung-zurueck-friedliche\/"],"_thumbnail_id":["27260"],"_wptgpro_p2tg_sent2tg":["a:1:{i:23737;s:19:\"2023-01-09 17:37:22\";}"],"jnews_social_counter_last_update":["1777256455"]},"categories":[19,23],"tags":[133,10645,221,19463,5675,12597,3334,3337],"yoast_head":"<!-- This site is optimized with the Yoast SEO Premium plugin v22.7 (Yoast SEO v22.7) - https:\/\/yoast.com\/wordpress\/plugins\/seo\/ -->\n<title>Bolsonaro weist Verantwortung f\u00fcr Sturm auf Regierungsviertel zur\u00fcck - just-now.NEWS Deutschland<\/title>\n<meta name=\"robots\" content=\"index, follow, max-snippet:-1, max-image-preview:large, max-video-preview:-1\" \/>\n<link rel=\"canonical\" href=\"https:\/\/now-news.de\/de\/deutschland\/bolsonaro-weist-verantwortung-fuer-sturm-auf-regierungsviertel-zurueck\/\" \/>\n<meta property=\"og:locale\" content=\"de_DE\" \/>\n<meta property=\"og:type\" content=\"article\" \/>\n<meta property=\"og:title\" content=\"Bolsonaro weist Verantwortung f\u00fcr Sturm auf Regierungsviertel zur\u00fcck\" \/>\n<meta property=\"og:description\" content=\"Der erst j\u00fcngst vereidigte brasilianische Pr\u00e4sident Lula da Silva machte seinen Vorg\u00e4nger Bolsonaro f\u00fcr die massiven Ausschreitungen am Sonntag in der Hauptstadt verantwortlich. Bolsonaro jedoch weist die Anschuldigungen zur\u00fcck und billigt nur &#8220;friedliche Demonstrationen&#8221;. Der ehemalige brasilianische Pr\u00e4sident Jair Bolsonaro hat jede Verantwortung f\u00fcr die Unruhen in der Hauptstadt Bras\u00edlia\u00a0am Sonntag zur\u00fcckgewiesen. Zuvor hatte der [&hellip;]\" \/>\n<meta property=\"og:url\" content=\"https:\/\/now-news.de\/de\/deutschland\/bolsonaro-weist-verantwortung-fuer-sturm-auf-regierungsviertel-zurueck\/\" \/>\n<meta property=\"og:site_name\" content=\"just-now.NEWS Deutschland\" \/>\n<meta property=\"article:publisher\" content=\"https:\/\/www.facebook.com\/wirmachenauf\" \/>\n<meta property=\"article:published_time\" content=\"2023-01-09T14:50:32+00:00\" \/>\n<meta property=\"og:image\" content=\"https:\/\/now-news.de\/de\/wp-content\/uploads\/sites\/3\/2023\/01\/Bolsonaro-weist-Verantwortung-fuer-Sturm-auf-Regierungsviertel-zurueck.jpg\" \/>\n\t<meta property=\"og:image:width\" content=\"460\" \/>\n\t<meta property=\"og:image:height\" content=\"259\" \/>\n\t<meta property=\"og:image:type\" content=\"image\/jpeg\" \/>\n<meta name=\"author\" content=\"rtnews\" \/>\n<meta name=\"twitter:card\" content=\"summary_large_image\" \/>\n<meta name=\"twitter:creator\" content=\"@WirMachenAuf_de\" \/>\n<meta name=\"twitter:site\" content=\"@WirMachenAuf_de\" \/>\n<meta name=\"twitter:label1\" content=\"Verfasst von\" \/>\n\t<meta name=\"twitter:data1\" content=\"rtnews\" \/>\n\t<meta name=\"twitter:label2\" content=\"Gesch\u00e4tzte Lesezeit\" \/>\n\t<meta name=\"twitter:data2\" content=\"3\u00a0Minuten\" \/>\n<script type=\"application\/ld+json\" class=\"yoast-schema-graph\">{\"@context\":\"https:\/\/schema.org\",\"@graph\":[{\"@type\":\"Article\",\"@id\":\"https:\/\/now-news.de\/de\/deutschland\/bolsonaro-weist-verantwortung-fuer-sturm-auf-regierungsviertel-zurueck\/#article\",\"isPartOf\":{\"@id\":\"https:\/\/now-news.de\/de\/deutschland\/bolsonaro-weist-verantwortung-fuer-sturm-auf-regierungsviertel-zurueck\/\"},\"author\":{\"name\":\"rtnews\",\"@id\":\"https:\/\/now-news.de\/de\/#\/schema\/person\/fb534a4e865501d8b3285208df34a9b5\"},\"headline\":\"Bolsonaro weist Verantwortung f\u00fcr Sturm auf Regierungsviertel zur\u00fcck\",\"datePublished\":\"2023-01-09T14:50:32+00:00\",\"dateModified\":\"2023-01-09T14:50:32+00:00\",\"mainEntityOfPage\":{\"@id\":\"https:\/\/now-news.de\/de\/deutschland\/bolsonaro-weist-verantwortung-fuer-sturm-auf-regierungsviertel-zurueck\/\"},\"wordCount\":537,\"commentCount\":0,\"publisher\":{\"@id\":\"https:\/\/now-news.de\/de\/#organization\"},\"image\":{\"@id\":\"https:\/\/now-news.de\/de\/deutschland\/bolsonaro-weist-verantwortung-fuer-sturm-auf-regierungsviertel-zurueck\/#primaryimage\"},\"thumbnailUrl\":\"https:\/\/now-news.de\/de\/wp-content\/uploads\/sites\/3\/2023\/01\/Bolsonaro-weist-Verantwortung-fuer-Sturm-auf-Regierungsviertel-zurueck.jpg\",\"keywords\":[\"AUF\",\"Bolsonaro\",\"f\u00fcr\",\"Regierungsviertel\",\"Sturm\",\"Verantwortung\",\"weist\",\"zur\u00fcck\"],\"articleSection\":[\"Deutschland\",\"Russland\"],\"inLanguage\":\"de\",\"potentialAction\":[{\"@type\":\"CommentAction\",\"name\":\"Comment\",\"target\":[\"https:\/\/now-news.de\/de\/deutschland\/bolsonaro-weist-verantwortung-fuer-sturm-auf-regierungsviertel-zurueck\/#respond\"]}]},{\"@type\":\"WebPage\",\"@id\":\"https:\/\/now-news.de\/de\/deutschland\/bolsonaro-weist-verantwortung-fuer-sturm-auf-regierungsviertel-zurueck\/\",\"url\":\"https:\/\/now-news.de\/de\/deutschland\/bolsonaro-weist-verantwortung-fuer-sturm-auf-regierungsviertel-zurueck\/\",\"name\":\"Bolsonaro weist Verantwortung f\u00fcr Sturm auf Regierungsviertel zur\u00fcck - just-now.NEWS Deutschland\",\"isPartOf\":{\"@id\":\"https:\/\/now-news.de\/de\/#website\"},\"primaryImageOfPage\":{\"@id\":\"https:\/\/now-news.de\/de\/deutschland\/bolsonaro-weist-verantwortung-fuer-sturm-auf-regierungsviertel-zurueck\/#primaryimage\"},\"image\":{\"@id\":\"https:\/\/now-news.de\/de\/deutschland\/bolsonaro-weist-verantwortung-fuer-sturm-auf-regierungsviertel-zurueck\/#primaryimage\"},\"thumbnailUrl\":\"https:\/\/now-news.de\/de\/wp-content\/uploads\/sites\/3\/2023\/01\/Bolsonaro-weist-Verantwortung-fuer-Sturm-auf-Regierungsviertel-zurueck.jpg\",\"datePublished\":\"2023-01-09T14:50:32+00:00\",\"dateModified\":\"2023-01-09T14:50:32+00:00\",\"breadcrumb\":{\"@id\":\"https:\/\/now-news.de\/de\/deutschland\/bolsonaro-weist-verantwortung-fuer-sturm-auf-regierungsviertel-zurueck\/#breadcrumb\"},\"inLanguage\":\"de\",\"potentialAction\":[{\"@type\":\"ReadAction\",\"target\":[\"https:\/\/now-news.de\/de\/deutschland\/bolsonaro-weist-verantwortung-fuer-sturm-auf-regierungsviertel-zurueck\/\"]}]},{\"@type\":\"ImageObject\",\"inLanguage\":\"de\",\"@id\":\"https:\/\/now-news.de\/de\/deutschland\/bolsonaro-weist-verantwortung-fuer-sturm-auf-regierungsviertel-zurueck\/#primaryimage\",\"url\":\"https:\/\/now-news.de\/de\/wp-content\/uploads\/sites\/3\/2023\/01\/Bolsonaro-weist-Verantwortung-fuer-Sturm-auf-Regierungsviertel-zurueck.jpg\",\"contentUrl\":\"https:\/\/now-news.de\/de\/wp-content\/uploads\/sites\/3\/2023\/01\/Bolsonaro-weist-Verantwortung-fuer-Sturm-auf-Regierungsviertel-zurueck.jpg\",\"width\":460,\"height\":259,\"caption\":\"Bolsonaro weist Verantwortung f\u00fcr Sturm auf Regierungsviertel zur\u00fcck\"},{\"@type\":\"BreadcrumbList\",\"@id\":\"https:\/\/now-news.de\/de\/deutschland\/bolsonaro-weist-verantwortung-fuer-sturm-auf-regierungsviertel-zurueck\/#breadcrumb\",\"itemListElement\":[{\"@type\":\"ListItem\",\"position\":1,\"name\":\"Home\",\"item\":\"https:\/\/now-news.de\/de\/\"},{\"@type\":\"ListItem\",\"position\":2,\"name\":\"Bolsonaro weist Verantwortung f\u00fcr Sturm auf Regierungsviertel zur\u00fcck\"}]},{\"@type\":\"WebSite\",\"@id\":\"https:\/\/now-news.de\/de\/#website\",\"url\":\"https:\/\/now-news.de\/de\/\",\"name\":\"just-now.NEWS Deutschland\",\"description\":\"Das Portal f\u00fcr unzensierte Nachrichten aus der Welt\",\"publisher\":{\"@id\":\"https:\/\/now-news.de\/de\/#organization\"},\"potentialAction\":[{\"@type\":\"SearchAction\",\"target\":{\"@type\":\"EntryPoint\",\"urlTemplate\":\"https:\/\/now-news.de\/de\/?s={search_term_string}\"},\"query-input\":\"required name=search_term_string\"}],\"inLanguage\":\"de\"},{\"@type\":\"Organization\",\"@id\":\"https:\/\/now-news.de\/de\/#organization\",\"name\":\"Just Now News\",\"url\":\"https:\/\/now-news.de\/de\/\",\"logo\":{\"@type\":\"ImageObject\",\"inLanguage\":\"de\",\"@id\":\"https:\/\/now-news.de\/de\/#\/schema\/logo\/image\/\",\"url\":\"http:\/\/just-now.news\/de\/wp-content\/uploads\/sites\/3\/2022\/04\/logo500x500.jpg\",\"contentUrl\":\"http:\/\/just-now.news\/de\/wp-content\/uploads\/sites\/3\/2022\/04\/logo500x500.jpg\",\"width\":500,\"height\":500,\"caption\":\"Just Now News\"},\"image\":{\"@id\":\"https:\/\/now-news.de\/de\/#\/schema\/logo\/image\/\"},\"sameAs\":[\"https:\/\/www.facebook.com\/wirmachenauf\",\"https:\/\/x.com\/WirMachenAuf_de\"]},{\"@type\":\"Person\",\"@id\":\"https:\/\/now-news.de\/de\/#\/schema\/person\/fb534a4e865501d8b3285208df34a9b5\",\"name\":\"rtnews\",\"image\":{\"@type\":\"ImageObject\",\"inLanguage\":\"de\",\"@id\":\"https:\/\/now-news.de\/de\/#\/schema\/person\/image\/\",\"url\":\"https:\/\/secure.gravatar.com\/avatar\/82aafea7d8127119dd649515f56e2117?s=96&d=mm&r=g\",\"contentUrl\":\"https:\/\/secure.gravatar.com\/avatar\/82aafea7d8127119dd649515f56e2117?s=96&d=mm&r=g\",\"caption\":\"rtnews\"},\"url\":\"https:\/\/now-news.de\/de\/author\/rnews\/\"}]}<\/script>\n<!-- \/ Yoast SEO Premium plugin. -->","yoast_head_json":{"title":"Bolsonaro weist Verantwortung f\u00fcr Sturm auf Regierungsviertel zur\u00fcck - just-now.NEWS Deutschland","robots":{"index":"index","follow":"follow","max-snippet":"max-snippet:-1","max-image-preview":"max-image-preview:large","max-video-preview":"max-video-preview:-1"},"canonical":"https:\/\/now-news.de\/de\/deutschland\/bolsonaro-weist-verantwortung-fuer-sturm-auf-regierungsviertel-zurueck\/","og_locale":"de_DE","og_type":"article","og_title":"Bolsonaro weist Verantwortung f\u00fcr Sturm auf Regierungsviertel zur\u00fcck","og_description":"Der erst j\u00fcngst vereidigte brasilianische Pr\u00e4sident Lula da Silva machte seinen Vorg\u00e4nger Bolsonaro f\u00fcr die massiven Ausschreitungen am Sonntag in der Hauptstadt verantwortlich. Bolsonaro jedoch weist die Anschuldigungen zur\u00fcck und billigt nur &#8220;friedliche Demonstrationen&#8221;. Der ehemalige brasilianische Pr\u00e4sident Jair Bolsonaro hat jede Verantwortung f\u00fcr die Unruhen in der Hauptstadt Bras\u00edlia\u00a0am Sonntag zur\u00fcckgewiesen. Zuvor hatte der [&hellip;]","og_url":"https:\/\/now-news.de\/de\/deutschland\/bolsonaro-weist-verantwortung-fuer-sturm-auf-regierungsviertel-zurueck\/","og_site_name":"just-now.NEWS Deutschland","article_publisher":"https:\/\/www.facebook.com\/wirmachenauf","article_published_time":"2023-01-09T14:50:32+00:00","og_image":[{"width":460,"height":259,"url":"https:\/\/now-news.de\/de\/wp-content\/uploads\/sites\/3\/2023\/01\/Bolsonaro-weist-Verantwortung-fuer-Sturm-auf-Regierungsviertel-zurueck.jpg","type":"image\/jpeg"}],"author":"rtnews","twitter_card":"summary_large_image","twitter_creator":"@WirMachenAuf_de","twitter_site":"@WirMachenAuf_de","twitter_misc":{"Verfasst von":"rtnews","Gesch\u00e4tzte Lesezeit":"3\u00a0Minuten"},"schema":{"@context":"https:\/\/schema.org","@graph":[{"@type":"Article","@id":"https:\/\/now-news.de\/de\/deutschland\/bolsonaro-weist-verantwortung-fuer-sturm-auf-regierungsviertel-zurueck\/#article","isPartOf":{"@id":"https:\/\/now-news.de\/de\/deutschland\/bolsonaro-weist-verantwortung-fuer-sturm-auf-regierungsviertel-zurueck\/"},"author":{"name":"rtnews","@id":"https:\/\/now-news.de\/de\/#\/schema\/person\/fb534a4e865501d8b3285208df34a9b5"},"headline":"Bolsonaro weist Verantwortung f\u00fcr Sturm auf Regierungsviertel zur\u00fcck","datePublished":"2023-01-09T14:50:32+00:00","dateModified":"2023-01-09T14:50:32+00:00","mainEntityOfPage":{"@id":"https:\/\/now-news.de\/de\/deutschland\/bolsonaro-weist-verantwortung-fuer-sturm-auf-regierungsviertel-zurueck\/"},"wordCount":537,"commentCount":0,"publisher":{"@id":"https:\/\/now-news.de\/de\/#organization"},"image":{"@id":"https:\/\/now-news.de\/de\/deutschland\/bolsonaro-weist-verantwortung-fuer-sturm-auf-regierungsviertel-zurueck\/#primaryimage"},"thumbnailUrl":"https:\/\/now-news.de\/de\/wp-content\/uploads\/sites\/3\/2023\/01\/Bolsonaro-weist-Verantwortung-fuer-Sturm-auf-Regierungsviertel-zurueck.jpg","keywords":["AUF","Bolsonaro","f\u00fcr","Regierungsviertel","Sturm","Verantwortung","weist","zur\u00fcck"],"articleSection":["Deutschland","Russland"],"inLanguage":"de","potentialAction":[{"@type":"CommentAction","name":"Comment","target":["https:\/\/now-news.de\/de\/deutschland\/bolsonaro-weist-verantwortung-fuer-sturm-auf-regierungsviertel-zurueck\/#respond"]}]},{"@type":"WebPage","@id":"https:\/\/now-news.de\/de\/deutschland\/bolsonaro-weist-verantwortung-fuer-sturm-auf-regierungsviertel-zurueck\/","url":"https:\/\/now-news.de\/de\/deutschland\/bolsonaro-weist-verantwortung-fuer-sturm-auf-regierungsviertel-zurueck\/","name":"Bolsonaro weist Verantwortung f\u00fcr Sturm auf Regierungsviertel zur\u00fcck - just-now.NEWS Deutschland","isPartOf":{"@id":"https:\/\/now-news.de\/de\/#website"},"primaryImageOfPage":{"@id":"https:\/\/now-news.de\/de\/deutschland\/bolsonaro-weist-verantwortung-fuer-sturm-auf-regierungsviertel-zurueck\/#primaryimage"},"image":{"@id":"https:\/\/now-news.de\/de\/deutschland\/bolsonaro-weist-verantwortung-fuer-sturm-auf-regierungsviertel-zurueck\/#primaryimage"},"thumbnailUrl":"https:\/\/now-news.de\/de\/wp-content\/uploads\/sites\/3\/2023\/01\/Bolsonaro-weist-Verantwortung-fuer-Sturm-auf-Regierungsviertel-zurueck.jpg","datePublished":"2023-01-09T14:50:32+00:00","dateModified":"2023-01-09T14:50:32+00:00","breadcrumb":{"@id":"https:\/\/now-news.de\/de\/deutschland\/bolsonaro-weist-verantwortung-fuer-sturm-auf-regierungsviertel-zurueck\/#breadcrumb"},"inLanguage":"de","potentialAction":[{"@type":"ReadAction","target":["https:\/\/now-news.de\/de\/deutschland\/bolsonaro-weist-verantwortung-fuer-sturm-auf-regierungsviertel-zurueck\/"]}]},{"@type":"ImageObject","inLanguage":"de","@id":"https:\/\/now-news.de\/de\/deutschland\/bolsonaro-weist-verantwortung-fuer-sturm-auf-regierungsviertel-zurueck\/#primaryimage","url":"https:\/\/now-news.de\/de\/wp-content\/uploads\/sites\/3\/2023\/01\/Bolsonaro-weist-Verantwortung-fuer-Sturm-auf-Regierungsviertel-zurueck.jpg","contentUrl":"https:\/\/now-news.de\/de\/wp-content\/uploads\/sites\/3\/2023\/01\/Bolsonaro-weist-Verantwortung-fuer-Sturm-auf-Regierungsviertel-zurueck.jpg","width":460,"height":259,"caption":"Bolsonaro weist Verantwortung f\u00fcr Sturm auf Regierungsviertel zur\u00fcck"},{"@type":"BreadcrumbList","@id":"https:\/\/now-news.de\/de\/deutschland\/bolsonaro-weist-verantwortung-fuer-sturm-auf-regierungsviertel-zurueck\/#breadcrumb","itemListElement":[{"@type":"ListItem","position":1,"name":"Home","item":"https:\/\/now-news.de\/de\/"},{"@type":"ListItem","position":2,"name":"Bolsonaro weist Verantwortung f\u00fcr Sturm auf Regierungsviertel zur\u00fcck"}]},{"@type":"WebSite","@id":"https:\/\/now-news.de\/de\/#website","url":"https:\/\/now-news.de\/de\/","name":"just-now.NEWS Deutschland","description":"Das Portal f\u00fcr unzensierte Nachrichten aus der Welt","publisher":{"@id":"https:\/\/now-news.de\/de\/#organization"},"potentialAction":[{"@type":"SearchAction","target":{"@type":"EntryPoint","urlTemplate":"https:\/\/now-news.de\/de\/?s={search_term_string}"},"query-input":"required name=search_term_string"}],"inLanguage":"de"},{"@type":"Organization","@id":"https:\/\/now-news.de\/de\/#organization","name":"Just Now News","url":"https:\/\/now-news.de\/de\/","logo":{"@type":"ImageObject","inLanguage":"de","@id":"https:\/\/now-news.de\/de\/#\/schema\/logo\/image\/","url":"http:\/\/just-now.news\/de\/wp-content\/uploads\/sites\/3\/2022\/04\/logo500x500.jpg","contentUrl":"http:\/\/just-now.news\/de\/wp-content\/uploads\/sites\/3\/2022\/04\/logo500x500.jpg","width":500,"height":500,"caption":"Just Now News"},"image":{"@id":"https:\/\/now-news.de\/de\/#\/schema\/logo\/image\/"},"sameAs":["https:\/\/www.facebook.com\/wirmachenauf","https:\/\/x.com\/WirMachenAuf_de"]},{"@type":"Person","@id":"https:\/\/now-news.de\/de\/#\/schema\/person\/fb534a4e865501d8b3285208df34a9b5","name":"rtnews","image":{"@type":"ImageObject","inLanguage":"de","@id":"https:\/\/now-news.de\/de\/#\/schema\/person\/image\/","url":"https:\/\/secure.gravatar.com\/avatar\/82aafea7d8127119dd649515f56e2117?s=96&d=mm&r=g","contentUrl":"https:\/\/secure.gravatar.com\/avatar\/82aafea7d8127119dd649515f56e2117?s=96&d=mm&r=g","caption":"rtnews"},"url":"https:\/\/now-news.de\/de\/author\/rnews\/"}]}},"_links":{"self":[{"href":"https:\/\/now-news.de\/de\/wp-json\/wp\/v2\/posts\/27259"}],"collection":[{"href":"https:\/\/now-news.de\/de\/wp-json\/wp\/v2\/posts"}],"about":[{"href":"https:\/\/now-news.de\/de\/wp-json\/wp\/v2\/types\/post"}],"author":[{"embeddable":true,"href":"https:\/\/now-news.de\/de\/wp-json\/wp\/v2\/users\/3"}],"replies":[{"embeddable":true,"href":"https:\/\/now-news.de\/de\/wp-json\/wp\/v2\/comments?post=27259"}],"version-history":[{"count":0,"href":"https:\/\/now-news.de\/de\/wp-json\/wp\/v2\/posts\/27259\/revisions"}],"wp:featuredmedia":[{"embeddable":true,"href":"https:\/\/now-news.de\/de\/wp-json\/wp\/v2\/media\/27260"}],"wp:attachment":[{"href":"https:\/\/now-news.de\/de\/wp-json\/wp\/v2\/media?parent=27259"}],"wp:term":[{"taxonomy":"category","embeddable":true,"href":"https:\/\/now-news.de\/de\/wp-json\/wp\/v2\/categories?post=27259"},{"taxonomy":"post_tag","embeddable":true,"href":"https:\/\/now-news.de\/de\/wp-json\/wp\/v2\/tags?post=27259"}],"curies":[{"name":"wp","href":"https:\/\/api.w.org\/{rel}","templated":true}]}}