{"id":27218,"date":"2023-01-09T08:15:00","date_gmt":"2023-01-09T06:15:00","guid":{"rendered":"https:\/\/just-now.news\/de\/deutschland\/liveticker-ukraine-krieg-erdogan-bereit-russisches-getreide-nach-afrika-zu-schicken\/"},"modified":"2023-01-09T08:15:00","modified_gmt":"2023-01-09T06:15:00","slug":"liveticker-ukraine-krieg-erdogan-bereit-russisches-getreide-nach-afrika-zu-schicken","status":"publish","type":"post","link":"https:\/\/now-news.de\/de\/deutschland\/liveticker-ukraine-krieg-erdogan-bereit-russisches-getreide-nach-afrika-zu-schicken\/","title":{"rendered":"Liveticker Ukraine-Krieg: Erdo\u011fan bereit, russisches Getreide nach Afrika zu schicken"},"content":{"rendered":"<div class=\"Text-root Text-type_1 \">\n                Russland f\u00fchrt gemeinsam mit den Streitkr\u00e4ften der Donbass-Republiken eine Milit\u00e4roperation in der Ukraine durch. Der Westen reagiert mit immer neuen Waffenlieferungen an die Ukraine und beispiellosen Sanktionen gegen Russland. Lesen Sie hier die neuesten Entwicklungen.\n            <\/div>\n<p><\/p>\n<div class=\"ArticleView-liveUpdates\">\n<div class=\"LiveUpdates-root\">\n<div class=\"LiveUpdates-content\">\n<ul class=\"LiveUpdates-list Listing-root\" data-listing=\"LiveUpdates\" data-count=\"10\">\n<li class=\"LiveUpdates-item Listing-item\">\n<div class=\"LiveUpdates-date\">\n<p class=\"HeaderNews-root HeaderNews-type_2 \">\n                9.01.2023 07:01 Uhr\n            <\/p>\n<\/div>\n<div class=\"LiveUpdate-root\">\n<div class=\"LiveUpdate-date\">\n<p class=\"HeaderNews-root HeaderNews-type_6 \">\n                07:01 Uhr\n            <\/p>\n<\/div>\n<div class=\"LiveUpdate-content\">\n<div class=\"LiveUpdate-text\">\n<div class=\"Text-root Text-type_5 ViewText-root\">\n<p><strong>Erdo\u011fan: T\u00fcrkei wird arme afrikanische L\u00e4nder mit russischem Getreide beliefern<\/strong><\/p>\n<figure class=\"RTImage-root\">\n<div class=\"RTImage-image RTImage-original\"><picture class=\"Picture-root Picture-original\"><!--[if IE 9]><video style=\"display: none;\"><![endif]--><source media=\"(-webkit-min-device-pixel-ratio: 2) and (min-resolution: 120dpi)\" data-srcset=\" \nhttp:\/\/just-now.news\/de\/wp-content\/uploads\/sites\/3\/2023\/01\/63bba98eb480cc19f07947cb.jpg 850w,\n                http:\/\/just-now.news\/de\/wp-content\/uploads\/sites\/3\/2023\/01\/63bba98db480cc19f07947ca.jpg 1960w,\n            \" ><source data-srcset=\" \nhttp:\/\/just-now.news\/de\/wp-content\/uploads\/sites\/3\/2023\/01\/63bba98eb480cc19f07947cb.jpg 460w,\n              http:\/\/just-now.news\/de\/wp-content\/uploads\/sites\/3\/2023\/01\/63bba98db480cc19f07947ca.jpg 980w,\n            \" ><!--[if IE 9]><\/video><![endif]--><img decoding=\"async\" data- src=\"data:image\/png;base64,iVBORw0KGgoAAAANSUhEUgAAABAAAAAJCAQAAACRI2S5AAAAEElEQVR42mNkIAAYRxWAAQAG9gAKqv6+AwAAAABJRU5ErkJggg==\" class=\"Picture-root Picture-original lazyload\" data-src=\"http:\/\/just-now.news\/de\/wp-content\/uploads\/sites\/3\/2023\/01\/63bba98eb480cc19f07947cb.jpg\" alt=\"\"><\/source><\/source><\/picture><!-- noscript pattern --><noscript><img decoding=\"async\" src=\"http:\/\/just-now.news\/de\/wp-content\/uploads\/sites\/3\/2023\/01\/63bba98db480cc19f07947ca.jpg\" alt=\"\"><\/noscript><\/div><figcaption class=\"RTImage-footer\"><span class=\"RTImage-caption\"><span class=\"RTImage-captionItem\">Archivbild: Der t\u00fcrkische Pr\u00e4sident Recep Tayyip Erdo\u011fan<\/span><\/span><span class=\"RTImage-source\"><span class=\"RTImage-captionItem\">Christoph Soeder\/picture alliance<\/span><span class=\"RTImage-captionItem\"> \/ Gettyimages.ru<\/span><\/span><\/figcaption><\/figure>\n<p>Der t\u00fcrkische Pr\u00e4sident Recep Tayyip Erdo\u011fan best\u00e4tigte Pl\u00e4ne, Getreide aus Russland \u00fcber die T\u00fcrkei an arme L\u00e4nder Afrikas zu verschiffen. Seine \u00c4u\u00dferungen bei einem Treffen mit Vertretern von Frauenorganisationen in Antalya wurden vom Fernsehsender <em>TRT 1<\/em> am Sonntag <a rel=\"nofollow noopener\" target=\"_blank\" href=\"https:\/\/www.trt1.com.tr\/Canli.aspx\">zitiert<\/a>. Erdo\u011fan sagte:<strong><\/strong><\/p>\n<p><em>&#8220;Herr Putin sagt: &#8216;Wir sind bereit, Getreide kostenlos abzugeben, und Sie schicken es in arme L\u00e4nder in Afrika.&#8217; Wir antworten, dass wir bereit sind, das Getreide zu nehmen, es zu Mehl zu verarbeiten und es dann an die afrikanischen Staaten zu schicken.&#8221;<\/em><\/p>\n<p>Er wies darauf hin, dass zwischen 44 und 46 Prozent der landwirtschaftlichen Erzeugnisse von ukrainischen H\u00e4fen in europ\u00e4ische L\u00e4nder und nicht in bed\u00fcrftige L\u00e4nder exportiert werden. Der t\u00fcrkische Staatschef versicherte:<em><\/em><\/p>\n<p><em>&#8220;Wir werden uns aktiv darum bem\u00fchen, landwirtschaftliche Erzeugnisse \u00fcber den Getreidekorridor an arme L\u00e4nder in Afrika zu liefern.&#8221;<\/em><\/p>\n<p>In einem Telefongespr\u00e4ch mit Putin am 5. Januar er\u00f6rterte Erdo\u011fan die Frage der Lieferung russischen Getreides nach Afrika. Zuvor hatte der t\u00fcrkische Pr\u00e4sident darauf hingewiesen, dass nur 14 Prozent der Gesamtmenge an landwirtschaftlichen Erzeugnissen im Rahmen des Getreideabkommens an afrikanische Staaten geliefert wurden.<em><\/em><\/p>\n<p>Am 22. Juli vergangenen Jahres wurde in Istanbul Abkommen \u00fcber die Ausfuhr von Lebensmitteln aus der Ukraine f\u00fcr 120 Tage geschlossen. Eines der Abkommen war zun\u00e4chst bis zum 19. November g\u00fcltig und regelte das Verfahren f\u00fcr Getreideexporte aus den von Kiew kontrollierten H\u00e4fen in Odessa, Tschernomorsk und Juschny. Die Vereinbarungen wurden am 17. November um weitere 120 Tage verl\u00e4ngert. Das russische Au\u00dfenministerium erkl\u00e4rte, die Verl\u00e4ngerung der Abkommen erfolge automatisch, da die beteiligten Parteien (Russland, die T\u00fcrkei, die Ukraine und die UNO) keine Einw\u00e4nde erhoben h\u00e4tten.<\/p>\n<\/div>\n<\/div>\n<\/div>\n<\/div>\n<\/li>\n<li class=\"LiveUpdates-item Listing-item\">\n<div class=\"LiveUpdates-date\">\n<p class=\"HeaderNews-root HeaderNews-type_2 \">\n                8.01.2023 21:50 Uhr\n            <\/p>\n<\/div>\n<div class=\"LiveUpdate-root\">\n<div class=\"LiveUpdate-date\">\n<p class=\"HeaderNews-root HeaderNews-type_6 \">\n                21:50 Uhr\n            <\/p>\n<\/div>\n<div class=\"LiveUpdate-content\">\n<div class=\"LiveUpdate-text\">\n<div class=\"Text-root Text-type_5 ViewText-root\">\n<p>Damit beenden wir f\u00fcr heute den Live-Ticker zur Lage im Ukraine-Konflikt. Morgen fr\u00fch ab 7 Uhr geht es mit der Berichterstattung weiter. Wir w\u00fcnschen unseren Lesern trotz aller Spannungen in der Welt eine gute Nacht! \u00a0<\/p>\n<\/div>\n<\/div>\n<\/div>\n<\/div>\n<\/li>\n<li class=\"LiveUpdates-item Listing-item\">\n<div class=\"LiveUpdate-root\">\n<div class=\"LiveUpdate-date\">\n<p class=\"HeaderNews-root HeaderNews-type_6 \">\n                21:30 Uhr\n            <\/p>\n<\/div>\n<div class=\"LiveUpdate-content\">\n<div class=\"LiveUpdate-text\">\n<div class=\"Text-root Text-type_5 ViewText-root\">\n<p><strong>Polen als Hardliner im Ukraine-Konflikt: Russland muss handlungsunf\u00e4hig bleiben, damit in Europa Frieden einkehrt<\/strong>\u00a0<\/p>\n<p>Warschau versucht, seine nordatlantischen Verb\u00fcndeten davon zu \u00fcberzeugen, h\u00e4rtere Ma\u00dfnahmen gegen Russland zu ergreifen und vor allem die Waffenlieferungen an die Ukraine auszuweiten, <a rel=\"nofollow noopener\" target=\"_blank\" href=\"https:\/\/www.welt.de\/politik\/ausland\/plus243059565\/Polen-Die-Russland-Hardliner-in-der-Nato.html\">berichtet<\/a><em> Die Welt<\/em> unter Berufung auf diplomatische Quellen im polnischen Au\u00dfenministerium.<\/p>\n<p><em>&#8220;Polnische Politiker sprechen t\u00e4glich aus, was Offizielle in Deutschland oder Frankreich sich meist nicht auszusprechen trauen, und umrei\u00dfen damit eines ihrer Kriegsziele: n\u00e4mlich dass Russland in seinem brutalen Angriffskrieg gegen die Ukraine unbedingt und so umfassend wie m\u00f6glich geschw\u00e4cht werden muss.&#8221;<\/em><\/p>\n<p>Der<em> Welt<\/em> zufolge steht Polen stellvertretend f\u00fcr die \u00f6stlichen Mitglieder der EU, f\u00fcr die baltischen Staaten oder auch Tschechien und die Slowakei.<\/p>\n<p>&#8220;Selbst die Vereinigten Staaten und das Vereinigte K\u00f6nigreich unterst\u00fctzen die Ukraine zwar in erheblichem Umfang milit\u00e4risch, sind aber weniger radikal&#8221;, so Justyna Gotkowska, Expertin am Polnischen Zentrum (OSW).<\/p>\n<p><em>&#8220;Wir streben nicht die Zerst\u00f6rung des russischen Staates an, doch aber eine Schw\u00e4chung Russlands, die das Land handlungsunf\u00e4hig macht, um so f\u00fcr mindestens mehrere Dekaden f\u00fcr <\/em><em>Frieden in Europa zu sorgen&#8221;, <\/em>erkl\u00e4rt ein Mitarbeiter des polnischen Au\u00dfenministeriums, der unerkannt bleiben m\u00f6chte.<\/p>\n<p><em>&#8220;Wir betreiben Lobbyarbeit f\u00fcr die Schw\u00e4chung Russlands.&#8221;<\/em><\/p>\n<p>Der Sprecher des russischen Pr\u00e4sidenten Dmitri Peskow bezeichnete die Haltung Polens gegen\u00fcber Russland als &#8220;unverhohlen und am Rande des Wahnsinns&#8221;.<\/p>\n<\/div>\n<\/div>\n<\/div>\n<\/div>\n<\/li>\n<li class=\"LiveUpdates-item Listing-item\">\n<div class=\"LiveUpdate-root\">\n<div class=\"LiveUpdate-date\">\n<p class=\"HeaderNews-root HeaderNews-type_6 \">\n                20:45 Uhr\n            <\/p>\n<\/div>\n<div class=\"LiveUpdate-content\">\n<div class=\"LiveUpdate-text\">\n<div class=\"Text-root Text-type_5 ViewText-root\">\n<p><strong>Habeck sieht eine &#8220;Dynamik&#8221; in der Frage nach Lieferung von Leopard-Kampfpanzern an die Ukraine<\/strong><\/p>\n<figure class=\"RTImage-root\">\n<div class=\"RTImage-image RTImage-original\"><picture class=\"Picture-root Picture-original\"><!--[if IE 9]><video style=\"display: none;\"><![endif]--><source media=\"(-webkit-min-device-pixel-ratio: 2) and (min-resolution: 120dpi)\" data-srcset=\" \nhttp:\/\/just-now.news\/de\/wp-content\/uploads\/sites\/3\/2023\/01\/63bb186ab480cc4b884660e2.jpg 850w,\n                http:\/\/just-now.news\/de\/wp-content\/uploads\/sites\/3\/2023\/01\/63bb186ab480cc4b884660e2.jpg 1960w,\n            \" ><source data-srcset=\" \nhttp:\/\/just-now.news\/de\/wp-content\/uploads\/sites\/3\/2023\/01\/63bb186ab480cc4b884660e2.jpg 460w,\n              http:\/\/just-now.news\/de\/wp-content\/uploads\/sites\/3\/2023\/01\/63bb186ab480cc4b884660e2.jpg 980w,\n            \" ><!--[if IE 9]><\/video><![endif]--><img decoding=\"async\" data- src=\"data:image\/png;base64,iVBORw0KGgoAAAANSUhEUgAAABAAAAAJCAQAAACRI2S5AAAAEElEQVR42mNkIAAYRxWAAQAG9gAKqv6+AwAAAABJRU5ErkJggg==\" class=\"Picture-root Picture-original lazyload\" data-src=\"http:\/\/just-now.news\/de\/wp-content\/uploads\/sites\/3\/2023\/01\/63bb186ab480cc4b884660e2.jpg\" alt=\"\"><\/source><\/source><\/picture><!-- noscript pattern --><noscript><img decoding=\"async\" src=\"http:\/\/just-now.news\/de\/wp-content\/uploads\/sites\/3\/2023\/01\/63bb186ab480cc4b884660e2.jpg\" alt=\"\"><\/noscript><\/div><figcaption class=\"RTImage-footer\"><span class=\"RTImage-caption\"><span class=\"RTImage-captionItem\">Robert Habeck bei seinem Besuch in Norwegen am 6. Januar, Symbolbild<\/span><\/span><span class=\"RTImage-source\"><span class=\"RTImage-captionItem\">www.globallookpress.com<\/span><\/span><\/figcaption><\/figure>\n<p>Der Vizekanzler Robert Habeck schlie\u00dft nicht aus, dass die Bundesregierung auch Kampfpanzer wie den &#8220;Leopard&#8221; an die Ukraine liefern k\u00f6nne, <a rel=\"nofollow noopener\" target=\"_blank\" href=\"https:\/\/www.tagesschau.de\/inland\/habeck-bericht-aus-berlin-101.html\">meldet<\/a> die <em>Tageschau<\/em>. &#8220;Wir pr\u00fcfen immer die Situation, wir stimmen uns mit den anderen L\u00e4ndern ab. Und innerhalb dieses Korridors werden auch weitere Entscheidungen getroffen. Das hei\u00dft: Nein, ausgeschlossen ist das nat\u00fcrlich nicht&#8221;, sagte der Gr\u00fcnen-Politiker im\u00a0<em>Bericht aus Berlin<\/em>.<\/p>\n<p>Der Bundesminister f\u00fcr Wirtschaft und Klimaschutz verwies darauf, dass es bereits eine gro\u00dfe Bewegung bei den Beschl\u00fcssen zur Lieferung von Panzerf\u00e4usten bis hin zum Sch\u00fctzenpanzer &#8220;Marder&#8221; gegeben habe. &#8220;Ich denke, dass diese Dynamik weitergehen wird, solange der Krieg sich dynamisch entwickelt.&#8221;<\/p>\n<p>Seitdem Frankreich in der zur\u00fcckliegenden Woche als erstes NATO-Land einer Lieferung von Panzern westlicher Bauart an die Ukraine zugestimmt hatte, w\u00e4chst politisch-medial weiter der Druck auf Bundesregierung, nun auch Panzer aus deutscher Produktion an die gegen Russland k\u00e4mpfende ukrainische Armee zu liefern. Allerdings liefert Frankreich ausgediente Radpanzermodelle des Typs AMX-10 RC, die nun durch modernere franz\u00f6sische Radpanzer Engin blind\u00e9 de reconnaissance et de combat\u00a0(EBRC &#8220;Jaguar&#8221;) ersetzt werden.<\/p>\n<p>In der deutschen &#8220;Ampel&#8221;-Regierung hat sich ein Konsens herausgebildet, wonach B\u00fcndnis 90\/Die Gr\u00fcnen und die FDP der Lieferung von deutschen Leopard-Panzern an die Ukraine ausdr\u00fccklich zustimmen, w\u00e4hrend die SPD innerhalb des NATO-B\u00fcndnisses nicht vorpreschen will. Der SPD-Bundesvorsitzende Lars Klingbeil betonte in einem Interview bei <em>RTL\/ntv<\/em>, &#8220;es geht erst einmal darum, dass wir im internationalen B\u00fcndnis uns absprechen. Kein Land liefert gerade so schwere Kampfpanzer, wie das der\u00a0Leopard\u00a01 oder\u00a02\u00a0ist&#8221;.<\/p>\n<\/div>\n<\/div>\n<\/div>\n<\/div>\n<\/li>\n<li class=\"LiveUpdates-item Listing-item\">\n<div class=\"LiveUpdate-root\">\n<div class=\"LiveUpdate-date\">\n<p class=\"HeaderNews-root HeaderNews-type_6 \">\n                20:15 Uhr\n            <\/p>\n<\/div>\n<div class=\"LiveUpdate-content\">\n<div class=\"LiveUpdate-text\">\n<div class=\"Text-root Text-type_5 ViewText-root\">\n<p><strong>Russisches Verteidigungsministerium: Ukrainische Streitkr\u00e4fte bereiten Provokation mit Leichen im Gebiet Charkow vor<\/strong><strong><\/strong><\/p>\n<figure class=\"RTImage-root\">\n<div class=\"RTImage-image RTImage-original\"><picture class=\"Picture-root Picture-original\"><!--[if IE 9]><video style=\"display: none;\"><![endif]--><source media=\"(-webkit-min-device-pixel-ratio: 2) and (min-resolution: 120dpi)\" data-srcset=\" \nhttp:\/\/just-now.news\/de\/wp-content\/uploads\/sites\/3\/2023\/01\/63bb10f2b480cc4b8066cbfc.jpg 850w,\n                http:\/\/just-now.news\/de\/wp-content\/uploads\/sites\/3\/2023\/01\/63bb10f1b480cc4b8066cbfb.jpg 1960w,\n            \" ><source data-srcset=\" \nhttp:\/\/just-now.news\/de\/wp-content\/uploads\/sites\/3\/2023\/01\/63bb10f2b480cc4b8066cbfc.jpg 460w,\n              http:\/\/just-now.news\/de\/wp-content\/uploads\/sites\/3\/2023\/01\/63bb10f1b480cc4b8066cbfb.jpg 980w,\n            \" ><!--[if IE 9]><\/video><![endif]--><img decoding=\"async\" data- src=\"data:image\/png;base64,iVBORw0KGgoAAAANSUhEUgAAABAAAAAJCAQAAACRI2S5AAAAEElEQVR42mNkIAAYRxWAAQAG9gAKqv6+AwAAAABJRU5ErkJggg==\" class=\"Picture-root Picture-original lazyload\" data-src=\"http:\/\/just-now.news\/de\/wp-content\/uploads\/sites\/3\/2023\/01\/63bb10f2b480cc4b8066cbfc.jpg\" alt=\"\"><\/source><\/source><\/picture><!-- noscript pattern --><noscript><img decoding=\"async\" src=\"http:\/\/just-now.news\/de\/wp-content\/uploads\/sites\/3\/2023\/01\/63bb10f1b480cc4b8066cbfb.jpg\" alt=\"\"><\/noscript><\/div><figcaption class=\"RTImage-footer\"><span class=\"RTImage-caption\"><span class=\"RTImage-captionItem\">(Symbolbild)<\/span><\/span><span class=\"RTImage-source\"><span class=\"RTImage-captionItem\">Oleksii Chumachenko\/Anadolu Agency<\/span><span class=\"RTImage-captionItem\"> \/ Gettyimages.ru<\/span><\/span><\/figcaption><\/figure>\n<p>Nach Angaben des russischen Verteidigungsministeriums bereiteten die ukrainischen Sonderdienste eine gro\u00df angelegte Provokation im Gebiet Charkow vor, indem sie Gr\u00e4ber auf mehreren Friedh\u00f6fen \u00f6ffneten.<strong><\/strong><\/p>\n<p>Die ausgegrabenen Leichen wurden entstellt und in speziell vorbereiteten Gruben am Rande der Siedlungen wieder entsorgt, um sie als angebliche Beweise f\u00fcr russische &#8220;Folterungen&#8221; und &#8220;Erschie\u00dfungen&#8221; auszugeben. In dem Bericht hei\u00dft es:<\/p>\n<p><em>&#8220;Vertreter des Staatlichen Ermittlungsb\u00fcros und des Sicherheitsdienstes der Ukraine haben Arbeiten zur \u00d6ffnung von Gr\u00e4bern auf Friedh\u00f6fen in den Siedlungen Kosatschja Lopan, Weliki Burluk, Schinowatoje und Chatnoje im Gebiet Charkow organisiert, auf denen Einwohner begraben wurden, die eines nat\u00fcrlichen Todes starben, w\u00e4hrend russische Truppen vom 24. Februar bis zum 6. September 2022 in diesen Gebieten waren.&#8221;<\/em><\/p>\n<p>Jetzt fotografieren Vertreter der ukrainischen Sonderdienste und Strafverfolgungsbeh\u00f6rden die Leichen der Toten und imitieren die Arbeit von Gerichtsmedizinern in Anwesenheit von falschen &#8220;Zeugen&#8221;. Das russische Verteidigungsministerium <a rel=\"nofollow noopener\" target=\"_blank\" href=\"https:\/\/t.me\/mod_russia\/23287\">erkl\u00e4rte<\/a> dazu:<em><\/em><\/p>\n<p><em>&#8220;Mit inhumanen Methoden versucht das Kiewer Regime, wegen ausbleibender Erfolge auf dem Schlachtfeld die Aufmerksamkeit des westlichen Publikums aufrechtzuerhalten und die ausl\u00e4ndischen Partner des Kiewer Regimes von der Notwendigkeit zu \u00fcberzeugen, dessen Unterst\u00fctzung fortzusetzen.&#8221;<\/em><\/p>\n<\/div>\n<\/div>\n<\/div>\n<\/div>\n<\/li>\n<li class=\"LiveUpdates-item Listing-item\">\n<div class=\"LiveUpdate-root\">\n<div class=\"LiveUpdate-date\">\n<p class=\"HeaderNews-root HeaderNews-type_6 \">\n                19:48 Uhr\n            <\/p>\n<\/div>\n<div class=\"LiveUpdate-content\">\n<div class=\"LiveUpdate-text\">\n<div class=\"Text-root Text-type_5 ViewText-root\">\n<p><strong>Orgelhalle in Lwow schafft Plakat mit Buchstaben aus den K\u00f6rpern get\u00f6teter russischer Soldaten<\/strong><strong><\/strong><\/p>\n<p>Die Orgelhalle von Lwow gestaltete ein Poster mit Buchstaben gesetzt aus den K\u00f6rpern get\u00f6teter russischer Soldaten. Ein solches Plakat erschien auf einem der ukrainischen Telegram-Kan\u00e4le. Die Bildunterschrift unter dem Foto des Plakats <a rel=\"nofollow noopener\" target=\"_blank\" href=\"https:\/\/t.me\/u_now\/81830\">lautet<\/a>:<strong><\/strong><\/p>\n<p><em>&#8220;Ja, das ist das Programm der Lwower<\/em>\u00a0<em>Orgelhalle von heute, gedruckt in der gleichen Schriftart. H\u00f6rt endlich auf, sie zu verschieben!&#8221;<\/em><\/p>\n<p>Mit &#8220;in der gleichen Schriftart&#8221; ist die &#8220;Schrift&#8221; gemeint, die ukrainische Nazis k\u00fcrzlich angeblich aus den Leichen ermordeter russischer Soldaten &#8220;gestaltet&#8221; und sich dessen im Internet noch gebr\u00fcstet hatten. Alexei Arestowitsch, Berater des ukrainischen Pr\u00e4sidenten, appellierte warnend nach dieser ungeheuerlichen Tat an die ukrainischen K\u00e4mpfer, dass sich alle an dieser Gestaltung Beteiligten auf einen schmerzhaften Tod einstellen sollten, da die russische Seite ihnen gewiss nicht verzeihen werde.<\/p>\n<p>Bemerkenswert ist, dass dieses Orgelkonzert, zu dem das ver\u00f6ffentlichte Plakat einlud, am h\u00f6chsten orthodoxen Feiertag \u2013 dem Weihnachtsfest \u2013 stattfinden sollte.<\/p>\n<p>Den Reaktionen unter dem Plakat nach zu urteilen, gefiel manchen Ukrainern diese &#8220;Schriftart&#8221; sehr.<\/p>\n<\/div>\n<\/div>\n<\/div>\n<\/div>\n<\/li>\n<li class=\"LiveUpdates-item Listing-item\">\n<div class=\"LiveUpdate-root\">\n<div class=\"LiveUpdate-date\">\n<p class=\"HeaderNews-root HeaderNews-type_6 \">\n                19:20 Uhr\n            <\/p>\n<\/div>\n<div class=\"LiveUpdate-content\">\n<div class=\"LiveUpdate-text\">\n<div class=\"Text-root Text-type_5 ViewText-root\">\n<p><strong>Kiew bezeichnet die Lage im Osten des Landes als &#8220;schwierig&#8221;<\/strong><\/p>\n<p>Anna Maljar, der stellvertretenden Verteidigungsministerin der Ukraine, zufolge sei die Lage bei Soledar, wo die russische Armee eine Offensive durchf\u00fchrt, besonders schwierig. Sie wies au\u00dferdem darauf hin, dass der Gro\u00dfteil der ukrainischen Armee derzeit aus Mobilisierten, das hei\u00dft nicht berufsm\u00e4\u00dfigen Milit\u00e4rangeh\u00f6rigen besteht.<\/p>\n<\/div>\n<\/div>\n<\/div>\n<\/div>\n<\/li>\n<li class=\"LiveUpdates-item Listing-item\">\n<div class=\"LiveUpdate-root\">\n<div class=\"LiveUpdate-date\">\n<p class=\"HeaderNews-root HeaderNews-type_6 \">\n                18:53 Uhr\n            <\/p>\n<\/div>\n<div class=\"LiveUpdate-content\">\n<div class=\"LiveUpdate-text\">\n<div class=\"Text-root Text-type_5 ViewText-root\">\n<p><strong>Russland und Wei\u00dfrussland veranstalten gemeinsame Flug- und Taktik\u00fcbungen<\/strong><\/p>\n<figure class=\"RTImage-root\">\n<div class=\"RTImage-image RTImage-original\"><picture class=\"Picture-root Picture-original\"><!--[if IE 9]><video style=\"display: none;\"><![endif]--><source media=\"(-webkit-min-device-pixel-ratio: 2) and (min-resolution: 120dpi)\" data-srcset=\" \nhttp:\/\/just-now.news\/de\/wp-content\/uploads\/sites\/3\/2023\/01\/63baf40a48fbef37d729d0ef.jpg 850w,\n                http:\/\/just-now.news\/de\/wp-content\/uploads\/sites\/3\/2023\/01\/63baf40a48fbef37d729d0ee.jpg 1960w,\n            \" ><source data-srcset=\" \nhttp:\/\/just-now.news\/de\/wp-content\/uploads\/sites\/3\/2023\/01\/63baf40a48fbef37d729d0ef.jpg 460w,\n              http:\/\/just-now.news\/de\/wp-content\/uploads\/sites\/3\/2023\/01\/63baf40a48fbef37d729d0ee.jpg 980w,\n            \" ><!--[if IE 9]><\/video><![endif]--><img decoding=\"async\" data- src=\"data:image\/png;base64,iVBORw0KGgoAAAANSUhEUgAAABAAAAAJCAQAAACRI2S5AAAAEElEQVR42mNkIAAYRxWAAQAG9gAKqv6+AwAAAABJRU5ErkJggg==\" class=\"Picture-root Picture-original lazyload\" data-src=\"http:\/\/just-now.news\/de\/wp-content\/uploads\/sites\/3\/2023\/01\/63baf40a48fbef37d729d0ef.jpg\" alt=\"\"><\/source><\/source><\/picture><!-- noscript pattern --><noscript><img decoding=\"async\" src=\"http:\/\/just-now.news\/de\/wp-content\/uploads\/sites\/3\/2023\/01\/63baf40a48fbef37d729d0ee.jpg\" alt=\"\"><\/noscript><\/div><figcaption class=\"RTImage-footer\"><span class=\"RTImage-caption\"><span class=\"RTImage-captionItem\">Archivbild: Su-25-Flugzeuge der wei\u00dfrussischen Luftwaffe schie\u00dfen bei gemeinsamen russisch-wei\u00dfrussischen \u00dcbungen auf Ziele.<\/span><\/span><span class=\"RTImage-source\"><span class=\"RTImage-captionItem\">Alexei Danitschew<\/span><span class=\"RTImage-captionItem\"> \/ Sputnik<\/span><\/span><\/figcaption><\/figure>\n<p>Das wei\u00dfrussische Verteidigungsministerium k\u00fcndigt gemeinsame Flug- und taktische \u00dcbungen mit Russland f\u00fcr den Zeitraum vom 16. Januar bis 1. Februar an. Dies teilte der Pressedienst des Verteidigungsministeriums mit:<strong><\/strong><\/p>\n<p><em>&#8220;Vom 16. Januar bis zum 1. Februar 2023 findet eine gemeinsame flugtaktische \u00dcbung mit Luftfahrteinheiten der Streitkr\u00e4fte der Republik Wei\u00dfrussland und der Russischen F\u00f6deration statt, die Teil der Luftverkehrskomponente des Regionalen Truppenverbands sind.&#8221;<\/em><\/p>\n<p>Die Luftlandekomponente der Luft- und Raumfahrtkr\u00e4fte der Russischen F\u00f6deration sei am Sonntag in\u00a0Wei\u00dfrussland eingetroffen. Das wei\u00dfrussische Verteidigungsministerium <a rel=\"nofollow noopener\" target=\"_blank\" href=\"https:\/\/t.me\/modmilby\/21535\">erkl\u00e4rte<\/a>:<\/p>\n<p><em>&#8220;Alle Flugpl\u00e4tze und Schie\u00dfst\u00e4nde der Luftwaffe und der Luftverteidigungskr\u00e4fte der wei\u00dfrussischen Streitkr\u00e4fte werden an der fliegerischen und taktischen \u00dcbung beteiligt sein.&#8221;<\/em><\/p>\n<p>Zuvor hatte Minsk darauf hingewiesen, dass die gemeinsame Ausbildung der wei\u00dfrussischen und der russischen Komponente der regionalen Streitkr\u00e4ftegruppe umfassend sei und nicht nur die Kampfkomponente, sondern auch alle Unterst\u00fctzungssysteme umfasse.<\/p>\n<\/div>\n<\/div>\n<\/div>\n<\/div>\n<\/li>\n<li class=\"LiveUpdates-item Listing-item\">\n<div class=\"LiveUpdate-root\">\n<div class=\"LiveUpdate-date\">\n<p class=\"HeaderNews-root HeaderNews-type_6 \">\n                18:26 Uhr\n            <\/p>\n<\/div>\n<div class=\"LiveUpdate-content\">\n<div class=\"LiveUpdate-text\">\n<div class=\"Text-root Text-type_5 ViewText-root\">\n<p><strong>Frau stirbt bei ukrainischem Angriff auf W\u00e4rmekraftwerk Starobeschewo<\/strong><\/p>\n<p>In der Volksrepublik Donezk wurde eine Frau get\u00f6tet, als die ukrainischen Streitkr\u00e4fte das W\u00e4rmekraftwerk Starobeschewo mit einem Mehrfachraketenwerfer <a rel=\"nofollow noopener\" target=\"_blank\" href=\"https:\/\/t.me\/DNR_SCKK\/13337\">beschossen<\/a>. Dies berichtete ein Sprecher der Rettungsdienste am Sonntag gegen\u00fcber <em>TASS<\/em>. Er sagte:<\/p>\n<p><em>&#8220;Die Leiche einer Frau wurde unter den Tr\u00fcmmern der Anlage geborgen.&#8221;<\/em><\/p>\n<p>Der Sprecher f\u00fcgte hinzu, dass die Suche nach einer zweiten Frau am Ort des Beschusses fortgesetzt werde.<\/p>\n<p>Zuvor hatte die Bezirksverwaltung von Starobeschewo <em>TASS<\/em> mitgeteilt, dass sich nach dem Angriff auf die Anlage zwei Menschen unter den Tr\u00fcmmern befinden k\u00f6nnten.<\/p>\n<p>Das Kraftwerk Starobeschewo ist eine der gr\u00f6\u00dften Energieanlagen in der Volksrepublik Donezk. Die 1958 errichtete Anlage versorgt die zentralen und s\u00fcdlichen Teile der russischen Teilrepublik mit Strom.<\/p>\n<p><strong>Update<\/strong>:\u00a0Zwei Frauen wurden durch den ukrainischen Beschuss get\u00f6tet.\u00a0<\/p>\n<\/div>\n<\/div>\n<\/div>\n<\/div>\n<\/li>\n<li class=\"LiveUpdates-item Listing-item\">\n<div class=\"LiveUpdate-root\">\n<div class=\"LiveUpdate-date\">\n<p class=\"HeaderNews-root HeaderNews-type_6 \">\n                17:57 Uhr\n            <\/p>\n<\/div>\n<div class=\"LiveUpdate-content\">\n<div class=\"LiveUpdate-text\">\n<div class=\"Text-root Text-type_5 ViewText-root\">\n<p><strong>Krim-Abgeordneter: Grenze der Sonderoperation sollte nach Westen verschoben werden<br \/><\/strong><\/p>\n<figure class=\"RTImage-root\">\n<div class=\"RTImage-image RTImage-original\"><picture class=\"Picture-root Picture-original\"><!--[if IE 9]><video style=\"display: none;\"><![endif]--><source media=\"(-webkit-min-device-pixel-ratio: 2) and (min-resolution: 120dpi)\" data-srcset=\" \nhttp:\/\/just-now.news\/de\/wp-content\/uploads\/sites\/3\/2023\/01\/63bacdeab480cc116f52c027.jpg 850w,\n                http:\/\/just-now.news\/de\/wp-content\/uploads\/sites\/3\/2023\/01\/63bacdeab480cc116f52c027.jpg 1960w,\n            \" ><source data-srcset=\" \nhttp:\/\/just-now.news\/de\/wp-content\/uploads\/sites\/3\/2023\/01\/63bacdeab480cc116f52c027.jpg 460w,\n              http:\/\/just-now.news\/de\/wp-content\/uploads\/sites\/3\/2023\/01\/63bacdeab480cc116f52c027.jpg 980w,\n            \" ><!--[if IE 9]><\/video><![endif]--><img decoding=\"async\" data- src=\"data:image\/png;base64,iVBORw0KGgoAAAANSUhEUgAAABAAAAAJCAQAAACRI2S5AAAAEElEQVR42mNkIAAYRxWAAQAG9gAKqv6+AwAAAABJRU5ErkJggg==\" class=\"Picture-root Picture-original lazyload\" data-src=\"http:\/\/just-now.news\/de\/wp-content\/uploads\/sites\/3\/2023\/01\/63bacdeab480cc116f52c027.jpg\" alt=\"\"><\/source><\/source><\/picture><!-- noscript pattern --><noscript><img decoding=\"async\" src=\"http:\/\/just-now.news\/de\/wp-content\/uploads\/sites\/3\/2023\/01\/63bacdeab480cc116f52c027.jpg\" alt=\"\"><\/noscript><\/div><figcaption class=\"RTImage-footer\"><span class=\"RTImage-caption\"><span class=\"RTImage-captionItem\">Wladimir Konstantinow<\/span><\/span><span class=\"RTImage-source\"><span class=\"RTImage-captionItem\">Konstantin Michaltschewski<\/span><span class=\"RTImage-captionItem\"> \/ Sputnik<\/span><\/span><\/figcaption><\/figure>\n<p>Der Vorsitzende des Krim-Parlaments, Wladimir Konstantinow, hat erkl\u00e4rt, dass die Grenze der Sonderoperation in der Ukraine deutlich nach Westen verschoben werden sollte. Er <a rel=\"nofollow noopener\" target=\"_blank\" href=\"https:\/\/ria.ru\/20230108\/granitsy-1843502503.html\">sagte<\/a> gegen\u00fcber <em>RIA Nowosti<\/em>:<\/p>\n<p><em>&#8220;Mit der Entwicklung des Konflikts mit dem kollektiven Westen sollte sich die Grenze, an der wir anhalten m\u00fcssen, deutlich nach Westen verlagern.&#8221;<\/em><\/p>\n<p><em>&#8220;Wir k\u00f6nnen nicht zulassen, dass die Heiligt\u00fcmer in Kiew von Satanisten gesch\u00e4ndet werden, wir d\u00fcrfen keinen V\u00f6lkermord und keine kulturelle oder besser gesagt unkultivierte Assimilierung der Russen in der Ukraine zulassen, wir m\u00fcssen feste Garantien erhalten, dass uns vom Gebiet der ehemaligen Ukraine keine Gefahr mehr droht. So weit m\u00fcssen die Grenzen Russlands nach Westen verschoben werden, um diese Ziele zu erreichen.&#8221;<\/em><\/p>\n<\/div>\n<\/div>\n<\/div>\n<\/div>\n<\/li>\n<\/ul>\n<div class=\"Listing-isReact\" data-rtmodule=\"Listing\" onload=\"return {\n                page: '1',\n                limit: '10',\n                listing: '\/listing\/parent.6209f961b480cc2c7e35341b\/noprepare\/liveupdates\/10\/1',\n            };\"><\/div>\n<\/div>\n<\/div>\n<\/div>\n<p><br \/>\n<br \/><a href=\"https:\/\/de.rt.com\/international\/131481-liveticker-ukraine-krieg-erdogan-bereit\/\">Source link <\/a><\/p>\n","protected":false},"excerpt":{"rendered":"<p>Russland f\u00fchrt gemeinsam mit den Streitkr\u00e4ften der Donbass-Republiken eine Milit\u00e4roperation in der Ukraine durch. Der Westen reagiert mit immer neuen Waffenlieferungen an die Ukraine und beispiellosen Sanktionen gegen Russland. Lesen Sie hier die neuesten Entwicklungen. 9.01.2023 07:01 Uhr 07:01 Uhr Erdo\u011fan: T\u00fcrkei wird arme afrikanische L\u00e4nder mit russischem Getreide beliefern Archivbild: Der t\u00fcrkische Pr\u00e4sident Recep [&hellip;]<\/p>\n","protected":false},"author":3,"featured_media":27219,"comment_status":"open","ping_status":"open","sticky":false,"template":"","format":"standard","meta":{"_yoast_indexnow_last_ping":["1673245737"],"wp_automatic_camp":["217"],"74082b319af86959ebd172b1f6cea6c4":["Liveticker Ukraine-Krieg: Erdo\u011fan bereit, russisches Getreide nach Afrika zu schicken"],"original_link":["https:\/\/de.rt.com\/international\/131481-liveticker-ukraine-krieg-erdogan-bereit\/"],"_thumbnail_id":["27219"],"_wptgpro_p2tg_sent2tg":["a:1:{i:23737;s:19:\"2023-01-09 08:30:09\";}"],"jnews_social_counter_last_update":["1777348693"]},"categories":[19,23],"tags":[18099,964,13697,21610,564,979,795,20904,566],"yoast_head":"<!-- This site is optimized with the Yoast SEO Premium plugin v22.7 (Yoast SEO v22.7) - https:\/\/yoast.com\/wordpress\/plugins\/seo\/ -->\n<title>Liveticker Ukraine-Krieg: Erdo\u011fan bereit, russisches Getreide nach Afrika zu schicken - just-now.NEWS Deutschland<\/title>\n<meta name=\"robots\" content=\"index, follow, max-snippet:-1, max-image-preview:large, max-video-preview:-1\" \/>\n<link rel=\"canonical\" href=\"https:\/\/now-news.de\/de\/deutschland\/liveticker-ukraine-krieg-erdogan-bereit-russisches-getreide-nach-afrika-zu-schicken\/\" \/>\n<meta property=\"og:locale\" content=\"de_DE\" \/>\n<meta property=\"og:type\" content=\"article\" \/>\n<meta property=\"og:title\" content=\"Liveticker Ukraine-Krieg: Erdo\u011fan bereit, russisches Getreide nach Afrika zu schicken\" \/>\n<meta property=\"og:description\" content=\"Russland f\u00fchrt gemeinsam mit den Streitkr\u00e4ften der Donbass-Republiken eine Milit\u00e4roperation in der Ukraine durch. Der Westen reagiert mit immer neuen Waffenlieferungen an die Ukraine und beispiellosen Sanktionen gegen Russland. Lesen Sie hier die neuesten Entwicklungen. 9.01.2023 07:01 Uhr 07:01 Uhr Erdo\u011fan: T\u00fcrkei wird arme afrikanische L\u00e4nder mit russischem Getreide beliefern Archivbild: Der t\u00fcrkische Pr\u00e4sident Recep [&hellip;]\" \/>\n<meta property=\"og:url\" content=\"https:\/\/now-news.de\/de\/deutschland\/liveticker-ukraine-krieg-erdogan-bereit-russisches-getreide-nach-afrika-zu-schicken\/\" \/>\n<meta property=\"og:site_name\" content=\"just-now.NEWS Deutschland\" \/>\n<meta property=\"article:publisher\" content=\"https:\/\/www.facebook.com\/wirmachenauf\" \/>\n<meta property=\"article:published_time\" content=\"2023-01-09T06:15:00+00:00\" \/>\n<meta property=\"og:image\" content=\"https:\/\/now-news.de\/de\/wp-content\/uploads\/sites\/3\/2023\/01\/Liveticker-Ukraine-Krieg-Erdogan-bereit-russisches-Getreide-nach-Afrika-zu-schicken.jpg\" \/>\n\t<meta property=\"og:image:width\" content=\"460\" \/>\n\t<meta property=\"og:image:height\" content=\"259\" \/>\n\t<meta property=\"og:image:type\" content=\"image\/jpeg\" \/>\n<meta name=\"author\" content=\"rtnews\" \/>\n<meta name=\"twitter:card\" content=\"summary_large_image\" \/>\n<meta name=\"twitter:creator\" content=\"@WirMachenAuf_de\" \/>\n<meta name=\"twitter:site\" content=\"@WirMachenAuf_de\" \/>\n<meta name=\"twitter:label1\" content=\"Verfasst von\" \/>\n\t<meta name=\"twitter:data1\" content=\"rtnews\" \/>\n\t<meta name=\"twitter:label2\" content=\"Gesch\u00e4tzte Lesezeit\" \/>\n\t<meta name=\"twitter:data2\" content=\"9\u00a0Minuten\" \/>\n<script type=\"application\/ld+json\" class=\"yoast-schema-graph\">{\"@context\":\"https:\/\/schema.org\",\"@graph\":[{\"@type\":\"Article\",\"@id\":\"https:\/\/now-news.de\/de\/deutschland\/liveticker-ukraine-krieg-erdogan-bereit-russisches-getreide-nach-afrika-zu-schicken\/#article\",\"isPartOf\":{\"@id\":\"https:\/\/now-news.de\/de\/deutschland\/liveticker-ukraine-krieg-erdogan-bereit-russisches-getreide-nach-afrika-zu-schicken\/\"},\"author\":{\"name\":\"rtnews\",\"@id\":\"https:\/\/now-news.de\/de\/#\/schema\/person\/fb534a4e865501d8b3285208df34a9b5\"},\"headline\":\"Liveticker Ukraine-Krieg: Erdo\u011fan bereit, russisches Getreide nach Afrika zu schicken\",\"datePublished\":\"2023-01-09T06:15:00+00:00\",\"dateModified\":\"2023-01-09T06:15:00+00:00\",\"mainEntityOfPage\":{\"@id\":\"https:\/\/now-news.de\/de\/deutschland\/liveticker-ukraine-krieg-erdogan-bereit-russisches-getreide-nach-afrika-zu-schicken\/\"},\"wordCount\":1828,\"commentCount\":0,\"publisher\":{\"@id\":\"https:\/\/now-news.de\/de\/#organization\"},\"image\":{\"@id\":\"https:\/\/now-news.de\/de\/deutschland\/liveticker-ukraine-krieg-erdogan-bereit-russisches-getreide-nach-afrika-zu-schicken\/#primaryimage\"},\"thumbnailUrl\":\"https:\/\/now-news.de\/de\/wp-content\/uploads\/sites\/3\/2023\/01\/Liveticker-Ukraine-Krieg-Erdogan-bereit-russisches-Getreide-nach-Afrika-zu-schicken.jpg\",\"keywords\":[\"Afrika\",\"bereit\",\"Erdo\u011fan\",\"Getreide\",\"Liveticker\",\"nach\",\"Russisches\",\"schicken\",\"UkraineKrieg\"],\"articleSection\":[\"Deutschland\",\"Russland\"],\"inLanguage\":\"de\",\"potentialAction\":[{\"@type\":\"CommentAction\",\"name\":\"Comment\",\"target\":[\"https:\/\/now-news.de\/de\/deutschland\/liveticker-ukraine-krieg-erdogan-bereit-russisches-getreide-nach-afrika-zu-schicken\/#respond\"]}]},{\"@type\":\"WebPage\",\"@id\":\"https:\/\/now-news.de\/de\/deutschland\/liveticker-ukraine-krieg-erdogan-bereit-russisches-getreide-nach-afrika-zu-schicken\/\",\"url\":\"https:\/\/now-news.de\/de\/deutschland\/liveticker-ukraine-krieg-erdogan-bereit-russisches-getreide-nach-afrika-zu-schicken\/\",\"name\":\"Liveticker Ukraine-Krieg: Erdo\u011fan bereit, russisches Getreide nach Afrika zu schicken - just-now.NEWS Deutschland\",\"isPartOf\":{\"@id\":\"https:\/\/now-news.de\/de\/#website\"},\"primaryImageOfPage\":{\"@id\":\"https:\/\/now-news.de\/de\/deutschland\/liveticker-ukraine-krieg-erdogan-bereit-russisches-getreide-nach-afrika-zu-schicken\/#primaryimage\"},\"image\":{\"@id\":\"https:\/\/now-news.de\/de\/deutschland\/liveticker-ukraine-krieg-erdogan-bereit-russisches-getreide-nach-afrika-zu-schicken\/#primaryimage\"},\"thumbnailUrl\":\"https:\/\/now-news.de\/de\/wp-content\/uploads\/sites\/3\/2023\/01\/Liveticker-Ukraine-Krieg-Erdogan-bereit-russisches-Getreide-nach-Afrika-zu-schicken.jpg\",\"datePublished\":\"2023-01-09T06:15:00+00:00\",\"dateModified\":\"2023-01-09T06:15:00+00:00\",\"breadcrumb\":{\"@id\":\"https:\/\/now-news.de\/de\/deutschland\/liveticker-ukraine-krieg-erdogan-bereit-russisches-getreide-nach-afrika-zu-schicken\/#breadcrumb\"},\"inLanguage\":\"de\",\"potentialAction\":[{\"@type\":\"ReadAction\",\"target\":[\"https:\/\/now-news.de\/de\/deutschland\/liveticker-ukraine-krieg-erdogan-bereit-russisches-getreide-nach-afrika-zu-schicken\/\"]}]},{\"@type\":\"ImageObject\",\"inLanguage\":\"de\",\"@id\":\"https:\/\/now-news.de\/de\/deutschland\/liveticker-ukraine-krieg-erdogan-bereit-russisches-getreide-nach-afrika-zu-schicken\/#primaryimage\",\"url\":\"https:\/\/now-news.de\/de\/wp-content\/uploads\/sites\/3\/2023\/01\/Liveticker-Ukraine-Krieg-Erdogan-bereit-russisches-Getreide-nach-Afrika-zu-schicken.jpg\",\"contentUrl\":\"https:\/\/now-news.de\/de\/wp-content\/uploads\/sites\/3\/2023\/01\/Liveticker-Ukraine-Krieg-Erdogan-bereit-russisches-Getreide-nach-Afrika-zu-schicken.jpg\",\"width\":460,\"height\":259,\"caption\":\"Liveticker Ukraine-Krieg: Erdo\u011fan bereit, russisches Getreide nach Afrika zu schicken\"},{\"@type\":\"BreadcrumbList\",\"@id\":\"https:\/\/now-news.de\/de\/deutschland\/liveticker-ukraine-krieg-erdogan-bereit-russisches-getreide-nach-afrika-zu-schicken\/#breadcrumb\",\"itemListElement\":[{\"@type\":\"ListItem\",\"position\":1,\"name\":\"Home\",\"item\":\"https:\/\/now-news.de\/de\/\"},{\"@type\":\"ListItem\",\"position\":2,\"name\":\"Liveticker Ukraine-Krieg: Erdo\u011fan bereit, russisches Getreide nach Afrika zu schicken\"}]},{\"@type\":\"WebSite\",\"@id\":\"https:\/\/now-news.de\/de\/#website\",\"url\":\"https:\/\/now-news.de\/de\/\",\"name\":\"just-now.NEWS Deutschland\",\"description\":\"Das Portal f\u00fcr unzensierte Nachrichten aus der Welt\",\"publisher\":{\"@id\":\"https:\/\/now-news.de\/de\/#organization\"},\"potentialAction\":[{\"@type\":\"SearchAction\",\"target\":{\"@type\":\"EntryPoint\",\"urlTemplate\":\"https:\/\/now-news.de\/de\/?s={search_term_string}\"},\"query-input\":\"required name=search_term_string\"}],\"inLanguage\":\"de\"},{\"@type\":\"Organization\",\"@id\":\"https:\/\/now-news.de\/de\/#organization\",\"name\":\"Just Now News\",\"url\":\"https:\/\/now-news.de\/de\/\",\"logo\":{\"@type\":\"ImageObject\",\"inLanguage\":\"de\",\"@id\":\"https:\/\/now-news.de\/de\/#\/schema\/logo\/image\/\",\"url\":\"http:\/\/just-now.news\/de\/wp-content\/uploads\/sites\/3\/2022\/04\/logo500x500.jpg\",\"contentUrl\":\"http:\/\/just-now.news\/de\/wp-content\/uploads\/sites\/3\/2022\/04\/logo500x500.jpg\",\"width\":500,\"height\":500,\"caption\":\"Just Now News\"},\"image\":{\"@id\":\"https:\/\/now-news.de\/de\/#\/schema\/logo\/image\/\"},\"sameAs\":[\"https:\/\/www.facebook.com\/wirmachenauf\",\"https:\/\/x.com\/WirMachenAuf_de\"]},{\"@type\":\"Person\",\"@id\":\"https:\/\/now-news.de\/de\/#\/schema\/person\/fb534a4e865501d8b3285208df34a9b5\",\"name\":\"rtnews\",\"image\":{\"@type\":\"ImageObject\",\"inLanguage\":\"de\",\"@id\":\"https:\/\/now-news.de\/de\/#\/schema\/person\/image\/\",\"url\":\"https:\/\/secure.gravatar.com\/avatar\/82aafea7d8127119dd649515f56e2117?s=96&d=mm&r=g\",\"contentUrl\":\"https:\/\/secure.gravatar.com\/avatar\/82aafea7d8127119dd649515f56e2117?s=96&d=mm&r=g\",\"caption\":\"rtnews\"},\"url\":\"https:\/\/now-news.de\/de\/author\/rnews\/\"}]}<\/script>\n<!-- \/ Yoast SEO Premium plugin. -->","yoast_head_json":{"title":"Liveticker Ukraine-Krieg: Erdo\u011fan bereit, russisches Getreide nach Afrika zu schicken - just-now.NEWS Deutschland","robots":{"index":"index","follow":"follow","max-snippet":"max-snippet:-1","max-image-preview":"max-image-preview:large","max-video-preview":"max-video-preview:-1"},"canonical":"https:\/\/now-news.de\/de\/deutschland\/liveticker-ukraine-krieg-erdogan-bereit-russisches-getreide-nach-afrika-zu-schicken\/","og_locale":"de_DE","og_type":"article","og_title":"Liveticker Ukraine-Krieg: Erdo\u011fan bereit, russisches Getreide nach Afrika zu schicken","og_description":"Russland f\u00fchrt gemeinsam mit den Streitkr\u00e4ften der Donbass-Republiken eine Milit\u00e4roperation in der Ukraine durch. Der Westen reagiert mit immer neuen Waffenlieferungen an die Ukraine und beispiellosen Sanktionen gegen Russland. Lesen Sie hier die neuesten Entwicklungen. 9.01.2023 07:01 Uhr 07:01 Uhr Erdo\u011fan: T\u00fcrkei wird arme afrikanische L\u00e4nder mit russischem Getreide beliefern Archivbild: Der t\u00fcrkische Pr\u00e4sident Recep [&hellip;]","og_url":"https:\/\/now-news.de\/de\/deutschland\/liveticker-ukraine-krieg-erdogan-bereit-russisches-getreide-nach-afrika-zu-schicken\/","og_site_name":"just-now.NEWS Deutschland","article_publisher":"https:\/\/www.facebook.com\/wirmachenauf","article_published_time":"2023-01-09T06:15:00+00:00","og_image":[{"width":460,"height":259,"url":"https:\/\/now-news.de\/de\/wp-content\/uploads\/sites\/3\/2023\/01\/Liveticker-Ukraine-Krieg-Erdogan-bereit-russisches-Getreide-nach-Afrika-zu-schicken.jpg","type":"image\/jpeg"}],"author":"rtnews","twitter_card":"summary_large_image","twitter_creator":"@WirMachenAuf_de","twitter_site":"@WirMachenAuf_de","twitter_misc":{"Verfasst von":"rtnews","Gesch\u00e4tzte Lesezeit":"9\u00a0Minuten"},"schema":{"@context":"https:\/\/schema.org","@graph":[{"@type":"Article","@id":"https:\/\/now-news.de\/de\/deutschland\/liveticker-ukraine-krieg-erdogan-bereit-russisches-getreide-nach-afrika-zu-schicken\/#article","isPartOf":{"@id":"https:\/\/now-news.de\/de\/deutschland\/liveticker-ukraine-krieg-erdogan-bereit-russisches-getreide-nach-afrika-zu-schicken\/"},"author":{"name":"rtnews","@id":"https:\/\/now-news.de\/de\/#\/schema\/person\/fb534a4e865501d8b3285208df34a9b5"},"headline":"Liveticker Ukraine-Krieg: Erdo\u011fan bereit, russisches Getreide nach Afrika zu schicken","datePublished":"2023-01-09T06:15:00+00:00","dateModified":"2023-01-09T06:15:00+00:00","mainEntityOfPage":{"@id":"https:\/\/now-news.de\/de\/deutschland\/liveticker-ukraine-krieg-erdogan-bereit-russisches-getreide-nach-afrika-zu-schicken\/"},"wordCount":1828,"commentCount":0,"publisher":{"@id":"https:\/\/now-news.de\/de\/#organization"},"image":{"@id":"https:\/\/now-news.de\/de\/deutschland\/liveticker-ukraine-krieg-erdogan-bereit-russisches-getreide-nach-afrika-zu-schicken\/#primaryimage"},"thumbnailUrl":"https:\/\/now-news.de\/de\/wp-content\/uploads\/sites\/3\/2023\/01\/Liveticker-Ukraine-Krieg-Erdogan-bereit-russisches-Getreide-nach-Afrika-zu-schicken.jpg","keywords":["Afrika","bereit","Erdo\u011fan","Getreide","Liveticker","nach","Russisches","schicken","UkraineKrieg"],"articleSection":["Deutschland","Russland"],"inLanguage":"de","potentialAction":[{"@type":"CommentAction","name":"Comment","target":["https:\/\/now-news.de\/de\/deutschland\/liveticker-ukraine-krieg-erdogan-bereit-russisches-getreide-nach-afrika-zu-schicken\/#respond"]}]},{"@type":"WebPage","@id":"https:\/\/now-news.de\/de\/deutschland\/liveticker-ukraine-krieg-erdogan-bereit-russisches-getreide-nach-afrika-zu-schicken\/","url":"https:\/\/now-news.de\/de\/deutschland\/liveticker-ukraine-krieg-erdogan-bereit-russisches-getreide-nach-afrika-zu-schicken\/","name":"Liveticker Ukraine-Krieg: Erdo\u011fan bereit, russisches Getreide nach Afrika zu schicken - just-now.NEWS Deutschland","isPartOf":{"@id":"https:\/\/now-news.de\/de\/#website"},"primaryImageOfPage":{"@id":"https:\/\/now-news.de\/de\/deutschland\/liveticker-ukraine-krieg-erdogan-bereit-russisches-getreide-nach-afrika-zu-schicken\/#primaryimage"},"image":{"@id":"https:\/\/now-news.de\/de\/deutschland\/liveticker-ukraine-krieg-erdogan-bereit-russisches-getreide-nach-afrika-zu-schicken\/#primaryimage"},"thumbnailUrl":"https:\/\/now-news.de\/de\/wp-content\/uploads\/sites\/3\/2023\/01\/Liveticker-Ukraine-Krieg-Erdogan-bereit-russisches-Getreide-nach-Afrika-zu-schicken.jpg","datePublished":"2023-01-09T06:15:00+00:00","dateModified":"2023-01-09T06:15:00+00:00","breadcrumb":{"@id":"https:\/\/now-news.de\/de\/deutschland\/liveticker-ukraine-krieg-erdogan-bereit-russisches-getreide-nach-afrika-zu-schicken\/#breadcrumb"},"inLanguage":"de","potentialAction":[{"@type":"ReadAction","target":["https:\/\/now-news.de\/de\/deutschland\/liveticker-ukraine-krieg-erdogan-bereit-russisches-getreide-nach-afrika-zu-schicken\/"]}]},{"@type":"ImageObject","inLanguage":"de","@id":"https:\/\/now-news.de\/de\/deutschland\/liveticker-ukraine-krieg-erdogan-bereit-russisches-getreide-nach-afrika-zu-schicken\/#primaryimage","url":"https:\/\/now-news.de\/de\/wp-content\/uploads\/sites\/3\/2023\/01\/Liveticker-Ukraine-Krieg-Erdogan-bereit-russisches-Getreide-nach-Afrika-zu-schicken.jpg","contentUrl":"https:\/\/now-news.de\/de\/wp-content\/uploads\/sites\/3\/2023\/01\/Liveticker-Ukraine-Krieg-Erdogan-bereit-russisches-Getreide-nach-Afrika-zu-schicken.jpg","width":460,"height":259,"caption":"Liveticker Ukraine-Krieg: Erdo\u011fan bereit, russisches Getreide nach Afrika zu schicken"},{"@type":"BreadcrumbList","@id":"https:\/\/now-news.de\/de\/deutschland\/liveticker-ukraine-krieg-erdogan-bereit-russisches-getreide-nach-afrika-zu-schicken\/#breadcrumb","itemListElement":[{"@type":"ListItem","position":1,"name":"Home","item":"https:\/\/now-news.de\/de\/"},{"@type":"ListItem","position":2,"name":"Liveticker Ukraine-Krieg: Erdo\u011fan bereit, russisches Getreide nach Afrika zu schicken"}]},{"@type":"WebSite","@id":"https:\/\/now-news.de\/de\/#website","url":"https:\/\/now-news.de\/de\/","name":"just-now.NEWS Deutschland","description":"Das Portal f\u00fcr unzensierte Nachrichten aus der Welt","publisher":{"@id":"https:\/\/now-news.de\/de\/#organization"},"potentialAction":[{"@type":"SearchAction","target":{"@type":"EntryPoint","urlTemplate":"https:\/\/now-news.de\/de\/?s={search_term_string}"},"query-input":"required name=search_term_string"}],"inLanguage":"de"},{"@type":"Organization","@id":"https:\/\/now-news.de\/de\/#organization","name":"Just Now News","url":"https:\/\/now-news.de\/de\/","logo":{"@type":"ImageObject","inLanguage":"de","@id":"https:\/\/now-news.de\/de\/#\/schema\/logo\/image\/","url":"http:\/\/just-now.news\/de\/wp-content\/uploads\/sites\/3\/2022\/04\/logo500x500.jpg","contentUrl":"http:\/\/just-now.news\/de\/wp-content\/uploads\/sites\/3\/2022\/04\/logo500x500.jpg","width":500,"height":500,"caption":"Just Now News"},"image":{"@id":"https:\/\/now-news.de\/de\/#\/schema\/logo\/image\/"},"sameAs":["https:\/\/www.facebook.com\/wirmachenauf","https:\/\/x.com\/WirMachenAuf_de"]},{"@type":"Person","@id":"https:\/\/now-news.de\/de\/#\/schema\/person\/fb534a4e865501d8b3285208df34a9b5","name":"rtnews","image":{"@type":"ImageObject","inLanguage":"de","@id":"https:\/\/now-news.de\/de\/#\/schema\/person\/image\/","url":"https:\/\/secure.gravatar.com\/avatar\/82aafea7d8127119dd649515f56e2117?s=96&d=mm&r=g","contentUrl":"https:\/\/secure.gravatar.com\/avatar\/82aafea7d8127119dd649515f56e2117?s=96&d=mm&r=g","caption":"rtnews"},"url":"https:\/\/now-news.de\/de\/author\/rnews\/"}]}},"_links":{"self":[{"href":"https:\/\/now-news.de\/de\/wp-json\/wp\/v2\/posts\/27218"}],"collection":[{"href":"https:\/\/now-news.de\/de\/wp-json\/wp\/v2\/posts"}],"about":[{"href":"https:\/\/now-news.de\/de\/wp-json\/wp\/v2\/types\/post"}],"author":[{"embeddable":true,"href":"https:\/\/now-news.de\/de\/wp-json\/wp\/v2\/users\/3"}],"replies":[{"embeddable":true,"href":"https:\/\/now-news.de\/de\/wp-json\/wp\/v2\/comments?post=27218"}],"version-history":[{"count":0,"href":"https:\/\/now-news.de\/de\/wp-json\/wp\/v2\/posts\/27218\/revisions"}],"wp:featuredmedia":[{"embeddable":true,"href":"https:\/\/now-news.de\/de\/wp-json\/wp\/v2\/media\/27219"}],"wp:attachment":[{"href":"https:\/\/now-news.de\/de\/wp-json\/wp\/v2\/media?parent=27218"}],"wp:term":[{"taxonomy":"category","embeddable":true,"href":"https:\/\/now-news.de\/de\/wp-json\/wp\/v2\/categories?post=27218"},{"taxonomy":"post_tag","embeddable":true,"href":"https:\/\/now-news.de\/de\/wp-json\/wp\/v2\/tags?post=27218"}],"curies":[{"name":"wp","href":"https:\/\/api.w.org\/{rel}","templated":true}]}}