{"id":27216,"date":"2023-01-09T07:45:00","date_gmt":"2023-01-09T05:45:00","guid":{"rendered":"http:\/\/just-now.news\/de\/deutschland\/habeck-gesteht-deutschland-droht-der-wirtschaftliche-zusammenbruch\/"},"modified":"2023-01-09T07:45:00","modified_gmt":"2023-01-09T05:45:00","slug":"habeck-gesteht-deutschland-droht-der-wirtschaftliche-zusammenbruch","status":"publish","type":"post","link":"https:\/\/now-news.de\/de\/deutschland\/habeck-gesteht-deutschland-droht-der-wirtschaftliche-zusammenbruch\/","title":{"rendered":"Habeck gesteht: Deutschland droht &quot;der wirtschaftliche Zusammenbruch&quot;"},"content":{"rendered":"<p><img decoding=\"async\" src=\"http:\/\/just-now.news\/de\/wp-content\/uploads\/sites\/3\/2023\/01\/63bab6da48fbef570f5e81c7.jpg\" \/><\/p>\n<div class=\"Text-root Text-type_1 \">\n                All die Monate hie\u00df es, das alles sei kein Problem, man m\u00fcsse sich keine Sorgen machen um die Zukunft der deutschen Wirtschaft. Wenn alle nur gen\u00fcgend frieren und verdunkeln w\u00fcrden, werde in Deutschland alles gut gehen. Aber jetzt best\u00e4tigt Habeck selbst, was er zuvor immer als &#8220;russische Propaganda&#8221; beschimpfte.\n            <\/div>\n<p><\/p>\n<div class=\"Text-root Text-type_5 ArticleView-text ViewText-root \">\n<p><em>Von Dagmar Henn<\/em><\/p>\n<p>Hat der Bundeswirtschaftsminister Robert Habeck sein Ministerium f\u00fcr Wirtschaft und Klimaschutz inzwischen so weit von jeder Kompetenz ges\u00e4ubert, dass nicht einmal mehr jemand \u00fcbrig ist, der einen Redeentwurf auf Englisch wenigstens Korrektur lesen k\u00f6nnte? Wenn man seinem Vortrag in Oslo <a rel=\"nofollow noopener\" target=\"_blank\" href=\"https:\/\/www.youtube.com\/watch?v=w6mjpdBviI4\">lauscht<\/a>, dr\u00e4ngt sich einem dieser Eindruck auf. Selbst eine mittelm\u00e4\u00dfige Fremdsprachensekret\u00e4rin m\u00fcsste imstande sein, ihm zu erkl\u00e4ren, dass das nicht &#8220;dependency of Russian gas&#8221; oder &#8220;need of the battlefield&#8221; hei\u00dft \u2013 au\u00dfer, man wolle dar\u00fcber reden, wovon das russische Gas abh\u00e4ngt, oder erkl\u00e4ren, dass man das Schlachtfeld brauche.<\/p>\n<p>Wobei auch solche Gedanken bei Habeck durchaus im Bereich des M\u00f6glichen liegen. Denn immerhin sind die historischen Erinnerungen des Herrn Ministers &#8220;etwas&#8221; verzerrt, um es milde zu formulieren: &#8220;Wir waren uns sicher, dass Gewalt und Imperialismus als Mittel der Politik abgeschafft worden w\u00e4ren. Zumindest in Europa.&#8221; Das ist schwer nachvollziehbar aus dem Mund eines Politikers eben jener Partei, f\u00fcr die der NATO-Angriff auf Jugoslawien am Ende des vergangenen Jahrhunderts eine gro\u00dfe politische Zerrei\u00dfprobe war; aber nahe genug an der Gegenwart, dass auch das Ged\u00e4chtnis eines Robert Habeck Details noch kennen m\u00fcsste. Das bombardierte Belgrad liegt bekanntlich ebenfalls in Europa, und die Bombardierung war eindeutig ein Akt der Gewalt als Mittel der Politik.<\/p>\n<p>Nein, Details sind Habecks Sache nicht. 2015 soll Putin eine Gegend namens Krimenja besetzt und &#8220;seinen Krieg in der Ukraine begonnen&#8221; haben. Dabei war es die Putschregierung in Kiew, die Proteste mit den gleichen Mitteln, wie sie sie zuvor in der Westukraine zur Anwendung brachte \u2013 wie die Erst\u00fcrmung und Besetzung von Verwaltungsgeb\u00e4uden \u2013 pl\u00f6tzlich zum Anlass nahm, einen B\u00fcrgerkrieg zu beginnen. Dass sich solch ein B\u00fcrgerkrieg auf der Krim nicht entfaltete, h\u00e4tte eigentlich ganz Westeuropa mit Erleichterung zur Kenntnis nehmen sollen, denn die Alternative zum russischen Eingreifen w\u00e4re die Gefahr gewesen, dass die teils nukleare Bewaffnung der russischen Schwarzmeerflotte wom\u00f6glich in die H\u00e4nde neonazistischer Milizen f\u00e4llt; aber so punktgenau hat die Risiken im Zusammenhang mit der Krim niemand in Deutschland ausgesprochen. Da ist es keine besondere Verfehlung von Habeck, dass auch er das nicht begriffen hatte.<\/p>\n<p>Allerdings, nachdem seine Parteigenossin, die derzeitige Bundesau\u00dfenministerin Annalena Baerbock, daran beteiligt war, den Friedensplan der Minsker Vereinbarungen endg\u00fcltig zu entsorgen, w\u00e4re eine gewisse Wahrnehmung auch der eigenen Verantwortung durchaus angebracht gewesen. Immerhin h\u00e4tte noch fast den ganzen Februar des vergangenen Jahres die Chance bestanden, die ukrainische Krise in Richtung Frieden zu l\u00f6sen \u2013 wenn, ja wenn nur die Deutschen und die Franzosen ihren entsprechenden Verpflichtungen nachgekommen w\u00e4ren oder auch nur h\u00e4tten nachkommen wollen.<\/p>\n<p>Wie und warum das Ausbleiben russischer Erdgaslieferungen f\u00fcr Deutschland zu einem Problem wurde, erkennt oder benennt er ebenfalls nicht. Kein Wunder, war er es doch selbst, der sich seit Langem m\u00fchte, Nord Stream 2 gar nicht erst in Betrieb gehen zu lassen; waren es doch die westlichen Sanktionen, die dazu f\u00fchrten, dass Nord Stream 1 nicht mehr mit betriebsf\u00e4hig gewarteten Kompressoren ausger\u00fcstet werden konnte. Das wurde dann ausgerechnet aus dem Land, das den T\u00dcV erfunden hat, als \u00fcbertriebene russische Pingeligkeit dargestellt \u2013 ganz so, als d\u00fcrfte in Deutschland jemals ein Kompressor f\u00fcr eine Gaspipeline ohne vollst\u00e4ndig eingehaltene technische Dokumentation in Betrieb genommen werden. Habeck und seine Partei waren es auch, die auch Anfang 2022 noch davon t\u00f6nten, eigentlich d\u00fcrfe man gar kein russisches Gas brauchen. Deshalb nahm vermutlich auch Habeck erfreut zur Kenntnis, als die Sprengung der Pipelines in der Ostsee im September endlich daf\u00fcr sorgte, dass es auf lange Sicht gar nicht mehr geliefert werden konnte.<\/p>\n<p>Das alles muss einfach irgendwie geschehen sein, vermutlich war es Putin. Habeck jedenfalls hat mit all dem nichts zu tun. Auch wenn er an anderer Stelle dann betont, &#8220;ein gewisses Ma\u00df an R\u00fccksichtslosigkeit schaffe Gelegenheiten&#8221;. Auf diese Einleitung folgt eine Zukunftsfantasie, der jede reale Basis abgeht: &#8220;Dekarbonisierter Wasserstoff&#8221;, der per Pipeline aus Norwegen nach Deutschland flie\u00dfen solle, werde zuk\u00fcnftig gar mit Hilfe von Offshore-Windparks erzeugt.<\/p>\n<p>Dabei hat man mittlerweile verbl\u00fcfft festgestellt, dass die Turbinen in Offshore-Windparks eine k\u00fcrzere Lebensdauer als jene an Land haben \u2013 Menschen, die schon einmal die Gelegenheit hatten, das Zusammenspiel von Metall, Salzwasser und Luft l\u00e4nger zu beobachten, h\u00e4tten das vorhersagen k\u00f6nnen. Diese Anlagen w\u00fcrden daher ein noch ung\u00fcnstigeres Kosten-Nutzen-Verh\u00e4ltnis liefern als jene an Land. Und dass ein Pipeline-Transport von Wasserstoff immer noch unerprobt ist und schon allein deshalb auf gro\u00dfe Probleme st\u00f6\u00dft, weil H2 \u2013 aus zwei Wasserstoffatomen \u2013 nun einmal das kleinste Molek\u00fcl der kleinsten Atome des ganzen Periodensystems ist. Aber das ficht Habeck nicht an: &#8220;Vielleicht ist die Lektion, die gelernt wurde, ja, dass das Leben in einer Zeit der Krise das neue Normal ist.&#8221;<\/p>\n<p>Auf Twitter fanden User den passenden Begriff, um Habecks Verh\u00e4ltnis zu seinem Ressort zu kennzeichnen: Transkompetenz.<\/p>\n<div class=\"EmbedBlock-root EmbedBlock-twitter\">\n<div class=\"TwitterEmbed\">\n<blockquote class=\"twitter-tweet lazyload\" data-twitter=\"twitter-tweet\">\n<p lang=\"de\" dir=\"ltr\">Gruene <a rel=\"nofollow noopener\" target=\"_blank\" href=\"https:\/\/twitter.com\/hashtag\/Transkompetenz?src=hash&amp;ref_src=twsrc%5Etfw\">#Transkompetenz<\/a>:Unf\u00e4hige Figuren wie <a rel=\"nofollow noopener\" target=\"_blank\" href=\"https:\/\/twitter.com\/hashtag\/Habeck?src=hash&amp;ref_src=twsrc%5Etfw\">#Habeck<\/a>, <a rel=\"nofollow noopener\" target=\"_blank\" href=\"https:\/\/twitter.com\/hashtag\/Baerbock?src=hash&amp;ref_src=twsrc%5Etfw\">#Baerbock<\/a>, <a rel=\"nofollow noopener\" target=\"_blank\" href=\"https:\/\/twitter.com\/hashtag\/Lang?src=hash&amp;ref_src=twsrc%5Etfw\">#Lang<\/a> &amp; Co. ma\u00dfen sich an einen <a rel=\"nofollow noopener\" target=\"_blank\" href=\"https:\/\/twitter.com\/hashtag\/Staat?src=hash&amp;ref_src=twsrc%5Etfw\">#Staat<\/a> f\u00fchren zu k\u00f6nnen.Dabei verf\u00fcgen Sie weder \u00fcber die <a rel=\"nofollow noopener\" target=\"_blank\" href=\"https:\/\/twitter.com\/hashtag\/Qualifikation?src=hash&amp;ref_src=twsrc%5Etfw\">#Qualifikation<\/a>, <a rel=\"nofollow noopener\" target=\"_blank\" href=\"https:\/\/twitter.com\/hashtag\/Kompetenz?src=hash&amp;ref_src=twsrc%5Etfw\">#Kompetenz<\/a> und noch nicht mal <a rel=\"nofollow noopener\" target=\"_blank\" href=\"https:\/\/twitter.com\/hashtag\/Englischkenntnisse?src=hash&amp;ref_src=twsrc%5Etfw\">#Englischkenntnisse<\/a>.<a rel=\"nofollow noopener\" target=\"_blank\" href=\"https:\/\/twitter.com\/hashtag\/Deutschland?src=hash&amp;ref_src=twsrc%5Etfw\">#Deutschland<\/a>|s Elite 2023. <a rel=\"nofollow noopener\" target=\"_blank\" href=\"https:\/\/t.co\/27QgNG8qNR\">https:\/\/t.co\/27QgNG8qNR<\/a><\/p>\n<p>\u2014 Dr. David L\u00fctke (@DrLuetke) <a rel=\"nofollow noopener\" target=\"_blank\" href=\"https:\/\/twitter.com\/DrLuetke\/status\/1611972160985104385?ref_src=twsrc%5Etfw\">January 8, 2023<\/a><\/p><\/blockquote>\n<\/div>\n<\/div>\n<p>Einzig an einer Stelle sagte Habeck \u00fcberraschenderweise die Wahrheit und widersprach damit deutlich der Zuversicht, die er den Deutschen all die Monate \u00fcber einreden wollte: Deutschland habe &#8220;vor der Herausforderung eines drohenden wirtschaftlichen Zusammenbruchs&#8221; gestanden. &#8220;Nichts weniger stand damals auf dem Spiel. Und ein wirtschaftlicher Zusammenbruch in Deutschland h\u00e4tte zweifellos zu einer wirtschaftlichen Apokalypse in Europa gef\u00fchrt.&#8221;<\/p>\n<p>War das nicht bisher stets &#8220;b\u00f6se russische Propaganda&#8221;, von einem wirtschaftlichen Zusammenbruch (in Deutschland!) zu reden? &#8220;So herausfordernd, wie diese Bedrohungen waren und noch sind &#8230;&#8221; wagte es Habeck weit genug entfernt vom heimischen Publikum, das nach seinen Anleitungen durch Frieren und Stinken vermeintlich sicher durch den Winter kommen sollte, die Dinge zumindest ein einziges Mal so zu benennen, wie sie sind. Auch wenn er sofort wieder behauptet, f\u00fcr den Moment sei alles sicher \u2013 durch mehr norwegisches Erdgas \u2013 und sogar die Inflation sei ja noch &#8220;milder als erwartet&#8221;.<\/p>\n<p>Hiermit ist es also amtlich aus dem Mundes eines Bundesministers des zust\u00e4ndigen Ressorts, wenn auch in erb\u00e4rmlichstem Englisch hinausgestolpert: die Politik der &#8220;Ampel&#8221;-Koalition und insbesondere jene des Bundeswirtschaftsministers hat eine derma\u00dfen gro\u00dfe Gefahr eines wirtschaftlichen Kollaps erzeugt, dass selbst Habeck dies eingestehen musste. Eigentlich w\u00e4re das der Moment, an dem der daf\u00fcr verantwortliche Minister still und mit gesenktem Kopf seinen Hut nimmt.<\/p>\n<p>Doch Habeck ist nicht nur transkompetent \u2013 au\u00dfer vielleicht bei der Bestellung und Bestallung eines Hoffotografen. Er ist auch transverantwortlich.<\/p>\n<p><strong>Mehr zum Thema<\/strong> &#8211; <a rel=\"nofollow noopener\" target=\"_blank\" href=\"https:\/\/rtde.site\/inland\/158511-deutsche-wirtschaft-sieht-gefahr-einer-schleichenden-deindustrialisierung\/\">Deutsche Wirtschaft sieht Gefahr einer schleichenden Deindustrialisierung <\/a><\/p>\n<\/div>\n<p><script async src=\"https:\/\/platform.twitter.com\/widgets.js\" charset=\"utf-8\"><\/script><br \/>\n<br \/><br \/>\n<br \/><a href=\"https:\/\/de.rt.com\/meinung\/159259-habeck-gesteht-deutschland-droht-wirtschaftlicher-zusammenbruch\/\">Source link <\/a><\/p>\n","protected":false},"excerpt":{"rendered":"<p>All die Monate hie\u00df es, das alles sei kein Problem, man m\u00fcsse sich keine Sorgen machen um die Zukunft der deutschen Wirtschaft. Wenn alle nur gen\u00fcgend frieren und verdunkeln w\u00fcrden, werde in Deutschland alles gut gehen. Aber jetzt best\u00e4tigt Habeck selbst, was er zuvor immer als &#8220;russische Propaganda&#8221; beschimpfte. Von Dagmar Henn Hat der Bundeswirtschaftsminister [&hellip;]<\/p>\n","protected":false},"author":3,"featured_media":27217,"comment_status":"open","ping_status":"open","sticky":false,"template":"","format":"standard","meta":{"_yoast_indexnow_last_ping":["1673243815"],"wp_automatic_camp":["217"],"6cc550a5b5a213f6c4601c497315a12a":["Habeck gesteht: Deutschland droht &quot;der wirtschaftliche Zusammenbruch&quot;"],"original_link":["https:\/\/de.rt.com\/meinung\/159259-habeck-gesteht-deutschland-droht-wirtschaftlicher-zusammenbruch\/"],"_thumbnail_id":["27217"],"_wptgpro_p2tg_sent2tg":["a:1:{i:23737;s:19:\"2023-01-09 07:58:07\";}"],"jnews_social_counter_last_update":["1777314015"]},"categories":[19,23],"tags":[179,44,24666,911,1174,4852,38714],"yoast_head":"<!-- This site is optimized with the Yoast SEO Premium plugin v22.7 (Yoast SEO v22.7) - https:\/\/yoast.com\/wordpress\/plugins\/seo\/ -->\n<title>Habeck gesteht: Deutschland droht &quot;der wirtschaftliche Zusammenbruch&quot; - just-now.NEWS Deutschland<\/title>\n<meta name=\"robots\" content=\"index, follow, max-snippet:-1, max-image-preview:large, max-video-preview:-1\" \/>\n<link rel=\"canonical\" href=\"https:\/\/now-news.de\/de\/deutschland\/habeck-gesteht-deutschland-droht-der-wirtschaftliche-zusammenbruch\/\" \/>\n<meta property=\"og:locale\" content=\"de_DE\" \/>\n<meta property=\"og:type\" content=\"article\" \/>\n<meta property=\"og:title\" content=\"Habeck gesteht: Deutschland droht &quot;der wirtschaftliche Zusammenbruch&quot;\" \/>\n<meta property=\"og:description\" content=\"All die Monate hie\u00df es, das alles sei kein Problem, man m\u00fcsse sich keine Sorgen machen um die Zukunft der deutschen Wirtschaft. Wenn alle nur gen\u00fcgend frieren und verdunkeln w\u00fcrden, werde in Deutschland alles gut gehen. Aber jetzt best\u00e4tigt Habeck selbst, was er zuvor immer als &#8220;russische Propaganda&#8221; beschimpfte. Von Dagmar Henn Hat der Bundeswirtschaftsminister [&hellip;]\" \/>\n<meta property=\"og:url\" content=\"https:\/\/now-news.de\/de\/deutschland\/habeck-gesteht-deutschland-droht-der-wirtschaftliche-zusammenbruch\/\" \/>\n<meta property=\"og:site_name\" content=\"just-now.NEWS Deutschland\" \/>\n<meta property=\"article:publisher\" content=\"https:\/\/www.facebook.com\/wirmachenauf\" \/>\n<meta property=\"article:published_time\" content=\"2023-01-09T05:45:00+00:00\" \/>\n<meta property=\"og:image\" content=\"https:\/\/now-news.de\/de\/wp-content\/uploads\/sites\/3\/2023\/01\/Habeck-gesteht-Deutschland-droht-quotder-wirtschaftliche-Zusammenbruchquot.jpg\" \/>\n\t<meta property=\"og:image:width\" content=\"460\" \/>\n\t<meta property=\"og:image:height\" content=\"259\" \/>\n\t<meta property=\"og:image:type\" content=\"image\/jpeg\" \/>\n<meta name=\"author\" content=\"rtnews\" \/>\n<meta name=\"twitter:card\" content=\"summary_large_image\" \/>\n<meta name=\"twitter:creator\" content=\"@WirMachenAuf_de\" \/>\n<meta name=\"twitter:site\" content=\"@WirMachenAuf_de\" \/>\n<meta name=\"twitter:label1\" content=\"Verfasst von\" \/>\n\t<meta name=\"twitter:data1\" content=\"rtnews\" \/>\n\t<meta name=\"twitter:label2\" content=\"Gesch\u00e4tzte Lesezeit\" \/>\n\t<meta name=\"twitter:data2\" content=\"6\u00a0Minuten\" \/>\n<script type=\"application\/ld+json\" class=\"yoast-schema-graph\">{\"@context\":\"https:\/\/schema.org\",\"@graph\":[{\"@type\":\"Article\",\"@id\":\"https:\/\/now-news.de\/de\/deutschland\/habeck-gesteht-deutschland-droht-der-wirtschaftliche-zusammenbruch\/#article\",\"isPartOf\":{\"@id\":\"https:\/\/now-news.de\/de\/deutschland\/habeck-gesteht-deutschland-droht-der-wirtschaftliche-zusammenbruch\/\"},\"author\":{\"name\":\"rtnews\",\"@id\":\"https:\/\/now-news.de\/de\/#\/schema\/person\/fb534a4e865501d8b3285208df34a9b5\"},\"headline\":\"Habeck gesteht: Deutschland droht &quot;der wirtschaftliche Zusammenbruch&quot;\",\"datePublished\":\"2023-01-09T05:45:00+00:00\",\"dateModified\":\"2023-01-09T05:45:00+00:00\",\"mainEntityOfPage\":{\"@id\":\"https:\/\/now-news.de\/de\/deutschland\/habeck-gesteht-deutschland-droht-der-wirtschaftliche-zusammenbruch\/\"},\"wordCount\":1183,\"commentCount\":0,\"publisher\":{\"@id\":\"https:\/\/now-news.de\/de\/#organization\"},\"image\":{\"@id\":\"https:\/\/now-news.de\/de\/deutschland\/habeck-gesteht-deutschland-droht-der-wirtschaftliche-zusammenbruch\/#primaryimage\"},\"thumbnailUrl\":\"https:\/\/now-news.de\/de\/wp-content\/uploads\/sites\/3\/2023\/01\/Habeck-gesteht-Deutschland-droht-quotder-wirtschaftliche-Zusammenbruchquot.jpg\",\"keywords\":[\"Deutschland\",\"droht\",\"gesteht\",\"Habeck\",\"quotDer\",\"wirtschaftliche\",\"Zusammenbruchquot\"],\"articleSection\":[\"Deutschland\",\"Russland\"],\"inLanguage\":\"de\",\"potentialAction\":[{\"@type\":\"CommentAction\",\"name\":\"Comment\",\"target\":[\"https:\/\/now-news.de\/de\/deutschland\/habeck-gesteht-deutschland-droht-der-wirtschaftliche-zusammenbruch\/#respond\"]}]},{\"@type\":\"WebPage\",\"@id\":\"https:\/\/now-news.de\/de\/deutschland\/habeck-gesteht-deutschland-droht-der-wirtschaftliche-zusammenbruch\/\",\"url\":\"https:\/\/now-news.de\/de\/deutschland\/habeck-gesteht-deutschland-droht-der-wirtschaftliche-zusammenbruch\/\",\"name\":\"Habeck gesteht: Deutschland droht &quot;der wirtschaftliche Zusammenbruch&quot; - just-now.NEWS Deutschland\",\"isPartOf\":{\"@id\":\"https:\/\/now-news.de\/de\/#website\"},\"primaryImageOfPage\":{\"@id\":\"https:\/\/now-news.de\/de\/deutschland\/habeck-gesteht-deutschland-droht-der-wirtschaftliche-zusammenbruch\/#primaryimage\"},\"image\":{\"@id\":\"https:\/\/now-news.de\/de\/deutschland\/habeck-gesteht-deutschland-droht-der-wirtschaftliche-zusammenbruch\/#primaryimage\"},\"thumbnailUrl\":\"https:\/\/now-news.de\/de\/wp-content\/uploads\/sites\/3\/2023\/01\/Habeck-gesteht-Deutschland-droht-quotder-wirtschaftliche-Zusammenbruchquot.jpg\",\"datePublished\":\"2023-01-09T05:45:00+00:00\",\"dateModified\":\"2023-01-09T05:45:00+00:00\",\"breadcrumb\":{\"@id\":\"https:\/\/now-news.de\/de\/deutschland\/habeck-gesteht-deutschland-droht-der-wirtschaftliche-zusammenbruch\/#breadcrumb\"},\"inLanguage\":\"de\",\"potentialAction\":[{\"@type\":\"ReadAction\",\"target\":[\"https:\/\/now-news.de\/de\/deutschland\/habeck-gesteht-deutschland-droht-der-wirtschaftliche-zusammenbruch\/\"]}]},{\"@type\":\"ImageObject\",\"inLanguage\":\"de\",\"@id\":\"https:\/\/now-news.de\/de\/deutschland\/habeck-gesteht-deutschland-droht-der-wirtschaftliche-zusammenbruch\/#primaryimage\",\"url\":\"https:\/\/now-news.de\/de\/wp-content\/uploads\/sites\/3\/2023\/01\/Habeck-gesteht-Deutschland-droht-quotder-wirtschaftliche-Zusammenbruchquot.jpg\",\"contentUrl\":\"https:\/\/now-news.de\/de\/wp-content\/uploads\/sites\/3\/2023\/01\/Habeck-gesteht-Deutschland-droht-quotder-wirtschaftliche-Zusammenbruchquot.jpg\",\"width\":460,\"height\":259,\"caption\":\"Habeck gesteht: Deutschland droht &quot;der wirtschaftliche Zusammenbruch&quot;\"},{\"@type\":\"BreadcrumbList\",\"@id\":\"https:\/\/now-news.de\/de\/deutschland\/habeck-gesteht-deutschland-droht-der-wirtschaftliche-zusammenbruch\/#breadcrumb\",\"itemListElement\":[{\"@type\":\"ListItem\",\"position\":1,\"name\":\"Home\",\"item\":\"https:\/\/now-news.de\/de\/\"},{\"@type\":\"ListItem\",\"position\":2,\"name\":\"Habeck gesteht: Deutschland droht &quot;der wirtschaftliche Zusammenbruch&quot;\"}]},{\"@type\":\"WebSite\",\"@id\":\"https:\/\/now-news.de\/de\/#website\",\"url\":\"https:\/\/now-news.de\/de\/\",\"name\":\"just-now.NEWS Deutschland\",\"description\":\"Das Portal f\u00fcr unzensierte Nachrichten aus der Welt\",\"publisher\":{\"@id\":\"https:\/\/now-news.de\/de\/#organization\"},\"potentialAction\":[{\"@type\":\"SearchAction\",\"target\":{\"@type\":\"EntryPoint\",\"urlTemplate\":\"https:\/\/now-news.de\/de\/?s={search_term_string}\"},\"query-input\":\"required name=search_term_string\"}],\"inLanguage\":\"de\"},{\"@type\":\"Organization\",\"@id\":\"https:\/\/now-news.de\/de\/#organization\",\"name\":\"Just Now News\",\"url\":\"https:\/\/now-news.de\/de\/\",\"logo\":{\"@type\":\"ImageObject\",\"inLanguage\":\"de\",\"@id\":\"https:\/\/now-news.de\/de\/#\/schema\/logo\/image\/\",\"url\":\"http:\/\/just-now.news\/de\/wp-content\/uploads\/sites\/3\/2022\/04\/logo500x500.jpg\",\"contentUrl\":\"http:\/\/just-now.news\/de\/wp-content\/uploads\/sites\/3\/2022\/04\/logo500x500.jpg\",\"width\":500,\"height\":500,\"caption\":\"Just Now News\"},\"image\":{\"@id\":\"https:\/\/now-news.de\/de\/#\/schema\/logo\/image\/\"},\"sameAs\":[\"https:\/\/www.facebook.com\/wirmachenauf\",\"https:\/\/x.com\/WirMachenAuf_de\"]},{\"@type\":\"Person\",\"@id\":\"https:\/\/now-news.de\/de\/#\/schema\/person\/fb534a4e865501d8b3285208df34a9b5\",\"name\":\"rtnews\",\"image\":{\"@type\":\"ImageObject\",\"inLanguage\":\"de\",\"@id\":\"https:\/\/now-news.de\/de\/#\/schema\/person\/image\/\",\"url\":\"https:\/\/secure.gravatar.com\/avatar\/82aafea7d8127119dd649515f56e2117?s=96&d=mm&r=g\",\"contentUrl\":\"https:\/\/secure.gravatar.com\/avatar\/82aafea7d8127119dd649515f56e2117?s=96&d=mm&r=g\",\"caption\":\"rtnews\"},\"url\":\"https:\/\/now-news.de\/de\/author\/rnews\/\"}]}<\/script>\n<!-- \/ Yoast SEO Premium plugin. -->","yoast_head_json":{"title":"Habeck gesteht: Deutschland droht &quot;der wirtschaftliche Zusammenbruch&quot; - just-now.NEWS Deutschland","robots":{"index":"index","follow":"follow","max-snippet":"max-snippet:-1","max-image-preview":"max-image-preview:large","max-video-preview":"max-video-preview:-1"},"canonical":"https:\/\/now-news.de\/de\/deutschland\/habeck-gesteht-deutschland-droht-der-wirtschaftliche-zusammenbruch\/","og_locale":"de_DE","og_type":"article","og_title":"Habeck gesteht: Deutschland droht &quot;der wirtschaftliche Zusammenbruch&quot;","og_description":"All die Monate hie\u00df es, das alles sei kein Problem, man m\u00fcsse sich keine Sorgen machen um die Zukunft der deutschen Wirtschaft. Wenn alle nur gen\u00fcgend frieren und verdunkeln w\u00fcrden, werde in Deutschland alles gut gehen. Aber jetzt best\u00e4tigt Habeck selbst, was er zuvor immer als &#8220;russische Propaganda&#8221; beschimpfte. Von Dagmar Henn Hat der Bundeswirtschaftsminister [&hellip;]","og_url":"https:\/\/now-news.de\/de\/deutschland\/habeck-gesteht-deutschland-droht-der-wirtschaftliche-zusammenbruch\/","og_site_name":"just-now.NEWS Deutschland","article_publisher":"https:\/\/www.facebook.com\/wirmachenauf","article_published_time":"2023-01-09T05:45:00+00:00","og_image":[{"width":460,"height":259,"url":"https:\/\/now-news.de\/de\/wp-content\/uploads\/sites\/3\/2023\/01\/Habeck-gesteht-Deutschland-droht-quotder-wirtschaftliche-Zusammenbruchquot.jpg","type":"image\/jpeg"}],"author":"rtnews","twitter_card":"summary_large_image","twitter_creator":"@WirMachenAuf_de","twitter_site":"@WirMachenAuf_de","twitter_misc":{"Verfasst von":"rtnews","Gesch\u00e4tzte Lesezeit":"6\u00a0Minuten"},"schema":{"@context":"https:\/\/schema.org","@graph":[{"@type":"Article","@id":"https:\/\/now-news.de\/de\/deutschland\/habeck-gesteht-deutschland-droht-der-wirtschaftliche-zusammenbruch\/#article","isPartOf":{"@id":"https:\/\/now-news.de\/de\/deutschland\/habeck-gesteht-deutschland-droht-der-wirtschaftliche-zusammenbruch\/"},"author":{"name":"rtnews","@id":"https:\/\/now-news.de\/de\/#\/schema\/person\/fb534a4e865501d8b3285208df34a9b5"},"headline":"Habeck gesteht: Deutschland droht &quot;der wirtschaftliche Zusammenbruch&quot;","datePublished":"2023-01-09T05:45:00+00:00","dateModified":"2023-01-09T05:45:00+00:00","mainEntityOfPage":{"@id":"https:\/\/now-news.de\/de\/deutschland\/habeck-gesteht-deutschland-droht-der-wirtschaftliche-zusammenbruch\/"},"wordCount":1183,"commentCount":0,"publisher":{"@id":"https:\/\/now-news.de\/de\/#organization"},"image":{"@id":"https:\/\/now-news.de\/de\/deutschland\/habeck-gesteht-deutschland-droht-der-wirtschaftliche-zusammenbruch\/#primaryimage"},"thumbnailUrl":"https:\/\/now-news.de\/de\/wp-content\/uploads\/sites\/3\/2023\/01\/Habeck-gesteht-Deutschland-droht-quotder-wirtschaftliche-Zusammenbruchquot.jpg","keywords":["Deutschland","droht","gesteht","Habeck","quotDer","wirtschaftliche","Zusammenbruchquot"],"articleSection":["Deutschland","Russland"],"inLanguage":"de","potentialAction":[{"@type":"CommentAction","name":"Comment","target":["https:\/\/now-news.de\/de\/deutschland\/habeck-gesteht-deutschland-droht-der-wirtschaftliche-zusammenbruch\/#respond"]}]},{"@type":"WebPage","@id":"https:\/\/now-news.de\/de\/deutschland\/habeck-gesteht-deutschland-droht-der-wirtschaftliche-zusammenbruch\/","url":"https:\/\/now-news.de\/de\/deutschland\/habeck-gesteht-deutschland-droht-der-wirtschaftliche-zusammenbruch\/","name":"Habeck gesteht: Deutschland droht &quot;der wirtschaftliche Zusammenbruch&quot; - just-now.NEWS Deutschland","isPartOf":{"@id":"https:\/\/now-news.de\/de\/#website"},"primaryImageOfPage":{"@id":"https:\/\/now-news.de\/de\/deutschland\/habeck-gesteht-deutschland-droht-der-wirtschaftliche-zusammenbruch\/#primaryimage"},"image":{"@id":"https:\/\/now-news.de\/de\/deutschland\/habeck-gesteht-deutschland-droht-der-wirtschaftliche-zusammenbruch\/#primaryimage"},"thumbnailUrl":"https:\/\/now-news.de\/de\/wp-content\/uploads\/sites\/3\/2023\/01\/Habeck-gesteht-Deutschland-droht-quotder-wirtschaftliche-Zusammenbruchquot.jpg","datePublished":"2023-01-09T05:45:00+00:00","dateModified":"2023-01-09T05:45:00+00:00","breadcrumb":{"@id":"https:\/\/now-news.de\/de\/deutschland\/habeck-gesteht-deutschland-droht-der-wirtschaftliche-zusammenbruch\/#breadcrumb"},"inLanguage":"de","potentialAction":[{"@type":"ReadAction","target":["https:\/\/now-news.de\/de\/deutschland\/habeck-gesteht-deutschland-droht-der-wirtschaftliche-zusammenbruch\/"]}]},{"@type":"ImageObject","inLanguage":"de","@id":"https:\/\/now-news.de\/de\/deutschland\/habeck-gesteht-deutschland-droht-der-wirtschaftliche-zusammenbruch\/#primaryimage","url":"https:\/\/now-news.de\/de\/wp-content\/uploads\/sites\/3\/2023\/01\/Habeck-gesteht-Deutschland-droht-quotder-wirtschaftliche-Zusammenbruchquot.jpg","contentUrl":"https:\/\/now-news.de\/de\/wp-content\/uploads\/sites\/3\/2023\/01\/Habeck-gesteht-Deutschland-droht-quotder-wirtschaftliche-Zusammenbruchquot.jpg","width":460,"height":259,"caption":"Habeck gesteht: Deutschland droht &quot;der wirtschaftliche Zusammenbruch&quot;"},{"@type":"BreadcrumbList","@id":"https:\/\/now-news.de\/de\/deutschland\/habeck-gesteht-deutschland-droht-der-wirtschaftliche-zusammenbruch\/#breadcrumb","itemListElement":[{"@type":"ListItem","position":1,"name":"Home","item":"https:\/\/now-news.de\/de\/"},{"@type":"ListItem","position":2,"name":"Habeck gesteht: Deutschland droht &quot;der wirtschaftliche Zusammenbruch&quot;"}]},{"@type":"WebSite","@id":"https:\/\/now-news.de\/de\/#website","url":"https:\/\/now-news.de\/de\/","name":"just-now.NEWS Deutschland","description":"Das Portal f\u00fcr unzensierte Nachrichten aus der Welt","publisher":{"@id":"https:\/\/now-news.de\/de\/#organization"},"potentialAction":[{"@type":"SearchAction","target":{"@type":"EntryPoint","urlTemplate":"https:\/\/now-news.de\/de\/?s={search_term_string}"},"query-input":"required name=search_term_string"}],"inLanguage":"de"},{"@type":"Organization","@id":"https:\/\/now-news.de\/de\/#organization","name":"Just Now News","url":"https:\/\/now-news.de\/de\/","logo":{"@type":"ImageObject","inLanguage":"de","@id":"https:\/\/now-news.de\/de\/#\/schema\/logo\/image\/","url":"http:\/\/just-now.news\/de\/wp-content\/uploads\/sites\/3\/2022\/04\/logo500x500.jpg","contentUrl":"http:\/\/just-now.news\/de\/wp-content\/uploads\/sites\/3\/2022\/04\/logo500x500.jpg","width":500,"height":500,"caption":"Just Now News"},"image":{"@id":"https:\/\/now-news.de\/de\/#\/schema\/logo\/image\/"},"sameAs":["https:\/\/www.facebook.com\/wirmachenauf","https:\/\/x.com\/WirMachenAuf_de"]},{"@type":"Person","@id":"https:\/\/now-news.de\/de\/#\/schema\/person\/fb534a4e865501d8b3285208df34a9b5","name":"rtnews","image":{"@type":"ImageObject","inLanguage":"de","@id":"https:\/\/now-news.de\/de\/#\/schema\/person\/image\/","url":"https:\/\/secure.gravatar.com\/avatar\/82aafea7d8127119dd649515f56e2117?s=96&d=mm&r=g","contentUrl":"https:\/\/secure.gravatar.com\/avatar\/82aafea7d8127119dd649515f56e2117?s=96&d=mm&r=g","caption":"rtnews"},"url":"https:\/\/now-news.de\/de\/author\/rnews\/"}]}},"_links":{"self":[{"href":"https:\/\/now-news.de\/de\/wp-json\/wp\/v2\/posts\/27216"}],"collection":[{"href":"https:\/\/now-news.de\/de\/wp-json\/wp\/v2\/posts"}],"about":[{"href":"https:\/\/now-news.de\/de\/wp-json\/wp\/v2\/types\/post"}],"author":[{"embeddable":true,"href":"https:\/\/now-news.de\/de\/wp-json\/wp\/v2\/users\/3"}],"replies":[{"embeddable":true,"href":"https:\/\/now-news.de\/de\/wp-json\/wp\/v2\/comments?post=27216"}],"version-history":[{"count":0,"href":"https:\/\/now-news.de\/de\/wp-json\/wp\/v2\/posts\/27216\/revisions"}],"wp:featuredmedia":[{"embeddable":true,"href":"https:\/\/now-news.de\/de\/wp-json\/wp\/v2\/media\/27217"}],"wp:attachment":[{"href":"https:\/\/now-news.de\/de\/wp-json\/wp\/v2\/media?parent=27216"}],"wp:term":[{"taxonomy":"category","embeddable":true,"href":"https:\/\/now-news.de\/de\/wp-json\/wp\/v2\/categories?post=27216"},{"taxonomy":"post_tag","embeddable":true,"href":"https:\/\/now-news.de\/de\/wp-json\/wp\/v2\/tags?post=27216"}],"curies":[{"name":"wp","href":"https:\/\/api.w.org\/{rel}","templated":true}]}}