{"id":27141,"date":"2023-01-07T16:48:11","date_gmt":"2023-01-07T14:48:11","guid":{"rendered":"https:\/\/just-now.news\/de\/deutschland\/ukrainischer-verteidigungsminister-kiew-kaempft-fuer-die-nato\/"},"modified":"2023-01-07T16:48:11","modified_gmt":"2023-01-07T14:48:11","slug":"ukrainischer-verteidigungsminister-kiew-kaempft-fuer-die-nato","status":"publish","type":"post","link":"https:\/\/now-news.de\/de\/deutschland\/ukrainischer-verteidigungsminister-kiew-kaempft-fuer-die-nato\/","title":{"rendered":"Ukrainischer Verteidigungsminister: Kiew k\u00e4mpft f\u00fcr die NATO"},"content":{"rendered":"<p><img decoding=\"async\" src=\"http:\/\/just-now.news\/de\/wp-content\/uploads\/sites\/3\/2023\/01\/63b97db3b480cc1a1d1e3050.jpg\" \/><\/p>\n<div class=\"Text-root Text-type_1 \">\n                Im Gegenzug daf\u00fcr, dass die Ukraine faktisch f\u00fcr die NATO k\u00e4mpfe und Blut vergie\u00dfe, erwarte das Land weitere Unterst\u00fctzung des &#8220;zivilisierten Westens&#8221; in Form von Waffen und Munition, so der ukrainische Au\u00dfenminister.\n            <\/div>\n<p><\/p>\n<div class=\"Text-root Text-type_5 ArticleView-text ViewText-root \">\n<p>Der ukrainische Verteidigungsminister Alexei Resnikow hat in einem Interview mit einem Fernsehsender erkl\u00e4rt, dass sein Land Blut vergie\u00dfe, um den Auftrag der NATO zu erf\u00fcllen. Kiew erwarte, dass der &#8220;zivilisierte Westen&#8221; im Gegenzug daf\u00fcr Waffen und Munition liefere.<\/p>\n<p>In einem Beitrag f\u00fcr den ukrainischen Sender <em>TSN<\/em> des Netzwerks <em>1+1<\/em> am Donnerstagabend wies Resnikow darauf hin, dass die NATO auf dem Madrider Gipfel im vergangenen Sommer Russland zur gr\u00f6\u00dften Bedrohung f\u00fcr den von den USA gef\u00fchrten Block erkl\u00e4rt habe. Er erkl\u00e4rte:<\/p>\n<blockquote>\n<p><em>&#8220;Heute geht die Ukraine auf diese Bedrohung ein. Wir f\u00fchren heute die Mission der NATO aus, ohne ihr Blut zu vergie\u00dfen. Wir haben unser Blut vergossen, also erwarten wir von ihnen, dass sie uns Waffen liefern.&#8221;<\/em><\/p>\n<\/blockquote>\n<p>Resnikow behauptete auch, seine NATO-Kollegen h\u00e4tten ihm sowohl in Gespr\u00e4chen als auch per SMS gesagt, die Ukraine sei der &#8220;Schild der Zivilisation&#8221; und &#8220;verteidige die gesamte zivilisierte Welt, den gesamten Westen&#8221;.<\/p>\n<p>Ukrainische Vertreter, von Pr\u00e4sident Wladimir Selenskij abw\u00e4rts, rufen routinem\u00e4\u00dfig \u00f6ffentlich nach Panzern, Raketen, Artillerie und Munition. Der russische Verteidigungsminister Sergei Schoigu hatte im Dezember vor seinem Generalstab erkl\u00e4rt, Moskau k\u00e4mpfe faktisch gegen den sogenannten &#8220;kollektiven Westen&#8221;. Nach seinen Sch\u00e4tzungen hatte die Regierung in Kiew allein im Jahr 2022 Waffen, Munition und andere G\u00fcter im Wert von fast 100 Milliarden Dollar erhalten.<\/p>\n<div class=\"EmbedBlock-root EmbedBlock-twitter\">\n<div class=\"TwitterEmbed\">\n<blockquote class=\"twitter-tweet lazyload\" data-twitter=\"twitter-tweet\">\n<p lang=\"en\" dir=\"ltr\">&#8216;Ukr Defense Minister Oleksiy Reznikov admitted that AFU are carrying out the mission of NATO.- \u201cWe are fulfilling the NATO mission today, without losing their blood, with the loss of our blood, so they need to spend their weapons,\u201d Reznikov said.&#8217; <a rel=\"nofollow noopener\" target=\"_blank\" href=\"https:\/\/t.co\/6fcqMR5xjA\">pic.twitter.com\/6fcqMR5xjA<\/a><\/p>\n<p>\u2014 sirsiro (@SirSiron) <a rel=\"nofollow noopener\" target=\"_blank\" href=\"https:\/\/twitter.com\/SirSiron\/status\/1611475780881764352?ref_src=twsrc%5Etfw\">January 6, 2023<\/a><\/p><\/blockquote>\n<\/div>\n<\/div>\n<p>Resnikow f\u00fchrte diese Bem\u00fchungen an und prahlte im Oktober gegen\u00fcber dem US-Magazin <em>Politico<\/em> damit, dass er den politischen Prozess des Pentagons durchschaut habe. Sein Ziel sei es, die Latte immer h\u00f6her zu legen, bis die Ukraine Kampfpanzer erhalte.<\/p>\n<p>Diese Schwelle ist zwar noch nicht erreicht, aber am Freitag k\u00fcndigte Washington als Teil eines Waffenpakets im Wert von drei Milliarden Dollar die Lieferung von 50 Bradley-Sch\u00fctzenpanzern an, den modernsten Panzern, die bisher nach Kiew geschickt wurden. Anfang dieser Woche hat auch Frankreich eine Reihe von leichten Radpanzern zugesagt.<\/p>\n<p>Mit diesen Lieferungen sollen die Verluste der Ukraine auf dem Schlachtfeld ersetzt werden. Im letzten Monat hatte Kiews oberster General Waleri Saluschny der Zeitschrift <em>Economist<\/em> erkl\u00e4rt, er ben\u00f6tige 300 weitere Panzer, bis zu 700 Sch\u00fctzenpanzer und 500 Haubitzen, um Offensivoperationen durchzuf\u00fchren. Das ist mehr als die Anzahl dieser Fahrzeuge in britischen oder deutschen Best\u00e4nden.<\/p>\n<p>Moskau besteht darauf, dass westliche Waffenlieferungen nur dazu dienen, den Konflikt zu verl\u00e4ngern, und hat die Unterst\u00fctzer der Ukraine wiederholt gewarnt, dass dies zu einer umfassenden milit\u00e4rischen Konfrontation zwischen Russland und der NATO f\u00fchren k\u00f6nnte.<\/p>\n<p><strong>Mehr zum Thema<\/strong> \u2013\u00a0<a rel=\"nofollow noopener\" target=\"_blank\" href=\"https:\/\/de.rt.com\/europa\/158977-welche-chancen-gibt-es-fuer-frieden-in-ukraine\/\">Welche Chancen gibt es f\u00fcr einen Frieden in der Ukraine?<\/a><\/p>\n<\/p>\n<\/div>\n<p><script async src=\"https:\/\/platform.twitter.com\/widgets.js\" charset=\"utf-8\"><\/script><br \/>\n<br \/><br \/>\n<br \/><a href=\"https:\/\/de.rt.com\/international\/159195-ukrainischer-verteidigungsminister-kiew-kaempft-fuer-die-nato\/\">Source link <\/a><\/p>\n","protected":false},"excerpt":{"rendered":"<p>Im Gegenzug daf\u00fcr, dass die Ukraine faktisch f\u00fcr die NATO k\u00e4mpfe und Blut vergie\u00dfe, erwarte das Land weitere Unterst\u00fctzung des &#8220;zivilisierten Westens&#8221; in Form von Waffen und Munition, so der ukrainische Au\u00dfenminister. Der ukrainische Verteidigungsminister Alexei Resnikow hat in einem Interview mit einem Fernsehsender erkl\u00e4rt, dass sein Land Blut vergie\u00dfe, um den Auftrag der NATO [&hellip;]<\/p>\n","protected":false},"author":3,"featured_media":27142,"comment_status":"open","ping_status":"open","sticky":false,"template":"","format":"standard","meta":{"_yoast_indexnow_last_ping":["1673105357"],"wp_automatic_camp":["217"],"130208b687b690afd9b3ec4a489f0be3":["Ukrainischer Verteidigungsminister: Kiew k\u00e4mpft f\u00fcr die NATO"],"original_link":["https:\/\/de.rt.com\/international\/159195-ukrainischer-verteidigungsminister-kiew-kaempft-fuer-die-nato\/"],"_thumbnail_id":["27142"],"_wptgpro_p2tg_sent2tg":["a:1:{i:23737;s:19:\"2023-01-07 17:30:29\";}"],"jnews_social_counter_last_update":["1776892798"]},"categories":[19,23],"tags":[45,221,3279,1025,2697,488,5456],"yoast_head":"<!-- This site is optimized with the Yoast SEO Premium plugin v22.7 (Yoast SEO v22.7) - https:\/\/yoast.com\/wordpress\/plugins\/seo\/ -->\n<title>Ukrainischer Verteidigungsminister: Kiew k\u00e4mpft f\u00fcr die NATO - just-now.NEWS Deutschland<\/title>\n<meta name=\"robots\" content=\"index, follow, max-snippet:-1, max-image-preview:large, max-video-preview:-1\" \/>\n<link rel=\"canonical\" href=\"https:\/\/now-news.de\/de\/deutschland\/ukrainischer-verteidigungsminister-kiew-kaempft-fuer-die-nato\/\" \/>\n<meta property=\"og:locale\" content=\"de_DE\" \/>\n<meta property=\"og:type\" content=\"article\" \/>\n<meta property=\"og:title\" content=\"Ukrainischer Verteidigungsminister: Kiew k\u00e4mpft f\u00fcr die NATO\" \/>\n<meta property=\"og:description\" content=\"Im Gegenzug daf\u00fcr, dass die Ukraine faktisch f\u00fcr die NATO k\u00e4mpfe und Blut vergie\u00dfe, erwarte das Land weitere Unterst\u00fctzung des &#8220;zivilisierten Westens&#8221; in Form von Waffen und Munition, so der ukrainische Au\u00dfenminister. Der ukrainische Verteidigungsminister Alexei Resnikow hat in einem Interview mit einem Fernsehsender erkl\u00e4rt, dass sein Land Blut vergie\u00dfe, um den Auftrag der NATO [&hellip;]\" \/>\n<meta property=\"og:url\" content=\"https:\/\/now-news.de\/de\/deutschland\/ukrainischer-verteidigungsminister-kiew-kaempft-fuer-die-nato\/\" \/>\n<meta property=\"og:site_name\" content=\"just-now.NEWS Deutschland\" \/>\n<meta property=\"article:publisher\" content=\"https:\/\/www.facebook.com\/wirmachenauf\" \/>\n<meta property=\"article:published_time\" content=\"2023-01-07T14:48:11+00:00\" \/>\n<meta property=\"og:image\" content=\"https:\/\/now-news.de\/de\/wp-content\/uploads\/sites\/3\/2023\/01\/Ukrainischer-Verteidigungsminister-Kiew-kaempft-fuer-die-NATO.jpg\" \/>\n\t<meta property=\"og:image:width\" content=\"460\" \/>\n\t<meta property=\"og:image:height\" content=\"259\" \/>\n\t<meta property=\"og:image:type\" content=\"image\/jpeg\" \/>\n<meta name=\"author\" content=\"rtnews\" \/>\n<meta name=\"twitter:card\" content=\"summary_large_image\" \/>\n<meta name=\"twitter:creator\" content=\"@WirMachenAuf_de\" \/>\n<meta name=\"twitter:site\" content=\"@WirMachenAuf_de\" \/>\n<meta name=\"twitter:label1\" content=\"Verfasst von\" \/>\n\t<meta name=\"twitter:data1\" content=\"rtnews\" \/>\n\t<meta name=\"twitter:label2\" content=\"Gesch\u00e4tzte Lesezeit\" \/>\n\t<meta name=\"twitter:data2\" content=\"3\u00a0Minuten\" \/>\n<script type=\"application\/ld+json\" class=\"yoast-schema-graph\">{\"@context\":\"https:\/\/schema.org\",\"@graph\":[{\"@type\":\"Article\",\"@id\":\"https:\/\/now-news.de\/de\/deutschland\/ukrainischer-verteidigungsminister-kiew-kaempft-fuer-die-nato\/#article\",\"isPartOf\":{\"@id\":\"https:\/\/now-news.de\/de\/deutschland\/ukrainischer-verteidigungsminister-kiew-kaempft-fuer-die-nato\/\"},\"author\":{\"name\":\"rtnews\",\"@id\":\"https:\/\/now-news.de\/de\/#\/schema\/person\/fb534a4e865501d8b3285208df34a9b5\"},\"headline\":\"Ukrainischer Verteidigungsminister: Kiew k\u00e4mpft f\u00fcr die NATO\",\"datePublished\":\"2023-01-07T14:48:11+00:00\",\"dateModified\":\"2023-01-07T14:48:11+00:00\",\"mainEntityOfPage\":{\"@id\":\"https:\/\/now-news.de\/de\/deutschland\/ukrainischer-verteidigungsminister-kiew-kaempft-fuer-die-nato\/\"},\"wordCount\":528,\"commentCount\":0,\"publisher\":{\"@id\":\"https:\/\/now-news.de\/de\/#organization\"},\"image\":{\"@id\":\"https:\/\/now-news.de\/de\/deutschland\/ukrainischer-verteidigungsminister-kiew-kaempft-fuer-die-nato\/#primaryimage\"},\"thumbnailUrl\":\"https:\/\/now-news.de\/de\/wp-content\/uploads\/sites\/3\/2023\/01\/Ukrainischer-Verteidigungsminister-Kiew-kaempft-fuer-die-NATO.jpg\",\"keywords\":[\"die\",\"f\u00fcr\",\"k\u00e4mpft\",\"Kiew\",\"nato\",\"Ukrainischer\",\"Verteidigungsminister\"],\"articleSection\":[\"Deutschland\",\"Russland\"],\"inLanguage\":\"de\",\"potentialAction\":[{\"@type\":\"CommentAction\",\"name\":\"Comment\",\"target\":[\"https:\/\/now-news.de\/de\/deutschland\/ukrainischer-verteidigungsminister-kiew-kaempft-fuer-die-nato\/#respond\"]}]},{\"@type\":\"WebPage\",\"@id\":\"https:\/\/now-news.de\/de\/deutschland\/ukrainischer-verteidigungsminister-kiew-kaempft-fuer-die-nato\/\",\"url\":\"https:\/\/now-news.de\/de\/deutschland\/ukrainischer-verteidigungsminister-kiew-kaempft-fuer-die-nato\/\",\"name\":\"Ukrainischer Verteidigungsminister: Kiew k\u00e4mpft f\u00fcr die NATO - just-now.NEWS Deutschland\",\"isPartOf\":{\"@id\":\"https:\/\/now-news.de\/de\/#website\"},\"primaryImageOfPage\":{\"@id\":\"https:\/\/now-news.de\/de\/deutschland\/ukrainischer-verteidigungsminister-kiew-kaempft-fuer-die-nato\/#primaryimage\"},\"image\":{\"@id\":\"https:\/\/now-news.de\/de\/deutschland\/ukrainischer-verteidigungsminister-kiew-kaempft-fuer-die-nato\/#primaryimage\"},\"thumbnailUrl\":\"https:\/\/now-news.de\/de\/wp-content\/uploads\/sites\/3\/2023\/01\/Ukrainischer-Verteidigungsminister-Kiew-kaempft-fuer-die-NATO.jpg\",\"datePublished\":\"2023-01-07T14:48:11+00:00\",\"dateModified\":\"2023-01-07T14:48:11+00:00\",\"breadcrumb\":{\"@id\":\"https:\/\/now-news.de\/de\/deutschland\/ukrainischer-verteidigungsminister-kiew-kaempft-fuer-die-nato\/#breadcrumb\"},\"inLanguage\":\"de\",\"potentialAction\":[{\"@type\":\"ReadAction\",\"target\":[\"https:\/\/now-news.de\/de\/deutschland\/ukrainischer-verteidigungsminister-kiew-kaempft-fuer-die-nato\/\"]}]},{\"@type\":\"ImageObject\",\"inLanguage\":\"de\",\"@id\":\"https:\/\/now-news.de\/de\/deutschland\/ukrainischer-verteidigungsminister-kiew-kaempft-fuer-die-nato\/#primaryimage\",\"url\":\"https:\/\/now-news.de\/de\/wp-content\/uploads\/sites\/3\/2023\/01\/Ukrainischer-Verteidigungsminister-Kiew-kaempft-fuer-die-NATO.jpg\",\"contentUrl\":\"https:\/\/now-news.de\/de\/wp-content\/uploads\/sites\/3\/2023\/01\/Ukrainischer-Verteidigungsminister-Kiew-kaempft-fuer-die-NATO.jpg\",\"width\":460,\"height\":259,\"caption\":\"Ukrainischer Verteidigungsminister: Kiew k\u00e4mpft f\u00fcr die NATO\"},{\"@type\":\"BreadcrumbList\",\"@id\":\"https:\/\/now-news.de\/de\/deutschland\/ukrainischer-verteidigungsminister-kiew-kaempft-fuer-die-nato\/#breadcrumb\",\"itemListElement\":[{\"@type\":\"ListItem\",\"position\":1,\"name\":\"Home\",\"item\":\"https:\/\/now-news.de\/de\/\"},{\"@type\":\"ListItem\",\"position\":2,\"name\":\"Ukrainischer Verteidigungsminister: Kiew k\u00e4mpft f\u00fcr die NATO\"}]},{\"@type\":\"WebSite\",\"@id\":\"https:\/\/now-news.de\/de\/#website\",\"url\":\"https:\/\/now-news.de\/de\/\",\"name\":\"just-now.NEWS Deutschland\",\"description\":\"Das Portal f\u00fcr unzensierte Nachrichten aus der Welt\",\"publisher\":{\"@id\":\"https:\/\/now-news.de\/de\/#organization\"},\"potentialAction\":[{\"@type\":\"SearchAction\",\"target\":{\"@type\":\"EntryPoint\",\"urlTemplate\":\"https:\/\/now-news.de\/de\/?s={search_term_string}\"},\"query-input\":\"required name=search_term_string\"}],\"inLanguage\":\"de\"},{\"@type\":\"Organization\",\"@id\":\"https:\/\/now-news.de\/de\/#organization\",\"name\":\"Just Now News\",\"url\":\"https:\/\/now-news.de\/de\/\",\"logo\":{\"@type\":\"ImageObject\",\"inLanguage\":\"de\",\"@id\":\"https:\/\/now-news.de\/de\/#\/schema\/logo\/image\/\",\"url\":\"http:\/\/just-now.news\/de\/wp-content\/uploads\/sites\/3\/2022\/04\/logo500x500.jpg\",\"contentUrl\":\"http:\/\/just-now.news\/de\/wp-content\/uploads\/sites\/3\/2022\/04\/logo500x500.jpg\",\"width\":500,\"height\":500,\"caption\":\"Just Now News\"},\"image\":{\"@id\":\"https:\/\/now-news.de\/de\/#\/schema\/logo\/image\/\"},\"sameAs\":[\"https:\/\/www.facebook.com\/wirmachenauf\",\"https:\/\/x.com\/WirMachenAuf_de\"]},{\"@type\":\"Person\",\"@id\":\"https:\/\/now-news.de\/de\/#\/schema\/person\/fb534a4e865501d8b3285208df34a9b5\",\"name\":\"rtnews\",\"image\":{\"@type\":\"ImageObject\",\"inLanguage\":\"de\",\"@id\":\"https:\/\/now-news.de\/de\/#\/schema\/person\/image\/\",\"url\":\"https:\/\/secure.gravatar.com\/avatar\/82aafea7d8127119dd649515f56e2117?s=96&d=mm&r=g\",\"contentUrl\":\"https:\/\/secure.gravatar.com\/avatar\/82aafea7d8127119dd649515f56e2117?s=96&d=mm&r=g\",\"caption\":\"rtnews\"},\"url\":\"https:\/\/now-news.de\/de\/author\/rnews\/\"}]}<\/script>\n<!-- \/ Yoast SEO Premium plugin. -->","yoast_head_json":{"title":"Ukrainischer Verteidigungsminister: Kiew k\u00e4mpft f\u00fcr die NATO - just-now.NEWS Deutschland","robots":{"index":"index","follow":"follow","max-snippet":"max-snippet:-1","max-image-preview":"max-image-preview:large","max-video-preview":"max-video-preview:-1"},"canonical":"https:\/\/now-news.de\/de\/deutschland\/ukrainischer-verteidigungsminister-kiew-kaempft-fuer-die-nato\/","og_locale":"de_DE","og_type":"article","og_title":"Ukrainischer Verteidigungsminister: Kiew k\u00e4mpft f\u00fcr die NATO","og_description":"Im Gegenzug daf\u00fcr, dass die Ukraine faktisch f\u00fcr die NATO k\u00e4mpfe und Blut vergie\u00dfe, erwarte das Land weitere Unterst\u00fctzung des &#8220;zivilisierten Westens&#8221; in Form von Waffen und Munition, so der ukrainische Au\u00dfenminister. Der ukrainische Verteidigungsminister Alexei Resnikow hat in einem Interview mit einem Fernsehsender erkl\u00e4rt, dass sein Land Blut vergie\u00dfe, um den Auftrag der NATO [&hellip;]","og_url":"https:\/\/now-news.de\/de\/deutschland\/ukrainischer-verteidigungsminister-kiew-kaempft-fuer-die-nato\/","og_site_name":"just-now.NEWS Deutschland","article_publisher":"https:\/\/www.facebook.com\/wirmachenauf","article_published_time":"2023-01-07T14:48:11+00:00","og_image":[{"width":460,"height":259,"url":"https:\/\/now-news.de\/de\/wp-content\/uploads\/sites\/3\/2023\/01\/Ukrainischer-Verteidigungsminister-Kiew-kaempft-fuer-die-NATO.jpg","type":"image\/jpeg"}],"author":"rtnews","twitter_card":"summary_large_image","twitter_creator":"@WirMachenAuf_de","twitter_site":"@WirMachenAuf_de","twitter_misc":{"Verfasst von":"rtnews","Gesch\u00e4tzte Lesezeit":"3\u00a0Minuten"},"schema":{"@context":"https:\/\/schema.org","@graph":[{"@type":"Article","@id":"https:\/\/now-news.de\/de\/deutschland\/ukrainischer-verteidigungsminister-kiew-kaempft-fuer-die-nato\/#article","isPartOf":{"@id":"https:\/\/now-news.de\/de\/deutschland\/ukrainischer-verteidigungsminister-kiew-kaempft-fuer-die-nato\/"},"author":{"name":"rtnews","@id":"https:\/\/now-news.de\/de\/#\/schema\/person\/fb534a4e865501d8b3285208df34a9b5"},"headline":"Ukrainischer Verteidigungsminister: Kiew k\u00e4mpft f\u00fcr die NATO","datePublished":"2023-01-07T14:48:11+00:00","dateModified":"2023-01-07T14:48:11+00:00","mainEntityOfPage":{"@id":"https:\/\/now-news.de\/de\/deutschland\/ukrainischer-verteidigungsminister-kiew-kaempft-fuer-die-nato\/"},"wordCount":528,"commentCount":0,"publisher":{"@id":"https:\/\/now-news.de\/de\/#organization"},"image":{"@id":"https:\/\/now-news.de\/de\/deutschland\/ukrainischer-verteidigungsminister-kiew-kaempft-fuer-die-nato\/#primaryimage"},"thumbnailUrl":"https:\/\/now-news.de\/de\/wp-content\/uploads\/sites\/3\/2023\/01\/Ukrainischer-Verteidigungsminister-Kiew-kaempft-fuer-die-NATO.jpg","keywords":["die","f\u00fcr","k\u00e4mpft","Kiew","nato","Ukrainischer","Verteidigungsminister"],"articleSection":["Deutschland","Russland"],"inLanguage":"de","potentialAction":[{"@type":"CommentAction","name":"Comment","target":["https:\/\/now-news.de\/de\/deutschland\/ukrainischer-verteidigungsminister-kiew-kaempft-fuer-die-nato\/#respond"]}]},{"@type":"WebPage","@id":"https:\/\/now-news.de\/de\/deutschland\/ukrainischer-verteidigungsminister-kiew-kaempft-fuer-die-nato\/","url":"https:\/\/now-news.de\/de\/deutschland\/ukrainischer-verteidigungsminister-kiew-kaempft-fuer-die-nato\/","name":"Ukrainischer Verteidigungsminister: Kiew k\u00e4mpft f\u00fcr die NATO - just-now.NEWS Deutschland","isPartOf":{"@id":"https:\/\/now-news.de\/de\/#website"},"primaryImageOfPage":{"@id":"https:\/\/now-news.de\/de\/deutschland\/ukrainischer-verteidigungsminister-kiew-kaempft-fuer-die-nato\/#primaryimage"},"image":{"@id":"https:\/\/now-news.de\/de\/deutschland\/ukrainischer-verteidigungsminister-kiew-kaempft-fuer-die-nato\/#primaryimage"},"thumbnailUrl":"https:\/\/now-news.de\/de\/wp-content\/uploads\/sites\/3\/2023\/01\/Ukrainischer-Verteidigungsminister-Kiew-kaempft-fuer-die-NATO.jpg","datePublished":"2023-01-07T14:48:11+00:00","dateModified":"2023-01-07T14:48:11+00:00","breadcrumb":{"@id":"https:\/\/now-news.de\/de\/deutschland\/ukrainischer-verteidigungsminister-kiew-kaempft-fuer-die-nato\/#breadcrumb"},"inLanguage":"de","potentialAction":[{"@type":"ReadAction","target":["https:\/\/now-news.de\/de\/deutschland\/ukrainischer-verteidigungsminister-kiew-kaempft-fuer-die-nato\/"]}]},{"@type":"ImageObject","inLanguage":"de","@id":"https:\/\/now-news.de\/de\/deutschland\/ukrainischer-verteidigungsminister-kiew-kaempft-fuer-die-nato\/#primaryimage","url":"https:\/\/now-news.de\/de\/wp-content\/uploads\/sites\/3\/2023\/01\/Ukrainischer-Verteidigungsminister-Kiew-kaempft-fuer-die-NATO.jpg","contentUrl":"https:\/\/now-news.de\/de\/wp-content\/uploads\/sites\/3\/2023\/01\/Ukrainischer-Verteidigungsminister-Kiew-kaempft-fuer-die-NATO.jpg","width":460,"height":259,"caption":"Ukrainischer Verteidigungsminister: Kiew k\u00e4mpft f\u00fcr die NATO"},{"@type":"BreadcrumbList","@id":"https:\/\/now-news.de\/de\/deutschland\/ukrainischer-verteidigungsminister-kiew-kaempft-fuer-die-nato\/#breadcrumb","itemListElement":[{"@type":"ListItem","position":1,"name":"Home","item":"https:\/\/now-news.de\/de\/"},{"@type":"ListItem","position":2,"name":"Ukrainischer Verteidigungsminister: Kiew k\u00e4mpft f\u00fcr die NATO"}]},{"@type":"WebSite","@id":"https:\/\/now-news.de\/de\/#website","url":"https:\/\/now-news.de\/de\/","name":"just-now.NEWS Deutschland","description":"Das Portal f\u00fcr unzensierte Nachrichten aus der Welt","publisher":{"@id":"https:\/\/now-news.de\/de\/#organization"},"potentialAction":[{"@type":"SearchAction","target":{"@type":"EntryPoint","urlTemplate":"https:\/\/now-news.de\/de\/?s={search_term_string}"},"query-input":"required name=search_term_string"}],"inLanguage":"de"},{"@type":"Organization","@id":"https:\/\/now-news.de\/de\/#organization","name":"Just Now News","url":"https:\/\/now-news.de\/de\/","logo":{"@type":"ImageObject","inLanguage":"de","@id":"https:\/\/now-news.de\/de\/#\/schema\/logo\/image\/","url":"http:\/\/just-now.news\/de\/wp-content\/uploads\/sites\/3\/2022\/04\/logo500x500.jpg","contentUrl":"http:\/\/just-now.news\/de\/wp-content\/uploads\/sites\/3\/2022\/04\/logo500x500.jpg","width":500,"height":500,"caption":"Just Now News"},"image":{"@id":"https:\/\/now-news.de\/de\/#\/schema\/logo\/image\/"},"sameAs":["https:\/\/www.facebook.com\/wirmachenauf","https:\/\/x.com\/WirMachenAuf_de"]},{"@type":"Person","@id":"https:\/\/now-news.de\/de\/#\/schema\/person\/fb534a4e865501d8b3285208df34a9b5","name":"rtnews","image":{"@type":"ImageObject","inLanguage":"de","@id":"https:\/\/now-news.de\/de\/#\/schema\/person\/image\/","url":"https:\/\/secure.gravatar.com\/avatar\/82aafea7d8127119dd649515f56e2117?s=96&d=mm&r=g","contentUrl":"https:\/\/secure.gravatar.com\/avatar\/82aafea7d8127119dd649515f56e2117?s=96&d=mm&r=g","caption":"rtnews"},"url":"https:\/\/now-news.de\/de\/author\/rnews\/"}]}},"_links":{"self":[{"href":"https:\/\/now-news.de\/de\/wp-json\/wp\/v2\/posts\/27141"}],"collection":[{"href":"https:\/\/now-news.de\/de\/wp-json\/wp\/v2\/posts"}],"about":[{"href":"https:\/\/now-news.de\/de\/wp-json\/wp\/v2\/types\/post"}],"author":[{"embeddable":true,"href":"https:\/\/now-news.de\/de\/wp-json\/wp\/v2\/users\/3"}],"replies":[{"embeddable":true,"href":"https:\/\/now-news.de\/de\/wp-json\/wp\/v2\/comments?post=27141"}],"version-history":[{"count":0,"href":"https:\/\/now-news.de\/de\/wp-json\/wp\/v2\/posts\/27141\/revisions"}],"wp:featuredmedia":[{"embeddable":true,"href":"https:\/\/now-news.de\/de\/wp-json\/wp\/v2\/media\/27142"}],"wp:attachment":[{"href":"https:\/\/now-news.de\/de\/wp-json\/wp\/v2\/media?parent=27141"}],"wp:term":[{"taxonomy":"category","embeddable":true,"href":"https:\/\/now-news.de\/de\/wp-json\/wp\/v2\/categories?post=27141"},{"taxonomy":"post_tag","embeddable":true,"href":"https:\/\/now-news.de\/de\/wp-json\/wp\/v2\/tags?post=27141"}],"curies":[{"name":"wp","href":"https:\/\/api.w.org\/{rel}","templated":true}]}}