{"id":27109,"date":"2023-01-07T07:30:00","date_gmt":"2023-01-07T05:30:00","guid":{"rendered":"https:\/\/just-now.news\/de\/deutschland\/energieriese-warnt-vor-zukuenftigem-erdgasengpass\/"},"modified":"2023-01-07T07:30:00","modified_gmt":"2023-01-07T05:30:00","slug":"energieriese-warnt-vor-zukuenftigem-erdgasengpass","status":"publish","type":"post","link":"https:\/\/now-news.de\/de\/deutschland\/energieriese-warnt-vor-zukuenftigem-erdgasengpass\/","title":{"rendered":"Energieriese warnt vor zuk\u00fcnftigem Erdgasengpass"},"content":{"rendered":"<p><img decoding=\"async\" src=\"http:\/\/just-now.news\/de\/wp-content\/uploads\/sites\/3\/2023\/01\/63b83ed1b480cc1e542d8702.jpg\" \/><\/p>\n<div class=\"Text-root Text-type_1 \">\n                Trotz der aktuellen g\u00fcnstigen Entwicklung bei den Erdgaspreisen aufgrund des guten Wetters warnen Experten vor allzu gro\u00dfem Optimismus, denn die strukturellen Ursachen, die zu der dramatischen Preisexplosion f\u00fchrten, sind noch l\u00e4ngst nicht behoben.\n            <\/div>\n<p><\/p>\n<div class=\"Text-root Text-type_5 ArticleView-text ViewText-root \">\n<p>Anders Opedal, der Gesch\u00e4ftsf\u00fchrer von Norwegens gr\u00f6\u00dftem Energieunternehmen Equinor, hat davor gewarnt, dass der europ\u00e4ische Energiemarkt in diesem Jahr trotz des aktuellen R\u00fcckgangs der Gaspreise wahrscheinlich angespannt bleiben werde, wie er in einem am Donnerstag ver\u00f6ffentlichten Beitrag f\u00fcr <em>Bloomberg<\/em> schreibt.<\/p>\n<p>Die europ\u00e4ischen Gaspreise sind in dieser Woche aufgrund des f\u00fcr die Jahreszeit ungew\u00f6hnlich warmen Wetters auf den niedrigsten Stand seit \u00fcber einem Jahr gefallen, wobei die Preise auf dem Markt f\u00fcr Erdgas-Termingesch\u00e4fte in den Niederlanden am Donnerstag unter 660 Euro pro 1.000 Kubikmeter fielen. Die Prognosen zeigen, dass das Wetter f\u00fcr den Rest des Monats mild bleiben wird, was die Gasnachfrage weiter d\u00e4mpfen k\u00f6nnte.<\/p>\n<p>Nach Ansicht von Opedal k\u00f6nnten die L\u00e4nder der Region jedoch angesichts des starken R\u00fcckgangs der Lieferungen aus Russland Schwierigkeiten haben, die unterirdischen Speicher wieder aufzuf\u00fcllen.<\/p>\n<blockquote>\n<p><em>&#8220;Die Gasspeicher sind ziemlich voll und es ist warmes Wetter, was sich auf den Gaspreis auswirkt, aber diese Speicher m\u00fcssen dieses Jahr aufgef\u00fcllt werden, da weniger russisches Gas zur Verf\u00fcgung steht. (&#8230;) Wir werden wahrscheinlich einen Markt erleben, auf dem die Gaspreise ziemlich stark schwanken.&#8221;<\/em><\/p>\n<\/blockquote>\n<p>Die europ\u00e4ischen Speicher sind sch\u00e4tzungsweise zu 83 Prozent gef\u00fcllt und liegen damit deutlich \u00fcber dem saisonalen Durchschnitt. Vor dem Ausbruch der Ukraine-Krise und dem Sanktionskrieg mit dem Westen war die Region jedoch darauf angewiesen, bis zu 45 Prozent ihres Gasbedarfs von Russland zu beziehen. Selbst in der ersten H\u00e4lfte des vergangenen Jahres waren die russischen Gasstr\u00f6me weitgehend stabil, was Europa die M\u00f6glichkeit gab, die Speicher zu f\u00fcllen. Nach den Sanktionen und der Sabotage der russischen Nord-Stream-Gaspipeline im September machen die russischen Lieferungen nun jedoch weniger als zehn Prozent des Gasverbrauchs auf dem Kontinent aus.<\/p>\n<p>Norwegen ist in den letzten Monaten zum gr\u00f6\u00dften Erdgaslieferanten Europas aufgestiegen und wird im Jahr 2022 insgesamt etwa 122 Milliarden Kubikmeter Gas in die Region bringen. Dies entspricht jedoch nur etwa 30 Prozent des gesamten europ\u00e4ischen Gasbedarfs, und die norwegischen Beh\u00f6rden haben k\u00fcrzlich gewarnt, dass sie nicht \u00fcber die Kapazit\u00e4ten verf\u00fcgen, um die Gasexportmengen in den n\u00e4chsten vier bis f\u00fcnf Jahren erheblich zu steigern.<\/p>\n<p><strong>Mehr zum Thema<\/strong>\u00a0&#8211;\u00a0<a rel=\"nofollow noopener\" target=\"_blank\" href=\"https:\/\/de.rt.com\/international\/158368-bloomberg-japan-importiert-zum-ersten\/\">Bloomberg: Japan importiert zum ersten Mal seit Mai wieder russisches \u00d6l<\/a><\/p>\n<\/div>\n<p><br \/>\n<br \/><a href=\"https:\/\/de.rt.com\/wirtschaft\/159129-energieriese-warnt-vor-zukuenftigem-erdgasengpass\/\">Source link <\/a><\/p>\n","protected":false},"excerpt":{"rendered":"<p>Trotz der aktuellen g\u00fcnstigen Entwicklung bei den Erdgaspreisen aufgrund des guten Wetters warnen Experten vor allzu gro\u00dfem Optimismus, denn die strukturellen Ursachen, die zu der dramatischen Preisexplosion f\u00fchrten, sind noch l\u00e4ngst nicht behoben. Anders Opedal, der Gesch\u00e4ftsf\u00fchrer von Norwegens gr\u00f6\u00dftem Energieunternehmen Equinor, hat davor gewarnt, dass der europ\u00e4ische Energiemarkt in diesem Jahr trotz des aktuellen [&hellip;]<\/p>\n","protected":false},"author":3,"featured_media":27110,"comment_status":"open","ping_status":"open","sticky":false,"template":"","format":"standard","meta":{"_yoast_indexnow_last_ping":["1673069729"],"wp_automatic_camp":["217"],"b9db5e9f3723aca800ef1011bd3f0504":["Energieriese warnt vor zuk\u00fcnftigem Erdgasengpass"],"original_link":["https:\/\/de.rt.com\/wirtschaft\/159129-energieriese-warnt-vor-zukuenftigem-erdgasengpass\/"],"_thumbnail_id":["27110"],"jnews_social_counter_last_update":["1777440411"],"_wptgpro_p2tg_sent2tg":["a:1:{i:23737;s:19:\"2023-01-07 07:38:24\";}"]},"categories":[19,23],"tags":[33809,38637,320,912,38636],"yoast_head":"<!-- This site is optimized with the Yoast SEO Premium plugin v22.7 (Yoast SEO v22.7) - https:\/\/yoast.com\/wordpress\/plugins\/seo\/ -->\n<title>Energieriese warnt vor zuk\u00fcnftigem Erdgasengpass - just-now.NEWS Deutschland<\/title>\n<meta name=\"robots\" content=\"index, follow, max-snippet:-1, max-image-preview:large, max-video-preview:-1\" \/>\n<link rel=\"canonical\" href=\"https:\/\/now-news.de\/de\/deutschland\/energieriese-warnt-vor-zukuenftigem-erdgasengpass\/\" \/>\n<meta property=\"og:locale\" content=\"de_DE\" \/>\n<meta property=\"og:type\" content=\"article\" \/>\n<meta property=\"og:title\" content=\"Energieriese warnt vor zuk\u00fcnftigem Erdgasengpass\" \/>\n<meta property=\"og:description\" content=\"Trotz der aktuellen g\u00fcnstigen Entwicklung bei den Erdgaspreisen aufgrund des guten Wetters warnen Experten vor allzu gro\u00dfem Optimismus, denn die strukturellen Ursachen, die zu der dramatischen Preisexplosion f\u00fchrten, sind noch l\u00e4ngst nicht behoben. Anders Opedal, der Gesch\u00e4ftsf\u00fchrer von Norwegens gr\u00f6\u00dftem Energieunternehmen Equinor, hat davor gewarnt, dass der europ\u00e4ische Energiemarkt in diesem Jahr trotz des aktuellen [&hellip;]\" \/>\n<meta property=\"og:url\" content=\"https:\/\/now-news.de\/de\/deutschland\/energieriese-warnt-vor-zukuenftigem-erdgasengpass\/\" \/>\n<meta property=\"og:site_name\" content=\"just-now.NEWS Deutschland\" \/>\n<meta property=\"article:publisher\" content=\"https:\/\/www.facebook.com\/wirmachenauf\" \/>\n<meta property=\"article:published_time\" content=\"2023-01-07T05:30:00+00:00\" \/>\n<meta property=\"og:image\" content=\"https:\/\/now-news.de\/de\/wp-content\/uploads\/sites\/3\/2023\/01\/Energieriese-warnt-vor-zukuenftigem-Erdgasengpass.jpg\" \/>\n\t<meta property=\"og:image:width\" content=\"460\" \/>\n\t<meta property=\"og:image:height\" content=\"259\" \/>\n\t<meta property=\"og:image:type\" content=\"image\/jpeg\" \/>\n<meta name=\"author\" content=\"rtnews\" \/>\n<meta name=\"twitter:card\" content=\"summary_large_image\" \/>\n<meta name=\"twitter:creator\" content=\"@WirMachenAuf_de\" \/>\n<meta name=\"twitter:site\" content=\"@WirMachenAuf_de\" \/>\n<meta name=\"twitter:label1\" content=\"Verfasst von\" \/>\n\t<meta name=\"twitter:data1\" content=\"rtnews\" \/>\n\t<meta name=\"twitter:label2\" content=\"Gesch\u00e4tzte Lesezeit\" \/>\n\t<meta name=\"twitter:data2\" content=\"2\u00a0Minuten\" \/>\n<script type=\"application\/ld+json\" class=\"yoast-schema-graph\">{\"@context\":\"https:\/\/schema.org\",\"@graph\":[{\"@type\":\"Article\",\"@id\":\"https:\/\/now-news.de\/de\/deutschland\/energieriese-warnt-vor-zukuenftigem-erdgasengpass\/#article\",\"isPartOf\":{\"@id\":\"https:\/\/now-news.de\/de\/deutschland\/energieriese-warnt-vor-zukuenftigem-erdgasengpass\/\"},\"author\":{\"name\":\"rtnews\",\"@id\":\"https:\/\/now-news.de\/de\/#\/schema\/person\/fb534a4e865501d8b3285208df34a9b5\"},\"headline\":\"Energieriese warnt vor zuk\u00fcnftigem Erdgasengpass\",\"datePublished\":\"2023-01-07T05:30:00+00:00\",\"dateModified\":\"2023-01-07T05:30:00+00:00\",\"mainEntityOfPage\":{\"@id\":\"https:\/\/now-news.de\/de\/deutschland\/energieriese-warnt-vor-zukuenftigem-erdgasengpass\/\"},\"wordCount\":422,\"commentCount\":0,\"publisher\":{\"@id\":\"https:\/\/now-news.de\/de\/#organization\"},\"image\":{\"@id\":\"https:\/\/now-news.de\/de\/deutschland\/energieriese-warnt-vor-zukuenftigem-erdgasengpass\/#primaryimage\"},\"thumbnailUrl\":\"https:\/\/now-news.de\/de\/wp-content\/uploads\/sites\/3\/2023\/01\/Energieriese-warnt-vor-zukuenftigem-Erdgasengpass.jpg\",\"keywords\":[\"Energieriese\",\"Erdgasengpass\",\"vor\",\"warnt\",\"zuk\u00fcnftigem\"],\"articleSection\":[\"Deutschland\",\"Russland\"],\"inLanguage\":\"de\",\"potentialAction\":[{\"@type\":\"CommentAction\",\"name\":\"Comment\",\"target\":[\"https:\/\/now-news.de\/de\/deutschland\/energieriese-warnt-vor-zukuenftigem-erdgasengpass\/#respond\"]}]},{\"@type\":\"WebPage\",\"@id\":\"https:\/\/now-news.de\/de\/deutschland\/energieriese-warnt-vor-zukuenftigem-erdgasengpass\/\",\"url\":\"https:\/\/now-news.de\/de\/deutschland\/energieriese-warnt-vor-zukuenftigem-erdgasengpass\/\",\"name\":\"Energieriese warnt vor zuk\u00fcnftigem Erdgasengpass - just-now.NEWS Deutschland\",\"isPartOf\":{\"@id\":\"https:\/\/now-news.de\/de\/#website\"},\"primaryImageOfPage\":{\"@id\":\"https:\/\/now-news.de\/de\/deutschland\/energieriese-warnt-vor-zukuenftigem-erdgasengpass\/#primaryimage\"},\"image\":{\"@id\":\"https:\/\/now-news.de\/de\/deutschland\/energieriese-warnt-vor-zukuenftigem-erdgasengpass\/#primaryimage\"},\"thumbnailUrl\":\"https:\/\/now-news.de\/de\/wp-content\/uploads\/sites\/3\/2023\/01\/Energieriese-warnt-vor-zukuenftigem-Erdgasengpass.jpg\",\"datePublished\":\"2023-01-07T05:30:00+00:00\",\"dateModified\":\"2023-01-07T05:30:00+00:00\",\"breadcrumb\":{\"@id\":\"https:\/\/now-news.de\/de\/deutschland\/energieriese-warnt-vor-zukuenftigem-erdgasengpass\/#breadcrumb\"},\"inLanguage\":\"de\",\"potentialAction\":[{\"@type\":\"ReadAction\",\"target\":[\"https:\/\/now-news.de\/de\/deutschland\/energieriese-warnt-vor-zukuenftigem-erdgasengpass\/\"]}]},{\"@type\":\"ImageObject\",\"inLanguage\":\"de\",\"@id\":\"https:\/\/now-news.de\/de\/deutschland\/energieriese-warnt-vor-zukuenftigem-erdgasengpass\/#primaryimage\",\"url\":\"https:\/\/now-news.de\/de\/wp-content\/uploads\/sites\/3\/2023\/01\/Energieriese-warnt-vor-zukuenftigem-Erdgasengpass.jpg\",\"contentUrl\":\"https:\/\/now-news.de\/de\/wp-content\/uploads\/sites\/3\/2023\/01\/Energieriese-warnt-vor-zukuenftigem-Erdgasengpass.jpg\",\"width\":460,\"height\":259,\"caption\":\"Energieriese warnt vor zuk\u00fcnftigem Erdgasengpass\"},{\"@type\":\"BreadcrumbList\",\"@id\":\"https:\/\/now-news.de\/de\/deutschland\/energieriese-warnt-vor-zukuenftigem-erdgasengpass\/#breadcrumb\",\"itemListElement\":[{\"@type\":\"ListItem\",\"position\":1,\"name\":\"Home\",\"item\":\"https:\/\/now-news.de\/de\/\"},{\"@type\":\"ListItem\",\"position\":2,\"name\":\"Energieriese warnt vor zuk\u00fcnftigem Erdgasengpass\"}]},{\"@type\":\"WebSite\",\"@id\":\"https:\/\/now-news.de\/de\/#website\",\"url\":\"https:\/\/now-news.de\/de\/\",\"name\":\"just-now.NEWS Deutschland\",\"description\":\"Das Portal f\u00fcr unzensierte Nachrichten aus der Welt\",\"publisher\":{\"@id\":\"https:\/\/now-news.de\/de\/#organization\"},\"potentialAction\":[{\"@type\":\"SearchAction\",\"target\":{\"@type\":\"EntryPoint\",\"urlTemplate\":\"https:\/\/now-news.de\/de\/?s={search_term_string}\"},\"query-input\":\"required name=search_term_string\"}],\"inLanguage\":\"de\"},{\"@type\":\"Organization\",\"@id\":\"https:\/\/now-news.de\/de\/#organization\",\"name\":\"Just Now News\",\"url\":\"https:\/\/now-news.de\/de\/\",\"logo\":{\"@type\":\"ImageObject\",\"inLanguage\":\"de\",\"@id\":\"https:\/\/now-news.de\/de\/#\/schema\/logo\/image\/\",\"url\":\"http:\/\/just-now.news\/de\/wp-content\/uploads\/sites\/3\/2022\/04\/logo500x500.jpg\",\"contentUrl\":\"http:\/\/just-now.news\/de\/wp-content\/uploads\/sites\/3\/2022\/04\/logo500x500.jpg\",\"width\":500,\"height\":500,\"caption\":\"Just Now News\"},\"image\":{\"@id\":\"https:\/\/now-news.de\/de\/#\/schema\/logo\/image\/\"},\"sameAs\":[\"https:\/\/www.facebook.com\/wirmachenauf\",\"https:\/\/x.com\/WirMachenAuf_de\"]},{\"@type\":\"Person\",\"@id\":\"https:\/\/now-news.de\/de\/#\/schema\/person\/fb534a4e865501d8b3285208df34a9b5\",\"name\":\"rtnews\",\"image\":{\"@type\":\"ImageObject\",\"inLanguage\":\"de\",\"@id\":\"https:\/\/now-news.de\/de\/#\/schema\/person\/image\/\",\"url\":\"https:\/\/secure.gravatar.com\/avatar\/82aafea7d8127119dd649515f56e2117?s=96&d=mm&r=g\",\"contentUrl\":\"https:\/\/secure.gravatar.com\/avatar\/82aafea7d8127119dd649515f56e2117?s=96&d=mm&r=g\",\"caption\":\"rtnews\"},\"url\":\"https:\/\/now-news.de\/de\/author\/rnews\/\"}]}<\/script>\n<!-- \/ Yoast SEO Premium plugin. -->","yoast_head_json":{"title":"Energieriese warnt vor zuk\u00fcnftigem Erdgasengpass - just-now.NEWS Deutschland","robots":{"index":"index","follow":"follow","max-snippet":"max-snippet:-1","max-image-preview":"max-image-preview:large","max-video-preview":"max-video-preview:-1"},"canonical":"https:\/\/now-news.de\/de\/deutschland\/energieriese-warnt-vor-zukuenftigem-erdgasengpass\/","og_locale":"de_DE","og_type":"article","og_title":"Energieriese warnt vor zuk\u00fcnftigem Erdgasengpass","og_description":"Trotz der aktuellen g\u00fcnstigen Entwicklung bei den Erdgaspreisen aufgrund des guten Wetters warnen Experten vor allzu gro\u00dfem Optimismus, denn die strukturellen Ursachen, die zu der dramatischen Preisexplosion f\u00fchrten, sind noch l\u00e4ngst nicht behoben. Anders Opedal, der Gesch\u00e4ftsf\u00fchrer von Norwegens gr\u00f6\u00dftem Energieunternehmen Equinor, hat davor gewarnt, dass der europ\u00e4ische Energiemarkt in diesem Jahr trotz des aktuellen [&hellip;]","og_url":"https:\/\/now-news.de\/de\/deutschland\/energieriese-warnt-vor-zukuenftigem-erdgasengpass\/","og_site_name":"just-now.NEWS Deutschland","article_publisher":"https:\/\/www.facebook.com\/wirmachenauf","article_published_time":"2023-01-07T05:30:00+00:00","og_image":[{"width":460,"height":259,"url":"https:\/\/now-news.de\/de\/wp-content\/uploads\/sites\/3\/2023\/01\/Energieriese-warnt-vor-zukuenftigem-Erdgasengpass.jpg","type":"image\/jpeg"}],"author":"rtnews","twitter_card":"summary_large_image","twitter_creator":"@WirMachenAuf_de","twitter_site":"@WirMachenAuf_de","twitter_misc":{"Verfasst von":"rtnews","Gesch\u00e4tzte Lesezeit":"2\u00a0Minuten"},"schema":{"@context":"https:\/\/schema.org","@graph":[{"@type":"Article","@id":"https:\/\/now-news.de\/de\/deutschland\/energieriese-warnt-vor-zukuenftigem-erdgasengpass\/#article","isPartOf":{"@id":"https:\/\/now-news.de\/de\/deutschland\/energieriese-warnt-vor-zukuenftigem-erdgasengpass\/"},"author":{"name":"rtnews","@id":"https:\/\/now-news.de\/de\/#\/schema\/person\/fb534a4e865501d8b3285208df34a9b5"},"headline":"Energieriese warnt vor zuk\u00fcnftigem Erdgasengpass","datePublished":"2023-01-07T05:30:00+00:00","dateModified":"2023-01-07T05:30:00+00:00","mainEntityOfPage":{"@id":"https:\/\/now-news.de\/de\/deutschland\/energieriese-warnt-vor-zukuenftigem-erdgasengpass\/"},"wordCount":422,"commentCount":0,"publisher":{"@id":"https:\/\/now-news.de\/de\/#organization"},"image":{"@id":"https:\/\/now-news.de\/de\/deutschland\/energieriese-warnt-vor-zukuenftigem-erdgasengpass\/#primaryimage"},"thumbnailUrl":"https:\/\/now-news.de\/de\/wp-content\/uploads\/sites\/3\/2023\/01\/Energieriese-warnt-vor-zukuenftigem-Erdgasengpass.jpg","keywords":["Energieriese","Erdgasengpass","vor","warnt","zuk\u00fcnftigem"],"articleSection":["Deutschland","Russland"],"inLanguage":"de","potentialAction":[{"@type":"CommentAction","name":"Comment","target":["https:\/\/now-news.de\/de\/deutschland\/energieriese-warnt-vor-zukuenftigem-erdgasengpass\/#respond"]}]},{"@type":"WebPage","@id":"https:\/\/now-news.de\/de\/deutschland\/energieriese-warnt-vor-zukuenftigem-erdgasengpass\/","url":"https:\/\/now-news.de\/de\/deutschland\/energieriese-warnt-vor-zukuenftigem-erdgasengpass\/","name":"Energieriese warnt vor zuk\u00fcnftigem Erdgasengpass - just-now.NEWS Deutschland","isPartOf":{"@id":"https:\/\/now-news.de\/de\/#website"},"primaryImageOfPage":{"@id":"https:\/\/now-news.de\/de\/deutschland\/energieriese-warnt-vor-zukuenftigem-erdgasengpass\/#primaryimage"},"image":{"@id":"https:\/\/now-news.de\/de\/deutschland\/energieriese-warnt-vor-zukuenftigem-erdgasengpass\/#primaryimage"},"thumbnailUrl":"https:\/\/now-news.de\/de\/wp-content\/uploads\/sites\/3\/2023\/01\/Energieriese-warnt-vor-zukuenftigem-Erdgasengpass.jpg","datePublished":"2023-01-07T05:30:00+00:00","dateModified":"2023-01-07T05:30:00+00:00","breadcrumb":{"@id":"https:\/\/now-news.de\/de\/deutschland\/energieriese-warnt-vor-zukuenftigem-erdgasengpass\/#breadcrumb"},"inLanguage":"de","potentialAction":[{"@type":"ReadAction","target":["https:\/\/now-news.de\/de\/deutschland\/energieriese-warnt-vor-zukuenftigem-erdgasengpass\/"]}]},{"@type":"ImageObject","inLanguage":"de","@id":"https:\/\/now-news.de\/de\/deutschland\/energieriese-warnt-vor-zukuenftigem-erdgasengpass\/#primaryimage","url":"https:\/\/now-news.de\/de\/wp-content\/uploads\/sites\/3\/2023\/01\/Energieriese-warnt-vor-zukuenftigem-Erdgasengpass.jpg","contentUrl":"https:\/\/now-news.de\/de\/wp-content\/uploads\/sites\/3\/2023\/01\/Energieriese-warnt-vor-zukuenftigem-Erdgasengpass.jpg","width":460,"height":259,"caption":"Energieriese warnt vor zuk\u00fcnftigem Erdgasengpass"},{"@type":"BreadcrumbList","@id":"https:\/\/now-news.de\/de\/deutschland\/energieriese-warnt-vor-zukuenftigem-erdgasengpass\/#breadcrumb","itemListElement":[{"@type":"ListItem","position":1,"name":"Home","item":"https:\/\/now-news.de\/de\/"},{"@type":"ListItem","position":2,"name":"Energieriese warnt vor zuk\u00fcnftigem Erdgasengpass"}]},{"@type":"WebSite","@id":"https:\/\/now-news.de\/de\/#website","url":"https:\/\/now-news.de\/de\/","name":"just-now.NEWS Deutschland","description":"Das Portal f\u00fcr unzensierte Nachrichten aus der Welt","publisher":{"@id":"https:\/\/now-news.de\/de\/#organization"},"potentialAction":[{"@type":"SearchAction","target":{"@type":"EntryPoint","urlTemplate":"https:\/\/now-news.de\/de\/?s={search_term_string}"},"query-input":"required name=search_term_string"}],"inLanguage":"de"},{"@type":"Organization","@id":"https:\/\/now-news.de\/de\/#organization","name":"Just Now News","url":"https:\/\/now-news.de\/de\/","logo":{"@type":"ImageObject","inLanguage":"de","@id":"https:\/\/now-news.de\/de\/#\/schema\/logo\/image\/","url":"http:\/\/just-now.news\/de\/wp-content\/uploads\/sites\/3\/2022\/04\/logo500x500.jpg","contentUrl":"http:\/\/just-now.news\/de\/wp-content\/uploads\/sites\/3\/2022\/04\/logo500x500.jpg","width":500,"height":500,"caption":"Just Now News"},"image":{"@id":"https:\/\/now-news.de\/de\/#\/schema\/logo\/image\/"},"sameAs":["https:\/\/www.facebook.com\/wirmachenauf","https:\/\/x.com\/WirMachenAuf_de"]},{"@type":"Person","@id":"https:\/\/now-news.de\/de\/#\/schema\/person\/fb534a4e865501d8b3285208df34a9b5","name":"rtnews","image":{"@type":"ImageObject","inLanguage":"de","@id":"https:\/\/now-news.de\/de\/#\/schema\/person\/image\/","url":"https:\/\/secure.gravatar.com\/avatar\/82aafea7d8127119dd649515f56e2117?s=96&d=mm&r=g","contentUrl":"https:\/\/secure.gravatar.com\/avatar\/82aafea7d8127119dd649515f56e2117?s=96&d=mm&r=g","caption":"rtnews"},"url":"https:\/\/now-news.de\/de\/author\/rnews\/"}]}},"_links":{"self":[{"href":"https:\/\/now-news.de\/de\/wp-json\/wp\/v2\/posts\/27109"}],"collection":[{"href":"https:\/\/now-news.de\/de\/wp-json\/wp\/v2\/posts"}],"about":[{"href":"https:\/\/now-news.de\/de\/wp-json\/wp\/v2\/types\/post"}],"author":[{"embeddable":true,"href":"https:\/\/now-news.de\/de\/wp-json\/wp\/v2\/users\/3"}],"replies":[{"embeddable":true,"href":"https:\/\/now-news.de\/de\/wp-json\/wp\/v2\/comments?post=27109"}],"version-history":[{"count":0,"href":"https:\/\/now-news.de\/de\/wp-json\/wp\/v2\/posts\/27109\/revisions"}],"wp:featuredmedia":[{"embeddable":true,"href":"https:\/\/now-news.de\/de\/wp-json\/wp\/v2\/media\/27110"}],"wp:attachment":[{"href":"https:\/\/now-news.de\/de\/wp-json\/wp\/v2\/media?parent=27109"}],"wp:term":[{"taxonomy":"category","embeddable":true,"href":"https:\/\/now-news.de\/de\/wp-json\/wp\/v2\/categories?post=27109"},{"taxonomy":"post_tag","embeddable":true,"href":"https:\/\/now-news.de\/de\/wp-json\/wp\/v2\/tags?post=27109"}],"curies":[{"name":"wp","href":"https:\/\/api.w.org\/{rel}","templated":true}]}}