{"id":27083,"date":"2023-01-06T19:02:53","date_gmt":"2023-01-06T17:02:53","guid":{"rendered":"https:\/\/just-now.news\/de\/deutschland\/cancel-culture-historiker-kowalczuk-verpasst-der-band-rammstein-das-etikett-ddr-nostalgie\/"},"modified":"2023-01-06T19:02:53","modified_gmt":"2023-01-06T17:02:53","slug":"cancel-culture-historiker-kowalczuk-verpasst-der-band-rammstein-das-etikett-ddr-nostalgie","status":"publish","type":"post","link":"https:\/\/now-news.de\/de\/deutschland\/cancel-culture-historiker-kowalczuk-verpasst-der-band-rammstein-das-etikett-ddr-nostalgie\/","title":{"rendered":"Cancel Culture: Historiker Kowalczuk verpasst der Band &quot;Rammstein&quot; das Etikett &quot;DDR-Nostalgie&quot;"},"content":{"rendered":"<p><img decoding=\"async\" src=\"http:\/\/just-now.news\/de\/wp-content\/uploads\/sites\/3\/2023\/01\/63b847d448fbef3a2047d327.jpg\" \/><\/p>\n<div class=\"Text-root Text-type_1 \">\n                Ein n\u00e4chster Schauplatz der &#8220;Aufarbeitung&#8221; ist er\u00f6ffnet. Der Historiker Ilko-Sascha Kowalczuk hat sich die Band &#8220;Rammstein&#8221; vorgenommen. Das Urteil lautet auf &#8220;DDR-Nostalgie&#8221;. Ob zutreffend oder nicht, f\u00fcr etwas Aufmerksamkeit ist gesorgt.\n            <\/div>\n<p><\/p>\n<div class=\"Text-root Text-type_5 ArticleView-text ViewText-root \">\n<p>Ilko-Sascha Kowalczuk, Historiker in Berlin und spezialisiert auf Darstellungen zur DDR-Geschichte, die mit dem westdeutschen Geschichtsbild konform gehen, hat sich nun der Band &#8220;Rammstein&#8221; angenommen. Die Musikgruppe, deren Anf\u00e4nge in die sp\u00e4ten Jahre der DDR zur\u00fcckreichen, soll angeblich eine &#8220;DDR-Nostalgie-Band&#8221; sein. Auch den Frontmann der Band, Till Lindemann, kritisierte Kowalczuk, wie die <em>Berliner Zeitung<\/em>\u00a0<a rel=\"nofollow noopener\" target=\"_blank\" href=\"https:\/\/www.berliner-zeitung.de\/news\/dieser-honk-historiker-ilko-sascha-kowalczuk-genervt-von-rammsteins-ddr-nostalgie-li.304262\">berichtete<\/a>.<\/p>\n<p>Lindemann, der k\u00fcrzlich seinen 60. Geburtstag feierte, wurde vom <em>MDR<\/em> mit folgender Aussage zitiert, die wiederum Kowalczuk zu ausf\u00e4lligen Bemerkungen auf Twitter veranlasste:<\/p>\n<blockquote>\n<p><em>&#8220;In der DDR hatten wir nur wenig, aber es gab ein Gef\u00fchl der Solidarit\u00e4t, das ich jetzt vermisse. Heute stecken wir bis zum Hals in Konsum, Egoismus und Individualismus.&#8221;<\/em><\/p>\n<\/blockquote>\n<p>Dies konnte oder wollte Kowalczuk nicht unkommentiert stehen lassen und kanzelte Lindemann ab:<\/p>\n<blockquote>\n<p><em>&#8220;F\u00fcr dieses d\u00e4mliche Zitat kann ich nichts, aber es passt in mein Bild von diesem Honk.&#8221;<\/em><\/p>\n<\/blockquote>\n<p>Er belie\u00df es jedoch nicht dabei, sondern griff zus\u00e4tzlich den \u2013 von ihm als blo\u00df &#8220;so genannten&#8221; bezeichneten \u2013 Keyboarder der Band direkt an:<\/p>\n<blockquote>\n<p><em>&#8220;Wer das nicht glaubt, sollte mal die unfassbar d\u00e4mlichen Einlassungen des so genannten Keyboarders Flake \u00fcber die DDR h\u00f6ren.&#8221;<\/em><\/p>\n<\/blockquote>\n<div class=\"EmbedBlock-root EmbedBlock-twitter\">\n<div class=\"TwitterEmbed\">\n<blockquote class=\"twitter-tweet lazyload\" data-twitter=\"twitter-tweet\">\n<p lang=\"de\" dir=\"ltr\">F\u00fcr dieses d\u00e4mliche Zitat kann ich nichts, aber es pa\u00dft in mein Bild von diesem Honk. Rammstein ist eine DDR-Nostalgie-Band. Wer das nicht glaubt, sollte mal die unfassbar d\u00e4mlichen Einlassungen des so genannten Keyboarders Flake \u00fcber die DDR h\u00f6ren. <a rel=\"nofollow noopener\" target=\"_blank\" href=\"https:\/\/t.co\/RI3Wz4lHXr\">pic.twitter.com\/RI3Wz4lHXr<\/a><\/p>\n<p>\u2014 Ilko-Sascha Kowalczuk (@IlkoKowalczuk) <a rel=\"nofollow noopener\" target=\"_blank\" href=\"https:\/\/twitter.com\/IlkoKowalczuk\/status\/1610870009710141448?ref_src=twsrc%5Etfw\">January 5, 2023<\/a><\/p><\/blockquote>\n<\/div>\n<\/div>\n<p>Dessen &#8220;Vergehen&#8221; aus Sicht Kowalczuks besteht darin, wie die <em>Berliner Zeitung<\/em> feststellt, sich &#8220;in Vergangenheit immer wieder \u00fcber die Ver\u00e4nderungen im Ortsteil Prenzlauer Berg nach der Wiedervereinigung beklagt&#8221; zu haben.<\/p>\n<p>Der Streit um die Deutungshoheit der DDR-<a rel=\"nofollow noopener\" target=\"_blank\" href=\"https:\/\/freeassange.rtde.me\/meinung\/158585-deutschland-hat-sich-2022-wieder-falsche-seite-geschichte-gestellt-doch-wen-ueberrascht-es\/\">Geschichte<\/a> und um die Erinnerung an die jeweils subjektive Erfahrung und eigene Lebenswelt, den Kowalczuk nun auf die Band Rammstein ausweitet, tr\u00e4gt Merkmale der viel zitierten Cancel Culture. Sowohl die Mitglieder von Rammstein als auch Kowalczuk stammen aus der DDR. Kowalczuk ist seit den neunziger Jahren auf die Themen &#8220;SED-Diktatur&#8221; und &#8220;Stasi&#8221; abonniert.<\/p>\n<p><strong>Mehr zum Thema<\/strong>\u00a0\u2013 <a rel=\"nofollow noopener\" target=\"_blank\" href=\"https:\/\/freeassange.rtde.me\/russland\/123617-till-lindemann-singt-bei-militar\/\">Rammstein-S\u00e4nger Till Lindemann begeistert bei Milit\u00e4rmusik-Festival in Moskau<\/a><\/p>\n<\/div>\n<p><script async src=\"https:\/\/platform.twitter.com\/widgets.js\" charset=\"utf-8\"><\/script><br \/>\n<br \/><br \/>\n<br \/><a href=\"https:\/\/de.rt.com\/inland\/159120-cancel-culture-historiker-kowalczuk-rammstein\/\">Source link <\/a><\/p>\n","protected":false},"excerpt":{"rendered":"<p>Ein n\u00e4chster Schauplatz der &#8220;Aufarbeitung&#8221; ist er\u00f6ffnet. Der Historiker Ilko-Sascha Kowalczuk hat sich die Band &#8220;Rammstein&#8221; vorgenommen. Das Urteil lautet auf &#8220;DDR-Nostalgie&#8221;. Ob zutreffend oder nicht, f\u00fcr etwas Aufmerksamkeit ist gesorgt. Ilko-Sascha Kowalczuk, Historiker in Berlin und spezialisiert auf Darstellungen zur DDR-Geschichte, die mit dem westdeutschen Geschichtsbild konform gehen, hat sich nun der Band &#8220;Rammstein&#8221; [&hellip;]<\/p>\n","protected":false},"author":3,"featured_media":27084,"comment_status":"open","ping_status":"open","sticky":false,"template":"","format":"standard","meta":{"_yoast_indexnow_last_ping":["1673025176"],"wp_automatic_camp":["217"],"708ad84d2061287efd0be1985375e8a7":["Cancel Culture: Historiker Kowalczuk verpasst der Band &quot;Rammstein&quot; das Etikett &quot;DDR-Nostalgie&quot;"],"original_link":["https:\/\/de.rt.com\/inland\/159120-cancel-culture-historiker-kowalczuk-rammstein\/"],"_thumbnail_id":["27084"],"_wptgpro_p2tg_sent2tg":["a:1:{i:23737;s:19:\"2023-01-06 19:14:47\";}"],"jnews_social_counter_last_update":["1777186575"]},"categories":[19,23],"tags":[6697,3664,2200,427,82,38612,4537,38610,38613,38611,10821],"yoast_head":"<!-- This site is optimized with the Yoast SEO Premium plugin v22.7 (Yoast SEO v22.7) - https:\/\/yoast.com\/wordpress\/plugins\/seo\/ -->\n<title>Cancel Culture: Historiker Kowalczuk verpasst der Band &quot;Rammstein&quot; das Etikett &quot;DDR-Nostalgie&quot; - just-now.NEWS Deutschland<\/title>\n<meta name=\"robots\" content=\"index, follow, max-snippet:-1, max-image-preview:large, max-video-preview:-1\" \/>\n<link rel=\"canonical\" href=\"https:\/\/now-news.de\/de\/deutschland\/cancel-culture-historiker-kowalczuk-verpasst-der-band-rammstein-das-etikett-ddr-nostalgie\/\" \/>\n<meta property=\"og:locale\" content=\"de_DE\" \/>\n<meta property=\"og:type\" content=\"article\" \/>\n<meta property=\"og:title\" content=\"Cancel Culture: Historiker Kowalczuk verpasst der Band &quot;Rammstein&quot; das Etikett &quot;DDR-Nostalgie&quot;\" \/>\n<meta property=\"og:description\" content=\"Ein n\u00e4chster Schauplatz der &#8220;Aufarbeitung&#8221; ist er\u00f6ffnet. Der Historiker Ilko-Sascha Kowalczuk hat sich die Band &#8220;Rammstein&#8221; vorgenommen. Das Urteil lautet auf &#8220;DDR-Nostalgie&#8221;. Ob zutreffend oder nicht, f\u00fcr etwas Aufmerksamkeit ist gesorgt. Ilko-Sascha Kowalczuk, Historiker in Berlin und spezialisiert auf Darstellungen zur DDR-Geschichte, die mit dem westdeutschen Geschichtsbild konform gehen, hat sich nun der Band &#8220;Rammstein&#8221; [&hellip;]\" \/>\n<meta property=\"og:url\" content=\"https:\/\/now-news.de\/de\/deutschland\/cancel-culture-historiker-kowalczuk-verpasst-der-band-rammstein-das-etikett-ddr-nostalgie\/\" \/>\n<meta property=\"og:site_name\" content=\"just-now.NEWS Deutschland\" \/>\n<meta property=\"article:publisher\" content=\"https:\/\/www.facebook.com\/wirmachenauf\" \/>\n<meta property=\"article:published_time\" content=\"2023-01-06T17:02:53+00:00\" \/>\n<meta property=\"og:image\" content=\"https:\/\/now-news.de\/de\/wp-content\/uploads\/sites\/3\/2023\/01\/Cancel-Culture-Historiker-Kowalczuk-verpasst-der-Band-quotRammsteinquot-das-Etikett.jpg\" \/>\n\t<meta property=\"og:image:width\" content=\"460\" \/>\n\t<meta property=\"og:image:height\" content=\"259\" \/>\n\t<meta property=\"og:image:type\" content=\"image\/jpeg\" \/>\n<meta name=\"author\" content=\"rtnews\" \/>\n<meta name=\"twitter:card\" content=\"summary_large_image\" \/>\n<meta name=\"twitter:creator\" content=\"@WirMachenAuf_de\" \/>\n<meta name=\"twitter:site\" content=\"@WirMachenAuf_de\" \/>\n<meta name=\"twitter:label1\" content=\"Verfasst von\" \/>\n\t<meta name=\"twitter:data1\" content=\"rtnews\" \/>\n\t<meta name=\"twitter:label2\" content=\"Gesch\u00e4tzte Lesezeit\" \/>\n\t<meta name=\"twitter:data2\" content=\"2\u00a0Minuten\" \/>\n<script type=\"application\/ld+json\" class=\"yoast-schema-graph\">{\"@context\":\"https:\/\/schema.org\",\"@graph\":[{\"@type\":\"Article\",\"@id\":\"https:\/\/now-news.de\/de\/deutschland\/cancel-culture-historiker-kowalczuk-verpasst-der-band-rammstein-das-etikett-ddr-nostalgie\/#article\",\"isPartOf\":{\"@id\":\"https:\/\/now-news.de\/de\/deutschland\/cancel-culture-historiker-kowalczuk-verpasst-der-band-rammstein-das-etikett-ddr-nostalgie\/\"},\"author\":{\"name\":\"rtnews\",\"@id\":\"https:\/\/now-news.de\/de\/#\/schema\/person\/fb534a4e865501d8b3285208df34a9b5\"},\"headline\":\"Cancel Culture: Historiker Kowalczuk verpasst der Band &quot;Rammstein&quot; das Etikett &quot;DDR-Nostalgie&quot;\",\"datePublished\":\"2023-01-06T17:02:53+00:00\",\"dateModified\":\"2023-01-06T17:02:53+00:00\",\"mainEntityOfPage\":{\"@id\":\"https:\/\/now-news.de\/de\/deutschland\/cancel-culture-historiker-kowalczuk-verpasst-der-band-rammstein-das-etikett-ddr-nostalgie\/\"},\"wordCount\":398,\"commentCount\":0,\"publisher\":{\"@id\":\"https:\/\/now-news.de\/de\/#organization\"},\"image\":{\"@id\":\"https:\/\/now-news.de\/de\/deutschland\/cancel-culture-historiker-kowalczuk-verpasst-der-band-rammstein-das-etikett-ddr-nostalgie\/#primaryimage\"},\"thumbnailUrl\":\"https:\/\/now-news.de\/de\/wp-content\/uploads\/sites\/3\/2023\/01\/Cancel-Culture-Historiker-Kowalczuk-verpasst-der-Band-quotRammsteinquot-das-Etikett.jpg\",\"keywords\":[\"BAND\",\"Cancel\",\"Culture\",\"das\",\"der\",\"Etikett\",\"Historiker\",\"Kowalczuk\",\"quotDDRNostalgiequot\",\"quotRammsteinquot\",\"verpasst\"],\"articleSection\":[\"Deutschland\",\"Russland\"],\"inLanguage\":\"de\",\"potentialAction\":[{\"@type\":\"CommentAction\",\"name\":\"Comment\",\"target\":[\"https:\/\/now-news.de\/de\/deutschland\/cancel-culture-historiker-kowalczuk-verpasst-der-band-rammstein-das-etikett-ddr-nostalgie\/#respond\"]}]},{\"@type\":\"WebPage\",\"@id\":\"https:\/\/now-news.de\/de\/deutschland\/cancel-culture-historiker-kowalczuk-verpasst-der-band-rammstein-das-etikett-ddr-nostalgie\/\",\"url\":\"https:\/\/now-news.de\/de\/deutschland\/cancel-culture-historiker-kowalczuk-verpasst-der-band-rammstein-das-etikett-ddr-nostalgie\/\",\"name\":\"Cancel Culture: Historiker Kowalczuk verpasst der Band &quot;Rammstein&quot; das Etikett &quot;DDR-Nostalgie&quot; - just-now.NEWS Deutschland\",\"isPartOf\":{\"@id\":\"https:\/\/now-news.de\/de\/#website\"},\"primaryImageOfPage\":{\"@id\":\"https:\/\/now-news.de\/de\/deutschland\/cancel-culture-historiker-kowalczuk-verpasst-der-band-rammstein-das-etikett-ddr-nostalgie\/#primaryimage\"},\"image\":{\"@id\":\"https:\/\/now-news.de\/de\/deutschland\/cancel-culture-historiker-kowalczuk-verpasst-der-band-rammstein-das-etikett-ddr-nostalgie\/#primaryimage\"},\"thumbnailUrl\":\"https:\/\/now-news.de\/de\/wp-content\/uploads\/sites\/3\/2023\/01\/Cancel-Culture-Historiker-Kowalczuk-verpasst-der-Band-quotRammsteinquot-das-Etikett.jpg\",\"datePublished\":\"2023-01-06T17:02:53+00:00\",\"dateModified\":\"2023-01-06T17:02:53+00:00\",\"breadcrumb\":{\"@id\":\"https:\/\/now-news.de\/de\/deutschland\/cancel-culture-historiker-kowalczuk-verpasst-der-band-rammstein-das-etikett-ddr-nostalgie\/#breadcrumb\"},\"inLanguage\":\"de\",\"potentialAction\":[{\"@type\":\"ReadAction\",\"target\":[\"https:\/\/now-news.de\/de\/deutschland\/cancel-culture-historiker-kowalczuk-verpasst-der-band-rammstein-das-etikett-ddr-nostalgie\/\"]}]},{\"@type\":\"ImageObject\",\"inLanguage\":\"de\",\"@id\":\"https:\/\/now-news.de\/de\/deutschland\/cancel-culture-historiker-kowalczuk-verpasst-der-band-rammstein-das-etikett-ddr-nostalgie\/#primaryimage\",\"url\":\"https:\/\/now-news.de\/de\/wp-content\/uploads\/sites\/3\/2023\/01\/Cancel-Culture-Historiker-Kowalczuk-verpasst-der-Band-quotRammsteinquot-das-Etikett.jpg\",\"contentUrl\":\"https:\/\/now-news.de\/de\/wp-content\/uploads\/sites\/3\/2023\/01\/Cancel-Culture-Historiker-Kowalczuk-verpasst-der-Band-quotRammsteinquot-das-Etikett.jpg\",\"width\":460,\"height\":259,\"caption\":\"Cancel Culture: Historiker Kowalczuk verpasst der Band &quot;Rammstein&quot; das Etikett &quot;DDR-Nostalgie&quot;\"},{\"@type\":\"BreadcrumbList\",\"@id\":\"https:\/\/now-news.de\/de\/deutschland\/cancel-culture-historiker-kowalczuk-verpasst-der-band-rammstein-das-etikett-ddr-nostalgie\/#breadcrumb\",\"itemListElement\":[{\"@type\":\"ListItem\",\"position\":1,\"name\":\"Home\",\"item\":\"https:\/\/now-news.de\/de\/\"},{\"@type\":\"ListItem\",\"position\":2,\"name\":\"Cancel Culture: Historiker Kowalczuk verpasst der Band &quot;Rammstein&quot; das Etikett &quot;DDR-Nostalgie&quot;\"}]},{\"@type\":\"WebSite\",\"@id\":\"https:\/\/now-news.de\/de\/#website\",\"url\":\"https:\/\/now-news.de\/de\/\",\"name\":\"just-now.NEWS Deutschland\",\"description\":\"Das Portal f\u00fcr unzensierte Nachrichten aus der Welt\",\"publisher\":{\"@id\":\"https:\/\/now-news.de\/de\/#organization\"},\"potentialAction\":[{\"@type\":\"SearchAction\",\"target\":{\"@type\":\"EntryPoint\",\"urlTemplate\":\"https:\/\/now-news.de\/de\/?s={search_term_string}\"},\"query-input\":\"required name=search_term_string\"}],\"inLanguage\":\"de\"},{\"@type\":\"Organization\",\"@id\":\"https:\/\/now-news.de\/de\/#organization\",\"name\":\"Just Now News\",\"url\":\"https:\/\/now-news.de\/de\/\",\"logo\":{\"@type\":\"ImageObject\",\"inLanguage\":\"de\",\"@id\":\"https:\/\/now-news.de\/de\/#\/schema\/logo\/image\/\",\"url\":\"http:\/\/just-now.news\/de\/wp-content\/uploads\/sites\/3\/2022\/04\/logo500x500.jpg\",\"contentUrl\":\"http:\/\/just-now.news\/de\/wp-content\/uploads\/sites\/3\/2022\/04\/logo500x500.jpg\",\"width\":500,\"height\":500,\"caption\":\"Just Now News\"},\"image\":{\"@id\":\"https:\/\/now-news.de\/de\/#\/schema\/logo\/image\/\"},\"sameAs\":[\"https:\/\/www.facebook.com\/wirmachenauf\",\"https:\/\/x.com\/WirMachenAuf_de\"]},{\"@type\":\"Person\",\"@id\":\"https:\/\/now-news.de\/de\/#\/schema\/person\/fb534a4e865501d8b3285208df34a9b5\",\"name\":\"rtnews\",\"image\":{\"@type\":\"ImageObject\",\"inLanguage\":\"de\",\"@id\":\"https:\/\/now-news.de\/de\/#\/schema\/person\/image\/\",\"url\":\"https:\/\/secure.gravatar.com\/avatar\/82aafea7d8127119dd649515f56e2117?s=96&d=mm&r=g\",\"contentUrl\":\"https:\/\/secure.gravatar.com\/avatar\/82aafea7d8127119dd649515f56e2117?s=96&d=mm&r=g\",\"caption\":\"rtnews\"},\"url\":\"https:\/\/now-news.de\/de\/author\/rnews\/\"}]}<\/script>\n<!-- \/ Yoast SEO Premium plugin. -->","yoast_head_json":{"title":"Cancel Culture: Historiker Kowalczuk verpasst der Band &quot;Rammstein&quot; das Etikett &quot;DDR-Nostalgie&quot; - just-now.NEWS Deutschland","robots":{"index":"index","follow":"follow","max-snippet":"max-snippet:-1","max-image-preview":"max-image-preview:large","max-video-preview":"max-video-preview:-1"},"canonical":"https:\/\/now-news.de\/de\/deutschland\/cancel-culture-historiker-kowalczuk-verpasst-der-band-rammstein-das-etikett-ddr-nostalgie\/","og_locale":"de_DE","og_type":"article","og_title":"Cancel Culture: Historiker Kowalczuk verpasst der Band &quot;Rammstein&quot; das Etikett &quot;DDR-Nostalgie&quot;","og_description":"Ein n\u00e4chster Schauplatz der &#8220;Aufarbeitung&#8221; ist er\u00f6ffnet. Der Historiker Ilko-Sascha Kowalczuk hat sich die Band &#8220;Rammstein&#8221; vorgenommen. Das Urteil lautet auf &#8220;DDR-Nostalgie&#8221;. Ob zutreffend oder nicht, f\u00fcr etwas Aufmerksamkeit ist gesorgt. Ilko-Sascha Kowalczuk, Historiker in Berlin und spezialisiert auf Darstellungen zur DDR-Geschichte, die mit dem westdeutschen Geschichtsbild konform gehen, hat sich nun der Band &#8220;Rammstein&#8221; [&hellip;]","og_url":"https:\/\/now-news.de\/de\/deutschland\/cancel-culture-historiker-kowalczuk-verpasst-der-band-rammstein-das-etikett-ddr-nostalgie\/","og_site_name":"just-now.NEWS Deutschland","article_publisher":"https:\/\/www.facebook.com\/wirmachenauf","article_published_time":"2023-01-06T17:02:53+00:00","og_image":[{"width":460,"height":259,"url":"https:\/\/now-news.de\/de\/wp-content\/uploads\/sites\/3\/2023\/01\/Cancel-Culture-Historiker-Kowalczuk-verpasst-der-Band-quotRammsteinquot-das-Etikett.jpg","type":"image\/jpeg"}],"author":"rtnews","twitter_card":"summary_large_image","twitter_creator":"@WirMachenAuf_de","twitter_site":"@WirMachenAuf_de","twitter_misc":{"Verfasst von":"rtnews","Gesch\u00e4tzte Lesezeit":"2\u00a0Minuten"},"schema":{"@context":"https:\/\/schema.org","@graph":[{"@type":"Article","@id":"https:\/\/now-news.de\/de\/deutschland\/cancel-culture-historiker-kowalczuk-verpasst-der-band-rammstein-das-etikett-ddr-nostalgie\/#article","isPartOf":{"@id":"https:\/\/now-news.de\/de\/deutschland\/cancel-culture-historiker-kowalczuk-verpasst-der-band-rammstein-das-etikett-ddr-nostalgie\/"},"author":{"name":"rtnews","@id":"https:\/\/now-news.de\/de\/#\/schema\/person\/fb534a4e865501d8b3285208df34a9b5"},"headline":"Cancel Culture: Historiker Kowalczuk verpasst der Band &quot;Rammstein&quot; das Etikett &quot;DDR-Nostalgie&quot;","datePublished":"2023-01-06T17:02:53+00:00","dateModified":"2023-01-06T17:02:53+00:00","mainEntityOfPage":{"@id":"https:\/\/now-news.de\/de\/deutschland\/cancel-culture-historiker-kowalczuk-verpasst-der-band-rammstein-das-etikett-ddr-nostalgie\/"},"wordCount":398,"commentCount":0,"publisher":{"@id":"https:\/\/now-news.de\/de\/#organization"},"image":{"@id":"https:\/\/now-news.de\/de\/deutschland\/cancel-culture-historiker-kowalczuk-verpasst-der-band-rammstein-das-etikett-ddr-nostalgie\/#primaryimage"},"thumbnailUrl":"https:\/\/now-news.de\/de\/wp-content\/uploads\/sites\/3\/2023\/01\/Cancel-Culture-Historiker-Kowalczuk-verpasst-der-Band-quotRammsteinquot-das-Etikett.jpg","keywords":["BAND","Cancel","Culture","das","der","Etikett","Historiker","Kowalczuk","quotDDRNostalgiequot","quotRammsteinquot","verpasst"],"articleSection":["Deutschland","Russland"],"inLanguage":"de","potentialAction":[{"@type":"CommentAction","name":"Comment","target":["https:\/\/now-news.de\/de\/deutschland\/cancel-culture-historiker-kowalczuk-verpasst-der-band-rammstein-das-etikett-ddr-nostalgie\/#respond"]}]},{"@type":"WebPage","@id":"https:\/\/now-news.de\/de\/deutschland\/cancel-culture-historiker-kowalczuk-verpasst-der-band-rammstein-das-etikett-ddr-nostalgie\/","url":"https:\/\/now-news.de\/de\/deutschland\/cancel-culture-historiker-kowalczuk-verpasst-der-band-rammstein-das-etikett-ddr-nostalgie\/","name":"Cancel Culture: Historiker Kowalczuk verpasst der Band &quot;Rammstein&quot; das Etikett &quot;DDR-Nostalgie&quot; - just-now.NEWS Deutschland","isPartOf":{"@id":"https:\/\/now-news.de\/de\/#website"},"primaryImageOfPage":{"@id":"https:\/\/now-news.de\/de\/deutschland\/cancel-culture-historiker-kowalczuk-verpasst-der-band-rammstein-das-etikett-ddr-nostalgie\/#primaryimage"},"image":{"@id":"https:\/\/now-news.de\/de\/deutschland\/cancel-culture-historiker-kowalczuk-verpasst-der-band-rammstein-das-etikett-ddr-nostalgie\/#primaryimage"},"thumbnailUrl":"https:\/\/now-news.de\/de\/wp-content\/uploads\/sites\/3\/2023\/01\/Cancel-Culture-Historiker-Kowalczuk-verpasst-der-Band-quotRammsteinquot-das-Etikett.jpg","datePublished":"2023-01-06T17:02:53+00:00","dateModified":"2023-01-06T17:02:53+00:00","breadcrumb":{"@id":"https:\/\/now-news.de\/de\/deutschland\/cancel-culture-historiker-kowalczuk-verpasst-der-band-rammstein-das-etikett-ddr-nostalgie\/#breadcrumb"},"inLanguage":"de","potentialAction":[{"@type":"ReadAction","target":["https:\/\/now-news.de\/de\/deutschland\/cancel-culture-historiker-kowalczuk-verpasst-der-band-rammstein-das-etikett-ddr-nostalgie\/"]}]},{"@type":"ImageObject","inLanguage":"de","@id":"https:\/\/now-news.de\/de\/deutschland\/cancel-culture-historiker-kowalczuk-verpasst-der-band-rammstein-das-etikett-ddr-nostalgie\/#primaryimage","url":"https:\/\/now-news.de\/de\/wp-content\/uploads\/sites\/3\/2023\/01\/Cancel-Culture-Historiker-Kowalczuk-verpasst-der-Band-quotRammsteinquot-das-Etikett.jpg","contentUrl":"https:\/\/now-news.de\/de\/wp-content\/uploads\/sites\/3\/2023\/01\/Cancel-Culture-Historiker-Kowalczuk-verpasst-der-Band-quotRammsteinquot-das-Etikett.jpg","width":460,"height":259,"caption":"Cancel Culture: Historiker Kowalczuk verpasst der Band &quot;Rammstein&quot; das Etikett &quot;DDR-Nostalgie&quot;"},{"@type":"BreadcrumbList","@id":"https:\/\/now-news.de\/de\/deutschland\/cancel-culture-historiker-kowalczuk-verpasst-der-band-rammstein-das-etikett-ddr-nostalgie\/#breadcrumb","itemListElement":[{"@type":"ListItem","position":1,"name":"Home","item":"https:\/\/now-news.de\/de\/"},{"@type":"ListItem","position":2,"name":"Cancel Culture: Historiker Kowalczuk verpasst der Band &quot;Rammstein&quot; das Etikett &quot;DDR-Nostalgie&quot;"}]},{"@type":"WebSite","@id":"https:\/\/now-news.de\/de\/#website","url":"https:\/\/now-news.de\/de\/","name":"just-now.NEWS Deutschland","description":"Das Portal f\u00fcr unzensierte Nachrichten aus der Welt","publisher":{"@id":"https:\/\/now-news.de\/de\/#organization"},"potentialAction":[{"@type":"SearchAction","target":{"@type":"EntryPoint","urlTemplate":"https:\/\/now-news.de\/de\/?s={search_term_string}"},"query-input":"required name=search_term_string"}],"inLanguage":"de"},{"@type":"Organization","@id":"https:\/\/now-news.de\/de\/#organization","name":"Just Now News","url":"https:\/\/now-news.de\/de\/","logo":{"@type":"ImageObject","inLanguage":"de","@id":"https:\/\/now-news.de\/de\/#\/schema\/logo\/image\/","url":"http:\/\/just-now.news\/de\/wp-content\/uploads\/sites\/3\/2022\/04\/logo500x500.jpg","contentUrl":"http:\/\/just-now.news\/de\/wp-content\/uploads\/sites\/3\/2022\/04\/logo500x500.jpg","width":500,"height":500,"caption":"Just Now News"},"image":{"@id":"https:\/\/now-news.de\/de\/#\/schema\/logo\/image\/"},"sameAs":["https:\/\/www.facebook.com\/wirmachenauf","https:\/\/x.com\/WirMachenAuf_de"]},{"@type":"Person","@id":"https:\/\/now-news.de\/de\/#\/schema\/person\/fb534a4e865501d8b3285208df34a9b5","name":"rtnews","image":{"@type":"ImageObject","inLanguage":"de","@id":"https:\/\/now-news.de\/de\/#\/schema\/person\/image\/","url":"https:\/\/secure.gravatar.com\/avatar\/82aafea7d8127119dd649515f56e2117?s=96&d=mm&r=g","contentUrl":"https:\/\/secure.gravatar.com\/avatar\/82aafea7d8127119dd649515f56e2117?s=96&d=mm&r=g","caption":"rtnews"},"url":"https:\/\/now-news.de\/de\/author\/rnews\/"}]}},"_links":{"self":[{"href":"https:\/\/now-news.de\/de\/wp-json\/wp\/v2\/posts\/27083"}],"collection":[{"href":"https:\/\/now-news.de\/de\/wp-json\/wp\/v2\/posts"}],"about":[{"href":"https:\/\/now-news.de\/de\/wp-json\/wp\/v2\/types\/post"}],"author":[{"embeddable":true,"href":"https:\/\/now-news.de\/de\/wp-json\/wp\/v2\/users\/3"}],"replies":[{"embeddable":true,"href":"https:\/\/now-news.de\/de\/wp-json\/wp\/v2\/comments?post=27083"}],"version-history":[{"count":0,"href":"https:\/\/now-news.de\/de\/wp-json\/wp\/v2\/posts\/27083\/revisions"}],"wp:featuredmedia":[{"embeddable":true,"href":"https:\/\/now-news.de\/de\/wp-json\/wp\/v2\/media\/27084"}],"wp:attachment":[{"href":"https:\/\/now-news.de\/de\/wp-json\/wp\/v2\/media?parent=27083"}],"wp:term":[{"taxonomy":"category","embeddable":true,"href":"https:\/\/now-news.de\/de\/wp-json\/wp\/v2\/categories?post=27083"},{"taxonomy":"post_tag","embeddable":true,"href":"https:\/\/now-news.de\/de\/wp-json\/wp\/v2\/tags?post=27083"}],"curies":[{"name":"wp","href":"https:\/\/api.w.org\/{rel}","templated":true}]}}