{"id":27063,"date":"2023-01-06T13:42:45","date_gmt":"2023-01-06T11:42:45","guid":{"rendered":"https:\/\/just-now.news\/de\/deutschland\/neben-den-usa-terror-chef-in-idlib-verurteilt-moegliche-annaeherung-zwischen-tuerkei-und-syrien\/"},"modified":"2023-01-06T13:42:45","modified_gmt":"2023-01-06T11:42:45","slug":"neben-den-usa-terror-chef-in-idlib-verurteilt-moegliche-annaeherung-zwischen-tuerkei-und-syrien","status":"publish","type":"post","link":"https:\/\/now-news.de\/de\/deutschland\/neben-den-usa-terror-chef-in-idlib-verurteilt-moegliche-annaeherung-zwischen-tuerkei-und-syrien\/","title":{"rendered":"Neben den USA: Terror-Chef in Idlib verurteilt m\u00f6gliche Ann\u00e4herung zwischen T\u00fcrkei und Syrien"},"content":{"rendered":"<p><img decoding=\"async\" src=\"http:\/\/just-now.news\/de\/wp-content\/uploads\/sites\/3\/2023\/01\/63b7e04648fbef3b1c615564.jpg\" \/><\/p>\n<div class=\"Text-root Text-type_1 \">\n                Nicht nur die USA, sondern auch islamistische Gruppierungen in Idlib sind unzufrieden mit dem neuen diplomatischen Ansatz der T\u00fcrkei zur Normalisierung der Beziehungen zu Syrien. Der Chef der Terrormiliz HTS rief nun alle bewaffneten Gruppen dazu auf, eine Einheitsfront mit seiner Gruppe zu bilden, um &#8220;der bestehenden Bedrohung&#8221; entgegenzutreten.\n            <\/div>\n<p><\/p>\n<div class=\"Text-root Text-type_5 ArticleView-text ViewText-root \">\n<p>Abu Muhammad al-Dschaulani, der Anf\u00fchrer der in Idlib ans\u00e4ssigen islamistischen Extremistengruppe Hai\u02beat Tahrir asch-Scham (<a rel=\"nofollow noopener\" target=\"_blank\" href=\"https:\/\/de.wikipedia.org\/wiki\/Hai%CA%BEat_Tahrir_asch-Scham\">HTS<\/a>) \u2013 fr\u00fcher bekannt als die mit al-Qaida verbundene Nusra-Front \u2013, gab eine Videoerkl\u00e4rung ab, in der er die Aussicht auf von Russland vermittelte Gespr\u00e4che zwischen Damaskus und Ankara ablehnte.<\/p>\n<div class=\"EmbedBlock-root EmbedBlock-twitter\">\n<div class=\"TwitterEmbed\">\n<blockquote class=\"twitter-tweet lazyload\" data-twitter=\"twitter-tweet\">\n<p lang=\"en\" dir=\"ltr\">The leader of Hayat Tahrir al-Sham, &#8220;Abu Muhammad al-Julani,&#8221; comments in a video speech on the steps of Turkish rapprochement with the Assad regime <a rel=\"nofollow noopener\" target=\"_blank\" href=\"https:\/\/t.co\/9cMzB5DtRk\">pic.twitter.com\/9cMzB5DtRk<\/a><\/p>\n<p>\u2014 Vlogging Northwestern Syria (@timtams83) <a rel=\"nofollow noopener\" target=\"_blank\" href=\"https:\/\/twitter.com\/timtams83\/status\/1609980281594777601?ref_src=twsrc%5Etfw\">January 2, 2023<\/a><\/p><\/blockquote>\n<\/div>\n<\/div>\n<p>Die Gruppe stehe &#8220;vor einer\u00a0gro\u00dfen Herausforderung&#8221; und die Gespr\u00e4che zwischen der syrischen\u00a0Regierung und seinen russischen Verb\u00fcndeten mit der t\u00fcrkischen Seite stellten &#8220;eine ernsthafte Abweichung von unseren Zielen dar&#8221;, sagte al-Dschaulani. Der HTS-Chef rief au\u00dferdem alle bewaffneten Gruppen in Nordsyrien dazu auf, eine &#8220;Einheitsfront&#8221; mit seiner Gruppe zu bilden, um &#8220;der bestehenden Bedrohung&#8221; entgegenzutreten.<\/p>\n<p>Im Jahr 2015 eroberte die Nusra-Front im Verbund mit anderen islamistischen Kampfgruppen sowie\u00a0mit der Unterst\u00fctzung der T\u00fcrkei die n\u00f6rdliche Provinz Idlib, die heute die letzte Bastion der Dschihadisten in Syrien ist.\u00a0Das Branding &#8220;al-Qaida&#8221; wurde f\u00fcr die Nusra-Front jedoch zunehmend hinderlich, da es eine offene Unterst\u00fctzung durch ausl\u00e4ndische Staaten unm\u00f6glich machte, die den Regime Change in Syrien vorantreiben wollten.\u00a0Daher benannte sich die Nusra-Front im Jahr 2017 in Hai\u02beat Tahrir asch-Scham um, weiterhin befehligt von Dschaulani.\u00a0<\/p>\n<p>Nach\u00a0Jahren der diplomatischen Eiszeit zwischen der T\u00fcrkei und\u00a0Syrien\u00a0hatten sich die Verteidigungsminister beider L\u00e4nder am 28. Dezember 2022 in Moskau getroffen. An den Gespr\u00e4chen\u00a0sollen auch\u00a0der russische Verteidigungsminister Sergei Schoigu\u00a0sowie die Geheimdienstchefs aller drei L\u00e4nder teilgenommen haben.<\/p>\n<p>Bei diesem Treffen, dem ersten Ministertreffen zwischen Damaskus und Ankara seit 2011, ging es nach offiziellen Angaben um die Einrichtung eines gemeinsamen Mechanismus, mit dem die beiden L\u00e4nder gemeinsam den Terrorismus bek\u00e4mpfen k\u00f6nnen.<\/p>\n<p>Auch die\u00a0USA sind unzufrieden mit dem diplomatischen Ansatz der T\u00fcrkei zur Beendigung der Syrien-Krise.\u00a0Der Sprecher des US-Au\u00dfenministeriums, Ned Price, \u00e4u\u00dferte in einer Pressekonferenz am 3. Januar seine Unzufriedenheit \u00fcber die Ann\u00e4herung der T\u00fcrkei an die syrische Regierung. Price f\u00fcgte hinzu, dass die USA ihre Verb\u00fcndeten und internationalen Partner auffordern, von einer Normalisierung der Beziehungen zu Damaskus abzusehen, und betonte, dass eine Aufwertung der Beziehungen vermieden werden m\u00fcsse.<\/p>\n<p>Der t\u00fcrkische Pr\u00e4sident Recep Tayyip Erdo\u011fan schlie\u00dft seit Monaten ein Treffen mit seinem syrischen Amtskollegen Baschar al-Assad nicht mehr aus. Er sprach am Donnerstag von einem neuen Friedensprozess, an dem auch Russland beteiligt sei. Erdo\u011fan\u00a0sagte, dass zun\u00e4chst ein trilaterales Treffen der Au\u00dfenminister der T\u00fcrkei, Russlands und Syriens stattfinden werde, um die Kontakte nach den j\u00fcngsten wegweisenden Gespr\u00e4chen zwischen den Verteidigungsministern der drei L\u00e4nder letzte Woche in Moskau weiter auszubauen.<\/p>\n<p>Im Zuge der j\u00fcngsten t\u00fcrkischen Invasionspl\u00e4ne in Nordsyrien str\u00e4ubt sich Pr\u00e4sident Assad Berichten zufolge jedoch gegen russische Bem\u00fchungen, ein Gipfeltreffen mit dem t\u00fcrkischen Pr\u00e4sidenten Erdo\u011fan zu vermitteln. Die T\u00fcrkei geh\u00f6rt zu jenen Staaten, die Assad zuletzt um jeden Preis st\u00fcrzen wollten. Die T\u00fcrkei h\u00e4lt Gebiete im Norden Syriens besetzt. Sie geht derzeit mit einer Luftoffensive in weitgehend von der syrischen Kurdenmiliz YPG kontrollierten Gebieten vor.<\/p>\n<p><strong>Mehr zum Thema<\/strong>\u00a0\u2013 <a rel=\"nofollow noopener\" target=\"_blank\" href=\"https:\/\/de.rt.com\/der-nahe-osten\/158461-moskau-hochrangige-vertreter-tuerkei-und-syrien\/\">Moskau: Hochrangige Vertreter der T\u00fcrkei und Syriens treffen sich erstmals seit 2011<\/a><\/p>\n<div class=\"EmbedBlock-root EmbedBlock-externalVideo EmbedBlock-vk\">\n<div class=\"VkEmbed\"><iframe class=\"lazyload\" data-src=\"https:\/\/vk.com\/video_ext.php?oid=-134310637&amp;id=456254436&amp;hash=388f646a3d7ceaa6\" frameborder=\"0\" width=\"853\" height=\"480\" allowfullscreen><\/iframe><\/div>\n<\/div>\n<\/div>\n<p><script async src=\"https:\/\/platform.twitter.com\/widgets.js\" charset=\"utf-8\"><\/script><br \/>\n<br \/><br \/>\n<br \/><a href=\"https:\/\/de.rt.com\/der-nahe-osten\/159081-neben-usa-terror-chef-in\/\">Source link <\/a><\/p>\n","protected":false},"excerpt":{"rendered":"<p>Nicht nur die USA, sondern auch islamistische Gruppierungen in Idlib sind unzufrieden mit dem neuen diplomatischen Ansatz der T\u00fcrkei zur Normalisierung der Beziehungen zu Syrien. Der Chef der Terrormiliz HTS rief nun alle bewaffneten Gruppen dazu auf, eine Einheitsfront mit seiner Gruppe zu bilden, um &#8220;der bestehenden Bedrohung&#8221; entgegenzutreten. Abu Muhammad al-Dschaulani, der Anf\u00fchrer der [&hellip;]<\/p>\n","protected":false},"author":3,"featured_media":27064,"comment_status":"open","ping_status":"open","sticky":false,"template":"","format":"standard","meta":{"_yoast_indexnow_last_ping":["1673006038"],"wp_automatic_camp":["217"],"26d971217fbfa918f5b4ef13c61f253f":["Neben den USA: Terror-Chef in Idlib verurteilt m\u00f6gliche Ann\u00e4herung zwischen T\u00fcrkei und Syrien"],"original_link":["https:\/\/de.rt.com\/der-nahe-osten\/159081-neben-usa-terror-chef-in\/"],"_thumbnail_id":["27064"],"jnews_social_counter_last_update":["1777188573"],"_wptgpro_p2tg_sent2tg":["a:1:{i:23737;s:19:\"2023-01-06 13:55:25\";}"]},"categories":[19,23],"tags":[18748,48,26946,26307,38595,783,38596,1897,140,193,2006,436],"yoast_head":"<!-- This site is optimized with the Yoast SEO Premium plugin v22.7 (Yoast SEO v22.7) - https:\/\/yoast.com\/wordpress\/plugins\/seo\/ -->\n<title>Neben den USA: Terror-Chef in Idlib verurteilt m\u00f6gliche Ann\u00e4herung zwischen T\u00fcrkei und Syrien - just-now.NEWS Deutschland<\/title>\n<meta name=\"robots\" content=\"index, follow, max-snippet:-1, max-image-preview:large, max-video-preview:-1\" \/>\n<link rel=\"canonical\" href=\"https:\/\/now-news.de\/de\/deutschland\/neben-den-usa-terror-chef-in-idlib-verurteilt-moegliche-annaeherung-zwischen-tuerkei-und-syrien\/\" \/>\n<meta property=\"og:locale\" content=\"de_DE\" \/>\n<meta property=\"og:type\" content=\"article\" \/>\n<meta property=\"og:title\" content=\"Neben den USA: Terror-Chef in Idlib verurteilt m\u00f6gliche Ann\u00e4herung zwischen T\u00fcrkei und Syrien\" \/>\n<meta property=\"og:description\" content=\"Nicht nur die USA, sondern auch islamistische Gruppierungen in Idlib sind unzufrieden mit dem neuen diplomatischen Ansatz der T\u00fcrkei zur Normalisierung der Beziehungen zu Syrien. Der Chef der Terrormiliz HTS rief nun alle bewaffneten Gruppen dazu auf, eine Einheitsfront mit seiner Gruppe zu bilden, um &#8220;der bestehenden Bedrohung&#8221; entgegenzutreten. Abu Muhammad al-Dschaulani, der Anf\u00fchrer der [&hellip;]\" \/>\n<meta property=\"og:url\" content=\"https:\/\/now-news.de\/de\/deutschland\/neben-den-usa-terror-chef-in-idlib-verurteilt-moegliche-annaeherung-zwischen-tuerkei-und-syrien\/\" \/>\n<meta property=\"og:site_name\" content=\"just-now.NEWS Deutschland\" \/>\n<meta property=\"article:publisher\" content=\"https:\/\/www.facebook.com\/wirmachenauf\" \/>\n<meta property=\"article:published_time\" content=\"2023-01-06T11:42:45+00:00\" \/>\n<meta property=\"og:image\" content=\"https:\/\/now-news.de\/de\/wp-content\/uploads\/sites\/3\/2023\/01\/Neben-den-USA-Terror-Chef-in-Idlib-verurteilt-moegliche-Annaeherung-zwischen.jpg\" \/>\n\t<meta property=\"og:image:width\" content=\"460\" \/>\n\t<meta property=\"og:image:height\" content=\"259\" \/>\n\t<meta property=\"og:image:type\" content=\"image\/jpeg\" \/>\n<meta name=\"author\" content=\"rtnews\" \/>\n<meta name=\"twitter:card\" content=\"summary_large_image\" \/>\n<meta name=\"twitter:creator\" content=\"@WirMachenAuf_de\" \/>\n<meta name=\"twitter:site\" content=\"@WirMachenAuf_de\" \/>\n<meta name=\"twitter:label1\" content=\"Verfasst von\" \/>\n\t<meta name=\"twitter:data1\" content=\"rtnews\" \/>\n\t<meta name=\"twitter:label2\" content=\"Gesch\u00e4tzte Lesezeit\" \/>\n\t<meta name=\"twitter:data2\" content=\"3\u00a0Minuten\" \/>\n<script type=\"application\/ld+json\" class=\"yoast-schema-graph\">{\"@context\":\"https:\/\/schema.org\",\"@graph\":[{\"@type\":\"Article\",\"@id\":\"https:\/\/now-news.de\/de\/deutschland\/neben-den-usa-terror-chef-in-idlib-verurteilt-moegliche-annaeherung-zwischen-tuerkei-und-syrien\/#article\",\"isPartOf\":{\"@id\":\"https:\/\/now-news.de\/de\/deutschland\/neben-den-usa-terror-chef-in-idlib-verurteilt-moegliche-annaeherung-zwischen-tuerkei-und-syrien\/\"},\"author\":{\"name\":\"rtnews\",\"@id\":\"https:\/\/now-news.de\/de\/#\/schema\/person\/fb534a4e865501d8b3285208df34a9b5\"},\"headline\":\"Neben den USA: Terror-Chef in Idlib verurteilt m\u00f6gliche Ann\u00e4herung zwischen T\u00fcrkei und Syrien\",\"datePublished\":\"2023-01-06T11:42:45+00:00\",\"dateModified\":\"2023-01-06T11:42:45+00:00\",\"mainEntityOfPage\":{\"@id\":\"https:\/\/now-news.de\/de\/deutschland\/neben-den-usa-terror-chef-in-idlib-verurteilt-moegliche-annaeherung-zwischen-tuerkei-und-syrien\/\"},\"wordCount\":623,\"commentCount\":0,\"publisher\":{\"@id\":\"https:\/\/now-news.de\/de\/#organization\"},\"image\":{\"@id\":\"https:\/\/now-news.de\/de\/deutschland\/neben-den-usa-terror-chef-in-idlib-verurteilt-moegliche-annaeherung-zwischen-tuerkei-und-syrien\/#primaryimage\"},\"thumbnailUrl\":\"https:\/\/now-news.de\/de\/wp-content\/uploads\/sites\/3\/2023\/01\/Neben-den-USA-Terror-Chef-in-Idlib-verurteilt-moegliche-Annaeherung-zwischen.jpg\",\"keywords\":[\"Ann\u00e4herung\",\"den\",\"Idlib\",\"m\u00f6gliche\",\"Neben\",\"Syrien\",\"TerrorChef\",\"T\u00fcrkei\",\"und\",\"USA\",\"verurteilt\",\"zwischen\"],\"articleSection\":[\"Deutschland\",\"Russland\"],\"inLanguage\":\"de\",\"potentialAction\":[{\"@type\":\"CommentAction\",\"name\":\"Comment\",\"target\":[\"https:\/\/now-news.de\/de\/deutschland\/neben-den-usa-terror-chef-in-idlib-verurteilt-moegliche-annaeherung-zwischen-tuerkei-und-syrien\/#respond\"]}]},{\"@type\":\"WebPage\",\"@id\":\"https:\/\/now-news.de\/de\/deutschland\/neben-den-usa-terror-chef-in-idlib-verurteilt-moegliche-annaeherung-zwischen-tuerkei-und-syrien\/\",\"url\":\"https:\/\/now-news.de\/de\/deutschland\/neben-den-usa-terror-chef-in-idlib-verurteilt-moegliche-annaeherung-zwischen-tuerkei-und-syrien\/\",\"name\":\"Neben den USA: Terror-Chef in Idlib verurteilt m\u00f6gliche Ann\u00e4herung zwischen T\u00fcrkei und Syrien - just-now.NEWS Deutschland\",\"isPartOf\":{\"@id\":\"https:\/\/now-news.de\/de\/#website\"},\"primaryImageOfPage\":{\"@id\":\"https:\/\/now-news.de\/de\/deutschland\/neben-den-usa-terror-chef-in-idlib-verurteilt-moegliche-annaeherung-zwischen-tuerkei-und-syrien\/#primaryimage\"},\"image\":{\"@id\":\"https:\/\/now-news.de\/de\/deutschland\/neben-den-usa-terror-chef-in-idlib-verurteilt-moegliche-annaeherung-zwischen-tuerkei-und-syrien\/#primaryimage\"},\"thumbnailUrl\":\"https:\/\/now-news.de\/de\/wp-content\/uploads\/sites\/3\/2023\/01\/Neben-den-USA-Terror-Chef-in-Idlib-verurteilt-moegliche-Annaeherung-zwischen.jpg\",\"datePublished\":\"2023-01-06T11:42:45+00:00\",\"dateModified\":\"2023-01-06T11:42:45+00:00\",\"breadcrumb\":{\"@id\":\"https:\/\/now-news.de\/de\/deutschland\/neben-den-usa-terror-chef-in-idlib-verurteilt-moegliche-annaeherung-zwischen-tuerkei-und-syrien\/#breadcrumb\"},\"inLanguage\":\"de\",\"potentialAction\":[{\"@type\":\"ReadAction\",\"target\":[\"https:\/\/now-news.de\/de\/deutschland\/neben-den-usa-terror-chef-in-idlib-verurteilt-moegliche-annaeherung-zwischen-tuerkei-und-syrien\/\"]}]},{\"@type\":\"ImageObject\",\"inLanguage\":\"de\",\"@id\":\"https:\/\/now-news.de\/de\/deutschland\/neben-den-usa-terror-chef-in-idlib-verurteilt-moegliche-annaeherung-zwischen-tuerkei-und-syrien\/#primaryimage\",\"url\":\"https:\/\/now-news.de\/de\/wp-content\/uploads\/sites\/3\/2023\/01\/Neben-den-USA-Terror-Chef-in-Idlib-verurteilt-moegliche-Annaeherung-zwischen.jpg\",\"contentUrl\":\"https:\/\/now-news.de\/de\/wp-content\/uploads\/sites\/3\/2023\/01\/Neben-den-USA-Terror-Chef-in-Idlib-verurteilt-moegliche-Annaeherung-zwischen.jpg\",\"width\":460,\"height\":259,\"caption\":\"Neben den USA: Terror-Chef in Idlib verurteilt m\u00f6gliche Ann\u00e4herung zwischen T\u00fcrkei und Syrien\"},{\"@type\":\"BreadcrumbList\",\"@id\":\"https:\/\/now-news.de\/de\/deutschland\/neben-den-usa-terror-chef-in-idlib-verurteilt-moegliche-annaeherung-zwischen-tuerkei-und-syrien\/#breadcrumb\",\"itemListElement\":[{\"@type\":\"ListItem\",\"position\":1,\"name\":\"Home\",\"item\":\"https:\/\/now-news.de\/de\/\"},{\"@type\":\"ListItem\",\"position\":2,\"name\":\"Neben den USA: Terror-Chef in Idlib verurteilt m\u00f6gliche Ann\u00e4herung zwischen T\u00fcrkei und Syrien\"}]},{\"@type\":\"WebSite\",\"@id\":\"https:\/\/now-news.de\/de\/#website\",\"url\":\"https:\/\/now-news.de\/de\/\",\"name\":\"just-now.NEWS Deutschland\",\"description\":\"Das Portal f\u00fcr unzensierte Nachrichten aus der Welt\",\"publisher\":{\"@id\":\"https:\/\/now-news.de\/de\/#organization\"},\"potentialAction\":[{\"@type\":\"SearchAction\",\"target\":{\"@type\":\"EntryPoint\",\"urlTemplate\":\"https:\/\/now-news.de\/de\/?s={search_term_string}\"},\"query-input\":\"required name=search_term_string\"}],\"inLanguage\":\"de\"},{\"@type\":\"Organization\",\"@id\":\"https:\/\/now-news.de\/de\/#organization\",\"name\":\"Just Now News\",\"url\":\"https:\/\/now-news.de\/de\/\",\"logo\":{\"@type\":\"ImageObject\",\"inLanguage\":\"de\",\"@id\":\"https:\/\/now-news.de\/de\/#\/schema\/logo\/image\/\",\"url\":\"http:\/\/just-now.news\/de\/wp-content\/uploads\/sites\/3\/2022\/04\/logo500x500.jpg\",\"contentUrl\":\"http:\/\/just-now.news\/de\/wp-content\/uploads\/sites\/3\/2022\/04\/logo500x500.jpg\",\"width\":500,\"height\":500,\"caption\":\"Just Now News\"},\"image\":{\"@id\":\"https:\/\/now-news.de\/de\/#\/schema\/logo\/image\/\"},\"sameAs\":[\"https:\/\/www.facebook.com\/wirmachenauf\",\"https:\/\/x.com\/WirMachenAuf_de\"]},{\"@type\":\"Person\",\"@id\":\"https:\/\/now-news.de\/de\/#\/schema\/person\/fb534a4e865501d8b3285208df34a9b5\",\"name\":\"rtnews\",\"image\":{\"@type\":\"ImageObject\",\"inLanguage\":\"de\",\"@id\":\"https:\/\/now-news.de\/de\/#\/schema\/person\/image\/\",\"url\":\"https:\/\/secure.gravatar.com\/avatar\/82aafea7d8127119dd649515f56e2117?s=96&d=mm&r=g\",\"contentUrl\":\"https:\/\/secure.gravatar.com\/avatar\/82aafea7d8127119dd649515f56e2117?s=96&d=mm&r=g\",\"caption\":\"rtnews\"},\"url\":\"https:\/\/now-news.de\/de\/author\/rnews\/\"}]}<\/script>\n<!-- \/ Yoast SEO Premium plugin. -->","yoast_head_json":{"title":"Neben den USA: Terror-Chef in Idlib verurteilt m\u00f6gliche Ann\u00e4herung zwischen T\u00fcrkei und Syrien - just-now.NEWS Deutschland","robots":{"index":"index","follow":"follow","max-snippet":"max-snippet:-1","max-image-preview":"max-image-preview:large","max-video-preview":"max-video-preview:-1"},"canonical":"https:\/\/now-news.de\/de\/deutschland\/neben-den-usa-terror-chef-in-idlib-verurteilt-moegliche-annaeherung-zwischen-tuerkei-und-syrien\/","og_locale":"de_DE","og_type":"article","og_title":"Neben den USA: Terror-Chef in Idlib verurteilt m\u00f6gliche Ann\u00e4herung zwischen T\u00fcrkei und Syrien","og_description":"Nicht nur die USA, sondern auch islamistische Gruppierungen in Idlib sind unzufrieden mit dem neuen diplomatischen Ansatz der T\u00fcrkei zur Normalisierung der Beziehungen zu Syrien. Der Chef der Terrormiliz HTS rief nun alle bewaffneten Gruppen dazu auf, eine Einheitsfront mit seiner Gruppe zu bilden, um &#8220;der bestehenden Bedrohung&#8221; entgegenzutreten. Abu Muhammad al-Dschaulani, der Anf\u00fchrer der [&hellip;]","og_url":"https:\/\/now-news.de\/de\/deutschland\/neben-den-usa-terror-chef-in-idlib-verurteilt-moegliche-annaeherung-zwischen-tuerkei-und-syrien\/","og_site_name":"just-now.NEWS Deutschland","article_publisher":"https:\/\/www.facebook.com\/wirmachenauf","article_published_time":"2023-01-06T11:42:45+00:00","og_image":[{"width":460,"height":259,"url":"https:\/\/now-news.de\/de\/wp-content\/uploads\/sites\/3\/2023\/01\/Neben-den-USA-Terror-Chef-in-Idlib-verurteilt-moegliche-Annaeherung-zwischen.jpg","type":"image\/jpeg"}],"author":"rtnews","twitter_card":"summary_large_image","twitter_creator":"@WirMachenAuf_de","twitter_site":"@WirMachenAuf_de","twitter_misc":{"Verfasst von":"rtnews","Gesch\u00e4tzte Lesezeit":"3\u00a0Minuten"},"schema":{"@context":"https:\/\/schema.org","@graph":[{"@type":"Article","@id":"https:\/\/now-news.de\/de\/deutschland\/neben-den-usa-terror-chef-in-idlib-verurteilt-moegliche-annaeherung-zwischen-tuerkei-und-syrien\/#article","isPartOf":{"@id":"https:\/\/now-news.de\/de\/deutschland\/neben-den-usa-terror-chef-in-idlib-verurteilt-moegliche-annaeherung-zwischen-tuerkei-und-syrien\/"},"author":{"name":"rtnews","@id":"https:\/\/now-news.de\/de\/#\/schema\/person\/fb534a4e865501d8b3285208df34a9b5"},"headline":"Neben den USA: Terror-Chef in Idlib verurteilt m\u00f6gliche Ann\u00e4herung zwischen T\u00fcrkei und Syrien","datePublished":"2023-01-06T11:42:45+00:00","dateModified":"2023-01-06T11:42:45+00:00","mainEntityOfPage":{"@id":"https:\/\/now-news.de\/de\/deutschland\/neben-den-usa-terror-chef-in-idlib-verurteilt-moegliche-annaeherung-zwischen-tuerkei-und-syrien\/"},"wordCount":623,"commentCount":0,"publisher":{"@id":"https:\/\/now-news.de\/de\/#organization"},"image":{"@id":"https:\/\/now-news.de\/de\/deutschland\/neben-den-usa-terror-chef-in-idlib-verurteilt-moegliche-annaeherung-zwischen-tuerkei-und-syrien\/#primaryimage"},"thumbnailUrl":"https:\/\/now-news.de\/de\/wp-content\/uploads\/sites\/3\/2023\/01\/Neben-den-USA-Terror-Chef-in-Idlib-verurteilt-moegliche-Annaeherung-zwischen.jpg","keywords":["Ann\u00e4herung","den","Idlib","m\u00f6gliche","Neben","Syrien","TerrorChef","T\u00fcrkei","und","USA","verurteilt","zwischen"],"articleSection":["Deutschland","Russland"],"inLanguage":"de","potentialAction":[{"@type":"CommentAction","name":"Comment","target":["https:\/\/now-news.de\/de\/deutschland\/neben-den-usa-terror-chef-in-idlib-verurteilt-moegliche-annaeherung-zwischen-tuerkei-und-syrien\/#respond"]}]},{"@type":"WebPage","@id":"https:\/\/now-news.de\/de\/deutschland\/neben-den-usa-terror-chef-in-idlib-verurteilt-moegliche-annaeherung-zwischen-tuerkei-und-syrien\/","url":"https:\/\/now-news.de\/de\/deutschland\/neben-den-usa-terror-chef-in-idlib-verurteilt-moegliche-annaeherung-zwischen-tuerkei-und-syrien\/","name":"Neben den USA: Terror-Chef in Idlib verurteilt m\u00f6gliche Ann\u00e4herung zwischen T\u00fcrkei und Syrien - just-now.NEWS Deutschland","isPartOf":{"@id":"https:\/\/now-news.de\/de\/#website"},"primaryImageOfPage":{"@id":"https:\/\/now-news.de\/de\/deutschland\/neben-den-usa-terror-chef-in-idlib-verurteilt-moegliche-annaeherung-zwischen-tuerkei-und-syrien\/#primaryimage"},"image":{"@id":"https:\/\/now-news.de\/de\/deutschland\/neben-den-usa-terror-chef-in-idlib-verurteilt-moegliche-annaeherung-zwischen-tuerkei-und-syrien\/#primaryimage"},"thumbnailUrl":"https:\/\/now-news.de\/de\/wp-content\/uploads\/sites\/3\/2023\/01\/Neben-den-USA-Terror-Chef-in-Idlib-verurteilt-moegliche-Annaeherung-zwischen.jpg","datePublished":"2023-01-06T11:42:45+00:00","dateModified":"2023-01-06T11:42:45+00:00","breadcrumb":{"@id":"https:\/\/now-news.de\/de\/deutschland\/neben-den-usa-terror-chef-in-idlib-verurteilt-moegliche-annaeherung-zwischen-tuerkei-und-syrien\/#breadcrumb"},"inLanguage":"de","potentialAction":[{"@type":"ReadAction","target":["https:\/\/now-news.de\/de\/deutschland\/neben-den-usa-terror-chef-in-idlib-verurteilt-moegliche-annaeherung-zwischen-tuerkei-und-syrien\/"]}]},{"@type":"ImageObject","inLanguage":"de","@id":"https:\/\/now-news.de\/de\/deutschland\/neben-den-usa-terror-chef-in-idlib-verurteilt-moegliche-annaeherung-zwischen-tuerkei-und-syrien\/#primaryimage","url":"https:\/\/now-news.de\/de\/wp-content\/uploads\/sites\/3\/2023\/01\/Neben-den-USA-Terror-Chef-in-Idlib-verurteilt-moegliche-Annaeherung-zwischen.jpg","contentUrl":"https:\/\/now-news.de\/de\/wp-content\/uploads\/sites\/3\/2023\/01\/Neben-den-USA-Terror-Chef-in-Idlib-verurteilt-moegliche-Annaeherung-zwischen.jpg","width":460,"height":259,"caption":"Neben den USA: Terror-Chef in Idlib verurteilt m\u00f6gliche Ann\u00e4herung zwischen T\u00fcrkei und Syrien"},{"@type":"BreadcrumbList","@id":"https:\/\/now-news.de\/de\/deutschland\/neben-den-usa-terror-chef-in-idlib-verurteilt-moegliche-annaeherung-zwischen-tuerkei-und-syrien\/#breadcrumb","itemListElement":[{"@type":"ListItem","position":1,"name":"Home","item":"https:\/\/now-news.de\/de\/"},{"@type":"ListItem","position":2,"name":"Neben den USA: Terror-Chef in Idlib verurteilt m\u00f6gliche Ann\u00e4herung zwischen T\u00fcrkei und Syrien"}]},{"@type":"WebSite","@id":"https:\/\/now-news.de\/de\/#website","url":"https:\/\/now-news.de\/de\/","name":"just-now.NEWS Deutschland","description":"Das Portal f\u00fcr unzensierte Nachrichten aus der Welt","publisher":{"@id":"https:\/\/now-news.de\/de\/#organization"},"potentialAction":[{"@type":"SearchAction","target":{"@type":"EntryPoint","urlTemplate":"https:\/\/now-news.de\/de\/?s={search_term_string}"},"query-input":"required name=search_term_string"}],"inLanguage":"de"},{"@type":"Organization","@id":"https:\/\/now-news.de\/de\/#organization","name":"Just Now News","url":"https:\/\/now-news.de\/de\/","logo":{"@type":"ImageObject","inLanguage":"de","@id":"https:\/\/now-news.de\/de\/#\/schema\/logo\/image\/","url":"http:\/\/just-now.news\/de\/wp-content\/uploads\/sites\/3\/2022\/04\/logo500x500.jpg","contentUrl":"http:\/\/just-now.news\/de\/wp-content\/uploads\/sites\/3\/2022\/04\/logo500x500.jpg","width":500,"height":500,"caption":"Just Now News"},"image":{"@id":"https:\/\/now-news.de\/de\/#\/schema\/logo\/image\/"},"sameAs":["https:\/\/www.facebook.com\/wirmachenauf","https:\/\/x.com\/WirMachenAuf_de"]},{"@type":"Person","@id":"https:\/\/now-news.de\/de\/#\/schema\/person\/fb534a4e865501d8b3285208df34a9b5","name":"rtnews","image":{"@type":"ImageObject","inLanguage":"de","@id":"https:\/\/now-news.de\/de\/#\/schema\/person\/image\/","url":"https:\/\/secure.gravatar.com\/avatar\/82aafea7d8127119dd649515f56e2117?s=96&d=mm&r=g","contentUrl":"https:\/\/secure.gravatar.com\/avatar\/82aafea7d8127119dd649515f56e2117?s=96&d=mm&r=g","caption":"rtnews"},"url":"https:\/\/now-news.de\/de\/author\/rnews\/"}]}},"_links":{"self":[{"href":"https:\/\/now-news.de\/de\/wp-json\/wp\/v2\/posts\/27063"}],"collection":[{"href":"https:\/\/now-news.de\/de\/wp-json\/wp\/v2\/posts"}],"about":[{"href":"https:\/\/now-news.de\/de\/wp-json\/wp\/v2\/types\/post"}],"author":[{"embeddable":true,"href":"https:\/\/now-news.de\/de\/wp-json\/wp\/v2\/users\/3"}],"replies":[{"embeddable":true,"href":"https:\/\/now-news.de\/de\/wp-json\/wp\/v2\/comments?post=27063"}],"version-history":[{"count":0,"href":"https:\/\/now-news.de\/de\/wp-json\/wp\/v2\/posts\/27063\/revisions"}],"wp:featuredmedia":[{"embeddable":true,"href":"https:\/\/now-news.de\/de\/wp-json\/wp\/v2\/media\/27064"}],"wp:attachment":[{"href":"https:\/\/now-news.de\/de\/wp-json\/wp\/v2\/media?parent=27063"}],"wp:term":[{"taxonomy":"category","embeddable":true,"href":"https:\/\/now-news.de\/de\/wp-json\/wp\/v2\/categories?post=27063"},{"taxonomy":"post_tag","embeddable":true,"href":"https:\/\/now-news.de\/de\/wp-json\/wp\/v2\/tags?post=27063"}],"curies":[{"name":"wp","href":"https:\/\/api.w.org\/{rel}","templated":true}]}}