{"id":27030,"date":"2023-01-05T22:45:51","date_gmt":"2023-01-05T20:45:51","guid":{"rendered":"https:\/\/just-now.news\/de\/deutschland\/weissrussisches-verteidigungsministerium-kuendigt-ankunft-neuer-russischer-streitkraefte-im-lande-an\/"},"modified":"2023-01-05T22:45:51","modified_gmt":"2023-01-05T20:45:51","slug":"weissrussisches-verteidigungsministerium-kuendigt-ankunft-neuer-russischer-streitkraefte-im-lande-an","status":"publish","type":"post","link":"https:\/\/now-news.de\/de\/deutschland\/weissrussisches-verteidigungsministerium-kuendigt-ankunft-neuer-russischer-streitkraefte-im-lande-an\/","title":{"rendered":"Wei\u00dfrussisches Verteidigungsministerium k\u00fcndigt Ankunft neuer russischer Streitkr\u00e4fte im Lande an"},"content":{"rendered":"<p><img decoding=\"async\" src=\"http:\/\/just-now.news\/de\/wp-content\/uploads\/sites\/3\/2023\/01\/63b71f93b480cc25c2129048.jpg\" \/><\/p>\n<div class=\"Text-root Text-type_1 \">\n                Der Aufbau der regionalen Truppengruppierung in Wei\u00dfrussland wurde fortgesetzt, teilte das Verteidigungsministerium des Landes mit. Wladimir Putin und Alexander Lukaschenko hatten im Herbst vereinbart, eine gemeinsame Gruppe von 9.000 Soldaten in Wei\u00dfrussland zu stationieren.\n            <\/div>\n<p><\/p>\n<div class=\"Text-root Text-type_5 ArticleView-text ViewText-root \">\n<p>Russland und Wei\u00dfrussland setzen den Aufbau der regionalen Truppengruppierung fort, wobei neue Truppen und milit\u00e4rische Ausr\u00fcstung aus Russland in Wei\u00dfrussland eintreffen, so das Verteidigungsministerium der Republik. In Minsk wurde <a rel=\"nofollow noopener\" target=\"_blank\" href=\"https:\/\/t.me\/modmilby\/21430\">erkl\u00e4rt<\/a>:<em><\/em><\/p>\n<blockquote>\n<p><em>&#8220;Aufgrund der sich abzeichnenden Situation findet dieser Prozess heute in Etappen statt.&#8221;<\/em><\/p>\n<\/blockquote>\n<p>Auf dem wei\u00dfrussischen Truppen\u00fcbungsplatz werde ein Kampftraining mit den eintreffenden russischen Streitkr\u00e4ften organisiert. In der Erkl\u00e4rung <a rel=\"nofollow noopener\" target=\"_blank\" href=\"https:\/\/t.me\/modmilby\/21431\">hei\u00dft<\/a> es:<\/p>\n<blockquote>\n<p><em>&#8220;Um das Niveau der Gefechtsausbildung der Luftfahrteinheiten der Streitkr\u00e4fte der Republik Wei\u00dfrussland und der Russischen F\u00f6deration, die Teil der Luftfahrtkomponente sind, zu verbessern, ist eine gemeinsame Flug- und Taktik\u00fcbung geplant.&#8221;<\/em><\/p>\n<\/blockquote>\n<p>Am 10. Oktober hatte der wei\u00dfrussische Pr\u00e4sident Alexander Lukaschenko bekannt gegeben, dass er sich mit seinem russischen Amtskollegen Wladimir Putin darauf geeinigt habe, eine gemeinsame Truppengruppierung im Land zu stationieren. Minsk und Moskau hatten erkl\u00e4rt, dass der Einsatz der gemeinsamen Streitkr\u00e4fte rein defensiv sei. Im Oktober hatte das wei\u00dfrussische Verteidigungsministerium mitgeteilt, dass die Zahl der russischen Milit\u00e4rangeh\u00f6rigen in der Gruppierung etwas weniger als 9.000 betragen w\u00fcrde.<em><\/em><\/p>\n<p>Ende Dezember schloss Lukaschenko nicht aus, dass die Nachbarl\u00e4nder von Wei\u00dfrussland eine Aggression gegen das Land &#8220;einsetzen&#8221; k\u00f6nnten. In diesem Zusammenhang beschloss der Pr\u00e4sident, die sofortige Eingreiftruppe zu \u00fcberpr\u00fcfen \u2013 Einheiten, die in Notf\u00e4llen in Alarmbereitschaft versetzt und &#8220;an den Ort geschickt werden, an dem es zu Spannungen kommt&#8221;. Wei\u00dfrussland hatte bereits im Juni \u00dcbungen zur Sicherung der Heimatfront und im August zum Schutz wichtiger Einrichtungen in Minsk abgehalten.<em><\/em><\/p>\n<p>Nach dem Beginn der russischen Spezialoperation in der Ukraine hatte Lukaschenko mehrmals erkl\u00e4rt, dass Wei\u00dfrussland sich nicht daran beteiligen werde. Im Herbst erkl\u00e4rte er jedoch, dass Minsk zwar an der Operation teilgenommen, aber sein Milit\u00e4r nirgendwo hingeschickt habe.<em><\/em><\/p>\n<p>Ende Dezember meldete das wei\u00dfrussische Verteidigungsministerium, dass eine ukrainische S-300-Luftabwehrrakete \u00fcber seinem Hoheitsgebiet abgeschossen wurde. Minsk forderte Kiew auf, \u00e4hnliche Vorf\u00e4lle zu untersuchen und in Zukunft zu verhindern. Das ukrainische Verteidigungsministerium behauptete, es habe das Recht, &#8220;seinen eigenen Luftraum zu verteidigen und zu sch\u00fctzen&#8221;, erkl\u00e4rte sich aber bereit, den Vorfall zu untersuchen.<em><\/em><\/p>\n<p><strong>Mehr zum Thema<\/strong> &#8211; <a rel=\"nofollow noopener\" target=\"_blank\" href=\"https:\/\/de.rt.com\/kurzclips\/video\/158553-ukrainische-s-300-rakete-schlaegt\/\">Ukrainische S-300-Rakete schl\u00e4gt in Wei\u00dfrussland ein<\/a><\/p>\n<\/div>\n<p><br \/>\n<br \/><a href=\"https:\/\/de.rt.com\/international\/159049-weissrussisches-verteidigungsministerium-kuendigt-ankunft-neuer\/\">Source link <\/a><\/p>\n","protected":false},"excerpt":{"rendered":"<p>Der Aufbau der regionalen Truppengruppierung in Wei\u00dfrussland wurde fortgesetzt, teilte das Verteidigungsministerium des Landes mit. Wladimir Putin und Alexander Lukaschenko hatten im Herbst vereinbart, eine gemeinsame Gruppe von 9.000 Soldaten in Wei\u00dfrussland zu stationieren. Russland und Wei\u00dfrussland setzen den Aufbau der regionalen Truppengruppierung fort, wobei neue Truppen und milit\u00e4rische Ausr\u00fcstung aus Russland in Wei\u00dfrussland eintreffen, [&hellip;]<\/p>\n","protected":false},"author":3,"featured_media":27031,"comment_status":"open","ping_status":"open","sticky":false,"template":"","format":"standard","meta":{"_yoast_indexnow_last_ping":["1672951919"],"wp_automatic_camp":["217"],"1069baca04517830558502117b22b3d9":["Wei\u00dfrussisches Verteidigungsministerium k\u00fcndigt Ankunft neuer russischer Streitkr\u00e4fte im Lande an"],"original_link":["https:\/\/de.rt.com\/international\/159049-weissrussisches-verteidigungsministerium-kuendigt-ankunft-neuer\/"],"_thumbnail_id":["27031"],"_wptgpro_p2tg_sent2tg":["a:1:{i:23737;s:19:\"2023-01-05 22:53:36\";}"],"jnews_social_counter_last_update":["1777646263"]},"categories":[19,23],"tags":[25018,4224,38580,956,793,17702,1437,18556],"yoast_head":"<!-- This site is optimized with the Yoast SEO Premium plugin v22.7 (Yoast SEO v22.7) - https:\/\/yoast.com\/wordpress\/plugins\/seo\/ -->\n<title>Wei\u00dfrussisches Verteidigungsministerium k\u00fcndigt Ankunft neuer russischer Streitkr\u00e4fte im Lande an - just-now.NEWS Deutschland<\/title>\n<meta name=\"robots\" content=\"index, follow, max-snippet:-1, max-image-preview:large, max-video-preview:-1\" \/>\n<link rel=\"canonical\" href=\"https:\/\/now-news.de\/de\/deutschland\/weissrussisches-verteidigungsministerium-kuendigt-ankunft-neuer-russischer-streitkraefte-im-lande-an\/\" \/>\n<meta property=\"og:locale\" content=\"de_DE\" \/>\n<meta property=\"og:type\" content=\"article\" \/>\n<meta property=\"og:title\" content=\"Wei\u00dfrussisches Verteidigungsministerium k\u00fcndigt Ankunft neuer russischer Streitkr\u00e4fte im Lande an\" \/>\n<meta property=\"og:description\" content=\"Der Aufbau der regionalen Truppengruppierung in Wei\u00dfrussland wurde fortgesetzt, teilte das Verteidigungsministerium des Landes mit. Wladimir Putin und Alexander Lukaschenko hatten im Herbst vereinbart, eine gemeinsame Gruppe von 9.000 Soldaten in Wei\u00dfrussland zu stationieren. Russland und Wei\u00dfrussland setzen den Aufbau der regionalen Truppengruppierung fort, wobei neue Truppen und milit\u00e4rische Ausr\u00fcstung aus Russland in Wei\u00dfrussland eintreffen, [&hellip;]\" \/>\n<meta property=\"og:url\" content=\"https:\/\/now-news.de\/de\/deutschland\/weissrussisches-verteidigungsministerium-kuendigt-ankunft-neuer-russischer-streitkraefte-im-lande-an\/\" \/>\n<meta property=\"og:site_name\" content=\"just-now.NEWS Deutschland\" \/>\n<meta property=\"article:publisher\" content=\"https:\/\/www.facebook.com\/wirmachenauf\" \/>\n<meta property=\"article:published_time\" content=\"2023-01-05T20:45:51+00:00\" \/>\n<meta property=\"og:image\" content=\"https:\/\/now-news.de\/de\/wp-content\/uploads\/sites\/3\/2023\/01\/Weissrussisches-Verteidigungsministerium-kuendigt-Ankunft-neuer-russischer-Streitkraefte-im-Lande-an.jpg\" \/>\n\t<meta property=\"og:image:width\" content=\"460\" \/>\n\t<meta property=\"og:image:height\" content=\"259\" \/>\n\t<meta property=\"og:image:type\" content=\"image\/jpeg\" \/>\n<meta name=\"author\" content=\"rtnews\" \/>\n<meta name=\"twitter:card\" content=\"summary_large_image\" \/>\n<meta name=\"twitter:creator\" content=\"@WirMachenAuf_de\" \/>\n<meta name=\"twitter:site\" content=\"@WirMachenAuf_de\" \/>\n<meta name=\"twitter:label1\" content=\"Verfasst von\" \/>\n\t<meta name=\"twitter:data1\" content=\"rtnews\" \/>\n\t<meta name=\"twitter:label2\" content=\"Gesch\u00e4tzte Lesezeit\" \/>\n\t<meta name=\"twitter:data2\" content=\"2\u00a0Minuten\" \/>\n<script type=\"application\/ld+json\" class=\"yoast-schema-graph\">{\"@context\":\"https:\/\/schema.org\",\"@graph\":[{\"@type\":\"Article\",\"@id\":\"https:\/\/now-news.de\/de\/deutschland\/weissrussisches-verteidigungsministerium-kuendigt-ankunft-neuer-russischer-streitkraefte-im-lande-an\/#article\",\"isPartOf\":{\"@id\":\"https:\/\/now-news.de\/de\/deutschland\/weissrussisches-verteidigungsministerium-kuendigt-ankunft-neuer-russischer-streitkraefte-im-lande-an\/\"},\"author\":{\"name\":\"rtnews\",\"@id\":\"https:\/\/now-news.de\/de\/#\/schema\/person\/fb534a4e865501d8b3285208df34a9b5\"},\"headline\":\"Wei\u00dfrussisches Verteidigungsministerium k\u00fcndigt Ankunft neuer russischer Streitkr\u00e4fte im Lande an\",\"datePublished\":\"2023-01-05T20:45:51+00:00\",\"dateModified\":\"2023-01-05T20:45:51+00:00\",\"mainEntityOfPage\":{\"@id\":\"https:\/\/now-news.de\/de\/deutschland\/weissrussisches-verteidigungsministerium-kuendigt-ankunft-neuer-russischer-streitkraefte-im-lande-an\/\"},\"wordCount\":414,\"commentCount\":0,\"publisher\":{\"@id\":\"https:\/\/now-news.de\/de\/#organization\"},\"image\":{\"@id\":\"https:\/\/now-news.de\/de\/deutschland\/weissrussisches-verteidigungsministerium-kuendigt-ankunft-neuer-russischer-streitkraefte-im-lande-an\/#primaryimage\"},\"thumbnailUrl\":\"https:\/\/now-news.de\/de\/wp-content\/uploads\/sites\/3\/2023\/01\/Weissrussisches-Verteidigungsministerium-kuendigt-Ankunft-neuer-russischer-Streitkraefte-im-Lande-an.jpg\",\"keywords\":[\"Ankunft\",\"k\u00fcndigt\",\"Lande\",\"Neuer\",\"Russischer\",\"Streitkr\u00e4fte\",\"Verteidigungsministerium\",\"Wei\u00dfrussisches\"],\"articleSection\":[\"Deutschland\",\"Russland\"],\"inLanguage\":\"de\",\"potentialAction\":[{\"@type\":\"CommentAction\",\"name\":\"Comment\",\"target\":[\"https:\/\/now-news.de\/de\/deutschland\/weissrussisches-verteidigungsministerium-kuendigt-ankunft-neuer-russischer-streitkraefte-im-lande-an\/#respond\"]}]},{\"@type\":\"WebPage\",\"@id\":\"https:\/\/now-news.de\/de\/deutschland\/weissrussisches-verteidigungsministerium-kuendigt-ankunft-neuer-russischer-streitkraefte-im-lande-an\/\",\"url\":\"https:\/\/now-news.de\/de\/deutschland\/weissrussisches-verteidigungsministerium-kuendigt-ankunft-neuer-russischer-streitkraefte-im-lande-an\/\",\"name\":\"Wei\u00dfrussisches Verteidigungsministerium k\u00fcndigt Ankunft neuer russischer Streitkr\u00e4fte im Lande an - just-now.NEWS Deutschland\",\"isPartOf\":{\"@id\":\"https:\/\/now-news.de\/de\/#website\"},\"primaryImageOfPage\":{\"@id\":\"https:\/\/now-news.de\/de\/deutschland\/weissrussisches-verteidigungsministerium-kuendigt-ankunft-neuer-russischer-streitkraefte-im-lande-an\/#primaryimage\"},\"image\":{\"@id\":\"https:\/\/now-news.de\/de\/deutschland\/weissrussisches-verteidigungsministerium-kuendigt-ankunft-neuer-russischer-streitkraefte-im-lande-an\/#primaryimage\"},\"thumbnailUrl\":\"https:\/\/now-news.de\/de\/wp-content\/uploads\/sites\/3\/2023\/01\/Weissrussisches-Verteidigungsministerium-kuendigt-Ankunft-neuer-russischer-Streitkraefte-im-Lande-an.jpg\",\"datePublished\":\"2023-01-05T20:45:51+00:00\",\"dateModified\":\"2023-01-05T20:45:51+00:00\",\"breadcrumb\":{\"@id\":\"https:\/\/now-news.de\/de\/deutschland\/weissrussisches-verteidigungsministerium-kuendigt-ankunft-neuer-russischer-streitkraefte-im-lande-an\/#breadcrumb\"},\"inLanguage\":\"de\",\"potentialAction\":[{\"@type\":\"ReadAction\",\"target\":[\"https:\/\/now-news.de\/de\/deutschland\/weissrussisches-verteidigungsministerium-kuendigt-ankunft-neuer-russischer-streitkraefte-im-lande-an\/\"]}]},{\"@type\":\"ImageObject\",\"inLanguage\":\"de\",\"@id\":\"https:\/\/now-news.de\/de\/deutschland\/weissrussisches-verteidigungsministerium-kuendigt-ankunft-neuer-russischer-streitkraefte-im-lande-an\/#primaryimage\",\"url\":\"https:\/\/now-news.de\/de\/wp-content\/uploads\/sites\/3\/2023\/01\/Weissrussisches-Verteidigungsministerium-kuendigt-Ankunft-neuer-russischer-Streitkraefte-im-Lande-an.jpg\",\"contentUrl\":\"https:\/\/now-news.de\/de\/wp-content\/uploads\/sites\/3\/2023\/01\/Weissrussisches-Verteidigungsministerium-kuendigt-Ankunft-neuer-russischer-Streitkraefte-im-Lande-an.jpg\",\"width\":460,\"height\":259,\"caption\":\"Wei\u00dfrussisches Verteidigungsministerium k\u00fcndigt Ankunft neuer russischer Streitkr\u00e4fte im Lande an\"},{\"@type\":\"BreadcrumbList\",\"@id\":\"https:\/\/now-news.de\/de\/deutschland\/weissrussisches-verteidigungsministerium-kuendigt-ankunft-neuer-russischer-streitkraefte-im-lande-an\/#breadcrumb\",\"itemListElement\":[{\"@type\":\"ListItem\",\"position\":1,\"name\":\"Home\",\"item\":\"https:\/\/now-news.de\/de\/\"},{\"@type\":\"ListItem\",\"position\":2,\"name\":\"Wei\u00dfrussisches Verteidigungsministerium k\u00fcndigt Ankunft neuer russischer Streitkr\u00e4fte im Lande an\"}]},{\"@type\":\"WebSite\",\"@id\":\"https:\/\/now-news.de\/de\/#website\",\"url\":\"https:\/\/now-news.de\/de\/\",\"name\":\"just-now.NEWS Deutschland\",\"description\":\"Das Portal f\u00fcr unzensierte Nachrichten aus der Welt\",\"publisher\":{\"@id\":\"https:\/\/now-news.de\/de\/#organization\"},\"potentialAction\":[{\"@type\":\"SearchAction\",\"target\":{\"@type\":\"EntryPoint\",\"urlTemplate\":\"https:\/\/now-news.de\/de\/?s={search_term_string}\"},\"query-input\":\"required name=search_term_string\"}],\"inLanguage\":\"de\"},{\"@type\":\"Organization\",\"@id\":\"https:\/\/now-news.de\/de\/#organization\",\"name\":\"Just Now News\",\"url\":\"https:\/\/now-news.de\/de\/\",\"logo\":{\"@type\":\"ImageObject\",\"inLanguage\":\"de\",\"@id\":\"https:\/\/now-news.de\/de\/#\/schema\/logo\/image\/\",\"url\":\"http:\/\/just-now.news\/de\/wp-content\/uploads\/sites\/3\/2022\/04\/logo500x500.jpg\",\"contentUrl\":\"http:\/\/just-now.news\/de\/wp-content\/uploads\/sites\/3\/2022\/04\/logo500x500.jpg\",\"width\":500,\"height\":500,\"caption\":\"Just Now News\"},\"image\":{\"@id\":\"https:\/\/now-news.de\/de\/#\/schema\/logo\/image\/\"},\"sameAs\":[\"https:\/\/www.facebook.com\/wirmachenauf\",\"https:\/\/x.com\/WirMachenAuf_de\"]},{\"@type\":\"Person\",\"@id\":\"https:\/\/now-news.de\/de\/#\/schema\/person\/fb534a4e865501d8b3285208df34a9b5\",\"name\":\"rtnews\",\"image\":{\"@type\":\"ImageObject\",\"inLanguage\":\"de\",\"@id\":\"https:\/\/now-news.de\/de\/#\/schema\/person\/image\/\",\"url\":\"https:\/\/secure.gravatar.com\/avatar\/82aafea7d8127119dd649515f56e2117?s=96&d=mm&r=g\",\"contentUrl\":\"https:\/\/secure.gravatar.com\/avatar\/82aafea7d8127119dd649515f56e2117?s=96&d=mm&r=g\",\"caption\":\"rtnews\"},\"url\":\"https:\/\/now-news.de\/de\/author\/rnews\/\"}]}<\/script>\n<!-- \/ Yoast SEO Premium plugin. -->","yoast_head_json":{"title":"Wei\u00dfrussisches Verteidigungsministerium k\u00fcndigt Ankunft neuer russischer Streitkr\u00e4fte im Lande an - just-now.NEWS Deutschland","robots":{"index":"index","follow":"follow","max-snippet":"max-snippet:-1","max-image-preview":"max-image-preview:large","max-video-preview":"max-video-preview:-1"},"canonical":"https:\/\/now-news.de\/de\/deutschland\/weissrussisches-verteidigungsministerium-kuendigt-ankunft-neuer-russischer-streitkraefte-im-lande-an\/","og_locale":"de_DE","og_type":"article","og_title":"Wei\u00dfrussisches Verteidigungsministerium k\u00fcndigt Ankunft neuer russischer Streitkr\u00e4fte im Lande an","og_description":"Der Aufbau der regionalen Truppengruppierung in Wei\u00dfrussland wurde fortgesetzt, teilte das Verteidigungsministerium des Landes mit. Wladimir Putin und Alexander Lukaschenko hatten im Herbst vereinbart, eine gemeinsame Gruppe von 9.000 Soldaten in Wei\u00dfrussland zu stationieren. Russland und Wei\u00dfrussland setzen den Aufbau der regionalen Truppengruppierung fort, wobei neue Truppen und milit\u00e4rische Ausr\u00fcstung aus Russland in Wei\u00dfrussland eintreffen, [&hellip;]","og_url":"https:\/\/now-news.de\/de\/deutschland\/weissrussisches-verteidigungsministerium-kuendigt-ankunft-neuer-russischer-streitkraefte-im-lande-an\/","og_site_name":"just-now.NEWS Deutschland","article_publisher":"https:\/\/www.facebook.com\/wirmachenauf","article_published_time":"2023-01-05T20:45:51+00:00","og_image":[{"width":460,"height":259,"url":"https:\/\/now-news.de\/de\/wp-content\/uploads\/sites\/3\/2023\/01\/Weissrussisches-Verteidigungsministerium-kuendigt-Ankunft-neuer-russischer-Streitkraefte-im-Lande-an.jpg","type":"image\/jpeg"}],"author":"rtnews","twitter_card":"summary_large_image","twitter_creator":"@WirMachenAuf_de","twitter_site":"@WirMachenAuf_de","twitter_misc":{"Verfasst von":"rtnews","Gesch\u00e4tzte Lesezeit":"2\u00a0Minuten"},"schema":{"@context":"https:\/\/schema.org","@graph":[{"@type":"Article","@id":"https:\/\/now-news.de\/de\/deutschland\/weissrussisches-verteidigungsministerium-kuendigt-ankunft-neuer-russischer-streitkraefte-im-lande-an\/#article","isPartOf":{"@id":"https:\/\/now-news.de\/de\/deutschland\/weissrussisches-verteidigungsministerium-kuendigt-ankunft-neuer-russischer-streitkraefte-im-lande-an\/"},"author":{"name":"rtnews","@id":"https:\/\/now-news.de\/de\/#\/schema\/person\/fb534a4e865501d8b3285208df34a9b5"},"headline":"Wei\u00dfrussisches Verteidigungsministerium k\u00fcndigt Ankunft neuer russischer Streitkr\u00e4fte im Lande an","datePublished":"2023-01-05T20:45:51+00:00","dateModified":"2023-01-05T20:45:51+00:00","mainEntityOfPage":{"@id":"https:\/\/now-news.de\/de\/deutschland\/weissrussisches-verteidigungsministerium-kuendigt-ankunft-neuer-russischer-streitkraefte-im-lande-an\/"},"wordCount":414,"commentCount":0,"publisher":{"@id":"https:\/\/now-news.de\/de\/#organization"},"image":{"@id":"https:\/\/now-news.de\/de\/deutschland\/weissrussisches-verteidigungsministerium-kuendigt-ankunft-neuer-russischer-streitkraefte-im-lande-an\/#primaryimage"},"thumbnailUrl":"https:\/\/now-news.de\/de\/wp-content\/uploads\/sites\/3\/2023\/01\/Weissrussisches-Verteidigungsministerium-kuendigt-Ankunft-neuer-russischer-Streitkraefte-im-Lande-an.jpg","keywords":["Ankunft","k\u00fcndigt","Lande","Neuer","Russischer","Streitkr\u00e4fte","Verteidigungsministerium","Wei\u00dfrussisches"],"articleSection":["Deutschland","Russland"],"inLanguage":"de","potentialAction":[{"@type":"CommentAction","name":"Comment","target":["https:\/\/now-news.de\/de\/deutschland\/weissrussisches-verteidigungsministerium-kuendigt-ankunft-neuer-russischer-streitkraefte-im-lande-an\/#respond"]}]},{"@type":"WebPage","@id":"https:\/\/now-news.de\/de\/deutschland\/weissrussisches-verteidigungsministerium-kuendigt-ankunft-neuer-russischer-streitkraefte-im-lande-an\/","url":"https:\/\/now-news.de\/de\/deutschland\/weissrussisches-verteidigungsministerium-kuendigt-ankunft-neuer-russischer-streitkraefte-im-lande-an\/","name":"Wei\u00dfrussisches Verteidigungsministerium k\u00fcndigt Ankunft neuer russischer Streitkr\u00e4fte im Lande an - just-now.NEWS Deutschland","isPartOf":{"@id":"https:\/\/now-news.de\/de\/#website"},"primaryImageOfPage":{"@id":"https:\/\/now-news.de\/de\/deutschland\/weissrussisches-verteidigungsministerium-kuendigt-ankunft-neuer-russischer-streitkraefte-im-lande-an\/#primaryimage"},"image":{"@id":"https:\/\/now-news.de\/de\/deutschland\/weissrussisches-verteidigungsministerium-kuendigt-ankunft-neuer-russischer-streitkraefte-im-lande-an\/#primaryimage"},"thumbnailUrl":"https:\/\/now-news.de\/de\/wp-content\/uploads\/sites\/3\/2023\/01\/Weissrussisches-Verteidigungsministerium-kuendigt-Ankunft-neuer-russischer-Streitkraefte-im-Lande-an.jpg","datePublished":"2023-01-05T20:45:51+00:00","dateModified":"2023-01-05T20:45:51+00:00","breadcrumb":{"@id":"https:\/\/now-news.de\/de\/deutschland\/weissrussisches-verteidigungsministerium-kuendigt-ankunft-neuer-russischer-streitkraefte-im-lande-an\/#breadcrumb"},"inLanguage":"de","potentialAction":[{"@type":"ReadAction","target":["https:\/\/now-news.de\/de\/deutschland\/weissrussisches-verteidigungsministerium-kuendigt-ankunft-neuer-russischer-streitkraefte-im-lande-an\/"]}]},{"@type":"ImageObject","inLanguage":"de","@id":"https:\/\/now-news.de\/de\/deutschland\/weissrussisches-verteidigungsministerium-kuendigt-ankunft-neuer-russischer-streitkraefte-im-lande-an\/#primaryimage","url":"https:\/\/now-news.de\/de\/wp-content\/uploads\/sites\/3\/2023\/01\/Weissrussisches-Verteidigungsministerium-kuendigt-Ankunft-neuer-russischer-Streitkraefte-im-Lande-an.jpg","contentUrl":"https:\/\/now-news.de\/de\/wp-content\/uploads\/sites\/3\/2023\/01\/Weissrussisches-Verteidigungsministerium-kuendigt-Ankunft-neuer-russischer-Streitkraefte-im-Lande-an.jpg","width":460,"height":259,"caption":"Wei\u00dfrussisches Verteidigungsministerium k\u00fcndigt Ankunft neuer russischer Streitkr\u00e4fte im Lande an"},{"@type":"BreadcrumbList","@id":"https:\/\/now-news.de\/de\/deutschland\/weissrussisches-verteidigungsministerium-kuendigt-ankunft-neuer-russischer-streitkraefte-im-lande-an\/#breadcrumb","itemListElement":[{"@type":"ListItem","position":1,"name":"Home","item":"https:\/\/now-news.de\/de\/"},{"@type":"ListItem","position":2,"name":"Wei\u00dfrussisches Verteidigungsministerium k\u00fcndigt Ankunft neuer russischer Streitkr\u00e4fte im Lande an"}]},{"@type":"WebSite","@id":"https:\/\/now-news.de\/de\/#website","url":"https:\/\/now-news.de\/de\/","name":"just-now.NEWS Deutschland","description":"Das Portal f\u00fcr unzensierte Nachrichten aus der Welt","publisher":{"@id":"https:\/\/now-news.de\/de\/#organization"},"potentialAction":[{"@type":"SearchAction","target":{"@type":"EntryPoint","urlTemplate":"https:\/\/now-news.de\/de\/?s={search_term_string}"},"query-input":"required name=search_term_string"}],"inLanguage":"de"},{"@type":"Organization","@id":"https:\/\/now-news.de\/de\/#organization","name":"Just Now News","url":"https:\/\/now-news.de\/de\/","logo":{"@type":"ImageObject","inLanguage":"de","@id":"https:\/\/now-news.de\/de\/#\/schema\/logo\/image\/","url":"http:\/\/just-now.news\/de\/wp-content\/uploads\/sites\/3\/2022\/04\/logo500x500.jpg","contentUrl":"http:\/\/just-now.news\/de\/wp-content\/uploads\/sites\/3\/2022\/04\/logo500x500.jpg","width":500,"height":500,"caption":"Just Now News"},"image":{"@id":"https:\/\/now-news.de\/de\/#\/schema\/logo\/image\/"},"sameAs":["https:\/\/www.facebook.com\/wirmachenauf","https:\/\/x.com\/WirMachenAuf_de"]},{"@type":"Person","@id":"https:\/\/now-news.de\/de\/#\/schema\/person\/fb534a4e865501d8b3285208df34a9b5","name":"rtnews","image":{"@type":"ImageObject","inLanguage":"de","@id":"https:\/\/now-news.de\/de\/#\/schema\/person\/image\/","url":"https:\/\/secure.gravatar.com\/avatar\/82aafea7d8127119dd649515f56e2117?s=96&d=mm&r=g","contentUrl":"https:\/\/secure.gravatar.com\/avatar\/82aafea7d8127119dd649515f56e2117?s=96&d=mm&r=g","caption":"rtnews"},"url":"https:\/\/now-news.de\/de\/author\/rnews\/"}]}},"_links":{"self":[{"href":"https:\/\/now-news.de\/de\/wp-json\/wp\/v2\/posts\/27030"}],"collection":[{"href":"https:\/\/now-news.de\/de\/wp-json\/wp\/v2\/posts"}],"about":[{"href":"https:\/\/now-news.de\/de\/wp-json\/wp\/v2\/types\/post"}],"author":[{"embeddable":true,"href":"https:\/\/now-news.de\/de\/wp-json\/wp\/v2\/users\/3"}],"replies":[{"embeddable":true,"href":"https:\/\/now-news.de\/de\/wp-json\/wp\/v2\/comments?post=27030"}],"version-history":[{"count":0,"href":"https:\/\/now-news.de\/de\/wp-json\/wp\/v2\/posts\/27030\/revisions"}],"wp:featuredmedia":[{"embeddable":true,"href":"https:\/\/now-news.de\/de\/wp-json\/wp\/v2\/media\/27031"}],"wp:attachment":[{"href":"https:\/\/now-news.de\/de\/wp-json\/wp\/v2\/media?parent=27030"}],"wp:term":[{"taxonomy":"category","embeddable":true,"href":"https:\/\/now-news.de\/de\/wp-json\/wp\/v2\/categories?post=27030"},{"taxonomy":"post_tag","embeddable":true,"href":"https:\/\/now-news.de\/de\/wp-json\/wp\/v2\/tags?post=27030"}],"curies":[{"name":"wp","href":"https:\/\/api.w.org\/{rel}","templated":true}]}}