{"id":27009,"date":"2023-01-05T19:13:20","date_gmt":"2023-01-05T17:13:20","guid":{"rendered":"https:\/\/just-now.news\/de\/deutschland\/das-phaenomen-ploetzlicher-und-unerwarteter-todesfaelle-herz-schmerz-und-dies-und-das\/"},"modified":"2023-01-05T19:13:20","modified_gmt":"2023-01-05T17:13:20","slug":"das-phaenomen-ploetzlicher-und-unerwarteter-todesfaelle-herz-schmerz-und-dies-und-das","status":"publish","type":"post","link":"https:\/\/now-news.de\/de\/deutschland\/das-phaenomen-ploetzlicher-und-unerwarteter-todesfaelle-herz-schmerz-und-dies-und-das\/","title":{"rendered":"Das Ph\u00e4nomen &quot;pl\u00f6tzlicher und unerwarteter&quot; Todesf\u00e4lle: Herz, Schmerz und dies und das"},"content":{"rendered":"<p><img decoding=\"async\" src=\"http:\/\/just-now.news\/de\/wp-content\/uploads\/sites\/3\/2023\/01\/63b6836348fbef76be08d2eb.jpg\" \/><\/p>\n<div class=\"Text-root Text-type_1 \">\n                Eine aktuelle US-Studie besagt, dass einer von vier Teilnehmern &#8220;glaubt, dass jemand, den er\/sie kennt, an COVID-19-Impfstoffen gestorben ist.&#8221; Die ber\u00fcchtigte Kosten-Nutzen-Rechnung einer COVID-Impfung sollte bei der Vergangenheit des Pharmagiganten Pfizer und einer m\u00f6glichen Pandemie-Aufarbeitung erneut betrachtet werden.\n            <\/div>\n<p><\/p>\n<div class=\"Text-root Text-type_5 ArticleView-text ViewText-root \">\n<p><em>Von Bernhard Loyen<\/em><\/p>\n<p>Gemeinsame Auftritte der Pandemie-Profiteure Albert Bourla und\u00a0U\u011fur \u015eahin waren in den letzten drei Jahren ein eher sehr seltenes Ereignis. Und das, obwohl sie nachweislich als jeweilige Gesch\u00e4ftsf\u00fchrer des US-Pharmagiganten Pfizer und des Mainzer Unternehmens BioNTech gemeinsam das medial-politisch gefeierte Krisenprodukt der Stunde finanziert, entwickelt und auf den Markt geworfen haben: Einen\u00a0neuartigen mRNA-Wirkstoff, der mittlerweile in Deutschland\u00a0mit Stand <a rel=\"nofollow noopener\" target=\"_blank\" href=\"https:\/\/de.statista.com\/statistik\/daten\/studie\/1197550\/umfrage\/impfungen-gegen-das-coronavirus-nach-hersteller\/\">Mai 2022<\/a>\u00a0rein rechnerisch 132.650.414 Menschen verabreicht wurde.\u00a0<\/p>\n<p>\u015eahin nennt diesen wissenschaftlich-pharmakologischen Schnellschuss in seinem Buch, das &#8220;<a rel=\"nofollow noopener\" target=\"_blank\" href=\"https:\/\/www.rowohlt.de\/buch\/joe-miller-ugur-sahin-projekt-lightspeed-9783498002770\">Projekt Lightspeed<\/a>&#8220;. Mit Lichtgeschwindigkeit\u00a0ergaben sich f\u00fcr Abermillionen Menschen weltweit nun aber nach Erhalt des Produkts\u00a0Comirnaty\u00ae schwerwiegende k\u00f6rperliche Reaktionen\u00a0\u2013 bis hin zu &#8220;pl\u00f6tzlichen und unerwarteten&#8221; Todesereignissen. Mit unmittelbarem Start entsprechender Impf- und Infokampagnen warnten ehemals renommierte und anerkannte Mediziner und Wissenschaftler vor zu bef\u00fcrchtenden, wie auch noch v\u00f6llig unbekannten Folgeph\u00e4nomenen, durch die voreilige breite Nutzung des mRNA-Wirkstoffs. Hier kommt Albert Bourla, sozusagen als Marketing-Chef und internationales mediales Gesicht des Produkts, ins Spiel. Sein Unternehmen Pfizer behauptete im November 2021:<\/p>\n<blockquote>\n<p><em>&#8220;Heutzutage ist es leicht, sich von Fehlinformationen ablenken zu lassen. Aber keine Sorge&#8230; die Wissenschaft h\u00e4lt Ihnen den R\u00fccken frei.&#8221;<\/em><\/p>\n<\/blockquote>\n<div class=\"EmbedBlock-root EmbedBlock-twitter\">\n<div class=\"TwitterEmbed\">\n<blockquote class=\"twitter-tweet lazyload\" data-twitter=\"twitter-tweet\">\n<p lang=\"en\" dir=\"ltr\">It\u2019s easy to get distracted by misinformation these days, but don\u2019t worry\u2026Science has got your back. <a rel=\"nofollow noopener\" target=\"_blank\" href=\"https:\/\/twitter.com\/hashtag\/ScienceWillWin?src=hash&amp;ref_src=twsrc%5Etfw\">#ScienceWillWin<\/a><a rel=\"nofollow noopener\" target=\"_blank\" href=\"https:\/\/t.co\/aXVzAsfa6Z\">pic.twitter.com\/aXVzAsfa6Z<\/a><\/p>\n<p>\u2014 Pfizer Inc. (@pfizer) <a rel=\"nofollow noopener\" target=\"_blank\" href=\"https:\/\/twitter.com\/pfizer\/status\/1458184495530758146?ref_src=twsrc%5Etfw\">November 9, 2021<\/a><\/p><\/blockquote>\n<\/div>\n<\/div>\n<p>&#8220;Die Wissenschaft&#8221; bedeutet jedoch seit dem Jahr 2020 bis in die j\u00fcngste Gegenwart eine genehmigte, abgesegnete und\u00a0damit polit-pharma-kooperierende Wissenschaft. Bourla nannte in einem <a rel=\"nofollow noopener\" target=\"_blank\" href=\"https:\/\/www.dw.com\/de\/corona-impfstoff-milliardendeal-per-handschlag\/a-57228067\">Interview<\/a> im April 2021 die Kooperation mit\u00a0U\u011fur \u015eahin eine &#8220;Fifty-fifty-Partnerschaft&#8221;.\u00a0Folglich sollten in einer dringend ben\u00f6tigten Nachbetrachtung beide Akteure gleichwertig in m\u00f6gliche Verantwortlichkeiten einbezogen werden. Bourla erl\u00e4uterte:<\/p>\n<blockquote>\n<p><em>&#8220;BioNTech hat seine Werke, wir haben unsere. Wir legen alle Ausgaben, alle Einnahmen und alle Gewinne zusammen, und dann teilen wir.&#8221;<\/em><\/p>\n<\/blockquote>\n<p>Werden sie dann auch die volle Verantwortung f\u00fcr ihr gemeinsames Wissen teilen?\u00a0Im Juli 2021 sah sich zumindest das Unternehmen BioNTech\u00a0in Bezug auf das Mittel Comirnaty\u00ae gezwungen, Angeh\u00f6rige von Gesundheitsberufen zu <a rel=\"nofollow noopener\" target=\"_blank\" href=\"https:\/\/www.pei.de\/SharedDocs\/Downloads\/DE\/newsroom\/veroeffentlichungen-arzneimittel\/rhb\/21-07-19-covid-19-comirnaty-und-spikevax.pdf?__blob=publicationFile&amp;v=5\">informieren<\/a>:<\/p>\n<blockquote>\n<p><em>&#8220;Der Ausschuss f\u00fcr Risikobewertung im Bereich der Pharmakovigilanz (PRAC) der Europ\u00e4ischen Arzneimittelagentur (EMA) hat alle verf\u00fcgbaren Daten evaluiert und ist zu dem Schluss gekommen, dass zwischen Impfungen mit COVID-19 mRNA Impfstoffen und Myokarditis und Perikarditis mindestens (sic!) ein m\u00f6glicher kausaler Zusammenhang bestehen k\u00f6nnte.&#8221;<\/em><\/p>\n<\/blockquote>\n<p>In einer aktuellen US-Umfrage glauben 48 Prozent der\u00a0Befragten, dass &#8220;es berechtigte Gr\u00fcnde gibt, sich \u00fcber die Sicherheit der COVID-19-Impfstoffe Sorgen zu machen. W\u00e4hrend 37 Prozent der Meinung sind, dass Menschen, die sich um die Sicherheit von Impfstoffen sorgen, Verschw\u00f6rungstheorien verbreiten. Weitere 15 Prozent sind sich nicht sicher.&#8221; Dazu sp\u00e4ter mehr.<\/p>\n<p>Der gro\u00dfen Mehrheit der Gesellschaft wurden manipulativ, \u00fcber Politik und Medien gleicherma\u00dfen, dringend ben\u00f6tigte Informationen zur Vergangenheit des Unternehmens Pfizer\u00a0vorenthalten. Ob dies bewusst oder durch Desinteresse geschah, wird sich in einer m\u00f6glichen Aufarbeitung noch zeigen m\u00fcssen. Dass\u00a0U\u011fur \u015eahin ein entsprechendes Wissen \u00fcber die folgenden Pfizer-Skandale besitzt, sollte eine Tatsache darstellen.\u00a0Die folgenden\u00a0Zahlungen\u00a0wurden in Bezug auf\u00a0Entsch\u00e4digungs- oder Strafzahlungen nach entsprechenden Klagen geleistet,\u00a0inklusive\u00a0Wissenschaftsbeeinflussung:<\/p>\n<ul>\n<li><a rel=\"nofollow noopener\" target=\"_blank\" href=\"https:\/\/www.upi.com\/Archives\/1992\/08\/19\/Court-approves-settlement-in-Shiley-heart-valve-case\/4515714196800\/\">1992<\/a>: Zwischen 165 und 215 Millionen Dollar \u2013 defektes Pfizer-Produkt<\/li>\n<li><a rel=\"nofollow noopener\" target=\"_blank\" href=\"https:\/\/web.archive.org\/web\/20210501205525\/https:\/\/www.nytimes.com\/1994\/07\/02\/business\/pfizer-unit-to-settle-charges-of-lying-about-heart-valve.html\">1994<\/a>: 10,75 Millionen Dollar \u2013 defektes Pfizer-Produkt\u00a0<\/li>\n<li><a rel=\"nofollow noopener\" target=\"_blank\" href=\"https:\/\/www.latimes.com\/archives\/la-xpm-2001-dec-22-mn-17267-story.html\">2001<\/a>:\u00a0Zahlung von\u00a0750 Millionen Dollar,\u00a0um 35.000 Klagen gegen ein Pfizer-Produkt beizulegen<\/li>\n<li><a rel=\"nofollow noopener\" target=\"_blank\" href=\"https:\/\/web.archive.org\/web\/20210223140005\/https:\/\/www.nytimes.com\/2002\/10\/29\/business\/pfizer-to-pay-49-million-in-fraud-case.html\">2002<\/a>:\u00a049 Millionen Dollar \u2013 irregul\u00e4re Preisabsprachen<\/li>\n<li><a rel=\"nofollow noopener\" target=\"_blank\" href=\"https:\/\/www.sfgate.com\/business\/article\/Huge-penalty-in-drug-fraud-Pfizer-settles-2759293.php\">2004<\/a>: 430 Millionen Dollar \u2013 betr\u00fcgerische Bewerbung eines Pfizer-Produktes<\/li>\n<li><a rel=\"nofollow noopener\" target=\"_blank\" href=\"https:\/\/www.justice.gov\/opa\/pr\/justice-department-announces-largest-health-care-fraud-settlement-its-history\">2009<\/a>:\u00a02,3 Milliarden US-Dollar \u2013 Pfizer-Produkt betr\u00fcgerisch und falsch gekennzeichnet<\/li>\n<li><a rel=\"nofollow noopener\" target=\"_blank\" href=\"https:\/\/web.archive.org\/web\/20210204064421\/https:\/\/www.nytimes.com\/2010\/04\/01\/business\/01payments.html\">2010<\/a>:\u00a0<em>New York Times<\/em> Artikel \u00fcber Zahlungen von\u00a0rund 20 Millionen US-Dollar an 4.500 US-\u00c4rzte und\u00a015,3 Millionen Dollar an 250 akademische medizinische Zentren und andere Forschungsgruppen, f\u00fcr Beratungen, Studien und Vortr\u00e4ge<\/li>\n<li><a rel=\"nofollow noopener\" target=\"_blank\" href=\"https:\/\/www.fiercepharma.com\/sales-and-marketing\/pfizer-settles-2-000-plus-chantix-suits-takes-273m-charge\">2013<\/a>: 273 Millionen Dollar \u2013 Einzel- und bundesstaatliche US-Klagen\/Beilegungen\u00a0<\/li>\n<li><a rel=\"nofollow noopener\" target=\"_blank\" href=\"https:\/\/www.fiercepharma.com\/regulatory\/pfizer-settles-more-off-label-marketing-cases-tied-to-rapamune\">2014<\/a>:\u00a035 Millionen\u00a0Dollar \u2013 sch\u00e4digendes Pfizer-Produkt<\/li>\n<li><a rel=\"nofollow noopener\" target=\"_blank\" href=\"https:\/\/www.bbc.com\/news\/business-38233852\">2016<\/a>:\u00a084,2 Millionen Pfund \u2013 Preisverzerrung gegen\u00fcber britischem\u00a0Gesundheitsdienst (NHS)\u00a0<\/li>\n<li><a rel=\"nofollow noopener\" target=\"_blank\" href=\"https:\/\/pressefreiheit.rtde.tech\/europa\/151660-ermittlungen-zu-corona-impfstoff-kaufen\/\">2020 bis 2023<\/a>: Ein in entscheidenden Details weiterhin unbekannter Impfstoff-Knebelvertrag mit der EU-Ratspr\u00e4sidentin Ursula von der Leyen<\/li>\n<\/ul>\n<p>Im Mai 2022\u00a0<a rel=\"nofollow noopener\" target=\"_blank\" href=\"https:\/\/www.welt.de\/gesundheit\/plus237652599\/Herzinfarkt-nach-Corona-besorgniserregend-und-wir-wissen-nicht-woher-es-kommt.html?cid=socialmedia.twitter.shared.web\">titelte<\/a> die <em>Welt<\/em> besorgt:<\/p>\n<blockquote>\n<p><em>&#8220;Herzinfarkt\u00a0nach Corona \u2013 Das ist besorgniserregend, und wir wissen nicht, woher es kommt.&#8221;<\/em><\/p>\n<\/blockquote>\n<p>Das Wort &#8220;Impfung&#8221; oder mRNA-Wirkstoff kommt nicht ein Mal\u00a0in dem Artikel vor. Eine andere Form der Umkehrlogik zur Thematik sich dynamisierender &#8220;pl\u00f6tzlicher und unerwarteter&#8221; Herz-Irritationen vollzog der Deutsche Gesundheitsminister zuvor im August 2021. Karl Lauterbach <a rel=\"nofollow noopener\" target=\"_blank\" href=\"https:\/\/www.facebook.com\/Karl.Lauterbach.spd\/posts\/4711610155529574\/\">erl\u00e4uterte<\/a>:<\/p>\n<blockquote>\n<p><em>&#8220;Ungeimpfte haben manchmal Angst vor Myokarditis, Herzmuskelentz\u00fcndung, nach Impfung. Neue Studien zeigen, dass das Risiko nach COVID-Erkrankung sehr viel h\u00f6her ist.&#8221;<\/em><\/p>\n<\/blockquote>\n<p>Im Jahre 2022 wurde der uns\u00e4gliche Begriff eines &#8220;milden&#8221; Ereignisses medial lanciert, welches dann doch auch t\u00f6dliche Folgen mit sich bringen kann. Die <em>Pharmazeutische Zeitung<\/em> erkl\u00e4rte so zum Beispiel:<\/p>\n<blockquote>\n<p><em>&#8220;Milde Myokarditis als m\u00f6gliche Ursache von Herzproblemen.&#8221;<\/em><\/p>\n<\/blockquote>\n<p>Die genauen &#8220;pathomechanistischen Zusammenh\u00e4nge&#8221; nach \u00fcberstandener Corona-Infektion m\u00fcssten laut dem <a rel=\"nofollow noopener\" target=\"_blank\" href=\"https:\/\/www.pharmazeutische-zeitung.de\/milde-myokarditis-als-moegliche-ursache-von-herzproblemen-135445\/#:~:text=Lang%20anhaltende%20Herzsymptome%20nach%20%C3%BCberstandener,Forscherteam%20aus%20Frankfurt%20am%20Main\">Artikel<\/a> &#8220;noch aufgekl\u00e4rt werden&#8221;. Das Wort Impfung oder neuartige mRNA-Technologie findet sich auch in diesem Beitrag nicht. Am 8. Dezember des Vorjahres <a rel=\"nofollow noopener\" target=\"_blank\" href=\"https:\/\/www.aok.de\/pk\/magazin\/koerper-psyche\/herz-und-kreislauf\/was-ist-myokarditis\/\">informierte<\/a> die AOK-Krankenkasse ihre Versicherten (20,9 Millionen <a rel=\"nofollow noopener\" target=\"_blank\" href=\"https:\/\/www.aok.de\/pk\/struktur-verwaltung\/wir-ueber-uns\/#:~:text=Die%20AOK%20z%C3%A4hlt%2020%2C9,Krankenversicherungen%20in%20der%20gesetzlichen%20Krankenversicherung.\">Mitglieder<\/a>)\u00a0zur\u00a0Problematik &#8220;Ursachen, Symptome und Behandlung einer Myokarditis&#8221;. Neben m\u00f6glichen Gr\u00fcnden\u00a0wie &#8220;Virusinfektionen&#8221;, &#8220;Bakterien oder Pilzen&#8221;,\u00a0w\u00fcrden auch &#8220;nichtinfekti\u00f6se Ausl\u00f6ser&#8221; existieren, wie &#8220;Alkohol, Medikamente und Drogen&#8221;. Dann hei\u00dft es f\u00fcr die interessierten Leser, im Duktus der\u00a0manipulativen &#8220;Aber-Argumentation&#8221;:<\/p>\n<blockquote>\n<p><em>&#8220;Einige Menschen bef\u00fcrchteten, dass es als Folge einer Coronaimpfung mit einem mRNA-Wirkstoff zu Herzmuskelentz\u00fcndungen kommt \u2013 und das kann in sehr seltenen F\u00e4llen auch passieren. Sie verlaufen dann aber normalerweise mild.\u00a0Zudem ist das Risiko, durch eine Coronainfektion eine Myokarditis zu erleiden, viel h\u00f6her als durch die Impfung.&#8221;<\/em><\/p>\n<\/blockquote>\n<p>Bedeutet &#8220;normalerweise&#8221;, dass es dann auch das unnormale\u00a0Momentum\u00a0geben muss? Diese Realit\u00e4t m\u00f6chte seitens der AOK nicht weiter erl\u00e4utert werden. Im Juni 2021 <a rel=\"nofollow noopener\" target=\"_blank\" href=\"https:\/\/www.tagesschau.de\/ausland\/amerika\/corona-impfung-herzmuskelentzuendung-103.html\">titelte<\/a> die <em>ARD<\/em>-Tagesschau mit Hinblick auf derartige Ereignisse:<\/p>\n<blockquote>\n<p><em>&#8220;Herzprobleme nach Impfung m\u00f6glich&#8221;\u00a0\u00a0<\/em><\/p>\n<\/blockquote>\n<p>US-Experten w\u00fcrden dabei einen Zusammenhang &#8220;mit den sogenannten mRNA-Vakzinen f\u00fcr &#8216;wahrscheinlich'&#8221; halten, so die <em>Tagesschau<\/em> im Versuch der Beruhigung.\u00a0Mit manipulativer &#8220;Aber-Argumentation&#8221; gew\u00fcrzt f\u00e4hrt sie indes im Text fort:<\/p>\n<blockquote>\n<p><em> &#8220;Die Vorteile einer Impfung gegen das Coronavirus w\u00fcrden die Risiken aber &#8216;deutlich \u00fcberwiegen&#8217;.&#8221;<\/em><\/p>\n<\/blockquote>\n<p>Es beschwichtigen also die zitierten US-Experten &#8220;der Wissenschaft&#8221;\u00a0\u2013 aber welcher? Der besorgten und unabh\u00e4ngigen aufkl\u00e4renden Wissenschaft, und dementsprechende\u00a0Mediziner? Oder ist damit die Wissenschaft der nachweislich teilfinanziell unterst\u00fctzen Pfizer-Kooperateure gemeint? Am 2. Januar 2023 ver\u00f6ffentlichte nun das US-amerikanische Meinungsforschungsunternehmen &#8220;Rassmussen-Reports&#8221; die j\u00fcngste <a rel=\"nofollow noopener\" target=\"_blank\" href=\"https:\/\/www.rasmussenreports.com\/public_content\/politics\/public_surveys\/died_suddenly_more_than_1_in_4_think_someone_they_know_died_from_covid_19_vaccines\">Auswertung<\/a>\u00a0einer Befragung. Der Titel der Umfrage lautet:<\/p>\n<blockquote>\n<p><em>&#8220;Mehr als 1 von 4 glaubt, dass jemand, den er\/sie kennt, an COVID-19-Impfstoffen gestorben ist.&#8221;<\/em><\/p>\n<\/blockquote>\n<p>Der Ordnung halber muss erw\u00e4hnt werden, dass lediglich 1.000 US-B\u00fcrger teilgenommen haben (<a rel=\"nofollow noopener\" target=\"_blank\" href=\"https:\/\/www.rasmussenreports.com\/public_content\/politics\/questions\/questions\/january_2023\/questions_vaccine_deaths_december_28_30_2022\">Fragenkatalog<\/a>). In der einleitenden Erkl\u00e4rung hei\u00dft es auf der Webseite des Unternehmens:<\/p>\n<blockquote>\n<p><em>&#8220;Fast die H\u00e4lfte der Amerikaner glaubt, dass COVID-19-Impfstoffe f\u00fcr viele ungekl\u00e4rte Todesf\u00e4lle verantwortlich sein k\u00f6nnten. Und mehr als ein Viertel sagt, dass jemand, den er\/sie kennt, zu den Opfern geh\u00f6ren k\u00f6nnte.&#8221;<\/em><\/p>\n<\/blockquote>\n<p>Analysierend erl\u00e4utern die Macher des Reports, dass die kontrovers wahrgenommene und diskutierte Dokumentation\u00a0&#8220;<a rel=\"nofollow noopener\" target=\"_blank\" href=\"https:\/\/pressefreiheit.rtde.tech\/international\/155718-corona-kritik-mit-vorsicht-zu\/\">Died Suddenly<\/a>&#8221; daf\u00fcr kritisiert werde,\u00a0dass\u00a0sie &#8220;Anti-Impf-Verschw\u00f6rungstheorien propagieren&#8221; w\u00fcrde. Sie sei dabei aber nichtsdestotrotz weltweit\u00a0von &#8220;etwa 15 Millionen Menschen gesehen&#8221; worden.<\/p>\n<p>Der damit zu ber\u00fccksichtigende und nicht zu untersch\u00e4tzende Effekt lautet, bei sehr wohl berechtigter Teilkritik an Inhalten und Machart der Dokumentation: Im Anschluss an die Sendung wurde ausgehend von den teilprovokativen Aussagen mit Sicherheit in vielen Haushalten endlich diskutiert. Ein Vorgang der seit 2020 medial-politisch tunlichst vermieden wird. \u00dcberspitzt ausgedr\u00fcckt: Bitte die nachdr\u00fccklich empfohlenen Impfungen abholen, aber danach keinerlei Fragen, Nachfragen, Irritationen, Skepsis oder sogar Zweifel anmelden. Das manipulativ\u00a0angepasste Motto der Stunde lautete in den zur\u00fcckliegenden 36 Monaten: Vertrauen ist gut, Kontrolle hat sich er\u00fcbrigt, ist nicht besser, verunsichert nur.<\/p>\n<p>Es\u00a0existieren massive Nebenwirkungen, ausgehend von einer Verabreichung des neuartigen mRNA-Wirkstoffs. Es kam zu Todesf\u00e4llen, die alleinig der COVID-Impfung zuzuordnen sind. Von welcher Gr\u00f6\u00dfenordnung\u00a0tats\u00e4chlich aufgetretener Ereignisse ist nun auszugehen?\u00a0Das\u00a0<a rel=\"nofollow noopener\" target=\"_blank\" href=\"https:\/\/www.cdc.gov\/coronavirus\/2019-nCoV\/index.html\">CDC<\/a> und\u00a0die\u00a0<a rel=\"nofollow noopener\" target=\"_blank\" href=\"https:\/\/www.fda.gov\/\">FDA<\/a> in den USA, wie auch das RKI und das PEI in Deutschland, als zust\u00e4ndige und verantwortliche Beh\u00f6rden, zeigen auff\u00e4lliges, bis irritierendes Desinteresse an genauen Zahlen. M\u00f6chten eine verunsicherte Bev\u00f6lkerung weiterhin nicht entsprechend informieren. Nicht warnen, bzw. aufkl\u00e4ren?<\/p>\n<p>Als rein subjektiv ausgew\u00e4hltes Beispiel\u00a0\u2013 neben einer <a rel=\"nofollow noopener\" target=\"_blank\" href=\"https:\/\/goodsciencing.com\/covid\/athletes-suffer-cardiac-arrest-die-after-covid-shot\/\">Liste<\/a> von hunderten Beispielen in der internationalen Sportwelt\u00a0\u2013 sei der Twitter-Beitrag der Polizeibeh\u00f6rde der US-Stadt Massachusetts vom 4. Januar 2023 zitiert. Dieser lautet zur Thematik weltweiter &#8220;pl\u00f6tzlicher und unerwarteter&#8221; Todesereignisse, auch in Verbindung mit COVID-Impfungen:<\/p>\n<blockquote>\n<p><em>&#8220;Diese Woche war eine schwierige Woche f\u00fcr die Strafverfolgungsbeh\u00f6rden in Massachusetts. Drei Beamte im aktiven Dienst sind in den letzten sieben Tagen pl\u00f6tzlich verstorben. Die Polizeibeamten John Santos, Sean Besarick und Christopher Davis. M\u00f6gen sie in Frieden ruhen.&#8221;<\/em><\/p>\n<\/blockquote>\n<div class=\"EmbedBlock-root EmbedBlock-twitter\">\n<div class=\"TwitterEmbed\">\n<blockquote class=\"twitter-tweet lazyload\" data-twitter=\"twitter-tweet\">\n<p lang=\"en\" dir=\"ltr\">This week has been a difficult one in the Massachusetts Law Enforcement community. Three active-duty LEOs passed away suddenly within the last seven days. Officers John Santos, Sean Besarick, and Christopher Davis. May they rest in peace.<a rel=\"nofollow noopener\" target=\"_blank\" href=\"https:\/\/t.co\/6GRobC0Eob\">https:\/\/t.co\/6GRobC0Eob<\/a><a rel=\"nofollow noopener\" target=\"_blank\" href=\"https:\/\/t.co\/IHio9Ud8Eo\">pic.twitter.com\/IHio9Ud8Eo<\/a><\/p>\n<p>\u2014 Mass State Police (@MassStatePolice) <a rel=\"nofollow noopener\" target=\"_blank\" href=\"https:\/\/twitter.com\/MassStatePolice\/status\/1610756547591737357?ref_src=twsrc%5Etfw\">January 4, 2023<\/a><\/p><\/blockquote>\n<\/div>\n<\/div>\n<p>Wohlgemerkt: Sie sind nicht etwa im Rahmen von erkennungsdienstlichen Ereignissen zu Tode gekommen. Sie sind &#8220;pl\u00f6tzlich verstorben&#8221;. Einfach so? Bei einem der Beamten wurde laut <a rel=\"nofollow noopener\" target=\"_blank\" href=\"https:\/\/www.facebook.com\/MassStatePolice\/posts\/pfbid0ckegcowovWTCHMHK3oiNWUHPqBfMkTr3mQV7Dk44UwT7kiC6NwP79Gwb9sftsW4Vl\">Darlegung<\/a> ein &#8220;Hirn-Aneurysma&#8221; als Todesursache\u00a0genannt.\u00a0Im Alter k\u00f6nnte ein Grund daf\u00fcr in einer m\u00f6glichen Gef\u00e4\u00dfverkalkung liegen. Das Alter der drei Beamten lag jedoch bei unter 50.\u00a0Eine seltene andere <a rel=\"nofollow noopener\" target=\"_blank\" href=\"https:\/\/www.gesundheitsinformation.de\/hirnaneurysma.html#:~:text=Ein%20Hirnaneurysma%20entwickelt%20sich%20meist,Rauchen%20oder%20Entz%C3%BCndungen%20gesch%C3%A4digt%20wird.\">Komplikation<\/a> von Hirnaneurysmen ist der Verschluss einer Hirnarterie durch Blutgerinnsel. Die Deutsche Herzstiftung <a rel=\"nofollow noopener\" target=\"_blank\" href=\"https:\/\/www.herzstiftung.de\/herzstiftung-und-forschung\/forschung-und-foerderung\/forschungsprojekt\/impfnebenwirkung-thrombose\">informiert<\/a> aktuell:<\/p>\n<blockquote>\n<p><em> &#8220;COVID-Impfungen k\u00f6nnen eine breite Autoimmunantwort gegen Thrombozyten (Blutpl\u00e4ttchen) ausl\u00f6sen.&#8221;<\/em><\/p>\n<\/blockquote>\n<p>Und weiter:<\/p>\n<blockquote>\n<p><em>&#8220;Bei den betroffenen Patienten entwickelten sich innerhalb von\u00a05 bis 30 Tage nach der Impfung Thrombosen (Blutgerinnsel)&#8221;<\/em><\/p>\n<\/blockquote>\n<p>Es bedarf daher einer zeitnahen tiefen Analyse und Aufarbeitung,\u00a0mit Hinblick auf das wahrhaftige Vorwissen der ma\u00dfgeblichen Protagonisten Pfizer und BioNTech.\u00a0Und es bedarf einer Er\u00f6rterung der wichtigen Frage, ob elementare Vorkenntnisse wissentlich der Gesellschaft vorenthalten wurden, und zwar in Bezug auf rein politisch\u00a0erm\u00f6glichte fahrl\u00e4ssige Verk\u00fcrzungen von Entwicklungszeitr\u00e4umen f\u00fcr neuartige pharmakologische Wirkstoffe.<\/p>\n<p>Und es steht au\u00dferdem noch\u00a0eine Antwort auf die Frage aus, ob damit\u00a0das millionenfache Ph\u00e4nomen weltweit &#8220;pl\u00f6tzlicher und unerwarteter&#8221; Todesf\u00e4lle kalkulierend gewinnbringend, bzw. mutwillig, in Kauf genommen wurde\u00a0\u2013\u00a0da es Pfizer ja bekanntlich nicht an\u00a0<a rel=\"nofollow noopener\" target=\"_blank\" href=\"https:\/\/twitter.com\/StarSeed_2020\/status\/1609004142139260929\">krimineller Energie<\/a>\u00a0mangelt.\u00a0Eine separate Aufarbeitung wird sich\u00a0zudem\u00a0mit der manipulativen Rolle der Medien in der Corona-Krise besch\u00e4ftigen m\u00fcssen.<\/p>\n<div class=\"EmbedBlock-root EmbedBlock-twitter\">\n<div class=\"TwitterEmbed\">\n<blockquote class=\"twitter-tweet lazyload\" data-twitter=\"twitter-tweet\">\n<p lang=\"en\" dir=\"ltr\">They are gaslighting us. <a rel=\"nofollow noopener\" target=\"_blank\" href=\"https:\/\/t.co\/t5ttoLzzgb\">pic.twitter.com\/t5ttoLzzgb<\/a><\/p>\n<p>\u2014 James Melville (@JamesMelville) <a rel=\"nofollow noopener\" target=\"_blank\" href=\"https:\/\/twitter.com\/JamesMelville\/status\/1608029921250627585?ref_src=twsrc%5Etfw\">December 28, 2022<\/a><\/p><\/blockquote>\n<\/div>\n<\/div>\n<p><strong>Mehr zum Thema <\/strong>&#8211;\u00a0<a rel=\"nofollow noopener\" target=\"_blank\" href=\"https:\/\/pressefreiheit.rtde.tech\/meinung\/158521-impfkritiker-und-anti-wissenschaft-laut-who-toedlicher\/\">Impfkritiker und &#8220;Anti-Wissenschaft&#8221; laut WHO t\u00f6dlicher als globaler Terrorismus und Atomgefahr<\/a><\/p>\n<\/div>\n<p><script async src=\"https:\/\/platform.twitter.com\/widgets.js\" charset=\"utf-8\"><\/script><br \/>\n<br \/><br \/>\n<br \/><a href=\"https:\/\/de.rt.com\/meinung\/158990-phaenomen-ploetzlicher-und-unerwarteter-todesfaelle\/\">Source link <\/a><\/p>\n","protected":false},"excerpt":{"rendered":"<p>Eine aktuelle US-Studie besagt, dass einer von vier Teilnehmern &#8220;glaubt, dass jemand, den er\/sie kennt, an COVID-19-Impfstoffen gestorben ist.&#8221; Die ber\u00fcchtigte Kosten-Nutzen-Rechnung einer COVID-Impfung sollte bei der Vergangenheit des Pharmagiganten Pfizer und einer m\u00f6glichen Pandemie-Aufarbeitung erneut betrachtet werden. Von Bernhard Loyen Gemeinsame Auftritte der Pandemie-Profiteure Albert Bourla und\u00a0U\u011fur \u015eahin waren in den letzten drei Jahren [&hellip;]<\/p>\n","protected":false},"author":3,"featured_media":27010,"comment_status":"open","ping_status":"open","sticky":false,"template":"","format":"standard","meta":{"_yoast_indexnow_last_ping":["1672939303"],"wp_automatic_camp":["217"],"c059c825f5fa0f0c058d793298325285":["Das Ph\u00e4nomen &quot;pl\u00f6tzlicher und unerwarteter&quot; Todesf\u00e4lle: Herz, Schmerz und dies und das"],"original_link":["https:\/\/de.rt.com\/meinung\/158990-phaenomen-ploetzlicher-und-unerwarteter-todesfaelle\/"],"_thumbnail_id":["27010"],"_wptgpro_p2tg_sent2tg":["a:1:{i:23737;s:19:\"2023-01-05 19:23:35\";}"],"jnews_social_counter_last_update":["1777401314"]},"categories":[19,23],"tags":[427,6447,2405,18918,38568,23614,18261,140,38569],"yoast_head":"<!-- This site is optimized with the Yoast SEO Premium plugin v22.7 (Yoast SEO v22.7) - https:\/\/yoast.com\/wordpress\/plugins\/seo\/ -->\n<title>Das Ph\u00e4nomen &quot;pl\u00f6tzlicher und unerwarteter&quot; Todesf\u00e4lle: Herz, Schmerz und dies und das - just-now.NEWS Deutschland<\/title>\n<meta name=\"robots\" content=\"index, follow, max-snippet:-1, max-image-preview:large, max-video-preview:-1\" \/>\n<link rel=\"canonical\" href=\"https:\/\/now-news.de\/de\/deutschland\/das-phaenomen-ploetzlicher-und-unerwarteter-todesfaelle-herz-schmerz-und-dies-und-das\/\" \/>\n<meta property=\"og:locale\" content=\"de_DE\" \/>\n<meta property=\"og:type\" content=\"article\" \/>\n<meta property=\"og:title\" content=\"Das Ph\u00e4nomen &quot;pl\u00f6tzlicher und unerwarteter&quot; Todesf\u00e4lle: Herz, Schmerz und dies und das\" \/>\n<meta property=\"og:description\" content=\"Eine aktuelle US-Studie besagt, dass einer von vier Teilnehmern &#8220;glaubt, dass jemand, den er\/sie kennt, an COVID-19-Impfstoffen gestorben ist.&#8221; Die ber\u00fcchtigte Kosten-Nutzen-Rechnung einer COVID-Impfung sollte bei der Vergangenheit des Pharmagiganten Pfizer und einer m\u00f6glichen Pandemie-Aufarbeitung erneut betrachtet werden. Von Bernhard Loyen Gemeinsame Auftritte der Pandemie-Profiteure Albert Bourla und\u00a0U\u011fur \u015eahin waren in den letzten drei Jahren [&hellip;]\" \/>\n<meta property=\"og:url\" content=\"https:\/\/now-news.de\/de\/deutschland\/das-phaenomen-ploetzlicher-und-unerwarteter-todesfaelle-herz-schmerz-und-dies-und-das\/\" \/>\n<meta property=\"og:site_name\" content=\"just-now.NEWS Deutschland\" \/>\n<meta property=\"article:publisher\" content=\"https:\/\/www.facebook.com\/wirmachenauf\" \/>\n<meta property=\"article:published_time\" content=\"2023-01-05T17:13:20+00:00\" \/>\n<meta property=\"og:image\" content=\"https:\/\/now-news.de\/de\/wp-content\/uploads\/sites\/3\/2023\/01\/Das-Phaenomen-quotploetzlicher-und-unerwarteterquot-Todesfaelle-Herz-Schmerz-und-dies.jpg\" \/>\n\t<meta property=\"og:image:width\" content=\"460\" \/>\n\t<meta property=\"og:image:height\" content=\"259\" \/>\n\t<meta property=\"og:image:type\" content=\"image\/jpeg\" \/>\n<meta name=\"author\" content=\"rtnews\" \/>\n<meta name=\"twitter:card\" content=\"summary_large_image\" \/>\n<meta name=\"twitter:creator\" content=\"@WirMachenAuf_de\" \/>\n<meta name=\"twitter:site\" content=\"@WirMachenAuf_de\" \/>\n<meta name=\"twitter:label1\" content=\"Verfasst von\" \/>\n\t<meta name=\"twitter:data1\" content=\"rtnews\" \/>\n\t<meta name=\"twitter:label2\" content=\"Gesch\u00e4tzte Lesezeit\" \/>\n\t<meta name=\"twitter:data2\" content=\"9\u00a0Minuten\" \/>\n<script type=\"application\/ld+json\" class=\"yoast-schema-graph\">{\"@context\":\"https:\/\/schema.org\",\"@graph\":[{\"@type\":\"Article\",\"@id\":\"https:\/\/now-news.de\/de\/deutschland\/das-phaenomen-ploetzlicher-und-unerwarteter-todesfaelle-herz-schmerz-und-dies-und-das\/#article\",\"isPartOf\":{\"@id\":\"https:\/\/now-news.de\/de\/deutschland\/das-phaenomen-ploetzlicher-und-unerwarteter-todesfaelle-herz-schmerz-und-dies-und-das\/\"},\"author\":{\"name\":\"rtnews\",\"@id\":\"https:\/\/now-news.de\/de\/#\/schema\/person\/fb534a4e865501d8b3285208df34a9b5\"},\"headline\":\"Das Ph\u00e4nomen &quot;pl\u00f6tzlicher und unerwarteter&quot; Todesf\u00e4lle: Herz, Schmerz und dies und das\",\"datePublished\":\"2023-01-05T17:13:20+00:00\",\"dateModified\":\"2023-01-05T17:13:20+00:00\",\"mainEntityOfPage\":{\"@id\":\"https:\/\/now-news.de\/de\/deutschland\/das-phaenomen-ploetzlicher-und-unerwarteter-todesfaelle-herz-schmerz-und-dies-und-das\/\"},\"wordCount\":1755,\"commentCount\":0,\"publisher\":{\"@id\":\"https:\/\/now-news.de\/de\/#organization\"},\"image\":{\"@id\":\"https:\/\/now-news.de\/de\/deutschland\/das-phaenomen-ploetzlicher-und-unerwarteter-todesfaelle-herz-schmerz-und-dies-und-das\/#primaryimage\"},\"thumbnailUrl\":\"https:\/\/now-news.de\/de\/wp-content\/uploads\/sites\/3\/2023\/01\/Das-Phaenomen-quotploetzlicher-und-unerwarteterquot-Todesfaelle-Herz-Schmerz-und-dies.jpg\",\"keywords\":[\"das\",\"Dies\",\"herz\",\"Ph\u00e4nomen\",\"quotpl\u00f6tzlicher\",\"Schmerz\",\"Todesf\u00e4lle\",\"und\",\"unerwarteterquot\"],\"articleSection\":[\"Deutschland\",\"Russland\"],\"inLanguage\":\"de\",\"potentialAction\":[{\"@type\":\"CommentAction\",\"name\":\"Comment\",\"target\":[\"https:\/\/now-news.de\/de\/deutschland\/das-phaenomen-ploetzlicher-und-unerwarteter-todesfaelle-herz-schmerz-und-dies-und-das\/#respond\"]}]},{\"@type\":\"WebPage\",\"@id\":\"https:\/\/now-news.de\/de\/deutschland\/das-phaenomen-ploetzlicher-und-unerwarteter-todesfaelle-herz-schmerz-und-dies-und-das\/\",\"url\":\"https:\/\/now-news.de\/de\/deutschland\/das-phaenomen-ploetzlicher-und-unerwarteter-todesfaelle-herz-schmerz-und-dies-und-das\/\",\"name\":\"Das Ph\u00e4nomen &quot;pl\u00f6tzlicher und unerwarteter&quot; Todesf\u00e4lle: Herz, Schmerz und dies und das - just-now.NEWS Deutschland\",\"isPartOf\":{\"@id\":\"https:\/\/now-news.de\/de\/#website\"},\"primaryImageOfPage\":{\"@id\":\"https:\/\/now-news.de\/de\/deutschland\/das-phaenomen-ploetzlicher-und-unerwarteter-todesfaelle-herz-schmerz-und-dies-und-das\/#primaryimage\"},\"image\":{\"@id\":\"https:\/\/now-news.de\/de\/deutschland\/das-phaenomen-ploetzlicher-und-unerwarteter-todesfaelle-herz-schmerz-und-dies-und-das\/#primaryimage\"},\"thumbnailUrl\":\"https:\/\/now-news.de\/de\/wp-content\/uploads\/sites\/3\/2023\/01\/Das-Phaenomen-quotploetzlicher-und-unerwarteterquot-Todesfaelle-Herz-Schmerz-und-dies.jpg\",\"datePublished\":\"2023-01-05T17:13:20+00:00\",\"dateModified\":\"2023-01-05T17:13:20+00:00\",\"breadcrumb\":{\"@id\":\"https:\/\/now-news.de\/de\/deutschland\/das-phaenomen-ploetzlicher-und-unerwarteter-todesfaelle-herz-schmerz-und-dies-und-das\/#breadcrumb\"},\"inLanguage\":\"de\",\"potentialAction\":[{\"@type\":\"ReadAction\",\"target\":[\"https:\/\/now-news.de\/de\/deutschland\/das-phaenomen-ploetzlicher-und-unerwarteter-todesfaelle-herz-schmerz-und-dies-und-das\/\"]}]},{\"@type\":\"ImageObject\",\"inLanguage\":\"de\",\"@id\":\"https:\/\/now-news.de\/de\/deutschland\/das-phaenomen-ploetzlicher-und-unerwarteter-todesfaelle-herz-schmerz-und-dies-und-das\/#primaryimage\",\"url\":\"https:\/\/now-news.de\/de\/wp-content\/uploads\/sites\/3\/2023\/01\/Das-Phaenomen-quotploetzlicher-und-unerwarteterquot-Todesfaelle-Herz-Schmerz-und-dies.jpg\",\"contentUrl\":\"https:\/\/now-news.de\/de\/wp-content\/uploads\/sites\/3\/2023\/01\/Das-Phaenomen-quotploetzlicher-und-unerwarteterquot-Todesfaelle-Herz-Schmerz-und-dies.jpg\",\"width\":460,\"height\":259,\"caption\":\"Das Ph\u00e4nomen &quot;pl\u00f6tzlicher und unerwarteter&quot; Todesf\u00e4lle: Herz, Schmerz und dies und das\"},{\"@type\":\"BreadcrumbList\",\"@id\":\"https:\/\/now-news.de\/de\/deutschland\/das-phaenomen-ploetzlicher-und-unerwarteter-todesfaelle-herz-schmerz-und-dies-und-das\/#breadcrumb\",\"itemListElement\":[{\"@type\":\"ListItem\",\"position\":1,\"name\":\"Home\",\"item\":\"https:\/\/now-news.de\/de\/\"},{\"@type\":\"ListItem\",\"position\":2,\"name\":\"Das Ph\u00e4nomen &quot;pl\u00f6tzlicher und unerwarteter&quot; Todesf\u00e4lle: Herz, Schmerz und dies und das\"}]},{\"@type\":\"WebSite\",\"@id\":\"https:\/\/now-news.de\/de\/#website\",\"url\":\"https:\/\/now-news.de\/de\/\",\"name\":\"just-now.NEWS Deutschland\",\"description\":\"Das Portal f\u00fcr unzensierte Nachrichten aus der Welt\",\"publisher\":{\"@id\":\"https:\/\/now-news.de\/de\/#organization\"},\"potentialAction\":[{\"@type\":\"SearchAction\",\"target\":{\"@type\":\"EntryPoint\",\"urlTemplate\":\"https:\/\/now-news.de\/de\/?s={search_term_string}\"},\"query-input\":\"required name=search_term_string\"}],\"inLanguage\":\"de\"},{\"@type\":\"Organization\",\"@id\":\"https:\/\/now-news.de\/de\/#organization\",\"name\":\"Just Now News\",\"url\":\"https:\/\/now-news.de\/de\/\",\"logo\":{\"@type\":\"ImageObject\",\"inLanguage\":\"de\",\"@id\":\"https:\/\/now-news.de\/de\/#\/schema\/logo\/image\/\",\"url\":\"http:\/\/just-now.news\/de\/wp-content\/uploads\/sites\/3\/2022\/04\/logo500x500.jpg\",\"contentUrl\":\"http:\/\/just-now.news\/de\/wp-content\/uploads\/sites\/3\/2022\/04\/logo500x500.jpg\",\"width\":500,\"height\":500,\"caption\":\"Just Now News\"},\"image\":{\"@id\":\"https:\/\/now-news.de\/de\/#\/schema\/logo\/image\/\"},\"sameAs\":[\"https:\/\/www.facebook.com\/wirmachenauf\",\"https:\/\/x.com\/WirMachenAuf_de\"]},{\"@type\":\"Person\",\"@id\":\"https:\/\/now-news.de\/de\/#\/schema\/person\/fb534a4e865501d8b3285208df34a9b5\",\"name\":\"rtnews\",\"image\":{\"@type\":\"ImageObject\",\"inLanguage\":\"de\",\"@id\":\"https:\/\/now-news.de\/de\/#\/schema\/person\/image\/\",\"url\":\"https:\/\/secure.gravatar.com\/avatar\/82aafea7d8127119dd649515f56e2117?s=96&d=mm&r=g\",\"contentUrl\":\"https:\/\/secure.gravatar.com\/avatar\/82aafea7d8127119dd649515f56e2117?s=96&d=mm&r=g\",\"caption\":\"rtnews\"},\"url\":\"https:\/\/now-news.de\/de\/author\/rnews\/\"}]}<\/script>\n<!-- \/ Yoast SEO Premium plugin. -->","yoast_head_json":{"title":"Das Ph\u00e4nomen &quot;pl\u00f6tzlicher und unerwarteter&quot; Todesf\u00e4lle: Herz, Schmerz und dies und das - just-now.NEWS Deutschland","robots":{"index":"index","follow":"follow","max-snippet":"max-snippet:-1","max-image-preview":"max-image-preview:large","max-video-preview":"max-video-preview:-1"},"canonical":"https:\/\/now-news.de\/de\/deutschland\/das-phaenomen-ploetzlicher-und-unerwarteter-todesfaelle-herz-schmerz-und-dies-und-das\/","og_locale":"de_DE","og_type":"article","og_title":"Das Ph\u00e4nomen &quot;pl\u00f6tzlicher und unerwarteter&quot; Todesf\u00e4lle: Herz, Schmerz und dies und das","og_description":"Eine aktuelle US-Studie besagt, dass einer von vier Teilnehmern &#8220;glaubt, dass jemand, den er\/sie kennt, an COVID-19-Impfstoffen gestorben ist.&#8221; Die ber\u00fcchtigte Kosten-Nutzen-Rechnung einer COVID-Impfung sollte bei der Vergangenheit des Pharmagiganten Pfizer und einer m\u00f6glichen Pandemie-Aufarbeitung erneut betrachtet werden. Von Bernhard Loyen Gemeinsame Auftritte der Pandemie-Profiteure Albert Bourla und\u00a0U\u011fur \u015eahin waren in den letzten drei Jahren [&hellip;]","og_url":"https:\/\/now-news.de\/de\/deutschland\/das-phaenomen-ploetzlicher-und-unerwarteter-todesfaelle-herz-schmerz-und-dies-und-das\/","og_site_name":"just-now.NEWS Deutschland","article_publisher":"https:\/\/www.facebook.com\/wirmachenauf","article_published_time":"2023-01-05T17:13:20+00:00","og_image":[{"width":460,"height":259,"url":"https:\/\/now-news.de\/de\/wp-content\/uploads\/sites\/3\/2023\/01\/Das-Phaenomen-quotploetzlicher-und-unerwarteterquot-Todesfaelle-Herz-Schmerz-und-dies.jpg","type":"image\/jpeg"}],"author":"rtnews","twitter_card":"summary_large_image","twitter_creator":"@WirMachenAuf_de","twitter_site":"@WirMachenAuf_de","twitter_misc":{"Verfasst von":"rtnews","Gesch\u00e4tzte Lesezeit":"9\u00a0Minuten"},"schema":{"@context":"https:\/\/schema.org","@graph":[{"@type":"Article","@id":"https:\/\/now-news.de\/de\/deutschland\/das-phaenomen-ploetzlicher-und-unerwarteter-todesfaelle-herz-schmerz-und-dies-und-das\/#article","isPartOf":{"@id":"https:\/\/now-news.de\/de\/deutschland\/das-phaenomen-ploetzlicher-und-unerwarteter-todesfaelle-herz-schmerz-und-dies-und-das\/"},"author":{"name":"rtnews","@id":"https:\/\/now-news.de\/de\/#\/schema\/person\/fb534a4e865501d8b3285208df34a9b5"},"headline":"Das Ph\u00e4nomen &quot;pl\u00f6tzlicher und unerwarteter&quot; Todesf\u00e4lle: Herz, Schmerz und dies und das","datePublished":"2023-01-05T17:13:20+00:00","dateModified":"2023-01-05T17:13:20+00:00","mainEntityOfPage":{"@id":"https:\/\/now-news.de\/de\/deutschland\/das-phaenomen-ploetzlicher-und-unerwarteter-todesfaelle-herz-schmerz-und-dies-und-das\/"},"wordCount":1755,"commentCount":0,"publisher":{"@id":"https:\/\/now-news.de\/de\/#organization"},"image":{"@id":"https:\/\/now-news.de\/de\/deutschland\/das-phaenomen-ploetzlicher-und-unerwarteter-todesfaelle-herz-schmerz-und-dies-und-das\/#primaryimage"},"thumbnailUrl":"https:\/\/now-news.de\/de\/wp-content\/uploads\/sites\/3\/2023\/01\/Das-Phaenomen-quotploetzlicher-und-unerwarteterquot-Todesfaelle-Herz-Schmerz-und-dies.jpg","keywords":["das","Dies","herz","Ph\u00e4nomen","quotpl\u00f6tzlicher","Schmerz","Todesf\u00e4lle","und","unerwarteterquot"],"articleSection":["Deutschland","Russland"],"inLanguage":"de","potentialAction":[{"@type":"CommentAction","name":"Comment","target":["https:\/\/now-news.de\/de\/deutschland\/das-phaenomen-ploetzlicher-und-unerwarteter-todesfaelle-herz-schmerz-und-dies-und-das\/#respond"]}]},{"@type":"WebPage","@id":"https:\/\/now-news.de\/de\/deutschland\/das-phaenomen-ploetzlicher-und-unerwarteter-todesfaelle-herz-schmerz-und-dies-und-das\/","url":"https:\/\/now-news.de\/de\/deutschland\/das-phaenomen-ploetzlicher-und-unerwarteter-todesfaelle-herz-schmerz-und-dies-und-das\/","name":"Das Ph\u00e4nomen &quot;pl\u00f6tzlicher und unerwarteter&quot; Todesf\u00e4lle: Herz, Schmerz und dies und das - just-now.NEWS Deutschland","isPartOf":{"@id":"https:\/\/now-news.de\/de\/#website"},"primaryImageOfPage":{"@id":"https:\/\/now-news.de\/de\/deutschland\/das-phaenomen-ploetzlicher-und-unerwarteter-todesfaelle-herz-schmerz-und-dies-und-das\/#primaryimage"},"image":{"@id":"https:\/\/now-news.de\/de\/deutschland\/das-phaenomen-ploetzlicher-und-unerwarteter-todesfaelle-herz-schmerz-und-dies-und-das\/#primaryimage"},"thumbnailUrl":"https:\/\/now-news.de\/de\/wp-content\/uploads\/sites\/3\/2023\/01\/Das-Phaenomen-quotploetzlicher-und-unerwarteterquot-Todesfaelle-Herz-Schmerz-und-dies.jpg","datePublished":"2023-01-05T17:13:20+00:00","dateModified":"2023-01-05T17:13:20+00:00","breadcrumb":{"@id":"https:\/\/now-news.de\/de\/deutschland\/das-phaenomen-ploetzlicher-und-unerwarteter-todesfaelle-herz-schmerz-und-dies-und-das\/#breadcrumb"},"inLanguage":"de","potentialAction":[{"@type":"ReadAction","target":["https:\/\/now-news.de\/de\/deutschland\/das-phaenomen-ploetzlicher-und-unerwarteter-todesfaelle-herz-schmerz-und-dies-und-das\/"]}]},{"@type":"ImageObject","inLanguage":"de","@id":"https:\/\/now-news.de\/de\/deutschland\/das-phaenomen-ploetzlicher-und-unerwarteter-todesfaelle-herz-schmerz-und-dies-und-das\/#primaryimage","url":"https:\/\/now-news.de\/de\/wp-content\/uploads\/sites\/3\/2023\/01\/Das-Phaenomen-quotploetzlicher-und-unerwarteterquot-Todesfaelle-Herz-Schmerz-und-dies.jpg","contentUrl":"https:\/\/now-news.de\/de\/wp-content\/uploads\/sites\/3\/2023\/01\/Das-Phaenomen-quotploetzlicher-und-unerwarteterquot-Todesfaelle-Herz-Schmerz-und-dies.jpg","width":460,"height":259,"caption":"Das Ph\u00e4nomen &quot;pl\u00f6tzlicher und unerwarteter&quot; Todesf\u00e4lle: Herz, Schmerz und dies und das"},{"@type":"BreadcrumbList","@id":"https:\/\/now-news.de\/de\/deutschland\/das-phaenomen-ploetzlicher-und-unerwarteter-todesfaelle-herz-schmerz-und-dies-und-das\/#breadcrumb","itemListElement":[{"@type":"ListItem","position":1,"name":"Home","item":"https:\/\/now-news.de\/de\/"},{"@type":"ListItem","position":2,"name":"Das Ph\u00e4nomen &quot;pl\u00f6tzlicher und unerwarteter&quot; Todesf\u00e4lle: Herz, Schmerz und dies und das"}]},{"@type":"WebSite","@id":"https:\/\/now-news.de\/de\/#website","url":"https:\/\/now-news.de\/de\/","name":"just-now.NEWS Deutschland","description":"Das Portal f\u00fcr unzensierte Nachrichten aus der Welt","publisher":{"@id":"https:\/\/now-news.de\/de\/#organization"},"potentialAction":[{"@type":"SearchAction","target":{"@type":"EntryPoint","urlTemplate":"https:\/\/now-news.de\/de\/?s={search_term_string}"},"query-input":"required name=search_term_string"}],"inLanguage":"de"},{"@type":"Organization","@id":"https:\/\/now-news.de\/de\/#organization","name":"Just Now News","url":"https:\/\/now-news.de\/de\/","logo":{"@type":"ImageObject","inLanguage":"de","@id":"https:\/\/now-news.de\/de\/#\/schema\/logo\/image\/","url":"http:\/\/just-now.news\/de\/wp-content\/uploads\/sites\/3\/2022\/04\/logo500x500.jpg","contentUrl":"http:\/\/just-now.news\/de\/wp-content\/uploads\/sites\/3\/2022\/04\/logo500x500.jpg","width":500,"height":500,"caption":"Just Now News"},"image":{"@id":"https:\/\/now-news.de\/de\/#\/schema\/logo\/image\/"},"sameAs":["https:\/\/www.facebook.com\/wirmachenauf","https:\/\/x.com\/WirMachenAuf_de"]},{"@type":"Person","@id":"https:\/\/now-news.de\/de\/#\/schema\/person\/fb534a4e865501d8b3285208df34a9b5","name":"rtnews","image":{"@type":"ImageObject","inLanguage":"de","@id":"https:\/\/now-news.de\/de\/#\/schema\/person\/image\/","url":"https:\/\/secure.gravatar.com\/avatar\/82aafea7d8127119dd649515f56e2117?s=96&d=mm&r=g","contentUrl":"https:\/\/secure.gravatar.com\/avatar\/82aafea7d8127119dd649515f56e2117?s=96&d=mm&r=g","caption":"rtnews"},"url":"https:\/\/now-news.de\/de\/author\/rnews\/"}]}},"_links":{"self":[{"href":"https:\/\/now-news.de\/de\/wp-json\/wp\/v2\/posts\/27009"}],"collection":[{"href":"https:\/\/now-news.de\/de\/wp-json\/wp\/v2\/posts"}],"about":[{"href":"https:\/\/now-news.de\/de\/wp-json\/wp\/v2\/types\/post"}],"author":[{"embeddable":true,"href":"https:\/\/now-news.de\/de\/wp-json\/wp\/v2\/users\/3"}],"replies":[{"embeddable":true,"href":"https:\/\/now-news.de\/de\/wp-json\/wp\/v2\/comments?post=27009"}],"version-history":[{"count":0,"href":"https:\/\/now-news.de\/de\/wp-json\/wp\/v2\/posts\/27009\/revisions"}],"wp:featuredmedia":[{"embeddable":true,"href":"https:\/\/now-news.de\/de\/wp-json\/wp\/v2\/media\/27010"}],"wp:attachment":[{"href":"https:\/\/now-news.de\/de\/wp-json\/wp\/v2\/media?parent=27009"}],"wp:term":[{"taxonomy":"category","embeddable":true,"href":"https:\/\/now-news.de\/de\/wp-json\/wp\/v2\/categories?post=27009"},{"taxonomy":"post_tag","embeddable":true,"href":"https:\/\/now-news.de\/de\/wp-json\/wp\/v2\/tags?post=27009"}],"curies":[{"name":"wp","href":"https:\/\/api.w.org\/{rel}","templated":true}]}}